{"id":950614,"date":"2017-08-23T04:13:19","date_gmt":"2017-08-23T04:13:19","guid":{"rendered":"http:\/\/www.eldigitaldeasturias.com\/noticias\/?p=950614"},"modified":"2017-08-23T04:13:19","modified_gmt":"2017-08-23T04:13:19","slug":"crecen-las-exportaciones-en-aragon-durante-el-2017","status":"publish","type":"post","link":"https:\/\/www.eldigitaldeasturias.com\/noticias\/crecen-las-exportaciones-en-aragon-durante-el-2017\/","title":{"rendered":"Crecen las exportaciones en Arag\u00f3n durante el 2017"},"content":{"rendered":"<p><img loading=\"lazy\" decoding=\"async\" class=\"alignleft size-medium wp-image-950615\" src=\"https:\/\/www.eldigitaldeasturias.com\/noticias\/wp-content\/uploads\/2017\/08\/DSCN0779-360x159.jpg\" alt=\"\" width=\"360\" height=\"159\" \/>De acuerdo con los datos hechos p\u00fablicos hoy por el Ministerio de Econom\u00eda, Industria y Competitividad, las exportaciones aragonesas registraron un crecimiento interanual del 11,5% en el mes de junio de 2017, lo que supone un valor de 1.082,3 millones de euros, frente al incremento del 5,7% de media en el conjunto de Espa\u00f1a.<\/p>\n<p>En el acumulado de los seis primeros meses del a\u00f1o, las ventas exteriores de la Comunidad Aut\u00f3noma alcanzan los 5.984,3 millones de euros, un 7,7% m\u00e1s que el mismo per\u00edodo de 2016, mientras que en el agregado nacional el aumento agregado entre los meses de enero y junio de 2017 es del 10,0%.<\/p>\n<p>Respecto a las compras al extranjero, el total de importaciones aragonesas en el mes de junio descendieron un 3,9% interanual, hasta alcanzar los 847,6 millones de euros, frente al aumento del 5,0% en el conjunto del pa\u00eds.<\/p>\n<p>De esta forma, durante los seis primeros meses del a\u00f1o, las importaciones de la Comunidad Aut\u00f3noma alcanzan los 5.429,4 millones de euros, un 1,2% m\u00e1s que el mismo per\u00edodo de 2016, dato inferior al acumulado registrado por el conjunto de Espa\u00f1a donde el aumento fue del 11,8%,<\/p>\n<p>El desglose de las cifras de comercio exterior entre los principales sectores muestra como las actividades m\u00e1s importantes en volumen de ventas exteriores de la Comunidad Aut\u00f3noma durante el mes de junio de 2017 fueron las relacionadas con el sector del autom\u00f3vil (con un valor de las exportaciones de 395,8 millones de euros que suponen el 36,6% del total), seguidas de las de los bienes de equipo (con un valor de las exportaciones de 176,9 millones de euros que representan el 16,3% del total), y de las manufacturas de consumo (con un valor de las exportaciones de 147,5 millones de euros que aportan el 13,6% del total).<\/p>\n<p>Respecto a las importaciones aragonesas durante el mismo periodo, son las mismas ramas productivas las que arrojan las mayores cifras aunque en orden distinto: en primer lugar las relacionadas con los bienes de equipo (con un valor de las importaciones de 239,2 millones de euros que suponen el 28,2% del total), seguidas de las de las manufacturas de consumo (con un valor de las importaciones de 189,6 millones de euros equivalentes al 22,4% del total), y de las del sector del autom\u00f3vil (con un valor de las importaciones de 163,7 millones de euros que suponen el 19,3% del total).<\/p>\n<p>Como resultado de la evoluci\u00f3n de los flujos comerciales regionales en lo que va de ejercicio, Arag\u00f3n anota un super\u00e1vit comercial de 554,9 millones de euros, un 190,0% m\u00e1s que el registro acumulado entre los meses de enero y junio de 2016. De esta forma, la Comunidad Aut\u00f3noma contribuye al descenso del d\u00e9ficit comercial espa\u00f1ol, que se sit\u00faa en 11.088,4 millones de euros en el acumulado de los seis primeros meses del a\u00f1o (un 40,7% inferior al del mismo periodo de 2016).<\/p>\n<p>Por \u00faltimo, la tasa de cobertura de la Comunidad Aut\u00f3noma en el acumulado hasta junio de 2017 se sit\u00faa en el 110,2%, casi dieciocho puntos porcentuales por encima de la media espa\u00f1ola (92,7%).<\/p>\n<p>&nbsp;<\/p>\n<p>&nbsp;<\/p>\n","protected":false},"excerpt":{"rendered":"<p>De acuerdo con los datos hechos p\u00fablicos hoy por el Ministerio de Econom\u00eda, Industria y Competitividad, las exportaciones aragonesas registraron un crecimiento interanual del 11,5% en el mes de junio de 2017, lo que supone un valor de 1.082,3 millones de euros, frente al incremento del 5,7% de media en el conjunto de Espa\u00f1a. En [&hellip;]<\/p>\n","protected":false},"author":1,"featured_media":950615,"comment_status":"closed","ping_status":"closed","sticky":false,"template":"","format":"standard","meta":{"footnotes":""},"categories":[1],"tags":[],"class_list":["post-950614","post","type-post","status-publish","format-standard","has-post-thumbnail","hentry","category-actualidad"],"aioseo_notices":[],"aioseo_head":"\n\t\t<!-- All in One SEO Pro 5.0.1 - aioseo.com -->\n\t<meta name=\"description\" content=\"De acuerdo con los datos hechos p\u00fablicos hoy por el Ministerio de Econom\u00eda, Industria y Competitividad, las exportaciones aragonesas registraron un crecimiento interanual del 11,5% en el mes de junio de 2017, lo que supone un valor de 1.082,3 millones de euros, frente al incremento del 5,7% de media en el conjunto de Espa\u00f1a. En\" \/>\n\t<meta name=\"robots\" content=\"max-image-preview:large\" \/>\n\t<meta name=\"author\" content=\"El Digital de Asturias\"\/>\n\t<meta name=\"google-site-verification\" content=\"UA-38556648-1\" \/>\n\t<meta name=\"msvalidate.01\" content=\"7dfe9f3f1b24437ab69f4f2559babe99\" \/>\n\t<meta name=\"keywords\" content=\"actualidad\" \/>\n\t<link rel=\"canonical\" href=\"https:\/\/www.eldigitaldeasturias.com\/noticias\/crecen-las-exportaciones-en-aragon-durante-el-2017\/\" \/>\n\t<meta name=\"generator\" content=\"All in One SEO Pro (AIOSEO) 5.0.1\" \/>\n\t\t<meta property=\"og:locale\" content=\"es_ES\" \/>\n\t\t<meta property=\"og:site_name\" content=\"El Digital de Asturias\" \/>\n\t\t<meta property=\"og:type\" content=\"article\" \/>\n\t\t<meta property=\"og:title\" content=\"Crecen las exportaciones en Arag\u00f3n durante el 2017 - El Digital de Asturias\" \/>\n\t\t<meta property=\"og:description\" content=\"De acuerdo con los datos hechos p\u00fablicos hoy por el Ministerio de Econom\u00eda, Industria y Competitividad, las exportaciones aragonesas registraron un crecimiento interanual del 11,5% en el mes de junio de 2017, lo que supone un valor de 1.082,3 millones de euros, frente al incremento del 5,7% de media en el conjunto de Espa\u00f1a. En\" \/>\n\t\t<meta property=\"og:url\" content=\"https:\/\/www.eldigitaldeasturias.com\/noticias\/crecen-las-exportaciones-en-aragon-durante-el-2017\/\" \/>\n\t\t<meta property=\"article:tag\" content=\"actualidad\" \/>\n\t\t<meta property=\"article:published_time\" content=\"2017-08-23T04:13:19+00:00\" \/>\n\t\t<meta property=\"article:modified_time\" content=\"2017-08-23T04:13:19+00:00\" \/>\n\t\t<meta property=\"article:publisher\" content=\"https:\/\/facebook.com\/eldigitaldeasturias\" \/>\n\t\t<meta name=\"twitter:card\" content=\"summary_large_image\" \/>\n\t\t<meta name=\"twitter:title\" content=\"Crecen las exportaciones en Arag\u00f3n durante el 2017 - El Digital de Asturias\" \/>\n\t\t<meta name=\"twitter:description\" content=\"De acuerdo con los datos hechos p\u00fablicos hoy por el Ministerio de Econom\u00eda, Industria y Competitividad, las exportaciones aragonesas registraron un crecimiento interanual del 11,5% en el mes de junio de 2017, lo que supone un valor de 1.082,3 millones de euros, frente al incremento del 5,7% de media en el conjunto de Espa\u00f1a. En\" \/>\n\t\t<meta name=\"twitter:image\" content=\"https:\/\/www.eldigitaldeasturias.com\/noticias\/wp-content\/uploads\/2020\/12\/EDA-1.jpg\" \/>\n\t\t<meta name=\"twitter:label1\" content=\"Escrito por\" \/>\n\t\t<meta name=\"twitter:data1\" content=\"El Digital de Asturias\" \/>\n\t\t<meta name=\"twitter:label2\" content=\"Tiempo de lectura estimado\" \/>\n\t\t<meta name=\"twitter:data2\" content=\"3 minutos\" \/>\n\t\t<script type=\"application\/ld+json\" class=\"aioseo-schema\">\n\t\t\t{\"@context\":\"https:\\\/\\\/schema.org\",\"@graph\":[{\"@type\":\"BlogPosting\",\"@id\":\"https:\\\/\\\/www.eldigitaldeasturias.com\\\/noticias\\\/crecen-las-exportaciones-en-aragon-durante-el-2017\\\/#blogposting\",\"name\":\"Crecen las exportaciones en Arag\\u00f3n durante el 2017 - El Digital de Asturias\",\"headline\":\"Crecen las exportaciones en Arag\\u00f3n durante el 2017\",\"author\":{\"@id\":\"https:\\\/\\\/www.eldigitaldeasturias.com\\\/noticias\\\/author\\\/admin\\\/#author\"},\"publisher\":{\"@id\":\"https:\\\/\\\/www.eldigitaldeasturias.com\\\/noticias\\\/#organization\"},\"image\":{\"@type\":\"ImageObject\",\"url\":950615},\"datePublished\":\"2017-08-23T04:13:19+02:00\",\"dateModified\":\"2017-08-23T04:13:19+02:00\",\"inLanguage\":\"es-ES\",\"mainEntityOfPage\":{\"@id\":\"https:\\\/\\\/www.eldigitaldeasturias.com\\\/noticias\\\/crecen-las-exportaciones-en-aragon-durante-el-2017\\\/#webpage\"},\"isPartOf\":{\"@id\":\"https:\\\/\\\/www.eldigitaldeasturias.com\\\/noticias\\\/crecen-las-exportaciones-en-aragon-durante-el-2017\\\/#webpage\"},\"articleSection\":\"Actualidad\"},{\"@type\":\"BreadcrumbList\",\"@id\":\"https:\\\/\\\/www.eldigitaldeasturias.com\\\/noticias\\\/crecen-las-exportaciones-en-aragon-durante-el-2017\\\/#breadcrumblist\",\"itemListElement\":[{\"@type\":\"ListItem\",\"@id\":\"https:\\\/\\\/www.eldigitaldeasturias.com\\\/noticias#listItem\",\"position\":1,\"name\":\"Home\",\"item\":\"https:\\\/\\\/www.eldigitaldeasturias.com\\\/noticias\",\"nextItem\":{\"@type\":\"ListItem\",\"@id\":\"https:\\\/\\\/www.eldigitaldeasturias.com\\\/noticias\\\/category\\\/actualidad\\\/#listItem\",\"name\":\"Actualidad\"}},{\"@type\":\"ListItem\",\"@id\":\"https:\\\/\\\/www.eldigitaldeasturias.com\\\/noticias\\\/category\\\/actualidad\\\/#listItem\",\"position\":2,\"name\":\"Actualidad\",\"item\":\"https:\\\/\\\/www.eldigitaldeasturias.com\\\/noticias\\\/category\\\/actualidad\\\/\",\"nextItem\":{\"@type\":\"ListItem\",\"@id\":\"https:\\\/\\\/www.eldigitaldeasturias.com\\\/noticias\\\/crecen-las-exportaciones-en-aragon-durante-el-2017\\\/#listItem\",\"name\":\"Crecen las exportaciones en Arag\\u00f3n durante el 2017\"},\"previousItem\":{\"@type\":\"ListItem\",\"@id\":\"https:\\\/\\\/www.eldigitaldeasturias.com\\\/noticias#listItem\",\"name\":\"Home\"}},{\"@type\":\"ListItem\",\"@id\":\"https:\\\/\\\/www.eldigitaldeasturias.com\\\/noticias\\\/crecen-las-exportaciones-en-aragon-durante-el-2017\\\/#listItem\",\"position\":3,\"name\":\"Crecen las exportaciones en Arag\\u00f3n durante el 2017\",\"previousItem\":{\"@type\":\"ListItem\",\"@id\":\"https:\\\/\\\/www.eldigitaldeasturias.com\\\/noticias\\\/category\\\/actualidad\\\/#listItem\",\"name\":\"Actualidad\"}}]},{\"@type\":\"Organization\",\"@id\":\"https:\\\/\\\/www.eldigitaldeasturias.com\\\/noticias\\\/#organization\",\"name\":\"El Digital de Asturias\",\"description\":\"Hemeroteca\",\"url\":\"https:\\\/\\\/www.eldigitaldeasturias.com\\\/noticias\\\/\",\"email\":\"info@eldigitaldeasturias.com\",\"telephone\":\"+34652131393\",\"logo\":{\"@type\":\"ImageObject\",\"url\":\"https:\\\/\\\/www.eldigitaldeasturias.com\\\/noticias\\\/wp-content\\\/uploads\\\/2020\\\/12\\\/EDA.jpg\",\"@id\":\"https:\\\/\\\/www.eldigitaldeasturias.com\\\/noticias\\\/crecen-las-exportaciones-en-aragon-durante-el-2017\\\/#organizationLogo\"},\"image\":{\"@id\":\"https:\\\/\\\/www.eldigitaldeasturias.com\\\/noticias\\\/crecen-las-exportaciones-en-aragon-durante-el-2017\\\/#organizationLogo\"},\"sameAs\":[\"https:\\\/\\\/facebook.com\\\/eldigitaldeasturias\",\"https:\\\/\\\/www.youtube.com\\\/channel\\\/UCZP-2wLEB9Rv6erhFmqVnvg\"],\"address\":{\"@id\":\"https:\\\/\\\/www.eldigitaldeasturias.com\\\/noticias\\\/#postaladdress\",\"@type\":\"PostalAddress\",\"streetAddress\":\"san antonio 4\",\"postalCode\":\"33430\",\"addressLocality\":\"Cand\\u00e1s\",\"addressRegion\":\"Asturias\",\"addressCountry\":\"ES\"}},{\"@type\":\"Person\",\"@id\":\"https:\\\/\\\/www.eldigitaldeasturias.com\\\/noticias\\\/author\\\/admin\\\/#author\",\"url\":\"https:\\\/\\\/www.eldigitaldeasturias.com\\\/noticias\\\/author\\\/admin\\\/\",\"name\":\"El Digital de Asturias\",\"image\":{\"@type\":\"ImageObject\",\"@id\":\"https:\\\/\\\/www.eldigitaldeasturias.com\\\/noticias\\\/crecen-las-exportaciones-en-aragon-durante-el-2017\\\/#authorImage\",\"url\":\"https:\\\/\\\/secure.gravatar.com\\\/avatar\\\/df2aeffc32bcd13f8d26072ef8a91b623d677766deac7f97ca815868cd41bf5e?s=96&d=mm&r=g\",\"width\":96,\"height\":96,\"caption\":\"El Digital de Asturias\"}},{\"@type\":\"WebPage\",\"@id\":\"https:\\\/\\\/www.eldigitaldeasturias.com\\\/noticias\\\/crecen-las-exportaciones-en-aragon-durante-el-2017\\\/#webpage\",\"url\":\"https:\\\/\\\/www.eldigitaldeasturias.com\\\/noticias\\\/crecen-las-exportaciones-en-aragon-durante-el-2017\\\/\",\"name\":\"Crecen las exportaciones en Arag\\u00f3n durante el 2017 - El Digital de Asturias\",\"description\":\"De acuerdo con los datos hechos p\\u00fablicos hoy por el Ministerio de Econom\\u00eda, Industria y Competitividad, las exportaciones aragonesas registraron un crecimiento interanual del 11,5% en el mes de junio de 2017, lo que supone un valor de 1.082,3 millones de euros, frente al incremento del 5,7% de media en el conjunto de Espa\\u00f1a. En\",\"inLanguage\":\"es-ES\",\"isPartOf\":{\"@id\":\"https:\\\/\\\/www.eldigitaldeasturias.com\\\/noticias\\\/#website\"},\"breadcrumb\":{\"@id\":\"https:\\\/\\\/www.eldigitaldeasturias.com\\\/noticias\\\/crecen-las-exportaciones-en-aragon-durante-el-2017\\\/#breadcrumblist\"},\"author\":{\"@id\":\"https:\\\/\\\/www.eldigitaldeasturias.com\\\/noticias\\\/author\\\/admin\\\/#author\"},\"creator\":{\"@id\":\"https:\\\/\\\/www.eldigitaldeasturias.com\\\/noticias\\\/author\\\/admin\\\/#author\"},\"image\":{\"@type\":\"ImageObject\",\"url\":950615,\"@id\":\"https:\\\/\\\/www.eldigitaldeasturias.com\\\/noticias\\\/crecen-las-exportaciones-en-aragon-durante-el-2017\\\/#mainImage\"},\"primaryImageOfPage\":{\"@id\":\"https:\\\/\\\/www.eldigitaldeasturias.com\\\/noticias\\\/crecen-las-exportaciones-en-aragon-durante-el-2017\\\/#mainImage\"},\"datePublished\":\"2017-08-23T04:13:19+02:00\",\"dateModified\":\"2017-08-23T04:13:19+02:00\"},{\"@type\":\"WebSite\",\"@id\":\"https:\\\/\\\/www.eldigitaldeasturias.com\\\/noticias\\\/#website\",\"url\":\"https:\\\/\\\/www.eldigitaldeasturias.com\\\/noticias\\\/\",\"name\":\"El Digital de Asturias - Diario de actualidad y noticias\",\"alternateName\":\"El Digital de Asturias - Diario de actualidad y noticias\",\"description\":\"Hemeroteca\",\"inLanguage\":\"es-ES\",\"publisher\":{\"@id\":\"https:\\\/\\\/www.eldigitaldeasturias.com\\\/noticias\\\/#organization\"}}]}\n\t\t<\/script>\n\t\t<!-- All in One SEO Pro -->\r\n\t\t<title>Crecen las exportaciones en Arag\u00f3n durante el 2017 - El Digital de Asturias<\/title>\n\n","aioseo_head_json":{"title":"Crecen las exportaciones en Arag\u00f3n durante el 2017 - El Digital de Asturias","description":"De acuerdo con los datos hechos p\u00fablicos hoy por el Ministerio de Econom\u00eda, Industria y Competitividad, las exportaciones aragonesas registraron un crecimiento interanual del 11,5% en el mes de junio de 2017, lo que supone un valor de 1.082,3 millones de euros, frente al incremento del 5,7% de media en el conjunto de Espa\u00f1a. En","canonical_url":"https:\/\/www.eldigitaldeasturias.com\/noticias\/crecen-las-exportaciones-en-aragon-durante-el-2017\/","robots":"max-image-preview:large","keywords":"actualidad","webmasterTools":{"google-site-verification":"UA-38556648-1","msvalidate.01":"7dfe9f3f1b24437ab69f4f2559babe99","miscellaneous":""},"schema":{"@context":"https:\/\/schema.org","@graph":[{"@type":"BlogPosting","@id":"https:\/\/www.eldigitaldeasturias.com\/noticias\/crecen-las-exportaciones-en-aragon-durante-el-2017\/#blogposting","name":"Crecen las exportaciones en Arag\u00f3n durante el 2017 - El Digital de Asturias","headline":"Crecen las exportaciones en Arag\u00f3n durante el 2017","author":{"@id":"https:\/\/www.eldigitaldeasturias.com\/noticias\/author\/admin\/#author"},"publisher":{"@id":"https:\/\/www.eldigitaldeasturias.com\/noticias\/#organization"},"image":{"@type":"ImageObject","url":950615},"datePublished":"2017-08-23T04:13:19+02:00","dateModified":"2017-08-23T04:13:19+02:00","inLanguage":"es-ES","mainEntityOfPage":{"@id":"https:\/\/www.eldigitaldeasturias.com\/noticias\/crecen-las-exportaciones-en-aragon-durante-el-2017\/#webpage"},"isPartOf":{"@id":"https:\/\/www.eldigitaldeasturias.com\/noticias\/crecen-las-exportaciones-en-aragon-durante-el-2017\/#webpage"},"articleSection":"Actualidad"},{"@type":"BreadcrumbList","@id":"https:\/\/www.eldigitaldeasturias.com\/noticias\/crecen-las-exportaciones-en-aragon-durante-el-2017\/#breadcrumblist","itemListElement":[{"@type":"ListItem","@id":"https:\/\/www.eldigitaldeasturias.com\/noticias#listItem","position":1,"name":"Home","item":"https:\/\/www.eldigitaldeasturias.com\/noticias","nextItem":{"@type":"ListItem","@id":"https:\/\/www.eldigitaldeasturias.com\/noticias\/category\/actualidad\/#listItem","name":"Actualidad"}},{"@type":"ListItem","@id":"https:\/\/www.eldigitaldeasturias.com\/noticias\/category\/actualidad\/#listItem","position":2,"name":"Actualidad","item":"https:\/\/www.eldigitaldeasturias.com\/noticias\/category\/actualidad\/","nextItem":{"@type":"ListItem","@id":"https:\/\/www.eldigitaldeasturias.com\/noticias\/crecen-las-exportaciones-en-aragon-durante-el-2017\/#listItem","name":"Crecen las exportaciones en Arag\u00f3n durante el 2017"},"previousItem":{"@type":"ListItem","@id":"https:\/\/www.eldigitaldeasturias.com\/noticias#listItem","name":"Home"}},{"@type":"ListItem","@id":"https:\/\/www.eldigitaldeasturias.com\/noticias\/crecen-las-exportaciones-en-aragon-durante-el-2017\/#listItem","position":3,"name":"Crecen las exportaciones en Arag\u00f3n durante el 2017","previousItem":{"@type":"ListItem","@id":"https:\/\/www.eldigitaldeasturias.com\/noticias\/category\/actualidad\/#listItem","name":"Actualidad"}}]},{"@type":"Organization","@id":"https:\/\/www.eldigitaldeasturias.com\/noticias\/#organization","name":"El Digital de Asturias","description":"Hemeroteca","url":"https:\/\/www.eldigitaldeasturias.com\/noticias\/","email":"info@eldigitaldeasturias.com","telephone":"+34652131393","logo":{"@type":"ImageObject","url":"https:\/\/www.eldigitaldeasturias.com\/noticias\/wp-content\/uploads\/2020\/12\/EDA.jpg","@id":"https:\/\/www.eldigitaldeasturias.com\/noticias\/crecen-las-exportaciones-en-aragon-durante-el-2017\/#organizationLogo"},"image":{"@id":"https:\/\/www.eldigitaldeasturias.com\/noticias\/crecen-las-exportaciones-en-aragon-durante-el-2017\/#organizationLogo"},"sameAs":["https:\/\/facebook.com\/eldigitaldeasturias","https:\/\/www.youtube.com\/channel\/UCZP-2wLEB9Rv6erhFmqVnvg"],"address":{"@id":"https:\/\/www.eldigitaldeasturias.com\/noticias\/#postaladdress","@type":"PostalAddress","streetAddress":"san antonio 4","postalCode":"33430","addressLocality":"Cand\u00e1s","addressRegion":"Asturias","addressCountry":"ES"}},{"@type":"Person","@id":"https:\/\/www.eldigitaldeasturias.com\/noticias\/author\/admin\/#author","url":"https:\/\/www.eldigitaldeasturias.com\/noticias\/author\/admin\/","name":"El Digital de Asturias","image":{"@type":"ImageObject","@id":"https:\/\/www.eldigitaldeasturias.com\/noticias\/crecen-las-exportaciones-en-aragon-durante-el-2017\/#authorImage","url":"https:\/\/secure.gravatar.com\/avatar\/df2aeffc32bcd13f8d26072ef8a91b623d677766deac7f97ca815868cd41bf5e?s=96&d=mm&r=g","width":96,"height":96,"caption":"El Digital de Asturias"}},{"@type":"WebPage","@id":"https:\/\/www.eldigitaldeasturias.com\/noticias\/crecen-las-exportaciones-en-aragon-durante-el-2017\/#webpage","url":"https:\/\/www.eldigitaldeasturias.com\/noticias\/crecen-las-exportaciones-en-aragon-durante-el-2017\/","name":"Crecen las exportaciones en Arag\u00f3n durante el 2017 - El Digital de Asturias","description":"De acuerdo con los datos hechos p\u00fablicos hoy por el Ministerio de Econom\u00eda, Industria y Competitividad, las exportaciones aragonesas registraron un crecimiento interanual del 11,5% en el mes de junio de 2017, lo que supone un valor de 1.082,3 millones de euros, frente al incremento del 5,7% de media en el conjunto de Espa\u00f1a. En","inLanguage":"es-ES","isPartOf":{"@id":"https:\/\/www.eldigitaldeasturias.com\/noticias\/#website"},"breadcrumb":{"@id":"https:\/\/www.eldigitaldeasturias.com\/noticias\/crecen-las-exportaciones-en-aragon-durante-el-2017\/#breadcrumblist"},"author":{"@id":"https:\/\/www.eldigitaldeasturias.com\/noticias\/author\/admin\/#author"},"creator":{"@id":"https:\/\/www.eldigitaldeasturias.com\/noticias\/author\/admin\/#author"},"image":{"@type":"ImageObject","url":950615,"@id":"https:\/\/www.eldigitaldeasturias.com\/noticias\/crecen-las-exportaciones-en-aragon-durante-el-2017\/#mainImage"},"primaryImageOfPage":{"@id":"https:\/\/www.eldigitaldeasturias.com\/noticias\/crecen-las-exportaciones-en-aragon-durante-el-2017\/#mainImage"},"datePublished":"2017-08-23T04:13:19+02:00","dateModified":"2017-08-23T04:13:19+02:00"},{"@type":"WebSite","@id":"https:\/\/www.eldigitaldeasturias.com\/noticias\/#website","url":"https:\/\/www.eldigitaldeasturias.com\/noticias\/","name":"El Digital de Asturias - Diario de actualidad y noticias","alternateName":"El Digital de Asturias - Diario de actualidad y noticias","description":"Hemeroteca","inLanguage":"es-ES","publisher":{"@id":"https:\/\/www.eldigitaldeasturias.com\/noticias\/#organization"}}]},"og:locale":"es_ES","og:site_name":"El Digital de Asturias","og:type":"article","og:title":"Crecen las exportaciones en Arag\u00f3n durante el 2017 - El Digital de Asturias","og:description":"De acuerdo con los datos hechos p\u00fablicos hoy por el Ministerio de Econom\u00eda, Industria y Competitividad, las exportaciones aragonesas registraron un crecimiento interanual del 11,5% en el mes de junio de 2017, lo que supone un valor de 1.082,3 millones de euros, frente al incremento del 5,7% de media en el conjunto de Espa\u00f1a. En","og:url":"https:\/\/www.eldigitaldeasturias.com\/noticias\/crecen-las-exportaciones-en-aragon-durante-el-2017\/","article:tag":["actualidad"],"article:published_time":"2017-08-23T04:13:19+00:00","article:modified_time":"2017-08-23T04:13:19+00:00","article:publisher":"https:\/\/facebook.com\/eldigitaldeasturias","twitter:card":"summary_large_image","twitter:title":"Crecen las exportaciones en Arag\u00f3n durante el 2017 - El Digital de Asturias","twitter:description":"De acuerdo con los datos hechos p\u00fablicos hoy por el Ministerio de Econom\u00eda, Industria y Competitividad, las exportaciones aragonesas registraron un crecimiento interanual del 11,5% en el mes de junio de 2017, lo que supone un valor de 1.082,3 millones de euros, frente al incremento del 5,7% de media en el conjunto de Espa\u00f1a. En","twitter:image":"https:\/\/www.eldigitaldeasturias.com\/noticias\/wp-content\/uploads\/2020\/12\/EDA-1.jpg","twitter:label1":"Escrito por","twitter:data1":"El Digital de Asturias","twitter:label2":"Tiempo de lectura estimado","twitter:data2":"3 minutos"},"aioseo_meta_data":{"post_id":"950614","title":null,"description":null,"keywords":null,"keyphrases":null,"primary_term":null,"canonical_url":null,"og_title":null,"og_description":null,"og_object_type":"default","og_image_type":"default","og_image_url":null,"og_image_width":null,"og_image_height":null,"og_image_custom_url":null,"og_image_custom_fields":null,"og_video":null,"og_custom_url":null,"og_article_section":null,"og_article_tags":null,"twitter_use_og":false,"twitter_card":"default","twitter_image_type":"default","twitter_image_url":null,"twitter_image_custom_url":null,"twitter_image_custom_fields":null,"twitter_title":null,"twitter_description":null,"schema":{"blockGraphs":[],"customGraphs":[],"default":{"data":{"Article":[],"Course":[],"Dataset":[],"FAQPage":[],"Movie":[],"Person":[],"Product":[],"ProductReview":[],"Car":[],"Recipe":[],"Service":[],"SoftwareApplication":[],"WebPage":[]},"graphName":"","isEnabled":true},"graphs":[],"defaultGraph":"","defaultPostTypeGraph":""},"schema_type":null,"schema_type_options":null,"pillar_content":false,"robots_default":true,"robots_noindex":false,"robots_noarchive":false,"robots_nosnippet":false,"robots_nofollow":false,"robots_noimageindex":false,"robots_noodp":false,"robots_notranslate":false,"robots_max_snippet":null,"robots_max_videopreview":null,"robots_max_imagepreview":"large","priority":null,"frequency":null,"local_seo":null,"seo_analyzer_scan_date":"2025-12-05 16:26:10","breadcrumb_settings":null,"limit_modified_date":false,"open_ai":null,"ai":null,"created":"2020-12-21 12:58:35","updated":"2025-12-05 16:26:10","focus_keyword":null,"additional_keywords":null,"truseo_locale":null},"aioseo_breadcrumb":"<div class=\"aioseo-breadcrumbs\"><span class=\"aioseo-breadcrumb\">\n\t<a href=\"https:\/\/www.eldigitaldeasturias.com\/noticias\" title=\"Home\">Home<\/a>\n<\/span><span class=\"aioseo-breadcrumb-separator\">\u2013<\/span><span class=\"aioseo-breadcrumb\">\n\t<a href=\"https:\/\/www.eldigitaldeasturias.com\/noticias\/category\/actualidad\/\" title=\"Actualidad\">Actualidad<\/a>\n<\/span><span class=\"aioseo-breadcrumb-separator\">\u2013<\/span><span class=\"aioseo-breadcrumb\">\n\t<a href=\"https:\/\/www.eldigitaldeasturias.com\/noticias\/crecen-las-exportaciones-en-aragon-durante-el-2017\/\" title=\"Crecen las exportaciones en Arag\u00f3n durante el 2017\">Crecen las exportaciones en Arag\u00f3n durante el 2017<\/a>\n<\/span><\/div>","aioseo_breadcrumb_json":[{"label":"Home","link":"https:\/\/www.eldigitaldeasturias.com\/noticias"},{"label":"Actualidad","link":"https:\/\/www.eldigitaldeasturias.com\/noticias\/category\/actualidad\/"},{"label":"Crecen las exportaciones en Arag\u00f3n durante el 2017","link":"https:\/\/www.eldigitaldeasturias.com\/noticias\/crecen-las-exportaciones-en-aragon-durante-el-2017\/"}],"_links":{"self":[{"href":"https:\/\/www.eldigitaldeasturias.com\/noticias\/wp-json\/wp\/v2\/posts\/950614","targetHints":{"allow":["GET"]}}],"collection":[{"href":"https:\/\/www.eldigitaldeasturias.com\/noticias\/wp-json\/wp\/v2\/posts"}],"about":[{"href":"https:\/\/www.eldigitaldeasturias.com\/noticias\/wp-json\/wp\/v2\/types\/post"}],"author":[{"embeddable":true,"href":"https:\/\/www.eldigitaldeasturias.com\/noticias\/wp-json\/wp\/v2\/users\/1"}],"replies":[{"embeddable":true,"href":"https:\/\/www.eldigitaldeasturias.com\/noticias\/wp-json\/wp\/v2\/comments?post=950614"}],"version-history":[{"count":0,"href":"https:\/\/www.eldigitaldeasturias.com\/noticias\/wp-json\/wp\/v2\/posts\/950614\/revisions"}],"wp:attachment":[{"href":"https:\/\/www.eldigitaldeasturias.com\/noticias\/wp-json\/wp\/v2\/media?parent=950614"}],"wp:term":[{"taxonomy":"category","embeddable":true,"href":"https:\/\/www.eldigitaldeasturias.com\/noticias\/wp-json\/wp\/v2\/categories?post=950614"},{"taxonomy":"post_tag","embeddable":true,"href":"https:\/\/www.eldigitaldeasturias.com\/noticias\/wp-json\/wp\/v2\/tags?post=950614"}],"curies":[{"name":"wp","href":"https:\/\/api.w.org\/{rel}","templated":true}]}}