{"id":950606,"date":"2017-08-23T04:04:56","date_gmt":"2017-08-23T04:04:56","guid":{"rendered":"http:\/\/www.eldigitaldeasturias.com\/noticias\/?p=950606"},"modified":"2017-08-23T04:04:56","modified_gmt":"2017-08-23T04:04:56","slug":"los-trabajos-en-la-pasarela-ciclopeatonal-sobre-la-se-30-siguen-a-buen-ritmo","status":"publish","type":"post","link":"https:\/\/www.eldigitaldeasturias.com\/noticias\/los-trabajos-en-la-pasarela-ciclopeatonal-sobre-la-se-30-siguen-a-buen-ritmo\/","title":{"rendered":"Los trabajos en la pasarela ciclopeatonal sobre la SE-30 siguen a buen ritmo"},"content":{"rendered":"<p><img loading=\"lazy\" decoding=\"async\" class=\"alignleft size-medium wp-image-950607\" src=\"https:\/\/www.eldigitaldeasturias.com\/noticias\/wp-content\/uploads\/2017\/08\/1503302526953-360x270.jpg\" alt=\"\" width=\"360\" height=\"270\" \/>La Consejer\u00eda de Fomento y Vivienda ha colocado el vano central de la pasarela ciclopeatonal sobre la SE-30, trabajos que han consistido en instalar la estructura central met\u00e1lica sobre los pilares ubicados en ambas m\u00e1rgenes y que la comunicar\u00e1n, por una parte, con Tablada y, por otra, con San Juan de Aznalfarache, punto donde ya se ha ejecutado el terrapl\u00e9n de acceso a la pasarela y que dar\u00e1 continuidad al carril bici que proviene desde el puente de Hierro del Aljarafe.<\/p>\n<p>Esta estructura elevada, que cuenta con una inversi\u00f3n de 1,22 millones de euros, ha sido dise\u00f1ada y dirigida por Increscendo Consultores y est\u00e1 siendo ejecutada por la uni\u00f3n temporal de empresas Acciona Infraestructuras-Construcciones Garrucho. Se ha realizado en un taller de la localidad sevillana de Utrera y consta de cuatro pilas y dos estribos, as\u00ed como de un puente met\u00e1lico compuesto por tres tramos independientes, de los que el vano central sobre la autov\u00eda SE-30 ha sido el que se ha elevado a su posici\u00f3n definitiva.<\/p>\n<p>Tras estas tareas de montaje, que ha exigido del corte del tr\u00e1fico en la ronda de circunvalaci\u00f3n, en el transcurso de una semana se proceder\u00e1 a ejecutar el hormigonado de la losa de la estructura en su vano central, que obligar\u00e1 de nuevo a cortar la circulaci\u00f3n, al que se unir\u00e1 un tercero y \u00faltimo corte, previsto para noviembre, para poder desarrollar las pruebas de carga de la estructura ya ejecutada.<\/p>\n<p>Esta pasarela permitir\u00e1 enlazar el trazado existente del carril bici del puente met\u00e1lico de San Juan de Aznalfarache con la red ciclista de Sevilla. En total, tendr\u00e1 una longitud total de 240 metros y un vano central que salva la ronda de circunvalaci\u00f3n de 58 metros entre las pilas.<\/p>\n<p>La plataforma cuenta con dos rampas de acceso de hormig\u00f3n armado de un 8% m\u00e1ximo de pendiente para facilitar la accesibilidad a ciclistas y personas con movilidad reducida. Estas estructuras, de las que ya se han desarrollado los trabajos para instalar la ubicada en San Juan de Aznalfarache, tendr\u00e1n un trazado en curva para salvar la complejidad que supone encajar la infraestructura en el espacio disponible, adecu\u00e1ndose as\u00ed a los requisitos de alzado (5,5 metros sobre la SE-30) acordados con el Ministerio de Fomento.<\/p>\n<p>&nbsp;<\/p>\n<p>&nbsp;<\/p>\n","protected":false},"excerpt":{"rendered":"<p>La Consejer\u00eda de Fomento y Vivienda ha colocado el vano central de la pasarela ciclopeatonal sobre la SE-30, trabajos que han consistido en instalar la estructura central met\u00e1lica sobre los pilares ubicados en ambas m\u00e1rgenes y que la comunicar\u00e1n, por una parte, con Tablada y, por otra, con San Juan de Aznalfarache, punto donde ya [&hellip;]<\/p>\n","protected":false},"author":1,"featured_media":950607,"comment_status":"closed","ping_status":"closed","sticky":false,"template":"","format":"standard","meta":{"footnotes":""},"categories":[1],"tags":[],"class_list":["post-950606","post","type-post","status-publish","format-standard","has-post-thumbnail","hentry","category-actualidad"],"aioseo_notices":[],"aioseo_head":"\n\t\t<!-- All in One SEO Pro 5.0.1 - aioseo.com -->\n\t<meta name=\"description\" content=\"La Consejer\u00eda de Fomento y Vivienda ha colocado el vano central de la pasarela ciclopeatonal sobre la SE-30, trabajos que han consistido en instalar la estructura central met\u00e1lica sobre los pilares ubicados en ambas m\u00e1rgenes y que la comunicar\u00e1n, por una parte, con Tablada y, por otra, con San Juan de Aznalfarache, punto donde ya\" \/>\n\t<meta name=\"robots\" content=\"max-image-preview:large\" \/>\n\t<meta name=\"author\" content=\"El Digital de Asturias\"\/>\n\t<meta name=\"google-site-verification\" content=\"UA-38556648-1\" \/>\n\t<meta name=\"msvalidate.01\" content=\"7dfe9f3f1b24437ab69f4f2559babe99\" \/>\n\t<meta name=\"keywords\" content=\"actualidad\" \/>\n\t<link rel=\"canonical\" href=\"https:\/\/www.eldigitaldeasturias.com\/noticias\/los-trabajos-en-la-pasarela-ciclopeatonal-sobre-la-se-30-siguen-a-buen-ritmo\/\" \/>\n\t<meta name=\"generator\" content=\"All in One SEO Pro (AIOSEO) 5.0.1\" \/>\n\t\t<meta property=\"og:locale\" content=\"es_ES\" \/>\n\t\t<meta property=\"og:site_name\" content=\"El Digital de Asturias\" \/>\n\t\t<meta property=\"og:type\" content=\"article\" \/>\n\t\t<meta property=\"og:title\" content=\"Los trabajos en la pasarela ciclopeatonal sobre la SE-30 siguen a buen ritmo - El Digital de Asturias\" \/>\n\t\t<meta property=\"og:description\" content=\"La Consejer\u00eda de Fomento y Vivienda ha colocado el vano central de la pasarela ciclopeatonal sobre la SE-30, trabajos que han consistido en instalar la estructura central met\u00e1lica sobre los pilares ubicados en ambas m\u00e1rgenes y que la comunicar\u00e1n, por una parte, con Tablada y, por otra, con San Juan de Aznalfarache, punto donde ya\" \/>\n\t\t<meta property=\"og:url\" content=\"https:\/\/www.eldigitaldeasturias.com\/noticias\/los-trabajos-en-la-pasarela-ciclopeatonal-sobre-la-se-30-siguen-a-buen-ritmo\/\" \/>\n\t\t<meta property=\"article:tag\" content=\"actualidad\" \/>\n\t\t<meta property=\"article:published_time\" content=\"2017-08-23T04:04:56+00:00\" \/>\n\t\t<meta property=\"article:modified_time\" content=\"2017-08-23T04:04:56+00:00\" \/>\n\t\t<meta property=\"article:publisher\" content=\"https:\/\/facebook.com\/eldigitaldeasturias\" \/>\n\t\t<meta name=\"twitter:card\" content=\"summary_large_image\" \/>\n\t\t<meta name=\"twitter:title\" content=\"Los trabajos en la pasarela ciclopeatonal sobre la SE-30 siguen a buen ritmo - El Digital de Asturias\" \/>\n\t\t<meta name=\"twitter:description\" content=\"La Consejer\u00eda de Fomento y Vivienda ha colocado el vano central de la pasarela ciclopeatonal sobre la SE-30, trabajos que han consistido en instalar la estructura central met\u00e1lica sobre los pilares ubicados en ambas m\u00e1rgenes y que la comunicar\u00e1n, por una parte, con Tablada y, por otra, con San Juan de Aznalfarache, punto donde ya\" \/>\n\t\t<meta name=\"twitter:image\" content=\"https:\/\/www.eldigitaldeasturias.com\/noticias\/wp-content\/uploads\/2020\/12\/EDA-1.jpg\" \/>\n\t\t<meta name=\"twitter:label1\" content=\"Escrito por\" \/>\n\t\t<meta name=\"twitter:data1\" content=\"El Digital de Asturias\" \/>\n\t\t<meta name=\"twitter:label2\" content=\"Tiempo de lectura estimado\" \/>\n\t\t<meta name=\"twitter:data2\" content=\"2 minutos\" \/>\n\t\t<script type=\"application\/ld+json\" class=\"aioseo-schema\">\n\t\t\t{\"@context\":\"https:\\\/\\\/schema.org\",\"@graph\":[{\"@type\":\"BlogPosting\",\"@id\":\"https:\\\/\\\/www.eldigitaldeasturias.com\\\/noticias\\\/los-trabajos-en-la-pasarela-ciclopeatonal-sobre-la-se-30-siguen-a-buen-ritmo\\\/#blogposting\",\"name\":\"Los trabajos en la pasarela ciclopeatonal sobre la SE-30 siguen a buen ritmo - El Digital de Asturias\",\"headline\":\"Los trabajos en la pasarela ciclopeatonal sobre la SE-30 siguen a buen ritmo\",\"author\":{\"@id\":\"https:\\\/\\\/www.eldigitaldeasturias.com\\\/noticias\\\/author\\\/admin\\\/#author\"},\"publisher\":{\"@id\":\"https:\\\/\\\/www.eldigitaldeasturias.com\\\/noticias\\\/#organization\"},\"image\":{\"@type\":\"ImageObject\",\"url\":950607},\"datePublished\":\"2017-08-23T04:04:56+02:00\",\"dateModified\":\"2017-08-23T04:04:56+02:00\",\"inLanguage\":\"es-ES\",\"mainEntityOfPage\":{\"@id\":\"https:\\\/\\\/www.eldigitaldeasturias.com\\\/noticias\\\/los-trabajos-en-la-pasarela-ciclopeatonal-sobre-la-se-30-siguen-a-buen-ritmo\\\/#webpage\"},\"isPartOf\":{\"@id\":\"https:\\\/\\\/www.eldigitaldeasturias.com\\\/noticias\\\/los-trabajos-en-la-pasarela-ciclopeatonal-sobre-la-se-30-siguen-a-buen-ritmo\\\/#webpage\"},\"articleSection\":\"Actualidad\"},{\"@type\":\"BreadcrumbList\",\"@id\":\"https:\\\/\\\/www.eldigitaldeasturias.com\\\/noticias\\\/los-trabajos-en-la-pasarela-ciclopeatonal-sobre-la-se-30-siguen-a-buen-ritmo\\\/#breadcrumblist\",\"itemListElement\":[{\"@type\":\"ListItem\",\"@id\":\"https:\\\/\\\/www.eldigitaldeasturias.com\\\/noticias#listItem\",\"position\":1,\"name\":\"Home\",\"item\":\"https:\\\/\\\/www.eldigitaldeasturias.com\\\/noticias\",\"nextItem\":{\"@type\":\"ListItem\",\"@id\":\"https:\\\/\\\/www.eldigitaldeasturias.com\\\/noticias\\\/category\\\/actualidad\\\/#listItem\",\"name\":\"Actualidad\"}},{\"@type\":\"ListItem\",\"@id\":\"https:\\\/\\\/www.eldigitaldeasturias.com\\\/noticias\\\/category\\\/actualidad\\\/#listItem\",\"position\":2,\"name\":\"Actualidad\",\"item\":\"https:\\\/\\\/www.eldigitaldeasturias.com\\\/noticias\\\/category\\\/actualidad\\\/\",\"nextItem\":{\"@type\":\"ListItem\",\"@id\":\"https:\\\/\\\/www.eldigitaldeasturias.com\\\/noticias\\\/los-trabajos-en-la-pasarela-ciclopeatonal-sobre-la-se-30-siguen-a-buen-ritmo\\\/#listItem\",\"name\":\"Los trabajos en la pasarela ciclopeatonal sobre la SE-30 siguen a buen ritmo\"},\"previousItem\":{\"@type\":\"ListItem\",\"@id\":\"https:\\\/\\\/www.eldigitaldeasturias.com\\\/noticias#listItem\",\"name\":\"Home\"}},{\"@type\":\"ListItem\",\"@id\":\"https:\\\/\\\/www.eldigitaldeasturias.com\\\/noticias\\\/los-trabajos-en-la-pasarela-ciclopeatonal-sobre-la-se-30-siguen-a-buen-ritmo\\\/#listItem\",\"position\":3,\"name\":\"Los trabajos en la pasarela ciclopeatonal sobre la SE-30 siguen a buen ritmo\",\"previousItem\":{\"@type\":\"ListItem\",\"@id\":\"https:\\\/\\\/www.eldigitaldeasturias.com\\\/noticias\\\/category\\\/actualidad\\\/#listItem\",\"name\":\"Actualidad\"}}]},{\"@type\":\"Organization\",\"@id\":\"https:\\\/\\\/www.eldigitaldeasturias.com\\\/noticias\\\/#organization\",\"name\":\"El Digital de Asturias\",\"description\":\"Hemeroteca\",\"url\":\"https:\\\/\\\/www.eldigitaldeasturias.com\\\/noticias\\\/\",\"email\":\"info@eldigitaldeasturias.com\",\"telephone\":\"+34652131393\",\"logo\":{\"@type\":\"ImageObject\",\"url\":\"https:\\\/\\\/www.eldigitaldeasturias.com\\\/noticias\\\/wp-content\\\/uploads\\\/2020\\\/12\\\/EDA.jpg\",\"@id\":\"https:\\\/\\\/www.eldigitaldeasturias.com\\\/noticias\\\/los-trabajos-en-la-pasarela-ciclopeatonal-sobre-la-se-30-siguen-a-buen-ritmo\\\/#organizationLogo\"},\"image\":{\"@id\":\"https:\\\/\\\/www.eldigitaldeasturias.com\\\/noticias\\\/los-trabajos-en-la-pasarela-ciclopeatonal-sobre-la-se-30-siguen-a-buen-ritmo\\\/#organizationLogo\"},\"sameAs\":[\"https:\\\/\\\/facebook.com\\\/eldigitaldeasturias\",\"https:\\\/\\\/www.youtube.com\\\/channel\\\/UCZP-2wLEB9Rv6erhFmqVnvg\"],\"address\":{\"@id\":\"https:\\\/\\\/www.eldigitaldeasturias.com\\\/noticias\\\/#postaladdress\",\"@type\":\"PostalAddress\",\"streetAddress\":\"san antonio 4\",\"postalCode\":\"33430\",\"addressLocality\":\"Cand\\u00e1s\",\"addressRegion\":\"Asturias\",\"addressCountry\":\"ES\"}},{\"@type\":\"Person\",\"@id\":\"https:\\\/\\\/www.eldigitaldeasturias.com\\\/noticias\\\/author\\\/admin\\\/#author\",\"url\":\"https:\\\/\\\/www.eldigitaldeasturias.com\\\/noticias\\\/author\\\/admin\\\/\",\"name\":\"El Digital de Asturias\",\"image\":{\"@type\":\"ImageObject\",\"@id\":\"https:\\\/\\\/www.eldigitaldeasturias.com\\\/noticias\\\/los-trabajos-en-la-pasarela-ciclopeatonal-sobre-la-se-30-siguen-a-buen-ritmo\\\/#authorImage\",\"url\":\"https:\\\/\\\/secure.gravatar.com\\\/avatar\\\/df2aeffc32bcd13f8d26072ef8a91b623d677766deac7f97ca815868cd41bf5e?s=96&d=mm&r=g\",\"width\":96,\"height\":96,\"caption\":\"El Digital de Asturias\"}},{\"@type\":\"WebPage\",\"@id\":\"https:\\\/\\\/www.eldigitaldeasturias.com\\\/noticias\\\/los-trabajos-en-la-pasarela-ciclopeatonal-sobre-la-se-30-siguen-a-buen-ritmo\\\/#webpage\",\"url\":\"https:\\\/\\\/www.eldigitaldeasturias.com\\\/noticias\\\/los-trabajos-en-la-pasarela-ciclopeatonal-sobre-la-se-30-siguen-a-buen-ritmo\\\/\",\"name\":\"Los trabajos en la pasarela ciclopeatonal sobre la SE-30 siguen a buen ritmo - El Digital de Asturias\",\"description\":\"La Consejer\\u00eda de Fomento y Vivienda ha colocado el vano central de la pasarela ciclopeatonal sobre la SE-30, trabajos que han consistido en instalar la estructura central met\\u00e1lica sobre los pilares ubicados en ambas m\\u00e1rgenes y que la comunicar\\u00e1n, por una parte, con Tablada y, por otra, con San Juan de Aznalfarache, punto donde ya\",\"inLanguage\":\"es-ES\",\"isPartOf\":{\"@id\":\"https:\\\/\\\/www.eldigitaldeasturias.com\\\/noticias\\\/#website\"},\"breadcrumb\":{\"@id\":\"https:\\\/\\\/www.eldigitaldeasturias.com\\\/noticias\\\/los-trabajos-en-la-pasarela-ciclopeatonal-sobre-la-se-30-siguen-a-buen-ritmo\\\/#breadcrumblist\"},\"author\":{\"@id\":\"https:\\\/\\\/www.eldigitaldeasturias.com\\\/noticias\\\/author\\\/admin\\\/#author\"},\"creator\":{\"@id\":\"https:\\\/\\\/www.eldigitaldeasturias.com\\\/noticias\\\/author\\\/admin\\\/#author\"},\"image\":{\"@type\":\"ImageObject\",\"url\":950607,\"@id\":\"https:\\\/\\\/www.eldigitaldeasturias.com\\\/noticias\\\/los-trabajos-en-la-pasarela-ciclopeatonal-sobre-la-se-30-siguen-a-buen-ritmo\\\/#mainImage\"},\"primaryImageOfPage\":{\"@id\":\"https:\\\/\\\/www.eldigitaldeasturias.com\\\/noticias\\\/los-trabajos-en-la-pasarela-ciclopeatonal-sobre-la-se-30-siguen-a-buen-ritmo\\\/#mainImage\"},\"datePublished\":\"2017-08-23T04:04:56+02:00\",\"dateModified\":\"2017-08-23T04:04:56+02:00\"},{\"@type\":\"WebSite\",\"@id\":\"https:\\\/\\\/www.eldigitaldeasturias.com\\\/noticias\\\/#website\",\"url\":\"https:\\\/\\\/www.eldigitaldeasturias.com\\\/noticias\\\/\",\"name\":\"El Digital de Asturias - Diario de actualidad y noticias\",\"alternateName\":\"El Digital de Asturias - Diario de actualidad y noticias\",\"description\":\"Hemeroteca\",\"inLanguage\":\"es-ES\",\"publisher\":{\"@id\":\"https:\\\/\\\/www.eldigitaldeasturias.com\\\/noticias\\\/#organization\"}}]}\n\t\t<\/script>\n\t\t<!-- All in One SEO Pro -->\r\n\t\t<title>Los trabajos en la pasarela ciclopeatonal sobre la SE-30 siguen a buen ritmo - El Digital de Asturias<\/title>\n\n","aioseo_head_json":{"title":"Los trabajos en la pasarela ciclopeatonal sobre la SE-30 siguen a buen ritmo - El Digital de Asturias","description":"La Consejer\u00eda de Fomento y Vivienda ha colocado el vano central de la pasarela ciclopeatonal sobre la SE-30, trabajos que han consistido en instalar la estructura central met\u00e1lica sobre los pilares ubicados en ambas m\u00e1rgenes y que la comunicar\u00e1n, por una parte, con Tablada y, por otra, con San Juan de Aznalfarache, punto donde ya","canonical_url":"https:\/\/www.eldigitaldeasturias.com\/noticias\/los-trabajos-en-la-pasarela-ciclopeatonal-sobre-la-se-30-siguen-a-buen-ritmo\/","robots":"max-image-preview:large","keywords":"actualidad","webmasterTools":{"google-site-verification":"UA-38556648-1","msvalidate.01":"7dfe9f3f1b24437ab69f4f2559babe99","miscellaneous":""},"schema":{"@context":"https:\/\/schema.org","@graph":[{"@type":"BlogPosting","@id":"https:\/\/www.eldigitaldeasturias.com\/noticias\/los-trabajos-en-la-pasarela-ciclopeatonal-sobre-la-se-30-siguen-a-buen-ritmo\/#blogposting","name":"Los trabajos en la pasarela ciclopeatonal sobre la SE-30 siguen a buen ritmo - El Digital de Asturias","headline":"Los trabajos en la pasarela ciclopeatonal sobre la SE-30 siguen a buen ritmo","author":{"@id":"https:\/\/www.eldigitaldeasturias.com\/noticias\/author\/admin\/#author"},"publisher":{"@id":"https:\/\/www.eldigitaldeasturias.com\/noticias\/#organization"},"image":{"@type":"ImageObject","url":950607},"datePublished":"2017-08-23T04:04:56+02:00","dateModified":"2017-08-23T04:04:56+02:00","inLanguage":"es-ES","mainEntityOfPage":{"@id":"https:\/\/www.eldigitaldeasturias.com\/noticias\/los-trabajos-en-la-pasarela-ciclopeatonal-sobre-la-se-30-siguen-a-buen-ritmo\/#webpage"},"isPartOf":{"@id":"https:\/\/www.eldigitaldeasturias.com\/noticias\/los-trabajos-en-la-pasarela-ciclopeatonal-sobre-la-se-30-siguen-a-buen-ritmo\/#webpage"},"articleSection":"Actualidad"},{"@type":"BreadcrumbList","@id":"https:\/\/www.eldigitaldeasturias.com\/noticias\/los-trabajos-en-la-pasarela-ciclopeatonal-sobre-la-se-30-siguen-a-buen-ritmo\/#breadcrumblist","itemListElement":[{"@type":"ListItem","@id":"https:\/\/www.eldigitaldeasturias.com\/noticias#listItem","position":1,"name":"Home","item":"https:\/\/www.eldigitaldeasturias.com\/noticias","nextItem":{"@type":"ListItem","@id":"https:\/\/www.eldigitaldeasturias.com\/noticias\/category\/actualidad\/#listItem","name":"Actualidad"}},{"@type":"ListItem","@id":"https:\/\/www.eldigitaldeasturias.com\/noticias\/category\/actualidad\/#listItem","position":2,"name":"Actualidad","item":"https:\/\/www.eldigitaldeasturias.com\/noticias\/category\/actualidad\/","nextItem":{"@type":"ListItem","@id":"https:\/\/www.eldigitaldeasturias.com\/noticias\/los-trabajos-en-la-pasarela-ciclopeatonal-sobre-la-se-30-siguen-a-buen-ritmo\/#listItem","name":"Los trabajos en la pasarela ciclopeatonal sobre la SE-30 siguen a buen ritmo"},"previousItem":{"@type":"ListItem","@id":"https:\/\/www.eldigitaldeasturias.com\/noticias#listItem","name":"Home"}},{"@type":"ListItem","@id":"https:\/\/www.eldigitaldeasturias.com\/noticias\/los-trabajos-en-la-pasarela-ciclopeatonal-sobre-la-se-30-siguen-a-buen-ritmo\/#listItem","position":3,"name":"Los trabajos en la pasarela ciclopeatonal sobre la SE-30 siguen a buen ritmo","previousItem":{"@type":"ListItem","@id":"https:\/\/www.eldigitaldeasturias.com\/noticias\/category\/actualidad\/#listItem","name":"Actualidad"}}]},{"@type":"Organization","@id":"https:\/\/www.eldigitaldeasturias.com\/noticias\/#organization","name":"El Digital de Asturias","description":"Hemeroteca","url":"https:\/\/www.eldigitaldeasturias.com\/noticias\/","email":"info@eldigitaldeasturias.com","telephone":"+34652131393","logo":{"@type":"ImageObject","url":"https:\/\/www.eldigitaldeasturias.com\/noticias\/wp-content\/uploads\/2020\/12\/EDA.jpg","@id":"https:\/\/www.eldigitaldeasturias.com\/noticias\/los-trabajos-en-la-pasarela-ciclopeatonal-sobre-la-se-30-siguen-a-buen-ritmo\/#organizationLogo"},"image":{"@id":"https:\/\/www.eldigitaldeasturias.com\/noticias\/los-trabajos-en-la-pasarela-ciclopeatonal-sobre-la-se-30-siguen-a-buen-ritmo\/#organizationLogo"},"sameAs":["https:\/\/facebook.com\/eldigitaldeasturias","https:\/\/www.youtube.com\/channel\/UCZP-2wLEB9Rv6erhFmqVnvg"],"address":{"@id":"https:\/\/www.eldigitaldeasturias.com\/noticias\/#postaladdress","@type":"PostalAddress","streetAddress":"san antonio 4","postalCode":"33430","addressLocality":"Cand\u00e1s","addressRegion":"Asturias","addressCountry":"ES"}},{"@type":"Person","@id":"https:\/\/www.eldigitaldeasturias.com\/noticias\/author\/admin\/#author","url":"https:\/\/www.eldigitaldeasturias.com\/noticias\/author\/admin\/","name":"El Digital de Asturias","image":{"@type":"ImageObject","@id":"https:\/\/www.eldigitaldeasturias.com\/noticias\/los-trabajos-en-la-pasarela-ciclopeatonal-sobre-la-se-30-siguen-a-buen-ritmo\/#authorImage","url":"https:\/\/secure.gravatar.com\/avatar\/df2aeffc32bcd13f8d26072ef8a91b623d677766deac7f97ca815868cd41bf5e?s=96&d=mm&r=g","width":96,"height":96,"caption":"El Digital de Asturias"}},{"@type":"WebPage","@id":"https:\/\/www.eldigitaldeasturias.com\/noticias\/los-trabajos-en-la-pasarela-ciclopeatonal-sobre-la-se-30-siguen-a-buen-ritmo\/#webpage","url":"https:\/\/www.eldigitaldeasturias.com\/noticias\/los-trabajos-en-la-pasarela-ciclopeatonal-sobre-la-se-30-siguen-a-buen-ritmo\/","name":"Los trabajos en la pasarela ciclopeatonal sobre la SE-30 siguen a buen ritmo - El Digital de Asturias","description":"La Consejer\u00eda de Fomento y Vivienda ha colocado el vano central de la pasarela ciclopeatonal sobre la SE-30, trabajos que han consistido en instalar la estructura central met\u00e1lica sobre los pilares ubicados en ambas m\u00e1rgenes y que la comunicar\u00e1n, por una parte, con Tablada y, por otra, con San Juan de Aznalfarache, punto donde ya","inLanguage":"es-ES","isPartOf":{"@id":"https:\/\/www.eldigitaldeasturias.com\/noticias\/#website"},"breadcrumb":{"@id":"https:\/\/www.eldigitaldeasturias.com\/noticias\/los-trabajos-en-la-pasarela-ciclopeatonal-sobre-la-se-30-siguen-a-buen-ritmo\/#breadcrumblist"},"author":{"@id":"https:\/\/www.eldigitaldeasturias.com\/noticias\/author\/admin\/#author"},"creator":{"@id":"https:\/\/www.eldigitaldeasturias.com\/noticias\/author\/admin\/#author"},"image":{"@type":"ImageObject","url":950607,"@id":"https:\/\/www.eldigitaldeasturias.com\/noticias\/los-trabajos-en-la-pasarela-ciclopeatonal-sobre-la-se-30-siguen-a-buen-ritmo\/#mainImage"},"primaryImageOfPage":{"@id":"https:\/\/www.eldigitaldeasturias.com\/noticias\/los-trabajos-en-la-pasarela-ciclopeatonal-sobre-la-se-30-siguen-a-buen-ritmo\/#mainImage"},"datePublished":"2017-08-23T04:04:56+02:00","dateModified":"2017-08-23T04:04:56+02:00"},{"@type":"WebSite","@id":"https:\/\/www.eldigitaldeasturias.com\/noticias\/#website","url":"https:\/\/www.eldigitaldeasturias.com\/noticias\/","name":"El Digital de Asturias - Diario de actualidad y noticias","alternateName":"El Digital de Asturias - Diario de actualidad y noticias","description":"Hemeroteca","inLanguage":"es-ES","publisher":{"@id":"https:\/\/www.eldigitaldeasturias.com\/noticias\/#organization"}}]},"og:locale":"es_ES","og:site_name":"El Digital de Asturias","og:type":"article","og:title":"Los trabajos en la pasarela ciclopeatonal sobre la SE-30 siguen a buen ritmo - El Digital de Asturias","og:description":"La Consejer\u00eda de Fomento y Vivienda ha colocado el vano central de la pasarela ciclopeatonal sobre la SE-30, trabajos que han consistido en instalar la estructura central met\u00e1lica sobre los pilares ubicados en ambas m\u00e1rgenes y que la comunicar\u00e1n, por una parte, con Tablada y, por otra, con San Juan de Aznalfarache, punto donde ya","og:url":"https:\/\/www.eldigitaldeasturias.com\/noticias\/los-trabajos-en-la-pasarela-ciclopeatonal-sobre-la-se-30-siguen-a-buen-ritmo\/","article:tag":["actualidad"],"article:published_time":"2017-08-23T04:04:56+00:00","article:modified_time":"2017-08-23T04:04:56+00:00","article:publisher":"https:\/\/facebook.com\/eldigitaldeasturias","twitter:card":"summary_large_image","twitter:title":"Los trabajos en la pasarela ciclopeatonal sobre la SE-30 siguen a buen ritmo - El Digital de Asturias","twitter:description":"La Consejer\u00eda de Fomento y Vivienda ha colocado el vano central de la pasarela ciclopeatonal sobre la SE-30, trabajos que han consistido en instalar la estructura central met\u00e1lica sobre los pilares ubicados en ambas m\u00e1rgenes y que la comunicar\u00e1n, por una parte, con Tablada y, por otra, con San Juan de Aznalfarache, punto donde ya","twitter:image":"https:\/\/www.eldigitaldeasturias.com\/noticias\/wp-content\/uploads\/2020\/12\/EDA-1.jpg","twitter:label1":"Escrito por","twitter:data1":"El Digital de Asturias","twitter:label2":"Tiempo de lectura estimado","twitter:data2":"2 minutos"},"aioseo_meta_data":{"post_id":"950606","title":null,"description":null,"keywords":null,"keyphrases":null,"primary_term":null,"canonical_url":null,"og_title":null,"og_description":null,"og_object_type":"default","og_image_type":"default","og_image_url":null,"og_image_width":null,"og_image_height":null,"og_image_custom_url":null,"og_image_custom_fields":null,"og_video":null,"og_custom_url":null,"og_article_section":null,"og_article_tags":null,"twitter_use_og":false,"twitter_card":"default","twitter_image_type":"default","twitter_image_url":null,"twitter_image_custom_url":null,"twitter_image_custom_fields":null,"twitter_title":null,"twitter_description":null,"schema":{"blockGraphs":[],"customGraphs":[],"default":{"data":{"Article":[],"Course":[],"Dataset":[],"FAQPage":[],"Movie":[],"Person":[],"Product":[],"ProductReview":[],"Car":[],"Recipe":[],"Service":[],"SoftwareApplication":[],"WebPage":[]},"graphName":"","isEnabled":true},"graphs":[],"defaultGraph":"","defaultPostTypeGraph":""},"schema_type":null,"schema_type_options":null,"pillar_content":false,"robots_default":true,"robots_noindex":false,"robots_noarchive":false,"robots_nosnippet":false,"robots_nofollow":false,"robots_noimageindex":false,"robots_noodp":false,"robots_notranslate":false,"robots_max_snippet":null,"robots_max_videopreview":null,"robots_max_imagepreview":"large","priority":null,"frequency":null,"local_seo":null,"seo_analyzer_scan_date":"2025-12-05 16:26:08","breadcrumb_settings":null,"limit_modified_date":false,"open_ai":null,"ai":null,"created":"2020-12-21 12:58:35","updated":"2025-12-05 16:26:08","focus_keyword":null,"additional_keywords":null,"truseo_locale":null},"aioseo_breadcrumb":"<div class=\"aioseo-breadcrumbs\"><span class=\"aioseo-breadcrumb\">\n\t<a href=\"https:\/\/www.eldigitaldeasturias.com\/noticias\" title=\"Home\">Home<\/a>\n<\/span><span class=\"aioseo-breadcrumb-separator\">\u2013<\/span><span class=\"aioseo-breadcrumb\">\n\t<a href=\"https:\/\/www.eldigitaldeasturias.com\/noticias\/category\/actualidad\/\" title=\"Actualidad\">Actualidad<\/a>\n<\/span><span class=\"aioseo-breadcrumb-separator\">\u2013<\/span><span class=\"aioseo-breadcrumb\">\n\t<a href=\"https:\/\/www.eldigitaldeasturias.com\/noticias\/los-trabajos-en-la-pasarela-ciclopeatonal-sobre-la-se-30-siguen-a-buen-ritmo\/\" title=\"Los trabajos en la pasarela ciclopeatonal sobre la SE-30 siguen a buen ritmo\">Los trabajos en la pasarela ciclopeatonal sobre la SE-30 siguen a buen ritmo<\/a>\n<\/span><\/div>","aioseo_breadcrumb_json":[{"label":"Home","link":"https:\/\/www.eldigitaldeasturias.com\/noticias"},{"label":"Actualidad","link":"https:\/\/www.eldigitaldeasturias.com\/noticias\/category\/actualidad\/"},{"label":"Los trabajos en la pasarela ciclopeatonal sobre la SE-30 siguen a buen ritmo","link":"https:\/\/www.eldigitaldeasturias.com\/noticias\/los-trabajos-en-la-pasarela-ciclopeatonal-sobre-la-se-30-siguen-a-buen-ritmo\/"}],"_links":{"self":[{"href":"https:\/\/www.eldigitaldeasturias.com\/noticias\/wp-json\/wp\/v2\/posts\/950606","targetHints":{"allow":["GET"]}}],"collection":[{"href":"https:\/\/www.eldigitaldeasturias.com\/noticias\/wp-json\/wp\/v2\/posts"}],"about":[{"href":"https:\/\/www.eldigitaldeasturias.com\/noticias\/wp-json\/wp\/v2\/types\/post"}],"author":[{"embeddable":true,"href":"https:\/\/www.eldigitaldeasturias.com\/noticias\/wp-json\/wp\/v2\/users\/1"}],"replies":[{"embeddable":true,"href":"https:\/\/www.eldigitaldeasturias.com\/noticias\/wp-json\/wp\/v2\/comments?post=950606"}],"version-history":[{"count":0,"href":"https:\/\/www.eldigitaldeasturias.com\/noticias\/wp-json\/wp\/v2\/posts\/950606\/revisions"}],"wp:attachment":[{"href":"https:\/\/www.eldigitaldeasturias.com\/noticias\/wp-json\/wp\/v2\/media?parent=950606"}],"wp:term":[{"taxonomy":"category","embeddable":true,"href":"https:\/\/www.eldigitaldeasturias.com\/noticias\/wp-json\/wp\/v2\/categories?post=950606"},{"taxonomy":"post_tag","embeddable":true,"href":"https:\/\/www.eldigitaldeasturias.com\/noticias\/wp-json\/wp\/v2\/tags?post=950606"}],"curies":[{"name":"wp","href":"https:\/\/api.w.org\/{rel}","templated":true}]}}