{"id":950603,"date":"2017-08-23T04:02:28","date_gmt":"2017-08-23T04:02:28","guid":{"rendered":"http:\/\/www.eldigitaldeasturias.com\/noticias\/?p=950603"},"modified":"2017-08-23T04:02:28","modified_gmt":"2017-08-23T04:02:28","slug":"metro-de-malaga-transporta-casi-98-000-pasajeros-durante-la-feria","status":"publish","type":"post","link":"https:\/\/www.eldigitaldeasturias.com\/noticias\/metro-de-malaga-transporta-casi-98-000-pasajeros-durante-la-feria\/","title":{"rendered":"Metro de M\u00e1laga transporta casi 98.000 pasajeros durante la Feria"},"content":{"rendered":"<p><img loading=\"lazy\" decoding=\"async\" class=\"alignleft size-medium wp-image-950604\" src=\"https:\/\/www.eldigitaldeasturias.com\/noticias\/wp-content\/uploads\/2017\/08\/1503307540422-360x242.jpg\" alt=\"\" width=\"360\" height=\"242\" \/>Metro de M\u00e1laga, sociedad concesionaria de la Junta de Andaluc\u00eda, ha transportado a la largo de la pasada semana de feria una total de 97.864 viajeros, cifra que equivale a un crecimiento del 12% con respecto a los datos de 2016. El d\u00eda de mayor demanda fue el viernes 11 de agosto, jornada en la que se inici\u00f3 la feria con la Noche de los Fuegos y donde hicieron uso de este sistema de transportes un total de 15.789 viajeros. El segundo d\u00eda de mayor uso fue el lunes 14, cuando la cifra se situ\u00f3 en los 13.515 usuarios transportados. La media diaria durante la semana de feria ha sido de casi 11.000 usuarios por jornada.<\/p>\n<p>Con el fin de dar cobertura a la demanda ciudadana de la manera m\u00e1s \u00f3ptima posible, el ferrocarril metropolitano malague\u00f1o implement\u00f3 un servicio especial para estos d\u00edas de fiesta, consistentes en la prolongaci\u00f3n del servicio comercial hasta las 02.30 horas para la Noche de los Fuegos y hasta las 01.30 horas para el resto de los d\u00edas.<\/p>\n<p>Adem\u00e1s, para mayor comodidad y seguridad de los usuarios, en previsi\u00f3n de un incremento en la afluencia de viajeros, durante toda la semana de feria, que arranc\u00f3 en la noche del d\u00eda 11 y concluy\u00f3 en la madrugada del 19 al 20 de agosto, se reforz\u00f3 la vigilancia en trenes y estaciones, para as\u00ed facilitar el normal desarrollo del servicio en los momentos de m\u00e1xima demanda.<\/p>\n<p>Este aumento significativo del volumen de viajeros transportados durante esta fiesta coincide con la senda de crecimiento experimentada por el ferrocarril metropolitano en el transcurso del presente ejercicio. Cabe rese\u00f1ar, que el Metro de M\u00e1laga increment\u00f3 durante el primer semestre del a\u00f1o un 9,5% su volumen de viajeros con respecto al mismo periodo del a\u00f1o pasado. En total, entre los meses de enero a junio se desplazaron en el suburbano m\u00e1s de 2,9 millones de usuarios, en concreto a 2.927.204 pasajeros, una cifra que equivale, en t\u00e9rminos absolutos, a la consecuci\u00f3n de 254.379 nuevos pasajeros.<\/p>\n<p>Las L\u00edneas 1 y 2 del metro de M\u00e1laga hasta el Intercambiador de El Perchel-Mar\u00eda Zambrano constan de una longitud total de doce kil\u00f3metros de trazado y 17 estaciones y paradas. La Consejer\u00eda de Fomento y Vivienda, responsable del ferrocarril metropolitano, acomete actualmente las obras del tramo por el centro hist\u00f3rico, entre Guadalmedina y Atarazanas, y tiene en fase de licitaci\u00f3n la obra de terminaci\u00f3n del tramo Renfe-Guadalmedina, mientras que la prolongaci\u00f3n de la L\u00ednea 2 hasta el Hospital Civil dispone ya de proyecto constructivo.<\/p>\n<p>&nbsp;<\/p>\n","protected":false},"excerpt":{"rendered":"<p>Metro de M\u00e1laga, sociedad concesionaria de la Junta de Andaluc\u00eda, ha transportado a la largo de la pasada semana de feria una total de 97.864 viajeros, cifra que equivale a un crecimiento del 12% con respecto a los datos de 2016. El d\u00eda de mayor demanda fue el viernes 11 de agosto, jornada en la [&hellip;]<\/p>\n","protected":false},"author":1,"featured_media":950604,"comment_status":"closed","ping_status":"closed","sticky":false,"template":"","format":"standard","meta":{"footnotes":""},"categories":[1],"tags":[],"class_list":["post-950603","post","type-post","status-publish","format-standard","has-post-thumbnail","hentry","category-actualidad"],"aioseo_notices":[],"aioseo_head":"\n\t\t<!-- All in One SEO Pro 5.0.1 - aioseo.com -->\n\t<meta name=\"description\" content=\"Metro de M\u00e1laga, sociedad concesionaria de la Junta de Andaluc\u00eda, ha transportado a la largo de la pasada semana de feria una total de 97.864 viajeros, cifra que equivale a un crecimiento del 12% con respecto a los datos de 2016. El d\u00eda de mayor demanda fue el viernes 11 de agosto, jornada en la\" \/>\n\t<meta name=\"robots\" content=\"max-image-preview:large\" \/>\n\t<meta name=\"author\" content=\"El Digital de Asturias\"\/>\n\t<meta name=\"google-site-verification\" content=\"UA-38556648-1\" \/>\n\t<meta name=\"msvalidate.01\" content=\"7dfe9f3f1b24437ab69f4f2559babe99\" \/>\n\t<meta name=\"keywords\" content=\"actualidad\" \/>\n\t<link rel=\"canonical\" href=\"https:\/\/www.eldigitaldeasturias.com\/noticias\/metro-de-malaga-transporta-casi-98-000-pasajeros-durante-la-feria\/\" \/>\n\t<meta name=\"generator\" content=\"All in One SEO Pro (AIOSEO) 5.0.1\" \/>\n\t\t<meta property=\"og:locale\" content=\"es_ES\" \/>\n\t\t<meta property=\"og:site_name\" content=\"El Digital de Asturias\" \/>\n\t\t<meta property=\"og:type\" content=\"article\" \/>\n\t\t<meta property=\"og:title\" content=\"Metro de M\u00e1laga transporta casi 98.000 pasajeros durante la Feria - El Digital de Asturias\" \/>\n\t\t<meta property=\"og:description\" content=\"Metro de M\u00e1laga, sociedad concesionaria de la Junta de Andaluc\u00eda, ha transportado a la largo de la pasada semana de feria una total de 97.864 viajeros, cifra que equivale a un crecimiento del 12% con respecto a los datos de 2016. El d\u00eda de mayor demanda fue el viernes 11 de agosto, jornada en la\" \/>\n\t\t<meta property=\"og:url\" content=\"https:\/\/www.eldigitaldeasturias.com\/noticias\/metro-de-malaga-transporta-casi-98-000-pasajeros-durante-la-feria\/\" \/>\n\t\t<meta property=\"article:tag\" content=\"actualidad\" \/>\n\t\t<meta property=\"article:published_time\" content=\"2017-08-23T04:02:28+00:00\" \/>\n\t\t<meta property=\"article:modified_time\" content=\"2017-08-23T04:02:28+00:00\" \/>\n\t\t<meta property=\"article:publisher\" content=\"https:\/\/facebook.com\/eldigitaldeasturias\" \/>\n\t\t<meta name=\"twitter:card\" content=\"summary_large_image\" \/>\n\t\t<meta name=\"twitter:title\" content=\"Metro de M\u00e1laga transporta casi 98.000 pasajeros durante la Feria - El Digital de Asturias\" \/>\n\t\t<meta name=\"twitter:description\" content=\"Metro de M\u00e1laga, sociedad concesionaria de la Junta de Andaluc\u00eda, ha transportado a la largo de la pasada semana de feria una total de 97.864 viajeros, cifra que equivale a un crecimiento del 12% con respecto a los datos de 2016. El d\u00eda de mayor demanda fue el viernes 11 de agosto, jornada en la\" \/>\n\t\t<meta name=\"twitter:image\" content=\"https:\/\/www.eldigitaldeasturias.com\/noticias\/wp-content\/uploads\/2020\/12\/EDA-1.jpg\" \/>\n\t\t<meta name=\"twitter:label1\" content=\"Escrito por\" \/>\n\t\t<meta name=\"twitter:data1\" content=\"El Digital de Asturias\" \/>\n\t\t<meta name=\"twitter:label2\" content=\"Tiempo de lectura estimado\" \/>\n\t\t<meta name=\"twitter:data2\" content=\"2 minutos\" \/>\n\t\t<script type=\"application\/ld+json\" class=\"aioseo-schema\">\n\t\t\t{\"@context\":\"https:\\\/\\\/schema.org\",\"@graph\":[{\"@type\":\"BlogPosting\",\"@id\":\"https:\\\/\\\/www.eldigitaldeasturias.com\\\/noticias\\\/metro-de-malaga-transporta-casi-98-000-pasajeros-durante-la-feria\\\/#blogposting\",\"name\":\"Metro de M\\u00e1laga transporta casi 98.000 pasajeros durante la Feria - El Digital de Asturias\",\"headline\":\"Metro de M\\u00e1laga transporta casi 98.000 pasajeros durante la Feria\",\"author\":{\"@id\":\"https:\\\/\\\/www.eldigitaldeasturias.com\\\/noticias\\\/author\\\/admin\\\/#author\"},\"publisher\":{\"@id\":\"https:\\\/\\\/www.eldigitaldeasturias.com\\\/noticias\\\/#organization\"},\"image\":{\"@type\":\"ImageObject\",\"url\":950604},\"datePublished\":\"2017-08-23T04:02:28+02:00\",\"dateModified\":\"2017-08-23T04:02:28+02:00\",\"inLanguage\":\"es-ES\",\"mainEntityOfPage\":{\"@id\":\"https:\\\/\\\/www.eldigitaldeasturias.com\\\/noticias\\\/metro-de-malaga-transporta-casi-98-000-pasajeros-durante-la-feria\\\/#webpage\"},\"isPartOf\":{\"@id\":\"https:\\\/\\\/www.eldigitaldeasturias.com\\\/noticias\\\/metro-de-malaga-transporta-casi-98-000-pasajeros-durante-la-feria\\\/#webpage\"},\"articleSection\":\"Actualidad\"},{\"@type\":\"BreadcrumbList\",\"@id\":\"https:\\\/\\\/www.eldigitaldeasturias.com\\\/noticias\\\/metro-de-malaga-transporta-casi-98-000-pasajeros-durante-la-feria\\\/#breadcrumblist\",\"itemListElement\":[{\"@type\":\"ListItem\",\"@id\":\"https:\\\/\\\/www.eldigitaldeasturias.com\\\/noticias#listItem\",\"position\":1,\"name\":\"Home\",\"item\":\"https:\\\/\\\/www.eldigitaldeasturias.com\\\/noticias\",\"nextItem\":{\"@type\":\"ListItem\",\"@id\":\"https:\\\/\\\/www.eldigitaldeasturias.com\\\/noticias\\\/category\\\/actualidad\\\/#listItem\",\"name\":\"Actualidad\"}},{\"@type\":\"ListItem\",\"@id\":\"https:\\\/\\\/www.eldigitaldeasturias.com\\\/noticias\\\/category\\\/actualidad\\\/#listItem\",\"position\":2,\"name\":\"Actualidad\",\"item\":\"https:\\\/\\\/www.eldigitaldeasturias.com\\\/noticias\\\/category\\\/actualidad\\\/\",\"nextItem\":{\"@type\":\"ListItem\",\"@id\":\"https:\\\/\\\/www.eldigitaldeasturias.com\\\/noticias\\\/metro-de-malaga-transporta-casi-98-000-pasajeros-durante-la-feria\\\/#listItem\",\"name\":\"Metro de M\\u00e1laga transporta casi 98.000 pasajeros durante la Feria\"},\"previousItem\":{\"@type\":\"ListItem\",\"@id\":\"https:\\\/\\\/www.eldigitaldeasturias.com\\\/noticias#listItem\",\"name\":\"Home\"}},{\"@type\":\"ListItem\",\"@id\":\"https:\\\/\\\/www.eldigitaldeasturias.com\\\/noticias\\\/metro-de-malaga-transporta-casi-98-000-pasajeros-durante-la-feria\\\/#listItem\",\"position\":3,\"name\":\"Metro de M\\u00e1laga transporta casi 98.000 pasajeros durante la Feria\",\"previousItem\":{\"@type\":\"ListItem\",\"@id\":\"https:\\\/\\\/www.eldigitaldeasturias.com\\\/noticias\\\/category\\\/actualidad\\\/#listItem\",\"name\":\"Actualidad\"}}]},{\"@type\":\"Organization\",\"@id\":\"https:\\\/\\\/www.eldigitaldeasturias.com\\\/noticias\\\/#organization\",\"name\":\"El Digital de Asturias\",\"description\":\"Hemeroteca\",\"url\":\"https:\\\/\\\/www.eldigitaldeasturias.com\\\/noticias\\\/\",\"email\":\"info@eldigitaldeasturias.com\",\"telephone\":\"+34652131393\",\"logo\":{\"@type\":\"ImageObject\",\"url\":\"https:\\\/\\\/www.eldigitaldeasturias.com\\\/noticias\\\/wp-content\\\/uploads\\\/2020\\\/12\\\/EDA.jpg\",\"@id\":\"https:\\\/\\\/www.eldigitaldeasturias.com\\\/noticias\\\/metro-de-malaga-transporta-casi-98-000-pasajeros-durante-la-feria\\\/#organizationLogo\"},\"image\":{\"@id\":\"https:\\\/\\\/www.eldigitaldeasturias.com\\\/noticias\\\/metro-de-malaga-transporta-casi-98-000-pasajeros-durante-la-feria\\\/#organizationLogo\"},\"sameAs\":[\"https:\\\/\\\/facebook.com\\\/eldigitaldeasturias\",\"https:\\\/\\\/www.youtube.com\\\/channel\\\/UCZP-2wLEB9Rv6erhFmqVnvg\"],\"address\":{\"@id\":\"https:\\\/\\\/www.eldigitaldeasturias.com\\\/noticias\\\/#postaladdress\",\"@type\":\"PostalAddress\",\"streetAddress\":\"san antonio 4\",\"postalCode\":\"33430\",\"addressLocality\":\"Cand\\u00e1s\",\"addressRegion\":\"Asturias\",\"addressCountry\":\"ES\"}},{\"@type\":\"Person\",\"@id\":\"https:\\\/\\\/www.eldigitaldeasturias.com\\\/noticias\\\/author\\\/admin\\\/#author\",\"url\":\"https:\\\/\\\/www.eldigitaldeasturias.com\\\/noticias\\\/author\\\/admin\\\/\",\"name\":\"El Digital de Asturias\",\"image\":{\"@type\":\"ImageObject\",\"@id\":\"https:\\\/\\\/www.eldigitaldeasturias.com\\\/noticias\\\/metro-de-malaga-transporta-casi-98-000-pasajeros-durante-la-feria\\\/#authorImage\",\"url\":\"https:\\\/\\\/secure.gravatar.com\\\/avatar\\\/df2aeffc32bcd13f8d26072ef8a91b623d677766deac7f97ca815868cd41bf5e?s=96&d=mm&r=g\",\"width\":96,\"height\":96,\"caption\":\"El Digital de Asturias\"}},{\"@type\":\"WebPage\",\"@id\":\"https:\\\/\\\/www.eldigitaldeasturias.com\\\/noticias\\\/metro-de-malaga-transporta-casi-98-000-pasajeros-durante-la-feria\\\/#webpage\",\"url\":\"https:\\\/\\\/www.eldigitaldeasturias.com\\\/noticias\\\/metro-de-malaga-transporta-casi-98-000-pasajeros-durante-la-feria\\\/\",\"name\":\"Metro de M\\u00e1laga transporta casi 98.000 pasajeros durante la Feria - El Digital de Asturias\",\"description\":\"Metro de M\\u00e1laga, sociedad concesionaria de la Junta de Andaluc\\u00eda, ha transportado a la largo de la pasada semana de feria una total de 97.864 viajeros, cifra que equivale a un crecimiento del 12% con respecto a los datos de 2016. El d\\u00eda de mayor demanda fue el viernes 11 de agosto, jornada en la\",\"inLanguage\":\"es-ES\",\"isPartOf\":{\"@id\":\"https:\\\/\\\/www.eldigitaldeasturias.com\\\/noticias\\\/#website\"},\"breadcrumb\":{\"@id\":\"https:\\\/\\\/www.eldigitaldeasturias.com\\\/noticias\\\/metro-de-malaga-transporta-casi-98-000-pasajeros-durante-la-feria\\\/#breadcrumblist\"},\"author\":{\"@id\":\"https:\\\/\\\/www.eldigitaldeasturias.com\\\/noticias\\\/author\\\/admin\\\/#author\"},\"creator\":{\"@id\":\"https:\\\/\\\/www.eldigitaldeasturias.com\\\/noticias\\\/author\\\/admin\\\/#author\"},\"image\":{\"@type\":\"ImageObject\",\"url\":950604,\"@id\":\"https:\\\/\\\/www.eldigitaldeasturias.com\\\/noticias\\\/metro-de-malaga-transporta-casi-98-000-pasajeros-durante-la-feria\\\/#mainImage\"},\"primaryImageOfPage\":{\"@id\":\"https:\\\/\\\/www.eldigitaldeasturias.com\\\/noticias\\\/metro-de-malaga-transporta-casi-98-000-pasajeros-durante-la-feria\\\/#mainImage\"},\"datePublished\":\"2017-08-23T04:02:28+02:00\",\"dateModified\":\"2017-08-23T04:02:28+02:00\"},{\"@type\":\"WebSite\",\"@id\":\"https:\\\/\\\/www.eldigitaldeasturias.com\\\/noticias\\\/#website\",\"url\":\"https:\\\/\\\/www.eldigitaldeasturias.com\\\/noticias\\\/\",\"name\":\"El Digital de Asturias - Diario de actualidad y noticias\",\"alternateName\":\"El Digital de Asturias - Diario de actualidad y noticias\",\"description\":\"Hemeroteca\",\"inLanguage\":\"es-ES\",\"publisher\":{\"@id\":\"https:\\\/\\\/www.eldigitaldeasturias.com\\\/noticias\\\/#organization\"}}]}\n\t\t<\/script>\n\t\t<!-- All in One SEO Pro -->\r\n\t\t<title>Metro de M\u00e1laga transporta casi 98.000 pasajeros durante la Feria - El Digital de Asturias<\/title>\n\n","aioseo_head_json":{"title":"Metro de M\u00e1laga transporta casi 98.000 pasajeros durante la Feria - El Digital de Asturias","description":"Metro de M\u00e1laga, sociedad concesionaria de la Junta de Andaluc\u00eda, ha transportado a la largo de la pasada semana de feria una total de 97.864 viajeros, cifra que equivale a un crecimiento del 12% con respecto a los datos de 2016. El d\u00eda de mayor demanda fue el viernes 11 de agosto, jornada en la","canonical_url":"https:\/\/www.eldigitaldeasturias.com\/noticias\/metro-de-malaga-transporta-casi-98-000-pasajeros-durante-la-feria\/","robots":"max-image-preview:large","keywords":"actualidad","webmasterTools":{"google-site-verification":"UA-38556648-1","msvalidate.01":"7dfe9f3f1b24437ab69f4f2559babe99","miscellaneous":""},"schema":{"@context":"https:\/\/schema.org","@graph":[{"@type":"BlogPosting","@id":"https:\/\/www.eldigitaldeasturias.com\/noticias\/metro-de-malaga-transporta-casi-98-000-pasajeros-durante-la-feria\/#blogposting","name":"Metro de M\u00e1laga transporta casi 98.000 pasajeros durante la Feria - El Digital de Asturias","headline":"Metro de M\u00e1laga transporta casi 98.000 pasajeros durante la Feria","author":{"@id":"https:\/\/www.eldigitaldeasturias.com\/noticias\/author\/admin\/#author"},"publisher":{"@id":"https:\/\/www.eldigitaldeasturias.com\/noticias\/#organization"},"image":{"@type":"ImageObject","url":950604},"datePublished":"2017-08-23T04:02:28+02:00","dateModified":"2017-08-23T04:02:28+02:00","inLanguage":"es-ES","mainEntityOfPage":{"@id":"https:\/\/www.eldigitaldeasturias.com\/noticias\/metro-de-malaga-transporta-casi-98-000-pasajeros-durante-la-feria\/#webpage"},"isPartOf":{"@id":"https:\/\/www.eldigitaldeasturias.com\/noticias\/metro-de-malaga-transporta-casi-98-000-pasajeros-durante-la-feria\/#webpage"},"articleSection":"Actualidad"},{"@type":"BreadcrumbList","@id":"https:\/\/www.eldigitaldeasturias.com\/noticias\/metro-de-malaga-transporta-casi-98-000-pasajeros-durante-la-feria\/#breadcrumblist","itemListElement":[{"@type":"ListItem","@id":"https:\/\/www.eldigitaldeasturias.com\/noticias#listItem","position":1,"name":"Home","item":"https:\/\/www.eldigitaldeasturias.com\/noticias","nextItem":{"@type":"ListItem","@id":"https:\/\/www.eldigitaldeasturias.com\/noticias\/category\/actualidad\/#listItem","name":"Actualidad"}},{"@type":"ListItem","@id":"https:\/\/www.eldigitaldeasturias.com\/noticias\/category\/actualidad\/#listItem","position":2,"name":"Actualidad","item":"https:\/\/www.eldigitaldeasturias.com\/noticias\/category\/actualidad\/","nextItem":{"@type":"ListItem","@id":"https:\/\/www.eldigitaldeasturias.com\/noticias\/metro-de-malaga-transporta-casi-98-000-pasajeros-durante-la-feria\/#listItem","name":"Metro de M\u00e1laga transporta casi 98.000 pasajeros durante la Feria"},"previousItem":{"@type":"ListItem","@id":"https:\/\/www.eldigitaldeasturias.com\/noticias#listItem","name":"Home"}},{"@type":"ListItem","@id":"https:\/\/www.eldigitaldeasturias.com\/noticias\/metro-de-malaga-transporta-casi-98-000-pasajeros-durante-la-feria\/#listItem","position":3,"name":"Metro de M\u00e1laga transporta casi 98.000 pasajeros durante la Feria","previousItem":{"@type":"ListItem","@id":"https:\/\/www.eldigitaldeasturias.com\/noticias\/category\/actualidad\/#listItem","name":"Actualidad"}}]},{"@type":"Organization","@id":"https:\/\/www.eldigitaldeasturias.com\/noticias\/#organization","name":"El Digital de Asturias","description":"Hemeroteca","url":"https:\/\/www.eldigitaldeasturias.com\/noticias\/","email":"info@eldigitaldeasturias.com","telephone":"+34652131393","logo":{"@type":"ImageObject","url":"https:\/\/www.eldigitaldeasturias.com\/noticias\/wp-content\/uploads\/2020\/12\/EDA.jpg","@id":"https:\/\/www.eldigitaldeasturias.com\/noticias\/metro-de-malaga-transporta-casi-98-000-pasajeros-durante-la-feria\/#organizationLogo"},"image":{"@id":"https:\/\/www.eldigitaldeasturias.com\/noticias\/metro-de-malaga-transporta-casi-98-000-pasajeros-durante-la-feria\/#organizationLogo"},"sameAs":["https:\/\/facebook.com\/eldigitaldeasturias","https:\/\/www.youtube.com\/channel\/UCZP-2wLEB9Rv6erhFmqVnvg"],"address":{"@id":"https:\/\/www.eldigitaldeasturias.com\/noticias\/#postaladdress","@type":"PostalAddress","streetAddress":"san antonio 4","postalCode":"33430","addressLocality":"Cand\u00e1s","addressRegion":"Asturias","addressCountry":"ES"}},{"@type":"Person","@id":"https:\/\/www.eldigitaldeasturias.com\/noticias\/author\/admin\/#author","url":"https:\/\/www.eldigitaldeasturias.com\/noticias\/author\/admin\/","name":"El Digital de Asturias","image":{"@type":"ImageObject","@id":"https:\/\/www.eldigitaldeasturias.com\/noticias\/metro-de-malaga-transporta-casi-98-000-pasajeros-durante-la-feria\/#authorImage","url":"https:\/\/secure.gravatar.com\/avatar\/df2aeffc32bcd13f8d26072ef8a91b623d677766deac7f97ca815868cd41bf5e?s=96&d=mm&r=g","width":96,"height":96,"caption":"El Digital de Asturias"}},{"@type":"WebPage","@id":"https:\/\/www.eldigitaldeasturias.com\/noticias\/metro-de-malaga-transporta-casi-98-000-pasajeros-durante-la-feria\/#webpage","url":"https:\/\/www.eldigitaldeasturias.com\/noticias\/metro-de-malaga-transporta-casi-98-000-pasajeros-durante-la-feria\/","name":"Metro de M\u00e1laga transporta casi 98.000 pasajeros durante la Feria - El Digital de Asturias","description":"Metro de M\u00e1laga, sociedad concesionaria de la Junta de Andaluc\u00eda, ha transportado a la largo de la pasada semana de feria una total de 97.864 viajeros, cifra que equivale a un crecimiento del 12% con respecto a los datos de 2016. El d\u00eda de mayor demanda fue el viernes 11 de agosto, jornada en la","inLanguage":"es-ES","isPartOf":{"@id":"https:\/\/www.eldigitaldeasturias.com\/noticias\/#website"},"breadcrumb":{"@id":"https:\/\/www.eldigitaldeasturias.com\/noticias\/metro-de-malaga-transporta-casi-98-000-pasajeros-durante-la-feria\/#breadcrumblist"},"author":{"@id":"https:\/\/www.eldigitaldeasturias.com\/noticias\/author\/admin\/#author"},"creator":{"@id":"https:\/\/www.eldigitaldeasturias.com\/noticias\/author\/admin\/#author"},"image":{"@type":"ImageObject","url":950604,"@id":"https:\/\/www.eldigitaldeasturias.com\/noticias\/metro-de-malaga-transporta-casi-98-000-pasajeros-durante-la-feria\/#mainImage"},"primaryImageOfPage":{"@id":"https:\/\/www.eldigitaldeasturias.com\/noticias\/metro-de-malaga-transporta-casi-98-000-pasajeros-durante-la-feria\/#mainImage"},"datePublished":"2017-08-23T04:02:28+02:00","dateModified":"2017-08-23T04:02:28+02:00"},{"@type":"WebSite","@id":"https:\/\/www.eldigitaldeasturias.com\/noticias\/#website","url":"https:\/\/www.eldigitaldeasturias.com\/noticias\/","name":"El Digital de Asturias - Diario de actualidad y noticias","alternateName":"El Digital de Asturias - Diario de actualidad y noticias","description":"Hemeroteca","inLanguage":"es-ES","publisher":{"@id":"https:\/\/www.eldigitaldeasturias.com\/noticias\/#organization"}}]},"og:locale":"es_ES","og:site_name":"El Digital de Asturias","og:type":"article","og:title":"Metro de M\u00e1laga transporta casi 98.000 pasajeros durante la Feria - El Digital de Asturias","og:description":"Metro de M\u00e1laga, sociedad concesionaria de la Junta de Andaluc\u00eda, ha transportado a la largo de la pasada semana de feria una total de 97.864 viajeros, cifra que equivale a un crecimiento del 12% con respecto a los datos de 2016. El d\u00eda de mayor demanda fue el viernes 11 de agosto, jornada en la","og:url":"https:\/\/www.eldigitaldeasturias.com\/noticias\/metro-de-malaga-transporta-casi-98-000-pasajeros-durante-la-feria\/","article:tag":["actualidad"],"article:published_time":"2017-08-23T04:02:28+00:00","article:modified_time":"2017-08-23T04:02:28+00:00","article:publisher":"https:\/\/facebook.com\/eldigitaldeasturias","twitter:card":"summary_large_image","twitter:title":"Metro de M\u00e1laga transporta casi 98.000 pasajeros durante la Feria - El Digital de Asturias","twitter:description":"Metro de M\u00e1laga, sociedad concesionaria de la Junta de Andaluc\u00eda, ha transportado a la largo de la pasada semana de feria una total de 97.864 viajeros, cifra que equivale a un crecimiento del 12% con respecto a los datos de 2016. El d\u00eda de mayor demanda fue el viernes 11 de agosto, jornada en la","twitter:image":"https:\/\/www.eldigitaldeasturias.com\/noticias\/wp-content\/uploads\/2020\/12\/EDA-1.jpg","twitter:label1":"Escrito por","twitter:data1":"El Digital de Asturias","twitter:label2":"Tiempo de lectura estimado","twitter:data2":"2 minutos"},"aioseo_meta_data":{"post_id":"950603","title":null,"description":null,"keywords":null,"keyphrases":null,"primary_term":null,"canonical_url":null,"og_title":null,"og_description":null,"og_object_type":"default","og_image_type":"default","og_image_url":null,"og_image_width":null,"og_image_height":null,"og_image_custom_url":null,"og_image_custom_fields":null,"og_video":null,"og_custom_url":null,"og_article_section":null,"og_article_tags":null,"twitter_use_og":false,"twitter_card":"default","twitter_image_type":"default","twitter_image_url":null,"twitter_image_custom_url":null,"twitter_image_custom_fields":null,"twitter_title":null,"twitter_description":null,"schema":{"blockGraphs":[],"customGraphs":[],"default":{"data":{"Article":[],"Course":[],"Dataset":[],"FAQPage":[],"Movie":[],"Person":[],"Product":[],"ProductReview":[],"Car":[],"Recipe":[],"Service":[],"SoftwareApplication":[],"WebPage":[]},"graphName":"","isEnabled":true},"graphs":[],"defaultGraph":"","defaultPostTypeGraph":""},"schema_type":null,"schema_type_options":null,"pillar_content":false,"robots_default":true,"robots_noindex":false,"robots_noarchive":false,"robots_nosnippet":false,"robots_nofollow":false,"robots_noimageindex":false,"robots_noodp":false,"robots_notranslate":false,"robots_max_snippet":null,"robots_max_videopreview":null,"robots_max_imagepreview":"large","priority":null,"frequency":null,"local_seo":null,"seo_analyzer_scan_date":"2025-12-05 16:24:22","breadcrumb_settings":null,"limit_modified_date":false,"open_ai":null,"ai":null,"created":"2020-12-21 12:58:35","updated":"2025-12-05 16:24:22","focus_keyword":null,"additional_keywords":null,"truseo_locale":null},"aioseo_breadcrumb":"<div class=\"aioseo-breadcrumbs\"><span class=\"aioseo-breadcrumb\">\n\t<a href=\"https:\/\/www.eldigitaldeasturias.com\/noticias\" title=\"Home\">Home<\/a>\n<\/span><span class=\"aioseo-breadcrumb-separator\">\u2013<\/span><span class=\"aioseo-breadcrumb\">\n\t<a href=\"https:\/\/www.eldigitaldeasturias.com\/noticias\/category\/actualidad\/\" title=\"Actualidad\">Actualidad<\/a>\n<\/span><span class=\"aioseo-breadcrumb-separator\">\u2013<\/span><span class=\"aioseo-breadcrumb\">\n\t<a href=\"https:\/\/www.eldigitaldeasturias.com\/noticias\/metro-de-malaga-transporta-casi-98-000-pasajeros-durante-la-feria\/\" title=\"Metro de M\u00e1laga transporta casi 98.000 pasajeros durante la Feria\">Metro de M\u00e1laga transporta casi 98.000 pasajeros durante la Feria<\/a>\n<\/span><\/div>","aioseo_breadcrumb_json":[{"label":"Home","link":"https:\/\/www.eldigitaldeasturias.com\/noticias"},{"label":"Actualidad","link":"https:\/\/www.eldigitaldeasturias.com\/noticias\/category\/actualidad\/"},{"label":"Metro de M\u00e1laga transporta casi 98.000 pasajeros durante la Feria","link":"https:\/\/www.eldigitaldeasturias.com\/noticias\/metro-de-malaga-transporta-casi-98-000-pasajeros-durante-la-feria\/"}],"_links":{"self":[{"href":"https:\/\/www.eldigitaldeasturias.com\/noticias\/wp-json\/wp\/v2\/posts\/950603","targetHints":{"allow":["GET"]}}],"collection":[{"href":"https:\/\/www.eldigitaldeasturias.com\/noticias\/wp-json\/wp\/v2\/posts"}],"about":[{"href":"https:\/\/www.eldigitaldeasturias.com\/noticias\/wp-json\/wp\/v2\/types\/post"}],"author":[{"embeddable":true,"href":"https:\/\/www.eldigitaldeasturias.com\/noticias\/wp-json\/wp\/v2\/users\/1"}],"replies":[{"embeddable":true,"href":"https:\/\/www.eldigitaldeasturias.com\/noticias\/wp-json\/wp\/v2\/comments?post=950603"}],"version-history":[{"count":0,"href":"https:\/\/www.eldigitaldeasturias.com\/noticias\/wp-json\/wp\/v2\/posts\/950603\/revisions"}],"wp:attachment":[{"href":"https:\/\/www.eldigitaldeasturias.com\/noticias\/wp-json\/wp\/v2\/media?parent=950603"}],"wp:term":[{"taxonomy":"category","embeddable":true,"href":"https:\/\/www.eldigitaldeasturias.com\/noticias\/wp-json\/wp\/v2\/categories?post=950603"},{"taxonomy":"post_tag","embeddable":true,"href":"https:\/\/www.eldigitaldeasturias.com\/noticias\/wp-json\/wp\/v2\/tags?post=950603"}],"curies":[{"name":"wp","href":"https:\/\/api.w.org\/{rel}","templated":true}]}}