{"id":950600,"date":"2017-08-23T04:00:53","date_gmt":"2017-08-23T04:00:53","guid":{"rendered":"http:\/\/www.eldigitaldeasturias.com\/noticias\/?p=950600"},"modified":"2017-08-23T04:00:53","modified_gmt":"2017-08-23T04:00:53","slug":"rosa-aguilar-pide-un-nuevo-juzgado-de-primera-instancia-e-instruccion-para-vera","status":"publish","type":"post","link":"https:\/\/www.eldigitaldeasturias.com\/noticias\/rosa-aguilar-pide-un-nuevo-juzgado-de-primera-instancia-e-instruccion-para-vera\/","title":{"rendered":"Rosa Aguilar pide un nuevo juzgado de primera instancia e instrucci\u00f3n para Vera"},"content":{"rendered":"<p><img loading=\"lazy\" decoding=\"async\" class=\"alignleft size-full wp-image-950601\" src=\"https:\/\/www.eldigitaldeasturias.com\/noticias\/wp-content\/uploads\/2017\/08\/150331755427.jpg\" alt=\"\" width=\"312\" height=\"176\" \/>La consejera de Justicia e Interior, Rosa Aguilar, ha subrayado en Almer\u00eda que es \u00abimprescindible\u00bb que el Ministerio de Justicia dote a Vera de un nuevo juzgado de primera instancia e instrucci\u00f3n.<\/p>\n<p>Aguilar ha explicado que este juzgado es \u00abfundamental y prioritario\u00bb para Vera y que, aunque la Junta de Andaluc\u00eda lo ha solicitado, \u00abel Ministerio, hasta ahora, ha mirado hacia otro lado\u00bb. Sin embargo, ha se\u00f1alado, \u00abesperamos que el ministro, en un ejercicio responsable, acepte esta propuesta imprescinidible y urgente en la reuni\u00f3n bilateral que en su d\u00eda tendremos\u00bb.<\/p>\n<p>En su primera reuni\u00f3n con las autoridades judiciales almerienses, la consejera ha resaltado tambi\u00e9n la apuesta de la Junta de Andaluc\u00eda por las mejoras tecnol\u00f3gicas en la Administraci\u00f3n de Justicia de la comunidad aut\u00f3noma.<\/p>\n<p>\u00abEn el \u00e1mbito tecnol\u00f3gico, la Consejer\u00eda tiene una apuesta cierta, segura y decidida\u00bb, ha subrayado Rosa Aguilar, que ha recordado que est\u00e1 en marcha la licitaci\u00f3n de propuestas por valor de 20 millones de euros, del total de 30 millones de los fondos Feder que se invertir\u00e1n en este proceso de modernizaci\u00f3n tecnol\u00f3gica. La consejera ha dicho que se trata de un paso hacia delante muy importante para la Administraci\u00f3n de Justicia y necesario para formar parte de \u00abese sistema interprocesal com\u00fan a nivel de toda Espa\u00f1a\u00bb.<\/p>\n<p>Respecto a las cl\u00e1usulas suelo, Rosa Aguilar ha reiterado la oposici\u00f3n de la Junta de Andaluc\u00eda al sistema del Consejo General del Poder Judicial (CGPJ), que se\u00f1ala un juzgado por provincia para sustanciar todas las demandas. En el caso de Almer\u00eda, ha apuntado, \u00abha puesto a cuatro personas para atender ese juzgado, algo que va a perjudicar claramente a la ciudadan\u00eda y que s\u00f3lo beneficia a las entidades financieras\u00bb. \u00abYa son casi 700 demandas las presentadas en esta provincia y en Andaluc\u00eda rondan ya las 7.000\u00bb, ha se\u00f1alado la consejera, que considera que, con estas cifras, ser\u00e1 imposible abordarlas y dar una respuesta \u00e1gil y r\u00e1pida, por lo que ha pedido al Ministerio que rectifique cuando, en septiembre, se eval\u00fae el sistema.<\/p>\n<p><strong>Obras en la provincia<\/strong><\/p>\n<p>La Junta de Andaluc\u00eda est\u00e1 llevando a cabo diferentes obras de reforma y mejora en infraestructuras judiciales de la provincia que suponen una inversi\u00f3n de unos 300.000 euros. Las actuaciones se est\u00e1n desarrollando en la Ciudad de la Justicia y la Audiencia Provincial, en la capital, y en los juzgados de Purchena y Hu\u00e9rcal-Overa.<\/p>\n<p>En la Ciudad de la Justicia se ha actuado en la adecuaci\u00f3n de una &#8216;sala Gessell&#8217;, convirtiendo un espacio en sala de pruebas preconstituidas, se ha reparado uno de los transformadores el\u00e9ctricos del edificio y se proceder\u00e1 a instalar una nueva mesa de autopsias en el Instituto de Medicina Legal. En la sede de la Audiencia Provincial, se han mejorado los calabozos y pr\u00f3ximamente se va a licitar un estudio que establecer\u00e1 las actuaciones necesarias para garantizar la eficiencia energ\u00e9tica de las instalaciones y comenzar\u00e1n las obras de reforma integral del edificio con una inversi\u00f3n cercana a los 100.000 euros.<\/p>\n<p>En los juzgados de Purchena y Hu\u00e9rcal-Overa las intervenciones se centran en la mejora de la accesibilidad con la sustituci\u00f3n de los ascensores.<\/p>\n<p>En la Ciudad de la Justicia se han mejorado los sistemas de protecci\u00f3n contra incendios y de climatizaci\u00f3n y se ha sustituido el mobiliario de la sala Mediara, entre otras intervenciones. En la Audiencia Pronvicial se ha sustituido el sistema de videovigilancia y se han adecuado varios despachos de la Secci\u00f3n 2\u00aa. Y en los juzgados de Berja, El Ejido y Roquetas de Mar se han llevado a cabo obras de mejora en los sistemas el\u00e9ctricos y de climatizaci\u00f3n, fundamentalmente.<\/p>\n<p>La Consejer\u00eda de Justicia e Interior desarrolla tambi\u00e9n un programa extraordinario de obras menores que est\u00e1 acometiendo a lo largo de este a\u00f1o, que cuenta con una inversi\u00f3n global de 600.000 euros en la comunidad, y de otro plan extraordinario en materia de accesibilidad, dotado con 181.500 euros.<\/p>\n<p>&nbsp;<\/p>\n","protected":false},"excerpt":{"rendered":"<p>La consejera de Justicia e Interior, Rosa Aguilar, ha subrayado en Almer\u00eda que es \u00abimprescindible\u00bb que el Ministerio de Justicia dote a Vera de un nuevo juzgado de primera instancia e instrucci\u00f3n. Aguilar ha explicado que este juzgado es \u00abfundamental y prioritario\u00bb para Vera y que, aunque la Junta de Andaluc\u00eda lo ha solicitado, \u00abel [&hellip;]<\/p>\n","protected":false},"author":1,"featured_media":950601,"comment_status":"closed","ping_status":"closed","sticky":false,"template":"","format":"standard","meta":{"footnotes":""},"categories":[1],"tags":[],"class_list":["post-950600","post","type-post","status-publish","format-standard","has-post-thumbnail","hentry","category-actualidad"],"aioseo_notices":[],"aioseo_head":"\n\t\t<!-- All in One SEO Pro 5.0.1 - aioseo.com -->\n\t<meta name=\"description\" content=\"La consejera de Justicia e Interior, Rosa Aguilar, ha subrayado en Almer\u00eda que es &quot;imprescindible&quot; que el Ministerio de Justicia dote a Vera de un nuevo juzgado de primera instancia e instrucci\u00f3n. Aguilar ha explicado que este juzgado es &quot;fundamental y prioritario&quot; para Vera y que, aunque la Junta de Andaluc\u00eda lo ha solicitado, &quot;el\" \/>\n\t<meta name=\"robots\" content=\"max-image-preview:large\" \/>\n\t<meta name=\"author\" content=\"El Digital de Asturias\"\/>\n\t<meta name=\"google-site-verification\" content=\"UA-38556648-1\" \/>\n\t<meta name=\"msvalidate.01\" content=\"7dfe9f3f1b24437ab69f4f2559babe99\" \/>\n\t<meta name=\"keywords\" content=\"actualidad\" \/>\n\t<link rel=\"canonical\" href=\"https:\/\/www.eldigitaldeasturias.com\/noticias\/rosa-aguilar-pide-un-nuevo-juzgado-de-primera-instancia-e-instruccion-para-vera\/\" \/>\n\t<meta name=\"generator\" content=\"All in One SEO Pro (AIOSEO) 5.0.1\" \/>\n\t\t<meta property=\"og:locale\" content=\"es_ES\" \/>\n\t\t<meta property=\"og:site_name\" content=\"El Digital de Asturias\" \/>\n\t\t<meta property=\"og:type\" content=\"article\" \/>\n\t\t<meta property=\"og:title\" content=\"Rosa Aguilar pide un nuevo juzgado de primera instancia e instrucci\u00f3n para Vera - El Digital de Asturias\" \/>\n\t\t<meta property=\"og:description\" content=\"La consejera de Justicia e Interior, Rosa Aguilar, ha subrayado en Almer\u00eda que es &quot;imprescindible&quot; que el Ministerio de Justicia dote a Vera de un nuevo juzgado de primera instancia e instrucci\u00f3n. Aguilar ha explicado que este juzgado es &quot;fundamental y prioritario&quot; para Vera y que, aunque la Junta de Andaluc\u00eda lo ha solicitado, &quot;el\" \/>\n\t\t<meta property=\"og:url\" content=\"https:\/\/www.eldigitaldeasturias.com\/noticias\/rosa-aguilar-pide-un-nuevo-juzgado-de-primera-instancia-e-instruccion-para-vera\/\" \/>\n\t\t<meta property=\"article:tag\" content=\"actualidad\" \/>\n\t\t<meta property=\"article:published_time\" content=\"2017-08-23T04:00:53+00:00\" \/>\n\t\t<meta property=\"article:modified_time\" content=\"2017-08-23T04:00:53+00:00\" \/>\n\t\t<meta property=\"article:publisher\" content=\"https:\/\/facebook.com\/eldigitaldeasturias\" \/>\n\t\t<meta name=\"twitter:card\" content=\"summary_large_image\" \/>\n\t\t<meta name=\"twitter:title\" content=\"Rosa Aguilar pide un nuevo juzgado de primera instancia e instrucci\u00f3n para Vera - El Digital de Asturias\" \/>\n\t\t<meta name=\"twitter:description\" content=\"La consejera de Justicia e Interior, Rosa Aguilar, ha subrayado en Almer\u00eda que es &quot;imprescindible&quot; que el Ministerio de Justicia dote a Vera de un nuevo juzgado de primera instancia e instrucci\u00f3n. Aguilar ha explicado que este juzgado es &quot;fundamental y prioritario&quot; para Vera y que, aunque la Junta de Andaluc\u00eda lo ha solicitado, &quot;el\" \/>\n\t\t<meta name=\"twitter:image\" content=\"https:\/\/www.eldigitaldeasturias.com\/noticias\/wp-content\/uploads\/2020\/12\/EDA-1.jpg\" \/>\n\t\t<meta name=\"twitter:label1\" content=\"Escrito por\" \/>\n\t\t<meta name=\"twitter:data1\" content=\"El Digital de Asturias\" \/>\n\t\t<meta name=\"twitter:label2\" content=\"Tiempo de lectura estimado\" \/>\n\t\t<meta name=\"twitter:data2\" content=\"3 minutos\" \/>\n\t\t<script type=\"application\/ld+json\" class=\"aioseo-schema\">\n\t\t\t{\"@context\":\"https:\\\/\\\/schema.org\",\"@graph\":[{\"@type\":\"BlogPosting\",\"@id\":\"https:\\\/\\\/www.eldigitaldeasturias.com\\\/noticias\\\/rosa-aguilar-pide-un-nuevo-juzgado-de-primera-instancia-e-instruccion-para-vera\\\/#blogposting\",\"name\":\"Rosa Aguilar pide un nuevo juzgado de primera instancia e instrucci\\u00f3n para Vera - El Digital de Asturias\",\"headline\":\"Rosa Aguilar pide un nuevo juzgado de primera instancia e instrucci\\u00f3n para Vera\",\"author\":{\"@id\":\"https:\\\/\\\/www.eldigitaldeasturias.com\\\/noticias\\\/author\\\/admin\\\/#author\"},\"publisher\":{\"@id\":\"https:\\\/\\\/www.eldigitaldeasturias.com\\\/noticias\\\/#organization\"},\"image\":{\"@type\":\"ImageObject\",\"url\":950601},\"datePublished\":\"2017-08-23T04:00:53+02:00\",\"dateModified\":\"2017-08-23T04:00:53+02:00\",\"inLanguage\":\"es-ES\",\"mainEntityOfPage\":{\"@id\":\"https:\\\/\\\/www.eldigitaldeasturias.com\\\/noticias\\\/rosa-aguilar-pide-un-nuevo-juzgado-de-primera-instancia-e-instruccion-para-vera\\\/#webpage\"},\"isPartOf\":{\"@id\":\"https:\\\/\\\/www.eldigitaldeasturias.com\\\/noticias\\\/rosa-aguilar-pide-un-nuevo-juzgado-de-primera-instancia-e-instruccion-para-vera\\\/#webpage\"},\"articleSection\":\"Actualidad\"},{\"@type\":\"BreadcrumbList\",\"@id\":\"https:\\\/\\\/www.eldigitaldeasturias.com\\\/noticias\\\/rosa-aguilar-pide-un-nuevo-juzgado-de-primera-instancia-e-instruccion-para-vera\\\/#breadcrumblist\",\"itemListElement\":[{\"@type\":\"ListItem\",\"@id\":\"https:\\\/\\\/www.eldigitaldeasturias.com\\\/noticias#listItem\",\"position\":1,\"name\":\"Home\",\"item\":\"https:\\\/\\\/www.eldigitaldeasturias.com\\\/noticias\",\"nextItem\":{\"@type\":\"ListItem\",\"@id\":\"https:\\\/\\\/www.eldigitaldeasturias.com\\\/noticias\\\/category\\\/actualidad\\\/#listItem\",\"name\":\"Actualidad\"}},{\"@type\":\"ListItem\",\"@id\":\"https:\\\/\\\/www.eldigitaldeasturias.com\\\/noticias\\\/category\\\/actualidad\\\/#listItem\",\"position\":2,\"name\":\"Actualidad\",\"item\":\"https:\\\/\\\/www.eldigitaldeasturias.com\\\/noticias\\\/category\\\/actualidad\\\/\",\"nextItem\":{\"@type\":\"ListItem\",\"@id\":\"https:\\\/\\\/www.eldigitaldeasturias.com\\\/noticias\\\/rosa-aguilar-pide-un-nuevo-juzgado-de-primera-instancia-e-instruccion-para-vera\\\/#listItem\",\"name\":\"Rosa Aguilar pide un nuevo juzgado de primera instancia e instrucci\\u00f3n para Vera\"},\"previousItem\":{\"@type\":\"ListItem\",\"@id\":\"https:\\\/\\\/www.eldigitaldeasturias.com\\\/noticias#listItem\",\"name\":\"Home\"}},{\"@type\":\"ListItem\",\"@id\":\"https:\\\/\\\/www.eldigitaldeasturias.com\\\/noticias\\\/rosa-aguilar-pide-un-nuevo-juzgado-de-primera-instancia-e-instruccion-para-vera\\\/#listItem\",\"position\":3,\"name\":\"Rosa Aguilar pide un nuevo juzgado de primera instancia e instrucci\\u00f3n para Vera\",\"previousItem\":{\"@type\":\"ListItem\",\"@id\":\"https:\\\/\\\/www.eldigitaldeasturias.com\\\/noticias\\\/category\\\/actualidad\\\/#listItem\",\"name\":\"Actualidad\"}}]},{\"@type\":\"Organization\",\"@id\":\"https:\\\/\\\/www.eldigitaldeasturias.com\\\/noticias\\\/#organization\",\"name\":\"El Digital de Asturias\",\"description\":\"Hemeroteca\",\"url\":\"https:\\\/\\\/www.eldigitaldeasturias.com\\\/noticias\\\/\",\"email\":\"info@eldigitaldeasturias.com\",\"telephone\":\"+34652131393\",\"logo\":{\"@type\":\"ImageObject\",\"url\":\"https:\\\/\\\/www.eldigitaldeasturias.com\\\/noticias\\\/wp-content\\\/uploads\\\/2020\\\/12\\\/EDA.jpg\",\"@id\":\"https:\\\/\\\/www.eldigitaldeasturias.com\\\/noticias\\\/rosa-aguilar-pide-un-nuevo-juzgado-de-primera-instancia-e-instruccion-para-vera\\\/#organizationLogo\"},\"image\":{\"@id\":\"https:\\\/\\\/www.eldigitaldeasturias.com\\\/noticias\\\/rosa-aguilar-pide-un-nuevo-juzgado-de-primera-instancia-e-instruccion-para-vera\\\/#organizationLogo\"},\"sameAs\":[\"https:\\\/\\\/facebook.com\\\/eldigitaldeasturias\",\"https:\\\/\\\/www.youtube.com\\\/channel\\\/UCZP-2wLEB9Rv6erhFmqVnvg\"],\"address\":{\"@id\":\"https:\\\/\\\/www.eldigitaldeasturias.com\\\/noticias\\\/#postaladdress\",\"@type\":\"PostalAddress\",\"streetAddress\":\"san antonio 4\",\"postalCode\":\"33430\",\"addressLocality\":\"Cand\\u00e1s\",\"addressRegion\":\"Asturias\",\"addressCountry\":\"ES\"}},{\"@type\":\"Person\",\"@id\":\"https:\\\/\\\/www.eldigitaldeasturias.com\\\/noticias\\\/author\\\/admin\\\/#author\",\"url\":\"https:\\\/\\\/www.eldigitaldeasturias.com\\\/noticias\\\/author\\\/admin\\\/\",\"name\":\"El Digital de Asturias\",\"image\":{\"@type\":\"ImageObject\",\"@id\":\"https:\\\/\\\/www.eldigitaldeasturias.com\\\/noticias\\\/rosa-aguilar-pide-un-nuevo-juzgado-de-primera-instancia-e-instruccion-para-vera\\\/#authorImage\",\"url\":\"https:\\\/\\\/secure.gravatar.com\\\/avatar\\\/df2aeffc32bcd13f8d26072ef8a91b623d677766deac7f97ca815868cd41bf5e?s=96&d=mm&r=g\",\"width\":96,\"height\":96,\"caption\":\"El Digital de Asturias\"}},{\"@type\":\"WebPage\",\"@id\":\"https:\\\/\\\/www.eldigitaldeasturias.com\\\/noticias\\\/rosa-aguilar-pide-un-nuevo-juzgado-de-primera-instancia-e-instruccion-para-vera\\\/#webpage\",\"url\":\"https:\\\/\\\/www.eldigitaldeasturias.com\\\/noticias\\\/rosa-aguilar-pide-un-nuevo-juzgado-de-primera-instancia-e-instruccion-para-vera\\\/\",\"name\":\"Rosa Aguilar pide un nuevo juzgado de primera instancia e instrucci\\u00f3n para Vera - El Digital de Asturias\",\"description\":\"La consejera de Justicia e Interior, Rosa Aguilar, ha subrayado en Almer\\u00eda que es \\\"imprescindible\\\" que el Ministerio de Justicia dote a Vera de un nuevo juzgado de primera instancia e instrucci\\u00f3n. Aguilar ha explicado que este juzgado es \\\"fundamental y prioritario\\\" para Vera y que, aunque la Junta de Andaluc\\u00eda lo ha solicitado, \\\"el\",\"inLanguage\":\"es-ES\",\"isPartOf\":{\"@id\":\"https:\\\/\\\/www.eldigitaldeasturias.com\\\/noticias\\\/#website\"},\"breadcrumb\":{\"@id\":\"https:\\\/\\\/www.eldigitaldeasturias.com\\\/noticias\\\/rosa-aguilar-pide-un-nuevo-juzgado-de-primera-instancia-e-instruccion-para-vera\\\/#breadcrumblist\"},\"author\":{\"@id\":\"https:\\\/\\\/www.eldigitaldeasturias.com\\\/noticias\\\/author\\\/admin\\\/#author\"},\"creator\":{\"@id\":\"https:\\\/\\\/www.eldigitaldeasturias.com\\\/noticias\\\/author\\\/admin\\\/#author\"},\"image\":{\"@type\":\"ImageObject\",\"url\":950601,\"@id\":\"https:\\\/\\\/www.eldigitaldeasturias.com\\\/noticias\\\/rosa-aguilar-pide-un-nuevo-juzgado-de-primera-instancia-e-instruccion-para-vera\\\/#mainImage\"},\"primaryImageOfPage\":{\"@id\":\"https:\\\/\\\/www.eldigitaldeasturias.com\\\/noticias\\\/rosa-aguilar-pide-un-nuevo-juzgado-de-primera-instancia-e-instruccion-para-vera\\\/#mainImage\"},\"datePublished\":\"2017-08-23T04:00:53+02:00\",\"dateModified\":\"2017-08-23T04:00:53+02:00\"},{\"@type\":\"WebSite\",\"@id\":\"https:\\\/\\\/www.eldigitaldeasturias.com\\\/noticias\\\/#website\",\"url\":\"https:\\\/\\\/www.eldigitaldeasturias.com\\\/noticias\\\/\",\"name\":\"El Digital de Asturias - Diario de actualidad y noticias\",\"alternateName\":\"El Digital de Asturias - Diario de actualidad y noticias\",\"description\":\"Hemeroteca\",\"inLanguage\":\"es-ES\",\"publisher\":{\"@id\":\"https:\\\/\\\/www.eldigitaldeasturias.com\\\/noticias\\\/#organization\"}}]}\n\t\t<\/script>\n\t\t<!-- All in One SEO Pro -->\r\n\t\t<title>Rosa Aguilar pide un nuevo juzgado de primera instancia e instrucci\u00f3n para Vera - El Digital de Asturias<\/title>\n\n","aioseo_head_json":{"title":"Rosa Aguilar pide un nuevo juzgado de primera instancia e instrucci\u00f3n para Vera - El Digital de Asturias","description":"La consejera de Justicia e Interior, Rosa Aguilar, ha subrayado en Almer\u00eda que es \"imprescindible\" que el Ministerio de Justicia dote a Vera de un nuevo juzgado de primera instancia e instrucci\u00f3n. Aguilar ha explicado que este juzgado es \"fundamental y prioritario\" para Vera y que, aunque la Junta de Andaluc\u00eda lo ha solicitado, \"el","canonical_url":"https:\/\/www.eldigitaldeasturias.com\/noticias\/rosa-aguilar-pide-un-nuevo-juzgado-de-primera-instancia-e-instruccion-para-vera\/","robots":"max-image-preview:large","keywords":"actualidad","webmasterTools":{"google-site-verification":"UA-38556648-1","msvalidate.01":"7dfe9f3f1b24437ab69f4f2559babe99","miscellaneous":""},"schema":{"@context":"https:\/\/schema.org","@graph":[{"@type":"BlogPosting","@id":"https:\/\/www.eldigitaldeasturias.com\/noticias\/rosa-aguilar-pide-un-nuevo-juzgado-de-primera-instancia-e-instruccion-para-vera\/#blogposting","name":"Rosa Aguilar pide un nuevo juzgado de primera instancia e instrucci\u00f3n para Vera - El Digital de Asturias","headline":"Rosa Aguilar pide un nuevo juzgado de primera instancia e instrucci\u00f3n para Vera","author":{"@id":"https:\/\/www.eldigitaldeasturias.com\/noticias\/author\/admin\/#author"},"publisher":{"@id":"https:\/\/www.eldigitaldeasturias.com\/noticias\/#organization"},"image":{"@type":"ImageObject","url":950601},"datePublished":"2017-08-23T04:00:53+02:00","dateModified":"2017-08-23T04:00:53+02:00","inLanguage":"es-ES","mainEntityOfPage":{"@id":"https:\/\/www.eldigitaldeasturias.com\/noticias\/rosa-aguilar-pide-un-nuevo-juzgado-de-primera-instancia-e-instruccion-para-vera\/#webpage"},"isPartOf":{"@id":"https:\/\/www.eldigitaldeasturias.com\/noticias\/rosa-aguilar-pide-un-nuevo-juzgado-de-primera-instancia-e-instruccion-para-vera\/#webpage"},"articleSection":"Actualidad"},{"@type":"BreadcrumbList","@id":"https:\/\/www.eldigitaldeasturias.com\/noticias\/rosa-aguilar-pide-un-nuevo-juzgado-de-primera-instancia-e-instruccion-para-vera\/#breadcrumblist","itemListElement":[{"@type":"ListItem","@id":"https:\/\/www.eldigitaldeasturias.com\/noticias#listItem","position":1,"name":"Home","item":"https:\/\/www.eldigitaldeasturias.com\/noticias","nextItem":{"@type":"ListItem","@id":"https:\/\/www.eldigitaldeasturias.com\/noticias\/category\/actualidad\/#listItem","name":"Actualidad"}},{"@type":"ListItem","@id":"https:\/\/www.eldigitaldeasturias.com\/noticias\/category\/actualidad\/#listItem","position":2,"name":"Actualidad","item":"https:\/\/www.eldigitaldeasturias.com\/noticias\/category\/actualidad\/","nextItem":{"@type":"ListItem","@id":"https:\/\/www.eldigitaldeasturias.com\/noticias\/rosa-aguilar-pide-un-nuevo-juzgado-de-primera-instancia-e-instruccion-para-vera\/#listItem","name":"Rosa Aguilar pide un nuevo juzgado de primera instancia e instrucci\u00f3n para Vera"},"previousItem":{"@type":"ListItem","@id":"https:\/\/www.eldigitaldeasturias.com\/noticias#listItem","name":"Home"}},{"@type":"ListItem","@id":"https:\/\/www.eldigitaldeasturias.com\/noticias\/rosa-aguilar-pide-un-nuevo-juzgado-de-primera-instancia-e-instruccion-para-vera\/#listItem","position":3,"name":"Rosa Aguilar pide un nuevo juzgado de primera instancia e instrucci\u00f3n para Vera","previousItem":{"@type":"ListItem","@id":"https:\/\/www.eldigitaldeasturias.com\/noticias\/category\/actualidad\/#listItem","name":"Actualidad"}}]},{"@type":"Organization","@id":"https:\/\/www.eldigitaldeasturias.com\/noticias\/#organization","name":"El Digital de Asturias","description":"Hemeroteca","url":"https:\/\/www.eldigitaldeasturias.com\/noticias\/","email":"info@eldigitaldeasturias.com","telephone":"+34652131393","logo":{"@type":"ImageObject","url":"https:\/\/www.eldigitaldeasturias.com\/noticias\/wp-content\/uploads\/2020\/12\/EDA.jpg","@id":"https:\/\/www.eldigitaldeasturias.com\/noticias\/rosa-aguilar-pide-un-nuevo-juzgado-de-primera-instancia-e-instruccion-para-vera\/#organizationLogo"},"image":{"@id":"https:\/\/www.eldigitaldeasturias.com\/noticias\/rosa-aguilar-pide-un-nuevo-juzgado-de-primera-instancia-e-instruccion-para-vera\/#organizationLogo"},"sameAs":["https:\/\/facebook.com\/eldigitaldeasturias","https:\/\/www.youtube.com\/channel\/UCZP-2wLEB9Rv6erhFmqVnvg"],"address":{"@id":"https:\/\/www.eldigitaldeasturias.com\/noticias\/#postaladdress","@type":"PostalAddress","streetAddress":"san antonio 4","postalCode":"33430","addressLocality":"Cand\u00e1s","addressRegion":"Asturias","addressCountry":"ES"}},{"@type":"Person","@id":"https:\/\/www.eldigitaldeasturias.com\/noticias\/author\/admin\/#author","url":"https:\/\/www.eldigitaldeasturias.com\/noticias\/author\/admin\/","name":"El Digital de Asturias","image":{"@type":"ImageObject","@id":"https:\/\/www.eldigitaldeasturias.com\/noticias\/rosa-aguilar-pide-un-nuevo-juzgado-de-primera-instancia-e-instruccion-para-vera\/#authorImage","url":"https:\/\/secure.gravatar.com\/avatar\/df2aeffc32bcd13f8d26072ef8a91b623d677766deac7f97ca815868cd41bf5e?s=96&d=mm&r=g","width":96,"height":96,"caption":"El Digital de Asturias"}},{"@type":"WebPage","@id":"https:\/\/www.eldigitaldeasturias.com\/noticias\/rosa-aguilar-pide-un-nuevo-juzgado-de-primera-instancia-e-instruccion-para-vera\/#webpage","url":"https:\/\/www.eldigitaldeasturias.com\/noticias\/rosa-aguilar-pide-un-nuevo-juzgado-de-primera-instancia-e-instruccion-para-vera\/","name":"Rosa Aguilar pide un nuevo juzgado de primera instancia e instrucci\u00f3n para Vera - El Digital de Asturias","description":"La consejera de Justicia e Interior, Rosa Aguilar, ha subrayado en Almer\u00eda que es \"imprescindible\" que el Ministerio de Justicia dote a Vera de un nuevo juzgado de primera instancia e instrucci\u00f3n. Aguilar ha explicado que este juzgado es \"fundamental y prioritario\" para Vera y que, aunque la Junta de Andaluc\u00eda lo ha solicitado, \"el","inLanguage":"es-ES","isPartOf":{"@id":"https:\/\/www.eldigitaldeasturias.com\/noticias\/#website"},"breadcrumb":{"@id":"https:\/\/www.eldigitaldeasturias.com\/noticias\/rosa-aguilar-pide-un-nuevo-juzgado-de-primera-instancia-e-instruccion-para-vera\/#breadcrumblist"},"author":{"@id":"https:\/\/www.eldigitaldeasturias.com\/noticias\/author\/admin\/#author"},"creator":{"@id":"https:\/\/www.eldigitaldeasturias.com\/noticias\/author\/admin\/#author"},"image":{"@type":"ImageObject","url":950601,"@id":"https:\/\/www.eldigitaldeasturias.com\/noticias\/rosa-aguilar-pide-un-nuevo-juzgado-de-primera-instancia-e-instruccion-para-vera\/#mainImage"},"primaryImageOfPage":{"@id":"https:\/\/www.eldigitaldeasturias.com\/noticias\/rosa-aguilar-pide-un-nuevo-juzgado-de-primera-instancia-e-instruccion-para-vera\/#mainImage"},"datePublished":"2017-08-23T04:00:53+02:00","dateModified":"2017-08-23T04:00:53+02:00"},{"@type":"WebSite","@id":"https:\/\/www.eldigitaldeasturias.com\/noticias\/#website","url":"https:\/\/www.eldigitaldeasturias.com\/noticias\/","name":"El Digital de Asturias - Diario de actualidad y noticias","alternateName":"El Digital de Asturias - Diario de actualidad y noticias","description":"Hemeroteca","inLanguage":"es-ES","publisher":{"@id":"https:\/\/www.eldigitaldeasturias.com\/noticias\/#organization"}}]},"og:locale":"es_ES","og:site_name":"El Digital de Asturias","og:type":"article","og:title":"Rosa Aguilar pide un nuevo juzgado de primera instancia e instrucci\u00f3n para Vera - El Digital de Asturias","og:description":"La consejera de Justicia e Interior, Rosa Aguilar, ha subrayado en Almer\u00eda que es &quot;imprescindible&quot; que el Ministerio de Justicia dote a Vera de un nuevo juzgado de primera instancia e instrucci\u00f3n. Aguilar ha explicado que este juzgado es &quot;fundamental y prioritario&quot; para Vera y que, aunque la Junta de Andaluc\u00eda lo ha solicitado, &quot;el","og:url":"https:\/\/www.eldigitaldeasturias.com\/noticias\/rosa-aguilar-pide-un-nuevo-juzgado-de-primera-instancia-e-instruccion-para-vera\/","article:tag":["actualidad"],"article:published_time":"2017-08-23T04:00:53+00:00","article:modified_time":"2017-08-23T04:00:53+00:00","article:publisher":"https:\/\/facebook.com\/eldigitaldeasturias","twitter:card":"summary_large_image","twitter:title":"Rosa Aguilar pide un nuevo juzgado de primera instancia e instrucci\u00f3n para Vera - El Digital de Asturias","twitter:description":"La consejera de Justicia e Interior, Rosa Aguilar, ha subrayado en Almer\u00eda que es &quot;imprescindible&quot; que el Ministerio de Justicia dote a Vera de un nuevo juzgado de primera instancia e instrucci\u00f3n. Aguilar ha explicado que este juzgado es &quot;fundamental y prioritario&quot; para Vera y que, aunque la Junta de Andaluc\u00eda lo ha solicitado, &quot;el","twitter:image":"https:\/\/www.eldigitaldeasturias.com\/noticias\/wp-content\/uploads\/2020\/12\/EDA-1.jpg","twitter:label1":"Escrito por","twitter:data1":"El Digital de Asturias","twitter:label2":"Tiempo de lectura estimado","twitter:data2":"3 minutos"},"aioseo_meta_data":{"post_id":"950600","title":null,"description":null,"keywords":null,"keyphrases":null,"primary_term":null,"canonical_url":null,"og_title":null,"og_description":null,"og_object_type":"default","og_image_type":"default","og_image_url":null,"og_image_width":null,"og_image_height":null,"og_image_custom_url":null,"og_image_custom_fields":null,"og_video":null,"og_custom_url":null,"og_article_section":null,"og_article_tags":null,"twitter_use_og":false,"twitter_card":"default","twitter_image_type":"default","twitter_image_url":null,"twitter_image_custom_url":null,"twitter_image_custom_fields":null,"twitter_title":null,"twitter_description":null,"schema":{"blockGraphs":[],"customGraphs":[],"default":{"data":{"Article":[],"Course":[],"Dataset":[],"FAQPage":[],"Movie":[],"Person":[],"Product":[],"ProductReview":[],"Car":[],"Recipe":[],"Service":[],"SoftwareApplication":[],"WebPage":[]},"graphName":"","isEnabled":true},"graphs":[],"defaultGraph":"","defaultPostTypeGraph":""},"schema_type":null,"schema_type_options":null,"pillar_content":false,"robots_default":true,"robots_noindex":false,"robots_noarchive":false,"robots_nosnippet":false,"robots_nofollow":false,"robots_noimageindex":false,"robots_noodp":false,"robots_notranslate":false,"robots_max_snippet":null,"robots_max_videopreview":null,"robots_max_imagepreview":"large","priority":null,"frequency":null,"local_seo":null,"seo_analyzer_scan_date":"2025-12-05 16:24:22","breadcrumb_settings":null,"limit_modified_date":false,"open_ai":null,"ai":null,"created":"2020-12-21 12:58:35","updated":"2025-12-05 16:24:22","focus_keyword":null,"additional_keywords":null,"truseo_locale":null},"aioseo_breadcrumb":"<div class=\"aioseo-breadcrumbs\"><span class=\"aioseo-breadcrumb\">\n\t<a href=\"https:\/\/www.eldigitaldeasturias.com\/noticias\" title=\"Home\">Home<\/a>\n<\/span><span class=\"aioseo-breadcrumb-separator\">\u2013<\/span><span class=\"aioseo-breadcrumb\">\n\t<a href=\"https:\/\/www.eldigitaldeasturias.com\/noticias\/category\/actualidad\/\" title=\"Actualidad\">Actualidad<\/a>\n<\/span><span class=\"aioseo-breadcrumb-separator\">\u2013<\/span><span class=\"aioseo-breadcrumb\">\n\t<a href=\"https:\/\/www.eldigitaldeasturias.com\/noticias\/rosa-aguilar-pide-un-nuevo-juzgado-de-primera-instancia-e-instruccion-para-vera\/\" title=\"Rosa Aguilar pide un nuevo juzgado de primera instancia e instrucci\u00f3n para Vera\">Rosa Aguilar pide un nuevo juzgado de primera instancia e instrucci\u00f3n para Vera<\/a>\n<\/span><\/div>","aioseo_breadcrumb_json":[{"label":"Home","link":"https:\/\/www.eldigitaldeasturias.com\/noticias"},{"label":"Actualidad","link":"https:\/\/www.eldigitaldeasturias.com\/noticias\/category\/actualidad\/"},{"label":"Rosa Aguilar pide un nuevo juzgado de primera instancia e instrucci\u00f3n para Vera","link":"https:\/\/www.eldigitaldeasturias.com\/noticias\/rosa-aguilar-pide-un-nuevo-juzgado-de-primera-instancia-e-instruccion-para-vera\/"}],"_links":{"self":[{"href":"https:\/\/www.eldigitaldeasturias.com\/noticias\/wp-json\/wp\/v2\/posts\/950600","targetHints":{"allow":["GET"]}}],"collection":[{"href":"https:\/\/www.eldigitaldeasturias.com\/noticias\/wp-json\/wp\/v2\/posts"}],"about":[{"href":"https:\/\/www.eldigitaldeasturias.com\/noticias\/wp-json\/wp\/v2\/types\/post"}],"author":[{"embeddable":true,"href":"https:\/\/www.eldigitaldeasturias.com\/noticias\/wp-json\/wp\/v2\/users\/1"}],"replies":[{"embeddable":true,"href":"https:\/\/www.eldigitaldeasturias.com\/noticias\/wp-json\/wp\/v2\/comments?post=950600"}],"version-history":[{"count":0,"href":"https:\/\/www.eldigitaldeasturias.com\/noticias\/wp-json\/wp\/v2\/posts\/950600\/revisions"}],"wp:attachment":[{"href":"https:\/\/www.eldigitaldeasturias.com\/noticias\/wp-json\/wp\/v2\/media?parent=950600"}],"wp:term":[{"taxonomy":"category","embeddable":true,"href":"https:\/\/www.eldigitaldeasturias.com\/noticias\/wp-json\/wp\/v2\/categories?post=950600"},{"taxonomy":"post_tag","embeddable":true,"href":"https:\/\/www.eldigitaldeasturias.com\/noticias\/wp-json\/wp\/v2\/tags?post=950600"}],"curies":[{"name":"wp","href":"https:\/\/api.w.org\/{rel}","templated":true}]}}