{"id":950597,"date":"2017-08-23T03:57:33","date_gmt":"2017-08-23T03:57:33","guid":{"rendered":"http:\/\/www.eldigitaldeasturias.com\/noticias\/?p=950597"},"modified":"2017-08-23T03:57:33","modified_gmt":"2017-08-23T03:57:33","slug":"el-colegio-gabriel-cara-de-roquetas-de-mar-contara-con-375-nuevos-puestos-escolares","status":"publish","type":"post","link":"https:\/\/www.eldigitaldeasturias.com\/noticias\/el-colegio-gabriel-cara-de-roquetas-de-mar-contara-con-375-nuevos-puestos-escolares\/","title":{"rendered":"El Colegio Gabriel Cara de Roquetas de Mar contar\u00e1 con 375 nuevos puestos escolares"},"content":{"rendered":"<p><img loading=\"lazy\" decoding=\"async\" class=\"alignleft size-medium wp-image-950598\" src=\"https:\/\/www.eldigitaldeasturias.com\/noticias\/wp-content\/uploads\/2017\/08\/1503311797202-360x252.jpg\" alt=\"\" width=\"360\" height=\"252\" \/>La Consejer\u00eda de Educaci\u00f3n ha publicado en el Bolet\u00edn Oficial de la Junta de Andaluc\u00eda (BOJA) la licitaci\u00f3n de las obras para el desarrollo de la segunda fase del Colegio de Educaci\u00f3n Infantil y Primaria (CEIP) Gabriel Cara, de Roquetas de Mar (Almer\u00eda). La ampliaci\u00f3n incluye una nueva l\u00ednea de Infantil y dos de Primaria, m\u00e1s el gimnasio con sus vestuarios y la urbanizaci\u00f3n necesaria.<\/p>\n<p>De esta manera, el centro pasar\u00e1 a tener todos los espacios propios de un colegio tipo C3, es decir, con tres grupos por cada nivel educativo de Infantil y Primaria, lo que supone un total de 675 puestos escolares.<\/p>\n<p>Las obras, que cuentan con un presupuesto de 1.997.061 euros y un plazo de ejecuci\u00f3n de 10 meses, se realizar\u00e1n en un terreno adyacente al edificio principal con la intenci\u00f3n de que las nuevas aulas compartan la misma configuraci\u00f3n. La ejecuci\u00f3n tambi\u00e9n contempla el incremento de aseos, cuatro aulas de peque\u00f1o grupo y la creaci\u00f3n de dos pistas polideportivas.<\/p>\n<p>La parcela tiene una superficie de 9.314,47 metros cuadrados, de los cuales quedaron sin urbanizar para la segunda fase 4.140,35 metros cuadrados, que es donde se ubicar\u00e1n las nuevas edificaciones destinadas a aulario de Primaria, gimnasio y nuevas pistas. En total, la superficie nueva construida ser\u00e1 de 1.767 metros cuadrados.<\/p>\n<p>Esta actuaci\u00f3n est\u00e1 incluida en el Plan de Inversiones en Infraestructuras Educativas 2017-2018 de la Consejer\u00eda de Educaci\u00f3n, que se ejecuta a trav\u00e9s de la Agencia P\u00fablica Andaluza de Educaci\u00f3n. Este plan est\u00e1 dotado con 155,6 millones de euros e incluye actuaciones de construcci\u00f3n, ampliaci\u00f3n y mejora de centros en las ocho provincias andaluzas.<\/p>\n<p><strong>Ampliaci\u00f3n del CEIP La Molina<\/strong><\/p>\n<p>Por otro lado, tambi\u00e9n se ha publicado en el BOJA la licitaci\u00f3n del servicio de redacci\u00f3n de proyecto para la ampliaci\u00f3n de espacios educativos en el CEIP La Molina, de Roquetas de Mar, por un importe de 95.490 euros.<\/p>\n<p>Esta actuaci\u00f3n, que forma parte del plan de retirada de aulas prefabricadas que ejecuta la Consejer\u00eda de Educaci\u00f3n dentro del Plan de Inversiones en Infraestructuras Educativas 2017-2018, persigue la eliminaci\u00f3n de los m\u00f3dulos prefabricados de aulas que se han instalado durante los \u00faltimos a\u00f1os en este colegio debido a las necesidades de escolarizaci\u00f3n y su sustituci\u00f3n por nuevas aulas unidas a la edificaci\u00f3n original. En concreto, se pretende construir tres nuevas aulas de Infantil con sus correspondientes aseos integrados, seis aulas de Primaria, dos aulas de peque\u00f1o grupo y un aula taller de m\u00fasica, as\u00ed como un nuevo n\u00facleo de aseos para el alumnado.<\/p>\n<p>&nbsp;<\/p>\n","protected":false},"excerpt":{"rendered":"<p>La Consejer\u00eda de Educaci\u00f3n ha publicado en el Bolet\u00edn Oficial de la Junta de Andaluc\u00eda (BOJA) la licitaci\u00f3n de las obras para el desarrollo de la segunda fase del Colegio de Educaci\u00f3n Infantil y Primaria (CEIP) Gabriel Cara, de Roquetas de Mar (Almer\u00eda). La ampliaci\u00f3n incluye una nueva l\u00ednea de Infantil y dos de Primaria, [&hellip;]<\/p>\n","protected":false},"author":1,"featured_media":950598,"comment_status":"closed","ping_status":"closed","sticky":false,"template":"","format":"standard","meta":{"footnotes":""},"categories":[1],"tags":[],"class_list":["post-950597","post","type-post","status-publish","format-standard","has-post-thumbnail","hentry","category-actualidad"],"aioseo_notices":[],"aioseo_head":"\n\t\t<!-- All in One SEO Pro 5.0.1 - aioseo.com -->\n\t<meta name=\"description\" content=\"La Consejer\u00eda de Educaci\u00f3n ha publicado en el Bolet\u00edn Oficial de la Junta de Andaluc\u00eda (BOJA) la licitaci\u00f3n de las obras para el desarrollo de la segunda fase del Colegio de Educaci\u00f3n Infantil y Primaria (CEIP) Gabriel Cara, de Roquetas de Mar (Almer\u00eda). La ampliaci\u00f3n incluye una nueva l\u00ednea de Infantil y dos de Primaria,\" \/>\n\t<meta name=\"robots\" content=\"max-image-preview:large\" \/>\n\t<meta name=\"author\" content=\"El Digital de Asturias\"\/>\n\t<meta name=\"google-site-verification\" content=\"UA-38556648-1\" \/>\n\t<meta name=\"msvalidate.01\" content=\"7dfe9f3f1b24437ab69f4f2559babe99\" \/>\n\t<meta name=\"keywords\" content=\"actualidad\" \/>\n\t<link rel=\"canonical\" href=\"https:\/\/www.eldigitaldeasturias.com\/noticias\/el-colegio-gabriel-cara-de-roquetas-de-mar-contara-con-375-nuevos-puestos-escolares\/\" \/>\n\t<meta name=\"generator\" content=\"All in One SEO Pro (AIOSEO) 5.0.1\" \/>\n\t\t<meta property=\"og:locale\" content=\"es_ES\" \/>\n\t\t<meta property=\"og:site_name\" content=\"El Digital de Asturias\" \/>\n\t\t<meta property=\"og:type\" content=\"article\" \/>\n\t\t<meta property=\"og:title\" content=\"El Colegio Gabriel Cara de Roquetas de Mar contar\u00e1 con 375 nuevos puestos escolares - El Digital de Asturias\" \/>\n\t\t<meta property=\"og:description\" content=\"La Consejer\u00eda de Educaci\u00f3n ha publicado en el Bolet\u00edn Oficial de la Junta de Andaluc\u00eda (BOJA) la licitaci\u00f3n de las obras para el desarrollo de la segunda fase del Colegio de Educaci\u00f3n Infantil y Primaria (CEIP) Gabriel Cara, de Roquetas de Mar (Almer\u00eda). La ampliaci\u00f3n incluye una nueva l\u00ednea de Infantil y dos de Primaria,\" \/>\n\t\t<meta property=\"og:url\" content=\"https:\/\/www.eldigitaldeasturias.com\/noticias\/el-colegio-gabriel-cara-de-roquetas-de-mar-contara-con-375-nuevos-puestos-escolares\/\" \/>\n\t\t<meta property=\"article:tag\" content=\"actualidad\" \/>\n\t\t<meta property=\"article:published_time\" content=\"2017-08-23T03:57:33+00:00\" \/>\n\t\t<meta property=\"article:modified_time\" content=\"2017-08-23T03:57:33+00:00\" \/>\n\t\t<meta property=\"article:publisher\" content=\"https:\/\/facebook.com\/eldigitaldeasturias\" \/>\n\t\t<meta name=\"twitter:card\" content=\"summary_large_image\" \/>\n\t\t<meta name=\"twitter:title\" content=\"El Colegio Gabriel Cara de Roquetas de Mar contar\u00e1 con 375 nuevos puestos escolares - El Digital de Asturias\" \/>\n\t\t<meta name=\"twitter:description\" content=\"La Consejer\u00eda de Educaci\u00f3n ha publicado en el Bolet\u00edn Oficial de la Junta de Andaluc\u00eda (BOJA) la licitaci\u00f3n de las obras para el desarrollo de la segunda fase del Colegio de Educaci\u00f3n Infantil y Primaria (CEIP) Gabriel Cara, de Roquetas de Mar (Almer\u00eda). La ampliaci\u00f3n incluye una nueva l\u00ednea de Infantil y dos de Primaria,\" \/>\n\t\t<meta name=\"twitter:image\" content=\"https:\/\/www.eldigitaldeasturias.com\/noticias\/wp-content\/uploads\/2020\/12\/EDA-1.jpg\" \/>\n\t\t<meta name=\"twitter:label1\" content=\"Escrito por\" \/>\n\t\t<meta name=\"twitter:data1\" content=\"El Digital de Asturias\" \/>\n\t\t<meta name=\"twitter:label2\" content=\"Tiempo de lectura estimado\" \/>\n\t\t<meta name=\"twitter:data2\" content=\"2 minutos\" \/>\n\t\t<script type=\"application\/ld+json\" class=\"aioseo-schema\">\n\t\t\t{\"@context\":\"https:\\\/\\\/schema.org\",\"@graph\":[{\"@type\":\"BlogPosting\",\"@id\":\"https:\\\/\\\/www.eldigitaldeasturias.com\\\/noticias\\\/el-colegio-gabriel-cara-de-roquetas-de-mar-contara-con-375-nuevos-puestos-escolares\\\/#blogposting\",\"name\":\"El Colegio Gabriel Cara de Roquetas de Mar contar\\u00e1 con 375 nuevos puestos escolares - El Digital de Asturias\",\"headline\":\"El Colegio Gabriel Cara de Roquetas de Mar contar\\u00e1 con 375 nuevos puestos escolares\",\"author\":{\"@id\":\"https:\\\/\\\/www.eldigitaldeasturias.com\\\/noticias\\\/author\\\/admin\\\/#author\"},\"publisher\":{\"@id\":\"https:\\\/\\\/www.eldigitaldeasturias.com\\\/noticias\\\/#organization\"},\"image\":{\"@type\":\"ImageObject\",\"url\":950598},\"datePublished\":\"2017-08-23T03:57:33+02:00\",\"dateModified\":\"2017-08-23T03:57:33+02:00\",\"inLanguage\":\"es-ES\",\"mainEntityOfPage\":{\"@id\":\"https:\\\/\\\/www.eldigitaldeasturias.com\\\/noticias\\\/el-colegio-gabriel-cara-de-roquetas-de-mar-contara-con-375-nuevos-puestos-escolares\\\/#webpage\"},\"isPartOf\":{\"@id\":\"https:\\\/\\\/www.eldigitaldeasturias.com\\\/noticias\\\/el-colegio-gabriel-cara-de-roquetas-de-mar-contara-con-375-nuevos-puestos-escolares\\\/#webpage\"},\"articleSection\":\"Actualidad\"},{\"@type\":\"BreadcrumbList\",\"@id\":\"https:\\\/\\\/www.eldigitaldeasturias.com\\\/noticias\\\/el-colegio-gabriel-cara-de-roquetas-de-mar-contara-con-375-nuevos-puestos-escolares\\\/#breadcrumblist\",\"itemListElement\":[{\"@type\":\"ListItem\",\"@id\":\"https:\\\/\\\/www.eldigitaldeasturias.com\\\/noticias#listItem\",\"position\":1,\"name\":\"Home\",\"item\":\"https:\\\/\\\/www.eldigitaldeasturias.com\\\/noticias\",\"nextItem\":{\"@type\":\"ListItem\",\"@id\":\"https:\\\/\\\/www.eldigitaldeasturias.com\\\/noticias\\\/category\\\/actualidad\\\/#listItem\",\"name\":\"Actualidad\"}},{\"@type\":\"ListItem\",\"@id\":\"https:\\\/\\\/www.eldigitaldeasturias.com\\\/noticias\\\/category\\\/actualidad\\\/#listItem\",\"position\":2,\"name\":\"Actualidad\",\"item\":\"https:\\\/\\\/www.eldigitaldeasturias.com\\\/noticias\\\/category\\\/actualidad\\\/\",\"nextItem\":{\"@type\":\"ListItem\",\"@id\":\"https:\\\/\\\/www.eldigitaldeasturias.com\\\/noticias\\\/el-colegio-gabriel-cara-de-roquetas-de-mar-contara-con-375-nuevos-puestos-escolares\\\/#listItem\",\"name\":\"El Colegio Gabriel Cara de Roquetas de Mar contar\\u00e1 con 375 nuevos puestos escolares\"},\"previousItem\":{\"@type\":\"ListItem\",\"@id\":\"https:\\\/\\\/www.eldigitaldeasturias.com\\\/noticias#listItem\",\"name\":\"Home\"}},{\"@type\":\"ListItem\",\"@id\":\"https:\\\/\\\/www.eldigitaldeasturias.com\\\/noticias\\\/el-colegio-gabriel-cara-de-roquetas-de-mar-contara-con-375-nuevos-puestos-escolares\\\/#listItem\",\"position\":3,\"name\":\"El Colegio Gabriel Cara de Roquetas de Mar contar\\u00e1 con 375 nuevos puestos escolares\",\"previousItem\":{\"@type\":\"ListItem\",\"@id\":\"https:\\\/\\\/www.eldigitaldeasturias.com\\\/noticias\\\/category\\\/actualidad\\\/#listItem\",\"name\":\"Actualidad\"}}]},{\"@type\":\"Organization\",\"@id\":\"https:\\\/\\\/www.eldigitaldeasturias.com\\\/noticias\\\/#organization\",\"name\":\"El Digital de Asturias\",\"description\":\"Hemeroteca\",\"url\":\"https:\\\/\\\/www.eldigitaldeasturias.com\\\/noticias\\\/\",\"email\":\"info@eldigitaldeasturias.com\",\"telephone\":\"+34652131393\",\"logo\":{\"@type\":\"ImageObject\",\"url\":\"https:\\\/\\\/www.eldigitaldeasturias.com\\\/noticias\\\/wp-content\\\/uploads\\\/2020\\\/12\\\/EDA.jpg\",\"@id\":\"https:\\\/\\\/www.eldigitaldeasturias.com\\\/noticias\\\/el-colegio-gabriel-cara-de-roquetas-de-mar-contara-con-375-nuevos-puestos-escolares\\\/#organizationLogo\"},\"image\":{\"@id\":\"https:\\\/\\\/www.eldigitaldeasturias.com\\\/noticias\\\/el-colegio-gabriel-cara-de-roquetas-de-mar-contara-con-375-nuevos-puestos-escolares\\\/#organizationLogo\"},\"sameAs\":[\"https:\\\/\\\/facebook.com\\\/eldigitaldeasturias\",\"https:\\\/\\\/www.youtube.com\\\/channel\\\/UCZP-2wLEB9Rv6erhFmqVnvg\"],\"address\":{\"@id\":\"https:\\\/\\\/www.eldigitaldeasturias.com\\\/noticias\\\/#postaladdress\",\"@type\":\"PostalAddress\",\"streetAddress\":\"san antonio 4\",\"postalCode\":\"33430\",\"addressLocality\":\"Cand\\u00e1s\",\"addressRegion\":\"Asturias\",\"addressCountry\":\"ES\"}},{\"@type\":\"Person\",\"@id\":\"https:\\\/\\\/www.eldigitaldeasturias.com\\\/noticias\\\/author\\\/admin\\\/#author\",\"url\":\"https:\\\/\\\/www.eldigitaldeasturias.com\\\/noticias\\\/author\\\/admin\\\/\",\"name\":\"El Digital de Asturias\",\"image\":{\"@type\":\"ImageObject\",\"@id\":\"https:\\\/\\\/www.eldigitaldeasturias.com\\\/noticias\\\/el-colegio-gabriel-cara-de-roquetas-de-mar-contara-con-375-nuevos-puestos-escolares\\\/#authorImage\",\"url\":\"https:\\\/\\\/secure.gravatar.com\\\/avatar\\\/df2aeffc32bcd13f8d26072ef8a91b623d677766deac7f97ca815868cd41bf5e?s=96&d=mm&r=g\",\"width\":96,\"height\":96,\"caption\":\"El Digital de Asturias\"}},{\"@type\":\"WebPage\",\"@id\":\"https:\\\/\\\/www.eldigitaldeasturias.com\\\/noticias\\\/el-colegio-gabriel-cara-de-roquetas-de-mar-contara-con-375-nuevos-puestos-escolares\\\/#webpage\",\"url\":\"https:\\\/\\\/www.eldigitaldeasturias.com\\\/noticias\\\/el-colegio-gabriel-cara-de-roquetas-de-mar-contara-con-375-nuevos-puestos-escolares\\\/\",\"name\":\"El Colegio Gabriel Cara de Roquetas de Mar contar\\u00e1 con 375 nuevos puestos escolares - El Digital de Asturias\",\"description\":\"La Consejer\\u00eda de Educaci\\u00f3n ha publicado en el Bolet\\u00edn Oficial de la Junta de Andaluc\\u00eda (BOJA) la licitaci\\u00f3n de las obras para el desarrollo de la segunda fase del Colegio de Educaci\\u00f3n Infantil y Primaria (CEIP) Gabriel Cara, de Roquetas de Mar (Almer\\u00eda). La ampliaci\\u00f3n incluye una nueva l\\u00ednea de Infantil y dos de Primaria,\",\"inLanguage\":\"es-ES\",\"isPartOf\":{\"@id\":\"https:\\\/\\\/www.eldigitaldeasturias.com\\\/noticias\\\/#website\"},\"breadcrumb\":{\"@id\":\"https:\\\/\\\/www.eldigitaldeasturias.com\\\/noticias\\\/el-colegio-gabriel-cara-de-roquetas-de-mar-contara-con-375-nuevos-puestos-escolares\\\/#breadcrumblist\"},\"author\":{\"@id\":\"https:\\\/\\\/www.eldigitaldeasturias.com\\\/noticias\\\/author\\\/admin\\\/#author\"},\"creator\":{\"@id\":\"https:\\\/\\\/www.eldigitaldeasturias.com\\\/noticias\\\/author\\\/admin\\\/#author\"},\"image\":{\"@type\":\"ImageObject\",\"url\":950598,\"@id\":\"https:\\\/\\\/www.eldigitaldeasturias.com\\\/noticias\\\/el-colegio-gabriel-cara-de-roquetas-de-mar-contara-con-375-nuevos-puestos-escolares\\\/#mainImage\"},\"primaryImageOfPage\":{\"@id\":\"https:\\\/\\\/www.eldigitaldeasturias.com\\\/noticias\\\/el-colegio-gabriel-cara-de-roquetas-de-mar-contara-con-375-nuevos-puestos-escolares\\\/#mainImage\"},\"datePublished\":\"2017-08-23T03:57:33+02:00\",\"dateModified\":\"2017-08-23T03:57:33+02:00\"},{\"@type\":\"WebSite\",\"@id\":\"https:\\\/\\\/www.eldigitaldeasturias.com\\\/noticias\\\/#website\",\"url\":\"https:\\\/\\\/www.eldigitaldeasturias.com\\\/noticias\\\/\",\"name\":\"El Digital de Asturias - Diario de actualidad y noticias\",\"alternateName\":\"El Digital de Asturias - Diario de actualidad y noticias\",\"description\":\"Hemeroteca\",\"inLanguage\":\"es-ES\",\"publisher\":{\"@id\":\"https:\\\/\\\/www.eldigitaldeasturias.com\\\/noticias\\\/#organization\"}}]}\n\t\t<\/script>\n\t\t<!-- All in One SEO Pro -->\r\n\t\t<title>El Colegio Gabriel Cara de Roquetas de Mar contar\u00e1 con 375 nuevos puestos escolares - El Digital de Asturias<\/title>\n\n","aioseo_head_json":{"title":"El Colegio Gabriel Cara de Roquetas de Mar contar\u00e1 con 375 nuevos puestos escolares - El Digital de Asturias","description":"La Consejer\u00eda de Educaci\u00f3n ha publicado en el Bolet\u00edn Oficial de la Junta de Andaluc\u00eda (BOJA) la licitaci\u00f3n de las obras para el desarrollo de la segunda fase del Colegio de Educaci\u00f3n Infantil y Primaria (CEIP) Gabriel Cara, de Roquetas de Mar (Almer\u00eda). La ampliaci\u00f3n incluye una nueva l\u00ednea de Infantil y dos de Primaria,","canonical_url":"https:\/\/www.eldigitaldeasturias.com\/noticias\/el-colegio-gabriel-cara-de-roquetas-de-mar-contara-con-375-nuevos-puestos-escolares\/","robots":"max-image-preview:large","keywords":"actualidad","webmasterTools":{"google-site-verification":"UA-38556648-1","msvalidate.01":"7dfe9f3f1b24437ab69f4f2559babe99","miscellaneous":""},"schema":{"@context":"https:\/\/schema.org","@graph":[{"@type":"BlogPosting","@id":"https:\/\/www.eldigitaldeasturias.com\/noticias\/el-colegio-gabriel-cara-de-roquetas-de-mar-contara-con-375-nuevos-puestos-escolares\/#blogposting","name":"El Colegio Gabriel Cara de Roquetas de Mar contar\u00e1 con 375 nuevos puestos escolares - El Digital de Asturias","headline":"El Colegio Gabriel Cara de Roquetas de Mar contar\u00e1 con 375 nuevos puestos escolares","author":{"@id":"https:\/\/www.eldigitaldeasturias.com\/noticias\/author\/admin\/#author"},"publisher":{"@id":"https:\/\/www.eldigitaldeasturias.com\/noticias\/#organization"},"image":{"@type":"ImageObject","url":950598},"datePublished":"2017-08-23T03:57:33+02:00","dateModified":"2017-08-23T03:57:33+02:00","inLanguage":"es-ES","mainEntityOfPage":{"@id":"https:\/\/www.eldigitaldeasturias.com\/noticias\/el-colegio-gabriel-cara-de-roquetas-de-mar-contara-con-375-nuevos-puestos-escolares\/#webpage"},"isPartOf":{"@id":"https:\/\/www.eldigitaldeasturias.com\/noticias\/el-colegio-gabriel-cara-de-roquetas-de-mar-contara-con-375-nuevos-puestos-escolares\/#webpage"},"articleSection":"Actualidad"},{"@type":"BreadcrumbList","@id":"https:\/\/www.eldigitaldeasturias.com\/noticias\/el-colegio-gabriel-cara-de-roquetas-de-mar-contara-con-375-nuevos-puestos-escolares\/#breadcrumblist","itemListElement":[{"@type":"ListItem","@id":"https:\/\/www.eldigitaldeasturias.com\/noticias#listItem","position":1,"name":"Home","item":"https:\/\/www.eldigitaldeasturias.com\/noticias","nextItem":{"@type":"ListItem","@id":"https:\/\/www.eldigitaldeasturias.com\/noticias\/category\/actualidad\/#listItem","name":"Actualidad"}},{"@type":"ListItem","@id":"https:\/\/www.eldigitaldeasturias.com\/noticias\/category\/actualidad\/#listItem","position":2,"name":"Actualidad","item":"https:\/\/www.eldigitaldeasturias.com\/noticias\/category\/actualidad\/","nextItem":{"@type":"ListItem","@id":"https:\/\/www.eldigitaldeasturias.com\/noticias\/el-colegio-gabriel-cara-de-roquetas-de-mar-contara-con-375-nuevos-puestos-escolares\/#listItem","name":"El Colegio Gabriel Cara de Roquetas de Mar contar\u00e1 con 375 nuevos puestos escolares"},"previousItem":{"@type":"ListItem","@id":"https:\/\/www.eldigitaldeasturias.com\/noticias#listItem","name":"Home"}},{"@type":"ListItem","@id":"https:\/\/www.eldigitaldeasturias.com\/noticias\/el-colegio-gabriel-cara-de-roquetas-de-mar-contara-con-375-nuevos-puestos-escolares\/#listItem","position":3,"name":"El Colegio Gabriel Cara de Roquetas de Mar contar\u00e1 con 375 nuevos puestos escolares","previousItem":{"@type":"ListItem","@id":"https:\/\/www.eldigitaldeasturias.com\/noticias\/category\/actualidad\/#listItem","name":"Actualidad"}}]},{"@type":"Organization","@id":"https:\/\/www.eldigitaldeasturias.com\/noticias\/#organization","name":"El Digital de Asturias","description":"Hemeroteca","url":"https:\/\/www.eldigitaldeasturias.com\/noticias\/","email":"info@eldigitaldeasturias.com","telephone":"+34652131393","logo":{"@type":"ImageObject","url":"https:\/\/www.eldigitaldeasturias.com\/noticias\/wp-content\/uploads\/2020\/12\/EDA.jpg","@id":"https:\/\/www.eldigitaldeasturias.com\/noticias\/el-colegio-gabriel-cara-de-roquetas-de-mar-contara-con-375-nuevos-puestos-escolares\/#organizationLogo"},"image":{"@id":"https:\/\/www.eldigitaldeasturias.com\/noticias\/el-colegio-gabriel-cara-de-roquetas-de-mar-contara-con-375-nuevos-puestos-escolares\/#organizationLogo"},"sameAs":["https:\/\/facebook.com\/eldigitaldeasturias","https:\/\/www.youtube.com\/channel\/UCZP-2wLEB9Rv6erhFmqVnvg"],"address":{"@id":"https:\/\/www.eldigitaldeasturias.com\/noticias\/#postaladdress","@type":"PostalAddress","streetAddress":"san antonio 4","postalCode":"33430","addressLocality":"Cand\u00e1s","addressRegion":"Asturias","addressCountry":"ES"}},{"@type":"Person","@id":"https:\/\/www.eldigitaldeasturias.com\/noticias\/author\/admin\/#author","url":"https:\/\/www.eldigitaldeasturias.com\/noticias\/author\/admin\/","name":"El Digital de Asturias","image":{"@type":"ImageObject","@id":"https:\/\/www.eldigitaldeasturias.com\/noticias\/el-colegio-gabriel-cara-de-roquetas-de-mar-contara-con-375-nuevos-puestos-escolares\/#authorImage","url":"https:\/\/secure.gravatar.com\/avatar\/df2aeffc32bcd13f8d26072ef8a91b623d677766deac7f97ca815868cd41bf5e?s=96&d=mm&r=g","width":96,"height":96,"caption":"El Digital de Asturias"}},{"@type":"WebPage","@id":"https:\/\/www.eldigitaldeasturias.com\/noticias\/el-colegio-gabriel-cara-de-roquetas-de-mar-contara-con-375-nuevos-puestos-escolares\/#webpage","url":"https:\/\/www.eldigitaldeasturias.com\/noticias\/el-colegio-gabriel-cara-de-roquetas-de-mar-contara-con-375-nuevos-puestos-escolares\/","name":"El Colegio Gabriel Cara de Roquetas de Mar contar\u00e1 con 375 nuevos puestos escolares - El Digital de Asturias","description":"La Consejer\u00eda de Educaci\u00f3n ha publicado en el Bolet\u00edn Oficial de la Junta de Andaluc\u00eda (BOJA) la licitaci\u00f3n de las obras para el desarrollo de la segunda fase del Colegio de Educaci\u00f3n Infantil y Primaria (CEIP) Gabriel Cara, de Roquetas de Mar (Almer\u00eda). La ampliaci\u00f3n incluye una nueva l\u00ednea de Infantil y dos de Primaria,","inLanguage":"es-ES","isPartOf":{"@id":"https:\/\/www.eldigitaldeasturias.com\/noticias\/#website"},"breadcrumb":{"@id":"https:\/\/www.eldigitaldeasturias.com\/noticias\/el-colegio-gabriel-cara-de-roquetas-de-mar-contara-con-375-nuevos-puestos-escolares\/#breadcrumblist"},"author":{"@id":"https:\/\/www.eldigitaldeasturias.com\/noticias\/author\/admin\/#author"},"creator":{"@id":"https:\/\/www.eldigitaldeasturias.com\/noticias\/author\/admin\/#author"},"image":{"@type":"ImageObject","url":950598,"@id":"https:\/\/www.eldigitaldeasturias.com\/noticias\/el-colegio-gabriel-cara-de-roquetas-de-mar-contara-con-375-nuevos-puestos-escolares\/#mainImage"},"primaryImageOfPage":{"@id":"https:\/\/www.eldigitaldeasturias.com\/noticias\/el-colegio-gabriel-cara-de-roquetas-de-mar-contara-con-375-nuevos-puestos-escolares\/#mainImage"},"datePublished":"2017-08-23T03:57:33+02:00","dateModified":"2017-08-23T03:57:33+02:00"},{"@type":"WebSite","@id":"https:\/\/www.eldigitaldeasturias.com\/noticias\/#website","url":"https:\/\/www.eldigitaldeasturias.com\/noticias\/","name":"El Digital de Asturias - Diario de actualidad y noticias","alternateName":"El Digital de Asturias - Diario de actualidad y noticias","description":"Hemeroteca","inLanguage":"es-ES","publisher":{"@id":"https:\/\/www.eldigitaldeasturias.com\/noticias\/#organization"}}]},"og:locale":"es_ES","og:site_name":"El Digital de Asturias","og:type":"article","og:title":"El Colegio Gabriel Cara de Roquetas de Mar contar\u00e1 con 375 nuevos puestos escolares - El Digital de Asturias","og:description":"La Consejer\u00eda de Educaci\u00f3n ha publicado en el Bolet\u00edn Oficial de la Junta de Andaluc\u00eda (BOJA) la licitaci\u00f3n de las obras para el desarrollo de la segunda fase del Colegio de Educaci\u00f3n Infantil y Primaria (CEIP) Gabriel Cara, de Roquetas de Mar (Almer\u00eda). La ampliaci\u00f3n incluye una nueva l\u00ednea de Infantil y dos de Primaria,","og:url":"https:\/\/www.eldigitaldeasturias.com\/noticias\/el-colegio-gabriel-cara-de-roquetas-de-mar-contara-con-375-nuevos-puestos-escolares\/","article:tag":["actualidad"],"article:published_time":"2017-08-23T03:57:33+00:00","article:modified_time":"2017-08-23T03:57:33+00:00","article:publisher":"https:\/\/facebook.com\/eldigitaldeasturias","twitter:card":"summary_large_image","twitter:title":"El Colegio Gabriel Cara de Roquetas de Mar contar\u00e1 con 375 nuevos puestos escolares - El Digital de Asturias","twitter:description":"La Consejer\u00eda de Educaci\u00f3n ha publicado en el Bolet\u00edn Oficial de la Junta de Andaluc\u00eda (BOJA) la licitaci\u00f3n de las obras para el desarrollo de la segunda fase del Colegio de Educaci\u00f3n Infantil y Primaria (CEIP) Gabriel Cara, de Roquetas de Mar (Almer\u00eda). La ampliaci\u00f3n incluye una nueva l\u00ednea de Infantil y dos de Primaria,","twitter:image":"https:\/\/www.eldigitaldeasturias.com\/noticias\/wp-content\/uploads\/2020\/12\/EDA-1.jpg","twitter:label1":"Escrito por","twitter:data1":"El Digital de Asturias","twitter:label2":"Tiempo de lectura estimado","twitter:data2":"2 minutos"},"aioseo_meta_data":{"post_id":"950597","title":null,"description":null,"keywords":null,"keyphrases":null,"primary_term":null,"canonical_url":null,"og_title":null,"og_description":null,"og_object_type":"default","og_image_type":"default","og_image_url":null,"og_image_width":null,"og_image_height":null,"og_image_custom_url":null,"og_image_custom_fields":null,"og_video":null,"og_custom_url":null,"og_article_section":null,"og_article_tags":null,"twitter_use_og":false,"twitter_card":"default","twitter_image_type":"default","twitter_image_url":null,"twitter_image_custom_url":null,"twitter_image_custom_fields":null,"twitter_title":null,"twitter_description":null,"schema":{"blockGraphs":[],"customGraphs":[],"default":{"data":{"Article":[],"Course":[],"Dataset":[],"FAQPage":[],"Movie":[],"Person":[],"Product":[],"ProductReview":[],"Car":[],"Recipe":[],"Service":[],"SoftwareApplication":[],"WebPage":[]},"graphName":"","isEnabled":true},"graphs":[],"defaultGraph":"","defaultPostTypeGraph":""},"schema_type":null,"schema_type_options":null,"pillar_content":false,"robots_default":true,"robots_noindex":false,"robots_noarchive":false,"robots_nosnippet":false,"robots_nofollow":false,"robots_noimageindex":false,"robots_noodp":false,"robots_notranslate":false,"robots_max_snippet":null,"robots_max_videopreview":null,"robots_max_imagepreview":"large","priority":null,"frequency":null,"local_seo":null,"seo_analyzer_scan_date":"2025-12-05 16:24:21","breadcrumb_settings":null,"limit_modified_date":false,"open_ai":null,"ai":null,"created":"2020-12-21 12:58:35","updated":"2025-12-05 16:24:21","focus_keyword":null,"additional_keywords":null,"truseo_locale":null},"aioseo_breadcrumb":"<div class=\"aioseo-breadcrumbs\"><span class=\"aioseo-breadcrumb\">\n\t<a href=\"https:\/\/www.eldigitaldeasturias.com\/noticias\" title=\"Home\">Home<\/a>\n<\/span><span class=\"aioseo-breadcrumb-separator\">\u2013<\/span><span class=\"aioseo-breadcrumb\">\n\t<a href=\"https:\/\/www.eldigitaldeasturias.com\/noticias\/category\/actualidad\/\" title=\"Actualidad\">Actualidad<\/a>\n<\/span><span class=\"aioseo-breadcrumb-separator\">\u2013<\/span><span class=\"aioseo-breadcrumb\">\n\t<a href=\"https:\/\/www.eldigitaldeasturias.com\/noticias\/el-colegio-gabriel-cara-de-roquetas-de-mar-contara-con-375-nuevos-puestos-escolares\/\" title=\"El Colegio Gabriel Cara de Roquetas de Mar contar\u00e1 con 375 nuevos puestos escolares\">El Colegio Gabriel Cara de Roquetas de Mar contar\u00e1 con 375 nuevos puestos escolares<\/a>\n<\/span><\/div>","aioseo_breadcrumb_json":[{"label":"Home","link":"https:\/\/www.eldigitaldeasturias.com\/noticias"},{"label":"Actualidad","link":"https:\/\/www.eldigitaldeasturias.com\/noticias\/category\/actualidad\/"},{"label":"El Colegio Gabriel Cara de Roquetas de Mar contar\u00e1 con 375 nuevos puestos escolares","link":"https:\/\/www.eldigitaldeasturias.com\/noticias\/el-colegio-gabriel-cara-de-roquetas-de-mar-contara-con-375-nuevos-puestos-escolares\/"}],"_links":{"self":[{"href":"https:\/\/www.eldigitaldeasturias.com\/noticias\/wp-json\/wp\/v2\/posts\/950597","targetHints":{"allow":["GET"]}}],"collection":[{"href":"https:\/\/www.eldigitaldeasturias.com\/noticias\/wp-json\/wp\/v2\/posts"}],"about":[{"href":"https:\/\/www.eldigitaldeasturias.com\/noticias\/wp-json\/wp\/v2\/types\/post"}],"author":[{"embeddable":true,"href":"https:\/\/www.eldigitaldeasturias.com\/noticias\/wp-json\/wp\/v2\/users\/1"}],"replies":[{"embeddable":true,"href":"https:\/\/www.eldigitaldeasturias.com\/noticias\/wp-json\/wp\/v2\/comments?post=950597"}],"version-history":[{"count":0,"href":"https:\/\/www.eldigitaldeasturias.com\/noticias\/wp-json\/wp\/v2\/posts\/950597\/revisions"}],"wp:attachment":[{"href":"https:\/\/www.eldigitaldeasturias.com\/noticias\/wp-json\/wp\/v2\/media?parent=950597"}],"wp:term":[{"taxonomy":"category","embeddable":true,"href":"https:\/\/www.eldigitaldeasturias.com\/noticias\/wp-json\/wp\/v2\/categories?post=950597"},{"taxonomy":"post_tag","embeddable":true,"href":"https:\/\/www.eldigitaldeasturias.com\/noticias\/wp-json\/wp\/v2\/tags?post=950597"}],"curies":[{"name":"wp","href":"https:\/\/api.w.org\/{rel}","templated":true}]}}