{"id":950594,"date":"2017-08-23T03:54:51","date_gmt":"2017-08-23T03:54:51","guid":{"rendered":"http:\/\/www.eldigitaldeasturias.com\/noticias\/?p=950594"},"modified":"2017-08-23T03:54:51","modified_gmt":"2017-08-23T03:54:51","slug":"los-gdr-de-granada-impulsaran-el-empleo-y-la-innovacion-en-el-medio-rural","status":"publish","type":"post","link":"https:\/\/www.eldigitaldeasturias.com\/noticias\/los-gdr-de-granada-impulsaran-el-empleo-y-la-innovacion-en-el-medio-rural\/","title":{"rendered":"Los GDR de Granada impulsar\u00e1n el empleo y la innovaci\u00f3n en el medio rural"},"content":{"rendered":"<p><img loading=\"lazy\" decoding=\"async\" class=\"alignleft size-medium wp-image-950595\" src=\"https:\/\/www.eldigitaldeasturias.com\/noticias\/wp-content\/uploads\/2017\/08\/1503318592514-360x240.jpg\" alt=\"\" width=\"360\" height=\"240\" \/>Los ocho Grupos de Desarrollo Rural (GDR) de Granada impulsar\u00e1n la creaci\u00f3n de empleo estable y la innovaci\u00f3n en sus respectivas \u00e1reas de influencia (que abarcan a 431.745 habitantes de hasta 149 municipios), con una inversi\u00f3n p\u00fablica de 35,6 millones de euros. \u00c9ste es el presupuesto total que, seg\u00fan el consejero de Agricultura, Pesca y Desarrollo Rural, Rodrigo S\u00e1nchez Haro, gestionar\u00e1n estas entidades durante el marco comunitario 2014-2020 con la mirada fijada en la diversificaci\u00f3n social y econ\u00f3mica de los pueblos de la provincia, con un \u00abespecial \u00e9nfasis\u00bb en la promoci\u00f3n del papel activo de la mujer y de la juventud, \u00abporque tienen mucho que decir y que aportar\u00bb, y la generaci\u00f3n de valor a\u00f1adido \u00aba partir de las m\u00faltiples potencialidades end\u00f3genas que encierran cada una de nuestras comarcas\u00bb.<\/p>\n<p>S\u00e1nchez Haro, que ha proseguido en la localidad granadina de Z\u00fajar la ronda de contactos con los GDR de las ocho provincias andaluzas iniciada el pasado 17 de agosto en C\u00e1diz, ha puesto en valor el \u00abcar\u00e1cter trascendental\u00bb de unos incentivos que, para el conjunto de Andaluc\u00eda, se elevan hasta los 239,6 millones de euros. \u00abEl medio rural es una prioridad absoluta del Gobierno auton\u00f3mico\u00bb, desde el que, por tanto, \u00abpondremos el m\u00e1ximo empe\u00f1o para que las estrategias de desarrollo local dise\u00f1adas para y por cada territorio redunden en m\u00e1s riqueza, m\u00e1s bienestar y m\u00e1s calidad de vida en nuestros pueblos\u00bb, ha apostillado.<\/p>\n<p>El fin \u00faltimo, ha reiterado el consejero, es favorecer la dinamizaci\u00f3n social, econ\u00f3mica, ambiental y cultural a trav\u00e9s del respaldo a proyectos \u00abfundamentales\u00bb para la sostenibilidad y la fijaci\u00f3n de la poblaci\u00f3n al territorio. El objetivo es incidir en la senda de unas pol\u00edticas de apoyo al emprendimiento en el medio rural que son \u00abresponsables directas de que aqu\u00ed, a diferencia de lo que ocurre en otras regiones de Europa, contemos con pueblos vivos\u00bb. Adem\u00e1s, ha insistido, \u00ablo hacemos de abajo arriba, con unas bases reguladoras para la concesi\u00f3n de estas ayudas consensuadas con los grupos y con medidas que, en definitiva, parten de los propios territorios, de sus habitantes, pues son ellos los protagonistas y los que han de escribir su propio futuro\u00bb, ha aseverado.<\/p>\n<p>Rodrigo S\u00e1nchez Haro, acompa\u00f1ado en el encuentro por el director general de Desarrollo Sostenible del Medio Rural, Manuel Garc\u00eda Ben\u00edtez, la delegada del Gobierno en funciones, Inmaculada Oria, y el delegado de Agricultura, Pesca y Desarrollo Rural en Granada, Manuel Garc\u00eda Cerezo, ha manifestado su \u00abconfianza plena\u00bb en las \u00abm\u00faltiples oportunidades\u00bb que descansan en el enorme potencial de los recursos end\u00f3genos del medio rural, desde su patrimonio cultural y paisaj\u00edstico hasta el saber de su gente, que a\u00fana el conocimiento transmitido de generaci\u00f3n en generaci\u00f3n y el empuje innovador de una juventud \u00abmuy cualificada\u00bb. Para el consejero, el reto es \u00abaprovecharlas desde ya\u00bb, algo que \u00abpodremos hacer desde el pr\u00f3ximo oto\u00f1o\u00bb, cuando ya estar\u00e1 abierta la ventanilla de los distintos grupos para la recepci\u00f3n de iniciativas.<\/p>\n<p><strong>Reparto por grupos<\/strong><\/p>\n<p>El equilibrio y la solidaridad son, desde la \u00f3ptica del titular de Agricultura, Pesca y Desarrollo Rural, las notas dominantes del reparto de los fondos que la Nueva Estrategia de Desarrollo Local 2014-2020 pone a disposici\u00f3n de los grupos de la provincia de Granada, que oscilan entre los 4,8 millones de euros adjudicados a la zona del Poniente Granadino y los cuatro millones que gestionar\u00e1 el GDR del Arco Noreste de La Vega de Granada. El resto de cifras se concretan en los 4,7 millones de los que se beneficiar\u00e1n los pueblos de Los Montes de Granada, cantidad similar a la que tendr\u00e1 como destino el Altiplano de Granada; los 4,5 millones de la comarca de Guadix; los 4,4 millones asignados tanto a La Alpujarra-Sierra Nevada como al Valle de Lecr\u00edn-Temple y Costa, y los 4,2 millones de La Vega-Sierra Elvira.<\/p>\n<p>Hasta el momento, la Consejer\u00eda de Agricultura, Pesca y Desarrollo Rural ya ha autorizado el abono de 464.736 euros correspondientes a las ayudas preparatorias de cuatro GDR de Granada que obtuvieron la condici\u00f3n de grupo candidato para el nuevo periodo 2014-2020. Durante agosto y principios de septiembre, la Junta completar\u00e1 este pago a las cuatro entidades granadinas restantes, a las que corresponden otros 407.955 euros. En total, 872.691 euros para el dise\u00f1o, presentaci\u00f3n y preparaci\u00f3n de la implementaci\u00f3n de la estrategia de desarrollo local de las ocho zonas Leader en las que se divide la provincia.<\/p>\n<p><strong>Proyecto del marco 2007-2013<\/strong><\/p>\n<p>La puesta en marcha de las nuevas estrategias de desarrollo local de cada territorio en el periodo comunitario 2014-2020 vendr\u00e1 a alargar, ha destacado Rodrigo S\u00e1nchez Haro, el balance \u00abpositivo\u00bb del programa Leader 2007-2013, que en el caso de la provincia de Granada se tradujo en la materializaci\u00f3n de proyectos como los de modernizaci\u00f3n y plantaci\u00f3n de pistacheros ejecutados por Viveros Zuaime en el Altiplano. El consejero, que ha visitado unas instalaciones que, localizadas en el t\u00e9rmino municipal de Caniles, producen en torno a cuatro millones de plantas (\u00e1rboles y matorral mediterr\u00e1neo, plantas ornamentales o cr\u00eda de almendros y variedades de pistacho) en una superficie de 50 hect\u00e1reas, ha puesto a esta empresa como ejemplo de generaci\u00f3n de riqueza y emprendimiento en el medio rural.<\/p>\n<p>&nbsp;<\/p>\n","protected":false},"excerpt":{"rendered":"<p>Los ocho Grupos de Desarrollo Rural (GDR) de Granada impulsar\u00e1n la creaci\u00f3n de empleo estable y la innovaci\u00f3n en sus respectivas \u00e1reas de influencia (que abarcan a 431.745 habitantes de hasta 149 municipios), con una inversi\u00f3n p\u00fablica de 35,6 millones de euros. \u00c9ste es el presupuesto total que, seg\u00fan el consejero de Agricultura, Pesca y [&hellip;]<\/p>\n","protected":false},"author":1,"featured_media":950595,"comment_status":"closed","ping_status":"closed","sticky":false,"template":"","format":"standard","meta":{"footnotes":""},"categories":[1],"tags":[],"class_list":["post-950594","post","type-post","status-publish","format-standard","has-post-thumbnail","hentry","category-actualidad"],"aioseo_notices":[],"aioseo_head":"\n\t\t<!-- All in One SEO Pro 5.0.1 - aioseo.com -->\n\t<meta name=\"description\" content=\"Los ocho Grupos de Desarrollo Rural (GDR) de Granada impulsar\u00e1n la creaci\u00f3n de empleo estable y la innovaci\u00f3n en sus respectivas \u00e1reas de influencia (que abarcan a 431.745 habitantes de hasta 149 municipios), con una inversi\u00f3n p\u00fablica de 35,6 millones de euros. \u00c9ste es el presupuesto total que, seg\u00fan el consejero de Agricultura, Pesca y\" \/>\n\t<meta name=\"robots\" content=\"max-image-preview:large\" \/>\n\t<meta name=\"author\" content=\"El Digital de Asturias\"\/>\n\t<meta name=\"google-site-verification\" content=\"UA-38556648-1\" \/>\n\t<meta name=\"msvalidate.01\" content=\"7dfe9f3f1b24437ab69f4f2559babe99\" \/>\n\t<meta name=\"keywords\" content=\"actualidad\" \/>\n\t<link rel=\"canonical\" href=\"https:\/\/www.eldigitaldeasturias.com\/noticias\/los-gdr-de-granada-impulsaran-el-empleo-y-la-innovacion-en-el-medio-rural\/\" \/>\n\t<meta name=\"generator\" content=\"All in One SEO Pro (AIOSEO) 5.0.1\" \/>\n\t\t<meta property=\"og:locale\" content=\"es_ES\" \/>\n\t\t<meta property=\"og:site_name\" content=\"El Digital de Asturias\" \/>\n\t\t<meta property=\"og:type\" content=\"article\" \/>\n\t\t<meta property=\"og:title\" content=\"Los GDR de Granada impulsar\u00e1n el empleo y la innovaci\u00f3n en el medio rural - El Digital de Asturias\" \/>\n\t\t<meta property=\"og:description\" content=\"Los ocho Grupos de Desarrollo Rural (GDR) de Granada impulsar\u00e1n la creaci\u00f3n de empleo estable y la innovaci\u00f3n en sus respectivas \u00e1reas de influencia (que abarcan a 431.745 habitantes de hasta 149 municipios), con una inversi\u00f3n p\u00fablica de 35,6 millones de euros. \u00c9ste es el presupuesto total que, seg\u00fan el consejero de Agricultura, Pesca y\" \/>\n\t\t<meta property=\"og:url\" content=\"https:\/\/www.eldigitaldeasturias.com\/noticias\/los-gdr-de-granada-impulsaran-el-empleo-y-la-innovacion-en-el-medio-rural\/\" \/>\n\t\t<meta property=\"article:tag\" content=\"actualidad\" \/>\n\t\t<meta property=\"article:published_time\" content=\"2017-08-23T03:54:51+00:00\" \/>\n\t\t<meta property=\"article:modified_time\" content=\"2017-08-23T03:54:51+00:00\" \/>\n\t\t<meta property=\"article:publisher\" content=\"https:\/\/facebook.com\/eldigitaldeasturias\" \/>\n\t\t<meta name=\"twitter:card\" content=\"summary_large_image\" \/>\n\t\t<meta name=\"twitter:title\" content=\"Los GDR de Granada impulsar\u00e1n el empleo y la innovaci\u00f3n en el medio rural - El Digital de Asturias\" \/>\n\t\t<meta name=\"twitter:description\" content=\"Los ocho Grupos de Desarrollo Rural (GDR) de Granada impulsar\u00e1n la creaci\u00f3n de empleo estable y la innovaci\u00f3n en sus respectivas \u00e1reas de influencia (que abarcan a 431.745 habitantes de hasta 149 municipios), con una inversi\u00f3n p\u00fablica de 35,6 millones de euros. \u00c9ste es el presupuesto total que, seg\u00fan el consejero de Agricultura, Pesca y\" \/>\n\t\t<meta name=\"twitter:image\" content=\"https:\/\/www.eldigitaldeasturias.com\/noticias\/wp-content\/uploads\/2020\/12\/EDA-1.jpg\" \/>\n\t\t<meta name=\"twitter:label1\" content=\"Escrito por\" \/>\n\t\t<meta name=\"twitter:data1\" content=\"El Digital de Asturias\" \/>\n\t\t<meta name=\"twitter:label2\" content=\"Tiempo de lectura estimado\" \/>\n\t\t<meta name=\"twitter:data2\" content=\"5 minutos\" \/>\n\t\t<script type=\"application\/ld+json\" class=\"aioseo-schema\">\n\t\t\t{\"@context\":\"https:\\\/\\\/schema.org\",\"@graph\":[{\"@type\":\"BlogPosting\",\"@id\":\"https:\\\/\\\/www.eldigitaldeasturias.com\\\/noticias\\\/los-gdr-de-granada-impulsaran-el-empleo-y-la-innovacion-en-el-medio-rural\\\/#blogposting\",\"name\":\"Los GDR de Granada impulsar\\u00e1n el empleo y la innovaci\\u00f3n en el medio rural - El Digital de Asturias\",\"headline\":\"Los GDR de Granada impulsar\\u00e1n el empleo y la innovaci\\u00f3n en el medio rural\",\"author\":{\"@id\":\"https:\\\/\\\/www.eldigitaldeasturias.com\\\/noticias\\\/author\\\/admin\\\/#author\"},\"publisher\":{\"@id\":\"https:\\\/\\\/www.eldigitaldeasturias.com\\\/noticias\\\/#organization\"},\"image\":{\"@type\":\"ImageObject\",\"url\":950595},\"datePublished\":\"2017-08-23T03:54:51+02:00\",\"dateModified\":\"2017-08-23T03:54:51+02:00\",\"inLanguage\":\"es-ES\",\"mainEntityOfPage\":{\"@id\":\"https:\\\/\\\/www.eldigitaldeasturias.com\\\/noticias\\\/los-gdr-de-granada-impulsaran-el-empleo-y-la-innovacion-en-el-medio-rural\\\/#webpage\"},\"isPartOf\":{\"@id\":\"https:\\\/\\\/www.eldigitaldeasturias.com\\\/noticias\\\/los-gdr-de-granada-impulsaran-el-empleo-y-la-innovacion-en-el-medio-rural\\\/#webpage\"},\"articleSection\":\"Actualidad\"},{\"@type\":\"BreadcrumbList\",\"@id\":\"https:\\\/\\\/www.eldigitaldeasturias.com\\\/noticias\\\/los-gdr-de-granada-impulsaran-el-empleo-y-la-innovacion-en-el-medio-rural\\\/#breadcrumblist\",\"itemListElement\":[{\"@type\":\"ListItem\",\"@id\":\"https:\\\/\\\/www.eldigitaldeasturias.com\\\/noticias#listItem\",\"position\":1,\"name\":\"Home\",\"item\":\"https:\\\/\\\/www.eldigitaldeasturias.com\\\/noticias\",\"nextItem\":{\"@type\":\"ListItem\",\"@id\":\"https:\\\/\\\/www.eldigitaldeasturias.com\\\/noticias\\\/category\\\/actualidad\\\/#listItem\",\"name\":\"Actualidad\"}},{\"@type\":\"ListItem\",\"@id\":\"https:\\\/\\\/www.eldigitaldeasturias.com\\\/noticias\\\/category\\\/actualidad\\\/#listItem\",\"position\":2,\"name\":\"Actualidad\",\"item\":\"https:\\\/\\\/www.eldigitaldeasturias.com\\\/noticias\\\/category\\\/actualidad\\\/\",\"nextItem\":{\"@type\":\"ListItem\",\"@id\":\"https:\\\/\\\/www.eldigitaldeasturias.com\\\/noticias\\\/los-gdr-de-granada-impulsaran-el-empleo-y-la-innovacion-en-el-medio-rural\\\/#listItem\",\"name\":\"Los GDR de Granada impulsar\\u00e1n el empleo y la innovaci\\u00f3n en el medio rural\"},\"previousItem\":{\"@type\":\"ListItem\",\"@id\":\"https:\\\/\\\/www.eldigitaldeasturias.com\\\/noticias#listItem\",\"name\":\"Home\"}},{\"@type\":\"ListItem\",\"@id\":\"https:\\\/\\\/www.eldigitaldeasturias.com\\\/noticias\\\/los-gdr-de-granada-impulsaran-el-empleo-y-la-innovacion-en-el-medio-rural\\\/#listItem\",\"position\":3,\"name\":\"Los GDR de Granada impulsar\\u00e1n el empleo y la innovaci\\u00f3n en el medio rural\",\"previousItem\":{\"@type\":\"ListItem\",\"@id\":\"https:\\\/\\\/www.eldigitaldeasturias.com\\\/noticias\\\/category\\\/actualidad\\\/#listItem\",\"name\":\"Actualidad\"}}]},{\"@type\":\"Organization\",\"@id\":\"https:\\\/\\\/www.eldigitaldeasturias.com\\\/noticias\\\/#organization\",\"name\":\"El Digital de Asturias\",\"description\":\"Hemeroteca\",\"url\":\"https:\\\/\\\/www.eldigitaldeasturias.com\\\/noticias\\\/\",\"email\":\"info@eldigitaldeasturias.com\",\"telephone\":\"+34652131393\",\"logo\":{\"@type\":\"ImageObject\",\"url\":\"https:\\\/\\\/www.eldigitaldeasturias.com\\\/noticias\\\/wp-content\\\/uploads\\\/2020\\\/12\\\/EDA.jpg\",\"@id\":\"https:\\\/\\\/www.eldigitaldeasturias.com\\\/noticias\\\/los-gdr-de-granada-impulsaran-el-empleo-y-la-innovacion-en-el-medio-rural\\\/#organizationLogo\"},\"image\":{\"@id\":\"https:\\\/\\\/www.eldigitaldeasturias.com\\\/noticias\\\/los-gdr-de-granada-impulsaran-el-empleo-y-la-innovacion-en-el-medio-rural\\\/#organizationLogo\"},\"sameAs\":[\"https:\\\/\\\/facebook.com\\\/eldigitaldeasturias\",\"https:\\\/\\\/www.youtube.com\\\/channel\\\/UCZP-2wLEB9Rv6erhFmqVnvg\"],\"address\":{\"@id\":\"https:\\\/\\\/www.eldigitaldeasturias.com\\\/noticias\\\/#postaladdress\",\"@type\":\"PostalAddress\",\"streetAddress\":\"san antonio 4\",\"postalCode\":\"33430\",\"addressLocality\":\"Cand\\u00e1s\",\"addressRegion\":\"Asturias\",\"addressCountry\":\"ES\"}},{\"@type\":\"Person\",\"@id\":\"https:\\\/\\\/www.eldigitaldeasturias.com\\\/noticias\\\/author\\\/admin\\\/#author\",\"url\":\"https:\\\/\\\/www.eldigitaldeasturias.com\\\/noticias\\\/author\\\/admin\\\/\",\"name\":\"El Digital de Asturias\",\"image\":{\"@type\":\"ImageObject\",\"@id\":\"https:\\\/\\\/www.eldigitaldeasturias.com\\\/noticias\\\/los-gdr-de-granada-impulsaran-el-empleo-y-la-innovacion-en-el-medio-rural\\\/#authorImage\",\"url\":\"https:\\\/\\\/secure.gravatar.com\\\/avatar\\\/df2aeffc32bcd13f8d26072ef8a91b623d677766deac7f97ca815868cd41bf5e?s=96&d=mm&r=g\",\"width\":96,\"height\":96,\"caption\":\"El Digital de Asturias\"}},{\"@type\":\"WebPage\",\"@id\":\"https:\\\/\\\/www.eldigitaldeasturias.com\\\/noticias\\\/los-gdr-de-granada-impulsaran-el-empleo-y-la-innovacion-en-el-medio-rural\\\/#webpage\",\"url\":\"https:\\\/\\\/www.eldigitaldeasturias.com\\\/noticias\\\/los-gdr-de-granada-impulsaran-el-empleo-y-la-innovacion-en-el-medio-rural\\\/\",\"name\":\"Los GDR de Granada impulsar\\u00e1n el empleo y la innovaci\\u00f3n en el medio rural - El Digital de Asturias\",\"description\":\"Los ocho Grupos de Desarrollo Rural (GDR) de Granada impulsar\\u00e1n la creaci\\u00f3n de empleo estable y la innovaci\\u00f3n en sus respectivas \\u00e1reas de influencia (que abarcan a 431.745 habitantes de hasta 149 municipios), con una inversi\\u00f3n p\\u00fablica de 35,6 millones de euros. \\u00c9ste es el presupuesto total que, seg\\u00fan el consejero de Agricultura, Pesca y\",\"inLanguage\":\"es-ES\",\"isPartOf\":{\"@id\":\"https:\\\/\\\/www.eldigitaldeasturias.com\\\/noticias\\\/#website\"},\"breadcrumb\":{\"@id\":\"https:\\\/\\\/www.eldigitaldeasturias.com\\\/noticias\\\/los-gdr-de-granada-impulsaran-el-empleo-y-la-innovacion-en-el-medio-rural\\\/#breadcrumblist\"},\"author\":{\"@id\":\"https:\\\/\\\/www.eldigitaldeasturias.com\\\/noticias\\\/author\\\/admin\\\/#author\"},\"creator\":{\"@id\":\"https:\\\/\\\/www.eldigitaldeasturias.com\\\/noticias\\\/author\\\/admin\\\/#author\"},\"image\":{\"@type\":\"ImageObject\",\"url\":950595,\"@id\":\"https:\\\/\\\/www.eldigitaldeasturias.com\\\/noticias\\\/los-gdr-de-granada-impulsaran-el-empleo-y-la-innovacion-en-el-medio-rural\\\/#mainImage\"},\"primaryImageOfPage\":{\"@id\":\"https:\\\/\\\/www.eldigitaldeasturias.com\\\/noticias\\\/los-gdr-de-granada-impulsaran-el-empleo-y-la-innovacion-en-el-medio-rural\\\/#mainImage\"},\"datePublished\":\"2017-08-23T03:54:51+02:00\",\"dateModified\":\"2017-08-23T03:54:51+02:00\"},{\"@type\":\"WebSite\",\"@id\":\"https:\\\/\\\/www.eldigitaldeasturias.com\\\/noticias\\\/#website\",\"url\":\"https:\\\/\\\/www.eldigitaldeasturias.com\\\/noticias\\\/\",\"name\":\"El Digital de Asturias - Diario de actualidad y noticias\",\"alternateName\":\"El Digital de Asturias - Diario de actualidad y noticias\",\"description\":\"Hemeroteca\",\"inLanguage\":\"es-ES\",\"publisher\":{\"@id\":\"https:\\\/\\\/www.eldigitaldeasturias.com\\\/noticias\\\/#organization\"}}]}\n\t\t<\/script>\n\t\t<!-- All in One SEO Pro -->\r\n\t\t<title>Los GDR de Granada impulsar\u00e1n el empleo y la innovaci\u00f3n en el medio rural - El Digital de Asturias<\/title>\n\n","aioseo_head_json":{"title":"Los GDR de Granada impulsar\u00e1n el empleo y la innovaci\u00f3n en el medio rural - El Digital de Asturias","description":"Los ocho Grupos de Desarrollo Rural (GDR) de Granada impulsar\u00e1n la creaci\u00f3n de empleo estable y la innovaci\u00f3n en sus respectivas \u00e1reas de influencia (que abarcan a 431.745 habitantes de hasta 149 municipios), con una inversi\u00f3n p\u00fablica de 35,6 millones de euros. \u00c9ste es el presupuesto total que, seg\u00fan el consejero de Agricultura, Pesca y","canonical_url":"https:\/\/www.eldigitaldeasturias.com\/noticias\/los-gdr-de-granada-impulsaran-el-empleo-y-la-innovacion-en-el-medio-rural\/","robots":"max-image-preview:large","keywords":"actualidad","webmasterTools":{"google-site-verification":"UA-38556648-1","msvalidate.01":"7dfe9f3f1b24437ab69f4f2559babe99","miscellaneous":""},"schema":{"@context":"https:\/\/schema.org","@graph":[{"@type":"BlogPosting","@id":"https:\/\/www.eldigitaldeasturias.com\/noticias\/los-gdr-de-granada-impulsaran-el-empleo-y-la-innovacion-en-el-medio-rural\/#blogposting","name":"Los GDR de Granada impulsar\u00e1n el empleo y la innovaci\u00f3n en el medio rural - El Digital de Asturias","headline":"Los GDR de Granada impulsar\u00e1n el empleo y la innovaci\u00f3n en el medio rural","author":{"@id":"https:\/\/www.eldigitaldeasturias.com\/noticias\/author\/admin\/#author"},"publisher":{"@id":"https:\/\/www.eldigitaldeasturias.com\/noticias\/#organization"},"image":{"@type":"ImageObject","url":950595},"datePublished":"2017-08-23T03:54:51+02:00","dateModified":"2017-08-23T03:54:51+02:00","inLanguage":"es-ES","mainEntityOfPage":{"@id":"https:\/\/www.eldigitaldeasturias.com\/noticias\/los-gdr-de-granada-impulsaran-el-empleo-y-la-innovacion-en-el-medio-rural\/#webpage"},"isPartOf":{"@id":"https:\/\/www.eldigitaldeasturias.com\/noticias\/los-gdr-de-granada-impulsaran-el-empleo-y-la-innovacion-en-el-medio-rural\/#webpage"},"articleSection":"Actualidad"},{"@type":"BreadcrumbList","@id":"https:\/\/www.eldigitaldeasturias.com\/noticias\/los-gdr-de-granada-impulsaran-el-empleo-y-la-innovacion-en-el-medio-rural\/#breadcrumblist","itemListElement":[{"@type":"ListItem","@id":"https:\/\/www.eldigitaldeasturias.com\/noticias#listItem","position":1,"name":"Home","item":"https:\/\/www.eldigitaldeasturias.com\/noticias","nextItem":{"@type":"ListItem","@id":"https:\/\/www.eldigitaldeasturias.com\/noticias\/category\/actualidad\/#listItem","name":"Actualidad"}},{"@type":"ListItem","@id":"https:\/\/www.eldigitaldeasturias.com\/noticias\/category\/actualidad\/#listItem","position":2,"name":"Actualidad","item":"https:\/\/www.eldigitaldeasturias.com\/noticias\/category\/actualidad\/","nextItem":{"@type":"ListItem","@id":"https:\/\/www.eldigitaldeasturias.com\/noticias\/los-gdr-de-granada-impulsaran-el-empleo-y-la-innovacion-en-el-medio-rural\/#listItem","name":"Los GDR de Granada impulsar\u00e1n el empleo y la innovaci\u00f3n en el medio rural"},"previousItem":{"@type":"ListItem","@id":"https:\/\/www.eldigitaldeasturias.com\/noticias#listItem","name":"Home"}},{"@type":"ListItem","@id":"https:\/\/www.eldigitaldeasturias.com\/noticias\/los-gdr-de-granada-impulsaran-el-empleo-y-la-innovacion-en-el-medio-rural\/#listItem","position":3,"name":"Los GDR de Granada impulsar\u00e1n el empleo y la innovaci\u00f3n en el medio rural","previousItem":{"@type":"ListItem","@id":"https:\/\/www.eldigitaldeasturias.com\/noticias\/category\/actualidad\/#listItem","name":"Actualidad"}}]},{"@type":"Organization","@id":"https:\/\/www.eldigitaldeasturias.com\/noticias\/#organization","name":"El Digital de Asturias","description":"Hemeroteca","url":"https:\/\/www.eldigitaldeasturias.com\/noticias\/","email":"info@eldigitaldeasturias.com","telephone":"+34652131393","logo":{"@type":"ImageObject","url":"https:\/\/www.eldigitaldeasturias.com\/noticias\/wp-content\/uploads\/2020\/12\/EDA.jpg","@id":"https:\/\/www.eldigitaldeasturias.com\/noticias\/los-gdr-de-granada-impulsaran-el-empleo-y-la-innovacion-en-el-medio-rural\/#organizationLogo"},"image":{"@id":"https:\/\/www.eldigitaldeasturias.com\/noticias\/los-gdr-de-granada-impulsaran-el-empleo-y-la-innovacion-en-el-medio-rural\/#organizationLogo"},"sameAs":["https:\/\/facebook.com\/eldigitaldeasturias","https:\/\/www.youtube.com\/channel\/UCZP-2wLEB9Rv6erhFmqVnvg"],"address":{"@id":"https:\/\/www.eldigitaldeasturias.com\/noticias\/#postaladdress","@type":"PostalAddress","streetAddress":"san antonio 4","postalCode":"33430","addressLocality":"Cand\u00e1s","addressRegion":"Asturias","addressCountry":"ES"}},{"@type":"Person","@id":"https:\/\/www.eldigitaldeasturias.com\/noticias\/author\/admin\/#author","url":"https:\/\/www.eldigitaldeasturias.com\/noticias\/author\/admin\/","name":"El Digital de Asturias","image":{"@type":"ImageObject","@id":"https:\/\/www.eldigitaldeasturias.com\/noticias\/los-gdr-de-granada-impulsaran-el-empleo-y-la-innovacion-en-el-medio-rural\/#authorImage","url":"https:\/\/secure.gravatar.com\/avatar\/df2aeffc32bcd13f8d26072ef8a91b623d677766deac7f97ca815868cd41bf5e?s=96&d=mm&r=g","width":96,"height":96,"caption":"El Digital de Asturias"}},{"@type":"WebPage","@id":"https:\/\/www.eldigitaldeasturias.com\/noticias\/los-gdr-de-granada-impulsaran-el-empleo-y-la-innovacion-en-el-medio-rural\/#webpage","url":"https:\/\/www.eldigitaldeasturias.com\/noticias\/los-gdr-de-granada-impulsaran-el-empleo-y-la-innovacion-en-el-medio-rural\/","name":"Los GDR de Granada impulsar\u00e1n el empleo y la innovaci\u00f3n en el medio rural - El Digital de Asturias","description":"Los ocho Grupos de Desarrollo Rural (GDR) de Granada impulsar\u00e1n la creaci\u00f3n de empleo estable y la innovaci\u00f3n en sus respectivas \u00e1reas de influencia (que abarcan a 431.745 habitantes de hasta 149 municipios), con una inversi\u00f3n p\u00fablica de 35,6 millones de euros. \u00c9ste es el presupuesto total que, seg\u00fan el consejero de Agricultura, Pesca y","inLanguage":"es-ES","isPartOf":{"@id":"https:\/\/www.eldigitaldeasturias.com\/noticias\/#website"},"breadcrumb":{"@id":"https:\/\/www.eldigitaldeasturias.com\/noticias\/los-gdr-de-granada-impulsaran-el-empleo-y-la-innovacion-en-el-medio-rural\/#breadcrumblist"},"author":{"@id":"https:\/\/www.eldigitaldeasturias.com\/noticias\/author\/admin\/#author"},"creator":{"@id":"https:\/\/www.eldigitaldeasturias.com\/noticias\/author\/admin\/#author"},"image":{"@type":"ImageObject","url":950595,"@id":"https:\/\/www.eldigitaldeasturias.com\/noticias\/los-gdr-de-granada-impulsaran-el-empleo-y-la-innovacion-en-el-medio-rural\/#mainImage"},"primaryImageOfPage":{"@id":"https:\/\/www.eldigitaldeasturias.com\/noticias\/los-gdr-de-granada-impulsaran-el-empleo-y-la-innovacion-en-el-medio-rural\/#mainImage"},"datePublished":"2017-08-23T03:54:51+02:00","dateModified":"2017-08-23T03:54:51+02:00"},{"@type":"WebSite","@id":"https:\/\/www.eldigitaldeasturias.com\/noticias\/#website","url":"https:\/\/www.eldigitaldeasturias.com\/noticias\/","name":"El Digital de Asturias - Diario de actualidad y noticias","alternateName":"El Digital de Asturias - Diario de actualidad y noticias","description":"Hemeroteca","inLanguage":"es-ES","publisher":{"@id":"https:\/\/www.eldigitaldeasturias.com\/noticias\/#organization"}}]},"og:locale":"es_ES","og:site_name":"El Digital de Asturias","og:type":"article","og:title":"Los GDR de Granada impulsar\u00e1n el empleo y la innovaci\u00f3n en el medio rural - El Digital de Asturias","og:description":"Los ocho Grupos de Desarrollo Rural (GDR) de Granada impulsar\u00e1n la creaci\u00f3n de empleo estable y la innovaci\u00f3n en sus respectivas \u00e1reas de influencia (que abarcan a 431.745 habitantes de hasta 149 municipios), con una inversi\u00f3n p\u00fablica de 35,6 millones de euros. \u00c9ste es el presupuesto total que, seg\u00fan el consejero de Agricultura, Pesca y","og:url":"https:\/\/www.eldigitaldeasturias.com\/noticias\/los-gdr-de-granada-impulsaran-el-empleo-y-la-innovacion-en-el-medio-rural\/","article:tag":["actualidad"],"article:published_time":"2017-08-23T03:54:51+00:00","article:modified_time":"2017-08-23T03:54:51+00:00","article:publisher":"https:\/\/facebook.com\/eldigitaldeasturias","twitter:card":"summary_large_image","twitter:title":"Los GDR de Granada impulsar\u00e1n el empleo y la innovaci\u00f3n en el medio rural - El Digital de Asturias","twitter:description":"Los ocho Grupos de Desarrollo Rural (GDR) de Granada impulsar\u00e1n la creaci\u00f3n de empleo estable y la innovaci\u00f3n en sus respectivas \u00e1reas de influencia (que abarcan a 431.745 habitantes de hasta 149 municipios), con una inversi\u00f3n p\u00fablica de 35,6 millones de euros. \u00c9ste es el presupuesto total que, seg\u00fan el consejero de Agricultura, Pesca y","twitter:image":"https:\/\/www.eldigitaldeasturias.com\/noticias\/wp-content\/uploads\/2020\/12\/EDA-1.jpg","twitter:label1":"Escrito por","twitter:data1":"El Digital de Asturias","twitter:label2":"Tiempo de lectura estimado","twitter:data2":"5 minutos"},"aioseo_meta_data":{"post_id":"950594","title":null,"description":null,"keywords":null,"keyphrases":null,"primary_term":null,"canonical_url":null,"og_title":null,"og_description":null,"og_object_type":"default","og_image_type":"default","og_image_url":null,"og_image_width":null,"og_image_height":null,"og_image_custom_url":null,"og_image_custom_fields":null,"og_video":null,"og_custom_url":null,"og_article_section":null,"og_article_tags":null,"twitter_use_og":false,"twitter_card":"default","twitter_image_type":"default","twitter_image_url":null,"twitter_image_custom_url":null,"twitter_image_custom_fields":null,"twitter_title":null,"twitter_description":null,"schema":{"blockGraphs":[],"customGraphs":[],"default":{"data":{"Article":[],"Course":[],"Dataset":[],"FAQPage":[],"Movie":[],"Person":[],"Product":[],"ProductReview":[],"Car":[],"Recipe":[],"Service":[],"SoftwareApplication":[],"WebPage":[]},"graphName":"","isEnabled":true},"graphs":[],"defaultGraph":"","defaultPostTypeGraph":""},"schema_type":null,"schema_type_options":null,"pillar_content":false,"robots_default":true,"robots_noindex":false,"robots_noarchive":false,"robots_nosnippet":false,"robots_nofollow":false,"robots_noimageindex":false,"robots_noodp":false,"robots_notranslate":false,"robots_max_snippet":null,"robots_max_videopreview":null,"robots_max_imagepreview":"large","priority":null,"frequency":null,"local_seo":null,"seo_analyzer_scan_date":"2025-12-05 16:24:20","breadcrumb_settings":null,"limit_modified_date":false,"open_ai":null,"ai":null,"created":"2020-12-21 12:58:35","updated":"2025-12-05 16:24:20","focus_keyword":null,"additional_keywords":null,"truseo_locale":null},"aioseo_breadcrumb":"<div class=\"aioseo-breadcrumbs\"><span class=\"aioseo-breadcrumb\">\n\t<a href=\"https:\/\/www.eldigitaldeasturias.com\/noticias\" title=\"Home\">Home<\/a>\n<\/span><span class=\"aioseo-breadcrumb-separator\">\u2013<\/span><span class=\"aioseo-breadcrumb\">\n\t<a href=\"https:\/\/www.eldigitaldeasturias.com\/noticias\/category\/actualidad\/\" title=\"Actualidad\">Actualidad<\/a>\n<\/span><span class=\"aioseo-breadcrumb-separator\">\u2013<\/span><span class=\"aioseo-breadcrumb\">\n\t<a href=\"https:\/\/www.eldigitaldeasturias.com\/noticias\/los-gdr-de-granada-impulsaran-el-empleo-y-la-innovacion-en-el-medio-rural\/\" title=\"Los GDR de Granada impulsar\u00e1n el empleo y la innovaci\u00f3n en el medio rural\">Los GDR de Granada impulsar\u00e1n el empleo y la innovaci\u00f3n en el medio rural<\/a>\n<\/span><\/div>","aioseo_breadcrumb_json":[{"label":"Home","link":"https:\/\/www.eldigitaldeasturias.com\/noticias"},{"label":"Actualidad","link":"https:\/\/www.eldigitaldeasturias.com\/noticias\/category\/actualidad\/"},{"label":"Los GDR de Granada impulsar\u00e1n el empleo y la innovaci\u00f3n en el medio rural","link":"https:\/\/www.eldigitaldeasturias.com\/noticias\/los-gdr-de-granada-impulsaran-el-empleo-y-la-innovacion-en-el-medio-rural\/"}],"_links":{"self":[{"href":"https:\/\/www.eldigitaldeasturias.com\/noticias\/wp-json\/wp\/v2\/posts\/950594","targetHints":{"allow":["GET"]}}],"collection":[{"href":"https:\/\/www.eldigitaldeasturias.com\/noticias\/wp-json\/wp\/v2\/posts"}],"about":[{"href":"https:\/\/www.eldigitaldeasturias.com\/noticias\/wp-json\/wp\/v2\/types\/post"}],"author":[{"embeddable":true,"href":"https:\/\/www.eldigitaldeasturias.com\/noticias\/wp-json\/wp\/v2\/users\/1"}],"replies":[{"embeddable":true,"href":"https:\/\/www.eldigitaldeasturias.com\/noticias\/wp-json\/wp\/v2\/comments?post=950594"}],"version-history":[{"count":0,"href":"https:\/\/www.eldigitaldeasturias.com\/noticias\/wp-json\/wp\/v2\/posts\/950594\/revisions"}],"wp:attachment":[{"href":"https:\/\/www.eldigitaldeasturias.com\/noticias\/wp-json\/wp\/v2\/media?parent=950594"}],"wp:term":[{"taxonomy":"category","embeddable":true,"href":"https:\/\/www.eldigitaldeasturias.com\/noticias\/wp-json\/wp\/v2\/categories?post=950594"},{"taxonomy":"post_tag","embeddable":true,"href":"https:\/\/www.eldigitaldeasturias.com\/noticias\/wp-json\/wp\/v2\/tags?post=950594"}],"curies":[{"name":"wp","href":"https:\/\/api.w.org\/{rel}","templated":true}]}}