{"id":950591,"date":"2017-08-23T03:52:49","date_gmt":"2017-08-23T03:52:49","guid":{"rendered":"http:\/\/www.eldigitaldeasturias.com\/noticias\/?p=950591"},"modified":"2017-08-23T03:52:49","modified_gmt":"2017-08-23T03:52:49","slug":"andalucia-ha-dedicado-mas-de-543-millones-a-los-servicios-de-dependencia","status":"publish","type":"post","link":"https:\/\/www.eldigitaldeasturias.com\/noticias\/andalucia-ha-dedicado-mas-de-543-millones-a-los-servicios-de-dependencia\/","title":{"rendered":"Andaluc\u00eda ha dedicado m\u00e1s de 543 millones a los servicios de dependencia"},"content":{"rendered":"<p><img loading=\"lazy\" decoding=\"async\" class=\"alignleft size-medium wp-image-950592\" src=\"https:\/\/www.eldigitaldeasturias.com\/noticias\/wp-content\/uploads\/2017\/08\/1503308893844-360x240.jpg\" alt=\"\" width=\"360\" height=\"240\" \/>La Consejer\u00eda de Igualdad y Pol\u00edticas Sociales ha abonado en el primer semestre de 2017 m\u00e1s de 543 millones de euros para la financiaci\u00f3n de servicios y prestaciones en materia de dependencia, de los que m\u00e1s de 221 millones corresponden a corporaciones locales, 150 millones a prestaciones econ\u00f3micas a las personas beneficiarias, 169 millones a entidades del tercer sector que prestan servicios de dependencia y 3,2 millones al sector p\u00fablico andaluz.<\/p>\n<p>La consejera de Igualdad y Pol\u00edticas Sociales, Mar\u00eda Jos\u00e9 S\u00e1nchez Rubio, ha detallado que \u00abdel total abonado, m\u00e1s de 150 millones de euros se han destinado al pago de las prestaciones econ\u00f3micas a las personas en situaci\u00f3n de dependencia de Andaluc\u00eda. La Junta de Andaluc\u00eda se marc\u00f3 como prioridad el abono mes a mes de estas prestaciones econ\u00f3micas y, actualmente, podemos decir que se ha hecho frente de forma puntual y rigurosa a estos abonos mensuales\u00bb.<\/p>\n<p>\u00abDe esta forma, cuando lo que se prescribe en el Programa Individual de Atenci\u00f3n (PIA) es una prestaci\u00f3n de car\u00e1cter econ\u00f3mico, las personas beneficiarias comenzar\u00e1n a recibir el ingreso aprobado, no sin dificultades por parte del Gobierno andaluz, dada la asfixia econ\u00f3mica a la que nos somete el Gobierno estatal, que en lugar de financiar el 50% que establece la Ley, financia el 20% del gasto en dependencia, haciendo que el esfuerzo inversor del Gobierno de Andaluc\u00eda sea de m\u00e1s del 80%\u00bb, ha recordado S\u00e1nchez Rubio.<\/p>\n<p>Con respecto al Servicio de Ayuda a Domicilio, se ha transferido a los ayuntamientos y diputaciones provinciales lo correspondiente al primer semestre de este a\u00f1o, que ha supuesto el pago de 173,8 millones de euros.<\/p>\n<p>Adem\u00e1s, se han destinado 164,9 millones de euros al pago del Servicio de Atenci\u00f3n Residencial y 44,6 millones al Servicio de Centros de D\u00eda. La consejera ha destacado que, \u00abcon respecto al plazo medio de pago de estos servicios, actualmente se cumple en un plazo considerablemente inferior a los 20 d\u00edas tras visto bueno de la factura que establece el Decreto de garant\u00edas de los tiempos de pago aprobado por la Junta, que tiene por objeto garantizar unos determinados plazos de pago en relaci\u00f3n con las obligaciones en sectores prioritarios como son los servicios sociales\u00bb.<\/p>\n<p>S\u00e1nchez Rubio ha denunciado que \u00abestos abonos se han realizado pese a los recortes llevados a cabo por la Administraci\u00f3n central, que han supuesto que Andaluc\u00eda deje de recibir 625 millones de euros desde 2012, adem\u00e1s de otros 18 millones por el pago de la teleasistencia avanzada, lo que se traducir\u00eda en la atenci\u00f3n a 105.000 personas m\u00e1s\u00bb.<\/p>\n<p>En los presupuestos de 2017 de la Consejer\u00eda de Igualdad y Pol\u00edticas Sociales se consigna un total de 1.188 millones de euros, un 2,5% m\u00e1s que en 2016, para el desarrollo de la Ley de Dependencia, cantidad similar a la que el Gobierno central destina para toda Espa\u00f1a. El compromiso de la Junta es que este incremento contin\u00fae hasta alcanzar el 10% acumulado a lo largo de la legislatura. \u00abLa aportaci\u00f3n econ\u00f3mica de Andaluc\u00eda ha permitido garantizar la estabilidad de 45.500 empleos desde la implantaci\u00f3n del sistema (18.000 de ellos correspondientes a la ayuda a domicilio)\u00bb, ha resaltado la consejera.<\/p>\n","protected":false},"excerpt":{"rendered":"<p>La Consejer\u00eda de Igualdad y Pol\u00edticas Sociales ha abonado en el primer semestre de 2017 m\u00e1s de 543 millones de euros para la financiaci\u00f3n de servicios y prestaciones en materia de dependencia, de los que m\u00e1s de 221 millones corresponden a corporaciones locales, 150 millones a prestaciones econ\u00f3micas a las personas beneficiarias, 169 millones a [&hellip;]<\/p>\n","protected":false},"author":1,"featured_media":950592,"comment_status":"closed","ping_status":"closed","sticky":false,"template":"","format":"standard","meta":{"footnotes":""},"categories":[1],"tags":[],"class_list":["post-950591","post","type-post","status-publish","format-standard","has-post-thumbnail","hentry","category-actualidad"],"aioseo_notices":[],"aioseo_head":"\n\t\t<!-- All in One SEO Pro 5.0.1 - aioseo.com -->\n\t<meta name=\"description\" content=\"La Consejer\u00eda de Igualdad y Pol\u00edticas Sociales ha abonado en el primer semestre de 2017 m\u00e1s de 543 millones de euros para la financiaci\u00f3n de servicios y prestaciones en materia de dependencia, de los que m\u00e1s de 221 millones corresponden a corporaciones locales, 150 millones a prestaciones econ\u00f3micas a las personas beneficiarias, 169 millones a\" \/>\n\t<meta name=\"robots\" content=\"max-image-preview:large\" \/>\n\t<meta name=\"author\" content=\"El Digital de Asturias\"\/>\n\t<meta name=\"google-site-verification\" content=\"UA-38556648-1\" \/>\n\t<meta name=\"msvalidate.01\" content=\"7dfe9f3f1b24437ab69f4f2559babe99\" \/>\n\t<meta name=\"keywords\" content=\"actualidad\" \/>\n\t<link rel=\"canonical\" href=\"https:\/\/www.eldigitaldeasturias.com\/noticias\/andalucia-ha-dedicado-mas-de-543-millones-a-los-servicios-de-dependencia\/\" \/>\n\t<meta name=\"generator\" content=\"All in One SEO Pro (AIOSEO) 5.0.1\" \/>\n\t\t<meta property=\"og:locale\" content=\"es_ES\" \/>\n\t\t<meta property=\"og:site_name\" content=\"El Digital de Asturias\" \/>\n\t\t<meta property=\"og:type\" content=\"article\" \/>\n\t\t<meta property=\"og:title\" content=\"Andaluc\u00eda ha dedicado m\u00e1s de 543 millones a los servicios de dependencia - El Digital de Asturias\" \/>\n\t\t<meta property=\"og:description\" content=\"La Consejer\u00eda de Igualdad y Pol\u00edticas Sociales ha abonado en el primer semestre de 2017 m\u00e1s de 543 millones de euros para la financiaci\u00f3n de servicios y prestaciones en materia de dependencia, de los que m\u00e1s de 221 millones corresponden a corporaciones locales, 150 millones a prestaciones econ\u00f3micas a las personas beneficiarias, 169 millones a\" \/>\n\t\t<meta property=\"og:url\" content=\"https:\/\/www.eldigitaldeasturias.com\/noticias\/andalucia-ha-dedicado-mas-de-543-millones-a-los-servicios-de-dependencia\/\" \/>\n\t\t<meta property=\"article:tag\" content=\"actualidad\" \/>\n\t\t<meta property=\"article:published_time\" content=\"2017-08-23T03:52:49+00:00\" \/>\n\t\t<meta property=\"article:modified_time\" content=\"2017-08-23T03:52:49+00:00\" \/>\n\t\t<meta property=\"article:publisher\" content=\"https:\/\/facebook.com\/eldigitaldeasturias\" \/>\n\t\t<meta name=\"twitter:card\" content=\"summary_large_image\" \/>\n\t\t<meta name=\"twitter:title\" content=\"Andaluc\u00eda ha dedicado m\u00e1s de 543 millones a los servicios de dependencia - El Digital de Asturias\" \/>\n\t\t<meta name=\"twitter:description\" content=\"La Consejer\u00eda de Igualdad y Pol\u00edticas Sociales ha abonado en el primer semestre de 2017 m\u00e1s de 543 millones de euros para la financiaci\u00f3n de servicios y prestaciones en materia de dependencia, de los que m\u00e1s de 221 millones corresponden a corporaciones locales, 150 millones a prestaciones econ\u00f3micas a las personas beneficiarias, 169 millones a\" \/>\n\t\t<meta name=\"twitter:image\" content=\"https:\/\/www.eldigitaldeasturias.com\/noticias\/wp-content\/uploads\/2020\/12\/EDA-1.jpg\" \/>\n\t\t<meta name=\"twitter:label1\" content=\"Escrito por\" \/>\n\t\t<meta name=\"twitter:data1\" content=\"El Digital de Asturias\" \/>\n\t\t<meta name=\"twitter:label2\" content=\"Tiempo de lectura estimado\" \/>\n\t\t<meta name=\"twitter:data2\" content=\"3 minutos\" \/>\n\t\t<script type=\"application\/ld+json\" class=\"aioseo-schema\">\n\t\t\t{\"@context\":\"https:\\\/\\\/schema.org\",\"@graph\":[{\"@type\":\"BlogPosting\",\"@id\":\"https:\\\/\\\/www.eldigitaldeasturias.com\\\/noticias\\\/andalucia-ha-dedicado-mas-de-543-millones-a-los-servicios-de-dependencia\\\/#blogposting\",\"name\":\"Andaluc\\u00eda ha dedicado m\\u00e1s de 543 millones a los servicios de dependencia - El Digital de Asturias\",\"headline\":\"Andaluc\\u00eda ha dedicado m\\u00e1s de 543 millones a los servicios de dependencia\",\"author\":{\"@id\":\"https:\\\/\\\/www.eldigitaldeasturias.com\\\/noticias\\\/author\\\/admin\\\/#author\"},\"publisher\":{\"@id\":\"https:\\\/\\\/www.eldigitaldeasturias.com\\\/noticias\\\/#organization\"},\"image\":{\"@type\":\"ImageObject\",\"url\":950592},\"datePublished\":\"2017-08-23T03:52:49+02:00\",\"dateModified\":\"2017-08-23T03:52:49+02:00\",\"inLanguage\":\"es-ES\",\"mainEntityOfPage\":{\"@id\":\"https:\\\/\\\/www.eldigitaldeasturias.com\\\/noticias\\\/andalucia-ha-dedicado-mas-de-543-millones-a-los-servicios-de-dependencia\\\/#webpage\"},\"isPartOf\":{\"@id\":\"https:\\\/\\\/www.eldigitaldeasturias.com\\\/noticias\\\/andalucia-ha-dedicado-mas-de-543-millones-a-los-servicios-de-dependencia\\\/#webpage\"},\"articleSection\":\"Actualidad\"},{\"@type\":\"BreadcrumbList\",\"@id\":\"https:\\\/\\\/www.eldigitaldeasturias.com\\\/noticias\\\/andalucia-ha-dedicado-mas-de-543-millones-a-los-servicios-de-dependencia\\\/#breadcrumblist\",\"itemListElement\":[{\"@type\":\"ListItem\",\"@id\":\"https:\\\/\\\/www.eldigitaldeasturias.com\\\/noticias#listItem\",\"position\":1,\"name\":\"Home\",\"item\":\"https:\\\/\\\/www.eldigitaldeasturias.com\\\/noticias\",\"nextItem\":{\"@type\":\"ListItem\",\"@id\":\"https:\\\/\\\/www.eldigitaldeasturias.com\\\/noticias\\\/category\\\/actualidad\\\/#listItem\",\"name\":\"Actualidad\"}},{\"@type\":\"ListItem\",\"@id\":\"https:\\\/\\\/www.eldigitaldeasturias.com\\\/noticias\\\/category\\\/actualidad\\\/#listItem\",\"position\":2,\"name\":\"Actualidad\",\"item\":\"https:\\\/\\\/www.eldigitaldeasturias.com\\\/noticias\\\/category\\\/actualidad\\\/\",\"nextItem\":{\"@type\":\"ListItem\",\"@id\":\"https:\\\/\\\/www.eldigitaldeasturias.com\\\/noticias\\\/andalucia-ha-dedicado-mas-de-543-millones-a-los-servicios-de-dependencia\\\/#listItem\",\"name\":\"Andaluc\\u00eda ha dedicado m\\u00e1s de 543 millones a los servicios de dependencia\"},\"previousItem\":{\"@type\":\"ListItem\",\"@id\":\"https:\\\/\\\/www.eldigitaldeasturias.com\\\/noticias#listItem\",\"name\":\"Home\"}},{\"@type\":\"ListItem\",\"@id\":\"https:\\\/\\\/www.eldigitaldeasturias.com\\\/noticias\\\/andalucia-ha-dedicado-mas-de-543-millones-a-los-servicios-de-dependencia\\\/#listItem\",\"position\":3,\"name\":\"Andaluc\\u00eda ha dedicado m\\u00e1s de 543 millones a los servicios de dependencia\",\"previousItem\":{\"@type\":\"ListItem\",\"@id\":\"https:\\\/\\\/www.eldigitaldeasturias.com\\\/noticias\\\/category\\\/actualidad\\\/#listItem\",\"name\":\"Actualidad\"}}]},{\"@type\":\"Organization\",\"@id\":\"https:\\\/\\\/www.eldigitaldeasturias.com\\\/noticias\\\/#organization\",\"name\":\"El Digital de Asturias\",\"description\":\"Hemeroteca\",\"url\":\"https:\\\/\\\/www.eldigitaldeasturias.com\\\/noticias\\\/\",\"email\":\"info@eldigitaldeasturias.com\",\"telephone\":\"+34652131393\",\"logo\":{\"@type\":\"ImageObject\",\"url\":\"https:\\\/\\\/www.eldigitaldeasturias.com\\\/noticias\\\/wp-content\\\/uploads\\\/2020\\\/12\\\/EDA.jpg\",\"@id\":\"https:\\\/\\\/www.eldigitaldeasturias.com\\\/noticias\\\/andalucia-ha-dedicado-mas-de-543-millones-a-los-servicios-de-dependencia\\\/#organizationLogo\"},\"image\":{\"@id\":\"https:\\\/\\\/www.eldigitaldeasturias.com\\\/noticias\\\/andalucia-ha-dedicado-mas-de-543-millones-a-los-servicios-de-dependencia\\\/#organizationLogo\"},\"sameAs\":[\"https:\\\/\\\/facebook.com\\\/eldigitaldeasturias\",\"https:\\\/\\\/www.youtube.com\\\/channel\\\/UCZP-2wLEB9Rv6erhFmqVnvg\"],\"address\":{\"@id\":\"https:\\\/\\\/www.eldigitaldeasturias.com\\\/noticias\\\/#postaladdress\",\"@type\":\"PostalAddress\",\"streetAddress\":\"san antonio 4\",\"postalCode\":\"33430\",\"addressLocality\":\"Cand\\u00e1s\",\"addressRegion\":\"Asturias\",\"addressCountry\":\"ES\"}},{\"@type\":\"Person\",\"@id\":\"https:\\\/\\\/www.eldigitaldeasturias.com\\\/noticias\\\/author\\\/admin\\\/#author\",\"url\":\"https:\\\/\\\/www.eldigitaldeasturias.com\\\/noticias\\\/author\\\/admin\\\/\",\"name\":\"El Digital de Asturias\",\"image\":{\"@type\":\"ImageObject\",\"@id\":\"https:\\\/\\\/www.eldigitaldeasturias.com\\\/noticias\\\/andalucia-ha-dedicado-mas-de-543-millones-a-los-servicios-de-dependencia\\\/#authorImage\",\"url\":\"https:\\\/\\\/secure.gravatar.com\\\/avatar\\\/df2aeffc32bcd13f8d26072ef8a91b623d677766deac7f97ca815868cd41bf5e?s=96&d=mm&r=g\",\"width\":96,\"height\":96,\"caption\":\"El Digital de Asturias\"}},{\"@type\":\"WebPage\",\"@id\":\"https:\\\/\\\/www.eldigitaldeasturias.com\\\/noticias\\\/andalucia-ha-dedicado-mas-de-543-millones-a-los-servicios-de-dependencia\\\/#webpage\",\"url\":\"https:\\\/\\\/www.eldigitaldeasturias.com\\\/noticias\\\/andalucia-ha-dedicado-mas-de-543-millones-a-los-servicios-de-dependencia\\\/\",\"name\":\"Andaluc\\u00eda ha dedicado m\\u00e1s de 543 millones a los servicios de dependencia - El Digital de Asturias\",\"description\":\"La Consejer\\u00eda de Igualdad y Pol\\u00edticas Sociales ha abonado en el primer semestre de 2017 m\\u00e1s de 543 millones de euros para la financiaci\\u00f3n de servicios y prestaciones en materia de dependencia, de los que m\\u00e1s de 221 millones corresponden a corporaciones locales, 150 millones a prestaciones econ\\u00f3micas a las personas beneficiarias, 169 millones a\",\"inLanguage\":\"es-ES\",\"isPartOf\":{\"@id\":\"https:\\\/\\\/www.eldigitaldeasturias.com\\\/noticias\\\/#website\"},\"breadcrumb\":{\"@id\":\"https:\\\/\\\/www.eldigitaldeasturias.com\\\/noticias\\\/andalucia-ha-dedicado-mas-de-543-millones-a-los-servicios-de-dependencia\\\/#breadcrumblist\"},\"author\":{\"@id\":\"https:\\\/\\\/www.eldigitaldeasturias.com\\\/noticias\\\/author\\\/admin\\\/#author\"},\"creator\":{\"@id\":\"https:\\\/\\\/www.eldigitaldeasturias.com\\\/noticias\\\/author\\\/admin\\\/#author\"},\"image\":{\"@type\":\"ImageObject\",\"url\":950592,\"@id\":\"https:\\\/\\\/www.eldigitaldeasturias.com\\\/noticias\\\/andalucia-ha-dedicado-mas-de-543-millones-a-los-servicios-de-dependencia\\\/#mainImage\"},\"primaryImageOfPage\":{\"@id\":\"https:\\\/\\\/www.eldigitaldeasturias.com\\\/noticias\\\/andalucia-ha-dedicado-mas-de-543-millones-a-los-servicios-de-dependencia\\\/#mainImage\"},\"datePublished\":\"2017-08-23T03:52:49+02:00\",\"dateModified\":\"2017-08-23T03:52:49+02:00\"},{\"@type\":\"WebSite\",\"@id\":\"https:\\\/\\\/www.eldigitaldeasturias.com\\\/noticias\\\/#website\",\"url\":\"https:\\\/\\\/www.eldigitaldeasturias.com\\\/noticias\\\/\",\"name\":\"El Digital de Asturias - Diario de actualidad y noticias\",\"alternateName\":\"El Digital de Asturias - Diario de actualidad y noticias\",\"description\":\"Hemeroteca\",\"inLanguage\":\"es-ES\",\"publisher\":{\"@id\":\"https:\\\/\\\/www.eldigitaldeasturias.com\\\/noticias\\\/#organization\"}}]}\n\t\t<\/script>\n\t\t<!-- All in One SEO Pro -->\r\n\t\t<title>Andaluc\u00eda ha dedicado m\u00e1s de 543 millones a los servicios de dependencia - El Digital de Asturias<\/title>\n\n","aioseo_head_json":{"title":"Andaluc\u00eda ha dedicado m\u00e1s de 543 millones a los servicios de dependencia - El Digital de Asturias","description":"La Consejer\u00eda de Igualdad y Pol\u00edticas Sociales ha abonado en el primer semestre de 2017 m\u00e1s de 543 millones de euros para la financiaci\u00f3n de servicios y prestaciones en materia de dependencia, de los que m\u00e1s de 221 millones corresponden a corporaciones locales, 150 millones a prestaciones econ\u00f3micas a las personas beneficiarias, 169 millones a","canonical_url":"https:\/\/www.eldigitaldeasturias.com\/noticias\/andalucia-ha-dedicado-mas-de-543-millones-a-los-servicios-de-dependencia\/","robots":"max-image-preview:large","keywords":"actualidad","webmasterTools":{"google-site-verification":"UA-38556648-1","msvalidate.01":"7dfe9f3f1b24437ab69f4f2559babe99","miscellaneous":""},"schema":{"@context":"https:\/\/schema.org","@graph":[{"@type":"BlogPosting","@id":"https:\/\/www.eldigitaldeasturias.com\/noticias\/andalucia-ha-dedicado-mas-de-543-millones-a-los-servicios-de-dependencia\/#blogposting","name":"Andaluc\u00eda ha dedicado m\u00e1s de 543 millones a los servicios de dependencia - El Digital de Asturias","headline":"Andaluc\u00eda ha dedicado m\u00e1s de 543 millones a los servicios de dependencia","author":{"@id":"https:\/\/www.eldigitaldeasturias.com\/noticias\/author\/admin\/#author"},"publisher":{"@id":"https:\/\/www.eldigitaldeasturias.com\/noticias\/#organization"},"image":{"@type":"ImageObject","url":950592},"datePublished":"2017-08-23T03:52:49+02:00","dateModified":"2017-08-23T03:52:49+02:00","inLanguage":"es-ES","mainEntityOfPage":{"@id":"https:\/\/www.eldigitaldeasturias.com\/noticias\/andalucia-ha-dedicado-mas-de-543-millones-a-los-servicios-de-dependencia\/#webpage"},"isPartOf":{"@id":"https:\/\/www.eldigitaldeasturias.com\/noticias\/andalucia-ha-dedicado-mas-de-543-millones-a-los-servicios-de-dependencia\/#webpage"},"articleSection":"Actualidad"},{"@type":"BreadcrumbList","@id":"https:\/\/www.eldigitaldeasturias.com\/noticias\/andalucia-ha-dedicado-mas-de-543-millones-a-los-servicios-de-dependencia\/#breadcrumblist","itemListElement":[{"@type":"ListItem","@id":"https:\/\/www.eldigitaldeasturias.com\/noticias#listItem","position":1,"name":"Home","item":"https:\/\/www.eldigitaldeasturias.com\/noticias","nextItem":{"@type":"ListItem","@id":"https:\/\/www.eldigitaldeasturias.com\/noticias\/category\/actualidad\/#listItem","name":"Actualidad"}},{"@type":"ListItem","@id":"https:\/\/www.eldigitaldeasturias.com\/noticias\/category\/actualidad\/#listItem","position":2,"name":"Actualidad","item":"https:\/\/www.eldigitaldeasturias.com\/noticias\/category\/actualidad\/","nextItem":{"@type":"ListItem","@id":"https:\/\/www.eldigitaldeasturias.com\/noticias\/andalucia-ha-dedicado-mas-de-543-millones-a-los-servicios-de-dependencia\/#listItem","name":"Andaluc\u00eda ha dedicado m\u00e1s de 543 millones a los servicios de dependencia"},"previousItem":{"@type":"ListItem","@id":"https:\/\/www.eldigitaldeasturias.com\/noticias#listItem","name":"Home"}},{"@type":"ListItem","@id":"https:\/\/www.eldigitaldeasturias.com\/noticias\/andalucia-ha-dedicado-mas-de-543-millones-a-los-servicios-de-dependencia\/#listItem","position":3,"name":"Andaluc\u00eda ha dedicado m\u00e1s de 543 millones a los servicios de dependencia","previousItem":{"@type":"ListItem","@id":"https:\/\/www.eldigitaldeasturias.com\/noticias\/category\/actualidad\/#listItem","name":"Actualidad"}}]},{"@type":"Organization","@id":"https:\/\/www.eldigitaldeasturias.com\/noticias\/#organization","name":"El Digital de Asturias","description":"Hemeroteca","url":"https:\/\/www.eldigitaldeasturias.com\/noticias\/","email":"info@eldigitaldeasturias.com","telephone":"+34652131393","logo":{"@type":"ImageObject","url":"https:\/\/www.eldigitaldeasturias.com\/noticias\/wp-content\/uploads\/2020\/12\/EDA.jpg","@id":"https:\/\/www.eldigitaldeasturias.com\/noticias\/andalucia-ha-dedicado-mas-de-543-millones-a-los-servicios-de-dependencia\/#organizationLogo"},"image":{"@id":"https:\/\/www.eldigitaldeasturias.com\/noticias\/andalucia-ha-dedicado-mas-de-543-millones-a-los-servicios-de-dependencia\/#organizationLogo"},"sameAs":["https:\/\/facebook.com\/eldigitaldeasturias","https:\/\/www.youtube.com\/channel\/UCZP-2wLEB9Rv6erhFmqVnvg"],"address":{"@id":"https:\/\/www.eldigitaldeasturias.com\/noticias\/#postaladdress","@type":"PostalAddress","streetAddress":"san antonio 4","postalCode":"33430","addressLocality":"Cand\u00e1s","addressRegion":"Asturias","addressCountry":"ES"}},{"@type":"Person","@id":"https:\/\/www.eldigitaldeasturias.com\/noticias\/author\/admin\/#author","url":"https:\/\/www.eldigitaldeasturias.com\/noticias\/author\/admin\/","name":"El Digital de Asturias","image":{"@type":"ImageObject","@id":"https:\/\/www.eldigitaldeasturias.com\/noticias\/andalucia-ha-dedicado-mas-de-543-millones-a-los-servicios-de-dependencia\/#authorImage","url":"https:\/\/secure.gravatar.com\/avatar\/df2aeffc32bcd13f8d26072ef8a91b623d677766deac7f97ca815868cd41bf5e?s=96&d=mm&r=g","width":96,"height":96,"caption":"El Digital de Asturias"}},{"@type":"WebPage","@id":"https:\/\/www.eldigitaldeasturias.com\/noticias\/andalucia-ha-dedicado-mas-de-543-millones-a-los-servicios-de-dependencia\/#webpage","url":"https:\/\/www.eldigitaldeasturias.com\/noticias\/andalucia-ha-dedicado-mas-de-543-millones-a-los-servicios-de-dependencia\/","name":"Andaluc\u00eda ha dedicado m\u00e1s de 543 millones a los servicios de dependencia - El Digital de Asturias","description":"La Consejer\u00eda de Igualdad y Pol\u00edticas Sociales ha abonado en el primer semestre de 2017 m\u00e1s de 543 millones de euros para la financiaci\u00f3n de servicios y prestaciones en materia de dependencia, de los que m\u00e1s de 221 millones corresponden a corporaciones locales, 150 millones a prestaciones econ\u00f3micas a las personas beneficiarias, 169 millones a","inLanguage":"es-ES","isPartOf":{"@id":"https:\/\/www.eldigitaldeasturias.com\/noticias\/#website"},"breadcrumb":{"@id":"https:\/\/www.eldigitaldeasturias.com\/noticias\/andalucia-ha-dedicado-mas-de-543-millones-a-los-servicios-de-dependencia\/#breadcrumblist"},"author":{"@id":"https:\/\/www.eldigitaldeasturias.com\/noticias\/author\/admin\/#author"},"creator":{"@id":"https:\/\/www.eldigitaldeasturias.com\/noticias\/author\/admin\/#author"},"image":{"@type":"ImageObject","url":950592,"@id":"https:\/\/www.eldigitaldeasturias.com\/noticias\/andalucia-ha-dedicado-mas-de-543-millones-a-los-servicios-de-dependencia\/#mainImage"},"primaryImageOfPage":{"@id":"https:\/\/www.eldigitaldeasturias.com\/noticias\/andalucia-ha-dedicado-mas-de-543-millones-a-los-servicios-de-dependencia\/#mainImage"},"datePublished":"2017-08-23T03:52:49+02:00","dateModified":"2017-08-23T03:52:49+02:00"},{"@type":"WebSite","@id":"https:\/\/www.eldigitaldeasturias.com\/noticias\/#website","url":"https:\/\/www.eldigitaldeasturias.com\/noticias\/","name":"El Digital de Asturias - Diario de actualidad y noticias","alternateName":"El Digital de Asturias - Diario de actualidad y noticias","description":"Hemeroteca","inLanguage":"es-ES","publisher":{"@id":"https:\/\/www.eldigitaldeasturias.com\/noticias\/#organization"}}]},"og:locale":"es_ES","og:site_name":"El Digital de Asturias","og:type":"article","og:title":"Andaluc\u00eda ha dedicado m\u00e1s de 543 millones a los servicios de dependencia - El Digital de Asturias","og:description":"La Consejer\u00eda de Igualdad y Pol\u00edticas Sociales ha abonado en el primer semestre de 2017 m\u00e1s de 543 millones de euros para la financiaci\u00f3n de servicios y prestaciones en materia de dependencia, de los que m\u00e1s de 221 millones corresponden a corporaciones locales, 150 millones a prestaciones econ\u00f3micas a las personas beneficiarias, 169 millones a","og:url":"https:\/\/www.eldigitaldeasturias.com\/noticias\/andalucia-ha-dedicado-mas-de-543-millones-a-los-servicios-de-dependencia\/","article:tag":["actualidad"],"article:published_time":"2017-08-23T03:52:49+00:00","article:modified_time":"2017-08-23T03:52:49+00:00","article:publisher":"https:\/\/facebook.com\/eldigitaldeasturias","twitter:card":"summary_large_image","twitter:title":"Andaluc\u00eda ha dedicado m\u00e1s de 543 millones a los servicios de dependencia - El Digital de Asturias","twitter:description":"La Consejer\u00eda de Igualdad y Pol\u00edticas Sociales ha abonado en el primer semestre de 2017 m\u00e1s de 543 millones de euros para la financiaci\u00f3n de servicios y prestaciones en materia de dependencia, de los que m\u00e1s de 221 millones corresponden a corporaciones locales, 150 millones a prestaciones econ\u00f3micas a las personas beneficiarias, 169 millones a","twitter:image":"https:\/\/www.eldigitaldeasturias.com\/noticias\/wp-content\/uploads\/2020\/12\/EDA-1.jpg","twitter:label1":"Escrito por","twitter:data1":"El Digital de Asturias","twitter:label2":"Tiempo de lectura estimado","twitter:data2":"3 minutos"},"aioseo_meta_data":{"post_id":"950591","title":null,"description":null,"keywords":null,"keyphrases":null,"primary_term":null,"canonical_url":null,"og_title":null,"og_description":null,"og_object_type":"default","og_image_type":"default","og_image_url":null,"og_image_width":null,"og_image_height":null,"og_image_custom_url":null,"og_image_custom_fields":null,"og_video":null,"og_custom_url":null,"og_article_section":null,"og_article_tags":null,"twitter_use_og":false,"twitter_card":"default","twitter_image_type":"default","twitter_image_url":null,"twitter_image_custom_url":null,"twitter_image_custom_fields":null,"twitter_title":null,"twitter_description":null,"schema":{"blockGraphs":[],"customGraphs":[],"default":{"data":{"Article":[],"Course":[],"Dataset":[],"FAQPage":[],"Movie":[],"Person":[],"Product":[],"ProductReview":[],"Car":[],"Recipe":[],"Service":[],"SoftwareApplication":[],"WebPage":[]},"graphName":"","isEnabled":true},"graphs":[],"defaultGraph":"","defaultPostTypeGraph":""},"schema_type":null,"schema_type_options":null,"pillar_content":false,"robots_default":true,"robots_noindex":false,"robots_noarchive":false,"robots_nosnippet":false,"robots_nofollow":false,"robots_noimageindex":false,"robots_noodp":false,"robots_notranslate":false,"robots_max_snippet":null,"robots_max_videopreview":null,"robots_max_imagepreview":"large","priority":null,"frequency":null,"local_seo":null,"seo_analyzer_scan_date":"2025-12-05 16:22:12","breadcrumb_settings":null,"limit_modified_date":false,"open_ai":null,"ai":null,"created":"2020-12-21 12:58:35","updated":"2025-12-05 16:22:12","focus_keyword":null,"additional_keywords":null,"truseo_locale":null},"aioseo_breadcrumb":"<div class=\"aioseo-breadcrumbs\"><span class=\"aioseo-breadcrumb\">\n\t<a href=\"https:\/\/www.eldigitaldeasturias.com\/noticias\" title=\"Home\">Home<\/a>\n<\/span><span class=\"aioseo-breadcrumb-separator\">\u2013<\/span><span class=\"aioseo-breadcrumb\">\n\t<a href=\"https:\/\/www.eldigitaldeasturias.com\/noticias\/category\/actualidad\/\" title=\"Actualidad\">Actualidad<\/a>\n<\/span><span class=\"aioseo-breadcrumb-separator\">\u2013<\/span><span class=\"aioseo-breadcrumb\">\n\t<a href=\"https:\/\/www.eldigitaldeasturias.com\/noticias\/andalucia-ha-dedicado-mas-de-543-millones-a-los-servicios-de-dependencia\/\" title=\"Andaluc\u00eda ha dedicado m\u00e1s de 543 millones a los servicios de dependencia\">Andaluc\u00eda ha dedicado m\u00e1s de 543 millones a los servicios de dependencia<\/a>\n<\/span><\/div>","aioseo_breadcrumb_json":[{"label":"Home","link":"https:\/\/www.eldigitaldeasturias.com\/noticias"},{"label":"Actualidad","link":"https:\/\/www.eldigitaldeasturias.com\/noticias\/category\/actualidad\/"},{"label":"Andaluc\u00eda ha dedicado m\u00e1s de 543 millones a los servicios de dependencia","link":"https:\/\/www.eldigitaldeasturias.com\/noticias\/andalucia-ha-dedicado-mas-de-543-millones-a-los-servicios-de-dependencia\/"}],"_links":{"self":[{"href":"https:\/\/www.eldigitaldeasturias.com\/noticias\/wp-json\/wp\/v2\/posts\/950591","targetHints":{"allow":["GET"]}}],"collection":[{"href":"https:\/\/www.eldigitaldeasturias.com\/noticias\/wp-json\/wp\/v2\/posts"}],"about":[{"href":"https:\/\/www.eldigitaldeasturias.com\/noticias\/wp-json\/wp\/v2\/types\/post"}],"author":[{"embeddable":true,"href":"https:\/\/www.eldigitaldeasturias.com\/noticias\/wp-json\/wp\/v2\/users\/1"}],"replies":[{"embeddable":true,"href":"https:\/\/www.eldigitaldeasturias.com\/noticias\/wp-json\/wp\/v2\/comments?post=950591"}],"version-history":[{"count":0,"href":"https:\/\/www.eldigitaldeasturias.com\/noticias\/wp-json\/wp\/v2\/posts\/950591\/revisions"}],"wp:attachment":[{"href":"https:\/\/www.eldigitaldeasturias.com\/noticias\/wp-json\/wp\/v2\/media?parent=950591"}],"wp:term":[{"taxonomy":"category","embeddable":true,"href":"https:\/\/www.eldigitaldeasturias.com\/noticias\/wp-json\/wp\/v2\/categories?post=950591"},{"taxonomy":"post_tag","embeddable":true,"href":"https:\/\/www.eldigitaldeasturias.com\/noticias\/wp-json\/wp\/v2\/tags?post=950591"}],"curies":[{"name":"wp","href":"https:\/\/api.w.org\/{rel}","templated":true}]}}