{"id":950588,"date":"2017-08-23T03:49:16","date_gmt":"2017-08-23T03:49:16","guid":{"rendered":"http:\/\/www.eldigitaldeasturias.com\/noticias\/?p=950588"},"modified":"2017-08-23T03:49:16","modified_gmt":"2017-08-23T03:49:16","slug":"susana-diaz-asistira-el-sabado-a-la-manifestacion-de-barcelona","status":"publish","type":"post","link":"https:\/\/www.eldigitaldeasturias.com\/noticias\/susana-diaz-asistira-el-sabado-a-la-manifestacion-de-barcelona\/","title":{"rendered":"Susana D\u00edaz asistir\u00e1 el s\u00e1bado a la manifestaci\u00f3n de Barcelona"},"content":{"rendered":"<p><img loading=\"lazy\" decoding=\"async\" class=\"alignleft size-full wp-image-950589\" src=\"https:\/\/www.eldigitaldeasturias.com\/noticias\/wp-content\/uploads\/2017\/08\/1503386377470.jpg\" alt=\"\" width=\"312\" height=\"190\" \/>La presidenta de la Junta de Andaluc\u00eda, Susana D\u00edaz, asistir\u00e1 el pr\u00f3ximo s\u00e1bado 26 de agosto en Barcelona a la gran manifestaci\u00f3n convocada a partir de las 18.00 horas por la paz y contra los atentados ocurridos en la capital catalana y en Cambrils (Tarragona).<\/p>\n<p>Susana D\u00edaz acudir\u00e1 a la manifestaci\u00f3n en su calidad de presidenta de la Junta \u00abpara trasladar en nombre del pueblo andaluz la solidaridad con todo el pueblo de Catalu\u00f1a\u00bb tras los atentados terroristas.<\/p>\n<p>D\u00edaz ya expres\u00f3 despu\u00e9s del atentado en Las Ramblas su \u00abcari\u00f1o y solidaridad con las v\u00edctimas, familiares y todo el pueblo de Barcelona\u00bb y reclam\u00f3 la \u00abunidad de los dem\u00f3cratas ante estos asesinos\u00bb.<\/p>\n<p>Un d\u00eda despu\u00e9s la presidenta de la Junta traslad\u00f3 tambi\u00e9n su p\u00e9same por el fallecimiento del andaluz Francisco L\u00f3pez Rodr\u00edguez, natural de Lanteira (Granada), tras ser identificado como una de las v\u00edctimas mortales.<\/p>\n<p>&nbsp;<\/p>\n","protected":false},"excerpt":{"rendered":"<p>La presidenta de la Junta de Andaluc\u00eda, Susana D\u00edaz, asistir\u00e1 el pr\u00f3ximo s\u00e1bado 26 de agosto en Barcelona a la gran manifestaci\u00f3n convocada a partir de las 18.00 horas por la paz y contra los atentados ocurridos en la capital catalana y en Cambrils (Tarragona). Susana D\u00edaz acudir\u00e1 a la manifestaci\u00f3n en su calidad de [&hellip;]<\/p>\n","protected":false},"author":1,"featured_media":950589,"comment_status":"closed","ping_status":"closed","sticky":false,"template":"","format":"standard","meta":{"footnotes":""},"categories":[1],"tags":[],"class_list":["post-950588","post","type-post","status-publish","format-standard","has-post-thumbnail","hentry","category-actualidad"],"aioseo_notices":[],"aioseo_head":"\n\t\t<!-- All in One SEO Pro 5.0.1 - aioseo.com -->\n\t<meta name=\"description\" content=\"La presidenta de la Junta de Andaluc\u00eda, Susana D\u00edaz, asistir\u00e1 el pr\u00f3ximo s\u00e1bado 26 de agosto en Barcelona a la gran manifestaci\u00f3n convocada a partir de las 18.00 horas por la paz y contra los atentados ocurridos en la capital catalana y en Cambrils (Tarragona). Susana D\u00edaz acudir\u00e1 a la manifestaci\u00f3n en su calidad de\" \/>\n\t<meta name=\"robots\" content=\"max-image-preview:large\" \/>\n\t<meta name=\"author\" content=\"El Digital de Asturias\"\/>\n\t<meta name=\"google-site-verification\" content=\"UA-38556648-1\" \/>\n\t<meta name=\"msvalidate.01\" content=\"7dfe9f3f1b24437ab69f4f2559babe99\" \/>\n\t<meta name=\"keywords\" content=\"actualidad\" \/>\n\t<link rel=\"canonical\" href=\"https:\/\/www.eldigitaldeasturias.com\/noticias\/susana-diaz-asistira-el-sabado-a-la-manifestacion-de-barcelona\/\" \/>\n\t<meta name=\"generator\" content=\"All in One SEO Pro (AIOSEO) 5.0.1\" \/>\n\t\t<meta property=\"og:locale\" content=\"es_ES\" \/>\n\t\t<meta property=\"og:site_name\" content=\"El Digital de Asturias\" \/>\n\t\t<meta property=\"og:type\" content=\"article\" \/>\n\t\t<meta property=\"og:title\" content=\"Susana D\u00edaz asistir\u00e1 el s\u00e1bado a la manifestaci\u00f3n de Barcelona - El Digital de Asturias\" \/>\n\t\t<meta property=\"og:description\" content=\"La presidenta de la Junta de Andaluc\u00eda, Susana D\u00edaz, asistir\u00e1 el pr\u00f3ximo s\u00e1bado 26 de agosto en Barcelona a la gran manifestaci\u00f3n convocada a partir de las 18.00 horas por la paz y contra los atentados ocurridos en la capital catalana y en Cambrils (Tarragona). Susana D\u00edaz acudir\u00e1 a la manifestaci\u00f3n en su calidad de\" \/>\n\t\t<meta property=\"og:url\" content=\"https:\/\/www.eldigitaldeasturias.com\/noticias\/susana-diaz-asistira-el-sabado-a-la-manifestacion-de-barcelona\/\" \/>\n\t\t<meta property=\"article:tag\" content=\"actualidad\" \/>\n\t\t<meta property=\"article:published_time\" content=\"2017-08-23T03:49:16+00:00\" \/>\n\t\t<meta property=\"article:modified_time\" content=\"2017-08-23T03:49:16+00:00\" \/>\n\t\t<meta property=\"article:publisher\" content=\"https:\/\/facebook.com\/eldigitaldeasturias\" \/>\n\t\t<meta name=\"twitter:card\" content=\"summary_large_image\" \/>\n\t\t<meta name=\"twitter:title\" content=\"Susana D\u00edaz asistir\u00e1 el s\u00e1bado a la manifestaci\u00f3n de Barcelona - El Digital de Asturias\" \/>\n\t\t<meta name=\"twitter:description\" content=\"La presidenta de la Junta de Andaluc\u00eda, Susana D\u00edaz, asistir\u00e1 el pr\u00f3ximo s\u00e1bado 26 de agosto en Barcelona a la gran manifestaci\u00f3n convocada a partir de las 18.00 horas por la paz y contra los atentados ocurridos en la capital catalana y en Cambrils (Tarragona). Susana D\u00edaz acudir\u00e1 a la manifestaci\u00f3n en su calidad de\" \/>\n\t\t<meta name=\"twitter:image\" content=\"https:\/\/www.eldigitaldeasturias.com\/noticias\/wp-content\/uploads\/2020\/12\/EDA-1.jpg\" \/>\n\t\t<meta name=\"twitter:label1\" content=\"Escrito por\" \/>\n\t\t<meta name=\"twitter:data1\" content=\"El Digital de Asturias\" \/>\n\t\t<meta name=\"twitter:label2\" content=\"Tiempo de lectura estimado\" \/>\n\t\t<meta name=\"twitter:data2\" content=\"1 minuto\" \/>\n\t\t<script type=\"application\/ld+json\" class=\"aioseo-schema\">\n\t\t\t{\"@context\":\"https:\\\/\\\/schema.org\",\"@graph\":[{\"@type\":\"BlogPosting\",\"@id\":\"https:\\\/\\\/www.eldigitaldeasturias.com\\\/noticias\\\/susana-diaz-asistira-el-sabado-a-la-manifestacion-de-barcelona\\\/#blogposting\",\"name\":\"Susana D\\u00edaz asistir\\u00e1 el s\\u00e1bado a la manifestaci\\u00f3n de Barcelona - El Digital de Asturias\",\"headline\":\"Susana D\\u00edaz asistir\\u00e1 el s\\u00e1bado a la manifestaci\\u00f3n de Barcelona\",\"author\":{\"@id\":\"https:\\\/\\\/www.eldigitaldeasturias.com\\\/noticias\\\/author\\\/admin\\\/#author\"},\"publisher\":{\"@id\":\"https:\\\/\\\/www.eldigitaldeasturias.com\\\/noticias\\\/#organization\"},\"image\":{\"@type\":\"ImageObject\",\"url\":950589},\"datePublished\":\"2017-08-23T03:49:16+02:00\",\"dateModified\":\"2017-08-23T03:49:16+02:00\",\"inLanguage\":\"es-ES\",\"mainEntityOfPage\":{\"@id\":\"https:\\\/\\\/www.eldigitaldeasturias.com\\\/noticias\\\/susana-diaz-asistira-el-sabado-a-la-manifestacion-de-barcelona\\\/#webpage\"},\"isPartOf\":{\"@id\":\"https:\\\/\\\/www.eldigitaldeasturias.com\\\/noticias\\\/susana-diaz-asistira-el-sabado-a-la-manifestacion-de-barcelona\\\/#webpage\"},\"articleSection\":\"Actualidad\"},{\"@type\":\"BreadcrumbList\",\"@id\":\"https:\\\/\\\/www.eldigitaldeasturias.com\\\/noticias\\\/susana-diaz-asistira-el-sabado-a-la-manifestacion-de-barcelona\\\/#breadcrumblist\",\"itemListElement\":[{\"@type\":\"ListItem\",\"@id\":\"https:\\\/\\\/www.eldigitaldeasturias.com\\\/noticias#listItem\",\"position\":1,\"name\":\"Home\",\"item\":\"https:\\\/\\\/www.eldigitaldeasturias.com\\\/noticias\",\"nextItem\":{\"@type\":\"ListItem\",\"@id\":\"https:\\\/\\\/www.eldigitaldeasturias.com\\\/noticias\\\/category\\\/actualidad\\\/#listItem\",\"name\":\"Actualidad\"}},{\"@type\":\"ListItem\",\"@id\":\"https:\\\/\\\/www.eldigitaldeasturias.com\\\/noticias\\\/category\\\/actualidad\\\/#listItem\",\"position\":2,\"name\":\"Actualidad\",\"item\":\"https:\\\/\\\/www.eldigitaldeasturias.com\\\/noticias\\\/category\\\/actualidad\\\/\",\"nextItem\":{\"@type\":\"ListItem\",\"@id\":\"https:\\\/\\\/www.eldigitaldeasturias.com\\\/noticias\\\/susana-diaz-asistira-el-sabado-a-la-manifestacion-de-barcelona\\\/#listItem\",\"name\":\"Susana D\\u00edaz asistir\\u00e1 el s\\u00e1bado a la manifestaci\\u00f3n de Barcelona\"},\"previousItem\":{\"@type\":\"ListItem\",\"@id\":\"https:\\\/\\\/www.eldigitaldeasturias.com\\\/noticias#listItem\",\"name\":\"Home\"}},{\"@type\":\"ListItem\",\"@id\":\"https:\\\/\\\/www.eldigitaldeasturias.com\\\/noticias\\\/susana-diaz-asistira-el-sabado-a-la-manifestacion-de-barcelona\\\/#listItem\",\"position\":3,\"name\":\"Susana D\\u00edaz asistir\\u00e1 el s\\u00e1bado a la manifestaci\\u00f3n de Barcelona\",\"previousItem\":{\"@type\":\"ListItem\",\"@id\":\"https:\\\/\\\/www.eldigitaldeasturias.com\\\/noticias\\\/category\\\/actualidad\\\/#listItem\",\"name\":\"Actualidad\"}}]},{\"@type\":\"Organization\",\"@id\":\"https:\\\/\\\/www.eldigitaldeasturias.com\\\/noticias\\\/#organization\",\"name\":\"El Digital de Asturias\",\"description\":\"Hemeroteca\",\"url\":\"https:\\\/\\\/www.eldigitaldeasturias.com\\\/noticias\\\/\",\"email\":\"info@eldigitaldeasturias.com\",\"telephone\":\"+34652131393\",\"logo\":{\"@type\":\"ImageObject\",\"url\":\"https:\\\/\\\/www.eldigitaldeasturias.com\\\/noticias\\\/wp-content\\\/uploads\\\/2020\\\/12\\\/EDA.jpg\",\"@id\":\"https:\\\/\\\/www.eldigitaldeasturias.com\\\/noticias\\\/susana-diaz-asistira-el-sabado-a-la-manifestacion-de-barcelona\\\/#organizationLogo\"},\"image\":{\"@id\":\"https:\\\/\\\/www.eldigitaldeasturias.com\\\/noticias\\\/susana-diaz-asistira-el-sabado-a-la-manifestacion-de-barcelona\\\/#organizationLogo\"},\"sameAs\":[\"https:\\\/\\\/facebook.com\\\/eldigitaldeasturias\",\"https:\\\/\\\/www.youtube.com\\\/channel\\\/UCZP-2wLEB9Rv6erhFmqVnvg\"],\"address\":{\"@id\":\"https:\\\/\\\/www.eldigitaldeasturias.com\\\/noticias\\\/#postaladdress\",\"@type\":\"PostalAddress\",\"streetAddress\":\"san antonio 4\",\"postalCode\":\"33430\",\"addressLocality\":\"Cand\\u00e1s\",\"addressRegion\":\"Asturias\",\"addressCountry\":\"ES\"}},{\"@type\":\"Person\",\"@id\":\"https:\\\/\\\/www.eldigitaldeasturias.com\\\/noticias\\\/author\\\/admin\\\/#author\",\"url\":\"https:\\\/\\\/www.eldigitaldeasturias.com\\\/noticias\\\/author\\\/admin\\\/\",\"name\":\"El Digital de Asturias\",\"image\":{\"@type\":\"ImageObject\",\"@id\":\"https:\\\/\\\/www.eldigitaldeasturias.com\\\/noticias\\\/susana-diaz-asistira-el-sabado-a-la-manifestacion-de-barcelona\\\/#authorImage\",\"url\":\"https:\\\/\\\/secure.gravatar.com\\\/avatar\\\/df2aeffc32bcd13f8d26072ef8a91b623d677766deac7f97ca815868cd41bf5e?s=96&d=mm&r=g\",\"width\":96,\"height\":96,\"caption\":\"El Digital de Asturias\"}},{\"@type\":\"WebPage\",\"@id\":\"https:\\\/\\\/www.eldigitaldeasturias.com\\\/noticias\\\/susana-diaz-asistira-el-sabado-a-la-manifestacion-de-barcelona\\\/#webpage\",\"url\":\"https:\\\/\\\/www.eldigitaldeasturias.com\\\/noticias\\\/susana-diaz-asistira-el-sabado-a-la-manifestacion-de-barcelona\\\/\",\"name\":\"Susana D\\u00edaz asistir\\u00e1 el s\\u00e1bado a la manifestaci\\u00f3n de Barcelona - El Digital de Asturias\",\"description\":\"La presidenta de la Junta de Andaluc\\u00eda, Susana D\\u00edaz, asistir\\u00e1 el pr\\u00f3ximo s\\u00e1bado 26 de agosto en Barcelona a la gran manifestaci\\u00f3n convocada a partir de las 18.00 horas por la paz y contra los atentados ocurridos en la capital catalana y en Cambrils (Tarragona). Susana D\\u00edaz acudir\\u00e1 a la manifestaci\\u00f3n en su calidad de\",\"inLanguage\":\"es-ES\",\"isPartOf\":{\"@id\":\"https:\\\/\\\/www.eldigitaldeasturias.com\\\/noticias\\\/#website\"},\"breadcrumb\":{\"@id\":\"https:\\\/\\\/www.eldigitaldeasturias.com\\\/noticias\\\/susana-diaz-asistira-el-sabado-a-la-manifestacion-de-barcelona\\\/#breadcrumblist\"},\"author\":{\"@id\":\"https:\\\/\\\/www.eldigitaldeasturias.com\\\/noticias\\\/author\\\/admin\\\/#author\"},\"creator\":{\"@id\":\"https:\\\/\\\/www.eldigitaldeasturias.com\\\/noticias\\\/author\\\/admin\\\/#author\"},\"image\":{\"@type\":\"ImageObject\",\"url\":950589,\"@id\":\"https:\\\/\\\/www.eldigitaldeasturias.com\\\/noticias\\\/susana-diaz-asistira-el-sabado-a-la-manifestacion-de-barcelona\\\/#mainImage\"},\"primaryImageOfPage\":{\"@id\":\"https:\\\/\\\/www.eldigitaldeasturias.com\\\/noticias\\\/susana-diaz-asistira-el-sabado-a-la-manifestacion-de-barcelona\\\/#mainImage\"},\"datePublished\":\"2017-08-23T03:49:16+02:00\",\"dateModified\":\"2017-08-23T03:49:16+02:00\"},{\"@type\":\"WebSite\",\"@id\":\"https:\\\/\\\/www.eldigitaldeasturias.com\\\/noticias\\\/#website\",\"url\":\"https:\\\/\\\/www.eldigitaldeasturias.com\\\/noticias\\\/\",\"name\":\"El Digital de Asturias - Diario de actualidad y noticias\",\"alternateName\":\"El Digital de Asturias - Diario de actualidad y noticias\",\"description\":\"Hemeroteca\",\"inLanguage\":\"es-ES\",\"publisher\":{\"@id\":\"https:\\\/\\\/www.eldigitaldeasturias.com\\\/noticias\\\/#organization\"}}]}\n\t\t<\/script>\n\t\t<!-- All in One SEO Pro -->\r\n\t\t<title>Susana D\u00edaz asistir\u00e1 el s\u00e1bado a la manifestaci\u00f3n de Barcelona - El Digital de Asturias<\/title>\n\n","aioseo_head_json":{"title":"Susana D\u00edaz asistir\u00e1 el s\u00e1bado a la manifestaci\u00f3n de Barcelona - El Digital de Asturias","description":"La presidenta de la Junta de Andaluc\u00eda, Susana D\u00edaz, asistir\u00e1 el pr\u00f3ximo s\u00e1bado 26 de agosto en Barcelona a la gran manifestaci\u00f3n convocada a partir de las 18.00 horas por la paz y contra los atentados ocurridos en la capital catalana y en Cambrils (Tarragona). Susana D\u00edaz acudir\u00e1 a la manifestaci\u00f3n en su calidad de","canonical_url":"https:\/\/www.eldigitaldeasturias.com\/noticias\/susana-diaz-asistira-el-sabado-a-la-manifestacion-de-barcelona\/","robots":"max-image-preview:large","keywords":"actualidad","webmasterTools":{"google-site-verification":"UA-38556648-1","msvalidate.01":"7dfe9f3f1b24437ab69f4f2559babe99","miscellaneous":""},"schema":{"@context":"https:\/\/schema.org","@graph":[{"@type":"BlogPosting","@id":"https:\/\/www.eldigitaldeasturias.com\/noticias\/susana-diaz-asistira-el-sabado-a-la-manifestacion-de-barcelona\/#blogposting","name":"Susana D\u00edaz asistir\u00e1 el s\u00e1bado a la manifestaci\u00f3n de Barcelona - El Digital de Asturias","headline":"Susana D\u00edaz asistir\u00e1 el s\u00e1bado a la manifestaci\u00f3n de Barcelona","author":{"@id":"https:\/\/www.eldigitaldeasturias.com\/noticias\/author\/admin\/#author"},"publisher":{"@id":"https:\/\/www.eldigitaldeasturias.com\/noticias\/#organization"},"image":{"@type":"ImageObject","url":950589},"datePublished":"2017-08-23T03:49:16+02:00","dateModified":"2017-08-23T03:49:16+02:00","inLanguage":"es-ES","mainEntityOfPage":{"@id":"https:\/\/www.eldigitaldeasturias.com\/noticias\/susana-diaz-asistira-el-sabado-a-la-manifestacion-de-barcelona\/#webpage"},"isPartOf":{"@id":"https:\/\/www.eldigitaldeasturias.com\/noticias\/susana-diaz-asistira-el-sabado-a-la-manifestacion-de-barcelona\/#webpage"},"articleSection":"Actualidad"},{"@type":"BreadcrumbList","@id":"https:\/\/www.eldigitaldeasturias.com\/noticias\/susana-diaz-asistira-el-sabado-a-la-manifestacion-de-barcelona\/#breadcrumblist","itemListElement":[{"@type":"ListItem","@id":"https:\/\/www.eldigitaldeasturias.com\/noticias#listItem","position":1,"name":"Home","item":"https:\/\/www.eldigitaldeasturias.com\/noticias","nextItem":{"@type":"ListItem","@id":"https:\/\/www.eldigitaldeasturias.com\/noticias\/category\/actualidad\/#listItem","name":"Actualidad"}},{"@type":"ListItem","@id":"https:\/\/www.eldigitaldeasturias.com\/noticias\/category\/actualidad\/#listItem","position":2,"name":"Actualidad","item":"https:\/\/www.eldigitaldeasturias.com\/noticias\/category\/actualidad\/","nextItem":{"@type":"ListItem","@id":"https:\/\/www.eldigitaldeasturias.com\/noticias\/susana-diaz-asistira-el-sabado-a-la-manifestacion-de-barcelona\/#listItem","name":"Susana D\u00edaz asistir\u00e1 el s\u00e1bado a la manifestaci\u00f3n de Barcelona"},"previousItem":{"@type":"ListItem","@id":"https:\/\/www.eldigitaldeasturias.com\/noticias#listItem","name":"Home"}},{"@type":"ListItem","@id":"https:\/\/www.eldigitaldeasturias.com\/noticias\/susana-diaz-asistira-el-sabado-a-la-manifestacion-de-barcelona\/#listItem","position":3,"name":"Susana D\u00edaz asistir\u00e1 el s\u00e1bado a la manifestaci\u00f3n de Barcelona","previousItem":{"@type":"ListItem","@id":"https:\/\/www.eldigitaldeasturias.com\/noticias\/category\/actualidad\/#listItem","name":"Actualidad"}}]},{"@type":"Organization","@id":"https:\/\/www.eldigitaldeasturias.com\/noticias\/#organization","name":"El Digital de Asturias","description":"Hemeroteca","url":"https:\/\/www.eldigitaldeasturias.com\/noticias\/","email":"info@eldigitaldeasturias.com","telephone":"+34652131393","logo":{"@type":"ImageObject","url":"https:\/\/www.eldigitaldeasturias.com\/noticias\/wp-content\/uploads\/2020\/12\/EDA.jpg","@id":"https:\/\/www.eldigitaldeasturias.com\/noticias\/susana-diaz-asistira-el-sabado-a-la-manifestacion-de-barcelona\/#organizationLogo"},"image":{"@id":"https:\/\/www.eldigitaldeasturias.com\/noticias\/susana-diaz-asistira-el-sabado-a-la-manifestacion-de-barcelona\/#organizationLogo"},"sameAs":["https:\/\/facebook.com\/eldigitaldeasturias","https:\/\/www.youtube.com\/channel\/UCZP-2wLEB9Rv6erhFmqVnvg"],"address":{"@id":"https:\/\/www.eldigitaldeasturias.com\/noticias\/#postaladdress","@type":"PostalAddress","streetAddress":"san antonio 4","postalCode":"33430","addressLocality":"Cand\u00e1s","addressRegion":"Asturias","addressCountry":"ES"}},{"@type":"Person","@id":"https:\/\/www.eldigitaldeasturias.com\/noticias\/author\/admin\/#author","url":"https:\/\/www.eldigitaldeasturias.com\/noticias\/author\/admin\/","name":"El Digital de Asturias","image":{"@type":"ImageObject","@id":"https:\/\/www.eldigitaldeasturias.com\/noticias\/susana-diaz-asistira-el-sabado-a-la-manifestacion-de-barcelona\/#authorImage","url":"https:\/\/secure.gravatar.com\/avatar\/df2aeffc32bcd13f8d26072ef8a91b623d677766deac7f97ca815868cd41bf5e?s=96&d=mm&r=g","width":96,"height":96,"caption":"El Digital de Asturias"}},{"@type":"WebPage","@id":"https:\/\/www.eldigitaldeasturias.com\/noticias\/susana-diaz-asistira-el-sabado-a-la-manifestacion-de-barcelona\/#webpage","url":"https:\/\/www.eldigitaldeasturias.com\/noticias\/susana-diaz-asistira-el-sabado-a-la-manifestacion-de-barcelona\/","name":"Susana D\u00edaz asistir\u00e1 el s\u00e1bado a la manifestaci\u00f3n de Barcelona - El Digital de Asturias","description":"La presidenta de la Junta de Andaluc\u00eda, Susana D\u00edaz, asistir\u00e1 el pr\u00f3ximo s\u00e1bado 26 de agosto en Barcelona a la gran manifestaci\u00f3n convocada a partir de las 18.00 horas por la paz y contra los atentados ocurridos en la capital catalana y en Cambrils (Tarragona). Susana D\u00edaz acudir\u00e1 a la manifestaci\u00f3n en su calidad de","inLanguage":"es-ES","isPartOf":{"@id":"https:\/\/www.eldigitaldeasturias.com\/noticias\/#website"},"breadcrumb":{"@id":"https:\/\/www.eldigitaldeasturias.com\/noticias\/susana-diaz-asistira-el-sabado-a-la-manifestacion-de-barcelona\/#breadcrumblist"},"author":{"@id":"https:\/\/www.eldigitaldeasturias.com\/noticias\/author\/admin\/#author"},"creator":{"@id":"https:\/\/www.eldigitaldeasturias.com\/noticias\/author\/admin\/#author"},"image":{"@type":"ImageObject","url":950589,"@id":"https:\/\/www.eldigitaldeasturias.com\/noticias\/susana-diaz-asistira-el-sabado-a-la-manifestacion-de-barcelona\/#mainImage"},"primaryImageOfPage":{"@id":"https:\/\/www.eldigitaldeasturias.com\/noticias\/susana-diaz-asistira-el-sabado-a-la-manifestacion-de-barcelona\/#mainImage"},"datePublished":"2017-08-23T03:49:16+02:00","dateModified":"2017-08-23T03:49:16+02:00"},{"@type":"WebSite","@id":"https:\/\/www.eldigitaldeasturias.com\/noticias\/#website","url":"https:\/\/www.eldigitaldeasturias.com\/noticias\/","name":"El Digital de Asturias - Diario de actualidad y noticias","alternateName":"El Digital de Asturias - Diario de actualidad y noticias","description":"Hemeroteca","inLanguage":"es-ES","publisher":{"@id":"https:\/\/www.eldigitaldeasturias.com\/noticias\/#organization"}}]},"og:locale":"es_ES","og:site_name":"El Digital de Asturias","og:type":"article","og:title":"Susana D\u00edaz asistir\u00e1 el s\u00e1bado a la manifestaci\u00f3n de Barcelona - El Digital de Asturias","og:description":"La presidenta de la Junta de Andaluc\u00eda, Susana D\u00edaz, asistir\u00e1 el pr\u00f3ximo s\u00e1bado 26 de agosto en Barcelona a la gran manifestaci\u00f3n convocada a partir de las 18.00 horas por la paz y contra los atentados ocurridos en la capital catalana y en Cambrils (Tarragona). Susana D\u00edaz acudir\u00e1 a la manifestaci\u00f3n en su calidad de","og:url":"https:\/\/www.eldigitaldeasturias.com\/noticias\/susana-diaz-asistira-el-sabado-a-la-manifestacion-de-barcelona\/","article:tag":["actualidad"],"article:published_time":"2017-08-23T03:49:16+00:00","article:modified_time":"2017-08-23T03:49:16+00:00","article:publisher":"https:\/\/facebook.com\/eldigitaldeasturias","twitter:card":"summary_large_image","twitter:title":"Susana D\u00edaz asistir\u00e1 el s\u00e1bado a la manifestaci\u00f3n de Barcelona - El Digital de Asturias","twitter:description":"La presidenta de la Junta de Andaluc\u00eda, Susana D\u00edaz, asistir\u00e1 el pr\u00f3ximo s\u00e1bado 26 de agosto en Barcelona a la gran manifestaci\u00f3n convocada a partir de las 18.00 horas por la paz y contra los atentados ocurridos en la capital catalana y en Cambrils (Tarragona). Susana D\u00edaz acudir\u00e1 a la manifestaci\u00f3n en su calidad de","twitter:image":"https:\/\/www.eldigitaldeasturias.com\/noticias\/wp-content\/uploads\/2020\/12\/EDA-1.jpg","twitter:label1":"Escrito por","twitter:data1":"El Digital de Asturias","twitter:label2":"Tiempo de lectura estimado","twitter:data2":"1 minuto"},"aioseo_meta_data":{"post_id":"950588","title":null,"description":null,"keywords":null,"keyphrases":null,"primary_term":null,"canonical_url":null,"og_title":null,"og_description":null,"og_object_type":"default","og_image_type":"default","og_image_url":null,"og_image_width":null,"og_image_height":null,"og_image_custom_url":null,"og_image_custom_fields":null,"og_video":null,"og_custom_url":null,"og_article_section":null,"og_article_tags":null,"twitter_use_og":false,"twitter_card":"default","twitter_image_type":"default","twitter_image_url":null,"twitter_image_custom_url":null,"twitter_image_custom_fields":null,"twitter_title":null,"twitter_description":null,"schema":{"blockGraphs":[],"customGraphs":[],"default":{"data":{"Article":[],"Course":[],"Dataset":[],"FAQPage":[],"Movie":[],"Person":[],"Product":[],"ProductReview":[],"Car":[],"Recipe":[],"Service":[],"SoftwareApplication":[],"WebPage":[]},"graphName":"","isEnabled":true},"graphs":[],"defaultGraph":"","defaultPostTypeGraph":""},"schema_type":null,"schema_type_options":null,"pillar_content":false,"robots_default":true,"robots_noindex":false,"robots_noarchive":false,"robots_nosnippet":false,"robots_nofollow":false,"robots_noimageindex":false,"robots_noodp":false,"robots_notranslate":false,"robots_max_snippet":null,"robots_max_videopreview":null,"robots_max_imagepreview":"large","priority":null,"frequency":null,"local_seo":null,"seo_analyzer_scan_date":"2025-12-05 16:22:11","breadcrumb_settings":null,"limit_modified_date":false,"open_ai":null,"ai":null,"created":"2020-12-21 12:58:35","updated":"2025-12-05 16:22:11","focus_keyword":null,"additional_keywords":null,"truseo_locale":null},"aioseo_breadcrumb":"<div class=\"aioseo-breadcrumbs\"><span class=\"aioseo-breadcrumb\">\n\t<a href=\"https:\/\/www.eldigitaldeasturias.com\/noticias\" title=\"Home\">Home<\/a>\n<\/span><span class=\"aioseo-breadcrumb-separator\">\u2013<\/span><span class=\"aioseo-breadcrumb\">\n\t<a href=\"https:\/\/www.eldigitaldeasturias.com\/noticias\/category\/actualidad\/\" title=\"Actualidad\">Actualidad<\/a>\n<\/span><span class=\"aioseo-breadcrumb-separator\">\u2013<\/span><span class=\"aioseo-breadcrumb\">\n\t<a href=\"https:\/\/www.eldigitaldeasturias.com\/noticias\/susana-diaz-asistira-el-sabado-a-la-manifestacion-de-barcelona\/\" title=\"Susana D\u00edaz asistir\u00e1 el s\u00e1bado a la manifestaci\u00f3n de Barcelona\">Susana D\u00edaz asistir\u00e1 el s\u00e1bado a la manifestaci\u00f3n de Barcelona<\/a>\n<\/span><\/div>","aioseo_breadcrumb_json":[{"label":"Home","link":"https:\/\/www.eldigitaldeasturias.com\/noticias"},{"label":"Actualidad","link":"https:\/\/www.eldigitaldeasturias.com\/noticias\/category\/actualidad\/"},{"label":"Susana D\u00edaz asistir\u00e1 el s\u00e1bado a la manifestaci\u00f3n de Barcelona","link":"https:\/\/www.eldigitaldeasturias.com\/noticias\/susana-diaz-asistira-el-sabado-a-la-manifestacion-de-barcelona\/"}],"_links":{"self":[{"href":"https:\/\/www.eldigitaldeasturias.com\/noticias\/wp-json\/wp\/v2\/posts\/950588","targetHints":{"allow":["GET"]}}],"collection":[{"href":"https:\/\/www.eldigitaldeasturias.com\/noticias\/wp-json\/wp\/v2\/posts"}],"about":[{"href":"https:\/\/www.eldigitaldeasturias.com\/noticias\/wp-json\/wp\/v2\/types\/post"}],"author":[{"embeddable":true,"href":"https:\/\/www.eldigitaldeasturias.com\/noticias\/wp-json\/wp\/v2\/users\/1"}],"replies":[{"embeddable":true,"href":"https:\/\/www.eldigitaldeasturias.com\/noticias\/wp-json\/wp\/v2\/comments?post=950588"}],"version-history":[{"count":0,"href":"https:\/\/www.eldigitaldeasturias.com\/noticias\/wp-json\/wp\/v2\/posts\/950588\/revisions"}],"wp:attachment":[{"href":"https:\/\/www.eldigitaldeasturias.com\/noticias\/wp-json\/wp\/v2\/media?parent=950588"}],"wp:term":[{"taxonomy":"category","embeddable":true,"href":"https:\/\/www.eldigitaldeasturias.com\/noticias\/wp-json\/wp\/v2\/categories?post=950588"},{"taxonomy":"post_tag","embeddable":true,"href":"https:\/\/www.eldigitaldeasturias.com\/noticias\/wp-json\/wp\/v2\/tags?post=950588"}],"curies":[{"name":"wp","href":"https:\/\/api.w.org\/{rel}","templated":true}]}}