{"id":950566,"date":"2017-08-22T19:53:10","date_gmt":"2017-08-22T19:53:10","guid":{"rendered":"http:\/\/www.eldigitaldeasturias.com\/noticias\/?p=950566"},"modified":"2017-08-22T19:53:10","modified_gmt":"2017-08-22T19:53:10","slug":"espana-toma-medidas-adicionales-para-prevenir-ataques-terroristas","status":"publish","type":"post","link":"https:\/\/www.eldigitaldeasturias.com\/noticias\/espana-toma-medidas-adicionales-para-prevenir-ataques-terroristas\/","title":{"rendered":"Espa\u00f1a toma medidas adicionales para prevenir ataques terroristas"},"content":{"rendered":"<p><img loading=\"lazy\" decoding=\"async\" class=\"alignleft size-medium wp-image-950567\" src=\"https:\/\/www.eldigitaldeasturias.com\/noticias\/wp-content\/uploads\/2017\/08\/220817-360x239.jpg\" alt=\"\" width=\"360\" height=\"239\" \/>El ministro del Interior, Juan Ignacio Zoido, acompa\u00f1ado por el secretario de Estado de Seguridad, Jos\u00e9 Antonio Nieto, se ha reunido con los m\u00e1ximos responsables de los servicios de Informaci\u00f3n de la Polic\u00eda Nacional y la Guardia Civil para evaluar la \u00faltima puesta en marcha de las medidas de refuerzo adicional para el nivel 4 de alerta antiterrorista, acordadas en la \u00faltima reuni\u00f3n de la Mesa de Valoraci\u00f3n de la Amenaza Terrorista.<\/p>\n<p>\u200bEl ministro del Interior ha detallado estas medidas de refuerzo y su implantaci\u00f3n, as\u00ed como ha analizado, junto a los expertos policiales, su desarrollo a corto y medio plazo. Uno de los puntos claves en este an\u00e1lisis ha consistido en el <strong>aumento de los dispositivos de seguridad en lugares o eventos de afluencia masiva de personas<\/strong>, con especial \u00e9nfasis en zonas tur\u00edsticas.<\/p>\n<p>En este sentido, Zoido ha destacado la importancia de conjugar dos vertientes fundamentales en materia de protecci\u00f3n antiterrorista, como son la capacidad de prevenci\u00f3n y reacci\u00f3n que aportan los planes de Seguridad Ciudadana y los datos y actualizaciones sobre las organizaciones terroristas y sus miembros, sobre los que trabajan los servicios de Informaci\u00f3n.<\/p>\n<p>&nbsp;<\/p>\n","protected":false},"excerpt":{"rendered":"<p>El ministro del Interior, Juan Ignacio Zoido, acompa\u00f1ado por el secretario de Estado de Seguridad, Jos\u00e9 Antonio Nieto, se ha reunido con los m\u00e1ximos responsables de los servicios de Informaci\u00f3n de la Polic\u00eda Nacional y la Guardia Civil para evaluar la \u00faltima puesta en marcha de las medidas de refuerzo adicional para el nivel 4 [&hellip;]<\/p>\n","protected":false},"author":1,"featured_media":950567,"comment_status":"closed","ping_status":"closed","sticky":false,"template":"","format":"standard","meta":{"footnotes":""},"categories":[1],"tags":[],"class_list":["post-950566","post","type-post","status-publish","format-standard","has-post-thumbnail","hentry","category-actualidad"],"aioseo_notices":[],"aioseo_head":"\n\t\t<!-- All in One SEO Pro 5.0.1 - aioseo.com -->\n\t<meta name=\"description\" content=\"El ministro del Interior, Juan Ignacio Zoido, acompa\u00f1ado por el secretario de Estado de Seguridad, Jos\u00e9 Antonio Nieto, se ha reunido con los m\u00e1ximos responsables de los servicios de Informaci\u00f3n de la Polic\u00eda Nacional y la Guardia Civil para evaluar la \u00faltima puesta en marcha de las medidas de refuerzo adicional para el nivel 4\" \/>\n\t<meta name=\"robots\" content=\"max-image-preview:large\" \/>\n\t<meta name=\"author\" content=\"El Digital de Asturias\"\/>\n\t<meta name=\"google-site-verification\" content=\"UA-38556648-1\" \/>\n\t<meta name=\"msvalidate.01\" content=\"7dfe9f3f1b24437ab69f4f2559babe99\" \/>\n\t<meta name=\"keywords\" content=\"actualidad\" \/>\n\t<link rel=\"canonical\" href=\"https:\/\/www.eldigitaldeasturias.com\/noticias\/espana-toma-medidas-adicionales-para-prevenir-ataques-terroristas\/\" \/>\n\t<meta name=\"generator\" content=\"All in One SEO Pro (AIOSEO) 5.0.1\" \/>\n\t\t<meta property=\"og:locale\" content=\"es_ES\" \/>\n\t\t<meta property=\"og:site_name\" content=\"El Digital de Asturias\" \/>\n\t\t<meta property=\"og:type\" content=\"article\" \/>\n\t\t<meta property=\"og:title\" content=\"Espa\u00f1a toma medidas adicionales para prevenir ataques terroristas - El Digital de Asturias\" \/>\n\t\t<meta property=\"og:description\" content=\"El ministro del Interior, Juan Ignacio Zoido, acompa\u00f1ado por el secretario de Estado de Seguridad, Jos\u00e9 Antonio Nieto, se ha reunido con los m\u00e1ximos responsables de los servicios de Informaci\u00f3n de la Polic\u00eda Nacional y la Guardia Civil para evaluar la \u00faltima puesta en marcha de las medidas de refuerzo adicional para el nivel 4\" \/>\n\t\t<meta property=\"og:url\" content=\"https:\/\/www.eldigitaldeasturias.com\/noticias\/espana-toma-medidas-adicionales-para-prevenir-ataques-terroristas\/\" \/>\n\t\t<meta property=\"article:tag\" content=\"actualidad\" \/>\n\t\t<meta property=\"article:published_time\" content=\"2017-08-22T19:53:10+00:00\" \/>\n\t\t<meta property=\"article:modified_time\" content=\"2017-08-22T19:53:10+00:00\" \/>\n\t\t<meta property=\"article:publisher\" content=\"https:\/\/facebook.com\/eldigitaldeasturias\" \/>\n\t\t<meta name=\"twitter:card\" content=\"summary_large_image\" \/>\n\t\t<meta name=\"twitter:title\" content=\"Espa\u00f1a toma medidas adicionales para prevenir ataques terroristas - El Digital de Asturias\" \/>\n\t\t<meta name=\"twitter:description\" content=\"El ministro del Interior, Juan Ignacio Zoido, acompa\u00f1ado por el secretario de Estado de Seguridad, Jos\u00e9 Antonio Nieto, se ha reunido con los m\u00e1ximos responsables de los servicios de Informaci\u00f3n de la Polic\u00eda Nacional y la Guardia Civil para evaluar la \u00faltima puesta en marcha de las medidas de refuerzo adicional para el nivel 4\" \/>\n\t\t<meta name=\"twitter:image\" content=\"https:\/\/www.eldigitaldeasturias.com\/noticias\/wp-content\/uploads\/2020\/12\/EDA-1.jpg\" \/>\n\t\t<meta name=\"twitter:label1\" content=\"Escrito por\" \/>\n\t\t<meta name=\"twitter:data1\" content=\"El Digital de Asturias\" \/>\n\t\t<meta name=\"twitter:label2\" content=\"Tiempo de lectura estimado\" \/>\n\t\t<meta name=\"twitter:data2\" content=\"1 minuto\" \/>\n\t\t<script type=\"application\/ld+json\" class=\"aioseo-schema\">\n\t\t\t{\"@context\":\"https:\\\/\\\/schema.org\",\"@graph\":[{\"@type\":\"BlogPosting\",\"@id\":\"https:\\\/\\\/www.eldigitaldeasturias.com\\\/noticias\\\/espana-toma-medidas-adicionales-para-prevenir-ataques-terroristas\\\/#blogposting\",\"name\":\"Espa\\u00f1a toma medidas adicionales para prevenir ataques terroristas - El Digital de Asturias\",\"headline\":\"Espa\\u00f1a toma medidas adicionales para prevenir ataques terroristas\",\"author\":{\"@id\":\"https:\\\/\\\/www.eldigitaldeasturias.com\\\/noticias\\\/author\\\/admin\\\/#author\"},\"publisher\":{\"@id\":\"https:\\\/\\\/www.eldigitaldeasturias.com\\\/noticias\\\/#organization\"},\"image\":{\"@type\":\"ImageObject\",\"url\":950567},\"datePublished\":\"2017-08-22T19:53:10+02:00\",\"dateModified\":\"2017-08-22T19:53:10+02:00\",\"inLanguage\":\"es-ES\",\"mainEntityOfPage\":{\"@id\":\"https:\\\/\\\/www.eldigitaldeasturias.com\\\/noticias\\\/espana-toma-medidas-adicionales-para-prevenir-ataques-terroristas\\\/#webpage\"},\"isPartOf\":{\"@id\":\"https:\\\/\\\/www.eldigitaldeasturias.com\\\/noticias\\\/espana-toma-medidas-adicionales-para-prevenir-ataques-terroristas\\\/#webpage\"},\"articleSection\":\"Actualidad\"},{\"@type\":\"BreadcrumbList\",\"@id\":\"https:\\\/\\\/www.eldigitaldeasturias.com\\\/noticias\\\/espana-toma-medidas-adicionales-para-prevenir-ataques-terroristas\\\/#breadcrumblist\",\"itemListElement\":[{\"@type\":\"ListItem\",\"@id\":\"https:\\\/\\\/www.eldigitaldeasturias.com\\\/noticias#listItem\",\"position\":1,\"name\":\"Home\",\"item\":\"https:\\\/\\\/www.eldigitaldeasturias.com\\\/noticias\",\"nextItem\":{\"@type\":\"ListItem\",\"@id\":\"https:\\\/\\\/www.eldigitaldeasturias.com\\\/noticias\\\/category\\\/actualidad\\\/#listItem\",\"name\":\"Actualidad\"}},{\"@type\":\"ListItem\",\"@id\":\"https:\\\/\\\/www.eldigitaldeasturias.com\\\/noticias\\\/category\\\/actualidad\\\/#listItem\",\"position\":2,\"name\":\"Actualidad\",\"item\":\"https:\\\/\\\/www.eldigitaldeasturias.com\\\/noticias\\\/category\\\/actualidad\\\/\",\"nextItem\":{\"@type\":\"ListItem\",\"@id\":\"https:\\\/\\\/www.eldigitaldeasturias.com\\\/noticias\\\/espana-toma-medidas-adicionales-para-prevenir-ataques-terroristas\\\/#listItem\",\"name\":\"Espa\\u00f1a toma medidas adicionales para prevenir ataques terroristas\"},\"previousItem\":{\"@type\":\"ListItem\",\"@id\":\"https:\\\/\\\/www.eldigitaldeasturias.com\\\/noticias#listItem\",\"name\":\"Home\"}},{\"@type\":\"ListItem\",\"@id\":\"https:\\\/\\\/www.eldigitaldeasturias.com\\\/noticias\\\/espana-toma-medidas-adicionales-para-prevenir-ataques-terroristas\\\/#listItem\",\"position\":3,\"name\":\"Espa\\u00f1a toma medidas adicionales para prevenir ataques terroristas\",\"previousItem\":{\"@type\":\"ListItem\",\"@id\":\"https:\\\/\\\/www.eldigitaldeasturias.com\\\/noticias\\\/category\\\/actualidad\\\/#listItem\",\"name\":\"Actualidad\"}}]},{\"@type\":\"Organization\",\"@id\":\"https:\\\/\\\/www.eldigitaldeasturias.com\\\/noticias\\\/#organization\",\"name\":\"El Digital de Asturias\",\"description\":\"Hemeroteca\",\"url\":\"https:\\\/\\\/www.eldigitaldeasturias.com\\\/noticias\\\/\",\"email\":\"info@eldigitaldeasturias.com\",\"telephone\":\"+34652131393\",\"logo\":{\"@type\":\"ImageObject\",\"url\":\"https:\\\/\\\/www.eldigitaldeasturias.com\\\/noticias\\\/wp-content\\\/uploads\\\/2020\\\/12\\\/EDA.jpg\",\"@id\":\"https:\\\/\\\/www.eldigitaldeasturias.com\\\/noticias\\\/espana-toma-medidas-adicionales-para-prevenir-ataques-terroristas\\\/#organizationLogo\"},\"image\":{\"@id\":\"https:\\\/\\\/www.eldigitaldeasturias.com\\\/noticias\\\/espana-toma-medidas-adicionales-para-prevenir-ataques-terroristas\\\/#organizationLogo\"},\"sameAs\":[\"https:\\\/\\\/facebook.com\\\/eldigitaldeasturias\",\"https:\\\/\\\/www.youtube.com\\\/channel\\\/UCZP-2wLEB9Rv6erhFmqVnvg\"],\"address\":{\"@id\":\"https:\\\/\\\/www.eldigitaldeasturias.com\\\/noticias\\\/#postaladdress\",\"@type\":\"PostalAddress\",\"streetAddress\":\"san antonio 4\",\"postalCode\":\"33430\",\"addressLocality\":\"Cand\\u00e1s\",\"addressRegion\":\"Asturias\",\"addressCountry\":\"ES\"}},{\"@type\":\"Person\",\"@id\":\"https:\\\/\\\/www.eldigitaldeasturias.com\\\/noticias\\\/author\\\/admin\\\/#author\",\"url\":\"https:\\\/\\\/www.eldigitaldeasturias.com\\\/noticias\\\/author\\\/admin\\\/\",\"name\":\"El Digital de Asturias\",\"image\":{\"@type\":\"ImageObject\",\"@id\":\"https:\\\/\\\/www.eldigitaldeasturias.com\\\/noticias\\\/espana-toma-medidas-adicionales-para-prevenir-ataques-terroristas\\\/#authorImage\",\"url\":\"https:\\\/\\\/secure.gravatar.com\\\/avatar\\\/df2aeffc32bcd13f8d26072ef8a91b623d677766deac7f97ca815868cd41bf5e?s=96&d=mm&r=g\",\"width\":96,\"height\":96,\"caption\":\"El Digital de Asturias\"}},{\"@type\":\"WebPage\",\"@id\":\"https:\\\/\\\/www.eldigitaldeasturias.com\\\/noticias\\\/espana-toma-medidas-adicionales-para-prevenir-ataques-terroristas\\\/#webpage\",\"url\":\"https:\\\/\\\/www.eldigitaldeasturias.com\\\/noticias\\\/espana-toma-medidas-adicionales-para-prevenir-ataques-terroristas\\\/\",\"name\":\"Espa\\u00f1a toma medidas adicionales para prevenir ataques terroristas - El Digital de Asturias\",\"description\":\"El ministro del Interior, Juan Ignacio Zoido, acompa\\u00f1ado por el secretario de Estado de Seguridad, Jos\\u00e9 Antonio Nieto, se ha reunido con los m\\u00e1ximos responsables de los servicios de Informaci\\u00f3n de la Polic\\u00eda Nacional y la Guardia Civil para evaluar la \\u00faltima puesta en marcha de las medidas de refuerzo adicional para el nivel 4\",\"inLanguage\":\"es-ES\",\"isPartOf\":{\"@id\":\"https:\\\/\\\/www.eldigitaldeasturias.com\\\/noticias\\\/#website\"},\"breadcrumb\":{\"@id\":\"https:\\\/\\\/www.eldigitaldeasturias.com\\\/noticias\\\/espana-toma-medidas-adicionales-para-prevenir-ataques-terroristas\\\/#breadcrumblist\"},\"author\":{\"@id\":\"https:\\\/\\\/www.eldigitaldeasturias.com\\\/noticias\\\/author\\\/admin\\\/#author\"},\"creator\":{\"@id\":\"https:\\\/\\\/www.eldigitaldeasturias.com\\\/noticias\\\/author\\\/admin\\\/#author\"},\"image\":{\"@type\":\"ImageObject\",\"url\":950567,\"@id\":\"https:\\\/\\\/www.eldigitaldeasturias.com\\\/noticias\\\/espana-toma-medidas-adicionales-para-prevenir-ataques-terroristas\\\/#mainImage\"},\"primaryImageOfPage\":{\"@id\":\"https:\\\/\\\/www.eldigitaldeasturias.com\\\/noticias\\\/espana-toma-medidas-adicionales-para-prevenir-ataques-terroristas\\\/#mainImage\"},\"datePublished\":\"2017-08-22T19:53:10+02:00\",\"dateModified\":\"2017-08-22T19:53:10+02:00\"},{\"@type\":\"WebSite\",\"@id\":\"https:\\\/\\\/www.eldigitaldeasturias.com\\\/noticias\\\/#website\",\"url\":\"https:\\\/\\\/www.eldigitaldeasturias.com\\\/noticias\\\/\",\"name\":\"El Digital de Asturias - Diario de actualidad y noticias\",\"alternateName\":\"El Digital de Asturias - Diario de actualidad y noticias\",\"description\":\"Hemeroteca\",\"inLanguage\":\"es-ES\",\"publisher\":{\"@id\":\"https:\\\/\\\/www.eldigitaldeasturias.com\\\/noticias\\\/#organization\"}}]}\n\t\t<\/script>\n\t\t<!-- All in One SEO Pro -->\r\n\t\t<title>Espa\u00f1a toma medidas adicionales para prevenir ataques terroristas - El Digital de Asturias<\/title>\n\n","aioseo_head_json":{"title":"Espa\u00f1a toma medidas adicionales para prevenir ataques terroristas - El Digital de Asturias","description":"El ministro del Interior, Juan Ignacio Zoido, acompa\u00f1ado por el secretario de Estado de Seguridad, Jos\u00e9 Antonio Nieto, se ha reunido con los m\u00e1ximos responsables de los servicios de Informaci\u00f3n de la Polic\u00eda Nacional y la Guardia Civil para evaluar la \u00faltima puesta en marcha de las medidas de refuerzo adicional para el nivel 4","canonical_url":"https:\/\/www.eldigitaldeasturias.com\/noticias\/espana-toma-medidas-adicionales-para-prevenir-ataques-terroristas\/","robots":"max-image-preview:large","keywords":"actualidad","webmasterTools":{"google-site-verification":"UA-38556648-1","msvalidate.01":"7dfe9f3f1b24437ab69f4f2559babe99","miscellaneous":""},"schema":{"@context":"https:\/\/schema.org","@graph":[{"@type":"BlogPosting","@id":"https:\/\/www.eldigitaldeasturias.com\/noticias\/espana-toma-medidas-adicionales-para-prevenir-ataques-terroristas\/#blogposting","name":"Espa\u00f1a toma medidas adicionales para prevenir ataques terroristas - El Digital de Asturias","headline":"Espa\u00f1a toma medidas adicionales para prevenir ataques terroristas","author":{"@id":"https:\/\/www.eldigitaldeasturias.com\/noticias\/author\/admin\/#author"},"publisher":{"@id":"https:\/\/www.eldigitaldeasturias.com\/noticias\/#organization"},"image":{"@type":"ImageObject","url":950567},"datePublished":"2017-08-22T19:53:10+02:00","dateModified":"2017-08-22T19:53:10+02:00","inLanguage":"es-ES","mainEntityOfPage":{"@id":"https:\/\/www.eldigitaldeasturias.com\/noticias\/espana-toma-medidas-adicionales-para-prevenir-ataques-terroristas\/#webpage"},"isPartOf":{"@id":"https:\/\/www.eldigitaldeasturias.com\/noticias\/espana-toma-medidas-adicionales-para-prevenir-ataques-terroristas\/#webpage"},"articleSection":"Actualidad"},{"@type":"BreadcrumbList","@id":"https:\/\/www.eldigitaldeasturias.com\/noticias\/espana-toma-medidas-adicionales-para-prevenir-ataques-terroristas\/#breadcrumblist","itemListElement":[{"@type":"ListItem","@id":"https:\/\/www.eldigitaldeasturias.com\/noticias#listItem","position":1,"name":"Home","item":"https:\/\/www.eldigitaldeasturias.com\/noticias","nextItem":{"@type":"ListItem","@id":"https:\/\/www.eldigitaldeasturias.com\/noticias\/category\/actualidad\/#listItem","name":"Actualidad"}},{"@type":"ListItem","@id":"https:\/\/www.eldigitaldeasturias.com\/noticias\/category\/actualidad\/#listItem","position":2,"name":"Actualidad","item":"https:\/\/www.eldigitaldeasturias.com\/noticias\/category\/actualidad\/","nextItem":{"@type":"ListItem","@id":"https:\/\/www.eldigitaldeasturias.com\/noticias\/espana-toma-medidas-adicionales-para-prevenir-ataques-terroristas\/#listItem","name":"Espa\u00f1a toma medidas adicionales para prevenir ataques terroristas"},"previousItem":{"@type":"ListItem","@id":"https:\/\/www.eldigitaldeasturias.com\/noticias#listItem","name":"Home"}},{"@type":"ListItem","@id":"https:\/\/www.eldigitaldeasturias.com\/noticias\/espana-toma-medidas-adicionales-para-prevenir-ataques-terroristas\/#listItem","position":3,"name":"Espa\u00f1a toma medidas adicionales para prevenir ataques terroristas","previousItem":{"@type":"ListItem","@id":"https:\/\/www.eldigitaldeasturias.com\/noticias\/category\/actualidad\/#listItem","name":"Actualidad"}}]},{"@type":"Organization","@id":"https:\/\/www.eldigitaldeasturias.com\/noticias\/#organization","name":"El Digital de Asturias","description":"Hemeroteca","url":"https:\/\/www.eldigitaldeasturias.com\/noticias\/","email":"info@eldigitaldeasturias.com","telephone":"+34652131393","logo":{"@type":"ImageObject","url":"https:\/\/www.eldigitaldeasturias.com\/noticias\/wp-content\/uploads\/2020\/12\/EDA.jpg","@id":"https:\/\/www.eldigitaldeasturias.com\/noticias\/espana-toma-medidas-adicionales-para-prevenir-ataques-terroristas\/#organizationLogo"},"image":{"@id":"https:\/\/www.eldigitaldeasturias.com\/noticias\/espana-toma-medidas-adicionales-para-prevenir-ataques-terroristas\/#organizationLogo"},"sameAs":["https:\/\/facebook.com\/eldigitaldeasturias","https:\/\/www.youtube.com\/channel\/UCZP-2wLEB9Rv6erhFmqVnvg"],"address":{"@id":"https:\/\/www.eldigitaldeasturias.com\/noticias\/#postaladdress","@type":"PostalAddress","streetAddress":"san antonio 4","postalCode":"33430","addressLocality":"Cand\u00e1s","addressRegion":"Asturias","addressCountry":"ES"}},{"@type":"Person","@id":"https:\/\/www.eldigitaldeasturias.com\/noticias\/author\/admin\/#author","url":"https:\/\/www.eldigitaldeasturias.com\/noticias\/author\/admin\/","name":"El Digital de Asturias","image":{"@type":"ImageObject","@id":"https:\/\/www.eldigitaldeasturias.com\/noticias\/espana-toma-medidas-adicionales-para-prevenir-ataques-terroristas\/#authorImage","url":"https:\/\/secure.gravatar.com\/avatar\/df2aeffc32bcd13f8d26072ef8a91b623d677766deac7f97ca815868cd41bf5e?s=96&d=mm&r=g","width":96,"height":96,"caption":"El Digital de Asturias"}},{"@type":"WebPage","@id":"https:\/\/www.eldigitaldeasturias.com\/noticias\/espana-toma-medidas-adicionales-para-prevenir-ataques-terroristas\/#webpage","url":"https:\/\/www.eldigitaldeasturias.com\/noticias\/espana-toma-medidas-adicionales-para-prevenir-ataques-terroristas\/","name":"Espa\u00f1a toma medidas adicionales para prevenir ataques terroristas - El Digital de Asturias","description":"El ministro del Interior, Juan Ignacio Zoido, acompa\u00f1ado por el secretario de Estado de Seguridad, Jos\u00e9 Antonio Nieto, se ha reunido con los m\u00e1ximos responsables de los servicios de Informaci\u00f3n de la Polic\u00eda Nacional y la Guardia Civil para evaluar la \u00faltima puesta en marcha de las medidas de refuerzo adicional para el nivel 4","inLanguage":"es-ES","isPartOf":{"@id":"https:\/\/www.eldigitaldeasturias.com\/noticias\/#website"},"breadcrumb":{"@id":"https:\/\/www.eldigitaldeasturias.com\/noticias\/espana-toma-medidas-adicionales-para-prevenir-ataques-terroristas\/#breadcrumblist"},"author":{"@id":"https:\/\/www.eldigitaldeasturias.com\/noticias\/author\/admin\/#author"},"creator":{"@id":"https:\/\/www.eldigitaldeasturias.com\/noticias\/author\/admin\/#author"},"image":{"@type":"ImageObject","url":950567,"@id":"https:\/\/www.eldigitaldeasturias.com\/noticias\/espana-toma-medidas-adicionales-para-prevenir-ataques-terroristas\/#mainImage"},"primaryImageOfPage":{"@id":"https:\/\/www.eldigitaldeasturias.com\/noticias\/espana-toma-medidas-adicionales-para-prevenir-ataques-terroristas\/#mainImage"},"datePublished":"2017-08-22T19:53:10+02:00","dateModified":"2017-08-22T19:53:10+02:00"},{"@type":"WebSite","@id":"https:\/\/www.eldigitaldeasturias.com\/noticias\/#website","url":"https:\/\/www.eldigitaldeasturias.com\/noticias\/","name":"El Digital de Asturias - Diario de actualidad y noticias","alternateName":"El Digital de Asturias - Diario de actualidad y noticias","description":"Hemeroteca","inLanguage":"es-ES","publisher":{"@id":"https:\/\/www.eldigitaldeasturias.com\/noticias\/#organization"}}]},"og:locale":"es_ES","og:site_name":"El Digital de Asturias","og:type":"article","og:title":"Espa\u00f1a toma medidas adicionales para prevenir ataques terroristas - El Digital de Asturias","og:description":"El ministro del Interior, Juan Ignacio Zoido, acompa\u00f1ado por el secretario de Estado de Seguridad, Jos\u00e9 Antonio Nieto, se ha reunido con los m\u00e1ximos responsables de los servicios de Informaci\u00f3n de la Polic\u00eda Nacional y la Guardia Civil para evaluar la \u00faltima puesta en marcha de las medidas de refuerzo adicional para el nivel 4","og:url":"https:\/\/www.eldigitaldeasturias.com\/noticias\/espana-toma-medidas-adicionales-para-prevenir-ataques-terroristas\/","article:tag":["actualidad"],"article:published_time":"2017-08-22T19:53:10+00:00","article:modified_time":"2017-08-22T19:53:10+00:00","article:publisher":"https:\/\/facebook.com\/eldigitaldeasturias","twitter:card":"summary_large_image","twitter:title":"Espa\u00f1a toma medidas adicionales para prevenir ataques terroristas - El Digital de Asturias","twitter:description":"El ministro del Interior, Juan Ignacio Zoido, acompa\u00f1ado por el secretario de Estado de Seguridad, Jos\u00e9 Antonio Nieto, se ha reunido con los m\u00e1ximos responsables de los servicios de Informaci\u00f3n de la Polic\u00eda Nacional y la Guardia Civil para evaluar la \u00faltima puesta en marcha de las medidas de refuerzo adicional para el nivel 4","twitter:image":"https:\/\/www.eldigitaldeasturias.com\/noticias\/wp-content\/uploads\/2020\/12\/EDA-1.jpg","twitter:label1":"Escrito por","twitter:data1":"El Digital de Asturias","twitter:label2":"Tiempo de lectura estimado","twitter:data2":"1 minuto"},"aioseo_meta_data":{"post_id":"950566","title":null,"description":null,"keywords":null,"keyphrases":null,"primary_term":null,"canonical_url":null,"og_title":null,"og_description":null,"og_object_type":"default","og_image_type":"default","og_image_url":null,"og_image_width":null,"og_image_height":null,"og_image_custom_url":null,"og_image_custom_fields":null,"og_video":null,"og_custom_url":null,"og_article_section":null,"og_article_tags":null,"twitter_use_og":false,"twitter_card":"default","twitter_image_type":"default","twitter_image_url":null,"twitter_image_custom_url":null,"twitter_image_custom_fields":null,"twitter_title":null,"twitter_description":null,"schema":{"blockGraphs":[],"customGraphs":[],"default":{"data":{"Article":[],"Course":[],"Dataset":[],"FAQPage":[],"Movie":[],"Person":[],"Product":[],"ProductReview":[],"Car":[],"Recipe":[],"Service":[],"SoftwareApplication":[],"WebPage":[]},"graphName":"","isEnabled":true},"graphs":[],"defaultGraph":"","defaultPostTypeGraph":""},"schema_type":null,"schema_type_options":null,"pillar_content":false,"robots_default":true,"robots_noindex":false,"robots_noarchive":false,"robots_nosnippet":false,"robots_nofollow":false,"robots_noimageindex":false,"robots_noodp":false,"robots_notranslate":false,"robots_max_snippet":null,"robots_max_videopreview":null,"robots_max_imagepreview":"large","priority":null,"frequency":null,"local_seo":null,"seo_analyzer_scan_date":"2025-12-05 16:18:37","breadcrumb_settings":null,"limit_modified_date":false,"open_ai":null,"ai":null,"created":"2020-12-21 11:51:43","updated":"2025-12-05 16:18:37","focus_keyword":null,"additional_keywords":null,"truseo_locale":null},"aioseo_breadcrumb":"<div class=\"aioseo-breadcrumbs\"><span class=\"aioseo-breadcrumb\">\n\t<a href=\"https:\/\/www.eldigitaldeasturias.com\/noticias\" title=\"Home\">Home<\/a>\n<\/span><span class=\"aioseo-breadcrumb-separator\">\u2013<\/span><span class=\"aioseo-breadcrumb\">\n\t<a href=\"https:\/\/www.eldigitaldeasturias.com\/noticias\/category\/actualidad\/\" title=\"Actualidad\">Actualidad<\/a>\n<\/span><span class=\"aioseo-breadcrumb-separator\">\u2013<\/span><span class=\"aioseo-breadcrumb\">\n\t<a href=\"https:\/\/www.eldigitaldeasturias.com\/noticias\/espana-toma-medidas-adicionales-para-prevenir-ataques-terroristas\/\" title=\"Espa\u00f1a toma medidas adicionales para prevenir ataques terroristas\">Espa\u00f1a toma medidas adicionales para prevenir ataques terroristas<\/a>\n<\/span><\/div>","aioseo_breadcrumb_json":[{"label":"Home","link":"https:\/\/www.eldigitaldeasturias.com\/noticias"},{"label":"Actualidad","link":"https:\/\/www.eldigitaldeasturias.com\/noticias\/category\/actualidad\/"},{"label":"Espa\u00f1a toma medidas adicionales para prevenir ataques terroristas","link":"https:\/\/www.eldigitaldeasturias.com\/noticias\/espana-toma-medidas-adicionales-para-prevenir-ataques-terroristas\/"}],"_links":{"self":[{"href":"https:\/\/www.eldigitaldeasturias.com\/noticias\/wp-json\/wp\/v2\/posts\/950566","targetHints":{"allow":["GET"]}}],"collection":[{"href":"https:\/\/www.eldigitaldeasturias.com\/noticias\/wp-json\/wp\/v2\/posts"}],"about":[{"href":"https:\/\/www.eldigitaldeasturias.com\/noticias\/wp-json\/wp\/v2\/types\/post"}],"author":[{"embeddable":true,"href":"https:\/\/www.eldigitaldeasturias.com\/noticias\/wp-json\/wp\/v2\/users\/1"}],"replies":[{"embeddable":true,"href":"https:\/\/www.eldigitaldeasturias.com\/noticias\/wp-json\/wp\/v2\/comments?post=950566"}],"version-history":[{"count":0,"href":"https:\/\/www.eldigitaldeasturias.com\/noticias\/wp-json\/wp\/v2\/posts\/950566\/revisions"}],"wp:attachment":[{"href":"https:\/\/www.eldigitaldeasturias.com\/noticias\/wp-json\/wp\/v2\/media?parent=950566"}],"wp:term":[{"taxonomy":"category","embeddable":true,"href":"https:\/\/www.eldigitaldeasturias.com\/noticias\/wp-json\/wp\/v2\/categories?post=950566"},{"taxonomy":"post_tag","embeddable":true,"href":"https:\/\/www.eldigitaldeasturias.com\/noticias\/wp-json\/wp\/v2\/tags?post=950566"}],"curies":[{"name":"wp","href":"https:\/\/api.w.org\/{rel}","templated":true}]}}