{"id":950519,"date":"2017-08-22T15:35:20","date_gmt":"2017-08-22T15:35:20","guid":{"rendered":"http:\/\/www.eldigitaldeasturias.com\/noticias\/?p=950519"},"modified":"2017-08-22T15:35:20","modified_gmt":"2017-08-22T15:35:20","slug":"como-afectara-el-tlc-entre-la-ue-y-japon-a-las-empresas-espanolas","status":"publish","type":"post","link":"https:\/\/www.eldigitaldeasturias.com\/noticias\/como-afectara-el-tlc-entre-la-ue-y-japon-a-las-empresas-espanolas\/","title":{"rendered":"\u00bfC\u00f3mo afectar\u00e1 el TLC entre la UE y Jap\u00f3n a las empresas espa\u00f1olas?"},"content":{"rendered":"<p><img loading=\"lazy\" decoding=\"async\" class=\"alignleft size-medium wp-image-950520\" src=\"https:\/\/www.eldigitaldeasturias.com\/noticias\/wp-content\/uploads\/2017\/08\/1501695549-360x271.png\" alt=\"\" width=\"360\" height=\"271\" \/>Hace ya unas semanas que se reunieron representantes de la UE y Jap\u00f3n en Tokio para darle los \u00faltimos retoques a este acuerdo, que puede beneficiar en gran medida a las empresas espa\u00f1olas que pertenecen al sector agr\u00edcola en nuestro pa\u00eds. A cambio, eso s\u00ed, de un precio.<\/p>\n<p>\u201cLos intereses de la representante de la Uni\u00f3n Europea, Cecilia Malmstrom, son liberalizar los mercados de productos agr\u00edcolas japoneses para beneficiar a las empresas europeas que pertenecen a este sector.\u201d, explican desde Humanity Internacional, consultor\u00eda de comercio internacional. \u201cPor su parte, su hom\u00f3logo de Jap\u00f3n pide a cambio reducir los aranceles que gravan las exportaciones de autom\u00f3viles, piezas y componentes japoneses que entran a la UE\u201d, a\u00f1aden.<\/p>\n<p><strong>Un acuerdo con \u201cdoble filo\u201d<\/strong><\/p>\n<p>Pudiera parecer que los intereses de la Uni\u00f3n Europea buscan el beneficio de todos, pero lo primero que cualquiera sacar\u00eda en claro es que las compa\u00f1\u00edas automovil\u00edsticas europeas tiemblan ante la inminente aprobaci\u00f3n de este acuerdo. \u201cLa posibilidad de que las empresas japonesas entren a competir en el mercado europeo perjudica a dos partes implicadas. Por un lado, a las marcas automovil\u00edsticas. Por otro, a las empresas que pertenezcan a cualquier sector relacionado con la fabricaci\u00f3n de sus piezas y componentes\u201d, analizan desde la consultor\u00eda.<\/p>\n<p>No obstante, s\u00ed que tiene un filo positivo este acuerdo, \u201caunque no sea para las empresas que comercializan autom\u00f3viles\u201d. La calidad de los productos agr\u00edcolas y alimentarios espa\u00f1oles, sumada a la liberalizaci\u00f3n del mercado agr\u00edcola japon\u00e9s, \u201cpuede suponer un cambio radical en la perspectiva que muchas empresas espa\u00f1olas de la industria alimentaria y agr\u00edcola ten\u00edan hasta ahora sobre exportar sus productos al pa\u00eds nip\u00f3n\u201d, continuan.<\/p>\n<p><strong>Empresas espa\u00f1olas de estos sectores ya est\u00e1n contactando con expertos en comercio exterior<\/strong><\/p>\n<p>Ahora s\u00f3lo cabe esperar cu\u00e1les son las conclusiones finales. Se revelar\u00e1n pasada la reuni\u00f3n de ambas administraciones en Hamburgo, para tomar decisiones estrat\u00e9gicas en funci\u00f3n de c\u00f3mo sea el desenlace de los acontecimientos.<\/p>\n<p>Por su parte, las empresas del sector automovil\u00edstico, agr\u00edcola y alimentario en Espa\u00f1a tambi\u00e9n se han puesto manos a la obra, contactando con agencias especializadas en estrategias de internacionalizaci\u00f3n y exportaci\u00f3n.<\/p>\n<p>Compa\u00f1\u00edas como <a href=\"http:\/\/internacionalhi.com\/\" target=\"_blank\" rel=\"nofollow noopener\"><strong><span style=\"color: #ff0000;\">Humanity Internacional<\/span><\/strong><\/a> desempe\u00f1an una labor clave en este tipo de situaciones, asesorando a las empresas sobre cu\u00e1l deber\u00eda ser el camino a seguir en funci\u00f3n de los cambios que se produzcan en las condiciones de exportaci\u00f3n e internacionalizaci\u00f3n de productos agr\u00edcolas y alimentarios en Jap\u00f3n. La rapidez es clave en este tipo de situaciones, ya que en cuanto se produzca la aprobaci\u00f3n del acuerdo, los engranajes en un sinf\u00edn de empresas espa\u00f1olas asesoradas por estos especialistas en comercio internacional comenzar\u00e1n a girar.<\/p>\n<p>&nbsp;<\/p>\n","protected":false},"excerpt":{"rendered":"<p>Hace ya unas semanas que se reunieron representantes de la UE y Jap\u00f3n en Tokio para darle los \u00faltimos retoques a este acuerdo, que puede beneficiar en gran medida a las empresas espa\u00f1olas que pertenecen al sector agr\u00edcola en nuestro pa\u00eds. A cambio, eso s\u00ed, de un precio. \u201cLos intereses de la representante de la [&hellip;]<\/p>\n","protected":false},"author":1,"featured_media":950520,"comment_status":"closed","ping_status":"closed","sticky":false,"template":"","format":"standard","meta":{"footnotes":""},"categories":[1],"tags":[],"class_list":["post-950519","post","type-post","status-publish","format-standard","has-post-thumbnail","hentry","category-actualidad"],"aioseo_notices":[],"aioseo_head":"\n\t\t<!-- All in One SEO Pro 5.0.1 - aioseo.com -->\n\t<meta name=\"description\" content=\"Hace ya unas semanas que se reunieron representantes de la UE y Jap\u00f3n en Tokio para darle los \u00faltimos retoques a este acuerdo, que puede beneficiar en gran medida a las empresas espa\u00f1olas que pertenecen al sector agr\u00edcola en nuestro pa\u00eds. A cambio, eso s\u00ed, de un precio. \u201cLos intereses de la representante de la\" \/>\n\t<meta name=\"robots\" content=\"max-image-preview:large\" \/>\n\t<meta name=\"author\" content=\"El Digital de Asturias\"\/>\n\t<meta name=\"google-site-verification\" content=\"UA-38556648-1\" \/>\n\t<meta name=\"msvalidate.01\" content=\"7dfe9f3f1b24437ab69f4f2559babe99\" \/>\n\t<meta name=\"keywords\" content=\"actualidad\" \/>\n\t<link rel=\"canonical\" href=\"https:\/\/www.eldigitaldeasturias.com\/noticias\/como-afectara-el-tlc-entre-la-ue-y-japon-a-las-empresas-espanolas\/\" \/>\n\t<meta name=\"generator\" content=\"All in One SEO Pro (AIOSEO) 5.0.1\" \/>\n\t\t<meta property=\"og:locale\" content=\"es_ES\" \/>\n\t\t<meta property=\"og:site_name\" content=\"El Digital de Asturias\" \/>\n\t\t<meta property=\"og:type\" content=\"article\" \/>\n\t\t<meta property=\"og:title\" content=\"\u00bfC\u00f3mo afectar\u00e1 el TLC entre la UE y Jap\u00f3n a las empresas espa\u00f1olas? - El Digital de Asturias\" \/>\n\t\t<meta property=\"og:description\" content=\"Hace ya unas semanas que se reunieron representantes de la UE y Jap\u00f3n en Tokio para darle los \u00faltimos retoques a este acuerdo, que puede beneficiar en gran medida a las empresas espa\u00f1olas que pertenecen al sector agr\u00edcola en nuestro pa\u00eds. A cambio, eso s\u00ed, de un precio. \u201cLos intereses de la representante de la\" \/>\n\t\t<meta property=\"og:url\" content=\"https:\/\/www.eldigitaldeasturias.com\/noticias\/como-afectara-el-tlc-entre-la-ue-y-japon-a-las-empresas-espanolas\/\" \/>\n\t\t<meta property=\"article:tag\" content=\"actualidad\" \/>\n\t\t<meta property=\"article:published_time\" content=\"2017-08-22T15:35:20+00:00\" \/>\n\t\t<meta property=\"article:modified_time\" content=\"2017-08-22T15:35:20+00:00\" \/>\n\t\t<meta property=\"article:publisher\" content=\"https:\/\/facebook.com\/eldigitaldeasturias\" \/>\n\t\t<meta name=\"twitter:card\" content=\"summary_large_image\" \/>\n\t\t<meta name=\"twitter:title\" content=\"\u00bfC\u00f3mo afectar\u00e1 el TLC entre la UE y Jap\u00f3n a las empresas espa\u00f1olas? - El Digital de Asturias\" \/>\n\t\t<meta name=\"twitter:description\" content=\"Hace ya unas semanas que se reunieron representantes de la UE y Jap\u00f3n en Tokio para darle los \u00faltimos retoques a este acuerdo, que puede beneficiar en gran medida a las empresas espa\u00f1olas que pertenecen al sector agr\u00edcola en nuestro pa\u00eds. A cambio, eso s\u00ed, de un precio. \u201cLos intereses de la representante de la\" \/>\n\t\t<meta name=\"twitter:image\" content=\"https:\/\/www.eldigitaldeasturias.com\/noticias\/wp-content\/uploads\/2020\/12\/EDA-1.jpg\" \/>\n\t\t<meta name=\"twitter:label1\" content=\"Escrito por\" \/>\n\t\t<meta name=\"twitter:data1\" content=\"El Digital de Asturias\" \/>\n\t\t<meta name=\"twitter:label2\" content=\"Tiempo de lectura estimado\" \/>\n\t\t<meta name=\"twitter:data2\" content=\"2 minutos\" \/>\n\t\t<script type=\"application\/ld+json\" class=\"aioseo-schema\">\n\t\t\t{\"@context\":\"https:\\\/\\\/schema.org\",\"@graph\":[{\"@type\":\"BlogPosting\",\"@id\":\"https:\\\/\\\/www.eldigitaldeasturias.com\\\/noticias\\\/como-afectara-el-tlc-entre-la-ue-y-japon-a-las-empresas-espanolas\\\/#blogposting\",\"name\":\"\\u00bfC\\u00f3mo afectar\\u00e1 el TLC entre la UE y Jap\\u00f3n a las empresas espa\\u00f1olas? - El Digital de Asturias\",\"headline\":\"\\u00bfC\\u00f3mo afectar\\u00e1 el TLC entre la UE y Jap\\u00f3n a las empresas espa\\u00f1olas?\",\"author\":{\"@id\":\"https:\\\/\\\/www.eldigitaldeasturias.com\\\/noticias\\\/author\\\/admin\\\/#author\"},\"publisher\":{\"@id\":\"https:\\\/\\\/www.eldigitaldeasturias.com\\\/noticias\\\/#organization\"},\"image\":{\"@type\":\"ImageObject\",\"url\":950520},\"datePublished\":\"2017-08-22T15:35:20+02:00\",\"dateModified\":\"2017-08-22T15:35:20+02:00\",\"inLanguage\":\"es-ES\",\"mainEntityOfPage\":{\"@id\":\"https:\\\/\\\/www.eldigitaldeasturias.com\\\/noticias\\\/como-afectara-el-tlc-entre-la-ue-y-japon-a-las-empresas-espanolas\\\/#webpage\"},\"isPartOf\":{\"@id\":\"https:\\\/\\\/www.eldigitaldeasturias.com\\\/noticias\\\/como-afectara-el-tlc-entre-la-ue-y-japon-a-las-empresas-espanolas\\\/#webpage\"},\"articleSection\":\"Actualidad\"},{\"@type\":\"BreadcrumbList\",\"@id\":\"https:\\\/\\\/www.eldigitaldeasturias.com\\\/noticias\\\/como-afectara-el-tlc-entre-la-ue-y-japon-a-las-empresas-espanolas\\\/#breadcrumblist\",\"itemListElement\":[{\"@type\":\"ListItem\",\"@id\":\"https:\\\/\\\/www.eldigitaldeasturias.com\\\/noticias#listItem\",\"position\":1,\"name\":\"Home\",\"item\":\"https:\\\/\\\/www.eldigitaldeasturias.com\\\/noticias\",\"nextItem\":{\"@type\":\"ListItem\",\"@id\":\"https:\\\/\\\/www.eldigitaldeasturias.com\\\/noticias\\\/category\\\/actualidad\\\/#listItem\",\"name\":\"Actualidad\"}},{\"@type\":\"ListItem\",\"@id\":\"https:\\\/\\\/www.eldigitaldeasturias.com\\\/noticias\\\/category\\\/actualidad\\\/#listItem\",\"position\":2,\"name\":\"Actualidad\",\"item\":\"https:\\\/\\\/www.eldigitaldeasturias.com\\\/noticias\\\/category\\\/actualidad\\\/\",\"nextItem\":{\"@type\":\"ListItem\",\"@id\":\"https:\\\/\\\/www.eldigitaldeasturias.com\\\/noticias\\\/como-afectara-el-tlc-entre-la-ue-y-japon-a-las-empresas-espanolas\\\/#listItem\",\"name\":\"\\u00bfC\\u00f3mo afectar\\u00e1 el TLC entre la UE y Jap\\u00f3n a las empresas espa\\u00f1olas?\"},\"previousItem\":{\"@type\":\"ListItem\",\"@id\":\"https:\\\/\\\/www.eldigitaldeasturias.com\\\/noticias#listItem\",\"name\":\"Home\"}},{\"@type\":\"ListItem\",\"@id\":\"https:\\\/\\\/www.eldigitaldeasturias.com\\\/noticias\\\/como-afectara-el-tlc-entre-la-ue-y-japon-a-las-empresas-espanolas\\\/#listItem\",\"position\":3,\"name\":\"\\u00bfC\\u00f3mo afectar\\u00e1 el TLC entre la UE y Jap\\u00f3n a las empresas espa\\u00f1olas?\",\"previousItem\":{\"@type\":\"ListItem\",\"@id\":\"https:\\\/\\\/www.eldigitaldeasturias.com\\\/noticias\\\/category\\\/actualidad\\\/#listItem\",\"name\":\"Actualidad\"}}]},{\"@type\":\"Organization\",\"@id\":\"https:\\\/\\\/www.eldigitaldeasturias.com\\\/noticias\\\/#organization\",\"name\":\"El Digital de Asturias\",\"description\":\"Hemeroteca\",\"url\":\"https:\\\/\\\/www.eldigitaldeasturias.com\\\/noticias\\\/\",\"email\":\"info@eldigitaldeasturias.com\",\"telephone\":\"+34652131393\",\"logo\":{\"@type\":\"ImageObject\",\"url\":\"https:\\\/\\\/www.eldigitaldeasturias.com\\\/noticias\\\/wp-content\\\/uploads\\\/2020\\\/12\\\/EDA.jpg\",\"@id\":\"https:\\\/\\\/www.eldigitaldeasturias.com\\\/noticias\\\/como-afectara-el-tlc-entre-la-ue-y-japon-a-las-empresas-espanolas\\\/#organizationLogo\"},\"image\":{\"@id\":\"https:\\\/\\\/www.eldigitaldeasturias.com\\\/noticias\\\/como-afectara-el-tlc-entre-la-ue-y-japon-a-las-empresas-espanolas\\\/#organizationLogo\"},\"sameAs\":[\"https:\\\/\\\/facebook.com\\\/eldigitaldeasturias\",\"https:\\\/\\\/www.youtube.com\\\/channel\\\/UCZP-2wLEB9Rv6erhFmqVnvg\"],\"address\":{\"@id\":\"https:\\\/\\\/www.eldigitaldeasturias.com\\\/noticias\\\/#postaladdress\",\"@type\":\"PostalAddress\",\"streetAddress\":\"san antonio 4\",\"postalCode\":\"33430\",\"addressLocality\":\"Cand\\u00e1s\",\"addressRegion\":\"Asturias\",\"addressCountry\":\"ES\"}},{\"@type\":\"Person\",\"@id\":\"https:\\\/\\\/www.eldigitaldeasturias.com\\\/noticias\\\/author\\\/admin\\\/#author\",\"url\":\"https:\\\/\\\/www.eldigitaldeasturias.com\\\/noticias\\\/author\\\/admin\\\/\",\"name\":\"El Digital de Asturias\",\"image\":{\"@type\":\"ImageObject\",\"@id\":\"https:\\\/\\\/www.eldigitaldeasturias.com\\\/noticias\\\/como-afectara-el-tlc-entre-la-ue-y-japon-a-las-empresas-espanolas\\\/#authorImage\",\"url\":\"https:\\\/\\\/secure.gravatar.com\\\/avatar\\\/df2aeffc32bcd13f8d26072ef8a91b623d677766deac7f97ca815868cd41bf5e?s=96&d=mm&r=g\",\"width\":96,\"height\":96,\"caption\":\"El Digital de Asturias\"}},{\"@type\":\"WebPage\",\"@id\":\"https:\\\/\\\/www.eldigitaldeasturias.com\\\/noticias\\\/como-afectara-el-tlc-entre-la-ue-y-japon-a-las-empresas-espanolas\\\/#webpage\",\"url\":\"https:\\\/\\\/www.eldigitaldeasturias.com\\\/noticias\\\/como-afectara-el-tlc-entre-la-ue-y-japon-a-las-empresas-espanolas\\\/\",\"name\":\"\\u00bfC\\u00f3mo afectar\\u00e1 el TLC entre la UE y Jap\\u00f3n a las empresas espa\\u00f1olas? - El Digital de Asturias\",\"description\":\"Hace ya unas semanas que se reunieron representantes de la UE y Jap\\u00f3n en Tokio para darle los \\u00faltimos retoques a este acuerdo, que puede beneficiar en gran medida a las empresas espa\\u00f1olas que pertenecen al sector agr\\u00edcola en nuestro pa\\u00eds. A cambio, eso s\\u00ed, de un precio. \\u201cLos intereses de la representante de la\",\"inLanguage\":\"es-ES\",\"isPartOf\":{\"@id\":\"https:\\\/\\\/www.eldigitaldeasturias.com\\\/noticias\\\/#website\"},\"breadcrumb\":{\"@id\":\"https:\\\/\\\/www.eldigitaldeasturias.com\\\/noticias\\\/como-afectara-el-tlc-entre-la-ue-y-japon-a-las-empresas-espanolas\\\/#breadcrumblist\"},\"author\":{\"@id\":\"https:\\\/\\\/www.eldigitaldeasturias.com\\\/noticias\\\/author\\\/admin\\\/#author\"},\"creator\":{\"@id\":\"https:\\\/\\\/www.eldigitaldeasturias.com\\\/noticias\\\/author\\\/admin\\\/#author\"},\"image\":{\"@type\":\"ImageObject\",\"url\":950520,\"@id\":\"https:\\\/\\\/www.eldigitaldeasturias.com\\\/noticias\\\/como-afectara-el-tlc-entre-la-ue-y-japon-a-las-empresas-espanolas\\\/#mainImage\"},\"primaryImageOfPage\":{\"@id\":\"https:\\\/\\\/www.eldigitaldeasturias.com\\\/noticias\\\/como-afectara-el-tlc-entre-la-ue-y-japon-a-las-empresas-espanolas\\\/#mainImage\"},\"datePublished\":\"2017-08-22T15:35:20+02:00\",\"dateModified\":\"2017-08-22T15:35:20+02:00\"},{\"@type\":\"WebSite\",\"@id\":\"https:\\\/\\\/www.eldigitaldeasturias.com\\\/noticias\\\/#website\",\"url\":\"https:\\\/\\\/www.eldigitaldeasturias.com\\\/noticias\\\/\",\"name\":\"El Digital de Asturias - Diario de actualidad y noticias\",\"alternateName\":\"El Digital de Asturias - Diario de actualidad y noticias\",\"description\":\"Hemeroteca\",\"inLanguage\":\"es-ES\",\"publisher\":{\"@id\":\"https:\\\/\\\/www.eldigitaldeasturias.com\\\/noticias\\\/#organization\"}}]}\n\t\t<\/script>\n\t\t<!-- All in One SEO Pro -->\r\n\t\t<title>\u00bfC\u00f3mo afectar\u00e1 el TLC entre la UE y Jap\u00f3n a las empresas espa\u00f1olas? - El Digital de Asturias<\/title>\n\n","aioseo_head_json":{"title":"\u00bfC\u00f3mo afectar\u00e1 el TLC entre la UE y Jap\u00f3n a las empresas espa\u00f1olas? - El Digital de Asturias","description":"Hace ya unas semanas que se reunieron representantes de la UE y Jap\u00f3n en Tokio para darle los \u00faltimos retoques a este acuerdo, que puede beneficiar en gran medida a las empresas espa\u00f1olas que pertenecen al sector agr\u00edcola en nuestro pa\u00eds. A cambio, eso s\u00ed, de un precio. \u201cLos intereses de la representante de la","canonical_url":"https:\/\/www.eldigitaldeasturias.com\/noticias\/como-afectara-el-tlc-entre-la-ue-y-japon-a-las-empresas-espanolas\/","robots":"max-image-preview:large","keywords":"actualidad","webmasterTools":{"google-site-verification":"UA-38556648-1","msvalidate.01":"7dfe9f3f1b24437ab69f4f2559babe99","miscellaneous":""},"schema":{"@context":"https:\/\/schema.org","@graph":[{"@type":"BlogPosting","@id":"https:\/\/www.eldigitaldeasturias.com\/noticias\/como-afectara-el-tlc-entre-la-ue-y-japon-a-las-empresas-espanolas\/#blogposting","name":"\u00bfC\u00f3mo afectar\u00e1 el TLC entre la UE y Jap\u00f3n a las empresas espa\u00f1olas? - El Digital de Asturias","headline":"\u00bfC\u00f3mo afectar\u00e1 el TLC entre la UE y Jap\u00f3n a las empresas espa\u00f1olas?","author":{"@id":"https:\/\/www.eldigitaldeasturias.com\/noticias\/author\/admin\/#author"},"publisher":{"@id":"https:\/\/www.eldigitaldeasturias.com\/noticias\/#organization"},"image":{"@type":"ImageObject","url":950520},"datePublished":"2017-08-22T15:35:20+02:00","dateModified":"2017-08-22T15:35:20+02:00","inLanguage":"es-ES","mainEntityOfPage":{"@id":"https:\/\/www.eldigitaldeasturias.com\/noticias\/como-afectara-el-tlc-entre-la-ue-y-japon-a-las-empresas-espanolas\/#webpage"},"isPartOf":{"@id":"https:\/\/www.eldigitaldeasturias.com\/noticias\/como-afectara-el-tlc-entre-la-ue-y-japon-a-las-empresas-espanolas\/#webpage"},"articleSection":"Actualidad"},{"@type":"BreadcrumbList","@id":"https:\/\/www.eldigitaldeasturias.com\/noticias\/como-afectara-el-tlc-entre-la-ue-y-japon-a-las-empresas-espanolas\/#breadcrumblist","itemListElement":[{"@type":"ListItem","@id":"https:\/\/www.eldigitaldeasturias.com\/noticias#listItem","position":1,"name":"Home","item":"https:\/\/www.eldigitaldeasturias.com\/noticias","nextItem":{"@type":"ListItem","@id":"https:\/\/www.eldigitaldeasturias.com\/noticias\/category\/actualidad\/#listItem","name":"Actualidad"}},{"@type":"ListItem","@id":"https:\/\/www.eldigitaldeasturias.com\/noticias\/category\/actualidad\/#listItem","position":2,"name":"Actualidad","item":"https:\/\/www.eldigitaldeasturias.com\/noticias\/category\/actualidad\/","nextItem":{"@type":"ListItem","@id":"https:\/\/www.eldigitaldeasturias.com\/noticias\/como-afectara-el-tlc-entre-la-ue-y-japon-a-las-empresas-espanolas\/#listItem","name":"\u00bfC\u00f3mo afectar\u00e1 el TLC entre la UE y Jap\u00f3n a las empresas espa\u00f1olas?"},"previousItem":{"@type":"ListItem","@id":"https:\/\/www.eldigitaldeasturias.com\/noticias#listItem","name":"Home"}},{"@type":"ListItem","@id":"https:\/\/www.eldigitaldeasturias.com\/noticias\/como-afectara-el-tlc-entre-la-ue-y-japon-a-las-empresas-espanolas\/#listItem","position":3,"name":"\u00bfC\u00f3mo afectar\u00e1 el TLC entre la UE y Jap\u00f3n a las empresas espa\u00f1olas?","previousItem":{"@type":"ListItem","@id":"https:\/\/www.eldigitaldeasturias.com\/noticias\/category\/actualidad\/#listItem","name":"Actualidad"}}]},{"@type":"Organization","@id":"https:\/\/www.eldigitaldeasturias.com\/noticias\/#organization","name":"El Digital de Asturias","description":"Hemeroteca","url":"https:\/\/www.eldigitaldeasturias.com\/noticias\/","email":"info@eldigitaldeasturias.com","telephone":"+34652131393","logo":{"@type":"ImageObject","url":"https:\/\/www.eldigitaldeasturias.com\/noticias\/wp-content\/uploads\/2020\/12\/EDA.jpg","@id":"https:\/\/www.eldigitaldeasturias.com\/noticias\/como-afectara-el-tlc-entre-la-ue-y-japon-a-las-empresas-espanolas\/#organizationLogo"},"image":{"@id":"https:\/\/www.eldigitaldeasturias.com\/noticias\/como-afectara-el-tlc-entre-la-ue-y-japon-a-las-empresas-espanolas\/#organizationLogo"},"sameAs":["https:\/\/facebook.com\/eldigitaldeasturias","https:\/\/www.youtube.com\/channel\/UCZP-2wLEB9Rv6erhFmqVnvg"],"address":{"@id":"https:\/\/www.eldigitaldeasturias.com\/noticias\/#postaladdress","@type":"PostalAddress","streetAddress":"san antonio 4","postalCode":"33430","addressLocality":"Cand\u00e1s","addressRegion":"Asturias","addressCountry":"ES"}},{"@type":"Person","@id":"https:\/\/www.eldigitaldeasturias.com\/noticias\/author\/admin\/#author","url":"https:\/\/www.eldigitaldeasturias.com\/noticias\/author\/admin\/","name":"El Digital de Asturias","image":{"@type":"ImageObject","@id":"https:\/\/www.eldigitaldeasturias.com\/noticias\/como-afectara-el-tlc-entre-la-ue-y-japon-a-las-empresas-espanolas\/#authorImage","url":"https:\/\/secure.gravatar.com\/avatar\/df2aeffc32bcd13f8d26072ef8a91b623d677766deac7f97ca815868cd41bf5e?s=96&d=mm&r=g","width":96,"height":96,"caption":"El Digital de Asturias"}},{"@type":"WebPage","@id":"https:\/\/www.eldigitaldeasturias.com\/noticias\/como-afectara-el-tlc-entre-la-ue-y-japon-a-las-empresas-espanolas\/#webpage","url":"https:\/\/www.eldigitaldeasturias.com\/noticias\/como-afectara-el-tlc-entre-la-ue-y-japon-a-las-empresas-espanolas\/","name":"\u00bfC\u00f3mo afectar\u00e1 el TLC entre la UE y Jap\u00f3n a las empresas espa\u00f1olas? - El Digital de Asturias","description":"Hace ya unas semanas que se reunieron representantes de la UE y Jap\u00f3n en Tokio para darle los \u00faltimos retoques a este acuerdo, que puede beneficiar en gran medida a las empresas espa\u00f1olas que pertenecen al sector agr\u00edcola en nuestro pa\u00eds. A cambio, eso s\u00ed, de un precio. \u201cLos intereses de la representante de la","inLanguage":"es-ES","isPartOf":{"@id":"https:\/\/www.eldigitaldeasturias.com\/noticias\/#website"},"breadcrumb":{"@id":"https:\/\/www.eldigitaldeasturias.com\/noticias\/como-afectara-el-tlc-entre-la-ue-y-japon-a-las-empresas-espanolas\/#breadcrumblist"},"author":{"@id":"https:\/\/www.eldigitaldeasturias.com\/noticias\/author\/admin\/#author"},"creator":{"@id":"https:\/\/www.eldigitaldeasturias.com\/noticias\/author\/admin\/#author"},"image":{"@type":"ImageObject","url":950520,"@id":"https:\/\/www.eldigitaldeasturias.com\/noticias\/como-afectara-el-tlc-entre-la-ue-y-japon-a-las-empresas-espanolas\/#mainImage"},"primaryImageOfPage":{"@id":"https:\/\/www.eldigitaldeasturias.com\/noticias\/como-afectara-el-tlc-entre-la-ue-y-japon-a-las-empresas-espanolas\/#mainImage"},"datePublished":"2017-08-22T15:35:20+02:00","dateModified":"2017-08-22T15:35:20+02:00"},{"@type":"WebSite","@id":"https:\/\/www.eldigitaldeasturias.com\/noticias\/#website","url":"https:\/\/www.eldigitaldeasturias.com\/noticias\/","name":"El Digital de Asturias - Diario de actualidad y noticias","alternateName":"El Digital de Asturias - Diario de actualidad y noticias","description":"Hemeroteca","inLanguage":"es-ES","publisher":{"@id":"https:\/\/www.eldigitaldeasturias.com\/noticias\/#organization"}}]},"og:locale":"es_ES","og:site_name":"El Digital de Asturias","og:type":"article","og:title":"\u00bfC\u00f3mo afectar\u00e1 el TLC entre la UE y Jap\u00f3n a las empresas espa\u00f1olas? - El Digital de Asturias","og:description":"Hace ya unas semanas que se reunieron representantes de la UE y Jap\u00f3n en Tokio para darle los \u00faltimos retoques a este acuerdo, que puede beneficiar en gran medida a las empresas espa\u00f1olas que pertenecen al sector agr\u00edcola en nuestro pa\u00eds. A cambio, eso s\u00ed, de un precio. \u201cLos intereses de la representante de la","og:url":"https:\/\/www.eldigitaldeasturias.com\/noticias\/como-afectara-el-tlc-entre-la-ue-y-japon-a-las-empresas-espanolas\/","article:tag":["actualidad"],"article:published_time":"2017-08-22T15:35:20+00:00","article:modified_time":"2017-08-22T15:35:20+00:00","article:publisher":"https:\/\/facebook.com\/eldigitaldeasturias","twitter:card":"summary_large_image","twitter:title":"\u00bfC\u00f3mo afectar\u00e1 el TLC entre la UE y Jap\u00f3n a las empresas espa\u00f1olas? - El Digital de Asturias","twitter:description":"Hace ya unas semanas que se reunieron representantes de la UE y Jap\u00f3n en Tokio para darle los \u00faltimos retoques a este acuerdo, que puede beneficiar en gran medida a las empresas espa\u00f1olas que pertenecen al sector agr\u00edcola en nuestro pa\u00eds. A cambio, eso s\u00ed, de un precio. \u201cLos intereses de la representante de la","twitter:image":"https:\/\/www.eldigitaldeasturias.com\/noticias\/wp-content\/uploads\/2020\/12\/EDA-1.jpg","twitter:label1":"Escrito por","twitter:data1":"El Digital de Asturias","twitter:label2":"Tiempo de lectura estimado","twitter:data2":"2 minutos"},"aioseo_meta_data":{"post_id":"950519","title":null,"description":null,"keywords":null,"keyphrases":null,"primary_term":null,"canonical_url":null,"og_title":null,"og_description":null,"og_object_type":"default","og_image_type":"default","og_image_url":null,"og_image_width":null,"og_image_height":null,"og_image_custom_url":null,"og_image_custom_fields":null,"og_video":null,"og_custom_url":null,"og_article_section":null,"og_article_tags":null,"twitter_use_og":false,"twitter_card":"default","twitter_image_type":"default","twitter_image_url":null,"twitter_image_custom_url":null,"twitter_image_custom_fields":null,"twitter_title":null,"twitter_description":null,"schema":{"blockGraphs":[],"customGraphs":[],"default":{"data":{"Article":[],"Course":[],"Dataset":[],"FAQPage":[],"Movie":[],"Person":[],"Product":[],"ProductReview":[],"Car":[],"Recipe":[],"Service":[],"SoftwareApplication":[],"WebPage":[]},"graphName":"","isEnabled":true},"graphs":[],"defaultGraph":"","defaultPostTypeGraph":""},"schema_type":null,"schema_type_options":null,"pillar_content":false,"robots_default":true,"robots_noindex":false,"robots_noarchive":false,"robots_nosnippet":false,"robots_nofollow":false,"robots_noimageindex":false,"robots_noodp":false,"robots_notranslate":false,"robots_max_snippet":null,"robots_max_videopreview":null,"robots_max_imagepreview":"large","priority":null,"frequency":null,"local_seo":null,"seo_analyzer_scan_date":"2025-12-05 16:08:15","breadcrumb_settings":null,"limit_modified_date":false,"open_ai":null,"ai":null,"created":"2020-12-21 12:58:35","updated":"2025-12-05 16:08:15","focus_keyword":null,"additional_keywords":null,"truseo_locale":null},"aioseo_breadcrumb":"<div class=\"aioseo-breadcrumbs\"><span class=\"aioseo-breadcrumb\">\n\t<a href=\"https:\/\/www.eldigitaldeasturias.com\/noticias\" title=\"Home\">Home<\/a>\n<\/span><span class=\"aioseo-breadcrumb-separator\">\u2013<\/span><span class=\"aioseo-breadcrumb\">\n\t<a href=\"https:\/\/www.eldigitaldeasturias.com\/noticias\/category\/actualidad\/\" title=\"Actualidad\">Actualidad<\/a>\n<\/span><span class=\"aioseo-breadcrumb-separator\">\u2013<\/span><span class=\"aioseo-breadcrumb\">\n\t<a href=\"https:\/\/www.eldigitaldeasturias.com\/noticias\/como-afectara-el-tlc-entre-la-ue-y-japon-a-las-empresas-espanolas\/\" title=\"\u00bfC\u00f3mo afectar\u00e1 el TLC entre la UE y Jap\u00f3n a las empresas espa\u00f1olas?\">\u00bfC\u00f3mo afectar\u00e1 el TLC entre la UE y Jap\u00f3n a las empresas espa\u00f1olas?<\/a>\n<\/span><\/div>","aioseo_breadcrumb_json":[{"label":"Home","link":"https:\/\/www.eldigitaldeasturias.com\/noticias"},{"label":"Actualidad","link":"https:\/\/www.eldigitaldeasturias.com\/noticias\/category\/actualidad\/"},{"label":"\u00bfC\u00f3mo afectar\u00e1 el TLC entre la UE y Jap\u00f3n a las empresas espa\u00f1olas?","link":"https:\/\/www.eldigitaldeasturias.com\/noticias\/como-afectara-el-tlc-entre-la-ue-y-japon-a-las-empresas-espanolas\/"}],"_links":{"self":[{"href":"https:\/\/www.eldigitaldeasturias.com\/noticias\/wp-json\/wp\/v2\/posts\/950519","targetHints":{"allow":["GET"]}}],"collection":[{"href":"https:\/\/www.eldigitaldeasturias.com\/noticias\/wp-json\/wp\/v2\/posts"}],"about":[{"href":"https:\/\/www.eldigitaldeasturias.com\/noticias\/wp-json\/wp\/v2\/types\/post"}],"author":[{"embeddable":true,"href":"https:\/\/www.eldigitaldeasturias.com\/noticias\/wp-json\/wp\/v2\/users\/1"}],"replies":[{"embeddable":true,"href":"https:\/\/www.eldigitaldeasturias.com\/noticias\/wp-json\/wp\/v2\/comments?post=950519"}],"version-history":[{"count":0,"href":"https:\/\/www.eldigitaldeasturias.com\/noticias\/wp-json\/wp\/v2\/posts\/950519\/revisions"}],"wp:attachment":[{"href":"https:\/\/www.eldigitaldeasturias.com\/noticias\/wp-json\/wp\/v2\/media?parent=950519"}],"wp:term":[{"taxonomy":"category","embeddable":true,"href":"https:\/\/www.eldigitaldeasturias.com\/noticias\/wp-json\/wp\/v2\/categories?post=950519"},{"taxonomy":"post_tag","embeddable":true,"href":"https:\/\/www.eldigitaldeasturias.com\/noticias\/wp-json\/wp\/v2\/tags?post=950519"}],"curies":[{"name":"wp","href":"https:\/\/api.w.org\/{rel}","templated":true}]}}