{"id":950510,"date":"2017-08-22T15:04:27","date_gmt":"2017-08-22T15:04:27","guid":{"rendered":"http:\/\/www.eldigitaldeasturias.com\/noticias\/?p=950510"},"modified":"2017-08-22T15:04:27","modified_gmt":"2017-08-22T15:04:27","slug":"el-aerodromo-de-santa-cilia-rompe-barreras","status":"publish","type":"post","link":"https:\/\/www.eldigitaldeasturias.com\/noticias\/el-aerodromo-de-santa-cilia-rompe-barreras\/","title":{"rendered":"El Aer\u00f3dromo de Santa Cilia \u2018rompe barreras\u2019"},"content":{"rendered":"<p><img loading=\"lazy\" decoding=\"async\" class=\"alignleft size-medium wp-image-950511\" src=\"https:\/\/www.eldigitaldeasturias.com\/noticias\/wp-content\/uploads\/2017\/08\/santa_cilia-360x159.jpg\" alt=\"\" width=\"360\" height=\"159\" \/>El Aer\u00f3dromo de Santa Cilia, instalaciones del Gobierno de Arag\u00f3n vinculadas a Turismo de Arag\u00f3n, ha sido escenario esta ma\u00f1ana para una nueva actividad de vuelo adaptado, esta vez, con un grupo de la asociaci\u00f3n Temyqye, con lo que consolida su apuesta por romper barreras y se convierte en un referente en el impulso del vuelo sin motor entre las personas con discapacidad f\u00edsica o movilidad reducida.<\/p>\n<p>En esta ocasi\u00f3n, eran 14 los socios de Temyque (Tengo Esclerosis M\u00faltiple \u00bfY Qu\u00e9?) los protagonistas de la iniciativa. En la jornada, a la que acud\u00edan con otros tantos voluntarios, ha estado presente la directora del Instituto Aragon\u00e9s de la Mujer, Natalia Salvo, que ha destacado la importancia de iniciativas como la que se ha desarrollado hoy en el aer\u00f3dromo jacetano.<\/p>\n<p>Salvo ha resaltado la apuesta del Gobierno de Arag\u00f3n por \u201capoyar y poner en valor esta actividad; creemos que hay que construir el mundo a la medida de todas las personas para garantizar el principio de igualdad efectivo\u201d. \u201cEste tipo de actividades ponen el acento en la visibilidad, pero tambi\u00e9n en la necesidad de tender puentes y de romper barreras, que son las que se encuentran sobre todo las personas que tienen alg\u00fan tipo de discapacidad\u201d, ha explicado la directora del Instituto Aragon\u00e9s de la Mujer.<\/p>\n<p>En concreto, este organismo tiene una l\u00ednea abierta para trabajar en todos los \u00e1mbitos relacionados con mujeres y discapacidad. \u201cHemos impulsado un protocolo para trabajar sobre todo lo que tiene que ver con violencia de g\u00e9nero en mujeres con discapacidad\u201d, ha detallado Salvo, con situaciones \u201cabsolutamente invisibilizadas\u201d, y sin olvidar los retos pendientes de accesibilidad y visibilidad. Unas mujeres, las afectadas por alg\u00fan tipo de discapacidad, que son \u201clas que m\u00e1s acusan el desempleo y la discriminaci\u00f3n, que en este caso, es doble\u201d, ha a\u00f1adido.<\/p>\n<p>La falta de socializaci\u00f3n generada en quienes padecen esclerosis, que les lleva a aislarse de forma progresiva, hace que este tipo de actividades resulte muy positivo como terapia. As\u00ed lo ha se\u00f1alado Carmen Arana, presidenta de Temyque, una asociaci\u00f3n con sede en la localidad barcelonesa de Santa Coloma de Gramanet, pero con socios repartidos por toda Espa\u00f1a, cuya labor consiste en ofrecer actividades a los afectados por esta enfermedad -\u00fanica entidad de Espa\u00f1a dedicada a este fin-.<\/p>\n<p>Arana ha dicho que la asociaci\u00f3n pone cada a\u00f1o un proyecto bajo el t\u00edtulo \u201cT\u00f3mate tu tiempo\u201d, con un doble objetivo: que los cuidadores puedan descansar un periodo de tiempo de su labor habitual y que los afectados puedan disfrutar de unas vacaciones que, de otra manera, ser\u00eda imposible hacerlo, \u201cya que la log\u00edstica y el mundo, hoy en d\u00eda, no est\u00e1 accesible para ellos, pues no hay medios econ\u00f3micos ni humanos\u201d, ha se\u00f1alado.<\/p>\n<p>El Aer\u00f3dromo de Santa Cilia, totalmente adaptado para personas con movilidad reducida, ha formado parte, en esta ocasi\u00f3n, de este programa. La asociaci\u00f3n entr\u00f3 en contacto con el Aer\u00f3dromo de Santa Cilia en el Lleida Air Challenge, un encuentro al que Fly Pyr y el Aeroclub Nimbus desplazaron su planeador tipo ASK21, para mostrarlo junto con el stand del aeroclub de Las Sillas Voladoras. Esta acci\u00f3n ten\u00eda la finalidad de dar a conocer todas las posibilidades que ofrece el vuelo sin motor a personas con discapacidad o con movilidad reducida.<\/p>\n<p>Por su parte, el director del Aer\u00f3dromo de Santa Cilia, Luis Ferreira, destacaba que la jornada de este martes se enmarca en el programa que se desarrolla desde el aer\u00f3dromo en los \u00faltimos a\u00f1os, con unas instalaciones perfectas para esta pr\u00e1ctica, un avi\u00f3n adaptado (pr\u00f3ximamente se incorporar\u00e1 otro aparato de estas caracter\u00edsticas) y una apuesta por el trabajo en el mundo de la discapacidad que ha llevado a Santa Cilia a ser uno de los pioneros y un referente europeo en este \u00e1mbito.<\/p>\n<p>\u201cNos apoyamos en un cambio de normativa que ha permitido que gente con alg\u00fan tipo de discapacidad en miembros inferiores pueda volar; no s\u00f3lo disfrutar de un paseo de iniciaci\u00f3n, si no que tienen derecho a obtener su propia licencia de piloto, a pilotar y a llevar pasajeros, incluso\u201d, explica Ferreira.<\/p>\n<p>As\u00ed, no es la primera vez que se realiza este tipo de actividades en el Aer\u00f3dromo de Santa Cilia, que organiz\u00f3 hace unos meses las segundas Jornadas de Vuelo Adaptado, con gran \u00e9xito y en las que participaron medio centenar de personas. Adem\u00e1s, hay que recordar que el aer\u00f3dromo del Gobierno de Arag\u00f3n ofrece la posibilidad de sacar la licencia de vuelo sin motor a personas que tengan problemas de movilidad en sus extremidades inferiores, contando con los elementos adaptados para esta pr\u00e1ctica y con instructores especializados en el trabajo hacia personas con discapacidad o movilidad reducida.<\/p>\n<p>&nbsp;<\/p>\n","protected":false},"excerpt":{"rendered":"<p>El Aer\u00f3dromo de Santa Cilia, instalaciones del Gobierno de Arag\u00f3n vinculadas a Turismo de Arag\u00f3n, ha sido escenario esta ma\u00f1ana para una nueva actividad de vuelo adaptado, esta vez, con un grupo de la asociaci\u00f3n Temyqye, con lo que consolida su apuesta por romper barreras y se convierte en un referente en el impulso del [&hellip;]<\/p>\n","protected":false},"author":1,"featured_media":950511,"comment_status":"closed","ping_status":"closed","sticky":false,"template":"","format":"standard","meta":{"footnotes":""},"categories":[1],"tags":[],"class_list":["post-950510","post","type-post","status-publish","format-standard","has-post-thumbnail","hentry","category-actualidad"],"aioseo_notices":[],"aioseo_head":"\n\t\t<!-- All in One SEO Pro 5.0.1 - aioseo.com -->\n\t<meta name=\"description\" content=\"El Aer\u00f3dromo de Santa Cilia, instalaciones del Gobierno de Arag\u00f3n vinculadas a Turismo de Arag\u00f3n, ha sido escenario esta ma\u00f1ana para una nueva actividad de vuelo adaptado, esta vez, con un grupo de la asociaci\u00f3n Temyqye, con lo que consolida su apuesta por romper barreras y se convierte en un referente en el impulso del\" \/>\n\t<meta name=\"robots\" content=\"max-image-preview:large\" \/>\n\t<meta name=\"author\" content=\"El Digital de Asturias\"\/>\n\t<meta name=\"google-site-verification\" content=\"UA-38556648-1\" \/>\n\t<meta name=\"msvalidate.01\" content=\"7dfe9f3f1b24437ab69f4f2559babe99\" \/>\n\t<meta name=\"keywords\" content=\"actualidad\" \/>\n\t<link rel=\"canonical\" href=\"https:\/\/www.eldigitaldeasturias.com\/noticias\/el-aerodromo-de-santa-cilia-rompe-barreras\/\" \/>\n\t<meta name=\"generator\" content=\"All in One SEO Pro (AIOSEO) 5.0.1\" \/>\n\t\t<meta property=\"og:locale\" content=\"es_ES\" \/>\n\t\t<meta property=\"og:site_name\" content=\"El Digital de Asturias\" \/>\n\t\t<meta property=\"og:type\" content=\"article\" \/>\n\t\t<meta property=\"og:title\" content=\"El Aer\u00f3dromo de Santa Cilia \u2018rompe barreras\u2019 - El Digital de Asturias\" \/>\n\t\t<meta property=\"og:description\" content=\"El Aer\u00f3dromo de Santa Cilia, instalaciones del Gobierno de Arag\u00f3n vinculadas a Turismo de Arag\u00f3n, ha sido escenario esta ma\u00f1ana para una nueva actividad de vuelo adaptado, esta vez, con un grupo de la asociaci\u00f3n Temyqye, con lo que consolida su apuesta por romper barreras y se convierte en un referente en el impulso del\" \/>\n\t\t<meta property=\"og:url\" content=\"https:\/\/www.eldigitaldeasturias.com\/noticias\/el-aerodromo-de-santa-cilia-rompe-barreras\/\" \/>\n\t\t<meta property=\"article:tag\" content=\"actualidad\" \/>\n\t\t<meta property=\"article:published_time\" content=\"2017-08-22T15:04:27+00:00\" \/>\n\t\t<meta property=\"article:modified_time\" content=\"2017-08-22T15:04:27+00:00\" \/>\n\t\t<meta property=\"article:publisher\" content=\"https:\/\/facebook.com\/eldigitaldeasturias\" \/>\n\t\t<meta name=\"twitter:card\" content=\"summary_large_image\" \/>\n\t\t<meta name=\"twitter:title\" content=\"El Aer\u00f3dromo de Santa Cilia \u2018rompe barreras\u2019 - El Digital de Asturias\" \/>\n\t\t<meta name=\"twitter:description\" content=\"El Aer\u00f3dromo de Santa Cilia, instalaciones del Gobierno de Arag\u00f3n vinculadas a Turismo de Arag\u00f3n, ha sido escenario esta ma\u00f1ana para una nueva actividad de vuelo adaptado, esta vez, con un grupo de la asociaci\u00f3n Temyqye, con lo que consolida su apuesta por romper barreras y se convierte en un referente en el impulso del\" \/>\n\t\t<meta name=\"twitter:image\" content=\"https:\/\/www.eldigitaldeasturias.com\/noticias\/wp-content\/uploads\/2020\/12\/EDA-1.jpg\" \/>\n\t\t<meta name=\"twitter:label1\" content=\"Escrito por\" \/>\n\t\t<meta name=\"twitter:data1\" content=\"El Digital de Asturias\" \/>\n\t\t<meta name=\"twitter:label2\" content=\"Tiempo de lectura estimado\" \/>\n\t\t<meta name=\"twitter:data2\" content=\"4 minutos\" \/>\n\t\t<script type=\"application\/ld+json\" class=\"aioseo-schema\">\n\t\t\t{\"@context\":\"https:\\\/\\\/schema.org\",\"@graph\":[{\"@type\":\"BlogPosting\",\"@id\":\"https:\\\/\\\/www.eldigitaldeasturias.com\\\/noticias\\\/el-aerodromo-de-santa-cilia-rompe-barreras\\\/#blogposting\",\"name\":\"El Aer\\u00f3dromo de Santa Cilia \\u2018rompe barreras\\u2019 - El Digital de Asturias\",\"headline\":\"El Aer\\u00f3dromo de Santa Cilia \\u2018rompe barreras\\u2019\",\"author\":{\"@id\":\"https:\\\/\\\/www.eldigitaldeasturias.com\\\/noticias\\\/author\\\/admin\\\/#author\"},\"publisher\":{\"@id\":\"https:\\\/\\\/www.eldigitaldeasturias.com\\\/noticias\\\/#organization\"},\"image\":{\"@type\":\"ImageObject\",\"url\":950511},\"datePublished\":\"2017-08-22T15:04:27+02:00\",\"dateModified\":\"2017-08-22T15:04:27+02:00\",\"inLanguage\":\"es-ES\",\"mainEntityOfPage\":{\"@id\":\"https:\\\/\\\/www.eldigitaldeasturias.com\\\/noticias\\\/el-aerodromo-de-santa-cilia-rompe-barreras\\\/#webpage\"},\"isPartOf\":{\"@id\":\"https:\\\/\\\/www.eldigitaldeasturias.com\\\/noticias\\\/el-aerodromo-de-santa-cilia-rompe-barreras\\\/#webpage\"},\"articleSection\":\"Actualidad\"},{\"@type\":\"BreadcrumbList\",\"@id\":\"https:\\\/\\\/www.eldigitaldeasturias.com\\\/noticias\\\/el-aerodromo-de-santa-cilia-rompe-barreras\\\/#breadcrumblist\",\"itemListElement\":[{\"@type\":\"ListItem\",\"@id\":\"https:\\\/\\\/www.eldigitaldeasturias.com\\\/noticias#listItem\",\"position\":1,\"name\":\"Home\",\"item\":\"https:\\\/\\\/www.eldigitaldeasturias.com\\\/noticias\",\"nextItem\":{\"@type\":\"ListItem\",\"@id\":\"https:\\\/\\\/www.eldigitaldeasturias.com\\\/noticias\\\/category\\\/actualidad\\\/#listItem\",\"name\":\"Actualidad\"}},{\"@type\":\"ListItem\",\"@id\":\"https:\\\/\\\/www.eldigitaldeasturias.com\\\/noticias\\\/category\\\/actualidad\\\/#listItem\",\"position\":2,\"name\":\"Actualidad\",\"item\":\"https:\\\/\\\/www.eldigitaldeasturias.com\\\/noticias\\\/category\\\/actualidad\\\/\",\"nextItem\":{\"@type\":\"ListItem\",\"@id\":\"https:\\\/\\\/www.eldigitaldeasturias.com\\\/noticias\\\/el-aerodromo-de-santa-cilia-rompe-barreras\\\/#listItem\",\"name\":\"El Aer\\u00f3dromo de Santa Cilia \\u2018rompe barreras\\u2019\"},\"previousItem\":{\"@type\":\"ListItem\",\"@id\":\"https:\\\/\\\/www.eldigitaldeasturias.com\\\/noticias#listItem\",\"name\":\"Home\"}},{\"@type\":\"ListItem\",\"@id\":\"https:\\\/\\\/www.eldigitaldeasturias.com\\\/noticias\\\/el-aerodromo-de-santa-cilia-rompe-barreras\\\/#listItem\",\"position\":3,\"name\":\"El Aer\\u00f3dromo de Santa Cilia \\u2018rompe barreras\\u2019\",\"previousItem\":{\"@type\":\"ListItem\",\"@id\":\"https:\\\/\\\/www.eldigitaldeasturias.com\\\/noticias\\\/category\\\/actualidad\\\/#listItem\",\"name\":\"Actualidad\"}}]},{\"@type\":\"Organization\",\"@id\":\"https:\\\/\\\/www.eldigitaldeasturias.com\\\/noticias\\\/#organization\",\"name\":\"El Digital de Asturias\",\"description\":\"Hemeroteca\",\"url\":\"https:\\\/\\\/www.eldigitaldeasturias.com\\\/noticias\\\/\",\"email\":\"info@eldigitaldeasturias.com\",\"telephone\":\"+34652131393\",\"logo\":{\"@type\":\"ImageObject\",\"url\":\"https:\\\/\\\/www.eldigitaldeasturias.com\\\/noticias\\\/wp-content\\\/uploads\\\/2020\\\/12\\\/EDA.jpg\",\"@id\":\"https:\\\/\\\/www.eldigitaldeasturias.com\\\/noticias\\\/el-aerodromo-de-santa-cilia-rompe-barreras\\\/#organizationLogo\"},\"image\":{\"@id\":\"https:\\\/\\\/www.eldigitaldeasturias.com\\\/noticias\\\/el-aerodromo-de-santa-cilia-rompe-barreras\\\/#organizationLogo\"},\"sameAs\":[\"https:\\\/\\\/facebook.com\\\/eldigitaldeasturias\",\"https:\\\/\\\/www.youtube.com\\\/channel\\\/UCZP-2wLEB9Rv6erhFmqVnvg\"],\"address\":{\"@id\":\"https:\\\/\\\/www.eldigitaldeasturias.com\\\/noticias\\\/#postaladdress\",\"@type\":\"PostalAddress\",\"streetAddress\":\"san antonio 4\",\"postalCode\":\"33430\",\"addressLocality\":\"Cand\\u00e1s\",\"addressRegion\":\"Asturias\",\"addressCountry\":\"ES\"}},{\"@type\":\"Person\",\"@id\":\"https:\\\/\\\/www.eldigitaldeasturias.com\\\/noticias\\\/author\\\/admin\\\/#author\",\"url\":\"https:\\\/\\\/www.eldigitaldeasturias.com\\\/noticias\\\/author\\\/admin\\\/\",\"name\":\"El Digital de Asturias\",\"image\":{\"@type\":\"ImageObject\",\"@id\":\"https:\\\/\\\/www.eldigitaldeasturias.com\\\/noticias\\\/el-aerodromo-de-santa-cilia-rompe-barreras\\\/#authorImage\",\"url\":\"https:\\\/\\\/secure.gravatar.com\\\/avatar\\\/df2aeffc32bcd13f8d26072ef8a91b623d677766deac7f97ca815868cd41bf5e?s=96&d=mm&r=g\",\"width\":96,\"height\":96,\"caption\":\"El Digital de Asturias\"}},{\"@type\":\"WebPage\",\"@id\":\"https:\\\/\\\/www.eldigitaldeasturias.com\\\/noticias\\\/el-aerodromo-de-santa-cilia-rompe-barreras\\\/#webpage\",\"url\":\"https:\\\/\\\/www.eldigitaldeasturias.com\\\/noticias\\\/el-aerodromo-de-santa-cilia-rompe-barreras\\\/\",\"name\":\"El Aer\\u00f3dromo de Santa Cilia \\u2018rompe barreras\\u2019 - El Digital de Asturias\",\"description\":\"El Aer\\u00f3dromo de Santa Cilia, instalaciones del Gobierno de Arag\\u00f3n vinculadas a Turismo de Arag\\u00f3n, ha sido escenario esta ma\\u00f1ana para una nueva actividad de vuelo adaptado, esta vez, con un grupo de la asociaci\\u00f3n Temyqye, con lo que consolida su apuesta por romper barreras y se convierte en un referente en el impulso del\",\"inLanguage\":\"es-ES\",\"isPartOf\":{\"@id\":\"https:\\\/\\\/www.eldigitaldeasturias.com\\\/noticias\\\/#website\"},\"breadcrumb\":{\"@id\":\"https:\\\/\\\/www.eldigitaldeasturias.com\\\/noticias\\\/el-aerodromo-de-santa-cilia-rompe-barreras\\\/#breadcrumblist\"},\"author\":{\"@id\":\"https:\\\/\\\/www.eldigitaldeasturias.com\\\/noticias\\\/author\\\/admin\\\/#author\"},\"creator\":{\"@id\":\"https:\\\/\\\/www.eldigitaldeasturias.com\\\/noticias\\\/author\\\/admin\\\/#author\"},\"image\":{\"@type\":\"ImageObject\",\"url\":950511,\"@id\":\"https:\\\/\\\/www.eldigitaldeasturias.com\\\/noticias\\\/el-aerodromo-de-santa-cilia-rompe-barreras\\\/#mainImage\"},\"primaryImageOfPage\":{\"@id\":\"https:\\\/\\\/www.eldigitaldeasturias.com\\\/noticias\\\/el-aerodromo-de-santa-cilia-rompe-barreras\\\/#mainImage\"},\"datePublished\":\"2017-08-22T15:04:27+02:00\",\"dateModified\":\"2017-08-22T15:04:27+02:00\"},{\"@type\":\"WebSite\",\"@id\":\"https:\\\/\\\/www.eldigitaldeasturias.com\\\/noticias\\\/#website\",\"url\":\"https:\\\/\\\/www.eldigitaldeasturias.com\\\/noticias\\\/\",\"name\":\"El Digital de Asturias - Diario de actualidad y noticias\",\"alternateName\":\"El Digital de Asturias - Diario de actualidad y noticias\",\"description\":\"Hemeroteca\",\"inLanguage\":\"es-ES\",\"publisher\":{\"@id\":\"https:\\\/\\\/www.eldigitaldeasturias.com\\\/noticias\\\/#organization\"}}]}\n\t\t<\/script>\n\t\t<!-- All in One SEO Pro -->\r\n\t\t<title>El Aer\u00f3dromo de Santa Cilia \u2018rompe barreras\u2019 - El Digital de Asturias<\/title>\n\n","aioseo_head_json":{"title":"El Aer\u00f3dromo de Santa Cilia \u2018rompe barreras\u2019 - El Digital de Asturias","description":"El Aer\u00f3dromo de Santa Cilia, instalaciones del Gobierno de Arag\u00f3n vinculadas a Turismo de Arag\u00f3n, ha sido escenario esta ma\u00f1ana para una nueva actividad de vuelo adaptado, esta vez, con un grupo de la asociaci\u00f3n Temyqye, con lo que consolida su apuesta por romper barreras y se convierte en un referente en el impulso del","canonical_url":"https:\/\/www.eldigitaldeasturias.com\/noticias\/el-aerodromo-de-santa-cilia-rompe-barreras\/","robots":"max-image-preview:large","keywords":"actualidad","webmasterTools":{"google-site-verification":"UA-38556648-1","msvalidate.01":"7dfe9f3f1b24437ab69f4f2559babe99","miscellaneous":""},"schema":{"@context":"https:\/\/schema.org","@graph":[{"@type":"BlogPosting","@id":"https:\/\/www.eldigitaldeasturias.com\/noticias\/el-aerodromo-de-santa-cilia-rompe-barreras\/#blogposting","name":"El Aer\u00f3dromo de Santa Cilia \u2018rompe barreras\u2019 - El Digital de Asturias","headline":"El Aer\u00f3dromo de Santa Cilia \u2018rompe barreras\u2019","author":{"@id":"https:\/\/www.eldigitaldeasturias.com\/noticias\/author\/admin\/#author"},"publisher":{"@id":"https:\/\/www.eldigitaldeasturias.com\/noticias\/#organization"},"image":{"@type":"ImageObject","url":950511},"datePublished":"2017-08-22T15:04:27+02:00","dateModified":"2017-08-22T15:04:27+02:00","inLanguage":"es-ES","mainEntityOfPage":{"@id":"https:\/\/www.eldigitaldeasturias.com\/noticias\/el-aerodromo-de-santa-cilia-rompe-barreras\/#webpage"},"isPartOf":{"@id":"https:\/\/www.eldigitaldeasturias.com\/noticias\/el-aerodromo-de-santa-cilia-rompe-barreras\/#webpage"},"articleSection":"Actualidad"},{"@type":"BreadcrumbList","@id":"https:\/\/www.eldigitaldeasturias.com\/noticias\/el-aerodromo-de-santa-cilia-rompe-barreras\/#breadcrumblist","itemListElement":[{"@type":"ListItem","@id":"https:\/\/www.eldigitaldeasturias.com\/noticias#listItem","position":1,"name":"Home","item":"https:\/\/www.eldigitaldeasturias.com\/noticias","nextItem":{"@type":"ListItem","@id":"https:\/\/www.eldigitaldeasturias.com\/noticias\/category\/actualidad\/#listItem","name":"Actualidad"}},{"@type":"ListItem","@id":"https:\/\/www.eldigitaldeasturias.com\/noticias\/category\/actualidad\/#listItem","position":2,"name":"Actualidad","item":"https:\/\/www.eldigitaldeasturias.com\/noticias\/category\/actualidad\/","nextItem":{"@type":"ListItem","@id":"https:\/\/www.eldigitaldeasturias.com\/noticias\/el-aerodromo-de-santa-cilia-rompe-barreras\/#listItem","name":"El Aer\u00f3dromo de Santa Cilia \u2018rompe barreras\u2019"},"previousItem":{"@type":"ListItem","@id":"https:\/\/www.eldigitaldeasturias.com\/noticias#listItem","name":"Home"}},{"@type":"ListItem","@id":"https:\/\/www.eldigitaldeasturias.com\/noticias\/el-aerodromo-de-santa-cilia-rompe-barreras\/#listItem","position":3,"name":"El Aer\u00f3dromo de Santa Cilia \u2018rompe barreras\u2019","previousItem":{"@type":"ListItem","@id":"https:\/\/www.eldigitaldeasturias.com\/noticias\/category\/actualidad\/#listItem","name":"Actualidad"}}]},{"@type":"Organization","@id":"https:\/\/www.eldigitaldeasturias.com\/noticias\/#organization","name":"El Digital de Asturias","description":"Hemeroteca","url":"https:\/\/www.eldigitaldeasturias.com\/noticias\/","email":"info@eldigitaldeasturias.com","telephone":"+34652131393","logo":{"@type":"ImageObject","url":"https:\/\/www.eldigitaldeasturias.com\/noticias\/wp-content\/uploads\/2020\/12\/EDA.jpg","@id":"https:\/\/www.eldigitaldeasturias.com\/noticias\/el-aerodromo-de-santa-cilia-rompe-barreras\/#organizationLogo"},"image":{"@id":"https:\/\/www.eldigitaldeasturias.com\/noticias\/el-aerodromo-de-santa-cilia-rompe-barreras\/#organizationLogo"},"sameAs":["https:\/\/facebook.com\/eldigitaldeasturias","https:\/\/www.youtube.com\/channel\/UCZP-2wLEB9Rv6erhFmqVnvg"],"address":{"@id":"https:\/\/www.eldigitaldeasturias.com\/noticias\/#postaladdress","@type":"PostalAddress","streetAddress":"san antonio 4","postalCode":"33430","addressLocality":"Cand\u00e1s","addressRegion":"Asturias","addressCountry":"ES"}},{"@type":"Person","@id":"https:\/\/www.eldigitaldeasturias.com\/noticias\/author\/admin\/#author","url":"https:\/\/www.eldigitaldeasturias.com\/noticias\/author\/admin\/","name":"El Digital de Asturias","image":{"@type":"ImageObject","@id":"https:\/\/www.eldigitaldeasturias.com\/noticias\/el-aerodromo-de-santa-cilia-rompe-barreras\/#authorImage","url":"https:\/\/secure.gravatar.com\/avatar\/df2aeffc32bcd13f8d26072ef8a91b623d677766deac7f97ca815868cd41bf5e?s=96&d=mm&r=g","width":96,"height":96,"caption":"El Digital de Asturias"}},{"@type":"WebPage","@id":"https:\/\/www.eldigitaldeasturias.com\/noticias\/el-aerodromo-de-santa-cilia-rompe-barreras\/#webpage","url":"https:\/\/www.eldigitaldeasturias.com\/noticias\/el-aerodromo-de-santa-cilia-rompe-barreras\/","name":"El Aer\u00f3dromo de Santa Cilia \u2018rompe barreras\u2019 - El Digital de Asturias","description":"El Aer\u00f3dromo de Santa Cilia, instalaciones del Gobierno de Arag\u00f3n vinculadas a Turismo de Arag\u00f3n, ha sido escenario esta ma\u00f1ana para una nueva actividad de vuelo adaptado, esta vez, con un grupo de la asociaci\u00f3n Temyqye, con lo que consolida su apuesta por romper barreras y se convierte en un referente en el impulso del","inLanguage":"es-ES","isPartOf":{"@id":"https:\/\/www.eldigitaldeasturias.com\/noticias\/#website"},"breadcrumb":{"@id":"https:\/\/www.eldigitaldeasturias.com\/noticias\/el-aerodromo-de-santa-cilia-rompe-barreras\/#breadcrumblist"},"author":{"@id":"https:\/\/www.eldigitaldeasturias.com\/noticias\/author\/admin\/#author"},"creator":{"@id":"https:\/\/www.eldigitaldeasturias.com\/noticias\/author\/admin\/#author"},"image":{"@type":"ImageObject","url":950511,"@id":"https:\/\/www.eldigitaldeasturias.com\/noticias\/el-aerodromo-de-santa-cilia-rompe-barreras\/#mainImage"},"primaryImageOfPage":{"@id":"https:\/\/www.eldigitaldeasturias.com\/noticias\/el-aerodromo-de-santa-cilia-rompe-barreras\/#mainImage"},"datePublished":"2017-08-22T15:04:27+02:00","dateModified":"2017-08-22T15:04:27+02:00"},{"@type":"WebSite","@id":"https:\/\/www.eldigitaldeasturias.com\/noticias\/#website","url":"https:\/\/www.eldigitaldeasturias.com\/noticias\/","name":"El Digital de Asturias - Diario de actualidad y noticias","alternateName":"El Digital de Asturias - Diario de actualidad y noticias","description":"Hemeroteca","inLanguage":"es-ES","publisher":{"@id":"https:\/\/www.eldigitaldeasturias.com\/noticias\/#organization"}}]},"og:locale":"es_ES","og:site_name":"El Digital de Asturias","og:type":"article","og:title":"El Aer\u00f3dromo de Santa Cilia \u2018rompe barreras\u2019 - El Digital de Asturias","og:description":"El Aer\u00f3dromo de Santa Cilia, instalaciones del Gobierno de Arag\u00f3n vinculadas a Turismo de Arag\u00f3n, ha sido escenario esta ma\u00f1ana para una nueva actividad de vuelo adaptado, esta vez, con un grupo de la asociaci\u00f3n Temyqye, con lo que consolida su apuesta por romper barreras y se convierte en un referente en el impulso del","og:url":"https:\/\/www.eldigitaldeasturias.com\/noticias\/el-aerodromo-de-santa-cilia-rompe-barreras\/","article:tag":["actualidad"],"article:published_time":"2017-08-22T15:04:27+00:00","article:modified_time":"2017-08-22T15:04:27+00:00","article:publisher":"https:\/\/facebook.com\/eldigitaldeasturias","twitter:card":"summary_large_image","twitter:title":"El Aer\u00f3dromo de Santa Cilia \u2018rompe barreras\u2019 - El Digital de Asturias","twitter:description":"El Aer\u00f3dromo de Santa Cilia, instalaciones del Gobierno de Arag\u00f3n vinculadas a Turismo de Arag\u00f3n, ha sido escenario esta ma\u00f1ana para una nueva actividad de vuelo adaptado, esta vez, con un grupo de la asociaci\u00f3n Temyqye, con lo que consolida su apuesta por romper barreras y se convierte en un referente en el impulso del","twitter:image":"https:\/\/www.eldigitaldeasturias.com\/noticias\/wp-content\/uploads\/2020\/12\/EDA-1.jpg","twitter:label1":"Escrito por","twitter:data1":"El Digital de Asturias","twitter:label2":"Tiempo de lectura estimado","twitter:data2":"4 minutos"},"aioseo_meta_data":{"post_id":"950510","title":null,"description":null,"keywords":null,"keyphrases":null,"primary_term":null,"canonical_url":null,"og_title":null,"og_description":null,"og_object_type":"default","og_image_type":"default","og_image_url":null,"og_image_width":null,"og_image_height":null,"og_image_custom_url":null,"og_image_custom_fields":null,"og_video":null,"og_custom_url":null,"og_article_section":null,"og_article_tags":null,"twitter_use_og":false,"twitter_card":"default","twitter_image_type":"default","twitter_image_url":null,"twitter_image_custom_url":null,"twitter_image_custom_fields":null,"twitter_title":null,"twitter_description":null,"schema":{"blockGraphs":[],"customGraphs":[],"default":{"data":{"Article":[],"Course":[],"Dataset":[],"FAQPage":[],"Movie":[],"Person":[],"Product":[],"ProductReview":[],"Car":[],"Recipe":[],"Service":[],"SoftwareApplication":[],"WebPage":[]},"graphName":"","isEnabled":true},"graphs":[],"defaultGraph":"","defaultPostTypeGraph":""},"schema_type":null,"schema_type_options":null,"pillar_content":false,"robots_default":true,"robots_noindex":false,"robots_noarchive":false,"robots_nosnippet":false,"robots_nofollow":false,"robots_noimageindex":false,"robots_noodp":false,"robots_notranslate":false,"robots_max_snippet":null,"robots_max_videopreview":null,"robots_max_imagepreview":"large","priority":null,"frequency":null,"local_seo":null,"seo_analyzer_scan_date":"2025-12-05 16:08:13","breadcrumb_settings":null,"limit_modified_date":false,"open_ai":null,"ai":null,"created":"2020-12-21 12:58:35","updated":"2025-12-05 16:08:13","focus_keyword":null,"additional_keywords":null,"truseo_locale":null},"aioseo_breadcrumb":"<div class=\"aioseo-breadcrumbs\"><span class=\"aioseo-breadcrumb\">\n\t<a href=\"https:\/\/www.eldigitaldeasturias.com\/noticias\" title=\"Home\">Home<\/a>\n<\/span><span class=\"aioseo-breadcrumb-separator\">\u2013<\/span><span class=\"aioseo-breadcrumb\">\n\t<a href=\"https:\/\/www.eldigitaldeasturias.com\/noticias\/category\/actualidad\/\" title=\"Actualidad\">Actualidad<\/a>\n<\/span><span class=\"aioseo-breadcrumb-separator\">\u2013<\/span><span class=\"aioseo-breadcrumb\">\n\t<a href=\"https:\/\/www.eldigitaldeasturias.com\/noticias\/el-aerodromo-de-santa-cilia-rompe-barreras\/\" title=\"El Aer\u00f3dromo de Santa Cilia \u2018rompe barreras\u2019\">El Aer\u00f3dromo de Santa Cilia \u2018rompe barreras\u2019<\/a>\n<\/span><\/div>","aioseo_breadcrumb_json":[{"label":"Home","link":"https:\/\/www.eldigitaldeasturias.com\/noticias"},{"label":"Actualidad","link":"https:\/\/www.eldigitaldeasturias.com\/noticias\/category\/actualidad\/"},{"label":"El Aer\u00f3dromo de Santa Cilia \u2018rompe barreras\u2019","link":"https:\/\/www.eldigitaldeasturias.com\/noticias\/el-aerodromo-de-santa-cilia-rompe-barreras\/"}],"_links":{"self":[{"href":"https:\/\/www.eldigitaldeasturias.com\/noticias\/wp-json\/wp\/v2\/posts\/950510","targetHints":{"allow":["GET"]}}],"collection":[{"href":"https:\/\/www.eldigitaldeasturias.com\/noticias\/wp-json\/wp\/v2\/posts"}],"about":[{"href":"https:\/\/www.eldigitaldeasturias.com\/noticias\/wp-json\/wp\/v2\/types\/post"}],"author":[{"embeddable":true,"href":"https:\/\/www.eldigitaldeasturias.com\/noticias\/wp-json\/wp\/v2\/users\/1"}],"replies":[{"embeddable":true,"href":"https:\/\/www.eldigitaldeasturias.com\/noticias\/wp-json\/wp\/v2\/comments?post=950510"}],"version-history":[{"count":0,"href":"https:\/\/www.eldigitaldeasturias.com\/noticias\/wp-json\/wp\/v2\/posts\/950510\/revisions"}],"wp:attachment":[{"href":"https:\/\/www.eldigitaldeasturias.com\/noticias\/wp-json\/wp\/v2\/media?parent=950510"}],"wp:term":[{"taxonomy":"category","embeddable":true,"href":"https:\/\/www.eldigitaldeasturias.com\/noticias\/wp-json\/wp\/v2\/categories?post=950510"},{"taxonomy":"post_tag","embeddable":true,"href":"https:\/\/www.eldigitaldeasturias.com\/noticias\/wp-json\/wp\/v2\/tags?post=950510"}],"curies":[{"name":"wp","href":"https:\/\/api.w.org\/{rel}","templated":true}]}}