{"id":950497,"date":"2017-08-21T19:18:21","date_gmt":"2017-08-21T19:18:21","guid":{"rendered":"http:\/\/www.eldigitaldeasturias.com\/noticias\/?p=950497"},"modified":"2017-08-21T19:18:21","modified_gmt":"2017-08-21T19:18:21","slug":"el-verano-dispara-las-ventas-de-las-parafarmacias-online","status":"publish","type":"post","link":"https:\/\/www.eldigitaldeasturias.com\/noticias\/el-verano-dispara-las-ventas-de-las-parafarmacias-online\/","title":{"rendered":"El verano dispara las ventas de las parafarmacias online"},"content":{"rendered":"<p><img loading=\"lazy\" decoding=\"async\" class=\"alignleft size-medium wp-image-950498\" src=\"https:\/\/www.eldigitaldeasturias.com\/noticias\/wp-content\/uploads\/2017\/08\/mimaos-360x240.jpg\" alt=\"\" width=\"360\" height=\"240\" \/>Internet y el auge de las compras online han supuesto toda una revoluci\u00f3n para muchos sectores comerciales. Si adem\u00e1s a\u00f1adimos que las diferentes estaciones del a\u00f1o disparan o reducen las ventas de determinados productos, podemos confirmar con rotundidad que e<strong>l sector de la belleza es uno de los grandes beneficiados del territorio online durante los meses de verano.<\/strong><\/p>\n<p>Y es que productos de belleza y cosm\u00e9ticos los hay de muchos tipos, pero es la <strong>venta de cremas solares, maquillaje especial de verano <\/strong>o productos para combatir el olor causado por la sudoraci\u00f3n excesiva los que triunfan durante los meses de julio, agosto y septiembre.<\/p>\n<p><strong>Cuidado solar para unos, beneficios para otros<\/strong><\/p>\n<p>Los efectos nocivos de la radiaci\u00f3n solar sobre piel y cabello y las abundantes alertas m\u00e9dicas sobre este tema han servido para concienciar a una poblaci\u00f3n que, ya en un alto porcentaje, se ha acostumbrado a <strong>gastar dinero en productos de protecci\u00f3n solar. <\/strong>Hay tantas marcas y tipos de cremas solares que incluso resulta un quebradero de cabeza para el consumidor comprar el producto adecuado para su piel.<\/p>\n<p>Y es que, adem\u00e1s de <strong>fijarnos en el SPF o factor de protecci\u00f3n<\/strong> resulta de vital importancia y en algunos casos prestar atenci\u00f3n a la<strong> presencia de alcohol o parabenos<\/strong>. Otros consumidores de protecci\u00f3n solar deben tener en cuenta si los productos est\u00e1n indicados para su tipo de piel, sobre cuando hablamos de pieles at\u00f3picas, irritadas o sensibles.<\/p>\n<p>Otras cremas solares llevan adem\u00e1s un color determinado o<strong> alg\u00fan tipo de componente enfocado a incrementar el oscurecimiento de la piel<\/strong> (lo que conocemos como \u201cmoreno\u201d) La zanahoria es el m\u00e1s habitual, pero este tipo de cremas solares no suelen llevar un factor de protecci\u00f3n lo suficientemente alto y, en general, no suelen estar recomendadas por los dermat\u00f3logos expertos, que siguen insistiendo en que con un SPF alto tambi\u00e9n es posible \u201cponerse moreno\u201d e incluso conservar esa pigmentaci\u00f3n m\u00e1s oscura durante m\u00e1s tiempo, siempre que se lleve a cabo la debida hidrataci\u00f3n.<\/p>\n<p>Las cremas solares para ni\u00f1os y beb\u00e9s tambi\u00e9n tienen una importante presencia en la cesta de la compra del consumidor veraniego. En este caso, no es habitual regirse tanto por el precio y s\u00ed por la calidad de la crema y el factor de protecci\u00f3n.<\/p>\n<p>El hecho de que ahora sea posible comprar este tipo de productos en parafarmacias online como <a href=\"https:\/\/mimaos.com\/\" target=\"_blank\" rel=\"noopener\"><span style=\"color: #ff0000;\"><strong>mimaos<span style=\"color: #ff0000;\">.<\/span><\/strong><strong>com<\/strong><\/span><\/a> incita al consumidor a leer los detalles y caracter\u00edsticas d ellos productos, puesto que no tiene que pararse en la tienda, ver c\u00f3mo aumentan las colas, etc. Desde el sof\u00e1 de su casa y <strong>en un simple clic puede comprar todos los productos de belleza<\/strong> y protectores solares que necesite para todo el verano y aprovechar adem\u00e1s los descuentos online de este tipo de tiendas.<\/p>\n<p><strong>Otros productos del sector belleza-bienestar<\/strong><\/p>\n<p>Y si las cremas del \u00e1rea del cuidado solar son casi una obligaci\u00f3n en la cesta de la compra veraniega tambi\u00e9n lo son los<strong> productos anti-estr\u00edas, anticelul\u00edticos <\/strong>y todos aquellos que tengan que ver con la mejora de la apariencia f\u00edsica corporal.<\/p>\n<p>Adem\u00e1s, los maquillajes especiales para el verano y otros productos b\u00e1sicos de higiene, salud, nutrici\u00f3n y diet\u00e9tica son cada vez m\u00e1s vendidos a trav\u00e9s de las parafarmacias online.<\/p>\n<p>En definitiva, existen muchos productos del sector del bienestar y la belleza que incrementan sus cifras de ventas durante la estaci\u00f3n veraniega, pero lo mismo ocurre con otros tantos productos que , a partir de septiembre, comenzar\u00e1n a demandarse en mayor medida. El hecho de que ahora est\u00e9n disponibles en territorio digital facilita las b\u00fasquedas y las compras de los consumidores que quieren gran variedad de producto, rapidez en la entrega y precios econ\u00f3micos: <strong>los productos de las parafarmacias online re\u00fanen todos esos requisitos.<\/strong><\/p>\n<p>&nbsp;<\/p>\n","protected":false},"excerpt":{"rendered":"<p>Internet y el auge de las compras online han supuesto toda una revoluci\u00f3n para muchos sectores comerciales. Si adem\u00e1s a\u00f1adimos que las diferentes estaciones del a\u00f1o disparan o reducen las ventas de determinados productos, podemos confirmar con rotundidad que el sector de la belleza es uno de los grandes beneficiados del territorio online durante los [&hellip;]<\/p>\n","protected":false},"author":1,"featured_media":950498,"comment_status":"closed","ping_status":"closed","sticky":false,"template":"","format":"standard","meta":{"footnotes":""},"categories":[1],"tags":[],"class_list":["post-950497","post","type-post","status-publish","format-standard","has-post-thumbnail","hentry","category-actualidad"],"aioseo_notices":[],"aioseo_head":"\n\t\t<!-- All in One SEO Pro 5.0.1 - aioseo.com -->\n\t<meta name=\"description\" content=\"Internet y el auge de las compras online han supuesto toda una revoluci\u00f3n para muchos sectores comerciales. Si adem\u00e1s a\u00f1adimos que las diferentes estaciones del a\u00f1o disparan o reducen las ventas de determinados productos, podemos confirmar con rotundidad que el sector de la belleza es uno de los grandes beneficiados del territorio online durante los\" \/>\n\t<meta name=\"robots\" content=\"max-image-preview:large\" \/>\n\t<meta name=\"author\" content=\"El Digital de Asturias\"\/>\n\t<meta name=\"google-site-verification\" content=\"UA-38556648-1\" \/>\n\t<meta name=\"msvalidate.01\" content=\"7dfe9f3f1b24437ab69f4f2559babe99\" \/>\n\t<meta name=\"keywords\" content=\"actualidad\" \/>\n\t<link rel=\"canonical\" href=\"https:\/\/www.eldigitaldeasturias.com\/noticias\/el-verano-dispara-las-ventas-de-las-parafarmacias-online\/\" \/>\n\t<meta name=\"generator\" content=\"All in One SEO Pro (AIOSEO) 5.0.1\" \/>\n\t\t<meta property=\"og:locale\" content=\"es_ES\" \/>\n\t\t<meta property=\"og:site_name\" content=\"El Digital de Asturias\" \/>\n\t\t<meta property=\"og:type\" content=\"article\" \/>\n\t\t<meta property=\"og:title\" content=\"El verano dispara las ventas de las parafarmacias online - El Digital de Asturias\" \/>\n\t\t<meta property=\"og:description\" content=\"Internet y el auge de las compras online han supuesto toda una revoluci\u00f3n para muchos sectores comerciales. Si adem\u00e1s a\u00f1adimos que las diferentes estaciones del a\u00f1o disparan o reducen las ventas de determinados productos, podemos confirmar con rotundidad que el sector de la belleza es uno de los grandes beneficiados del territorio online durante los\" \/>\n\t\t<meta property=\"og:url\" content=\"https:\/\/www.eldigitaldeasturias.com\/noticias\/el-verano-dispara-las-ventas-de-las-parafarmacias-online\/\" \/>\n\t\t<meta property=\"article:tag\" content=\"actualidad\" \/>\n\t\t<meta property=\"article:published_time\" content=\"2017-08-21T19:18:21+00:00\" \/>\n\t\t<meta property=\"article:modified_time\" content=\"2017-08-21T19:18:21+00:00\" \/>\n\t\t<meta property=\"article:publisher\" content=\"https:\/\/facebook.com\/eldigitaldeasturias\" \/>\n\t\t<meta name=\"twitter:card\" content=\"summary_large_image\" \/>\n\t\t<meta name=\"twitter:title\" content=\"El verano dispara las ventas de las parafarmacias online - El Digital de Asturias\" \/>\n\t\t<meta name=\"twitter:description\" content=\"Internet y el auge de las compras online han supuesto toda una revoluci\u00f3n para muchos sectores comerciales. Si adem\u00e1s a\u00f1adimos que las diferentes estaciones del a\u00f1o disparan o reducen las ventas de determinados productos, podemos confirmar con rotundidad que el sector de la belleza es uno de los grandes beneficiados del territorio online durante los\" \/>\n\t\t<meta name=\"twitter:image\" content=\"https:\/\/www.eldigitaldeasturias.com\/noticias\/wp-content\/uploads\/2020\/12\/EDA-1.jpg\" \/>\n\t\t<meta name=\"twitter:label1\" content=\"Escrito por\" \/>\n\t\t<meta name=\"twitter:data1\" content=\"El Digital de Asturias\" \/>\n\t\t<meta name=\"twitter:label2\" content=\"Tiempo de lectura estimado\" \/>\n\t\t<meta name=\"twitter:data2\" content=\"3 minutos\" \/>\n\t\t<script type=\"application\/ld+json\" class=\"aioseo-schema\">\n\t\t\t{\"@context\":\"https:\\\/\\\/schema.org\",\"@graph\":[{\"@type\":\"BlogPosting\",\"@id\":\"https:\\\/\\\/www.eldigitaldeasturias.com\\\/noticias\\\/el-verano-dispara-las-ventas-de-las-parafarmacias-online\\\/#blogposting\",\"name\":\"El verano dispara las ventas de las parafarmacias online - El Digital de Asturias\",\"headline\":\"El verano dispara las ventas de las parafarmacias online\",\"author\":{\"@id\":\"https:\\\/\\\/www.eldigitaldeasturias.com\\\/noticias\\\/author\\\/admin\\\/#author\"},\"publisher\":{\"@id\":\"https:\\\/\\\/www.eldigitaldeasturias.com\\\/noticias\\\/#organization\"},\"image\":{\"@type\":\"ImageObject\",\"url\":950498},\"datePublished\":\"2017-08-21T19:18:21+02:00\",\"dateModified\":\"2017-08-21T19:18:21+02:00\",\"inLanguage\":\"es-ES\",\"mainEntityOfPage\":{\"@id\":\"https:\\\/\\\/www.eldigitaldeasturias.com\\\/noticias\\\/el-verano-dispara-las-ventas-de-las-parafarmacias-online\\\/#webpage\"},\"isPartOf\":{\"@id\":\"https:\\\/\\\/www.eldigitaldeasturias.com\\\/noticias\\\/el-verano-dispara-las-ventas-de-las-parafarmacias-online\\\/#webpage\"},\"articleSection\":\"Actualidad\"},{\"@type\":\"BreadcrumbList\",\"@id\":\"https:\\\/\\\/www.eldigitaldeasturias.com\\\/noticias\\\/el-verano-dispara-las-ventas-de-las-parafarmacias-online\\\/#breadcrumblist\",\"itemListElement\":[{\"@type\":\"ListItem\",\"@id\":\"https:\\\/\\\/www.eldigitaldeasturias.com\\\/noticias#listItem\",\"position\":1,\"name\":\"Home\",\"item\":\"https:\\\/\\\/www.eldigitaldeasturias.com\\\/noticias\",\"nextItem\":{\"@type\":\"ListItem\",\"@id\":\"https:\\\/\\\/www.eldigitaldeasturias.com\\\/noticias\\\/category\\\/actualidad\\\/#listItem\",\"name\":\"Actualidad\"}},{\"@type\":\"ListItem\",\"@id\":\"https:\\\/\\\/www.eldigitaldeasturias.com\\\/noticias\\\/category\\\/actualidad\\\/#listItem\",\"position\":2,\"name\":\"Actualidad\",\"item\":\"https:\\\/\\\/www.eldigitaldeasturias.com\\\/noticias\\\/category\\\/actualidad\\\/\",\"nextItem\":{\"@type\":\"ListItem\",\"@id\":\"https:\\\/\\\/www.eldigitaldeasturias.com\\\/noticias\\\/el-verano-dispara-las-ventas-de-las-parafarmacias-online\\\/#listItem\",\"name\":\"El verano dispara las ventas de las parafarmacias online\"},\"previousItem\":{\"@type\":\"ListItem\",\"@id\":\"https:\\\/\\\/www.eldigitaldeasturias.com\\\/noticias#listItem\",\"name\":\"Home\"}},{\"@type\":\"ListItem\",\"@id\":\"https:\\\/\\\/www.eldigitaldeasturias.com\\\/noticias\\\/el-verano-dispara-las-ventas-de-las-parafarmacias-online\\\/#listItem\",\"position\":3,\"name\":\"El verano dispara las ventas de las parafarmacias online\",\"previousItem\":{\"@type\":\"ListItem\",\"@id\":\"https:\\\/\\\/www.eldigitaldeasturias.com\\\/noticias\\\/category\\\/actualidad\\\/#listItem\",\"name\":\"Actualidad\"}}]},{\"@type\":\"Organization\",\"@id\":\"https:\\\/\\\/www.eldigitaldeasturias.com\\\/noticias\\\/#organization\",\"name\":\"El Digital de Asturias\",\"description\":\"Hemeroteca\",\"url\":\"https:\\\/\\\/www.eldigitaldeasturias.com\\\/noticias\\\/\",\"email\":\"info@eldigitaldeasturias.com\",\"telephone\":\"+34652131393\",\"logo\":{\"@type\":\"ImageObject\",\"url\":\"https:\\\/\\\/www.eldigitaldeasturias.com\\\/noticias\\\/wp-content\\\/uploads\\\/2020\\\/12\\\/EDA.jpg\",\"@id\":\"https:\\\/\\\/www.eldigitaldeasturias.com\\\/noticias\\\/el-verano-dispara-las-ventas-de-las-parafarmacias-online\\\/#organizationLogo\"},\"image\":{\"@id\":\"https:\\\/\\\/www.eldigitaldeasturias.com\\\/noticias\\\/el-verano-dispara-las-ventas-de-las-parafarmacias-online\\\/#organizationLogo\"},\"sameAs\":[\"https:\\\/\\\/facebook.com\\\/eldigitaldeasturias\",\"https:\\\/\\\/www.youtube.com\\\/channel\\\/UCZP-2wLEB9Rv6erhFmqVnvg\"],\"address\":{\"@id\":\"https:\\\/\\\/www.eldigitaldeasturias.com\\\/noticias\\\/#postaladdress\",\"@type\":\"PostalAddress\",\"streetAddress\":\"san antonio 4\",\"postalCode\":\"33430\",\"addressLocality\":\"Cand\\u00e1s\",\"addressRegion\":\"Asturias\",\"addressCountry\":\"ES\"}},{\"@type\":\"Person\",\"@id\":\"https:\\\/\\\/www.eldigitaldeasturias.com\\\/noticias\\\/author\\\/admin\\\/#author\",\"url\":\"https:\\\/\\\/www.eldigitaldeasturias.com\\\/noticias\\\/author\\\/admin\\\/\",\"name\":\"El Digital de Asturias\",\"image\":{\"@type\":\"ImageObject\",\"@id\":\"https:\\\/\\\/www.eldigitaldeasturias.com\\\/noticias\\\/el-verano-dispara-las-ventas-de-las-parafarmacias-online\\\/#authorImage\",\"url\":\"https:\\\/\\\/secure.gravatar.com\\\/avatar\\\/df2aeffc32bcd13f8d26072ef8a91b623d677766deac7f97ca815868cd41bf5e?s=96&d=mm&r=g\",\"width\":96,\"height\":96,\"caption\":\"El Digital de Asturias\"}},{\"@type\":\"WebPage\",\"@id\":\"https:\\\/\\\/www.eldigitaldeasturias.com\\\/noticias\\\/el-verano-dispara-las-ventas-de-las-parafarmacias-online\\\/#webpage\",\"url\":\"https:\\\/\\\/www.eldigitaldeasturias.com\\\/noticias\\\/el-verano-dispara-las-ventas-de-las-parafarmacias-online\\\/\",\"name\":\"El verano dispara las ventas de las parafarmacias online - El Digital de Asturias\",\"description\":\"Internet y el auge de las compras online han supuesto toda una revoluci\\u00f3n para muchos sectores comerciales. Si adem\\u00e1s a\\u00f1adimos que las diferentes estaciones del a\\u00f1o disparan o reducen las ventas de determinados productos, podemos confirmar con rotundidad que el sector de la belleza es uno de los grandes beneficiados del territorio online durante los\",\"inLanguage\":\"es-ES\",\"isPartOf\":{\"@id\":\"https:\\\/\\\/www.eldigitaldeasturias.com\\\/noticias\\\/#website\"},\"breadcrumb\":{\"@id\":\"https:\\\/\\\/www.eldigitaldeasturias.com\\\/noticias\\\/el-verano-dispara-las-ventas-de-las-parafarmacias-online\\\/#breadcrumblist\"},\"author\":{\"@id\":\"https:\\\/\\\/www.eldigitaldeasturias.com\\\/noticias\\\/author\\\/admin\\\/#author\"},\"creator\":{\"@id\":\"https:\\\/\\\/www.eldigitaldeasturias.com\\\/noticias\\\/author\\\/admin\\\/#author\"},\"image\":{\"@type\":\"ImageObject\",\"url\":950498,\"@id\":\"https:\\\/\\\/www.eldigitaldeasturias.com\\\/noticias\\\/el-verano-dispara-las-ventas-de-las-parafarmacias-online\\\/#mainImage\"},\"primaryImageOfPage\":{\"@id\":\"https:\\\/\\\/www.eldigitaldeasturias.com\\\/noticias\\\/el-verano-dispara-las-ventas-de-las-parafarmacias-online\\\/#mainImage\"},\"datePublished\":\"2017-08-21T19:18:21+02:00\",\"dateModified\":\"2017-08-21T19:18:21+02:00\"},{\"@type\":\"WebSite\",\"@id\":\"https:\\\/\\\/www.eldigitaldeasturias.com\\\/noticias\\\/#website\",\"url\":\"https:\\\/\\\/www.eldigitaldeasturias.com\\\/noticias\\\/\",\"name\":\"El Digital de Asturias - Diario de actualidad y noticias\",\"alternateName\":\"El Digital de Asturias - Diario de actualidad y noticias\",\"description\":\"Hemeroteca\",\"inLanguage\":\"es-ES\",\"publisher\":{\"@id\":\"https:\\\/\\\/www.eldigitaldeasturias.com\\\/noticias\\\/#organization\"}}]}\n\t\t<\/script>\n\t\t<!-- All in One SEO Pro -->\r\n\t\t<title>El verano dispara las ventas de las parafarmacias online - El Digital de Asturias<\/title>\n\n","aioseo_head_json":{"title":"El verano dispara las ventas de las parafarmacias online - El Digital de Asturias","description":"Internet y el auge de las compras online han supuesto toda una revoluci\u00f3n para muchos sectores comerciales. Si adem\u00e1s a\u00f1adimos que las diferentes estaciones del a\u00f1o disparan o reducen las ventas de determinados productos, podemos confirmar con rotundidad que el sector de la belleza es uno de los grandes beneficiados del territorio online durante los","canonical_url":"https:\/\/www.eldigitaldeasturias.com\/noticias\/el-verano-dispara-las-ventas-de-las-parafarmacias-online\/","robots":"max-image-preview:large","keywords":"actualidad","webmasterTools":{"google-site-verification":"UA-38556648-1","msvalidate.01":"7dfe9f3f1b24437ab69f4f2559babe99","miscellaneous":""},"schema":{"@context":"https:\/\/schema.org","@graph":[{"@type":"BlogPosting","@id":"https:\/\/www.eldigitaldeasturias.com\/noticias\/el-verano-dispara-las-ventas-de-las-parafarmacias-online\/#blogposting","name":"El verano dispara las ventas de las parafarmacias online - El Digital de Asturias","headline":"El verano dispara las ventas de las parafarmacias online","author":{"@id":"https:\/\/www.eldigitaldeasturias.com\/noticias\/author\/admin\/#author"},"publisher":{"@id":"https:\/\/www.eldigitaldeasturias.com\/noticias\/#organization"},"image":{"@type":"ImageObject","url":950498},"datePublished":"2017-08-21T19:18:21+02:00","dateModified":"2017-08-21T19:18:21+02:00","inLanguage":"es-ES","mainEntityOfPage":{"@id":"https:\/\/www.eldigitaldeasturias.com\/noticias\/el-verano-dispara-las-ventas-de-las-parafarmacias-online\/#webpage"},"isPartOf":{"@id":"https:\/\/www.eldigitaldeasturias.com\/noticias\/el-verano-dispara-las-ventas-de-las-parafarmacias-online\/#webpage"},"articleSection":"Actualidad"},{"@type":"BreadcrumbList","@id":"https:\/\/www.eldigitaldeasturias.com\/noticias\/el-verano-dispara-las-ventas-de-las-parafarmacias-online\/#breadcrumblist","itemListElement":[{"@type":"ListItem","@id":"https:\/\/www.eldigitaldeasturias.com\/noticias#listItem","position":1,"name":"Home","item":"https:\/\/www.eldigitaldeasturias.com\/noticias","nextItem":{"@type":"ListItem","@id":"https:\/\/www.eldigitaldeasturias.com\/noticias\/category\/actualidad\/#listItem","name":"Actualidad"}},{"@type":"ListItem","@id":"https:\/\/www.eldigitaldeasturias.com\/noticias\/category\/actualidad\/#listItem","position":2,"name":"Actualidad","item":"https:\/\/www.eldigitaldeasturias.com\/noticias\/category\/actualidad\/","nextItem":{"@type":"ListItem","@id":"https:\/\/www.eldigitaldeasturias.com\/noticias\/el-verano-dispara-las-ventas-de-las-parafarmacias-online\/#listItem","name":"El verano dispara las ventas de las parafarmacias online"},"previousItem":{"@type":"ListItem","@id":"https:\/\/www.eldigitaldeasturias.com\/noticias#listItem","name":"Home"}},{"@type":"ListItem","@id":"https:\/\/www.eldigitaldeasturias.com\/noticias\/el-verano-dispara-las-ventas-de-las-parafarmacias-online\/#listItem","position":3,"name":"El verano dispara las ventas de las parafarmacias online","previousItem":{"@type":"ListItem","@id":"https:\/\/www.eldigitaldeasturias.com\/noticias\/category\/actualidad\/#listItem","name":"Actualidad"}}]},{"@type":"Organization","@id":"https:\/\/www.eldigitaldeasturias.com\/noticias\/#organization","name":"El Digital de Asturias","description":"Hemeroteca","url":"https:\/\/www.eldigitaldeasturias.com\/noticias\/","email":"info@eldigitaldeasturias.com","telephone":"+34652131393","logo":{"@type":"ImageObject","url":"https:\/\/www.eldigitaldeasturias.com\/noticias\/wp-content\/uploads\/2020\/12\/EDA.jpg","@id":"https:\/\/www.eldigitaldeasturias.com\/noticias\/el-verano-dispara-las-ventas-de-las-parafarmacias-online\/#organizationLogo"},"image":{"@id":"https:\/\/www.eldigitaldeasturias.com\/noticias\/el-verano-dispara-las-ventas-de-las-parafarmacias-online\/#organizationLogo"},"sameAs":["https:\/\/facebook.com\/eldigitaldeasturias","https:\/\/www.youtube.com\/channel\/UCZP-2wLEB9Rv6erhFmqVnvg"],"address":{"@id":"https:\/\/www.eldigitaldeasturias.com\/noticias\/#postaladdress","@type":"PostalAddress","streetAddress":"san antonio 4","postalCode":"33430","addressLocality":"Cand\u00e1s","addressRegion":"Asturias","addressCountry":"ES"}},{"@type":"Person","@id":"https:\/\/www.eldigitaldeasturias.com\/noticias\/author\/admin\/#author","url":"https:\/\/www.eldigitaldeasturias.com\/noticias\/author\/admin\/","name":"El Digital de Asturias","image":{"@type":"ImageObject","@id":"https:\/\/www.eldigitaldeasturias.com\/noticias\/el-verano-dispara-las-ventas-de-las-parafarmacias-online\/#authorImage","url":"https:\/\/secure.gravatar.com\/avatar\/df2aeffc32bcd13f8d26072ef8a91b623d677766deac7f97ca815868cd41bf5e?s=96&d=mm&r=g","width":96,"height":96,"caption":"El Digital de Asturias"}},{"@type":"WebPage","@id":"https:\/\/www.eldigitaldeasturias.com\/noticias\/el-verano-dispara-las-ventas-de-las-parafarmacias-online\/#webpage","url":"https:\/\/www.eldigitaldeasturias.com\/noticias\/el-verano-dispara-las-ventas-de-las-parafarmacias-online\/","name":"El verano dispara las ventas de las parafarmacias online - El Digital de Asturias","description":"Internet y el auge de las compras online han supuesto toda una revoluci\u00f3n para muchos sectores comerciales. Si adem\u00e1s a\u00f1adimos que las diferentes estaciones del a\u00f1o disparan o reducen las ventas de determinados productos, podemos confirmar con rotundidad que el sector de la belleza es uno de los grandes beneficiados del territorio online durante los","inLanguage":"es-ES","isPartOf":{"@id":"https:\/\/www.eldigitaldeasturias.com\/noticias\/#website"},"breadcrumb":{"@id":"https:\/\/www.eldigitaldeasturias.com\/noticias\/el-verano-dispara-las-ventas-de-las-parafarmacias-online\/#breadcrumblist"},"author":{"@id":"https:\/\/www.eldigitaldeasturias.com\/noticias\/author\/admin\/#author"},"creator":{"@id":"https:\/\/www.eldigitaldeasturias.com\/noticias\/author\/admin\/#author"},"image":{"@type":"ImageObject","url":950498,"@id":"https:\/\/www.eldigitaldeasturias.com\/noticias\/el-verano-dispara-las-ventas-de-las-parafarmacias-online\/#mainImage"},"primaryImageOfPage":{"@id":"https:\/\/www.eldigitaldeasturias.com\/noticias\/el-verano-dispara-las-ventas-de-las-parafarmacias-online\/#mainImage"},"datePublished":"2017-08-21T19:18:21+02:00","dateModified":"2017-08-21T19:18:21+02:00"},{"@type":"WebSite","@id":"https:\/\/www.eldigitaldeasturias.com\/noticias\/#website","url":"https:\/\/www.eldigitaldeasturias.com\/noticias\/","name":"El Digital de Asturias - Diario de actualidad y noticias","alternateName":"El Digital de Asturias - Diario de actualidad y noticias","description":"Hemeroteca","inLanguage":"es-ES","publisher":{"@id":"https:\/\/www.eldigitaldeasturias.com\/noticias\/#organization"}}]},"og:locale":"es_ES","og:site_name":"El Digital de Asturias","og:type":"article","og:title":"El verano dispara las ventas de las parafarmacias online - El Digital de Asturias","og:description":"Internet y el auge de las compras online han supuesto toda una revoluci\u00f3n para muchos sectores comerciales. Si adem\u00e1s a\u00f1adimos que las diferentes estaciones del a\u00f1o disparan o reducen las ventas de determinados productos, podemos confirmar con rotundidad que el sector de la belleza es uno de los grandes beneficiados del territorio online durante los","og:url":"https:\/\/www.eldigitaldeasturias.com\/noticias\/el-verano-dispara-las-ventas-de-las-parafarmacias-online\/","article:tag":["actualidad"],"article:published_time":"2017-08-21T19:18:21+00:00","article:modified_time":"2017-08-21T19:18:21+00:00","article:publisher":"https:\/\/facebook.com\/eldigitaldeasturias","twitter:card":"summary_large_image","twitter:title":"El verano dispara las ventas de las parafarmacias online - El Digital de Asturias","twitter:description":"Internet y el auge de las compras online han supuesto toda una revoluci\u00f3n para muchos sectores comerciales. Si adem\u00e1s a\u00f1adimos que las diferentes estaciones del a\u00f1o disparan o reducen las ventas de determinados productos, podemos confirmar con rotundidad que el sector de la belleza es uno de los grandes beneficiados del territorio online durante los","twitter:image":"https:\/\/www.eldigitaldeasturias.com\/noticias\/wp-content\/uploads\/2020\/12\/EDA-1.jpg","twitter:label1":"Escrito por","twitter:data1":"El Digital de Asturias","twitter:label2":"Tiempo de lectura estimado","twitter:data2":"3 minutos"},"aioseo_meta_data":{"post_id":"950497","title":null,"description":null,"keywords":null,"keyphrases":null,"primary_term":null,"canonical_url":null,"og_title":null,"og_description":null,"og_object_type":"default","og_image_type":"default","og_image_url":null,"og_image_width":null,"og_image_height":null,"og_image_custom_url":null,"og_image_custom_fields":null,"og_video":null,"og_custom_url":null,"og_article_section":null,"og_article_tags":null,"twitter_use_og":false,"twitter_card":"default","twitter_image_type":"default","twitter_image_url":null,"twitter_image_custom_url":null,"twitter_image_custom_fields":null,"twitter_title":null,"twitter_description":null,"schema":{"blockGraphs":[],"customGraphs":[],"default":{"data":{"Article":[],"Course":[],"Dataset":[],"FAQPage":[],"Movie":[],"Person":[],"Product":[],"ProductReview":[],"Car":[],"Recipe":[],"Service":[],"SoftwareApplication":[],"WebPage":[]},"graphName":"","isEnabled":true},"graphs":[],"defaultGraph":"","defaultPostTypeGraph":""},"schema_type":null,"schema_type_options":null,"pillar_content":false,"robots_default":true,"robots_noindex":false,"robots_noarchive":false,"robots_nosnippet":false,"robots_nofollow":false,"robots_noimageindex":false,"robots_noodp":false,"robots_notranslate":false,"robots_max_snippet":null,"robots_max_videopreview":null,"robots_max_imagepreview":"large","priority":null,"frequency":null,"local_seo":null,"seo_analyzer_scan_date":"2025-12-05 16:04:11","breadcrumb_settings":null,"limit_modified_date":false,"open_ai":null,"ai":null,"created":"2020-12-21 12:59:38","updated":"2025-12-05 16:04:11","focus_keyword":null,"additional_keywords":null,"truseo_locale":null},"aioseo_breadcrumb":"<div class=\"aioseo-breadcrumbs\"><span class=\"aioseo-breadcrumb\">\n\t<a href=\"https:\/\/www.eldigitaldeasturias.com\/noticias\" title=\"Home\">Home<\/a>\n<\/span><span class=\"aioseo-breadcrumb-separator\">\u2013<\/span><span class=\"aioseo-breadcrumb\">\n\t<a href=\"https:\/\/www.eldigitaldeasturias.com\/noticias\/category\/actualidad\/\" title=\"Actualidad\">Actualidad<\/a>\n<\/span><span class=\"aioseo-breadcrumb-separator\">\u2013<\/span><span class=\"aioseo-breadcrumb\">\n\t<a href=\"https:\/\/www.eldigitaldeasturias.com\/noticias\/el-verano-dispara-las-ventas-de-las-parafarmacias-online\/\" title=\"El verano dispara las ventas de las parafarmacias online\">El verano dispara las ventas de las parafarmacias online<\/a>\n<\/span><\/div>","aioseo_breadcrumb_json":[{"label":"Home","link":"https:\/\/www.eldigitaldeasturias.com\/noticias"},{"label":"Actualidad","link":"https:\/\/www.eldigitaldeasturias.com\/noticias\/category\/actualidad\/"},{"label":"El verano dispara las ventas de las parafarmacias online","link":"https:\/\/www.eldigitaldeasturias.com\/noticias\/el-verano-dispara-las-ventas-de-las-parafarmacias-online\/"}],"_links":{"self":[{"href":"https:\/\/www.eldigitaldeasturias.com\/noticias\/wp-json\/wp\/v2\/posts\/950497","targetHints":{"allow":["GET"]}}],"collection":[{"href":"https:\/\/www.eldigitaldeasturias.com\/noticias\/wp-json\/wp\/v2\/posts"}],"about":[{"href":"https:\/\/www.eldigitaldeasturias.com\/noticias\/wp-json\/wp\/v2\/types\/post"}],"author":[{"embeddable":true,"href":"https:\/\/www.eldigitaldeasturias.com\/noticias\/wp-json\/wp\/v2\/users\/1"}],"replies":[{"embeddable":true,"href":"https:\/\/www.eldigitaldeasturias.com\/noticias\/wp-json\/wp\/v2\/comments?post=950497"}],"version-history":[{"count":0,"href":"https:\/\/www.eldigitaldeasturias.com\/noticias\/wp-json\/wp\/v2\/posts\/950497\/revisions"}],"wp:attachment":[{"href":"https:\/\/www.eldigitaldeasturias.com\/noticias\/wp-json\/wp\/v2\/media?parent=950497"}],"wp:term":[{"taxonomy":"category","embeddable":true,"href":"https:\/\/www.eldigitaldeasturias.com\/noticias\/wp-json\/wp\/v2\/categories?post=950497"},{"taxonomy":"post_tag","embeddable":true,"href":"https:\/\/www.eldigitaldeasturias.com\/noticias\/wp-json\/wp\/v2\/tags?post=950497"}],"curies":[{"name":"wp","href":"https:\/\/api.w.org\/{rel}","templated":true}]}}