{"id":950447,"date":"2017-08-21T15:24:54","date_gmt":"2017-08-21T15:24:54","guid":{"rendered":"http:\/\/www.eldigitaldeasturias.com\/noticias\/?p=950447"},"modified":"2017-08-21T15:24:54","modified_gmt":"2017-08-21T15:24:54","slug":"la-directriz-del-camino-de-santiago-servira-para-coordinar-y-relanzar-el-tramo-aragones","status":"publish","type":"post","link":"https:\/\/www.eldigitaldeasturias.com\/noticias\/la-directriz-del-camino-de-santiago-servira-para-coordinar-y-relanzar-el-tramo-aragones\/","title":{"rendered":"La Directriz del Camino de Santiago servir\u00e1 para coordinar y relanzar el tramo aragon\u00e9s"},"content":{"rendered":"<p><img loading=\"lazy\" decoding=\"async\" class=\"alignleft size-medium wp-image-950448\" src=\"https:\/\/www.eldigitaldeasturias.com\/noticias\/wp-content\/uploads\/2017\/08\/MG_8092_Foto_Luis_Correas_GA-360x159.jpg\" alt=\"\" width=\"360\" height=\"159\" \/>La Directriz Especial de Ordenaci\u00f3n Territorial del Camino de Santiago-Camino Franc\u00e9s a su paso por Arag\u00f3n y el estudio ambiental estrat\u00e9gico salen hoy a informaci\u00f3n p\u00fablica a trav\u00e9s del BOA. Hasta el pr\u00f3ximo 25 de octubre se podr\u00e1n presentar las alegaciones y se prev\u00e9 que la Directriz pueda estar aprobada la pr\u00f3xima primavera. En este proyecto se lleva trabajando desde principios de 2016 y se ha contado con un proceso de colaboraci\u00f3n intenso con las organizaciones y administraciones implicadas, tanto en Arag\u00f3n como en el resto de Comunidades Aut\u00f3nomas con las que se comparte trazado y con el departamento de Pirineos Atl\u00e1nticos, en Francia.<\/p>\n<p>El consejero de Vertebraci\u00f3n del Territorio, Movilidad y Vivienda, Jos\u00e9 Luis Soro, ha destacado que el objetivo es \u201cpromover el desarrollo sostenible de todos los 16 municipios implicados y hacer compatible la gesti\u00f3n, la protecci\u00f3n y la mejora del patrimonio cultural y natural con la competitividad econ\u00f3mica\u201d y ha explicado que establece \u201cun marco jur\u00eddico adecuado para tomar decisiones que hagan posible cumplir este objetivo\u201d.<\/p>\n<p>Esta directriz contempla un total de nueve estrategias: sobre el camino; para la reactivaci\u00f3n de los n\u00facleos urbanos; de dotaciones, de actividad econ\u00f3mica y turismo; medioambiental; paisaje y patrimonio; movilidad y accesibilidad; coordinaci\u00f3n territorial y participaci\u00f3n y sensibilizaci\u00f3n.<\/p>\n<p>Estas estrategias se desarrollan a trav\u00e9s de 34 propuestas de programas de gesti\u00f3n, afectan a varias administraciones, se explican de manera detallada y se tendr\u00e1n que contar con la colaboraci\u00f3n del sector privado. Los temas sobre los que se trabaja son muy variados e incluyen desde la creaci\u00f3n de una puerta del Camino de Santiago, que ser\u00e1 un centro de recepci\u00f3n de peregrinos, hasta las actividades con escolares, impulso a servicios, puesta en valor del paisaje\u2026<\/p>\n<p>Soro ha recordado que en 1987 Arag\u00f3n era la referencia para los peregrinos pero durante tres d\u00e9cadas no se ha intervenido como se deber\u00eda haber hecho y se ha pasado a recibir, respecto a la entrada por Navarra, tan solo al 1.5% de los peregrinos. Ha explicado que para recuperar la posici\u00f3n es preciso que \u201cno se puede improvisar, y eso es lo que se busca con esta directriz\u201d.<\/p>\n<p>En el dise\u00f1o de esta directriz se ha tomado como referencia el trazado declarado por la UNESCO y se ha establecido un \u00e1rea de influencia de 1 kil\u00f3metro a cada lado. Adem\u00e1s, se han tenido en cuenta otras \u00e1reas, espacios y elementos de inter\u00e9s, como pueda ser San Juan de la Pe\u00f1a.<\/p>\n<p>Junto a la Directriz, y en paralelo, se siguen realizando actividades para la promoci\u00f3n tur\u00edstica del camino, la mejora de zonas del trazado y la b\u00fasqueda de financiaci\u00f3n para poner en marcha proyectos. Uno de ellos, que se confirmar\u00e1 en septiembre, es la inversi\u00f3n de 1.4 millones en el tramo aragon\u00e9s a trav\u00e9s de fondos Feder del Poctefa. Entre las actuaciones previstas est\u00e1 la construcci\u00f3n de un centro de recepci\u00f3n de peregrinos que se ubicar\u00e1 en uno de los edificios existentes en la explanada de Ara\u00f1ones, en la que se encuentra tambi\u00e9n el edificio de la Estaci\u00f3n Internacional de Canfranc.<\/p>\n<p>&nbsp;<\/p>\n","protected":false},"excerpt":{"rendered":"<p>La Directriz Especial de Ordenaci\u00f3n Territorial del Camino de Santiago-Camino Franc\u00e9s a su paso por Arag\u00f3n y el estudio ambiental estrat\u00e9gico salen hoy a informaci\u00f3n p\u00fablica a trav\u00e9s del BOA. Hasta el pr\u00f3ximo 25 de octubre se podr\u00e1n presentar las alegaciones y se prev\u00e9 que la Directriz pueda estar aprobada la pr\u00f3xima primavera. En este [&hellip;]<\/p>\n","protected":false},"author":1,"featured_media":950448,"comment_status":"closed","ping_status":"closed","sticky":false,"template":"","format":"standard","meta":{"footnotes":""},"categories":[1],"tags":[],"class_list":["post-950447","post","type-post","status-publish","format-standard","has-post-thumbnail","hentry","category-actualidad"],"aioseo_notices":[],"aioseo_head":"\n\t\t<!-- All in One SEO Pro 5.0.1 - aioseo.com -->\n\t<meta name=\"description\" content=\"La Directriz Especial de Ordenaci\u00f3n Territorial del Camino de Santiago-Camino Franc\u00e9s a su paso por Arag\u00f3n y el estudio ambiental estrat\u00e9gico salen hoy a informaci\u00f3n p\u00fablica a trav\u00e9s del BOA. Hasta el pr\u00f3ximo 25 de octubre se podr\u00e1n presentar las alegaciones y se prev\u00e9 que la Directriz pueda estar aprobada la pr\u00f3xima primavera. En este\" \/>\n\t<meta name=\"robots\" content=\"max-image-preview:large\" \/>\n\t<meta name=\"author\" content=\"El Digital de Asturias\"\/>\n\t<meta name=\"google-site-verification\" content=\"UA-38556648-1\" \/>\n\t<meta name=\"msvalidate.01\" content=\"7dfe9f3f1b24437ab69f4f2559babe99\" \/>\n\t<meta name=\"keywords\" content=\"actualidad\" \/>\n\t<link rel=\"canonical\" href=\"https:\/\/www.eldigitaldeasturias.com\/noticias\/la-directriz-del-camino-de-santiago-servira-para-coordinar-y-relanzar-el-tramo-aragones\/\" \/>\n\t<meta name=\"generator\" content=\"All in One SEO Pro (AIOSEO) 5.0.1\" \/>\n\t\t<meta property=\"og:locale\" content=\"es_ES\" \/>\n\t\t<meta property=\"og:site_name\" content=\"El Digital de Asturias\" \/>\n\t\t<meta property=\"og:type\" content=\"article\" \/>\n\t\t<meta property=\"og:title\" content=\"La Directriz del Camino de Santiago servir\u00e1 para coordinar y relanzar el tramo aragon\u00e9s - El Digital de Asturias\" \/>\n\t\t<meta property=\"og:description\" content=\"La Directriz Especial de Ordenaci\u00f3n Territorial del Camino de Santiago-Camino Franc\u00e9s a su paso por Arag\u00f3n y el estudio ambiental estrat\u00e9gico salen hoy a informaci\u00f3n p\u00fablica a trav\u00e9s del BOA. Hasta el pr\u00f3ximo 25 de octubre se podr\u00e1n presentar las alegaciones y se prev\u00e9 que la Directriz pueda estar aprobada la pr\u00f3xima primavera. En este\" \/>\n\t\t<meta property=\"og:url\" content=\"https:\/\/www.eldigitaldeasturias.com\/noticias\/la-directriz-del-camino-de-santiago-servira-para-coordinar-y-relanzar-el-tramo-aragones\/\" \/>\n\t\t<meta property=\"article:tag\" content=\"actualidad\" \/>\n\t\t<meta property=\"article:published_time\" content=\"2017-08-21T15:24:54+00:00\" \/>\n\t\t<meta property=\"article:modified_time\" content=\"2017-08-21T15:24:54+00:00\" \/>\n\t\t<meta property=\"article:publisher\" content=\"https:\/\/facebook.com\/eldigitaldeasturias\" \/>\n\t\t<meta name=\"twitter:card\" content=\"summary_large_image\" \/>\n\t\t<meta name=\"twitter:title\" content=\"La Directriz del Camino de Santiago servir\u00e1 para coordinar y relanzar el tramo aragon\u00e9s - El Digital de Asturias\" \/>\n\t\t<meta name=\"twitter:description\" content=\"La Directriz Especial de Ordenaci\u00f3n Territorial del Camino de Santiago-Camino Franc\u00e9s a su paso por Arag\u00f3n y el estudio ambiental estrat\u00e9gico salen hoy a informaci\u00f3n p\u00fablica a trav\u00e9s del BOA. Hasta el pr\u00f3ximo 25 de octubre se podr\u00e1n presentar las alegaciones y se prev\u00e9 que la Directriz pueda estar aprobada la pr\u00f3xima primavera. En este\" \/>\n\t\t<meta name=\"twitter:image\" content=\"https:\/\/www.eldigitaldeasturias.com\/noticias\/wp-content\/uploads\/2020\/12\/EDA-1.jpg\" \/>\n\t\t<meta name=\"twitter:label1\" content=\"Escrito por\" \/>\n\t\t<meta name=\"twitter:data1\" content=\"El Digital de Asturias\" \/>\n\t\t<meta name=\"twitter:label2\" content=\"Tiempo de lectura estimado\" \/>\n\t\t<meta name=\"twitter:data2\" content=\"3 minutos\" \/>\n\t\t<script type=\"application\/ld+json\" class=\"aioseo-schema\">\n\t\t\t{\"@context\":\"https:\\\/\\\/schema.org\",\"@graph\":[{\"@type\":\"BlogPosting\",\"@id\":\"https:\\\/\\\/www.eldigitaldeasturias.com\\\/noticias\\\/la-directriz-del-camino-de-santiago-servira-para-coordinar-y-relanzar-el-tramo-aragones\\\/#blogposting\",\"name\":\"La Directriz del Camino de Santiago servir\\u00e1 para coordinar y relanzar el tramo aragon\\u00e9s - El Digital de Asturias\",\"headline\":\"La Directriz del Camino de Santiago servir\\u00e1 para coordinar y relanzar el tramo aragon\\u00e9s\",\"author\":{\"@id\":\"https:\\\/\\\/www.eldigitaldeasturias.com\\\/noticias\\\/author\\\/admin\\\/#author\"},\"publisher\":{\"@id\":\"https:\\\/\\\/www.eldigitaldeasturias.com\\\/noticias\\\/#organization\"},\"image\":{\"@type\":\"ImageObject\",\"url\":950448},\"datePublished\":\"2017-08-21T15:24:54+02:00\",\"dateModified\":\"2017-08-21T15:24:54+02:00\",\"inLanguage\":\"es-ES\",\"mainEntityOfPage\":{\"@id\":\"https:\\\/\\\/www.eldigitaldeasturias.com\\\/noticias\\\/la-directriz-del-camino-de-santiago-servira-para-coordinar-y-relanzar-el-tramo-aragones\\\/#webpage\"},\"isPartOf\":{\"@id\":\"https:\\\/\\\/www.eldigitaldeasturias.com\\\/noticias\\\/la-directriz-del-camino-de-santiago-servira-para-coordinar-y-relanzar-el-tramo-aragones\\\/#webpage\"},\"articleSection\":\"Actualidad\"},{\"@type\":\"BreadcrumbList\",\"@id\":\"https:\\\/\\\/www.eldigitaldeasturias.com\\\/noticias\\\/la-directriz-del-camino-de-santiago-servira-para-coordinar-y-relanzar-el-tramo-aragones\\\/#breadcrumblist\",\"itemListElement\":[{\"@type\":\"ListItem\",\"@id\":\"https:\\\/\\\/www.eldigitaldeasturias.com\\\/noticias#listItem\",\"position\":1,\"name\":\"Home\",\"item\":\"https:\\\/\\\/www.eldigitaldeasturias.com\\\/noticias\",\"nextItem\":{\"@type\":\"ListItem\",\"@id\":\"https:\\\/\\\/www.eldigitaldeasturias.com\\\/noticias\\\/category\\\/actualidad\\\/#listItem\",\"name\":\"Actualidad\"}},{\"@type\":\"ListItem\",\"@id\":\"https:\\\/\\\/www.eldigitaldeasturias.com\\\/noticias\\\/category\\\/actualidad\\\/#listItem\",\"position\":2,\"name\":\"Actualidad\",\"item\":\"https:\\\/\\\/www.eldigitaldeasturias.com\\\/noticias\\\/category\\\/actualidad\\\/\",\"nextItem\":{\"@type\":\"ListItem\",\"@id\":\"https:\\\/\\\/www.eldigitaldeasturias.com\\\/noticias\\\/la-directriz-del-camino-de-santiago-servira-para-coordinar-y-relanzar-el-tramo-aragones\\\/#listItem\",\"name\":\"La Directriz del Camino de Santiago servir\\u00e1 para coordinar y relanzar el tramo aragon\\u00e9s\"},\"previousItem\":{\"@type\":\"ListItem\",\"@id\":\"https:\\\/\\\/www.eldigitaldeasturias.com\\\/noticias#listItem\",\"name\":\"Home\"}},{\"@type\":\"ListItem\",\"@id\":\"https:\\\/\\\/www.eldigitaldeasturias.com\\\/noticias\\\/la-directriz-del-camino-de-santiago-servira-para-coordinar-y-relanzar-el-tramo-aragones\\\/#listItem\",\"position\":3,\"name\":\"La Directriz del Camino de Santiago servir\\u00e1 para coordinar y relanzar el tramo aragon\\u00e9s\",\"previousItem\":{\"@type\":\"ListItem\",\"@id\":\"https:\\\/\\\/www.eldigitaldeasturias.com\\\/noticias\\\/category\\\/actualidad\\\/#listItem\",\"name\":\"Actualidad\"}}]},{\"@type\":\"Organization\",\"@id\":\"https:\\\/\\\/www.eldigitaldeasturias.com\\\/noticias\\\/#organization\",\"name\":\"El Digital de Asturias\",\"description\":\"Hemeroteca\",\"url\":\"https:\\\/\\\/www.eldigitaldeasturias.com\\\/noticias\\\/\",\"email\":\"info@eldigitaldeasturias.com\",\"telephone\":\"+34652131393\",\"logo\":{\"@type\":\"ImageObject\",\"url\":\"https:\\\/\\\/www.eldigitaldeasturias.com\\\/noticias\\\/wp-content\\\/uploads\\\/2020\\\/12\\\/EDA.jpg\",\"@id\":\"https:\\\/\\\/www.eldigitaldeasturias.com\\\/noticias\\\/la-directriz-del-camino-de-santiago-servira-para-coordinar-y-relanzar-el-tramo-aragones\\\/#organizationLogo\"},\"image\":{\"@id\":\"https:\\\/\\\/www.eldigitaldeasturias.com\\\/noticias\\\/la-directriz-del-camino-de-santiago-servira-para-coordinar-y-relanzar-el-tramo-aragones\\\/#organizationLogo\"},\"sameAs\":[\"https:\\\/\\\/facebook.com\\\/eldigitaldeasturias\",\"https:\\\/\\\/www.youtube.com\\\/channel\\\/UCZP-2wLEB9Rv6erhFmqVnvg\"],\"address\":{\"@id\":\"https:\\\/\\\/www.eldigitaldeasturias.com\\\/noticias\\\/#postaladdress\",\"@type\":\"PostalAddress\",\"streetAddress\":\"san antonio 4\",\"postalCode\":\"33430\",\"addressLocality\":\"Cand\\u00e1s\",\"addressRegion\":\"Asturias\",\"addressCountry\":\"ES\"}},{\"@type\":\"Person\",\"@id\":\"https:\\\/\\\/www.eldigitaldeasturias.com\\\/noticias\\\/author\\\/admin\\\/#author\",\"url\":\"https:\\\/\\\/www.eldigitaldeasturias.com\\\/noticias\\\/author\\\/admin\\\/\",\"name\":\"El Digital de Asturias\",\"image\":{\"@type\":\"ImageObject\",\"@id\":\"https:\\\/\\\/www.eldigitaldeasturias.com\\\/noticias\\\/la-directriz-del-camino-de-santiago-servira-para-coordinar-y-relanzar-el-tramo-aragones\\\/#authorImage\",\"url\":\"https:\\\/\\\/secure.gravatar.com\\\/avatar\\\/df2aeffc32bcd13f8d26072ef8a91b623d677766deac7f97ca815868cd41bf5e?s=96&d=mm&r=g\",\"width\":96,\"height\":96,\"caption\":\"El Digital de Asturias\"}},{\"@type\":\"WebPage\",\"@id\":\"https:\\\/\\\/www.eldigitaldeasturias.com\\\/noticias\\\/la-directriz-del-camino-de-santiago-servira-para-coordinar-y-relanzar-el-tramo-aragones\\\/#webpage\",\"url\":\"https:\\\/\\\/www.eldigitaldeasturias.com\\\/noticias\\\/la-directriz-del-camino-de-santiago-servira-para-coordinar-y-relanzar-el-tramo-aragones\\\/\",\"name\":\"La Directriz del Camino de Santiago servir\\u00e1 para coordinar y relanzar el tramo aragon\\u00e9s - El Digital de Asturias\",\"description\":\"La Directriz Especial de Ordenaci\\u00f3n Territorial del Camino de Santiago-Camino Franc\\u00e9s a su paso por Arag\\u00f3n y el estudio ambiental estrat\\u00e9gico salen hoy a informaci\\u00f3n p\\u00fablica a trav\\u00e9s del BOA. Hasta el pr\\u00f3ximo 25 de octubre se podr\\u00e1n presentar las alegaciones y se prev\\u00e9 que la Directriz pueda estar aprobada la pr\\u00f3xima primavera. En este\",\"inLanguage\":\"es-ES\",\"isPartOf\":{\"@id\":\"https:\\\/\\\/www.eldigitaldeasturias.com\\\/noticias\\\/#website\"},\"breadcrumb\":{\"@id\":\"https:\\\/\\\/www.eldigitaldeasturias.com\\\/noticias\\\/la-directriz-del-camino-de-santiago-servira-para-coordinar-y-relanzar-el-tramo-aragones\\\/#breadcrumblist\"},\"author\":{\"@id\":\"https:\\\/\\\/www.eldigitaldeasturias.com\\\/noticias\\\/author\\\/admin\\\/#author\"},\"creator\":{\"@id\":\"https:\\\/\\\/www.eldigitaldeasturias.com\\\/noticias\\\/author\\\/admin\\\/#author\"},\"image\":{\"@type\":\"ImageObject\",\"url\":950448,\"@id\":\"https:\\\/\\\/www.eldigitaldeasturias.com\\\/noticias\\\/la-directriz-del-camino-de-santiago-servira-para-coordinar-y-relanzar-el-tramo-aragones\\\/#mainImage\"},\"primaryImageOfPage\":{\"@id\":\"https:\\\/\\\/www.eldigitaldeasturias.com\\\/noticias\\\/la-directriz-del-camino-de-santiago-servira-para-coordinar-y-relanzar-el-tramo-aragones\\\/#mainImage\"},\"datePublished\":\"2017-08-21T15:24:54+02:00\",\"dateModified\":\"2017-08-21T15:24:54+02:00\"},{\"@type\":\"WebSite\",\"@id\":\"https:\\\/\\\/www.eldigitaldeasturias.com\\\/noticias\\\/#website\",\"url\":\"https:\\\/\\\/www.eldigitaldeasturias.com\\\/noticias\\\/\",\"name\":\"El Digital de Asturias - Diario de actualidad y noticias\",\"alternateName\":\"El Digital de Asturias - Diario de actualidad y noticias\",\"description\":\"Hemeroteca\",\"inLanguage\":\"es-ES\",\"publisher\":{\"@id\":\"https:\\\/\\\/www.eldigitaldeasturias.com\\\/noticias\\\/#organization\"}}]}\n\t\t<\/script>\n\t\t<!-- All in One SEO Pro -->\r\n\t\t<title>La Directriz del Camino de Santiago servir\u00e1 para coordinar y relanzar el tramo aragon\u00e9s - El Digital de Asturias<\/title>\n\n","aioseo_head_json":{"title":"La Directriz del Camino de Santiago servir\u00e1 para coordinar y relanzar el tramo aragon\u00e9s - El Digital de Asturias","description":"La Directriz Especial de Ordenaci\u00f3n Territorial del Camino de Santiago-Camino Franc\u00e9s a su paso por Arag\u00f3n y el estudio ambiental estrat\u00e9gico salen hoy a informaci\u00f3n p\u00fablica a trav\u00e9s del BOA. Hasta el pr\u00f3ximo 25 de octubre se podr\u00e1n presentar las alegaciones y se prev\u00e9 que la Directriz pueda estar aprobada la pr\u00f3xima primavera. En este","canonical_url":"https:\/\/www.eldigitaldeasturias.com\/noticias\/la-directriz-del-camino-de-santiago-servira-para-coordinar-y-relanzar-el-tramo-aragones\/","robots":"max-image-preview:large","keywords":"actualidad","webmasterTools":{"google-site-verification":"UA-38556648-1","msvalidate.01":"7dfe9f3f1b24437ab69f4f2559babe99","miscellaneous":""},"schema":{"@context":"https:\/\/schema.org","@graph":[{"@type":"BlogPosting","@id":"https:\/\/www.eldigitaldeasturias.com\/noticias\/la-directriz-del-camino-de-santiago-servira-para-coordinar-y-relanzar-el-tramo-aragones\/#blogposting","name":"La Directriz del Camino de Santiago servir\u00e1 para coordinar y relanzar el tramo aragon\u00e9s - El Digital de Asturias","headline":"La Directriz del Camino de Santiago servir\u00e1 para coordinar y relanzar el tramo aragon\u00e9s","author":{"@id":"https:\/\/www.eldigitaldeasturias.com\/noticias\/author\/admin\/#author"},"publisher":{"@id":"https:\/\/www.eldigitaldeasturias.com\/noticias\/#organization"},"image":{"@type":"ImageObject","url":950448},"datePublished":"2017-08-21T15:24:54+02:00","dateModified":"2017-08-21T15:24:54+02:00","inLanguage":"es-ES","mainEntityOfPage":{"@id":"https:\/\/www.eldigitaldeasturias.com\/noticias\/la-directriz-del-camino-de-santiago-servira-para-coordinar-y-relanzar-el-tramo-aragones\/#webpage"},"isPartOf":{"@id":"https:\/\/www.eldigitaldeasturias.com\/noticias\/la-directriz-del-camino-de-santiago-servira-para-coordinar-y-relanzar-el-tramo-aragones\/#webpage"},"articleSection":"Actualidad"},{"@type":"BreadcrumbList","@id":"https:\/\/www.eldigitaldeasturias.com\/noticias\/la-directriz-del-camino-de-santiago-servira-para-coordinar-y-relanzar-el-tramo-aragones\/#breadcrumblist","itemListElement":[{"@type":"ListItem","@id":"https:\/\/www.eldigitaldeasturias.com\/noticias#listItem","position":1,"name":"Home","item":"https:\/\/www.eldigitaldeasturias.com\/noticias","nextItem":{"@type":"ListItem","@id":"https:\/\/www.eldigitaldeasturias.com\/noticias\/category\/actualidad\/#listItem","name":"Actualidad"}},{"@type":"ListItem","@id":"https:\/\/www.eldigitaldeasturias.com\/noticias\/category\/actualidad\/#listItem","position":2,"name":"Actualidad","item":"https:\/\/www.eldigitaldeasturias.com\/noticias\/category\/actualidad\/","nextItem":{"@type":"ListItem","@id":"https:\/\/www.eldigitaldeasturias.com\/noticias\/la-directriz-del-camino-de-santiago-servira-para-coordinar-y-relanzar-el-tramo-aragones\/#listItem","name":"La Directriz del Camino de Santiago servir\u00e1 para coordinar y relanzar el tramo aragon\u00e9s"},"previousItem":{"@type":"ListItem","@id":"https:\/\/www.eldigitaldeasturias.com\/noticias#listItem","name":"Home"}},{"@type":"ListItem","@id":"https:\/\/www.eldigitaldeasturias.com\/noticias\/la-directriz-del-camino-de-santiago-servira-para-coordinar-y-relanzar-el-tramo-aragones\/#listItem","position":3,"name":"La Directriz del Camino de Santiago servir\u00e1 para coordinar y relanzar el tramo aragon\u00e9s","previousItem":{"@type":"ListItem","@id":"https:\/\/www.eldigitaldeasturias.com\/noticias\/category\/actualidad\/#listItem","name":"Actualidad"}}]},{"@type":"Organization","@id":"https:\/\/www.eldigitaldeasturias.com\/noticias\/#organization","name":"El Digital de Asturias","description":"Hemeroteca","url":"https:\/\/www.eldigitaldeasturias.com\/noticias\/","email":"info@eldigitaldeasturias.com","telephone":"+34652131393","logo":{"@type":"ImageObject","url":"https:\/\/www.eldigitaldeasturias.com\/noticias\/wp-content\/uploads\/2020\/12\/EDA.jpg","@id":"https:\/\/www.eldigitaldeasturias.com\/noticias\/la-directriz-del-camino-de-santiago-servira-para-coordinar-y-relanzar-el-tramo-aragones\/#organizationLogo"},"image":{"@id":"https:\/\/www.eldigitaldeasturias.com\/noticias\/la-directriz-del-camino-de-santiago-servira-para-coordinar-y-relanzar-el-tramo-aragones\/#organizationLogo"},"sameAs":["https:\/\/facebook.com\/eldigitaldeasturias","https:\/\/www.youtube.com\/channel\/UCZP-2wLEB9Rv6erhFmqVnvg"],"address":{"@id":"https:\/\/www.eldigitaldeasturias.com\/noticias\/#postaladdress","@type":"PostalAddress","streetAddress":"san antonio 4","postalCode":"33430","addressLocality":"Cand\u00e1s","addressRegion":"Asturias","addressCountry":"ES"}},{"@type":"Person","@id":"https:\/\/www.eldigitaldeasturias.com\/noticias\/author\/admin\/#author","url":"https:\/\/www.eldigitaldeasturias.com\/noticias\/author\/admin\/","name":"El Digital de Asturias","image":{"@type":"ImageObject","@id":"https:\/\/www.eldigitaldeasturias.com\/noticias\/la-directriz-del-camino-de-santiago-servira-para-coordinar-y-relanzar-el-tramo-aragones\/#authorImage","url":"https:\/\/secure.gravatar.com\/avatar\/df2aeffc32bcd13f8d26072ef8a91b623d677766deac7f97ca815868cd41bf5e?s=96&d=mm&r=g","width":96,"height":96,"caption":"El Digital de Asturias"}},{"@type":"WebPage","@id":"https:\/\/www.eldigitaldeasturias.com\/noticias\/la-directriz-del-camino-de-santiago-servira-para-coordinar-y-relanzar-el-tramo-aragones\/#webpage","url":"https:\/\/www.eldigitaldeasturias.com\/noticias\/la-directriz-del-camino-de-santiago-servira-para-coordinar-y-relanzar-el-tramo-aragones\/","name":"La Directriz del Camino de Santiago servir\u00e1 para coordinar y relanzar el tramo aragon\u00e9s - El Digital de Asturias","description":"La Directriz Especial de Ordenaci\u00f3n Territorial del Camino de Santiago-Camino Franc\u00e9s a su paso por Arag\u00f3n y el estudio ambiental estrat\u00e9gico salen hoy a informaci\u00f3n p\u00fablica a trav\u00e9s del BOA. Hasta el pr\u00f3ximo 25 de octubre se podr\u00e1n presentar las alegaciones y se prev\u00e9 que la Directriz pueda estar aprobada la pr\u00f3xima primavera. En este","inLanguage":"es-ES","isPartOf":{"@id":"https:\/\/www.eldigitaldeasturias.com\/noticias\/#website"},"breadcrumb":{"@id":"https:\/\/www.eldigitaldeasturias.com\/noticias\/la-directriz-del-camino-de-santiago-servira-para-coordinar-y-relanzar-el-tramo-aragones\/#breadcrumblist"},"author":{"@id":"https:\/\/www.eldigitaldeasturias.com\/noticias\/author\/admin\/#author"},"creator":{"@id":"https:\/\/www.eldigitaldeasturias.com\/noticias\/author\/admin\/#author"},"image":{"@type":"ImageObject","url":950448,"@id":"https:\/\/www.eldigitaldeasturias.com\/noticias\/la-directriz-del-camino-de-santiago-servira-para-coordinar-y-relanzar-el-tramo-aragones\/#mainImage"},"primaryImageOfPage":{"@id":"https:\/\/www.eldigitaldeasturias.com\/noticias\/la-directriz-del-camino-de-santiago-servira-para-coordinar-y-relanzar-el-tramo-aragones\/#mainImage"},"datePublished":"2017-08-21T15:24:54+02:00","dateModified":"2017-08-21T15:24:54+02:00"},{"@type":"WebSite","@id":"https:\/\/www.eldigitaldeasturias.com\/noticias\/#website","url":"https:\/\/www.eldigitaldeasturias.com\/noticias\/","name":"El Digital de Asturias - Diario de actualidad y noticias","alternateName":"El Digital de Asturias - Diario de actualidad y noticias","description":"Hemeroteca","inLanguage":"es-ES","publisher":{"@id":"https:\/\/www.eldigitaldeasturias.com\/noticias\/#organization"}}]},"og:locale":"es_ES","og:site_name":"El Digital de Asturias","og:type":"article","og:title":"La Directriz del Camino de Santiago servir\u00e1 para coordinar y relanzar el tramo aragon\u00e9s - El Digital de Asturias","og:description":"La Directriz Especial de Ordenaci\u00f3n Territorial del Camino de Santiago-Camino Franc\u00e9s a su paso por Arag\u00f3n y el estudio ambiental estrat\u00e9gico salen hoy a informaci\u00f3n p\u00fablica a trav\u00e9s del BOA. Hasta el pr\u00f3ximo 25 de octubre se podr\u00e1n presentar las alegaciones y se prev\u00e9 que la Directriz pueda estar aprobada la pr\u00f3xima primavera. En este","og:url":"https:\/\/www.eldigitaldeasturias.com\/noticias\/la-directriz-del-camino-de-santiago-servira-para-coordinar-y-relanzar-el-tramo-aragones\/","article:tag":["actualidad"],"article:published_time":"2017-08-21T15:24:54+00:00","article:modified_time":"2017-08-21T15:24:54+00:00","article:publisher":"https:\/\/facebook.com\/eldigitaldeasturias","twitter:card":"summary_large_image","twitter:title":"La Directriz del Camino de Santiago servir\u00e1 para coordinar y relanzar el tramo aragon\u00e9s - El Digital de Asturias","twitter:description":"La Directriz Especial de Ordenaci\u00f3n Territorial del Camino de Santiago-Camino Franc\u00e9s a su paso por Arag\u00f3n y el estudio ambiental estrat\u00e9gico salen hoy a informaci\u00f3n p\u00fablica a trav\u00e9s del BOA. Hasta el pr\u00f3ximo 25 de octubre se podr\u00e1n presentar las alegaciones y se prev\u00e9 que la Directriz pueda estar aprobada la pr\u00f3xima primavera. En este","twitter:image":"https:\/\/www.eldigitaldeasturias.com\/noticias\/wp-content\/uploads\/2020\/12\/EDA-1.jpg","twitter:label1":"Escrito por","twitter:data1":"El Digital de Asturias","twitter:label2":"Tiempo de lectura estimado","twitter:data2":"3 minutos"},"aioseo_meta_data":{"post_id":"950447","title":null,"description":null,"keywords":null,"keyphrases":null,"primary_term":null,"canonical_url":null,"og_title":null,"og_description":null,"og_object_type":"default","og_image_type":"default","og_image_url":null,"og_image_width":null,"og_image_height":null,"og_image_custom_url":null,"og_image_custom_fields":null,"og_video":null,"og_custom_url":null,"og_article_section":null,"og_article_tags":null,"twitter_use_og":false,"twitter_card":"default","twitter_image_type":"default","twitter_image_url":null,"twitter_image_custom_url":null,"twitter_image_custom_fields":null,"twitter_title":null,"twitter_description":null,"schema":{"blockGraphs":[],"customGraphs":[],"default":{"data":{"Article":[],"Course":[],"Dataset":[],"FAQPage":[],"Movie":[],"Person":[],"Product":[],"ProductReview":[],"Car":[],"Recipe":[],"Service":[],"SoftwareApplication":[],"WebPage":[]},"graphName":"","isEnabled":true},"graphs":[],"defaultGraph":"","defaultPostTypeGraph":""},"schema_type":null,"schema_type_options":null,"pillar_content":false,"robots_default":true,"robots_noindex":false,"robots_noarchive":false,"robots_nosnippet":false,"robots_nofollow":false,"robots_noimageindex":false,"robots_noodp":false,"robots_notranslate":false,"robots_max_snippet":null,"robots_max_videopreview":null,"robots_max_imagepreview":"large","priority":null,"frequency":null,"local_seo":null,"seo_analyzer_scan_date":"2025-12-05 15:53:19","breadcrumb_settings":null,"limit_modified_date":false,"open_ai":null,"ai":null,"created":"2020-12-21 12:59:39","updated":"2025-12-05 15:53:19","focus_keyword":null,"additional_keywords":null,"truseo_locale":null},"aioseo_breadcrumb":"<div class=\"aioseo-breadcrumbs\"><span class=\"aioseo-breadcrumb\">\n\t<a href=\"https:\/\/www.eldigitaldeasturias.com\/noticias\" title=\"Home\">Home<\/a>\n<\/span><span class=\"aioseo-breadcrumb-separator\">\u2013<\/span><span class=\"aioseo-breadcrumb\">\n\t<a href=\"https:\/\/www.eldigitaldeasturias.com\/noticias\/category\/actualidad\/\" title=\"Actualidad\">Actualidad<\/a>\n<\/span><span class=\"aioseo-breadcrumb-separator\">\u2013<\/span><span class=\"aioseo-breadcrumb\">\n\t<a href=\"https:\/\/www.eldigitaldeasturias.com\/noticias\/la-directriz-del-camino-de-santiago-servira-para-coordinar-y-relanzar-el-tramo-aragones\/\" title=\"La Directriz del Camino de Santiago servir\u00e1 para coordinar y relanzar el tramo aragon\u00e9s\">La Directriz del Camino de Santiago servir\u00e1 para coordinar y relanzar el tramo aragon\u00e9s<\/a>\n<\/span><\/div>","aioseo_breadcrumb_json":[{"label":"Home","link":"https:\/\/www.eldigitaldeasturias.com\/noticias"},{"label":"Actualidad","link":"https:\/\/www.eldigitaldeasturias.com\/noticias\/category\/actualidad\/"},{"label":"La Directriz del Camino de Santiago servir\u00e1 para coordinar y relanzar el tramo aragon\u00e9s","link":"https:\/\/www.eldigitaldeasturias.com\/noticias\/la-directriz-del-camino-de-santiago-servira-para-coordinar-y-relanzar-el-tramo-aragones\/"}],"_links":{"self":[{"href":"https:\/\/www.eldigitaldeasturias.com\/noticias\/wp-json\/wp\/v2\/posts\/950447","targetHints":{"allow":["GET"]}}],"collection":[{"href":"https:\/\/www.eldigitaldeasturias.com\/noticias\/wp-json\/wp\/v2\/posts"}],"about":[{"href":"https:\/\/www.eldigitaldeasturias.com\/noticias\/wp-json\/wp\/v2\/types\/post"}],"author":[{"embeddable":true,"href":"https:\/\/www.eldigitaldeasturias.com\/noticias\/wp-json\/wp\/v2\/users\/1"}],"replies":[{"embeddable":true,"href":"https:\/\/www.eldigitaldeasturias.com\/noticias\/wp-json\/wp\/v2\/comments?post=950447"}],"version-history":[{"count":0,"href":"https:\/\/www.eldigitaldeasturias.com\/noticias\/wp-json\/wp\/v2\/posts\/950447\/revisions"}],"wp:attachment":[{"href":"https:\/\/www.eldigitaldeasturias.com\/noticias\/wp-json\/wp\/v2\/media?parent=950447"}],"wp:term":[{"taxonomy":"category","embeddable":true,"href":"https:\/\/www.eldigitaldeasturias.com\/noticias\/wp-json\/wp\/v2\/categories?post=950447"},{"taxonomy":"post_tag","embeddable":true,"href":"https:\/\/www.eldigitaldeasturias.com\/noticias\/wp-json\/wp\/v2\/tags?post=950447"}],"curies":[{"name":"wp","href":"https:\/\/api.w.org\/{rel}","templated":true}]}}