{"id":950442,"date":"2017-08-21T15:15:03","date_gmt":"2017-08-21T15:15:03","guid":{"rendered":"http:\/\/www.eldigitaldeasturias.com\/noticias\/?p=950442"},"modified":"2017-08-21T15:15:03","modified_gmt":"2017-08-21T15:15:03","slug":"desarrollo-rural-prepara-ayudas-para-la-sequia-en-aragon","status":"publish","type":"post","link":"https:\/\/www.eldigitaldeasturias.com\/noticias\/desarrollo-rural-prepara-ayudas-para-la-sequia-en-aragon\/","title":{"rendered":"Desarrollo Rural prepara ayudas para la sequ\u00eda en Arag\u00f3n"},"content":{"rendered":"<p><img loading=\"lazy\" decoding=\"async\" class=\"alignleft size-medium wp-image-950443\" src=\"https:\/\/www.eldigitaldeasturias.com\/noticias\/wp-content\/uploads\/2017\/08\/sequia-360x159.jpg\" alt=\"\" width=\"360\" height=\"159\" \/>El a\u00f1o 2017 se est\u00e1 caracterizando, desde el punto de vista clim\u00e1tico, por un importante d\u00e9ficit de precipitaciones con incidencia en toda Espa\u00f1a, pero tambi\u00e9n en determinadas comarcas de la Comunidad Aut\u00f3noma de Arag\u00f3n, que ya estaban afectadas por la escasa pluviometr\u00eda de la campa\u00f1a anterior. Por otra parte, desde el a\u00f1o 2016 confluyen circunstancias de mercado cuya tendencia no evoluciona favorablemente y que pueden poner en riesgo la viabilidad de determinados subsectores agr\u00edcolas y ganaderos.<\/p>\n<p>De ah\u00ed que el Departamento de Desarrollo Rural y Sostenibilidad haya considerado necesario establecer medidas que contribuyan a paliar a corto y medio plazo los problemas de liquidez de las explotaciones. El objetivo es que los agricultores y ganaderos afectados por estas circunstancias adversas puedan acceder en condiciones preferentes a pr\u00e9stamos con los cuales obtener la liquidez necesaria para hacer frente a la ca\u00edda de la rentabilidad de las explotaciones y permitir su viabilidad.<\/p>\n<p>Se establece as\u00ed una l\u00ednea de ayudas para sufragar parcialmente los intereses de los pr\u00e9stamos que se soliciten. Esta, adem\u00e1s, ser\u00e1 compatible, dentro de los l\u00edmites legales, con las convocatorias que se formulen en el \u00e1mbito de la Administraci\u00f3n General del Estado para facilitar el acceso a la financiaci\u00f3n de las explotaciones agrarias mediante la subvenci\u00f3n de los costes del aval del pr\u00e9stamo solicitado a trav\u00e9s de la Sociedad An\u00f3nima Estatal de Cauci\u00f3n Agraria (SAECA).<\/p>\n<p>La orden del departamento, financiada con fondos propios de la Comunidad Aut\u00f3noma, considera como gasto subvencionable el tipo de inter\u00e9s que se fije en la convocatoria, con el l\u00edmite m\u00e1ximo de su coste efectivo, capitalizado al a\u00f1o de la formalizaci\u00f3n o renovaci\u00f3n con entidades financieras por los titulares de explotaciones agr\u00edcolas y ganaderas que re\u00fanan las caracter\u00edsticas siguientes:<\/p>\n<p>&#8211; El importe del pr\u00e9stamo estar\u00e1 comprendido entre un m\u00ednimo de 6000 euros y un m\u00e1ximo que se fijar\u00e1 en la orden de convocatoria.<\/p>\n<p>&#8211; El plazo ser\u00e1 de un m\u00ednimo de tres a\u00f1os y un m\u00e1ximo de cinco a\u00f1os, incluido un a\u00f1o de carencia en el pago de la amortizaci\u00f3n del principal.<\/p>\n<p>&#8211; El tipo de inter\u00e9s variable m\u00e1ximo a aplicar ser\u00e1 de Euribor a 12 meses, positivo o negativo, m\u00e1s 1,50 puntos porcentuales como m\u00e1ximo.<\/p>\n<p>&#8211; El tipo de inter\u00e9s fijo ser\u00e1 como m\u00e1ximo el resultante del c\u00e1lculo para inter\u00e9s variable definido en el punto anterior.<\/p>\n<p>&#8211; La \u00fanica comisi\u00f3n aplicable ser\u00e1 la de apertura, con un 0,50 % como m\u00e1ximo sobre el pr\u00e9stamo formalizado. No se considerar\u00e1 comisi\u00f3n la repercusi\u00f3n de los gastos de gesti\u00f3n por la reclamaci\u00f3n de las posiciones deudoras.<\/p>\n<p>Las ayudas reguladas en la disposici\u00f3n se otorgar\u00e1n al amparo del Reglamento (UE) n\u00ba 1408\/2013 de la Comisi\u00f3n, de 18 de diciembre de 2013, que establece en su art\u00edculo 3 en 15 000 \u20ac la cuant\u00eda total de las ayudas de minimis concedidas a una empresa durante cualquier periodo de 3 ejercicios fiscales.<\/p>\n<p>Los beneficiarios podr\u00e1n ser personas f\u00edsicas o jur\u00eddicas, que sean titulares de explotaciones agrarias inscritas en el Registro General de la Producci\u00f3n Agr\u00edcola (Regepa) o en el Registro General de Explotaciones Ganaderas (REGA) y que cumplan los siguientes requisitos:<\/p>\n<p>&#8211; Que la explotaci\u00f3n est\u00e9 calificada como Explotaci\u00f3n Agraria Prioritaria (EAP), a fecha fin de plazo de solicitud, o bien que en el Impuesto de la Renta de las Personas F\u00edsicas (IRPF) del \u00faltimo periodo impositivo al menos el 50 % de los ingresos totales del beneficiario procedan de actividades agr\u00edcolas, ganaderas o forestales.<\/p>\n<p>&#8211; Los agricultores j\u00f3venes que no tengan m\u00e1s de 40 a\u00f1os de edad deber\u00e1n cumplir alguna de las condiciones anteriores o tener aprobado un plan de incorporaci\u00f3n al amparo del PDR 2014-2020 o estar dado de alta en la Seguridad Social en el sector agrario por cuenta propia (SETA y\/o RETA).<\/p>\n<p>&#8211; Las personas jur\u00eddicas cuyo control efectivo est\u00e9 ejercido por uno o varios agricultores j\u00f3venes podr\u00e1n cumplir cualquiera de los criterios anteriores.<\/p>\n<p>Por otra parte, ser\u00e1 necesario que los beneficiarios hayan suscrito una p\u00f3liza o contrato de seguro en las l\u00edneas del Plan de Seguros Agrarios Combinados y se comprometan a mantenerlo durante el periodo de vigencia del pr\u00e9stamo. Adem\u00e1s, la explotaci\u00f3n por la que se solicita la ayuda debe estar localizada en la Comunidad Aut\u00f3noma de Arag\u00f3n.<\/p>\n<p>En el procedimiento de concesi\u00f3n de las subvenciones se dar\u00e1 prioridad a los titulares j\u00f3venes y\/o femeninos. Tambi\u00e9n se primar\u00e1 el \u00edndice de profesionalidad, definido como el porcentaje entre los ingresos agrarios y los ingresos totales declarados en el Impuesto de la Renta de las Personas F\u00edsicas (IRPF). Igualmente, al nuevo agricultor que haya comenzado la actividad agraria con posterioridad a 2015 y no la haya desarrollado en los cinco a\u00f1os anteriores al comienzo de la misma.<\/p>\n<p>Estas ayudas forman parte de las medidas que el Departamento de Desarrollo Rural y Sostenibilidad se comprometi\u00f3 a adoptar en la reuni\u00f3n de la Mesa de las Producciones Agrarias que tuvo lugar el pasado mes de junio.<\/p>\n<p>Adem\u00e1s, el departamento solicit\u00f3 al Ministerio de Agricultura la inclusi\u00f3n en el real decreto de ayudas por sequ\u00eda de las comarcas aragonesas m\u00e1s castigadas por este fen\u00f3meno. Del mismo modo, se comprometi\u00f3 a facilitar el adelanto del pr\u00f3ximo pago de las ayudas de la PAC.<\/p>\n<p>&nbsp;<\/p>\n","protected":false},"excerpt":{"rendered":"<p>El a\u00f1o 2017 se est\u00e1 caracterizando, desde el punto de vista clim\u00e1tico, por un importante d\u00e9ficit de precipitaciones con incidencia en toda Espa\u00f1a, pero tambi\u00e9n en determinadas comarcas de la Comunidad Aut\u00f3noma de Arag\u00f3n, que ya estaban afectadas por la escasa pluviometr\u00eda de la campa\u00f1a anterior. Por otra parte, desde el a\u00f1o 2016 confluyen circunstancias [&hellip;]<\/p>\n","protected":false},"author":1,"featured_media":950443,"comment_status":"closed","ping_status":"closed","sticky":false,"template":"","format":"standard","meta":{"footnotes":""},"categories":[1],"tags":[],"class_list":["post-950442","post","type-post","status-publish","format-standard","has-post-thumbnail","hentry","category-actualidad"],"aioseo_notices":[],"aioseo_head":"\n\t\t<!-- All in One SEO Pro 5.0.1 - aioseo.com -->\n\t<meta name=\"description\" content=\"El a\u00f1o 2017 se est\u00e1 caracterizando, desde el punto de vista clim\u00e1tico, por un importante d\u00e9ficit de precipitaciones con incidencia en toda Espa\u00f1a, pero tambi\u00e9n en determinadas comarcas de la Comunidad Aut\u00f3noma de Arag\u00f3n, que ya estaban afectadas por la escasa pluviometr\u00eda de la campa\u00f1a anterior. Por otra parte, desde el a\u00f1o 2016 confluyen circunstancias\" \/>\n\t<meta name=\"robots\" content=\"max-image-preview:large\" \/>\n\t<meta name=\"author\" content=\"El Digital de Asturias\"\/>\n\t<meta name=\"google-site-verification\" content=\"UA-38556648-1\" \/>\n\t<meta name=\"msvalidate.01\" content=\"7dfe9f3f1b24437ab69f4f2559babe99\" \/>\n\t<meta name=\"keywords\" content=\"actualidad\" \/>\n\t<link rel=\"canonical\" href=\"https:\/\/www.eldigitaldeasturias.com\/noticias\/desarrollo-rural-prepara-ayudas-para-la-sequia-en-aragon\/\" \/>\n\t<meta name=\"generator\" content=\"All in One SEO Pro (AIOSEO) 5.0.1\" \/>\n\t\t<meta property=\"og:locale\" content=\"es_ES\" \/>\n\t\t<meta property=\"og:site_name\" content=\"El Digital de Asturias\" \/>\n\t\t<meta property=\"og:type\" content=\"article\" \/>\n\t\t<meta property=\"og:title\" content=\"Desarrollo Rural prepara ayudas para la sequ\u00eda en Arag\u00f3n - El Digital de Asturias\" \/>\n\t\t<meta property=\"og:description\" content=\"El a\u00f1o 2017 se est\u00e1 caracterizando, desde el punto de vista clim\u00e1tico, por un importante d\u00e9ficit de precipitaciones con incidencia en toda Espa\u00f1a, pero tambi\u00e9n en determinadas comarcas de la Comunidad Aut\u00f3noma de Arag\u00f3n, que ya estaban afectadas por la escasa pluviometr\u00eda de la campa\u00f1a anterior. Por otra parte, desde el a\u00f1o 2016 confluyen circunstancias\" \/>\n\t\t<meta property=\"og:url\" content=\"https:\/\/www.eldigitaldeasturias.com\/noticias\/desarrollo-rural-prepara-ayudas-para-la-sequia-en-aragon\/\" \/>\n\t\t<meta property=\"article:tag\" content=\"actualidad\" \/>\n\t\t<meta property=\"article:published_time\" content=\"2017-08-21T15:15:03+00:00\" \/>\n\t\t<meta property=\"article:modified_time\" content=\"2017-08-21T15:15:03+00:00\" \/>\n\t\t<meta property=\"article:publisher\" content=\"https:\/\/facebook.com\/eldigitaldeasturias\" \/>\n\t\t<meta name=\"twitter:card\" content=\"summary_large_image\" \/>\n\t\t<meta name=\"twitter:title\" content=\"Desarrollo Rural prepara ayudas para la sequ\u00eda en Arag\u00f3n - El Digital de Asturias\" \/>\n\t\t<meta name=\"twitter:description\" content=\"El a\u00f1o 2017 se est\u00e1 caracterizando, desde el punto de vista clim\u00e1tico, por un importante d\u00e9ficit de precipitaciones con incidencia en toda Espa\u00f1a, pero tambi\u00e9n en determinadas comarcas de la Comunidad Aut\u00f3noma de Arag\u00f3n, que ya estaban afectadas por la escasa pluviometr\u00eda de la campa\u00f1a anterior. Por otra parte, desde el a\u00f1o 2016 confluyen circunstancias\" \/>\n\t\t<meta name=\"twitter:image\" content=\"https:\/\/www.eldigitaldeasturias.com\/noticias\/wp-content\/uploads\/2020\/12\/EDA-1.jpg\" \/>\n\t\t<meta name=\"twitter:label1\" content=\"Escrito por\" \/>\n\t\t<meta name=\"twitter:data1\" content=\"El Digital de Asturias\" \/>\n\t\t<meta name=\"twitter:label2\" content=\"Tiempo de lectura estimado\" \/>\n\t\t<meta name=\"twitter:data2\" content=\"5 minutos\" \/>\n\t\t<script type=\"application\/ld+json\" class=\"aioseo-schema\">\n\t\t\t{\"@context\":\"https:\\\/\\\/schema.org\",\"@graph\":[{\"@type\":\"BlogPosting\",\"@id\":\"https:\\\/\\\/www.eldigitaldeasturias.com\\\/noticias\\\/desarrollo-rural-prepara-ayudas-para-la-sequia-en-aragon\\\/#blogposting\",\"name\":\"Desarrollo Rural prepara ayudas para la sequ\\u00eda en Arag\\u00f3n - El Digital de Asturias\",\"headline\":\"Desarrollo Rural prepara ayudas para la sequ\\u00eda en Arag\\u00f3n\",\"author\":{\"@id\":\"https:\\\/\\\/www.eldigitaldeasturias.com\\\/noticias\\\/author\\\/admin\\\/#author\"},\"publisher\":{\"@id\":\"https:\\\/\\\/www.eldigitaldeasturias.com\\\/noticias\\\/#organization\"},\"image\":{\"@type\":\"ImageObject\",\"url\":950443},\"datePublished\":\"2017-08-21T15:15:03+02:00\",\"dateModified\":\"2017-08-21T15:15:03+02:00\",\"inLanguage\":\"es-ES\",\"mainEntityOfPage\":{\"@id\":\"https:\\\/\\\/www.eldigitaldeasturias.com\\\/noticias\\\/desarrollo-rural-prepara-ayudas-para-la-sequia-en-aragon\\\/#webpage\"},\"isPartOf\":{\"@id\":\"https:\\\/\\\/www.eldigitaldeasturias.com\\\/noticias\\\/desarrollo-rural-prepara-ayudas-para-la-sequia-en-aragon\\\/#webpage\"},\"articleSection\":\"Actualidad\"},{\"@type\":\"BreadcrumbList\",\"@id\":\"https:\\\/\\\/www.eldigitaldeasturias.com\\\/noticias\\\/desarrollo-rural-prepara-ayudas-para-la-sequia-en-aragon\\\/#breadcrumblist\",\"itemListElement\":[{\"@type\":\"ListItem\",\"@id\":\"https:\\\/\\\/www.eldigitaldeasturias.com\\\/noticias#listItem\",\"position\":1,\"name\":\"Home\",\"item\":\"https:\\\/\\\/www.eldigitaldeasturias.com\\\/noticias\",\"nextItem\":{\"@type\":\"ListItem\",\"@id\":\"https:\\\/\\\/www.eldigitaldeasturias.com\\\/noticias\\\/category\\\/actualidad\\\/#listItem\",\"name\":\"Actualidad\"}},{\"@type\":\"ListItem\",\"@id\":\"https:\\\/\\\/www.eldigitaldeasturias.com\\\/noticias\\\/category\\\/actualidad\\\/#listItem\",\"position\":2,\"name\":\"Actualidad\",\"item\":\"https:\\\/\\\/www.eldigitaldeasturias.com\\\/noticias\\\/category\\\/actualidad\\\/\",\"nextItem\":{\"@type\":\"ListItem\",\"@id\":\"https:\\\/\\\/www.eldigitaldeasturias.com\\\/noticias\\\/desarrollo-rural-prepara-ayudas-para-la-sequia-en-aragon\\\/#listItem\",\"name\":\"Desarrollo Rural prepara ayudas para la sequ\\u00eda en Arag\\u00f3n\"},\"previousItem\":{\"@type\":\"ListItem\",\"@id\":\"https:\\\/\\\/www.eldigitaldeasturias.com\\\/noticias#listItem\",\"name\":\"Home\"}},{\"@type\":\"ListItem\",\"@id\":\"https:\\\/\\\/www.eldigitaldeasturias.com\\\/noticias\\\/desarrollo-rural-prepara-ayudas-para-la-sequia-en-aragon\\\/#listItem\",\"position\":3,\"name\":\"Desarrollo Rural prepara ayudas para la sequ\\u00eda en Arag\\u00f3n\",\"previousItem\":{\"@type\":\"ListItem\",\"@id\":\"https:\\\/\\\/www.eldigitaldeasturias.com\\\/noticias\\\/category\\\/actualidad\\\/#listItem\",\"name\":\"Actualidad\"}}]},{\"@type\":\"Organization\",\"@id\":\"https:\\\/\\\/www.eldigitaldeasturias.com\\\/noticias\\\/#organization\",\"name\":\"El Digital de Asturias\",\"description\":\"Hemeroteca\",\"url\":\"https:\\\/\\\/www.eldigitaldeasturias.com\\\/noticias\\\/\",\"email\":\"info@eldigitaldeasturias.com\",\"telephone\":\"+34652131393\",\"logo\":{\"@type\":\"ImageObject\",\"url\":\"https:\\\/\\\/www.eldigitaldeasturias.com\\\/noticias\\\/wp-content\\\/uploads\\\/2020\\\/12\\\/EDA.jpg\",\"@id\":\"https:\\\/\\\/www.eldigitaldeasturias.com\\\/noticias\\\/desarrollo-rural-prepara-ayudas-para-la-sequia-en-aragon\\\/#organizationLogo\"},\"image\":{\"@id\":\"https:\\\/\\\/www.eldigitaldeasturias.com\\\/noticias\\\/desarrollo-rural-prepara-ayudas-para-la-sequia-en-aragon\\\/#organizationLogo\"},\"sameAs\":[\"https:\\\/\\\/facebook.com\\\/eldigitaldeasturias\",\"https:\\\/\\\/www.youtube.com\\\/channel\\\/UCZP-2wLEB9Rv6erhFmqVnvg\"],\"address\":{\"@id\":\"https:\\\/\\\/www.eldigitaldeasturias.com\\\/noticias\\\/#postaladdress\",\"@type\":\"PostalAddress\",\"streetAddress\":\"san antonio 4\",\"postalCode\":\"33430\",\"addressLocality\":\"Cand\\u00e1s\",\"addressRegion\":\"Asturias\",\"addressCountry\":\"ES\"}},{\"@type\":\"Person\",\"@id\":\"https:\\\/\\\/www.eldigitaldeasturias.com\\\/noticias\\\/author\\\/admin\\\/#author\",\"url\":\"https:\\\/\\\/www.eldigitaldeasturias.com\\\/noticias\\\/author\\\/admin\\\/\",\"name\":\"El Digital de Asturias\",\"image\":{\"@type\":\"ImageObject\",\"@id\":\"https:\\\/\\\/www.eldigitaldeasturias.com\\\/noticias\\\/desarrollo-rural-prepara-ayudas-para-la-sequia-en-aragon\\\/#authorImage\",\"url\":\"https:\\\/\\\/secure.gravatar.com\\\/avatar\\\/df2aeffc32bcd13f8d26072ef8a91b623d677766deac7f97ca815868cd41bf5e?s=96&d=mm&r=g\",\"width\":96,\"height\":96,\"caption\":\"El Digital de Asturias\"}},{\"@type\":\"WebPage\",\"@id\":\"https:\\\/\\\/www.eldigitaldeasturias.com\\\/noticias\\\/desarrollo-rural-prepara-ayudas-para-la-sequia-en-aragon\\\/#webpage\",\"url\":\"https:\\\/\\\/www.eldigitaldeasturias.com\\\/noticias\\\/desarrollo-rural-prepara-ayudas-para-la-sequia-en-aragon\\\/\",\"name\":\"Desarrollo Rural prepara ayudas para la sequ\\u00eda en Arag\\u00f3n - El Digital de Asturias\",\"description\":\"El a\\u00f1o 2017 se est\\u00e1 caracterizando, desde el punto de vista clim\\u00e1tico, por un importante d\\u00e9ficit de precipitaciones con incidencia en toda Espa\\u00f1a, pero tambi\\u00e9n en determinadas comarcas de la Comunidad Aut\\u00f3noma de Arag\\u00f3n, que ya estaban afectadas por la escasa pluviometr\\u00eda de la campa\\u00f1a anterior. Por otra parte, desde el a\\u00f1o 2016 confluyen circunstancias\",\"inLanguage\":\"es-ES\",\"isPartOf\":{\"@id\":\"https:\\\/\\\/www.eldigitaldeasturias.com\\\/noticias\\\/#website\"},\"breadcrumb\":{\"@id\":\"https:\\\/\\\/www.eldigitaldeasturias.com\\\/noticias\\\/desarrollo-rural-prepara-ayudas-para-la-sequia-en-aragon\\\/#breadcrumblist\"},\"author\":{\"@id\":\"https:\\\/\\\/www.eldigitaldeasturias.com\\\/noticias\\\/author\\\/admin\\\/#author\"},\"creator\":{\"@id\":\"https:\\\/\\\/www.eldigitaldeasturias.com\\\/noticias\\\/author\\\/admin\\\/#author\"},\"image\":{\"@type\":\"ImageObject\",\"url\":950443,\"@id\":\"https:\\\/\\\/www.eldigitaldeasturias.com\\\/noticias\\\/desarrollo-rural-prepara-ayudas-para-la-sequia-en-aragon\\\/#mainImage\"},\"primaryImageOfPage\":{\"@id\":\"https:\\\/\\\/www.eldigitaldeasturias.com\\\/noticias\\\/desarrollo-rural-prepara-ayudas-para-la-sequia-en-aragon\\\/#mainImage\"},\"datePublished\":\"2017-08-21T15:15:03+02:00\",\"dateModified\":\"2017-08-21T15:15:03+02:00\"},{\"@type\":\"WebSite\",\"@id\":\"https:\\\/\\\/www.eldigitaldeasturias.com\\\/noticias\\\/#website\",\"url\":\"https:\\\/\\\/www.eldigitaldeasturias.com\\\/noticias\\\/\",\"name\":\"El Digital de Asturias - Diario de actualidad y noticias\",\"alternateName\":\"El Digital de Asturias - Diario de actualidad y noticias\",\"description\":\"Hemeroteca\",\"inLanguage\":\"es-ES\",\"publisher\":{\"@id\":\"https:\\\/\\\/www.eldigitaldeasturias.com\\\/noticias\\\/#organization\"}}]}\n\t\t<\/script>\n\t\t<!-- All in One SEO Pro -->\r\n\t\t<title>Desarrollo Rural prepara ayudas para la sequ\u00eda en Arag\u00f3n - El Digital de Asturias<\/title>\n\n","aioseo_head_json":{"title":"Desarrollo Rural prepara ayudas para la sequ\u00eda en Arag\u00f3n - El Digital de Asturias","description":"El a\u00f1o 2017 se est\u00e1 caracterizando, desde el punto de vista clim\u00e1tico, por un importante d\u00e9ficit de precipitaciones con incidencia en toda Espa\u00f1a, pero tambi\u00e9n en determinadas comarcas de la Comunidad Aut\u00f3noma de Arag\u00f3n, que ya estaban afectadas por la escasa pluviometr\u00eda de la campa\u00f1a anterior. Por otra parte, desde el a\u00f1o 2016 confluyen circunstancias","canonical_url":"https:\/\/www.eldigitaldeasturias.com\/noticias\/desarrollo-rural-prepara-ayudas-para-la-sequia-en-aragon\/","robots":"max-image-preview:large","keywords":"actualidad","webmasterTools":{"google-site-verification":"UA-38556648-1","msvalidate.01":"7dfe9f3f1b24437ab69f4f2559babe99","miscellaneous":""},"schema":{"@context":"https:\/\/schema.org","@graph":[{"@type":"BlogPosting","@id":"https:\/\/www.eldigitaldeasturias.com\/noticias\/desarrollo-rural-prepara-ayudas-para-la-sequia-en-aragon\/#blogposting","name":"Desarrollo Rural prepara ayudas para la sequ\u00eda en Arag\u00f3n - El Digital de Asturias","headline":"Desarrollo Rural prepara ayudas para la sequ\u00eda en Arag\u00f3n","author":{"@id":"https:\/\/www.eldigitaldeasturias.com\/noticias\/author\/admin\/#author"},"publisher":{"@id":"https:\/\/www.eldigitaldeasturias.com\/noticias\/#organization"},"image":{"@type":"ImageObject","url":950443},"datePublished":"2017-08-21T15:15:03+02:00","dateModified":"2017-08-21T15:15:03+02:00","inLanguage":"es-ES","mainEntityOfPage":{"@id":"https:\/\/www.eldigitaldeasturias.com\/noticias\/desarrollo-rural-prepara-ayudas-para-la-sequia-en-aragon\/#webpage"},"isPartOf":{"@id":"https:\/\/www.eldigitaldeasturias.com\/noticias\/desarrollo-rural-prepara-ayudas-para-la-sequia-en-aragon\/#webpage"},"articleSection":"Actualidad"},{"@type":"BreadcrumbList","@id":"https:\/\/www.eldigitaldeasturias.com\/noticias\/desarrollo-rural-prepara-ayudas-para-la-sequia-en-aragon\/#breadcrumblist","itemListElement":[{"@type":"ListItem","@id":"https:\/\/www.eldigitaldeasturias.com\/noticias#listItem","position":1,"name":"Home","item":"https:\/\/www.eldigitaldeasturias.com\/noticias","nextItem":{"@type":"ListItem","@id":"https:\/\/www.eldigitaldeasturias.com\/noticias\/category\/actualidad\/#listItem","name":"Actualidad"}},{"@type":"ListItem","@id":"https:\/\/www.eldigitaldeasturias.com\/noticias\/category\/actualidad\/#listItem","position":2,"name":"Actualidad","item":"https:\/\/www.eldigitaldeasturias.com\/noticias\/category\/actualidad\/","nextItem":{"@type":"ListItem","@id":"https:\/\/www.eldigitaldeasturias.com\/noticias\/desarrollo-rural-prepara-ayudas-para-la-sequia-en-aragon\/#listItem","name":"Desarrollo Rural prepara ayudas para la sequ\u00eda en Arag\u00f3n"},"previousItem":{"@type":"ListItem","@id":"https:\/\/www.eldigitaldeasturias.com\/noticias#listItem","name":"Home"}},{"@type":"ListItem","@id":"https:\/\/www.eldigitaldeasturias.com\/noticias\/desarrollo-rural-prepara-ayudas-para-la-sequia-en-aragon\/#listItem","position":3,"name":"Desarrollo Rural prepara ayudas para la sequ\u00eda en Arag\u00f3n","previousItem":{"@type":"ListItem","@id":"https:\/\/www.eldigitaldeasturias.com\/noticias\/category\/actualidad\/#listItem","name":"Actualidad"}}]},{"@type":"Organization","@id":"https:\/\/www.eldigitaldeasturias.com\/noticias\/#organization","name":"El Digital de Asturias","description":"Hemeroteca","url":"https:\/\/www.eldigitaldeasturias.com\/noticias\/","email":"info@eldigitaldeasturias.com","telephone":"+34652131393","logo":{"@type":"ImageObject","url":"https:\/\/www.eldigitaldeasturias.com\/noticias\/wp-content\/uploads\/2020\/12\/EDA.jpg","@id":"https:\/\/www.eldigitaldeasturias.com\/noticias\/desarrollo-rural-prepara-ayudas-para-la-sequia-en-aragon\/#organizationLogo"},"image":{"@id":"https:\/\/www.eldigitaldeasturias.com\/noticias\/desarrollo-rural-prepara-ayudas-para-la-sequia-en-aragon\/#organizationLogo"},"sameAs":["https:\/\/facebook.com\/eldigitaldeasturias","https:\/\/www.youtube.com\/channel\/UCZP-2wLEB9Rv6erhFmqVnvg"],"address":{"@id":"https:\/\/www.eldigitaldeasturias.com\/noticias\/#postaladdress","@type":"PostalAddress","streetAddress":"san antonio 4","postalCode":"33430","addressLocality":"Cand\u00e1s","addressRegion":"Asturias","addressCountry":"ES"}},{"@type":"Person","@id":"https:\/\/www.eldigitaldeasturias.com\/noticias\/author\/admin\/#author","url":"https:\/\/www.eldigitaldeasturias.com\/noticias\/author\/admin\/","name":"El Digital de Asturias","image":{"@type":"ImageObject","@id":"https:\/\/www.eldigitaldeasturias.com\/noticias\/desarrollo-rural-prepara-ayudas-para-la-sequia-en-aragon\/#authorImage","url":"https:\/\/secure.gravatar.com\/avatar\/df2aeffc32bcd13f8d26072ef8a91b623d677766deac7f97ca815868cd41bf5e?s=96&d=mm&r=g","width":96,"height":96,"caption":"El Digital de Asturias"}},{"@type":"WebPage","@id":"https:\/\/www.eldigitaldeasturias.com\/noticias\/desarrollo-rural-prepara-ayudas-para-la-sequia-en-aragon\/#webpage","url":"https:\/\/www.eldigitaldeasturias.com\/noticias\/desarrollo-rural-prepara-ayudas-para-la-sequia-en-aragon\/","name":"Desarrollo Rural prepara ayudas para la sequ\u00eda en Arag\u00f3n - El Digital de Asturias","description":"El a\u00f1o 2017 se est\u00e1 caracterizando, desde el punto de vista clim\u00e1tico, por un importante d\u00e9ficit de precipitaciones con incidencia en toda Espa\u00f1a, pero tambi\u00e9n en determinadas comarcas de la Comunidad Aut\u00f3noma de Arag\u00f3n, que ya estaban afectadas por la escasa pluviometr\u00eda de la campa\u00f1a anterior. Por otra parte, desde el a\u00f1o 2016 confluyen circunstancias","inLanguage":"es-ES","isPartOf":{"@id":"https:\/\/www.eldigitaldeasturias.com\/noticias\/#website"},"breadcrumb":{"@id":"https:\/\/www.eldigitaldeasturias.com\/noticias\/desarrollo-rural-prepara-ayudas-para-la-sequia-en-aragon\/#breadcrumblist"},"author":{"@id":"https:\/\/www.eldigitaldeasturias.com\/noticias\/author\/admin\/#author"},"creator":{"@id":"https:\/\/www.eldigitaldeasturias.com\/noticias\/author\/admin\/#author"},"image":{"@type":"ImageObject","url":950443,"@id":"https:\/\/www.eldigitaldeasturias.com\/noticias\/desarrollo-rural-prepara-ayudas-para-la-sequia-en-aragon\/#mainImage"},"primaryImageOfPage":{"@id":"https:\/\/www.eldigitaldeasturias.com\/noticias\/desarrollo-rural-prepara-ayudas-para-la-sequia-en-aragon\/#mainImage"},"datePublished":"2017-08-21T15:15:03+02:00","dateModified":"2017-08-21T15:15:03+02:00"},{"@type":"WebSite","@id":"https:\/\/www.eldigitaldeasturias.com\/noticias\/#website","url":"https:\/\/www.eldigitaldeasturias.com\/noticias\/","name":"El Digital de Asturias - Diario de actualidad y noticias","alternateName":"El Digital de Asturias - Diario de actualidad y noticias","description":"Hemeroteca","inLanguage":"es-ES","publisher":{"@id":"https:\/\/www.eldigitaldeasturias.com\/noticias\/#organization"}}]},"og:locale":"es_ES","og:site_name":"El Digital de Asturias","og:type":"article","og:title":"Desarrollo Rural prepara ayudas para la sequ\u00eda en Arag\u00f3n - El Digital de Asturias","og:description":"El a\u00f1o 2017 se est\u00e1 caracterizando, desde el punto de vista clim\u00e1tico, por un importante d\u00e9ficit de precipitaciones con incidencia en toda Espa\u00f1a, pero tambi\u00e9n en determinadas comarcas de la Comunidad Aut\u00f3noma de Arag\u00f3n, que ya estaban afectadas por la escasa pluviometr\u00eda de la campa\u00f1a anterior. Por otra parte, desde el a\u00f1o 2016 confluyen circunstancias","og:url":"https:\/\/www.eldigitaldeasturias.com\/noticias\/desarrollo-rural-prepara-ayudas-para-la-sequia-en-aragon\/","article:tag":["actualidad"],"article:published_time":"2017-08-21T15:15:03+00:00","article:modified_time":"2017-08-21T15:15:03+00:00","article:publisher":"https:\/\/facebook.com\/eldigitaldeasturias","twitter:card":"summary_large_image","twitter:title":"Desarrollo Rural prepara ayudas para la sequ\u00eda en Arag\u00f3n - El Digital de Asturias","twitter:description":"El a\u00f1o 2017 se est\u00e1 caracterizando, desde el punto de vista clim\u00e1tico, por un importante d\u00e9ficit de precipitaciones con incidencia en toda Espa\u00f1a, pero tambi\u00e9n en determinadas comarcas de la Comunidad Aut\u00f3noma de Arag\u00f3n, que ya estaban afectadas por la escasa pluviometr\u00eda de la campa\u00f1a anterior. Por otra parte, desde el a\u00f1o 2016 confluyen circunstancias","twitter:image":"https:\/\/www.eldigitaldeasturias.com\/noticias\/wp-content\/uploads\/2020\/12\/EDA-1.jpg","twitter:label1":"Escrito por","twitter:data1":"El Digital de Asturias","twitter:label2":"Tiempo de lectura estimado","twitter:data2":"5 minutos"},"aioseo_meta_data":{"post_id":"950442","title":null,"description":null,"keywords":null,"keyphrases":null,"primary_term":null,"canonical_url":null,"og_title":null,"og_description":null,"og_object_type":"default","og_image_type":"default","og_image_url":null,"og_image_width":null,"og_image_height":null,"og_image_custom_url":null,"og_image_custom_fields":null,"og_video":null,"og_custom_url":null,"og_article_section":null,"og_article_tags":null,"twitter_use_og":false,"twitter_card":"default","twitter_image_type":"default","twitter_image_url":null,"twitter_image_custom_url":null,"twitter_image_custom_fields":null,"twitter_title":null,"twitter_description":null,"schema":{"blockGraphs":[],"customGraphs":[],"default":{"data":{"Article":[],"Course":[],"Dataset":[],"FAQPage":[],"Movie":[],"Person":[],"Product":[],"ProductReview":[],"Car":[],"Recipe":[],"Service":[],"SoftwareApplication":[],"WebPage":[]},"graphName":"","isEnabled":true},"graphs":[],"defaultGraph":"","defaultPostTypeGraph":""},"schema_type":null,"schema_type_options":null,"pillar_content":false,"robots_default":true,"robots_noindex":false,"robots_noarchive":false,"robots_nosnippet":false,"robots_nofollow":false,"robots_noimageindex":false,"robots_noodp":false,"robots_notranslate":false,"robots_max_snippet":null,"robots_max_videopreview":null,"robots_max_imagepreview":"large","priority":null,"frequency":null,"local_seo":null,"seo_analyzer_scan_date":"2025-12-05 15:53:18","breadcrumb_settings":null,"limit_modified_date":false,"open_ai":null,"ai":null,"created":"2020-12-21 12:59:39","updated":"2025-12-05 15:53:18","focus_keyword":null,"additional_keywords":null,"truseo_locale":null},"aioseo_breadcrumb":"<div class=\"aioseo-breadcrumbs\"><span class=\"aioseo-breadcrumb\">\n\t<a href=\"https:\/\/www.eldigitaldeasturias.com\/noticias\" title=\"Home\">Home<\/a>\n<\/span><span class=\"aioseo-breadcrumb-separator\">\u2013<\/span><span class=\"aioseo-breadcrumb\">\n\t<a href=\"https:\/\/www.eldigitaldeasturias.com\/noticias\/category\/actualidad\/\" title=\"Actualidad\">Actualidad<\/a>\n<\/span><span class=\"aioseo-breadcrumb-separator\">\u2013<\/span><span class=\"aioseo-breadcrumb\">\n\t<a href=\"https:\/\/www.eldigitaldeasturias.com\/noticias\/desarrollo-rural-prepara-ayudas-para-la-sequia-en-aragon\/\" title=\"Desarrollo Rural prepara ayudas para la sequ\u00eda en Arag\u00f3n\">Desarrollo Rural prepara ayudas para la sequ\u00eda en Arag\u00f3n<\/a>\n<\/span><\/div>","aioseo_breadcrumb_json":[{"label":"Home","link":"https:\/\/www.eldigitaldeasturias.com\/noticias"},{"label":"Actualidad","link":"https:\/\/www.eldigitaldeasturias.com\/noticias\/category\/actualidad\/"},{"label":"Desarrollo Rural prepara ayudas para la sequ\u00eda en Arag\u00f3n","link":"https:\/\/www.eldigitaldeasturias.com\/noticias\/desarrollo-rural-prepara-ayudas-para-la-sequia-en-aragon\/"}],"_links":{"self":[{"href":"https:\/\/www.eldigitaldeasturias.com\/noticias\/wp-json\/wp\/v2\/posts\/950442","targetHints":{"allow":["GET"]}}],"collection":[{"href":"https:\/\/www.eldigitaldeasturias.com\/noticias\/wp-json\/wp\/v2\/posts"}],"about":[{"href":"https:\/\/www.eldigitaldeasturias.com\/noticias\/wp-json\/wp\/v2\/types\/post"}],"author":[{"embeddable":true,"href":"https:\/\/www.eldigitaldeasturias.com\/noticias\/wp-json\/wp\/v2\/users\/1"}],"replies":[{"embeddable":true,"href":"https:\/\/www.eldigitaldeasturias.com\/noticias\/wp-json\/wp\/v2\/comments?post=950442"}],"version-history":[{"count":0,"href":"https:\/\/www.eldigitaldeasturias.com\/noticias\/wp-json\/wp\/v2\/posts\/950442\/revisions"}],"wp:attachment":[{"href":"https:\/\/www.eldigitaldeasturias.com\/noticias\/wp-json\/wp\/v2\/media?parent=950442"}],"wp:term":[{"taxonomy":"category","embeddable":true,"href":"https:\/\/www.eldigitaldeasturias.com\/noticias\/wp-json\/wp\/v2\/categories?post=950442"},{"taxonomy":"post_tag","embeddable":true,"href":"https:\/\/www.eldigitaldeasturias.com\/noticias\/wp-json\/wp\/v2\/tags?post=950442"}],"curies":[{"name":"wp","href":"https:\/\/api.w.org\/{rel}","templated":true}]}}