{"id":950427,"date":"2017-08-21T14:49:13","date_gmt":"2017-08-21T14:49:13","guid":{"rendered":"http:\/\/www.eldigitaldeasturias.com\/noticias\/?p=950427"},"modified":"2017-08-21T14:49:13","modified_gmt":"2017-08-21T14:49:13","slug":"el-gobierno-de-aragon-colaborara-en-la-financiacion-del-master-en-prevencion-de-riesgos-laborales","status":"publish","type":"post","link":"https:\/\/www.eldigitaldeasturias.com\/noticias\/el-gobierno-de-aragon-colaborara-en-la-financiacion-del-master-en-prevencion-de-riesgos-laborales\/","title":{"rendered":"El Gobierno de Arag\u00f3n colaborar\u00e1 en la financiaci\u00f3n del M\u00e1ster en prevenci\u00f3n de riesgos laborales"},"content":{"rendered":"<p><img loading=\"lazy\" decoding=\"async\" class=\"alignleft size-medium wp-image-950428\" src=\"https:\/\/www.eldigitaldeasturias.com\/noticias\/wp-content\/uploads\/2017\/08\/2593395_960_720-360x240.jpg\" alt=\"\" width=\"360\" height=\"240\" \/>El Departamento de Econom\u00eda, Industria y Empleo ha suscrito un convenio con la Universidad de Zaragoza para la financiaci\u00f3n de la C\u00e1tedra FREMAP de prevenci\u00f3n de riesgos laborales durante este a\u00f1o. Los objetivos fundamentales de la C\u00e1tedra de Prevenci\u00f3n de FREMAP son, por una parte, apoyar e incentivar proyectos de investigaci\u00f3n sobre prevenci\u00f3n de riesgos laborales y, por otra, participar en la organizaci\u00f3n de cursos de actualizaci\u00f3n y especializaci\u00f3n de formaci\u00f3n en prevenci\u00f3n de riesgos laborales, incluida la mejora continua del Master Universitario en prevenci\u00f3n de riesgos laborales.<\/p>\n<p>Las acciones a subvencionar se enmarcan en el objetivo estrat\u00e9gico de \u00abimpulsar la formaci\u00f3n y educaci\u00f3n en seguridad y salud\u00bb recogido en la Estrategia Aragonesa para la Seguridad y Salud en el Trabajo 2017-2020, fruto del consenso establecido en el seno del Consejo Aragon\u00e9s de Seguridad y Salud Laboral.<\/p>\n<p>En el mes de julio, el Consejo de Gobierno daba luz verde al texto del convenio de colaboraci\u00f3n entre el Gobierno de Arag\u00f3n, a trav\u00e9s del Departamento de Econom\u00eda, Industria y Empleo, y la Universidad de Zaragoza para el desarrollo de actividades orientadas a la investigaci\u00f3n, desarrollo cient\u00edfico y formaci\u00f3n en materia de prevenci\u00f3n de riesgos laborales. Dicho convenio supone una aportaci\u00f3n econ\u00f3mica de 18.000 euros para el ejercicio del 2017.<\/p>\n<p>Las acciones objeto de subvenci\u00f3n son la realizaci\u00f3n, dentro de la C\u00e1tedra FREMAP de la UNIZAR, del Master en Prevenci\u00f3n de Riesgos Laborales y diversas jornadas de divulgaci\u00f3n y formaci\u00f3n de car\u00e1cter t\u00e9cnico, todo ello en el marco de la difusi\u00f3n e implantaci\u00f3n de la cultura preventiva.<\/p>\n","protected":false},"excerpt":{"rendered":"<p>El Departamento de Econom\u00eda, Industria y Empleo ha suscrito un convenio con la Universidad de Zaragoza para la financiaci\u00f3n de la C\u00e1tedra FREMAP de prevenci\u00f3n de riesgos laborales durante este a\u00f1o. Los objetivos fundamentales de la C\u00e1tedra de Prevenci\u00f3n de FREMAP son, por una parte, apoyar e incentivar proyectos de investigaci\u00f3n sobre prevenci\u00f3n de riesgos [&hellip;]<\/p>\n","protected":false},"author":1,"featured_media":950428,"comment_status":"closed","ping_status":"closed","sticky":false,"template":"","format":"standard","meta":{"footnotes":""},"categories":[1],"tags":[],"class_list":["post-950427","post","type-post","status-publish","format-standard","has-post-thumbnail","hentry","category-actualidad"],"aioseo_notices":[],"aioseo_head":"\n\t\t<!-- All in One SEO Pro 5.0.1 - aioseo.com -->\n\t<meta name=\"description\" content=\"El Departamento de Econom\u00eda, Industria y Empleo ha suscrito un convenio con la Universidad de Zaragoza para la financiaci\u00f3n de la C\u00e1tedra FREMAP de prevenci\u00f3n de riesgos laborales durante este a\u00f1o. Los objetivos fundamentales de la C\u00e1tedra de Prevenci\u00f3n de FREMAP son, por una parte, apoyar e incentivar proyectos de investigaci\u00f3n sobre prevenci\u00f3n de riesgos\" \/>\n\t<meta name=\"robots\" content=\"max-image-preview:large\" \/>\n\t<meta name=\"author\" content=\"El Digital de Asturias\"\/>\n\t<meta name=\"google-site-verification\" content=\"UA-38556648-1\" \/>\n\t<meta name=\"msvalidate.01\" content=\"7dfe9f3f1b24437ab69f4f2559babe99\" \/>\n\t<meta name=\"keywords\" content=\"actualidad\" \/>\n\t<link rel=\"canonical\" href=\"https:\/\/www.eldigitaldeasturias.com\/noticias\/el-gobierno-de-aragon-colaborara-en-la-financiacion-del-master-en-prevencion-de-riesgos-laborales\/\" \/>\n\t<meta name=\"generator\" content=\"All in One SEO Pro (AIOSEO) 5.0.1\" \/>\n\t\t<meta property=\"og:locale\" content=\"es_ES\" \/>\n\t\t<meta property=\"og:site_name\" content=\"El Digital de Asturias\" \/>\n\t\t<meta property=\"og:type\" content=\"article\" \/>\n\t\t<meta property=\"og:title\" content=\"El Gobierno de Arag\u00f3n colaborar\u00e1 en la financiaci\u00f3n del M\u00e1ster en prevenci\u00f3n de riesgos laborales - El Digital de Asturias\" \/>\n\t\t<meta property=\"og:description\" content=\"El Departamento de Econom\u00eda, Industria y Empleo ha suscrito un convenio con la Universidad de Zaragoza para la financiaci\u00f3n de la C\u00e1tedra FREMAP de prevenci\u00f3n de riesgos laborales durante este a\u00f1o. Los objetivos fundamentales de la C\u00e1tedra de Prevenci\u00f3n de FREMAP son, por una parte, apoyar e incentivar proyectos de investigaci\u00f3n sobre prevenci\u00f3n de riesgos\" \/>\n\t\t<meta property=\"og:url\" content=\"https:\/\/www.eldigitaldeasturias.com\/noticias\/el-gobierno-de-aragon-colaborara-en-la-financiacion-del-master-en-prevencion-de-riesgos-laborales\/\" \/>\n\t\t<meta property=\"article:tag\" content=\"actualidad\" \/>\n\t\t<meta property=\"article:published_time\" content=\"2017-08-21T14:49:13+00:00\" \/>\n\t\t<meta property=\"article:modified_time\" content=\"2017-08-21T14:49:13+00:00\" \/>\n\t\t<meta property=\"article:publisher\" content=\"https:\/\/facebook.com\/eldigitaldeasturias\" \/>\n\t\t<meta name=\"twitter:card\" content=\"summary_large_image\" \/>\n\t\t<meta name=\"twitter:title\" content=\"El Gobierno de Arag\u00f3n colaborar\u00e1 en la financiaci\u00f3n del M\u00e1ster en prevenci\u00f3n de riesgos laborales - El Digital de Asturias\" \/>\n\t\t<meta name=\"twitter:description\" content=\"El Departamento de Econom\u00eda, Industria y Empleo ha suscrito un convenio con la Universidad de Zaragoza para la financiaci\u00f3n de la C\u00e1tedra FREMAP de prevenci\u00f3n de riesgos laborales durante este a\u00f1o. Los objetivos fundamentales de la C\u00e1tedra de Prevenci\u00f3n de FREMAP son, por una parte, apoyar e incentivar proyectos de investigaci\u00f3n sobre prevenci\u00f3n de riesgos\" \/>\n\t\t<meta name=\"twitter:image\" content=\"https:\/\/www.eldigitaldeasturias.com\/noticias\/wp-content\/uploads\/2020\/12\/EDA-1.jpg\" \/>\n\t\t<meta name=\"twitter:label1\" content=\"Escrito por\" \/>\n\t\t<meta name=\"twitter:data1\" content=\"El Digital de Asturias\" \/>\n\t\t<meta name=\"twitter:label2\" content=\"Tiempo de lectura estimado\" \/>\n\t\t<meta name=\"twitter:data2\" content=\"1 minuto\" \/>\n\t\t<script type=\"application\/ld+json\" class=\"aioseo-schema\">\n\t\t\t{\"@context\":\"https:\\\/\\\/schema.org\",\"@graph\":[{\"@type\":\"BlogPosting\",\"@id\":\"https:\\\/\\\/www.eldigitaldeasturias.com\\\/noticias\\\/el-gobierno-de-aragon-colaborara-en-la-financiacion-del-master-en-prevencion-de-riesgos-laborales\\\/#blogposting\",\"name\":\"El Gobierno de Arag\\u00f3n colaborar\\u00e1 en la financiaci\\u00f3n del M\\u00e1ster en prevenci\\u00f3n de riesgos laborales - El Digital de Asturias\",\"headline\":\"El Gobierno de Arag\\u00f3n colaborar\\u00e1 en la financiaci\\u00f3n del M\\u00e1ster en prevenci\\u00f3n de riesgos laborales\",\"author\":{\"@id\":\"https:\\\/\\\/www.eldigitaldeasturias.com\\\/noticias\\\/author\\\/admin\\\/#author\"},\"publisher\":{\"@id\":\"https:\\\/\\\/www.eldigitaldeasturias.com\\\/noticias\\\/#organization\"},\"image\":{\"@type\":\"ImageObject\",\"url\":950428},\"datePublished\":\"2017-08-21T14:49:13+02:00\",\"dateModified\":\"2017-08-21T14:49:13+02:00\",\"inLanguage\":\"es-ES\",\"mainEntityOfPage\":{\"@id\":\"https:\\\/\\\/www.eldigitaldeasturias.com\\\/noticias\\\/el-gobierno-de-aragon-colaborara-en-la-financiacion-del-master-en-prevencion-de-riesgos-laborales\\\/#webpage\"},\"isPartOf\":{\"@id\":\"https:\\\/\\\/www.eldigitaldeasturias.com\\\/noticias\\\/el-gobierno-de-aragon-colaborara-en-la-financiacion-del-master-en-prevencion-de-riesgos-laborales\\\/#webpage\"},\"articleSection\":\"Actualidad\"},{\"@type\":\"BreadcrumbList\",\"@id\":\"https:\\\/\\\/www.eldigitaldeasturias.com\\\/noticias\\\/el-gobierno-de-aragon-colaborara-en-la-financiacion-del-master-en-prevencion-de-riesgos-laborales\\\/#breadcrumblist\",\"itemListElement\":[{\"@type\":\"ListItem\",\"@id\":\"https:\\\/\\\/www.eldigitaldeasturias.com\\\/noticias#listItem\",\"position\":1,\"name\":\"Home\",\"item\":\"https:\\\/\\\/www.eldigitaldeasturias.com\\\/noticias\",\"nextItem\":{\"@type\":\"ListItem\",\"@id\":\"https:\\\/\\\/www.eldigitaldeasturias.com\\\/noticias\\\/category\\\/actualidad\\\/#listItem\",\"name\":\"Actualidad\"}},{\"@type\":\"ListItem\",\"@id\":\"https:\\\/\\\/www.eldigitaldeasturias.com\\\/noticias\\\/category\\\/actualidad\\\/#listItem\",\"position\":2,\"name\":\"Actualidad\",\"item\":\"https:\\\/\\\/www.eldigitaldeasturias.com\\\/noticias\\\/category\\\/actualidad\\\/\",\"nextItem\":{\"@type\":\"ListItem\",\"@id\":\"https:\\\/\\\/www.eldigitaldeasturias.com\\\/noticias\\\/el-gobierno-de-aragon-colaborara-en-la-financiacion-del-master-en-prevencion-de-riesgos-laborales\\\/#listItem\",\"name\":\"El Gobierno de Arag\\u00f3n colaborar\\u00e1 en la financiaci\\u00f3n del M\\u00e1ster en prevenci\\u00f3n de riesgos laborales\"},\"previousItem\":{\"@type\":\"ListItem\",\"@id\":\"https:\\\/\\\/www.eldigitaldeasturias.com\\\/noticias#listItem\",\"name\":\"Home\"}},{\"@type\":\"ListItem\",\"@id\":\"https:\\\/\\\/www.eldigitaldeasturias.com\\\/noticias\\\/el-gobierno-de-aragon-colaborara-en-la-financiacion-del-master-en-prevencion-de-riesgos-laborales\\\/#listItem\",\"position\":3,\"name\":\"El Gobierno de Arag\\u00f3n colaborar\\u00e1 en la financiaci\\u00f3n del M\\u00e1ster en prevenci\\u00f3n de riesgos laborales\",\"previousItem\":{\"@type\":\"ListItem\",\"@id\":\"https:\\\/\\\/www.eldigitaldeasturias.com\\\/noticias\\\/category\\\/actualidad\\\/#listItem\",\"name\":\"Actualidad\"}}]},{\"@type\":\"Organization\",\"@id\":\"https:\\\/\\\/www.eldigitaldeasturias.com\\\/noticias\\\/#organization\",\"name\":\"El Digital de Asturias\",\"description\":\"Hemeroteca\",\"url\":\"https:\\\/\\\/www.eldigitaldeasturias.com\\\/noticias\\\/\",\"email\":\"info@eldigitaldeasturias.com\",\"telephone\":\"+34652131393\",\"logo\":{\"@type\":\"ImageObject\",\"url\":\"https:\\\/\\\/www.eldigitaldeasturias.com\\\/noticias\\\/wp-content\\\/uploads\\\/2020\\\/12\\\/EDA.jpg\",\"@id\":\"https:\\\/\\\/www.eldigitaldeasturias.com\\\/noticias\\\/el-gobierno-de-aragon-colaborara-en-la-financiacion-del-master-en-prevencion-de-riesgos-laborales\\\/#organizationLogo\"},\"image\":{\"@id\":\"https:\\\/\\\/www.eldigitaldeasturias.com\\\/noticias\\\/el-gobierno-de-aragon-colaborara-en-la-financiacion-del-master-en-prevencion-de-riesgos-laborales\\\/#organizationLogo\"},\"sameAs\":[\"https:\\\/\\\/facebook.com\\\/eldigitaldeasturias\",\"https:\\\/\\\/www.youtube.com\\\/channel\\\/UCZP-2wLEB9Rv6erhFmqVnvg\"],\"address\":{\"@id\":\"https:\\\/\\\/www.eldigitaldeasturias.com\\\/noticias\\\/#postaladdress\",\"@type\":\"PostalAddress\",\"streetAddress\":\"san antonio 4\",\"postalCode\":\"33430\",\"addressLocality\":\"Cand\\u00e1s\",\"addressRegion\":\"Asturias\",\"addressCountry\":\"ES\"}},{\"@type\":\"Person\",\"@id\":\"https:\\\/\\\/www.eldigitaldeasturias.com\\\/noticias\\\/author\\\/admin\\\/#author\",\"url\":\"https:\\\/\\\/www.eldigitaldeasturias.com\\\/noticias\\\/author\\\/admin\\\/\",\"name\":\"El Digital de Asturias\",\"image\":{\"@type\":\"ImageObject\",\"@id\":\"https:\\\/\\\/www.eldigitaldeasturias.com\\\/noticias\\\/el-gobierno-de-aragon-colaborara-en-la-financiacion-del-master-en-prevencion-de-riesgos-laborales\\\/#authorImage\",\"url\":\"https:\\\/\\\/secure.gravatar.com\\\/avatar\\\/df2aeffc32bcd13f8d26072ef8a91b623d677766deac7f97ca815868cd41bf5e?s=96&d=mm&r=g\",\"width\":96,\"height\":96,\"caption\":\"El Digital de Asturias\"}},{\"@type\":\"WebPage\",\"@id\":\"https:\\\/\\\/www.eldigitaldeasturias.com\\\/noticias\\\/el-gobierno-de-aragon-colaborara-en-la-financiacion-del-master-en-prevencion-de-riesgos-laborales\\\/#webpage\",\"url\":\"https:\\\/\\\/www.eldigitaldeasturias.com\\\/noticias\\\/el-gobierno-de-aragon-colaborara-en-la-financiacion-del-master-en-prevencion-de-riesgos-laborales\\\/\",\"name\":\"El Gobierno de Arag\\u00f3n colaborar\\u00e1 en la financiaci\\u00f3n del M\\u00e1ster en prevenci\\u00f3n de riesgos laborales - El Digital de Asturias\",\"description\":\"El Departamento de Econom\\u00eda, Industria y Empleo ha suscrito un convenio con la Universidad de Zaragoza para la financiaci\\u00f3n de la C\\u00e1tedra FREMAP de prevenci\\u00f3n de riesgos laborales durante este a\\u00f1o. Los objetivos fundamentales de la C\\u00e1tedra de Prevenci\\u00f3n de FREMAP son, por una parte, apoyar e incentivar proyectos de investigaci\\u00f3n sobre prevenci\\u00f3n de riesgos\",\"inLanguage\":\"es-ES\",\"isPartOf\":{\"@id\":\"https:\\\/\\\/www.eldigitaldeasturias.com\\\/noticias\\\/#website\"},\"breadcrumb\":{\"@id\":\"https:\\\/\\\/www.eldigitaldeasturias.com\\\/noticias\\\/el-gobierno-de-aragon-colaborara-en-la-financiacion-del-master-en-prevencion-de-riesgos-laborales\\\/#breadcrumblist\"},\"author\":{\"@id\":\"https:\\\/\\\/www.eldigitaldeasturias.com\\\/noticias\\\/author\\\/admin\\\/#author\"},\"creator\":{\"@id\":\"https:\\\/\\\/www.eldigitaldeasturias.com\\\/noticias\\\/author\\\/admin\\\/#author\"},\"image\":{\"@type\":\"ImageObject\",\"url\":950428,\"@id\":\"https:\\\/\\\/www.eldigitaldeasturias.com\\\/noticias\\\/el-gobierno-de-aragon-colaborara-en-la-financiacion-del-master-en-prevencion-de-riesgos-laborales\\\/#mainImage\"},\"primaryImageOfPage\":{\"@id\":\"https:\\\/\\\/www.eldigitaldeasturias.com\\\/noticias\\\/el-gobierno-de-aragon-colaborara-en-la-financiacion-del-master-en-prevencion-de-riesgos-laborales\\\/#mainImage\"},\"datePublished\":\"2017-08-21T14:49:13+02:00\",\"dateModified\":\"2017-08-21T14:49:13+02:00\"},{\"@type\":\"WebSite\",\"@id\":\"https:\\\/\\\/www.eldigitaldeasturias.com\\\/noticias\\\/#website\",\"url\":\"https:\\\/\\\/www.eldigitaldeasturias.com\\\/noticias\\\/\",\"name\":\"El Digital de Asturias - Diario de actualidad y noticias\",\"alternateName\":\"El Digital de Asturias - Diario de actualidad y noticias\",\"description\":\"Hemeroteca\",\"inLanguage\":\"es-ES\",\"publisher\":{\"@id\":\"https:\\\/\\\/www.eldigitaldeasturias.com\\\/noticias\\\/#organization\"}}]}\n\t\t<\/script>\n\t\t<!-- All in One SEO Pro -->\r\n\t\t<title>El Gobierno de Arag\u00f3n colaborar\u00e1 en la financiaci\u00f3n del M\u00e1ster en prevenci\u00f3n de riesgos laborales - El Digital de Asturias<\/title>\n\n","aioseo_head_json":{"title":"El Gobierno de Arag\u00f3n colaborar\u00e1 en la financiaci\u00f3n del M\u00e1ster en prevenci\u00f3n de riesgos laborales - El Digital de Asturias","description":"El Departamento de Econom\u00eda, Industria y Empleo ha suscrito un convenio con la Universidad de Zaragoza para la financiaci\u00f3n de la C\u00e1tedra FREMAP de prevenci\u00f3n de riesgos laborales durante este a\u00f1o. Los objetivos fundamentales de la C\u00e1tedra de Prevenci\u00f3n de FREMAP son, por una parte, apoyar e incentivar proyectos de investigaci\u00f3n sobre prevenci\u00f3n de riesgos","canonical_url":"https:\/\/www.eldigitaldeasturias.com\/noticias\/el-gobierno-de-aragon-colaborara-en-la-financiacion-del-master-en-prevencion-de-riesgos-laborales\/","robots":"max-image-preview:large","keywords":"actualidad","webmasterTools":{"google-site-verification":"UA-38556648-1","msvalidate.01":"7dfe9f3f1b24437ab69f4f2559babe99","miscellaneous":""},"schema":{"@context":"https:\/\/schema.org","@graph":[{"@type":"BlogPosting","@id":"https:\/\/www.eldigitaldeasturias.com\/noticias\/el-gobierno-de-aragon-colaborara-en-la-financiacion-del-master-en-prevencion-de-riesgos-laborales\/#blogposting","name":"El Gobierno de Arag\u00f3n colaborar\u00e1 en la financiaci\u00f3n del M\u00e1ster en prevenci\u00f3n de riesgos laborales - El Digital de Asturias","headline":"El Gobierno de Arag\u00f3n colaborar\u00e1 en la financiaci\u00f3n del M\u00e1ster en prevenci\u00f3n de riesgos laborales","author":{"@id":"https:\/\/www.eldigitaldeasturias.com\/noticias\/author\/admin\/#author"},"publisher":{"@id":"https:\/\/www.eldigitaldeasturias.com\/noticias\/#organization"},"image":{"@type":"ImageObject","url":950428},"datePublished":"2017-08-21T14:49:13+02:00","dateModified":"2017-08-21T14:49:13+02:00","inLanguage":"es-ES","mainEntityOfPage":{"@id":"https:\/\/www.eldigitaldeasturias.com\/noticias\/el-gobierno-de-aragon-colaborara-en-la-financiacion-del-master-en-prevencion-de-riesgos-laborales\/#webpage"},"isPartOf":{"@id":"https:\/\/www.eldigitaldeasturias.com\/noticias\/el-gobierno-de-aragon-colaborara-en-la-financiacion-del-master-en-prevencion-de-riesgos-laborales\/#webpage"},"articleSection":"Actualidad"},{"@type":"BreadcrumbList","@id":"https:\/\/www.eldigitaldeasturias.com\/noticias\/el-gobierno-de-aragon-colaborara-en-la-financiacion-del-master-en-prevencion-de-riesgos-laborales\/#breadcrumblist","itemListElement":[{"@type":"ListItem","@id":"https:\/\/www.eldigitaldeasturias.com\/noticias#listItem","position":1,"name":"Home","item":"https:\/\/www.eldigitaldeasturias.com\/noticias","nextItem":{"@type":"ListItem","@id":"https:\/\/www.eldigitaldeasturias.com\/noticias\/category\/actualidad\/#listItem","name":"Actualidad"}},{"@type":"ListItem","@id":"https:\/\/www.eldigitaldeasturias.com\/noticias\/category\/actualidad\/#listItem","position":2,"name":"Actualidad","item":"https:\/\/www.eldigitaldeasturias.com\/noticias\/category\/actualidad\/","nextItem":{"@type":"ListItem","@id":"https:\/\/www.eldigitaldeasturias.com\/noticias\/el-gobierno-de-aragon-colaborara-en-la-financiacion-del-master-en-prevencion-de-riesgos-laborales\/#listItem","name":"El Gobierno de Arag\u00f3n colaborar\u00e1 en la financiaci\u00f3n del M\u00e1ster en prevenci\u00f3n de riesgos laborales"},"previousItem":{"@type":"ListItem","@id":"https:\/\/www.eldigitaldeasturias.com\/noticias#listItem","name":"Home"}},{"@type":"ListItem","@id":"https:\/\/www.eldigitaldeasturias.com\/noticias\/el-gobierno-de-aragon-colaborara-en-la-financiacion-del-master-en-prevencion-de-riesgos-laborales\/#listItem","position":3,"name":"El Gobierno de Arag\u00f3n colaborar\u00e1 en la financiaci\u00f3n del M\u00e1ster en prevenci\u00f3n de riesgos laborales","previousItem":{"@type":"ListItem","@id":"https:\/\/www.eldigitaldeasturias.com\/noticias\/category\/actualidad\/#listItem","name":"Actualidad"}}]},{"@type":"Organization","@id":"https:\/\/www.eldigitaldeasturias.com\/noticias\/#organization","name":"El Digital de Asturias","description":"Hemeroteca","url":"https:\/\/www.eldigitaldeasturias.com\/noticias\/","email":"info@eldigitaldeasturias.com","telephone":"+34652131393","logo":{"@type":"ImageObject","url":"https:\/\/www.eldigitaldeasturias.com\/noticias\/wp-content\/uploads\/2020\/12\/EDA.jpg","@id":"https:\/\/www.eldigitaldeasturias.com\/noticias\/el-gobierno-de-aragon-colaborara-en-la-financiacion-del-master-en-prevencion-de-riesgos-laborales\/#organizationLogo"},"image":{"@id":"https:\/\/www.eldigitaldeasturias.com\/noticias\/el-gobierno-de-aragon-colaborara-en-la-financiacion-del-master-en-prevencion-de-riesgos-laborales\/#organizationLogo"},"sameAs":["https:\/\/facebook.com\/eldigitaldeasturias","https:\/\/www.youtube.com\/channel\/UCZP-2wLEB9Rv6erhFmqVnvg"],"address":{"@id":"https:\/\/www.eldigitaldeasturias.com\/noticias\/#postaladdress","@type":"PostalAddress","streetAddress":"san antonio 4","postalCode":"33430","addressLocality":"Cand\u00e1s","addressRegion":"Asturias","addressCountry":"ES"}},{"@type":"Person","@id":"https:\/\/www.eldigitaldeasturias.com\/noticias\/author\/admin\/#author","url":"https:\/\/www.eldigitaldeasturias.com\/noticias\/author\/admin\/","name":"El Digital de Asturias","image":{"@type":"ImageObject","@id":"https:\/\/www.eldigitaldeasturias.com\/noticias\/el-gobierno-de-aragon-colaborara-en-la-financiacion-del-master-en-prevencion-de-riesgos-laborales\/#authorImage","url":"https:\/\/secure.gravatar.com\/avatar\/df2aeffc32bcd13f8d26072ef8a91b623d677766deac7f97ca815868cd41bf5e?s=96&d=mm&r=g","width":96,"height":96,"caption":"El Digital de Asturias"}},{"@type":"WebPage","@id":"https:\/\/www.eldigitaldeasturias.com\/noticias\/el-gobierno-de-aragon-colaborara-en-la-financiacion-del-master-en-prevencion-de-riesgos-laborales\/#webpage","url":"https:\/\/www.eldigitaldeasturias.com\/noticias\/el-gobierno-de-aragon-colaborara-en-la-financiacion-del-master-en-prevencion-de-riesgos-laborales\/","name":"El Gobierno de Arag\u00f3n colaborar\u00e1 en la financiaci\u00f3n del M\u00e1ster en prevenci\u00f3n de riesgos laborales - El Digital de Asturias","description":"El Departamento de Econom\u00eda, Industria y Empleo ha suscrito un convenio con la Universidad de Zaragoza para la financiaci\u00f3n de la C\u00e1tedra FREMAP de prevenci\u00f3n de riesgos laborales durante este a\u00f1o. Los objetivos fundamentales de la C\u00e1tedra de Prevenci\u00f3n de FREMAP son, por una parte, apoyar e incentivar proyectos de investigaci\u00f3n sobre prevenci\u00f3n de riesgos","inLanguage":"es-ES","isPartOf":{"@id":"https:\/\/www.eldigitaldeasturias.com\/noticias\/#website"},"breadcrumb":{"@id":"https:\/\/www.eldigitaldeasturias.com\/noticias\/el-gobierno-de-aragon-colaborara-en-la-financiacion-del-master-en-prevencion-de-riesgos-laborales\/#breadcrumblist"},"author":{"@id":"https:\/\/www.eldigitaldeasturias.com\/noticias\/author\/admin\/#author"},"creator":{"@id":"https:\/\/www.eldigitaldeasturias.com\/noticias\/author\/admin\/#author"},"image":{"@type":"ImageObject","url":950428,"@id":"https:\/\/www.eldigitaldeasturias.com\/noticias\/el-gobierno-de-aragon-colaborara-en-la-financiacion-del-master-en-prevencion-de-riesgos-laborales\/#mainImage"},"primaryImageOfPage":{"@id":"https:\/\/www.eldigitaldeasturias.com\/noticias\/el-gobierno-de-aragon-colaborara-en-la-financiacion-del-master-en-prevencion-de-riesgos-laborales\/#mainImage"},"datePublished":"2017-08-21T14:49:13+02:00","dateModified":"2017-08-21T14:49:13+02:00"},{"@type":"WebSite","@id":"https:\/\/www.eldigitaldeasturias.com\/noticias\/#website","url":"https:\/\/www.eldigitaldeasturias.com\/noticias\/","name":"El Digital de Asturias - Diario de actualidad y noticias","alternateName":"El Digital de Asturias - Diario de actualidad y noticias","description":"Hemeroteca","inLanguage":"es-ES","publisher":{"@id":"https:\/\/www.eldigitaldeasturias.com\/noticias\/#organization"}}]},"og:locale":"es_ES","og:site_name":"El Digital de Asturias","og:type":"article","og:title":"El Gobierno de Arag\u00f3n colaborar\u00e1 en la financiaci\u00f3n del M\u00e1ster en prevenci\u00f3n de riesgos laborales - El Digital de Asturias","og:description":"El Departamento de Econom\u00eda, Industria y Empleo ha suscrito un convenio con la Universidad de Zaragoza para la financiaci\u00f3n de la C\u00e1tedra FREMAP de prevenci\u00f3n de riesgos laborales durante este a\u00f1o. Los objetivos fundamentales de la C\u00e1tedra de Prevenci\u00f3n de FREMAP son, por una parte, apoyar e incentivar proyectos de investigaci\u00f3n sobre prevenci\u00f3n de riesgos","og:url":"https:\/\/www.eldigitaldeasturias.com\/noticias\/el-gobierno-de-aragon-colaborara-en-la-financiacion-del-master-en-prevencion-de-riesgos-laborales\/","article:tag":["actualidad"],"article:published_time":"2017-08-21T14:49:13+00:00","article:modified_time":"2017-08-21T14:49:13+00:00","article:publisher":"https:\/\/facebook.com\/eldigitaldeasturias","twitter:card":"summary_large_image","twitter:title":"El Gobierno de Arag\u00f3n colaborar\u00e1 en la financiaci\u00f3n del M\u00e1ster en prevenci\u00f3n de riesgos laborales - El Digital de Asturias","twitter:description":"El Departamento de Econom\u00eda, Industria y Empleo ha suscrito un convenio con la Universidad de Zaragoza para la financiaci\u00f3n de la C\u00e1tedra FREMAP de prevenci\u00f3n de riesgos laborales durante este a\u00f1o. Los objetivos fundamentales de la C\u00e1tedra de Prevenci\u00f3n de FREMAP son, por una parte, apoyar e incentivar proyectos de investigaci\u00f3n sobre prevenci\u00f3n de riesgos","twitter:image":"https:\/\/www.eldigitaldeasturias.com\/noticias\/wp-content\/uploads\/2020\/12\/EDA-1.jpg","twitter:label1":"Escrito por","twitter:data1":"El Digital de Asturias","twitter:label2":"Tiempo de lectura estimado","twitter:data2":"1 minuto"},"aioseo_meta_data":{"post_id":"950427","title":null,"description":null,"keywords":null,"keyphrases":null,"primary_term":null,"canonical_url":null,"og_title":null,"og_description":null,"og_object_type":"default","og_image_type":"default","og_image_url":null,"og_image_width":null,"og_image_height":null,"og_image_custom_url":null,"og_image_custom_fields":null,"og_video":null,"og_custom_url":null,"og_article_section":null,"og_article_tags":null,"twitter_use_og":false,"twitter_card":"default","twitter_image_type":"default","twitter_image_url":null,"twitter_image_custom_url":null,"twitter_image_custom_fields":null,"twitter_title":null,"twitter_description":null,"schema":{"blockGraphs":[],"customGraphs":[],"default":{"data":{"Article":[],"Course":[],"Dataset":[],"FAQPage":[],"Movie":[],"Person":[],"Product":[],"ProductReview":[],"Car":[],"Recipe":[],"Service":[],"SoftwareApplication":[],"WebPage":[]},"graphName":"","isEnabled":true},"graphs":[],"defaultGraph":"","defaultPostTypeGraph":""},"schema_type":null,"schema_type_options":null,"pillar_content":false,"robots_default":true,"robots_noindex":false,"robots_noarchive":false,"robots_nosnippet":false,"robots_nofollow":false,"robots_noimageindex":false,"robots_noodp":false,"robots_notranslate":false,"robots_max_snippet":null,"robots_max_videopreview":null,"robots_max_imagepreview":"large","priority":null,"frequency":null,"local_seo":null,"seo_analyzer_scan_date":"2025-12-05 15:48:45","breadcrumb_settings":null,"limit_modified_date":false,"open_ai":null,"ai":null,"created":"2020-12-21 12:59:39","updated":"2025-12-05 15:48:45","focus_keyword":null,"additional_keywords":null,"truseo_locale":null},"aioseo_breadcrumb":"<div class=\"aioseo-breadcrumbs\"><span class=\"aioseo-breadcrumb\">\n\t<a href=\"https:\/\/www.eldigitaldeasturias.com\/noticias\" title=\"Home\">Home<\/a>\n<\/span><span class=\"aioseo-breadcrumb-separator\">\u2013<\/span><span class=\"aioseo-breadcrumb\">\n\t<a href=\"https:\/\/www.eldigitaldeasturias.com\/noticias\/category\/actualidad\/\" title=\"Actualidad\">Actualidad<\/a>\n<\/span><span class=\"aioseo-breadcrumb-separator\">\u2013<\/span><span class=\"aioseo-breadcrumb\">\n\t<a href=\"https:\/\/www.eldigitaldeasturias.com\/noticias\/el-gobierno-de-aragon-colaborara-en-la-financiacion-del-master-en-prevencion-de-riesgos-laborales\/\" title=\"El Gobierno de Arag\u00f3n colaborar\u00e1 en la financiaci\u00f3n del M\u00e1ster en prevenci\u00f3n de riesgos laborales\">El Gobierno de Arag\u00f3n colaborar\u00e1 en la financiaci\u00f3n del M\u00e1ster en prevenci\u00f3n de riesgos laborales<\/a>\n<\/span><\/div>","aioseo_breadcrumb_json":[{"label":"Home","link":"https:\/\/www.eldigitaldeasturias.com\/noticias"},{"label":"Actualidad","link":"https:\/\/www.eldigitaldeasturias.com\/noticias\/category\/actualidad\/"},{"label":"El Gobierno de Arag\u00f3n colaborar\u00e1 en la financiaci\u00f3n del M\u00e1ster en prevenci\u00f3n de riesgos laborales","link":"https:\/\/www.eldigitaldeasturias.com\/noticias\/el-gobierno-de-aragon-colaborara-en-la-financiacion-del-master-en-prevencion-de-riesgos-laborales\/"}],"_links":{"self":[{"href":"https:\/\/www.eldigitaldeasturias.com\/noticias\/wp-json\/wp\/v2\/posts\/950427","targetHints":{"allow":["GET"]}}],"collection":[{"href":"https:\/\/www.eldigitaldeasturias.com\/noticias\/wp-json\/wp\/v2\/posts"}],"about":[{"href":"https:\/\/www.eldigitaldeasturias.com\/noticias\/wp-json\/wp\/v2\/types\/post"}],"author":[{"embeddable":true,"href":"https:\/\/www.eldigitaldeasturias.com\/noticias\/wp-json\/wp\/v2\/users\/1"}],"replies":[{"embeddable":true,"href":"https:\/\/www.eldigitaldeasturias.com\/noticias\/wp-json\/wp\/v2\/comments?post=950427"}],"version-history":[{"count":0,"href":"https:\/\/www.eldigitaldeasturias.com\/noticias\/wp-json\/wp\/v2\/posts\/950427\/revisions"}],"wp:attachment":[{"href":"https:\/\/www.eldigitaldeasturias.com\/noticias\/wp-json\/wp\/v2\/media?parent=950427"}],"wp:term":[{"taxonomy":"category","embeddable":true,"href":"https:\/\/www.eldigitaldeasturias.com\/noticias\/wp-json\/wp\/v2\/categories?post=950427"},{"taxonomy":"post_tag","embeddable":true,"href":"https:\/\/www.eldigitaldeasturias.com\/noticias\/wp-json\/wp\/v2\/tags?post=950427"}],"curies":[{"name":"wp","href":"https:\/\/api.w.org\/{rel}","templated":true}]}}