{"id":950399,"date":"2017-08-20T21:40:21","date_gmt":"2017-08-20T21:40:21","guid":{"rendered":"http:\/\/www.eldigitaldeasturias.com\/noticias\/?p=950399"},"modified":"2017-08-20T21:40:21","modified_gmt":"2017-08-20T21:40:21","slug":"exposicion-16-personajes-que-maravillan-y-miguel-de-cervantes-en-el-museo-de-zaragoza","status":"publish","type":"post","link":"https:\/\/www.eldigitaldeasturias.com\/noticias\/exposicion-16-personajes-que-maravillan-y-miguel-de-cervantes-en-el-museo-de-zaragoza\/","title":{"rendered":"Exposici\u00f3n \u201c16 personajes que maravillan y\u2026 Miguel de Cervantes\u201d, en el Museo de Zaragoza"},"content":{"rendered":"<p><img loading=\"lazy\" decoding=\"async\" class=\"alignleft size-medium wp-image-950400\" src=\"https:\/\/www.eldigitaldeasturias.com\/noticias\/wp-content\/uploads\/2017\/08\/Exposicion_Cervantes-360x159.jpg\" alt=\"\" width=\"360\" height=\"159\" \/>La exposici\u00f3n \u201c16 personajes que maravillan y\u2026 Miguel de Cervantes\u201d, que se exhibe en las salas 2 y 3 en la planta baja del Museo de Zaragoza, permanecer\u00e1 abierta al p\u00fablico hasta el 3 de septiembre. La muestra, organizada por el Gobierno de Arag\u00f3n y Acci\u00f3n Cultural Espa\u00f1ola (AC\/E) con motivo del IV Centenario de la muerte de Cervantes en 2016, pretende visualizar las obras literarias de Cervantes a trav\u00e9s de sus personajes y difundir la riqueza de su creaci\u00f3n. La exposici\u00f3n ha sido producida contando con la creaci\u00f3n art\u00edstica y la escenograf\u00eda del figurinista Pedro Moreno (Premio Nacional de Teatro 2015).<\/p>\n<p><strong>Homenaje a uno de los grandes escritores de la literatura espa\u00f1ola<\/strong><\/p>\n<p>La muestra, comisariada por Rosa Navarro, especialista en literatura espa\u00f1ola de la Edad de Oro y catedr\u00e1tica de Literatura Espa\u00f1ola de la Universidad de Barcelona, traza la vida literaria de Cervantes (1547-1616) a trav\u00e9s de un recorrido por su propia obra: desde su primera creaci\u00f3n, La Galatea (1585), una novela pastoril, a la \u00faltima: Los trabajos de Persiles y Segismunda, relato bizantino que se public\u00f3 p\u00f3stumamente, en 1617. Las palabras y creaciones literarias dibujan en este recorrido el retrato de Cervantes en la historia, teniendo como gu\u00edas a sus personajes literarios, que son los que las pueblan y dan vida, y a \u00e9l mismo, que es su creador. No se puede imaginar la vida de Cervantes sin que vengan a la mente sus creaciones, sus inolvidables personajes: don Quijote y Sancho, Rinconete y Cortadillo, el Licenciado Vidriera y muchos m\u00e1s.<\/p>\n<p>En esta galer\u00eda de personajes se incluye tambi\u00e9n la presencia del novelista en sus creaciones: como personaje y como escritor, dialogando y hablando de s\u00ed mismo o de sus obras. La elecci\u00f3n de tales caminos est\u00e1 basada en el principio que rige la obra de Miguel de Cervantes: deleitar ense\u00f1ando, o lo que es lo mismo: divertir al p\u00fablico y ponerle ante los ojos esa selecci\u00f3n de creaciones cervantinas, para que las personas que vean la muestra puedan ir conociendo (o reconociendo) \u2013haci\u00e9ndose suyos\u2013 a esos entes de ficci\u00f3n que salieron de la pluma del gran escritor. Y a la vez, ofrecer una imagen del novelista desde dentro, desde su propio taller de creaci\u00f3n, es decir, desde lo que lo convierte en creador universal, vi\u00e9ndolo todo en su tiempo hist\u00f3rico.<\/p>\n<p>La galer\u00eda de personajes es una invitaci\u00f3n a la lectura, pero tambi\u00e9n son los cuadros vivos de una exposici\u00f3n literaria. Junto a ellos habr\u00e1 un peque\u00f1o resumen de su vida, un breve gui\u00f3n redactado a partir del texto cervantino. El p\u00fablico podr\u00e1 as\u00ed conocerlos de vista para luego entrar en su mundo literario, abrir esos textos en donde ellos viven. Tendr\u00e1 adem\u00e1s en sus manos objetos que asociar\u00e1 a ellos para que permanezcan en su recuerdo mucho tiempo: una mirilla, frascos de vidrio, un laberinto de naipes, lunas menguantes, unas extra\u00f1as gafas, ovejas y peces, una lluvia de monedas y, sobre todo, m\u00e1scaras. La puerta de entrada ficticia que da acceso a la exposici\u00f3n invita al visitante a adentrarse en un mundo de fantas\u00eda para conocer a los personajes cervantinos de una manera amena, did\u00e1ctica y visual.<\/p>\n<p>&nbsp;<\/p>\n","protected":false},"excerpt":{"rendered":"<p>La exposici\u00f3n \u201c16 personajes que maravillan y\u2026 Miguel de Cervantes\u201d, que se exhibe en las salas 2 y 3 en la planta baja del Museo de Zaragoza, permanecer\u00e1 abierta al p\u00fablico hasta el 3 de septiembre. La muestra, organizada por el Gobierno de Arag\u00f3n y Acci\u00f3n Cultural Espa\u00f1ola (AC\/E) con motivo del IV Centenario de [&hellip;]<\/p>\n","protected":false},"author":1,"featured_media":950400,"comment_status":"closed","ping_status":"closed","sticky":false,"template":"","format":"standard","meta":{"footnotes":""},"categories":[1],"tags":[],"class_list":["post-950399","post","type-post","status-publish","format-standard","has-post-thumbnail","hentry","category-actualidad"],"aioseo_notices":[],"aioseo_head":"\n\t\t<!-- All in One SEO Pro 5.0.1 - aioseo.com -->\n\t<meta name=\"description\" content=\"La exposici\u00f3n \u201c16 personajes que maravillan y\u2026 Miguel de Cervantes\u201d, que se exhibe en las salas 2 y 3 en la planta baja del Museo de Zaragoza, permanecer\u00e1 abierta al p\u00fablico hasta el 3 de septiembre. La muestra, organizada por el Gobierno de Arag\u00f3n y Acci\u00f3n Cultural Espa\u00f1ola (AC\/E) con motivo del IV Centenario de\" \/>\n\t<meta name=\"robots\" content=\"max-image-preview:large\" \/>\n\t<meta name=\"author\" content=\"El Digital de Asturias\"\/>\n\t<meta name=\"google-site-verification\" content=\"UA-38556648-1\" \/>\n\t<meta name=\"msvalidate.01\" content=\"7dfe9f3f1b24437ab69f4f2559babe99\" \/>\n\t<meta name=\"keywords\" content=\"actualidad\" \/>\n\t<link rel=\"canonical\" href=\"https:\/\/www.eldigitaldeasturias.com\/noticias\/exposicion-16-personajes-que-maravillan-y-miguel-de-cervantes-en-el-museo-de-zaragoza\/\" \/>\n\t<meta name=\"generator\" content=\"All in One SEO Pro (AIOSEO) 5.0.1\" \/>\n\t\t<meta property=\"og:locale\" content=\"es_ES\" \/>\n\t\t<meta property=\"og:site_name\" content=\"El Digital de Asturias\" \/>\n\t\t<meta property=\"og:type\" content=\"article\" \/>\n\t\t<meta property=\"og:title\" content=\"Exposici\u00f3n \u201c16 personajes que maravillan y\u2026 Miguel de Cervantes\u201d, en el Museo de Zaragoza - El Digital de Asturias\" \/>\n\t\t<meta property=\"og:description\" content=\"La exposici\u00f3n \u201c16 personajes que maravillan y\u2026 Miguel de Cervantes\u201d, que se exhibe en las salas 2 y 3 en la planta baja del Museo de Zaragoza, permanecer\u00e1 abierta al p\u00fablico hasta el 3 de septiembre. La muestra, organizada por el Gobierno de Arag\u00f3n y Acci\u00f3n Cultural Espa\u00f1ola (AC\/E) con motivo del IV Centenario de\" \/>\n\t\t<meta property=\"og:url\" content=\"https:\/\/www.eldigitaldeasturias.com\/noticias\/exposicion-16-personajes-que-maravillan-y-miguel-de-cervantes-en-el-museo-de-zaragoza\/\" \/>\n\t\t<meta property=\"article:tag\" content=\"actualidad\" \/>\n\t\t<meta property=\"article:published_time\" content=\"2017-08-20T21:40:21+00:00\" \/>\n\t\t<meta property=\"article:modified_time\" content=\"2017-08-20T21:40:21+00:00\" \/>\n\t\t<meta property=\"article:publisher\" content=\"https:\/\/facebook.com\/eldigitaldeasturias\" \/>\n\t\t<meta name=\"twitter:card\" content=\"summary_large_image\" \/>\n\t\t<meta name=\"twitter:title\" content=\"Exposici\u00f3n \u201c16 personajes que maravillan y\u2026 Miguel de Cervantes\u201d, en el Museo de Zaragoza - El Digital de Asturias\" \/>\n\t\t<meta name=\"twitter:description\" content=\"La exposici\u00f3n \u201c16 personajes que maravillan y\u2026 Miguel de Cervantes\u201d, que se exhibe en las salas 2 y 3 en la planta baja del Museo de Zaragoza, permanecer\u00e1 abierta al p\u00fablico hasta el 3 de septiembre. La muestra, organizada por el Gobierno de Arag\u00f3n y Acci\u00f3n Cultural Espa\u00f1ola (AC\/E) con motivo del IV Centenario de\" \/>\n\t\t<meta name=\"twitter:image\" content=\"https:\/\/www.eldigitaldeasturias.com\/noticias\/wp-content\/uploads\/2020\/12\/EDA-1.jpg\" \/>\n\t\t<meta name=\"twitter:label1\" content=\"Escrito por\" \/>\n\t\t<meta name=\"twitter:data1\" content=\"El Digital de Asturias\" \/>\n\t\t<meta name=\"twitter:label2\" content=\"Tiempo de lectura estimado\" \/>\n\t\t<meta name=\"twitter:data2\" content=\"3 minutos\" \/>\n\t\t<script type=\"application\/ld+json\" class=\"aioseo-schema\">\n\t\t\t{\"@context\":\"https:\\\/\\\/schema.org\",\"@graph\":[{\"@type\":\"BlogPosting\",\"@id\":\"https:\\\/\\\/www.eldigitaldeasturias.com\\\/noticias\\\/exposicion-16-personajes-que-maravillan-y-miguel-de-cervantes-en-el-museo-de-zaragoza\\\/#blogposting\",\"name\":\"Exposici\\u00f3n \\u201c16 personajes que maravillan y\\u2026 Miguel de Cervantes\\u201d, en el Museo de Zaragoza - El Digital de Asturias\",\"headline\":\"Exposici\\u00f3n \\u201c16 personajes que maravillan y\\u2026 Miguel de Cervantes\\u201d, en el Museo de Zaragoza\",\"author\":{\"@id\":\"https:\\\/\\\/www.eldigitaldeasturias.com\\\/noticias\\\/author\\\/admin\\\/#author\"},\"publisher\":{\"@id\":\"https:\\\/\\\/www.eldigitaldeasturias.com\\\/noticias\\\/#organization\"},\"image\":{\"@type\":\"ImageObject\",\"url\":950400},\"datePublished\":\"2017-08-20T21:40:21+02:00\",\"dateModified\":\"2017-08-20T21:40:21+02:00\",\"inLanguage\":\"es-ES\",\"mainEntityOfPage\":{\"@id\":\"https:\\\/\\\/www.eldigitaldeasturias.com\\\/noticias\\\/exposicion-16-personajes-que-maravillan-y-miguel-de-cervantes-en-el-museo-de-zaragoza\\\/#webpage\"},\"isPartOf\":{\"@id\":\"https:\\\/\\\/www.eldigitaldeasturias.com\\\/noticias\\\/exposicion-16-personajes-que-maravillan-y-miguel-de-cervantes-en-el-museo-de-zaragoza\\\/#webpage\"},\"articleSection\":\"Actualidad\"},{\"@type\":\"BreadcrumbList\",\"@id\":\"https:\\\/\\\/www.eldigitaldeasturias.com\\\/noticias\\\/exposicion-16-personajes-que-maravillan-y-miguel-de-cervantes-en-el-museo-de-zaragoza\\\/#breadcrumblist\",\"itemListElement\":[{\"@type\":\"ListItem\",\"@id\":\"https:\\\/\\\/www.eldigitaldeasturias.com\\\/noticias#listItem\",\"position\":1,\"name\":\"Home\",\"item\":\"https:\\\/\\\/www.eldigitaldeasturias.com\\\/noticias\",\"nextItem\":{\"@type\":\"ListItem\",\"@id\":\"https:\\\/\\\/www.eldigitaldeasturias.com\\\/noticias\\\/category\\\/actualidad\\\/#listItem\",\"name\":\"Actualidad\"}},{\"@type\":\"ListItem\",\"@id\":\"https:\\\/\\\/www.eldigitaldeasturias.com\\\/noticias\\\/category\\\/actualidad\\\/#listItem\",\"position\":2,\"name\":\"Actualidad\",\"item\":\"https:\\\/\\\/www.eldigitaldeasturias.com\\\/noticias\\\/category\\\/actualidad\\\/\",\"nextItem\":{\"@type\":\"ListItem\",\"@id\":\"https:\\\/\\\/www.eldigitaldeasturias.com\\\/noticias\\\/exposicion-16-personajes-que-maravillan-y-miguel-de-cervantes-en-el-museo-de-zaragoza\\\/#listItem\",\"name\":\"Exposici\\u00f3n \\u201c16 personajes que maravillan y\\u2026 Miguel de Cervantes\\u201d, en el Museo de Zaragoza\"},\"previousItem\":{\"@type\":\"ListItem\",\"@id\":\"https:\\\/\\\/www.eldigitaldeasturias.com\\\/noticias#listItem\",\"name\":\"Home\"}},{\"@type\":\"ListItem\",\"@id\":\"https:\\\/\\\/www.eldigitaldeasturias.com\\\/noticias\\\/exposicion-16-personajes-que-maravillan-y-miguel-de-cervantes-en-el-museo-de-zaragoza\\\/#listItem\",\"position\":3,\"name\":\"Exposici\\u00f3n \\u201c16 personajes que maravillan y\\u2026 Miguel de Cervantes\\u201d, en el Museo de Zaragoza\",\"previousItem\":{\"@type\":\"ListItem\",\"@id\":\"https:\\\/\\\/www.eldigitaldeasturias.com\\\/noticias\\\/category\\\/actualidad\\\/#listItem\",\"name\":\"Actualidad\"}}]},{\"@type\":\"Organization\",\"@id\":\"https:\\\/\\\/www.eldigitaldeasturias.com\\\/noticias\\\/#organization\",\"name\":\"El Digital de Asturias\",\"description\":\"Hemeroteca\",\"url\":\"https:\\\/\\\/www.eldigitaldeasturias.com\\\/noticias\\\/\",\"email\":\"info@eldigitaldeasturias.com\",\"telephone\":\"+34652131393\",\"logo\":{\"@type\":\"ImageObject\",\"url\":\"https:\\\/\\\/www.eldigitaldeasturias.com\\\/noticias\\\/wp-content\\\/uploads\\\/2020\\\/12\\\/EDA.jpg\",\"@id\":\"https:\\\/\\\/www.eldigitaldeasturias.com\\\/noticias\\\/exposicion-16-personajes-que-maravillan-y-miguel-de-cervantes-en-el-museo-de-zaragoza\\\/#organizationLogo\"},\"image\":{\"@id\":\"https:\\\/\\\/www.eldigitaldeasturias.com\\\/noticias\\\/exposicion-16-personajes-que-maravillan-y-miguel-de-cervantes-en-el-museo-de-zaragoza\\\/#organizationLogo\"},\"sameAs\":[\"https:\\\/\\\/facebook.com\\\/eldigitaldeasturias\",\"https:\\\/\\\/www.youtube.com\\\/channel\\\/UCZP-2wLEB9Rv6erhFmqVnvg\"],\"address\":{\"@id\":\"https:\\\/\\\/www.eldigitaldeasturias.com\\\/noticias\\\/#postaladdress\",\"@type\":\"PostalAddress\",\"streetAddress\":\"san antonio 4\",\"postalCode\":\"33430\",\"addressLocality\":\"Cand\\u00e1s\",\"addressRegion\":\"Asturias\",\"addressCountry\":\"ES\"}},{\"@type\":\"Person\",\"@id\":\"https:\\\/\\\/www.eldigitaldeasturias.com\\\/noticias\\\/author\\\/admin\\\/#author\",\"url\":\"https:\\\/\\\/www.eldigitaldeasturias.com\\\/noticias\\\/author\\\/admin\\\/\",\"name\":\"El Digital de Asturias\",\"image\":{\"@type\":\"ImageObject\",\"@id\":\"https:\\\/\\\/www.eldigitaldeasturias.com\\\/noticias\\\/exposicion-16-personajes-que-maravillan-y-miguel-de-cervantes-en-el-museo-de-zaragoza\\\/#authorImage\",\"url\":\"https:\\\/\\\/secure.gravatar.com\\\/avatar\\\/df2aeffc32bcd13f8d26072ef8a91b623d677766deac7f97ca815868cd41bf5e?s=96&d=mm&r=g\",\"width\":96,\"height\":96,\"caption\":\"El Digital de Asturias\"}},{\"@type\":\"WebPage\",\"@id\":\"https:\\\/\\\/www.eldigitaldeasturias.com\\\/noticias\\\/exposicion-16-personajes-que-maravillan-y-miguel-de-cervantes-en-el-museo-de-zaragoza\\\/#webpage\",\"url\":\"https:\\\/\\\/www.eldigitaldeasturias.com\\\/noticias\\\/exposicion-16-personajes-que-maravillan-y-miguel-de-cervantes-en-el-museo-de-zaragoza\\\/\",\"name\":\"Exposici\\u00f3n \\u201c16 personajes que maravillan y\\u2026 Miguel de Cervantes\\u201d, en el Museo de Zaragoza - El Digital de Asturias\",\"description\":\"La exposici\\u00f3n \\u201c16 personajes que maravillan y\\u2026 Miguel de Cervantes\\u201d, que se exhibe en las salas 2 y 3 en la planta baja del Museo de Zaragoza, permanecer\\u00e1 abierta al p\\u00fablico hasta el 3 de septiembre. La muestra, organizada por el Gobierno de Arag\\u00f3n y Acci\\u00f3n Cultural Espa\\u00f1ola (AC\\\/E) con motivo del IV Centenario de\",\"inLanguage\":\"es-ES\",\"isPartOf\":{\"@id\":\"https:\\\/\\\/www.eldigitaldeasturias.com\\\/noticias\\\/#website\"},\"breadcrumb\":{\"@id\":\"https:\\\/\\\/www.eldigitaldeasturias.com\\\/noticias\\\/exposicion-16-personajes-que-maravillan-y-miguel-de-cervantes-en-el-museo-de-zaragoza\\\/#breadcrumblist\"},\"author\":{\"@id\":\"https:\\\/\\\/www.eldigitaldeasturias.com\\\/noticias\\\/author\\\/admin\\\/#author\"},\"creator\":{\"@id\":\"https:\\\/\\\/www.eldigitaldeasturias.com\\\/noticias\\\/author\\\/admin\\\/#author\"},\"image\":{\"@type\":\"ImageObject\",\"url\":950400,\"@id\":\"https:\\\/\\\/www.eldigitaldeasturias.com\\\/noticias\\\/exposicion-16-personajes-que-maravillan-y-miguel-de-cervantes-en-el-museo-de-zaragoza\\\/#mainImage\"},\"primaryImageOfPage\":{\"@id\":\"https:\\\/\\\/www.eldigitaldeasturias.com\\\/noticias\\\/exposicion-16-personajes-que-maravillan-y-miguel-de-cervantes-en-el-museo-de-zaragoza\\\/#mainImage\"},\"datePublished\":\"2017-08-20T21:40:21+02:00\",\"dateModified\":\"2017-08-20T21:40:21+02:00\"},{\"@type\":\"WebSite\",\"@id\":\"https:\\\/\\\/www.eldigitaldeasturias.com\\\/noticias\\\/#website\",\"url\":\"https:\\\/\\\/www.eldigitaldeasturias.com\\\/noticias\\\/\",\"name\":\"El Digital de Asturias - Diario de actualidad y noticias\",\"alternateName\":\"El Digital de Asturias - Diario de actualidad y noticias\",\"description\":\"Hemeroteca\",\"inLanguage\":\"es-ES\",\"publisher\":{\"@id\":\"https:\\\/\\\/www.eldigitaldeasturias.com\\\/noticias\\\/#organization\"}}]}\n\t\t<\/script>\n\t\t<!-- All in One SEO Pro -->\r\n\t\t<title>Exposici\u00f3n \u201c16 personajes que maravillan y\u2026 Miguel de Cervantes\u201d, en el Museo de Zaragoza - El Digital de Asturias<\/title>\n\n","aioseo_head_json":{"title":"Exposici\u00f3n \u201c16 personajes que maravillan y\u2026 Miguel de Cervantes\u201d, en el Museo de Zaragoza - El Digital de Asturias","description":"La exposici\u00f3n \u201c16 personajes que maravillan y\u2026 Miguel de Cervantes\u201d, que se exhibe en las salas 2 y 3 en la planta baja del Museo de Zaragoza, permanecer\u00e1 abierta al p\u00fablico hasta el 3 de septiembre. La muestra, organizada por el Gobierno de Arag\u00f3n y Acci\u00f3n Cultural Espa\u00f1ola (AC\/E) con motivo del IV Centenario de","canonical_url":"https:\/\/www.eldigitaldeasturias.com\/noticias\/exposicion-16-personajes-que-maravillan-y-miguel-de-cervantes-en-el-museo-de-zaragoza\/","robots":"max-image-preview:large","keywords":"actualidad","webmasterTools":{"google-site-verification":"UA-38556648-1","msvalidate.01":"7dfe9f3f1b24437ab69f4f2559babe99","miscellaneous":""},"schema":{"@context":"https:\/\/schema.org","@graph":[{"@type":"BlogPosting","@id":"https:\/\/www.eldigitaldeasturias.com\/noticias\/exposicion-16-personajes-que-maravillan-y-miguel-de-cervantes-en-el-museo-de-zaragoza\/#blogposting","name":"Exposici\u00f3n \u201c16 personajes que maravillan y\u2026 Miguel de Cervantes\u201d, en el Museo de Zaragoza - El Digital de Asturias","headline":"Exposici\u00f3n \u201c16 personajes que maravillan y\u2026 Miguel de Cervantes\u201d, en el Museo de Zaragoza","author":{"@id":"https:\/\/www.eldigitaldeasturias.com\/noticias\/author\/admin\/#author"},"publisher":{"@id":"https:\/\/www.eldigitaldeasturias.com\/noticias\/#organization"},"image":{"@type":"ImageObject","url":950400},"datePublished":"2017-08-20T21:40:21+02:00","dateModified":"2017-08-20T21:40:21+02:00","inLanguage":"es-ES","mainEntityOfPage":{"@id":"https:\/\/www.eldigitaldeasturias.com\/noticias\/exposicion-16-personajes-que-maravillan-y-miguel-de-cervantes-en-el-museo-de-zaragoza\/#webpage"},"isPartOf":{"@id":"https:\/\/www.eldigitaldeasturias.com\/noticias\/exposicion-16-personajes-que-maravillan-y-miguel-de-cervantes-en-el-museo-de-zaragoza\/#webpage"},"articleSection":"Actualidad"},{"@type":"BreadcrumbList","@id":"https:\/\/www.eldigitaldeasturias.com\/noticias\/exposicion-16-personajes-que-maravillan-y-miguel-de-cervantes-en-el-museo-de-zaragoza\/#breadcrumblist","itemListElement":[{"@type":"ListItem","@id":"https:\/\/www.eldigitaldeasturias.com\/noticias#listItem","position":1,"name":"Home","item":"https:\/\/www.eldigitaldeasturias.com\/noticias","nextItem":{"@type":"ListItem","@id":"https:\/\/www.eldigitaldeasturias.com\/noticias\/category\/actualidad\/#listItem","name":"Actualidad"}},{"@type":"ListItem","@id":"https:\/\/www.eldigitaldeasturias.com\/noticias\/category\/actualidad\/#listItem","position":2,"name":"Actualidad","item":"https:\/\/www.eldigitaldeasturias.com\/noticias\/category\/actualidad\/","nextItem":{"@type":"ListItem","@id":"https:\/\/www.eldigitaldeasturias.com\/noticias\/exposicion-16-personajes-que-maravillan-y-miguel-de-cervantes-en-el-museo-de-zaragoza\/#listItem","name":"Exposici\u00f3n \u201c16 personajes que maravillan y\u2026 Miguel de Cervantes\u201d, en el Museo de Zaragoza"},"previousItem":{"@type":"ListItem","@id":"https:\/\/www.eldigitaldeasturias.com\/noticias#listItem","name":"Home"}},{"@type":"ListItem","@id":"https:\/\/www.eldigitaldeasturias.com\/noticias\/exposicion-16-personajes-que-maravillan-y-miguel-de-cervantes-en-el-museo-de-zaragoza\/#listItem","position":3,"name":"Exposici\u00f3n \u201c16 personajes que maravillan y\u2026 Miguel de Cervantes\u201d, en el Museo de Zaragoza","previousItem":{"@type":"ListItem","@id":"https:\/\/www.eldigitaldeasturias.com\/noticias\/category\/actualidad\/#listItem","name":"Actualidad"}}]},{"@type":"Organization","@id":"https:\/\/www.eldigitaldeasturias.com\/noticias\/#organization","name":"El Digital de Asturias","description":"Hemeroteca","url":"https:\/\/www.eldigitaldeasturias.com\/noticias\/","email":"info@eldigitaldeasturias.com","telephone":"+34652131393","logo":{"@type":"ImageObject","url":"https:\/\/www.eldigitaldeasturias.com\/noticias\/wp-content\/uploads\/2020\/12\/EDA.jpg","@id":"https:\/\/www.eldigitaldeasturias.com\/noticias\/exposicion-16-personajes-que-maravillan-y-miguel-de-cervantes-en-el-museo-de-zaragoza\/#organizationLogo"},"image":{"@id":"https:\/\/www.eldigitaldeasturias.com\/noticias\/exposicion-16-personajes-que-maravillan-y-miguel-de-cervantes-en-el-museo-de-zaragoza\/#organizationLogo"},"sameAs":["https:\/\/facebook.com\/eldigitaldeasturias","https:\/\/www.youtube.com\/channel\/UCZP-2wLEB9Rv6erhFmqVnvg"],"address":{"@id":"https:\/\/www.eldigitaldeasturias.com\/noticias\/#postaladdress","@type":"PostalAddress","streetAddress":"san antonio 4","postalCode":"33430","addressLocality":"Cand\u00e1s","addressRegion":"Asturias","addressCountry":"ES"}},{"@type":"Person","@id":"https:\/\/www.eldigitaldeasturias.com\/noticias\/author\/admin\/#author","url":"https:\/\/www.eldigitaldeasturias.com\/noticias\/author\/admin\/","name":"El Digital de Asturias","image":{"@type":"ImageObject","@id":"https:\/\/www.eldigitaldeasturias.com\/noticias\/exposicion-16-personajes-que-maravillan-y-miguel-de-cervantes-en-el-museo-de-zaragoza\/#authorImage","url":"https:\/\/secure.gravatar.com\/avatar\/df2aeffc32bcd13f8d26072ef8a91b623d677766deac7f97ca815868cd41bf5e?s=96&d=mm&r=g","width":96,"height":96,"caption":"El Digital de Asturias"}},{"@type":"WebPage","@id":"https:\/\/www.eldigitaldeasturias.com\/noticias\/exposicion-16-personajes-que-maravillan-y-miguel-de-cervantes-en-el-museo-de-zaragoza\/#webpage","url":"https:\/\/www.eldigitaldeasturias.com\/noticias\/exposicion-16-personajes-que-maravillan-y-miguel-de-cervantes-en-el-museo-de-zaragoza\/","name":"Exposici\u00f3n \u201c16 personajes que maravillan y\u2026 Miguel de Cervantes\u201d, en el Museo de Zaragoza - El Digital de Asturias","description":"La exposici\u00f3n \u201c16 personajes que maravillan y\u2026 Miguel de Cervantes\u201d, que se exhibe en las salas 2 y 3 en la planta baja del Museo de Zaragoza, permanecer\u00e1 abierta al p\u00fablico hasta el 3 de septiembre. La muestra, organizada por el Gobierno de Arag\u00f3n y Acci\u00f3n Cultural Espa\u00f1ola (AC\/E) con motivo del IV Centenario de","inLanguage":"es-ES","isPartOf":{"@id":"https:\/\/www.eldigitaldeasturias.com\/noticias\/#website"},"breadcrumb":{"@id":"https:\/\/www.eldigitaldeasturias.com\/noticias\/exposicion-16-personajes-que-maravillan-y-miguel-de-cervantes-en-el-museo-de-zaragoza\/#breadcrumblist"},"author":{"@id":"https:\/\/www.eldigitaldeasturias.com\/noticias\/author\/admin\/#author"},"creator":{"@id":"https:\/\/www.eldigitaldeasturias.com\/noticias\/author\/admin\/#author"},"image":{"@type":"ImageObject","url":950400,"@id":"https:\/\/www.eldigitaldeasturias.com\/noticias\/exposicion-16-personajes-que-maravillan-y-miguel-de-cervantes-en-el-museo-de-zaragoza\/#mainImage"},"primaryImageOfPage":{"@id":"https:\/\/www.eldigitaldeasturias.com\/noticias\/exposicion-16-personajes-que-maravillan-y-miguel-de-cervantes-en-el-museo-de-zaragoza\/#mainImage"},"datePublished":"2017-08-20T21:40:21+02:00","dateModified":"2017-08-20T21:40:21+02:00"},{"@type":"WebSite","@id":"https:\/\/www.eldigitaldeasturias.com\/noticias\/#website","url":"https:\/\/www.eldigitaldeasturias.com\/noticias\/","name":"El Digital de Asturias - Diario de actualidad y noticias","alternateName":"El Digital de Asturias - Diario de actualidad y noticias","description":"Hemeroteca","inLanguage":"es-ES","publisher":{"@id":"https:\/\/www.eldigitaldeasturias.com\/noticias\/#organization"}}]},"og:locale":"es_ES","og:site_name":"El Digital de Asturias","og:type":"article","og:title":"Exposici\u00f3n \u201c16 personajes que maravillan y\u2026 Miguel de Cervantes\u201d, en el Museo de Zaragoza - El Digital de Asturias","og:description":"La exposici\u00f3n \u201c16 personajes que maravillan y\u2026 Miguel de Cervantes\u201d, que se exhibe en las salas 2 y 3 en la planta baja del Museo de Zaragoza, permanecer\u00e1 abierta al p\u00fablico hasta el 3 de septiembre. La muestra, organizada por el Gobierno de Arag\u00f3n y Acci\u00f3n Cultural Espa\u00f1ola (AC\/E) con motivo del IV Centenario de","og:url":"https:\/\/www.eldigitaldeasturias.com\/noticias\/exposicion-16-personajes-que-maravillan-y-miguel-de-cervantes-en-el-museo-de-zaragoza\/","article:tag":["actualidad"],"article:published_time":"2017-08-20T21:40:21+00:00","article:modified_time":"2017-08-20T21:40:21+00:00","article:publisher":"https:\/\/facebook.com\/eldigitaldeasturias","twitter:card":"summary_large_image","twitter:title":"Exposici\u00f3n \u201c16 personajes que maravillan y\u2026 Miguel de Cervantes\u201d, en el Museo de Zaragoza - El Digital de Asturias","twitter:description":"La exposici\u00f3n \u201c16 personajes que maravillan y\u2026 Miguel de Cervantes\u201d, que se exhibe en las salas 2 y 3 en la planta baja del Museo de Zaragoza, permanecer\u00e1 abierta al p\u00fablico hasta el 3 de septiembre. La muestra, organizada por el Gobierno de Arag\u00f3n y Acci\u00f3n Cultural Espa\u00f1ola (AC\/E) con motivo del IV Centenario de","twitter:image":"https:\/\/www.eldigitaldeasturias.com\/noticias\/wp-content\/uploads\/2020\/12\/EDA-1.jpg","twitter:label1":"Escrito por","twitter:data1":"El Digital de Asturias","twitter:label2":"Tiempo de lectura estimado","twitter:data2":"3 minutos"},"aioseo_meta_data":{"post_id":"950399","title":null,"description":null,"keywords":null,"keyphrases":null,"primary_term":null,"canonical_url":null,"og_title":null,"og_description":null,"og_object_type":"default","og_image_type":"default","og_image_url":null,"og_image_width":null,"og_image_height":null,"og_image_custom_url":null,"og_image_custom_fields":null,"og_video":null,"og_custom_url":null,"og_article_section":null,"og_article_tags":null,"twitter_use_og":false,"twitter_card":"default","twitter_image_type":"default","twitter_image_url":null,"twitter_image_custom_url":null,"twitter_image_custom_fields":null,"twitter_title":null,"twitter_description":null,"schema":{"blockGraphs":[],"customGraphs":[],"default":{"data":{"Article":[],"Course":[],"Dataset":[],"FAQPage":[],"Movie":[],"Person":[],"Product":[],"ProductReview":[],"Car":[],"Recipe":[],"Service":[],"SoftwareApplication":[],"WebPage":[]},"graphName":"","isEnabled":true},"graphs":[],"defaultGraph":"","defaultPostTypeGraph":""},"schema_type":null,"schema_type_options":null,"pillar_content":false,"robots_default":true,"robots_noindex":false,"robots_noarchive":false,"robots_nosnippet":false,"robots_nofollow":false,"robots_noimageindex":false,"robots_noodp":false,"robots_notranslate":false,"robots_max_snippet":null,"robots_max_videopreview":null,"robots_max_imagepreview":"large","priority":null,"frequency":null,"local_seo":null,"seo_analyzer_scan_date":"2025-12-05 15:42:33","breadcrumb_settings":null,"limit_modified_date":false,"open_ai":null,"ai":null,"created":"2020-12-21 12:59:39","updated":"2025-12-05 15:42:33","focus_keyword":null,"additional_keywords":null,"truseo_locale":null},"aioseo_breadcrumb":"<div class=\"aioseo-breadcrumbs\"><span class=\"aioseo-breadcrumb\">\n\t<a href=\"https:\/\/www.eldigitaldeasturias.com\/noticias\" title=\"Home\">Home<\/a>\n<\/span><span class=\"aioseo-breadcrumb-separator\">\u2013<\/span><span class=\"aioseo-breadcrumb\">\n\t<a href=\"https:\/\/www.eldigitaldeasturias.com\/noticias\/category\/actualidad\/\" title=\"Actualidad\">Actualidad<\/a>\n<\/span><span class=\"aioseo-breadcrumb-separator\">\u2013<\/span><span class=\"aioseo-breadcrumb\">\n\t<a href=\"https:\/\/www.eldigitaldeasturias.com\/noticias\/exposicion-16-personajes-que-maravillan-y-miguel-de-cervantes-en-el-museo-de-zaragoza\/\" title=\"Exposici\u00f3n \u201c16 personajes que maravillan y\u2026 Miguel de Cervantes\u201d, en el Museo de Zaragoza\">Exposici\u00f3n \u201c16 personajes que maravillan y\u2026 Miguel de Cervantes\u201d, en el Museo de Zaragoza<\/a>\n<\/span><\/div>","aioseo_breadcrumb_json":[{"label":"Home","link":"https:\/\/www.eldigitaldeasturias.com\/noticias"},{"label":"Actualidad","link":"https:\/\/www.eldigitaldeasturias.com\/noticias\/category\/actualidad\/"},{"label":"Exposici\u00f3n \u201c16 personajes que maravillan y\u2026 Miguel de Cervantes\u201d, en el Museo de Zaragoza","link":"https:\/\/www.eldigitaldeasturias.com\/noticias\/exposicion-16-personajes-que-maravillan-y-miguel-de-cervantes-en-el-museo-de-zaragoza\/"}],"_links":{"self":[{"href":"https:\/\/www.eldigitaldeasturias.com\/noticias\/wp-json\/wp\/v2\/posts\/950399","targetHints":{"allow":["GET"]}}],"collection":[{"href":"https:\/\/www.eldigitaldeasturias.com\/noticias\/wp-json\/wp\/v2\/posts"}],"about":[{"href":"https:\/\/www.eldigitaldeasturias.com\/noticias\/wp-json\/wp\/v2\/types\/post"}],"author":[{"embeddable":true,"href":"https:\/\/www.eldigitaldeasturias.com\/noticias\/wp-json\/wp\/v2\/users\/1"}],"replies":[{"embeddable":true,"href":"https:\/\/www.eldigitaldeasturias.com\/noticias\/wp-json\/wp\/v2\/comments?post=950399"}],"version-history":[{"count":0,"href":"https:\/\/www.eldigitaldeasturias.com\/noticias\/wp-json\/wp\/v2\/posts\/950399\/revisions"}],"wp:attachment":[{"href":"https:\/\/www.eldigitaldeasturias.com\/noticias\/wp-json\/wp\/v2\/media?parent=950399"}],"wp:term":[{"taxonomy":"category","embeddable":true,"href":"https:\/\/www.eldigitaldeasturias.com\/noticias\/wp-json\/wp\/v2\/categories?post=950399"},{"taxonomy":"post_tag","embeddable":true,"href":"https:\/\/www.eldigitaldeasturias.com\/noticias\/wp-json\/wp\/v2\/tags?post=950399"}],"curies":[{"name":"wp","href":"https:\/\/api.w.org\/{rel}","templated":true}]}}