{"id":950354,"date":"2017-08-19T22:22:40","date_gmt":"2017-08-19T22:22:40","guid":{"rendered":"http:\/\/www.eldigitaldeasturias.com\/noticias\/?p=950354"},"modified":"2017-08-19T22:22:40","modified_gmt":"2017-08-19T22:22:40","slug":"espana-mantiene-el-nivel-4-de-alerta-antiterrorista","status":"publish","type":"post","link":"https:\/\/www.eldigitaldeasturias.com\/noticias\/espana-mantiene-el-nivel-4-de-alerta-antiterrorista\/","title":{"rendered":"Espa\u00f1a mantiene el nivel 4 de alerta antiterrorista"},"content":{"rendered":"<p><img loading=\"lazy\" decoding=\"async\" class=\"alignleft size-medium wp-image-950355\" src=\"https:\/\/www.eldigitaldeasturias.com\/noticias\/wp-content\/uploads\/2017\/08\/19082017-360x270.jpg\" alt=\"\" width=\"360\" height=\"270\" \/>El ministro del Interior, Juan Ignacio Zoido, ha presidido esta ma\u00f1ana la reuni\u00f3n extraordinaria de la mesa de valoraci\u00f3n de la amenaza terrorista, cuyos integrantes han propuesto mantener el nivel de alerta antiterrorista (nivel 4 &#8211; riesgo alto), vigente en Espa\u00f1a desde junio de 2015. Al finalizar esta reuni\u00f3n extraordinaria, celebrada en la sala de crisis del Ministerio del Interior, Juan Ignacio Zoido se ha trasladado al Palacio de la Moncloa para participar las decisiones adoptadas al presidente del Gobierno.<\/p>\n<p>El Nivel de Alerta Antiterrorista consiste en una escala compuesta por varios niveles complementarios, cada uno de los cuales se encuentra asociado a un grado de riesgo, en funci\u00f3n de la valoraci\u00f3n de la amenaza terrorista que se aprecie en cada momento. La clasificaci\u00f3n prevista en el Plan de Prevenci\u00f3n y Protecci\u00f3n Antiterrorista cuenta con cinco niveles de activaci\u00f3n, asociados a un determinado nivel de riesgo: el nivel 1 corresponde a riesgo bajo, el nivel 2 a riesgo moderado, el nivel 3 a riesgo medio, el nivel 4 a riesgo alto y el nivel 5 a riesgo muy alto.<\/p>\n<p>Para el ministro del Interior: \u00abEn estos momentos es crucial para la seguridad de nuestros ciudadanos que los expertos realicen una evaluaci\u00f3n certera de las consecuencias a corto y medio plazo de los atentados y que se pongan sobre la mesa las diferentes perspectivas y an\u00e1lisis sobre la entidad de la amenaza a la que nos enfrentamos\u00bb.<\/p>\n<p><strong>Medidas adicionales<\/strong><\/p>\n<p>Los expertos que conforman la mesa de valoraci\u00f3n de la amenaza terrorista han propuesto hoy mantener la activaci\u00f3n del nivel de riesgo alto de atentado terrorista (4 sobre 5), reforzando el nivel actual con una serie de medidas adicionales, orientadas a focalizar los esfuerzos de las Fuerzas y Cuerpos de Seguridad en cuatro \u00e1mbitos concretos, siempre dentro del nivel 4:<\/p>\n<p>&#8211; Un refuerzo de los dispositivos de seguridad en lugares o eventos de afluencia masiva de personas y con especial \u00e9nfasis en zonas tur\u00edsticas.<\/p>\n<p>&#8211; Una intensificaci\u00f3n de la prevenci\u00f3n en potenciales objetivos de ataques terroristas.<\/p>\n<p>&#8211; El refuerzo de los dispositivos de reacci\u00f3n frente a atentados.<\/p>\n<p>&#8211; Y por \u00faltimo, se insta a estrechar la colaboraci\u00f3n con las Polic\u00edas Locales, con la finalidad de incorporar, dentro de sus competencias, las capacidades de estos Cuerpos al desarrollo de las medidas recogidas en el Plan de Prevenci\u00f3n y Protecci\u00f3n Antiterrorista, promoviendo reuniones de las Juntas Locales de Seguridad en las que se lleve a cabo un an\u00e1lisis de riesgos que permita valorar la instalaci\u00f3n de medidas pasivas de seguridad.<\/p>\n<p>Juan Ignacio Zoido ha subrayado que \u00abnos encontramos en un nivel de riesgo que ya de por s\u00ed supone una activaci\u00f3n importante de capacidades de las Fuerzas y Cuerpos de Seguridad. Y estas medidas han sido reforzadas con sucesivas decisiones, que se han ido tomando como consecuencia de los an\u00e1lisis de la metodolog\u00eda y los riesgos asociados a las capacidades e intenciones terroristas\u00bb.<\/p>\n<p><strong>Necesidad de una Carta Europea de v\u00edctimas del terrorismo<\/strong><\/p>\n<p>En sus palabras tras la mesa de valoraci\u00f3n de la amenaza terrorista, el ministro del Interior ha querido tambi\u00e9n tener un recuerdo muy especial para las v\u00edctimas del terrorismo, cuya atenci\u00f3n es una prioridad para el Ministerio del Interior. En este sentido, Juan Ignacio Zoido ha destacado el tel\u00e9fono 915372500, expresamente habilitado para proporcionar informaci\u00f3n a v\u00edctimas y familiares. Zoido ha reiterado asimismo la \u00abnecesidad, ya transmitida por el Gobierno de Espa\u00f1a a la Uni\u00f3n Europea, de crear una Carta Europea de v\u00edctimas del terrorismo, algo especialmente \u00fatil cuando como en este triste caso de Barcelona hay v\u00edctimas de numerosas y diferentes nacionalidades\u00bb.<\/p>\n<p>&nbsp;<\/p>\n","protected":false},"excerpt":{"rendered":"<p>El ministro del Interior, Juan Ignacio Zoido, ha presidido esta ma\u00f1ana la reuni\u00f3n extraordinaria de la mesa de valoraci\u00f3n de la amenaza terrorista, cuyos integrantes han propuesto mantener el nivel de alerta antiterrorista (nivel 4 &#8211; riesgo alto), vigente en Espa\u00f1a desde junio de 2015. Al finalizar esta reuni\u00f3n extraordinaria, celebrada en la sala de [&hellip;]<\/p>\n","protected":false},"author":1,"featured_media":950355,"comment_status":"closed","ping_status":"closed","sticky":false,"template":"","format":"standard","meta":{"footnotes":""},"categories":[1],"tags":[],"class_list":["post-950354","post","type-post","status-publish","format-standard","has-post-thumbnail","hentry","category-actualidad"],"aioseo_notices":[],"aioseo_head":"\n\t\t<!-- All in One SEO Pro 5.0.1 - aioseo.com -->\n\t<meta name=\"description\" content=\"El ministro del Interior, Juan Ignacio Zoido, ha presidido esta ma\u00f1ana la reuni\u00f3n extraordinaria de la mesa de valoraci\u00f3n de la amenaza terrorista, cuyos integrantes han propuesto mantener el nivel de alerta antiterrorista (nivel 4 - riesgo alto), vigente en Espa\u00f1a desde junio de 2015. Al finalizar esta reuni\u00f3n extraordinaria, celebrada en la sala de\" \/>\n\t<meta name=\"robots\" content=\"max-image-preview:large\" \/>\n\t<meta name=\"author\" content=\"El Digital de Asturias\"\/>\n\t<meta name=\"google-site-verification\" content=\"UA-38556648-1\" \/>\n\t<meta name=\"msvalidate.01\" content=\"7dfe9f3f1b24437ab69f4f2559babe99\" \/>\n\t<meta name=\"keywords\" content=\"actualidad\" \/>\n\t<link rel=\"canonical\" href=\"https:\/\/www.eldigitaldeasturias.com\/noticias\/espana-mantiene-el-nivel-4-de-alerta-antiterrorista\/\" \/>\n\t<meta name=\"generator\" content=\"All in One SEO Pro (AIOSEO) 5.0.1\" \/>\n\t\t<meta property=\"og:locale\" content=\"es_ES\" \/>\n\t\t<meta property=\"og:site_name\" content=\"El Digital de Asturias\" \/>\n\t\t<meta property=\"og:type\" content=\"article\" \/>\n\t\t<meta property=\"og:title\" content=\"Espa\u00f1a mantiene el nivel 4 de alerta antiterrorista - El Digital de Asturias\" \/>\n\t\t<meta property=\"og:description\" content=\"El ministro del Interior, Juan Ignacio Zoido, ha presidido esta ma\u00f1ana la reuni\u00f3n extraordinaria de la mesa de valoraci\u00f3n de la amenaza terrorista, cuyos integrantes han propuesto mantener el nivel de alerta antiterrorista (nivel 4 - riesgo alto), vigente en Espa\u00f1a desde junio de 2015. Al finalizar esta reuni\u00f3n extraordinaria, celebrada en la sala de\" \/>\n\t\t<meta property=\"og:url\" content=\"https:\/\/www.eldigitaldeasturias.com\/noticias\/espana-mantiene-el-nivel-4-de-alerta-antiterrorista\/\" \/>\n\t\t<meta property=\"article:tag\" content=\"actualidad\" \/>\n\t\t<meta property=\"article:published_time\" content=\"2017-08-19T22:22:40+00:00\" \/>\n\t\t<meta property=\"article:modified_time\" content=\"2017-08-19T22:22:40+00:00\" \/>\n\t\t<meta property=\"article:publisher\" content=\"https:\/\/facebook.com\/eldigitaldeasturias\" \/>\n\t\t<meta name=\"twitter:card\" content=\"summary_large_image\" \/>\n\t\t<meta name=\"twitter:title\" content=\"Espa\u00f1a mantiene el nivel 4 de alerta antiterrorista - El Digital de Asturias\" \/>\n\t\t<meta name=\"twitter:description\" content=\"El ministro del Interior, Juan Ignacio Zoido, ha presidido esta ma\u00f1ana la reuni\u00f3n extraordinaria de la mesa de valoraci\u00f3n de la amenaza terrorista, cuyos integrantes han propuesto mantener el nivel de alerta antiterrorista (nivel 4 - riesgo alto), vigente en Espa\u00f1a desde junio de 2015. Al finalizar esta reuni\u00f3n extraordinaria, celebrada en la sala de\" \/>\n\t\t<meta name=\"twitter:image\" content=\"https:\/\/www.eldigitaldeasturias.com\/noticias\/wp-content\/uploads\/2020\/12\/EDA-1.jpg\" \/>\n\t\t<meta name=\"twitter:label1\" content=\"Escrito por\" \/>\n\t\t<meta name=\"twitter:data1\" content=\"El Digital de Asturias\" \/>\n\t\t<meta name=\"twitter:label2\" content=\"Tiempo de lectura estimado\" \/>\n\t\t<meta name=\"twitter:data2\" content=\"3 minutos\" \/>\n\t\t<script type=\"application\/ld+json\" class=\"aioseo-schema\">\n\t\t\t{\"@context\":\"https:\\\/\\\/schema.org\",\"@graph\":[{\"@type\":\"BlogPosting\",\"@id\":\"https:\\\/\\\/www.eldigitaldeasturias.com\\\/noticias\\\/espana-mantiene-el-nivel-4-de-alerta-antiterrorista\\\/#blogposting\",\"name\":\"Espa\\u00f1a mantiene el nivel 4 de alerta antiterrorista - El Digital de Asturias\",\"headline\":\"Espa\\u00f1a mantiene el nivel 4 de alerta antiterrorista\",\"author\":{\"@id\":\"https:\\\/\\\/www.eldigitaldeasturias.com\\\/noticias\\\/author\\\/admin\\\/#author\"},\"publisher\":{\"@id\":\"https:\\\/\\\/www.eldigitaldeasturias.com\\\/noticias\\\/#organization\"},\"image\":{\"@type\":\"ImageObject\",\"url\":950355},\"datePublished\":\"2017-08-19T22:22:40+02:00\",\"dateModified\":\"2017-08-19T22:22:40+02:00\",\"inLanguage\":\"es-ES\",\"mainEntityOfPage\":{\"@id\":\"https:\\\/\\\/www.eldigitaldeasturias.com\\\/noticias\\\/espana-mantiene-el-nivel-4-de-alerta-antiterrorista\\\/#webpage\"},\"isPartOf\":{\"@id\":\"https:\\\/\\\/www.eldigitaldeasturias.com\\\/noticias\\\/espana-mantiene-el-nivel-4-de-alerta-antiterrorista\\\/#webpage\"},\"articleSection\":\"Actualidad\"},{\"@type\":\"BreadcrumbList\",\"@id\":\"https:\\\/\\\/www.eldigitaldeasturias.com\\\/noticias\\\/espana-mantiene-el-nivel-4-de-alerta-antiterrorista\\\/#breadcrumblist\",\"itemListElement\":[{\"@type\":\"ListItem\",\"@id\":\"https:\\\/\\\/www.eldigitaldeasturias.com\\\/noticias#listItem\",\"position\":1,\"name\":\"Home\",\"item\":\"https:\\\/\\\/www.eldigitaldeasturias.com\\\/noticias\",\"nextItem\":{\"@type\":\"ListItem\",\"@id\":\"https:\\\/\\\/www.eldigitaldeasturias.com\\\/noticias\\\/category\\\/actualidad\\\/#listItem\",\"name\":\"Actualidad\"}},{\"@type\":\"ListItem\",\"@id\":\"https:\\\/\\\/www.eldigitaldeasturias.com\\\/noticias\\\/category\\\/actualidad\\\/#listItem\",\"position\":2,\"name\":\"Actualidad\",\"item\":\"https:\\\/\\\/www.eldigitaldeasturias.com\\\/noticias\\\/category\\\/actualidad\\\/\",\"nextItem\":{\"@type\":\"ListItem\",\"@id\":\"https:\\\/\\\/www.eldigitaldeasturias.com\\\/noticias\\\/espana-mantiene-el-nivel-4-de-alerta-antiterrorista\\\/#listItem\",\"name\":\"Espa\\u00f1a mantiene el nivel 4 de alerta antiterrorista\"},\"previousItem\":{\"@type\":\"ListItem\",\"@id\":\"https:\\\/\\\/www.eldigitaldeasturias.com\\\/noticias#listItem\",\"name\":\"Home\"}},{\"@type\":\"ListItem\",\"@id\":\"https:\\\/\\\/www.eldigitaldeasturias.com\\\/noticias\\\/espana-mantiene-el-nivel-4-de-alerta-antiterrorista\\\/#listItem\",\"position\":3,\"name\":\"Espa\\u00f1a mantiene el nivel 4 de alerta antiterrorista\",\"previousItem\":{\"@type\":\"ListItem\",\"@id\":\"https:\\\/\\\/www.eldigitaldeasturias.com\\\/noticias\\\/category\\\/actualidad\\\/#listItem\",\"name\":\"Actualidad\"}}]},{\"@type\":\"Organization\",\"@id\":\"https:\\\/\\\/www.eldigitaldeasturias.com\\\/noticias\\\/#organization\",\"name\":\"El Digital de Asturias\",\"description\":\"Hemeroteca\",\"url\":\"https:\\\/\\\/www.eldigitaldeasturias.com\\\/noticias\\\/\",\"email\":\"info@eldigitaldeasturias.com\",\"telephone\":\"+34652131393\",\"logo\":{\"@type\":\"ImageObject\",\"url\":\"https:\\\/\\\/www.eldigitaldeasturias.com\\\/noticias\\\/wp-content\\\/uploads\\\/2020\\\/12\\\/EDA.jpg\",\"@id\":\"https:\\\/\\\/www.eldigitaldeasturias.com\\\/noticias\\\/espana-mantiene-el-nivel-4-de-alerta-antiterrorista\\\/#organizationLogo\"},\"image\":{\"@id\":\"https:\\\/\\\/www.eldigitaldeasturias.com\\\/noticias\\\/espana-mantiene-el-nivel-4-de-alerta-antiterrorista\\\/#organizationLogo\"},\"sameAs\":[\"https:\\\/\\\/facebook.com\\\/eldigitaldeasturias\",\"https:\\\/\\\/www.youtube.com\\\/channel\\\/UCZP-2wLEB9Rv6erhFmqVnvg\"],\"address\":{\"@id\":\"https:\\\/\\\/www.eldigitaldeasturias.com\\\/noticias\\\/#postaladdress\",\"@type\":\"PostalAddress\",\"streetAddress\":\"san antonio 4\",\"postalCode\":\"33430\",\"addressLocality\":\"Cand\\u00e1s\",\"addressRegion\":\"Asturias\",\"addressCountry\":\"ES\"}},{\"@type\":\"Person\",\"@id\":\"https:\\\/\\\/www.eldigitaldeasturias.com\\\/noticias\\\/author\\\/admin\\\/#author\",\"url\":\"https:\\\/\\\/www.eldigitaldeasturias.com\\\/noticias\\\/author\\\/admin\\\/\",\"name\":\"El Digital de Asturias\",\"image\":{\"@type\":\"ImageObject\",\"@id\":\"https:\\\/\\\/www.eldigitaldeasturias.com\\\/noticias\\\/espana-mantiene-el-nivel-4-de-alerta-antiterrorista\\\/#authorImage\",\"url\":\"https:\\\/\\\/secure.gravatar.com\\\/avatar\\\/df2aeffc32bcd13f8d26072ef8a91b623d677766deac7f97ca815868cd41bf5e?s=96&d=mm&r=g\",\"width\":96,\"height\":96,\"caption\":\"El Digital de Asturias\"}},{\"@type\":\"WebPage\",\"@id\":\"https:\\\/\\\/www.eldigitaldeasturias.com\\\/noticias\\\/espana-mantiene-el-nivel-4-de-alerta-antiterrorista\\\/#webpage\",\"url\":\"https:\\\/\\\/www.eldigitaldeasturias.com\\\/noticias\\\/espana-mantiene-el-nivel-4-de-alerta-antiterrorista\\\/\",\"name\":\"Espa\\u00f1a mantiene el nivel 4 de alerta antiterrorista - El Digital de Asturias\",\"description\":\"El ministro del Interior, Juan Ignacio Zoido, ha presidido esta ma\\u00f1ana la reuni\\u00f3n extraordinaria de la mesa de valoraci\\u00f3n de la amenaza terrorista, cuyos integrantes han propuesto mantener el nivel de alerta antiterrorista (nivel 4 - riesgo alto), vigente en Espa\\u00f1a desde junio de 2015. Al finalizar esta reuni\\u00f3n extraordinaria, celebrada en la sala de\",\"inLanguage\":\"es-ES\",\"isPartOf\":{\"@id\":\"https:\\\/\\\/www.eldigitaldeasturias.com\\\/noticias\\\/#website\"},\"breadcrumb\":{\"@id\":\"https:\\\/\\\/www.eldigitaldeasturias.com\\\/noticias\\\/espana-mantiene-el-nivel-4-de-alerta-antiterrorista\\\/#breadcrumblist\"},\"author\":{\"@id\":\"https:\\\/\\\/www.eldigitaldeasturias.com\\\/noticias\\\/author\\\/admin\\\/#author\"},\"creator\":{\"@id\":\"https:\\\/\\\/www.eldigitaldeasturias.com\\\/noticias\\\/author\\\/admin\\\/#author\"},\"image\":{\"@type\":\"ImageObject\",\"url\":950355,\"@id\":\"https:\\\/\\\/www.eldigitaldeasturias.com\\\/noticias\\\/espana-mantiene-el-nivel-4-de-alerta-antiterrorista\\\/#mainImage\"},\"primaryImageOfPage\":{\"@id\":\"https:\\\/\\\/www.eldigitaldeasturias.com\\\/noticias\\\/espana-mantiene-el-nivel-4-de-alerta-antiterrorista\\\/#mainImage\"},\"datePublished\":\"2017-08-19T22:22:40+02:00\",\"dateModified\":\"2017-08-19T22:22:40+02:00\"},{\"@type\":\"WebSite\",\"@id\":\"https:\\\/\\\/www.eldigitaldeasturias.com\\\/noticias\\\/#website\",\"url\":\"https:\\\/\\\/www.eldigitaldeasturias.com\\\/noticias\\\/\",\"name\":\"El Digital de Asturias - Diario de actualidad y noticias\",\"alternateName\":\"El Digital de Asturias - Diario de actualidad y noticias\",\"description\":\"Hemeroteca\",\"inLanguage\":\"es-ES\",\"publisher\":{\"@id\":\"https:\\\/\\\/www.eldigitaldeasturias.com\\\/noticias\\\/#organization\"}}]}\n\t\t<\/script>\n\t\t<!-- All in One SEO Pro -->\r\n\t\t<title>Espa\u00f1a mantiene el nivel 4 de alerta antiterrorista - El Digital de Asturias<\/title>\n\n","aioseo_head_json":{"title":"Espa\u00f1a mantiene el nivel 4 de alerta antiterrorista - El Digital de Asturias","description":"El ministro del Interior, Juan Ignacio Zoido, ha presidido esta ma\u00f1ana la reuni\u00f3n extraordinaria de la mesa de valoraci\u00f3n de la amenaza terrorista, cuyos integrantes han propuesto mantener el nivel de alerta antiterrorista (nivel 4 - riesgo alto), vigente en Espa\u00f1a desde junio de 2015. Al finalizar esta reuni\u00f3n extraordinaria, celebrada en la sala de","canonical_url":"https:\/\/www.eldigitaldeasturias.com\/noticias\/espana-mantiene-el-nivel-4-de-alerta-antiterrorista\/","robots":"max-image-preview:large","keywords":"actualidad","webmasterTools":{"google-site-verification":"UA-38556648-1","msvalidate.01":"7dfe9f3f1b24437ab69f4f2559babe99","miscellaneous":""},"schema":{"@context":"https:\/\/schema.org","@graph":[{"@type":"BlogPosting","@id":"https:\/\/www.eldigitaldeasturias.com\/noticias\/espana-mantiene-el-nivel-4-de-alerta-antiterrorista\/#blogposting","name":"Espa\u00f1a mantiene el nivel 4 de alerta antiterrorista - El Digital de Asturias","headline":"Espa\u00f1a mantiene el nivel 4 de alerta antiterrorista","author":{"@id":"https:\/\/www.eldigitaldeasturias.com\/noticias\/author\/admin\/#author"},"publisher":{"@id":"https:\/\/www.eldigitaldeasturias.com\/noticias\/#organization"},"image":{"@type":"ImageObject","url":950355},"datePublished":"2017-08-19T22:22:40+02:00","dateModified":"2017-08-19T22:22:40+02:00","inLanguage":"es-ES","mainEntityOfPage":{"@id":"https:\/\/www.eldigitaldeasturias.com\/noticias\/espana-mantiene-el-nivel-4-de-alerta-antiterrorista\/#webpage"},"isPartOf":{"@id":"https:\/\/www.eldigitaldeasturias.com\/noticias\/espana-mantiene-el-nivel-4-de-alerta-antiterrorista\/#webpage"},"articleSection":"Actualidad"},{"@type":"BreadcrumbList","@id":"https:\/\/www.eldigitaldeasturias.com\/noticias\/espana-mantiene-el-nivel-4-de-alerta-antiterrorista\/#breadcrumblist","itemListElement":[{"@type":"ListItem","@id":"https:\/\/www.eldigitaldeasturias.com\/noticias#listItem","position":1,"name":"Home","item":"https:\/\/www.eldigitaldeasturias.com\/noticias","nextItem":{"@type":"ListItem","@id":"https:\/\/www.eldigitaldeasturias.com\/noticias\/category\/actualidad\/#listItem","name":"Actualidad"}},{"@type":"ListItem","@id":"https:\/\/www.eldigitaldeasturias.com\/noticias\/category\/actualidad\/#listItem","position":2,"name":"Actualidad","item":"https:\/\/www.eldigitaldeasturias.com\/noticias\/category\/actualidad\/","nextItem":{"@type":"ListItem","@id":"https:\/\/www.eldigitaldeasturias.com\/noticias\/espana-mantiene-el-nivel-4-de-alerta-antiterrorista\/#listItem","name":"Espa\u00f1a mantiene el nivel 4 de alerta antiterrorista"},"previousItem":{"@type":"ListItem","@id":"https:\/\/www.eldigitaldeasturias.com\/noticias#listItem","name":"Home"}},{"@type":"ListItem","@id":"https:\/\/www.eldigitaldeasturias.com\/noticias\/espana-mantiene-el-nivel-4-de-alerta-antiterrorista\/#listItem","position":3,"name":"Espa\u00f1a mantiene el nivel 4 de alerta antiterrorista","previousItem":{"@type":"ListItem","@id":"https:\/\/www.eldigitaldeasturias.com\/noticias\/category\/actualidad\/#listItem","name":"Actualidad"}}]},{"@type":"Organization","@id":"https:\/\/www.eldigitaldeasturias.com\/noticias\/#organization","name":"El Digital de Asturias","description":"Hemeroteca","url":"https:\/\/www.eldigitaldeasturias.com\/noticias\/","email":"info@eldigitaldeasturias.com","telephone":"+34652131393","logo":{"@type":"ImageObject","url":"https:\/\/www.eldigitaldeasturias.com\/noticias\/wp-content\/uploads\/2020\/12\/EDA.jpg","@id":"https:\/\/www.eldigitaldeasturias.com\/noticias\/espana-mantiene-el-nivel-4-de-alerta-antiterrorista\/#organizationLogo"},"image":{"@id":"https:\/\/www.eldigitaldeasturias.com\/noticias\/espana-mantiene-el-nivel-4-de-alerta-antiterrorista\/#organizationLogo"},"sameAs":["https:\/\/facebook.com\/eldigitaldeasturias","https:\/\/www.youtube.com\/channel\/UCZP-2wLEB9Rv6erhFmqVnvg"],"address":{"@id":"https:\/\/www.eldigitaldeasturias.com\/noticias\/#postaladdress","@type":"PostalAddress","streetAddress":"san antonio 4","postalCode":"33430","addressLocality":"Cand\u00e1s","addressRegion":"Asturias","addressCountry":"ES"}},{"@type":"Person","@id":"https:\/\/www.eldigitaldeasturias.com\/noticias\/author\/admin\/#author","url":"https:\/\/www.eldigitaldeasturias.com\/noticias\/author\/admin\/","name":"El Digital de Asturias","image":{"@type":"ImageObject","@id":"https:\/\/www.eldigitaldeasturias.com\/noticias\/espana-mantiene-el-nivel-4-de-alerta-antiterrorista\/#authorImage","url":"https:\/\/secure.gravatar.com\/avatar\/df2aeffc32bcd13f8d26072ef8a91b623d677766deac7f97ca815868cd41bf5e?s=96&d=mm&r=g","width":96,"height":96,"caption":"El Digital de Asturias"}},{"@type":"WebPage","@id":"https:\/\/www.eldigitaldeasturias.com\/noticias\/espana-mantiene-el-nivel-4-de-alerta-antiterrorista\/#webpage","url":"https:\/\/www.eldigitaldeasturias.com\/noticias\/espana-mantiene-el-nivel-4-de-alerta-antiterrorista\/","name":"Espa\u00f1a mantiene el nivel 4 de alerta antiterrorista - El Digital de Asturias","description":"El ministro del Interior, Juan Ignacio Zoido, ha presidido esta ma\u00f1ana la reuni\u00f3n extraordinaria de la mesa de valoraci\u00f3n de la amenaza terrorista, cuyos integrantes han propuesto mantener el nivel de alerta antiterrorista (nivel 4 - riesgo alto), vigente en Espa\u00f1a desde junio de 2015. Al finalizar esta reuni\u00f3n extraordinaria, celebrada en la sala de","inLanguage":"es-ES","isPartOf":{"@id":"https:\/\/www.eldigitaldeasturias.com\/noticias\/#website"},"breadcrumb":{"@id":"https:\/\/www.eldigitaldeasturias.com\/noticias\/espana-mantiene-el-nivel-4-de-alerta-antiterrorista\/#breadcrumblist"},"author":{"@id":"https:\/\/www.eldigitaldeasturias.com\/noticias\/author\/admin\/#author"},"creator":{"@id":"https:\/\/www.eldigitaldeasturias.com\/noticias\/author\/admin\/#author"},"image":{"@type":"ImageObject","url":950355,"@id":"https:\/\/www.eldigitaldeasturias.com\/noticias\/espana-mantiene-el-nivel-4-de-alerta-antiterrorista\/#mainImage"},"primaryImageOfPage":{"@id":"https:\/\/www.eldigitaldeasturias.com\/noticias\/espana-mantiene-el-nivel-4-de-alerta-antiterrorista\/#mainImage"},"datePublished":"2017-08-19T22:22:40+02:00","dateModified":"2017-08-19T22:22:40+02:00"},{"@type":"WebSite","@id":"https:\/\/www.eldigitaldeasturias.com\/noticias\/#website","url":"https:\/\/www.eldigitaldeasturias.com\/noticias\/","name":"El Digital de Asturias - Diario de actualidad y noticias","alternateName":"El Digital de Asturias - Diario de actualidad y noticias","description":"Hemeroteca","inLanguage":"es-ES","publisher":{"@id":"https:\/\/www.eldigitaldeasturias.com\/noticias\/#organization"}}]},"og:locale":"es_ES","og:site_name":"El Digital de Asturias","og:type":"article","og:title":"Espa\u00f1a mantiene el nivel 4 de alerta antiterrorista - El Digital de Asturias","og:description":"El ministro del Interior, Juan Ignacio Zoido, ha presidido esta ma\u00f1ana la reuni\u00f3n extraordinaria de la mesa de valoraci\u00f3n de la amenaza terrorista, cuyos integrantes han propuesto mantener el nivel de alerta antiterrorista (nivel 4 - riesgo alto), vigente en Espa\u00f1a desde junio de 2015. Al finalizar esta reuni\u00f3n extraordinaria, celebrada en la sala de","og:url":"https:\/\/www.eldigitaldeasturias.com\/noticias\/espana-mantiene-el-nivel-4-de-alerta-antiterrorista\/","article:tag":["actualidad"],"article:published_time":"2017-08-19T22:22:40+00:00","article:modified_time":"2017-08-19T22:22:40+00:00","article:publisher":"https:\/\/facebook.com\/eldigitaldeasturias","twitter:card":"summary_large_image","twitter:title":"Espa\u00f1a mantiene el nivel 4 de alerta antiterrorista - El Digital de Asturias","twitter:description":"El ministro del Interior, Juan Ignacio Zoido, ha presidido esta ma\u00f1ana la reuni\u00f3n extraordinaria de la mesa de valoraci\u00f3n de la amenaza terrorista, cuyos integrantes han propuesto mantener el nivel de alerta antiterrorista (nivel 4 - riesgo alto), vigente en Espa\u00f1a desde junio de 2015. Al finalizar esta reuni\u00f3n extraordinaria, celebrada en la sala de","twitter:image":"https:\/\/www.eldigitaldeasturias.com\/noticias\/wp-content\/uploads\/2020\/12\/EDA-1.jpg","twitter:label1":"Escrito por","twitter:data1":"El Digital de Asturias","twitter:label2":"Tiempo de lectura estimado","twitter:data2":"3 minutos"},"aioseo_meta_data":{"post_id":"950354","title":null,"description":null,"keywords":null,"keyphrases":null,"primary_term":null,"canonical_url":null,"og_title":null,"og_description":null,"og_object_type":"default","og_image_type":"default","og_image_url":null,"og_image_width":null,"og_image_height":null,"og_image_custom_url":null,"og_image_custom_fields":null,"og_video":null,"og_custom_url":null,"og_article_section":null,"og_article_tags":null,"twitter_use_og":false,"twitter_card":"default","twitter_image_type":"default","twitter_image_url":null,"twitter_image_custom_url":null,"twitter_image_custom_fields":null,"twitter_title":null,"twitter_description":null,"schema":{"blockGraphs":[],"customGraphs":[],"default":{"data":{"Article":[],"Course":[],"Dataset":[],"FAQPage":[],"Movie":[],"Person":[],"Product":[],"ProductReview":[],"Car":[],"Recipe":[],"Service":[],"SoftwareApplication":[],"WebPage":[]},"graphName":"","isEnabled":true},"graphs":[],"defaultGraph":"","defaultPostTypeGraph":""},"schema_type":null,"schema_type_options":null,"pillar_content":false,"robots_default":true,"robots_noindex":false,"robots_noarchive":false,"robots_nosnippet":false,"robots_nofollow":false,"robots_noimageindex":false,"robots_noodp":false,"robots_notranslate":false,"robots_max_snippet":null,"robots_max_videopreview":null,"robots_max_imagepreview":"large","priority":null,"frequency":null,"local_seo":null,"seo_analyzer_scan_date":"2025-12-05 15:31:10","breadcrumb_settings":null,"limit_modified_date":false,"open_ai":null,"ai":null,"created":"2020-12-21 12:59:39","updated":"2025-12-05 15:31:10","focus_keyword":null,"additional_keywords":null,"truseo_locale":null},"aioseo_breadcrumb":"<div class=\"aioseo-breadcrumbs\"><span class=\"aioseo-breadcrumb\">\n\t<a href=\"https:\/\/www.eldigitaldeasturias.com\/noticias\" title=\"Home\">Home<\/a>\n<\/span><span class=\"aioseo-breadcrumb-separator\">\u2013<\/span><span class=\"aioseo-breadcrumb\">\n\t<a href=\"https:\/\/www.eldigitaldeasturias.com\/noticias\/category\/actualidad\/\" title=\"Actualidad\">Actualidad<\/a>\n<\/span><span class=\"aioseo-breadcrumb-separator\">\u2013<\/span><span class=\"aioseo-breadcrumb\">\n\t<a href=\"https:\/\/www.eldigitaldeasturias.com\/noticias\/espana-mantiene-el-nivel-4-de-alerta-antiterrorista\/\" title=\"Espa\u00f1a mantiene el nivel 4 de alerta antiterrorista\">Espa\u00f1a mantiene el nivel 4 de alerta antiterrorista<\/a>\n<\/span><\/div>","aioseo_breadcrumb_json":[{"label":"Home","link":"https:\/\/www.eldigitaldeasturias.com\/noticias"},{"label":"Actualidad","link":"https:\/\/www.eldigitaldeasturias.com\/noticias\/category\/actualidad\/"},{"label":"Espa\u00f1a mantiene el nivel 4 de alerta antiterrorista","link":"https:\/\/www.eldigitaldeasturias.com\/noticias\/espana-mantiene-el-nivel-4-de-alerta-antiterrorista\/"}],"_links":{"self":[{"href":"https:\/\/www.eldigitaldeasturias.com\/noticias\/wp-json\/wp\/v2\/posts\/950354","targetHints":{"allow":["GET"]}}],"collection":[{"href":"https:\/\/www.eldigitaldeasturias.com\/noticias\/wp-json\/wp\/v2\/posts"}],"about":[{"href":"https:\/\/www.eldigitaldeasturias.com\/noticias\/wp-json\/wp\/v2\/types\/post"}],"author":[{"embeddable":true,"href":"https:\/\/www.eldigitaldeasturias.com\/noticias\/wp-json\/wp\/v2\/users\/1"}],"replies":[{"embeddable":true,"href":"https:\/\/www.eldigitaldeasturias.com\/noticias\/wp-json\/wp\/v2\/comments?post=950354"}],"version-history":[{"count":0,"href":"https:\/\/www.eldigitaldeasturias.com\/noticias\/wp-json\/wp\/v2\/posts\/950354\/revisions"}],"wp:attachment":[{"href":"https:\/\/www.eldigitaldeasturias.com\/noticias\/wp-json\/wp\/v2\/media?parent=950354"}],"wp:term":[{"taxonomy":"category","embeddable":true,"href":"https:\/\/www.eldigitaldeasturias.com\/noticias\/wp-json\/wp\/v2\/categories?post=950354"},{"taxonomy":"post_tag","embeddable":true,"href":"https:\/\/www.eldigitaldeasturias.com\/noticias\/wp-json\/wp\/v2\/tags?post=950354"}],"curies":[{"name":"wp","href":"https:\/\/api.w.org\/{rel}","templated":true}]}}