{"id":950351,"date":"2017-08-19T22:17:53","date_gmt":"2017-08-19T22:17:53","guid":{"rendered":"http:\/\/www.eldigitaldeasturias.com\/noticias\/?p=950351"},"modified":"2017-08-19T22:17:53","modified_gmt":"2017-08-19T22:17:53","slug":"el-mapama-ya-ha-puesto-en-marcha-siete-pozos-de-la-bateria-estrategica-de-la-vega-media","status":"publish","type":"post","link":"https:\/\/www.eldigitaldeasturias.com\/noticias\/el-mapama-ya-ha-puesto-en-marcha-siete-pozos-de-la-bateria-estrategica-de-la-vega-media\/","title":{"rendered":"El MAPAMA ya ha puesto en marcha siete pozos de la bater\u00eda estrat\u00e9gica de la Vega Media"},"content":{"rendered":"<p><img loading=\"lazy\" decoding=\"async\" class=\"alignleft size-medium wp-image-950352\" src=\"https:\/\/www.eldigitaldeasturias.com\/noticias\/wp-content\/uploads\/2017\/08\/170819-360x270.jpg\" alt=\"\" width=\"360\" height=\"270\" \/>El Ministerio de Agricultura y Pesca, Alimentaci\u00f3n y Medio Ambiente (MAPAMA), a trav\u00e9s de la Confederaci\u00f3n Hidrogr\u00e1fica del Segura, ya ha puesto en marcha 7 de los 15 sondeos de la bater\u00eda estrat\u00e9gica de la Vega Media (Regi\u00f3n de Murcia), que aportar\u00e1n un total de 8,7 hect\u00f3metros c\u00fabicos (hm3) de agua por a\u00f1o, tras una inversi\u00f3n estatal de 1,5 millones de euros.<\/p>\n<p>Con los pozos abiertos hasta ahora se extraer\u00e1n cerca de 3,5 hm3 de agua, destinados a los regantes afectados por la sequ\u00eda y a mantener el caudal ecol\u00f3gico del Segura.<\/p>\n<p>Durante este mes se pondr\u00e1 en funcionamiento el resto de sondeos de esta bater\u00eda, declarados de emergencia.<\/p>\n<p>Estas extracciones se enmarcan en el Real Decreto de sequ\u00eda en vigor en la cuenca del Segura, que contempla medidas extraordinarias para la obtenci\u00f3n de recursos que garanticen el abastecimiento y el mantenimiento de la actividad socioecon\u00f3mica de la cuenca.<\/p>\n<p><strong>ESFUERZO DEL GOBIERNO PARA PALIAR LOS EFECTOS DE LA SEQU\u00cdA<\/strong><\/p>\n<p>Esta nueva actuaci\u00f3n se suma a las numerosas medidas puestas en marcha este verano por el Gobierno de Espa\u00f1a para minimizar los da\u00f1os que est\u00e1 causando la escasez de precipitaciones en la cuenca del Segura, una de las m\u00e1s afectadas por la sequ\u00eda.<\/p>\n<p>En concreto, en los \u00faltimos meses se han abierto los pozos del Sinclinal de Calasparra, de lo que se van a extraer un total de 30,9 hm3 de agua; se ha incrementado la producci\u00f3n de agua procedente de la desaladora de Torrevieja en 21 hm3 para cubrir las necesidades provocadas por la escasez de agua; y se ha aprobado una inversi\u00f3n de 11,4 millones de euros para acometer los trabajos para aumentar el rendimiento de las desaladoras de los Canales del Taibilla. A estas actuaciones hay que a\u00f1adir la ayuda de 4 millones de euros, aprobada por el Gobierno en los Presupuestos Generales del Estado, para hacer m\u00e1s asequible el uso de agua desalada.<\/p>\n<p>Estas medidas que se suman a las que el Gobierno, a trav\u00e9s del Ministerio y de la Confederaci\u00f3n Hidrogr\u00e1fica del Segura, viene poniendo en marcha desde el inicio de esta situaci\u00f3n de sequ\u00eda en la que han permitido poner a disposici\u00f3n de los usuarios m\u00e1s de 250 hm3 de recursos adicionales de agua.<\/p>\n<p>As\u00ed, en esta demarcaci\u00f3n, en 2015, se autorizaron 12 obras de emergencia con una inversi\u00f3n de 30 millones de euros, que permitieron una mayor movilizaci\u00f3n y aprovechamiento de los recursos no convencionales procedentes de las desalinizadoras y bater\u00edas estrat\u00e9gicas de sondeos. En 2016, se autoriz\u00f3 una obra de emergencia que, con un presupuesto de 5 millones de euros, ha permitido optimizar la distribuci\u00f3n de la desalinizadora de Valdelentisco, conect\u00e1ndola con el embalse de Algeciras. Mientras, en el presente 2017, se han autorizado dos obras de emergencia con una inversi\u00f3n de 2,8 millones de euros para la puesta a punto y explotaci\u00f3n de las bater\u00edas estrat\u00e9gicas de sondeos propiedad de la Confederaci\u00f3n Hidrogr\u00e1fica del Segura en el Sinclinal de Calasparra y en la Vega Media.<\/p>\n<p><strong>REAL DECRETO-LEY DE MEDIDAS URGENTES TAMBI\u00c9N EN VIGOR<\/strong><\/p>\n<p>Adem\u00e1s de estas actuaciones, el Gobierno aprob\u00f3 el 9 de junio un Real Decreto-Ley que establece medidas de apoyo a las explotaciones agrarias situadas en los territorios afectados por la sequ\u00eda, entre ellas la cuenca del Segura, concediendo exenciones al pago del canon de regulaci\u00f3n, en la cuota de la tarifa de utilizaci\u00f3n del agua, en el pago de la tarifa de conducci\u00f3n de las aguas incluida en la Ley del acueducto Tajo-Segura y en la cuota de este a\u00f1o de la tarifa de conducci\u00f3n de las aguas por la infraestructura del postrasvase que supone un ahorro para los regantes de 37,2 millones de euros, m\u00e1s de 35 millones de \u00e9stos correspondientes a los regantes del trasvase.<\/p>\n<p>Por otro lado, las empresas y los trabajadores por cuenta propia titulares de explotaciones agrarias podr\u00e1n obtener una moratoria de un a\u00f1o sin inter\u00e9s en el pago de las cotizaciones a la Seguridad Social correspondiente a los meses de julio de 2017 a febrero de 2018 y en el pago de las cuotas por las jornadas reales correspondientes a ese mismo periodo.<\/p>\n<p>La normativa, asimismo, contempla que se puedan actualizar los contratos de cesi\u00f3n de derechos de agua entre concesionarios de la cuencas del Segura, con car\u00e1cter excepcional y temporalmente limitado, y en el \u00e1mbito de la propia cuenca.<\/p>\n<p>&nbsp;<\/p>\n","protected":false},"excerpt":{"rendered":"<p>El Ministerio de Agricultura y Pesca, Alimentaci\u00f3n y Medio Ambiente (MAPAMA), a trav\u00e9s de la Confederaci\u00f3n Hidrogr\u00e1fica del Segura, ya ha puesto en marcha 7 de los 15 sondeos de la bater\u00eda estrat\u00e9gica de la Vega Media (Regi\u00f3n de Murcia), que aportar\u00e1n un total de 8,7 hect\u00f3metros c\u00fabicos (hm3) de agua por a\u00f1o, tras una [&hellip;]<\/p>\n","protected":false},"author":1,"featured_media":950352,"comment_status":"closed","ping_status":"closed","sticky":false,"template":"","format":"standard","meta":{"footnotes":""},"categories":[1],"tags":[],"class_list":["post-950351","post","type-post","status-publish","format-standard","has-post-thumbnail","hentry","category-actualidad"],"aioseo_notices":[],"aioseo_head":"\n\t\t<!-- All in One SEO Pro 5.0.1 - aioseo.com -->\n\t<meta name=\"description\" content=\"El Ministerio de Agricultura y Pesca, Alimentaci\u00f3n y Medio Ambiente (MAPAMA), a trav\u00e9s de la Confederaci\u00f3n Hidrogr\u00e1fica del Segura, ya ha puesto en marcha 7 de los 15 sondeos de la bater\u00eda estrat\u00e9gica de la Vega Media (Regi\u00f3n de Murcia), que aportar\u00e1n un total de 8,7 hect\u00f3metros c\u00fabicos (hm3) de agua por a\u00f1o, tras una\" \/>\n\t<meta name=\"robots\" content=\"max-image-preview:large\" \/>\n\t<meta name=\"author\" content=\"El Digital de Asturias\"\/>\n\t<meta name=\"google-site-verification\" content=\"UA-38556648-1\" \/>\n\t<meta name=\"msvalidate.01\" content=\"7dfe9f3f1b24437ab69f4f2559babe99\" \/>\n\t<meta name=\"keywords\" content=\"actualidad\" \/>\n\t<link rel=\"canonical\" href=\"https:\/\/www.eldigitaldeasturias.com\/noticias\/el-mapama-ya-ha-puesto-en-marcha-siete-pozos-de-la-bateria-estrategica-de-la-vega-media\/\" \/>\n\t<meta name=\"generator\" content=\"All in One SEO Pro (AIOSEO) 5.0.1\" \/>\n\t\t<meta property=\"og:locale\" content=\"es_ES\" \/>\n\t\t<meta property=\"og:site_name\" content=\"El Digital de Asturias\" \/>\n\t\t<meta property=\"og:type\" content=\"article\" \/>\n\t\t<meta property=\"og:title\" content=\"El MAPAMA ya ha puesto en marcha siete pozos de la bater\u00eda estrat\u00e9gica de la Vega Media - El Digital de Asturias\" \/>\n\t\t<meta property=\"og:description\" content=\"El Ministerio de Agricultura y Pesca, Alimentaci\u00f3n y Medio Ambiente (MAPAMA), a trav\u00e9s de la Confederaci\u00f3n Hidrogr\u00e1fica del Segura, ya ha puesto en marcha 7 de los 15 sondeos de la bater\u00eda estrat\u00e9gica de la Vega Media (Regi\u00f3n de Murcia), que aportar\u00e1n un total de 8,7 hect\u00f3metros c\u00fabicos (hm3) de agua por a\u00f1o, tras una\" \/>\n\t\t<meta property=\"og:url\" content=\"https:\/\/www.eldigitaldeasturias.com\/noticias\/el-mapama-ya-ha-puesto-en-marcha-siete-pozos-de-la-bateria-estrategica-de-la-vega-media\/\" \/>\n\t\t<meta property=\"article:tag\" content=\"actualidad\" \/>\n\t\t<meta property=\"article:published_time\" content=\"2017-08-19T22:17:53+00:00\" \/>\n\t\t<meta property=\"article:modified_time\" content=\"2017-08-19T22:17:53+00:00\" \/>\n\t\t<meta property=\"article:publisher\" content=\"https:\/\/facebook.com\/eldigitaldeasturias\" \/>\n\t\t<meta name=\"twitter:card\" content=\"summary_large_image\" \/>\n\t\t<meta name=\"twitter:title\" content=\"El MAPAMA ya ha puesto en marcha siete pozos de la bater\u00eda estrat\u00e9gica de la Vega Media - El Digital de Asturias\" \/>\n\t\t<meta name=\"twitter:description\" content=\"El Ministerio de Agricultura y Pesca, Alimentaci\u00f3n y Medio Ambiente (MAPAMA), a trav\u00e9s de la Confederaci\u00f3n Hidrogr\u00e1fica del Segura, ya ha puesto en marcha 7 de los 15 sondeos de la bater\u00eda estrat\u00e9gica de la Vega Media (Regi\u00f3n de Murcia), que aportar\u00e1n un total de 8,7 hect\u00f3metros c\u00fabicos (hm3) de agua por a\u00f1o, tras una\" \/>\n\t\t<meta name=\"twitter:image\" content=\"https:\/\/www.eldigitaldeasturias.com\/noticias\/wp-content\/uploads\/2020\/12\/EDA-1.jpg\" \/>\n\t\t<meta name=\"twitter:label1\" content=\"Escrito por\" \/>\n\t\t<meta name=\"twitter:data1\" content=\"El Digital de Asturias\" \/>\n\t\t<meta name=\"twitter:label2\" content=\"Tiempo de lectura estimado\" \/>\n\t\t<meta name=\"twitter:data2\" content=\"4 minutos\" \/>\n\t\t<script type=\"application\/ld+json\" class=\"aioseo-schema\">\n\t\t\t{\"@context\":\"https:\\\/\\\/schema.org\",\"@graph\":[{\"@type\":\"BlogPosting\",\"@id\":\"https:\\\/\\\/www.eldigitaldeasturias.com\\\/noticias\\\/el-mapama-ya-ha-puesto-en-marcha-siete-pozos-de-la-bateria-estrategica-de-la-vega-media\\\/#blogposting\",\"name\":\"El MAPAMA ya ha puesto en marcha siete pozos de la bater\\u00eda estrat\\u00e9gica de la Vega Media - El Digital de Asturias\",\"headline\":\"El MAPAMA ya ha puesto en marcha siete pozos de la bater\\u00eda estrat\\u00e9gica de la Vega Media\",\"author\":{\"@id\":\"https:\\\/\\\/www.eldigitaldeasturias.com\\\/noticias\\\/author\\\/admin\\\/#author\"},\"publisher\":{\"@id\":\"https:\\\/\\\/www.eldigitaldeasturias.com\\\/noticias\\\/#organization\"},\"image\":{\"@type\":\"ImageObject\",\"url\":950352},\"datePublished\":\"2017-08-19T22:17:53+02:00\",\"dateModified\":\"2017-08-19T22:17:53+02:00\",\"inLanguage\":\"es-ES\",\"mainEntityOfPage\":{\"@id\":\"https:\\\/\\\/www.eldigitaldeasturias.com\\\/noticias\\\/el-mapama-ya-ha-puesto-en-marcha-siete-pozos-de-la-bateria-estrategica-de-la-vega-media\\\/#webpage\"},\"isPartOf\":{\"@id\":\"https:\\\/\\\/www.eldigitaldeasturias.com\\\/noticias\\\/el-mapama-ya-ha-puesto-en-marcha-siete-pozos-de-la-bateria-estrategica-de-la-vega-media\\\/#webpage\"},\"articleSection\":\"Actualidad\"},{\"@type\":\"BreadcrumbList\",\"@id\":\"https:\\\/\\\/www.eldigitaldeasturias.com\\\/noticias\\\/el-mapama-ya-ha-puesto-en-marcha-siete-pozos-de-la-bateria-estrategica-de-la-vega-media\\\/#breadcrumblist\",\"itemListElement\":[{\"@type\":\"ListItem\",\"@id\":\"https:\\\/\\\/www.eldigitaldeasturias.com\\\/noticias#listItem\",\"position\":1,\"name\":\"Home\",\"item\":\"https:\\\/\\\/www.eldigitaldeasturias.com\\\/noticias\",\"nextItem\":{\"@type\":\"ListItem\",\"@id\":\"https:\\\/\\\/www.eldigitaldeasturias.com\\\/noticias\\\/category\\\/actualidad\\\/#listItem\",\"name\":\"Actualidad\"}},{\"@type\":\"ListItem\",\"@id\":\"https:\\\/\\\/www.eldigitaldeasturias.com\\\/noticias\\\/category\\\/actualidad\\\/#listItem\",\"position\":2,\"name\":\"Actualidad\",\"item\":\"https:\\\/\\\/www.eldigitaldeasturias.com\\\/noticias\\\/category\\\/actualidad\\\/\",\"nextItem\":{\"@type\":\"ListItem\",\"@id\":\"https:\\\/\\\/www.eldigitaldeasturias.com\\\/noticias\\\/el-mapama-ya-ha-puesto-en-marcha-siete-pozos-de-la-bateria-estrategica-de-la-vega-media\\\/#listItem\",\"name\":\"El MAPAMA ya ha puesto en marcha siete pozos de la bater\\u00eda estrat\\u00e9gica de la Vega Media\"},\"previousItem\":{\"@type\":\"ListItem\",\"@id\":\"https:\\\/\\\/www.eldigitaldeasturias.com\\\/noticias#listItem\",\"name\":\"Home\"}},{\"@type\":\"ListItem\",\"@id\":\"https:\\\/\\\/www.eldigitaldeasturias.com\\\/noticias\\\/el-mapama-ya-ha-puesto-en-marcha-siete-pozos-de-la-bateria-estrategica-de-la-vega-media\\\/#listItem\",\"position\":3,\"name\":\"El MAPAMA ya ha puesto en marcha siete pozos de la bater\\u00eda estrat\\u00e9gica de la Vega Media\",\"previousItem\":{\"@type\":\"ListItem\",\"@id\":\"https:\\\/\\\/www.eldigitaldeasturias.com\\\/noticias\\\/category\\\/actualidad\\\/#listItem\",\"name\":\"Actualidad\"}}]},{\"@type\":\"Organization\",\"@id\":\"https:\\\/\\\/www.eldigitaldeasturias.com\\\/noticias\\\/#organization\",\"name\":\"El Digital de Asturias\",\"description\":\"Hemeroteca\",\"url\":\"https:\\\/\\\/www.eldigitaldeasturias.com\\\/noticias\\\/\",\"email\":\"info@eldigitaldeasturias.com\",\"telephone\":\"+34652131393\",\"logo\":{\"@type\":\"ImageObject\",\"url\":\"https:\\\/\\\/www.eldigitaldeasturias.com\\\/noticias\\\/wp-content\\\/uploads\\\/2020\\\/12\\\/EDA.jpg\",\"@id\":\"https:\\\/\\\/www.eldigitaldeasturias.com\\\/noticias\\\/el-mapama-ya-ha-puesto-en-marcha-siete-pozos-de-la-bateria-estrategica-de-la-vega-media\\\/#organizationLogo\"},\"image\":{\"@id\":\"https:\\\/\\\/www.eldigitaldeasturias.com\\\/noticias\\\/el-mapama-ya-ha-puesto-en-marcha-siete-pozos-de-la-bateria-estrategica-de-la-vega-media\\\/#organizationLogo\"},\"sameAs\":[\"https:\\\/\\\/facebook.com\\\/eldigitaldeasturias\",\"https:\\\/\\\/www.youtube.com\\\/channel\\\/UCZP-2wLEB9Rv6erhFmqVnvg\"],\"address\":{\"@id\":\"https:\\\/\\\/www.eldigitaldeasturias.com\\\/noticias\\\/#postaladdress\",\"@type\":\"PostalAddress\",\"streetAddress\":\"san antonio 4\",\"postalCode\":\"33430\",\"addressLocality\":\"Cand\\u00e1s\",\"addressRegion\":\"Asturias\",\"addressCountry\":\"ES\"}},{\"@type\":\"Person\",\"@id\":\"https:\\\/\\\/www.eldigitaldeasturias.com\\\/noticias\\\/author\\\/admin\\\/#author\",\"url\":\"https:\\\/\\\/www.eldigitaldeasturias.com\\\/noticias\\\/author\\\/admin\\\/\",\"name\":\"El Digital de Asturias\",\"image\":{\"@type\":\"ImageObject\",\"@id\":\"https:\\\/\\\/www.eldigitaldeasturias.com\\\/noticias\\\/el-mapama-ya-ha-puesto-en-marcha-siete-pozos-de-la-bateria-estrategica-de-la-vega-media\\\/#authorImage\",\"url\":\"https:\\\/\\\/secure.gravatar.com\\\/avatar\\\/df2aeffc32bcd13f8d26072ef8a91b623d677766deac7f97ca815868cd41bf5e?s=96&d=mm&r=g\",\"width\":96,\"height\":96,\"caption\":\"El Digital de Asturias\"}},{\"@type\":\"WebPage\",\"@id\":\"https:\\\/\\\/www.eldigitaldeasturias.com\\\/noticias\\\/el-mapama-ya-ha-puesto-en-marcha-siete-pozos-de-la-bateria-estrategica-de-la-vega-media\\\/#webpage\",\"url\":\"https:\\\/\\\/www.eldigitaldeasturias.com\\\/noticias\\\/el-mapama-ya-ha-puesto-en-marcha-siete-pozos-de-la-bateria-estrategica-de-la-vega-media\\\/\",\"name\":\"El MAPAMA ya ha puesto en marcha siete pozos de la bater\\u00eda estrat\\u00e9gica de la Vega Media - El Digital de Asturias\",\"description\":\"El Ministerio de Agricultura y Pesca, Alimentaci\\u00f3n y Medio Ambiente (MAPAMA), a trav\\u00e9s de la Confederaci\\u00f3n Hidrogr\\u00e1fica del Segura, ya ha puesto en marcha 7 de los 15 sondeos de la bater\\u00eda estrat\\u00e9gica de la Vega Media (Regi\\u00f3n de Murcia), que aportar\\u00e1n un total de 8,7 hect\\u00f3metros c\\u00fabicos (hm3) de agua por a\\u00f1o, tras una\",\"inLanguage\":\"es-ES\",\"isPartOf\":{\"@id\":\"https:\\\/\\\/www.eldigitaldeasturias.com\\\/noticias\\\/#website\"},\"breadcrumb\":{\"@id\":\"https:\\\/\\\/www.eldigitaldeasturias.com\\\/noticias\\\/el-mapama-ya-ha-puesto-en-marcha-siete-pozos-de-la-bateria-estrategica-de-la-vega-media\\\/#breadcrumblist\"},\"author\":{\"@id\":\"https:\\\/\\\/www.eldigitaldeasturias.com\\\/noticias\\\/author\\\/admin\\\/#author\"},\"creator\":{\"@id\":\"https:\\\/\\\/www.eldigitaldeasturias.com\\\/noticias\\\/author\\\/admin\\\/#author\"},\"image\":{\"@type\":\"ImageObject\",\"url\":950352,\"@id\":\"https:\\\/\\\/www.eldigitaldeasturias.com\\\/noticias\\\/el-mapama-ya-ha-puesto-en-marcha-siete-pozos-de-la-bateria-estrategica-de-la-vega-media\\\/#mainImage\"},\"primaryImageOfPage\":{\"@id\":\"https:\\\/\\\/www.eldigitaldeasturias.com\\\/noticias\\\/el-mapama-ya-ha-puesto-en-marcha-siete-pozos-de-la-bateria-estrategica-de-la-vega-media\\\/#mainImage\"},\"datePublished\":\"2017-08-19T22:17:53+02:00\",\"dateModified\":\"2017-08-19T22:17:53+02:00\"},{\"@type\":\"WebSite\",\"@id\":\"https:\\\/\\\/www.eldigitaldeasturias.com\\\/noticias\\\/#website\",\"url\":\"https:\\\/\\\/www.eldigitaldeasturias.com\\\/noticias\\\/\",\"name\":\"El Digital de Asturias - Diario de actualidad y noticias\",\"alternateName\":\"El Digital de Asturias - Diario de actualidad y noticias\",\"description\":\"Hemeroteca\",\"inLanguage\":\"es-ES\",\"publisher\":{\"@id\":\"https:\\\/\\\/www.eldigitaldeasturias.com\\\/noticias\\\/#organization\"}}]}\n\t\t<\/script>\n\t\t<!-- All in One SEO Pro -->\r\n\t\t<title>El MAPAMA ya ha puesto en marcha siete pozos de la bater\u00eda estrat\u00e9gica de la Vega Media - El Digital de Asturias<\/title>\n\n","aioseo_head_json":{"title":"El MAPAMA ya ha puesto en marcha siete pozos de la bater\u00eda estrat\u00e9gica de la Vega Media - El Digital de Asturias","description":"El Ministerio de Agricultura y Pesca, Alimentaci\u00f3n y Medio Ambiente (MAPAMA), a trav\u00e9s de la Confederaci\u00f3n Hidrogr\u00e1fica del Segura, ya ha puesto en marcha 7 de los 15 sondeos de la bater\u00eda estrat\u00e9gica de la Vega Media (Regi\u00f3n de Murcia), que aportar\u00e1n un total de 8,7 hect\u00f3metros c\u00fabicos (hm3) de agua por a\u00f1o, tras una","canonical_url":"https:\/\/www.eldigitaldeasturias.com\/noticias\/el-mapama-ya-ha-puesto-en-marcha-siete-pozos-de-la-bateria-estrategica-de-la-vega-media\/","robots":"max-image-preview:large","keywords":"actualidad","webmasterTools":{"google-site-verification":"UA-38556648-1","msvalidate.01":"7dfe9f3f1b24437ab69f4f2559babe99","miscellaneous":""},"schema":{"@context":"https:\/\/schema.org","@graph":[{"@type":"BlogPosting","@id":"https:\/\/www.eldigitaldeasturias.com\/noticias\/el-mapama-ya-ha-puesto-en-marcha-siete-pozos-de-la-bateria-estrategica-de-la-vega-media\/#blogposting","name":"El MAPAMA ya ha puesto en marcha siete pozos de la bater\u00eda estrat\u00e9gica de la Vega Media - El Digital de Asturias","headline":"El MAPAMA ya ha puesto en marcha siete pozos de la bater\u00eda estrat\u00e9gica de la Vega Media","author":{"@id":"https:\/\/www.eldigitaldeasturias.com\/noticias\/author\/admin\/#author"},"publisher":{"@id":"https:\/\/www.eldigitaldeasturias.com\/noticias\/#organization"},"image":{"@type":"ImageObject","url":950352},"datePublished":"2017-08-19T22:17:53+02:00","dateModified":"2017-08-19T22:17:53+02:00","inLanguage":"es-ES","mainEntityOfPage":{"@id":"https:\/\/www.eldigitaldeasturias.com\/noticias\/el-mapama-ya-ha-puesto-en-marcha-siete-pozos-de-la-bateria-estrategica-de-la-vega-media\/#webpage"},"isPartOf":{"@id":"https:\/\/www.eldigitaldeasturias.com\/noticias\/el-mapama-ya-ha-puesto-en-marcha-siete-pozos-de-la-bateria-estrategica-de-la-vega-media\/#webpage"},"articleSection":"Actualidad"},{"@type":"BreadcrumbList","@id":"https:\/\/www.eldigitaldeasturias.com\/noticias\/el-mapama-ya-ha-puesto-en-marcha-siete-pozos-de-la-bateria-estrategica-de-la-vega-media\/#breadcrumblist","itemListElement":[{"@type":"ListItem","@id":"https:\/\/www.eldigitaldeasturias.com\/noticias#listItem","position":1,"name":"Home","item":"https:\/\/www.eldigitaldeasturias.com\/noticias","nextItem":{"@type":"ListItem","@id":"https:\/\/www.eldigitaldeasturias.com\/noticias\/category\/actualidad\/#listItem","name":"Actualidad"}},{"@type":"ListItem","@id":"https:\/\/www.eldigitaldeasturias.com\/noticias\/category\/actualidad\/#listItem","position":2,"name":"Actualidad","item":"https:\/\/www.eldigitaldeasturias.com\/noticias\/category\/actualidad\/","nextItem":{"@type":"ListItem","@id":"https:\/\/www.eldigitaldeasturias.com\/noticias\/el-mapama-ya-ha-puesto-en-marcha-siete-pozos-de-la-bateria-estrategica-de-la-vega-media\/#listItem","name":"El MAPAMA ya ha puesto en marcha siete pozos de la bater\u00eda estrat\u00e9gica de la Vega Media"},"previousItem":{"@type":"ListItem","@id":"https:\/\/www.eldigitaldeasturias.com\/noticias#listItem","name":"Home"}},{"@type":"ListItem","@id":"https:\/\/www.eldigitaldeasturias.com\/noticias\/el-mapama-ya-ha-puesto-en-marcha-siete-pozos-de-la-bateria-estrategica-de-la-vega-media\/#listItem","position":3,"name":"El MAPAMA ya ha puesto en marcha siete pozos de la bater\u00eda estrat\u00e9gica de la Vega Media","previousItem":{"@type":"ListItem","@id":"https:\/\/www.eldigitaldeasturias.com\/noticias\/category\/actualidad\/#listItem","name":"Actualidad"}}]},{"@type":"Organization","@id":"https:\/\/www.eldigitaldeasturias.com\/noticias\/#organization","name":"El Digital de Asturias","description":"Hemeroteca","url":"https:\/\/www.eldigitaldeasturias.com\/noticias\/","email":"info@eldigitaldeasturias.com","telephone":"+34652131393","logo":{"@type":"ImageObject","url":"https:\/\/www.eldigitaldeasturias.com\/noticias\/wp-content\/uploads\/2020\/12\/EDA.jpg","@id":"https:\/\/www.eldigitaldeasturias.com\/noticias\/el-mapama-ya-ha-puesto-en-marcha-siete-pozos-de-la-bateria-estrategica-de-la-vega-media\/#organizationLogo"},"image":{"@id":"https:\/\/www.eldigitaldeasturias.com\/noticias\/el-mapama-ya-ha-puesto-en-marcha-siete-pozos-de-la-bateria-estrategica-de-la-vega-media\/#organizationLogo"},"sameAs":["https:\/\/facebook.com\/eldigitaldeasturias","https:\/\/www.youtube.com\/channel\/UCZP-2wLEB9Rv6erhFmqVnvg"],"address":{"@id":"https:\/\/www.eldigitaldeasturias.com\/noticias\/#postaladdress","@type":"PostalAddress","streetAddress":"san antonio 4","postalCode":"33430","addressLocality":"Cand\u00e1s","addressRegion":"Asturias","addressCountry":"ES"}},{"@type":"Person","@id":"https:\/\/www.eldigitaldeasturias.com\/noticias\/author\/admin\/#author","url":"https:\/\/www.eldigitaldeasturias.com\/noticias\/author\/admin\/","name":"El Digital de Asturias","image":{"@type":"ImageObject","@id":"https:\/\/www.eldigitaldeasturias.com\/noticias\/el-mapama-ya-ha-puesto-en-marcha-siete-pozos-de-la-bateria-estrategica-de-la-vega-media\/#authorImage","url":"https:\/\/secure.gravatar.com\/avatar\/df2aeffc32bcd13f8d26072ef8a91b623d677766deac7f97ca815868cd41bf5e?s=96&d=mm&r=g","width":96,"height":96,"caption":"El Digital de Asturias"}},{"@type":"WebPage","@id":"https:\/\/www.eldigitaldeasturias.com\/noticias\/el-mapama-ya-ha-puesto-en-marcha-siete-pozos-de-la-bateria-estrategica-de-la-vega-media\/#webpage","url":"https:\/\/www.eldigitaldeasturias.com\/noticias\/el-mapama-ya-ha-puesto-en-marcha-siete-pozos-de-la-bateria-estrategica-de-la-vega-media\/","name":"El MAPAMA ya ha puesto en marcha siete pozos de la bater\u00eda estrat\u00e9gica de la Vega Media - El Digital de Asturias","description":"El Ministerio de Agricultura y Pesca, Alimentaci\u00f3n y Medio Ambiente (MAPAMA), a trav\u00e9s de la Confederaci\u00f3n Hidrogr\u00e1fica del Segura, ya ha puesto en marcha 7 de los 15 sondeos de la bater\u00eda estrat\u00e9gica de la Vega Media (Regi\u00f3n de Murcia), que aportar\u00e1n un total de 8,7 hect\u00f3metros c\u00fabicos (hm3) de agua por a\u00f1o, tras una","inLanguage":"es-ES","isPartOf":{"@id":"https:\/\/www.eldigitaldeasturias.com\/noticias\/#website"},"breadcrumb":{"@id":"https:\/\/www.eldigitaldeasturias.com\/noticias\/el-mapama-ya-ha-puesto-en-marcha-siete-pozos-de-la-bateria-estrategica-de-la-vega-media\/#breadcrumblist"},"author":{"@id":"https:\/\/www.eldigitaldeasturias.com\/noticias\/author\/admin\/#author"},"creator":{"@id":"https:\/\/www.eldigitaldeasturias.com\/noticias\/author\/admin\/#author"},"image":{"@type":"ImageObject","url":950352,"@id":"https:\/\/www.eldigitaldeasturias.com\/noticias\/el-mapama-ya-ha-puesto-en-marcha-siete-pozos-de-la-bateria-estrategica-de-la-vega-media\/#mainImage"},"primaryImageOfPage":{"@id":"https:\/\/www.eldigitaldeasturias.com\/noticias\/el-mapama-ya-ha-puesto-en-marcha-siete-pozos-de-la-bateria-estrategica-de-la-vega-media\/#mainImage"},"datePublished":"2017-08-19T22:17:53+02:00","dateModified":"2017-08-19T22:17:53+02:00"},{"@type":"WebSite","@id":"https:\/\/www.eldigitaldeasturias.com\/noticias\/#website","url":"https:\/\/www.eldigitaldeasturias.com\/noticias\/","name":"El Digital de Asturias - Diario de actualidad y noticias","alternateName":"El Digital de Asturias - Diario de actualidad y noticias","description":"Hemeroteca","inLanguage":"es-ES","publisher":{"@id":"https:\/\/www.eldigitaldeasturias.com\/noticias\/#organization"}}]},"og:locale":"es_ES","og:site_name":"El Digital de Asturias","og:type":"article","og:title":"El MAPAMA ya ha puesto en marcha siete pozos de la bater\u00eda estrat\u00e9gica de la Vega Media - El Digital de Asturias","og:description":"El Ministerio de Agricultura y Pesca, Alimentaci\u00f3n y Medio Ambiente (MAPAMA), a trav\u00e9s de la Confederaci\u00f3n Hidrogr\u00e1fica del Segura, ya ha puesto en marcha 7 de los 15 sondeos de la bater\u00eda estrat\u00e9gica de la Vega Media (Regi\u00f3n de Murcia), que aportar\u00e1n un total de 8,7 hect\u00f3metros c\u00fabicos (hm3) de agua por a\u00f1o, tras una","og:url":"https:\/\/www.eldigitaldeasturias.com\/noticias\/el-mapama-ya-ha-puesto-en-marcha-siete-pozos-de-la-bateria-estrategica-de-la-vega-media\/","article:tag":["actualidad"],"article:published_time":"2017-08-19T22:17:53+00:00","article:modified_time":"2017-08-19T22:17:53+00:00","article:publisher":"https:\/\/facebook.com\/eldigitaldeasturias","twitter:card":"summary_large_image","twitter:title":"El MAPAMA ya ha puesto en marcha siete pozos de la bater\u00eda estrat\u00e9gica de la Vega Media - El Digital de Asturias","twitter:description":"El Ministerio de Agricultura y Pesca, Alimentaci\u00f3n y Medio Ambiente (MAPAMA), a trav\u00e9s de la Confederaci\u00f3n Hidrogr\u00e1fica del Segura, ya ha puesto en marcha 7 de los 15 sondeos de la bater\u00eda estrat\u00e9gica de la Vega Media (Regi\u00f3n de Murcia), que aportar\u00e1n un total de 8,7 hect\u00f3metros c\u00fabicos (hm3) de agua por a\u00f1o, tras una","twitter:image":"https:\/\/www.eldigitaldeasturias.com\/noticias\/wp-content\/uploads\/2020\/12\/EDA-1.jpg","twitter:label1":"Escrito por","twitter:data1":"El Digital de Asturias","twitter:label2":"Tiempo de lectura estimado","twitter:data2":"4 minutos"},"aioseo_meta_data":{"post_id":"950351","title":null,"description":null,"keywords":null,"keyphrases":null,"primary_term":null,"canonical_url":null,"og_title":null,"og_description":null,"og_object_type":"default","og_image_type":"default","og_image_url":null,"og_image_width":null,"og_image_height":null,"og_image_custom_url":null,"og_image_custom_fields":null,"og_video":null,"og_custom_url":null,"og_article_section":null,"og_article_tags":null,"twitter_use_og":false,"twitter_card":"default","twitter_image_type":"default","twitter_image_url":null,"twitter_image_custom_url":null,"twitter_image_custom_fields":null,"twitter_title":null,"twitter_description":null,"schema":{"blockGraphs":[],"customGraphs":[],"default":{"data":{"Article":[],"Course":[],"Dataset":[],"FAQPage":[],"Movie":[],"Person":[],"Product":[],"ProductReview":[],"Car":[],"Recipe":[],"Service":[],"SoftwareApplication":[],"WebPage":[]},"graphName":"","isEnabled":true},"graphs":[],"defaultGraph":"","defaultPostTypeGraph":""},"schema_type":null,"schema_type_options":null,"pillar_content":false,"robots_default":true,"robots_noindex":false,"robots_noarchive":false,"robots_nosnippet":false,"robots_nofollow":false,"robots_noimageindex":false,"robots_noodp":false,"robots_notranslate":false,"robots_max_snippet":null,"robots_max_videopreview":null,"robots_max_imagepreview":"large","priority":null,"frequency":null,"local_seo":null,"seo_analyzer_scan_date":"2025-12-05 15:29:11","breadcrumb_settings":null,"limit_modified_date":false,"open_ai":null,"ai":null,"created":"2020-12-21 12:59:39","updated":"2025-12-05 15:29:11","focus_keyword":null,"additional_keywords":null,"truseo_locale":null},"aioseo_breadcrumb":"<div class=\"aioseo-breadcrumbs\"><span class=\"aioseo-breadcrumb\">\n\t<a href=\"https:\/\/www.eldigitaldeasturias.com\/noticias\" title=\"Home\">Home<\/a>\n<\/span><span class=\"aioseo-breadcrumb-separator\">\u2013<\/span><span class=\"aioseo-breadcrumb\">\n\t<a href=\"https:\/\/www.eldigitaldeasturias.com\/noticias\/category\/actualidad\/\" title=\"Actualidad\">Actualidad<\/a>\n<\/span><span class=\"aioseo-breadcrumb-separator\">\u2013<\/span><span class=\"aioseo-breadcrumb\">\n\t<a href=\"https:\/\/www.eldigitaldeasturias.com\/noticias\/el-mapama-ya-ha-puesto-en-marcha-siete-pozos-de-la-bateria-estrategica-de-la-vega-media\/\" title=\"El MAPAMA ya ha puesto en marcha siete pozos de la bater\u00eda estrat\u00e9gica de la Vega Media\">El MAPAMA ya ha puesto en marcha siete pozos de la bater\u00eda estrat\u00e9gica de la Vega Media<\/a>\n<\/span><\/div>","aioseo_breadcrumb_json":[{"label":"Home","link":"https:\/\/www.eldigitaldeasturias.com\/noticias"},{"label":"Actualidad","link":"https:\/\/www.eldigitaldeasturias.com\/noticias\/category\/actualidad\/"},{"label":"El MAPAMA ya ha puesto en marcha siete pozos de la bater\u00eda estrat\u00e9gica de la Vega Media","link":"https:\/\/www.eldigitaldeasturias.com\/noticias\/el-mapama-ya-ha-puesto-en-marcha-siete-pozos-de-la-bateria-estrategica-de-la-vega-media\/"}],"_links":{"self":[{"href":"https:\/\/www.eldigitaldeasturias.com\/noticias\/wp-json\/wp\/v2\/posts\/950351","targetHints":{"allow":["GET"]}}],"collection":[{"href":"https:\/\/www.eldigitaldeasturias.com\/noticias\/wp-json\/wp\/v2\/posts"}],"about":[{"href":"https:\/\/www.eldigitaldeasturias.com\/noticias\/wp-json\/wp\/v2\/types\/post"}],"author":[{"embeddable":true,"href":"https:\/\/www.eldigitaldeasturias.com\/noticias\/wp-json\/wp\/v2\/users\/1"}],"replies":[{"embeddable":true,"href":"https:\/\/www.eldigitaldeasturias.com\/noticias\/wp-json\/wp\/v2\/comments?post=950351"}],"version-history":[{"count":0,"href":"https:\/\/www.eldigitaldeasturias.com\/noticias\/wp-json\/wp\/v2\/posts\/950351\/revisions"}],"wp:attachment":[{"href":"https:\/\/www.eldigitaldeasturias.com\/noticias\/wp-json\/wp\/v2\/media?parent=950351"}],"wp:term":[{"taxonomy":"category","embeddable":true,"href":"https:\/\/www.eldigitaldeasturias.com\/noticias\/wp-json\/wp\/v2\/categories?post=950351"},{"taxonomy":"post_tag","embeddable":true,"href":"https:\/\/www.eldigitaldeasturias.com\/noticias\/wp-json\/wp\/v2\/tags?post=950351"}],"curies":[{"name":"wp","href":"https:\/\/api.w.org\/{rel}","templated":true}]}}