{"id":950343,"date":"2017-08-19T22:08:33","date_gmt":"2017-08-19T22:08:33","guid":{"rendered":"http:\/\/www.eldigitaldeasturias.com\/noticias\/?p=950343"},"modified":"2017-08-19T22:08:33","modified_gmt":"2017-08-19T22:08:33","slug":"mas-de-8-700-andaluces-disfrutaran-este-verano-de-las-residencias-de-tiempo-libre","status":"publish","type":"post","link":"https:\/\/www.eldigitaldeasturias.com\/noticias\/mas-de-8-700-andaluces-disfrutaran-este-verano-de-las-residencias-de-tiempo-libre\/","title":{"rendered":"M\u00e1s de 8.700 andaluces disfrutar\u00e1n este verano de las residencias de tiempo libre"},"content":{"rendered":"<p><img loading=\"lazy\" decoding=\"async\" class=\"alignleft size-full wp-image-950344\" src=\"https:\/\/www.eldigitaldeasturias.com\/noticias\/wp-content\/uploads\/2017\/08\/1360859526911tiempolibredn.jpg\" alt=\"\" width=\"312\" height=\"198\" \/>M\u00e1s de 8.700 andaluces disfrutar\u00e1n este verano en unas condiciones econ\u00f3micas favorables de la red de Residencias de Tiempo Libre de la Junta de Andaluc\u00eda, cuya temporada alta de verano se inici\u00f3 el d\u00eda 1 de julio y culminar\u00e1 el 8 de septiembre en los cinco establecimientos ubicados en la costa andaluza, y el de turismo de interior de Siles (Ja\u00e9n).<\/p>\n<p>Debido al car\u00e1cter social del programa, los precios de estancia no han variado desde el a\u00f1o 2011, y oscilan entre los 25 euros para adultos y los 12,5 euros para menores de entre 2 y 11a\u00f1os, incluyendo media pensi\u00f3n.<\/p>\n<p>La temporada alta de verano abarca desde 1 de julio al 7 de septiembre, distribuida en 9 turnos de 7 d\u00edas, salvo los turnos 4\u00ba y 8\u00ba (del 25 al 30 de julio y del 25 al 30 de agosto) en los que la duraci\u00f3n es de 6 d\u00edas. En total, a lo largo de estos nueve turnos se alcanzar\u00e1n en estos centros un total de 57.555 estancias.<\/p>\n<p>La temporada 2017 de la red de Residencias empez\u00f3 el 3 de abril con el Programa Conoce Tu Tierra y concluir\u00e1 el 22 de septiembre, salvo en Siles, que concluye el 29 de septiembre con el programa Conoce Tu Tierra, que ofrece estancias gratuitas a colectivos espec\u00edficos. Este programa puede ser solicitado por ayuntamientos, asociaciones, fundaciones, clubes y entidades deportivas. Est\u00e1 destinado a personas perceptoras de pensiones no contributivas y de la Seguridad Social, jubiladas, mayores de 65 a\u00f1os y con discapacidad reconocida legalmente; personas integrantes de comunidades andaluzas existentes fuera del territorio andaluz; mujeres v\u00edctimas de violencia de g\u00e9nero y personas integrantes de clubes y entidades deportivas andaluces para las residencias de monta\u00f1a.<\/p>\n<p>La temporada alta de verano comprende no s\u00f3lo las residencias de playa, aunque las de monta\u00f1a desarrollen su mayor actividad durante los meses de invierno. Las instalaciones de playa est\u00e1n ubicadas en Aguadulce (Almer\u00eda); La L\u00ednea de la Concepci\u00f3n (C\u00e1diz); Marbella (M\u00e1laga) y Punta Umbr\u00eda (Huelva), y la de monta\u00f1a situada en Siles (Ja\u00e9n).<\/p>\n<p>Andaluc\u00eda es una de las pocas comunidades aut\u00f3nomas que a\u00fan mantiene una red de residencias de tiempo libre donde las personas trabajadoras y sus familiares pueden disfrutar de vacaciones a precios sociales.<\/p>\n","protected":false},"excerpt":{"rendered":"<p>M\u00e1s de 8.700 andaluces disfrutar\u00e1n este verano en unas condiciones econ\u00f3micas favorables de la red de Residencias de Tiempo Libre de la Junta de Andaluc\u00eda, cuya temporada alta de verano se inici\u00f3 el d\u00eda 1 de julio y culminar\u00e1 el 8 de septiembre en los cinco establecimientos ubicados en la costa andaluza, y el de [&hellip;]<\/p>\n","protected":false},"author":1,"featured_media":950344,"comment_status":"closed","ping_status":"closed","sticky":false,"template":"","format":"standard","meta":{"footnotes":""},"categories":[1],"tags":[],"class_list":["post-950343","post","type-post","status-publish","format-standard","has-post-thumbnail","hentry","category-actualidad"],"aioseo_notices":[],"aioseo_head":"\n\t\t<!-- All in One SEO Pro 5.0.1 - aioseo.com -->\n\t<meta name=\"description\" content=\"M\u00e1s de 8.700 andaluces disfrutar\u00e1n este verano en unas condiciones econ\u00f3micas favorables de la red de Residencias de Tiempo Libre de la Junta de Andaluc\u00eda, cuya temporada alta de verano se inici\u00f3 el d\u00eda 1 de julio y culminar\u00e1 el 8 de septiembre en los cinco establecimientos ubicados en la costa andaluza, y el de\" \/>\n\t<meta name=\"robots\" content=\"max-image-preview:large\" \/>\n\t<meta name=\"author\" content=\"El Digital de Asturias\"\/>\n\t<meta name=\"google-site-verification\" content=\"UA-38556648-1\" \/>\n\t<meta name=\"msvalidate.01\" content=\"7dfe9f3f1b24437ab69f4f2559babe99\" \/>\n\t<meta name=\"keywords\" content=\"actualidad\" \/>\n\t<link rel=\"canonical\" href=\"https:\/\/www.eldigitaldeasturias.com\/noticias\/mas-de-8-700-andaluces-disfrutaran-este-verano-de-las-residencias-de-tiempo-libre\/\" \/>\n\t<meta name=\"generator\" content=\"All in One SEO Pro (AIOSEO) 5.0.1\" \/>\n\t\t<meta property=\"og:locale\" content=\"es_ES\" \/>\n\t\t<meta property=\"og:site_name\" content=\"El Digital de Asturias\" \/>\n\t\t<meta property=\"og:type\" content=\"article\" \/>\n\t\t<meta property=\"og:title\" content=\"M\u00e1s de 8.700 andaluces disfrutar\u00e1n este verano de las residencias de tiempo libre - El Digital de Asturias\" \/>\n\t\t<meta property=\"og:description\" content=\"M\u00e1s de 8.700 andaluces disfrutar\u00e1n este verano en unas condiciones econ\u00f3micas favorables de la red de Residencias de Tiempo Libre de la Junta de Andaluc\u00eda, cuya temporada alta de verano se inici\u00f3 el d\u00eda 1 de julio y culminar\u00e1 el 8 de septiembre en los cinco establecimientos ubicados en la costa andaluza, y el de\" \/>\n\t\t<meta property=\"og:url\" content=\"https:\/\/www.eldigitaldeasturias.com\/noticias\/mas-de-8-700-andaluces-disfrutaran-este-verano-de-las-residencias-de-tiempo-libre\/\" \/>\n\t\t<meta property=\"article:tag\" content=\"actualidad\" \/>\n\t\t<meta property=\"article:published_time\" content=\"2017-08-19T22:08:33+00:00\" \/>\n\t\t<meta property=\"article:modified_time\" content=\"2017-08-19T22:08:33+00:00\" \/>\n\t\t<meta property=\"article:publisher\" content=\"https:\/\/facebook.com\/eldigitaldeasturias\" \/>\n\t\t<meta name=\"twitter:card\" content=\"summary_large_image\" \/>\n\t\t<meta name=\"twitter:title\" content=\"M\u00e1s de 8.700 andaluces disfrutar\u00e1n este verano de las residencias de tiempo libre - El Digital de Asturias\" \/>\n\t\t<meta name=\"twitter:description\" content=\"M\u00e1s de 8.700 andaluces disfrutar\u00e1n este verano en unas condiciones econ\u00f3micas favorables de la red de Residencias de Tiempo Libre de la Junta de Andaluc\u00eda, cuya temporada alta de verano se inici\u00f3 el d\u00eda 1 de julio y culminar\u00e1 el 8 de septiembre en los cinco establecimientos ubicados en la costa andaluza, y el de\" \/>\n\t\t<meta name=\"twitter:image\" content=\"https:\/\/www.eldigitaldeasturias.com\/noticias\/wp-content\/uploads\/2020\/12\/EDA-1.jpg\" \/>\n\t\t<meta name=\"twitter:label1\" content=\"Escrito por\" \/>\n\t\t<meta name=\"twitter:data1\" content=\"El Digital de Asturias\" \/>\n\t\t<meta name=\"twitter:label2\" content=\"Tiempo de lectura estimado\" \/>\n\t\t<meta name=\"twitter:data2\" content=\"2 minutos\" \/>\n\t\t<script type=\"application\/ld+json\" class=\"aioseo-schema\">\n\t\t\t{\"@context\":\"https:\\\/\\\/schema.org\",\"@graph\":[{\"@type\":\"BlogPosting\",\"@id\":\"https:\\\/\\\/www.eldigitaldeasturias.com\\\/noticias\\\/mas-de-8-700-andaluces-disfrutaran-este-verano-de-las-residencias-de-tiempo-libre\\\/#blogposting\",\"name\":\"M\\u00e1s de 8.700 andaluces disfrutar\\u00e1n este verano de las residencias de tiempo libre - El Digital de Asturias\",\"headline\":\"M\\u00e1s de 8.700 andaluces disfrutar\\u00e1n este verano de las residencias de tiempo libre\",\"author\":{\"@id\":\"https:\\\/\\\/www.eldigitaldeasturias.com\\\/noticias\\\/author\\\/admin\\\/#author\"},\"publisher\":{\"@id\":\"https:\\\/\\\/www.eldigitaldeasturias.com\\\/noticias\\\/#organization\"},\"image\":{\"@type\":\"ImageObject\",\"url\":950344},\"datePublished\":\"2017-08-19T22:08:33+02:00\",\"dateModified\":\"2017-08-19T22:08:33+02:00\",\"inLanguage\":\"es-ES\",\"mainEntityOfPage\":{\"@id\":\"https:\\\/\\\/www.eldigitaldeasturias.com\\\/noticias\\\/mas-de-8-700-andaluces-disfrutaran-este-verano-de-las-residencias-de-tiempo-libre\\\/#webpage\"},\"isPartOf\":{\"@id\":\"https:\\\/\\\/www.eldigitaldeasturias.com\\\/noticias\\\/mas-de-8-700-andaluces-disfrutaran-este-verano-de-las-residencias-de-tiempo-libre\\\/#webpage\"},\"articleSection\":\"Actualidad\"},{\"@type\":\"BreadcrumbList\",\"@id\":\"https:\\\/\\\/www.eldigitaldeasturias.com\\\/noticias\\\/mas-de-8-700-andaluces-disfrutaran-este-verano-de-las-residencias-de-tiempo-libre\\\/#breadcrumblist\",\"itemListElement\":[{\"@type\":\"ListItem\",\"@id\":\"https:\\\/\\\/www.eldigitaldeasturias.com\\\/noticias#listItem\",\"position\":1,\"name\":\"Home\",\"item\":\"https:\\\/\\\/www.eldigitaldeasturias.com\\\/noticias\",\"nextItem\":{\"@type\":\"ListItem\",\"@id\":\"https:\\\/\\\/www.eldigitaldeasturias.com\\\/noticias\\\/category\\\/actualidad\\\/#listItem\",\"name\":\"Actualidad\"}},{\"@type\":\"ListItem\",\"@id\":\"https:\\\/\\\/www.eldigitaldeasturias.com\\\/noticias\\\/category\\\/actualidad\\\/#listItem\",\"position\":2,\"name\":\"Actualidad\",\"item\":\"https:\\\/\\\/www.eldigitaldeasturias.com\\\/noticias\\\/category\\\/actualidad\\\/\",\"nextItem\":{\"@type\":\"ListItem\",\"@id\":\"https:\\\/\\\/www.eldigitaldeasturias.com\\\/noticias\\\/mas-de-8-700-andaluces-disfrutaran-este-verano-de-las-residencias-de-tiempo-libre\\\/#listItem\",\"name\":\"M\\u00e1s de 8.700 andaluces disfrutar\\u00e1n este verano de las residencias de tiempo libre\"},\"previousItem\":{\"@type\":\"ListItem\",\"@id\":\"https:\\\/\\\/www.eldigitaldeasturias.com\\\/noticias#listItem\",\"name\":\"Home\"}},{\"@type\":\"ListItem\",\"@id\":\"https:\\\/\\\/www.eldigitaldeasturias.com\\\/noticias\\\/mas-de-8-700-andaluces-disfrutaran-este-verano-de-las-residencias-de-tiempo-libre\\\/#listItem\",\"position\":3,\"name\":\"M\\u00e1s de 8.700 andaluces disfrutar\\u00e1n este verano de las residencias de tiempo libre\",\"previousItem\":{\"@type\":\"ListItem\",\"@id\":\"https:\\\/\\\/www.eldigitaldeasturias.com\\\/noticias\\\/category\\\/actualidad\\\/#listItem\",\"name\":\"Actualidad\"}}]},{\"@type\":\"Organization\",\"@id\":\"https:\\\/\\\/www.eldigitaldeasturias.com\\\/noticias\\\/#organization\",\"name\":\"El Digital de Asturias\",\"description\":\"Hemeroteca\",\"url\":\"https:\\\/\\\/www.eldigitaldeasturias.com\\\/noticias\\\/\",\"email\":\"info@eldigitaldeasturias.com\",\"telephone\":\"+34652131393\",\"logo\":{\"@type\":\"ImageObject\",\"url\":\"https:\\\/\\\/www.eldigitaldeasturias.com\\\/noticias\\\/wp-content\\\/uploads\\\/2020\\\/12\\\/EDA.jpg\",\"@id\":\"https:\\\/\\\/www.eldigitaldeasturias.com\\\/noticias\\\/mas-de-8-700-andaluces-disfrutaran-este-verano-de-las-residencias-de-tiempo-libre\\\/#organizationLogo\"},\"image\":{\"@id\":\"https:\\\/\\\/www.eldigitaldeasturias.com\\\/noticias\\\/mas-de-8-700-andaluces-disfrutaran-este-verano-de-las-residencias-de-tiempo-libre\\\/#organizationLogo\"},\"sameAs\":[\"https:\\\/\\\/facebook.com\\\/eldigitaldeasturias\",\"https:\\\/\\\/www.youtube.com\\\/channel\\\/UCZP-2wLEB9Rv6erhFmqVnvg\"],\"address\":{\"@id\":\"https:\\\/\\\/www.eldigitaldeasturias.com\\\/noticias\\\/#postaladdress\",\"@type\":\"PostalAddress\",\"streetAddress\":\"san antonio 4\",\"postalCode\":\"33430\",\"addressLocality\":\"Cand\\u00e1s\",\"addressRegion\":\"Asturias\",\"addressCountry\":\"ES\"}},{\"@type\":\"Person\",\"@id\":\"https:\\\/\\\/www.eldigitaldeasturias.com\\\/noticias\\\/author\\\/admin\\\/#author\",\"url\":\"https:\\\/\\\/www.eldigitaldeasturias.com\\\/noticias\\\/author\\\/admin\\\/\",\"name\":\"El Digital de Asturias\",\"image\":{\"@type\":\"ImageObject\",\"@id\":\"https:\\\/\\\/www.eldigitaldeasturias.com\\\/noticias\\\/mas-de-8-700-andaluces-disfrutaran-este-verano-de-las-residencias-de-tiempo-libre\\\/#authorImage\",\"url\":\"https:\\\/\\\/secure.gravatar.com\\\/avatar\\\/df2aeffc32bcd13f8d26072ef8a91b623d677766deac7f97ca815868cd41bf5e?s=96&d=mm&r=g\",\"width\":96,\"height\":96,\"caption\":\"El Digital de Asturias\"}},{\"@type\":\"WebPage\",\"@id\":\"https:\\\/\\\/www.eldigitaldeasturias.com\\\/noticias\\\/mas-de-8-700-andaluces-disfrutaran-este-verano-de-las-residencias-de-tiempo-libre\\\/#webpage\",\"url\":\"https:\\\/\\\/www.eldigitaldeasturias.com\\\/noticias\\\/mas-de-8-700-andaluces-disfrutaran-este-verano-de-las-residencias-de-tiempo-libre\\\/\",\"name\":\"M\\u00e1s de 8.700 andaluces disfrutar\\u00e1n este verano de las residencias de tiempo libre - El Digital de Asturias\",\"description\":\"M\\u00e1s de 8.700 andaluces disfrutar\\u00e1n este verano en unas condiciones econ\\u00f3micas favorables de la red de Residencias de Tiempo Libre de la Junta de Andaluc\\u00eda, cuya temporada alta de verano se inici\\u00f3 el d\\u00eda 1 de julio y culminar\\u00e1 el 8 de septiembre en los cinco establecimientos ubicados en la costa andaluza, y el de\",\"inLanguage\":\"es-ES\",\"isPartOf\":{\"@id\":\"https:\\\/\\\/www.eldigitaldeasturias.com\\\/noticias\\\/#website\"},\"breadcrumb\":{\"@id\":\"https:\\\/\\\/www.eldigitaldeasturias.com\\\/noticias\\\/mas-de-8-700-andaluces-disfrutaran-este-verano-de-las-residencias-de-tiempo-libre\\\/#breadcrumblist\"},\"author\":{\"@id\":\"https:\\\/\\\/www.eldigitaldeasturias.com\\\/noticias\\\/author\\\/admin\\\/#author\"},\"creator\":{\"@id\":\"https:\\\/\\\/www.eldigitaldeasturias.com\\\/noticias\\\/author\\\/admin\\\/#author\"},\"image\":{\"@type\":\"ImageObject\",\"url\":950344,\"@id\":\"https:\\\/\\\/www.eldigitaldeasturias.com\\\/noticias\\\/mas-de-8-700-andaluces-disfrutaran-este-verano-de-las-residencias-de-tiempo-libre\\\/#mainImage\"},\"primaryImageOfPage\":{\"@id\":\"https:\\\/\\\/www.eldigitaldeasturias.com\\\/noticias\\\/mas-de-8-700-andaluces-disfrutaran-este-verano-de-las-residencias-de-tiempo-libre\\\/#mainImage\"},\"datePublished\":\"2017-08-19T22:08:33+02:00\",\"dateModified\":\"2017-08-19T22:08:33+02:00\"},{\"@type\":\"WebSite\",\"@id\":\"https:\\\/\\\/www.eldigitaldeasturias.com\\\/noticias\\\/#website\",\"url\":\"https:\\\/\\\/www.eldigitaldeasturias.com\\\/noticias\\\/\",\"name\":\"El Digital de Asturias - Diario de actualidad y noticias\",\"alternateName\":\"El Digital de Asturias - Diario de actualidad y noticias\",\"description\":\"Hemeroteca\",\"inLanguage\":\"es-ES\",\"publisher\":{\"@id\":\"https:\\\/\\\/www.eldigitaldeasturias.com\\\/noticias\\\/#organization\"}}]}\n\t\t<\/script>\n\t\t<!-- All in One SEO Pro -->\r\n\t\t<title>M\u00e1s de 8.700 andaluces disfrutar\u00e1n este verano de las residencias de tiempo libre - El Digital de Asturias<\/title>\n\n","aioseo_head_json":{"title":"M\u00e1s de 8.700 andaluces disfrutar\u00e1n este verano de las residencias de tiempo libre - El Digital de Asturias","description":"M\u00e1s de 8.700 andaluces disfrutar\u00e1n este verano en unas condiciones econ\u00f3micas favorables de la red de Residencias de Tiempo Libre de la Junta de Andaluc\u00eda, cuya temporada alta de verano se inici\u00f3 el d\u00eda 1 de julio y culminar\u00e1 el 8 de septiembre en los cinco establecimientos ubicados en la costa andaluza, y el de","canonical_url":"https:\/\/www.eldigitaldeasturias.com\/noticias\/mas-de-8-700-andaluces-disfrutaran-este-verano-de-las-residencias-de-tiempo-libre\/","robots":"max-image-preview:large","keywords":"actualidad","webmasterTools":{"google-site-verification":"UA-38556648-1","msvalidate.01":"7dfe9f3f1b24437ab69f4f2559babe99","miscellaneous":""},"schema":{"@context":"https:\/\/schema.org","@graph":[{"@type":"BlogPosting","@id":"https:\/\/www.eldigitaldeasturias.com\/noticias\/mas-de-8-700-andaluces-disfrutaran-este-verano-de-las-residencias-de-tiempo-libre\/#blogposting","name":"M\u00e1s de 8.700 andaluces disfrutar\u00e1n este verano de las residencias de tiempo libre - El Digital de Asturias","headline":"M\u00e1s de 8.700 andaluces disfrutar\u00e1n este verano de las residencias de tiempo libre","author":{"@id":"https:\/\/www.eldigitaldeasturias.com\/noticias\/author\/admin\/#author"},"publisher":{"@id":"https:\/\/www.eldigitaldeasturias.com\/noticias\/#organization"},"image":{"@type":"ImageObject","url":950344},"datePublished":"2017-08-19T22:08:33+02:00","dateModified":"2017-08-19T22:08:33+02:00","inLanguage":"es-ES","mainEntityOfPage":{"@id":"https:\/\/www.eldigitaldeasturias.com\/noticias\/mas-de-8-700-andaluces-disfrutaran-este-verano-de-las-residencias-de-tiempo-libre\/#webpage"},"isPartOf":{"@id":"https:\/\/www.eldigitaldeasturias.com\/noticias\/mas-de-8-700-andaluces-disfrutaran-este-verano-de-las-residencias-de-tiempo-libre\/#webpage"},"articleSection":"Actualidad"},{"@type":"BreadcrumbList","@id":"https:\/\/www.eldigitaldeasturias.com\/noticias\/mas-de-8-700-andaluces-disfrutaran-este-verano-de-las-residencias-de-tiempo-libre\/#breadcrumblist","itemListElement":[{"@type":"ListItem","@id":"https:\/\/www.eldigitaldeasturias.com\/noticias#listItem","position":1,"name":"Home","item":"https:\/\/www.eldigitaldeasturias.com\/noticias","nextItem":{"@type":"ListItem","@id":"https:\/\/www.eldigitaldeasturias.com\/noticias\/category\/actualidad\/#listItem","name":"Actualidad"}},{"@type":"ListItem","@id":"https:\/\/www.eldigitaldeasturias.com\/noticias\/category\/actualidad\/#listItem","position":2,"name":"Actualidad","item":"https:\/\/www.eldigitaldeasturias.com\/noticias\/category\/actualidad\/","nextItem":{"@type":"ListItem","@id":"https:\/\/www.eldigitaldeasturias.com\/noticias\/mas-de-8-700-andaluces-disfrutaran-este-verano-de-las-residencias-de-tiempo-libre\/#listItem","name":"M\u00e1s de 8.700 andaluces disfrutar\u00e1n este verano de las residencias de tiempo libre"},"previousItem":{"@type":"ListItem","@id":"https:\/\/www.eldigitaldeasturias.com\/noticias#listItem","name":"Home"}},{"@type":"ListItem","@id":"https:\/\/www.eldigitaldeasturias.com\/noticias\/mas-de-8-700-andaluces-disfrutaran-este-verano-de-las-residencias-de-tiempo-libre\/#listItem","position":3,"name":"M\u00e1s de 8.700 andaluces disfrutar\u00e1n este verano de las residencias de tiempo libre","previousItem":{"@type":"ListItem","@id":"https:\/\/www.eldigitaldeasturias.com\/noticias\/category\/actualidad\/#listItem","name":"Actualidad"}}]},{"@type":"Organization","@id":"https:\/\/www.eldigitaldeasturias.com\/noticias\/#organization","name":"El Digital de Asturias","description":"Hemeroteca","url":"https:\/\/www.eldigitaldeasturias.com\/noticias\/","email":"info@eldigitaldeasturias.com","telephone":"+34652131393","logo":{"@type":"ImageObject","url":"https:\/\/www.eldigitaldeasturias.com\/noticias\/wp-content\/uploads\/2020\/12\/EDA.jpg","@id":"https:\/\/www.eldigitaldeasturias.com\/noticias\/mas-de-8-700-andaluces-disfrutaran-este-verano-de-las-residencias-de-tiempo-libre\/#organizationLogo"},"image":{"@id":"https:\/\/www.eldigitaldeasturias.com\/noticias\/mas-de-8-700-andaluces-disfrutaran-este-verano-de-las-residencias-de-tiempo-libre\/#organizationLogo"},"sameAs":["https:\/\/facebook.com\/eldigitaldeasturias","https:\/\/www.youtube.com\/channel\/UCZP-2wLEB9Rv6erhFmqVnvg"],"address":{"@id":"https:\/\/www.eldigitaldeasturias.com\/noticias\/#postaladdress","@type":"PostalAddress","streetAddress":"san antonio 4","postalCode":"33430","addressLocality":"Cand\u00e1s","addressRegion":"Asturias","addressCountry":"ES"}},{"@type":"Person","@id":"https:\/\/www.eldigitaldeasturias.com\/noticias\/author\/admin\/#author","url":"https:\/\/www.eldigitaldeasturias.com\/noticias\/author\/admin\/","name":"El Digital de Asturias","image":{"@type":"ImageObject","@id":"https:\/\/www.eldigitaldeasturias.com\/noticias\/mas-de-8-700-andaluces-disfrutaran-este-verano-de-las-residencias-de-tiempo-libre\/#authorImage","url":"https:\/\/secure.gravatar.com\/avatar\/df2aeffc32bcd13f8d26072ef8a91b623d677766deac7f97ca815868cd41bf5e?s=96&d=mm&r=g","width":96,"height":96,"caption":"El Digital de Asturias"}},{"@type":"WebPage","@id":"https:\/\/www.eldigitaldeasturias.com\/noticias\/mas-de-8-700-andaluces-disfrutaran-este-verano-de-las-residencias-de-tiempo-libre\/#webpage","url":"https:\/\/www.eldigitaldeasturias.com\/noticias\/mas-de-8-700-andaluces-disfrutaran-este-verano-de-las-residencias-de-tiempo-libre\/","name":"M\u00e1s de 8.700 andaluces disfrutar\u00e1n este verano de las residencias de tiempo libre - El Digital de Asturias","description":"M\u00e1s de 8.700 andaluces disfrutar\u00e1n este verano en unas condiciones econ\u00f3micas favorables de la red de Residencias de Tiempo Libre de la Junta de Andaluc\u00eda, cuya temporada alta de verano se inici\u00f3 el d\u00eda 1 de julio y culminar\u00e1 el 8 de septiembre en los cinco establecimientos ubicados en la costa andaluza, y el de","inLanguage":"es-ES","isPartOf":{"@id":"https:\/\/www.eldigitaldeasturias.com\/noticias\/#website"},"breadcrumb":{"@id":"https:\/\/www.eldigitaldeasturias.com\/noticias\/mas-de-8-700-andaluces-disfrutaran-este-verano-de-las-residencias-de-tiempo-libre\/#breadcrumblist"},"author":{"@id":"https:\/\/www.eldigitaldeasturias.com\/noticias\/author\/admin\/#author"},"creator":{"@id":"https:\/\/www.eldigitaldeasturias.com\/noticias\/author\/admin\/#author"},"image":{"@type":"ImageObject","url":950344,"@id":"https:\/\/www.eldigitaldeasturias.com\/noticias\/mas-de-8-700-andaluces-disfrutaran-este-verano-de-las-residencias-de-tiempo-libre\/#mainImage"},"primaryImageOfPage":{"@id":"https:\/\/www.eldigitaldeasturias.com\/noticias\/mas-de-8-700-andaluces-disfrutaran-este-verano-de-las-residencias-de-tiempo-libre\/#mainImage"},"datePublished":"2017-08-19T22:08:33+02:00","dateModified":"2017-08-19T22:08:33+02:00"},{"@type":"WebSite","@id":"https:\/\/www.eldigitaldeasturias.com\/noticias\/#website","url":"https:\/\/www.eldigitaldeasturias.com\/noticias\/","name":"El Digital de Asturias - Diario de actualidad y noticias","alternateName":"El Digital de Asturias - Diario de actualidad y noticias","description":"Hemeroteca","inLanguage":"es-ES","publisher":{"@id":"https:\/\/www.eldigitaldeasturias.com\/noticias\/#organization"}}]},"og:locale":"es_ES","og:site_name":"El Digital de Asturias","og:type":"article","og:title":"M\u00e1s de 8.700 andaluces disfrutar\u00e1n este verano de las residencias de tiempo libre - El Digital de Asturias","og:description":"M\u00e1s de 8.700 andaluces disfrutar\u00e1n este verano en unas condiciones econ\u00f3micas favorables de la red de Residencias de Tiempo Libre de la Junta de Andaluc\u00eda, cuya temporada alta de verano se inici\u00f3 el d\u00eda 1 de julio y culminar\u00e1 el 8 de septiembre en los cinco establecimientos ubicados en la costa andaluza, y el de","og:url":"https:\/\/www.eldigitaldeasturias.com\/noticias\/mas-de-8-700-andaluces-disfrutaran-este-verano-de-las-residencias-de-tiempo-libre\/","article:tag":["actualidad"],"article:published_time":"2017-08-19T22:08:33+00:00","article:modified_time":"2017-08-19T22:08:33+00:00","article:publisher":"https:\/\/facebook.com\/eldigitaldeasturias","twitter:card":"summary_large_image","twitter:title":"M\u00e1s de 8.700 andaluces disfrutar\u00e1n este verano de las residencias de tiempo libre - El Digital de Asturias","twitter:description":"M\u00e1s de 8.700 andaluces disfrutar\u00e1n este verano en unas condiciones econ\u00f3micas favorables de la red de Residencias de Tiempo Libre de la Junta de Andaluc\u00eda, cuya temporada alta de verano se inici\u00f3 el d\u00eda 1 de julio y culminar\u00e1 el 8 de septiembre en los cinco establecimientos ubicados en la costa andaluza, y el de","twitter:image":"https:\/\/www.eldigitaldeasturias.com\/noticias\/wp-content\/uploads\/2020\/12\/EDA-1.jpg","twitter:label1":"Escrito por","twitter:data1":"El Digital de Asturias","twitter:label2":"Tiempo de lectura estimado","twitter:data2":"2 minutos"},"aioseo_meta_data":{"post_id":"950343","title":null,"description":null,"keywords":null,"keyphrases":null,"primary_term":null,"canonical_url":null,"og_title":null,"og_description":null,"og_object_type":"default","og_image_type":"default","og_image_url":null,"og_image_width":null,"og_image_height":null,"og_image_custom_url":null,"og_image_custom_fields":null,"og_video":null,"og_custom_url":null,"og_article_section":null,"og_article_tags":null,"twitter_use_og":false,"twitter_card":"default","twitter_image_type":"default","twitter_image_url":null,"twitter_image_custom_url":null,"twitter_image_custom_fields":null,"twitter_title":null,"twitter_description":null,"schema":{"blockGraphs":[],"customGraphs":[],"default":{"data":{"Article":[],"Course":[],"Dataset":[],"FAQPage":[],"Movie":[],"Person":[],"Product":[],"ProductReview":[],"Car":[],"Recipe":[],"Service":[],"SoftwareApplication":[],"WebPage":[]},"graphName":"","isEnabled":true},"graphs":[],"defaultGraph":"","defaultPostTypeGraph":""},"schema_type":null,"schema_type_options":null,"pillar_content":false,"robots_default":true,"robots_noindex":false,"robots_noarchive":false,"robots_nosnippet":false,"robots_nofollow":false,"robots_noimageindex":false,"robots_noodp":false,"robots_notranslate":false,"robots_max_snippet":null,"robots_max_videopreview":null,"robots_max_imagepreview":"large","priority":null,"frequency":null,"local_seo":null,"seo_analyzer_scan_date":"2025-12-05 15:29:09","breadcrumb_settings":null,"limit_modified_date":false,"open_ai":null,"ai":null,"created":"2020-12-21 12:59:39","updated":"2025-12-05 15:29:09","focus_keyword":null,"additional_keywords":null,"truseo_locale":null},"aioseo_breadcrumb":"<div class=\"aioseo-breadcrumbs\"><span class=\"aioseo-breadcrumb\">\n\t<a href=\"https:\/\/www.eldigitaldeasturias.com\/noticias\" title=\"Home\">Home<\/a>\n<\/span><span class=\"aioseo-breadcrumb-separator\">\u2013<\/span><span class=\"aioseo-breadcrumb\">\n\t<a href=\"https:\/\/www.eldigitaldeasturias.com\/noticias\/category\/actualidad\/\" title=\"Actualidad\">Actualidad<\/a>\n<\/span><span class=\"aioseo-breadcrumb-separator\">\u2013<\/span><span class=\"aioseo-breadcrumb\">\n\t<a href=\"https:\/\/www.eldigitaldeasturias.com\/noticias\/mas-de-8-700-andaluces-disfrutaran-este-verano-de-las-residencias-de-tiempo-libre\/\" title=\"M\u00e1s de 8.700 andaluces disfrutar\u00e1n este verano de las residencias de tiempo libre\">M\u00e1s de 8.700 andaluces disfrutar\u00e1n este verano de las residencias de tiempo libre<\/a>\n<\/span><\/div>","aioseo_breadcrumb_json":[{"label":"Home","link":"https:\/\/www.eldigitaldeasturias.com\/noticias"},{"label":"Actualidad","link":"https:\/\/www.eldigitaldeasturias.com\/noticias\/category\/actualidad\/"},{"label":"M\u00e1s de 8.700 andaluces disfrutar\u00e1n este verano de las residencias de tiempo libre","link":"https:\/\/www.eldigitaldeasturias.com\/noticias\/mas-de-8-700-andaluces-disfrutaran-este-verano-de-las-residencias-de-tiempo-libre\/"}],"_links":{"self":[{"href":"https:\/\/www.eldigitaldeasturias.com\/noticias\/wp-json\/wp\/v2\/posts\/950343","targetHints":{"allow":["GET"]}}],"collection":[{"href":"https:\/\/www.eldigitaldeasturias.com\/noticias\/wp-json\/wp\/v2\/posts"}],"about":[{"href":"https:\/\/www.eldigitaldeasturias.com\/noticias\/wp-json\/wp\/v2\/types\/post"}],"author":[{"embeddable":true,"href":"https:\/\/www.eldigitaldeasturias.com\/noticias\/wp-json\/wp\/v2\/users\/1"}],"replies":[{"embeddable":true,"href":"https:\/\/www.eldigitaldeasturias.com\/noticias\/wp-json\/wp\/v2\/comments?post=950343"}],"version-history":[{"count":0,"href":"https:\/\/www.eldigitaldeasturias.com\/noticias\/wp-json\/wp\/v2\/posts\/950343\/revisions"}],"wp:attachment":[{"href":"https:\/\/www.eldigitaldeasturias.com\/noticias\/wp-json\/wp\/v2\/media?parent=950343"}],"wp:term":[{"taxonomy":"category","embeddable":true,"href":"https:\/\/www.eldigitaldeasturias.com\/noticias\/wp-json\/wp\/v2\/categories?post=950343"},{"taxonomy":"post_tag","embeddable":true,"href":"https:\/\/www.eldigitaldeasturias.com\/noticias\/wp-json\/wp\/v2\/tags?post=950343"}],"curies":[{"name":"wp","href":"https:\/\/api.w.org\/{rel}","templated":true}]}}