{"id":950337,"date":"2017-08-19T22:05:11","date_gmt":"2017-08-19T22:05:11","guid":{"rendered":"http:\/\/www.eldigitaldeasturias.com\/noticias\/?p=950337"},"modified":"2017-08-19T22:05:11","modified_gmt":"2017-08-19T22:05:11","slug":"jose-fiscal-informa-en-huelva-sobre-el-plan-puertas-verdes","status":"publish","type":"post","link":"https:\/\/www.eldigitaldeasturias.com\/noticias\/jose-fiscal-informa-en-huelva-sobre-el-plan-puertas-verdes\/","title":{"rendered":"Jos\u00e9 Fiscal informa en Huelva sobre el plan Puertas Verdes"},"content":{"rendered":"<p><img loading=\"lazy\" decoding=\"async\" class=\"alignleft size-medium wp-image-950338\" src=\"https:\/\/www.eldigitaldeasturias.com\/noticias\/wp-content\/uploads\/2017\/08\/1502968253768-360x240.jpg\" alt=\"\" width=\"360\" height=\"240\" \/>El consejero de Medio Ambiente y Ordenaci\u00f3n del Territorio, Jos\u00e9 Fiscal, ha informado en Huelva sobre las actuaciones previstas en el marco del programa Puertas Verdes para los municipios de m\u00e1s de 20.000 habitantes. La Junta de Andaluc\u00eda invertir\u00e1 siete millones de euros en el dise\u00f1o, adecuaci\u00f3n y mejora de una red de corredores verdes en estos n\u00facleos urbanos, financiados a trav\u00e9s de fondos Feder durante el per\u00edodo 2017-2020. En el marco de esta presentaci\u00f3n, Fiscal ha anunciado que la Consejer\u00eda impulsar\u00e1 un plan de choque para poner en conocimiento de la Guardia Civil aquellos caminos p\u00fablicos que hayan sido usurpados a la sociedad en la comunidad aut\u00f3noma.<\/p>\n<p>Por otro lado, el consejero ha recordado que ya se han invertido 19 millones de euros en el programa Puertas Verdes para municipios de m\u00e1s de 50.000 habitantes. Ahora, se tiene previsto poner en marcha actuaciones en la Puerta Verde Huelva-Gibrale\u00f3n-Niebla, la Puerta Verde de Almer\u00eda Fase I: Conexi\u00f3n Cordel de la Campita\u2013Vereda del Caballar, la Puerta Verde de Chiclana de la Frontera, Conexi\u00f3n Corredor Verde Dos Bah\u00edas y Los Naveros, la Puerta Verde \u00c1rea Metropolitana de Sevilla II, Puerta Verde de Ronda, Puerta Verde de \u00dabeda, Puerta Verde de And\u00fajar y Puerta Verde de Montilla.<\/p>\n<p>Asimismo, Fiscal ha explicado en los pr\u00f3ximos a\u00f1os se habilitar\u00e1 la segunda fase de Montilla, Niebla, Chiclana de la Frontera y Almer\u00eda, as\u00ed como la Puerta Verde de \u00c9cija-Complejo endorreico de Lantejuela y la Puerta Verde de Lebrija-Laguna de los Tollos.<\/p>\n<p>Sobre la Puerta Verde de Huelva-San Juan del Puerto-Camino Natural de R\u00edo Tinto, el consejero ha sostenido que da respuesta al compromiso adquirido desde la Consejer\u00eda de Medio Ambiente y Ordenaci\u00f3n del Territorio con la Diputaci\u00f3n Provincial de Huelva, as\u00ed como a lo anunciado en el Parlamento. La inversi\u00f3n prevista asciende a 323.570 euros y la actuaci\u00f3n cuenta con un plazo de ejecuci\u00f3n hasta diciembre de 2017.<\/p>\n<p>Proyecto europeo UADITUR II<\/p>\n<p>Jos\u00e9 Fiscal tambi\u00e9n se ha referido al proyecto europeo UADITUR II. Esta iniciativa persigue la promoci\u00f3n del turismo sostenible en el Bajo Guadiana a trav\u00e9s de itinerarios ambientales y culturales transfronterizos. UADITUR II cuenta con una inversi\u00f3n de casi tres millones de euros, financiado en el marco del Programa de Cooperaci\u00f3n Transfronteriza Interreg Espa\u00f1a-Portugal (POCTEP) 2014-2020, con la participaci\u00f3n de la Consejer\u00eda de Medio Ambiente y Ordenaci\u00f3n del Territorio como socio Beneficiario Principal. En \u00e9l participan la Diputaci\u00f3n de Huelva, el Ayuntamiento de Huelva, la Asociaci\u00f3n de Defensa del Patrimonio de M\u00e9rtola (ADPM), las Camaras Municipales de Alcoutim, Castro Marim, M\u00e9rtola, Serpa, Vila Real de Santo Antonio y la Asociaci\u00f3n para el desenvolvimiento del Bajo Guadiana (ODIANA).<\/p>\n<p>Las puertas verdes son infraestructuras reservadas a desplazamientos no motorizados, que permiten acceder desde las ciudades a su entorno natural inmediato caminando, en bicicleta o incluso a caballo, proporcionando una forma de movilidad alternativa al trasporte motorizado, incluso para los desplazamientos cotidianos.<\/p>\n<p>Entre los objetivos de este programa se encuentran establecer una nueva relaci\u00f3n campo-ciudad, incrementar la calidad de vida de los ciudadanos, propiciar los desplazamientos no motorizados, con su conveniente mejora para el medio ambiente, y mejorar el paisaje en los entornos urbanos.<\/p>\n","protected":false},"excerpt":{"rendered":"<p>El consejero de Medio Ambiente y Ordenaci\u00f3n del Territorio, Jos\u00e9 Fiscal, ha informado en Huelva sobre las actuaciones previstas en el marco del programa Puertas Verdes para los municipios de m\u00e1s de 20.000 habitantes. La Junta de Andaluc\u00eda invertir\u00e1 siete millones de euros en el dise\u00f1o, adecuaci\u00f3n y mejora de una red de corredores verdes [&hellip;]<\/p>\n","protected":false},"author":1,"featured_media":950338,"comment_status":"closed","ping_status":"closed","sticky":false,"template":"","format":"standard","meta":{"footnotes":""},"categories":[1],"tags":[],"class_list":["post-950337","post","type-post","status-publish","format-standard","has-post-thumbnail","hentry","category-actualidad"],"aioseo_notices":[],"aioseo_head":"\n\t\t<!-- All in One SEO Pro 5.0.1 - aioseo.com -->\n\t<meta name=\"description\" content=\"El consejero de Medio Ambiente y Ordenaci\u00f3n del Territorio, Jos\u00e9 Fiscal, ha informado en Huelva sobre las actuaciones previstas en el marco del programa Puertas Verdes para los municipios de m\u00e1s de 20.000 habitantes. La Junta de Andaluc\u00eda invertir\u00e1 siete millones de euros en el dise\u00f1o, adecuaci\u00f3n y mejora de una red de corredores verdes\" \/>\n\t<meta name=\"robots\" content=\"max-image-preview:large\" \/>\n\t<meta name=\"author\" content=\"El Digital de Asturias\"\/>\n\t<meta name=\"google-site-verification\" content=\"UA-38556648-1\" \/>\n\t<meta name=\"msvalidate.01\" content=\"7dfe9f3f1b24437ab69f4f2559babe99\" \/>\n\t<meta name=\"keywords\" content=\"actualidad\" \/>\n\t<link rel=\"canonical\" href=\"https:\/\/www.eldigitaldeasturias.com\/noticias\/jose-fiscal-informa-en-huelva-sobre-el-plan-puertas-verdes\/\" \/>\n\t<meta name=\"generator\" content=\"All in One SEO Pro (AIOSEO) 5.0.1\" \/>\n\t\t<meta property=\"og:locale\" content=\"es_ES\" \/>\n\t\t<meta property=\"og:site_name\" content=\"El Digital de Asturias\" \/>\n\t\t<meta property=\"og:type\" content=\"article\" \/>\n\t\t<meta property=\"og:title\" content=\"Jos\u00e9 Fiscal informa en Huelva sobre el plan Puertas Verdes - El Digital de Asturias\" \/>\n\t\t<meta property=\"og:description\" content=\"El consejero de Medio Ambiente y Ordenaci\u00f3n del Territorio, Jos\u00e9 Fiscal, ha informado en Huelva sobre las actuaciones previstas en el marco del programa Puertas Verdes para los municipios de m\u00e1s de 20.000 habitantes. La Junta de Andaluc\u00eda invertir\u00e1 siete millones de euros en el dise\u00f1o, adecuaci\u00f3n y mejora de una red de corredores verdes\" \/>\n\t\t<meta property=\"og:url\" content=\"https:\/\/www.eldigitaldeasturias.com\/noticias\/jose-fiscal-informa-en-huelva-sobre-el-plan-puertas-verdes\/\" \/>\n\t\t<meta property=\"article:tag\" content=\"actualidad\" \/>\n\t\t<meta property=\"article:published_time\" content=\"2017-08-19T22:05:11+00:00\" \/>\n\t\t<meta property=\"article:modified_time\" content=\"2017-08-19T22:05:11+00:00\" \/>\n\t\t<meta property=\"article:publisher\" content=\"https:\/\/facebook.com\/eldigitaldeasturias\" \/>\n\t\t<meta name=\"twitter:card\" content=\"summary_large_image\" \/>\n\t\t<meta name=\"twitter:title\" content=\"Jos\u00e9 Fiscal informa en Huelva sobre el plan Puertas Verdes - El Digital de Asturias\" \/>\n\t\t<meta name=\"twitter:description\" content=\"El consejero de Medio Ambiente y Ordenaci\u00f3n del Territorio, Jos\u00e9 Fiscal, ha informado en Huelva sobre las actuaciones previstas en el marco del programa Puertas Verdes para los municipios de m\u00e1s de 20.000 habitantes. La Junta de Andaluc\u00eda invertir\u00e1 siete millones de euros en el dise\u00f1o, adecuaci\u00f3n y mejora de una red de corredores verdes\" \/>\n\t\t<meta name=\"twitter:image\" content=\"https:\/\/www.eldigitaldeasturias.com\/noticias\/wp-content\/uploads\/2020\/12\/EDA-1.jpg\" \/>\n\t\t<meta name=\"twitter:label1\" content=\"Escrito por\" \/>\n\t\t<meta name=\"twitter:data1\" content=\"El Digital de Asturias\" \/>\n\t\t<meta name=\"twitter:label2\" content=\"Tiempo de lectura estimado\" \/>\n\t\t<meta name=\"twitter:data2\" content=\"3 minutos\" \/>\n\t\t<script type=\"application\/ld+json\" class=\"aioseo-schema\">\n\t\t\t{\"@context\":\"https:\\\/\\\/schema.org\",\"@graph\":[{\"@type\":\"BlogPosting\",\"@id\":\"https:\\\/\\\/www.eldigitaldeasturias.com\\\/noticias\\\/jose-fiscal-informa-en-huelva-sobre-el-plan-puertas-verdes\\\/#blogposting\",\"name\":\"Jos\\u00e9 Fiscal informa en Huelva sobre el plan Puertas Verdes - El Digital de Asturias\",\"headline\":\"Jos\\u00e9 Fiscal informa en Huelva sobre el plan Puertas Verdes\",\"author\":{\"@id\":\"https:\\\/\\\/www.eldigitaldeasturias.com\\\/noticias\\\/author\\\/admin\\\/#author\"},\"publisher\":{\"@id\":\"https:\\\/\\\/www.eldigitaldeasturias.com\\\/noticias\\\/#organization\"},\"image\":{\"@type\":\"ImageObject\",\"url\":950338},\"datePublished\":\"2017-08-19T22:05:11+02:00\",\"dateModified\":\"2017-08-19T22:05:11+02:00\",\"inLanguage\":\"es-ES\",\"mainEntityOfPage\":{\"@id\":\"https:\\\/\\\/www.eldigitaldeasturias.com\\\/noticias\\\/jose-fiscal-informa-en-huelva-sobre-el-plan-puertas-verdes\\\/#webpage\"},\"isPartOf\":{\"@id\":\"https:\\\/\\\/www.eldigitaldeasturias.com\\\/noticias\\\/jose-fiscal-informa-en-huelva-sobre-el-plan-puertas-verdes\\\/#webpage\"},\"articleSection\":\"Actualidad\"},{\"@type\":\"BreadcrumbList\",\"@id\":\"https:\\\/\\\/www.eldigitaldeasturias.com\\\/noticias\\\/jose-fiscal-informa-en-huelva-sobre-el-plan-puertas-verdes\\\/#breadcrumblist\",\"itemListElement\":[{\"@type\":\"ListItem\",\"@id\":\"https:\\\/\\\/www.eldigitaldeasturias.com\\\/noticias#listItem\",\"position\":1,\"name\":\"Home\",\"item\":\"https:\\\/\\\/www.eldigitaldeasturias.com\\\/noticias\",\"nextItem\":{\"@type\":\"ListItem\",\"@id\":\"https:\\\/\\\/www.eldigitaldeasturias.com\\\/noticias\\\/category\\\/actualidad\\\/#listItem\",\"name\":\"Actualidad\"}},{\"@type\":\"ListItem\",\"@id\":\"https:\\\/\\\/www.eldigitaldeasturias.com\\\/noticias\\\/category\\\/actualidad\\\/#listItem\",\"position\":2,\"name\":\"Actualidad\",\"item\":\"https:\\\/\\\/www.eldigitaldeasturias.com\\\/noticias\\\/category\\\/actualidad\\\/\",\"nextItem\":{\"@type\":\"ListItem\",\"@id\":\"https:\\\/\\\/www.eldigitaldeasturias.com\\\/noticias\\\/jose-fiscal-informa-en-huelva-sobre-el-plan-puertas-verdes\\\/#listItem\",\"name\":\"Jos\\u00e9 Fiscal informa en Huelva sobre el plan Puertas Verdes\"},\"previousItem\":{\"@type\":\"ListItem\",\"@id\":\"https:\\\/\\\/www.eldigitaldeasturias.com\\\/noticias#listItem\",\"name\":\"Home\"}},{\"@type\":\"ListItem\",\"@id\":\"https:\\\/\\\/www.eldigitaldeasturias.com\\\/noticias\\\/jose-fiscal-informa-en-huelva-sobre-el-plan-puertas-verdes\\\/#listItem\",\"position\":3,\"name\":\"Jos\\u00e9 Fiscal informa en Huelva sobre el plan Puertas Verdes\",\"previousItem\":{\"@type\":\"ListItem\",\"@id\":\"https:\\\/\\\/www.eldigitaldeasturias.com\\\/noticias\\\/category\\\/actualidad\\\/#listItem\",\"name\":\"Actualidad\"}}]},{\"@type\":\"Organization\",\"@id\":\"https:\\\/\\\/www.eldigitaldeasturias.com\\\/noticias\\\/#organization\",\"name\":\"El Digital de Asturias\",\"description\":\"Hemeroteca\",\"url\":\"https:\\\/\\\/www.eldigitaldeasturias.com\\\/noticias\\\/\",\"email\":\"info@eldigitaldeasturias.com\",\"telephone\":\"+34652131393\",\"logo\":{\"@type\":\"ImageObject\",\"url\":\"https:\\\/\\\/www.eldigitaldeasturias.com\\\/noticias\\\/wp-content\\\/uploads\\\/2020\\\/12\\\/EDA.jpg\",\"@id\":\"https:\\\/\\\/www.eldigitaldeasturias.com\\\/noticias\\\/jose-fiscal-informa-en-huelva-sobre-el-plan-puertas-verdes\\\/#organizationLogo\"},\"image\":{\"@id\":\"https:\\\/\\\/www.eldigitaldeasturias.com\\\/noticias\\\/jose-fiscal-informa-en-huelva-sobre-el-plan-puertas-verdes\\\/#organizationLogo\"},\"sameAs\":[\"https:\\\/\\\/facebook.com\\\/eldigitaldeasturias\",\"https:\\\/\\\/www.youtube.com\\\/channel\\\/UCZP-2wLEB9Rv6erhFmqVnvg\"],\"address\":{\"@id\":\"https:\\\/\\\/www.eldigitaldeasturias.com\\\/noticias\\\/#postaladdress\",\"@type\":\"PostalAddress\",\"streetAddress\":\"san antonio 4\",\"postalCode\":\"33430\",\"addressLocality\":\"Cand\\u00e1s\",\"addressRegion\":\"Asturias\",\"addressCountry\":\"ES\"}},{\"@type\":\"Person\",\"@id\":\"https:\\\/\\\/www.eldigitaldeasturias.com\\\/noticias\\\/author\\\/admin\\\/#author\",\"url\":\"https:\\\/\\\/www.eldigitaldeasturias.com\\\/noticias\\\/author\\\/admin\\\/\",\"name\":\"El Digital de Asturias\",\"image\":{\"@type\":\"ImageObject\",\"@id\":\"https:\\\/\\\/www.eldigitaldeasturias.com\\\/noticias\\\/jose-fiscal-informa-en-huelva-sobre-el-plan-puertas-verdes\\\/#authorImage\",\"url\":\"https:\\\/\\\/secure.gravatar.com\\\/avatar\\\/df2aeffc32bcd13f8d26072ef8a91b623d677766deac7f97ca815868cd41bf5e?s=96&d=mm&r=g\",\"width\":96,\"height\":96,\"caption\":\"El Digital de Asturias\"}},{\"@type\":\"WebPage\",\"@id\":\"https:\\\/\\\/www.eldigitaldeasturias.com\\\/noticias\\\/jose-fiscal-informa-en-huelva-sobre-el-plan-puertas-verdes\\\/#webpage\",\"url\":\"https:\\\/\\\/www.eldigitaldeasturias.com\\\/noticias\\\/jose-fiscal-informa-en-huelva-sobre-el-plan-puertas-verdes\\\/\",\"name\":\"Jos\\u00e9 Fiscal informa en Huelva sobre el plan Puertas Verdes - El Digital de Asturias\",\"description\":\"El consejero de Medio Ambiente y Ordenaci\\u00f3n del Territorio, Jos\\u00e9 Fiscal, ha informado en Huelva sobre las actuaciones previstas en el marco del programa Puertas Verdes para los municipios de m\\u00e1s de 20.000 habitantes. La Junta de Andaluc\\u00eda invertir\\u00e1 siete millones de euros en el dise\\u00f1o, adecuaci\\u00f3n y mejora de una red de corredores verdes\",\"inLanguage\":\"es-ES\",\"isPartOf\":{\"@id\":\"https:\\\/\\\/www.eldigitaldeasturias.com\\\/noticias\\\/#website\"},\"breadcrumb\":{\"@id\":\"https:\\\/\\\/www.eldigitaldeasturias.com\\\/noticias\\\/jose-fiscal-informa-en-huelva-sobre-el-plan-puertas-verdes\\\/#breadcrumblist\"},\"author\":{\"@id\":\"https:\\\/\\\/www.eldigitaldeasturias.com\\\/noticias\\\/author\\\/admin\\\/#author\"},\"creator\":{\"@id\":\"https:\\\/\\\/www.eldigitaldeasturias.com\\\/noticias\\\/author\\\/admin\\\/#author\"},\"image\":{\"@type\":\"ImageObject\",\"url\":950338,\"@id\":\"https:\\\/\\\/www.eldigitaldeasturias.com\\\/noticias\\\/jose-fiscal-informa-en-huelva-sobre-el-plan-puertas-verdes\\\/#mainImage\"},\"primaryImageOfPage\":{\"@id\":\"https:\\\/\\\/www.eldigitaldeasturias.com\\\/noticias\\\/jose-fiscal-informa-en-huelva-sobre-el-plan-puertas-verdes\\\/#mainImage\"},\"datePublished\":\"2017-08-19T22:05:11+02:00\",\"dateModified\":\"2017-08-19T22:05:11+02:00\"},{\"@type\":\"WebSite\",\"@id\":\"https:\\\/\\\/www.eldigitaldeasturias.com\\\/noticias\\\/#website\",\"url\":\"https:\\\/\\\/www.eldigitaldeasturias.com\\\/noticias\\\/\",\"name\":\"El Digital de Asturias - Diario de actualidad y noticias\",\"alternateName\":\"El Digital de Asturias - Diario de actualidad y noticias\",\"description\":\"Hemeroteca\",\"inLanguage\":\"es-ES\",\"publisher\":{\"@id\":\"https:\\\/\\\/www.eldigitaldeasturias.com\\\/noticias\\\/#organization\"}}]}\n\t\t<\/script>\n\t\t<!-- All in One SEO Pro -->\r\n\t\t<title>Jos\u00e9 Fiscal informa en Huelva sobre el plan Puertas Verdes - El Digital de Asturias<\/title>\n\n","aioseo_head_json":{"title":"Jos\u00e9 Fiscal informa en Huelva sobre el plan Puertas Verdes - El Digital de Asturias","description":"El consejero de Medio Ambiente y Ordenaci\u00f3n del Territorio, Jos\u00e9 Fiscal, ha informado en Huelva sobre las actuaciones previstas en el marco del programa Puertas Verdes para los municipios de m\u00e1s de 20.000 habitantes. La Junta de Andaluc\u00eda invertir\u00e1 siete millones de euros en el dise\u00f1o, adecuaci\u00f3n y mejora de una red de corredores verdes","canonical_url":"https:\/\/www.eldigitaldeasturias.com\/noticias\/jose-fiscal-informa-en-huelva-sobre-el-plan-puertas-verdes\/","robots":"max-image-preview:large","keywords":"actualidad","webmasterTools":{"google-site-verification":"UA-38556648-1","msvalidate.01":"7dfe9f3f1b24437ab69f4f2559babe99","miscellaneous":""},"schema":{"@context":"https:\/\/schema.org","@graph":[{"@type":"BlogPosting","@id":"https:\/\/www.eldigitaldeasturias.com\/noticias\/jose-fiscal-informa-en-huelva-sobre-el-plan-puertas-verdes\/#blogposting","name":"Jos\u00e9 Fiscal informa en Huelva sobre el plan Puertas Verdes - El Digital de Asturias","headline":"Jos\u00e9 Fiscal informa en Huelva sobre el plan Puertas Verdes","author":{"@id":"https:\/\/www.eldigitaldeasturias.com\/noticias\/author\/admin\/#author"},"publisher":{"@id":"https:\/\/www.eldigitaldeasturias.com\/noticias\/#organization"},"image":{"@type":"ImageObject","url":950338},"datePublished":"2017-08-19T22:05:11+02:00","dateModified":"2017-08-19T22:05:11+02:00","inLanguage":"es-ES","mainEntityOfPage":{"@id":"https:\/\/www.eldigitaldeasturias.com\/noticias\/jose-fiscal-informa-en-huelva-sobre-el-plan-puertas-verdes\/#webpage"},"isPartOf":{"@id":"https:\/\/www.eldigitaldeasturias.com\/noticias\/jose-fiscal-informa-en-huelva-sobre-el-plan-puertas-verdes\/#webpage"},"articleSection":"Actualidad"},{"@type":"BreadcrumbList","@id":"https:\/\/www.eldigitaldeasturias.com\/noticias\/jose-fiscal-informa-en-huelva-sobre-el-plan-puertas-verdes\/#breadcrumblist","itemListElement":[{"@type":"ListItem","@id":"https:\/\/www.eldigitaldeasturias.com\/noticias#listItem","position":1,"name":"Home","item":"https:\/\/www.eldigitaldeasturias.com\/noticias","nextItem":{"@type":"ListItem","@id":"https:\/\/www.eldigitaldeasturias.com\/noticias\/category\/actualidad\/#listItem","name":"Actualidad"}},{"@type":"ListItem","@id":"https:\/\/www.eldigitaldeasturias.com\/noticias\/category\/actualidad\/#listItem","position":2,"name":"Actualidad","item":"https:\/\/www.eldigitaldeasturias.com\/noticias\/category\/actualidad\/","nextItem":{"@type":"ListItem","@id":"https:\/\/www.eldigitaldeasturias.com\/noticias\/jose-fiscal-informa-en-huelva-sobre-el-plan-puertas-verdes\/#listItem","name":"Jos\u00e9 Fiscal informa en Huelva sobre el plan Puertas Verdes"},"previousItem":{"@type":"ListItem","@id":"https:\/\/www.eldigitaldeasturias.com\/noticias#listItem","name":"Home"}},{"@type":"ListItem","@id":"https:\/\/www.eldigitaldeasturias.com\/noticias\/jose-fiscal-informa-en-huelva-sobre-el-plan-puertas-verdes\/#listItem","position":3,"name":"Jos\u00e9 Fiscal informa en Huelva sobre el plan Puertas Verdes","previousItem":{"@type":"ListItem","@id":"https:\/\/www.eldigitaldeasturias.com\/noticias\/category\/actualidad\/#listItem","name":"Actualidad"}}]},{"@type":"Organization","@id":"https:\/\/www.eldigitaldeasturias.com\/noticias\/#organization","name":"El Digital de Asturias","description":"Hemeroteca","url":"https:\/\/www.eldigitaldeasturias.com\/noticias\/","email":"info@eldigitaldeasturias.com","telephone":"+34652131393","logo":{"@type":"ImageObject","url":"https:\/\/www.eldigitaldeasturias.com\/noticias\/wp-content\/uploads\/2020\/12\/EDA.jpg","@id":"https:\/\/www.eldigitaldeasturias.com\/noticias\/jose-fiscal-informa-en-huelva-sobre-el-plan-puertas-verdes\/#organizationLogo"},"image":{"@id":"https:\/\/www.eldigitaldeasturias.com\/noticias\/jose-fiscal-informa-en-huelva-sobre-el-plan-puertas-verdes\/#organizationLogo"},"sameAs":["https:\/\/facebook.com\/eldigitaldeasturias","https:\/\/www.youtube.com\/channel\/UCZP-2wLEB9Rv6erhFmqVnvg"],"address":{"@id":"https:\/\/www.eldigitaldeasturias.com\/noticias\/#postaladdress","@type":"PostalAddress","streetAddress":"san antonio 4","postalCode":"33430","addressLocality":"Cand\u00e1s","addressRegion":"Asturias","addressCountry":"ES"}},{"@type":"Person","@id":"https:\/\/www.eldigitaldeasturias.com\/noticias\/author\/admin\/#author","url":"https:\/\/www.eldigitaldeasturias.com\/noticias\/author\/admin\/","name":"El Digital de Asturias","image":{"@type":"ImageObject","@id":"https:\/\/www.eldigitaldeasturias.com\/noticias\/jose-fiscal-informa-en-huelva-sobre-el-plan-puertas-verdes\/#authorImage","url":"https:\/\/secure.gravatar.com\/avatar\/df2aeffc32bcd13f8d26072ef8a91b623d677766deac7f97ca815868cd41bf5e?s=96&d=mm&r=g","width":96,"height":96,"caption":"El Digital de Asturias"}},{"@type":"WebPage","@id":"https:\/\/www.eldigitaldeasturias.com\/noticias\/jose-fiscal-informa-en-huelva-sobre-el-plan-puertas-verdes\/#webpage","url":"https:\/\/www.eldigitaldeasturias.com\/noticias\/jose-fiscal-informa-en-huelva-sobre-el-plan-puertas-verdes\/","name":"Jos\u00e9 Fiscal informa en Huelva sobre el plan Puertas Verdes - El Digital de Asturias","description":"El consejero de Medio Ambiente y Ordenaci\u00f3n del Territorio, Jos\u00e9 Fiscal, ha informado en Huelva sobre las actuaciones previstas en el marco del programa Puertas Verdes para los municipios de m\u00e1s de 20.000 habitantes. La Junta de Andaluc\u00eda invertir\u00e1 siete millones de euros en el dise\u00f1o, adecuaci\u00f3n y mejora de una red de corredores verdes","inLanguage":"es-ES","isPartOf":{"@id":"https:\/\/www.eldigitaldeasturias.com\/noticias\/#website"},"breadcrumb":{"@id":"https:\/\/www.eldigitaldeasturias.com\/noticias\/jose-fiscal-informa-en-huelva-sobre-el-plan-puertas-verdes\/#breadcrumblist"},"author":{"@id":"https:\/\/www.eldigitaldeasturias.com\/noticias\/author\/admin\/#author"},"creator":{"@id":"https:\/\/www.eldigitaldeasturias.com\/noticias\/author\/admin\/#author"},"image":{"@type":"ImageObject","url":950338,"@id":"https:\/\/www.eldigitaldeasturias.com\/noticias\/jose-fiscal-informa-en-huelva-sobre-el-plan-puertas-verdes\/#mainImage"},"primaryImageOfPage":{"@id":"https:\/\/www.eldigitaldeasturias.com\/noticias\/jose-fiscal-informa-en-huelva-sobre-el-plan-puertas-verdes\/#mainImage"},"datePublished":"2017-08-19T22:05:11+02:00","dateModified":"2017-08-19T22:05:11+02:00"},{"@type":"WebSite","@id":"https:\/\/www.eldigitaldeasturias.com\/noticias\/#website","url":"https:\/\/www.eldigitaldeasturias.com\/noticias\/","name":"El Digital de Asturias - Diario de actualidad y noticias","alternateName":"El Digital de Asturias - Diario de actualidad y noticias","description":"Hemeroteca","inLanguage":"es-ES","publisher":{"@id":"https:\/\/www.eldigitaldeasturias.com\/noticias\/#organization"}}]},"og:locale":"es_ES","og:site_name":"El Digital de Asturias","og:type":"article","og:title":"Jos\u00e9 Fiscal informa en Huelva sobre el plan Puertas Verdes - El Digital de Asturias","og:description":"El consejero de Medio Ambiente y Ordenaci\u00f3n del Territorio, Jos\u00e9 Fiscal, ha informado en Huelva sobre las actuaciones previstas en el marco del programa Puertas Verdes para los municipios de m\u00e1s de 20.000 habitantes. La Junta de Andaluc\u00eda invertir\u00e1 siete millones de euros en el dise\u00f1o, adecuaci\u00f3n y mejora de una red de corredores verdes","og:url":"https:\/\/www.eldigitaldeasturias.com\/noticias\/jose-fiscal-informa-en-huelva-sobre-el-plan-puertas-verdes\/","article:tag":["actualidad"],"article:published_time":"2017-08-19T22:05:11+00:00","article:modified_time":"2017-08-19T22:05:11+00:00","article:publisher":"https:\/\/facebook.com\/eldigitaldeasturias","twitter:card":"summary_large_image","twitter:title":"Jos\u00e9 Fiscal informa en Huelva sobre el plan Puertas Verdes - El Digital de Asturias","twitter:description":"El consejero de Medio Ambiente y Ordenaci\u00f3n del Territorio, Jos\u00e9 Fiscal, ha informado en Huelva sobre las actuaciones previstas en el marco del programa Puertas Verdes para los municipios de m\u00e1s de 20.000 habitantes. La Junta de Andaluc\u00eda invertir\u00e1 siete millones de euros en el dise\u00f1o, adecuaci\u00f3n y mejora de una red de corredores verdes","twitter:image":"https:\/\/www.eldigitaldeasturias.com\/noticias\/wp-content\/uploads\/2020\/12\/EDA-1.jpg","twitter:label1":"Escrito por","twitter:data1":"El Digital de Asturias","twitter:label2":"Tiempo de lectura estimado","twitter:data2":"3 minutos"},"aioseo_meta_data":{"post_id":"950337","title":null,"description":null,"keywords":null,"keyphrases":null,"primary_term":null,"canonical_url":null,"og_title":null,"og_description":null,"og_object_type":"default","og_image_type":"default","og_image_url":null,"og_image_width":null,"og_image_height":null,"og_image_custom_url":null,"og_image_custom_fields":null,"og_video":null,"og_custom_url":null,"og_article_section":null,"og_article_tags":null,"twitter_use_og":false,"twitter_card":"default","twitter_image_type":"default","twitter_image_url":null,"twitter_image_custom_url":null,"twitter_image_custom_fields":null,"twitter_title":null,"twitter_description":null,"schema":{"blockGraphs":[],"customGraphs":[],"default":{"data":{"Article":[],"Course":[],"Dataset":[],"FAQPage":[],"Movie":[],"Person":[],"Product":[],"ProductReview":[],"Car":[],"Recipe":[],"Service":[],"SoftwareApplication":[],"WebPage":[]},"graphName":"","isEnabled":true},"graphs":[],"defaultGraph":"","defaultPostTypeGraph":""},"schema_type":null,"schema_type_options":null,"pillar_content":false,"robots_default":true,"robots_noindex":false,"robots_noarchive":false,"robots_nosnippet":false,"robots_nofollow":false,"robots_noimageindex":false,"robots_noodp":false,"robots_notranslate":false,"robots_max_snippet":null,"robots_max_videopreview":null,"robots_max_imagepreview":"large","priority":null,"frequency":null,"local_seo":null,"seo_analyzer_scan_date":"2025-12-05 15:27:13","breadcrumb_settings":null,"limit_modified_date":false,"open_ai":null,"ai":null,"created":"2020-12-21 12:59:39","updated":"2025-12-05 15:27:13","focus_keyword":null,"additional_keywords":null,"truseo_locale":null},"aioseo_breadcrumb":"<div class=\"aioseo-breadcrumbs\"><span class=\"aioseo-breadcrumb\">\n\t<a href=\"https:\/\/www.eldigitaldeasturias.com\/noticias\" title=\"Home\">Home<\/a>\n<\/span><span class=\"aioseo-breadcrumb-separator\">\u2013<\/span><span class=\"aioseo-breadcrumb\">\n\t<a href=\"https:\/\/www.eldigitaldeasturias.com\/noticias\/category\/actualidad\/\" title=\"Actualidad\">Actualidad<\/a>\n<\/span><span class=\"aioseo-breadcrumb-separator\">\u2013<\/span><span class=\"aioseo-breadcrumb\">\n\t<a href=\"https:\/\/www.eldigitaldeasturias.com\/noticias\/jose-fiscal-informa-en-huelva-sobre-el-plan-puertas-verdes\/\" title=\"Jos\u00e9 Fiscal informa en Huelva sobre el plan Puertas Verdes\">Jos\u00e9 Fiscal informa en Huelva sobre el plan Puertas Verdes<\/a>\n<\/span><\/div>","aioseo_breadcrumb_json":[{"label":"Home","link":"https:\/\/www.eldigitaldeasturias.com\/noticias"},{"label":"Actualidad","link":"https:\/\/www.eldigitaldeasturias.com\/noticias\/category\/actualidad\/"},{"label":"Jos\u00e9 Fiscal informa en Huelva sobre el plan Puertas Verdes","link":"https:\/\/www.eldigitaldeasturias.com\/noticias\/jose-fiscal-informa-en-huelva-sobre-el-plan-puertas-verdes\/"}],"_links":{"self":[{"href":"https:\/\/www.eldigitaldeasturias.com\/noticias\/wp-json\/wp\/v2\/posts\/950337","targetHints":{"allow":["GET"]}}],"collection":[{"href":"https:\/\/www.eldigitaldeasturias.com\/noticias\/wp-json\/wp\/v2\/posts"}],"about":[{"href":"https:\/\/www.eldigitaldeasturias.com\/noticias\/wp-json\/wp\/v2\/types\/post"}],"author":[{"embeddable":true,"href":"https:\/\/www.eldigitaldeasturias.com\/noticias\/wp-json\/wp\/v2\/users\/1"}],"replies":[{"embeddable":true,"href":"https:\/\/www.eldigitaldeasturias.com\/noticias\/wp-json\/wp\/v2\/comments?post=950337"}],"version-history":[{"count":0,"href":"https:\/\/www.eldigitaldeasturias.com\/noticias\/wp-json\/wp\/v2\/posts\/950337\/revisions"}],"wp:attachment":[{"href":"https:\/\/www.eldigitaldeasturias.com\/noticias\/wp-json\/wp\/v2\/media?parent=950337"}],"wp:term":[{"taxonomy":"category","embeddable":true,"href":"https:\/\/www.eldigitaldeasturias.com\/noticias\/wp-json\/wp\/v2\/categories?post=950337"},{"taxonomy":"post_tag","embeddable":true,"href":"https:\/\/www.eldigitaldeasturias.com\/noticias\/wp-json\/wp\/v2\/tags?post=950337"}],"curies":[{"name":"wp","href":"https:\/\/api.w.org\/{rel}","templated":true}]}}