{"id":950258,"date":"2017-08-19T14:58:34","date_gmt":"2017-08-19T14:58:34","guid":{"rendered":"http:\/\/www.eldigitaldeasturias.com\/noticias\/?p=950258"},"modified":"2017-08-19T14:58:34","modified_gmt":"2017-08-19T14:58:34","slug":"la-oficina-aragonesa-contra-la-discriminacion-ha-atendido-ya-14-casos","status":"publish","type":"post","link":"https:\/\/www.eldigitaldeasturias.com\/noticias\/la-oficina-aragonesa-contra-la-discriminacion-ha-atendido-ya-14-casos\/","title":{"rendered":"La Oficina Aragonesa contra la Discriminaci\u00f3n ha atendido ya 14 casos"},"content":{"rendered":"<p><img loading=\"lazy\" decoding=\"async\" class=\"alignleft size-medium wp-image-950259\" src=\"https:\/\/www.eldigitaldeasturias.com\/noticias\/wp-content\/uploads\/2017\/08\/logotipor-360x159.jpg\" alt=\"\" width=\"360\" height=\"159\" \/>La Oficina Aragonesa contra la Discriminaci\u00f3n ha atendido hasta el mes de agosto 14 casos que corresponden a diferentes \u00e1mbitos: laboral (bien de la administraci\u00f3n p\u00fablica o de empresas privadas) y quejas de discriminaci\u00f3n por motivos de discapacidad, g\u00e9nero, orientaci\u00f3n sexual, cultura o religi\u00f3n.<\/p>\n<p>A estos 14 casos hay que sumar otras cuatro atenciones que se han llevado a cabo y que han requerido alguna gesti\u00f3n pero que no se han formalizado como quejas.<\/p>\n<p>La directora general de Igualdad y Familias, Teresa Sevillano, insiste en que el objetivo de esta oficina, que comenz\u00f3 a funcionar en torno al mes de abril, \u201ces fomentar la igualdad de oportunidades para todas las personas, sin discriminaci\u00f3n por raz\u00f3n de sexo, raza u origen, religi\u00f3n, discapacidad, edad, orientaci\u00f3n sexual o identidad de g\u00e9nero\u201d.<\/p>\n<p>Se trata de un espacio, a\u00f1ade, que quiere proporcionar a la ciudadan\u00eda un servicio que se ocupa de recoger, atender y derivar quejas procedentes de hechos o situaciones discriminatorias.<\/p>\n<p>Para facilitar los tr\u00e1mites, la web de la Direcci\u00f3n General de Igualdad y Familias ofrece ya un formulario que puede ser utilizado para hacer llegar las quejas directamente a la Oficina a trav\u00e9s de internet. Adem\u00e1s, tambi\u00e9n se atienden las quejas presentadas en el correo <span style=\"color: #ff0000;\"><strong>nodicriminacion@aragon.es<\/strong><\/span> y en el tel\u00e9fono gratuito 900 10 46 72.<\/p>\n<p>Los pasados 12 y 13 de junio la citada direcci\u00f3n general organiz\u00f3 las jornadas \u201cIgualdad de trato desde las Administraciones P\u00fablicas\u201d. All\u00ed, trabajaron representantes de diferentes administraciones, entidades sociales y sindicatos y fueron el punto de partida de la colaboraci\u00f3n de la Oficina Aragonesa contra la Discriminaci\u00f3n con las organizaciones citadas.<\/p>\n<p>Teresa Sevillano explica que las conclusiones de estas jornadas est\u00e1n siendo analizadas para abordar, de forma prioritaria, aquellas cuestiones que se identificaron como especialmente graves o que se repiten de forma constante y, as\u00ed, poder tomar medidas para prevenirlas.<\/p>\n","protected":false},"excerpt":{"rendered":"<p>La Oficina Aragonesa contra la Discriminaci\u00f3n ha atendido hasta el mes de agosto 14 casos que corresponden a diferentes \u00e1mbitos: laboral (bien de la administraci\u00f3n p\u00fablica o de empresas privadas) y quejas de discriminaci\u00f3n por motivos de discapacidad, g\u00e9nero, orientaci\u00f3n sexual, cultura o religi\u00f3n. A estos 14 casos hay que sumar otras cuatro atenciones que [&hellip;]<\/p>\n","protected":false},"author":1,"featured_media":950259,"comment_status":"closed","ping_status":"closed","sticky":false,"template":"","format":"standard","meta":{"footnotes":""},"categories":[1],"tags":[],"class_list":["post-950258","post","type-post","status-publish","format-standard","has-post-thumbnail","hentry","category-actualidad"],"aioseo_notices":[],"aioseo_head":"\n\t\t<!-- All in One SEO Pro 5.0.1 - aioseo.com -->\n\t<meta name=\"description\" content=\"La Oficina Aragonesa contra la Discriminaci\u00f3n ha atendido hasta el mes de agosto 14 casos que corresponden a diferentes \u00e1mbitos: laboral (bien de la administraci\u00f3n p\u00fablica o de empresas privadas) y quejas de discriminaci\u00f3n por motivos de discapacidad, g\u00e9nero, orientaci\u00f3n sexual, cultura o religi\u00f3n. A estos 14 casos hay que sumar otras cuatro atenciones que\" \/>\n\t<meta name=\"robots\" content=\"max-image-preview:large\" \/>\n\t<meta name=\"author\" content=\"El Digital de Asturias\"\/>\n\t<meta name=\"google-site-verification\" content=\"UA-38556648-1\" \/>\n\t<meta name=\"msvalidate.01\" content=\"7dfe9f3f1b24437ab69f4f2559babe99\" \/>\n\t<meta name=\"keywords\" content=\"actualidad\" \/>\n\t<link rel=\"canonical\" href=\"https:\/\/www.eldigitaldeasturias.com\/noticias\/la-oficina-aragonesa-contra-la-discriminacion-ha-atendido-ya-14-casos\/\" \/>\n\t<meta name=\"generator\" content=\"All in One SEO Pro (AIOSEO) 5.0.1\" \/>\n\t\t<meta property=\"og:locale\" content=\"es_ES\" \/>\n\t\t<meta property=\"og:site_name\" content=\"El Digital de Asturias\" \/>\n\t\t<meta property=\"og:type\" content=\"article\" \/>\n\t\t<meta property=\"og:title\" content=\"La Oficina Aragonesa contra la Discriminaci\u00f3n ha atendido ya 14 casos - El Digital de Asturias\" \/>\n\t\t<meta property=\"og:description\" content=\"La Oficina Aragonesa contra la Discriminaci\u00f3n ha atendido hasta el mes de agosto 14 casos que corresponden a diferentes \u00e1mbitos: laboral (bien de la administraci\u00f3n p\u00fablica o de empresas privadas) y quejas de discriminaci\u00f3n por motivos de discapacidad, g\u00e9nero, orientaci\u00f3n sexual, cultura o religi\u00f3n. A estos 14 casos hay que sumar otras cuatro atenciones que\" \/>\n\t\t<meta property=\"og:url\" content=\"https:\/\/www.eldigitaldeasturias.com\/noticias\/la-oficina-aragonesa-contra-la-discriminacion-ha-atendido-ya-14-casos\/\" \/>\n\t\t<meta property=\"article:tag\" content=\"actualidad\" \/>\n\t\t<meta property=\"article:published_time\" content=\"2017-08-19T14:58:34+00:00\" \/>\n\t\t<meta property=\"article:modified_time\" content=\"2017-08-19T14:58:34+00:00\" \/>\n\t\t<meta property=\"article:publisher\" content=\"https:\/\/facebook.com\/eldigitaldeasturias\" \/>\n\t\t<meta name=\"twitter:card\" content=\"summary_large_image\" \/>\n\t\t<meta name=\"twitter:title\" content=\"La Oficina Aragonesa contra la Discriminaci\u00f3n ha atendido ya 14 casos - El Digital de Asturias\" \/>\n\t\t<meta name=\"twitter:description\" content=\"La Oficina Aragonesa contra la Discriminaci\u00f3n ha atendido hasta el mes de agosto 14 casos que corresponden a diferentes \u00e1mbitos: laboral (bien de la administraci\u00f3n p\u00fablica o de empresas privadas) y quejas de discriminaci\u00f3n por motivos de discapacidad, g\u00e9nero, orientaci\u00f3n sexual, cultura o religi\u00f3n. A estos 14 casos hay que sumar otras cuatro atenciones que\" \/>\n\t\t<meta name=\"twitter:image\" content=\"https:\/\/www.eldigitaldeasturias.com\/noticias\/wp-content\/uploads\/2020\/12\/EDA-1.jpg\" \/>\n\t\t<meta name=\"twitter:label1\" content=\"Escrito por\" \/>\n\t\t<meta name=\"twitter:data1\" content=\"El Digital de Asturias\" \/>\n\t\t<meta name=\"twitter:label2\" content=\"Tiempo de lectura estimado\" \/>\n\t\t<meta name=\"twitter:data2\" content=\"2 minutos\" \/>\n\t\t<script type=\"application\/ld+json\" class=\"aioseo-schema\">\n\t\t\t{\"@context\":\"https:\\\/\\\/schema.org\",\"@graph\":[{\"@type\":\"BlogPosting\",\"@id\":\"https:\\\/\\\/www.eldigitaldeasturias.com\\\/noticias\\\/la-oficina-aragonesa-contra-la-discriminacion-ha-atendido-ya-14-casos\\\/#blogposting\",\"name\":\"La Oficina Aragonesa contra la Discriminaci\\u00f3n ha atendido ya 14 casos - El Digital de Asturias\",\"headline\":\"La Oficina Aragonesa contra la Discriminaci\\u00f3n ha atendido ya 14 casos\",\"author\":{\"@id\":\"https:\\\/\\\/www.eldigitaldeasturias.com\\\/noticias\\\/author\\\/admin\\\/#author\"},\"publisher\":{\"@id\":\"https:\\\/\\\/www.eldigitaldeasturias.com\\\/noticias\\\/#organization\"},\"image\":{\"@type\":\"ImageObject\",\"url\":950259},\"datePublished\":\"2017-08-19T14:58:34+02:00\",\"dateModified\":\"2017-08-19T14:58:34+02:00\",\"inLanguage\":\"es-ES\",\"mainEntityOfPage\":{\"@id\":\"https:\\\/\\\/www.eldigitaldeasturias.com\\\/noticias\\\/la-oficina-aragonesa-contra-la-discriminacion-ha-atendido-ya-14-casos\\\/#webpage\"},\"isPartOf\":{\"@id\":\"https:\\\/\\\/www.eldigitaldeasturias.com\\\/noticias\\\/la-oficina-aragonesa-contra-la-discriminacion-ha-atendido-ya-14-casos\\\/#webpage\"},\"articleSection\":\"Actualidad\"},{\"@type\":\"BreadcrumbList\",\"@id\":\"https:\\\/\\\/www.eldigitaldeasturias.com\\\/noticias\\\/la-oficina-aragonesa-contra-la-discriminacion-ha-atendido-ya-14-casos\\\/#breadcrumblist\",\"itemListElement\":[{\"@type\":\"ListItem\",\"@id\":\"https:\\\/\\\/www.eldigitaldeasturias.com\\\/noticias#listItem\",\"position\":1,\"name\":\"Home\",\"item\":\"https:\\\/\\\/www.eldigitaldeasturias.com\\\/noticias\",\"nextItem\":{\"@type\":\"ListItem\",\"@id\":\"https:\\\/\\\/www.eldigitaldeasturias.com\\\/noticias\\\/category\\\/actualidad\\\/#listItem\",\"name\":\"Actualidad\"}},{\"@type\":\"ListItem\",\"@id\":\"https:\\\/\\\/www.eldigitaldeasturias.com\\\/noticias\\\/category\\\/actualidad\\\/#listItem\",\"position\":2,\"name\":\"Actualidad\",\"item\":\"https:\\\/\\\/www.eldigitaldeasturias.com\\\/noticias\\\/category\\\/actualidad\\\/\",\"nextItem\":{\"@type\":\"ListItem\",\"@id\":\"https:\\\/\\\/www.eldigitaldeasturias.com\\\/noticias\\\/la-oficina-aragonesa-contra-la-discriminacion-ha-atendido-ya-14-casos\\\/#listItem\",\"name\":\"La Oficina Aragonesa contra la Discriminaci\\u00f3n ha atendido ya 14 casos\"},\"previousItem\":{\"@type\":\"ListItem\",\"@id\":\"https:\\\/\\\/www.eldigitaldeasturias.com\\\/noticias#listItem\",\"name\":\"Home\"}},{\"@type\":\"ListItem\",\"@id\":\"https:\\\/\\\/www.eldigitaldeasturias.com\\\/noticias\\\/la-oficina-aragonesa-contra-la-discriminacion-ha-atendido-ya-14-casos\\\/#listItem\",\"position\":3,\"name\":\"La Oficina Aragonesa contra la Discriminaci\\u00f3n ha atendido ya 14 casos\",\"previousItem\":{\"@type\":\"ListItem\",\"@id\":\"https:\\\/\\\/www.eldigitaldeasturias.com\\\/noticias\\\/category\\\/actualidad\\\/#listItem\",\"name\":\"Actualidad\"}}]},{\"@type\":\"Organization\",\"@id\":\"https:\\\/\\\/www.eldigitaldeasturias.com\\\/noticias\\\/#organization\",\"name\":\"El Digital de Asturias\",\"description\":\"Hemeroteca\",\"url\":\"https:\\\/\\\/www.eldigitaldeasturias.com\\\/noticias\\\/\",\"email\":\"info@eldigitaldeasturias.com\",\"telephone\":\"+34652131393\",\"logo\":{\"@type\":\"ImageObject\",\"url\":\"https:\\\/\\\/www.eldigitaldeasturias.com\\\/noticias\\\/wp-content\\\/uploads\\\/2020\\\/12\\\/EDA.jpg\",\"@id\":\"https:\\\/\\\/www.eldigitaldeasturias.com\\\/noticias\\\/la-oficina-aragonesa-contra-la-discriminacion-ha-atendido-ya-14-casos\\\/#organizationLogo\"},\"image\":{\"@id\":\"https:\\\/\\\/www.eldigitaldeasturias.com\\\/noticias\\\/la-oficina-aragonesa-contra-la-discriminacion-ha-atendido-ya-14-casos\\\/#organizationLogo\"},\"sameAs\":[\"https:\\\/\\\/facebook.com\\\/eldigitaldeasturias\",\"https:\\\/\\\/www.youtube.com\\\/channel\\\/UCZP-2wLEB9Rv6erhFmqVnvg\"],\"address\":{\"@id\":\"https:\\\/\\\/www.eldigitaldeasturias.com\\\/noticias\\\/#postaladdress\",\"@type\":\"PostalAddress\",\"streetAddress\":\"san antonio 4\",\"postalCode\":\"33430\",\"addressLocality\":\"Cand\\u00e1s\",\"addressRegion\":\"Asturias\",\"addressCountry\":\"ES\"}},{\"@type\":\"Person\",\"@id\":\"https:\\\/\\\/www.eldigitaldeasturias.com\\\/noticias\\\/author\\\/admin\\\/#author\",\"url\":\"https:\\\/\\\/www.eldigitaldeasturias.com\\\/noticias\\\/author\\\/admin\\\/\",\"name\":\"El Digital de Asturias\",\"image\":{\"@type\":\"ImageObject\",\"@id\":\"https:\\\/\\\/www.eldigitaldeasturias.com\\\/noticias\\\/la-oficina-aragonesa-contra-la-discriminacion-ha-atendido-ya-14-casos\\\/#authorImage\",\"url\":\"https:\\\/\\\/secure.gravatar.com\\\/avatar\\\/df2aeffc32bcd13f8d26072ef8a91b623d677766deac7f97ca815868cd41bf5e?s=96&d=mm&r=g\",\"width\":96,\"height\":96,\"caption\":\"El Digital de Asturias\"}},{\"@type\":\"WebPage\",\"@id\":\"https:\\\/\\\/www.eldigitaldeasturias.com\\\/noticias\\\/la-oficina-aragonesa-contra-la-discriminacion-ha-atendido-ya-14-casos\\\/#webpage\",\"url\":\"https:\\\/\\\/www.eldigitaldeasturias.com\\\/noticias\\\/la-oficina-aragonesa-contra-la-discriminacion-ha-atendido-ya-14-casos\\\/\",\"name\":\"La Oficina Aragonesa contra la Discriminaci\\u00f3n ha atendido ya 14 casos - El Digital de Asturias\",\"description\":\"La Oficina Aragonesa contra la Discriminaci\\u00f3n ha atendido hasta el mes de agosto 14 casos que corresponden a diferentes \\u00e1mbitos: laboral (bien de la administraci\\u00f3n p\\u00fablica o de empresas privadas) y quejas de discriminaci\\u00f3n por motivos de discapacidad, g\\u00e9nero, orientaci\\u00f3n sexual, cultura o religi\\u00f3n. A estos 14 casos hay que sumar otras cuatro atenciones que\",\"inLanguage\":\"es-ES\",\"isPartOf\":{\"@id\":\"https:\\\/\\\/www.eldigitaldeasturias.com\\\/noticias\\\/#website\"},\"breadcrumb\":{\"@id\":\"https:\\\/\\\/www.eldigitaldeasturias.com\\\/noticias\\\/la-oficina-aragonesa-contra-la-discriminacion-ha-atendido-ya-14-casos\\\/#breadcrumblist\"},\"author\":{\"@id\":\"https:\\\/\\\/www.eldigitaldeasturias.com\\\/noticias\\\/author\\\/admin\\\/#author\"},\"creator\":{\"@id\":\"https:\\\/\\\/www.eldigitaldeasturias.com\\\/noticias\\\/author\\\/admin\\\/#author\"},\"image\":{\"@type\":\"ImageObject\",\"url\":950259,\"@id\":\"https:\\\/\\\/www.eldigitaldeasturias.com\\\/noticias\\\/la-oficina-aragonesa-contra-la-discriminacion-ha-atendido-ya-14-casos\\\/#mainImage\"},\"primaryImageOfPage\":{\"@id\":\"https:\\\/\\\/www.eldigitaldeasturias.com\\\/noticias\\\/la-oficina-aragonesa-contra-la-discriminacion-ha-atendido-ya-14-casos\\\/#mainImage\"},\"datePublished\":\"2017-08-19T14:58:34+02:00\",\"dateModified\":\"2017-08-19T14:58:34+02:00\"},{\"@type\":\"WebSite\",\"@id\":\"https:\\\/\\\/www.eldigitaldeasturias.com\\\/noticias\\\/#website\",\"url\":\"https:\\\/\\\/www.eldigitaldeasturias.com\\\/noticias\\\/\",\"name\":\"El Digital de Asturias - Diario de actualidad y noticias\",\"alternateName\":\"El Digital de Asturias - Diario de actualidad y noticias\",\"description\":\"Hemeroteca\",\"inLanguage\":\"es-ES\",\"publisher\":{\"@id\":\"https:\\\/\\\/www.eldigitaldeasturias.com\\\/noticias\\\/#organization\"}}]}\n\t\t<\/script>\n\t\t<!-- All in One SEO Pro -->\r\n\t\t<title>La Oficina Aragonesa contra la Discriminaci\u00f3n ha atendido ya 14 casos - El Digital de Asturias<\/title>\n\n","aioseo_head_json":{"title":"La Oficina Aragonesa contra la Discriminaci\u00f3n ha atendido ya 14 casos - El Digital de Asturias","description":"La Oficina Aragonesa contra la Discriminaci\u00f3n ha atendido hasta el mes de agosto 14 casos que corresponden a diferentes \u00e1mbitos: laboral (bien de la administraci\u00f3n p\u00fablica o de empresas privadas) y quejas de discriminaci\u00f3n por motivos de discapacidad, g\u00e9nero, orientaci\u00f3n sexual, cultura o religi\u00f3n. A estos 14 casos hay que sumar otras cuatro atenciones que","canonical_url":"https:\/\/www.eldigitaldeasturias.com\/noticias\/la-oficina-aragonesa-contra-la-discriminacion-ha-atendido-ya-14-casos\/","robots":"max-image-preview:large","keywords":"actualidad","webmasterTools":{"google-site-verification":"UA-38556648-1","msvalidate.01":"7dfe9f3f1b24437ab69f4f2559babe99","miscellaneous":""},"schema":{"@context":"https:\/\/schema.org","@graph":[{"@type":"BlogPosting","@id":"https:\/\/www.eldigitaldeasturias.com\/noticias\/la-oficina-aragonesa-contra-la-discriminacion-ha-atendido-ya-14-casos\/#blogposting","name":"La Oficina Aragonesa contra la Discriminaci\u00f3n ha atendido ya 14 casos - El Digital de Asturias","headline":"La Oficina Aragonesa contra la Discriminaci\u00f3n ha atendido ya 14 casos","author":{"@id":"https:\/\/www.eldigitaldeasturias.com\/noticias\/author\/admin\/#author"},"publisher":{"@id":"https:\/\/www.eldigitaldeasturias.com\/noticias\/#organization"},"image":{"@type":"ImageObject","url":950259},"datePublished":"2017-08-19T14:58:34+02:00","dateModified":"2017-08-19T14:58:34+02:00","inLanguage":"es-ES","mainEntityOfPage":{"@id":"https:\/\/www.eldigitaldeasturias.com\/noticias\/la-oficina-aragonesa-contra-la-discriminacion-ha-atendido-ya-14-casos\/#webpage"},"isPartOf":{"@id":"https:\/\/www.eldigitaldeasturias.com\/noticias\/la-oficina-aragonesa-contra-la-discriminacion-ha-atendido-ya-14-casos\/#webpage"},"articleSection":"Actualidad"},{"@type":"BreadcrumbList","@id":"https:\/\/www.eldigitaldeasturias.com\/noticias\/la-oficina-aragonesa-contra-la-discriminacion-ha-atendido-ya-14-casos\/#breadcrumblist","itemListElement":[{"@type":"ListItem","@id":"https:\/\/www.eldigitaldeasturias.com\/noticias#listItem","position":1,"name":"Home","item":"https:\/\/www.eldigitaldeasturias.com\/noticias","nextItem":{"@type":"ListItem","@id":"https:\/\/www.eldigitaldeasturias.com\/noticias\/category\/actualidad\/#listItem","name":"Actualidad"}},{"@type":"ListItem","@id":"https:\/\/www.eldigitaldeasturias.com\/noticias\/category\/actualidad\/#listItem","position":2,"name":"Actualidad","item":"https:\/\/www.eldigitaldeasturias.com\/noticias\/category\/actualidad\/","nextItem":{"@type":"ListItem","@id":"https:\/\/www.eldigitaldeasturias.com\/noticias\/la-oficina-aragonesa-contra-la-discriminacion-ha-atendido-ya-14-casos\/#listItem","name":"La Oficina Aragonesa contra la Discriminaci\u00f3n ha atendido ya 14 casos"},"previousItem":{"@type":"ListItem","@id":"https:\/\/www.eldigitaldeasturias.com\/noticias#listItem","name":"Home"}},{"@type":"ListItem","@id":"https:\/\/www.eldigitaldeasturias.com\/noticias\/la-oficina-aragonesa-contra-la-discriminacion-ha-atendido-ya-14-casos\/#listItem","position":3,"name":"La Oficina Aragonesa contra la Discriminaci\u00f3n ha atendido ya 14 casos","previousItem":{"@type":"ListItem","@id":"https:\/\/www.eldigitaldeasturias.com\/noticias\/category\/actualidad\/#listItem","name":"Actualidad"}}]},{"@type":"Organization","@id":"https:\/\/www.eldigitaldeasturias.com\/noticias\/#organization","name":"El Digital de Asturias","description":"Hemeroteca","url":"https:\/\/www.eldigitaldeasturias.com\/noticias\/","email":"info@eldigitaldeasturias.com","telephone":"+34652131393","logo":{"@type":"ImageObject","url":"https:\/\/www.eldigitaldeasturias.com\/noticias\/wp-content\/uploads\/2020\/12\/EDA.jpg","@id":"https:\/\/www.eldigitaldeasturias.com\/noticias\/la-oficina-aragonesa-contra-la-discriminacion-ha-atendido-ya-14-casos\/#organizationLogo"},"image":{"@id":"https:\/\/www.eldigitaldeasturias.com\/noticias\/la-oficina-aragonesa-contra-la-discriminacion-ha-atendido-ya-14-casos\/#organizationLogo"},"sameAs":["https:\/\/facebook.com\/eldigitaldeasturias","https:\/\/www.youtube.com\/channel\/UCZP-2wLEB9Rv6erhFmqVnvg"],"address":{"@id":"https:\/\/www.eldigitaldeasturias.com\/noticias\/#postaladdress","@type":"PostalAddress","streetAddress":"san antonio 4","postalCode":"33430","addressLocality":"Cand\u00e1s","addressRegion":"Asturias","addressCountry":"ES"}},{"@type":"Person","@id":"https:\/\/www.eldigitaldeasturias.com\/noticias\/author\/admin\/#author","url":"https:\/\/www.eldigitaldeasturias.com\/noticias\/author\/admin\/","name":"El Digital de Asturias","image":{"@type":"ImageObject","@id":"https:\/\/www.eldigitaldeasturias.com\/noticias\/la-oficina-aragonesa-contra-la-discriminacion-ha-atendido-ya-14-casos\/#authorImage","url":"https:\/\/secure.gravatar.com\/avatar\/df2aeffc32bcd13f8d26072ef8a91b623d677766deac7f97ca815868cd41bf5e?s=96&d=mm&r=g","width":96,"height":96,"caption":"El Digital de Asturias"}},{"@type":"WebPage","@id":"https:\/\/www.eldigitaldeasturias.com\/noticias\/la-oficina-aragonesa-contra-la-discriminacion-ha-atendido-ya-14-casos\/#webpage","url":"https:\/\/www.eldigitaldeasturias.com\/noticias\/la-oficina-aragonesa-contra-la-discriminacion-ha-atendido-ya-14-casos\/","name":"La Oficina Aragonesa contra la Discriminaci\u00f3n ha atendido ya 14 casos - El Digital de Asturias","description":"La Oficina Aragonesa contra la Discriminaci\u00f3n ha atendido hasta el mes de agosto 14 casos que corresponden a diferentes \u00e1mbitos: laboral (bien de la administraci\u00f3n p\u00fablica o de empresas privadas) y quejas de discriminaci\u00f3n por motivos de discapacidad, g\u00e9nero, orientaci\u00f3n sexual, cultura o religi\u00f3n. A estos 14 casos hay que sumar otras cuatro atenciones que","inLanguage":"es-ES","isPartOf":{"@id":"https:\/\/www.eldigitaldeasturias.com\/noticias\/#website"},"breadcrumb":{"@id":"https:\/\/www.eldigitaldeasturias.com\/noticias\/la-oficina-aragonesa-contra-la-discriminacion-ha-atendido-ya-14-casos\/#breadcrumblist"},"author":{"@id":"https:\/\/www.eldigitaldeasturias.com\/noticias\/author\/admin\/#author"},"creator":{"@id":"https:\/\/www.eldigitaldeasturias.com\/noticias\/author\/admin\/#author"},"image":{"@type":"ImageObject","url":950259,"@id":"https:\/\/www.eldigitaldeasturias.com\/noticias\/la-oficina-aragonesa-contra-la-discriminacion-ha-atendido-ya-14-casos\/#mainImage"},"primaryImageOfPage":{"@id":"https:\/\/www.eldigitaldeasturias.com\/noticias\/la-oficina-aragonesa-contra-la-discriminacion-ha-atendido-ya-14-casos\/#mainImage"},"datePublished":"2017-08-19T14:58:34+02:00","dateModified":"2017-08-19T14:58:34+02:00"},{"@type":"WebSite","@id":"https:\/\/www.eldigitaldeasturias.com\/noticias\/#website","url":"https:\/\/www.eldigitaldeasturias.com\/noticias\/","name":"El Digital de Asturias - Diario de actualidad y noticias","alternateName":"El Digital de Asturias - Diario de actualidad y noticias","description":"Hemeroteca","inLanguage":"es-ES","publisher":{"@id":"https:\/\/www.eldigitaldeasturias.com\/noticias\/#organization"}}]},"og:locale":"es_ES","og:site_name":"El Digital de Asturias","og:type":"article","og:title":"La Oficina Aragonesa contra la Discriminaci\u00f3n ha atendido ya 14 casos - El Digital de Asturias","og:description":"La Oficina Aragonesa contra la Discriminaci\u00f3n ha atendido hasta el mes de agosto 14 casos que corresponden a diferentes \u00e1mbitos: laboral (bien de la administraci\u00f3n p\u00fablica o de empresas privadas) y quejas de discriminaci\u00f3n por motivos de discapacidad, g\u00e9nero, orientaci\u00f3n sexual, cultura o religi\u00f3n. A estos 14 casos hay que sumar otras cuatro atenciones que","og:url":"https:\/\/www.eldigitaldeasturias.com\/noticias\/la-oficina-aragonesa-contra-la-discriminacion-ha-atendido-ya-14-casos\/","article:tag":["actualidad"],"article:published_time":"2017-08-19T14:58:34+00:00","article:modified_time":"2017-08-19T14:58:34+00:00","article:publisher":"https:\/\/facebook.com\/eldigitaldeasturias","twitter:card":"summary_large_image","twitter:title":"La Oficina Aragonesa contra la Discriminaci\u00f3n ha atendido ya 14 casos - El Digital de Asturias","twitter:description":"La Oficina Aragonesa contra la Discriminaci\u00f3n ha atendido hasta el mes de agosto 14 casos que corresponden a diferentes \u00e1mbitos: laboral (bien de la administraci\u00f3n p\u00fablica o de empresas privadas) y quejas de discriminaci\u00f3n por motivos de discapacidad, g\u00e9nero, orientaci\u00f3n sexual, cultura o religi\u00f3n. A estos 14 casos hay que sumar otras cuatro atenciones que","twitter:image":"https:\/\/www.eldigitaldeasturias.com\/noticias\/wp-content\/uploads\/2020\/12\/EDA-1.jpg","twitter:label1":"Escrito por","twitter:data1":"El Digital de Asturias","twitter:label2":"Tiempo de lectura estimado","twitter:data2":"2 minutos"},"aioseo_meta_data":{"post_id":"950258","title":null,"description":null,"keywords":null,"keyphrases":null,"primary_term":null,"canonical_url":null,"og_title":null,"og_description":null,"og_object_type":"default","og_image_type":"default","og_image_url":null,"og_image_width":null,"og_image_height":null,"og_image_custom_url":null,"og_image_custom_fields":null,"og_video":null,"og_custom_url":null,"og_article_section":null,"og_article_tags":null,"twitter_use_og":false,"twitter_card":"default","twitter_image_type":"default","twitter_image_url":null,"twitter_image_custom_url":null,"twitter_image_custom_fields":null,"twitter_title":null,"twitter_description":null,"schema":{"blockGraphs":[],"customGraphs":[],"default":{"data":{"Article":[],"Course":[],"Dataset":[],"FAQPage":[],"Movie":[],"Person":[],"Product":[],"ProductReview":[],"Car":[],"Recipe":[],"Service":[],"SoftwareApplication":[],"WebPage":[]},"graphName":"","isEnabled":true},"graphs":[],"defaultGraph":"","defaultPostTypeGraph":""},"schema_type":null,"schema_type_options":null,"pillar_content":false,"robots_default":true,"robots_noindex":false,"robots_noarchive":false,"robots_nosnippet":false,"robots_nofollow":false,"robots_noimageindex":false,"robots_noodp":false,"robots_notranslate":false,"robots_max_snippet":null,"robots_max_videopreview":null,"robots_max_imagepreview":"large","priority":null,"frequency":null,"local_seo":null,"seo_analyzer_scan_date":"2025-12-05 15:11:07","breadcrumb_settings":null,"limit_modified_date":false,"open_ai":null,"ai":null,"created":"2020-12-21 12:59:40","updated":"2025-12-05 15:11:07","focus_keyword":null,"additional_keywords":null,"truseo_locale":null},"aioseo_breadcrumb":"<div class=\"aioseo-breadcrumbs\"><span class=\"aioseo-breadcrumb\">\n\t<a href=\"https:\/\/www.eldigitaldeasturias.com\/noticias\" title=\"Home\">Home<\/a>\n<\/span><span class=\"aioseo-breadcrumb-separator\">\u2013<\/span><span class=\"aioseo-breadcrumb\">\n\t<a href=\"https:\/\/www.eldigitaldeasturias.com\/noticias\/category\/actualidad\/\" title=\"Actualidad\">Actualidad<\/a>\n<\/span><span class=\"aioseo-breadcrumb-separator\">\u2013<\/span><span class=\"aioseo-breadcrumb\">\n\t<a href=\"https:\/\/www.eldigitaldeasturias.com\/noticias\/la-oficina-aragonesa-contra-la-discriminacion-ha-atendido-ya-14-casos\/\" title=\"La Oficina Aragonesa contra la Discriminaci\u00f3n ha atendido ya 14 casos\">La Oficina Aragonesa contra la Discriminaci\u00f3n ha atendido ya 14 casos<\/a>\n<\/span><\/div>","aioseo_breadcrumb_json":[{"label":"Home","link":"https:\/\/www.eldigitaldeasturias.com\/noticias"},{"label":"Actualidad","link":"https:\/\/www.eldigitaldeasturias.com\/noticias\/category\/actualidad\/"},{"label":"La Oficina Aragonesa contra la Discriminaci\u00f3n ha atendido ya 14 casos","link":"https:\/\/www.eldigitaldeasturias.com\/noticias\/la-oficina-aragonesa-contra-la-discriminacion-ha-atendido-ya-14-casos\/"}],"_links":{"self":[{"href":"https:\/\/www.eldigitaldeasturias.com\/noticias\/wp-json\/wp\/v2\/posts\/950258","targetHints":{"allow":["GET"]}}],"collection":[{"href":"https:\/\/www.eldigitaldeasturias.com\/noticias\/wp-json\/wp\/v2\/posts"}],"about":[{"href":"https:\/\/www.eldigitaldeasturias.com\/noticias\/wp-json\/wp\/v2\/types\/post"}],"author":[{"embeddable":true,"href":"https:\/\/www.eldigitaldeasturias.com\/noticias\/wp-json\/wp\/v2\/users\/1"}],"replies":[{"embeddable":true,"href":"https:\/\/www.eldigitaldeasturias.com\/noticias\/wp-json\/wp\/v2\/comments?post=950258"}],"version-history":[{"count":0,"href":"https:\/\/www.eldigitaldeasturias.com\/noticias\/wp-json\/wp\/v2\/posts\/950258\/revisions"}],"wp:attachment":[{"href":"https:\/\/www.eldigitaldeasturias.com\/noticias\/wp-json\/wp\/v2\/media?parent=950258"}],"wp:term":[{"taxonomy":"category","embeddable":true,"href":"https:\/\/www.eldigitaldeasturias.com\/noticias\/wp-json\/wp\/v2\/categories?post=950258"},{"taxonomy":"post_tag","embeddable":true,"href":"https:\/\/www.eldigitaldeasturias.com\/noticias\/wp-json\/wp\/v2\/tags?post=950258"}],"curies":[{"name":"wp","href":"https:\/\/api.w.org\/{rel}","templated":true}]}}