{"id":950255,"date":"2017-08-19T14:56:41","date_gmt":"2017-08-19T14:56:41","guid":{"rendered":"http:\/\/www.eldigitaldeasturias.com\/noticias\/?p=950255"},"modified":"2017-08-19T14:56:41","modified_gmt":"2017-08-19T14:56:41","slug":"mas-de-la-mitad-de-los-vehiculos-de-dos-ruedas-de-aragon-no-acuden-a-la-itv","status":"publish","type":"post","link":"https:\/\/www.eldigitaldeasturias.com\/noticias\/mas-de-la-mitad-de-los-vehiculos-de-dos-ruedas-de-aragon-no-acuden-a-la-itv\/","title":{"rendered":"M\u00e1s de la mitad de los veh\u00edculos de dos ruedas de Arag\u00f3n no acuden a la ITV"},"content":{"rendered":"<p><img loading=\"lazy\" decoding=\"async\" class=\"alignleft size-medium wp-image-950256\" src=\"https:\/\/www.eldigitaldeasturias.com\/noticias\/wp-content\/uploads\/2017\/08\/scooters-360x159.jpg\" alt=\"\" width=\"360\" height=\"159\" \/>En las estaciones de ITV de Arag\u00f3n se inspeccionaron el pasado a\u00f1o 27.163 veh\u00edculos de dos ruedas (motocicletas y ciclomotores), un 2,80% m\u00e1s que en 2015. Sin embargo, m\u00e1s de la mitad de los veh\u00edculos obligados a realizar la inspecci\u00f3n t\u00e9cnica en los a\u00f1os 2015 y 2016, en concreto el 51,13%, no lo hizo y de entre los que s\u00ed lo hicieron, el 20,13% no super\u00f3 la misma.<\/p>\n<p>A cada veh\u00edculo rechazado se le detectaron una media de dos defectos graves. En 2016 se contabilizaron 10.985 defectos graves en motocicletas y ciclomotores, un 5,74% por encima de los encontrados en 2015. Entre los apartados en los que m\u00e1s defectos graves se hallaron se encuentran los de alumbrado y se\u00f1alizaci\u00f3n (28,49%, con 3.130 defectos), neum\u00e1ticos (11,25%, con 1.236 defectos) y emisiones contaminantes (14,54%, con 1.597 defectos).<\/p>\n<p>En cuanto a defectos leves, en 2016 se detectaron 11.150 en motocicletas y ciclomotores, un 14,24% m\u00e1s que en 2015, cuando se registraron 9.760. El mayor n\u00famero de defectos leves tambi\u00e9n corresponde a los apartados de alumbrado y se\u00f1alizaci\u00f3n (37,23%), muy por encima de los defectos leves del resto de categor\u00edas.<\/p>\n<p>Los conductores de motocicletas, que representan el 9% del parque automovil\u00edstico espa\u00f1ol, son tras los peatones los usuarios m\u00e1s vulnerables, implicados en el 22 % de los accidentes con v\u00edctimas, con el 18% de fallecidos,seg\u00fan la Direcci\u00f3n General de Tr\u00e1fico (DGT).<\/p>\n<p><strong>Puntos a revisar<\/strong><\/p>\n<p>En la ITV de motocicletas y ciclomotores son muchos los puntos a examinar, los m\u00e1s evidentes son las luces, eficacia de frenada y estado de los neum\u00e1ticos. En el caso de los ciclomotores, tambi\u00e9n tienen unas pruebas espec\u00edficas de control de la velocidad m\u00e1xima que puede alcanzar (m\u00e1ximo 45 km\/h) y de los componentes del motor y sistemas de escape de emisiones, que deben ser los de origen o recambios homologados.<\/p>\n<p>En cuanto a la documentaci\u00f3n que se debe presentar, figura el certificado de caracter\u00edsticas t\u00e9cnicas (tarjeta ITV) del veh\u00edculo y el permiso de Circulaci\u00f3n. Adem\u00e1s, es necesario tener el seguro del veh\u00edculo en vigor para poder realizar la inspecci\u00f3n t\u00e9cnica.<\/p>\n<p>Los ciclomotores y las motocicletas est\u00e1n obligados a pasar la primera inspecci\u00f3n a los 3 y los 4 a\u00f1os, respectivamente, y despu\u00e9s sucesivamente cada dos a\u00f1os en ambos casos. Para estos veh\u00edculos, la obligaci\u00f3n de someterse a los ex\u00e1menes de la ITV empez\u00f3 a aplicarse en el a\u00f1o 2007.<\/p>\n<p>&nbsp;<\/p>\n","protected":false},"excerpt":{"rendered":"<p>En las estaciones de ITV de Arag\u00f3n se inspeccionaron el pasado a\u00f1o 27.163 veh\u00edculos de dos ruedas (motocicletas y ciclomotores), un 2,80% m\u00e1s que en 2015. Sin embargo, m\u00e1s de la mitad de los veh\u00edculos obligados a realizar la inspecci\u00f3n t\u00e9cnica en los a\u00f1os 2015 y 2016, en concreto el 51,13%, no lo hizo y [&hellip;]<\/p>\n","protected":false},"author":1,"featured_media":950256,"comment_status":"closed","ping_status":"closed","sticky":false,"template":"","format":"standard","meta":{"footnotes":""},"categories":[1],"tags":[],"class_list":["post-950255","post","type-post","status-publish","format-standard","has-post-thumbnail","hentry","category-actualidad"],"aioseo_notices":[],"aioseo_head":"\n\t\t<!-- All in One SEO Pro 5.0.1 - aioseo.com -->\n\t<meta name=\"description\" content=\"En las estaciones de ITV de Arag\u00f3n se inspeccionaron el pasado a\u00f1o 27.163 veh\u00edculos de dos ruedas (motocicletas y ciclomotores), un 2,80% m\u00e1s que en 2015. Sin embargo, m\u00e1s de la mitad de los veh\u00edculos obligados a realizar la inspecci\u00f3n t\u00e9cnica en los a\u00f1os 2015 y 2016, en concreto el 51,13%, no lo hizo y\" \/>\n\t<meta name=\"robots\" content=\"max-image-preview:large\" \/>\n\t<meta name=\"author\" content=\"El Digital de Asturias\"\/>\n\t<meta name=\"google-site-verification\" content=\"UA-38556648-1\" \/>\n\t<meta name=\"msvalidate.01\" content=\"7dfe9f3f1b24437ab69f4f2559babe99\" \/>\n\t<meta name=\"keywords\" content=\"actualidad\" \/>\n\t<link rel=\"canonical\" href=\"https:\/\/www.eldigitaldeasturias.com\/noticias\/mas-de-la-mitad-de-los-vehiculos-de-dos-ruedas-de-aragon-no-acuden-a-la-itv\/\" \/>\n\t<meta name=\"generator\" content=\"All in One SEO Pro (AIOSEO) 5.0.1\" \/>\n\t\t<meta property=\"og:locale\" content=\"es_ES\" \/>\n\t\t<meta property=\"og:site_name\" content=\"El Digital de Asturias\" \/>\n\t\t<meta property=\"og:type\" content=\"article\" \/>\n\t\t<meta property=\"og:title\" content=\"M\u00e1s de la mitad de los veh\u00edculos de dos ruedas de Arag\u00f3n no acuden a la ITV - El Digital de Asturias\" \/>\n\t\t<meta property=\"og:description\" content=\"En las estaciones de ITV de Arag\u00f3n se inspeccionaron el pasado a\u00f1o 27.163 veh\u00edculos de dos ruedas (motocicletas y ciclomotores), un 2,80% m\u00e1s que en 2015. Sin embargo, m\u00e1s de la mitad de los veh\u00edculos obligados a realizar la inspecci\u00f3n t\u00e9cnica en los a\u00f1os 2015 y 2016, en concreto el 51,13%, no lo hizo y\" \/>\n\t\t<meta property=\"og:url\" content=\"https:\/\/www.eldigitaldeasturias.com\/noticias\/mas-de-la-mitad-de-los-vehiculos-de-dos-ruedas-de-aragon-no-acuden-a-la-itv\/\" \/>\n\t\t<meta property=\"article:tag\" content=\"actualidad\" \/>\n\t\t<meta property=\"article:published_time\" content=\"2017-08-19T14:56:41+00:00\" \/>\n\t\t<meta property=\"article:modified_time\" content=\"2017-08-19T14:56:41+00:00\" \/>\n\t\t<meta property=\"article:publisher\" content=\"https:\/\/facebook.com\/eldigitaldeasturias\" \/>\n\t\t<meta name=\"twitter:card\" content=\"summary_large_image\" \/>\n\t\t<meta name=\"twitter:title\" content=\"M\u00e1s de la mitad de los veh\u00edculos de dos ruedas de Arag\u00f3n no acuden a la ITV - El Digital de Asturias\" \/>\n\t\t<meta name=\"twitter:description\" content=\"En las estaciones de ITV de Arag\u00f3n se inspeccionaron el pasado a\u00f1o 27.163 veh\u00edculos de dos ruedas (motocicletas y ciclomotores), un 2,80% m\u00e1s que en 2015. Sin embargo, m\u00e1s de la mitad de los veh\u00edculos obligados a realizar la inspecci\u00f3n t\u00e9cnica en los a\u00f1os 2015 y 2016, en concreto el 51,13%, no lo hizo y\" \/>\n\t\t<meta name=\"twitter:image\" content=\"https:\/\/www.eldigitaldeasturias.com\/noticias\/wp-content\/uploads\/2020\/12\/EDA-1.jpg\" \/>\n\t\t<meta name=\"twitter:label1\" content=\"Escrito por\" \/>\n\t\t<meta name=\"twitter:data1\" content=\"El Digital de Asturias\" \/>\n\t\t<meta name=\"twitter:label2\" content=\"Tiempo de lectura estimado\" \/>\n\t\t<meta name=\"twitter:data2\" content=\"2 minutos\" \/>\n\t\t<script type=\"application\/ld+json\" class=\"aioseo-schema\">\n\t\t\t{\"@context\":\"https:\\\/\\\/schema.org\",\"@graph\":[{\"@type\":\"BlogPosting\",\"@id\":\"https:\\\/\\\/www.eldigitaldeasturias.com\\\/noticias\\\/mas-de-la-mitad-de-los-vehiculos-de-dos-ruedas-de-aragon-no-acuden-a-la-itv\\\/#blogposting\",\"name\":\"M\\u00e1s de la mitad de los veh\\u00edculos de dos ruedas de Arag\\u00f3n no acuden a la ITV - El Digital de Asturias\",\"headline\":\"M\\u00e1s de la mitad de los veh\\u00edculos de dos ruedas de Arag\\u00f3n no acuden a la ITV\",\"author\":{\"@id\":\"https:\\\/\\\/www.eldigitaldeasturias.com\\\/noticias\\\/author\\\/admin\\\/#author\"},\"publisher\":{\"@id\":\"https:\\\/\\\/www.eldigitaldeasturias.com\\\/noticias\\\/#organization\"},\"image\":{\"@type\":\"ImageObject\",\"url\":950256},\"datePublished\":\"2017-08-19T14:56:41+02:00\",\"dateModified\":\"2017-08-19T14:56:41+02:00\",\"inLanguage\":\"es-ES\",\"mainEntityOfPage\":{\"@id\":\"https:\\\/\\\/www.eldigitaldeasturias.com\\\/noticias\\\/mas-de-la-mitad-de-los-vehiculos-de-dos-ruedas-de-aragon-no-acuden-a-la-itv\\\/#webpage\"},\"isPartOf\":{\"@id\":\"https:\\\/\\\/www.eldigitaldeasturias.com\\\/noticias\\\/mas-de-la-mitad-de-los-vehiculos-de-dos-ruedas-de-aragon-no-acuden-a-la-itv\\\/#webpage\"},\"articleSection\":\"Actualidad\"},{\"@type\":\"BreadcrumbList\",\"@id\":\"https:\\\/\\\/www.eldigitaldeasturias.com\\\/noticias\\\/mas-de-la-mitad-de-los-vehiculos-de-dos-ruedas-de-aragon-no-acuden-a-la-itv\\\/#breadcrumblist\",\"itemListElement\":[{\"@type\":\"ListItem\",\"@id\":\"https:\\\/\\\/www.eldigitaldeasturias.com\\\/noticias#listItem\",\"position\":1,\"name\":\"Home\",\"item\":\"https:\\\/\\\/www.eldigitaldeasturias.com\\\/noticias\",\"nextItem\":{\"@type\":\"ListItem\",\"@id\":\"https:\\\/\\\/www.eldigitaldeasturias.com\\\/noticias\\\/category\\\/actualidad\\\/#listItem\",\"name\":\"Actualidad\"}},{\"@type\":\"ListItem\",\"@id\":\"https:\\\/\\\/www.eldigitaldeasturias.com\\\/noticias\\\/category\\\/actualidad\\\/#listItem\",\"position\":2,\"name\":\"Actualidad\",\"item\":\"https:\\\/\\\/www.eldigitaldeasturias.com\\\/noticias\\\/category\\\/actualidad\\\/\",\"nextItem\":{\"@type\":\"ListItem\",\"@id\":\"https:\\\/\\\/www.eldigitaldeasturias.com\\\/noticias\\\/mas-de-la-mitad-de-los-vehiculos-de-dos-ruedas-de-aragon-no-acuden-a-la-itv\\\/#listItem\",\"name\":\"M\\u00e1s de la mitad de los veh\\u00edculos de dos ruedas de Arag\\u00f3n no acuden a la ITV\"},\"previousItem\":{\"@type\":\"ListItem\",\"@id\":\"https:\\\/\\\/www.eldigitaldeasturias.com\\\/noticias#listItem\",\"name\":\"Home\"}},{\"@type\":\"ListItem\",\"@id\":\"https:\\\/\\\/www.eldigitaldeasturias.com\\\/noticias\\\/mas-de-la-mitad-de-los-vehiculos-de-dos-ruedas-de-aragon-no-acuden-a-la-itv\\\/#listItem\",\"position\":3,\"name\":\"M\\u00e1s de la mitad de los veh\\u00edculos de dos ruedas de Arag\\u00f3n no acuden a la ITV\",\"previousItem\":{\"@type\":\"ListItem\",\"@id\":\"https:\\\/\\\/www.eldigitaldeasturias.com\\\/noticias\\\/category\\\/actualidad\\\/#listItem\",\"name\":\"Actualidad\"}}]},{\"@type\":\"Organization\",\"@id\":\"https:\\\/\\\/www.eldigitaldeasturias.com\\\/noticias\\\/#organization\",\"name\":\"El Digital de Asturias\",\"description\":\"Hemeroteca\",\"url\":\"https:\\\/\\\/www.eldigitaldeasturias.com\\\/noticias\\\/\",\"email\":\"info@eldigitaldeasturias.com\",\"telephone\":\"+34652131393\",\"logo\":{\"@type\":\"ImageObject\",\"url\":\"https:\\\/\\\/www.eldigitaldeasturias.com\\\/noticias\\\/wp-content\\\/uploads\\\/2020\\\/12\\\/EDA.jpg\",\"@id\":\"https:\\\/\\\/www.eldigitaldeasturias.com\\\/noticias\\\/mas-de-la-mitad-de-los-vehiculos-de-dos-ruedas-de-aragon-no-acuden-a-la-itv\\\/#organizationLogo\"},\"image\":{\"@id\":\"https:\\\/\\\/www.eldigitaldeasturias.com\\\/noticias\\\/mas-de-la-mitad-de-los-vehiculos-de-dos-ruedas-de-aragon-no-acuden-a-la-itv\\\/#organizationLogo\"},\"sameAs\":[\"https:\\\/\\\/facebook.com\\\/eldigitaldeasturias\",\"https:\\\/\\\/www.youtube.com\\\/channel\\\/UCZP-2wLEB9Rv6erhFmqVnvg\"],\"address\":{\"@id\":\"https:\\\/\\\/www.eldigitaldeasturias.com\\\/noticias\\\/#postaladdress\",\"@type\":\"PostalAddress\",\"streetAddress\":\"san antonio 4\",\"postalCode\":\"33430\",\"addressLocality\":\"Cand\\u00e1s\",\"addressRegion\":\"Asturias\",\"addressCountry\":\"ES\"}},{\"@type\":\"Person\",\"@id\":\"https:\\\/\\\/www.eldigitaldeasturias.com\\\/noticias\\\/author\\\/admin\\\/#author\",\"url\":\"https:\\\/\\\/www.eldigitaldeasturias.com\\\/noticias\\\/author\\\/admin\\\/\",\"name\":\"El Digital de Asturias\",\"image\":{\"@type\":\"ImageObject\",\"@id\":\"https:\\\/\\\/www.eldigitaldeasturias.com\\\/noticias\\\/mas-de-la-mitad-de-los-vehiculos-de-dos-ruedas-de-aragon-no-acuden-a-la-itv\\\/#authorImage\",\"url\":\"https:\\\/\\\/secure.gravatar.com\\\/avatar\\\/df2aeffc32bcd13f8d26072ef8a91b623d677766deac7f97ca815868cd41bf5e?s=96&d=mm&r=g\",\"width\":96,\"height\":96,\"caption\":\"El Digital de Asturias\"}},{\"@type\":\"WebPage\",\"@id\":\"https:\\\/\\\/www.eldigitaldeasturias.com\\\/noticias\\\/mas-de-la-mitad-de-los-vehiculos-de-dos-ruedas-de-aragon-no-acuden-a-la-itv\\\/#webpage\",\"url\":\"https:\\\/\\\/www.eldigitaldeasturias.com\\\/noticias\\\/mas-de-la-mitad-de-los-vehiculos-de-dos-ruedas-de-aragon-no-acuden-a-la-itv\\\/\",\"name\":\"M\\u00e1s de la mitad de los veh\\u00edculos de dos ruedas de Arag\\u00f3n no acuden a la ITV - El Digital de Asturias\",\"description\":\"En las estaciones de ITV de Arag\\u00f3n se inspeccionaron el pasado a\\u00f1o 27.163 veh\\u00edculos de dos ruedas (motocicletas y ciclomotores), un 2,80% m\\u00e1s que en 2015. Sin embargo, m\\u00e1s de la mitad de los veh\\u00edculos obligados a realizar la inspecci\\u00f3n t\\u00e9cnica en los a\\u00f1os 2015 y 2016, en concreto el 51,13%, no lo hizo y\",\"inLanguage\":\"es-ES\",\"isPartOf\":{\"@id\":\"https:\\\/\\\/www.eldigitaldeasturias.com\\\/noticias\\\/#website\"},\"breadcrumb\":{\"@id\":\"https:\\\/\\\/www.eldigitaldeasturias.com\\\/noticias\\\/mas-de-la-mitad-de-los-vehiculos-de-dos-ruedas-de-aragon-no-acuden-a-la-itv\\\/#breadcrumblist\"},\"author\":{\"@id\":\"https:\\\/\\\/www.eldigitaldeasturias.com\\\/noticias\\\/author\\\/admin\\\/#author\"},\"creator\":{\"@id\":\"https:\\\/\\\/www.eldigitaldeasturias.com\\\/noticias\\\/author\\\/admin\\\/#author\"},\"image\":{\"@type\":\"ImageObject\",\"url\":950256,\"@id\":\"https:\\\/\\\/www.eldigitaldeasturias.com\\\/noticias\\\/mas-de-la-mitad-de-los-vehiculos-de-dos-ruedas-de-aragon-no-acuden-a-la-itv\\\/#mainImage\"},\"primaryImageOfPage\":{\"@id\":\"https:\\\/\\\/www.eldigitaldeasturias.com\\\/noticias\\\/mas-de-la-mitad-de-los-vehiculos-de-dos-ruedas-de-aragon-no-acuden-a-la-itv\\\/#mainImage\"},\"datePublished\":\"2017-08-19T14:56:41+02:00\",\"dateModified\":\"2017-08-19T14:56:41+02:00\"},{\"@type\":\"WebSite\",\"@id\":\"https:\\\/\\\/www.eldigitaldeasturias.com\\\/noticias\\\/#website\",\"url\":\"https:\\\/\\\/www.eldigitaldeasturias.com\\\/noticias\\\/\",\"name\":\"El Digital de Asturias - Diario de actualidad y noticias\",\"alternateName\":\"El Digital de Asturias - Diario de actualidad y noticias\",\"description\":\"Hemeroteca\",\"inLanguage\":\"es-ES\",\"publisher\":{\"@id\":\"https:\\\/\\\/www.eldigitaldeasturias.com\\\/noticias\\\/#organization\"}}]}\n\t\t<\/script>\n\t\t<!-- All in One SEO Pro -->\r\n\t\t<title>M\u00e1s de la mitad de los veh\u00edculos de dos ruedas de Arag\u00f3n no acuden a la ITV - El Digital de Asturias<\/title>\n\n","aioseo_head_json":{"title":"M\u00e1s de la mitad de los veh\u00edculos de dos ruedas de Arag\u00f3n no acuden a la ITV - El Digital de Asturias","description":"En las estaciones de ITV de Arag\u00f3n se inspeccionaron el pasado a\u00f1o 27.163 veh\u00edculos de dos ruedas (motocicletas y ciclomotores), un 2,80% m\u00e1s que en 2015. Sin embargo, m\u00e1s de la mitad de los veh\u00edculos obligados a realizar la inspecci\u00f3n t\u00e9cnica en los a\u00f1os 2015 y 2016, en concreto el 51,13%, no lo hizo y","canonical_url":"https:\/\/www.eldigitaldeasturias.com\/noticias\/mas-de-la-mitad-de-los-vehiculos-de-dos-ruedas-de-aragon-no-acuden-a-la-itv\/","robots":"max-image-preview:large","keywords":"actualidad","webmasterTools":{"google-site-verification":"UA-38556648-1","msvalidate.01":"7dfe9f3f1b24437ab69f4f2559babe99","miscellaneous":""},"schema":{"@context":"https:\/\/schema.org","@graph":[{"@type":"BlogPosting","@id":"https:\/\/www.eldigitaldeasturias.com\/noticias\/mas-de-la-mitad-de-los-vehiculos-de-dos-ruedas-de-aragon-no-acuden-a-la-itv\/#blogposting","name":"M\u00e1s de la mitad de los veh\u00edculos de dos ruedas de Arag\u00f3n no acuden a la ITV - El Digital de Asturias","headline":"M\u00e1s de la mitad de los veh\u00edculos de dos ruedas de Arag\u00f3n no acuden a la ITV","author":{"@id":"https:\/\/www.eldigitaldeasturias.com\/noticias\/author\/admin\/#author"},"publisher":{"@id":"https:\/\/www.eldigitaldeasturias.com\/noticias\/#organization"},"image":{"@type":"ImageObject","url":950256},"datePublished":"2017-08-19T14:56:41+02:00","dateModified":"2017-08-19T14:56:41+02:00","inLanguage":"es-ES","mainEntityOfPage":{"@id":"https:\/\/www.eldigitaldeasturias.com\/noticias\/mas-de-la-mitad-de-los-vehiculos-de-dos-ruedas-de-aragon-no-acuden-a-la-itv\/#webpage"},"isPartOf":{"@id":"https:\/\/www.eldigitaldeasturias.com\/noticias\/mas-de-la-mitad-de-los-vehiculos-de-dos-ruedas-de-aragon-no-acuden-a-la-itv\/#webpage"},"articleSection":"Actualidad"},{"@type":"BreadcrumbList","@id":"https:\/\/www.eldigitaldeasturias.com\/noticias\/mas-de-la-mitad-de-los-vehiculos-de-dos-ruedas-de-aragon-no-acuden-a-la-itv\/#breadcrumblist","itemListElement":[{"@type":"ListItem","@id":"https:\/\/www.eldigitaldeasturias.com\/noticias#listItem","position":1,"name":"Home","item":"https:\/\/www.eldigitaldeasturias.com\/noticias","nextItem":{"@type":"ListItem","@id":"https:\/\/www.eldigitaldeasturias.com\/noticias\/category\/actualidad\/#listItem","name":"Actualidad"}},{"@type":"ListItem","@id":"https:\/\/www.eldigitaldeasturias.com\/noticias\/category\/actualidad\/#listItem","position":2,"name":"Actualidad","item":"https:\/\/www.eldigitaldeasturias.com\/noticias\/category\/actualidad\/","nextItem":{"@type":"ListItem","@id":"https:\/\/www.eldigitaldeasturias.com\/noticias\/mas-de-la-mitad-de-los-vehiculos-de-dos-ruedas-de-aragon-no-acuden-a-la-itv\/#listItem","name":"M\u00e1s de la mitad de los veh\u00edculos de dos ruedas de Arag\u00f3n no acuden a la ITV"},"previousItem":{"@type":"ListItem","@id":"https:\/\/www.eldigitaldeasturias.com\/noticias#listItem","name":"Home"}},{"@type":"ListItem","@id":"https:\/\/www.eldigitaldeasturias.com\/noticias\/mas-de-la-mitad-de-los-vehiculos-de-dos-ruedas-de-aragon-no-acuden-a-la-itv\/#listItem","position":3,"name":"M\u00e1s de la mitad de los veh\u00edculos de dos ruedas de Arag\u00f3n no acuden a la ITV","previousItem":{"@type":"ListItem","@id":"https:\/\/www.eldigitaldeasturias.com\/noticias\/category\/actualidad\/#listItem","name":"Actualidad"}}]},{"@type":"Organization","@id":"https:\/\/www.eldigitaldeasturias.com\/noticias\/#organization","name":"El Digital de Asturias","description":"Hemeroteca","url":"https:\/\/www.eldigitaldeasturias.com\/noticias\/","email":"info@eldigitaldeasturias.com","telephone":"+34652131393","logo":{"@type":"ImageObject","url":"https:\/\/www.eldigitaldeasturias.com\/noticias\/wp-content\/uploads\/2020\/12\/EDA.jpg","@id":"https:\/\/www.eldigitaldeasturias.com\/noticias\/mas-de-la-mitad-de-los-vehiculos-de-dos-ruedas-de-aragon-no-acuden-a-la-itv\/#organizationLogo"},"image":{"@id":"https:\/\/www.eldigitaldeasturias.com\/noticias\/mas-de-la-mitad-de-los-vehiculos-de-dos-ruedas-de-aragon-no-acuden-a-la-itv\/#organizationLogo"},"sameAs":["https:\/\/facebook.com\/eldigitaldeasturias","https:\/\/www.youtube.com\/channel\/UCZP-2wLEB9Rv6erhFmqVnvg"],"address":{"@id":"https:\/\/www.eldigitaldeasturias.com\/noticias\/#postaladdress","@type":"PostalAddress","streetAddress":"san antonio 4","postalCode":"33430","addressLocality":"Cand\u00e1s","addressRegion":"Asturias","addressCountry":"ES"}},{"@type":"Person","@id":"https:\/\/www.eldigitaldeasturias.com\/noticias\/author\/admin\/#author","url":"https:\/\/www.eldigitaldeasturias.com\/noticias\/author\/admin\/","name":"El Digital de Asturias","image":{"@type":"ImageObject","@id":"https:\/\/www.eldigitaldeasturias.com\/noticias\/mas-de-la-mitad-de-los-vehiculos-de-dos-ruedas-de-aragon-no-acuden-a-la-itv\/#authorImage","url":"https:\/\/secure.gravatar.com\/avatar\/df2aeffc32bcd13f8d26072ef8a91b623d677766deac7f97ca815868cd41bf5e?s=96&d=mm&r=g","width":96,"height":96,"caption":"El Digital de Asturias"}},{"@type":"WebPage","@id":"https:\/\/www.eldigitaldeasturias.com\/noticias\/mas-de-la-mitad-de-los-vehiculos-de-dos-ruedas-de-aragon-no-acuden-a-la-itv\/#webpage","url":"https:\/\/www.eldigitaldeasturias.com\/noticias\/mas-de-la-mitad-de-los-vehiculos-de-dos-ruedas-de-aragon-no-acuden-a-la-itv\/","name":"M\u00e1s de la mitad de los veh\u00edculos de dos ruedas de Arag\u00f3n no acuden a la ITV - El Digital de Asturias","description":"En las estaciones de ITV de Arag\u00f3n se inspeccionaron el pasado a\u00f1o 27.163 veh\u00edculos de dos ruedas (motocicletas y ciclomotores), un 2,80% m\u00e1s que en 2015. Sin embargo, m\u00e1s de la mitad de los veh\u00edculos obligados a realizar la inspecci\u00f3n t\u00e9cnica en los a\u00f1os 2015 y 2016, en concreto el 51,13%, no lo hizo y","inLanguage":"es-ES","isPartOf":{"@id":"https:\/\/www.eldigitaldeasturias.com\/noticias\/#website"},"breadcrumb":{"@id":"https:\/\/www.eldigitaldeasturias.com\/noticias\/mas-de-la-mitad-de-los-vehiculos-de-dos-ruedas-de-aragon-no-acuden-a-la-itv\/#breadcrumblist"},"author":{"@id":"https:\/\/www.eldigitaldeasturias.com\/noticias\/author\/admin\/#author"},"creator":{"@id":"https:\/\/www.eldigitaldeasturias.com\/noticias\/author\/admin\/#author"},"image":{"@type":"ImageObject","url":950256,"@id":"https:\/\/www.eldigitaldeasturias.com\/noticias\/mas-de-la-mitad-de-los-vehiculos-de-dos-ruedas-de-aragon-no-acuden-a-la-itv\/#mainImage"},"primaryImageOfPage":{"@id":"https:\/\/www.eldigitaldeasturias.com\/noticias\/mas-de-la-mitad-de-los-vehiculos-de-dos-ruedas-de-aragon-no-acuden-a-la-itv\/#mainImage"},"datePublished":"2017-08-19T14:56:41+02:00","dateModified":"2017-08-19T14:56:41+02:00"},{"@type":"WebSite","@id":"https:\/\/www.eldigitaldeasturias.com\/noticias\/#website","url":"https:\/\/www.eldigitaldeasturias.com\/noticias\/","name":"El Digital de Asturias - Diario de actualidad y noticias","alternateName":"El Digital de Asturias - Diario de actualidad y noticias","description":"Hemeroteca","inLanguage":"es-ES","publisher":{"@id":"https:\/\/www.eldigitaldeasturias.com\/noticias\/#organization"}}]},"og:locale":"es_ES","og:site_name":"El Digital de Asturias","og:type":"article","og:title":"M\u00e1s de la mitad de los veh\u00edculos de dos ruedas de Arag\u00f3n no acuden a la ITV - El Digital de Asturias","og:description":"En las estaciones de ITV de Arag\u00f3n se inspeccionaron el pasado a\u00f1o 27.163 veh\u00edculos de dos ruedas (motocicletas y ciclomotores), un 2,80% m\u00e1s que en 2015. Sin embargo, m\u00e1s de la mitad de los veh\u00edculos obligados a realizar la inspecci\u00f3n t\u00e9cnica en los a\u00f1os 2015 y 2016, en concreto el 51,13%, no lo hizo y","og:url":"https:\/\/www.eldigitaldeasturias.com\/noticias\/mas-de-la-mitad-de-los-vehiculos-de-dos-ruedas-de-aragon-no-acuden-a-la-itv\/","article:tag":["actualidad"],"article:published_time":"2017-08-19T14:56:41+00:00","article:modified_time":"2017-08-19T14:56:41+00:00","article:publisher":"https:\/\/facebook.com\/eldigitaldeasturias","twitter:card":"summary_large_image","twitter:title":"M\u00e1s de la mitad de los veh\u00edculos de dos ruedas de Arag\u00f3n no acuden a la ITV - El Digital de Asturias","twitter:description":"En las estaciones de ITV de Arag\u00f3n se inspeccionaron el pasado a\u00f1o 27.163 veh\u00edculos de dos ruedas (motocicletas y ciclomotores), un 2,80% m\u00e1s que en 2015. Sin embargo, m\u00e1s de la mitad de los veh\u00edculos obligados a realizar la inspecci\u00f3n t\u00e9cnica en los a\u00f1os 2015 y 2016, en concreto el 51,13%, no lo hizo y","twitter:image":"https:\/\/www.eldigitaldeasturias.com\/noticias\/wp-content\/uploads\/2020\/12\/EDA-1.jpg","twitter:label1":"Escrito por","twitter:data1":"El Digital de Asturias","twitter:label2":"Tiempo de lectura estimado","twitter:data2":"2 minutos"},"aioseo_meta_data":{"post_id":"950255","title":null,"description":null,"keywords":null,"keyphrases":null,"primary_term":null,"canonical_url":null,"og_title":null,"og_description":null,"og_object_type":"default","og_image_type":"default","og_image_url":null,"og_image_width":null,"og_image_height":null,"og_image_custom_url":null,"og_image_custom_fields":null,"og_video":null,"og_custom_url":null,"og_article_section":null,"og_article_tags":null,"twitter_use_og":false,"twitter_card":"default","twitter_image_type":"default","twitter_image_url":null,"twitter_image_custom_url":null,"twitter_image_custom_fields":null,"twitter_title":null,"twitter_description":null,"schema":{"blockGraphs":[],"customGraphs":[],"default":{"data":{"Article":[],"Course":[],"Dataset":[],"FAQPage":[],"Movie":[],"Person":[],"Product":[],"ProductReview":[],"Car":[],"Recipe":[],"Service":[],"SoftwareApplication":[],"WebPage":[]},"graphName":"","isEnabled":true},"graphs":[],"defaultGraph":"","defaultPostTypeGraph":""},"schema_type":null,"schema_type_options":null,"pillar_content":false,"robots_default":true,"robots_noindex":false,"robots_noarchive":false,"robots_nosnippet":false,"robots_nofollow":false,"robots_noimageindex":false,"robots_noodp":false,"robots_notranslate":false,"robots_max_snippet":null,"robots_max_videopreview":null,"robots_max_imagepreview":"large","priority":null,"frequency":null,"local_seo":null,"seo_analyzer_scan_date":"2025-12-05 15:09:11","breadcrumb_settings":null,"limit_modified_date":false,"open_ai":null,"ai":null,"created":"2020-12-21 12:59:40","updated":"2025-12-05 15:09:11","focus_keyword":null,"additional_keywords":null,"truseo_locale":null},"aioseo_breadcrumb":"<div class=\"aioseo-breadcrumbs\"><span class=\"aioseo-breadcrumb\">\n\t<a href=\"https:\/\/www.eldigitaldeasturias.com\/noticias\" title=\"Home\">Home<\/a>\n<\/span><span class=\"aioseo-breadcrumb-separator\">\u2013<\/span><span class=\"aioseo-breadcrumb\">\n\t<a href=\"https:\/\/www.eldigitaldeasturias.com\/noticias\/category\/actualidad\/\" title=\"Actualidad\">Actualidad<\/a>\n<\/span><span class=\"aioseo-breadcrumb-separator\">\u2013<\/span><span class=\"aioseo-breadcrumb\">\n\t<a href=\"https:\/\/www.eldigitaldeasturias.com\/noticias\/mas-de-la-mitad-de-los-vehiculos-de-dos-ruedas-de-aragon-no-acuden-a-la-itv\/\" title=\"M\u00e1s de la mitad de los veh\u00edculos de dos ruedas de Arag\u00f3n no acuden a la ITV\">M\u00e1s de la mitad de los veh\u00edculos de dos ruedas de Arag\u00f3n no acuden a la ITV<\/a>\n<\/span><\/div>","aioseo_breadcrumb_json":[{"label":"Home","link":"https:\/\/www.eldigitaldeasturias.com\/noticias"},{"label":"Actualidad","link":"https:\/\/www.eldigitaldeasturias.com\/noticias\/category\/actualidad\/"},{"label":"M\u00e1s de la mitad de los veh\u00edculos de dos ruedas de Arag\u00f3n no acuden a la ITV","link":"https:\/\/www.eldigitaldeasturias.com\/noticias\/mas-de-la-mitad-de-los-vehiculos-de-dos-ruedas-de-aragon-no-acuden-a-la-itv\/"}],"_links":{"self":[{"href":"https:\/\/www.eldigitaldeasturias.com\/noticias\/wp-json\/wp\/v2\/posts\/950255","targetHints":{"allow":["GET"]}}],"collection":[{"href":"https:\/\/www.eldigitaldeasturias.com\/noticias\/wp-json\/wp\/v2\/posts"}],"about":[{"href":"https:\/\/www.eldigitaldeasturias.com\/noticias\/wp-json\/wp\/v2\/types\/post"}],"author":[{"embeddable":true,"href":"https:\/\/www.eldigitaldeasturias.com\/noticias\/wp-json\/wp\/v2\/users\/1"}],"replies":[{"embeddable":true,"href":"https:\/\/www.eldigitaldeasturias.com\/noticias\/wp-json\/wp\/v2\/comments?post=950255"}],"version-history":[{"count":0,"href":"https:\/\/www.eldigitaldeasturias.com\/noticias\/wp-json\/wp\/v2\/posts\/950255\/revisions"}],"wp:attachment":[{"href":"https:\/\/www.eldigitaldeasturias.com\/noticias\/wp-json\/wp\/v2\/media?parent=950255"}],"wp:term":[{"taxonomy":"category","embeddable":true,"href":"https:\/\/www.eldigitaldeasturias.com\/noticias\/wp-json\/wp\/v2\/categories?post=950255"},{"taxonomy":"post_tag","embeddable":true,"href":"https:\/\/www.eldigitaldeasturias.com\/noticias\/wp-json\/wp\/v2\/tags?post=950255"}],"curies":[{"name":"wp","href":"https:\/\/api.w.org\/{rel}","templated":true}]}}