{"id":950253,"date":"2017-08-19T14:54:53","date_gmt":"2017-08-19T14:54:53","guid":{"rendered":"http:\/\/www.eldigitaldeasturias.com\/noticias\/?p=950253"},"modified":"2017-08-19T14:54:53","modified_gmt":"2017-08-19T14:54:53","slug":"riesgo-de-incendios-hoy-sabado-en-la-comunidad-de-aragon","status":"publish","type":"post","link":"https:\/\/www.eldigitaldeasturias.com\/noticias\/riesgo-de-incendios-hoy-sabado-en-la-comunidad-de-aragon\/","title":{"rendered":"Riesgo de incendios hoy s\u00e1bado en la Comunidad de Arag\u00f3n"},"content":{"rendered":"<p><img loading=\"lazy\" decoding=\"async\" class=\"alignleft size-medium wp-image-947449\" src=\"https:\/\/www.eldigitaldeasturias.com\/noticias\/wp-content\/uploads\/2017\/07\/incendios-360x216.jpg\" alt=\"\" width=\"360\" height=\"216\" \/>En las zonas con prealerta roja + (Muela de Zuera y Somontano Occidental) son posibles incendios de copas con lanzamientos de focos secundarios. En las zonas con prealerta roja tambi\u00e9n son posibles incendios de copas, aunque con menor velocidad de propagaci\u00f3n. Los principales factores de propagaci\u00f3n ser\u00edan el viento y la convecci\u00f3n.<\/p>\n<p>Los mayor disponibilidad de los combustibles se localiza en amplias \u00e1reas del norte, centro y del cuadrante suroccidental de la comunidad, donde ya est\u00e1n totalmente disponibles los finos, medios y gruesos muertos, as\u00ed como los vivos de algunas especies.<\/p>\n","protected":false},"excerpt":{"rendered":"<p>En las zonas con prealerta roja + (Muela de Zuera y Somontano Occidental) son posibles incendios de copas con lanzamientos de focos secundarios. En las zonas con prealerta roja tambi\u00e9n son posibles incendios de copas, aunque con menor velocidad de propagaci\u00f3n. Los principales factores de propagaci\u00f3n ser\u00edan el viento y la convecci\u00f3n. Los mayor disponibilidad [&hellip;]<\/p>\n","protected":false},"author":1,"featured_media":947449,"comment_status":"closed","ping_status":"closed","sticky":false,"template":"","format":"standard","meta":{"footnotes":""},"categories":[1],"tags":[],"class_list":["post-950253","post","type-post","status-publish","format-standard","has-post-thumbnail","hentry","category-actualidad"],"aioseo_notices":[],"aioseo_head":"\n\t\t<!-- All in One SEO Pro 5.0.1 - aioseo.com -->\n\t<meta name=\"description\" content=\"En las zonas con prealerta roja + (Muela de Zuera y Somontano Occidental) son posibles incendios de copas con lanzamientos de focos secundarios. En las zonas con prealerta roja tambi\u00e9n son posibles incendios de copas, aunque con menor velocidad de propagaci\u00f3n. Los principales factores de propagaci\u00f3n ser\u00edan el viento y la convecci\u00f3n. Los mayor disponibilidad\" \/>\n\t<meta name=\"robots\" content=\"max-image-preview:large\" \/>\n\t<meta name=\"author\" content=\"El Digital de Asturias\"\/>\n\t<meta name=\"google-site-verification\" content=\"UA-38556648-1\" \/>\n\t<meta name=\"msvalidate.01\" content=\"7dfe9f3f1b24437ab69f4f2559babe99\" \/>\n\t<meta name=\"keywords\" content=\"actualidad\" \/>\n\t<link rel=\"canonical\" href=\"https:\/\/www.eldigitaldeasturias.com\/noticias\/riesgo-de-incendios-hoy-sabado-en-la-comunidad-de-aragon\/\" \/>\n\t<meta name=\"generator\" content=\"All in One SEO Pro (AIOSEO) 5.0.1\" \/>\n\t\t<meta property=\"og:locale\" content=\"es_ES\" \/>\n\t\t<meta property=\"og:site_name\" content=\"El Digital de Asturias\" \/>\n\t\t<meta property=\"og:type\" content=\"article\" \/>\n\t\t<meta property=\"og:title\" content=\"Riesgo de incendios hoy s\u00e1bado en la Comunidad de Arag\u00f3n - El Digital de Asturias\" \/>\n\t\t<meta property=\"og:description\" content=\"En las zonas con prealerta roja + (Muela de Zuera y Somontano Occidental) son posibles incendios de copas con lanzamientos de focos secundarios. En las zonas con prealerta roja tambi\u00e9n son posibles incendios de copas, aunque con menor velocidad de propagaci\u00f3n. Los principales factores de propagaci\u00f3n ser\u00edan el viento y la convecci\u00f3n. Los mayor disponibilidad\" \/>\n\t\t<meta property=\"og:url\" content=\"https:\/\/www.eldigitaldeasturias.com\/noticias\/riesgo-de-incendios-hoy-sabado-en-la-comunidad-de-aragon\/\" \/>\n\t\t<meta property=\"article:tag\" content=\"actualidad\" \/>\n\t\t<meta property=\"article:published_time\" content=\"2017-08-19T14:54:53+00:00\" \/>\n\t\t<meta property=\"article:modified_time\" content=\"2017-08-19T14:54:53+00:00\" \/>\n\t\t<meta property=\"article:publisher\" content=\"https:\/\/facebook.com\/eldigitaldeasturias\" \/>\n\t\t<meta name=\"twitter:card\" content=\"summary_large_image\" \/>\n\t\t<meta name=\"twitter:title\" content=\"Riesgo de incendios hoy s\u00e1bado en la Comunidad de Arag\u00f3n - El Digital de Asturias\" \/>\n\t\t<meta name=\"twitter:description\" content=\"En las zonas con prealerta roja + (Muela de Zuera y Somontano Occidental) son posibles incendios de copas con lanzamientos de focos secundarios. En las zonas con prealerta roja tambi\u00e9n son posibles incendios de copas, aunque con menor velocidad de propagaci\u00f3n. Los principales factores de propagaci\u00f3n ser\u00edan el viento y la convecci\u00f3n. Los mayor disponibilidad\" \/>\n\t\t<meta name=\"twitter:image\" content=\"https:\/\/www.eldigitaldeasturias.com\/noticias\/wp-content\/uploads\/2020\/12\/EDA-1.jpg\" \/>\n\t\t<meta name=\"twitter:label1\" content=\"Escrito por\" \/>\n\t\t<meta name=\"twitter:data1\" content=\"El Digital de Asturias\" \/>\n\t\t<script type=\"application\/ld+json\" class=\"aioseo-schema\">\n\t\t\t{\"@context\":\"https:\\\/\\\/schema.org\",\"@graph\":[{\"@type\":\"BlogPosting\",\"@id\":\"https:\\\/\\\/www.eldigitaldeasturias.com\\\/noticias\\\/riesgo-de-incendios-hoy-sabado-en-la-comunidad-de-aragon\\\/#blogposting\",\"name\":\"Riesgo de incendios hoy s\\u00e1bado en la Comunidad de Arag\\u00f3n - El Digital de Asturias\",\"headline\":\"Riesgo de incendios hoy s\\u00e1bado en la Comunidad de Arag\\u00f3n\",\"author\":{\"@id\":\"https:\\\/\\\/www.eldigitaldeasturias.com\\\/noticias\\\/author\\\/admin\\\/#author\"},\"publisher\":{\"@id\":\"https:\\\/\\\/www.eldigitaldeasturias.com\\\/noticias\\\/#organization\"},\"image\":{\"@type\":\"ImageObject\",\"url\":947449},\"datePublished\":\"2017-08-19T14:54:53+02:00\",\"dateModified\":\"2017-08-19T14:54:53+02:00\",\"inLanguage\":\"es-ES\",\"mainEntityOfPage\":{\"@id\":\"https:\\\/\\\/www.eldigitaldeasturias.com\\\/noticias\\\/riesgo-de-incendios-hoy-sabado-en-la-comunidad-de-aragon\\\/#webpage\"},\"isPartOf\":{\"@id\":\"https:\\\/\\\/www.eldigitaldeasturias.com\\\/noticias\\\/riesgo-de-incendios-hoy-sabado-en-la-comunidad-de-aragon\\\/#webpage\"},\"articleSection\":\"Actualidad\"},{\"@type\":\"BreadcrumbList\",\"@id\":\"https:\\\/\\\/www.eldigitaldeasturias.com\\\/noticias\\\/riesgo-de-incendios-hoy-sabado-en-la-comunidad-de-aragon\\\/#breadcrumblist\",\"itemListElement\":[{\"@type\":\"ListItem\",\"@id\":\"https:\\\/\\\/www.eldigitaldeasturias.com\\\/noticias#listItem\",\"position\":1,\"name\":\"Home\",\"item\":\"https:\\\/\\\/www.eldigitaldeasturias.com\\\/noticias\",\"nextItem\":{\"@type\":\"ListItem\",\"@id\":\"https:\\\/\\\/www.eldigitaldeasturias.com\\\/noticias\\\/category\\\/actualidad\\\/#listItem\",\"name\":\"Actualidad\"}},{\"@type\":\"ListItem\",\"@id\":\"https:\\\/\\\/www.eldigitaldeasturias.com\\\/noticias\\\/category\\\/actualidad\\\/#listItem\",\"position\":2,\"name\":\"Actualidad\",\"item\":\"https:\\\/\\\/www.eldigitaldeasturias.com\\\/noticias\\\/category\\\/actualidad\\\/\",\"nextItem\":{\"@type\":\"ListItem\",\"@id\":\"https:\\\/\\\/www.eldigitaldeasturias.com\\\/noticias\\\/riesgo-de-incendios-hoy-sabado-en-la-comunidad-de-aragon\\\/#listItem\",\"name\":\"Riesgo de incendios hoy s\\u00e1bado en la Comunidad de Arag\\u00f3n\"},\"previousItem\":{\"@type\":\"ListItem\",\"@id\":\"https:\\\/\\\/www.eldigitaldeasturias.com\\\/noticias#listItem\",\"name\":\"Home\"}},{\"@type\":\"ListItem\",\"@id\":\"https:\\\/\\\/www.eldigitaldeasturias.com\\\/noticias\\\/riesgo-de-incendios-hoy-sabado-en-la-comunidad-de-aragon\\\/#listItem\",\"position\":3,\"name\":\"Riesgo de incendios hoy s\\u00e1bado en la Comunidad de Arag\\u00f3n\",\"previousItem\":{\"@type\":\"ListItem\",\"@id\":\"https:\\\/\\\/www.eldigitaldeasturias.com\\\/noticias\\\/category\\\/actualidad\\\/#listItem\",\"name\":\"Actualidad\"}}]},{\"@type\":\"Organization\",\"@id\":\"https:\\\/\\\/www.eldigitaldeasturias.com\\\/noticias\\\/#organization\",\"name\":\"El Digital de Asturias\",\"description\":\"Hemeroteca\",\"url\":\"https:\\\/\\\/www.eldigitaldeasturias.com\\\/noticias\\\/\",\"email\":\"info@eldigitaldeasturias.com\",\"telephone\":\"+34652131393\",\"logo\":{\"@type\":\"ImageObject\",\"url\":\"https:\\\/\\\/www.eldigitaldeasturias.com\\\/noticias\\\/wp-content\\\/uploads\\\/2020\\\/12\\\/EDA.jpg\",\"@id\":\"https:\\\/\\\/www.eldigitaldeasturias.com\\\/noticias\\\/riesgo-de-incendios-hoy-sabado-en-la-comunidad-de-aragon\\\/#organizationLogo\"},\"image\":{\"@id\":\"https:\\\/\\\/www.eldigitaldeasturias.com\\\/noticias\\\/riesgo-de-incendios-hoy-sabado-en-la-comunidad-de-aragon\\\/#organizationLogo\"},\"sameAs\":[\"https:\\\/\\\/facebook.com\\\/eldigitaldeasturias\",\"https:\\\/\\\/www.youtube.com\\\/channel\\\/UCZP-2wLEB9Rv6erhFmqVnvg\"],\"address\":{\"@id\":\"https:\\\/\\\/www.eldigitaldeasturias.com\\\/noticias\\\/#postaladdress\",\"@type\":\"PostalAddress\",\"streetAddress\":\"san antonio 4\",\"postalCode\":\"33430\",\"addressLocality\":\"Cand\\u00e1s\",\"addressRegion\":\"Asturias\",\"addressCountry\":\"ES\"}},{\"@type\":\"Person\",\"@id\":\"https:\\\/\\\/www.eldigitaldeasturias.com\\\/noticias\\\/author\\\/admin\\\/#author\",\"url\":\"https:\\\/\\\/www.eldigitaldeasturias.com\\\/noticias\\\/author\\\/admin\\\/\",\"name\":\"El Digital de Asturias\",\"image\":{\"@type\":\"ImageObject\",\"@id\":\"https:\\\/\\\/www.eldigitaldeasturias.com\\\/noticias\\\/riesgo-de-incendios-hoy-sabado-en-la-comunidad-de-aragon\\\/#authorImage\",\"url\":\"https:\\\/\\\/secure.gravatar.com\\\/avatar\\\/df2aeffc32bcd13f8d26072ef8a91b623d677766deac7f97ca815868cd41bf5e?s=96&d=mm&r=g\",\"width\":96,\"height\":96,\"caption\":\"El Digital de Asturias\"}},{\"@type\":\"WebPage\",\"@id\":\"https:\\\/\\\/www.eldigitaldeasturias.com\\\/noticias\\\/riesgo-de-incendios-hoy-sabado-en-la-comunidad-de-aragon\\\/#webpage\",\"url\":\"https:\\\/\\\/www.eldigitaldeasturias.com\\\/noticias\\\/riesgo-de-incendios-hoy-sabado-en-la-comunidad-de-aragon\\\/\",\"name\":\"Riesgo de incendios hoy s\\u00e1bado en la Comunidad de Arag\\u00f3n - El Digital de Asturias\",\"description\":\"En las zonas con prealerta roja + (Muela de Zuera y Somontano Occidental) son posibles incendios de copas con lanzamientos de focos secundarios. En las zonas con prealerta roja tambi\\u00e9n son posibles incendios de copas, aunque con menor velocidad de propagaci\\u00f3n. Los principales factores de propagaci\\u00f3n ser\\u00edan el viento y la convecci\\u00f3n. Los mayor disponibilidad\",\"inLanguage\":\"es-ES\",\"isPartOf\":{\"@id\":\"https:\\\/\\\/www.eldigitaldeasturias.com\\\/noticias\\\/#website\"},\"breadcrumb\":{\"@id\":\"https:\\\/\\\/www.eldigitaldeasturias.com\\\/noticias\\\/riesgo-de-incendios-hoy-sabado-en-la-comunidad-de-aragon\\\/#breadcrumblist\"},\"author\":{\"@id\":\"https:\\\/\\\/www.eldigitaldeasturias.com\\\/noticias\\\/author\\\/admin\\\/#author\"},\"creator\":{\"@id\":\"https:\\\/\\\/www.eldigitaldeasturias.com\\\/noticias\\\/author\\\/admin\\\/#author\"},\"image\":{\"@type\":\"ImageObject\",\"url\":947449,\"@id\":\"https:\\\/\\\/www.eldigitaldeasturias.com\\\/noticias\\\/riesgo-de-incendios-hoy-sabado-en-la-comunidad-de-aragon\\\/#mainImage\"},\"primaryImageOfPage\":{\"@id\":\"https:\\\/\\\/www.eldigitaldeasturias.com\\\/noticias\\\/riesgo-de-incendios-hoy-sabado-en-la-comunidad-de-aragon\\\/#mainImage\"},\"datePublished\":\"2017-08-19T14:54:53+02:00\",\"dateModified\":\"2017-08-19T14:54:53+02:00\"},{\"@type\":\"WebSite\",\"@id\":\"https:\\\/\\\/www.eldigitaldeasturias.com\\\/noticias\\\/#website\",\"url\":\"https:\\\/\\\/www.eldigitaldeasturias.com\\\/noticias\\\/\",\"name\":\"El Digital de Asturias - Diario de actualidad y noticias\",\"alternateName\":\"El Digital de Asturias - Diario de actualidad y noticias\",\"description\":\"Hemeroteca\",\"inLanguage\":\"es-ES\",\"publisher\":{\"@id\":\"https:\\\/\\\/www.eldigitaldeasturias.com\\\/noticias\\\/#organization\"}}]}\n\t\t<\/script>\n\t\t<!-- All in One SEO Pro -->\r\n\t\t<title>Riesgo de incendios hoy s\u00e1bado en la Comunidad de Arag\u00f3n - El Digital de Asturias<\/title>\n\n","aioseo_head_json":{"title":"Riesgo de incendios hoy s\u00e1bado en la Comunidad de Arag\u00f3n - El Digital de Asturias","description":"En las zonas con prealerta roja + (Muela de Zuera y Somontano Occidental) son posibles incendios de copas con lanzamientos de focos secundarios. En las zonas con prealerta roja tambi\u00e9n son posibles incendios de copas, aunque con menor velocidad de propagaci\u00f3n. Los principales factores de propagaci\u00f3n ser\u00edan el viento y la convecci\u00f3n. Los mayor disponibilidad","canonical_url":"https:\/\/www.eldigitaldeasturias.com\/noticias\/riesgo-de-incendios-hoy-sabado-en-la-comunidad-de-aragon\/","robots":"max-image-preview:large","keywords":"actualidad","webmasterTools":{"google-site-verification":"UA-38556648-1","msvalidate.01":"7dfe9f3f1b24437ab69f4f2559babe99","miscellaneous":""},"schema":{"@context":"https:\/\/schema.org","@graph":[{"@type":"BlogPosting","@id":"https:\/\/www.eldigitaldeasturias.com\/noticias\/riesgo-de-incendios-hoy-sabado-en-la-comunidad-de-aragon\/#blogposting","name":"Riesgo de incendios hoy s\u00e1bado en la Comunidad de Arag\u00f3n - El Digital de Asturias","headline":"Riesgo de incendios hoy s\u00e1bado en la Comunidad de Arag\u00f3n","author":{"@id":"https:\/\/www.eldigitaldeasturias.com\/noticias\/author\/admin\/#author"},"publisher":{"@id":"https:\/\/www.eldigitaldeasturias.com\/noticias\/#organization"},"image":{"@type":"ImageObject","url":947449},"datePublished":"2017-08-19T14:54:53+02:00","dateModified":"2017-08-19T14:54:53+02:00","inLanguage":"es-ES","mainEntityOfPage":{"@id":"https:\/\/www.eldigitaldeasturias.com\/noticias\/riesgo-de-incendios-hoy-sabado-en-la-comunidad-de-aragon\/#webpage"},"isPartOf":{"@id":"https:\/\/www.eldigitaldeasturias.com\/noticias\/riesgo-de-incendios-hoy-sabado-en-la-comunidad-de-aragon\/#webpage"},"articleSection":"Actualidad"},{"@type":"BreadcrumbList","@id":"https:\/\/www.eldigitaldeasturias.com\/noticias\/riesgo-de-incendios-hoy-sabado-en-la-comunidad-de-aragon\/#breadcrumblist","itemListElement":[{"@type":"ListItem","@id":"https:\/\/www.eldigitaldeasturias.com\/noticias#listItem","position":1,"name":"Home","item":"https:\/\/www.eldigitaldeasturias.com\/noticias","nextItem":{"@type":"ListItem","@id":"https:\/\/www.eldigitaldeasturias.com\/noticias\/category\/actualidad\/#listItem","name":"Actualidad"}},{"@type":"ListItem","@id":"https:\/\/www.eldigitaldeasturias.com\/noticias\/category\/actualidad\/#listItem","position":2,"name":"Actualidad","item":"https:\/\/www.eldigitaldeasturias.com\/noticias\/category\/actualidad\/","nextItem":{"@type":"ListItem","@id":"https:\/\/www.eldigitaldeasturias.com\/noticias\/riesgo-de-incendios-hoy-sabado-en-la-comunidad-de-aragon\/#listItem","name":"Riesgo de incendios hoy s\u00e1bado en la Comunidad de Arag\u00f3n"},"previousItem":{"@type":"ListItem","@id":"https:\/\/www.eldigitaldeasturias.com\/noticias#listItem","name":"Home"}},{"@type":"ListItem","@id":"https:\/\/www.eldigitaldeasturias.com\/noticias\/riesgo-de-incendios-hoy-sabado-en-la-comunidad-de-aragon\/#listItem","position":3,"name":"Riesgo de incendios hoy s\u00e1bado en la Comunidad de Arag\u00f3n","previousItem":{"@type":"ListItem","@id":"https:\/\/www.eldigitaldeasturias.com\/noticias\/category\/actualidad\/#listItem","name":"Actualidad"}}]},{"@type":"Organization","@id":"https:\/\/www.eldigitaldeasturias.com\/noticias\/#organization","name":"El Digital de Asturias","description":"Hemeroteca","url":"https:\/\/www.eldigitaldeasturias.com\/noticias\/","email":"info@eldigitaldeasturias.com","telephone":"+34652131393","logo":{"@type":"ImageObject","url":"https:\/\/www.eldigitaldeasturias.com\/noticias\/wp-content\/uploads\/2020\/12\/EDA.jpg","@id":"https:\/\/www.eldigitaldeasturias.com\/noticias\/riesgo-de-incendios-hoy-sabado-en-la-comunidad-de-aragon\/#organizationLogo"},"image":{"@id":"https:\/\/www.eldigitaldeasturias.com\/noticias\/riesgo-de-incendios-hoy-sabado-en-la-comunidad-de-aragon\/#organizationLogo"},"sameAs":["https:\/\/facebook.com\/eldigitaldeasturias","https:\/\/www.youtube.com\/channel\/UCZP-2wLEB9Rv6erhFmqVnvg"],"address":{"@id":"https:\/\/www.eldigitaldeasturias.com\/noticias\/#postaladdress","@type":"PostalAddress","streetAddress":"san antonio 4","postalCode":"33430","addressLocality":"Cand\u00e1s","addressRegion":"Asturias","addressCountry":"ES"}},{"@type":"Person","@id":"https:\/\/www.eldigitaldeasturias.com\/noticias\/author\/admin\/#author","url":"https:\/\/www.eldigitaldeasturias.com\/noticias\/author\/admin\/","name":"El Digital de Asturias","image":{"@type":"ImageObject","@id":"https:\/\/www.eldigitaldeasturias.com\/noticias\/riesgo-de-incendios-hoy-sabado-en-la-comunidad-de-aragon\/#authorImage","url":"https:\/\/secure.gravatar.com\/avatar\/df2aeffc32bcd13f8d26072ef8a91b623d677766deac7f97ca815868cd41bf5e?s=96&d=mm&r=g","width":96,"height":96,"caption":"El Digital de Asturias"}},{"@type":"WebPage","@id":"https:\/\/www.eldigitaldeasturias.com\/noticias\/riesgo-de-incendios-hoy-sabado-en-la-comunidad-de-aragon\/#webpage","url":"https:\/\/www.eldigitaldeasturias.com\/noticias\/riesgo-de-incendios-hoy-sabado-en-la-comunidad-de-aragon\/","name":"Riesgo de incendios hoy s\u00e1bado en la Comunidad de Arag\u00f3n - El Digital de Asturias","description":"En las zonas con prealerta roja + (Muela de Zuera y Somontano Occidental) son posibles incendios de copas con lanzamientos de focos secundarios. En las zonas con prealerta roja tambi\u00e9n son posibles incendios de copas, aunque con menor velocidad de propagaci\u00f3n. Los principales factores de propagaci\u00f3n ser\u00edan el viento y la convecci\u00f3n. Los mayor disponibilidad","inLanguage":"es-ES","isPartOf":{"@id":"https:\/\/www.eldigitaldeasturias.com\/noticias\/#website"},"breadcrumb":{"@id":"https:\/\/www.eldigitaldeasturias.com\/noticias\/riesgo-de-incendios-hoy-sabado-en-la-comunidad-de-aragon\/#breadcrumblist"},"author":{"@id":"https:\/\/www.eldigitaldeasturias.com\/noticias\/author\/admin\/#author"},"creator":{"@id":"https:\/\/www.eldigitaldeasturias.com\/noticias\/author\/admin\/#author"},"image":{"@type":"ImageObject","url":947449,"@id":"https:\/\/www.eldigitaldeasturias.com\/noticias\/riesgo-de-incendios-hoy-sabado-en-la-comunidad-de-aragon\/#mainImage"},"primaryImageOfPage":{"@id":"https:\/\/www.eldigitaldeasturias.com\/noticias\/riesgo-de-incendios-hoy-sabado-en-la-comunidad-de-aragon\/#mainImage"},"datePublished":"2017-08-19T14:54:53+02:00","dateModified":"2017-08-19T14:54:53+02:00"},{"@type":"WebSite","@id":"https:\/\/www.eldigitaldeasturias.com\/noticias\/#website","url":"https:\/\/www.eldigitaldeasturias.com\/noticias\/","name":"El Digital de Asturias - Diario de actualidad y noticias","alternateName":"El Digital de Asturias - Diario de actualidad y noticias","description":"Hemeroteca","inLanguage":"es-ES","publisher":{"@id":"https:\/\/www.eldigitaldeasturias.com\/noticias\/#organization"}}]},"og:locale":"es_ES","og:site_name":"El Digital de Asturias","og:type":"article","og:title":"Riesgo de incendios hoy s\u00e1bado en la Comunidad de Arag\u00f3n - El Digital de Asturias","og:description":"En las zonas con prealerta roja + (Muela de Zuera y Somontano Occidental) son posibles incendios de copas con lanzamientos de focos secundarios. En las zonas con prealerta roja tambi\u00e9n son posibles incendios de copas, aunque con menor velocidad de propagaci\u00f3n. Los principales factores de propagaci\u00f3n ser\u00edan el viento y la convecci\u00f3n. Los mayor disponibilidad","og:url":"https:\/\/www.eldigitaldeasturias.com\/noticias\/riesgo-de-incendios-hoy-sabado-en-la-comunidad-de-aragon\/","article:tag":["actualidad"],"article:published_time":"2017-08-19T14:54:53+00:00","article:modified_time":"2017-08-19T14:54:53+00:00","article:publisher":"https:\/\/facebook.com\/eldigitaldeasturias","twitter:card":"summary_large_image","twitter:title":"Riesgo de incendios hoy s\u00e1bado en la Comunidad de Arag\u00f3n - El Digital de Asturias","twitter:description":"En las zonas con prealerta roja + (Muela de Zuera y Somontano Occidental) son posibles incendios de copas con lanzamientos de focos secundarios. En las zonas con prealerta roja tambi\u00e9n son posibles incendios de copas, aunque con menor velocidad de propagaci\u00f3n. Los principales factores de propagaci\u00f3n ser\u00edan el viento y la convecci\u00f3n. Los mayor disponibilidad","twitter:image":"https:\/\/www.eldigitaldeasturias.com\/noticias\/wp-content\/uploads\/2020\/12\/EDA-1.jpg","twitter:label1":"Escrito por","twitter:data1":"El Digital de Asturias"},"aioseo_meta_data":{"post_id":"950253","title":null,"description":null,"keywords":null,"keyphrases":null,"primary_term":null,"canonical_url":null,"og_title":null,"og_description":null,"og_object_type":"default","og_image_type":"default","og_image_url":null,"og_image_width":null,"og_image_height":null,"og_image_custom_url":null,"og_image_custom_fields":null,"og_video":null,"og_custom_url":null,"og_article_section":null,"og_article_tags":null,"twitter_use_og":false,"twitter_card":"default","twitter_image_type":"default","twitter_image_url":null,"twitter_image_custom_url":null,"twitter_image_custom_fields":null,"twitter_title":null,"twitter_description":null,"schema":{"blockGraphs":[],"customGraphs":[],"default":{"data":{"Article":[],"Course":[],"Dataset":[],"FAQPage":[],"Movie":[],"Person":[],"Product":[],"ProductReview":[],"Car":[],"Recipe":[],"Service":[],"SoftwareApplication":[],"WebPage":[]},"graphName":"","isEnabled":true},"graphs":[],"defaultGraph":"","defaultPostTypeGraph":""},"schema_type":null,"schema_type_options":null,"pillar_content":false,"robots_default":true,"robots_noindex":false,"robots_noarchive":false,"robots_nosnippet":false,"robots_nofollow":false,"robots_noimageindex":false,"robots_noodp":false,"robots_notranslate":false,"robots_max_snippet":null,"robots_max_videopreview":null,"robots_max_imagepreview":"large","priority":null,"frequency":null,"local_seo":null,"seo_analyzer_scan_date":"2025-12-05 15:09:10","breadcrumb_settings":null,"limit_modified_date":false,"open_ai":null,"ai":null,"created":"2020-12-21 12:59:40","updated":"2025-12-05 15:09:10","focus_keyword":null,"additional_keywords":null,"truseo_locale":null},"aioseo_breadcrumb":"<div class=\"aioseo-breadcrumbs\"><span class=\"aioseo-breadcrumb\">\n\t<a href=\"https:\/\/www.eldigitaldeasturias.com\/noticias\" title=\"Home\">Home<\/a>\n<\/span><span class=\"aioseo-breadcrumb-separator\">\u2013<\/span><span class=\"aioseo-breadcrumb\">\n\t<a href=\"https:\/\/www.eldigitaldeasturias.com\/noticias\/category\/actualidad\/\" title=\"Actualidad\">Actualidad<\/a>\n<\/span><span class=\"aioseo-breadcrumb-separator\">\u2013<\/span><span class=\"aioseo-breadcrumb\">\n\t<a href=\"https:\/\/www.eldigitaldeasturias.com\/noticias\/riesgo-de-incendios-hoy-sabado-en-la-comunidad-de-aragon\/\" title=\"Riesgo de incendios hoy s\u00e1bado en la Comunidad de Arag\u00f3n\">Riesgo de incendios hoy s\u00e1bado en la Comunidad de Arag\u00f3n<\/a>\n<\/span><\/div>","aioseo_breadcrumb_json":[{"label":"Home","link":"https:\/\/www.eldigitaldeasturias.com\/noticias"},{"label":"Actualidad","link":"https:\/\/www.eldigitaldeasturias.com\/noticias\/category\/actualidad\/"},{"label":"Riesgo de incendios hoy s\u00e1bado en la Comunidad de Arag\u00f3n","link":"https:\/\/www.eldigitaldeasturias.com\/noticias\/riesgo-de-incendios-hoy-sabado-en-la-comunidad-de-aragon\/"}],"_links":{"self":[{"href":"https:\/\/www.eldigitaldeasturias.com\/noticias\/wp-json\/wp\/v2\/posts\/950253","targetHints":{"allow":["GET"]}}],"collection":[{"href":"https:\/\/www.eldigitaldeasturias.com\/noticias\/wp-json\/wp\/v2\/posts"}],"about":[{"href":"https:\/\/www.eldigitaldeasturias.com\/noticias\/wp-json\/wp\/v2\/types\/post"}],"author":[{"embeddable":true,"href":"https:\/\/www.eldigitaldeasturias.com\/noticias\/wp-json\/wp\/v2\/users\/1"}],"replies":[{"embeddable":true,"href":"https:\/\/www.eldigitaldeasturias.com\/noticias\/wp-json\/wp\/v2\/comments?post=950253"}],"version-history":[{"count":0,"href":"https:\/\/www.eldigitaldeasturias.com\/noticias\/wp-json\/wp\/v2\/posts\/950253\/revisions"}],"wp:attachment":[{"href":"https:\/\/www.eldigitaldeasturias.com\/noticias\/wp-json\/wp\/v2\/media?parent=950253"}],"wp:term":[{"taxonomy":"category","embeddable":true,"href":"https:\/\/www.eldigitaldeasturias.com\/noticias\/wp-json\/wp\/v2\/categories?post=950253"},{"taxonomy":"post_tag","embeddable":true,"href":"https:\/\/www.eldigitaldeasturias.com\/noticias\/wp-json\/wp\/v2\/tags?post=950253"}],"curies":[{"name":"wp","href":"https:\/\/api.w.org\/{rel}","templated":true}]}}