{"id":950235,"date":"2017-08-18T22:45:01","date_gmt":"2017-08-18T22:45:01","guid":{"rendered":"http:\/\/www.eldigitaldeasturias.com\/noticias\/?p=950235"},"modified":"2017-08-18T22:45:01","modified_gmt":"2017-08-18T22:45:01","slug":"el-gobierno-de-aragon-muestra-su-rechazo-radical-al-fanatismo","status":"publish","type":"post","link":"https:\/\/www.eldigitaldeasturias.com\/noticias\/el-gobierno-de-aragon-muestra-su-rechazo-radical-al-fanatismo\/","title":{"rendered":"El Gobierno de Arag\u00f3n muestra su rechazo radical al fanatismo"},"content":{"rendered":"<p><img loading=\"lazy\" decoding=\"async\" class=\"alignleft size-medium wp-image-950236\" src=\"https:\/\/www.eldigitaldeasturias.com\/noticias\/wp-content\/uploads\/2017\/08\/DSC2458_634cefce-360x159.jpg\" alt=\"\" width=\"360\" height=\"159\" \/>\u201cDesde el dolor y la profunda consternaci\u00f3n tras los salvajes ataques terroristas perpetrados en las ciudades de Barcelona y Cambrils, el pueblo de Arag\u00f3n, a trav\u00e9s de su Gobierno, quiere expresar su testimonio de condolencia a los familiares y amigos de las personas fallecidas y expresar sus mejores deseos de una pronta recuperaci\u00f3n de los heridos\u201d. Con estas palabras de solidaridad y apoyo al pueblo catal\u00e1n ha iniciado la lectura del manifiesto el presidente del Gobierno de Arag\u00f3n, Javier Lamb\u00e1n, en la concentraci\u00f3n realizada en los jardines del Pignatelli de Zaragoza, por los tr\u00e1gicos sucesos de esta noche en Cambrils y de ayer en Barcelona. Lamb\u00e1n ha estado acompa\u00f1ado por los consejeros de Hacienda y Ciudadan\u00eda, Fernando Gimeno y Mar\u00eda Victoria Broto, respectivamente, as\u00ed como por numerosos funcionarios de la DGA.<\/p>\n<p>Por su parte, Vicente Guill\u00e9n, consejero de Presidencia y Mayte P\u00e9rez, consejera de Educaci\u00f3n, han participado en la concentraci\u00f3n del Ayuntamiento de Teruel; la consejera de Econom\u00eda, Marta Gast\u00f3n, se ha sumado a la concentraci\u00f3n en el Ayuntamiento de Huesca; Pilar Alegr\u00eda, consejera de Ciencia y Tecnolog\u00eda, ha acudido al Ayuntamiento de Castell\u00f3n; Joaqu\u00edn Olona, consejero de Desarrollo Rural, se ha acercado al ayuntamiento de La Almolda; y Chano Celaya, consejero de Sanidad, ha estado en el ayuntamiento de Broto. La directora de Justicia, Mar\u00eda \u00c1ngeles J\u00falvez, ha acudido a la concentraci\u00f3n de la Delegaci\u00f3n del Gobierno de Arag\u00f3n en Zaragoza. Por otro lado, funcionarios de la Delegaci\u00f3n del Gobierno en Huesca y Teruel se han sumado a los minutos de silencio en sus respectivas instalaciones.<\/p>\n<p><strong>APOYO A CATALU\u00d1A<\/strong><\/p>\n<p>El presidente del Gobierno, Javier Lamb\u00e1n, ha querido mostrar el apoyo del pueblo aragon\u00e9s a Catalu\u00f1a y previamente se ha reunido con el presidente de la Casa Catalana en Zaragoza, Jordi Oriol i Andreu, para testimoniarle su solidaridad. Despu\u00e9s, durante la concentraci\u00f3n, ha ondeado tambi\u00e9n a media asta la bandera catalana junto al resto de emblemas.<\/p>\n<p>El presidente ha querido dejar claro el rechazo de nuestra comunidad al fanatismo: \u201cArag\u00f3n reniega firmemente de la intolerancia, del fanatismo y de cualquier tipo de violencia; y reitera su rechazo radical a la barbarie y la sinraz\u00f3n de quienes se apoyan en la cobarde amenaza del terrorismo\u201d.<\/p>\n<p>Lamb\u00e1n ha indicado que \u201cnuestro Gobierno quiere transmitir a la Generalitat su incondicional apoyo a cuantas acciones est\u00e1 llevando a cabo para gestionar esta cr\u00edtica situaci\u00f3n, mostrando su absoluta disposici\u00f3n para cualquier tipo de colaboraci\u00f3n o ayuda que pueda precisar. De igual modo, nuestro Gobierno expresa su firme respaldo a la acci\u00f3n de los Cuerpos y Fuerzas de Seguridad del Estado y a las actuaciones del Gobierno de Espa\u00f1a\u201d.<\/p>\n<p>Por \u00faltimo, ha hecho referencia a los lazos ineludibles \u201cde familia, de afecto, de vecindad y de amistad que nos unen con el pueblo catal\u00e1n\u201d y ha reiterado el compromiso \u201ccon la justicia, la libertad y los derechos humanos bajo el empe\u00f1o supremo de la paz y del respeto a los valores que hacen posible la convivencia de los ciudadanos, de las ideas y de los pueblos\u201d.<\/p>\n<p>Por otra parte, adem\u00e1s de la carta de apoyo y solidaridad remitida ayer por el presidente de Arag\u00f3n, Javier Lamb\u00e1n, a su hom\u00f3logo catal\u00e1n, Carles Puigdemont, el responsable del Ejecutivo aragon\u00e9s ha enviado una carta al presidente del Centro Aragon\u00e9s en Barcelona, Angel Bar\u00f3n.<\/p>\n<p><strong>SUSPENSI\u00d3N DE LA PROMOCI\u00d3N EN CAMBRILS<\/strong><\/p>\n<p>Por otro lado, el Gobierno de Arag\u00f3n ha suspendido hoy los actos de promoci\u00f3n del turismo de Arag\u00f3n que est\u00e1 desarrollando estos d\u00edas en la localidad catalana de Cambrils. Varios empleados del Departamento de Turismo estaban promocionando Arag\u00f3n en la costa catalana, en concreto, en Cambrils.<\/p>\n","protected":false},"excerpt":{"rendered":"<p>\u201cDesde el dolor y la profunda consternaci\u00f3n tras los salvajes ataques terroristas perpetrados en las ciudades de Barcelona y Cambrils, el pueblo de Arag\u00f3n, a trav\u00e9s de su Gobierno, quiere expresar su testimonio de condolencia a los familiares y amigos de las personas fallecidas y expresar sus mejores deseos de una pronta recuperaci\u00f3n de los [&hellip;]<\/p>\n","protected":false},"author":1,"featured_media":950236,"comment_status":"closed","ping_status":"closed","sticky":false,"template":"","format":"standard","meta":{"footnotes":""},"categories":[1],"tags":[],"class_list":["post-950235","post","type-post","status-publish","format-standard","has-post-thumbnail","hentry","category-actualidad"],"aioseo_notices":[],"aioseo_head":"\n\t\t<!-- All in One SEO Pro 5.0.1 - aioseo.com -->\n\t<meta name=\"description\" content=\"\u201cDesde el dolor y la profunda consternaci\u00f3n tras los salvajes ataques terroristas perpetrados en las ciudades de Barcelona y Cambrils, el pueblo de Arag\u00f3n, a trav\u00e9s de su Gobierno, quiere expresar su testimonio de condolencia a los familiares y amigos de las personas fallecidas y expresar sus mejores deseos de una pronta recuperaci\u00f3n de los\" \/>\n\t<meta name=\"robots\" content=\"max-image-preview:large\" \/>\n\t<meta name=\"author\" content=\"El Digital de Asturias\"\/>\n\t<meta name=\"google-site-verification\" content=\"UA-38556648-1\" \/>\n\t<meta name=\"msvalidate.01\" content=\"7dfe9f3f1b24437ab69f4f2559babe99\" \/>\n\t<meta name=\"keywords\" content=\"actualidad\" \/>\n\t<link rel=\"canonical\" href=\"https:\/\/www.eldigitaldeasturias.com\/noticias\/el-gobierno-de-aragon-muestra-su-rechazo-radical-al-fanatismo\/\" \/>\n\t<meta name=\"generator\" content=\"All in One SEO Pro (AIOSEO) 5.0.1\" \/>\n\t\t<meta property=\"og:locale\" content=\"es_ES\" \/>\n\t\t<meta property=\"og:site_name\" content=\"El Digital de Asturias\" \/>\n\t\t<meta property=\"og:type\" content=\"article\" \/>\n\t\t<meta property=\"og:title\" content=\"El Gobierno de Arag\u00f3n muestra su rechazo radical al fanatismo - El Digital de Asturias\" \/>\n\t\t<meta property=\"og:description\" content=\"\u201cDesde el dolor y la profunda consternaci\u00f3n tras los salvajes ataques terroristas perpetrados en las ciudades de Barcelona y Cambrils, el pueblo de Arag\u00f3n, a trav\u00e9s de su Gobierno, quiere expresar su testimonio de condolencia a los familiares y amigos de las personas fallecidas y expresar sus mejores deseos de una pronta recuperaci\u00f3n de los\" \/>\n\t\t<meta property=\"og:url\" content=\"https:\/\/www.eldigitaldeasturias.com\/noticias\/el-gobierno-de-aragon-muestra-su-rechazo-radical-al-fanatismo\/\" \/>\n\t\t<meta property=\"article:tag\" content=\"actualidad\" \/>\n\t\t<meta property=\"article:published_time\" content=\"2017-08-18T22:45:01+00:00\" \/>\n\t\t<meta property=\"article:modified_time\" content=\"2017-08-18T22:45:01+00:00\" \/>\n\t\t<meta property=\"article:publisher\" content=\"https:\/\/facebook.com\/eldigitaldeasturias\" \/>\n\t\t<meta name=\"twitter:card\" content=\"summary_large_image\" \/>\n\t\t<meta name=\"twitter:title\" content=\"El Gobierno de Arag\u00f3n muestra su rechazo radical al fanatismo - El Digital de Asturias\" \/>\n\t\t<meta name=\"twitter:description\" content=\"\u201cDesde el dolor y la profunda consternaci\u00f3n tras los salvajes ataques terroristas perpetrados en las ciudades de Barcelona y Cambrils, el pueblo de Arag\u00f3n, a trav\u00e9s de su Gobierno, quiere expresar su testimonio de condolencia a los familiares y amigos de las personas fallecidas y expresar sus mejores deseos de una pronta recuperaci\u00f3n de los\" \/>\n\t\t<meta name=\"twitter:image\" content=\"https:\/\/www.eldigitaldeasturias.com\/noticias\/wp-content\/uploads\/2020\/12\/EDA-1.jpg\" \/>\n\t\t<meta name=\"twitter:label1\" content=\"Escrito por\" \/>\n\t\t<meta name=\"twitter:data1\" content=\"El Digital de Asturias\" \/>\n\t\t<meta name=\"twitter:label2\" content=\"Tiempo de lectura estimado\" \/>\n\t\t<meta name=\"twitter:data2\" content=\"3 minutos\" \/>\n\t\t<script type=\"application\/ld+json\" class=\"aioseo-schema\">\n\t\t\t{\"@context\":\"https:\\\/\\\/schema.org\",\"@graph\":[{\"@type\":\"BlogPosting\",\"@id\":\"https:\\\/\\\/www.eldigitaldeasturias.com\\\/noticias\\\/el-gobierno-de-aragon-muestra-su-rechazo-radical-al-fanatismo\\\/#blogposting\",\"name\":\"El Gobierno de Arag\\u00f3n muestra su rechazo radical al fanatismo - El Digital de Asturias\",\"headline\":\"El Gobierno de Arag\\u00f3n muestra su rechazo radical al fanatismo\",\"author\":{\"@id\":\"https:\\\/\\\/www.eldigitaldeasturias.com\\\/noticias\\\/author\\\/admin\\\/#author\"},\"publisher\":{\"@id\":\"https:\\\/\\\/www.eldigitaldeasturias.com\\\/noticias\\\/#organization\"},\"image\":{\"@type\":\"ImageObject\",\"url\":950236},\"datePublished\":\"2017-08-18T22:45:01+02:00\",\"dateModified\":\"2017-08-18T22:45:01+02:00\",\"inLanguage\":\"es-ES\",\"mainEntityOfPage\":{\"@id\":\"https:\\\/\\\/www.eldigitaldeasturias.com\\\/noticias\\\/el-gobierno-de-aragon-muestra-su-rechazo-radical-al-fanatismo\\\/#webpage\"},\"isPartOf\":{\"@id\":\"https:\\\/\\\/www.eldigitaldeasturias.com\\\/noticias\\\/el-gobierno-de-aragon-muestra-su-rechazo-radical-al-fanatismo\\\/#webpage\"},\"articleSection\":\"Actualidad\"},{\"@type\":\"BreadcrumbList\",\"@id\":\"https:\\\/\\\/www.eldigitaldeasturias.com\\\/noticias\\\/el-gobierno-de-aragon-muestra-su-rechazo-radical-al-fanatismo\\\/#breadcrumblist\",\"itemListElement\":[{\"@type\":\"ListItem\",\"@id\":\"https:\\\/\\\/www.eldigitaldeasturias.com\\\/noticias#listItem\",\"position\":1,\"name\":\"Home\",\"item\":\"https:\\\/\\\/www.eldigitaldeasturias.com\\\/noticias\",\"nextItem\":{\"@type\":\"ListItem\",\"@id\":\"https:\\\/\\\/www.eldigitaldeasturias.com\\\/noticias\\\/category\\\/actualidad\\\/#listItem\",\"name\":\"Actualidad\"}},{\"@type\":\"ListItem\",\"@id\":\"https:\\\/\\\/www.eldigitaldeasturias.com\\\/noticias\\\/category\\\/actualidad\\\/#listItem\",\"position\":2,\"name\":\"Actualidad\",\"item\":\"https:\\\/\\\/www.eldigitaldeasturias.com\\\/noticias\\\/category\\\/actualidad\\\/\",\"nextItem\":{\"@type\":\"ListItem\",\"@id\":\"https:\\\/\\\/www.eldigitaldeasturias.com\\\/noticias\\\/el-gobierno-de-aragon-muestra-su-rechazo-radical-al-fanatismo\\\/#listItem\",\"name\":\"El Gobierno de Arag\\u00f3n muestra su rechazo radical al fanatismo\"},\"previousItem\":{\"@type\":\"ListItem\",\"@id\":\"https:\\\/\\\/www.eldigitaldeasturias.com\\\/noticias#listItem\",\"name\":\"Home\"}},{\"@type\":\"ListItem\",\"@id\":\"https:\\\/\\\/www.eldigitaldeasturias.com\\\/noticias\\\/el-gobierno-de-aragon-muestra-su-rechazo-radical-al-fanatismo\\\/#listItem\",\"position\":3,\"name\":\"El Gobierno de Arag\\u00f3n muestra su rechazo radical al fanatismo\",\"previousItem\":{\"@type\":\"ListItem\",\"@id\":\"https:\\\/\\\/www.eldigitaldeasturias.com\\\/noticias\\\/category\\\/actualidad\\\/#listItem\",\"name\":\"Actualidad\"}}]},{\"@type\":\"Organization\",\"@id\":\"https:\\\/\\\/www.eldigitaldeasturias.com\\\/noticias\\\/#organization\",\"name\":\"El Digital de Asturias\",\"description\":\"Hemeroteca\",\"url\":\"https:\\\/\\\/www.eldigitaldeasturias.com\\\/noticias\\\/\",\"email\":\"info@eldigitaldeasturias.com\",\"telephone\":\"+34652131393\",\"logo\":{\"@type\":\"ImageObject\",\"url\":\"https:\\\/\\\/www.eldigitaldeasturias.com\\\/noticias\\\/wp-content\\\/uploads\\\/2020\\\/12\\\/EDA.jpg\",\"@id\":\"https:\\\/\\\/www.eldigitaldeasturias.com\\\/noticias\\\/el-gobierno-de-aragon-muestra-su-rechazo-radical-al-fanatismo\\\/#organizationLogo\"},\"image\":{\"@id\":\"https:\\\/\\\/www.eldigitaldeasturias.com\\\/noticias\\\/el-gobierno-de-aragon-muestra-su-rechazo-radical-al-fanatismo\\\/#organizationLogo\"},\"sameAs\":[\"https:\\\/\\\/facebook.com\\\/eldigitaldeasturias\",\"https:\\\/\\\/www.youtube.com\\\/channel\\\/UCZP-2wLEB9Rv6erhFmqVnvg\"],\"address\":{\"@id\":\"https:\\\/\\\/www.eldigitaldeasturias.com\\\/noticias\\\/#postaladdress\",\"@type\":\"PostalAddress\",\"streetAddress\":\"san antonio 4\",\"postalCode\":\"33430\",\"addressLocality\":\"Cand\\u00e1s\",\"addressRegion\":\"Asturias\",\"addressCountry\":\"ES\"}},{\"@type\":\"Person\",\"@id\":\"https:\\\/\\\/www.eldigitaldeasturias.com\\\/noticias\\\/author\\\/admin\\\/#author\",\"url\":\"https:\\\/\\\/www.eldigitaldeasturias.com\\\/noticias\\\/author\\\/admin\\\/\",\"name\":\"El Digital de Asturias\",\"image\":{\"@type\":\"ImageObject\",\"@id\":\"https:\\\/\\\/www.eldigitaldeasturias.com\\\/noticias\\\/el-gobierno-de-aragon-muestra-su-rechazo-radical-al-fanatismo\\\/#authorImage\",\"url\":\"https:\\\/\\\/secure.gravatar.com\\\/avatar\\\/df2aeffc32bcd13f8d26072ef8a91b623d677766deac7f97ca815868cd41bf5e?s=96&d=mm&r=g\",\"width\":96,\"height\":96,\"caption\":\"El Digital de Asturias\"}},{\"@type\":\"WebPage\",\"@id\":\"https:\\\/\\\/www.eldigitaldeasturias.com\\\/noticias\\\/el-gobierno-de-aragon-muestra-su-rechazo-radical-al-fanatismo\\\/#webpage\",\"url\":\"https:\\\/\\\/www.eldigitaldeasturias.com\\\/noticias\\\/el-gobierno-de-aragon-muestra-su-rechazo-radical-al-fanatismo\\\/\",\"name\":\"El Gobierno de Arag\\u00f3n muestra su rechazo radical al fanatismo - El Digital de Asturias\",\"description\":\"\\u201cDesde el dolor y la profunda consternaci\\u00f3n tras los salvajes ataques terroristas perpetrados en las ciudades de Barcelona y Cambrils, el pueblo de Arag\\u00f3n, a trav\\u00e9s de su Gobierno, quiere expresar su testimonio de condolencia a los familiares y amigos de las personas fallecidas y expresar sus mejores deseos de una pronta recuperaci\\u00f3n de los\",\"inLanguage\":\"es-ES\",\"isPartOf\":{\"@id\":\"https:\\\/\\\/www.eldigitaldeasturias.com\\\/noticias\\\/#website\"},\"breadcrumb\":{\"@id\":\"https:\\\/\\\/www.eldigitaldeasturias.com\\\/noticias\\\/el-gobierno-de-aragon-muestra-su-rechazo-radical-al-fanatismo\\\/#breadcrumblist\"},\"author\":{\"@id\":\"https:\\\/\\\/www.eldigitaldeasturias.com\\\/noticias\\\/author\\\/admin\\\/#author\"},\"creator\":{\"@id\":\"https:\\\/\\\/www.eldigitaldeasturias.com\\\/noticias\\\/author\\\/admin\\\/#author\"},\"image\":{\"@type\":\"ImageObject\",\"url\":950236,\"@id\":\"https:\\\/\\\/www.eldigitaldeasturias.com\\\/noticias\\\/el-gobierno-de-aragon-muestra-su-rechazo-radical-al-fanatismo\\\/#mainImage\"},\"primaryImageOfPage\":{\"@id\":\"https:\\\/\\\/www.eldigitaldeasturias.com\\\/noticias\\\/el-gobierno-de-aragon-muestra-su-rechazo-radical-al-fanatismo\\\/#mainImage\"},\"datePublished\":\"2017-08-18T22:45:01+02:00\",\"dateModified\":\"2017-08-18T22:45:01+02:00\"},{\"@type\":\"WebSite\",\"@id\":\"https:\\\/\\\/www.eldigitaldeasturias.com\\\/noticias\\\/#website\",\"url\":\"https:\\\/\\\/www.eldigitaldeasturias.com\\\/noticias\\\/\",\"name\":\"El Digital de Asturias - Diario de actualidad y noticias\",\"alternateName\":\"El Digital de Asturias - Diario de actualidad y noticias\",\"description\":\"Hemeroteca\",\"inLanguage\":\"es-ES\",\"publisher\":{\"@id\":\"https:\\\/\\\/www.eldigitaldeasturias.com\\\/noticias\\\/#organization\"}}]}\n\t\t<\/script>\n\t\t<!-- All in One SEO Pro -->\r\n\t\t<title>El Gobierno de Arag\u00f3n muestra su rechazo radical al fanatismo - El Digital de Asturias<\/title>\n\n","aioseo_head_json":{"title":"El Gobierno de Arag\u00f3n muestra su rechazo radical al fanatismo - El Digital de Asturias","description":"\u201cDesde el dolor y la profunda consternaci\u00f3n tras los salvajes ataques terroristas perpetrados en las ciudades de Barcelona y Cambrils, el pueblo de Arag\u00f3n, a trav\u00e9s de su Gobierno, quiere expresar su testimonio de condolencia a los familiares y amigos de las personas fallecidas y expresar sus mejores deseos de una pronta recuperaci\u00f3n de los","canonical_url":"https:\/\/www.eldigitaldeasturias.com\/noticias\/el-gobierno-de-aragon-muestra-su-rechazo-radical-al-fanatismo\/","robots":"max-image-preview:large","keywords":"actualidad","webmasterTools":{"google-site-verification":"UA-38556648-1","msvalidate.01":"7dfe9f3f1b24437ab69f4f2559babe99","miscellaneous":""},"schema":{"@context":"https:\/\/schema.org","@graph":[{"@type":"BlogPosting","@id":"https:\/\/www.eldigitaldeasturias.com\/noticias\/el-gobierno-de-aragon-muestra-su-rechazo-radical-al-fanatismo\/#blogposting","name":"El Gobierno de Arag\u00f3n muestra su rechazo radical al fanatismo - El Digital de Asturias","headline":"El Gobierno de Arag\u00f3n muestra su rechazo radical al fanatismo","author":{"@id":"https:\/\/www.eldigitaldeasturias.com\/noticias\/author\/admin\/#author"},"publisher":{"@id":"https:\/\/www.eldigitaldeasturias.com\/noticias\/#organization"},"image":{"@type":"ImageObject","url":950236},"datePublished":"2017-08-18T22:45:01+02:00","dateModified":"2017-08-18T22:45:01+02:00","inLanguage":"es-ES","mainEntityOfPage":{"@id":"https:\/\/www.eldigitaldeasturias.com\/noticias\/el-gobierno-de-aragon-muestra-su-rechazo-radical-al-fanatismo\/#webpage"},"isPartOf":{"@id":"https:\/\/www.eldigitaldeasturias.com\/noticias\/el-gobierno-de-aragon-muestra-su-rechazo-radical-al-fanatismo\/#webpage"},"articleSection":"Actualidad"},{"@type":"BreadcrumbList","@id":"https:\/\/www.eldigitaldeasturias.com\/noticias\/el-gobierno-de-aragon-muestra-su-rechazo-radical-al-fanatismo\/#breadcrumblist","itemListElement":[{"@type":"ListItem","@id":"https:\/\/www.eldigitaldeasturias.com\/noticias#listItem","position":1,"name":"Home","item":"https:\/\/www.eldigitaldeasturias.com\/noticias","nextItem":{"@type":"ListItem","@id":"https:\/\/www.eldigitaldeasturias.com\/noticias\/category\/actualidad\/#listItem","name":"Actualidad"}},{"@type":"ListItem","@id":"https:\/\/www.eldigitaldeasturias.com\/noticias\/category\/actualidad\/#listItem","position":2,"name":"Actualidad","item":"https:\/\/www.eldigitaldeasturias.com\/noticias\/category\/actualidad\/","nextItem":{"@type":"ListItem","@id":"https:\/\/www.eldigitaldeasturias.com\/noticias\/el-gobierno-de-aragon-muestra-su-rechazo-radical-al-fanatismo\/#listItem","name":"El Gobierno de Arag\u00f3n muestra su rechazo radical al fanatismo"},"previousItem":{"@type":"ListItem","@id":"https:\/\/www.eldigitaldeasturias.com\/noticias#listItem","name":"Home"}},{"@type":"ListItem","@id":"https:\/\/www.eldigitaldeasturias.com\/noticias\/el-gobierno-de-aragon-muestra-su-rechazo-radical-al-fanatismo\/#listItem","position":3,"name":"El Gobierno de Arag\u00f3n muestra su rechazo radical al fanatismo","previousItem":{"@type":"ListItem","@id":"https:\/\/www.eldigitaldeasturias.com\/noticias\/category\/actualidad\/#listItem","name":"Actualidad"}}]},{"@type":"Organization","@id":"https:\/\/www.eldigitaldeasturias.com\/noticias\/#organization","name":"El Digital de Asturias","description":"Hemeroteca","url":"https:\/\/www.eldigitaldeasturias.com\/noticias\/","email":"info@eldigitaldeasturias.com","telephone":"+34652131393","logo":{"@type":"ImageObject","url":"https:\/\/www.eldigitaldeasturias.com\/noticias\/wp-content\/uploads\/2020\/12\/EDA.jpg","@id":"https:\/\/www.eldigitaldeasturias.com\/noticias\/el-gobierno-de-aragon-muestra-su-rechazo-radical-al-fanatismo\/#organizationLogo"},"image":{"@id":"https:\/\/www.eldigitaldeasturias.com\/noticias\/el-gobierno-de-aragon-muestra-su-rechazo-radical-al-fanatismo\/#organizationLogo"},"sameAs":["https:\/\/facebook.com\/eldigitaldeasturias","https:\/\/www.youtube.com\/channel\/UCZP-2wLEB9Rv6erhFmqVnvg"],"address":{"@id":"https:\/\/www.eldigitaldeasturias.com\/noticias\/#postaladdress","@type":"PostalAddress","streetAddress":"san antonio 4","postalCode":"33430","addressLocality":"Cand\u00e1s","addressRegion":"Asturias","addressCountry":"ES"}},{"@type":"Person","@id":"https:\/\/www.eldigitaldeasturias.com\/noticias\/author\/admin\/#author","url":"https:\/\/www.eldigitaldeasturias.com\/noticias\/author\/admin\/","name":"El Digital de Asturias","image":{"@type":"ImageObject","@id":"https:\/\/www.eldigitaldeasturias.com\/noticias\/el-gobierno-de-aragon-muestra-su-rechazo-radical-al-fanatismo\/#authorImage","url":"https:\/\/secure.gravatar.com\/avatar\/df2aeffc32bcd13f8d26072ef8a91b623d677766deac7f97ca815868cd41bf5e?s=96&d=mm&r=g","width":96,"height":96,"caption":"El Digital de Asturias"}},{"@type":"WebPage","@id":"https:\/\/www.eldigitaldeasturias.com\/noticias\/el-gobierno-de-aragon-muestra-su-rechazo-radical-al-fanatismo\/#webpage","url":"https:\/\/www.eldigitaldeasturias.com\/noticias\/el-gobierno-de-aragon-muestra-su-rechazo-radical-al-fanatismo\/","name":"El Gobierno de Arag\u00f3n muestra su rechazo radical al fanatismo - El Digital de Asturias","description":"\u201cDesde el dolor y la profunda consternaci\u00f3n tras los salvajes ataques terroristas perpetrados en las ciudades de Barcelona y Cambrils, el pueblo de Arag\u00f3n, a trav\u00e9s de su Gobierno, quiere expresar su testimonio de condolencia a los familiares y amigos de las personas fallecidas y expresar sus mejores deseos de una pronta recuperaci\u00f3n de los","inLanguage":"es-ES","isPartOf":{"@id":"https:\/\/www.eldigitaldeasturias.com\/noticias\/#website"},"breadcrumb":{"@id":"https:\/\/www.eldigitaldeasturias.com\/noticias\/el-gobierno-de-aragon-muestra-su-rechazo-radical-al-fanatismo\/#breadcrumblist"},"author":{"@id":"https:\/\/www.eldigitaldeasturias.com\/noticias\/author\/admin\/#author"},"creator":{"@id":"https:\/\/www.eldigitaldeasturias.com\/noticias\/author\/admin\/#author"},"image":{"@type":"ImageObject","url":950236,"@id":"https:\/\/www.eldigitaldeasturias.com\/noticias\/el-gobierno-de-aragon-muestra-su-rechazo-radical-al-fanatismo\/#mainImage"},"primaryImageOfPage":{"@id":"https:\/\/www.eldigitaldeasturias.com\/noticias\/el-gobierno-de-aragon-muestra-su-rechazo-radical-al-fanatismo\/#mainImage"},"datePublished":"2017-08-18T22:45:01+02:00","dateModified":"2017-08-18T22:45:01+02:00"},{"@type":"WebSite","@id":"https:\/\/www.eldigitaldeasturias.com\/noticias\/#website","url":"https:\/\/www.eldigitaldeasturias.com\/noticias\/","name":"El Digital de Asturias - Diario de actualidad y noticias","alternateName":"El Digital de Asturias - Diario de actualidad y noticias","description":"Hemeroteca","inLanguage":"es-ES","publisher":{"@id":"https:\/\/www.eldigitaldeasturias.com\/noticias\/#organization"}}]},"og:locale":"es_ES","og:site_name":"El Digital de Asturias","og:type":"article","og:title":"El Gobierno de Arag\u00f3n muestra su rechazo radical al fanatismo - El Digital de Asturias","og:description":"\u201cDesde el dolor y la profunda consternaci\u00f3n tras los salvajes ataques terroristas perpetrados en las ciudades de Barcelona y Cambrils, el pueblo de Arag\u00f3n, a trav\u00e9s de su Gobierno, quiere expresar su testimonio de condolencia a los familiares y amigos de las personas fallecidas y expresar sus mejores deseos de una pronta recuperaci\u00f3n de los","og:url":"https:\/\/www.eldigitaldeasturias.com\/noticias\/el-gobierno-de-aragon-muestra-su-rechazo-radical-al-fanatismo\/","article:tag":["actualidad"],"article:published_time":"2017-08-18T22:45:01+00:00","article:modified_time":"2017-08-18T22:45:01+00:00","article:publisher":"https:\/\/facebook.com\/eldigitaldeasturias","twitter:card":"summary_large_image","twitter:title":"El Gobierno de Arag\u00f3n muestra su rechazo radical al fanatismo - El Digital de Asturias","twitter:description":"\u201cDesde el dolor y la profunda consternaci\u00f3n tras los salvajes ataques terroristas perpetrados en las ciudades de Barcelona y Cambrils, el pueblo de Arag\u00f3n, a trav\u00e9s de su Gobierno, quiere expresar su testimonio de condolencia a los familiares y amigos de las personas fallecidas y expresar sus mejores deseos de una pronta recuperaci\u00f3n de los","twitter:image":"https:\/\/www.eldigitaldeasturias.com\/noticias\/wp-content\/uploads\/2020\/12\/EDA-1.jpg","twitter:label1":"Escrito por","twitter:data1":"El Digital de Asturias","twitter:label2":"Tiempo de lectura estimado","twitter:data2":"3 minutos"},"aioseo_meta_data":{"post_id":"950235","title":null,"description":null,"keywords":null,"keyphrases":null,"primary_term":null,"canonical_url":null,"og_title":null,"og_description":null,"og_object_type":"default","og_image_type":"default","og_image_url":null,"og_image_width":null,"og_image_height":null,"og_image_custom_url":null,"og_image_custom_fields":null,"og_video":null,"og_custom_url":null,"og_article_section":null,"og_article_tags":null,"twitter_use_og":false,"twitter_card":"default","twitter_image_type":"default","twitter_image_url":null,"twitter_image_custom_url":null,"twitter_image_custom_fields":null,"twitter_title":null,"twitter_description":null,"schema":{"blockGraphs":[],"customGraphs":[],"default":{"data":{"Article":[],"Course":[],"Dataset":[],"FAQPage":[],"Movie":[],"Person":[],"Product":[],"ProductReview":[],"Car":[],"Recipe":[],"Service":[],"SoftwareApplication":[],"WebPage":[]},"graphName":"","isEnabled":true},"graphs":[],"defaultGraph":"","defaultPostTypeGraph":""},"schema_type":null,"schema_type_options":null,"pillar_content":false,"robots_default":true,"robots_noindex":false,"robots_noarchive":false,"robots_nosnippet":false,"robots_nofollow":false,"robots_noimageindex":false,"robots_noodp":false,"robots_notranslate":false,"robots_max_snippet":null,"robots_max_videopreview":null,"robots_max_imagepreview":"large","priority":null,"frequency":null,"local_seo":null,"seo_analyzer_scan_date":"2025-12-05 15:05:12","breadcrumb_settings":null,"limit_modified_date":false,"open_ai":null,"ai":null,"created":"2020-12-21 12:59:41","updated":"2025-12-05 15:05:12","focus_keyword":null,"additional_keywords":null,"truseo_locale":null},"aioseo_breadcrumb":"<div class=\"aioseo-breadcrumbs\"><span class=\"aioseo-breadcrumb\">\n\t<a href=\"https:\/\/www.eldigitaldeasturias.com\/noticias\" title=\"Home\">Home<\/a>\n<\/span><span class=\"aioseo-breadcrumb-separator\">\u2013<\/span><span class=\"aioseo-breadcrumb\">\n\t<a href=\"https:\/\/www.eldigitaldeasturias.com\/noticias\/category\/actualidad\/\" title=\"Actualidad\">Actualidad<\/a>\n<\/span><span class=\"aioseo-breadcrumb-separator\">\u2013<\/span><span class=\"aioseo-breadcrumb\">\n\t<a href=\"https:\/\/www.eldigitaldeasturias.com\/noticias\/el-gobierno-de-aragon-muestra-su-rechazo-radical-al-fanatismo\/\" title=\"El Gobierno de Arag\u00f3n muestra su rechazo radical al fanatismo\">El Gobierno de Arag\u00f3n muestra su rechazo radical al fanatismo<\/a>\n<\/span><\/div>","aioseo_breadcrumb_json":[{"label":"Home","link":"https:\/\/www.eldigitaldeasturias.com\/noticias"},{"label":"Actualidad","link":"https:\/\/www.eldigitaldeasturias.com\/noticias\/category\/actualidad\/"},{"label":"El Gobierno de Arag\u00f3n muestra su rechazo radical al fanatismo","link":"https:\/\/www.eldigitaldeasturias.com\/noticias\/el-gobierno-de-aragon-muestra-su-rechazo-radical-al-fanatismo\/"}],"_links":{"self":[{"href":"https:\/\/www.eldigitaldeasturias.com\/noticias\/wp-json\/wp\/v2\/posts\/950235","targetHints":{"allow":["GET"]}}],"collection":[{"href":"https:\/\/www.eldigitaldeasturias.com\/noticias\/wp-json\/wp\/v2\/posts"}],"about":[{"href":"https:\/\/www.eldigitaldeasturias.com\/noticias\/wp-json\/wp\/v2\/types\/post"}],"author":[{"embeddable":true,"href":"https:\/\/www.eldigitaldeasturias.com\/noticias\/wp-json\/wp\/v2\/users\/1"}],"replies":[{"embeddable":true,"href":"https:\/\/www.eldigitaldeasturias.com\/noticias\/wp-json\/wp\/v2\/comments?post=950235"}],"version-history":[{"count":0,"href":"https:\/\/www.eldigitaldeasturias.com\/noticias\/wp-json\/wp\/v2\/posts\/950235\/revisions"}],"wp:attachment":[{"href":"https:\/\/www.eldigitaldeasturias.com\/noticias\/wp-json\/wp\/v2\/media?parent=950235"}],"wp:term":[{"taxonomy":"category","embeddable":true,"href":"https:\/\/www.eldigitaldeasturias.com\/noticias\/wp-json\/wp\/v2\/categories?post=950235"},{"taxonomy":"post_tag","embeddable":true,"href":"https:\/\/www.eldigitaldeasturias.com\/noticias\/wp-json\/wp\/v2\/tags?post=950235"}],"curies":[{"name":"wp","href":"https:\/\/api.w.org\/{rel}","templated":true}]}}