{"id":950186,"date":"2017-08-18T13:46:35","date_gmt":"2017-08-18T13:46:35","guid":{"rendered":"http:\/\/www.eldigitaldeasturias.com\/noticias\/?p=950186"},"modified":"2017-08-18T13:46:35","modified_gmt":"2017-08-18T13:46:35","slug":"aragon-convoca-subvenciones-para-el-sector-del-libro","status":"publish","type":"post","link":"https:\/\/www.eldigitaldeasturias.com\/noticias\/aragon-convoca-subvenciones-para-el-sector-del-libro\/","title":{"rendered":"Arag\u00f3n convoca subvenciones para el sector del libro"},"content":{"rendered":"<p><img loading=\"lazy\" decoding=\"async\" class=\"alignleft size-medium wp-image-950187\" src=\"https:\/\/www.eldigitaldeasturias.com\/noticias\/wp-content\/uploads\/2017\/08\/MG_3016_Foto_Luis_Correas_GA-360x159.jpg\" alt=\"\" width=\"360\" height=\"159\" \/>El Departamento de Educaci\u00f3n, Cultura y Deporte ha publicado hoy en el Bolet\u00edn Oficial de Arag\u00f3n (BOA) las ayudas para proyectos editoriales, con una cuant\u00eda de 175.000 euros, y las que se conceden para el fomento de actividades culturales organizadas por las librer\u00edas de Arag\u00f3n, cuyo importe ser\u00e1 de 24.000 euros. De esta manera, se multiplican por cuatro las subvenciones que se otorgaron el pasado ejercicio (por siete en el caso de las primeras).<\/p>\n<p>El Gobierno de Arag\u00f3n refuerza as\u00ed su impulso al sector del libro en la Comunidad y, en general, a todo el tejido cultural. Con la publicaci\u00f3n de las ayudas a librer\u00edas y editoriales, ya est\u00e1n en marcha este a\u00f1o todas las que se conceden en Arag\u00f3n a la industria cultural, que suponen en total un incremento del presupuesto de ayudas directas e indirectas de casi 5 millones de euros. Estas subvenciones han sido consensuadas con las asociaciones profesionales y el Consejo de la Cultura y son las mayores que ha concedido el Gobierno de Arag\u00f3n para estos sectores.<\/p>\n<p>Seg\u00fan ha declarado el director general de Cultura y Patrimonio, Nacho Escu\u00edn, la presente convocatoria permitir\u00e1 a los creadores e industrias creativas de la Comunidad sacar adelante nuevos proyectos y traspasar las barreras aragonesas con sus trabajos. En concreto, las subvenciones publicadas hoy se otorgan a proyectos editoriales, fonogr\u00e1ficos y videogr\u00e1ficos, que sean primera edici\u00f3n o t\u00edtulos que se publicaron por primera vez ya hace m\u00e1s de cinco a\u00f1os. Para estas actividades hay disponibles este a\u00f1o 175.000 euros. Adem\u00e1s, se otorgan 24.000 euros para programas de promoci\u00f3n de la lectura y de la difusi\u00f3n de libro y de los escritores mediante presentaciones, encuentros o acontecimientos similares.<\/p>\n<p>En ambos casos, los interesados en concurrir a esta convocatoria tienen un plazo de diez d\u00edas naturales desde hoy para hacer sus solicitudes.<\/p>\n<p>Adem\u00e1s de estas, en las pasadas semanas se han convocado el resto de ayudas para la industria cultural aragonesa: para las artes esc\u00e9nicas (960.000, que se han multiplicado casi por cuatro), galer\u00edas de arte (200.000), asociaciones culturales (156.0000), m\u00fasica (200.000) o las del cine que, con 560.000 euros (500.000 para mediometrajes o largometrajes y 60.750 para cortometrajes), tambi\u00e9n multiplican por cuatro el montante del a\u00f1o 2016.<\/p>\n<p>&nbsp;<\/p>\n","protected":false},"excerpt":{"rendered":"<p>El Departamento de Educaci\u00f3n, Cultura y Deporte ha publicado hoy en el Bolet\u00edn Oficial de Arag\u00f3n (BOA) las ayudas para proyectos editoriales, con una cuant\u00eda de 175.000 euros, y las que se conceden para el fomento de actividades culturales organizadas por las librer\u00edas de Arag\u00f3n, cuyo importe ser\u00e1 de 24.000 euros. De esta manera, se [&hellip;]<\/p>\n","protected":false},"author":1,"featured_media":950187,"comment_status":"closed","ping_status":"closed","sticky":false,"template":"","format":"standard","meta":{"footnotes":""},"categories":[1],"tags":[],"class_list":["post-950186","post","type-post","status-publish","format-standard","has-post-thumbnail","hentry","category-actualidad"],"aioseo_notices":[],"aioseo_head":"\n\t\t<!-- All in One SEO Pro 5.0.1 - aioseo.com -->\n\t<meta name=\"description\" content=\"El Departamento de Educaci\u00f3n, Cultura y Deporte ha publicado hoy en el Bolet\u00edn Oficial de Arag\u00f3n (BOA) las ayudas para proyectos editoriales, con una cuant\u00eda de 175.000 euros, y las que se conceden para el fomento de actividades culturales organizadas por las librer\u00edas de Arag\u00f3n, cuyo importe ser\u00e1 de 24.000 euros. De esta manera, se\" \/>\n\t<meta name=\"robots\" content=\"max-image-preview:large\" \/>\n\t<meta name=\"author\" content=\"El Digital de Asturias\"\/>\n\t<meta name=\"google-site-verification\" content=\"UA-38556648-1\" \/>\n\t<meta name=\"msvalidate.01\" content=\"7dfe9f3f1b24437ab69f4f2559babe99\" \/>\n\t<meta name=\"keywords\" content=\"actualidad\" \/>\n\t<link rel=\"canonical\" href=\"https:\/\/www.eldigitaldeasturias.com\/noticias\/aragon-convoca-subvenciones-para-el-sector-del-libro\/\" \/>\n\t<meta name=\"generator\" content=\"All in One SEO Pro (AIOSEO) 5.0.1\" \/>\n\t\t<meta property=\"og:locale\" content=\"es_ES\" \/>\n\t\t<meta property=\"og:site_name\" content=\"El Digital de Asturias\" \/>\n\t\t<meta property=\"og:type\" content=\"article\" \/>\n\t\t<meta property=\"og:title\" content=\"Arag\u00f3n convoca subvenciones para el sector del libro - El Digital de Asturias\" \/>\n\t\t<meta property=\"og:description\" content=\"El Departamento de Educaci\u00f3n, Cultura y Deporte ha publicado hoy en el Bolet\u00edn Oficial de Arag\u00f3n (BOA) las ayudas para proyectos editoriales, con una cuant\u00eda de 175.000 euros, y las que se conceden para el fomento de actividades culturales organizadas por las librer\u00edas de Arag\u00f3n, cuyo importe ser\u00e1 de 24.000 euros. De esta manera, se\" \/>\n\t\t<meta property=\"og:url\" content=\"https:\/\/www.eldigitaldeasturias.com\/noticias\/aragon-convoca-subvenciones-para-el-sector-del-libro\/\" \/>\n\t\t<meta property=\"article:tag\" content=\"actualidad\" \/>\n\t\t<meta property=\"article:published_time\" content=\"2017-08-18T13:46:35+00:00\" \/>\n\t\t<meta property=\"article:modified_time\" content=\"2017-08-18T13:46:35+00:00\" \/>\n\t\t<meta property=\"article:publisher\" content=\"https:\/\/facebook.com\/eldigitaldeasturias\" \/>\n\t\t<meta name=\"twitter:card\" content=\"summary_large_image\" \/>\n\t\t<meta name=\"twitter:title\" content=\"Arag\u00f3n convoca subvenciones para el sector del libro - El Digital de Asturias\" \/>\n\t\t<meta name=\"twitter:description\" content=\"El Departamento de Educaci\u00f3n, Cultura y Deporte ha publicado hoy en el Bolet\u00edn Oficial de Arag\u00f3n (BOA) las ayudas para proyectos editoriales, con una cuant\u00eda de 175.000 euros, y las que se conceden para el fomento de actividades culturales organizadas por las librer\u00edas de Arag\u00f3n, cuyo importe ser\u00e1 de 24.000 euros. De esta manera, se\" \/>\n\t\t<meta name=\"twitter:image\" content=\"https:\/\/www.eldigitaldeasturias.com\/noticias\/wp-content\/uploads\/2020\/12\/EDA-1.jpg\" \/>\n\t\t<meta name=\"twitter:label1\" content=\"Escrito por\" \/>\n\t\t<meta name=\"twitter:data1\" content=\"El Digital de Asturias\" \/>\n\t\t<meta name=\"twitter:label2\" content=\"Tiempo de lectura estimado\" \/>\n\t\t<meta name=\"twitter:data2\" content=\"2 minutos\" \/>\n\t\t<script type=\"application\/ld+json\" class=\"aioseo-schema\">\n\t\t\t{\"@context\":\"https:\\\/\\\/schema.org\",\"@graph\":[{\"@type\":\"BlogPosting\",\"@id\":\"https:\\\/\\\/www.eldigitaldeasturias.com\\\/noticias\\\/aragon-convoca-subvenciones-para-el-sector-del-libro\\\/#blogposting\",\"name\":\"Arag\\u00f3n convoca subvenciones para el sector del libro - El Digital de Asturias\",\"headline\":\"Arag\\u00f3n convoca subvenciones para el sector del libro\",\"author\":{\"@id\":\"https:\\\/\\\/www.eldigitaldeasturias.com\\\/noticias\\\/author\\\/admin\\\/#author\"},\"publisher\":{\"@id\":\"https:\\\/\\\/www.eldigitaldeasturias.com\\\/noticias\\\/#organization\"},\"image\":{\"@type\":\"ImageObject\",\"url\":950187},\"datePublished\":\"2017-08-18T13:46:35+02:00\",\"dateModified\":\"2017-08-18T13:46:35+02:00\",\"inLanguage\":\"es-ES\",\"mainEntityOfPage\":{\"@id\":\"https:\\\/\\\/www.eldigitaldeasturias.com\\\/noticias\\\/aragon-convoca-subvenciones-para-el-sector-del-libro\\\/#webpage\"},\"isPartOf\":{\"@id\":\"https:\\\/\\\/www.eldigitaldeasturias.com\\\/noticias\\\/aragon-convoca-subvenciones-para-el-sector-del-libro\\\/#webpage\"},\"articleSection\":\"Actualidad\"},{\"@type\":\"BreadcrumbList\",\"@id\":\"https:\\\/\\\/www.eldigitaldeasturias.com\\\/noticias\\\/aragon-convoca-subvenciones-para-el-sector-del-libro\\\/#breadcrumblist\",\"itemListElement\":[{\"@type\":\"ListItem\",\"@id\":\"https:\\\/\\\/www.eldigitaldeasturias.com\\\/noticias#listItem\",\"position\":1,\"name\":\"Home\",\"item\":\"https:\\\/\\\/www.eldigitaldeasturias.com\\\/noticias\",\"nextItem\":{\"@type\":\"ListItem\",\"@id\":\"https:\\\/\\\/www.eldigitaldeasturias.com\\\/noticias\\\/category\\\/actualidad\\\/#listItem\",\"name\":\"Actualidad\"}},{\"@type\":\"ListItem\",\"@id\":\"https:\\\/\\\/www.eldigitaldeasturias.com\\\/noticias\\\/category\\\/actualidad\\\/#listItem\",\"position\":2,\"name\":\"Actualidad\",\"item\":\"https:\\\/\\\/www.eldigitaldeasturias.com\\\/noticias\\\/category\\\/actualidad\\\/\",\"nextItem\":{\"@type\":\"ListItem\",\"@id\":\"https:\\\/\\\/www.eldigitaldeasturias.com\\\/noticias\\\/aragon-convoca-subvenciones-para-el-sector-del-libro\\\/#listItem\",\"name\":\"Arag\\u00f3n convoca subvenciones para el sector del libro\"},\"previousItem\":{\"@type\":\"ListItem\",\"@id\":\"https:\\\/\\\/www.eldigitaldeasturias.com\\\/noticias#listItem\",\"name\":\"Home\"}},{\"@type\":\"ListItem\",\"@id\":\"https:\\\/\\\/www.eldigitaldeasturias.com\\\/noticias\\\/aragon-convoca-subvenciones-para-el-sector-del-libro\\\/#listItem\",\"position\":3,\"name\":\"Arag\\u00f3n convoca subvenciones para el sector del libro\",\"previousItem\":{\"@type\":\"ListItem\",\"@id\":\"https:\\\/\\\/www.eldigitaldeasturias.com\\\/noticias\\\/category\\\/actualidad\\\/#listItem\",\"name\":\"Actualidad\"}}]},{\"@type\":\"Organization\",\"@id\":\"https:\\\/\\\/www.eldigitaldeasturias.com\\\/noticias\\\/#organization\",\"name\":\"El Digital de Asturias\",\"description\":\"Hemeroteca\",\"url\":\"https:\\\/\\\/www.eldigitaldeasturias.com\\\/noticias\\\/\",\"email\":\"info@eldigitaldeasturias.com\",\"telephone\":\"+34652131393\",\"logo\":{\"@type\":\"ImageObject\",\"url\":\"https:\\\/\\\/www.eldigitaldeasturias.com\\\/noticias\\\/wp-content\\\/uploads\\\/2020\\\/12\\\/EDA.jpg\",\"@id\":\"https:\\\/\\\/www.eldigitaldeasturias.com\\\/noticias\\\/aragon-convoca-subvenciones-para-el-sector-del-libro\\\/#organizationLogo\"},\"image\":{\"@id\":\"https:\\\/\\\/www.eldigitaldeasturias.com\\\/noticias\\\/aragon-convoca-subvenciones-para-el-sector-del-libro\\\/#organizationLogo\"},\"sameAs\":[\"https:\\\/\\\/facebook.com\\\/eldigitaldeasturias\",\"https:\\\/\\\/www.youtube.com\\\/channel\\\/UCZP-2wLEB9Rv6erhFmqVnvg\"],\"address\":{\"@id\":\"https:\\\/\\\/www.eldigitaldeasturias.com\\\/noticias\\\/#postaladdress\",\"@type\":\"PostalAddress\",\"streetAddress\":\"san antonio 4\",\"postalCode\":\"33430\",\"addressLocality\":\"Cand\\u00e1s\",\"addressRegion\":\"Asturias\",\"addressCountry\":\"ES\"}},{\"@type\":\"Person\",\"@id\":\"https:\\\/\\\/www.eldigitaldeasturias.com\\\/noticias\\\/author\\\/admin\\\/#author\",\"url\":\"https:\\\/\\\/www.eldigitaldeasturias.com\\\/noticias\\\/author\\\/admin\\\/\",\"name\":\"El Digital de Asturias\",\"image\":{\"@type\":\"ImageObject\",\"@id\":\"https:\\\/\\\/www.eldigitaldeasturias.com\\\/noticias\\\/aragon-convoca-subvenciones-para-el-sector-del-libro\\\/#authorImage\",\"url\":\"https:\\\/\\\/secure.gravatar.com\\\/avatar\\\/df2aeffc32bcd13f8d26072ef8a91b623d677766deac7f97ca815868cd41bf5e?s=96&d=mm&r=g\",\"width\":96,\"height\":96,\"caption\":\"El Digital de Asturias\"}},{\"@type\":\"WebPage\",\"@id\":\"https:\\\/\\\/www.eldigitaldeasturias.com\\\/noticias\\\/aragon-convoca-subvenciones-para-el-sector-del-libro\\\/#webpage\",\"url\":\"https:\\\/\\\/www.eldigitaldeasturias.com\\\/noticias\\\/aragon-convoca-subvenciones-para-el-sector-del-libro\\\/\",\"name\":\"Arag\\u00f3n convoca subvenciones para el sector del libro - El Digital de Asturias\",\"description\":\"El Departamento de Educaci\\u00f3n, Cultura y Deporte ha publicado hoy en el Bolet\\u00edn Oficial de Arag\\u00f3n (BOA) las ayudas para proyectos editoriales, con una cuant\\u00eda de 175.000 euros, y las que se conceden para el fomento de actividades culturales organizadas por las librer\\u00edas de Arag\\u00f3n, cuyo importe ser\\u00e1 de 24.000 euros. De esta manera, se\",\"inLanguage\":\"es-ES\",\"isPartOf\":{\"@id\":\"https:\\\/\\\/www.eldigitaldeasturias.com\\\/noticias\\\/#website\"},\"breadcrumb\":{\"@id\":\"https:\\\/\\\/www.eldigitaldeasturias.com\\\/noticias\\\/aragon-convoca-subvenciones-para-el-sector-del-libro\\\/#breadcrumblist\"},\"author\":{\"@id\":\"https:\\\/\\\/www.eldigitaldeasturias.com\\\/noticias\\\/author\\\/admin\\\/#author\"},\"creator\":{\"@id\":\"https:\\\/\\\/www.eldigitaldeasturias.com\\\/noticias\\\/author\\\/admin\\\/#author\"},\"image\":{\"@type\":\"ImageObject\",\"url\":950187,\"@id\":\"https:\\\/\\\/www.eldigitaldeasturias.com\\\/noticias\\\/aragon-convoca-subvenciones-para-el-sector-del-libro\\\/#mainImage\"},\"primaryImageOfPage\":{\"@id\":\"https:\\\/\\\/www.eldigitaldeasturias.com\\\/noticias\\\/aragon-convoca-subvenciones-para-el-sector-del-libro\\\/#mainImage\"},\"datePublished\":\"2017-08-18T13:46:35+02:00\",\"dateModified\":\"2017-08-18T13:46:35+02:00\"},{\"@type\":\"WebSite\",\"@id\":\"https:\\\/\\\/www.eldigitaldeasturias.com\\\/noticias\\\/#website\",\"url\":\"https:\\\/\\\/www.eldigitaldeasturias.com\\\/noticias\\\/\",\"name\":\"El Digital de Asturias - Diario de actualidad y noticias\",\"alternateName\":\"El Digital de Asturias - Diario de actualidad y noticias\",\"description\":\"Hemeroteca\",\"inLanguage\":\"es-ES\",\"publisher\":{\"@id\":\"https:\\\/\\\/www.eldigitaldeasturias.com\\\/noticias\\\/#organization\"}}]}\n\t\t<\/script>\n\t\t<!-- All in One SEO Pro -->\r\n\t\t<title>Arag\u00f3n convoca subvenciones para el sector del libro - El Digital de Asturias<\/title>\n\n","aioseo_head_json":{"title":"Arag\u00f3n convoca subvenciones para el sector del libro - El Digital de Asturias","description":"El Departamento de Educaci\u00f3n, Cultura y Deporte ha publicado hoy en el Bolet\u00edn Oficial de Arag\u00f3n (BOA) las ayudas para proyectos editoriales, con una cuant\u00eda de 175.000 euros, y las que se conceden para el fomento de actividades culturales organizadas por las librer\u00edas de Arag\u00f3n, cuyo importe ser\u00e1 de 24.000 euros. De esta manera, se","canonical_url":"https:\/\/www.eldigitaldeasturias.com\/noticias\/aragon-convoca-subvenciones-para-el-sector-del-libro\/","robots":"max-image-preview:large","keywords":"actualidad","webmasterTools":{"google-site-verification":"UA-38556648-1","msvalidate.01":"7dfe9f3f1b24437ab69f4f2559babe99","miscellaneous":""},"schema":{"@context":"https:\/\/schema.org","@graph":[{"@type":"BlogPosting","@id":"https:\/\/www.eldigitaldeasturias.com\/noticias\/aragon-convoca-subvenciones-para-el-sector-del-libro\/#blogposting","name":"Arag\u00f3n convoca subvenciones para el sector del libro - El Digital de Asturias","headline":"Arag\u00f3n convoca subvenciones para el sector del libro","author":{"@id":"https:\/\/www.eldigitaldeasturias.com\/noticias\/author\/admin\/#author"},"publisher":{"@id":"https:\/\/www.eldigitaldeasturias.com\/noticias\/#organization"},"image":{"@type":"ImageObject","url":950187},"datePublished":"2017-08-18T13:46:35+02:00","dateModified":"2017-08-18T13:46:35+02:00","inLanguage":"es-ES","mainEntityOfPage":{"@id":"https:\/\/www.eldigitaldeasturias.com\/noticias\/aragon-convoca-subvenciones-para-el-sector-del-libro\/#webpage"},"isPartOf":{"@id":"https:\/\/www.eldigitaldeasturias.com\/noticias\/aragon-convoca-subvenciones-para-el-sector-del-libro\/#webpage"},"articleSection":"Actualidad"},{"@type":"BreadcrumbList","@id":"https:\/\/www.eldigitaldeasturias.com\/noticias\/aragon-convoca-subvenciones-para-el-sector-del-libro\/#breadcrumblist","itemListElement":[{"@type":"ListItem","@id":"https:\/\/www.eldigitaldeasturias.com\/noticias#listItem","position":1,"name":"Home","item":"https:\/\/www.eldigitaldeasturias.com\/noticias","nextItem":{"@type":"ListItem","@id":"https:\/\/www.eldigitaldeasturias.com\/noticias\/category\/actualidad\/#listItem","name":"Actualidad"}},{"@type":"ListItem","@id":"https:\/\/www.eldigitaldeasturias.com\/noticias\/category\/actualidad\/#listItem","position":2,"name":"Actualidad","item":"https:\/\/www.eldigitaldeasturias.com\/noticias\/category\/actualidad\/","nextItem":{"@type":"ListItem","@id":"https:\/\/www.eldigitaldeasturias.com\/noticias\/aragon-convoca-subvenciones-para-el-sector-del-libro\/#listItem","name":"Arag\u00f3n convoca subvenciones para el sector del libro"},"previousItem":{"@type":"ListItem","@id":"https:\/\/www.eldigitaldeasturias.com\/noticias#listItem","name":"Home"}},{"@type":"ListItem","@id":"https:\/\/www.eldigitaldeasturias.com\/noticias\/aragon-convoca-subvenciones-para-el-sector-del-libro\/#listItem","position":3,"name":"Arag\u00f3n convoca subvenciones para el sector del libro","previousItem":{"@type":"ListItem","@id":"https:\/\/www.eldigitaldeasturias.com\/noticias\/category\/actualidad\/#listItem","name":"Actualidad"}}]},{"@type":"Organization","@id":"https:\/\/www.eldigitaldeasturias.com\/noticias\/#organization","name":"El Digital de Asturias","description":"Hemeroteca","url":"https:\/\/www.eldigitaldeasturias.com\/noticias\/","email":"info@eldigitaldeasturias.com","telephone":"+34652131393","logo":{"@type":"ImageObject","url":"https:\/\/www.eldigitaldeasturias.com\/noticias\/wp-content\/uploads\/2020\/12\/EDA.jpg","@id":"https:\/\/www.eldigitaldeasturias.com\/noticias\/aragon-convoca-subvenciones-para-el-sector-del-libro\/#organizationLogo"},"image":{"@id":"https:\/\/www.eldigitaldeasturias.com\/noticias\/aragon-convoca-subvenciones-para-el-sector-del-libro\/#organizationLogo"},"sameAs":["https:\/\/facebook.com\/eldigitaldeasturias","https:\/\/www.youtube.com\/channel\/UCZP-2wLEB9Rv6erhFmqVnvg"],"address":{"@id":"https:\/\/www.eldigitaldeasturias.com\/noticias\/#postaladdress","@type":"PostalAddress","streetAddress":"san antonio 4","postalCode":"33430","addressLocality":"Cand\u00e1s","addressRegion":"Asturias","addressCountry":"ES"}},{"@type":"Person","@id":"https:\/\/www.eldigitaldeasturias.com\/noticias\/author\/admin\/#author","url":"https:\/\/www.eldigitaldeasturias.com\/noticias\/author\/admin\/","name":"El Digital de Asturias","image":{"@type":"ImageObject","@id":"https:\/\/www.eldigitaldeasturias.com\/noticias\/aragon-convoca-subvenciones-para-el-sector-del-libro\/#authorImage","url":"https:\/\/secure.gravatar.com\/avatar\/df2aeffc32bcd13f8d26072ef8a91b623d677766deac7f97ca815868cd41bf5e?s=96&d=mm&r=g","width":96,"height":96,"caption":"El Digital de Asturias"}},{"@type":"WebPage","@id":"https:\/\/www.eldigitaldeasturias.com\/noticias\/aragon-convoca-subvenciones-para-el-sector-del-libro\/#webpage","url":"https:\/\/www.eldigitaldeasturias.com\/noticias\/aragon-convoca-subvenciones-para-el-sector-del-libro\/","name":"Arag\u00f3n convoca subvenciones para el sector del libro - El Digital de Asturias","description":"El Departamento de Educaci\u00f3n, Cultura y Deporte ha publicado hoy en el Bolet\u00edn Oficial de Arag\u00f3n (BOA) las ayudas para proyectos editoriales, con una cuant\u00eda de 175.000 euros, y las que se conceden para el fomento de actividades culturales organizadas por las librer\u00edas de Arag\u00f3n, cuyo importe ser\u00e1 de 24.000 euros. De esta manera, se","inLanguage":"es-ES","isPartOf":{"@id":"https:\/\/www.eldigitaldeasturias.com\/noticias\/#website"},"breadcrumb":{"@id":"https:\/\/www.eldigitaldeasturias.com\/noticias\/aragon-convoca-subvenciones-para-el-sector-del-libro\/#breadcrumblist"},"author":{"@id":"https:\/\/www.eldigitaldeasturias.com\/noticias\/author\/admin\/#author"},"creator":{"@id":"https:\/\/www.eldigitaldeasturias.com\/noticias\/author\/admin\/#author"},"image":{"@type":"ImageObject","url":950187,"@id":"https:\/\/www.eldigitaldeasturias.com\/noticias\/aragon-convoca-subvenciones-para-el-sector-del-libro\/#mainImage"},"primaryImageOfPage":{"@id":"https:\/\/www.eldigitaldeasturias.com\/noticias\/aragon-convoca-subvenciones-para-el-sector-del-libro\/#mainImage"},"datePublished":"2017-08-18T13:46:35+02:00","dateModified":"2017-08-18T13:46:35+02:00"},{"@type":"WebSite","@id":"https:\/\/www.eldigitaldeasturias.com\/noticias\/#website","url":"https:\/\/www.eldigitaldeasturias.com\/noticias\/","name":"El Digital de Asturias - Diario de actualidad y noticias","alternateName":"El Digital de Asturias - Diario de actualidad y noticias","description":"Hemeroteca","inLanguage":"es-ES","publisher":{"@id":"https:\/\/www.eldigitaldeasturias.com\/noticias\/#organization"}}]},"og:locale":"es_ES","og:site_name":"El Digital de Asturias","og:type":"article","og:title":"Arag\u00f3n convoca subvenciones para el sector del libro - El Digital de Asturias","og:description":"El Departamento de Educaci\u00f3n, Cultura y Deporte ha publicado hoy en el Bolet\u00edn Oficial de Arag\u00f3n (BOA) las ayudas para proyectos editoriales, con una cuant\u00eda de 175.000 euros, y las que se conceden para el fomento de actividades culturales organizadas por las librer\u00edas de Arag\u00f3n, cuyo importe ser\u00e1 de 24.000 euros. De esta manera, se","og:url":"https:\/\/www.eldigitaldeasturias.com\/noticias\/aragon-convoca-subvenciones-para-el-sector-del-libro\/","article:tag":["actualidad"],"article:published_time":"2017-08-18T13:46:35+00:00","article:modified_time":"2017-08-18T13:46:35+00:00","article:publisher":"https:\/\/facebook.com\/eldigitaldeasturias","twitter:card":"summary_large_image","twitter:title":"Arag\u00f3n convoca subvenciones para el sector del libro - El Digital de Asturias","twitter:description":"El Departamento de Educaci\u00f3n, Cultura y Deporte ha publicado hoy en el Bolet\u00edn Oficial de Arag\u00f3n (BOA) las ayudas para proyectos editoriales, con una cuant\u00eda de 175.000 euros, y las que se conceden para el fomento de actividades culturales organizadas por las librer\u00edas de Arag\u00f3n, cuyo importe ser\u00e1 de 24.000 euros. De esta manera, se","twitter:image":"https:\/\/www.eldigitaldeasturias.com\/noticias\/wp-content\/uploads\/2020\/12\/EDA-1.jpg","twitter:label1":"Escrito por","twitter:data1":"El Digital de Asturias","twitter:label2":"Tiempo de lectura estimado","twitter:data2":"2 minutos"},"aioseo_meta_data":{"post_id":"950186","title":null,"description":null,"keywords":null,"keyphrases":null,"primary_term":null,"canonical_url":null,"og_title":null,"og_description":null,"og_object_type":"default","og_image_type":"default","og_image_url":null,"og_image_width":null,"og_image_height":null,"og_image_custom_url":null,"og_image_custom_fields":null,"og_video":null,"og_custom_url":null,"og_article_section":null,"og_article_tags":null,"twitter_use_og":false,"twitter_card":"default","twitter_image_type":"default","twitter_image_url":null,"twitter_image_custom_url":null,"twitter_image_custom_fields":null,"twitter_title":null,"twitter_description":null,"schema":{"blockGraphs":[],"customGraphs":[],"default":{"data":{"Article":[],"Course":[],"Dataset":[],"FAQPage":[],"Movie":[],"Person":[],"Product":[],"ProductReview":[],"Car":[],"Recipe":[],"Service":[],"SoftwareApplication":[],"WebPage":[]},"graphName":"","isEnabled":true},"graphs":[],"defaultGraph":"","defaultPostTypeGraph":""},"schema_type":null,"schema_type_options":null,"pillar_content":false,"robots_default":true,"robots_noindex":false,"robots_noarchive":false,"robots_nosnippet":false,"robots_nofollow":false,"robots_noimageindex":false,"robots_noodp":false,"robots_notranslate":false,"robots_max_snippet":null,"robots_max_videopreview":null,"robots_max_imagepreview":"large","priority":null,"frequency":null,"local_seo":null,"seo_analyzer_scan_date":"2025-12-05 14:55:13","breadcrumb_settings":null,"limit_modified_date":false,"open_ai":null,"ai":null,"created":"2020-12-21 12:59:41","updated":"2025-12-05 14:55:13","focus_keyword":null,"additional_keywords":null,"truseo_locale":null},"aioseo_breadcrumb":"<div class=\"aioseo-breadcrumbs\"><span class=\"aioseo-breadcrumb\">\n\t<a href=\"https:\/\/www.eldigitaldeasturias.com\/noticias\" title=\"Home\">Home<\/a>\n<\/span><span class=\"aioseo-breadcrumb-separator\">\u2013<\/span><span class=\"aioseo-breadcrumb\">\n\t<a href=\"https:\/\/www.eldigitaldeasturias.com\/noticias\/category\/actualidad\/\" title=\"Actualidad\">Actualidad<\/a>\n<\/span><span class=\"aioseo-breadcrumb-separator\">\u2013<\/span><span class=\"aioseo-breadcrumb\">\n\t<a href=\"https:\/\/www.eldigitaldeasturias.com\/noticias\/aragon-convoca-subvenciones-para-el-sector-del-libro\/\" title=\"Arag\u00f3n convoca subvenciones para el sector del libro\">Arag\u00f3n convoca subvenciones para el sector del libro<\/a>\n<\/span><\/div>","aioseo_breadcrumb_json":[{"label":"Home","link":"https:\/\/www.eldigitaldeasturias.com\/noticias"},{"label":"Actualidad","link":"https:\/\/www.eldigitaldeasturias.com\/noticias\/category\/actualidad\/"},{"label":"Arag\u00f3n convoca subvenciones para el sector del libro","link":"https:\/\/www.eldigitaldeasturias.com\/noticias\/aragon-convoca-subvenciones-para-el-sector-del-libro\/"}],"_links":{"self":[{"href":"https:\/\/www.eldigitaldeasturias.com\/noticias\/wp-json\/wp\/v2\/posts\/950186","targetHints":{"allow":["GET"]}}],"collection":[{"href":"https:\/\/www.eldigitaldeasturias.com\/noticias\/wp-json\/wp\/v2\/posts"}],"about":[{"href":"https:\/\/www.eldigitaldeasturias.com\/noticias\/wp-json\/wp\/v2\/types\/post"}],"author":[{"embeddable":true,"href":"https:\/\/www.eldigitaldeasturias.com\/noticias\/wp-json\/wp\/v2\/users\/1"}],"replies":[{"embeddable":true,"href":"https:\/\/www.eldigitaldeasturias.com\/noticias\/wp-json\/wp\/v2\/comments?post=950186"}],"version-history":[{"count":0,"href":"https:\/\/www.eldigitaldeasturias.com\/noticias\/wp-json\/wp\/v2\/posts\/950186\/revisions"}],"wp:attachment":[{"href":"https:\/\/www.eldigitaldeasturias.com\/noticias\/wp-json\/wp\/v2\/media?parent=950186"}],"wp:term":[{"taxonomy":"category","embeddable":true,"href":"https:\/\/www.eldigitaldeasturias.com\/noticias\/wp-json\/wp\/v2\/categories?post=950186"},{"taxonomy":"post_tag","embeddable":true,"href":"https:\/\/www.eldigitaldeasturias.com\/noticias\/wp-json\/wp\/v2\/tags?post=950186"}],"curies":[{"name":"wp","href":"https:\/\/api.w.org\/{rel}","templated":true}]}}