{"id":950158,"date":"2017-08-17T22:29:35","date_gmt":"2017-08-17T22:29:35","guid":{"rendered":"http:\/\/www.eldigitaldeasturias.com\/noticias\/?p=950158"},"modified":"2017-08-17T22:29:35","modified_gmt":"2017-08-17T22:29:35","slug":"aumenta-un-52-el-numero-de-participantes-en-los-programas-eramus-juventud","status":"publish","type":"post","link":"https:\/\/www.eldigitaldeasturias.com\/noticias\/aumenta-un-52-el-numero-de-participantes-en-los-programas-eramus-juventud\/","title":{"rendered":"Aumenta un 52% el n\u00famero de participantes en los programas Eramus+ Juventud"},"content":{"rendered":"<p><img loading=\"lazy\" decoding=\"async\" class=\"alignleft size-medium wp-image-950159\" src=\"https:\/\/www.eldigitaldeasturias.com\/noticias\/wp-content\/uploads\/2017\/08\/erasmus_plus-360x159.jpg\" alt=\"\" width=\"360\" height=\"159\" \/>El n\u00famero de participantes en las dos primeras convocatorias de los proyectos Erasmus+ Juventud que gestiona el Instituto Aragon\u00e9s de la Juventud (IAJ) se ha incrementado en un 52% respecto a las cifras del a\u00f1o pasado, pasando de 222 j\u00f3venes beneficiados a 338.<\/p>\n<p>El director del Instituto Aragon\u00e9s de la juventud, Adri\u00e1n Gimeno, ha expresado su satisfacci\u00f3n tanto por los datos relativos a participantes como por los de los proyectos aprobados: mientras que en 2016 se aprobaron 16 proyectos en las dos primeras convocatorias, este a\u00f1o han sido 21 los que han salido adelante. Asimismo, ha destacado el incremento que se ha producido en el apartado de voluntariado (8 participantes en 2016 frente a los 23 de este a\u00f1o).<\/p>\n<p>El incremento de beneficiarios es paralelo al de la subvenci\u00f3n asignada al IAJ para este fin por el INJUVE (Instituto de la Juventud de Espa\u00f1a) con fondos de la Uni\u00f3n Europea y que ha pasado de 270.299 euros en 2016 para las dos primeras convocatorias a 344.459 euros este a\u00f1o.<\/p>\n<p>El programa Erasmus +Juventud que gestiona el IAJ es el sustituto del antiguo programa Juventud en Acci\u00f3n en su rama de juventud. El objetivo del mismo se basa en el apoyo a los j\u00f3venes en todo lo relativo a la educaci\u00f3n no formal e informal, el voluntariado y la participaci\u00f3n activa en el futuro de la Uni\u00f3n Europea, promoviendo la ciudadan\u00eda activa, el di\u00e1logo intercultural y la integraci\u00f3n social.<\/p>\n<p>El programa consta de tres convocatorias a lo largo del a\u00f1o (febrero, abril y octubre) y se dan las ayudas a los proyectos que se presentan a trav\u00e9s de entidades.<\/p>\n<p>El programa se divide en diferentes categor\u00edas. La de intercambios juveniles est\u00e1 destinada a j\u00f3venes de entre 13 y 30 a\u00f1os y consiste en intercambios en torno a temas de inter\u00e9s mutuo para conocer culturas, proyectos y experiencias.<\/p>\n<p>La segunda categor\u00eda es la del Servicio Voluntariado Europeo, para j\u00f3venes de entre 17 y 30 a\u00f1os que desarrollan una actividad en un pa\u00eds distinto al de su residencia a la vez que mejoran o adquieren competencias para su desarrollo personal, educativo y profesional.<\/p>\n<p>El apartado de Formaci\u00f3n y trabajo en red de trabajadores de juventud no tiene l\u00edmite de edad y pretende reforzar el desarrollo profesional de los t\u00e9cnicos en el \u00e1mbito de la juventud.<\/p>\n<p>La cuarta de las categor\u00edas se denomina Asociaciones estrat\u00e9gicas en el \u00e1mbito de la juventud y se basa en la creaci\u00f3n de redes para una mayor difusi\u00f3n de los proyectos, la confrontaci\u00f3n de ideas y pr\u00e1cticas entre pa\u00edses, as\u00ed como la implantaci\u00f3n de modelos innovadores.<\/p>\n<p>El \u00faltimo de los apartados lleva por nombre Di\u00e1logo Estructurado y est\u00e1 destinado a proyectos basados en la participaci\u00f3n activa de la juventud en la vida democr\u00e1tica de la Uni\u00f3n Europea, poniendo especial \u00e9nfasis en el debate entre j\u00f3venes y los responsables de las pol\u00edticas p\u00fablicas de juventud.<\/p>\n","protected":false},"excerpt":{"rendered":"<p>El n\u00famero de participantes en las dos primeras convocatorias de los proyectos Erasmus+ Juventud que gestiona el Instituto Aragon\u00e9s de la Juventud (IAJ) se ha incrementado en un 52% respecto a las cifras del a\u00f1o pasado, pasando de 222 j\u00f3venes beneficiados a 338. El director del Instituto Aragon\u00e9s de la juventud, Adri\u00e1n Gimeno, ha expresado [&hellip;]<\/p>\n","protected":false},"author":1,"featured_media":950159,"comment_status":"closed","ping_status":"closed","sticky":false,"template":"","format":"standard","meta":{"footnotes":""},"categories":[1],"tags":[],"class_list":["post-950158","post","type-post","status-publish","format-standard","has-post-thumbnail","hentry","category-actualidad"],"aioseo_notices":[],"aioseo_head":"\n\t\t<!-- All in One SEO Pro 5.0.1 - aioseo.com -->\n\t<meta name=\"description\" content=\"El n\u00famero de participantes en las dos primeras convocatorias de los proyectos Erasmus+ Juventud que gestiona el Instituto Aragon\u00e9s de la Juventud (IAJ) se ha incrementado en un 52% respecto a las cifras del a\u00f1o pasado, pasando de 222 j\u00f3venes beneficiados a 338. El director del Instituto Aragon\u00e9s de la juventud, Adri\u00e1n Gimeno, ha expresado\" \/>\n\t<meta name=\"robots\" content=\"max-image-preview:large\" \/>\n\t<meta name=\"author\" content=\"El Digital de Asturias\"\/>\n\t<meta name=\"google-site-verification\" content=\"UA-38556648-1\" \/>\n\t<meta name=\"msvalidate.01\" content=\"7dfe9f3f1b24437ab69f4f2559babe99\" \/>\n\t<meta name=\"keywords\" content=\"actualidad\" \/>\n\t<link rel=\"canonical\" href=\"https:\/\/www.eldigitaldeasturias.com\/noticias\/aumenta-un-52-el-numero-de-participantes-en-los-programas-eramus-juventud\/\" \/>\n\t<meta name=\"generator\" content=\"All in One SEO Pro (AIOSEO) 5.0.1\" \/>\n\t\t<meta property=\"og:locale\" content=\"es_ES\" \/>\n\t\t<meta property=\"og:site_name\" content=\"El Digital de Asturias\" \/>\n\t\t<meta property=\"og:type\" content=\"article\" \/>\n\t\t<meta property=\"og:title\" content=\"Aumenta un 52% el n\u00famero de participantes en los programas Eramus+ Juventud - El Digital de Asturias\" \/>\n\t\t<meta property=\"og:description\" content=\"El n\u00famero de participantes en las dos primeras convocatorias de los proyectos Erasmus+ Juventud que gestiona el Instituto Aragon\u00e9s de la Juventud (IAJ) se ha incrementado en un 52% respecto a las cifras del a\u00f1o pasado, pasando de 222 j\u00f3venes beneficiados a 338. El director del Instituto Aragon\u00e9s de la juventud, Adri\u00e1n Gimeno, ha expresado\" \/>\n\t\t<meta property=\"og:url\" content=\"https:\/\/www.eldigitaldeasturias.com\/noticias\/aumenta-un-52-el-numero-de-participantes-en-los-programas-eramus-juventud\/\" \/>\n\t\t<meta property=\"article:tag\" content=\"actualidad\" \/>\n\t\t<meta property=\"article:published_time\" content=\"2017-08-17T22:29:35+00:00\" \/>\n\t\t<meta property=\"article:modified_time\" content=\"2017-08-17T22:29:35+00:00\" \/>\n\t\t<meta property=\"article:publisher\" content=\"https:\/\/facebook.com\/eldigitaldeasturias\" \/>\n\t\t<meta name=\"twitter:card\" content=\"summary_large_image\" \/>\n\t\t<meta name=\"twitter:title\" content=\"Aumenta un 52% el n\u00famero de participantes en los programas Eramus+ Juventud - El Digital de Asturias\" \/>\n\t\t<meta name=\"twitter:description\" content=\"El n\u00famero de participantes en las dos primeras convocatorias de los proyectos Erasmus+ Juventud que gestiona el Instituto Aragon\u00e9s de la Juventud (IAJ) se ha incrementado en un 52% respecto a las cifras del a\u00f1o pasado, pasando de 222 j\u00f3venes beneficiados a 338. El director del Instituto Aragon\u00e9s de la juventud, Adri\u00e1n Gimeno, ha expresado\" \/>\n\t\t<meta name=\"twitter:image\" content=\"https:\/\/www.eldigitaldeasturias.com\/noticias\/wp-content\/uploads\/2020\/12\/EDA-1.jpg\" \/>\n\t\t<meta name=\"twitter:label1\" content=\"Escrito por\" \/>\n\t\t<meta name=\"twitter:data1\" content=\"El Digital de Asturias\" \/>\n\t\t<meta name=\"twitter:label2\" content=\"Tiempo de lectura estimado\" \/>\n\t\t<meta name=\"twitter:data2\" content=\"3 minutos\" \/>\n\t\t<script type=\"application\/ld+json\" class=\"aioseo-schema\">\n\t\t\t{\"@context\":\"https:\\\/\\\/schema.org\",\"@graph\":[{\"@type\":\"BlogPosting\",\"@id\":\"https:\\\/\\\/www.eldigitaldeasturias.com\\\/noticias\\\/aumenta-un-52-el-numero-de-participantes-en-los-programas-eramus-juventud\\\/#blogposting\",\"name\":\"Aumenta un 52% el n\\u00famero de participantes en los programas Eramus+ Juventud - El Digital de Asturias\",\"headline\":\"Aumenta un 52% el n\\u00famero de participantes en los programas Eramus+ Juventud\",\"author\":{\"@id\":\"https:\\\/\\\/www.eldigitaldeasturias.com\\\/noticias\\\/author\\\/admin\\\/#author\"},\"publisher\":{\"@id\":\"https:\\\/\\\/www.eldigitaldeasturias.com\\\/noticias\\\/#organization\"},\"image\":{\"@type\":\"ImageObject\",\"url\":950159},\"datePublished\":\"2017-08-17T22:29:35+02:00\",\"dateModified\":\"2017-08-17T22:29:35+02:00\",\"inLanguage\":\"es-ES\",\"mainEntityOfPage\":{\"@id\":\"https:\\\/\\\/www.eldigitaldeasturias.com\\\/noticias\\\/aumenta-un-52-el-numero-de-participantes-en-los-programas-eramus-juventud\\\/#webpage\"},\"isPartOf\":{\"@id\":\"https:\\\/\\\/www.eldigitaldeasturias.com\\\/noticias\\\/aumenta-un-52-el-numero-de-participantes-en-los-programas-eramus-juventud\\\/#webpage\"},\"articleSection\":\"Actualidad\"},{\"@type\":\"BreadcrumbList\",\"@id\":\"https:\\\/\\\/www.eldigitaldeasturias.com\\\/noticias\\\/aumenta-un-52-el-numero-de-participantes-en-los-programas-eramus-juventud\\\/#breadcrumblist\",\"itemListElement\":[{\"@type\":\"ListItem\",\"@id\":\"https:\\\/\\\/www.eldigitaldeasturias.com\\\/noticias#listItem\",\"position\":1,\"name\":\"Home\",\"item\":\"https:\\\/\\\/www.eldigitaldeasturias.com\\\/noticias\",\"nextItem\":{\"@type\":\"ListItem\",\"@id\":\"https:\\\/\\\/www.eldigitaldeasturias.com\\\/noticias\\\/category\\\/actualidad\\\/#listItem\",\"name\":\"Actualidad\"}},{\"@type\":\"ListItem\",\"@id\":\"https:\\\/\\\/www.eldigitaldeasturias.com\\\/noticias\\\/category\\\/actualidad\\\/#listItem\",\"position\":2,\"name\":\"Actualidad\",\"item\":\"https:\\\/\\\/www.eldigitaldeasturias.com\\\/noticias\\\/category\\\/actualidad\\\/\",\"nextItem\":{\"@type\":\"ListItem\",\"@id\":\"https:\\\/\\\/www.eldigitaldeasturias.com\\\/noticias\\\/aumenta-un-52-el-numero-de-participantes-en-los-programas-eramus-juventud\\\/#listItem\",\"name\":\"Aumenta un 52% el n\\u00famero de participantes en los programas Eramus+ Juventud\"},\"previousItem\":{\"@type\":\"ListItem\",\"@id\":\"https:\\\/\\\/www.eldigitaldeasturias.com\\\/noticias#listItem\",\"name\":\"Home\"}},{\"@type\":\"ListItem\",\"@id\":\"https:\\\/\\\/www.eldigitaldeasturias.com\\\/noticias\\\/aumenta-un-52-el-numero-de-participantes-en-los-programas-eramus-juventud\\\/#listItem\",\"position\":3,\"name\":\"Aumenta un 52% el n\\u00famero de participantes en los programas Eramus+ Juventud\",\"previousItem\":{\"@type\":\"ListItem\",\"@id\":\"https:\\\/\\\/www.eldigitaldeasturias.com\\\/noticias\\\/category\\\/actualidad\\\/#listItem\",\"name\":\"Actualidad\"}}]},{\"@type\":\"Organization\",\"@id\":\"https:\\\/\\\/www.eldigitaldeasturias.com\\\/noticias\\\/#organization\",\"name\":\"El Digital de Asturias\",\"description\":\"Hemeroteca\",\"url\":\"https:\\\/\\\/www.eldigitaldeasturias.com\\\/noticias\\\/\",\"email\":\"info@eldigitaldeasturias.com\",\"telephone\":\"+34652131393\",\"logo\":{\"@type\":\"ImageObject\",\"url\":\"https:\\\/\\\/www.eldigitaldeasturias.com\\\/noticias\\\/wp-content\\\/uploads\\\/2020\\\/12\\\/EDA.jpg\",\"@id\":\"https:\\\/\\\/www.eldigitaldeasturias.com\\\/noticias\\\/aumenta-un-52-el-numero-de-participantes-en-los-programas-eramus-juventud\\\/#organizationLogo\"},\"image\":{\"@id\":\"https:\\\/\\\/www.eldigitaldeasturias.com\\\/noticias\\\/aumenta-un-52-el-numero-de-participantes-en-los-programas-eramus-juventud\\\/#organizationLogo\"},\"sameAs\":[\"https:\\\/\\\/facebook.com\\\/eldigitaldeasturias\",\"https:\\\/\\\/www.youtube.com\\\/channel\\\/UCZP-2wLEB9Rv6erhFmqVnvg\"],\"address\":{\"@id\":\"https:\\\/\\\/www.eldigitaldeasturias.com\\\/noticias\\\/#postaladdress\",\"@type\":\"PostalAddress\",\"streetAddress\":\"san antonio 4\",\"postalCode\":\"33430\",\"addressLocality\":\"Cand\\u00e1s\",\"addressRegion\":\"Asturias\",\"addressCountry\":\"ES\"}},{\"@type\":\"Person\",\"@id\":\"https:\\\/\\\/www.eldigitaldeasturias.com\\\/noticias\\\/author\\\/admin\\\/#author\",\"url\":\"https:\\\/\\\/www.eldigitaldeasturias.com\\\/noticias\\\/author\\\/admin\\\/\",\"name\":\"El Digital de Asturias\",\"image\":{\"@type\":\"ImageObject\",\"@id\":\"https:\\\/\\\/www.eldigitaldeasturias.com\\\/noticias\\\/aumenta-un-52-el-numero-de-participantes-en-los-programas-eramus-juventud\\\/#authorImage\",\"url\":\"https:\\\/\\\/secure.gravatar.com\\\/avatar\\\/df2aeffc32bcd13f8d26072ef8a91b623d677766deac7f97ca815868cd41bf5e?s=96&d=mm&r=g\",\"width\":96,\"height\":96,\"caption\":\"El Digital de Asturias\"}},{\"@type\":\"WebPage\",\"@id\":\"https:\\\/\\\/www.eldigitaldeasturias.com\\\/noticias\\\/aumenta-un-52-el-numero-de-participantes-en-los-programas-eramus-juventud\\\/#webpage\",\"url\":\"https:\\\/\\\/www.eldigitaldeasturias.com\\\/noticias\\\/aumenta-un-52-el-numero-de-participantes-en-los-programas-eramus-juventud\\\/\",\"name\":\"Aumenta un 52% el n\\u00famero de participantes en los programas Eramus+ Juventud - El Digital de Asturias\",\"description\":\"El n\\u00famero de participantes en las dos primeras convocatorias de los proyectos Erasmus+ Juventud que gestiona el Instituto Aragon\\u00e9s de la Juventud (IAJ) se ha incrementado en un 52% respecto a las cifras del a\\u00f1o pasado, pasando de 222 j\\u00f3venes beneficiados a 338. El director del Instituto Aragon\\u00e9s de la juventud, Adri\\u00e1n Gimeno, ha expresado\",\"inLanguage\":\"es-ES\",\"isPartOf\":{\"@id\":\"https:\\\/\\\/www.eldigitaldeasturias.com\\\/noticias\\\/#website\"},\"breadcrumb\":{\"@id\":\"https:\\\/\\\/www.eldigitaldeasturias.com\\\/noticias\\\/aumenta-un-52-el-numero-de-participantes-en-los-programas-eramus-juventud\\\/#breadcrumblist\"},\"author\":{\"@id\":\"https:\\\/\\\/www.eldigitaldeasturias.com\\\/noticias\\\/author\\\/admin\\\/#author\"},\"creator\":{\"@id\":\"https:\\\/\\\/www.eldigitaldeasturias.com\\\/noticias\\\/author\\\/admin\\\/#author\"},\"image\":{\"@type\":\"ImageObject\",\"url\":950159,\"@id\":\"https:\\\/\\\/www.eldigitaldeasturias.com\\\/noticias\\\/aumenta-un-52-el-numero-de-participantes-en-los-programas-eramus-juventud\\\/#mainImage\"},\"primaryImageOfPage\":{\"@id\":\"https:\\\/\\\/www.eldigitaldeasturias.com\\\/noticias\\\/aumenta-un-52-el-numero-de-participantes-en-los-programas-eramus-juventud\\\/#mainImage\"},\"datePublished\":\"2017-08-17T22:29:35+02:00\",\"dateModified\":\"2017-08-17T22:29:35+02:00\"},{\"@type\":\"WebSite\",\"@id\":\"https:\\\/\\\/www.eldigitaldeasturias.com\\\/noticias\\\/#website\",\"url\":\"https:\\\/\\\/www.eldigitaldeasturias.com\\\/noticias\\\/\",\"name\":\"El Digital de Asturias - Diario de actualidad y noticias\",\"alternateName\":\"El Digital de Asturias - Diario de actualidad y noticias\",\"description\":\"Hemeroteca\",\"inLanguage\":\"es-ES\",\"publisher\":{\"@id\":\"https:\\\/\\\/www.eldigitaldeasturias.com\\\/noticias\\\/#organization\"}}]}\n\t\t<\/script>\n\t\t<!-- All in One SEO Pro -->\r\n\t\t<title>Aumenta un 52% el n\u00famero de participantes en los programas Eramus+ Juventud - El Digital de Asturias<\/title>\n\n","aioseo_head_json":{"title":"Aumenta un 52% el n\u00famero de participantes en los programas Eramus+ Juventud - El Digital de Asturias","description":"El n\u00famero de participantes en las dos primeras convocatorias de los proyectos Erasmus+ Juventud que gestiona el Instituto Aragon\u00e9s de la Juventud (IAJ) se ha incrementado en un 52% respecto a las cifras del a\u00f1o pasado, pasando de 222 j\u00f3venes beneficiados a 338. El director del Instituto Aragon\u00e9s de la juventud, Adri\u00e1n Gimeno, ha expresado","canonical_url":"https:\/\/www.eldigitaldeasturias.com\/noticias\/aumenta-un-52-el-numero-de-participantes-en-los-programas-eramus-juventud\/","robots":"max-image-preview:large","keywords":"actualidad","webmasterTools":{"google-site-verification":"UA-38556648-1","msvalidate.01":"7dfe9f3f1b24437ab69f4f2559babe99","miscellaneous":""},"schema":{"@context":"https:\/\/schema.org","@graph":[{"@type":"BlogPosting","@id":"https:\/\/www.eldigitaldeasturias.com\/noticias\/aumenta-un-52-el-numero-de-participantes-en-los-programas-eramus-juventud\/#blogposting","name":"Aumenta un 52% el n\u00famero de participantes en los programas Eramus+ Juventud - El Digital de Asturias","headline":"Aumenta un 52% el n\u00famero de participantes en los programas Eramus+ Juventud","author":{"@id":"https:\/\/www.eldigitaldeasturias.com\/noticias\/author\/admin\/#author"},"publisher":{"@id":"https:\/\/www.eldigitaldeasturias.com\/noticias\/#organization"},"image":{"@type":"ImageObject","url":950159},"datePublished":"2017-08-17T22:29:35+02:00","dateModified":"2017-08-17T22:29:35+02:00","inLanguage":"es-ES","mainEntityOfPage":{"@id":"https:\/\/www.eldigitaldeasturias.com\/noticias\/aumenta-un-52-el-numero-de-participantes-en-los-programas-eramus-juventud\/#webpage"},"isPartOf":{"@id":"https:\/\/www.eldigitaldeasturias.com\/noticias\/aumenta-un-52-el-numero-de-participantes-en-los-programas-eramus-juventud\/#webpage"},"articleSection":"Actualidad"},{"@type":"BreadcrumbList","@id":"https:\/\/www.eldigitaldeasturias.com\/noticias\/aumenta-un-52-el-numero-de-participantes-en-los-programas-eramus-juventud\/#breadcrumblist","itemListElement":[{"@type":"ListItem","@id":"https:\/\/www.eldigitaldeasturias.com\/noticias#listItem","position":1,"name":"Home","item":"https:\/\/www.eldigitaldeasturias.com\/noticias","nextItem":{"@type":"ListItem","@id":"https:\/\/www.eldigitaldeasturias.com\/noticias\/category\/actualidad\/#listItem","name":"Actualidad"}},{"@type":"ListItem","@id":"https:\/\/www.eldigitaldeasturias.com\/noticias\/category\/actualidad\/#listItem","position":2,"name":"Actualidad","item":"https:\/\/www.eldigitaldeasturias.com\/noticias\/category\/actualidad\/","nextItem":{"@type":"ListItem","@id":"https:\/\/www.eldigitaldeasturias.com\/noticias\/aumenta-un-52-el-numero-de-participantes-en-los-programas-eramus-juventud\/#listItem","name":"Aumenta un 52% el n\u00famero de participantes en los programas Eramus+ Juventud"},"previousItem":{"@type":"ListItem","@id":"https:\/\/www.eldigitaldeasturias.com\/noticias#listItem","name":"Home"}},{"@type":"ListItem","@id":"https:\/\/www.eldigitaldeasturias.com\/noticias\/aumenta-un-52-el-numero-de-participantes-en-los-programas-eramus-juventud\/#listItem","position":3,"name":"Aumenta un 52% el n\u00famero de participantes en los programas Eramus+ Juventud","previousItem":{"@type":"ListItem","@id":"https:\/\/www.eldigitaldeasturias.com\/noticias\/category\/actualidad\/#listItem","name":"Actualidad"}}]},{"@type":"Organization","@id":"https:\/\/www.eldigitaldeasturias.com\/noticias\/#organization","name":"El Digital de Asturias","description":"Hemeroteca","url":"https:\/\/www.eldigitaldeasturias.com\/noticias\/","email":"info@eldigitaldeasturias.com","telephone":"+34652131393","logo":{"@type":"ImageObject","url":"https:\/\/www.eldigitaldeasturias.com\/noticias\/wp-content\/uploads\/2020\/12\/EDA.jpg","@id":"https:\/\/www.eldigitaldeasturias.com\/noticias\/aumenta-un-52-el-numero-de-participantes-en-los-programas-eramus-juventud\/#organizationLogo"},"image":{"@id":"https:\/\/www.eldigitaldeasturias.com\/noticias\/aumenta-un-52-el-numero-de-participantes-en-los-programas-eramus-juventud\/#organizationLogo"},"sameAs":["https:\/\/facebook.com\/eldigitaldeasturias","https:\/\/www.youtube.com\/channel\/UCZP-2wLEB9Rv6erhFmqVnvg"],"address":{"@id":"https:\/\/www.eldigitaldeasturias.com\/noticias\/#postaladdress","@type":"PostalAddress","streetAddress":"san antonio 4","postalCode":"33430","addressLocality":"Cand\u00e1s","addressRegion":"Asturias","addressCountry":"ES"}},{"@type":"Person","@id":"https:\/\/www.eldigitaldeasturias.com\/noticias\/author\/admin\/#author","url":"https:\/\/www.eldigitaldeasturias.com\/noticias\/author\/admin\/","name":"El Digital de Asturias","image":{"@type":"ImageObject","@id":"https:\/\/www.eldigitaldeasturias.com\/noticias\/aumenta-un-52-el-numero-de-participantes-en-los-programas-eramus-juventud\/#authorImage","url":"https:\/\/secure.gravatar.com\/avatar\/df2aeffc32bcd13f8d26072ef8a91b623d677766deac7f97ca815868cd41bf5e?s=96&d=mm&r=g","width":96,"height":96,"caption":"El Digital de Asturias"}},{"@type":"WebPage","@id":"https:\/\/www.eldigitaldeasturias.com\/noticias\/aumenta-un-52-el-numero-de-participantes-en-los-programas-eramus-juventud\/#webpage","url":"https:\/\/www.eldigitaldeasturias.com\/noticias\/aumenta-un-52-el-numero-de-participantes-en-los-programas-eramus-juventud\/","name":"Aumenta un 52% el n\u00famero de participantes en los programas Eramus+ Juventud - El Digital de Asturias","description":"El n\u00famero de participantes en las dos primeras convocatorias de los proyectos Erasmus+ Juventud que gestiona el Instituto Aragon\u00e9s de la Juventud (IAJ) se ha incrementado en un 52% respecto a las cifras del a\u00f1o pasado, pasando de 222 j\u00f3venes beneficiados a 338. El director del Instituto Aragon\u00e9s de la juventud, Adri\u00e1n Gimeno, ha expresado","inLanguage":"es-ES","isPartOf":{"@id":"https:\/\/www.eldigitaldeasturias.com\/noticias\/#website"},"breadcrumb":{"@id":"https:\/\/www.eldigitaldeasturias.com\/noticias\/aumenta-un-52-el-numero-de-participantes-en-los-programas-eramus-juventud\/#breadcrumblist"},"author":{"@id":"https:\/\/www.eldigitaldeasturias.com\/noticias\/author\/admin\/#author"},"creator":{"@id":"https:\/\/www.eldigitaldeasturias.com\/noticias\/author\/admin\/#author"},"image":{"@type":"ImageObject","url":950159,"@id":"https:\/\/www.eldigitaldeasturias.com\/noticias\/aumenta-un-52-el-numero-de-participantes-en-los-programas-eramus-juventud\/#mainImage"},"primaryImageOfPage":{"@id":"https:\/\/www.eldigitaldeasturias.com\/noticias\/aumenta-un-52-el-numero-de-participantes-en-los-programas-eramus-juventud\/#mainImage"},"datePublished":"2017-08-17T22:29:35+02:00","dateModified":"2017-08-17T22:29:35+02:00"},{"@type":"WebSite","@id":"https:\/\/www.eldigitaldeasturias.com\/noticias\/#website","url":"https:\/\/www.eldigitaldeasturias.com\/noticias\/","name":"El Digital de Asturias - Diario de actualidad y noticias","alternateName":"El Digital de Asturias - Diario de actualidad y noticias","description":"Hemeroteca","inLanguage":"es-ES","publisher":{"@id":"https:\/\/www.eldigitaldeasturias.com\/noticias\/#organization"}}]},"og:locale":"es_ES","og:site_name":"El Digital de Asturias","og:type":"article","og:title":"Aumenta un 52% el n\u00famero de participantes en los programas Eramus+ Juventud - El Digital de Asturias","og:description":"El n\u00famero de participantes en las dos primeras convocatorias de los proyectos Erasmus+ Juventud que gestiona el Instituto Aragon\u00e9s de la Juventud (IAJ) se ha incrementado en un 52% respecto a las cifras del a\u00f1o pasado, pasando de 222 j\u00f3venes beneficiados a 338. El director del Instituto Aragon\u00e9s de la juventud, Adri\u00e1n Gimeno, ha expresado","og:url":"https:\/\/www.eldigitaldeasturias.com\/noticias\/aumenta-un-52-el-numero-de-participantes-en-los-programas-eramus-juventud\/","article:tag":["actualidad"],"article:published_time":"2017-08-17T22:29:35+00:00","article:modified_time":"2017-08-17T22:29:35+00:00","article:publisher":"https:\/\/facebook.com\/eldigitaldeasturias","twitter:card":"summary_large_image","twitter:title":"Aumenta un 52% el n\u00famero de participantes en los programas Eramus+ Juventud - El Digital de Asturias","twitter:description":"El n\u00famero de participantes en las dos primeras convocatorias de los proyectos Erasmus+ Juventud que gestiona el Instituto Aragon\u00e9s de la Juventud (IAJ) se ha incrementado en un 52% respecto a las cifras del a\u00f1o pasado, pasando de 222 j\u00f3venes beneficiados a 338. El director del Instituto Aragon\u00e9s de la juventud, Adri\u00e1n Gimeno, ha expresado","twitter:image":"https:\/\/www.eldigitaldeasturias.com\/noticias\/wp-content\/uploads\/2020\/12\/EDA-1.jpg","twitter:label1":"Escrito por","twitter:data1":"El Digital de Asturias","twitter:label2":"Tiempo de lectura estimado","twitter:data2":"3 minutos"},"aioseo_meta_data":{"post_id":"950158","title":null,"description":null,"keywords":null,"keyphrases":null,"primary_term":null,"canonical_url":null,"og_title":null,"og_description":null,"og_object_type":"default","og_image_type":"default","og_image_url":null,"og_image_width":null,"og_image_height":null,"og_image_custom_url":null,"og_image_custom_fields":null,"og_video":null,"og_custom_url":null,"og_article_section":null,"og_article_tags":null,"twitter_use_og":false,"twitter_card":"default","twitter_image_type":"default","twitter_image_url":null,"twitter_image_custom_url":null,"twitter_image_custom_fields":null,"twitter_title":null,"twitter_description":null,"schema":{"blockGraphs":[],"customGraphs":[],"default":{"data":{"Article":[],"Course":[],"Dataset":[],"FAQPage":[],"Movie":[],"Person":[],"Product":[],"ProductReview":[],"Car":[],"Recipe":[],"Service":[],"SoftwareApplication":[],"WebPage":[]},"graphName":"","isEnabled":true},"graphs":[],"defaultGraph":"","defaultPostTypeGraph":""},"schema_type":null,"schema_type_options":null,"pillar_content":false,"robots_default":true,"robots_noindex":false,"robots_noarchive":false,"robots_nosnippet":false,"robots_nofollow":false,"robots_noimageindex":false,"robots_noodp":false,"robots_notranslate":false,"robots_max_snippet":null,"robots_max_videopreview":null,"robots_max_imagepreview":"large","priority":null,"frequency":null,"local_seo":null,"seo_analyzer_scan_date":"2025-12-05 14:48:42","breadcrumb_settings":null,"limit_modified_date":false,"open_ai":null,"ai":null,"created":"2020-12-21 12:59:41","updated":"2025-12-05 14:48:42","focus_keyword":null,"additional_keywords":null,"truseo_locale":null},"aioseo_breadcrumb":"<div class=\"aioseo-breadcrumbs\"><span class=\"aioseo-breadcrumb\">\n\t<a href=\"https:\/\/www.eldigitaldeasturias.com\/noticias\" title=\"Home\">Home<\/a>\n<\/span><span class=\"aioseo-breadcrumb-separator\">\u2013<\/span><span class=\"aioseo-breadcrumb\">\n\t<a href=\"https:\/\/www.eldigitaldeasturias.com\/noticias\/category\/actualidad\/\" title=\"Actualidad\">Actualidad<\/a>\n<\/span><span class=\"aioseo-breadcrumb-separator\">\u2013<\/span><span class=\"aioseo-breadcrumb\">\n\t<a href=\"https:\/\/www.eldigitaldeasturias.com\/noticias\/aumenta-un-52-el-numero-de-participantes-en-los-programas-eramus-juventud\/\" title=\"Aumenta un 52% el n\u00famero de participantes en los programas Eramus+ Juventud\">Aumenta un 52% el n\u00famero de participantes en los programas Eramus+ Juventud<\/a>\n<\/span><\/div>","aioseo_breadcrumb_json":[{"label":"Home","link":"https:\/\/www.eldigitaldeasturias.com\/noticias"},{"label":"Actualidad","link":"https:\/\/www.eldigitaldeasturias.com\/noticias\/category\/actualidad\/"},{"label":"Aumenta un 52% el n\u00famero de participantes en los programas Eramus+ Juventud","link":"https:\/\/www.eldigitaldeasturias.com\/noticias\/aumenta-un-52-el-numero-de-participantes-en-los-programas-eramus-juventud\/"}],"_links":{"self":[{"href":"https:\/\/www.eldigitaldeasturias.com\/noticias\/wp-json\/wp\/v2\/posts\/950158","targetHints":{"allow":["GET"]}}],"collection":[{"href":"https:\/\/www.eldigitaldeasturias.com\/noticias\/wp-json\/wp\/v2\/posts"}],"about":[{"href":"https:\/\/www.eldigitaldeasturias.com\/noticias\/wp-json\/wp\/v2\/types\/post"}],"author":[{"embeddable":true,"href":"https:\/\/www.eldigitaldeasturias.com\/noticias\/wp-json\/wp\/v2\/users\/1"}],"replies":[{"embeddable":true,"href":"https:\/\/www.eldigitaldeasturias.com\/noticias\/wp-json\/wp\/v2\/comments?post=950158"}],"version-history":[{"count":0,"href":"https:\/\/www.eldigitaldeasturias.com\/noticias\/wp-json\/wp\/v2\/posts\/950158\/revisions"}],"wp:attachment":[{"href":"https:\/\/www.eldigitaldeasturias.com\/noticias\/wp-json\/wp\/v2\/media?parent=950158"}],"wp:term":[{"taxonomy":"category","embeddable":true,"href":"https:\/\/www.eldigitaldeasturias.com\/noticias\/wp-json\/wp\/v2\/categories?post=950158"},{"taxonomy":"post_tag","embeddable":true,"href":"https:\/\/www.eldigitaldeasturias.com\/noticias\/wp-json\/wp\/v2\/tags?post=950158"}],"curies":[{"name":"wp","href":"https:\/\/api.w.org\/{rel}","templated":true}]}}