{"id":950138,"date":"2017-08-17T20:32:14","date_gmt":"2017-08-17T20:32:14","guid":{"rendered":"http:\/\/www.eldigitaldeasturias.com\/noticias\/?p=950138"},"modified":"2017-08-17T20:32:14","modified_gmt":"2017-08-17T20:32:14","slug":"recortes-cero-lanza-una-campana-contra-la-estafa-antidemocratica-del-referendum-del-1-o","status":"publish","type":"post","link":"https:\/\/www.eldigitaldeasturias.com\/noticias\/recortes-cero-lanza-una-campana-contra-la-estafa-antidemocratica-del-referendum-del-1-o\/","title":{"rendered":"Recortes Cero lanza una campa\u00f1a contra la \u00abestafa antidemocr\u00e1tica\u00bb del refer\u00e9ndum del 1-O"},"content":{"rendered":"<p><img loading=\"lazy\" decoding=\"async\" class=\"alignleft size-medium wp-image-950139\" src=\"https:\/\/www.eldigitaldeasturias.com\/noticias\/wp-content\/uploads\/2017\/08\/Barcelona-360x270.jpg\" alt=\"\" width=\"360\" height=\"270\" \/>La coordinadora de Catalu\u00f1a de Recortes Cero ha iniciado una campa\u00f1a en el \u00e1rea metropolitana de Barcelona en la que tacha el refer\u00e9ndum del 1 de octubre de \u00abestafa antidemocr\u00e1tica\u00bb.<\/p>\n<p>En un comunicado este jueves, la entidad ha explicado que han enganchado carteles en 40 poblaciones de las afueras de Barcelona y que hasta el 1 de setiembre recorrer\u00e1n \u00abel cintur\u00f3n industrial de Barcelona\u00bb, formado por las comarcas del Barcelon\u00e8s, Baix Llobregat, Vall\u00e8s Occidental, Vall\u00e8s Oriental, Maresme y Garraf.<\/p>\n<p>Recortes Cero ha alertado de que el refer\u00e9ndum \u00abno ofrece criterios democr\u00e1ticos de participaci\u00f3n y propone una secesi\u00f3n expr\u00e9s de 48 horas con un solo de diferencia\u00bb, y que, seg\u00fan ellos, el proceso independentista margina a la oposici\u00f3n y elimina el debate parlamentario.<\/p>\n<p>Ha sostenido que la independencia \u00abpodr\u00eda significar acabar con los lazos de la unidad de un pueblo trabajador que ha luchado unido contra el franquismo, la guerra o el terrorismo, o fraccionar de forma dr\u00e1stica la clase obrera\u00bb y ha recordado que el expresidente de la Generalitat Artur Mas apoy\u00f3 la reforma laboral del PP.<\/p>\n<p>Ha definido al presidente de la Generalitat, Carles Puigdemont, y el del Gobierno, Mariano Rajoy, como dos caras de la misma moneda por sus pol\u00edticas de recortes, por lo que la portavoz de la entidad, Nuria Su\u00e1rez, ha advertido de que \u00abnadie que se diga de izquierdas deber\u00eda ir de la mano de esta gente\u00bb.<\/p>\n<p>&nbsp;<\/p>\n","protected":false},"excerpt":{"rendered":"<p>La coordinadora de Catalu\u00f1a de Recortes Cero ha iniciado una campa\u00f1a en el \u00e1rea metropolitana de Barcelona en la que tacha el refer\u00e9ndum del 1 de octubre de \u00abestafa antidemocr\u00e1tica\u00bb. En un comunicado este jueves, la entidad ha explicado que han enganchado carteles en 40 poblaciones de las afueras de Barcelona y que hasta el [&hellip;]<\/p>\n","protected":false},"author":1,"featured_media":950139,"comment_status":"closed","ping_status":"closed","sticky":false,"template":"","format":"standard","meta":{"footnotes":""},"categories":[1],"tags":[],"class_list":["post-950138","post","type-post","status-publish","format-standard","has-post-thumbnail","hentry","category-actualidad"],"aioseo_notices":[],"aioseo_head":"\n\t\t<!-- All in One SEO Pro 5.0.1 - aioseo.com -->\n\t<meta name=\"description\" content=\"La coordinadora de Catalu\u00f1a de Recortes Cero ha iniciado una campa\u00f1a en el \u00e1rea metropolitana de Barcelona en la que tacha el refer\u00e9ndum del 1 de octubre de &quot;estafa antidemocr\u00e1tica&quot;. En un comunicado este jueves, la entidad ha explicado que han enganchado carteles en 40 poblaciones de las afueras de Barcelona y que hasta el\" \/>\n\t<meta name=\"robots\" content=\"max-image-preview:large\" \/>\n\t<meta name=\"author\" content=\"El Digital de Asturias\"\/>\n\t<meta name=\"google-site-verification\" content=\"UA-38556648-1\" \/>\n\t<meta name=\"msvalidate.01\" content=\"7dfe9f3f1b24437ab69f4f2559babe99\" \/>\n\t<meta name=\"keywords\" content=\"actualidad\" \/>\n\t<link rel=\"canonical\" href=\"https:\/\/www.eldigitaldeasturias.com\/noticias\/recortes-cero-lanza-una-campana-contra-la-estafa-antidemocratica-del-referendum-del-1-o\/\" \/>\n\t<meta name=\"generator\" content=\"All in One SEO Pro (AIOSEO) 5.0.1\" \/>\n\t\t<meta property=\"og:locale\" content=\"es_ES\" \/>\n\t\t<meta property=\"og:site_name\" content=\"El Digital de Asturias\" \/>\n\t\t<meta property=\"og:type\" content=\"article\" \/>\n\t\t<meta property=\"og:title\" content=\"Recortes Cero lanza una campa\u00f1a contra la \u00abestafa antidemocr\u00e1tica\u00bb del refer\u00e9ndum del 1-O - El Digital de Asturias\" \/>\n\t\t<meta property=\"og:description\" content=\"La coordinadora de Catalu\u00f1a de Recortes Cero ha iniciado una campa\u00f1a en el \u00e1rea metropolitana de Barcelona en la que tacha el refer\u00e9ndum del 1 de octubre de &quot;estafa antidemocr\u00e1tica&quot;. En un comunicado este jueves, la entidad ha explicado que han enganchado carteles en 40 poblaciones de las afueras de Barcelona y que hasta el\" \/>\n\t\t<meta property=\"og:url\" content=\"https:\/\/www.eldigitaldeasturias.com\/noticias\/recortes-cero-lanza-una-campana-contra-la-estafa-antidemocratica-del-referendum-del-1-o\/\" \/>\n\t\t<meta property=\"article:tag\" content=\"actualidad\" \/>\n\t\t<meta property=\"article:published_time\" content=\"2017-08-17T20:32:14+00:00\" \/>\n\t\t<meta property=\"article:modified_time\" content=\"2017-08-17T20:32:14+00:00\" \/>\n\t\t<meta property=\"article:publisher\" content=\"https:\/\/facebook.com\/eldigitaldeasturias\" \/>\n\t\t<meta name=\"twitter:card\" content=\"summary_large_image\" \/>\n\t\t<meta name=\"twitter:title\" content=\"Recortes Cero lanza una campa\u00f1a contra la \u00abestafa antidemocr\u00e1tica\u00bb del refer\u00e9ndum del 1-O - El Digital de Asturias\" \/>\n\t\t<meta name=\"twitter:description\" content=\"La coordinadora de Catalu\u00f1a de Recortes Cero ha iniciado una campa\u00f1a en el \u00e1rea metropolitana de Barcelona en la que tacha el refer\u00e9ndum del 1 de octubre de &quot;estafa antidemocr\u00e1tica&quot;. En un comunicado este jueves, la entidad ha explicado que han enganchado carteles en 40 poblaciones de las afueras de Barcelona y que hasta el\" \/>\n\t\t<meta name=\"twitter:image\" content=\"https:\/\/www.eldigitaldeasturias.com\/noticias\/wp-content\/uploads\/2020\/12\/EDA-1.jpg\" \/>\n\t\t<meta name=\"twitter:label1\" content=\"Escrito por\" \/>\n\t\t<meta name=\"twitter:data1\" content=\"El Digital de Asturias\" \/>\n\t\t<meta name=\"twitter:label2\" content=\"Tiempo de lectura estimado\" \/>\n\t\t<meta name=\"twitter:data2\" content=\"1 minuto\" \/>\n\t\t<script type=\"application\/ld+json\" class=\"aioseo-schema\">\n\t\t\t{\"@context\":\"https:\\\/\\\/schema.org\",\"@graph\":[{\"@type\":\"BlogPosting\",\"@id\":\"https:\\\/\\\/www.eldigitaldeasturias.com\\\/noticias\\\/recortes-cero-lanza-una-campana-contra-la-estafa-antidemocratica-del-referendum-del-1-o\\\/#blogposting\",\"name\":\"Recortes Cero lanza una campa\\u00f1a contra la \\u00abestafa antidemocr\\u00e1tica\\u00bb del refer\\u00e9ndum del 1-O - El Digital de Asturias\",\"headline\":\"Recortes Cero lanza una campa\\u00f1a contra la \\u00abestafa antidemocr\\u00e1tica\\u00bb del refer\\u00e9ndum del 1-O\",\"author\":{\"@id\":\"https:\\\/\\\/www.eldigitaldeasturias.com\\\/noticias\\\/author\\\/admin\\\/#author\"},\"publisher\":{\"@id\":\"https:\\\/\\\/www.eldigitaldeasturias.com\\\/noticias\\\/#organization\"},\"image\":{\"@type\":\"ImageObject\",\"url\":950139},\"datePublished\":\"2017-08-17T20:32:14+02:00\",\"dateModified\":\"2017-08-17T20:32:14+02:00\",\"inLanguage\":\"es-ES\",\"mainEntityOfPage\":{\"@id\":\"https:\\\/\\\/www.eldigitaldeasturias.com\\\/noticias\\\/recortes-cero-lanza-una-campana-contra-la-estafa-antidemocratica-del-referendum-del-1-o\\\/#webpage\"},\"isPartOf\":{\"@id\":\"https:\\\/\\\/www.eldigitaldeasturias.com\\\/noticias\\\/recortes-cero-lanza-una-campana-contra-la-estafa-antidemocratica-del-referendum-del-1-o\\\/#webpage\"},\"articleSection\":\"Actualidad\"},{\"@type\":\"BreadcrumbList\",\"@id\":\"https:\\\/\\\/www.eldigitaldeasturias.com\\\/noticias\\\/recortes-cero-lanza-una-campana-contra-la-estafa-antidemocratica-del-referendum-del-1-o\\\/#breadcrumblist\",\"itemListElement\":[{\"@type\":\"ListItem\",\"@id\":\"https:\\\/\\\/www.eldigitaldeasturias.com\\\/noticias#listItem\",\"position\":1,\"name\":\"Home\",\"item\":\"https:\\\/\\\/www.eldigitaldeasturias.com\\\/noticias\",\"nextItem\":{\"@type\":\"ListItem\",\"@id\":\"https:\\\/\\\/www.eldigitaldeasturias.com\\\/noticias\\\/category\\\/actualidad\\\/#listItem\",\"name\":\"Actualidad\"}},{\"@type\":\"ListItem\",\"@id\":\"https:\\\/\\\/www.eldigitaldeasturias.com\\\/noticias\\\/category\\\/actualidad\\\/#listItem\",\"position\":2,\"name\":\"Actualidad\",\"item\":\"https:\\\/\\\/www.eldigitaldeasturias.com\\\/noticias\\\/category\\\/actualidad\\\/\",\"nextItem\":{\"@type\":\"ListItem\",\"@id\":\"https:\\\/\\\/www.eldigitaldeasturias.com\\\/noticias\\\/recortes-cero-lanza-una-campana-contra-la-estafa-antidemocratica-del-referendum-del-1-o\\\/#listItem\",\"name\":\"Recortes Cero lanza una campa\\u00f1a contra la \\u00abestafa antidemocr\\u00e1tica\\u00bb del refer\\u00e9ndum del 1-O\"},\"previousItem\":{\"@type\":\"ListItem\",\"@id\":\"https:\\\/\\\/www.eldigitaldeasturias.com\\\/noticias#listItem\",\"name\":\"Home\"}},{\"@type\":\"ListItem\",\"@id\":\"https:\\\/\\\/www.eldigitaldeasturias.com\\\/noticias\\\/recortes-cero-lanza-una-campana-contra-la-estafa-antidemocratica-del-referendum-del-1-o\\\/#listItem\",\"position\":3,\"name\":\"Recortes Cero lanza una campa\\u00f1a contra la \\u00abestafa antidemocr\\u00e1tica\\u00bb del refer\\u00e9ndum del 1-O\",\"previousItem\":{\"@type\":\"ListItem\",\"@id\":\"https:\\\/\\\/www.eldigitaldeasturias.com\\\/noticias\\\/category\\\/actualidad\\\/#listItem\",\"name\":\"Actualidad\"}}]},{\"@type\":\"Organization\",\"@id\":\"https:\\\/\\\/www.eldigitaldeasturias.com\\\/noticias\\\/#organization\",\"name\":\"El Digital de Asturias\",\"description\":\"Hemeroteca\",\"url\":\"https:\\\/\\\/www.eldigitaldeasturias.com\\\/noticias\\\/\",\"email\":\"info@eldigitaldeasturias.com\",\"telephone\":\"+34652131393\",\"logo\":{\"@type\":\"ImageObject\",\"url\":\"https:\\\/\\\/www.eldigitaldeasturias.com\\\/noticias\\\/wp-content\\\/uploads\\\/2020\\\/12\\\/EDA.jpg\",\"@id\":\"https:\\\/\\\/www.eldigitaldeasturias.com\\\/noticias\\\/recortes-cero-lanza-una-campana-contra-la-estafa-antidemocratica-del-referendum-del-1-o\\\/#organizationLogo\"},\"image\":{\"@id\":\"https:\\\/\\\/www.eldigitaldeasturias.com\\\/noticias\\\/recortes-cero-lanza-una-campana-contra-la-estafa-antidemocratica-del-referendum-del-1-o\\\/#organizationLogo\"},\"sameAs\":[\"https:\\\/\\\/facebook.com\\\/eldigitaldeasturias\",\"https:\\\/\\\/www.youtube.com\\\/channel\\\/UCZP-2wLEB9Rv6erhFmqVnvg\"],\"address\":{\"@id\":\"https:\\\/\\\/www.eldigitaldeasturias.com\\\/noticias\\\/#postaladdress\",\"@type\":\"PostalAddress\",\"streetAddress\":\"san antonio 4\",\"postalCode\":\"33430\",\"addressLocality\":\"Cand\\u00e1s\",\"addressRegion\":\"Asturias\",\"addressCountry\":\"ES\"}},{\"@type\":\"Person\",\"@id\":\"https:\\\/\\\/www.eldigitaldeasturias.com\\\/noticias\\\/author\\\/admin\\\/#author\",\"url\":\"https:\\\/\\\/www.eldigitaldeasturias.com\\\/noticias\\\/author\\\/admin\\\/\",\"name\":\"El Digital de Asturias\",\"image\":{\"@type\":\"ImageObject\",\"@id\":\"https:\\\/\\\/www.eldigitaldeasturias.com\\\/noticias\\\/recortes-cero-lanza-una-campana-contra-la-estafa-antidemocratica-del-referendum-del-1-o\\\/#authorImage\",\"url\":\"https:\\\/\\\/secure.gravatar.com\\\/avatar\\\/df2aeffc32bcd13f8d26072ef8a91b623d677766deac7f97ca815868cd41bf5e?s=96&d=mm&r=g\",\"width\":96,\"height\":96,\"caption\":\"El Digital de Asturias\"}},{\"@type\":\"WebPage\",\"@id\":\"https:\\\/\\\/www.eldigitaldeasturias.com\\\/noticias\\\/recortes-cero-lanza-una-campana-contra-la-estafa-antidemocratica-del-referendum-del-1-o\\\/#webpage\",\"url\":\"https:\\\/\\\/www.eldigitaldeasturias.com\\\/noticias\\\/recortes-cero-lanza-una-campana-contra-la-estafa-antidemocratica-del-referendum-del-1-o\\\/\",\"name\":\"Recortes Cero lanza una campa\\u00f1a contra la \\u00abestafa antidemocr\\u00e1tica\\u00bb del refer\\u00e9ndum del 1-O - El Digital de Asturias\",\"description\":\"La coordinadora de Catalu\\u00f1a de Recortes Cero ha iniciado una campa\\u00f1a en el \\u00e1rea metropolitana de Barcelona en la que tacha el refer\\u00e9ndum del 1 de octubre de \\\"estafa antidemocr\\u00e1tica\\\". En un comunicado este jueves, la entidad ha explicado que han enganchado carteles en 40 poblaciones de las afueras de Barcelona y que hasta el\",\"inLanguage\":\"es-ES\",\"isPartOf\":{\"@id\":\"https:\\\/\\\/www.eldigitaldeasturias.com\\\/noticias\\\/#website\"},\"breadcrumb\":{\"@id\":\"https:\\\/\\\/www.eldigitaldeasturias.com\\\/noticias\\\/recortes-cero-lanza-una-campana-contra-la-estafa-antidemocratica-del-referendum-del-1-o\\\/#breadcrumblist\"},\"author\":{\"@id\":\"https:\\\/\\\/www.eldigitaldeasturias.com\\\/noticias\\\/author\\\/admin\\\/#author\"},\"creator\":{\"@id\":\"https:\\\/\\\/www.eldigitaldeasturias.com\\\/noticias\\\/author\\\/admin\\\/#author\"},\"image\":{\"@type\":\"ImageObject\",\"url\":950139,\"@id\":\"https:\\\/\\\/www.eldigitaldeasturias.com\\\/noticias\\\/recortes-cero-lanza-una-campana-contra-la-estafa-antidemocratica-del-referendum-del-1-o\\\/#mainImage\"},\"primaryImageOfPage\":{\"@id\":\"https:\\\/\\\/www.eldigitaldeasturias.com\\\/noticias\\\/recortes-cero-lanza-una-campana-contra-la-estafa-antidemocratica-del-referendum-del-1-o\\\/#mainImage\"},\"datePublished\":\"2017-08-17T20:32:14+02:00\",\"dateModified\":\"2017-08-17T20:32:14+02:00\"},{\"@type\":\"WebSite\",\"@id\":\"https:\\\/\\\/www.eldigitaldeasturias.com\\\/noticias\\\/#website\",\"url\":\"https:\\\/\\\/www.eldigitaldeasturias.com\\\/noticias\\\/\",\"name\":\"El Digital de Asturias - Diario de actualidad y noticias\",\"alternateName\":\"El Digital de Asturias - Diario de actualidad y noticias\",\"description\":\"Hemeroteca\",\"inLanguage\":\"es-ES\",\"publisher\":{\"@id\":\"https:\\\/\\\/www.eldigitaldeasturias.com\\\/noticias\\\/#organization\"}}]}\n\t\t<\/script>\n\t\t<!-- All in One SEO Pro -->\r\n\t\t<title>Recortes Cero lanza una campa\u00f1a contra la \u00abestafa antidemocr\u00e1tica\u00bb del refer\u00e9ndum del 1-O - El Digital de Asturias<\/title>\n\n","aioseo_head_json":{"title":"Recortes Cero lanza una campa\u00f1a contra la \u00abestafa antidemocr\u00e1tica\u00bb del refer\u00e9ndum del 1-O - El Digital de Asturias","description":"La coordinadora de Catalu\u00f1a de Recortes Cero ha iniciado una campa\u00f1a en el \u00e1rea metropolitana de Barcelona en la que tacha el refer\u00e9ndum del 1 de octubre de \"estafa antidemocr\u00e1tica\". En un comunicado este jueves, la entidad ha explicado que han enganchado carteles en 40 poblaciones de las afueras de Barcelona y que hasta el","canonical_url":"https:\/\/www.eldigitaldeasturias.com\/noticias\/recortes-cero-lanza-una-campana-contra-la-estafa-antidemocratica-del-referendum-del-1-o\/","robots":"max-image-preview:large","keywords":"actualidad","webmasterTools":{"google-site-verification":"UA-38556648-1","msvalidate.01":"7dfe9f3f1b24437ab69f4f2559babe99","miscellaneous":""},"schema":{"@context":"https:\/\/schema.org","@graph":[{"@type":"BlogPosting","@id":"https:\/\/www.eldigitaldeasturias.com\/noticias\/recortes-cero-lanza-una-campana-contra-la-estafa-antidemocratica-del-referendum-del-1-o\/#blogposting","name":"Recortes Cero lanza una campa\u00f1a contra la \u00abestafa antidemocr\u00e1tica\u00bb del refer\u00e9ndum del 1-O - El Digital de Asturias","headline":"Recortes Cero lanza una campa\u00f1a contra la \u00abestafa antidemocr\u00e1tica\u00bb del refer\u00e9ndum del 1-O","author":{"@id":"https:\/\/www.eldigitaldeasturias.com\/noticias\/author\/admin\/#author"},"publisher":{"@id":"https:\/\/www.eldigitaldeasturias.com\/noticias\/#organization"},"image":{"@type":"ImageObject","url":950139},"datePublished":"2017-08-17T20:32:14+02:00","dateModified":"2017-08-17T20:32:14+02:00","inLanguage":"es-ES","mainEntityOfPage":{"@id":"https:\/\/www.eldigitaldeasturias.com\/noticias\/recortes-cero-lanza-una-campana-contra-la-estafa-antidemocratica-del-referendum-del-1-o\/#webpage"},"isPartOf":{"@id":"https:\/\/www.eldigitaldeasturias.com\/noticias\/recortes-cero-lanza-una-campana-contra-la-estafa-antidemocratica-del-referendum-del-1-o\/#webpage"},"articleSection":"Actualidad"},{"@type":"BreadcrumbList","@id":"https:\/\/www.eldigitaldeasturias.com\/noticias\/recortes-cero-lanza-una-campana-contra-la-estafa-antidemocratica-del-referendum-del-1-o\/#breadcrumblist","itemListElement":[{"@type":"ListItem","@id":"https:\/\/www.eldigitaldeasturias.com\/noticias#listItem","position":1,"name":"Home","item":"https:\/\/www.eldigitaldeasturias.com\/noticias","nextItem":{"@type":"ListItem","@id":"https:\/\/www.eldigitaldeasturias.com\/noticias\/category\/actualidad\/#listItem","name":"Actualidad"}},{"@type":"ListItem","@id":"https:\/\/www.eldigitaldeasturias.com\/noticias\/category\/actualidad\/#listItem","position":2,"name":"Actualidad","item":"https:\/\/www.eldigitaldeasturias.com\/noticias\/category\/actualidad\/","nextItem":{"@type":"ListItem","@id":"https:\/\/www.eldigitaldeasturias.com\/noticias\/recortes-cero-lanza-una-campana-contra-la-estafa-antidemocratica-del-referendum-del-1-o\/#listItem","name":"Recortes Cero lanza una campa\u00f1a contra la \u00abestafa antidemocr\u00e1tica\u00bb del refer\u00e9ndum del 1-O"},"previousItem":{"@type":"ListItem","@id":"https:\/\/www.eldigitaldeasturias.com\/noticias#listItem","name":"Home"}},{"@type":"ListItem","@id":"https:\/\/www.eldigitaldeasturias.com\/noticias\/recortes-cero-lanza-una-campana-contra-la-estafa-antidemocratica-del-referendum-del-1-o\/#listItem","position":3,"name":"Recortes Cero lanza una campa\u00f1a contra la \u00abestafa antidemocr\u00e1tica\u00bb del refer\u00e9ndum del 1-O","previousItem":{"@type":"ListItem","@id":"https:\/\/www.eldigitaldeasturias.com\/noticias\/category\/actualidad\/#listItem","name":"Actualidad"}}]},{"@type":"Organization","@id":"https:\/\/www.eldigitaldeasturias.com\/noticias\/#organization","name":"El Digital de Asturias","description":"Hemeroteca","url":"https:\/\/www.eldigitaldeasturias.com\/noticias\/","email":"info@eldigitaldeasturias.com","telephone":"+34652131393","logo":{"@type":"ImageObject","url":"https:\/\/www.eldigitaldeasturias.com\/noticias\/wp-content\/uploads\/2020\/12\/EDA.jpg","@id":"https:\/\/www.eldigitaldeasturias.com\/noticias\/recortes-cero-lanza-una-campana-contra-la-estafa-antidemocratica-del-referendum-del-1-o\/#organizationLogo"},"image":{"@id":"https:\/\/www.eldigitaldeasturias.com\/noticias\/recortes-cero-lanza-una-campana-contra-la-estafa-antidemocratica-del-referendum-del-1-o\/#organizationLogo"},"sameAs":["https:\/\/facebook.com\/eldigitaldeasturias","https:\/\/www.youtube.com\/channel\/UCZP-2wLEB9Rv6erhFmqVnvg"],"address":{"@id":"https:\/\/www.eldigitaldeasturias.com\/noticias\/#postaladdress","@type":"PostalAddress","streetAddress":"san antonio 4","postalCode":"33430","addressLocality":"Cand\u00e1s","addressRegion":"Asturias","addressCountry":"ES"}},{"@type":"Person","@id":"https:\/\/www.eldigitaldeasturias.com\/noticias\/author\/admin\/#author","url":"https:\/\/www.eldigitaldeasturias.com\/noticias\/author\/admin\/","name":"El Digital de Asturias","image":{"@type":"ImageObject","@id":"https:\/\/www.eldigitaldeasturias.com\/noticias\/recortes-cero-lanza-una-campana-contra-la-estafa-antidemocratica-del-referendum-del-1-o\/#authorImage","url":"https:\/\/secure.gravatar.com\/avatar\/df2aeffc32bcd13f8d26072ef8a91b623d677766deac7f97ca815868cd41bf5e?s=96&d=mm&r=g","width":96,"height":96,"caption":"El Digital de Asturias"}},{"@type":"WebPage","@id":"https:\/\/www.eldigitaldeasturias.com\/noticias\/recortes-cero-lanza-una-campana-contra-la-estafa-antidemocratica-del-referendum-del-1-o\/#webpage","url":"https:\/\/www.eldigitaldeasturias.com\/noticias\/recortes-cero-lanza-una-campana-contra-la-estafa-antidemocratica-del-referendum-del-1-o\/","name":"Recortes Cero lanza una campa\u00f1a contra la \u00abestafa antidemocr\u00e1tica\u00bb del refer\u00e9ndum del 1-O - El Digital de Asturias","description":"La coordinadora de Catalu\u00f1a de Recortes Cero ha iniciado una campa\u00f1a en el \u00e1rea metropolitana de Barcelona en la que tacha el refer\u00e9ndum del 1 de octubre de \"estafa antidemocr\u00e1tica\". En un comunicado este jueves, la entidad ha explicado que han enganchado carteles en 40 poblaciones de las afueras de Barcelona y que hasta el","inLanguage":"es-ES","isPartOf":{"@id":"https:\/\/www.eldigitaldeasturias.com\/noticias\/#website"},"breadcrumb":{"@id":"https:\/\/www.eldigitaldeasturias.com\/noticias\/recortes-cero-lanza-una-campana-contra-la-estafa-antidemocratica-del-referendum-del-1-o\/#breadcrumblist"},"author":{"@id":"https:\/\/www.eldigitaldeasturias.com\/noticias\/author\/admin\/#author"},"creator":{"@id":"https:\/\/www.eldigitaldeasturias.com\/noticias\/author\/admin\/#author"},"image":{"@type":"ImageObject","url":950139,"@id":"https:\/\/www.eldigitaldeasturias.com\/noticias\/recortes-cero-lanza-una-campana-contra-la-estafa-antidemocratica-del-referendum-del-1-o\/#mainImage"},"primaryImageOfPage":{"@id":"https:\/\/www.eldigitaldeasturias.com\/noticias\/recortes-cero-lanza-una-campana-contra-la-estafa-antidemocratica-del-referendum-del-1-o\/#mainImage"},"datePublished":"2017-08-17T20:32:14+02:00","dateModified":"2017-08-17T20:32:14+02:00"},{"@type":"WebSite","@id":"https:\/\/www.eldigitaldeasturias.com\/noticias\/#website","url":"https:\/\/www.eldigitaldeasturias.com\/noticias\/","name":"El Digital de Asturias - Diario de actualidad y noticias","alternateName":"El Digital de Asturias - Diario de actualidad y noticias","description":"Hemeroteca","inLanguage":"es-ES","publisher":{"@id":"https:\/\/www.eldigitaldeasturias.com\/noticias\/#organization"}}]},"og:locale":"es_ES","og:site_name":"El Digital de Asturias","og:type":"article","og:title":"Recortes Cero lanza una campa\u00f1a contra la \u00abestafa antidemocr\u00e1tica\u00bb del refer\u00e9ndum del 1-O - El Digital de Asturias","og:description":"La coordinadora de Catalu\u00f1a de Recortes Cero ha iniciado una campa\u00f1a en el \u00e1rea metropolitana de Barcelona en la que tacha el refer\u00e9ndum del 1 de octubre de &quot;estafa antidemocr\u00e1tica&quot;. En un comunicado este jueves, la entidad ha explicado que han enganchado carteles en 40 poblaciones de las afueras de Barcelona y que hasta el","og:url":"https:\/\/www.eldigitaldeasturias.com\/noticias\/recortes-cero-lanza-una-campana-contra-la-estafa-antidemocratica-del-referendum-del-1-o\/","article:tag":["actualidad"],"article:published_time":"2017-08-17T20:32:14+00:00","article:modified_time":"2017-08-17T20:32:14+00:00","article:publisher":"https:\/\/facebook.com\/eldigitaldeasturias","twitter:card":"summary_large_image","twitter:title":"Recortes Cero lanza una campa\u00f1a contra la \u00abestafa antidemocr\u00e1tica\u00bb del refer\u00e9ndum del 1-O - El Digital de Asturias","twitter:description":"La coordinadora de Catalu\u00f1a de Recortes Cero ha iniciado una campa\u00f1a en el \u00e1rea metropolitana de Barcelona en la que tacha el refer\u00e9ndum del 1 de octubre de &quot;estafa antidemocr\u00e1tica&quot;. En un comunicado este jueves, la entidad ha explicado que han enganchado carteles en 40 poblaciones de las afueras de Barcelona y que hasta el","twitter:image":"https:\/\/www.eldigitaldeasturias.com\/noticias\/wp-content\/uploads\/2020\/12\/EDA-1.jpg","twitter:label1":"Escrito por","twitter:data1":"El Digital de Asturias","twitter:label2":"Tiempo de lectura estimado","twitter:data2":"1 minuto"},"aioseo_meta_data":{"post_id":"950138","title":null,"description":null,"keywords":null,"keyphrases":null,"primary_term":null,"canonical_url":null,"og_title":null,"og_description":null,"og_object_type":"default","og_image_type":"default","og_image_url":null,"og_image_width":null,"og_image_height":null,"og_image_custom_url":null,"og_image_custom_fields":null,"og_video":null,"og_custom_url":null,"og_article_section":null,"og_article_tags":null,"twitter_use_og":false,"twitter_card":"default","twitter_image_type":"default","twitter_image_url":null,"twitter_image_custom_url":null,"twitter_image_custom_fields":null,"twitter_title":null,"twitter_description":null,"schema":{"blockGraphs":[],"customGraphs":[],"default":{"data":{"Article":[],"Course":[],"Dataset":[],"FAQPage":[],"Movie":[],"Person":[],"Product":[],"ProductReview":[],"Car":[],"Recipe":[],"Service":[],"SoftwareApplication":[],"WebPage":[]},"graphName":"","isEnabled":true},"graphs":[],"defaultGraph":"","defaultPostTypeGraph":""},"schema_type":null,"schema_type_options":null,"pillar_content":false,"robots_default":true,"robots_noindex":false,"robots_noarchive":false,"robots_nosnippet":false,"robots_nofollow":false,"robots_noimageindex":false,"robots_noodp":false,"robots_notranslate":false,"robots_max_snippet":null,"robots_max_videopreview":null,"robots_max_imagepreview":"large","priority":null,"frequency":null,"local_seo":null,"seo_analyzer_scan_date":"2025-12-05 14:47:14","breadcrumb_settings":null,"limit_modified_date":false,"open_ai":null,"ai":null,"created":"2020-12-21 13:00:42","updated":"2025-12-05 14:47:14","focus_keyword":null,"additional_keywords":null,"truseo_locale":null},"aioseo_breadcrumb":"<div class=\"aioseo-breadcrumbs\"><span class=\"aioseo-breadcrumb\">\n\t<a href=\"https:\/\/www.eldigitaldeasturias.com\/noticias\" title=\"Home\">Home<\/a>\n<\/span><span class=\"aioseo-breadcrumb-separator\">\u2013<\/span><span class=\"aioseo-breadcrumb\">\n\t<a href=\"https:\/\/www.eldigitaldeasturias.com\/noticias\/category\/actualidad\/\" title=\"Actualidad\">Actualidad<\/a>\n<\/span><span class=\"aioseo-breadcrumb-separator\">\u2013<\/span><span class=\"aioseo-breadcrumb\">\n\t<a href=\"https:\/\/www.eldigitaldeasturias.com\/noticias\/recortes-cero-lanza-una-campana-contra-la-estafa-antidemocratica-del-referendum-del-1-o\/\" title=\"Recortes Cero lanza una campa\u00f1a contra la \u00abestafa antidemocr\u00e1tica\u00bb del refer\u00e9ndum del 1-O\">Recortes Cero lanza una campa\u00f1a contra la \u00abestafa antidemocr\u00e1tica\u00bb del refer\u00e9ndum del 1-O<\/a>\n<\/span><\/div>","aioseo_breadcrumb_json":[{"label":"Home","link":"https:\/\/www.eldigitaldeasturias.com\/noticias"},{"label":"Actualidad","link":"https:\/\/www.eldigitaldeasturias.com\/noticias\/category\/actualidad\/"},{"label":"Recortes Cero lanza una campa\u00f1a contra la \u00abestafa antidemocr\u00e1tica\u00bb del refer\u00e9ndum del 1-O","link":"https:\/\/www.eldigitaldeasturias.com\/noticias\/recortes-cero-lanza-una-campana-contra-la-estafa-antidemocratica-del-referendum-del-1-o\/"}],"_links":{"self":[{"href":"https:\/\/www.eldigitaldeasturias.com\/noticias\/wp-json\/wp\/v2\/posts\/950138","targetHints":{"allow":["GET"]}}],"collection":[{"href":"https:\/\/www.eldigitaldeasturias.com\/noticias\/wp-json\/wp\/v2\/posts"}],"about":[{"href":"https:\/\/www.eldigitaldeasturias.com\/noticias\/wp-json\/wp\/v2\/types\/post"}],"author":[{"embeddable":true,"href":"https:\/\/www.eldigitaldeasturias.com\/noticias\/wp-json\/wp\/v2\/users\/1"}],"replies":[{"embeddable":true,"href":"https:\/\/www.eldigitaldeasturias.com\/noticias\/wp-json\/wp\/v2\/comments?post=950138"}],"version-history":[{"count":0,"href":"https:\/\/www.eldigitaldeasturias.com\/noticias\/wp-json\/wp\/v2\/posts\/950138\/revisions"}],"wp:attachment":[{"href":"https:\/\/www.eldigitaldeasturias.com\/noticias\/wp-json\/wp\/v2\/media?parent=950138"}],"wp:term":[{"taxonomy":"category","embeddable":true,"href":"https:\/\/www.eldigitaldeasturias.com\/noticias\/wp-json\/wp\/v2\/categories?post=950138"},{"taxonomy":"post_tag","embeddable":true,"href":"https:\/\/www.eldigitaldeasturias.com\/noticias\/wp-json\/wp\/v2\/tags?post=950138"}],"curies":[{"name":"wp","href":"https:\/\/api.w.org\/{rel}","templated":true}]}}