{"id":950070,"date":"2017-08-17T13:22:25","date_gmt":"2017-08-17T13:22:25","guid":{"rendered":"http:\/\/www.eldigitaldeasturias.com\/noticias\/?p=950070"},"modified":"2017-08-17T13:22:25","modified_gmt":"2017-08-17T13:22:25","slug":"los-menores-que-cumplen-medidas-judiciales-en-purchena-se-forman-en-agricultura","status":"publish","type":"post","link":"https:\/\/www.eldigitaldeasturias.com\/noticias\/los-menores-que-cumplen-medidas-judiciales-en-purchena-se-forman-en-agricultura\/","title":{"rendered":"Los menores que cumplen medidas judiciales en Purchena se forman en agricultura"},"content":{"rendered":"<p><img loading=\"lazy\" decoding=\"async\" class=\"alignleft size-medium wp-image-950071\" src=\"https:\/\/www.eldigitaldeasturias.com\/noticias\/wp-content\/uploads\/2017\/08\/1502886004968-360x270.jpg\" alt=\"\" width=\"360\" height=\"270\" \/>Menores infractores que cumplen medidas judiciales en el Centro de Internamiento de Purchena (Almer\u00eda) est\u00e1n participando en un novedoso programa de orientaci\u00f3n e inserci\u00f3n laboral agr\u00edcola para favorecer su reinserci\u00f3n, un proyecto financiado por la Junta que han visitado la consejera de Justicia e Interior, Rosa Aguilar, y el consejero de Agricultura, Pesca y Desarrollo Rural, Rodrigo S\u00e1nchez Haro.<\/p>\n<p>Rosa Aguilar ha subrayado que la Junta tiene un objetivo claro con los menores que llegan a este centro, \u00abel de la educaci\u00f3n y el de la formaci\u00f3n, para que, desde esa formaci\u00f3n, tengan una integraci\u00f3n laboral plena y una integraci\u00f3n social que haga que su vida tenga unas perspectivas seguras, ciertas y llenas de oportunidades\u00bb.<\/p>\n<p>Andaluc\u00eda, ha se\u00f1alado la consejera, \u00abes un referente en el hacer tanto educativo como formativo en los centros de internamiento de menores infractores, un referente al que queremos dar visibilidad por su importancia en este programa de orientaci\u00f3n e inserci\u00f3n laboral\u00bb. \u00abLos j\u00f3venes son formados y a la par desarrollan un oficio a trav\u00e9s de ese programa de inserci\u00f3n laboral, en este caso, en el campo de la agricultura\u00bb, ha dicho.<\/p>\n<p>El programa se basa en la formaci\u00f3n como peones agr\u00edcolas y auxiliares de naves hortofrut\u00edcolas para facilitar una preparaci\u00f3n y especializaci\u00f3n de estos menores con vistas a su reinserci\u00f3n cuando cumplan las medidas judiciales y abandonen el centro de internamiento.<\/p>\n<p>Profesionales de talleres laborales especializados en el sector agr\u00edcola y hortofrut\u00edcola se encargan de la formaci\u00f3n en tareas como siembra, riego, abono, recolecci\u00f3n, lavado de productos, frescura y conservaci\u00f3n, pesado y envasado de cajas, entre muchas otras.<\/p>\n<p>El proyecto se lleva a cabo desde el a\u00f1o 2010 en dos parcelas agr\u00edcolas situadas en las proximidades del Centro de Internamiento Purchena y que han sido cedidas por sus propietarios para la formaci\u00f3n laboral de los menores.<\/p>\n<p>El Centro de Purchena tiene entre sus prioridades el desarrollo de programas de inserci\u00f3n laboral con los internos que han cumplido los 16 a\u00f1os, de modo que la formaci\u00f3n para el empleo y el acompa\u00f1amiento en los procesos de inserci\u00f3n forman parte destacada de la intervenci\u00f3n socioeducativa, dise\u00f1ada expresamente seg\u00fan las necesidades y caracter\u00edsticas de cada menor.<\/p>\n<p>La Consejer\u00eda de Justicia e Interior invierte m\u00e1s de 2,5 millones al a\u00f1o en el mantenimiento de este centro, que da empleo directo a 58 trabajadores, adem\u00e1s de los indirectos que posibilita en su entorno. En 2016, se atendieron a un total de 69 menores infractores, la mayor\u00eda de los cuales cumpl\u00eda medidas judiciales en r\u00e9gimen semiabierto, con una media de edad de 17 a\u00f1os.<\/p>\n<p>\u00abEstos j\u00f3venes van a tener la oportunidad de formarse y de integrarse y de desarrollar una vida llena de oportunidades\u00bb, ha explicado la consejera que ha agradecido a todos los que lo hacen posible y, especialmente, al ayuntamiento de Purchena, a su alcalde, al pueblo y a la comarca que se vuelcan con este programa mostrando una gran sensibilidad.<\/p>\n<p>El centro facilita toda la formaci\u00f3n escolar reglada y, adem\u00e1s, cuenta con talleres formativos de artesan\u00eda, tareas dom\u00e9sticas, pintura, jardiner\u00eda, agricultura ecol\u00f3gica y prevenci\u00f3n de riesgos laborales, entre otros.<\/p>\n<p>Espacio de convivencia<\/p>\n<p>El consejero de Agricultura, Pesca y Desarrollo Rural, Rodrigo S\u00e1nchez Haro, por su parte, ha subrayado la importancia de potenciar iniciativas de este tipo, ya que los huertos sociales ponen a disposici\u00f3n de las personas \u00abun espacio de convivencia social en torno al cultivo de las parcelas, permiten la obtenci\u00f3n de una producci\u00f3n de hortalizas, favorecen la recuperaci\u00f3n de espacios que, en algunos casos, est\u00e1n abandonados o degradados y sensibilizan acerca de la producci\u00f3n y alimentaci\u00f3n saludable\u00bb. En el caso concreto del proyecto de Purchena, S\u00e1nchez Haro ha valorado la labor que se lleva a cabo en este sentido, ya que se promueve el trabajo de estos menores, que se encargan de la tareas espec\u00edficas para la producci\u00f3n y comercializaci\u00f3n de hortalizas, fomentando con ello el empleo y riqueza de la zona.<\/p>\n<p>El titular andaluz de Agricultura ha resaltado las funciones que cumplen los huertos sociales en general, de gran inter\u00e9s para la sociedad desde distintas vertientes: de tipo social en cuanto a que favorecen la integraci\u00f3n de diferentes colectivos; pedag\u00f3gicas, estimulando el aprendizaje de actividades profesionales, la valoraci\u00f3n del esfuerzo y del trabajo; de consumo responsable de productos de proximidad en huertos profesionales; e incluso de ocio.<\/p>\n<p>Por ello, la Consejer\u00eda tiene el compromiso de guiar y acompa\u00f1ar en el proyecto de creaci\u00f3n de huertos, tanto a los ayuntamientos, asociaciones de ciudadanos, entidades p\u00fablicas o privadas que deciden emprender proyectos para la sostenibilidad y en beneficio de la agricultura ecol\u00f3gica. Adem\u00e1s de la &#8216;Gu\u00eda para la Creaci\u00f3n de Huertos Sociales Ecol\u00f3gicos en Andaluc\u00eda&#8217;, actualmente se vienen editando en la web de Agricultura diferentes &#8216;Boletines de Huertos Sociales de Autoconsumo&#8217;, entendidos como espacios compartidos para el desarrollo de cultivos no profesionales, en los que se promueve la utilizaci\u00f3n de t\u00e9cnicas agr\u00edcolas acordes con la producci\u00f3n ecol\u00f3gica, teniendo sus cosechas como destino el autoconsumo y no la comercializaci\u00f3n.<\/p>\n","protected":false},"excerpt":{"rendered":"<p>Menores infractores que cumplen medidas judiciales en el Centro de Internamiento de Purchena (Almer\u00eda) est\u00e1n participando en un novedoso programa de orientaci\u00f3n e inserci\u00f3n laboral agr\u00edcola para favorecer su reinserci\u00f3n, un proyecto financiado por la Junta que han visitado la consejera de Justicia e Interior, Rosa Aguilar, y el consejero de Agricultura, Pesca y Desarrollo [&hellip;]<\/p>\n","protected":false},"author":1,"featured_media":950071,"comment_status":"closed","ping_status":"closed","sticky":false,"template":"","format":"standard","meta":{"footnotes":""},"categories":[1],"tags":[],"class_list":["post-950070","post","type-post","status-publish","format-standard","has-post-thumbnail","hentry","category-actualidad"],"aioseo_notices":[],"aioseo_head":"\n\t\t<!-- All in One SEO Pro 5.0.1 - aioseo.com -->\n\t<meta name=\"description\" content=\"Menores infractores que cumplen medidas judiciales en el Centro de Internamiento de Purchena (Almer\u00eda) est\u00e1n participando en un novedoso programa de orientaci\u00f3n e inserci\u00f3n laboral agr\u00edcola para favorecer su reinserci\u00f3n, un proyecto financiado por la Junta que han visitado la consejera de Justicia e Interior, Rosa Aguilar, y el consejero de Agricultura, Pesca y Desarrollo\" \/>\n\t<meta name=\"robots\" content=\"max-image-preview:large\" \/>\n\t<meta name=\"author\" content=\"El Digital de Asturias\"\/>\n\t<meta name=\"google-site-verification\" content=\"UA-38556648-1\" \/>\n\t<meta name=\"msvalidate.01\" content=\"7dfe9f3f1b24437ab69f4f2559babe99\" \/>\n\t<meta name=\"keywords\" content=\"actualidad\" \/>\n\t<link rel=\"canonical\" href=\"https:\/\/www.eldigitaldeasturias.com\/noticias\/los-menores-que-cumplen-medidas-judiciales-en-purchena-se-forman-en-agricultura\/\" \/>\n\t<meta name=\"generator\" content=\"All in One SEO Pro (AIOSEO) 5.0.1\" \/>\n\t\t<meta property=\"og:locale\" content=\"es_ES\" \/>\n\t\t<meta property=\"og:site_name\" content=\"El Digital de Asturias\" \/>\n\t\t<meta property=\"og:type\" content=\"article\" \/>\n\t\t<meta property=\"og:title\" content=\"Los menores que cumplen medidas judiciales en Purchena se forman en agricultura - El Digital de Asturias\" \/>\n\t\t<meta property=\"og:description\" content=\"Menores infractores que cumplen medidas judiciales en el Centro de Internamiento de Purchena (Almer\u00eda) est\u00e1n participando en un novedoso programa de orientaci\u00f3n e inserci\u00f3n laboral agr\u00edcola para favorecer su reinserci\u00f3n, un proyecto financiado por la Junta que han visitado la consejera de Justicia e Interior, Rosa Aguilar, y el consejero de Agricultura, Pesca y Desarrollo\" \/>\n\t\t<meta property=\"og:url\" content=\"https:\/\/www.eldigitaldeasturias.com\/noticias\/los-menores-que-cumplen-medidas-judiciales-en-purchena-se-forman-en-agricultura\/\" \/>\n\t\t<meta property=\"article:tag\" content=\"actualidad\" \/>\n\t\t<meta property=\"article:published_time\" content=\"2017-08-17T13:22:25+00:00\" \/>\n\t\t<meta property=\"article:modified_time\" content=\"2017-08-17T13:22:25+00:00\" \/>\n\t\t<meta property=\"article:publisher\" content=\"https:\/\/facebook.com\/eldigitaldeasturias\" \/>\n\t\t<meta name=\"twitter:card\" content=\"summary_large_image\" \/>\n\t\t<meta name=\"twitter:title\" content=\"Los menores que cumplen medidas judiciales en Purchena se forman en agricultura - El Digital de Asturias\" \/>\n\t\t<meta name=\"twitter:description\" content=\"Menores infractores que cumplen medidas judiciales en el Centro de Internamiento de Purchena (Almer\u00eda) est\u00e1n participando en un novedoso programa de orientaci\u00f3n e inserci\u00f3n laboral agr\u00edcola para favorecer su reinserci\u00f3n, un proyecto financiado por la Junta que han visitado la consejera de Justicia e Interior, Rosa Aguilar, y el consejero de Agricultura, Pesca y Desarrollo\" \/>\n\t\t<meta name=\"twitter:image\" content=\"https:\/\/www.eldigitaldeasturias.com\/noticias\/wp-content\/uploads\/2020\/12\/EDA-1.jpg\" \/>\n\t\t<meta name=\"twitter:label1\" content=\"Escrito por\" \/>\n\t\t<meta name=\"twitter:data1\" content=\"El Digital de Asturias\" \/>\n\t\t<meta name=\"twitter:label2\" content=\"Tiempo de lectura estimado\" \/>\n\t\t<meta name=\"twitter:data2\" content=\"5 minutos\" \/>\n\t\t<script type=\"application\/ld+json\" class=\"aioseo-schema\">\n\t\t\t{\"@context\":\"https:\\\/\\\/schema.org\",\"@graph\":[{\"@type\":\"BlogPosting\",\"@id\":\"https:\\\/\\\/www.eldigitaldeasturias.com\\\/noticias\\\/los-menores-que-cumplen-medidas-judiciales-en-purchena-se-forman-en-agricultura\\\/#blogposting\",\"name\":\"Los menores que cumplen medidas judiciales en Purchena se forman en agricultura - El Digital de Asturias\",\"headline\":\"Los menores que cumplen medidas judiciales en Purchena se forman en agricultura\",\"author\":{\"@id\":\"https:\\\/\\\/www.eldigitaldeasturias.com\\\/noticias\\\/author\\\/admin\\\/#author\"},\"publisher\":{\"@id\":\"https:\\\/\\\/www.eldigitaldeasturias.com\\\/noticias\\\/#organization\"},\"image\":{\"@type\":\"ImageObject\",\"url\":950071},\"datePublished\":\"2017-08-17T13:22:25+02:00\",\"dateModified\":\"2017-08-17T13:22:25+02:00\",\"inLanguage\":\"es-ES\",\"mainEntityOfPage\":{\"@id\":\"https:\\\/\\\/www.eldigitaldeasturias.com\\\/noticias\\\/los-menores-que-cumplen-medidas-judiciales-en-purchena-se-forman-en-agricultura\\\/#webpage\"},\"isPartOf\":{\"@id\":\"https:\\\/\\\/www.eldigitaldeasturias.com\\\/noticias\\\/los-menores-que-cumplen-medidas-judiciales-en-purchena-se-forman-en-agricultura\\\/#webpage\"},\"articleSection\":\"Actualidad\"},{\"@type\":\"BreadcrumbList\",\"@id\":\"https:\\\/\\\/www.eldigitaldeasturias.com\\\/noticias\\\/los-menores-que-cumplen-medidas-judiciales-en-purchena-se-forman-en-agricultura\\\/#breadcrumblist\",\"itemListElement\":[{\"@type\":\"ListItem\",\"@id\":\"https:\\\/\\\/www.eldigitaldeasturias.com\\\/noticias#listItem\",\"position\":1,\"name\":\"Home\",\"item\":\"https:\\\/\\\/www.eldigitaldeasturias.com\\\/noticias\",\"nextItem\":{\"@type\":\"ListItem\",\"@id\":\"https:\\\/\\\/www.eldigitaldeasturias.com\\\/noticias\\\/category\\\/actualidad\\\/#listItem\",\"name\":\"Actualidad\"}},{\"@type\":\"ListItem\",\"@id\":\"https:\\\/\\\/www.eldigitaldeasturias.com\\\/noticias\\\/category\\\/actualidad\\\/#listItem\",\"position\":2,\"name\":\"Actualidad\",\"item\":\"https:\\\/\\\/www.eldigitaldeasturias.com\\\/noticias\\\/category\\\/actualidad\\\/\",\"nextItem\":{\"@type\":\"ListItem\",\"@id\":\"https:\\\/\\\/www.eldigitaldeasturias.com\\\/noticias\\\/los-menores-que-cumplen-medidas-judiciales-en-purchena-se-forman-en-agricultura\\\/#listItem\",\"name\":\"Los menores que cumplen medidas judiciales en Purchena se forman en agricultura\"},\"previousItem\":{\"@type\":\"ListItem\",\"@id\":\"https:\\\/\\\/www.eldigitaldeasturias.com\\\/noticias#listItem\",\"name\":\"Home\"}},{\"@type\":\"ListItem\",\"@id\":\"https:\\\/\\\/www.eldigitaldeasturias.com\\\/noticias\\\/los-menores-que-cumplen-medidas-judiciales-en-purchena-se-forman-en-agricultura\\\/#listItem\",\"position\":3,\"name\":\"Los menores que cumplen medidas judiciales en Purchena se forman en agricultura\",\"previousItem\":{\"@type\":\"ListItem\",\"@id\":\"https:\\\/\\\/www.eldigitaldeasturias.com\\\/noticias\\\/category\\\/actualidad\\\/#listItem\",\"name\":\"Actualidad\"}}]},{\"@type\":\"Organization\",\"@id\":\"https:\\\/\\\/www.eldigitaldeasturias.com\\\/noticias\\\/#organization\",\"name\":\"El Digital de Asturias\",\"description\":\"Hemeroteca\",\"url\":\"https:\\\/\\\/www.eldigitaldeasturias.com\\\/noticias\\\/\",\"email\":\"info@eldigitaldeasturias.com\",\"telephone\":\"+34652131393\",\"logo\":{\"@type\":\"ImageObject\",\"url\":\"https:\\\/\\\/www.eldigitaldeasturias.com\\\/noticias\\\/wp-content\\\/uploads\\\/2020\\\/12\\\/EDA.jpg\",\"@id\":\"https:\\\/\\\/www.eldigitaldeasturias.com\\\/noticias\\\/los-menores-que-cumplen-medidas-judiciales-en-purchena-se-forman-en-agricultura\\\/#organizationLogo\"},\"image\":{\"@id\":\"https:\\\/\\\/www.eldigitaldeasturias.com\\\/noticias\\\/los-menores-que-cumplen-medidas-judiciales-en-purchena-se-forman-en-agricultura\\\/#organizationLogo\"},\"sameAs\":[\"https:\\\/\\\/facebook.com\\\/eldigitaldeasturias\",\"https:\\\/\\\/www.youtube.com\\\/channel\\\/UCZP-2wLEB9Rv6erhFmqVnvg\"],\"address\":{\"@id\":\"https:\\\/\\\/www.eldigitaldeasturias.com\\\/noticias\\\/#postaladdress\",\"@type\":\"PostalAddress\",\"streetAddress\":\"san antonio 4\",\"postalCode\":\"33430\",\"addressLocality\":\"Cand\\u00e1s\",\"addressRegion\":\"Asturias\",\"addressCountry\":\"ES\"}},{\"@type\":\"Person\",\"@id\":\"https:\\\/\\\/www.eldigitaldeasturias.com\\\/noticias\\\/author\\\/admin\\\/#author\",\"url\":\"https:\\\/\\\/www.eldigitaldeasturias.com\\\/noticias\\\/author\\\/admin\\\/\",\"name\":\"El Digital de Asturias\",\"image\":{\"@type\":\"ImageObject\",\"@id\":\"https:\\\/\\\/www.eldigitaldeasturias.com\\\/noticias\\\/los-menores-que-cumplen-medidas-judiciales-en-purchena-se-forman-en-agricultura\\\/#authorImage\",\"url\":\"https:\\\/\\\/secure.gravatar.com\\\/avatar\\\/df2aeffc32bcd13f8d26072ef8a91b623d677766deac7f97ca815868cd41bf5e?s=96&d=mm&r=g\",\"width\":96,\"height\":96,\"caption\":\"El Digital de Asturias\"}},{\"@type\":\"WebPage\",\"@id\":\"https:\\\/\\\/www.eldigitaldeasturias.com\\\/noticias\\\/los-menores-que-cumplen-medidas-judiciales-en-purchena-se-forman-en-agricultura\\\/#webpage\",\"url\":\"https:\\\/\\\/www.eldigitaldeasturias.com\\\/noticias\\\/los-menores-que-cumplen-medidas-judiciales-en-purchena-se-forman-en-agricultura\\\/\",\"name\":\"Los menores que cumplen medidas judiciales en Purchena se forman en agricultura - El Digital de Asturias\",\"description\":\"Menores infractores que cumplen medidas judiciales en el Centro de Internamiento de Purchena (Almer\\u00eda) est\\u00e1n participando en un novedoso programa de orientaci\\u00f3n e inserci\\u00f3n laboral agr\\u00edcola para favorecer su reinserci\\u00f3n, un proyecto financiado por la Junta que han visitado la consejera de Justicia e Interior, Rosa Aguilar, y el consejero de Agricultura, Pesca y Desarrollo\",\"inLanguage\":\"es-ES\",\"isPartOf\":{\"@id\":\"https:\\\/\\\/www.eldigitaldeasturias.com\\\/noticias\\\/#website\"},\"breadcrumb\":{\"@id\":\"https:\\\/\\\/www.eldigitaldeasturias.com\\\/noticias\\\/los-menores-que-cumplen-medidas-judiciales-en-purchena-se-forman-en-agricultura\\\/#breadcrumblist\"},\"author\":{\"@id\":\"https:\\\/\\\/www.eldigitaldeasturias.com\\\/noticias\\\/author\\\/admin\\\/#author\"},\"creator\":{\"@id\":\"https:\\\/\\\/www.eldigitaldeasturias.com\\\/noticias\\\/author\\\/admin\\\/#author\"},\"image\":{\"@type\":\"ImageObject\",\"url\":950071,\"@id\":\"https:\\\/\\\/www.eldigitaldeasturias.com\\\/noticias\\\/los-menores-que-cumplen-medidas-judiciales-en-purchena-se-forman-en-agricultura\\\/#mainImage\"},\"primaryImageOfPage\":{\"@id\":\"https:\\\/\\\/www.eldigitaldeasturias.com\\\/noticias\\\/los-menores-que-cumplen-medidas-judiciales-en-purchena-se-forman-en-agricultura\\\/#mainImage\"},\"datePublished\":\"2017-08-17T13:22:25+02:00\",\"dateModified\":\"2017-08-17T13:22:25+02:00\"},{\"@type\":\"WebSite\",\"@id\":\"https:\\\/\\\/www.eldigitaldeasturias.com\\\/noticias\\\/#website\",\"url\":\"https:\\\/\\\/www.eldigitaldeasturias.com\\\/noticias\\\/\",\"name\":\"El Digital de Asturias - Diario de actualidad y noticias\",\"alternateName\":\"El Digital de Asturias - Diario de actualidad y noticias\",\"description\":\"Hemeroteca\",\"inLanguage\":\"es-ES\",\"publisher\":{\"@id\":\"https:\\\/\\\/www.eldigitaldeasturias.com\\\/noticias\\\/#organization\"}}]}\n\t\t<\/script>\n\t\t<!-- All in One SEO Pro -->\r\n\t\t<title>Los menores que cumplen medidas judiciales en Purchena se forman en agricultura - El Digital de Asturias<\/title>\n\n","aioseo_head_json":{"title":"Los menores que cumplen medidas judiciales en Purchena se forman en agricultura - El Digital de Asturias","description":"Menores infractores que cumplen medidas judiciales en el Centro de Internamiento de Purchena (Almer\u00eda) est\u00e1n participando en un novedoso programa de orientaci\u00f3n e inserci\u00f3n laboral agr\u00edcola para favorecer su reinserci\u00f3n, un proyecto financiado por la Junta que han visitado la consejera de Justicia e Interior, Rosa Aguilar, y el consejero de Agricultura, Pesca y Desarrollo","canonical_url":"https:\/\/www.eldigitaldeasturias.com\/noticias\/los-menores-que-cumplen-medidas-judiciales-en-purchena-se-forman-en-agricultura\/","robots":"max-image-preview:large","keywords":"actualidad","webmasterTools":{"google-site-verification":"UA-38556648-1","msvalidate.01":"7dfe9f3f1b24437ab69f4f2559babe99","miscellaneous":""},"schema":{"@context":"https:\/\/schema.org","@graph":[{"@type":"BlogPosting","@id":"https:\/\/www.eldigitaldeasturias.com\/noticias\/los-menores-que-cumplen-medidas-judiciales-en-purchena-se-forman-en-agricultura\/#blogposting","name":"Los menores que cumplen medidas judiciales en Purchena se forman en agricultura - El Digital de Asturias","headline":"Los menores que cumplen medidas judiciales en Purchena se forman en agricultura","author":{"@id":"https:\/\/www.eldigitaldeasturias.com\/noticias\/author\/admin\/#author"},"publisher":{"@id":"https:\/\/www.eldigitaldeasturias.com\/noticias\/#organization"},"image":{"@type":"ImageObject","url":950071},"datePublished":"2017-08-17T13:22:25+02:00","dateModified":"2017-08-17T13:22:25+02:00","inLanguage":"es-ES","mainEntityOfPage":{"@id":"https:\/\/www.eldigitaldeasturias.com\/noticias\/los-menores-que-cumplen-medidas-judiciales-en-purchena-se-forman-en-agricultura\/#webpage"},"isPartOf":{"@id":"https:\/\/www.eldigitaldeasturias.com\/noticias\/los-menores-que-cumplen-medidas-judiciales-en-purchena-se-forman-en-agricultura\/#webpage"},"articleSection":"Actualidad"},{"@type":"BreadcrumbList","@id":"https:\/\/www.eldigitaldeasturias.com\/noticias\/los-menores-que-cumplen-medidas-judiciales-en-purchena-se-forman-en-agricultura\/#breadcrumblist","itemListElement":[{"@type":"ListItem","@id":"https:\/\/www.eldigitaldeasturias.com\/noticias#listItem","position":1,"name":"Home","item":"https:\/\/www.eldigitaldeasturias.com\/noticias","nextItem":{"@type":"ListItem","@id":"https:\/\/www.eldigitaldeasturias.com\/noticias\/category\/actualidad\/#listItem","name":"Actualidad"}},{"@type":"ListItem","@id":"https:\/\/www.eldigitaldeasturias.com\/noticias\/category\/actualidad\/#listItem","position":2,"name":"Actualidad","item":"https:\/\/www.eldigitaldeasturias.com\/noticias\/category\/actualidad\/","nextItem":{"@type":"ListItem","@id":"https:\/\/www.eldigitaldeasturias.com\/noticias\/los-menores-que-cumplen-medidas-judiciales-en-purchena-se-forman-en-agricultura\/#listItem","name":"Los menores que cumplen medidas judiciales en Purchena se forman en agricultura"},"previousItem":{"@type":"ListItem","@id":"https:\/\/www.eldigitaldeasturias.com\/noticias#listItem","name":"Home"}},{"@type":"ListItem","@id":"https:\/\/www.eldigitaldeasturias.com\/noticias\/los-menores-que-cumplen-medidas-judiciales-en-purchena-se-forman-en-agricultura\/#listItem","position":3,"name":"Los menores que cumplen medidas judiciales en Purchena se forman en agricultura","previousItem":{"@type":"ListItem","@id":"https:\/\/www.eldigitaldeasturias.com\/noticias\/category\/actualidad\/#listItem","name":"Actualidad"}}]},{"@type":"Organization","@id":"https:\/\/www.eldigitaldeasturias.com\/noticias\/#organization","name":"El Digital de Asturias","description":"Hemeroteca","url":"https:\/\/www.eldigitaldeasturias.com\/noticias\/","email":"info@eldigitaldeasturias.com","telephone":"+34652131393","logo":{"@type":"ImageObject","url":"https:\/\/www.eldigitaldeasturias.com\/noticias\/wp-content\/uploads\/2020\/12\/EDA.jpg","@id":"https:\/\/www.eldigitaldeasturias.com\/noticias\/los-menores-que-cumplen-medidas-judiciales-en-purchena-se-forman-en-agricultura\/#organizationLogo"},"image":{"@id":"https:\/\/www.eldigitaldeasturias.com\/noticias\/los-menores-que-cumplen-medidas-judiciales-en-purchena-se-forman-en-agricultura\/#organizationLogo"},"sameAs":["https:\/\/facebook.com\/eldigitaldeasturias","https:\/\/www.youtube.com\/channel\/UCZP-2wLEB9Rv6erhFmqVnvg"],"address":{"@id":"https:\/\/www.eldigitaldeasturias.com\/noticias\/#postaladdress","@type":"PostalAddress","streetAddress":"san antonio 4","postalCode":"33430","addressLocality":"Cand\u00e1s","addressRegion":"Asturias","addressCountry":"ES"}},{"@type":"Person","@id":"https:\/\/www.eldigitaldeasturias.com\/noticias\/author\/admin\/#author","url":"https:\/\/www.eldigitaldeasturias.com\/noticias\/author\/admin\/","name":"El Digital de Asturias","image":{"@type":"ImageObject","@id":"https:\/\/www.eldigitaldeasturias.com\/noticias\/los-menores-que-cumplen-medidas-judiciales-en-purchena-se-forman-en-agricultura\/#authorImage","url":"https:\/\/secure.gravatar.com\/avatar\/df2aeffc32bcd13f8d26072ef8a91b623d677766deac7f97ca815868cd41bf5e?s=96&d=mm&r=g","width":96,"height":96,"caption":"El Digital de Asturias"}},{"@type":"WebPage","@id":"https:\/\/www.eldigitaldeasturias.com\/noticias\/los-menores-que-cumplen-medidas-judiciales-en-purchena-se-forman-en-agricultura\/#webpage","url":"https:\/\/www.eldigitaldeasturias.com\/noticias\/los-menores-que-cumplen-medidas-judiciales-en-purchena-se-forman-en-agricultura\/","name":"Los menores que cumplen medidas judiciales en Purchena se forman en agricultura - El Digital de Asturias","description":"Menores infractores que cumplen medidas judiciales en el Centro de Internamiento de Purchena (Almer\u00eda) est\u00e1n participando en un novedoso programa de orientaci\u00f3n e inserci\u00f3n laboral agr\u00edcola para favorecer su reinserci\u00f3n, un proyecto financiado por la Junta que han visitado la consejera de Justicia e Interior, Rosa Aguilar, y el consejero de Agricultura, Pesca y Desarrollo","inLanguage":"es-ES","isPartOf":{"@id":"https:\/\/www.eldigitaldeasturias.com\/noticias\/#website"},"breadcrumb":{"@id":"https:\/\/www.eldigitaldeasturias.com\/noticias\/los-menores-que-cumplen-medidas-judiciales-en-purchena-se-forman-en-agricultura\/#breadcrumblist"},"author":{"@id":"https:\/\/www.eldigitaldeasturias.com\/noticias\/author\/admin\/#author"},"creator":{"@id":"https:\/\/www.eldigitaldeasturias.com\/noticias\/author\/admin\/#author"},"image":{"@type":"ImageObject","url":950071,"@id":"https:\/\/www.eldigitaldeasturias.com\/noticias\/los-menores-que-cumplen-medidas-judiciales-en-purchena-se-forman-en-agricultura\/#mainImage"},"primaryImageOfPage":{"@id":"https:\/\/www.eldigitaldeasturias.com\/noticias\/los-menores-que-cumplen-medidas-judiciales-en-purchena-se-forman-en-agricultura\/#mainImage"},"datePublished":"2017-08-17T13:22:25+02:00","dateModified":"2017-08-17T13:22:25+02:00"},{"@type":"WebSite","@id":"https:\/\/www.eldigitaldeasturias.com\/noticias\/#website","url":"https:\/\/www.eldigitaldeasturias.com\/noticias\/","name":"El Digital de Asturias - Diario de actualidad y noticias","alternateName":"El Digital de Asturias - Diario de actualidad y noticias","description":"Hemeroteca","inLanguage":"es-ES","publisher":{"@id":"https:\/\/www.eldigitaldeasturias.com\/noticias\/#organization"}}]},"og:locale":"es_ES","og:site_name":"El Digital de Asturias","og:type":"article","og:title":"Los menores que cumplen medidas judiciales en Purchena se forman en agricultura - El Digital de Asturias","og:description":"Menores infractores que cumplen medidas judiciales en el Centro de Internamiento de Purchena (Almer\u00eda) est\u00e1n participando en un novedoso programa de orientaci\u00f3n e inserci\u00f3n laboral agr\u00edcola para favorecer su reinserci\u00f3n, un proyecto financiado por la Junta que han visitado la consejera de Justicia e Interior, Rosa Aguilar, y el consejero de Agricultura, Pesca y Desarrollo","og:url":"https:\/\/www.eldigitaldeasturias.com\/noticias\/los-menores-que-cumplen-medidas-judiciales-en-purchena-se-forman-en-agricultura\/","article:tag":["actualidad"],"article:published_time":"2017-08-17T13:22:25+00:00","article:modified_time":"2017-08-17T13:22:25+00:00","article:publisher":"https:\/\/facebook.com\/eldigitaldeasturias","twitter:card":"summary_large_image","twitter:title":"Los menores que cumplen medidas judiciales en Purchena se forman en agricultura - El Digital de Asturias","twitter:description":"Menores infractores que cumplen medidas judiciales en el Centro de Internamiento de Purchena (Almer\u00eda) est\u00e1n participando en un novedoso programa de orientaci\u00f3n e inserci\u00f3n laboral agr\u00edcola para favorecer su reinserci\u00f3n, un proyecto financiado por la Junta que han visitado la consejera de Justicia e Interior, Rosa Aguilar, y el consejero de Agricultura, Pesca y Desarrollo","twitter:image":"https:\/\/www.eldigitaldeasturias.com\/noticias\/wp-content\/uploads\/2020\/12\/EDA-1.jpg","twitter:label1":"Escrito por","twitter:data1":"El Digital de Asturias","twitter:label2":"Tiempo de lectura estimado","twitter:data2":"5 minutos"},"aioseo_meta_data":{"post_id":"950070","title":null,"description":null,"keywords":null,"keyphrases":null,"primary_term":null,"canonical_url":null,"og_title":null,"og_description":null,"og_object_type":"default","og_image_type":"default","og_image_url":null,"og_image_width":null,"og_image_height":null,"og_image_custom_url":null,"og_image_custom_fields":null,"og_video":null,"og_custom_url":null,"og_article_section":null,"og_article_tags":null,"twitter_use_og":false,"twitter_card":"default","twitter_image_type":"default","twitter_image_url":null,"twitter_image_custom_url":null,"twitter_image_custom_fields":null,"twitter_title":null,"twitter_description":null,"schema":{"blockGraphs":[],"customGraphs":[],"default":{"data":{"Article":[],"Course":[],"Dataset":[],"FAQPage":[],"Movie":[],"Person":[],"Product":[],"ProductReview":[],"Car":[],"Recipe":[],"Service":[],"SoftwareApplication":[],"WebPage":[]},"graphName":"","isEnabled":true},"graphs":[],"defaultGraph":"","defaultPostTypeGraph":""},"schema_type":null,"schema_type_options":null,"pillar_content":false,"robots_default":true,"robots_noindex":false,"robots_noarchive":false,"robots_nosnippet":false,"robots_nofollow":false,"robots_noimageindex":false,"robots_noodp":false,"robots_notranslate":false,"robots_max_snippet":null,"robots_max_videopreview":null,"robots_max_imagepreview":"large","priority":null,"frequency":null,"local_seo":null,"seo_analyzer_scan_date":"2025-12-05 14:33:09","breadcrumb_settings":null,"limit_modified_date":false,"open_ai":null,"ai":null,"created":"2020-12-21 13:00:42","updated":"2025-12-05 14:33:09","focus_keyword":null,"additional_keywords":null,"truseo_locale":null},"aioseo_breadcrumb":"<div class=\"aioseo-breadcrumbs\"><span class=\"aioseo-breadcrumb\">\n\t<a href=\"https:\/\/www.eldigitaldeasturias.com\/noticias\" title=\"Home\">Home<\/a>\n<\/span><span class=\"aioseo-breadcrumb-separator\">\u2013<\/span><span class=\"aioseo-breadcrumb\">\n\t<a href=\"https:\/\/www.eldigitaldeasturias.com\/noticias\/category\/actualidad\/\" title=\"Actualidad\">Actualidad<\/a>\n<\/span><span class=\"aioseo-breadcrumb-separator\">\u2013<\/span><span class=\"aioseo-breadcrumb\">\n\t<a href=\"https:\/\/www.eldigitaldeasturias.com\/noticias\/los-menores-que-cumplen-medidas-judiciales-en-purchena-se-forman-en-agricultura\/\" title=\"Los menores que cumplen medidas judiciales en Purchena se forman en agricultura\">Los menores que cumplen medidas judiciales en Purchena se forman en agricultura<\/a>\n<\/span><\/div>","aioseo_breadcrumb_json":[{"label":"Home","link":"https:\/\/www.eldigitaldeasturias.com\/noticias"},{"label":"Actualidad","link":"https:\/\/www.eldigitaldeasturias.com\/noticias\/category\/actualidad\/"},{"label":"Los menores que cumplen medidas judiciales en Purchena se forman en agricultura","link":"https:\/\/www.eldigitaldeasturias.com\/noticias\/los-menores-que-cumplen-medidas-judiciales-en-purchena-se-forman-en-agricultura\/"}],"_links":{"self":[{"href":"https:\/\/www.eldigitaldeasturias.com\/noticias\/wp-json\/wp\/v2\/posts\/950070","targetHints":{"allow":["GET"]}}],"collection":[{"href":"https:\/\/www.eldigitaldeasturias.com\/noticias\/wp-json\/wp\/v2\/posts"}],"about":[{"href":"https:\/\/www.eldigitaldeasturias.com\/noticias\/wp-json\/wp\/v2\/types\/post"}],"author":[{"embeddable":true,"href":"https:\/\/www.eldigitaldeasturias.com\/noticias\/wp-json\/wp\/v2\/users\/1"}],"replies":[{"embeddable":true,"href":"https:\/\/www.eldigitaldeasturias.com\/noticias\/wp-json\/wp\/v2\/comments?post=950070"}],"version-history":[{"count":0,"href":"https:\/\/www.eldigitaldeasturias.com\/noticias\/wp-json\/wp\/v2\/posts\/950070\/revisions"}],"wp:attachment":[{"href":"https:\/\/www.eldigitaldeasturias.com\/noticias\/wp-json\/wp\/v2\/media?parent=950070"}],"wp:term":[{"taxonomy":"category","embeddable":true,"href":"https:\/\/www.eldigitaldeasturias.com\/noticias\/wp-json\/wp\/v2\/categories?post=950070"},{"taxonomy":"post_tag","embeddable":true,"href":"https:\/\/www.eldigitaldeasturias.com\/noticias\/wp-json\/wp\/v2\/tags?post=950070"}],"curies":[{"name":"wp","href":"https:\/\/api.w.org\/{rel}","templated":true}]}}