{"id":950067,"date":"2017-08-17T13:20:19","date_gmt":"2017-08-17T13:20:19","guid":{"rendered":"http:\/\/www.eldigitaldeasturias.com\/noticias\/?p=950067"},"modified":"2017-08-17T13:20:19","modified_gmt":"2017-08-17T13:20:19","slug":"felipe-lopez-se-ha-reunido-con-representantes-de-la-federacion-andaluza-de-autonomos-del-taxi","status":"publish","type":"post","link":"https:\/\/www.eldigitaldeasturias.com\/noticias\/felipe-lopez-se-ha-reunido-con-representantes-de-la-federacion-andaluza-de-autonomos-del-taxi\/","title":{"rendered":"Felipe L\u00f3pez se ha reunido con representantes de la Federaci\u00f3n Andaluza de Aut\u00f3nomos del Taxi"},"content":{"rendered":"<p><img loading=\"lazy\" decoding=\"async\" class=\"alignleft size-medium wp-image-950068\" src=\"https:\/\/www.eldigitaldeasturias.com\/noticias\/wp-content\/uploads\/2017\/08\/1502885849654-360x230.jpg\" alt=\"\" width=\"360\" height=\"230\" \/>El consejero de Fomento y Vivienda, Felipe L\u00f3pez, se ha reunido con representantes de la Federaci\u00f3n Andaluza de Aut\u00f3nomos del Taxi (FAAT) y distintas asociaciones provinciales de M\u00e1laga para analizar la situaci\u00f3n actual del sector y su convivencia con los veh\u00edculos de alquiler con conductor (VTC), encuentro donde ha reiterado al Gobierno de Espa\u00f1a que \u00abcumpla la ley y garantice la ratio de una licencia de VTC por cada 30 taxis, lo que propiciar\u00e1 el escenario id\u00f3neo para la convivencia equilibrada de ambos sectores\u00bb.<\/p>\n<p>Tras el encuentro, L\u00f3pez, que calificado la reuni\u00f3n como \u00abfruct\u00edfera y productiva\u00bb, ha recordado que la ley del a\u00f1o 2013, posteriormente desarrollada en 2015, establece que \u00abpara la convivencia arm\u00f3nica y pac\u00edfica de ambos sectores es necesario partir de esa ratio m\u00ednima de 1\/30\u00bb, una cifra que, seg\u00fan ha asegurado, \u00aben estos momentos se sit\u00faa en Andaluc\u00eda en el 1\/10\u00bb, diferencia que se ir\u00e1 estrechando \u00abconforme se vayan resolviendo en los tribunales las demandas presentadas por las VTC, que saldr\u00e1n favorables desde la jurisprudencia\u00bb.<\/p>\n<p>\u00abHay que tomar medidas\u00bb, ha aseverado el consejero, quien ha apuntado a \u00abcambios normativos\u00bb como la clave para resolver esta situaci\u00f3n, \u00abtal como se lo transmitimos el pasado mes de julio al Ministerio, inicialmente en una reuni\u00f3n y posteriormente por carta, cuando le expusimos las reclamaciones que planteamos desde Andaluc\u00eda, como la limitaci\u00f3n temporal a la transmisi\u00f3n de la VTC o el ejercicio efectivo de la actividad, entre otras medidas\u00bb.<\/p>\n<p>Asimismo, se ha comprometido a trasladar al Ministerio de Fomento \u00abla necesidad de elaborar una base de datos estatal con todas las licencias VTC existentes, de manera que tengamos un mapa actualizado para facilitar la actividad inspectora\u00bb. Esta tarea, seg\u00fan ha asegurado, tambi\u00e9n se desarrollar\u00e1 en Andaluc\u00eda, donde adem\u00e1s se ha comprometido intensificar las tareas de inspecci\u00f3n de ambos sectores, en colaboraci\u00f3n con ayuntamientos.<\/p>\n<p>\u00abDesde el Gobierno quieren solucionar con una aspirina una enfermedad que necesita cirug\u00eda mayor y as\u00ed no encontremos la soluci\u00f3n\u00bb, ha insistido L\u00f3pez, que ha anunciado que volver\u00e1 a reunirse con el sector del taxi el pr\u00f3ximo 15 de septiembre \u00abpara seguir trabajando y reiterando al Gobierno central la necesidad de ir aumentando la ratio hasta alcanzar el equilibrio de 1\/30\u00bb.<\/p>\n<p>En el encuentro, el consejero ha adquirido el compromiso de estudiar, en colaboraci\u00f3n con los ayuntamientos, la posibilidad de que en los procedimientos sancionadores los ayuntamientos puedan participar de dicha recaudaci\u00f3n como una manera de incentivar su participaci\u00f3n dentro de la inspecci\u00f3n, as\u00ed como \u00abla necesidad de apostar por una cooperaci\u00f3n de comunidades aut\u00f3nomas, administraciones locales y Ministerio para hacer posible la convivencia arm\u00f3nica entre estos subsectores del transporte que recoge la ley\u00bb.<\/p>\n<p>&nbsp;<\/p>\n","protected":false},"excerpt":{"rendered":"<p>El consejero de Fomento y Vivienda, Felipe L\u00f3pez, se ha reunido con representantes de la Federaci\u00f3n Andaluza de Aut\u00f3nomos del Taxi (FAAT) y distintas asociaciones provinciales de M\u00e1laga para analizar la situaci\u00f3n actual del sector y su convivencia con los veh\u00edculos de alquiler con conductor (VTC), encuentro donde ha reiterado al Gobierno de Espa\u00f1a que [&hellip;]<\/p>\n","protected":false},"author":1,"featured_media":950068,"comment_status":"closed","ping_status":"closed","sticky":false,"template":"","format":"standard","meta":{"footnotes":""},"categories":[1],"tags":[],"class_list":["post-950067","post","type-post","status-publish","format-standard","has-post-thumbnail","hentry","category-actualidad"],"aioseo_notices":[],"aioseo_head":"\n\t\t<!-- All in One SEO Pro 5.0.1 - aioseo.com -->\n\t<meta name=\"description\" content=\"El consejero de Fomento y Vivienda, Felipe L\u00f3pez, se ha reunido con representantes de la Federaci\u00f3n Andaluza de Aut\u00f3nomos del Taxi (FAAT) y distintas asociaciones provinciales de M\u00e1laga para analizar la situaci\u00f3n actual del sector y su convivencia con los veh\u00edculos de alquiler con conductor (VTC), encuentro donde ha reiterado al Gobierno de Espa\u00f1a que\" \/>\n\t<meta name=\"robots\" content=\"max-image-preview:large\" \/>\n\t<meta name=\"author\" content=\"El Digital de Asturias\"\/>\n\t<meta name=\"google-site-verification\" content=\"UA-38556648-1\" \/>\n\t<meta name=\"msvalidate.01\" content=\"7dfe9f3f1b24437ab69f4f2559babe99\" \/>\n\t<meta name=\"keywords\" content=\"actualidad\" \/>\n\t<link rel=\"canonical\" href=\"https:\/\/www.eldigitaldeasturias.com\/noticias\/felipe-lopez-se-ha-reunido-con-representantes-de-la-federacion-andaluza-de-autonomos-del-taxi\/\" \/>\n\t<meta name=\"generator\" content=\"All in One SEO Pro (AIOSEO) 5.0.1\" \/>\n\t\t<meta property=\"og:locale\" content=\"es_ES\" \/>\n\t\t<meta property=\"og:site_name\" content=\"El Digital de Asturias\" \/>\n\t\t<meta property=\"og:type\" content=\"article\" \/>\n\t\t<meta property=\"og:title\" content=\"Felipe L\u00f3pez se ha reunido con representantes de la Federaci\u00f3n Andaluza de Aut\u00f3nomos del Taxi - El Digital de Asturias\" \/>\n\t\t<meta property=\"og:description\" content=\"El consejero de Fomento y Vivienda, Felipe L\u00f3pez, se ha reunido con representantes de la Federaci\u00f3n Andaluza de Aut\u00f3nomos del Taxi (FAAT) y distintas asociaciones provinciales de M\u00e1laga para analizar la situaci\u00f3n actual del sector y su convivencia con los veh\u00edculos de alquiler con conductor (VTC), encuentro donde ha reiterado al Gobierno de Espa\u00f1a que\" \/>\n\t\t<meta property=\"og:url\" content=\"https:\/\/www.eldigitaldeasturias.com\/noticias\/felipe-lopez-se-ha-reunido-con-representantes-de-la-federacion-andaluza-de-autonomos-del-taxi\/\" \/>\n\t\t<meta property=\"article:tag\" content=\"actualidad\" \/>\n\t\t<meta property=\"article:published_time\" content=\"2017-08-17T13:20:19+00:00\" \/>\n\t\t<meta property=\"article:modified_time\" content=\"2017-08-17T13:20:19+00:00\" \/>\n\t\t<meta property=\"article:publisher\" content=\"https:\/\/facebook.com\/eldigitaldeasturias\" \/>\n\t\t<meta name=\"twitter:card\" content=\"summary_large_image\" \/>\n\t\t<meta name=\"twitter:title\" content=\"Felipe L\u00f3pez se ha reunido con representantes de la Federaci\u00f3n Andaluza de Aut\u00f3nomos del Taxi - El Digital de Asturias\" \/>\n\t\t<meta name=\"twitter:description\" content=\"El consejero de Fomento y Vivienda, Felipe L\u00f3pez, se ha reunido con representantes de la Federaci\u00f3n Andaluza de Aut\u00f3nomos del Taxi (FAAT) y distintas asociaciones provinciales de M\u00e1laga para analizar la situaci\u00f3n actual del sector y su convivencia con los veh\u00edculos de alquiler con conductor (VTC), encuentro donde ha reiterado al Gobierno de Espa\u00f1a que\" \/>\n\t\t<meta name=\"twitter:image\" content=\"https:\/\/www.eldigitaldeasturias.com\/noticias\/wp-content\/uploads\/2020\/12\/EDA-1.jpg\" \/>\n\t\t<meta name=\"twitter:label1\" content=\"Escrito por\" \/>\n\t\t<meta name=\"twitter:data1\" content=\"El Digital de Asturias\" \/>\n\t\t<meta name=\"twitter:label2\" content=\"Tiempo de lectura estimado\" \/>\n\t\t<meta name=\"twitter:data2\" content=\"2 minutos\" \/>\n\t\t<script type=\"application\/ld+json\" class=\"aioseo-schema\">\n\t\t\t{\"@context\":\"https:\\\/\\\/schema.org\",\"@graph\":[{\"@type\":\"BlogPosting\",\"@id\":\"https:\\\/\\\/www.eldigitaldeasturias.com\\\/noticias\\\/felipe-lopez-se-ha-reunido-con-representantes-de-la-federacion-andaluza-de-autonomos-del-taxi\\\/#blogposting\",\"name\":\"Felipe L\\u00f3pez se ha reunido con representantes de la Federaci\\u00f3n Andaluza de Aut\\u00f3nomos del Taxi - El Digital de Asturias\",\"headline\":\"Felipe L\\u00f3pez se ha reunido con representantes de la Federaci\\u00f3n Andaluza de Aut\\u00f3nomos del Taxi\",\"author\":{\"@id\":\"https:\\\/\\\/www.eldigitaldeasturias.com\\\/noticias\\\/author\\\/admin\\\/#author\"},\"publisher\":{\"@id\":\"https:\\\/\\\/www.eldigitaldeasturias.com\\\/noticias\\\/#organization\"},\"image\":{\"@type\":\"ImageObject\",\"url\":950068},\"datePublished\":\"2017-08-17T13:20:19+02:00\",\"dateModified\":\"2017-08-17T13:20:19+02:00\",\"inLanguage\":\"es-ES\",\"mainEntityOfPage\":{\"@id\":\"https:\\\/\\\/www.eldigitaldeasturias.com\\\/noticias\\\/felipe-lopez-se-ha-reunido-con-representantes-de-la-federacion-andaluza-de-autonomos-del-taxi\\\/#webpage\"},\"isPartOf\":{\"@id\":\"https:\\\/\\\/www.eldigitaldeasturias.com\\\/noticias\\\/felipe-lopez-se-ha-reunido-con-representantes-de-la-federacion-andaluza-de-autonomos-del-taxi\\\/#webpage\"},\"articleSection\":\"Actualidad\"},{\"@type\":\"BreadcrumbList\",\"@id\":\"https:\\\/\\\/www.eldigitaldeasturias.com\\\/noticias\\\/felipe-lopez-se-ha-reunido-con-representantes-de-la-federacion-andaluza-de-autonomos-del-taxi\\\/#breadcrumblist\",\"itemListElement\":[{\"@type\":\"ListItem\",\"@id\":\"https:\\\/\\\/www.eldigitaldeasturias.com\\\/noticias#listItem\",\"position\":1,\"name\":\"Home\",\"item\":\"https:\\\/\\\/www.eldigitaldeasturias.com\\\/noticias\",\"nextItem\":{\"@type\":\"ListItem\",\"@id\":\"https:\\\/\\\/www.eldigitaldeasturias.com\\\/noticias\\\/category\\\/actualidad\\\/#listItem\",\"name\":\"Actualidad\"}},{\"@type\":\"ListItem\",\"@id\":\"https:\\\/\\\/www.eldigitaldeasturias.com\\\/noticias\\\/category\\\/actualidad\\\/#listItem\",\"position\":2,\"name\":\"Actualidad\",\"item\":\"https:\\\/\\\/www.eldigitaldeasturias.com\\\/noticias\\\/category\\\/actualidad\\\/\",\"nextItem\":{\"@type\":\"ListItem\",\"@id\":\"https:\\\/\\\/www.eldigitaldeasturias.com\\\/noticias\\\/felipe-lopez-se-ha-reunido-con-representantes-de-la-federacion-andaluza-de-autonomos-del-taxi\\\/#listItem\",\"name\":\"Felipe L\\u00f3pez se ha reunido con representantes de la Federaci\\u00f3n Andaluza de Aut\\u00f3nomos del Taxi\"},\"previousItem\":{\"@type\":\"ListItem\",\"@id\":\"https:\\\/\\\/www.eldigitaldeasturias.com\\\/noticias#listItem\",\"name\":\"Home\"}},{\"@type\":\"ListItem\",\"@id\":\"https:\\\/\\\/www.eldigitaldeasturias.com\\\/noticias\\\/felipe-lopez-se-ha-reunido-con-representantes-de-la-federacion-andaluza-de-autonomos-del-taxi\\\/#listItem\",\"position\":3,\"name\":\"Felipe L\\u00f3pez se ha reunido con representantes de la Federaci\\u00f3n Andaluza de Aut\\u00f3nomos del Taxi\",\"previousItem\":{\"@type\":\"ListItem\",\"@id\":\"https:\\\/\\\/www.eldigitaldeasturias.com\\\/noticias\\\/category\\\/actualidad\\\/#listItem\",\"name\":\"Actualidad\"}}]},{\"@type\":\"Organization\",\"@id\":\"https:\\\/\\\/www.eldigitaldeasturias.com\\\/noticias\\\/#organization\",\"name\":\"El Digital de Asturias\",\"description\":\"Hemeroteca\",\"url\":\"https:\\\/\\\/www.eldigitaldeasturias.com\\\/noticias\\\/\",\"email\":\"info@eldigitaldeasturias.com\",\"telephone\":\"+34652131393\",\"logo\":{\"@type\":\"ImageObject\",\"url\":\"https:\\\/\\\/www.eldigitaldeasturias.com\\\/noticias\\\/wp-content\\\/uploads\\\/2020\\\/12\\\/EDA.jpg\",\"@id\":\"https:\\\/\\\/www.eldigitaldeasturias.com\\\/noticias\\\/felipe-lopez-se-ha-reunido-con-representantes-de-la-federacion-andaluza-de-autonomos-del-taxi\\\/#organizationLogo\"},\"image\":{\"@id\":\"https:\\\/\\\/www.eldigitaldeasturias.com\\\/noticias\\\/felipe-lopez-se-ha-reunido-con-representantes-de-la-federacion-andaluza-de-autonomos-del-taxi\\\/#organizationLogo\"},\"sameAs\":[\"https:\\\/\\\/facebook.com\\\/eldigitaldeasturias\",\"https:\\\/\\\/www.youtube.com\\\/channel\\\/UCZP-2wLEB9Rv6erhFmqVnvg\"],\"address\":{\"@id\":\"https:\\\/\\\/www.eldigitaldeasturias.com\\\/noticias\\\/#postaladdress\",\"@type\":\"PostalAddress\",\"streetAddress\":\"san antonio 4\",\"postalCode\":\"33430\",\"addressLocality\":\"Cand\\u00e1s\",\"addressRegion\":\"Asturias\",\"addressCountry\":\"ES\"}},{\"@type\":\"Person\",\"@id\":\"https:\\\/\\\/www.eldigitaldeasturias.com\\\/noticias\\\/author\\\/admin\\\/#author\",\"url\":\"https:\\\/\\\/www.eldigitaldeasturias.com\\\/noticias\\\/author\\\/admin\\\/\",\"name\":\"El Digital de Asturias\",\"image\":{\"@type\":\"ImageObject\",\"@id\":\"https:\\\/\\\/www.eldigitaldeasturias.com\\\/noticias\\\/felipe-lopez-se-ha-reunido-con-representantes-de-la-federacion-andaluza-de-autonomos-del-taxi\\\/#authorImage\",\"url\":\"https:\\\/\\\/secure.gravatar.com\\\/avatar\\\/df2aeffc32bcd13f8d26072ef8a91b623d677766deac7f97ca815868cd41bf5e?s=96&d=mm&r=g\",\"width\":96,\"height\":96,\"caption\":\"El Digital de Asturias\"}},{\"@type\":\"WebPage\",\"@id\":\"https:\\\/\\\/www.eldigitaldeasturias.com\\\/noticias\\\/felipe-lopez-se-ha-reunido-con-representantes-de-la-federacion-andaluza-de-autonomos-del-taxi\\\/#webpage\",\"url\":\"https:\\\/\\\/www.eldigitaldeasturias.com\\\/noticias\\\/felipe-lopez-se-ha-reunido-con-representantes-de-la-federacion-andaluza-de-autonomos-del-taxi\\\/\",\"name\":\"Felipe L\\u00f3pez se ha reunido con representantes de la Federaci\\u00f3n Andaluza de Aut\\u00f3nomos del Taxi - El Digital de Asturias\",\"description\":\"El consejero de Fomento y Vivienda, Felipe L\\u00f3pez, se ha reunido con representantes de la Federaci\\u00f3n Andaluza de Aut\\u00f3nomos del Taxi (FAAT) y distintas asociaciones provinciales de M\\u00e1laga para analizar la situaci\\u00f3n actual del sector y su convivencia con los veh\\u00edculos de alquiler con conductor (VTC), encuentro donde ha reiterado al Gobierno de Espa\\u00f1a que\",\"inLanguage\":\"es-ES\",\"isPartOf\":{\"@id\":\"https:\\\/\\\/www.eldigitaldeasturias.com\\\/noticias\\\/#website\"},\"breadcrumb\":{\"@id\":\"https:\\\/\\\/www.eldigitaldeasturias.com\\\/noticias\\\/felipe-lopez-se-ha-reunido-con-representantes-de-la-federacion-andaluza-de-autonomos-del-taxi\\\/#breadcrumblist\"},\"author\":{\"@id\":\"https:\\\/\\\/www.eldigitaldeasturias.com\\\/noticias\\\/author\\\/admin\\\/#author\"},\"creator\":{\"@id\":\"https:\\\/\\\/www.eldigitaldeasturias.com\\\/noticias\\\/author\\\/admin\\\/#author\"},\"image\":{\"@type\":\"ImageObject\",\"url\":950068,\"@id\":\"https:\\\/\\\/www.eldigitaldeasturias.com\\\/noticias\\\/felipe-lopez-se-ha-reunido-con-representantes-de-la-federacion-andaluza-de-autonomos-del-taxi\\\/#mainImage\"},\"primaryImageOfPage\":{\"@id\":\"https:\\\/\\\/www.eldigitaldeasturias.com\\\/noticias\\\/felipe-lopez-se-ha-reunido-con-representantes-de-la-federacion-andaluza-de-autonomos-del-taxi\\\/#mainImage\"},\"datePublished\":\"2017-08-17T13:20:19+02:00\",\"dateModified\":\"2017-08-17T13:20:19+02:00\"},{\"@type\":\"WebSite\",\"@id\":\"https:\\\/\\\/www.eldigitaldeasturias.com\\\/noticias\\\/#website\",\"url\":\"https:\\\/\\\/www.eldigitaldeasturias.com\\\/noticias\\\/\",\"name\":\"El Digital de Asturias - Diario de actualidad y noticias\",\"alternateName\":\"El Digital de Asturias - Diario de actualidad y noticias\",\"description\":\"Hemeroteca\",\"inLanguage\":\"es-ES\",\"publisher\":{\"@id\":\"https:\\\/\\\/www.eldigitaldeasturias.com\\\/noticias\\\/#organization\"}}]}\n\t\t<\/script>\n\t\t<!-- All in One SEO Pro -->\r\n\t\t<title>Felipe L\u00f3pez se ha reunido con representantes de la Federaci\u00f3n Andaluza de Aut\u00f3nomos del Taxi - El Digital de Asturias<\/title>\n\n","aioseo_head_json":{"title":"Felipe L\u00f3pez se ha reunido con representantes de la Federaci\u00f3n Andaluza de Aut\u00f3nomos del Taxi - El Digital de Asturias","description":"El consejero de Fomento y Vivienda, Felipe L\u00f3pez, se ha reunido con representantes de la Federaci\u00f3n Andaluza de Aut\u00f3nomos del Taxi (FAAT) y distintas asociaciones provinciales de M\u00e1laga para analizar la situaci\u00f3n actual del sector y su convivencia con los veh\u00edculos de alquiler con conductor (VTC), encuentro donde ha reiterado al Gobierno de Espa\u00f1a que","canonical_url":"https:\/\/www.eldigitaldeasturias.com\/noticias\/felipe-lopez-se-ha-reunido-con-representantes-de-la-federacion-andaluza-de-autonomos-del-taxi\/","robots":"max-image-preview:large","keywords":"actualidad","webmasterTools":{"google-site-verification":"UA-38556648-1","msvalidate.01":"7dfe9f3f1b24437ab69f4f2559babe99","miscellaneous":""},"schema":{"@context":"https:\/\/schema.org","@graph":[{"@type":"BlogPosting","@id":"https:\/\/www.eldigitaldeasturias.com\/noticias\/felipe-lopez-se-ha-reunido-con-representantes-de-la-federacion-andaluza-de-autonomos-del-taxi\/#blogposting","name":"Felipe L\u00f3pez se ha reunido con representantes de la Federaci\u00f3n Andaluza de Aut\u00f3nomos del Taxi - El Digital de Asturias","headline":"Felipe L\u00f3pez se ha reunido con representantes de la Federaci\u00f3n Andaluza de Aut\u00f3nomos del Taxi","author":{"@id":"https:\/\/www.eldigitaldeasturias.com\/noticias\/author\/admin\/#author"},"publisher":{"@id":"https:\/\/www.eldigitaldeasturias.com\/noticias\/#organization"},"image":{"@type":"ImageObject","url":950068},"datePublished":"2017-08-17T13:20:19+02:00","dateModified":"2017-08-17T13:20:19+02:00","inLanguage":"es-ES","mainEntityOfPage":{"@id":"https:\/\/www.eldigitaldeasturias.com\/noticias\/felipe-lopez-se-ha-reunido-con-representantes-de-la-federacion-andaluza-de-autonomos-del-taxi\/#webpage"},"isPartOf":{"@id":"https:\/\/www.eldigitaldeasturias.com\/noticias\/felipe-lopez-se-ha-reunido-con-representantes-de-la-federacion-andaluza-de-autonomos-del-taxi\/#webpage"},"articleSection":"Actualidad"},{"@type":"BreadcrumbList","@id":"https:\/\/www.eldigitaldeasturias.com\/noticias\/felipe-lopez-se-ha-reunido-con-representantes-de-la-federacion-andaluza-de-autonomos-del-taxi\/#breadcrumblist","itemListElement":[{"@type":"ListItem","@id":"https:\/\/www.eldigitaldeasturias.com\/noticias#listItem","position":1,"name":"Home","item":"https:\/\/www.eldigitaldeasturias.com\/noticias","nextItem":{"@type":"ListItem","@id":"https:\/\/www.eldigitaldeasturias.com\/noticias\/category\/actualidad\/#listItem","name":"Actualidad"}},{"@type":"ListItem","@id":"https:\/\/www.eldigitaldeasturias.com\/noticias\/category\/actualidad\/#listItem","position":2,"name":"Actualidad","item":"https:\/\/www.eldigitaldeasturias.com\/noticias\/category\/actualidad\/","nextItem":{"@type":"ListItem","@id":"https:\/\/www.eldigitaldeasturias.com\/noticias\/felipe-lopez-se-ha-reunido-con-representantes-de-la-federacion-andaluza-de-autonomos-del-taxi\/#listItem","name":"Felipe L\u00f3pez se ha reunido con representantes de la Federaci\u00f3n Andaluza de Aut\u00f3nomos del Taxi"},"previousItem":{"@type":"ListItem","@id":"https:\/\/www.eldigitaldeasturias.com\/noticias#listItem","name":"Home"}},{"@type":"ListItem","@id":"https:\/\/www.eldigitaldeasturias.com\/noticias\/felipe-lopez-se-ha-reunido-con-representantes-de-la-federacion-andaluza-de-autonomos-del-taxi\/#listItem","position":3,"name":"Felipe L\u00f3pez se ha reunido con representantes de la Federaci\u00f3n Andaluza de Aut\u00f3nomos del Taxi","previousItem":{"@type":"ListItem","@id":"https:\/\/www.eldigitaldeasturias.com\/noticias\/category\/actualidad\/#listItem","name":"Actualidad"}}]},{"@type":"Organization","@id":"https:\/\/www.eldigitaldeasturias.com\/noticias\/#organization","name":"El Digital de Asturias","description":"Hemeroteca","url":"https:\/\/www.eldigitaldeasturias.com\/noticias\/","email":"info@eldigitaldeasturias.com","telephone":"+34652131393","logo":{"@type":"ImageObject","url":"https:\/\/www.eldigitaldeasturias.com\/noticias\/wp-content\/uploads\/2020\/12\/EDA.jpg","@id":"https:\/\/www.eldigitaldeasturias.com\/noticias\/felipe-lopez-se-ha-reunido-con-representantes-de-la-federacion-andaluza-de-autonomos-del-taxi\/#organizationLogo"},"image":{"@id":"https:\/\/www.eldigitaldeasturias.com\/noticias\/felipe-lopez-se-ha-reunido-con-representantes-de-la-federacion-andaluza-de-autonomos-del-taxi\/#organizationLogo"},"sameAs":["https:\/\/facebook.com\/eldigitaldeasturias","https:\/\/www.youtube.com\/channel\/UCZP-2wLEB9Rv6erhFmqVnvg"],"address":{"@id":"https:\/\/www.eldigitaldeasturias.com\/noticias\/#postaladdress","@type":"PostalAddress","streetAddress":"san antonio 4","postalCode":"33430","addressLocality":"Cand\u00e1s","addressRegion":"Asturias","addressCountry":"ES"}},{"@type":"Person","@id":"https:\/\/www.eldigitaldeasturias.com\/noticias\/author\/admin\/#author","url":"https:\/\/www.eldigitaldeasturias.com\/noticias\/author\/admin\/","name":"El Digital de Asturias","image":{"@type":"ImageObject","@id":"https:\/\/www.eldigitaldeasturias.com\/noticias\/felipe-lopez-se-ha-reunido-con-representantes-de-la-federacion-andaluza-de-autonomos-del-taxi\/#authorImage","url":"https:\/\/secure.gravatar.com\/avatar\/df2aeffc32bcd13f8d26072ef8a91b623d677766deac7f97ca815868cd41bf5e?s=96&d=mm&r=g","width":96,"height":96,"caption":"El Digital de Asturias"}},{"@type":"WebPage","@id":"https:\/\/www.eldigitaldeasturias.com\/noticias\/felipe-lopez-se-ha-reunido-con-representantes-de-la-federacion-andaluza-de-autonomos-del-taxi\/#webpage","url":"https:\/\/www.eldigitaldeasturias.com\/noticias\/felipe-lopez-se-ha-reunido-con-representantes-de-la-federacion-andaluza-de-autonomos-del-taxi\/","name":"Felipe L\u00f3pez se ha reunido con representantes de la Federaci\u00f3n Andaluza de Aut\u00f3nomos del Taxi - El Digital de Asturias","description":"El consejero de Fomento y Vivienda, Felipe L\u00f3pez, se ha reunido con representantes de la Federaci\u00f3n Andaluza de Aut\u00f3nomos del Taxi (FAAT) y distintas asociaciones provinciales de M\u00e1laga para analizar la situaci\u00f3n actual del sector y su convivencia con los veh\u00edculos de alquiler con conductor (VTC), encuentro donde ha reiterado al Gobierno de Espa\u00f1a que","inLanguage":"es-ES","isPartOf":{"@id":"https:\/\/www.eldigitaldeasturias.com\/noticias\/#website"},"breadcrumb":{"@id":"https:\/\/www.eldigitaldeasturias.com\/noticias\/felipe-lopez-se-ha-reunido-con-representantes-de-la-federacion-andaluza-de-autonomos-del-taxi\/#breadcrumblist"},"author":{"@id":"https:\/\/www.eldigitaldeasturias.com\/noticias\/author\/admin\/#author"},"creator":{"@id":"https:\/\/www.eldigitaldeasturias.com\/noticias\/author\/admin\/#author"},"image":{"@type":"ImageObject","url":950068,"@id":"https:\/\/www.eldigitaldeasturias.com\/noticias\/felipe-lopez-se-ha-reunido-con-representantes-de-la-federacion-andaluza-de-autonomos-del-taxi\/#mainImage"},"primaryImageOfPage":{"@id":"https:\/\/www.eldigitaldeasturias.com\/noticias\/felipe-lopez-se-ha-reunido-con-representantes-de-la-federacion-andaluza-de-autonomos-del-taxi\/#mainImage"},"datePublished":"2017-08-17T13:20:19+02:00","dateModified":"2017-08-17T13:20:19+02:00"},{"@type":"WebSite","@id":"https:\/\/www.eldigitaldeasturias.com\/noticias\/#website","url":"https:\/\/www.eldigitaldeasturias.com\/noticias\/","name":"El Digital de Asturias - Diario de actualidad y noticias","alternateName":"El Digital de Asturias - Diario de actualidad y noticias","description":"Hemeroteca","inLanguage":"es-ES","publisher":{"@id":"https:\/\/www.eldigitaldeasturias.com\/noticias\/#organization"}}]},"og:locale":"es_ES","og:site_name":"El Digital de Asturias","og:type":"article","og:title":"Felipe L\u00f3pez se ha reunido con representantes de la Federaci\u00f3n Andaluza de Aut\u00f3nomos del Taxi - El Digital de Asturias","og:description":"El consejero de Fomento y Vivienda, Felipe L\u00f3pez, se ha reunido con representantes de la Federaci\u00f3n Andaluza de Aut\u00f3nomos del Taxi (FAAT) y distintas asociaciones provinciales de M\u00e1laga para analizar la situaci\u00f3n actual del sector y su convivencia con los veh\u00edculos de alquiler con conductor (VTC), encuentro donde ha reiterado al Gobierno de Espa\u00f1a que","og:url":"https:\/\/www.eldigitaldeasturias.com\/noticias\/felipe-lopez-se-ha-reunido-con-representantes-de-la-federacion-andaluza-de-autonomos-del-taxi\/","article:tag":["actualidad"],"article:published_time":"2017-08-17T13:20:19+00:00","article:modified_time":"2017-08-17T13:20:19+00:00","article:publisher":"https:\/\/facebook.com\/eldigitaldeasturias","twitter:card":"summary_large_image","twitter:title":"Felipe L\u00f3pez se ha reunido con representantes de la Federaci\u00f3n Andaluza de Aut\u00f3nomos del Taxi - El Digital de Asturias","twitter:description":"El consejero de Fomento y Vivienda, Felipe L\u00f3pez, se ha reunido con representantes de la Federaci\u00f3n Andaluza de Aut\u00f3nomos del Taxi (FAAT) y distintas asociaciones provinciales de M\u00e1laga para analizar la situaci\u00f3n actual del sector y su convivencia con los veh\u00edculos de alquiler con conductor (VTC), encuentro donde ha reiterado al Gobierno de Espa\u00f1a que","twitter:image":"https:\/\/www.eldigitaldeasturias.com\/noticias\/wp-content\/uploads\/2020\/12\/EDA-1.jpg","twitter:label1":"Escrito por","twitter:data1":"El Digital de Asturias","twitter:label2":"Tiempo de lectura estimado","twitter:data2":"2 minutos"},"aioseo_meta_data":{"post_id":"950067","title":null,"description":null,"keywords":null,"keyphrases":null,"primary_term":null,"canonical_url":null,"og_title":null,"og_description":null,"og_object_type":"default","og_image_type":"default","og_image_url":null,"og_image_width":null,"og_image_height":null,"og_image_custom_url":null,"og_image_custom_fields":null,"og_video":null,"og_custom_url":null,"og_article_section":null,"og_article_tags":null,"twitter_use_og":false,"twitter_card":"default","twitter_image_type":"default","twitter_image_url":null,"twitter_image_custom_url":null,"twitter_image_custom_fields":null,"twitter_title":null,"twitter_description":null,"schema":{"blockGraphs":[],"customGraphs":[],"default":{"data":{"Article":[],"Course":[],"Dataset":[],"FAQPage":[],"Movie":[],"Person":[],"Product":[],"ProductReview":[],"Car":[],"Recipe":[],"Service":[],"SoftwareApplication":[],"WebPage":[]},"graphName":"","isEnabled":true},"graphs":[]},"schema_type":null,"schema_type_options":null,"pillar_content":false,"robots_default":true,"robots_noindex":false,"robots_noarchive":false,"robots_nosnippet":false,"robots_nofollow":false,"robots_noimageindex":false,"robots_noodp":false,"robots_notranslate":false,"robots_max_snippet":null,"robots_max_videopreview":null,"robots_max_imagepreview":"large","priority":null,"frequency":null,"local_seo":null,"seo_analyzer_scan_date":"2025-12-05 14:31:19","breadcrumb_settings":null,"limit_modified_date":false,"open_ai":null,"ai":null,"created":"2020-12-21 13:00:42","updated":"2025-12-05 14:31:19","focus_keyword":null,"additional_keywords":null,"truseo_locale":null},"aioseo_breadcrumb":"<div class=\"aioseo-breadcrumbs\"><span class=\"aioseo-breadcrumb\">\n\t<a href=\"https:\/\/www.eldigitaldeasturias.com\/noticias\" title=\"Home\">Home<\/a>\n<\/span><span class=\"aioseo-breadcrumb-separator\">\u2013<\/span><span class=\"aioseo-breadcrumb\">\n\t<a href=\"https:\/\/www.eldigitaldeasturias.com\/noticias\/category\/actualidad\/\" title=\"Actualidad\">Actualidad<\/a>\n<\/span><span class=\"aioseo-breadcrumb-separator\">\u2013<\/span><span class=\"aioseo-breadcrumb\">\n\t<a href=\"https:\/\/www.eldigitaldeasturias.com\/noticias\/felipe-lopez-se-ha-reunido-con-representantes-de-la-federacion-andaluza-de-autonomos-del-taxi\/\" title=\"Felipe L\u00f3pez se ha reunido con representantes de la Federaci\u00f3n Andaluza de Aut\u00f3nomos del Taxi\">Felipe L\u00f3pez se ha reunido con representantes de la Federaci\u00f3n Andaluza de Aut\u00f3nomos del Taxi<\/a>\n<\/span><\/div>","aioseo_breadcrumb_json":[{"label":"Home","link":"https:\/\/www.eldigitaldeasturias.com\/noticias"},{"label":"Actualidad","link":"https:\/\/www.eldigitaldeasturias.com\/noticias\/category\/actualidad\/"},{"label":"Felipe L\u00f3pez se ha reunido con representantes de la Federaci\u00f3n Andaluza de Aut\u00f3nomos del Taxi","link":"https:\/\/www.eldigitaldeasturias.com\/noticias\/felipe-lopez-se-ha-reunido-con-representantes-de-la-federacion-andaluza-de-autonomos-del-taxi\/"}],"_links":{"self":[{"href":"https:\/\/www.eldigitaldeasturias.com\/noticias\/wp-json\/wp\/v2\/posts\/950067","targetHints":{"allow":["GET"]}}],"collection":[{"href":"https:\/\/www.eldigitaldeasturias.com\/noticias\/wp-json\/wp\/v2\/posts"}],"about":[{"href":"https:\/\/www.eldigitaldeasturias.com\/noticias\/wp-json\/wp\/v2\/types\/post"}],"author":[{"embeddable":true,"href":"https:\/\/www.eldigitaldeasturias.com\/noticias\/wp-json\/wp\/v2\/users\/1"}],"replies":[{"embeddable":true,"href":"https:\/\/www.eldigitaldeasturias.com\/noticias\/wp-json\/wp\/v2\/comments?post=950067"}],"version-history":[{"count":0,"href":"https:\/\/www.eldigitaldeasturias.com\/noticias\/wp-json\/wp\/v2\/posts\/950067\/revisions"}],"wp:attachment":[{"href":"https:\/\/www.eldigitaldeasturias.com\/noticias\/wp-json\/wp\/v2\/media?parent=950067"}],"wp:term":[{"taxonomy":"category","embeddable":true,"href":"https:\/\/www.eldigitaldeasturias.com\/noticias\/wp-json\/wp\/v2\/categories?post=950067"},{"taxonomy":"post_tag","embeddable":true,"href":"https:\/\/www.eldigitaldeasturias.com\/noticias\/wp-json\/wp\/v2\/tags?post=950067"}],"curies":[{"name":"wp","href":"https:\/\/api.w.org\/{rel}","templated":true}]}}