{"id":950005,"date":"2017-08-16T22:14:17","date_gmt":"2017-08-16T22:14:17","guid":{"rendered":"http:\/\/www.eldigitaldeasturias.com\/noticias\/?p=950005"},"modified":"2017-08-16T22:14:17","modified_gmt":"2017-08-16T22:14:17","slug":"sanchez-haro-la-gastronomia-andaluza-atrae-turistas","status":"publish","type":"post","link":"https:\/\/www.eldigitaldeasturias.com\/noticias\/sanchez-haro-la-gastronomia-andaluza-atrae-turistas\/","title":{"rendered":"S\u00e1nchez Haro: \u201cLa gastronom\u00eda andaluza atrae turistas\u201d"},"content":{"rendered":"<p><img loading=\"lazy\" decoding=\"async\" class=\"alignleft size-medium wp-image-950006\" src=\"https:\/\/www.eldigitaldeasturias.com\/noticias\/wp-content\/uploads\/2017\/08\/1502711936998-360x242.jpg\" alt=\"\" width=\"360\" height=\"242\" \/>El consejero de Agricultura, Pesca y Desarrollo Rural, Rodrigo S\u00e1nchez Haro, ha valorado la capacidad de la gastronom\u00eda andaluza para atraer a la comunidad aut\u00f3noma a alrededor de 650.000 turistas al a\u00f1o. Con el \u00abpeso espec\u00edfico\u00bb de este dato ha abierto la acci\u00f3n promocional promovida por el Gobierno auton\u00f3mico en las playas de Vera (Almer\u00eda), donde ha destacado la calidad y la excelencia de los productos agroalimentarios y pesqueros y de la cultura culinaria como una \u00abparte trascendental\u00bb de la oferta tur\u00edstica de la regi\u00f3n. No en vano, como ha apuntado, el 40% del gasto de los visitantes tiene como destino la restauraci\u00f3n.<\/p>\n<p>Rodrigo S\u00e1nchez Haro ha subrayado, en este sentido, la importancia del enoturismo y el turismo gastron\u00f3mico, que, desde su \u00f3ptica, no solo ensalzan las bondades de los alimentos y bebidas del campo y el mar andaluces, sino tambi\u00e9n su contexto hist\u00f3rico y un marco geogr\u00e1fico \u00abinmejorable\u00bb. El p\u00fablico \u00abbusca y encuentra las particularidades locales y disfruta de ellas\u00bb, ha apostillado el consejero, quien ha incidido, en consecuencia, en el desaf\u00edo que \u00abtenemos por delante a trav\u00e9s de las denominaciones de origen protegidas (DOP) o las indicaciones geogr\u00e1ficas protegidas (IGP).<\/p>\n<p>El turista, en palabras del titular de Agricultura, Pesca y Desarrollo Rural, \u00abquiere degustar nuestros productos, conocer el proceso de producci\u00f3n y contemplar el patrimonio cultural y culinario de los lugares que visita\u00bb, algo que, ha concluido, emerge como una \u00abgran oportunidad que hemos de aprovechar desde nuestras figuras de calidad, con proyectos e innovaci\u00f3n\u00bb. Para S\u00e1nchez Haro, la posibilidad de ver, por ejemplo, una vendimia o una subasta de pescado, comprobar c\u00f3mo se marisquea o adentrarse en la elaboraci\u00f3n del aceite de oliva aporta valor a\u00f1adido al turismo de Andaluc\u00eda.<\/p>\n<p><strong>Turismo<\/strong><\/p>\n<p>La acci\u00f3n en las playas de Vera se enmarca dentro de la campa\u00f1a promocional directa al consumidor puesta en marcha por la Junta de Andaluc\u00eda bajo el lema &#8216;Intensamente&#8217; y que recorrer\u00e1 todo el litoral de la comunidad aut\u00f3noma con la meta de fidelizar a los turistas de cara a la temporada de oto\u00f1o-invierno. En concreto, la iniciativa, que arranc\u00f3 el pasado lunes 7 de agosto en Mazag\u00f3n (Moguer, Huelva) y se desarrollar\u00e1 a lo largo de todo el mes de agosto, contempla un amplio programa de actividades l\u00fadicas y de ocio que pretende trasladar a los visitantes el mensaje de que son bienvenidos en la regi\u00f3n y mostrarles una imagen del destino que se basa en la diversidad de segmentos y en el concepto de verticalidad entre el interior y la costa.<\/p>\n<p>La meta \u00faltima es propiciar la llegada de turistas tambi\u00e9n fuera de la temporada estival y lograr as\u00ed una mejor distribuci\u00f3n de los flujos tanto en el tiempo como en el territorio. Para ello, tras pasar por Vera, la campa\u00f1a tendr\u00e1 como pr\u00f3xima parada Valdelagrana, en El Puerto de Santa Mar\u00eda (C\u00e1diz), el 18 de agosto, para continuar despu\u00e9s rumbo a Benalm\u00e1dena (M\u00e1laga), donde aterrizar\u00e1 el 25 de este mismo mes. En todos estos puntos ofrece a los ba\u00f1istas, en horario de 12.00 a 15.00 y de 17.00 a 23.00, desde informaci\u00f3n tur\u00edstica hasta la Ruleta de Andaluc\u00eda con material promocional, actividades 3D, ludoteca infantil, escenario y pantallas de gran formato para animaci\u00f3n y actuaciones musicales, as\u00ed como una piscina para practicar paddle surf, un campo de voley-b\u00e1dminton playa y diversos soportes gr\u00e1ficos como lonas, photacall y banderolas.<\/p>\n<p>&nbsp;<\/p>\n","protected":false},"excerpt":{"rendered":"<p>El consejero de Agricultura, Pesca y Desarrollo Rural, Rodrigo S\u00e1nchez Haro, ha valorado la capacidad de la gastronom\u00eda andaluza para atraer a la comunidad aut\u00f3noma a alrededor de 650.000 turistas al a\u00f1o. Con el \u00abpeso espec\u00edfico\u00bb de este dato ha abierto la acci\u00f3n promocional promovida por el Gobierno auton\u00f3mico en las playas de Vera (Almer\u00eda), [&hellip;]<\/p>\n","protected":false},"author":1,"featured_media":950006,"comment_status":"closed","ping_status":"closed","sticky":false,"template":"","format":"standard","meta":{"footnotes":""},"categories":[1],"tags":[],"class_list":["post-950005","post","type-post","status-publish","format-standard","has-post-thumbnail","hentry","category-actualidad"],"aioseo_notices":[],"aioseo_head":"\n\t\t<!-- All in One SEO Pro 5.0.1 - aioseo.com -->\n\t<meta name=\"description\" content=\"El consejero de Agricultura, Pesca y Desarrollo Rural, Rodrigo S\u00e1nchez Haro, ha valorado la capacidad de la gastronom\u00eda andaluza para atraer a la comunidad aut\u00f3noma a alrededor de 650.000 turistas al a\u00f1o. Con el &quot;peso espec\u00edfico&quot; de este dato ha abierto la acci\u00f3n promocional promovida por el Gobierno auton\u00f3mico en las playas de Vera (Almer\u00eda),\" \/>\n\t<meta name=\"robots\" content=\"max-image-preview:large\" \/>\n\t<meta name=\"author\" content=\"El Digital de Asturias\"\/>\n\t<meta name=\"google-site-verification\" content=\"UA-38556648-1\" \/>\n\t<meta name=\"msvalidate.01\" content=\"7dfe9f3f1b24437ab69f4f2559babe99\" \/>\n\t<meta name=\"keywords\" content=\"actualidad\" \/>\n\t<link rel=\"canonical\" href=\"https:\/\/www.eldigitaldeasturias.com\/noticias\/sanchez-haro-la-gastronomia-andaluza-atrae-turistas\/\" \/>\n\t<meta name=\"generator\" content=\"All in One SEO Pro (AIOSEO) 5.0.1\" \/>\n\t\t<meta property=\"og:locale\" content=\"es_ES\" \/>\n\t\t<meta property=\"og:site_name\" content=\"El Digital de Asturias\" \/>\n\t\t<meta property=\"og:type\" content=\"article\" \/>\n\t\t<meta property=\"og:title\" content=\"S\u00e1nchez Haro: \u201cLa gastronom\u00eda andaluza atrae turistas\u201d - El Digital de Asturias\" \/>\n\t\t<meta property=\"og:description\" content=\"El consejero de Agricultura, Pesca y Desarrollo Rural, Rodrigo S\u00e1nchez Haro, ha valorado la capacidad de la gastronom\u00eda andaluza para atraer a la comunidad aut\u00f3noma a alrededor de 650.000 turistas al a\u00f1o. Con el &quot;peso espec\u00edfico&quot; de este dato ha abierto la acci\u00f3n promocional promovida por el Gobierno auton\u00f3mico en las playas de Vera (Almer\u00eda),\" \/>\n\t\t<meta property=\"og:url\" content=\"https:\/\/www.eldigitaldeasturias.com\/noticias\/sanchez-haro-la-gastronomia-andaluza-atrae-turistas\/\" \/>\n\t\t<meta property=\"article:tag\" content=\"actualidad\" \/>\n\t\t<meta property=\"article:published_time\" content=\"2017-08-16T22:14:17+00:00\" \/>\n\t\t<meta property=\"article:modified_time\" content=\"2017-08-16T22:14:17+00:00\" \/>\n\t\t<meta property=\"article:publisher\" content=\"https:\/\/facebook.com\/eldigitaldeasturias\" \/>\n\t\t<meta name=\"twitter:card\" content=\"summary_large_image\" \/>\n\t\t<meta name=\"twitter:title\" content=\"S\u00e1nchez Haro: \u201cLa gastronom\u00eda andaluza atrae turistas\u201d - El Digital de Asturias\" \/>\n\t\t<meta name=\"twitter:description\" content=\"El consejero de Agricultura, Pesca y Desarrollo Rural, Rodrigo S\u00e1nchez Haro, ha valorado la capacidad de la gastronom\u00eda andaluza para atraer a la comunidad aut\u00f3noma a alrededor de 650.000 turistas al a\u00f1o. Con el &quot;peso espec\u00edfico&quot; de este dato ha abierto la acci\u00f3n promocional promovida por el Gobierno auton\u00f3mico en las playas de Vera (Almer\u00eda),\" \/>\n\t\t<meta name=\"twitter:image\" content=\"https:\/\/www.eldigitaldeasturias.com\/noticias\/wp-content\/uploads\/2020\/12\/EDA-1.jpg\" \/>\n\t\t<meta name=\"twitter:label1\" content=\"Escrito por\" \/>\n\t\t<meta name=\"twitter:data1\" content=\"El Digital de Asturias\" \/>\n\t\t<meta name=\"twitter:label2\" content=\"Tiempo de lectura estimado\" \/>\n\t\t<meta name=\"twitter:data2\" content=\"3 minutos\" \/>\n\t\t<script type=\"application\/ld+json\" class=\"aioseo-schema\">\n\t\t\t{\"@context\":\"https:\\\/\\\/schema.org\",\"@graph\":[{\"@type\":\"BlogPosting\",\"@id\":\"https:\\\/\\\/www.eldigitaldeasturias.com\\\/noticias\\\/sanchez-haro-la-gastronomia-andaluza-atrae-turistas\\\/#blogposting\",\"name\":\"S\\u00e1nchez Haro: \\u201cLa gastronom\\u00eda andaluza atrae turistas\\u201d - El Digital de Asturias\",\"headline\":\"S\\u00e1nchez Haro: \\u201cLa gastronom\\u00eda andaluza atrae turistas\\u201d\",\"author\":{\"@id\":\"https:\\\/\\\/www.eldigitaldeasturias.com\\\/noticias\\\/author\\\/admin\\\/#author\"},\"publisher\":{\"@id\":\"https:\\\/\\\/www.eldigitaldeasturias.com\\\/noticias\\\/#organization\"},\"image\":{\"@type\":\"ImageObject\",\"url\":950006},\"datePublished\":\"2017-08-16T22:14:17+02:00\",\"dateModified\":\"2017-08-16T22:14:17+02:00\",\"inLanguage\":\"es-ES\",\"mainEntityOfPage\":{\"@id\":\"https:\\\/\\\/www.eldigitaldeasturias.com\\\/noticias\\\/sanchez-haro-la-gastronomia-andaluza-atrae-turistas\\\/#webpage\"},\"isPartOf\":{\"@id\":\"https:\\\/\\\/www.eldigitaldeasturias.com\\\/noticias\\\/sanchez-haro-la-gastronomia-andaluza-atrae-turistas\\\/#webpage\"},\"articleSection\":\"Actualidad\"},{\"@type\":\"BreadcrumbList\",\"@id\":\"https:\\\/\\\/www.eldigitaldeasturias.com\\\/noticias\\\/sanchez-haro-la-gastronomia-andaluza-atrae-turistas\\\/#breadcrumblist\",\"itemListElement\":[{\"@type\":\"ListItem\",\"@id\":\"https:\\\/\\\/www.eldigitaldeasturias.com\\\/noticias#listItem\",\"position\":1,\"name\":\"Home\",\"item\":\"https:\\\/\\\/www.eldigitaldeasturias.com\\\/noticias\",\"nextItem\":{\"@type\":\"ListItem\",\"@id\":\"https:\\\/\\\/www.eldigitaldeasturias.com\\\/noticias\\\/category\\\/actualidad\\\/#listItem\",\"name\":\"Actualidad\"}},{\"@type\":\"ListItem\",\"@id\":\"https:\\\/\\\/www.eldigitaldeasturias.com\\\/noticias\\\/category\\\/actualidad\\\/#listItem\",\"position\":2,\"name\":\"Actualidad\",\"item\":\"https:\\\/\\\/www.eldigitaldeasturias.com\\\/noticias\\\/category\\\/actualidad\\\/\",\"nextItem\":{\"@type\":\"ListItem\",\"@id\":\"https:\\\/\\\/www.eldigitaldeasturias.com\\\/noticias\\\/sanchez-haro-la-gastronomia-andaluza-atrae-turistas\\\/#listItem\",\"name\":\"S\\u00e1nchez Haro: \\u201cLa gastronom\\u00eda andaluza atrae turistas\\u201d\"},\"previousItem\":{\"@type\":\"ListItem\",\"@id\":\"https:\\\/\\\/www.eldigitaldeasturias.com\\\/noticias#listItem\",\"name\":\"Home\"}},{\"@type\":\"ListItem\",\"@id\":\"https:\\\/\\\/www.eldigitaldeasturias.com\\\/noticias\\\/sanchez-haro-la-gastronomia-andaluza-atrae-turistas\\\/#listItem\",\"position\":3,\"name\":\"S\\u00e1nchez Haro: \\u201cLa gastronom\\u00eda andaluza atrae turistas\\u201d\",\"previousItem\":{\"@type\":\"ListItem\",\"@id\":\"https:\\\/\\\/www.eldigitaldeasturias.com\\\/noticias\\\/category\\\/actualidad\\\/#listItem\",\"name\":\"Actualidad\"}}]},{\"@type\":\"Organization\",\"@id\":\"https:\\\/\\\/www.eldigitaldeasturias.com\\\/noticias\\\/#organization\",\"name\":\"El Digital de Asturias\",\"description\":\"Hemeroteca\",\"url\":\"https:\\\/\\\/www.eldigitaldeasturias.com\\\/noticias\\\/\",\"email\":\"info@eldigitaldeasturias.com\",\"telephone\":\"+34652131393\",\"logo\":{\"@type\":\"ImageObject\",\"url\":\"https:\\\/\\\/www.eldigitaldeasturias.com\\\/noticias\\\/wp-content\\\/uploads\\\/2020\\\/12\\\/EDA.jpg\",\"@id\":\"https:\\\/\\\/www.eldigitaldeasturias.com\\\/noticias\\\/sanchez-haro-la-gastronomia-andaluza-atrae-turistas\\\/#organizationLogo\"},\"image\":{\"@id\":\"https:\\\/\\\/www.eldigitaldeasturias.com\\\/noticias\\\/sanchez-haro-la-gastronomia-andaluza-atrae-turistas\\\/#organizationLogo\"},\"sameAs\":[\"https:\\\/\\\/facebook.com\\\/eldigitaldeasturias\",\"https:\\\/\\\/www.youtube.com\\\/channel\\\/UCZP-2wLEB9Rv6erhFmqVnvg\"],\"address\":{\"@id\":\"https:\\\/\\\/www.eldigitaldeasturias.com\\\/noticias\\\/#postaladdress\",\"@type\":\"PostalAddress\",\"streetAddress\":\"san antonio 4\",\"postalCode\":\"33430\",\"addressLocality\":\"Cand\\u00e1s\",\"addressRegion\":\"Asturias\",\"addressCountry\":\"ES\"}},{\"@type\":\"Person\",\"@id\":\"https:\\\/\\\/www.eldigitaldeasturias.com\\\/noticias\\\/author\\\/admin\\\/#author\",\"url\":\"https:\\\/\\\/www.eldigitaldeasturias.com\\\/noticias\\\/author\\\/admin\\\/\",\"name\":\"El Digital de Asturias\",\"image\":{\"@type\":\"ImageObject\",\"@id\":\"https:\\\/\\\/www.eldigitaldeasturias.com\\\/noticias\\\/sanchez-haro-la-gastronomia-andaluza-atrae-turistas\\\/#authorImage\",\"url\":\"https:\\\/\\\/secure.gravatar.com\\\/avatar\\\/df2aeffc32bcd13f8d26072ef8a91b623d677766deac7f97ca815868cd41bf5e?s=96&d=mm&r=g\",\"width\":96,\"height\":96,\"caption\":\"El Digital de Asturias\"}},{\"@type\":\"WebPage\",\"@id\":\"https:\\\/\\\/www.eldigitaldeasturias.com\\\/noticias\\\/sanchez-haro-la-gastronomia-andaluza-atrae-turistas\\\/#webpage\",\"url\":\"https:\\\/\\\/www.eldigitaldeasturias.com\\\/noticias\\\/sanchez-haro-la-gastronomia-andaluza-atrae-turistas\\\/\",\"name\":\"S\\u00e1nchez Haro: \\u201cLa gastronom\\u00eda andaluza atrae turistas\\u201d - El Digital de Asturias\",\"description\":\"El consejero de Agricultura, Pesca y Desarrollo Rural, Rodrigo S\\u00e1nchez Haro, ha valorado la capacidad de la gastronom\\u00eda andaluza para atraer a la comunidad aut\\u00f3noma a alrededor de 650.000 turistas al a\\u00f1o. Con el \\\"peso espec\\u00edfico\\\" de este dato ha abierto la acci\\u00f3n promocional promovida por el Gobierno auton\\u00f3mico en las playas de Vera (Almer\\u00eda),\",\"inLanguage\":\"es-ES\",\"isPartOf\":{\"@id\":\"https:\\\/\\\/www.eldigitaldeasturias.com\\\/noticias\\\/#website\"},\"breadcrumb\":{\"@id\":\"https:\\\/\\\/www.eldigitaldeasturias.com\\\/noticias\\\/sanchez-haro-la-gastronomia-andaluza-atrae-turistas\\\/#breadcrumblist\"},\"author\":{\"@id\":\"https:\\\/\\\/www.eldigitaldeasturias.com\\\/noticias\\\/author\\\/admin\\\/#author\"},\"creator\":{\"@id\":\"https:\\\/\\\/www.eldigitaldeasturias.com\\\/noticias\\\/author\\\/admin\\\/#author\"},\"image\":{\"@type\":\"ImageObject\",\"url\":950006,\"@id\":\"https:\\\/\\\/www.eldigitaldeasturias.com\\\/noticias\\\/sanchez-haro-la-gastronomia-andaluza-atrae-turistas\\\/#mainImage\"},\"primaryImageOfPage\":{\"@id\":\"https:\\\/\\\/www.eldigitaldeasturias.com\\\/noticias\\\/sanchez-haro-la-gastronomia-andaluza-atrae-turistas\\\/#mainImage\"},\"datePublished\":\"2017-08-16T22:14:17+02:00\",\"dateModified\":\"2017-08-16T22:14:17+02:00\"},{\"@type\":\"WebSite\",\"@id\":\"https:\\\/\\\/www.eldigitaldeasturias.com\\\/noticias\\\/#website\",\"url\":\"https:\\\/\\\/www.eldigitaldeasturias.com\\\/noticias\\\/\",\"name\":\"El Digital de Asturias - Diario de actualidad y noticias\",\"alternateName\":\"El Digital de Asturias - Diario de actualidad y noticias\",\"description\":\"Hemeroteca\",\"inLanguage\":\"es-ES\",\"publisher\":{\"@id\":\"https:\\\/\\\/www.eldigitaldeasturias.com\\\/noticias\\\/#organization\"}}]}\n\t\t<\/script>\n\t\t<!-- All in One SEO Pro -->\r\n\t\t<title>S\u00e1nchez Haro: \u201cLa gastronom\u00eda andaluza atrae turistas\u201d - El Digital de Asturias<\/title>\n\n","aioseo_head_json":{"title":"S\u00e1nchez Haro: \u201cLa gastronom\u00eda andaluza atrae turistas\u201d - El Digital de Asturias","description":"El consejero de Agricultura, Pesca y Desarrollo Rural, Rodrigo S\u00e1nchez Haro, ha valorado la capacidad de la gastronom\u00eda andaluza para atraer a la comunidad aut\u00f3noma a alrededor de 650.000 turistas al a\u00f1o. Con el \"peso espec\u00edfico\" de este dato ha abierto la acci\u00f3n promocional promovida por el Gobierno auton\u00f3mico en las playas de Vera (Almer\u00eda),","canonical_url":"https:\/\/www.eldigitaldeasturias.com\/noticias\/sanchez-haro-la-gastronomia-andaluza-atrae-turistas\/","robots":"max-image-preview:large","keywords":"actualidad","webmasterTools":{"google-site-verification":"UA-38556648-1","msvalidate.01":"7dfe9f3f1b24437ab69f4f2559babe99","miscellaneous":""},"schema":{"@context":"https:\/\/schema.org","@graph":[{"@type":"BlogPosting","@id":"https:\/\/www.eldigitaldeasturias.com\/noticias\/sanchez-haro-la-gastronomia-andaluza-atrae-turistas\/#blogposting","name":"S\u00e1nchez Haro: \u201cLa gastronom\u00eda andaluza atrae turistas\u201d - El Digital de Asturias","headline":"S\u00e1nchez Haro: \u201cLa gastronom\u00eda andaluza atrae turistas\u201d","author":{"@id":"https:\/\/www.eldigitaldeasturias.com\/noticias\/author\/admin\/#author"},"publisher":{"@id":"https:\/\/www.eldigitaldeasturias.com\/noticias\/#organization"},"image":{"@type":"ImageObject","url":950006},"datePublished":"2017-08-16T22:14:17+02:00","dateModified":"2017-08-16T22:14:17+02:00","inLanguage":"es-ES","mainEntityOfPage":{"@id":"https:\/\/www.eldigitaldeasturias.com\/noticias\/sanchez-haro-la-gastronomia-andaluza-atrae-turistas\/#webpage"},"isPartOf":{"@id":"https:\/\/www.eldigitaldeasturias.com\/noticias\/sanchez-haro-la-gastronomia-andaluza-atrae-turistas\/#webpage"},"articleSection":"Actualidad"},{"@type":"BreadcrumbList","@id":"https:\/\/www.eldigitaldeasturias.com\/noticias\/sanchez-haro-la-gastronomia-andaluza-atrae-turistas\/#breadcrumblist","itemListElement":[{"@type":"ListItem","@id":"https:\/\/www.eldigitaldeasturias.com\/noticias#listItem","position":1,"name":"Home","item":"https:\/\/www.eldigitaldeasturias.com\/noticias","nextItem":{"@type":"ListItem","@id":"https:\/\/www.eldigitaldeasturias.com\/noticias\/category\/actualidad\/#listItem","name":"Actualidad"}},{"@type":"ListItem","@id":"https:\/\/www.eldigitaldeasturias.com\/noticias\/category\/actualidad\/#listItem","position":2,"name":"Actualidad","item":"https:\/\/www.eldigitaldeasturias.com\/noticias\/category\/actualidad\/","nextItem":{"@type":"ListItem","@id":"https:\/\/www.eldigitaldeasturias.com\/noticias\/sanchez-haro-la-gastronomia-andaluza-atrae-turistas\/#listItem","name":"S\u00e1nchez Haro: \u201cLa gastronom\u00eda andaluza atrae turistas\u201d"},"previousItem":{"@type":"ListItem","@id":"https:\/\/www.eldigitaldeasturias.com\/noticias#listItem","name":"Home"}},{"@type":"ListItem","@id":"https:\/\/www.eldigitaldeasturias.com\/noticias\/sanchez-haro-la-gastronomia-andaluza-atrae-turistas\/#listItem","position":3,"name":"S\u00e1nchez Haro: \u201cLa gastronom\u00eda andaluza atrae turistas\u201d","previousItem":{"@type":"ListItem","@id":"https:\/\/www.eldigitaldeasturias.com\/noticias\/category\/actualidad\/#listItem","name":"Actualidad"}}]},{"@type":"Organization","@id":"https:\/\/www.eldigitaldeasturias.com\/noticias\/#organization","name":"El Digital de Asturias","description":"Hemeroteca","url":"https:\/\/www.eldigitaldeasturias.com\/noticias\/","email":"info@eldigitaldeasturias.com","telephone":"+34652131393","logo":{"@type":"ImageObject","url":"https:\/\/www.eldigitaldeasturias.com\/noticias\/wp-content\/uploads\/2020\/12\/EDA.jpg","@id":"https:\/\/www.eldigitaldeasturias.com\/noticias\/sanchez-haro-la-gastronomia-andaluza-atrae-turistas\/#organizationLogo"},"image":{"@id":"https:\/\/www.eldigitaldeasturias.com\/noticias\/sanchez-haro-la-gastronomia-andaluza-atrae-turistas\/#organizationLogo"},"sameAs":["https:\/\/facebook.com\/eldigitaldeasturias","https:\/\/www.youtube.com\/channel\/UCZP-2wLEB9Rv6erhFmqVnvg"],"address":{"@id":"https:\/\/www.eldigitaldeasturias.com\/noticias\/#postaladdress","@type":"PostalAddress","streetAddress":"san antonio 4","postalCode":"33430","addressLocality":"Cand\u00e1s","addressRegion":"Asturias","addressCountry":"ES"}},{"@type":"Person","@id":"https:\/\/www.eldigitaldeasturias.com\/noticias\/author\/admin\/#author","url":"https:\/\/www.eldigitaldeasturias.com\/noticias\/author\/admin\/","name":"El Digital de Asturias","image":{"@type":"ImageObject","@id":"https:\/\/www.eldigitaldeasturias.com\/noticias\/sanchez-haro-la-gastronomia-andaluza-atrae-turistas\/#authorImage","url":"https:\/\/secure.gravatar.com\/avatar\/df2aeffc32bcd13f8d26072ef8a91b623d677766deac7f97ca815868cd41bf5e?s=96&d=mm&r=g","width":96,"height":96,"caption":"El Digital de Asturias"}},{"@type":"WebPage","@id":"https:\/\/www.eldigitaldeasturias.com\/noticias\/sanchez-haro-la-gastronomia-andaluza-atrae-turistas\/#webpage","url":"https:\/\/www.eldigitaldeasturias.com\/noticias\/sanchez-haro-la-gastronomia-andaluza-atrae-turistas\/","name":"S\u00e1nchez Haro: \u201cLa gastronom\u00eda andaluza atrae turistas\u201d - El Digital de Asturias","description":"El consejero de Agricultura, Pesca y Desarrollo Rural, Rodrigo S\u00e1nchez Haro, ha valorado la capacidad de la gastronom\u00eda andaluza para atraer a la comunidad aut\u00f3noma a alrededor de 650.000 turistas al a\u00f1o. Con el \"peso espec\u00edfico\" de este dato ha abierto la acci\u00f3n promocional promovida por el Gobierno auton\u00f3mico en las playas de Vera (Almer\u00eda),","inLanguage":"es-ES","isPartOf":{"@id":"https:\/\/www.eldigitaldeasturias.com\/noticias\/#website"},"breadcrumb":{"@id":"https:\/\/www.eldigitaldeasturias.com\/noticias\/sanchez-haro-la-gastronomia-andaluza-atrae-turistas\/#breadcrumblist"},"author":{"@id":"https:\/\/www.eldigitaldeasturias.com\/noticias\/author\/admin\/#author"},"creator":{"@id":"https:\/\/www.eldigitaldeasturias.com\/noticias\/author\/admin\/#author"},"image":{"@type":"ImageObject","url":950006,"@id":"https:\/\/www.eldigitaldeasturias.com\/noticias\/sanchez-haro-la-gastronomia-andaluza-atrae-turistas\/#mainImage"},"primaryImageOfPage":{"@id":"https:\/\/www.eldigitaldeasturias.com\/noticias\/sanchez-haro-la-gastronomia-andaluza-atrae-turistas\/#mainImage"},"datePublished":"2017-08-16T22:14:17+02:00","dateModified":"2017-08-16T22:14:17+02:00"},{"@type":"WebSite","@id":"https:\/\/www.eldigitaldeasturias.com\/noticias\/#website","url":"https:\/\/www.eldigitaldeasturias.com\/noticias\/","name":"El Digital de Asturias - Diario de actualidad y noticias","alternateName":"El Digital de Asturias - Diario de actualidad y noticias","description":"Hemeroteca","inLanguage":"es-ES","publisher":{"@id":"https:\/\/www.eldigitaldeasturias.com\/noticias\/#organization"}}]},"og:locale":"es_ES","og:site_name":"El Digital de Asturias","og:type":"article","og:title":"S\u00e1nchez Haro: \u201cLa gastronom\u00eda andaluza atrae turistas\u201d - El Digital de Asturias","og:description":"El consejero de Agricultura, Pesca y Desarrollo Rural, Rodrigo S\u00e1nchez Haro, ha valorado la capacidad de la gastronom\u00eda andaluza para atraer a la comunidad aut\u00f3noma a alrededor de 650.000 turistas al a\u00f1o. Con el &quot;peso espec\u00edfico&quot; de este dato ha abierto la acci\u00f3n promocional promovida por el Gobierno auton\u00f3mico en las playas de Vera (Almer\u00eda),","og:url":"https:\/\/www.eldigitaldeasturias.com\/noticias\/sanchez-haro-la-gastronomia-andaluza-atrae-turistas\/","article:tag":["actualidad"],"article:published_time":"2017-08-16T22:14:17+00:00","article:modified_time":"2017-08-16T22:14:17+00:00","article:publisher":"https:\/\/facebook.com\/eldigitaldeasturias","twitter:card":"summary_large_image","twitter:title":"S\u00e1nchez Haro: \u201cLa gastronom\u00eda andaluza atrae turistas\u201d - El Digital de Asturias","twitter:description":"El consejero de Agricultura, Pesca y Desarrollo Rural, Rodrigo S\u00e1nchez Haro, ha valorado la capacidad de la gastronom\u00eda andaluza para atraer a la comunidad aut\u00f3noma a alrededor de 650.000 turistas al a\u00f1o. Con el &quot;peso espec\u00edfico&quot; de este dato ha abierto la acci\u00f3n promocional promovida por el Gobierno auton\u00f3mico en las playas de Vera (Almer\u00eda),","twitter:image":"https:\/\/www.eldigitaldeasturias.com\/noticias\/wp-content\/uploads\/2020\/12\/EDA-1.jpg","twitter:label1":"Escrito por","twitter:data1":"El Digital de Asturias","twitter:label2":"Tiempo de lectura estimado","twitter:data2":"3 minutos"},"aioseo_meta_data":{"post_id":"950005","title":null,"description":null,"keywords":null,"keyphrases":null,"primary_term":null,"canonical_url":null,"og_title":null,"og_description":null,"og_object_type":"default","og_image_type":"default","og_image_url":null,"og_image_width":null,"og_image_height":null,"og_image_custom_url":null,"og_image_custom_fields":null,"og_video":null,"og_custom_url":null,"og_article_section":null,"og_article_tags":null,"twitter_use_og":false,"twitter_card":"default","twitter_image_type":"default","twitter_image_url":null,"twitter_image_custom_url":null,"twitter_image_custom_fields":null,"twitter_title":null,"twitter_description":null,"schema":{"blockGraphs":[],"customGraphs":[],"default":{"data":{"Article":[],"Course":[],"Dataset":[],"FAQPage":[],"Movie":[],"Person":[],"Product":[],"ProductReview":[],"Car":[],"Recipe":[],"Service":[],"SoftwareApplication":[],"WebPage":[]},"graphName":"","isEnabled":true},"graphs":[],"defaultGraph":"","defaultPostTypeGraph":""},"schema_type":null,"schema_type_options":null,"pillar_content":false,"robots_default":true,"robots_noindex":false,"robots_noarchive":false,"robots_nosnippet":false,"robots_nofollow":false,"robots_noimageindex":false,"robots_noodp":false,"robots_notranslate":false,"robots_max_snippet":null,"robots_max_videopreview":null,"robots_max_imagepreview":"large","priority":null,"frequency":null,"local_seo":null,"seo_analyzer_scan_date":"2025-12-05 14:21:18","breadcrumb_settings":null,"limit_modified_date":false,"open_ai":null,"ai":null,"created":"2020-12-21 13:00:42","updated":"2025-12-05 14:21:18","focus_keyword":null,"additional_keywords":null,"truseo_locale":null},"aioseo_breadcrumb":"<div class=\"aioseo-breadcrumbs\"><span class=\"aioseo-breadcrumb\">\n\t<a href=\"https:\/\/www.eldigitaldeasturias.com\/noticias\" title=\"Home\">Home<\/a>\n<\/span><span class=\"aioseo-breadcrumb-separator\">\u2013<\/span><span class=\"aioseo-breadcrumb\">\n\t<a href=\"https:\/\/www.eldigitaldeasturias.com\/noticias\/category\/actualidad\/\" title=\"Actualidad\">Actualidad<\/a>\n<\/span><span class=\"aioseo-breadcrumb-separator\">\u2013<\/span><span class=\"aioseo-breadcrumb\">\n\t<a href=\"https:\/\/www.eldigitaldeasturias.com\/noticias\/sanchez-haro-la-gastronomia-andaluza-atrae-turistas\/\" title=\"S\u00e1nchez Haro: \u201cLa gastronom\u00eda andaluza atrae turistas\u201d\">S\u00e1nchez Haro: \u201cLa gastronom\u00eda andaluza atrae turistas\u201d<\/a>\n<\/span><\/div>","aioseo_breadcrumb_json":[{"label":"Home","link":"https:\/\/www.eldigitaldeasturias.com\/noticias"},{"label":"Actualidad","link":"https:\/\/www.eldigitaldeasturias.com\/noticias\/category\/actualidad\/"},{"label":"S\u00e1nchez Haro: \u201cLa gastronom\u00eda andaluza atrae turistas\u201d","link":"https:\/\/www.eldigitaldeasturias.com\/noticias\/sanchez-haro-la-gastronomia-andaluza-atrae-turistas\/"}],"_links":{"self":[{"href":"https:\/\/www.eldigitaldeasturias.com\/noticias\/wp-json\/wp\/v2\/posts\/950005","targetHints":{"allow":["GET"]}}],"collection":[{"href":"https:\/\/www.eldigitaldeasturias.com\/noticias\/wp-json\/wp\/v2\/posts"}],"about":[{"href":"https:\/\/www.eldigitaldeasturias.com\/noticias\/wp-json\/wp\/v2\/types\/post"}],"author":[{"embeddable":true,"href":"https:\/\/www.eldigitaldeasturias.com\/noticias\/wp-json\/wp\/v2\/users\/1"}],"replies":[{"embeddable":true,"href":"https:\/\/www.eldigitaldeasturias.com\/noticias\/wp-json\/wp\/v2\/comments?post=950005"}],"version-history":[{"count":0,"href":"https:\/\/www.eldigitaldeasturias.com\/noticias\/wp-json\/wp\/v2\/posts\/950005\/revisions"}],"wp:attachment":[{"href":"https:\/\/www.eldigitaldeasturias.com\/noticias\/wp-json\/wp\/v2\/media?parent=950005"}],"wp:term":[{"taxonomy":"category","embeddable":true,"href":"https:\/\/www.eldigitaldeasturias.com\/noticias\/wp-json\/wp\/v2\/categories?post=950005"},{"taxonomy":"post_tag","embeddable":true,"href":"https:\/\/www.eldigitaldeasturias.com\/noticias\/wp-json\/wp\/v2\/tags?post=950005"}],"curies":[{"name":"wp","href":"https:\/\/api.w.org\/{rel}","templated":true}]}}