{"id":950002,"date":"2017-08-16T22:09:48","date_gmt":"2017-08-16T22:09:48","guid":{"rendered":"http:\/\/www.eldigitaldeasturias.com\/noticias\/?p=950002"},"modified":"2017-08-16T22:09:48","modified_gmt":"2017-08-16T22:09:48","slug":"el-programa-ventana-abierta-a-la-familia-cuenta-unas-20-000-personas-estan-adscritas","status":"publish","type":"post","link":"https:\/\/www.eldigitaldeasturias.com\/noticias\/el-programa-ventana-abierta-a-la-familia-cuenta-unas-20-000-personas-estan-adscritas\/","title":{"rendered":"El programa &#8216;Ventana abierta a la familia&#8217; cuenta unas 20.000 personas est\u00e1n adscritas"},"content":{"rendered":"<p><img loading=\"lazy\" decoding=\"async\" class=\"alignleft size-medium wp-image-950003\" src=\"https:\/\/www.eldigitaldeasturias.com\/noticias\/wp-content\/uploads\/2017\/08\/1502709096622-360x270.jpg\" alt=\"\" width=\"360\" height=\"270\" \/>El programa &#8216;Ventana abierta a la familia&#8217; desarrollado por la Consejer\u00eda de Salud ha incrementado el n\u00famero de gestiones atendidas en un 80% tras la incorporaci\u00f3n de este servicio a la aplicaci\u00f3n Salud Responde, en el mes de junio de 2016. Seg\u00fan los datos obtenidos de los mensajes enviados a las familias inscritas, la gesti\u00f3n de altas en el servicio y las consultas de informaci\u00f3n, durante el primer semestre del presente a\u00f1o se han realizado 251.542 gestiones a trav\u00e9s del servicio, lo que supone 201.070 gestiones m\u00e1s que en el mismo per\u00edodo del a\u00f1o anterior (50.472), cuando este programa a\u00fan no contaba con el apoyo de la app Salud Responde.<\/p>\n<p>Este programa gratuito ofrece a las familias la posibilidad de inscribirse de manera voluntaria en el servicio de &#8216;Ventana abierta a la familia&#8217; de Salud Responde, para recibir mensajes a trav\u00e9s de tel\u00e9fono m\u00f3vil y por correo electr\u00f3nico, sobre hitos relacionados con el crecimiento y desarrollo infantil. Los progenitores tambi\u00e9n pueden obtener respuesta a sus dudas y preguntas por parte de especialistas en la materia, enviando sus consultas a esta plataforma de comunicaci\u00f3n entre los servicios sanitarios y la ciudadan\u00eda.<\/p>\n<p>&#8216;Ventana abierta a la familia&#8217; tiene por objetivo apoyar a las familias en la crianza de forma integral y continua, as\u00ed como mejorar el bienestar de los menores de Andaluc\u00eda. Este proyecto, que cumple su cuarto a\u00f1o de actividad en el presente mes de julio, con m\u00e1s de 19.600 personas usuarias, pretende adem\u00e1s favorecer el intercambio de conocimiento en materia de infancia en el \u00e1mbito profesional.<\/p>\n<p><strong>Personas usuarias<\/strong><\/p>\n<p>La aplicaci\u00f3n m\u00f3vil Salud Responde tambi\u00e9n ha impulsado el n\u00famero de familias participantes en la &#8216;Ventana abierta&#8217;. De los 19.665 menores que se encuentran actualmente registrados en esta Plataforma, un 47% (9.321) se han inscrito en el \u00faltimo a\u00f1o.<\/p>\n<p>Por provincias, las inscripciones se distribuyen con 1.439 en Almer\u00eda; 2.593 en C\u00e1diz; 2.188 en C\u00f3rdoba; 2.147 en Granada; 1.301 en Huelva; 1.523 en Ja\u00e9n; 3.541 en M\u00e1laga y 4.933 en Sevilla.<\/p>\n<p>Por edades, destaca el n\u00famero de menores inscritos en los tres primeros a\u00f1os de vida, dado que el tramo de 0 a 3 a\u00f1os aglutina un tercio del registro, con un total de 6.556 menores (150 con 0 a\u00f1os; 1.982 con 1 a\u00f1o; 2.399 con 2 a\u00f1os; y 2.025 con 3 a\u00f1os).<\/p>\n<p>Adem\u00e1s, se encuentran en esta plataforma 1.739 menores con 4 a\u00f1os; 1.523 menores con 5 a\u00f1os; 1.346 menores con 6 a\u00f1os; 1.300 menores con 7 a\u00f1os; 1.204 menores con 8 a\u00f1os; y 1.060 menores con 9 a\u00f1os.<\/p>\n<p>A partir de los 10 a\u00f1os el censo registrado por edades disminuye por debajo del millar de personas usuarias, decreciendo progresivamente hasta llegar a los 18 a\u00f1os, siendo de 934 menores inscritos con 10 a\u00f1os; 879 con 11 a\u00f1os; 789 con 12 a\u00f1os; 719 con 13 a\u00f1os; 620 con 14 a\u00f1os; 459 con 15 a\u00f1os; 264 con 16 a\u00f1os; 188 con 17 a\u00f1os; y 85 con 18 a\u00f1os.<\/p>\n<p><strong>Difusi\u00f3n de mensajes<\/strong><\/p>\n<p>Desde su puesta en marcha, el 19 de julio de 2013, &#8216;Ventana abierta a las familias&#8217; ha realizado un total de 806.276 gestiones. La campa\u00f1a general de este servicio est\u00e1 compuesta por un total de 270 mensajes, para edades comprendidas de 0 a 14 a\u00f1os, que se env\u00edan en funci\u00f3n de la edad de los menores inscritos en el programa.<\/p>\n<p>Los mensajes se concentran en las primeras etapas de la vida y se distribuyen en \u00e1reas de bienvenida, desarrollo, vacunas, accidentes, lactancia, apego, alimentaci\u00f3n, movilidad segura, cuidados y ocio. Tambi\u00e9n se han desarrollado en el primer semestre de 2017 campa\u00f1as espec\u00edficas con mensajes sobre Naturaleza y salud infantil; Prevenci\u00f3n del tabaquismo pasivo en la infancia; as\u00ed como Verano y Salud.<\/p>\n<p><strong>Redes sociales<\/strong><\/p>\n<p>Los v\u00eddeos de &#8216;Ventana abierta a las familias&#8217; est\u00e1n implementados en la lista de reproducci\u00f3n del canal de YouTube de la Consejer\u00eda de Salud, alcanzando un total de 301.354 reproducciones en los primeros seis meses del a\u00f1o. Desde su puesta en marcha en el a\u00f1o 2013, los v\u00eddeos &#8216;Hola mam\u00e1, hola pap\u00e1&#8217; se han reproducido en 2.270.028 ocasiones y un total de 7.426 v\u00eddeos han sido compartidos entre las personas usuarias.<\/p>\n<p>Adem\u00e1s, para estar m\u00e1s cerca de la ciudadan\u00eda, desde el a\u00f1o 2015 &#8216;Ventana abierta a las familias&#8217; tiene difusi\u00f3n a trav\u00e9s de redes sociales, con p\u00e1gina en Facebook, con la que un total de 8.872 personas usuarias han interactuado durante el primer semestre del a\u00f1o; y la cuenta de este servicio en la red social Twitter ha superado este a\u00f1o los 400 seguidores.<\/p>\n","protected":false},"excerpt":{"rendered":"<p>El programa &#8216;Ventana abierta a la familia&#8217; desarrollado por la Consejer\u00eda de Salud ha incrementado el n\u00famero de gestiones atendidas en un 80% tras la incorporaci\u00f3n de este servicio a la aplicaci\u00f3n Salud Responde, en el mes de junio de 2016. Seg\u00fan los datos obtenidos de los mensajes enviados a las familias inscritas, la gesti\u00f3n [&hellip;]<\/p>\n","protected":false},"author":1,"featured_media":950003,"comment_status":"closed","ping_status":"closed","sticky":false,"template":"","format":"standard","meta":{"footnotes":""},"categories":[1],"tags":[],"class_list":["post-950002","post","type-post","status-publish","format-standard","has-post-thumbnail","hentry","category-actualidad"],"aioseo_notices":[],"aioseo_head":"\n\t\t<!-- All in One SEO Pro 5.0.1 - aioseo.com -->\n\t<meta name=\"description\" content=\"El programa &#039;Ventana abierta a la familia&#039; desarrollado por la Consejer\u00eda de Salud ha incrementado el n\u00famero de gestiones atendidas en un 80% tras la incorporaci\u00f3n de este servicio a la aplicaci\u00f3n Salud Responde, en el mes de junio de 2016. Seg\u00fan los datos obtenidos de los mensajes enviados a las familias inscritas, la gesti\u00f3n\" \/>\n\t<meta name=\"robots\" content=\"max-image-preview:large\" \/>\n\t<meta name=\"author\" content=\"El Digital de Asturias\"\/>\n\t<meta name=\"google-site-verification\" content=\"UA-38556648-1\" \/>\n\t<meta name=\"msvalidate.01\" content=\"7dfe9f3f1b24437ab69f4f2559babe99\" \/>\n\t<meta name=\"keywords\" content=\"actualidad\" \/>\n\t<link rel=\"canonical\" href=\"https:\/\/www.eldigitaldeasturias.com\/noticias\/el-programa-ventana-abierta-a-la-familia-cuenta-unas-20-000-personas-estan-adscritas\/\" \/>\n\t<meta name=\"generator\" content=\"All in One SEO Pro (AIOSEO) 5.0.1\" \/>\n\t\t<meta property=\"og:locale\" content=\"es_ES\" \/>\n\t\t<meta property=\"og:site_name\" content=\"El Digital de Asturias\" \/>\n\t\t<meta property=\"og:type\" content=\"article\" \/>\n\t\t<meta property=\"og:title\" content=\"El programa \u2018Ventana abierta a la familia\u2019 cuenta unas 20.000 personas est\u00e1n adscritas - El Digital de Asturias\" \/>\n\t\t<meta property=\"og:description\" content=\"El programa &#039;Ventana abierta a la familia&#039; desarrollado por la Consejer\u00eda de Salud ha incrementado el n\u00famero de gestiones atendidas en un 80% tras la incorporaci\u00f3n de este servicio a la aplicaci\u00f3n Salud Responde, en el mes de junio de 2016. Seg\u00fan los datos obtenidos de los mensajes enviados a las familias inscritas, la gesti\u00f3n\" \/>\n\t\t<meta property=\"og:url\" content=\"https:\/\/www.eldigitaldeasturias.com\/noticias\/el-programa-ventana-abierta-a-la-familia-cuenta-unas-20-000-personas-estan-adscritas\/\" \/>\n\t\t<meta property=\"article:tag\" content=\"actualidad\" \/>\n\t\t<meta property=\"article:published_time\" content=\"2017-08-16T22:09:48+00:00\" \/>\n\t\t<meta property=\"article:modified_time\" content=\"2017-08-16T22:09:48+00:00\" \/>\n\t\t<meta property=\"article:publisher\" content=\"https:\/\/facebook.com\/eldigitaldeasturias\" \/>\n\t\t<meta name=\"twitter:card\" content=\"summary_large_image\" \/>\n\t\t<meta name=\"twitter:title\" content=\"El programa \u2018Ventana abierta a la familia\u2019 cuenta unas 20.000 personas est\u00e1n adscritas - El Digital de Asturias\" \/>\n\t\t<meta name=\"twitter:description\" content=\"El programa &#039;Ventana abierta a la familia&#039; desarrollado por la Consejer\u00eda de Salud ha incrementado el n\u00famero de gestiones atendidas en un 80% tras la incorporaci\u00f3n de este servicio a la aplicaci\u00f3n Salud Responde, en el mes de junio de 2016. Seg\u00fan los datos obtenidos de los mensajes enviados a las familias inscritas, la gesti\u00f3n\" \/>\n\t\t<meta name=\"twitter:image\" content=\"https:\/\/www.eldigitaldeasturias.com\/noticias\/wp-content\/uploads\/2020\/12\/EDA-1.jpg\" \/>\n\t\t<meta name=\"twitter:label1\" content=\"Escrito por\" \/>\n\t\t<meta name=\"twitter:data1\" content=\"El Digital de Asturias\" \/>\n\t\t<meta name=\"twitter:label2\" content=\"Tiempo de lectura estimado\" \/>\n\t\t<meta name=\"twitter:data2\" content=\"4 minutos\" \/>\n\t\t<script type=\"application\/ld+json\" class=\"aioseo-schema\">\n\t\t\t{\"@context\":\"https:\\\/\\\/schema.org\",\"@graph\":[{\"@type\":\"BlogPosting\",\"@id\":\"https:\\\/\\\/www.eldigitaldeasturias.com\\\/noticias\\\/el-programa-ventana-abierta-a-la-familia-cuenta-unas-20-000-personas-estan-adscritas\\\/#blogposting\",\"name\":\"El programa \\u2018Ventana abierta a la familia\\u2019 cuenta unas 20.000 personas est\\u00e1n adscritas - El Digital de Asturias\",\"headline\":\"El programa &#8216;Ventana abierta a la familia&#8217; cuenta unas 20.000 personas est\\u00e1n adscritas\",\"author\":{\"@id\":\"https:\\\/\\\/www.eldigitaldeasturias.com\\\/noticias\\\/author\\\/admin\\\/#author\"},\"publisher\":{\"@id\":\"https:\\\/\\\/www.eldigitaldeasturias.com\\\/noticias\\\/#organization\"},\"image\":{\"@type\":\"ImageObject\",\"url\":950003},\"datePublished\":\"2017-08-16T22:09:48+02:00\",\"dateModified\":\"2017-08-16T22:09:48+02:00\",\"inLanguage\":\"es-ES\",\"mainEntityOfPage\":{\"@id\":\"https:\\\/\\\/www.eldigitaldeasturias.com\\\/noticias\\\/el-programa-ventana-abierta-a-la-familia-cuenta-unas-20-000-personas-estan-adscritas\\\/#webpage\"},\"isPartOf\":{\"@id\":\"https:\\\/\\\/www.eldigitaldeasturias.com\\\/noticias\\\/el-programa-ventana-abierta-a-la-familia-cuenta-unas-20-000-personas-estan-adscritas\\\/#webpage\"},\"articleSection\":\"Actualidad\"},{\"@type\":\"BreadcrumbList\",\"@id\":\"https:\\\/\\\/www.eldigitaldeasturias.com\\\/noticias\\\/el-programa-ventana-abierta-a-la-familia-cuenta-unas-20-000-personas-estan-adscritas\\\/#breadcrumblist\",\"itemListElement\":[{\"@type\":\"ListItem\",\"@id\":\"https:\\\/\\\/www.eldigitaldeasturias.com\\\/noticias#listItem\",\"position\":1,\"name\":\"Home\",\"item\":\"https:\\\/\\\/www.eldigitaldeasturias.com\\\/noticias\",\"nextItem\":{\"@type\":\"ListItem\",\"@id\":\"https:\\\/\\\/www.eldigitaldeasturias.com\\\/noticias\\\/category\\\/actualidad\\\/#listItem\",\"name\":\"Actualidad\"}},{\"@type\":\"ListItem\",\"@id\":\"https:\\\/\\\/www.eldigitaldeasturias.com\\\/noticias\\\/category\\\/actualidad\\\/#listItem\",\"position\":2,\"name\":\"Actualidad\",\"item\":\"https:\\\/\\\/www.eldigitaldeasturias.com\\\/noticias\\\/category\\\/actualidad\\\/\",\"nextItem\":{\"@type\":\"ListItem\",\"@id\":\"https:\\\/\\\/www.eldigitaldeasturias.com\\\/noticias\\\/el-programa-ventana-abierta-a-la-familia-cuenta-unas-20-000-personas-estan-adscritas\\\/#listItem\",\"name\":\"El programa &#8216;Ventana abierta a la familia&#8217; cuenta unas 20.000 personas est\\u00e1n adscritas\"},\"previousItem\":{\"@type\":\"ListItem\",\"@id\":\"https:\\\/\\\/www.eldigitaldeasturias.com\\\/noticias#listItem\",\"name\":\"Home\"}},{\"@type\":\"ListItem\",\"@id\":\"https:\\\/\\\/www.eldigitaldeasturias.com\\\/noticias\\\/el-programa-ventana-abierta-a-la-familia-cuenta-unas-20-000-personas-estan-adscritas\\\/#listItem\",\"position\":3,\"name\":\"El programa &#8216;Ventana abierta a la familia&#8217; cuenta unas 20.000 personas est\\u00e1n adscritas\",\"previousItem\":{\"@type\":\"ListItem\",\"@id\":\"https:\\\/\\\/www.eldigitaldeasturias.com\\\/noticias\\\/category\\\/actualidad\\\/#listItem\",\"name\":\"Actualidad\"}}]},{\"@type\":\"Organization\",\"@id\":\"https:\\\/\\\/www.eldigitaldeasturias.com\\\/noticias\\\/#organization\",\"name\":\"El Digital de Asturias\",\"description\":\"Hemeroteca\",\"url\":\"https:\\\/\\\/www.eldigitaldeasturias.com\\\/noticias\\\/\",\"email\":\"info@eldigitaldeasturias.com\",\"telephone\":\"+34652131393\",\"logo\":{\"@type\":\"ImageObject\",\"url\":\"https:\\\/\\\/www.eldigitaldeasturias.com\\\/noticias\\\/wp-content\\\/uploads\\\/2020\\\/12\\\/EDA.jpg\",\"@id\":\"https:\\\/\\\/www.eldigitaldeasturias.com\\\/noticias\\\/el-programa-ventana-abierta-a-la-familia-cuenta-unas-20-000-personas-estan-adscritas\\\/#organizationLogo\"},\"image\":{\"@id\":\"https:\\\/\\\/www.eldigitaldeasturias.com\\\/noticias\\\/el-programa-ventana-abierta-a-la-familia-cuenta-unas-20-000-personas-estan-adscritas\\\/#organizationLogo\"},\"sameAs\":[\"https:\\\/\\\/facebook.com\\\/eldigitaldeasturias\",\"https:\\\/\\\/www.youtube.com\\\/channel\\\/UCZP-2wLEB9Rv6erhFmqVnvg\"],\"address\":{\"@id\":\"https:\\\/\\\/www.eldigitaldeasturias.com\\\/noticias\\\/#postaladdress\",\"@type\":\"PostalAddress\",\"streetAddress\":\"san antonio 4\",\"postalCode\":\"33430\",\"addressLocality\":\"Cand\\u00e1s\",\"addressRegion\":\"Asturias\",\"addressCountry\":\"ES\"}},{\"@type\":\"Person\",\"@id\":\"https:\\\/\\\/www.eldigitaldeasturias.com\\\/noticias\\\/author\\\/admin\\\/#author\",\"url\":\"https:\\\/\\\/www.eldigitaldeasturias.com\\\/noticias\\\/author\\\/admin\\\/\",\"name\":\"El Digital de Asturias\",\"image\":{\"@type\":\"ImageObject\",\"@id\":\"https:\\\/\\\/www.eldigitaldeasturias.com\\\/noticias\\\/el-programa-ventana-abierta-a-la-familia-cuenta-unas-20-000-personas-estan-adscritas\\\/#authorImage\",\"url\":\"https:\\\/\\\/secure.gravatar.com\\\/avatar\\\/df2aeffc32bcd13f8d26072ef8a91b623d677766deac7f97ca815868cd41bf5e?s=96&d=mm&r=g\",\"width\":96,\"height\":96,\"caption\":\"El Digital de Asturias\"}},{\"@type\":\"WebPage\",\"@id\":\"https:\\\/\\\/www.eldigitaldeasturias.com\\\/noticias\\\/el-programa-ventana-abierta-a-la-familia-cuenta-unas-20-000-personas-estan-adscritas\\\/#webpage\",\"url\":\"https:\\\/\\\/www.eldigitaldeasturias.com\\\/noticias\\\/el-programa-ventana-abierta-a-la-familia-cuenta-unas-20-000-personas-estan-adscritas\\\/\",\"name\":\"El programa \\u2018Ventana abierta a la familia\\u2019 cuenta unas 20.000 personas est\\u00e1n adscritas - El Digital de Asturias\",\"description\":\"El programa 'Ventana abierta a la familia' desarrollado por la Consejer\\u00eda de Salud ha incrementado el n\\u00famero de gestiones atendidas en un 80% tras la incorporaci\\u00f3n de este servicio a la aplicaci\\u00f3n Salud Responde, en el mes de junio de 2016. Seg\\u00fan los datos obtenidos de los mensajes enviados a las familias inscritas, la gesti\\u00f3n\",\"inLanguage\":\"es-ES\",\"isPartOf\":{\"@id\":\"https:\\\/\\\/www.eldigitaldeasturias.com\\\/noticias\\\/#website\"},\"breadcrumb\":{\"@id\":\"https:\\\/\\\/www.eldigitaldeasturias.com\\\/noticias\\\/el-programa-ventana-abierta-a-la-familia-cuenta-unas-20-000-personas-estan-adscritas\\\/#breadcrumblist\"},\"author\":{\"@id\":\"https:\\\/\\\/www.eldigitaldeasturias.com\\\/noticias\\\/author\\\/admin\\\/#author\"},\"creator\":{\"@id\":\"https:\\\/\\\/www.eldigitaldeasturias.com\\\/noticias\\\/author\\\/admin\\\/#author\"},\"image\":{\"@type\":\"ImageObject\",\"url\":950003,\"@id\":\"https:\\\/\\\/www.eldigitaldeasturias.com\\\/noticias\\\/el-programa-ventana-abierta-a-la-familia-cuenta-unas-20-000-personas-estan-adscritas\\\/#mainImage\"},\"primaryImageOfPage\":{\"@id\":\"https:\\\/\\\/www.eldigitaldeasturias.com\\\/noticias\\\/el-programa-ventana-abierta-a-la-familia-cuenta-unas-20-000-personas-estan-adscritas\\\/#mainImage\"},\"datePublished\":\"2017-08-16T22:09:48+02:00\",\"dateModified\":\"2017-08-16T22:09:48+02:00\"},{\"@type\":\"WebSite\",\"@id\":\"https:\\\/\\\/www.eldigitaldeasturias.com\\\/noticias\\\/#website\",\"url\":\"https:\\\/\\\/www.eldigitaldeasturias.com\\\/noticias\\\/\",\"name\":\"El Digital de Asturias - Diario de actualidad y noticias\",\"alternateName\":\"El Digital de Asturias - Diario de actualidad y noticias\",\"description\":\"Hemeroteca\",\"inLanguage\":\"es-ES\",\"publisher\":{\"@id\":\"https:\\\/\\\/www.eldigitaldeasturias.com\\\/noticias\\\/#organization\"}}]}\n\t\t<\/script>\n\t\t<!-- All in One SEO Pro -->\r\n\t\t<title>El programa \u2018Ventana abierta a la familia\u2019 cuenta unas 20.000 personas est\u00e1n adscritas - El Digital de Asturias<\/title>\n\n","aioseo_head_json":{"title":"El programa \u2018Ventana abierta a la familia\u2019 cuenta unas 20.000 personas est\u00e1n adscritas - El Digital de Asturias","description":"El programa 'Ventana abierta a la familia' desarrollado por la Consejer\u00eda de Salud ha incrementado el n\u00famero de gestiones atendidas en un 80% tras la incorporaci\u00f3n de este servicio a la aplicaci\u00f3n Salud Responde, en el mes de junio de 2016. Seg\u00fan los datos obtenidos de los mensajes enviados a las familias inscritas, la gesti\u00f3n","canonical_url":"https:\/\/www.eldigitaldeasturias.com\/noticias\/el-programa-ventana-abierta-a-la-familia-cuenta-unas-20-000-personas-estan-adscritas\/","robots":"max-image-preview:large","keywords":"actualidad","webmasterTools":{"google-site-verification":"UA-38556648-1","msvalidate.01":"7dfe9f3f1b24437ab69f4f2559babe99","miscellaneous":""},"schema":{"@context":"https:\/\/schema.org","@graph":[{"@type":"BlogPosting","@id":"https:\/\/www.eldigitaldeasturias.com\/noticias\/el-programa-ventana-abierta-a-la-familia-cuenta-unas-20-000-personas-estan-adscritas\/#blogposting","name":"El programa \u2018Ventana abierta a la familia\u2019 cuenta unas 20.000 personas est\u00e1n adscritas - El Digital de Asturias","headline":"El programa &#8216;Ventana abierta a la familia&#8217; cuenta unas 20.000 personas est\u00e1n adscritas","author":{"@id":"https:\/\/www.eldigitaldeasturias.com\/noticias\/author\/admin\/#author"},"publisher":{"@id":"https:\/\/www.eldigitaldeasturias.com\/noticias\/#organization"},"image":{"@type":"ImageObject","url":950003},"datePublished":"2017-08-16T22:09:48+02:00","dateModified":"2017-08-16T22:09:48+02:00","inLanguage":"es-ES","mainEntityOfPage":{"@id":"https:\/\/www.eldigitaldeasturias.com\/noticias\/el-programa-ventana-abierta-a-la-familia-cuenta-unas-20-000-personas-estan-adscritas\/#webpage"},"isPartOf":{"@id":"https:\/\/www.eldigitaldeasturias.com\/noticias\/el-programa-ventana-abierta-a-la-familia-cuenta-unas-20-000-personas-estan-adscritas\/#webpage"},"articleSection":"Actualidad"},{"@type":"BreadcrumbList","@id":"https:\/\/www.eldigitaldeasturias.com\/noticias\/el-programa-ventana-abierta-a-la-familia-cuenta-unas-20-000-personas-estan-adscritas\/#breadcrumblist","itemListElement":[{"@type":"ListItem","@id":"https:\/\/www.eldigitaldeasturias.com\/noticias#listItem","position":1,"name":"Home","item":"https:\/\/www.eldigitaldeasturias.com\/noticias","nextItem":{"@type":"ListItem","@id":"https:\/\/www.eldigitaldeasturias.com\/noticias\/category\/actualidad\/#listItem","name":"Actualidad"}},{"@type":"ListItem","@id":"https:\/\/www.eldigitaldeasturias.com\/noticias\/category\/actualidad\/#listItem","position":2,"name":"Actualidad","item":"https:\/\/www.eldigitaldeasturias.com\/noticias\/category\/actualidad\/","nextItem":{"@type":"ListItem","@id":"https:\/\/www.eldigitaldeasturias.com\/noticias\/el-programa-ventana-abierta-a-la-familia-cuenta-unas-20-000-personas-estan-adscritas\/#listItem","name":"El programa &#8216;Ventana abierta a la familia&#8217; cuenta unas 20.000 personas est\u00e1n adscritas"},"previousItem":{"@type":"ListItem","@id":"https:\/\/www.eldigitaldeasturias.com\/noticias#listItem","name":"Home"}},{"@type":"ListItem","@id":"https:\/\/www.eldigitaldeasturias.com\/noticias\/el-programa-ventana-abierta-a-la-familia-cuenta-unas-20-000-personas-estan-adscritas\/#listItem","position":3,"name":"El programa &#8216;Ventana abierta a la familia&#8217; cuenta unas 20.000 personas est\u00e1n adscritas","previousItem":{"@type":"ListItem","@id":"https:\/\/www.eldigitaldeasturias.com\/noticias\/category\/actualidad\/#listItem","name":"Actualidad"}}]},{"@type":"Organization","@id":"https:\/\/www.eldigitaldeasturias.com\/noticias\/#organization","name":"El Digital de Asturias","description":"Hemeroteca","url":"https:\/\/www.eldigitaldeasturias.com\/noticias\/","email":"info@eldigitaldeasturias.com","telephone":"+34652131393","logo":{"@type":"ImageObject","url":"https:\/\/www.eldigitaldeasturias.com\/noticias\/wp-content\/uploads\/2020\/12\/EDA.jpg","@id":"https:\/\/www.eldigitaldeasturias.com\/noticias\/el-programa-ventana-abierta-a-la-familia-cuenta-unas-20-000-personas-estan-adscritas\/#organizationLogo"},"image":{"@id":"https:\/\/www.eldigitaldeasturias.com\/noticias\/el-programa-ventana-abierta-a-la-familia-cuenta-unas-20-000-personas-estan-adscritas\/#organizationLogo"},"sameAs":["https:\/\/facebook.com\/eldigitaldeasturias","https:\/\/www.youtube.com\/channel\/UCZP-2wLEB9Rv6erhFmqVnvg"],"address":{"@id":"https:\/\/www.eldigitaldeasturias.com\/noticias\/#postaladdress","@type":"PostalAddress","streetAddress":"san antonio 4","postalCode":"33430","addressLocality":"Cand\u00e1s","addressRegion":"Asturias","addressCountry":"ES"}},{"@type":"Person","@id":"https:\/\/www.eldigitaldeasturias.com\/noticias\/author\/admin\/#author","url":"https:\/\/www.eldigitaldeasturias.com\/noticias\/author\/admin\/","name":"El Digital de Asturias","image":{"@type":"ImageObject","@id":"https:\/\/www.eldigitaldeasturias.com\/noticias\/el-programa-ventana-abierta-a-la-familia-cuenta-unas-20-000-personas-estan-adscritas\/#authorImage","url":"https:\/\/secure.gravatar.com\/avatar\/df2aeffc32bcd13f8d26072ef8a91b623d677766deac7f97ca815868cd41bf5e?s=96&d=mm&r=g","width":96,"height":96,"caption":"El Digital de Asturias"}},{"@type":"WebPage","@id":"https:\/\/www.eldigitaldeasturias.com\/noticias\/el-programa-ventana-abierta-a-la-familia-cuenta-unas-20-000-personas-estan-adscritas\/#webpage","url":"https:\/\/www.eldigitaldeasturias.com\/noticias\/el-programa-ventana-abierta-a-la-familia-cuenta-unas-20-000-personas-estan-adscritas\/","name":"El programa \u2018Ventana abierta a la familia\u2019 cuenta unas 20.000 personas est\u00e1n adscritas - El Digital de Asturias","description":"El programa 'Ventana abierta a la familia' desarrollado por la Consejer\u00eda de Salud ha incrementado el n\u00famero de gestiones atendidas en un 80% tras la incorporaci\u00f3n de este servicio a la aplicaci\u00f3n Salud Responde, en el mes de junio de 2016. Seg\u00fan los datos obtenidos de los mensajes enviados a las familias inscritas, la gesti\u00f3n","inLanguage":"es-ES","isPartOf":{"@id":"https:\/\/www.eldigitaldeasturias.com\/noticias\/#website"},"breadcrumb":{"@id":"https:\/\/www.eldigitaldeasturias.com\/noticias\/el-programa-ventana-abierta-a-la-familia-cuenta-unas-20-000-personas-estan-adscritas\/#breadcrumblist"},"author":{"@id":"https:\/\/www.eldigitaldeasturias.com\/noticias\/author\/admin\/#author"},"creator":{"@id":"https:\/\/www.eldigitaldeasturias.com\/noticias\/author\/admin\/#author"},"image":{"@type":"ImageObject","url":950003,"@id":"https:\/\/www.eldigitaldeasturias.com\/noticias\/el-programa-ventana-abierta-a-la-familia-cuenta-unas-20-000-personas-estan-adscritas\/#mainImage"},"primaryImageOfPage":{"@id":"https:\/\/www.eldigitaldeasturias.com\/noticias\/el-programa-ventana-abierta-a-la-familia-cuenta-unas-20-000-personas-estan-adscritas\/#mainImage"},"datePublished":"2017-08-16T22:09:48+02:00","dateModified":"2017-08-16T22:09:48+02:00"},{"@type":"WebSite","@id":"https:\/\/www.eldigitaldeasturias.com\/noticias\/#website","url":"https:\/\/www.eldigitaldeasturias.com\/noticias\/","name":"El Digital de Asturias - Diario de actualidad y noticias","alternateName":"El Digital de Asturias - Diario de actualidad y noticias","description":"Hemeroteca","inLanguage":"es-ES","publisher":{"@id":"https:\/\/www.eldigitaldeasturias.com\/noticias\/#organization"}}]},"og:locale":"es_ES","og:site_name":"El Digital de Asturias","og:type":"article","og:title":"El programa \u2018Ventana abierta a la familia\u2019 cuenta unas 20.000 personas est\u00e1n adscritas - El Digital de Asturias","og:description":"El programa 'Ventana abierta a la familia' desarrollado por la Consejer\u00eda de Salud ha incrementado el n\u00famero de gestiones atendidas en un 80% tras la incorporaci\u00f3n de este servicio a la aplicaci\u00f3n Salud Responde, en el mes de junio de 2016. Seg\u00fan los datos obtenidos de los mensajes enviados a las familias inscritas, la gesti\u00f3n","og:url":"https:\/\/www.eldigitaldeasturias.com\/noticias\/el-programa-ventana-abierta-a-la-familia-cuenta-unas-20-000-personas-estan-adscritas\/","article:tag":["actualidad"],"article:published_time":"2017-08-16T22:09:48+00:00","article:modified_time":"2017-08-16T22:09:48+00:00","article:publisher":"https:\/\/facebook.com\/eldigitaldeasturias","twitter:card":"summary_large_image","twitter:title":"El programa \u2018Ventana abierta a la familia\u2019 cuenta unas 20.000 personas est\u00e1n adscritas - El Digital de Asturias","twitter:description":"El programa 'Ventana abierta a la familia' desarrollado por la Consejer\u00eda de Salud ha incrementado el n\u00famero de gestiones atendidas en un 80% tras la incorporaci\u00f3n de este servicio a la aplicaci\u00f3n Salud Responde, en el mes de junio de 2016. Seg\u00fan los datos obtenidos de los mensajes enviados a las familias inscritas, la gesti\u00f3n","twitter:image":"https:\/\/www.eldigitaldeasturias.com\/noticias\/wp-content\/uploads\/2020\/12\/EDA-1.jpg","twitter:label1":"Escrito por","twitter:data1":"El Digital de Asturias","twitter:label2":"Tiempo de lectura estimado","twitter:data2":"4 minutos"},"aioseo_meta_data":{"post_id":"950002","title":null,"description":null,"keywords":null,"keyphrases":null,"primary_term":null,"canonical_url":null,"og_title":null,"og_description":null,"og_object_type":"default","og_image_type":"default","og_image_url":null,"og_image_width":null,"og_image_height":null,"og_image_custom_url":null,"og_image_custom_fields":null,"og_video":null,"og_custom_url":null,"og_article_section":null,"og_article_tags":null,"twitter_use_og":false,"twitter_card":"default","twitter_image_type":"default","twitter_image_url":null,"twitter_image_custom_url":null,"twitter_image_custom_fields":null,"twitter_title":null,"twitter_description":null,"schema":{"blockGraphs":[],"customGraphs":[],"default":{"data":{"Article":[],"Course":[],"Dataset":[],"FAQPage":[],"Movie":[],"Person":[],"Product":[],"ProductReview":[],"Car":[],"Recipe":[],"Service":[],"SoftwareApplication":[],"WebPage":[]},"graphName":"","isEnabled":true},"graphs":[],"defaultGraph":"","defaultPostTypeGraph":""},"schema_type":null,"schema_type_options":null,"pillar_content":false,"robots_default":true,"robots_noindex":false,"robots_noarchive":false,"robots_nosnippet":false,"robots_nofollow":false,"robots_noimageindex":false,"robots_noodp":false,"robots_notranslate":false,"robots_max_snippet":null,"robots_max_videopreview":null,"robots_max_imagepreview":"large","priority":null,"frequency":null,"local_seo":null,"seo_analyzer_scan_date":"2025-12-05 14:21:18","breadcrumb_settings":null,"limit_modified_date":false,"open_ai":null,"ai":null,"created":"2020-12-21 13:00:42","updated":"2025-12-05 14:21:18","focus_keyword":null,"additional_keywords":null,"truseo_locale":null},"aioseo_breadcrumb":"<div class=\"aioseo-breadcrumbs\"><span class=\"aioseo-breadcrumb\">\n\t<a href=\"https:\/\/www.eldigitaldeasturias.com\/noticias\" title=\"Home\">Home<\/a>\n<\/span><span class=\"aioseo-breadcrumb-separator\">\u2013<\/span><span class=\"aioseo-breadcrumb\">\n\t<a href=\"https:\/\/www.eldigitaldeasturias.com\/noticias\/category\/actualidad\/\" title=\"Actualidad\">Actualidad<\/a>\n<\/span><span class=\"aioseo-breadcrumb-separator\">\u2013<\/span><span class=\"aioseo-breadcrumb\">\n\t<a href=\"https:\/\/www.eldigitaldeasturias.com\/noticias\/el-programa-ventana-abierta-a-la-familia-cuenta-unas-20-000-personas-estan-adscritas\/\" title=\"El programa \u2018Ventana abierta a la familia\u2019 cuenta unas 20.000 personas est\u00e1n adscritas\">El programa \u2018Ventana abierta a la familia\u2019 cuenta unas 20.000 personas est\u00e1n adscritas<\/a>\n<\/span><\/div>","aioseo_breadcrumb_json":[{"label":"Home","link":"https:\/\/www.eldigitaldeasturias.com\/noticias"},{"label":"Actualidad","link":"https:\/\/www.eldigitaldeasturias.com\/noticias\/category\/actualidad\/"},{"label":"El programa &#8216;Ventana abierta a la familia&#8217; cuenta unas 20.000 personas est\u00e1n adscritas","link":"https:\/\/www.eldigitaldeasturias.com\/noticias\/el-programa-ventana-abierta-a-la-familia-cuenta-unas-20-000-personas-estan-adscritas\/"}],"_links":{"self":[{"href":"https:\/\/www.eldigitaldeasturias.com\/noticias\/wp-json\/wp\/v2\/posts\/950002","targetHints":{"allow":["GET"]}}],"collection":[{"href":"https:\/\/www.eldigitaldeasturias.com\/noticias\/wp-json\/wp\/v2\/posts"}],"about":[{"href":"https:\/\/www.eldigitaldeasturias.com\/noticias\/wp-json\/wp\/v2\/types\/post"}],"author":[{"embeddable":true,"href":"https:\/\/www.eldigitaldeasturias.com\/noticias\/wp-json\/wp\/v2\/users\/1"}],"replies":[{"embeddable":true,"href":"https:\/\/www.eldigitaldeasturias.com\/noticias\/wp-json\/wp\/v2\/comments?post=950002"}],"version-history":[{"count":0,"href":"https:\/\/www.eldigitaldeasturias.com\/noticias\/wp-json\/wp\/v2\/posts\/950002\/revisions"}],"wp:attachment":[{"href":"https:\/\/www.eldigitaldeasturias.com\/noticias\/wp-json\/wp\/v2\/media?parent=950002"}],"wp:term":[{"taxonomy":"category","embeddable":true,"href":"https:\/\/www.eldigitaldeasturias.com\/noticias\/wp-json\/wp\/v2\/categories?post=950002"},{"taxonomy":"post_tag","embeddable":true,"href":"https:\/\/www.eldigitaldeasturias.com\/noticias\/wp-json\/wp\/v2\/tags?post=950002"}],"curies":[{"name":"wp","href":"https:\/\/api.w.org\/{rel}","templated":true}]}}