{"id":949997,"date":"2017-08-16T22:03:47","date_gmt":"2017-08-16T22:03:47","guid":{"rendered":"http:\/\/www.eldigitaldeasturias.com\/noticias\/?p=949997"},"modified":"2017-08-16T22:03:47","modified_gmt":"2017-08-16T22:03:47","slug":"la-junta-de-andalucia-abona-sus-facturas-a-los-proveedores-en-menos-de-20-dias","status":"publish","type":"post","link":"https:\/\/www.eldigitaldeasturias.com\/noticias\/la-junta-de-andalucia-abona-sus-facturas-a-los-proveedores-en-menos-de-20-dias\/","title":{"rendered":"La Junta de Andaluc\u00eda abona sus facturas a los proveedores en menos de 20 d\u00edas"},"content":{"rendered":"<p><img loading=\"lazy\" decoding=\"async\" class=\"alignleft size-medium wp-image-949998\" src=\"https:\/\/www.eldigitaldeasturias.com\/noticias\/wp-content\/uploads\/2017\/08\/1502708044147-360x240.jpg\" alt=\"\" width=\"360\" height=\"240\" \/>La Junta de Andaluc\u00eda no ha tenido que activar hasta la fecha la garant\u00eda de pago que fija en 20 d\u00edas naturales el plazo para abonar las facturas vinculadas a salud, educaci\u00f3n y servicios sociales. Los contratistas y proveedores de estos sectores considerados esenciales en la comunidad aut\u00f3noma han cobrado incluso antes de que se active este plazo m\u00e1ximo.<\/p>\n<p>Con el fin de proteger los sectores esenciales del Estado de bienestar as\u00ed como defender el mantenimiento y la generaci\u00f3n de empleo en estos \u00e1mbitos, el Gobierno andaluz aprob\u00f3 el pasado mes de marzo un decreto por el que se establece la garant\u00eda de los tiempos de pago de la Junta y sus entidades instrumentales. La norma reduce a 20 d\u00edas, en lugar de los 30 previstos en la legislaci\u00f3n vigente, el plazo para abonar facturas a los proveedores de la sanidad, educaci\u00f3n y servicios sociales.<\/p>\n<p>Sin embargo, la agilizaci\u00f3n de los pagos por parte de la Tesorer\u00eda de la Junta ha permitido que no se tenga que activar esta garant\u00eda ya que se est\u00e1n pagando las facturas en menos de 20 d\u00edas, antes de que comience a computar el plazo legal. Concretamente, en el SAS y en educaci\u00f3n se abonan en una media de 11 d\u00edas, mientras que los pagos de emergencias sanitarias no llegan a los 14 d\u00edas, y las de servicios sociales y dependencia, se sit\u00faan en una media de 12 d\u00edas.<\/p>\n<p>La garant\u00eda de los 20 d\u00edas se aplica en la asistencia sanitaria y los gastos vinculados al funcionamiento de los centros sanitarios, gastos de farmacia, conciertos de centros educativos, mantenimiento y conservaci\u00f3n de instalaciones docentes, becas y ayudas al estudio, libros de texto gratuito, transporte y comedor escolar, atenci\u00f3n a la infancia, dependencia, asistencia jur\u00eddica gratuita, plan sobre drogodependencias, protecci\u00f3n contra la violencia de g\u00e9nero, entre otros. Tambi\u00e9n se fija un periodo m\u00e1ximo de 45 d\u00edas para la percepci\u00f3n de subvenciones destinadas a las prestaciones fundamentales de salud, educaci\u00f3n y servicios sociales. Para garantizar los tiempos de pago comprometidos, el decreto establece procedimientos para evitar demoras en los pagos y mecanismos que garanticen el cumplimiento de este plazo, que incluyen el cobro directo a trav\u00e9s de una entidad de cr\u00e9dito.<\/p>\n<p><strong>La comunidad que paga antes<\/strong><\/p>\n<p>Andaluc\u00eda vuelve a ser la comunidad aut\u00f3noma de r\u00e9gimen com\u00fan que paga antes a sus proveedores, seg\u00fan se desprende de los \u00faltimos datos oficiales publicados por el Ministerio de Hacienda y Funci\u00f3n P\u00fablica correspondientes al mes de mayo. La Junta ha situado su periodo medio de pago (PMP) 28,03 d\u00edas por debajo de la media regional y est\u00e1 abonando sus facturas antes de que transcurran los 30 d\u00edas desde que se recibe la factura, concretamente, 4,32 d\u00edas antes.<\/p>\n<p>Respecto al mes anterior, la comunidad aut\u00f3noma ha reducido en 12 d\u00edas el plazo medio de pagos, siguiendo la tendencia iniciada en enero de 2016, fecha desde la que encadena 19 meses consecutivos de descensos en su PMP, con una reducci\u00f3n acumulada de casi 43 d\u00edas (42,86). Andaluc\u00eda paga a sus proveedores casi 26 d\u00edas antes que lo hace Madrid y 32 d\u00edas antes que Catalu\u00f1a. Respecto a la administraci\u00f3n central, la Junta mantiene a\u00fan mayor distancia y abona sus facturas 42 d\u00edas antes.<\/p>\n<p>Este descenso tiene un importante reflejo en el sector sanitario, donde Andaluc\u00eda paga a los proveedores 32,83 d\u00edas antes que la media de las comunidades y 12,5 d\u00edas antes de que comience a contar el PMP, mientras que las dem\u00e1s abonan sus facturas 20,33 d\u00edas despu\u00e9s de que pasen los 30 d\u00edas del PMP.<\/p>\n<p>Este comportamiento positivo avala la gesti\u00f3n de las cuentas p\u00fablicas que realiza la Consejer\u00eda de Hacienda y Administraci\u00f3n P\u00fablica, que ha impulsado diversas iniciativas dirigidas a agilizar y dotar de mayor transparencia los pagos. As\u00ed, adem\u00e1s del decreto de garant\u00eda de pagos dirigido a proteger los sectores esenciales del Estado de bienestar, el departamente que dirige Mar\u00eda Jes\u00fas Montero tambi\u00e9n ha aprobado este mismo a\u00f1o un decreto para que la organizaci\u00f3n y funcionamiento de la Tesorer\u00eda General sea m\u00e1s moderno, \u00e1gil y eficaz.<\/p>\n<p>Directamente vinculado a estas normas y tras la correspondiente licitaci\u00f3n p\u00fablica, se han reducido a 5 las entidades financieras con las que la Junta ha contratado la gesti\u00f3n de todos los pagos que realiza la Tesorer\u00eda. Ello ha supuesto un beneficio de 5 millones de euros.<\/p>\n<p>&nbsp;<\/p>\n","protected":false},"excerpt":{"rendered":"<p>La Junta de Andaluc\u00eda no ha tenido que activar hasta la fecha la garant\u00eda de pago que fija en 20 d\u00edas naturales el plazo para abonar las facturas vinculadas a salud, educaci\u00f3n y servicios sociales. Los contratistas y proveedores de estos sectores considerados esenciales en la comunidad aut\u00f3noma han cobrado incluso antes de que se [&hellip;]<\/p>\n","protected":false},"author":1,"featured_media":949998,"comment_status":"closed","ping_status":"closed","sticky":false,"template":"","format":"standard","meta":{"footnotes":""},"categories":[1],"tags":[],"class_list":["post-949997","post","type-post","status-publish","format-standard","has-post-thumbnail","hentry","category-actualidad"],"aioseo_notices":[],"aioseo_head":"\n\t\t<!-- All in One SEO Pro 5.0.1 - aioseo.com -->\n\t<meta name=\"description\" content=\"La Junta de Andaluc\u00eda no ha tenido que activar hasta la fecha la garant\u00eda de pago que fija en 20 d\u00edas naturales el plazo para abonar las facturas vinculadas a salud, educaci\u00f3n y servicios sociales. Los contratistas y proveedores de estos sectores considerados esenciales en la comunidad aut\u00f3noma han cobrado incluso antes de que se\" \/>\n\t<meta name=\"robots\" content=\"max-image-preview:large\" \/>\n\t<meta name=\"author\" content=\"El Digital de Asturias\"\/>\n\t<meta name=\"google-site-verification\" content=\"UA-38556648-1\" \/>\n\t<meta name=\"msvalidate.01\" content=\"7dfe9f3f1b24437ab69f4f2559babe99\" \/>\n\t<meta name=\"keywords\" content=\"actualidad\" \/>\n\t<link rel=\"canonical\" href=\"https:\/\/www.eldigitaldeasturias.com\/noticias\/la-junta-de-andalucia-abona-sus-facturas-a-los-proveedores-en-menos-de-20-dias\/\" \/>\n\t<meta name=\"generator\" content=\"All in One SEO Pro (AIOSEO) 5.0.1\" \/>\n\t\t<meta property=\"og:locale\" content=\"es_ES\" \/>\n\t\t<meta property=\"og:site_name\" content=\"El Digital de Asturias\" \/>\n\t\t<meta property=\"og:type\" content=\"article\" \/>\n\t\t<meta property=\"og:title\" content=\"La Junta de Andaluc\u00eda abona sus facturas a los proveedores en menos de 20 d\u00edas - El Digital de Asturias\" \/>\n\t\t<meta property=\"og:description\" content=\"La Junta de Andaluc\u00eda no ha tenido que activar hasta la fecha la garant\u00eda de pago que fija en 20 d\u00edas naturales el plazo para abonar las facturas vinculadas a salud, educaci\u00f3n y servicios sociales. Los contratistas y proveedores de estos sectores considerados esenciales en la comunidad aut\u00f3noma han cobrado incluso antes de que se\" \/>\n\t\t<meta property=\"og:url\" content=\"https:\/\/www.eldigitaldeasturias.com\/noticias\/la-junta-de-andalucia-abona-sus-facturas-a-los-proveedores-en-menos-de-20-dias\/\" \/>\n\t\t<meta property=\"article:tag\" content=\"actualidad\" \/>\n\t\t<meta property=\"article:published_time\" content=\"2017-08-16T22:03:47+00:00\" \/>\n\t\t<meta property=\"article:modified_time\" content=\"2017-08-16T22:03:47+00:00\" \/>\n\t\t<meta property=\"article:publisher\" content=\"https:\/\/facebook.com\/eldigitaldeasturias\" \/>\n\t\t<meta name=\"twitter:card\" content=\"summary_large_image\" \/>\n\t\t<meta name=\"twitter:title\" content=\"La Junta de Andaluc\u00eda abona sus facturas a los proveedores en menos de 20 d\u00edas - El Digital de Asturias\" \/>\n\t\t<meta name=\"twitter:description\" content=\"La Junta de Andaluc\u00eda no ha tenido que activar hasta la fecha la garant\u00eda de pago que fija en 20 d\u00edas naturales el plazo para abonar las facturas vinculadas a salud, educaci\u00f3n y servicios sociales. Los contratistas y proveedores de estos sectores considerados esenciales en la comunidad aut\u00f3noma han cobrado incluso antes de que se\" \/>\n\t\t<meta name=\"twitter:image\" content=\"https:\/\/www.eldigitaldeasturias.com\/noticias\/wp-content\/uploads\/2020\/12\/EDA-1.jpg\" \/>\n\t\t<meta name=\"twitter:label1\" content=\"Escrito por\" \/>\n\t\t<meta name=\"twitter:data1\" content=\"El Digital de Asturias\" \/>\n\t\t<meta name=\"twitter:label2\" content=\"Tiempo de lectura estimado\" \/>\n\t\t<meta name=\"twitter:data2\" content=\"4 minutos\" \/>\n\t\t<script type=\"application\/ld+json\" class=\"aioseo-schema\">\n\t\t\t{\"@context\":\"https:\\\/\\\/schema.org\",\"@graph\":[{\"@type\":\"BlogPosting\",\"@id\":\"https:\\\/\\\/www.eldigitaldeasturias.com\\\/noticias\\\/la-junta-de-andalucia-abona-sus-facturas-a-los-proveedores-en-menos-de-20-dias\\\/#blogposting\",\"name\":\"La Junta de Andaluc\\u00eda abona sus facturas a los proveedores en menos de 20 d\\u00edas - El Digital de Asturias\",\"headline\":\"La Junta de Andaluc\\u00eda abona sus facturas a los proveedores en menos de 20 d\\u00edas\",\"author\":{\"@id\":\"https:\\\/\\\/www.eldigitaldeasturias.com\\\/noticias\\\/author\\\/admin\\\/#author\"},\"publisher\":{\"@id\":\"https:\\\/\\\/www.eldigitaldeasturias.com\\\/noticias\\\/#organization\"},\"image\":{\"@type\":\"ImageObject\",\"url\":949998},\"datePublished\":\"2017-08-16T22:03:47+02:00\",\"dateModified\":\"2017-08-16T22:03:47+02:00\",\"inLanguage\":\"es-ES\",\"mainEntityOfPage\":{\"@id\":\"https:\\\/\\\/www.eldigitaldeasturias.com\\\/noticias\\\/la-junta-de-andalucia-abona-sus-facturas-a-los-proveedores-en-menos-de-20-dias\\\/#webpage\"},\"isPartOf\":{\"@id\":\"https:\\\/\\\/www.eldigitaldeasturias.com\\\/noticias\\\/la-junta-de-andalucia-abona-sus-facturas-a-los-proveedores-en-menos-de-20-dias\\\/#webpage\"},\"articleSection\":\"Actualidad\"},{\"@type\":\"BreadcrumbList\",\"@id\":\"https:\\\/\\\/www.eldigitaldeasturias.com\\\/noticias\\\/la-junta-de-andalucia-abona-sus-facturas-a-los-proveedores-en-menos-de-20-dias\\\/#breadcrumblist\",\"itemListElement\":[{\"@type\":\"ListItem\",\"@id\":\"https:\\\/\\\/www.eldigitaldeasturias.com\\\/noticias#listItem\",\"position\":1,\"name\":\"Home\",\"item\":\"https:\\\/\\\/www.eldigitaldeasturias.com\\\/noticias\",\"nextItem\":{\"@type\":\"ListItem\",\"@id\":\"https:\\\/\\\/www.eldigitaldeasturias.com\\\/noticias\\\/category\\\/actualidad\\\/#listItem\",\"name\":\"Actualidad\"}},{\"@type\":\"ListItem\",\"@id\":\"https:\\\/\\\/www.eldigitaldeasturias.com\\\/noticias\\\/category\\\/actualidad\\\/#listItem\",\"position\":2,\"name\":\"Actualidad\",\"item\":\"https:\\\/\\\/www.eldigitaldeasturias.com\\\/noticias\\\/category\\\/actualidad\\\/\",\"nextItem\":{\"@type\":\"ListItem\",\"@id\":\"https:\\\/\\\/www.eldigitaldeasturias.com\\\/noticias\\\/la-junta-de-andalucia-abona-sus-facturas-a-los-proveedores-en-menos-de-20-dias\\\/#listItem\",\"name\":\"La Junta de Andaluc\\u00eda abona sus facturas a los proveedores en menos de 20 d\\u00edas\"},\"previousItem\":{\"@type\":\"ListItem\",\"@id\":\"https:\\\/\\\/www.eldigitaldeasturias.com\\\/noticias#listItem\",\"name\":\"Home\"}},{\"@type\":\"ListItem\",\"@id\":\"https:\\\/\\\/www.eldigitaldeasturias.com\\\/noticias\\\/la-junta-de-andalucia-abona-sus-facturas-a-los-proveedores-en-menos-de-20-dias\\\/#listItem\",\"position\":3,\"name\":\"La Junta de Andaluc\\u00eda abona sus facturas a los proveedores en menos de 20 d\\u00edas\",\"previousItem\":{\"@type\":\"ListItem\",\"@id\":\"https:\\\/\\\/www.eldigitaldeasturias.com\\\/noticias\\\/category\\\/actualidad\\\/#listItem\",\"name\":\"Actualidad\"}}]},{\"@type\":\"Organization\",\"@id\":\"https:\\\/\\\/www.eldigitaldeasturias.com\\\/noticias\\\/#organization\",\"name\":\"El Digital de Asturias\",\"description\":\"Hemeroteca\",\"url\":\"https:\\\/\\\/www.eldigitaldeasturias.com\\\/noticias\\\/\",\"email\":\"info@eldigitaldeasturias.com\",\"telephone\":\"+34652131393\",\"logo\":{\"@type\":\"ImageObject\",\"url\":\"https:\\\/\\\/www.eldigitaldeasturias.com\\\/noticias\\\/wp-content\\\/uploads\\\/2020\\\/12\\\/EDA.jpg\",\"@id\":\"https:\\\/\\\/www.eldigitaldeasturias.com\\\/noticias\\\/la-junta-de-andalucia-abona-sus-facturas-a-los-proveedores-en-menos-de-20-dias\\\/#organizationLogo\"},\"image\":{\"@id\":\"https:\\\/\\\/www.eldigitaldeasturias.com\\\/noticias\\\/la-junta-de-andalucia-abona-sus-facturas-a-los-proveedores-en-menos-de-20-dias\\\/#organizationLogo\"},\"sameAs\":[\"https:\\\/\\\/facebook.com\\\/eldigitaldeasturias\",\"https:\\\/\\\/www.youtube.com\\\/channel\\\/UCZP-2wLEB9Rv6erhFmqVnvg\"],\"address\":{\"@id\":\"https:\\\/\\\/www.eldigitaldeasturias.com\\\/noticias\\\/#postaladdress\",\"@type\":\"PostalAddress\",\"streetAddress\":\"san antonio 4\",\"postalCode\":\"33430\",\"addressLocality\":\"Cand\\u00e1s\",\"addressRegion\":\"Asturias\",\"addressCountry\":\"ES\"}},{\"@type\":\"Person\",\"@id\":\"https:\\\/\\\/www.eldigitaldeasturias.com\\\/noticias\\\/author\\\/admin\\\/#author\",\"url\":\"https:\\\/\\\/www.eldigitaldeasturias.com\\\/noticias\\\/author\\\/admin\\\/\",\"name\":\"El Digital de Asturias\",\"image\":{\"@type\":\"ImageObject\",\"@id\":\"https:\\\/\\\/www.eldigitaldeasturias.com\\\/noticias\\\/la-junta-de-andalucia-abona-sus-facturas-a-los-proveedores-en-menos-de-20-dias\\\/#authorImage\",\"url\":\"https:\\\/\\\/secure.gravatar.com\\\/avatar\\\/df2aeffc32bcd13f8d26072ef8a91b623d677766deac7f97ca815868cd41bf5e?s=96&d=mm&r=g\",\"width\":96,\"height\":96,\"caption\":\"El Digital de Asturias\"}},{\"@type\":\"WebPage\",\"@id\":\"https:\\\/\\\/www.eldigitaldeasturias.com\\\/noticias\\\/la-junta-de-andalucia-abona-sus-facturas-a-los-proveedores-en-menos-de-20-dias\\\/#webpage\",\"url\":\"https:\\\/\\\/www.eldigitaldeasturias.com\\\/noticias\\\/la-junta-de-andalucia-abona-sus-facturas-a-los-proveedores-en-menos-de-20-dias\\\/\",\"name\":\"La Junta de Andaluc\\u00eda abona sus facturas a los proveedores en menos de 20 d\\u00edas - El Digital de Asturias\",\"description\":\"La Junta de Andaluc\\u00eda no ha tenido que activar hasta la fecha la garant\\u00eda de pago que fija en 20 d\\u00edas naturales el plazo para abonar las facturas vinculadas a salud, educaci\\u00f3n y servicios sociales. Los contratistas y proveedores de estos sectores considerados esenciales en la comunidad aut\\u00f3noma han cobrado incluso antes de que se\",\"inLanguage\":\"es-ES\",\"isPartOf\":{\"@id\":\"https:\\\/\\\/www.eldigitaldeasturias.com\\\/noticias\\\/#website\"},\"breadcrumb\":{\"@id\":\"https:\\\/\\\/www.eldigitaldeasturias.com\\\/noticias\\\/la-junta-de-andalucia-abona-sus-facturas-a-los-proveedores-en-menos-de-20-dias\\\/#breadcrumblist\"},\"author\":{\"@id\":\"https:\\\/\\\/www.eldigitaldeasturias.com\\\/noticias\\\/author\\\/admin\\\/#author\"},\"creator\":{\"@id\":\"https:\\\/\\\/www.eldigitaldeasturias.com\\\/noticias\\\/author\\\/admin\\\/#author\"},\"image\":{\"@type\":\"ImageObject\",\"url\":949998,\"@id\":\"https:\\\/\\\/www.eldigitaldeasturias.com\\\/noticias\\\/la-junta-de-andalucia-abona-sus-facturas-a-los-proveedores-en-menos-de-20-dias\\\/#mainImage\"},\"primaryImageOfPage\":{\"@id\":\"https:\\\/\\\/www.eldigitaldeasturias.com\\\/noticias\\\/la-junta-de-andalucia-abona-sus-facturas-a-los-proveedores-en-menos-de-20-dias\\\/#mainImage\"},\"datePublished\":\"2017-08-16T22:03:47+02:00\",\"dateModified\":\"2017-08-16T22:03:47+02:00\"},{\"@type\":\"WebSite\",\"@id\":\"https:\\\/\\\/www.eldigitaldeasturias.com\\\/noticias\\\/#website\",\"url\":\"https:\\\/\\\/www.eldigitaldeasturias.com\\\/noticias\\\/\",\"name\":\"El Digital de Asturias - Diario de actualidad y noticias\",\"alternateName\":\"El Digital de Asturias - Diario de actualidad y noticias\",\"description\":\"Hemeroteca\",\"inLanguage\":\"es-ES\",\"publisher\":{\"@id\":\"https:\\\/\\\/www.eldigitaldeasturias.com\\\/noticias\\\/#organization\"}}]}\n\t\t<\/script>\n\t\t<!-- All in One SEO Pro -->\r\n\t\t<title>La Junta de Andaluc\u00eda abona sus facturas a los proveedores en menos de 20 d\u00edas - El Digital de Asturias<\/title>\n\n","aioseo_head_json":{"title":"La Junta de Andaluc\u00eda abona sus facturas a los proveedores en menos de 20 d\u00edas - El Digital de Asturias","description":"La Junta de Andaluc\u00eda no ha tenido que activar hasta la fecha la garant\u00eda de pago que fija en 20 d\u00edas naturales el plazo para abonar las facturas vinculadas a salud, educaci\u00f3n y servicios sociales. Los contratistas y proveedores de estos sectores considerados esenciales en la comunidad aut\u00f3noma han cobrado incluso antes de que se","canonical_url":"https:\/\/www.eldigitaldeasturias.com\/noticias\/la-junta-de-andalucia-abona-sus-facturas-a-los-proveedores-en-menos-de-20-dias\/","robots":"max-image-preview:large","keywords":"actualidad","webmasterTools":{"google-site-verification":"UA-38556648-1","msvalidate.01":"7dfe9f3f1b24437ab69f4f2559babe99","miscellaneous":""},"schema":{"@context":"https:\/\/schema.org","@graph":[{"@type":"BlogPosting","@id":"https:\/\/www.eldigitaldeasturias.com\/noticias\/la-junta-de-andalucia-abona-sus-facturas-a-los-proveedores-en-menos-de-20-dias\/#blogposting","name":"La Junta de Andaluc\u00eda abona sus facturas a los proveedores en menos de 20 d\u00edas - El Digital de Asturias","headline":"La Junta de Andaluc\u00eda abona sus facturas a los proveedores en menos de 20 d\u00edas","author":{"@id":"https:\/\/www.eldigitaldeasturias.com\/noticias\/author\/admin\/#author"},"publisher":{"@id":"https:\/\/www.eldigitaldeasturias.com\/noticias\/#organization"},"image":{"@type":"ImageObject","url":949998},"datePublished":"2017-08-16T22:03:47+02:00","dateModified":"2017-08-16T22:03:47+02:00","inLanguage":"es-ES","mainEntityOfPage":{"@id":"https:\/\/www.eldigitaldeasturias.com\/noticias\/la-junta-de-andalucia-abona-sus-facturas-a-los-proveedores-en-menos-de-20-dias\/#webpage"},"isPartOf":{"@id":"https:\/\/www.eldigitaldeasturias.com\/noticias\/la-junta-de-andalucia-abona-sus-facturas-a-los-proveedores-en-menos-de-20-dias\/#webpage"},"articleSection":"Actualidad"},{"@type":"BreadcrumbList","@id":"https:\/\/www.eldigitaldeasturias.com\/noticias\/la-junta-de-andalucia-abona-sus-facturas-a-los-proveedores-en-menos-de-20-dias\/#breadcrumblist","itemListElement":[{"@type":"ListItem","@id":"https:\/\/www.eldigitaldeasturias.com\/noticias#listItem","position":1,"name":"Home","item":"https:\/\/www.eldigitaldeasturias.com\/noticias","nextItem":{"@type":"ListItem","@id":"https:\/\/www.eldigitaldeasturias.com\/noticias\/category\/actualidad\/#listItem","name":"Actualidad"}},{"@type":"ListItem","@id":"https:\/\/www.eldigitaldeasturias.com\/noticias\/category\/actualidad\/#listItem","position":2,"name":"Actualidad","item":"https:\/\/www.eldigitaldeasturias.com\/noticias\/category\/actualidad\/","nextItem":{"@type":"ListItem","@id":"https:\/\/www.eldigitaldeasturias.com\/noticias\/la-junta-de-andalucia-abona-sus-facturas-a-los-proveedores-en-menos-de-20-dias\/#listItem","name":"La Junta de Andaluc\u00eda abona sus facturas a los proveedores en menos de 20 d\u00edas"},"previousItem":{"@type":"ListItem","@id":"https:\/\/www.eldigitaldeasturias.com\/noticias#listItem","name":"Home"}},{"@type":"ListItem","@id":"https:\/\/www.eldigitaldeasturias.com\/noticias\/la-junta-de-andalucia-abona-sus-facturas-a-los-proveedores-en-menos-de-20-dias\/#listItem","position":3,"name":"La Junta de Andaluc\u00eda abona sus facturas a los proveedores en menos de 20 d\u00edas","previousItem":{"@type":"ListItem","@id":"https:\/\/www.eldigitaldeasturias.com\/noticias\/category\/actualidad\/#listItem","name":"Actualidad"}}]},{"@type":"Organization","@id":"https:\/\/www.eldigitaldeasturias.com\/noticias\/#organization","name":"El Digital de Asturias","description":"Hemeroteca","url":"https:\/\/www.eldigitaldeasturias.com\/noticias\/","email":"info@eldigitaldeasturias.com","telephone":"+34652131393","logo":{"@type":"ImageObject","url":"https:\/\/www.eldigitaldeasturias.com\/noticias\/wp-content\/uploads\/2020\/12\/EDA.jpg","@id":"https:\/\/www.eldigitaldeasturias.com\/noticias\/la-junta-de-andalucia-abona-sus-facturas-a-los-proveedores-en-menos-de-20-dias\/#organizationLogo"},"image":{"@id":"https:\/\/www.eldigitaldeasturias.com\/noticias\/la-junta-de-andalucia-abona-sus-facturas-a-los-proveedores-en-menos-de-20-dias\/#organizationLogo"},"sameAs":["https:\/\/facebook.com\/eldigitaldeasturias","https:\/\/www.youtube.com\/channel\/UCZP-2wLEB9Rv6erhFmqVnvg"],"address":{"@id":"https:\/\/www.eldigitaldeasturias.com\/noticias\/#postaladdress","@type":"PostalAddress","streetAddress":"san antonio 4","postalCode":"33430","addressLocality":"Cand\u00e1s","addressRegion":"Asturias","addressCountry":"ES"}},{"@type":"Person","@id":"https:\/\/www.eldigitaldeasturias.com\/noticias\/author\/admin\/#author","url":"https:\/\/www.eldigitaldeasturias.com\/noticias\/author\/admin\/","name":"El Digital de Asturias","image":{"@type":"ImageObject","@id":"https:\/\/www.eldigitaldeasturias.com\/noticias\/la-junta-de-andalucia-abona-sus-facturas-a-los-proveedores-en-menos-de-20-dias\/#authorImage","url":"https:\/\/secure.gravatar.com\/avatar\/df2aeffc32bcd13f8d26072ef8a91b623d677766deac7f97ca815868cd41bf5e?s=96&d=mm&r=g","width":96,"height":96,"caption":"El Digital de Asturias"}},{"@type":"WebPage","@id":"https:\/\/www.eldigitaldeasturias.com\/noticias\/la-junta-de-andalucia-abona-sus-facturas-a-los-proveedores-en-menos-de-20-dias\/#webpage","url":"https:\/\/www.eldigitaldeasturias.com\/noticias\/la-junta-de-andalucia-abona-sus-facturas-a-los-proveedores-en-menos-de-20-dias\/","name":"La Junta de Andaluc\u00eda abona sus facturas a los proveedores en menos de 20 d\u00edas - El Digital de Asturias","description":"La Junta de Andaluc\u00eda no ha tenido que activar hasta la fecha la garant\u00eda de pago que fija en 20 d\u00edas naturales el plazo para abonar las facturas vinculadas a salud, educaci\u00f3n y servicios sociales. Los contratistas y proveedores de estos sectores considerados esenciales en la comunidad aut\u00f3noma han cobrado incluso antes de que se","inLanguage":"es-ES","isPartOf":{"@id":"https:\/\/www.eldigitaldeasturias.com\/noticias\/#website"},"breadcrumb":{"@id":"https:\/\/www.eldigitaldeasturias.com\/noticias\/la-junta-de-andalucia-abona-sus-facturas-a-los-proveedores-en-menos-de-20-dias\/#breadcrumblist"},"author":{"@id":"https:\/\/www.eldigitaldeasturias.com\/noticias\/author\/admin\/#author"},"creator":{"@id":"https:\/\/www.eldigitaldeasturias.com\/noticias\/author\/admin\/#author"},"image":{"@type":"ImageObject","url":949998,"@id":"https:\/\/www.eldigitaldeasturias.com\/noticias\/la-junta-de-andalucia-abona-sus-facturas-a-los-proveedores-en-menos-de-20-dias\/#mainImage"},"primaryImageOfPage":{"@id":"https:\/\/www.eldigitaldeasturias.com\/noticias\/la-junta-de-andalucia-abona-sus-facturas-a-los-proveedores-en-menos-de-20-dias\/#mainImage"},"datePublished":"2017-08-16T22:03:47+02:00","dateModified":"2017-08-16T22:03:47+02:00"},{"@type":"WebSite","@id":"https:\/\/www.eldigitaldeasturias.com\/noticias\/#website","url":"https:\/\/www.eldigitaldeasturias.com\/noticias\/","name":"El Digital de Asturias - Diario de actualidad y noticias","alternateName":"El Digital de Asturias - Diario de actualidad y noticias","description":"Hemeroteca","inLanguage":"es-ES","publisher":{"@id":"https:\/\/www.eldigitaldeasturias.com\/noticias\/#organization"}}]},"og:locale":"es_ES","og:site_name":"El Digital de Asturias","og:type":"article","og:title":"La Junta de Andaluc\u00eda abona sus facturas a los proveedores en menos de 20 d\u00edas - El Digital de Asturias","og:description":"La Junta de Andaluc\u00eda no ha tenido que activar hasta la fecha la garant\u00eda de pago que fija en 20 d\u00edas naturales el plazo para abonar las facturas vinculadas a salud, educaci\u00f3n y servicios sociales. Los contratistas y proveedores de estos sectores considerados esenciales en la comunidad aut\u00f3noma han cobrado incluso antes de que se","og:url":"https:\/\/www.eldigitaldeasturias.com\/noticias\/la-junta-de-andalucia-abona-sus-facturas-a-los-proveedores-en-menos-de-20-dias\/","article:tag":["actualidad"],"article:published_time":"2017-08-16T22:03:47+00:00","article:modified_time":"2017-08-16T22:03:47+00:00","article:publisher":"https:\/\/facebook.com\/eldigitaldeasturias","twitter:card":"summary_large_image","twitter:title":"La Junta de Andaluc\u00eda abona sus facturas a los proveedores en menos de 20 d\u00edas - El Digital de Asturias","twitter:description":"La Junta de Andaluc\u00eda no ha tenido que activar hasta la fecha la garant\u00eda de pago que fija en 20 d\u00edas naturales el plazo para abonar las facturas vinculadas a salud, educaci\u00f3n y servicios sociales. Los contratistas y proveedores de estos sectores considerados esenciales en la comunidad aut\u00f3noma han cobrado incluso antes de que se","twitter:image":"https:\/\/www.eldigitaldeasturias.com\/noticias\/wp-content\/uploads\/2020\/12\/EDA-1.jpg","twitter:label1":"Escrito por","twitter:data1":"El Digital de Asturias","twitter:label2":"Tiempo de lectura estimado","twitter:data2":"4 minutos"},"aioseo_meta_data":{"post_id":"949997","title":null,"description":null,"keywords":null,"keyphrases":null,"primary_term":null,"canonical_url":null,"og_title":null,"og_description":null,"og_object_type":"default","og_image_type":"default","og_image_url":null,"og_image_width":null,"og_image_height":null,"og_image_custom_url":null,"og_image_custom_fields":null,"og_video":null,"og_custom_url":null,"og_article_section":null,"og_article_tags":null,"twitter_use_og":false,"twitter_card":"default","twitter_image_type":"default","twitter_image_url":null,"twitter_image_custom_url":null,"twitter_image_custom_fields":null,"twitter_title":null,"twitter_description":null,"schema":{"blockGraphs":[],"customGraphs":[],"default":{"data":{"Article":[],"Course":[],"Dataset":[],"FAQPage":[],"Movie":[],"Person":[],"Product":[],"ProductReview":[],"Car":[],"Recipe":[],"Service":[],"SoftwareApplication":[],"WebPage":[]},"graphName":"","isEnabled":true},"graphs":[],"defaultGraph":"","defaultPostTypeGraph":""},"schema_type":null,"schema_type_options":null,"pillar_content":false,"robots_default":true,"robots_noindex":false,"robots_noarchive":false,"robots_nosnippet":false,"robots_nofollow":false,"robots_noimageindex":false,"robots_noodp":false,"robots_notranslate":false,"robots_max_snippet":null,"robots_max_videopreview":null,"robots_max_imagepreview":"large","priority":null,"frequency":null,"local_seo":null,"seo_analyzer_scan_date":"2025-12-05 14:21:14","breadcrumb_settings":null,"limit_modified_date":false,"open_ai":null,"ai":null,"created":"2020-12-21 13:00:42","updated":"2025-12-05 14:21:14","focus_keyword":null,"additional_keywords":null,"truseo_locale":null},"aioseo_breadcrumb":"<div class=\"aioseo-breadcrumbs\"><span class=\"aioseo-breadcrumb\">\n\t<a href=\"https:\/\/www.eldigitaldeasturias.com\/noticias\" title=\"Home\">Home<\/a>\n<\/span><span class=\"aioseo-breadcrumb-separator\">\u2013<\/span><span class=\"aioseo-breadcrumb\">\n\t<a href=\"https:\/\/www.eldigitaldeasturias.com\/noticias\/category\/actualidad\/\" title=\"Actualidad\">Actualidad<\/a>\n<\/span><span class=\"aioseo-breadcrumb-separator\">\u2013<\/span><span class=\"aioseo-breadcrumb\">\n\t<a href=\"https:\/\/www.eldigitaldeasturias.com\/noticias\/la-junta-de-andalucia-abona-sus-facturas-a-los-proveedores-en-menos-de-20-dias\/\" title=\"La Junta de Andaluc\u00eda abona sus facturas a los proveedores en menos de 20 d\u00edas\">La Junta de Andaluc\u00eda abona sus facturas a los proveedores en menos de 20 d\u00edas<\/a>\n<\/span><\/div>","aioseo_breadcrumb_json":[{"label":"Home","link":"https:\/\/www.eldigitaldeasturias.com\/noticias"},{"label":"Actualidad","link":"https:\/\/www.eldigitaldeasturias.com\/noticias\/category\/actualidad\/"},{"label":"La Junta de Andaluc\u00eda abona sus facturas a los proveedores en menos de 20 d\u00edas","link":"https:\/\/www.eldigitaldeasturias.com\/noticias\/la-junta-de-andalucia-abona-sus-facturas-a-los-proveedores-en-menos-de-20-dias\/"}],"_links":{"self":[{"href":"https:\/\/www.eldigitaldeasturias.com\/noticias\/wp-json\/wp\/v2\/posts\/949997","targetHints":{"allow":["GET"]}}],"collection":[{"href":"https:\/\/www.eldigitaldeasturias.com\/noticias\/wp-json\/wp\/v2\/posts"}],"about":[{"href":"https:\/\/www.eldigitaldeasturias.com\/noticias\/wp-json\/wp\/v2\/types\/post"}],"author":[{"embeddable":true,"href":"https:\/\/www.eldigitaldeasturias.com\/noticias\/wp-json\/wp\/v2\/users\/1"}],"replies":[{"embeddable":true,"href":"https:\/\/www.eldigitaldeasturias.com\/noticias\/wp-json\/wp\/v2\/comments?post=949997"}],"version-history":[{"count":0,"href":"https:\/\/www.eldigitaldeasturias.com\/noticias\/wp-json\/wp\/v2\/posts\/949997\/revisions"}],"wp:attachment":[{"href":"https:\/\/www.eldigitaldeasturias.com\/noticias\/wp-json\/wp\/v2\/media?parent=949997"}],"wp:term":[{"taxonomy":"category","embeddable":true,"href":"https:\/\/www.eldigitaldeasturias.com\/noticias\/wp-json\/wp\/v2\/categories?post=949997"},{"taxonomy":"post_tag","embeddable":true,"href":"https:\/\/www.eldigitaldeasturias.com\/noticias\/wp-json\/wp\/v2\/tags?post=949997"}],"curies":[{"name":"wp","href":"https:\/\/api.w.org\/{rel}","templated":true}]}}