{"id":949966,"date":"2017-08-16T14:54:50","date_gmt":"2017-08-16T14:54:50","guid":{"rendered":"http:\/\/www.eldigitaldeasturias.com\/noticias\/?p=949966"},"modified":"2017-08-16T14:54:50","modified_gmt":"2017-08-16T14:54:50","slug":"de-madrid-al-zielo-se-va-desde-pozuelo","status":"publish","type":"post","link":"https:\/\/www.eldigitaldeasturias.com\/noticias\/de-madrid-al-zielo-se-va-desde-pozuelo\/","title":{"rendered":"De Madrid al Zielo se va desde Pozuelo"},"content":{"rendered":"<p><img loading=\"lazy\" decoding=\"async\" class=\"alignleft size-medium wp-image-949967\" src=\"https:\/\/www.eldigitaldeasturias.com\/noticias\/wp-content\/uploads\/2017\/08\/1502732565-360x239.jpg\" alt=\"\" width=\"360\" height=\"239\" \/>Un desayuno especial, una comida con la familia, una m\u00e1gica cena rom\u00e1ntica o unas copas con los amigos con un picoteo gourmet, son experiencias que se pueden disfrutar en las terrazas del centro comercial <a href=\"http:\/\/zielo.es\/\" target=\"_blank\" rel=\"nofollow noopener\"><strong><span style=\"color: #ff0000;\">Zielo Shopping<\/span><\/strong><\/a> de Pozuelo de Alarc\u00f3n, una amplia oferta gastron\u00f3mica gozando de unas maravillosas vistas al aire libre del <em>skyline<\/em> de Madrid.<\/p>\n<p>Comencemos el recorrido: <a href=\"http:\/\/cielodeurrechu.com\/es\/\" target=\"_blank\" rel=\"nofollow noopener\"><strong><span style=\"color: #ff0000;\">El Cielo de Urrechu<\/span><\/strong><\/a> es el secreto mejor guardado de Zielo. En el restaurante, del chef vasco I\u00f1aki Urrechu, prima la calidad y el respeto por los productos siempre frescos; cocina de vanguardia, vasca y tradicional, conjugando una mezcla perfecta de alta cocina tradicional de mercado junto con el atractivo de un espacio \u00fanico en Madrid.<\/p>\n<p>La carta de de Urrechu es amplia, se pueden encontrat cl\u00e1sicos de la cocina mediterr\u00e1nea que nunca fallan, como el jam\u00f3n 100% ib\u00e9rico de bellota o el queso curado y avalado por las mejores denominaciones de origen. Para los que asistan\u00a0a\u00a0cenar\u00a0es m\u00e1s que recomendable\u00a0tomar unas copas en su animada terraza.<\/p>\n<p>Para los que se decanten por la opci\u00f3n de la alta cocina asi\u00e1tica, tenemos a <span style=\"color: #ff0000;\"><a href=\"http:\/\/www.zenithpozuelo.es\/\" target=\"_blank\" rel=\"nofollow noopener\"><strong><span style=\"color: #ff0000;\">Zenith<\/span><\/strong><\/a><\/span>, especializado\u00a0en platos japoneses, chinos y tailandeses. Basan su cocina en pescados procedentes de los oc\u00e9anos \u00edndico y pac\u00edfico, arroz basmati o jazmin y salsas ligeramente especiadas o picantes, capaz de sorprender y deleitar a los m\u00e1s exigentes paladares, una cocina de fusi\u00f3n muy innovadora, con una atenci\u00f3n impecable y un espacio totalmente decorado. Para los que busquen cenar en una pagoda, este es su sitio.<\/p>\n<p>Para los amantes de la carne,<strong> <a href=\"http:\/\/www.hamburguesanostra.com\/\" target=\"_blank\" rel=\"nofollow noopener\"><span style=\"color: #ff0000;\">Hamburguesa<\/span> <span style=\"color: #ff0000;\">Nostra<\/span><\/a><\/strong>, firma l\u00edder en la elaboraci\u00f3n de hamburguesas de alta calidad, innova y ofrece creaciones \u00fanicas en torno a la carne de razas aut\u00f3ctonas espa\u00f1olas e invita al disfrute de la hamburguesa gourmet que sorprende por la calidad de sus ingredientes, por sus variedades y por todas sus combinaciones y sabores.<\/p>\n<p><a href=\"http:\/\/tonyromas.es\/Restaurantes\/Madrid-Provincia\/CC-Zielo\" target=\"_blank\" rel=\"nofollow noopener\"><strong><span style=\"color: #ff0000;\">Tony Roma&#8217;s<\/span><\/strong><\/a> es uno de los referentes en comida tex-mex, donde poder degustar sus famosos costillares de cerdo y de ternera con su deliciosa salsa barbacoa.<\/p>\n<p>Recorrer el mundo con Zielo y su amplia oferta en restauraci\u00f3n con las mejores vistas del <em>skyline<\/em> de Madrid en Pozuelo de Alarc\u00f3n es una escapada imprescindible este verano.<\/p>\n<p>Horario de restauraci\u00f3n:<\/p>\n<p>De lunes a jueves, domingos y festivos de 12:00 a 00:30 h<\/p>\n<p>Viernes y v\u00edsperas de festivos 12:00 a 02:00 h.<\/p>\n<p>Permanecer\u00e1n abiertos en agosto.<\/p>\n<p>M\u00e1s informaci\u00f3n en su p\u00e1gina de <strong><span style=\"color: #ff0000;\"><a href=\"https:\/\/www.facebook.com\/ZieloShoppingPozuelo\/\" target=\"_blank\" rel=\"nofollow noopener\"><span style=\"color: #ff0000;\">Facebook<\/span><\/a><\/span>.<\/strong><\/p>\n<p>Zielo Shopping Pozuelo tambi\u00e9n aloja en su interior a reconocidas marcas de moda y complementos como Bimba y Lola, COS, Scalpers, El Ganso, H&amp;M, Lester, Mango, Massimo Dutti, Purificaci\u00f3n Garc\u00eda, o \u00dcterque entre otras, as\u00ed como tiendas multimarca como , Cool de Sack, o Little Cool .<\/p>\n","protected":false},"excerpt":{"rendered":"<p>Un desayuno especial, una comida con la familia, una m\u00e1gica cena rom\u00e1ntica o unas copas con los amigos con un picoteo gourmet, son experiencias que se pueden disfrutar en las terrazas del centro comercial Zielo Shopping de Pozuelo de Alarc\u00f3n, una amplia oferta gastron\u00f3mica gozando de unas maravillosas vistas al aire libre del skyline de [&hellip;]<\/p>\n","protected":false},"author":1,"featured_media":949967,"comment_status":"closed","ping_status":"closed","sticky":false,"template":"","format":"standard","meta":{"footnotes":""},"categories":[1],"tags":[],"class_list":["post-949966","post","type-post","status-publish","format-standard","has-post-thumbnail","hentry","category-actualidad"],"aioseo_notices":[],"aioseo_head":"\n\t\t<!-- All in One SEO Pro 5.0.1 - aioseo.com -->\n\t<meta name=\"description\" content=\"Un desayuno especial, una comida con la familia, una m\u00e1gica cena rom\u00e1ntica o unas copas con los amigos con un picoteo gourmet, son experiencias que se pueden disfrutar en las terrazas del centro comercial Zielo Shopping de Pozuelo de Alarc\u00f3n, una amplia oferta gastron\u00f3mica gozando de unas maravillosas vistas al aire libre del skyline de\" \/>\n\t<meta name=\"robots\" content=\"max-image-preview:large\" \/>\n\t<meta name=\"author\" content=\"El Digital de Asturias\"\/>\n\t<meta name=\"google-site-verification\" content=\"UA-38556648-1\" \/>\n\t<meta name=\"msvalidate.01\" content=\"7dfe9f3f1b24437ab69f4f2559babe99\" \/>\n\t<meta name=\"keywords\" content=\"actualidad\" \/>\n\t<link rel=\"canonical\" href=\"https:\/\/www.eldigitaldeasturias.com\/noticias\/de-madrid-al-zielo-se-va-desde-pozuelo\/\" \/>\n\t<meta name=\"generator\" content=\"All in One SEO Pro (AIOSEO) 5.0.1\" \/>\n\t\t<meta property=\"og:locale\" content=\"es_ES\" \/>\n\t\t<meta property=\"og:site_name\" content=\"El Digital de Asturias\" \/>\n\t\t<meta property=\"og:type\" content=\"article\" \/>\n\t\t<meta property=\"og:title\" content=\"De Madrid al Zielo se va desde Pozuelo - El Digital de Asturias\" \/>\n\t\t<meta property=\"og:description\" content=\"Un desayuno especial, una comida con la familia, una m\u00e1gica cena rom\u00e1ntica o unas copas con los amigos con un picoteo gourmet, son experiencias que se pueden disfrutar en las terrazas del centro comercial Zielo Shopping de Pozuelo de Alarc\u00f3n, una amplia oferta gastron\u00f3mica gozando de unas maravillosas vistas al aire libre del skyline de\" \/>\n\t\t<meta property=\"og:url\" content=\"https:\/\/www.eldigitaldeasturias.com\/noticias\/de-madrid-al-zielo-se-va-desde-pozuelo\/\" \/>\n\t\t<meta property=\"article:tag\" content=\"actualidad\" \/>\n\t\t<meta property=\"article:published_time\" content=\"2017-08-16T14:54:50+00:00\" \/>\n\t\t<meta property=\"article:modified_time\" content=\"2017-08-16T14:54:50+00:00\" \/>\n\t\t<meta property=\"article:publisher\" content=\"https:\/\/facebook.com\/eldigitaldeasturias\" \/>\n\t\t<meta name=\"twitter:card\" content=\"summary_large_image\" \/>\n\t\t<meta name=\"twitter:title\" content=\"De Madrid al Zielo se va desde Pozuelo - El Digital de Asturias\" \/>\n\t\t<meta name=\"twitter:description\" content=\"Un desayuno especial, una comida con la familia, una m\u00e1gica cena rom\u00e1ntica o unas copas con los amigos con un picoteo gourmet, son experiencias que se pueden disfrutar en las terrazas del centro comercial Zielo Shopping de Pozuelo de Alarc\u00f3n, una amplia oferta gastron\u00f3mica gozando de unas maravillosas vistas al aire libre del skyline de\" \/>\n\t\t<meta name=\"twitter:image\" content=\"https:\/\/www.eldigitaldeasturias.com\/noticias\/wp-content\/uploads\/2020\/12\/EDA-1.jpg\" \/>\n\t\t<meta name=\"twitter:label1\" content=\"Escrito por\" \/>\n\t\t<meta name=\"twitter:data1\" content=\"El Digital de Asturias\" \/>\n\t\t<meta name=\"twitter:label2\" content=\"Tiempo de lectura estimado\" \/>\n\t\t<meta name=\"twitter:data2\" content=\"2 minutos\" \/>\n\t\t<script type=\"application\/ld+json\" class=\"aioseo-schema\">\n\t\t\t{\"@context\":\"https:\\\/\\\/schema.org\",\"@graph\":[{\"@type\":\"BlogPosting\",\"@id\":\"https:\\\/\\\/www.eldigitaldeasturias.com\\\/noticias\\\/de-madrid-al-zielo-se-va-desde-pozuelo\\\/#blogposting\",\"name\":\"De Madrid al Zielo se va desde Pozuelo - El Digital de Asturias\",\"headline\":\"De Madrid al Zielo se va desde Pozuelo\",\"author\":{\"@id\":\"https:\\\/\\\/www.eldigitaldeasturias.com\\\/noticias\\\/author\\\/admin\\\/#author\"},\"publisher\":{\"@id\":\"https:\\\/\\\/www.eldigitaldeasturias.com\\\/noticias\\\/#organization\"},\"image\":{\"@type\":\"ImageObject\",\"url\":949967},\"datePublished\":\"2017-08-16T14:54:50+02:00\",\"dateModified\":\"2017-08-16T14:54:50+02:00\",\"inLanguage\":\"es-ES\",\"mainEntityOfPage\":{\"@id\":\"https:\\\/\\\/www.eldigitaldeasturias.com\\\/noticias\\\/de-madrid-al-zielo-se-va-desde-pozuelo\\\/#webpage\"},\"isPartOf\":{\"@id\":\"https:\\\/\\\/www.eldigitaldeasturias.com\\\/noticias\\\/de-madrid-al-zielo-se-va-desde-pozuelo\\\/#webpage\"},\"articleSection\":\"Actualidad\"},{\"@type\":\"BreadcrumbList\",\"@id\":\"https:\\\/\\\/www.eldigitaldeasturias.com\\\/noticias\\\/de-madrid-al-zielo-se-va-desde-pozuelo\\\/#breadcrumblist\",\"itemListElement\":[{\"@type\":\"ListItem\",\"@id\":\"https:\\\/\\\/www.eldigitaldeasturias.com\\\/noticias#listItem\",\"position\":1,\"name\":\"Home\",\"item\":\"https:\\\/\\\/www.eldigitaldeasturias.com\\\/noticias\",\"nextItem\":{\"@type\":\"ListItem\",\"@id\":\"https:\\\/\\\/www.eldigitaldeasturias.com\\\/noticias\\\/category\\\/actualidad\\\/#listItem\",\"name\":\"Actualidad\"}},{\"@type\":\"ListItem\",\"@id\":\"https:\\\/\\\/www.eldigitaldeasturias.com\\\/noticias\\\/category\\\/actualidad\\\/#listItem\",\"position\":2,\"name\":\"Actualidad\",\"item\":\"https:\\\/\\\/www.eldigitaldeasturias.com\\\/noticias\\\/category\\\/actualidad\\\/\",\"nextItem\":{\"@type\":\"ListItem\",\"@id\":\"https:\\\/\\\/www.eldigitaldeasturias.com\\\/noticias\\\/de-madrid-al-zielo-se-va-desde-pozuelo\\\/#listItem\",\"name\":\"De Madrid al Zielo se va desde Pozuelo\"},\"previousItem\":{\"@type\":\"ListItem\",\"@id\":\"https:\\\/\\\/www.eldigitaldeasturias.com\\\/noticias#listItem\",\"name\":\"Home\"}},{\"@type\":\"ListItem\",\"@id\":\"https:\\\/\\\/www.eldigitaldeasturias.com\\\/noticias\\\/de-madrid-al-zielo-se-va-desde-pozuelo\\\/#listItem\",\"position\":3,\"name\":\"De Madrid al Zielo se va desde Pozuelo\",\"previousItem\":{\"@type\":\"ListItem\",\"@id\":\"https:\\\/\\\/www.eldigitaldeasturias.com\\\/noticias\\\/category\\\/actualidad\\\/#listItem\",\"name\":\"Actualidad\"}}]},{\"@type\":\"Organization\",\"@id\":\"https:\\\/\\\/www.eldigitaldeasturias.com\\\/noticias\\\/#organization\",\"name\":\"El Digital de Asturias\",\"description\":\"Hemeroteca\",\"url\":\"https:\\\/\\\/www.eldigitaldeasturias.com\\\/noticias\\\/\",\"email\":\"info@eldigitaldeasturias.com\",\"telephone\":\"+34652131393\",\"logo\":{\"@type\":\"ImageObject\",\"url\":\"https:\\\/\\\/www.eldigitaldeasturias.com\\\/noticias\\\/wp-content\\\/uploads\\\/2020\\\/12\\\/EDA.jpg\",\"@id\":\"https:\\\/\\\/www.eldigitaldeasturias.com\\\/noticias\\\/de-madrid-al-zielo-se-va-desde-pozuelo\\\/#organizationLogo\"},\"image\":{\"@id\":\"https:\\\/\\\/www.eldigitaldeasturias.com\\\/noticias\\\/de-madrid-al-zielo-se-va-desde-pozuelo\\\/#organizationLogo\"},\"sameAs\":[\"https:\\\/\\\/facebook.com\\\/eldigitaldeasturias\",\"https:\\\/\\\/www.youtube.com\\\/channel\\\/UCZP-2wLEB9Rv6erhFmqVnvg\"],\"address\":{\"@id\":\"https:\\\/\\\/www.eldigitaldeasturias.com\\\/noticias\\\/#postaladdress\",\"@type\":\"PostalAddress\",\"streetAddress\":\"san antonio 4\",\"postalCode\":\"33430\",\"addressLocality\":\"Cand\\u00e1s\",\"addressRegion\":\"Asturias\",\"addressCountry\":\"ES\"}},{\"@type\":\"Person\",\"@id\":\"https:\\\/\\\/www.eldigitaldeasturias.com\\\/noticias\\\/author\\\/admin\\\/#author\",\"url\":\"https:\\\/\\\/www.eldigitaldeasturias.com\\\/noticias\\\/author\\\/admin\\\/\",\"name\":\"El Digital de Asturias\",\"image\":{\"@type\":\"ImageObject\",\"@id\":\"https:\\\/\\\/www.eldigitaldeasturias.com\\\/noticias\\\/de-madrid-al-zielo-se-va-desde-pozuelo\\\/#authorImage\",\"url\":\"https:\\\/\\\/secure.gravatar.com\\\/avatar\\\/df2aeffc32bcd13f8d26072ef8a91b623d677766deac7f97ca815868cd41bf5e?s=96&d=mm&r=g\",\"width\":96,\"height\":96,\"caption\":\"El Digital de Asturias\"}},{\"@type\":\"WebPage\",\"@id\":\"https:\\\/\\\/www.eldigitaldeasturias.com\\\/noticias\\\/de-madrid-al-zielo-se-va-desde-pozuelo\\\/#webpage\",\"url\":\"https:\\\/\\\/www.eldigitaldeasturias.com\\\/noticias\\\/de-madrid-al-zielo-se-va-desde-pozuelo\\\/\",\"name\":\"De Madrid al Zielo se va desde Pozuelo - El Digital de Asturias\",\"description\":\"Un desayuno especial, una comida con la familia, una m\\u00e1gica cena rom\\u00e1ntica o unas copas con los amigos con un picoteo gourmet, son experiencias que se pueden disfrutar en las terrazas del centro comercial Zielo Shopping de Pozuelo de Alarc\\u00f3n, una amplia oferta gastron\\u00f3mica gozando de unas maravillosas vistas al aire libre del skyline de\",\"inLanguage\":\"es-ES\",\"isPartOf\":{\"@id\":\"https:\\\/\\\/www.eldigitaldeasturias.com\\\/noticias\\\/#website\"},\"breadcrumb\":{\"@id\":\"https:\\\/\\\/www.eldigitaldeasturias.com\\\/noticias\\\/de-madrid-al-zielo-se-va-desde-pozuelo\\\/#breadcrumblist\"},\"author\":{\"@id\":\"https:\\\/\\\/www.eldigitaldeasturias.com\\\/noticias\\\/author\\\/admin\\\/#author\"},\"creator\":{\"@id\":\"https:\\\/\\\/www.eldigitaldeasturias.com\\\/noticias\\\/author\\\/admin\\\/#author\"},\"image\":{\"@type\":\"ImageObject\",\"url\":949967,\"@id\":\"https:\\\/\\\/www.eldigitaldeasturias.com\\\/noticias\\\/de-madrid-al-zielo-se-va-desde-pozuelo\\\/#mainImage\"},\"primaryImageOfPage\":{\"@id\":\"https:\\\/\\\/www.eldigitaldeasturias.com\\\/noticias\\\/de-madrid-al-zielo-se-va-desde-pozuelo\\\/#mainImage\"},\"datePublished\":\"2017-08-16T14:54:50+02:00\",\"dateModified\":\"2017-08-16T14:54:50+02:00\"},{\"@type\":\"WebSite\",\"@id\":\"https:\\\/\\\/www.eldigitaldeasturias.com\\\/noticias\\\/#website\",\"url\":\"https:\\\/\\\/www.eldigitaldeasturias.com\\\/noticias\\\/\",\"name\":\"El Digital de Asturias - Diario de actualidad y noticias\",\"alternateName\":\"El Digital de Asturias - Diario de actualidad y noticias\",\"description\":\"Hemeroteca\",\"inLanguage\":\"es-ES\",\"publisher\":{\"@id\":\"https:\\\/\\\/www.eldigitaldeasturias.com\\\/noticias\\\/#organization\"}}]}\n\t\t<\/script>\n\t\t<!-- All in One SEO Pro -->\r\n\t\t<title>De Madrid al Zielo se va desde Pozuelo - El Digital de Asturias<\/title>\n\n","aioseo_head_json":{"title":"De Madrid al Zielo se va desde Pozuelo - El Digital de Asturias","description":"Un desayuno especial, una comida con la familia, una m\u00e1gica cena rom\u00e1ntica o unas copas con los amigos con un picoteo gourmet, son experiencias que se pueden disfrutar en las terrazas del centro comercial Zielo Shopping de Pozuelo de Alarc\u00f3n, una amplia oferta gastron\u00f3mica gozando de unas maravillosas vistas al aire libre del skyline de","canonical_url":"https:\/\/www.eldigitaldeasturias.com\/noticias\/de-madrid-al-zielo-se-va-desde-pozuelo\/","robots":"max-image-preview:large","keywords":"actualidad","webmasterTools":{"google-site-verification":"UA-38556648-1","msvalidate.01":"7dfe9f3f1b24437ab69f4f2559babe99","miscellaneous":""},"schema":{"@context":"https:\/\/schema.org","@graph":[{"@type":"BlogPosting","@id":"https:\/\/www.eldigitaldeasturias.com\/noticias\/de-madrid-al-zielo-se-va-desde-pozuelo\/#blogposting","name":"De Madrid al Zielo se va desde Pozuelo - El Digital de Asturias","headline":"De Madrid al Zielo se va desde Pozuelo","author":{"@id":"https:\/\/www.eldigitaldeasturias.com\/noticias\/author\/admin\/#author"},"publisher":{"@id":"https:\/\/www.eldigitaldeasturias.com\/noticias\/#organization"},"image":{"@type":"ImageObject","url":949967},"datePublished":"2017-08-16T14:54:50+02:00","dateModified":"2017-08-16T14:54:50+02:00","inLanguage":"es-ES","mainEntityOfPage":{"@id":"https:\/\/www.eldigitaldeasturias.com\/noticias\/de-madrid-al-zielo-se-va-desde-pozuelo\/#webpage"},"isPartOf":{"@id":"https:\/\/www.eldigitaldeasturias.com\/noticias\/de-madrid-al-zielo-se-va-desde-pozuelo\/#webpage"},"articleSection":"Actualidad"},{"@type":"BreadcrumbList","@id":"https:\/\/www.eldigitaldeasturias.com\/noticias\/de-madrid-al-zielo-se-va-desde-pozuelo\/#breadcrumblist","itemListElement":[{"@type":"ListItem","@id":"https:\/\/www.eldigitaldeasturias.com\/noticias#listItem","position":1,"name":"Home","item":"https:\/\/www.eldigitaldeasturias.com\/noticias","nextItem":{"@type":"ListItem","@id":"https:\/\/www.eldigitaldeasturias.com\/noticias\/category\/actualidad\/#listItem","name":"Actualidad"}},{"@type":"ListItem","@id":"https:\/\/www.eldigitaldeasturias.com\/noticias\/category\/actualidad\/#listItem","position":2,"name":"Actualidad","item":"https:\/\/www.eldigitaldeasturias.com\/noticias\/category\/actualidad\/","nextItem":{"@type":"ListItem","@id":"https:\/\/www.eldigitaldeasturias.com\/noticias\/de-madrid-al-zielo-se-va-desde-pozuelo\/#listItem","name":"De Madrid al Zielo se va desde Pozuelo"},"previousItem":{"@type":"ListItem","@id":"https:\/\/www.eldigitaldeasturias.com\/noticias#listItem","name":"Home"}},{"@type":"ListItem","@id":"https:\/\/www.eldigitaldeasturias.com\/noticias\/de-madrid-al-zielo-se-va-desde-pozuelo\/#listItem","position":3,"name":"De Madrid al Zielo se va desde Pozuelo","previousItem":{"@type":"ListItem","@id":"https:\/\/www.eldigitaldeasturias.com\/noticias\/category\/actualidad\/#listItem","name":"Actualidad"}}]},{"@type":"Organization","@id":"https:\/\/www.eldigitaldeasturias.com\/noticias\/#organization","name":"El Digital de Asturias","description":"Hemeroteca","url":"https:\/\/www.eldigitaldeasturias.com\/noticias\/","email":"info@eldigitaldeasturias.com","telephone":"+34652131393","logo":{"@type":"ImageObject","url":"https:\/\/www.eldigitaldeasturias.com\/noticias\/wp-content\/uploads\/2020\/12\/EDA.jpg","@id":"https:\/\/www.eldigitaldeasturias.com\/noticias\/de-madrid-al-zielo-se-va-desde-pozuelo\/#organizationLogo"},"image":{"@id":"https:\/\/www.eldigitaldeasturias.com\/noticias\/de-madrid-al-zielo-se-va-desde-pozuelo\/#organizationLogo"},"sameAs":["https:\/\/facebook.com\/eldigitaldeasturias","https:\/\/www.youtube.com\/channel\/UCZP-2wLEB9Rv6erhFmqVnvg"],"address":{"@id":"https:\/\/www.eldigitaldeasturias.com\/noticias\/#postaladdress","@type":"PostalAddress","streetAddress":"san antonio 4","postalCode":"33430","addressLocality":"Cand\u00e1s","addressRegion":"Asturias","addressCountry":"ES"}},{"@type":"Person","@id":"https:\/\/www.eldigitaldeasturias.com\/noticias\/author\/admin\/#author","url":"https:\/\/www.eldigitaldeasturias.com\/noticias\/author\/admin\/","name":"El Digital de Asturias","image":{"@type":"ImageObject","@id":"https:\/\/www.eldigitaldeasturias.com\/noticias\/de-madrid-al-zielo-se-va-desde-pozuelo\/#authorImage","url":"https:\/\/secure.gravatar.com\/avatar\/df2aeffc32bcd13f8d26072ef8a91b623d677766deac7f97ca815868cd41bf5e?s=96&d=mm&r=g","width":96,"height":96,"caption":"El Digital de Asturias"}},{"@type":"WebPage","@id":"https:\/\/www.eldigitaldeasturias.com\/noticias\/de-madrid-al-zielo-se-va-desde-pozuelo\/#webpage","url":"https:\/\/www.eldigitaldeasturias.com\/noticias\/de-madrid-al-zielo-se-va-desde-pozuelo\/","name":"De Madrid al Zielo se va desde Pozuelo - El Digital de Asturias","description":"Un desayuno especial, una comida con la familia, una m\u00e1gica cena rom\u00e1ntica o unas copas con los amigos con un picoteo gourmet, son experiencias que se pueden disfrutar en las terrazas del centro comercial Zielo Shopping de Pozuelo de Alarc\u00f3n, una amplia oferta gastron\u00f3mica gozando de unas maravillosas vistas al aire libre del skyline de","inLanguage":"es-ES","isPartOf":{"@id":"https:\/\/www.eldigitaldeasturias.com\/noticias\/#website"},"breadcrumb":{"@id":"https:\/\/www.eldigitaldeasturias.com\/noticias\/de-madrid-al-zielo-se-va-desde-pozuelo\/#breadcrumblist"},"author":{"@id":"https:\/\/www.eldigitaldeasturias.com\/noticias\/author\/admin\/#author"},"creator":{"@id":"https:\/\/www.eldigitaldeasturias.com\/noticias\/author\/admin\/#author"},"image":{"@type":"ImageObject","url":949967,"@id":"https:\/\/www.eldigitaldeasturias.com\/noticias\/de-madrid-al-zielo-se-va-desde-pozuelo\/#mainImage"},"primaryImageOfPage":{"@id":"https:\/\/www.eldigitaldeasturias.com\/noticias\/de-madrid-al-zielo-se-va-desde-pozuelo\/#mainImage"},"datePublished":"2017-08-16T14:54:50+02:00","dateModified":"2017-08-16T14:54:50+02:00"},{"@type":"WebSite","@id":"https:\/\/www.eldigitaldeasturias.com\/noticias\/#website","url":"https:\/\/www.eldigitaldeasturias.com\/noticias\/","name":"El Digital de Asturias - Diario de actualidad y noticias","alternateName":"El Digital de Asturias - Diario de actualidad y noticias","description":"Hemeroteca","inLanguage":"es-ES","publisher":{"@id":"https:\/\/www.eldigitaldeasturias.com\/noticias\/#organization"}}]},"og:locale":"es_ES","og:site_name":"El Digital de Asturias","og:type":"article","og:title":"De Madrid al Zielo se va desde Pozuelo - El Digital de Asturias","og:description":"Un desayuno especial, una comida con la familia, una m\u00e1gica cena rom\u00e1ntica o unas copas con los amigos con un picoteo gourmet, son experiencias que se pueden disfrutar en las terrazas del centro comercial Zielo Shopping de Pozuelo de Alarc\u00f3n, una amplia oferta gastron\u00f3mica gozando de unas maravillosas vistas al aire libre del skyline de","og:url":"https:\/\/www.eldigitaldeasturias.com\/noticias\/de-madrid-al-zielo-se-va-desde-pozuelo\/","article:tag":["actualidad"],"article:published_time":"2017-08-16T14:54:50+00:00","article:modified_time":"2017-08-16T14:54:50+00:00","article:publisher":"https:\/\/facebook.com\/eldigitaldeasturias","twitter:card":"summary_large_image","twitter:title":"De Madrid al Zielo se va desde Pozuelo - El Digital de Asturias","twitter:description":"Un desayuno especial, una comida con la familia, una m\u00e1gica cena rom\u00e1ntica o unas copas con los amigos con un picoteo gourmet, son experiencias que se pueden disfrutar en las terrazas del centro comercial Zielo Shopping de Pozuelo de Alarc\u00f3n, una amplia oferta gastron\u00f3mica gozando de unas maravillosas vistas al aire libre del skyline de","twitter:image":"https:\/\/www.eldigitaldeasturias.com\/noticias\/wp-content\/uploads\/2020\/12\/EDA-1.jpg","twitter:label1":"Escrito por","twitter:data1":"El Digital de Asturias","twitter:label2":"Tiempo de lectura estimado","twitter:data2":"2 minutos"},"aioseo_meta_data":{"post_id":"949966","title":null,"description":null,"keywords":null,"keyphrases":null,"primary_term":null,"canonical_url":null,"og_title":null,"og_description":null,"og_object_type":"default","og_image_type":"default","og_image_url":null,"og_image_width":null,"og_image_height":null,"og_image_custom_url":null,"og_image_custom_fields":null,"og_video":null,"og_custom_url":null,"og_article_section":null,"og_article_tags":null,"twitter_use_og":false,"twitter_card":"default","twitter_image_type":"default","twitter_image_url":null,"twitter_image_custom_url":null,"twitter_image_custom_fields":null,"twitter_title":null,"twitter_description":null,"schema":{"blockGraphs":[],"customGraphs":[],"default":{"data":{"Article":[],"Course":[],"Dataset":[],"FAQPage":[],"Movie":[],"Person":[],"Product":[],"ProductReview":[],"Car":[],"Recipe":[],"Service":[],"SoftwareApplication":[],"WebPage":[]},"graphName":"","isEnabled":true},"graphs":[],"defaultGraph":"","defaultPostTypeGraph":""},"schema_type":null,"schema_type_options":null,"pillar_content":false,"robots_default":true,"robots_noindex":false,"robots_noarchive":false,"robots_nosnippet":false,"robots_nofollow":false,"robots_noimageindex":false,"robots_noodp":false,"robots_notranslate":false,"robots_max_snippet":null,"robots_max_videopreview":null,"robots_max_imagepreview":"large","priority":null,"frequency":null,"local_seo":null,"seo_analyzer_scan_date":"2025-12-05 14:12:07","breadcrumb_settings":null,"limit_modified_date":false,"open_ai":null,"ai":null,"created":"2020-12-21 13:00:45","updated":"2025-12-05 14:12:07","focus_keyword":null,"additional_keywords":null,"truseo_locale":null},"aioseo_breadcrumb":"<div class=\"aioseo-breadcrumbs\"><span class=\"aioseo-breadcrumb\">\n\t<a href=\"https:\/\/www.eldigitaldeasturias.com\/noticias\" title=\"Home\">Home<\/a>\n<\/span><span class=\"aioseo-breadcrumb-separator\">\u2013<\/span><span class=\"aioseo-breadcrumb\">\n\t<a href=\"https:\/\/www.eldigitaldeasturias.com\/noticias\/category\/actualidad\/\" title=\"Actualidad\">Actualidad<\/a>\n<\/span><span class=\"aioseo-breadcrumb-separator\">\u2013<\/span><span class=\"aioseo-breadcrumb\">\n\t<a href=\"https:\/\/www.eldigitaldeasturias.com\/noticias\/de-madrid-al-zielo-se-va-desde-pozuelo\/\" title=\"De Madrid al Zielo se va desde Pozuelo\">De Madrid al Zielo se va desde Pozuelo<\/a>\n<\/span><\/div>","aioseo_breadcrumb_json":[{"label":"Home","link":"https:\/\/www.eldigitaldeasturias.com\/noticias"},{"label":"Actualidad","link":"https:\/\/www.eldigitaldeasturias.com\/noticias\/category\/actualidad\/"},{"label":"De Madrid al Zielo se va desde Pozuelo","link":"https:\/\/www.eldigitaldeasturias.com\/noticias\/de-madrid-al-zielo-se-va-desde-pozuelo\/"}],"_links":{"self":[{"href":"https:\/\/www.eldigitaldeasturias.com\/noticias\/wp-json\/wp\/v2\/posts\/949966","targetHints":{"allow":["GET"]}}],"collection":[{"href":"https:\/\/www.eldigitaldeasturias.com\/noticias\/wp-json\/wp\/v2\/posts"}],"about":[{"href":"https:\/\/www.eldigitaldeasturias.com\/noticias\/wp-json\/wp\/v2\/types\/post"}],"author":[{"embeddable":true,"href":"https:\/\/www.eldigitaldeasturias.com\/noticias\/wp-json\/wp\/v2\/users\/1"}],"replies":[{"embeddable":true,"href":"https:\/\/www.eldigitaldeasturias.com\/noticias\/wp-json\/wp\/v2\/comments?post=949966"}],"version-history":[{"count":0,"href":"https:\/\/www.eldigitaldeasturias.com\/noticias\/wp-json\/wp\/v2\/posts\/949966\/revisions"}],"wp:attachment":[{"href":"https:\/\/www.eldigitaldeasturias.com\/noticias\/wp-json\/wp\/v2\/media?parent=949966"}],"wp:term":[{"taxonomy":"category","embeddable":true,"href":"https:\/\/www.eldigitaldeasturias.com\/noticias\/wp-json\/wp\/v2\/categories?post=949966"},{"taxonomy":"post_tag","embeddable":true,"href":"https:\/\/www.eldigitaldeasturias.com\/noticias\/wp-json\/wp\/v2\/tags?post=949966"}],"curies":[{"name":"wp","href":"https:\/\/api.w.org\/{rel}","templated":true}]}}