{"id":949957,"date":"2017-08-16T14:34:40","date_gmt":"2017-08-16T14:34:40","guid":{"rendered":"http:\/\/www.eldigitaldeasturias.com\/noticias\/?p=949957"},"modified":"2017-08-16T14:34:40","modified_gmt":"2017-08-16T14:34:40","slug":"las-empresas-de-aragon-ya-pueden-beneficiarse-de-activa-industria-4-0","status":"publish","type":"post","link":"https:\/\/www.eldigitaldeasturias.com\/noticias\/las-empresas-de-aragon-ya-pueden-beneficiarse-de-activa-industria-4-0\/","title":{"rendered":"Las empresas de Arag\u00f3n ya pueden beneficiarse de \u201cActiva Industria 4.0\u201d"},"content":{"rendered":"<p><img loading=\"lazy\" decoding=\"async\" class=\"alignleft size-medium wp-image-949958\" src=\"https:\/\/www.eldigitaldeasturias.com\/noticias\/wp-content\/uploads\/2017\/08\/robotica-360x159.jpg\" alt=\"\" width=\"360\" height=\"159\" \/>Las empresas aragonesas del sector industrial ya pueden acceder al programa de ayudas \u201cActiva Industria 4.0\u201d. Esta semana se ha publicado la convocatoria para la concesi\u00f3n de estas subvenciones dirigidas a la transformaci\u00f3n digital de la industria aragonesa. Son fruto del convenio firmado recientemente entre el Departamento de Econom\u00eda, Industria y Empleo del Gobierno de Arag\u00f3n y la Fundaci\u00f3n Escuela de Organizaci\u00f3n Industrial (Fundaci\u00f3n EOI), entidad p\u00fablica dependiente del Ministerio de Econom\u00eda, Industria y Competitividad, con el fin de colaborar en el desarrollo de la Iniciativa Estatal Industria Conectada 4.0.<\/p>\n<p>El programa de ayudas \u201cActiva Industria 4.0\u201d se enmarca tambi\u00e9n en la Estrategia \u201cArag\u00f3n Industria 4.0\u201d, que se est\u00e1 desarrollando bajo la coordinaci\u00f3n de la Direcci\u00f3n General de Industria, Pymes, Comercio y Artesan\u00eda. En concreto, esta l\u00ednea de subvenciones permitir\u00e1 a las empresas recibir asesoramiento especializado e individualizado, que incluir\u00e1 un diagn\u00f3stico de la situaci\u00f3n de partida de la empresa beneficiaria y la elaboraci\u00f3n de un plan de transformaci\u00f3n digital.<\/p>\n<p>La cuant\u00eda total destinada a esta convocatoria es de 131.765 euros y se realizar\u00e1 con cargo al presupuesto de gastos del convenio de colaboraci\u00f3n suscrito entre el Gobierno de Arag\u00f3n y Ia Fundaci\u00f3n EOI, cofinanciado por estas dos entidades. El precio del servicio objeto de ayuda es de 10.400 euros y la subvenci\u00f3n a cada beneficiario ascender\u00e1 a 6.935 euros, por lo que la empresa solo deber\u00e1 abonar un tercio del coste de la asesor\u00eda.<\/p>\n<p>El plazo de solicitud finaliza el 22 de septiembre y se deber\u00e1 cumplimentar por v\u00eda telem\u00e1tica, mediante certificado digital valido, en Ia sede electr\u00f3nica de Ia Fundaci\u00f3n EOI: <strong>www.eoi.es.<\/strong><\/p>\n<p><strong>Otras actividades y herramientas<\/strong><\/p>\n<p>El Gobierno de Arag\u00f3n, consciente de la importancia que representa la nueva revoluci\u00f3n industrial para este sector, que es uno de los pilares de la econom\u00eda regional, est\u00e1 impulsando la Estrategia para la digitalizaci\u00f3n de la Industria, \u201cArag\u00f3n Industria 4.0\u201d, junto al resto de los agentes del sistema: cl\u00fasteres, organismos de investigaci\u00f3n, empresas usuarias y proveedoras de tecnolog\u00edas y agentes sociales.<\/p>\n<p>Las actuaciones llevadas a cabo hasta el momento est\u00e1n relacionadas con la difusi\u00f3n, informaci\u00f3n y sensibilizaci\u00f3n. Es el caso de las diversas jornadas celebradas junto con los Colegios de Ingenieros Industriales y de Telecomunicaciones y con el Parque Tecnol\u00f3gico Walqa, adem\u00e1s de la puesta en marcha <a href=\"https:\/\/aragonindustria40.es\/\" target=\"_blank\" rel=\"noopener\"><span style=\"color: #ff0000;\"><strong>del portal<\/strong><\/span><\/a>, donde se ofrece un punto de encuentro para la participaci\u00f3n e interacci\u00f3n entre los agentes implicados en el desarrollo de la Industria 4.0.<\/p>\n<p>En esta p\u00e1gina web tambi\u00e9n est\u00e1 disponible la herramienta on-line HADA (Herramienta de Autodiagn\u00f3stico Digital Avanzada), impulsada junto a la Fundaci\u00f3n EOI, que permite a las empresas evaluar su grado de madurez digital con el objetivo de avanzar en su transformaci\u00f3n digital. Arag\u00f3n ya est\u00e1 siendo la Comunidad Aut\u00f3noma m\u00e1s activa en el uso de esta herramienta.<\/p>\n<p>&nbsp;<\/p>\n","protected":false},"excerpt":{"rendered":"<p>Las empresas aragonesas del sector industrial ya pueden acceder al programa de ayudas \u201cActiva Industria 4.0\u201d. Esta semana se ha publicado la convocatoria para la concesi\u00f3n de estas subvenciones dirigidas a la transformaci\u00f3n digital de la industria aragonesa. Son fruto del convenio firmado recientemente entre el Departamento de Econom\u00eda, Industria y Empleo del Gobierno de [&hellip;]<\/p>\n","protected":false},"author":1,"featured_media":949958,"comment_status":"closed","ping_status":"closed","sticky":false,"template":"","format":"standard","meta":{"footnotes":""},"categories":[1],"tags":[],"class_list":["post-949957","post","type-post","status-publish","format-standard","has-post-thumbnail","hentry","category-actualidad"],"aioseo_notices":[],"aioseo_head":"\n\t\t<!-- All in One SEO Pro 5.0.1 - aioseo.com -->\n\t<meta name=\"description\" content=\"Las empresas aragonesas del sector industrial ya pueden acceder al programa de ayudas \u201cActiva Industria 4.0\u201d. Esta semana se ha publicado la convocatoria para la concesi\u00f3n de estas subvenciones dirigidas a la transformaci\u00f3n digital de la industria aragonesa. Son fruto del convenio firmado recientemente entre el Departamento de Econom\u00eda, Industria y Empleo del Gobierno de\" \/>\n\t<meta name=\"robots\" content=\"max-image-preview:large\" \/>\n\t<meta name=\"author\" content=\"El Digital de Asturias\"\/>\n\t<meta name=\"google-site-verification\" content=\"UA-38556648-1\" \/>\n\t<meta name=\"msvalidate.01\" content=\"7dfe9f3f1b24437ab69f4f2559babe99\" \/>\n\t<meta name=\"keywords\" content=\"actualidad\" \/>\n\t<link rel=\"canonical\" href=\"https:\/\/www.eldigitaldeasturias.com\/noticias\/las-empresas-de-aragon-ya-pueden-beneficiarse-de-activa-industria-4-0\/\" \/>\n\t<meta name=\"generator\" content=\"All in One SEO Pro (AIOSEO) 5.0.1\" \/>\n\t\t<meta property=\"og:locale\" content=\"es_ES\" \/>\n\t\t<meta property=\"og:site_name\" content=\"El Digital de Asturias\" \/>\n\t\t<meta property=\"og:type\" content=\"article\" \/>\n\t\t<meta property=\"og:title\" content=\"Las empresas de Arag\u00f3n ya pueden beneficiarse de \u201cActiva Industria 4.0\u201d - El Digital de Asturias\" \/>\n\t\t<meta property=\"og:description\" content=\"Las empresas aragonesas del sector industrial ya pueden acceder al programa de ayudas \u201cActiva Industria 4.0\u201d. Esta semana se ha publicado la convocatoria para la concesi\u00f3n de estas subvenciones dirigidas a la transformaci\u00f3n digital de la industria aragonesa. Son fruto del convenio firmado recientemente entre el Departamento de Econom\u00eda, Industria y Empleo del Gobierno de\" \/>\n\t\t<meta property=\"og:url\" content=\"https:\/\/www.eldigitaldeasturias.com\/noticias\/las-empresas-de-aragon-ya-pueden-beneficiarse-de-activa-industria-4-0\/\" \/>\n\t\t<meta property=\"article:tag\" content=\"actualidad\" \/>\n\t\t<meta property=\"article:published_time\" content=\"2017-08-16T14:34:40+00:00\" \/>\n\t\t<meta property=\"article:modified_time\" content=\"2017-08-16T14:34:40+00:00\" \/>\n\t\t<meta property=\"article:publisher\" content=\"https:\/\/facebook.com\/eldigitaldeasturias\" \/>\n\t\t<meta name=\"twitter:card\" content=\"summary_large_image\" \/>\n\t\t<meta name=\"twitter:title\" content=\"Las empresas de Arag\u00f3n ya pueden beneficiarse de \u201cActiva Industria 4.0\u201d - El Digital de Asturias\" \/>\n\t\t<meta name=\"twitter:description\" content=\"Las empresas aragonesas del sector industrial ya pueden acceder al programa de ayudas \u201cActiva Industria 4.0\u201d. Esta semana se ha publicado la convocatoria para la concesi\u00f3n de estas subvenciones dirigidas a la transformaci\u00f3n digital de la industria aragonesa. Son fruto del convenio firmado recientemente entre el Departamento de Econom\u00eda, Industria y Empleo del Gobierno de\" \/>\n\t\t<meta name=\"twitter:image\" content=\"https:\/\/www.eldigitaldeasturias.com\/noticias\/wp-content\/uploads\/2020\/12\/EDA-1.jpg\" \/>\n\t\t<meta name=\"twitter:label1\" content=\"Escrito por\" \/>\n\t\t<meta name=\"twitter:data1\" content=\"El Digital de Asturias\" \/>\n\t\t<meta name=\"twitter:label2\" content=\"Tiempo de lectura estimado\" \/>\n\t\t<meta name=\"twitter:data2\" content=\"3 minutos\" \/>\n\t\t<script type=\"application\/ld+json\" class=\"aioseo-schema\">\n\t\t\t{\"@context\":\"https:\\\/\\\/schema.org\",\"@graph\":[{\"@type\":\"BlogPosting\",\"@id\":\"https:\\\/\\\/www.eldigitaldeasturias.com\\\/noticias\\\/las-empresas-de-aragon-ya-pueden-beneficiarse-de-activa-industria-4-0\\\/#blogposting\",\"name\":\"Las empresas de Arag\\u00f3n ya pueden beneficiarse de \\u201cActiva Industria 4.0\\u201d - El Digital de Asturias\",\"headline\":\"Las empresas de Arag\\u00f3n ya pueden beneficiarse de \\u201cActiva Industria 4.0\\u201d\",\"author\":{\"@id\":\"https:\\\/\\\/www.eldigitaldeasturias.com\\\/noticias\\\/author\\\/admin\\\/#author\"},\"publisher\":{\"@id\":\"https:\\\/\\\/www.eldigitaldeasturias.com\\\/noticias\\\/#organization\"},\"image\":{\"@type\":\"ImageObject\",\"url\":949958},\"datePublished\":\"2017-08-16T14:34:40+02:00\",\"dateModified\":\"2017-08-16T14:34:40+02:00\",\"inLanguage\":\"es-ES\",\"mainEntityOfPage\":{\"@id\":\"https:\\\/\\\/www.eldigitaldeasturias.com\\\/noticias\\\/las-empresas-de-aragon-ya-pueden-beneficiarse-de-activa-industria-4-0\\\/#webpage\"},\"isPartOf\":{\"@id\":\"https:\\\/\\\/www.eldigitaldeasturias.com\\\/noticias\\\/las-empresas-de-aragon-ya-pueden-beneficiarse-de-activa-industria-4-0\\\/#webpage\"},\"articleSection\":\"Actualidad\"},{\"@type\":\"BreadcrumbList\",\"@id\":\"https:\\\/\\\/www.eldigitaldeasturias.com\\\/noticias\\\/las-empresas-de-aragon-ya-pueden-beneficiarse-de-activa-industria-4-0\\\/#breadcrumblist\",\"itemListElement\":[{\"@type\":\"ListItem\",\"@id\":\"https:\\\/\\\/www.eldigitaldeasturias.com\\\/noticias#listItem\",\"position\":1,\"name\":\"Home\",\"item\":\"https:\\\/\\\/www.eldigitaldeasturias.com\\\/noticias\",\"nextItem\":{\"@type\":\"ListItem\",\"@id\":\"https:\\\/\\\/www.eldigitaldeasturias.com\\\/noticias\\\/category\\\/actualidad\\\/#listItem\",\"name\":\"Actualidad\"}},{\"@type\":\"ListItem\",\"@id\":\"https:\\\/\\\/www.eldigitaldeasturias.com\\\/noticias\\\/category\\\/actualidad\\\/#listItem\",\"position\":2,\"name\":\"Actualidad\",\"item\":\"https:\\\/\\\/www.eldigitaldeasturias.com\\\/noticias\\\/category\\\/actualidad\\\/\",\"nextItem\":{\"@type\":\"ListItem\",\"@id\":\"https:\\\/\\\/www.eldigitaldeasturias.com\\\/noticias\\\/las-empresas-de-aragon-ya-pueden-beneficiarse-de-activa-industria-4-0\\\/#listItem\",\"name\":\"Las empresas de Arag\\u00f3n ya pueden beneficiarse de \\u201cActiva Industria 4.0\\u201d\"},\"previousItem\":{\"@type\":\"ListItem\",\"@id\":\"https:\\\/\\\/www.eldigitaldeasturias.com\\\/noticias#listItem\",\"name\":\"Home\"}},{\"@type\":\"ListItem\",\"@id\":\"https:\\\/\\\/www.eldigitaldeasturias.com\\\/noticias\\\/las-empresas-de-aragon-ya-pueden-beneficiarse-de-activa-industria-4-0\\\/#listItem\",\"position\":3,\"name\":\"Las empresas de Arag\\u00f3n ya pueden beneficiarse de \\u201cActiva Industria 4.0\\u201d\",\"previousItem\":{\"@type\":\"ListItem\",\"@id\":\"https:\\\/\\\/www.eldigitaldeasturias.com\\\/noticias\\\/category\\\/actualidad\\\/#listItem\",\"name\":\"Actualidad\"}}]},{\"@type\":\"Organization\",\"@id\":\"https:\\\/\\\/www.eldigitaldeasturias.com\\\/noticias\\\/#organization\",\"name\":\"El Digital de Asturias\",\"description\":\"Hemeroteca\",\"url\":\"https:\\\/\\\/www.eldigitaldeasturias.com\\\/noticias\\\/\",\"email\":\"info@eldigitaldeasturias.com\",\"telephone\":\"+34652131393\",\"logo\":{\"@type\":\"ImageObject\",\"url\":\"https:\\\/\\\/www.eldigitaldeasturias.com\\\/noticias\\\/wp-content\\\/uploads\\\/2020\\\/12\\\/EDA.jpg\",\"@id\":\"https:\\\/\\\/www.eldigitaldeasturias.com\\\/noticias\\\/las-empresas-de-aragon-ya-pueden-beneficiarse-de-activa-industria-4-0\\\/#organizationLogo\"},\"image\":{\"@id\":\"https:\\\/\\\/www.eldigitaldeasturias.com\\\/noticias\\\/las-empresas-de-aragon-ya-pueden-beneficiarse-de-activa-industria-4-0\\\/#organizationLogo\"},\"sameAs\":[\"https:\\\/\\\/facebook.com\\\/eldigitaldeasturias\",\"https:\\\/\\\/www.youtube.com\\\/channel\\\/UCZP-2wLEB9Rv6erhFmqVnvg\"],\"address\":{\"@id\":\"https:\\\/\\\/www.eldigitaldeasturias.com\\\/noticias\\\/#postaladdress\",\"@type\":\"PostalAddress\",\"streetAddress\":\"san antonio 4\",\"postalCode\":\"33430\",\"addressLocality\":\"Cand\\u00e1s\",\"addressRegion\":\"Asturias\",\"addressCountry\":\"ES\"}},{\"@type\":\"Person\",\"@id\":\"https:\\\/\\\/www.eldigitaldeasturias.com\\\/noticias\\\/author\\\/admin\\\/#author\",\"url\":\"https:\\\/\\\/www.eldigitaldeasturias.com\\\/noticias\\\/author\\\/admin\\\/\",\"name\":\"El Digital de Asturias\",\"image\":{\"@type\":\"ImageObject\",\"@id\":\"https:\\\/\\\/www.eldigitaldeasturias.com\\\/noticias\\\/las-empresas-de-aragon-ya-pueden-beneficiarse-de-activa-industria-4-0\\\/#authorImage\",\"url\":\"https:\\\/\\\/secure.gravatar.com\\\/avatar\\\/df2aeffc32bcd13f8d26072ef8a91b623d677766deac7f97ca815868cd41bf5e?s=96&d=mm&r=g\",\"width\":96,\"height\":96,\"caption\":\"El Digital de Asturias\"}},{\"@type\":\"WebPage\",\"@id\":\"https:\\\/\\\/www.eldigitaldeasturias.com\\\/noticias\\\/las-empresas-de-aragon-ya-pueden-beneficiarse-de-activa-industria-4-0\\\/#webpage\",\"url\":\"https:\\\/\\\/www.eldigitaldeasturias.com\\\/noticias\\\/las-empresas-de-aragon-ya-pueden-beneficiarse-de-activa-industria-4-0\\\/\",\"name\":\"Las empresas de Arag\\u00f3n ya pueden beneficiarse de \\u201cActiva Industria 4.0\\u201d - El Digital de Asturias\",\"description\":\"Las empresas aragonesas del sector industrial ya pueden acceder al programa de ayudas \\u201cActiva Industria 4.0\\u201d. Esta semana se ha publicado la convocatoria para la concesi\\u00f3n de estas subvenciones dirigidas a la transformaci\\u00f3n digital de la industria aragonesa. Son fruto del convenio firmado recientemente entre el Departamento de Econom\\u00eda, Industria y Empleo del Gobierno de\",\"inLanguage\":\"es-ES\",\"isPartOf\":{\"@id\":\"https:\\\/\\\/www.eldigitaldeasturias.com\\\/noticias\\\/#website\"},\"breadcrumb\":{\"@id\":\"https:\\\/\\\/www.eldigitaldeasturias.com\\\/noticias\\\/las-empresas-de-aragon-ya-pueden-beneficiarse-de-activa-industria-4-0\\\/#breadcrumblist\"},\"author\":{\"@id\":\"https:\\\/\\\/www.eldigitaldeasturias.com\\\/noticias\\\/author\\\/admin\\\/#author\"},\"creator\":{\"@id\":\"https:\\\/\\\/www.eldigitaldeasturias.com\\\/noticias\\\/author\\\/admin\\\/#author\"},\"image\":{\"@type\":\"ImageObject\",\"url\":949958,\"@id\":\"https:\\\/\\\/www.eldigitaldeasturias.com\\\/noticias\\\/las-empresas-de-aragon-ya-pueden-beneficiarse-de-activa-industria-4-0\\\/#mainImage\"},\"primaryImageOfPage\":{\"@id\":\"https:\\\/\\\/www.eldigitaldeasturias.com\\\/noticias\\\/las-empresas-de-aragon-ya-pueden-beneficiarse-de-activa-industria-4-0\\\/#mainImage\"},\"datePublished\":\"2017-08-16T14:34:40+02:00\",\"dateModified\":\"2017-08-16T14:34:40+02:00\"},{\"@type\":\"WebSite\",\"@id\":\"https:\\\/\\\/www.eldigitaldeasturias.com\\\/noticias\\\/#website\",\"url\":\"https:\\\/\\\/www.eldigitaldeasturias.com\\\/noticias\\\/\",\"name\":\"El Digital de Asturias - Diario de actualidad y noticias\",\"alternateName\":\"El Digital de Asturias - Diario de actualidad y noticias\",\"description\":\"Hemeroteca\",\"inLanguage\":\"es-ES\",\"publisher\":{\"@id\":\"https:\\\/\\\/www.eldigitaldeasturias.com\\\/noticias\\\/#organization\"}}]}\n\t\t<\/script>\n\t\t<!-- All in One SEO Pro -->\r\n\t\t<title>Las empresas de Arag\u00f3n ya pueden beneficiarse de \u201cActiva Industria 4.0\u201d - El Digital de Asturias<\/title>\n\n","aioseo_head_json":{"title":"Las empresas de Arag\u00f3n ya pueden beneficiarse de \u201cActiva Industria 4.0\u201d - El Digital de Asturias","description":"Las empresas aragonesas del sector industrial ya pueden acceder al programa de ayudas \u201cActiva Industria 4.0\u201d. Esta semana se ha publicado la convocatoria para la concesi\u00f3n de estas subvenciones dirigidas a la transformaci\u00f3n digital de la industria aragonesa. Son fruto del convenio firmado recientemente entre el Departamento de Econom\u00eda, Industria y Empleo del Gobierno de","canonical_url":"https:\/\/www.eldigitaldeasturias.com\/noticias\/las-empresas-de-aragon-ya-pueden-beneficiarse-de-activa-industria-4-0\/","robots":"max-image-preview:large","keywords":"actualidad","webmasterTools":{"google-site-verification":"UA-38556648-1","msvalidate.01":"7dfe9f3f1b24437ab69f4f2559babe99","miscellaneous":""},"schema":{"@context":"https:\/\/schema.org","@graph":[{"@type":"BlogPosting","@id":"https:\/\/www.eldigitaldeasturias.com\/noticias\/las-empresas-de-aragon-ya-pueden-beneficiarse-de-activa-industria-4-0\/#blogposting","name":"Las empresas de Arag\u00f3n ya pueden beneficiarse de \u201cActiva Industria 4.0\u201d - El Digital de Asturias","headline":"Las empresas de Arag\u00f3n ya pueden beneficiarse de \u201cActiva Industria 4.0\u201d","author":{"@id":"https:\/\/www.eldigitaldeasturias.com\/noticias\/author\/admin\/#author"},"publisher":{"@id":"https:\/\/www.eldigitaldeasturias.com\/noticias\/#organization"},"image":{"@type":"ImageObject","url":949958},"datePublished":"2017-08-16T14:34:40+02:00","dateModified":"2017-08-16T14:34:40+02:00","inLanguage":"es-ES","mainEntityOfPage":{"@id":"https:\/\/www.eldigitaldeasturias.com\/noticias\/las-empresas-de-aragon-ya-pueden-beneficiarse-de-activa-industria-4-0\/#webpage"},"isPartOf":{"@id":"https:\/\/www.eldigitaldeasturias.com\/noticias\/las-empresas-de-aragon-ya-pueden-beneficiarse-de-activa-industria-4-0\/#webpage"},"articleSection":"Actualidad"},{"@type":"BreadcrumbList","@id":"https:\/\/www.eldigitaldeasturias.com\/noticias\/las-empresas-de-aragon-ya-pueden-beneficiarse-de-activa-industria-4-0\/#breadcrumblist","itemListElement":[{"@type":"ListItem","@id":"https:\/\/www.eldigitaldeasturias.com\/noticias#listItem","position":1,"name":"Home","item":"https:\/\/www.eldigitaldeasturias.com\/noticias","nextItem":{"@type":"ListItem","@id":"https:\/\/www.eldigitaldeasturias.com\/noticias\/category\/actualidad\/#listItem","name":"Actualidad"}},{"@type":"ListItem","@id":"https:\/\/www.eldigitaldeasturias.com\/noticias\/category\/actualidad\/#listItem","position":2,"name":"Actualidad","item":"https:\/\/www.eldigitaldeasturias.com\/noticias\/category\/actualidad\/","nextItem":{"@type":"ListItem","@id":"https:\/\/www.eldigitaldeasturias.com\/noticias\/las-empresas-de-aragon-ya-pueden-beneficiarse-de-activa-industria-4-0\/#listItem","name":"Las empresas de Arag\u00f3n ya pueden beneficiarse de \u201cActiva Industria 4.0\u201d"},"previousItem":{"@type":"ListItem","@id":"https:\/\/www.eldigitaldeasturias.com\/noticias#listItem","name":"Home"}},{"@type":"ListItem","@id":"https:\/\/www.eldigitaldeasturias.com\/noticias\/las-empresas-de-aragon-ya-pueden-beneficiarse-de-activa-industria-4-0\/#listItem","position":3,"name":"Las empresas de Arag\u00f3n ya pueden beneficiarse de \u201cActiva Industria 4.0\u201d","previousItem":{"@type":"ListItem","@id":"https:\/\/www.eldigitaldeasturias.com\/noticias\/category\/actualidad\/#listItem","name":"Actualidad"}}]},{"@type":"Organization","@id":"https:\/\/www.eldigitaldeasturias.com\/noticias\/#organization","name":"El Digital de Asturias","description":"Hemeroteca","url":"https:\/\/www.eldigitaldeasturias.com\/noticias\/","email":"info@eldigitaldeasturias.com","telephone":"+34652131393","logo":{"@type":"ImageObject","url":"https:\/\/www.eldigitaldeasturias.com\/noticias\/wp-content\/uploads\/2020\/12\/EDA.jpg","@id":"https:\/\/www.eldigitaldeasturias.com\/noticias\/las-empresas-de-aragon-ya-pueden-beneficiarse-de-activa-industria-4-0\/#organizationLogo"},"image":{"@id":"https:\/\/www.eldigitaldeasturias.com\/noticias\/las-empresas-de-aragon-ya-pueden-beneficiarse-de-activa-industria-4-0\/#organizationLogo"},"sameAs":["https:\/\/facebook.com\/eldigitaldeasturias","https:\/\/www.youtube.com\/channel\/UCZP-2wLEB9Rv6erhFmqVnvg"],"address":{"@id":"https:\/\/www.eldigitaldeasturias.com\/noticias\/#postaladdress","@type":"PostalAddress","streetAddress":"san antonio 4","postalCode":"33430","addressLocality":"Cand\u00e1s","addressRegion":"Asturias","addressCountry":"ES"}},{"@type":"Person","@id":"https:\/\/www.eldigitaldeasturias.com\/noticias\/author\/admin\/#author","url":"https:\/\/www.eldigitaldeasturias.com\/noticias\/author\/admin\/","name":"El Digital de Asturias","image":{"@type":"ImageObject","@id":"https:\/\/www.eldigitaldeasturias.com\/noticias\/las-empresas-de-aragon-ya-pueden-beneficiarse-de-activa-industria-4-0\/#authorImage","url":"https:\/\/secure.gravatar.com\/avatar\/df2aeffc32bcd13f8d26072ef8a91b623d677766deac7f97ca815868cd41bf5e?s=96&d=mm&r=g","width":96,"height":96,"caption":"El Digital de Asturias"}},{"@type":"WebPage","@id":"https:\/\/www.eldigitaldeasturias.com\/noticias\/las-empresas-de-aragon-ya-pueden-beneficiarse-de-activa-industria-4-0\/#webpage","url":"https:\/\/www.eldigitaldeasturias.com\/noticias\/las-empresas-de-aragon-ya-pueden-beneficiarse-de-activa-industria-4-0\/","name":"Las empresas de Arag\u00f3n ya pueden beneficiarse de \u201cActiva Industria 4.0\u201d - El Digital de Asturias","description":"Las empresas aragonesas del sector industrial ya pueden acceder al programa de ayudas \u201cActiva Industria 4.0\u201d. Esta semana se ha publicado la convocatoria para la concesi\u00f3n de estas subvenciones dirigidas a la transformaci\u00f3n digital de la industria aragonesa. Son fruto del convenio firmado recientemente entre el Departamento de Econom\u00eda, Industria y Empleo del Gobierno de","inLanguage":"es-ES","isPartOf":{"@id":"https:\/\/www.eldigitaldeasturias.com\/noticias\/#website"},"breadcrumb":{"@id":"https:\/\/www.eldigitaldeasturias.com\/noticias\/las-empresas-de-aragon-ya-pueden-beneficiarse-de-activa-industria-4-0\/#breadcrumblist"},"author":{"@id":"https:\/\/www.eldigitaldeasturias.com\/noticias\/author\/admin\/#author"},"creator":{"@id":"https:\/\/www.eldigitaldeasturias.com\/noticias\/author\/admin\/#author"},"image":{"@type":"ImageObject","url":949958,"@id":"https:\/\/www.eldigitaldeasturias.com\/noticias\/las-empresas-de-aragon-ya-pueden-beneficiarse-de-activa-industria-4-0\/#mainImage"},"primaryImageOfPage":{"@id":"https:\/\/www.eldigitaldeasturias.com\/noticias\/las-empresas-de-aragon-ya-pueden-beneficiarse-de-activa-industria-4-0\/#mainImage"},"datePublished":"2017-08-16T14:34:40+02:00","dateModified":"2017-08-16T14:34:40+02:00"},{"@type":"WebSite","@id":"https:\/\/www.eldigitaldeasturias.com\/noticias\/#website","url":"https:\/\/www.eldigitaldeasturias.com\/noticias\/","name":"El Digital de Asturias - Diario de actualidad y noticias","alternateName":"El Digital de Asturias - Diario de actualidad y noticias","description":"Hemeroteca","inLanguage":"es-ES","publisher":{"@id":"https:\/\/www.eldigitaldeasturias.com\/noticias\/#organization"}}]},"og:locale":"es_ES","og:site_name":"El Digital de Asturias","og:type":"article","og:title":"Las empresas de Arag\u00f3n ya pueden beneficiarse de \u201cActiva Industria 4.0\u201d - El Digital de Asturias","og:description":"Las empresas aragonesas del sector industrial ya pueden acceder al programa de ayudas \u201cActiva Industria 4.0\u201d. Esta semana se ha publicado la convocatoria para la concesi\u00f3n de estas subvenciones dirigidas a la transformaci\u00f3n digital de la industria aragonesa. Son fruto del convenio firmado recientemente entre el Departamento de Econom\u00eda, Industria y Empleo del Gobierno de","og:url":"https:\/\/www.eldigitaldeasturias.com\/noticias\/las-empresas-de-aragon-ya-pueden-beneficiarse-de-activa-industria-4-0\/","article:tag":["actualidad"],"article:published_time":"2017-08-16T14:34:40+00:00","article:modified_time":"2017-08-16T14:34:40+00:00","article:publisher":"https:\/\/facebook.com\/eldigitaldeasturias","twitter:card":"summary_large_image","twitter:title":"Las empresas de Arag\u00f3n ya pueden beneficiarse de \u201cActiva Industria 4.0\u201d - El Digital de Asturias","twitter:description":"Las empresas aragonesas del sector industrial ya pueden acceder al programa de ayudas \u201cActiva Industria 4.0\u201d. Esta semana se ha publicado la convocatoria para la concesi\u00f3n de estas subvenciones dirigidas a la transformaci\u00f3n digital de la industria aragonesa. Son fruto del convenio firmado recientemente entre el Departamento de Econom\u00eda, Industria y Empleo del Gobierno de","twitter:image":"https:\/\/www.eldigitaldeasturias.com\/noticias\/wp-content\/uploads\/2020\/12\/EDA-1.jpg","twitter:label1":"Escrito por","twitter:data1":"El Digital de Asturias","twitter:label2":"Tiempo de lectura estimado","twitter:data2":"3 minutos"},"aioseo_meta_data":{"post_id":"949957","title":null,"description":null,"keywords":null,"keyphrases":null,"primary_term":null,"canonical_url":null,"og_title":null,"og_description":null,"og_object_type":"default","og_image_type":"default","og_image_url":null,"og_image_width":null,"og_image_height":null,"og_image_custom_url":null,"og_image_custom_fields":null,"og_video":null,"og_custom_url":null,"og_article_section":null,"og_article_tags":null,"twitter_use_og":false,"twitter_card":"default","twitter_image_type":"default","twitter_image_url":null,"twitter_image_custom_url":null,"twitter_image_custom_fields":null,"twitter_title":null,"twitter_description":null,"schema":{"blockGraphs":[],"customGraphs":[],"default":{"data":{"Article":[],"Course":[],"Dataset":[],"FAQPage":[],"Movie":[],"Person":[],"Product":[],"ProductReview":[],"Car":[],"Recipe":[],"Service":[],"SoftwareApplication":[],"WebPage":[]},"graphName":"","isEnabled":true},"graphs":[],"defaultGraph":"","defaultPostTypeGraph":""},"schema_type":null,"schema_type_options":null,"pillar_content":false,"robots_default":true,"robots_noindex":false,"robots_noarchive":false,"robots_nosnippet":false,"robots_nofollow":false,"robots_noimageindex":false,"robots_noodp":false,"robots_notranslate":false,"robots_max_snippet":null,"robots_max_videopreview":null,"robots_max_imagepreview":"large","priority":null,"frequency":null,"local_seo":null,"seo_analyzer_scan_date":"2025-12-05 14:10:11","breadcrumb_settings":null,"limit_modified_date":false,"open_ai":null,"ai":null,"created":"2020-12-21 13:00:45","updated":"2025-12-05 14:10:11","focus_keyword":null,"additional_keywords":null,"truseo_locale":null},"aioseo_breadcrumb":"<div class=\"aioseo-breadcrumbs\"><span class=\"aioseo-breadcrumb\">\n\t<a href=\"https:\/\/www.eldigitaldeasturias.com\/noticias\" title=\"Home\">Home<\/a>\n<\/span><span class=\"aioseo-breadcrumb-separator\">\u2013<\/span><span class=\"aioseo-breadcrumb\">\n\t<a href=\"https:\/\/www.eldigitaldeasturias.com\/noticias\/category\/actualidad\/\" title=\"Actualidad\">Actualidad<\/a>\n<\/span><span class=\"aioseo-breadcrumb-separator\">\u2013<\/span><span class=\"aioseo-breadcrumb\">\n\t<a href=\"https:\/\/www.eldigitaldeasturias.com\/noticias\/las-empresas-de-aragon-ya-pueden-beneficiarse-de-activa-industria-4-0\/\" title=\"Las empresas de Arag\u00f3n ya pueden beneficiarse de \u201cActiva Industria 4.0\u201d\">Las empresas de Arag\u00f3n ya pueden beneficiarse de \u201cActiva Industria 4.0\u201d<\/a>\n<\/span><\/div>","aioseo_breadcrumb_json":[{"label":"Home","link":"https:\/\/www.eldigitaldeasturias.com\/noticias"},{"label":"Actualidad","link":"https:\/\/www.eldigitaldeasturias.com\/noticias\/category\/actualidad\/"},{"label":"Las empresas de Arag\u00f3n ya pueden beneficiarse de \u201cActiva Industria 4.0\u201d","link":"https:\/\/www.eldigitaldeasturias.com\/noticias\/las-empresas-de-aragon-ya-pueden-beneficiarse-de-activa-industria-4-0\/"}],"_links":{"self":[{"href":"https:\/\/www.eldigitaldeasturias.com\/noticias\/wp-json\/wp\/v2\/posts\/949957","targetHints":{"allow":["GET"]}}],"collection":[{"href":"https:\/\/www.eldigitaldeasturias.com\/noticias\/wp-json\/wp\/v2\/posts"}],"about":[{"href":"https:\/\/www.eldigitaldeasturias.com\/noticias\/wp-json\/wp\/v2\/types\/post"}],"author":[{"embeddable":true,"href":"https:\/\/www.eldigitaldeasturias.com\/noticias\/wp-json\/wp\/v2\/users\/1"}],"replies":[{"embeddable":true,"href":"https:\/\/www.eldigitaldeasturias.com\/noticias\/wp-json\/wp\/v2\/comments?post=949957"}],"version-history":[{"count":0,"href":"https:\/\/www.eldigitaldeasturias.com\/noticias\/wp-json\/wp\/v2\/posts\/949957\/revisions"}],"wp:attachment":[{"href":"https:\/\/www.eldigitaldeasturias.com\/noticias\/wp-json\/wp\/v2\/media?parent=949957"}],"wp:term":[{"taxonomy":"category","embeddable":true,"href":"https:\/\/www.eldigitaldeasturias.com\/noticias\/wp-json\/wp\/v2\/categories?post=949957"},{"taxonomy":"post_tag","embeddable":true,"href":"https:\/\/www.eldigitaldeasturias.com\/noticias\/wp-json\/wp\/v2\/tags?post=949957"}],"curies":[{"name":"wp","href":"https:\/\/api.w.org\/{rel}","templated":true}]}}