{"id":949853,"date":"2017-08-15T14:35:45","date_gmt":"2017-08-15T14:35:45","guid":{"rendered":"http:\/\/www.eldigitaldeasturias.com\/noticias\/?p=949853"},"modified":"2017-08-15T14:35:45","modified_gmt":"2017-08-15T14:35:45","slug":"el-gobierno-de-aragon-suscribe-un-convenio-de-colaboracion-con-la-universidad-de-zaragoza","status":"publish","type":"post","link":"https:\/\/www.eldigitaldeasturias.com\/noticias\/el-gobierno-de-aragon-suscribe-un-convenio-de-colaboracion-con-la-universidad-de-zaragoza\/","title":{"rendered":"El Gobierno de Arag\u00f3n suscribe un convenio de colaboraci\u00f3n con la Universidad de Zaragoza"},"content":{"rendered":"<p><img loading=\"lazy\" decoding=\"async\" class=\"alignleft size-medium wp-image-949854\" src=\"https:\/\/www.eldigitaldeasturias.com\/noticias\/wp-content\/uploads\/2017\/08\/2178656_960_720-360x240.jpg\" alt=\"\" width=\"360\" height=\"240\" \/>El Gobierno de Arag\u00f3n, a trav\u00e9s de los Departamentos de Ciudadan\u00eda y Derechos Sociales y de Innovaci\u00f3n, Investigaci\u00f3n y Universidad, ha suscrito un convenio de colaboraci\u00f3n con la Universidad de Zaragoza para llevar a cabo proyectos de cooperaci\u00f3n en el \u00e1mbito universitario. En total, Ciudadan\u00eda y Derechos Sociales destinar\u00e1 70.000 euros a estas acciones a lo largo de 2017.<\/p>\n<p>Los proyectos de cooperaci\u00f3n al desarrollo en el \u00e1mbito universitario que se realizar\u00e1n en el marco de este acuerdo son tres. En primer lugar est\u00e1 el proyecto de las comunidades locales de Kaolack (Senegal), para el desarrollo de herramientas de tecnolog\u00eda de la informaci\u00f3n geogr\u00e1fica para la toma de decisiones, el conocimiento y la divulgaci\u00f3n con el fin de fomentar los procesos de gobernanza, la colaboraci\u00f3n, el empoderamiento ciudadano y la formaci\u00f3n de los t\u00e9cnicos y cooperantes. El equipo t\u00e9cnico de la Universidad estar\u00e1 formado fundamentalmente por miembros de los grupos de investigaci\u00f3n GEOT y el Gobierno de Arag\u00f3n aportar\u00e1 32.000 euros.<\/p>\n<p>El segundo de los proyectos se centra en salud visual en los campamentos de refugiados saharauis. Se trata de un curso intensivo de formaci\u00f3n en prevenci\u00f3n y detecci\u00f3n precoz de los problemas visuales en ni\u00f1os, dirigido a alumnos de enfermer\u00eda pedi\u00e1trica de la Universidad de Tifariti. La aportaci\u00f3n del Departamento de Ciudadan\u00eda y Derechos Sociales asciende a 7.600 euros.<\/p>\n<p>El \u00faltimo proyecto est\u00e1 orientado a la mejorar de la capacitaci\u00f3n ling\u00fc\u00edstica en espa\u00f1ol de los potenciales estudiantes universitarios de los campamentos de refugiados saharauis a trav\u00e9s de dos cursos intensivos de un mes. En total, se financiar\u00e1 con 10.400 euros.<\/p>\n<p>El convenio tambi\u00e9n contempla el desarrollo de actuaciones acad\u00e9micas y\/o de investigaci\u00f3n que potencien el espacio iberoamericano de educaci\u00f3n superior. Concretamente, el Gobierno de Arag\u00f3n aporta 20.000 euros para el programa de la Universidad de Zaragoza para la realizaci\u00f3n de becas, seg\u00fan lo establecido en el Plan Director de la Cooperaci\u00f3n Aragonesa para el Desarrollo 2016-2019.<\/p>\n<p>&nbsp;<\/p>\n","protected":false},"excerpt":{"rendered":"<p>El Gobierno de Arag\u00f3n, a trav\u00e9s de los Departamentos de Ciudadan\u00eda y Derechos Sociales y de Innovaci\u00f3n, Investigaci\u00f3n y Universidad, ha suscrito un convenio de colaboraci\u00f3n con la Universidad de Zaragoza para llevar a cabo proyectos de cooperaci\u00f3n en el \u00e1mbito universitario. En total, Ciudadan\u00eda y Derechos Sociales destinar\u00e1 70.000 euros a estas acciones a [&hellip;]<\/p>\n","protected":false},"author":1,"featured_media":949854,"comment_status":"closed","ping_status":"closed","sticky":false,"template":"","format":"standard","meta":{"footnotes":""},"categories":[1],"tags":[],"class_list":["post-949853","post","type-post","status-publish","format-standard","has-post-thumbnail","hentry","category-actualidad"],"aioseo_notices":[],"aioseo_head":"\n\t\t<!-- All in One SEO Pro 5.0.1 - aioseo.com -->\n\t<meta name=\"description\" content=\"El Gobierno de Arag\u00f3n, a trav\u00e9s de los Departamentos de Ciudadan\u00eda y Derechos Sociales y de Innovaci\u00f3n, Investigaci\u00f3n y Universidad, ha suscrito un convenio de colaboraci\u00f3n con la Universidad de Zaragoza para llevar a cabo proyectos de cooperaci\u00f3n en el \u00e1mbito universitario. En total, Ciudadan\u00eda y Derechos Sociales destinar\u00e1 70.000 euros a estas acciones a\" \/>\n\t<meta name=\"robots\" content=\"max-image-preview:large\" \/>\n\t<meta name=\"author\" content=\"El Digital de Asturias\"\/>\n\t<meta name=\"google-site-verification\" content=\"UA-38556648-1\" \/>\n\t<meta name=\"msvalidate.01\" content=\"7dfe9f3f1b24437ab69f4f2559babe99\" \/>\n\t<meta name=\"keywords\" content=\"actualidad\" \/>\n\t<link rel=\"canonical\" href=\"https:\/\/www.eldigitaldeasturias.com\/noticias\/el-gobierno-de-aragon-suscribe-un-convenio-de-colaboracion-con-la-universidad-de-zaragoza\/\" \/>\n\t<meta name=\"generator\" content=\"All in One SEO Pro (AIOSEO) 5.0.1\" \/>\n\t\t<meta property=\"og:locale\" content=\"es_ES\" \/>\n\t\t<meta property=\"og:site_name\" content=\"El Digital de Asturias\" \/>\n\t\t<meta property=\"og:type\" content=\"article\" \/>\n\t\t<meta property=\"og:title\" content=\"El Gobierno de Arag\u00f3n suscribe un convenio de colaboraci\u00f3n con la Universidad de Zaragoza - El Digital de Asturias\" \/>\n\t\t<meta property=\"og:description\" content=\"El Gobierno de Arag\u00f3n, a trav\u00e9s de los Departamentos de Ciudadan\u00eda y Derechos Sociales y de Innovaci\u00f3n, Investigaci\u00f3n y Universidad, ha suscrito un convenio de colaboraci\u00f3n con la Universidad de Zaragoza para llevar a cabo proyectos de cooperaci\u00f3n en el \u00e1mbito universitario. En total, Ciudadan\u00eda y Derechos Sociales destinar\u00e1 70.000 euros a estas acciones a\" \/>\n\t\t<meta property=\"og:url\" content=\"https:\/\/www.eldigitaldeasturias.com\/noticias\/el-gobierno-de-aragon-suscribe-un-convenio-de-colaboracion-con-la-universidad-de-zaragoza\/\" \/>\n\t\t<meta property=\"article:tag\" content=\"actualidad\" \/>\n\t\t<meta property=\"article:published_time\" content=\"2017-08-15T14:35:45+00:00\" \/>\n\t\t<meta property=\"article:modified_time\" content=\"2017-08-15T14:35:45+00:00\" \/>\n\t\t<meta property=\"article:publisher\" content=\"https:\/\/facebook.com\/eldigitaldeasturias\" \/>\n\t\t<meta name=\"twitter:card\" content=\"summary_large_image\" \/>\n\t\t<meta name=\"twitter:title\" content=\"El Gobierno de Arag\u00f3n suscribe un convenio de colaboraci\u00f3n con la Universidad de Zaragoza - El Digital de Asturias\" \/>\n\t\t<meta name=\"twitter:description\" content=\"El Gobierno de Arag\u00f3n, a trav\u00e9s de los Departamentos de Ciudadan\u00eda y Derechos Sociales y de Innovaci\u00f3n, Investigaci\u00f3n y Universidad, ha suscrito un convenio de colaboraci\u00f3n con la Universidad de Zaragoza para llevar a cabo proyectos de cooperaci\u00f3n en el \u00e1mbito universitario. En total, Ciudadan\u00eda y Derechos Sociales destinar\u00e1 70.000 euros a estas acciones a\" \/>\n\t\t<meta name=\"twitter:image\" content=\"https:\/\/www.eldigitaldeasturias.com\/noticias\/wp-content\/uploads\/2020\/12\/EDA-1.jpg\" \/>\n\t\t<meta name=\"twitter:label1\" content=\"Escrito por\" \/>\n\t\t<meta name=\"twitter:data1\" content=\"El Digital de Asturias\" \/>\n\t\t<meta name=\"twitter:label2\" content=\"Tiempo de lectura estimado\" \/>\n\t\t<meta name=\"twitter:data2\" content=\"2 minutos\" \/>\n\t\t<script type=\"application\/ld+json\" class=\"aioseo-schema\">\n\t\t\t{\"@context\":\"https:\\\/\\\/schema.org\",\"@graph\":[{\"@type\":\"BlogPosting\",\"@id\":\"https:\\\/\\\/www.eldigitaldeasturias.com\\\/noticias\\\/el-gobierno-de-aragon-suscribe-un-convenio-de-colaboracion-con-la-universidad-de-zaragoza\\\/#blogposting\",\"name\":\"El Gobierno de Arag\\u00f3n suscribe un convenio de colaboraci\\u00f3n con la Universidad de Zaragoza - El Digital de Asturias\",\"headline\":\"El Gobierno de Arag\\u00f3n suscribe un convenio de colaboraci\\u00f3n con la Universidad de Zaragoza\",\"author\":{\"@id\":\"https:\\\/\\\/www.eldigitaldeasturias.com\\\/noticias\\\/author\\\/admin\\\/#author\"},\"publisher\":{\"@id\":\"https:\\\/\\\/www.eldigitaldeasturias.com\\\/noticias\\\/#organization\"},\"image\":{\"@type\":\"ImageObject\",\"url\":949854},\"datePublished\":\"2017-08-15T14:35:45+02:00\",\"dateModified\":\"2017-08-15T14:35:45+02:00\",\"inLanguage\":\"es-ES\",\"mainEntityOfPage\":{\"@id\":\"https:\\\/\\\/www.eldigitaldeasturias.com\\\/noticias\\\/el-gobierno-de-aragon-suscribe-un-convenio-de-colaboracion-con-la-universidad-de-zaragoza\\\/#webpage\"},\"isPartOf\":{\"@id\":\"https:\\\/\\\/www.eldigitaldeasturias.com\\\/noticias\\\/el-gobierno-de-aragon-suscribe-un-convenio-de-colaboracion-con-la-universidad-de-zaragoza\\\/#webpage\"},\"articleSection\":\"Actualidad\"},{\"@type\":\"BreadcrumbList\",\"@id\":\"https:\\\/\\\/www.eldigitaldeasturias.com\\\/noticias\\\/el-gobierno-de-aragon-suscribe-un-convenio-de-colaboracion-con-la-universidad-de-zaragoza\\\/#breadcrumblist\",\"itemListElement\":[{\"@type\":\"ListItem\",\"@id\":\"https:\\\/\\\/www.eldigitaldeasturias.com\\\/noticias#listItem\",\"position\":1,\"name\":\"Home\",\"item\":\"https:\\\/\\\/www.eldigitaldeasturias.com\\\/noticias\",\"nextItem\":{\"@type\":\"ListItem\",\"@id\":\"https:\\\/\\\/www.eldigitaldeasturias.com\\\/noticias\\\/category\\\/actualidad\\\/#listItem\",\"name\":\"Actualidad\"}},{\"@type\":\"ListItem\",\"@id\":\"https:\\\/\\\/www.eldigitaldeasturias.com\\\/noticias\\\/category\\\/actualidad\\\/#listItem\",\"position\":2,\"name\":\"Actualidad\",\"item\":\"https:\\\/\\\/www.eldigitaldeasturias.com\\\/noticias\\\/category\\\/actualidad\\\/\",\"nextItem\":{\"@type\":\"ListItem\",\"@id\":\"https:\\\/\\\/www.eldigitaldeasturias.com\\\/noticias\\\/el-gobierno-de-aragon-suscribe-un-convenio-de-colaboracion-con-la-universidad-de-zaragoza\\\/#listItem\",\"name\":\"El Gobierno de Arag\\u00f3n suscribe un convenio de colaboraci\\u00f3n con la Universidad de Zaragoza\"},\"previousItem\":{\"@type\":\"ListItem\",\"@id\":\"https:\\\/\\\/www.eldigitaldeasturias.com\\\/noticias#listItem\",\"name\":\"Home\"}},{\"@type\":\"ListItem\",\"@id\":\"https:\\\/\\\/www.eldigitaldeasturias.com\\\/noticias\\\/el-gobierno-de-aragon-suscribe-un-convenio-de-colaboracion-con-la-universidad-de-zaragoza\\\/#listItem\",\"position\":3,\"name\":\"El Gobierno de Arag\\u00f3n suscribe un convenio de colaboraci\\u00f3n con la Universidad de Zaragoza\",\"previousItem\":{\"@type\":\"ListItem\",\"@id\":\"https:\\\/\\\/www.eldigitaldeasturias.com\\\/noticias\\\/category\\\/actualidad\\\/#listItem\",\"name\":\"Actualidad\"}}]},{\"@type\":\"Organization\",\"@id\":\"https:\\\/\\\/www.eldigitaldeasturias.com\\\/noticias\\\/#organization\",\"name\":\"El Digital de Asturias\",\"description\":\"Hemeroteca\",\"url\":\"https:\\\/\\\/www.eldigitaldeasturias.com\\\/noticias\\\/\",\"email\":\"info@eldigitaldeasturias.com\",\"telephone\":\"+34652131393\",\"logo\":{\"@type\":\"ImageObject\",\"url\":\"https:\\\/\\\/www.eldigitaldeasturias.com\\\/noticias\\\/wp-content\\\/uploads\\\/2020\\\/12\\\/EDA.jpg\",\"@id\":\"https:\\\/\\\/www.eldigitaldeasturias.com\\\/noticias\\\/el-gobierno-de-aragon-suscribe-un-convenio-de-colaboracion-con-la-universidad-de-zaragoza\\\/#organizationLogo\"},\"image\":{\"@id\":\"https:\\\/\\\/www.eldigitaldeasturias.com\\\/noticias\\\/el-gobierno-de-aragon-suscribe-un-convenio-de-colaboracion-con-la-universidad-de-zaragoza\\\/#organizationLogo\"},\"sameAs\":[\"https:\\\/\\\/facebook.com\\\/eldigitaldeasturias\",\"https:\\\/\\\/www.youtube.com\\\/channel\\\/UCZP-2wLEB9Rv6erhFmqVnvg\"],\"address\":{\"@id\":\"https:\\\/\\\/www.eldigitaldeasturias.com\\\/noticias\\\/#postaladdress\",\"@type\":\"PostalAddress\",\"streetAddress\":\"san antonio 4\",\"postalCode\":\"33430\",\"addressLocality\":\"Cand\\u00e1s\",\"addressRegion\":\"Asturias\",\"addressCountry\":\"ES\"}},{\"@type\":\"Person\",\"@id\":\"https:\\\/\\\/www.eldigitaldeasturias.com\\\/noticias\\\/author\\\/admin\\\/#author\",\"url\":\"https:\\\/\\\/www.eldigitaldeasturias.com\\\/noticias\\\/author\\\/admin\\\/\",\"name\":\"El Digital de Asturias\",\"image\":{\"@type\":\"ImageObject\",\"@id\":\"https:\\\/\\\/www.eldigitaldeasturias.com\\\/noticias\\\/el-gobierno-de-aragon-suscribe-un-convenio-de-colaboracion-con-la-universidad-de-zaragoza\\\/#authorImage\",\"url\":\"https:\\\/\\\/secure.gravatar.com\\\/avatar\\\/df2aeffc32bcd13f8d26072ef8a91b623d677766deac7f97ca815868cd41bf5e?s=96&d=mm&r=g\",\"width\":96,\"height\":96,\"caption\":\"El Digital de Asturias\"}},{\"@type\":\"WebPage\",\"@id\":\"https:\\\/\\\/www.eldigitaldeasturias.com\\\/noticias\\\/el-gobierno-de-aragon-suscribe-un-convenio-de-colaboracion-con-la-universidad-de-zaragoza\\\/#webpage\",\"url\":\"https:\\\/\\\/www.eldigitaldeasturias.com\\\/noticias\\\/el-gobierno-de-aragon-suscribe-un-convenio-de-colaboracion-con-la-universidad-de-zaragoza\\\/\",\"name\":\"El Gobierno de Arag\\u00f3n suscribe un convenio de colaboraci\\u00f3n con la Universidad de Zaragoza - El Digital de Asturias\",\"description\":\"El Gobierno de Arag\\u00f3n, a trav\\u00e9s de los Departamentos de Ciudadan\\u00eda y Derechos Sociales y de Innovaci\\u00f3n, Investigaci\\u00f3n y Universidad, ha suscrito un convenio de colaboraci\\u00f3n con la Universidad de Zaragoza para llevar a cabo proyectos de cooperaci\\u00f3n en el \\u00e1mbito universitario. En total, Ciudadan\\u00eda y Derechos Sociales destinar\\u00e1 70.000 euros a estas acciones a\",\"inLanguage\":\"es-ES\",\"isPartOf\":{\"@id\":\"https:\\\/\\\/www.eldigitaldeasturias.com\\\/noticias\\\/#website\"},\"breadcrumb\":{\"@id\":\"https:\\\/\\\/www.eldigitaldeasturias.com\\\/noticias\\\/el-gobierno-de-aragon-suscribe-un-convenio-de-colaboracion-con-la-universidad-de-zaragoza\\\/#breadcrumblist\"},\"author\":{\"@id\":\"https:\\\/\\\/www.eldigitaldeasturias.com\\\/noticias\\\/author\\\/admin\\\/#author\"},\"creator\":{\"@id\":\"https:\\\/\\\/www.eldigitaldeasturias.com\\\/noticias\\\/author\\\/admin\\\/#author\"},\"image\":{\"@type\":\"ImageObject\",\"url\":949854,\"@id\":\"https:\\\/\\\/www.eldigitaldeasturias.com\\\/noticias\\\/el-gobierno-de-aragon-suscribe-un-convenio-de-colaboracion-con-la-universidad-de-zaragoza\\\/#mainImage\"},\"primaryImageOfPage\":{\"@id\":\"https:\\\/\\\/www.eldigitaldeasturias.com\\\/noticias\\\/el-gobierno-de-aragon-suscribe-un-convenio-de-colaboracion-con-la-universidad-de-zaragoza\\\/#mainImage\"},\"datePublished\":\"2017-08-15T14:35:45+02:00\",\"dateModified\":\"2017-08-15T14:35:45+02:00\"},{\"@type\":\"WebSite\",\"@id\":\"https:\\\/\\\/www.eldigitaldeasturias.com\\\/noticias\\\/#website\",\"url\":\"https:\\\/\\\/www.eldigitaldeasturias.com\\\/noticias\\\/\",\"name\":\"El Digital de Asturias - Diario de actualidad y noticias\",\"alternateName\":\"El Digital de Asturias - Diario de actualidad y noticias\",\"description\":\"Hemeroteca\",\"inLanguage\":\"es-ES\",\"publisher\":{\"@id\":\"https:\\\/\\\/www.eldigitaldeasturias.com\\\/noticias\\\/#organization\"}}]}\n\t\t<\/script>\n\t\t<!-- All in One SEO Pro -->\r\n\t\t<title>El Gobierno de Arag\u00f3n suscribe un convenio de colaboraci\u00f3n con la Universidad de Zaragoza - El Digital de Asturias<\/title>\n\n","aioseo_head_json":{"title":"El Gobierno de Arag\u00f3n suscribe un convenio de colaboraci\u00f3n con la Universidad de Zaragoza - El Digital de Asturias","description":"El Gobierno de Arag\u00f3n, a trav\u00e9s de los Departamentos de Ciudadan\u00eda y Derechos Sociales y de Innovaci\u00f3n, Investigaci\u00f3n y Universidad, ha suscrito un convenio de colaboraci\u00f3n con la Universidad de Zaragoza para llevar a cabo proyectos de cooperaci\u00f3n en el \u00e1mbito universitario. En total, Ciudadan\u00eda y Derechos Sociales destinar\u00e1 70.000 euros a estas acciones a","canonical_url":"https:\/\/www.eldigitaldeasturias.com\/noticias\/el-gobierno-de-aragon-suscribe-un-convenio-de-colaboracion-con-la-universidad-de-zaragoza\/","robots":"max-image-preview:large","keywords":"actualidad","webmasterTools":{"google-site-verification":"UA-38556648-1","msvalidate.01":"7dfe9f3f1b24437ab69f4f2559babe99","miscellaneous":""},"schema":{"@context":"https:\/\/schema.org","@graph":[{"@type":"BlogPosting","@id":"https:\/\/www.eldigitaldeasturias.com\/noticias\/el-gobierno-de-aragon-suscribe-un-convenio-de-colaboracion-con-la-universidad-de-zaragoza\/#blogposting","name":"El Gobierno de Arag\u00f3n suscribe un convenio de colaboraci\u00f3n con la Universidad de Zaragoza - El Digital de Asturias","headline":"El Gobierno de Arag\u00f3n suscribe un convenio de colaboraci\u00f3n con la Universidad de Zaragoza","author":{"@id":"https:\/\/www.eldigitaldeasturias.com\/noticias\/author\/admin\/#author"},"publisher":{"@id":"https:\/\/www.eldigitaldeasturias.com\/noticias\/#organization"},"image":{"@type":"ImageObject","url":949854},"datePublished":"2017-08-15T14:35:45+02:00","dateModified":"2017-08-15T14:35:45+02:00","inLanguage":"es-ES","mainEntityOfPage":{"@id":"https:\/\/www.eldigitaldeasturias.com\/noticias\/el-gobierno-de-aragon-suscribe-un-convenio-de-colaboracion-con-la-universidad-de-zaragoza\/#webpage"},"isPartOf":{"@id":"https:\/\/www.eldigitaldeasturias.com\/noticias\/el-gobierno-de-aragon-suscribe-un-convenio-de-colaboracion-con-la-universidad-de-zaragoza\/#webpage"},"articleSection":"Actualidad"},{"@type":"BreadcrumbList","@id":"https:\/\/www.eldigitaldeasturias.com\/noticias\/el-gobierno-de-aragon-suscribe-un-convenio-de-colaboracion-con-la-universidad-de-zaragoza\/#breadcrumblist","itemListElement":[{"@type":"ListItem","@id":"https:\/\/www.eldigitaldeasturias.com\/noticias#listItem","position":1,"name":"Home","item":"https:\/\/www.eldigitaldeasturias.com\/noticias","nextItem":{"@type":"ListItem","@id":"https:\/\/www.eldigitaldeasturias.com\/noticias\/category\/actualidad\/#listItem","name":"Actualidad"}},{"@type":"ListItem","@id":"https:\/\/www.eldigitaldeasturias.com\/noticias\/category\/actualidad\/#listItem","position":2,"name":"Actualidad","item":"https:\/\/www.eldigitaldeasturias.com\/noticias\/category\/actualidad\/","nextItem":{"@type":"ListItem","@id":"https:\/\/www.eldigitaldeasturias.com\/noticias\/el-gobierno-de-aragon-suscribe-un-convenio-de-colaboracion-con-la-universidad-de-zaragoza\/#listItem","name":"El Gobierno de Arag\u00f3n suscribe un convenio de colaboraci\u00f3n con la Universidad de Zaragoza"},"previousItem":{"@type":"ListItem","@id":"https:\/\/www.eldigitaldeasturias.com\/noticias#listItem","name":"Home"}},{"@type":"ListItem","@id":"https:\/\/www.eldigitaldeasturias.com\/noticias\/el-gobierno-de-aragon-suscribe-un-convenio-de-colaboracion-con-la-universidad-de-zaragoza\/#listItem","position":3,"name":"El Gobierno de Arag\u00f3n suscribe un convenio de colaboraci\u00f3n con la Universidad de Zaragoza","previousItem":{"@type":"ListItem","@id":"https:\/\/www.eldigitaldeasturias.com\/noticias\/category\/actualidad\/#listItem","name":"Actualidad"}}]},{"@type":"Organization","@id":"https:\/\/www.eldigitaldeasturias.com\/noticias\/#organization","name":"El Digital de Asturias","description":"Hemeroteca","url":"https:\/\/www.eldigitaldeasturias.com\/noticias\/","email":"info@eldigitaldeasturias.com","telephone":"+34652131393","logo":{"@type":"ImageObject","url":"https:\/\/www.eldigitaldeasturias.com\/noticias\/wp-content\/uploads\/2020\/12\/EDA.jpg","@id":"https:\/\/www.eldigitaldeasturias.com\/noticias\/el-gobierno-de-aragon-suscribe-un-convenio-de-colaboracion-con-la-universidad-de-zaragoza\/#organizationLogo"},"image":{"@id":"https:\/\/www.eldigitaldeasturias.com\/noticias\/el-gobierno-de-aragon-suscribe-un-convenio-de-colaboracion-con-la-universidad-de-zaragoza\/#organizationLogo"},"sameAs":["https:\/\/facebook.com\/eldigitaldeasturias","https:\/\/www.youtube.com\/channel\/UCZP-2wLEB9Rv6erhFmqVnvg"],"address":{"@id":"https:\/\/www.eldigitaldeasturias.com\/noticias\/#postaladdress","@type":"PostalAddress","streetAddress":"san antonio 4","postalCode":"33430","addressLocality":"Cand\u00e1s","addressRegion":"Asturias","addressCountry":"ES"}},{"@type":"Person","@id":"https:\/\/www.eldigitaldeasturias.com\/noticias\/author\/admin\/#author","url":"https:\/\/www.eldigitaldeasturias.com\/noticias\/author\/admin\/","name":"El Digital de Asturias","image":{"@type":"ImageObject","@id":"https:\/\/www.eldigitaldeasturias.com\/noticias\/el-gobierno-de-aragon-suscribe-un-convenio-de-colaboracion-con-la-universidad-de-zaragoza\/#authorImage","url":"https:\/\/secure.gravatar.com\/avatar\/df2aeffc32bcd13f8d26072ef8a91b623d677766deac7f97ca815868cd41bf5e?s=96&d=mm&r=g","width":96,"height":96,"caption":"El Digital de Asturias"}},{"@type":"WebPage","@id":"https:\/\/www.eldigitaldeasturias.com\/noticias\/el-gobierno-de-aragon-suscribe-un-convenio-de-colaboracion-con-la-universidad-de-zaragoza\/#webpage","url":"https:\/\/www.eldigitaldeasturias.com\/noticias\/el-gobierno-de-aragon-suscribe-un-convenio-de-colaboracion-con-la-universidad-de-zaragoza\/","name":"El Gobierno de Arag\u00f3n suscribe un convenio de colaboraci\u00f3n con la Universidad de Zaragoza - El Digital de Asturias","description":"El Gobierno de Arag\u00f3n, a trav\u00e9s de los Departamentos de Ciudadan\u00eda y Derechos Sociales y de Innovaci\u00f3n, Investigaci\u00f3n y Universidad, ha suscrito un convenio de colaboraci\u00f3n con la Universidad de Zaragoza para llevar a cabo proyectos de cooperaci\u00f3n en el \u00e1mbito universitario. En total, Ciudadan\u00eda y Derechos Sociales destinar\u00e1 70.000 euros a estas acciones a","inLanguage":"es-ES","isPartOf":{"@id":"https:\/\/www.eldigitaldeasturias.com\/noticias\/#website"},"breadcrumb":{"@id":"https:\/\/www.eldigitaldeasturias.com\/noticias\/el-gobierno-de-aragon-suscribe-un-convenio-de-colaboracion-con-la-universidad-de-zaragoza\/#breadcrumblist"},"author":{"@id":"https:\/\/www.eldigitaldeasturias.com\/noticias\/author\/admin\/#author"},"creator":{"@id":"https:\/\/www.eldigitaldeasturias.com\/noticias\/author\/admin\/#author"},"image":{"@type":"ImageObject","url":949854,"@id":"https:\/\/www.eldigitaldeasturias.com\/noticias\/el-gobierno-de-aragon-suscribe-un-convenio-de-colaboracion-con-la-universidad-de-zaragoza\/#mainImage"},"primaryImageOfPage":{"@id":"https:\/\/www.eldigitaldeasturias.com\/noticias\/el-gobierno-de-aragon-suscribe-un-convenio-de-colaboracion-con-la-universidad-de-zaragoza\/#mainImage"},"datePublished":"2017-08-15T14:35:45+02:00","dateModified":"2017-08-15T14:35:45+02:00"},{"@type":"WebSite","@id":"https:\/\/www.eldigitaldeasturias.com\/noticias\/#website","url":"https:\/\/www.eldigitaldeasturias.com\/noticias\/","name":"El Digital de Asturias - Diario de actualidad y noticias","alternateName":"El Digital de Asturias - Diario de actualidad y noticias","description":"Hemeroteca","inLanguage":"es-ES","publisher":{"@id":"https:\/\/www.eldigitaldeasturias.com\/noticias\/#organization"}}]},"og:locale":"es_ES","og:site_name":"El Digital de Asturias","og:type":"article","og:title":"El Gobierno de Arag\u00f3n suscribe un convenio de colaboraci\u00f3n con la Universidad de Zaragoza - El Digital de Asturias","og:description":"El Gobierno de Arag\u00f3n, a trav\u00e9s de los Departamentos de Ciudadan\u00eda y Derechos Sociales y de Innovaci\u00f3n, Investigaci\u00f3n y Universidad, ha suscrito un convenio de colaboraci\u00f3n con la Universidad de Zaragoza para llevar a cabo proyectos de cooperaci\u00f3n en el \u00e1mbito universitario. En total, Ciudadan\u00eda y Derechos Sociales destinar\u00e1 70.000 euros a estas acciones a","og:url":"https:\/\/www.eldigitaldeasturias.com\/noticias\/el-gobierno-de-aragon-suscribe-un-convenio-de-colaboracion-con-la-universidad-de-zaragoza\/","article:tag":["actualidad"],"article:published_time":"2017-08-15T14:35:45+00:00","article:modified_time":"2017-08-15T14:35:45+00:00","article:publisher":"https:\/\/facebook.com\/eldigitaldeasturias","twitter:card":"summary_large_image","twitter:title":"El Gobierno de Arag\u00f3n suscribe un convenio de colaboraci\u00f3n con la Universidad de Zaragoza - El Digital de Asturias","twitter:description":"El Gobierno de Arag\u00f3n, a trav\u00e9s de los Departamentos de Ciudadan\u00eda y Derechos Sociales y de Innovaci\u00f3n, Investigaci\u00f3n y Universidad, ha suscrito un convenio de colaboraci\u00f3n con la Universidad de Zaragoza para llevar a cabo proyectos de cooperaci\u00f3n en el \u00e1mbito universitario. En total, Ciudadan\u00eda y Derechos Sociales destinar\u00e1 70.000 euros a estas acciones a","twitter:image":"https:\/\/www.eldigitaldeasturias.com\/noticias\/wp-content\/uploads\/2020\/12\/EDA-1.jpg","twitter:label1":"Escrito por","twitter:data1":"El Digital de Asturias","twitter:label2":"Tiempo de lectura estimado","twitter:data2":"2 minutos"},"aioseo_meta_data":{"post_id":"949853","title":null,"description":null,"keywords":null,"keyphrases":null,"primary_term":null,"canonical_url":null,"og_title":null,"og_description":null,"og_object_type":"default","og_image_type":"default","og_image_url":null,"og_image_width":null,"og_image_height":null,"og_image_custom_url":null,"og_image_custom_fields":null,"og_video":null,"og_custom_url":null,"og_article_section":null,"og_article_tags":null,"twitter_use_og":false,"twitter_card":"default","twitter_image_type":"default","twitter_image_url":null,"twitter_image_custom_url":null,"twitter_image_custom_fields":null,"twitter_title":null,"twitter_description":null,"schema":{"blockGraphs":[],"customGraphs":[],"default":{"data":{"Article":[],"Course":[],"Dataset":[],"FAQPage":[],"Movie":[],"Person":[],"Product":[],"ProductReview":[],"Car":[],"Recipe":[],"Service":[],"SoftwareApplication":[],"WebPage":[]},"graphName":"","isEnabled":true},"graphs":[],"defaultGraph":"","defaultPostTypeGraph":""},"schema_type":null,"schema_type_options":null,"pillar_content":false,"robots_default":true,"robots_noindex":false,"robots_noarchive":false,"robots_nosnippet":false,"robots_nofollow":false,"robots_noimageindex":false,"robots_noodp":false,"robots_notranslate":false,"robots_max_snippet":null,"robots_max_videopreview":null,"robots_max_imagepreview":"large","priority":null,"frequency":null,"local_seo":null,"seo_analyzer_scan_date":"2025-12-05 13:48:12","breadcrumb_settings":null,"limit_modified_date":false,"open_ai":null,"ai":null,"created":"2020-12-21 13:00:45","updated":"2025-12-05 13:48:12","focus_keyword":null,"additional_keywords":null,"truseo_locale":null},"aioseo_breadcrumb":"<div class=\"aioseo-breadcrumbs\"><span class=\"aioseo-breadcrumb\">\n\t<a href=\"https:\/\/www.eldigitaldeasturias.com\/noticias\" title=\"Home\">Home<\/a>\n<\/span><span class=\"aioseo-breadcrumb-separator\">\u2013<\/span><span class=\"aioseo-breadcrumb\">\n\t<a href=\"https:\/\/www.eldigitaldeasturias.com\/noticias\/category\/actualidad\/\" title=\"Actualidad\">Actualidad<\/a>\n<\/span><span class=\"aioseo-breadcrumb-separator\">\u2013<\/span><span class=\"aioseo-breadcrumb\">\n\t<a href=\"https:\/\/www.eldigitaldeasturias.com\/noticias\/el-gobierno-de-aragon-suscribe-un-convenio-de-colaboracion-con-la-universidad-de-zaragoza\/\" title=\"El Gobierno de Arag\u00f3n suscribe un convenio de colaboraci\u00f3n con la Universidad de Zaragoza\">El Gobierno de Arag\u00f3n suscribe un convenio de colaboraci\u00f3n con la Universidad de Zaragoza<\/a>\n<\/span><\/div>","aioseo_breadcrumb_json":[{"label":"Home","link":"https:\/\/www.eldigitaldeasturias.com\/noticias"},{"label":"Actualidad","link":"https:\/\/www.eldigitaldeasturias.com\/noticias\/category\/actualidad\/"},{"label":"El Gobierno de Arag\u00f3n suscribe un convenio de colaboraci\u00f3n con la Universidad de Zaragoza","link":"https:\/\/www.eldigitaldeasturias.com\/noticias\/el-gobierno-de-aragon-suscribe-un-convenio-de-colaboracion-con-la-universidad-de-zaragoza\/"}],"_links":{"self":[{"href":"https:\/\/www.eldigitaldeasturias.com\/noticias\/wp-json\/wp\/v2\/posts\/949853","targetHints":{"allow":["GET"]}}],"collection":[{"href":"https:\/\/www.eldigitaldeasturias.com\/noticias\/wp-json\/wp\/v2\/posts"}],"about":[{"href":"https:\/\/www.eldigitaldeasturias.com\/noticias\/wp-json\/wp\/v2\/types\/post"}],"author":[{"embeddable":true,"href":"https:\/\/www.eldigitaldeasturias.com\/noticias\/wp-json\/wp\/v2\/users\/1"}],"replies":[{"embeddable":true,"href":"https:\/\/www.eldigitaldeasturias.com\/noticias\/wp-json\/wp\/v2\/comments?post=949853"}],"version-history":[{"count":0,"href":"https:\/\/www.eldigitaldeasturias.com\/noticias\/wp-json\/wp\/v2\/posts\/949853\/revisions"}],"wp:attachment":[{"href":"https:\/\/www.eldigitaldeasturias.com\/noticias\/wp-json\/wp\/v2\/media?parent=949853"}],"wp:term":[{"taxonomy":"category","embeddable":true,"href":"https:\/\/www.eldigitaldeasturias.com\/noticias\/wp-json\/wp\/v2\/categories?post=949853"},{"taxonomy":"post_tag","embeddable":true,"href":"https:\/\/www.eldigitaldeasturias.com\/noticias\/wp-json\/wp\/v2\/tags?post=949853"}],"curies":[{"name":"wp","href":"https:\/\/api.w.org\/{rel}","templated":true}]}}