{"id":949804,"date":"2017-08-14T15:38:03","date_gmt":"2017-08-14T15:38:03","guid":{"rendered":"http:\/\/www.eldigitaldeasturias.com\/noticias\/?p=949804"},"modified":"2017-08-14T15:38:03","modified_gmt":"2017-08-14T15:38:03","slug":"urbiteco-galardonado-con-la-estrella-de-oro-a-la-excelencia-profesional","status":"publish","type":"post","link":"https:\/\/www.eldigitaldeasturias.com\/noticias\/urbiteco-galardonado-con-la-estrella-de-oro-a-la-excelencia-profesional\/","title":{"rendered":"Urbiteco galardonado con la Estrella de Oro a la Excelencia Profesional"},"content":{"rendered":"<p><img loading=\"lazy\" decoding=\"async\" class=\"alignleft size-medium wp-image-949805\" src=\"https:\/\/www.eldigitaldeasturias.com\/noticias\/wp-content\/uploads\/2017\/08\/Urbiteco-se-alza-con-la-Estrella-de-oro-IPress-292x320.jpg\" alt=\"\" width=\"292\" height=\"320\" \/>Urbiteco, franquicia especializada en Administraci\u00f3n de Fincas, acaba de recibir el galard\u00f3n Estrella de Oro a la Excelencia Profesional.<\/p>\n<p>El galard\u00f3n, concedido por el <a href=\"http:\/\/www.institutoexcelenciaprofesional.com\/premios\/\" target=\"_blank\" rel=\"noopener\"><span style=\"color: #ff0000;\"><strong>Instituto para la Excelencia Profesional<\/strong><\/span><\/a>, valora \u201cempresas y profesionales capaces de innovar y fomentar un buen desarrollo econ\u00f3mico y social, con una filosof\u00eda orientada a la Calidad Total en todas sus actuaciones, que presenten tendencias positivas con compromiso de mejora continua y respeten siempre la Responsabilidad Social Corporativa\u201d.<\/p>\n<p>As\u00ed, se convierte en la primera franquicia de Administraci\u00f3n de Fincas que cumple con todos estos requisitos de calidad en la gesti\u00f3n de las comunidades de propietarios.<\/p>\n<p><a href=\"https:\/\/www.urbiteco.com\/nuestro-equipo\/pol%25C3%25ADtica-de-calidad\/\" target=\"_blank\" rel=\"noopener\"><span style=\"color: #ff0000;\"><strong>Urbiteco<\/strong><\/span><\/a> ofrece a sus clientes un servicio profesional de calidad basado en la transparencia total en la gesti\u00f3n, manteniendo un trato directo con sus clientes y haciendo uso de aplicaciones innovadoras. Los gestores de Urbiteco son profesionales con acreditaci\u00f3n oficial que les permite ejercer la actividad concreta de Administraci\u00f3n de Fincas y Gesti\u00f3n de Comunidades.<\/p>\n<p>Miembro tambi\u00e9n de APEI, su pol\u00edtica de calidad incluye la atenci\u00f3n telef\u00f3nica 24\/7, plataforma virtual online, elaboraci\u00f3n de informes de ahorro de costes o la gesti\u00f3n y asesoramiento de seguros, entre otros muchos servicios incluidos en su trabajo diario, todos ellos orientados exclusivamente a la gesti\u00f3n de comunidades de propietarios, lo que les ha valido para formar parte del exclusivo grupo de premiados con la Estrella de Oro a la Excelencia Profesional.<\/p>\n<p>&nbsp;<\/p>\n","protected":false},"excerpt":{"rendered":"<p>Urbiteco, franquicia especializada en Administraci\u00f3n de Fincas, acaba de recibir el galard\u00f3n Estrella de Oro a la Excelencia Profesional. El galard\u00f3n, concedido por el Instituto para la Excelencia Profesional, valora \u201cempresas y profesionales capaces de innovar y fomentar un buen desarrollo econ\u00f3mico y social, con una filosof\u00eda orientada a la Calidad Total en todas sus [&hellip;]<\/p>\n","protected":false},"author":1,"featured_media":949805,"comment_status":"closed","ping_status":"closed","sticky":false,"template":"","format":"standard","meta":{"footnotes":""},"categories":[1],"tags":[],"class_list":["post-949804","post","type-post","status-publish","format-standard","has-post-thumbnail","hentry","category-actualidad"],"aioseo_notices":[],"aioseo_head":"\n\t\t<!-- All in One SEO Pro 5.0.1 - aioseo.com -->\n\t<meta name=\"description\" content=\"Urbiteco, franquicia especializada en Administraci\u00f3n de Fincas, acaba de recibir el galard\u00f3n Estrella de Oro a la Excelencia Profesional. El galard\u00f3n, concedido por el Instituto para la Excelencia Profesional, valora \u201cempresas y profesionales capaces de innovar y fomentar un buen desarrollo econ\u00f3mico y social, con una filosof\u00eda orientada a la Calidad Total en todas sus\" \/>\n\t<meta name=\"robots\" content=\"max-image-preview:large\" \/>\n\t<meta name=\"author\" content=\"El Digital de Asturias\"\/>\n\t<meta name=\"google-site-verification\" content=\"UA-38556648-1\" \/>\n\t<meta name=\"msvalidate.01\" content=\"7dfe9f3f1b24437ab69f4f2559babe99\" \/>\n\t<meta name=\"keywords\" content=\"actualidad\" \/>\n\t<link rel=\"canonical\" href=\"https:\/\/www.eldigitaldeasturias.com\/noticias\/urbiteco-galardonado-con-la-estrella-de-oro-a-la-excelencia-profesional\/\" \/>\n\t<meta name=\"generator\" content=\"All in One SEO Pro (AIOSEO) 5.0.1\" \/>\n\t\t<meta property=\"og:locale\" content=\"es_ES\" \/>\n\t\t<meta property=\"og:site_name\" content=\"El Digital de Asturias\" \/>\n\t\t<meta property=\"og:type\" content=\"article\" \/>\n\t\t<meta property=\"og:title\" content=\"Urbiteco galardonado con la Estrella de Oro a la Excelencia Profesional - El Digital de Asturias\" \/>\n\t\t<meta property=\"og:description\" content=\"Urbiteco, franquicia especializada en Administraci\u00f3n de Fincas, acaba de recibir el galard\u00f3n Estrella de Oro a la Excelencia Profesional. El galard\u00f3n, concedido por el Instituto para la Excelencia Profesional, valora \u201cempresas y profesionales capaces de innovar y fomentar un buen desarrollo econ\u00f3mico y social, con una filosof\u00eda orientada a la Calidad Total en todas sus\" \/>\n\t\t<meta property=\"og:url\" content=\"https:\/\/www.eldigitaldeasturias.com\/noticias\/urbiteco-galardonado-con-la-estrella-de-oro-a-la-excelencia-profesional\/\" \/>\n\t\t<meta property=\"article:tag\" content=\"actualidad\" \/>\n\t\t<meta property=\"article:published_time\" content=\"2017-08-14T15:38:03+00:00\" \/>\n\t\t<meta property=\"article:modified_time\" content=\"2017-08-14T15:38:03+00:00\" \/>\n\t\t<meta property=\"article:publisher\" content=\"https:\/\/facebook.com\/eldigitaldeasturias\" \/>\n\t\t<meta name=\"twitter:card\" content=\"summary_large_image\" \/>\n\t\t<meta name=\"twitter:title\" content=\"Urbiteco galardonado con la Estrella de Oro a la Excelencia Profesional - El Digital de Asturias\" \/>\n\t\t<meta name=\"twitter:description\" content=\"Urbiteco, franquicia especializada en Administraci\u00f3n de Fincas, acaba de recibir el galard\u00f3n Estrella de Oro a la Excelencia Profesional. El galard\u00f3n, concedido por el Instituto para la Excelencia Profesional, valora \u201cempresas y profesionales capaces de innovar y fomentar un buen desarrollo econ\u00f3mico y social, con una filosof\u00eda orientada a la Calidad Total en todas sus\" \/>\n\t\t<meta name=\"twitter:image\" content=\"https:\/\/www.eldigitaldeasturias.com\/noticias\/wp-content\/uploads\/2020\/12\/EDA-1.jpg\" \/>\n\t\t<meta name=\"twitter:label1\" content=\"Escrito por\" \/>\n\t\t<meta name=\"twitter:data1\" content=\"El Digital de Asturias\" \/>\n\t\t<meta name=\"twitter:label2\" content=\"Tiempo de lectura estimado\" \/>\n\t\t<meta name=\"twitter:data2\" content=\"1 minuto\" \/>\n\t\t<script type=\"application\/ld+json\" class=\"aioseo-schema\">\n\t\t\t{\"@context\":\"https:\\\/\\\/schema.org\",\"@graph\":[{\"@type\":\"BlogPosting\",\"@id\":\"https:\\\/\\\/www.eldigitaldeasturias.com\\\/noticias\\\/urbiteco-galardonado-con-la-estrella-de-oro-a-la-excelencia-profesional\\\/#blogposting\",\"name\":\"Urbiteco galardonado con la Estrella de Oro a la Excelencia Profesional - El Digital de Asturias\",\"headline\":\"Urbiteco galardonado con la Estrella de Oro a la Excelencia Profesional\",\"author\":{\"@id\":\"https:\\\/\\\/www.eldigitaldeasturias.com\\\/noticias\\\/author\\\/admin\\\/#author\"},\"publisher\":{\"@id\":\"https:\\\/\\\/www.eldigitaldeasturias.com\\\/noticias\\\/#organization\"},\"image\":{\"@type\":\"ImageObject\",\"url\":949805},\"datePublished\":\"2017-08-14T15:38:03+02:00\",\"dateModified\":\"2017-08-14T15:38:03+02:00\",\"inLanguage\":\"es-ES\",\"mainEntityOfPage\":{\"@id\":\"https:\\\/\\\/www.eldigitaldeasturias.com\\\/noticias\\\/urbiteco-galardonado-con-la-estrella-de-oro-a-la-excelencia-profesional\\\/#webpage\"},\"isPartOf\":{\"@id\":\"https:\\\/\\\/www.eldigitaldeasturias.com\\\/noticias\\\/urbiteco-galardonado-con-la-estrella-de-oro-a-la-excelencia-profesional\\\/#webpage\"},\"articleSection\":\"Actualidad\"},{\"@type\":\"BreadcrumbList\",\"@id\":\"https:\\\/\\\/www.eldigitaldeasturias.com\\\/noticias\\\/urbiteco-galardonado-con-la-estrella-de-oro-a-la-excelencia-profesional\\\/#breadcrumblist\",\"itemListElement\":[{\"@type\":\"ListItem\",\"@id\":\"https:\\\/\\\/www.eldigitaldeasturias.com\\\/noticias#listItem\",\"position\":1,\"name\":\"Home\",\"item\":\"https:\\\/\\\/www.eldigitaldeasturias.com\\\/noticias\",\"nextItem\":{\"@type\":\"ListItem\",\"@id\":\"https:\\\/\\\/www.eldigitaldeasturias.com\\\/noticias\\\/category\\\/actualidad\\\/#listItem\",\"name\":\"Actualidad\"}},{\"@type\":\"ListItem\",\"@id\":\"https:\\\/\\\/www.eldigitaldeasturias.com\\\/noticias\\\/category\\\/actualidad\\\/#listItem\",\"position\":2,\"name\":\"Actualidad\",\"item\":\"https:\\\/\\\/www.eldigitaldeasturias.com\\\/noticias\\\/category\\\/actualidad\\\/\",\"nextItem\":{\"@type\":\"ListItem\",\"@id\":\"https:\\\/\\\/www.eldigitaldeasturias.com\\\/noticias\\\/urbiteco-galardonado-con-la-estrella-de-oro-a-la-excelencia-profesional\\\/#listItem\",\"name\":\"Urbiteco galardonado con la Estrella de Oro a la Excelencia Profesional\"},\"previousItem\":{\"@type\":\"ListItem\",\"@id\":\"https:\\\/\\\/www.eldigitaldeasturias.com\\\/noticias#listItem\",\"name\":\"Home\"}},{\"@type\":\"ListItem\",\"@id\":\"https:\\\/\\\/www.eldigitaldeasturias.com\\\/noticias\\\/urbiteco-galardonado-con-la-estrella-de-oro-a-la-excelencia-profesional\\\/#listItem\",\"position\":3,\"name\":\"Urbiteco galardonado con la Estrella de Oro a la Excelencia Profesional\",\"previousItem\":{\"@type\":\"ListItem\",\"@id\":\"https:\\\/\\\/www.eldigitaldeasturias.com\\\/noticias\\\/category\\\/actualidad\\\/#listItem\",\"name\":\"Actualidad\"}}]},{\"@type\":\"Organization\",\"@id\":\"https:\\\/\\\/www.eldigitaldeasturias.com\\\/noticias\\\/#organization\",\"name\":\"El Digital de Asturias\",\"description\":\"Hemeroteca\",\"url\":\"https:\\\/\\\/www.eldigitaldeasturias.com\\\/noticias\\\/\",\"email\":\"info@eldigitaldeasturias.com\",\"telephone\":\"+34652131393\",\"logo\":{\"@type\":\"ImageObject\",\"url\":\"https:\\\/\\\/www.eldigitaldeasturias.com\\\/noticias\\\/wp-content\\\/uploads\\\/2020\\\/12\\\/EDA.jpg\",\"@id\":\"https:\\\/\\\/www.eldigitaldeasturias.com\\\/noticias\\\/urbiteco-galardonado-con-la-estrella-de-oro-a-la-excelencia-profesional\\\/#organizationLogo\"},\"image\":{\"@id\":\"https:\\\/\\\/www.eldigitaldeasturias.com\\\/noticias\\\/urbiteco-galardonado-con-la-estrella-de-oro-a-la-excelencia-profesional\\\/#organizationLogo\"},\"sameAs\":[\"https:\\\/\\\/facebook.com\\\/eldigitaldeasturias\",\"https:\\\/\\\/www.youtube.com\\\/channel\\\/UCZP-2wLEB9Rv6erhFmqVnvg\"],\"address\":{\"@id\":\"https:\\\/\\\/www.eldigitaldeasturias.com\\\/noticias\\\/#postaladdress\",\"@type\":\"PostalAddress\",\"streetAddress\":\"san antonio 4\",\"postalCode\":\"33430\",\"addressLocality\":\"Cand\\u00e1s\",\"addressRegion\":\"Asturias\",\"addressCountry\":\"ES\"}},{\"@type\":\"Person\",\"@id\":\"https:\\\/\\\/www.eldigitaldeasturias.com\\\/noticias\\\/author\\\/admin\\\/#author\",\"url\":\"https:\\\/\\\/www.eldigitaldeasturias.com\\\/noticias\\\/author\\\/admin\\\/\",\"name\":\"El Digital de Asturias\",\"image\":{\"@type\":\"ImageObject\",\"@id\":\"https:\\\/\\\/www.eldigitaldeasturias.com\\\/noticias\\\/urbiteco-galardonado-con-la-estrella-de-oro-a-la-excelencia-profesional\\\/#authorImage\",\"url\":\"https:\\\/\\\/secure.gravatar.com\\\/avatar\\\/df2aeffc32bcd13f8d26072ef8a91b623d677766deac7f97ca815868cd41bf5e?s=96&d=mm&r=g\",\"width\":96,\"height\":96,\"caption\":\"El Digital de Asturias\"}},{\"@type\":\"WebPage\",\"@id\":\"https:\\\/\\\/www.eldigitaldeasturias.com\\\/noticias\\\/urbiteco-galardonado-con-la-estrella-de-oro-a-la-excelencia-profesional\\\/#webpage\",\"url\":\"https:\\\/\\\/www.eldigitaldeasturias.com\\\/noticias\\\/urbiteco-galardonado-con-la-estrella-de-oro-a-la-excelencia-profesional\\\/\",\"name\":\"Urbiteco galardonado con la Estrella de Oro a la Excelencia Profesional - El Digital de Asturias\",\"description\":\"Urbiteco, franquicia especializada en Administraci\\u00f3n de Fincas, acaba de recibir el galard\\u00f3n Estrella de Oro a la Excelencia Profesional. El galard\\u00f3n, concedido por el Instituto para la Excelencia Profesional, valora \\u201cempresas y profesionales capaces de innovar y fomentar un buen desarrollo econ\\u00f3mico y social, con una filosof\\u00eda orientada a la Calidad Total en todas sus\",\"inLanguage\":\"es-ES\",\"isPartOf\":{\"@id\":\"https:\\\/\\\/www.eldigitaldeasturias.com\\\/noticias\\\/#website\"},\"breadcrumb\":{\"@id\":\"https:\\\/\\\/www.eldigitaldeasturias.com\\\/noticias\\\/urbiteco-galardonado-con-la-estrella-de-oro-a-la-excelencia-profesional\\\/#breadcrumblist\"},\"author\":{\"@id\":\"https:\\\/\\\/www.eldigitaldeasturias.com\\\/noticias\\\/author\\\/admin\\\/#author\"},\"creator\":{\"@id\":\"https:\\\/\\\/www.eldigitaldeasturias.com\\\/noticias\\\/author\\\/admin\\\/#author\"},\"image\":{\"@type\":\"ImageObject\",\"url\":949805,\"@id\":\"https:\\\/\\\/www.eldigitaldeasturias.com\\\/noticias\\\/urbiteco-galardonado-con-la-estrella-de-oro-a-la-excelencia-profesional\\\/#mainImage\"},\"primaryImageOfPage\":{\"@id\":\"https:\\\/\\\/www.eldigitaldeasturias.com\\\/noticias\\\/urbiteco-galardonado-con-la-estrella-de-oro-a-la-excelencia-profesional\\\/#mainImage\"},\"datePublished\":\"2017-08-14T15:38:03+02:00\",\"dateModified\":\"2017-08-14T15:38:03+02:00\"},{\"@type\":\"WebSite\",\"@id\":\"https:\\\/\\\/www.eldigitaldeasturias.com\\\/noticias\\\/#website\",\"url\":\"https:\\\/\\\/www.eldigitaldeasturias.com\\\/noticias\\\/\",\"name\":\"El Digital de Asturias - Diario de actualidad y noticias\",\"alternateName\":\"El Digital de Asturias - Diario de actualidad y noticias\",\"description\":\"Hemeroteca\",\"inLanguage\":\"es-ES\",\"publisher\":{\"@id\":\"https:\\\/\\\/www.eldigitaldeasturias.com\\\/noticias\\\/#organization\"}}]}\n\t\t<\/script>\n\t\t<!-- All in One SEO Pro -->\r\n\t\t<title>Urbiteco galardonado con la Estrella de Oro a la Excelencia Profesional - El Digital de Asturias<\/title>\n\n","aioseo_head_json":{"title":"Urbiteco galardonado con la Estrella de Oro a la Excelencia Profesional - El Digital de Asturias","description":"Urbiteco, franquicia especializada en Administraci\u00f3n de Fincas, acaba de recibir el galard\u00f3n Estrella de Oro a la Excelencia Profesional. El galard\u00f3n, concedido por el Instituto para la Excelencia Profesional, valora \u201cempresas y profesionales capaces de innovar y fomentar un buen desarrollo econ\u00f3mico y social, con una filosof\u00eda orientada a la Calidad Total en todas sus","canonical_url":"https:\/\/www.eldigitaldeasturias.com\/noticias\/urbiteco-galardonado-con-la-estrella-de-oro-a-la-excelencia-profesional\/","robots":"max-image-preview:large","keywords":"actualidad","webmasterTools":{"google-site-verification":"UA-38556648-1","msvalidate.01":"7dfe9f3f1b24437ab69f4f2559babe99","miscellaneous":""},"schema":{"@context":"https:\/\/schema.org","@graph":[{"@type":"BlogPosting","@id":"https:\/\/www.eldigitaldeasturias.com\/noticias\/urbiteco-galardonado-con-la-estrella-de-oro-a-la-excelencia-profesional\/#blogposting","name":"Urbiteco galardonado con la Estrella de Oro a la Excelencia Profesional - El Digital de Asturias","headline":"Urbiteco galardonado con la Estrella de Oro a la Excelencia Profesional","author":{"@id":"https:\/\/www.eldigitaldeasturias.com\/noticias\/author\/admin\/#author"},"publisher":{"@id":"https:\/\/www.eldigitaldeasturias.com\/noticias\/#organization"},"image":{"@type":"ImageObject","url":949805},"datePublished":"2017-08-14T15:38:03+02:00","dateModified":"2017-08-14T15:38:03+02:00","inLanguage":"es-ES","mainEntityOfPage":{"@id":"https:\/\/www.eldigitaldeasturias.com\/noticias\/urbiteco-galardonado-con-la-estrella-de-oro-a-la-excelencia-profesional\/#webpage"},"isPartOf":{"@id":"https:\/\/www.eldigitaldeasturias.com\/noticias\/urbiteco-galardonado-con-la-estrella-de-oro-a-la-excelencia-profesional\/#webpage"},"articleSection":"Actualidad"},{"@type":"BreadcrumbList","@id":"https:\/\/www.eldigitaldeasturias.com\/noticias\/urbiteco-galardonado-con-la-estrella-de-oro-a-la-excelencia-profesional\/#breadcrumblist","itemListElement":[{"@type":"ListItem","@id":"https:\/\/www.eldigitaldeasturias.com\/noticias#listItem","position":1,"name":"Home","item":"https:\/\/www.eldigitaldeasturias.com\/noticias","nextItem":{"@type":"ListItem","@id":"https:\/\/www.eldigitaldeasturias.com\/noticias\/category\/actualidad\/#listItem","name":"Actualidad"}},{"@type":"ListItem","@id":"https:\/\/www.eldigitaldeasturias.com\/noticias\/category\/actualidad\/#listItem","position":2,"name":"Actualidad","item":"https:\/\/www.eldigitaldeasturias.com\/noticias\/category\/actualidad\/","nextItem":{"@type":"ListItem","@id":"https:\/\/www.eldigitaldeasturias.com\/noticias\/urbiteco-galardonado-con-la-estrella-de-oro-a-la-excelencia-profesional\/#listItem","name":"Urbiteco galardonado con la Estrella de Oro a la Excelencia Profesional"},"previousItem":{"@type":"ListItem","@id":"https:\/\/www.eldigitaldeasturias.com\/noticias#listItem","name":"Home"}},{"@type":"ListItem","@id":"https:\/\/www.eldigitaldeasturias.com\/noticias\/urbiteco-galardonado-con-la-estrella-de-oro-a-la-excelencia-profesional\/#listItem","position":3,"name":"Urbiteco galardonado con la Estrella de Oro a la Excelencia Profesional","previousItem":{"@type":"ListItem","@id":"https:\/\/www.eldigitaldeasturias.com\/noticias\/category\/actualidad\/#listItem","name":"Actualidad"}}]},{"@type":"Organization","@id":"https:\/\/www.eldigitaldeasturias.com\/noticias\/#organization","name":"El Digital de Asturias","description":"Hemeroteca","url":"https:\/\/www.eldigitaldeasturias.com\/noticias\/","email":"info@eldigitaldeasturias.com","telephone":"+34652131393","logo":{"@type":"ImageObject","url":"https:\/\/www.eldigitaldeasturias.com\/noticias\/wp-content\/uploads\/2020\/12\/EDA.jpg","@id":"https:\/\/www.eldigitaldeasturias.com\/noticias\/urbiteco-galardonado-con-la-estrella-de-oro-a-la-excelencia-profesional\/#organizationLogo"},"image":{"@id":"https:\/\/www.eldigitaldeasturias.com\/noticias\/urbiteco-galardonado-con-la-estrella-de-oro-a-la-excelencia-profesional\/#organizationLogo"},"sameAs":["https:\/\/facebook.com\/eldigitaldeasturias","https:\/\/www.youtube.com\/channel\/UCZP-2wLEB9Rv6erhFmqVnvg"],"address":{"@id":"https:\/\/www.eldigitaldeasturias.com\/noticias\/#postaladdress","@type":"PostalAddress","streetAddress":"san antonio 4","postalCode":"33430","addressLocality":"Cand\u00e1s","addressRegion":"Asturias","addressCountry":"ES"}},{"@type":"Person","@id":"https:\/\/www.eldigitaldeasturias.com\/noticias\/author\/admin\/#author","url":"https:\/\/www.eldigitaldeasturias.com\/noticias\/author\/admin\/","name":"El Digital de Asturias","image":{"@type":"ImageObject","@id":"https:\/\/www.eldigitaldeasturias.com\/noticias\/urbiteco-galardonado-con-la-estrella-de-oro-a-la-excelencia-profesional\/#authorImage","url":"https:\/\/secure.gravatar.com\/avatar\/df2aeffc32bcd13f8d26072ef8a91b623d677766deac7f97ca815868cd41bf5e?s=96&d=mm&r=g","width":96,"height":96,"caption":"El Digital de Asturias"}},{"@type":"WebPage","@id":"https:\/\/www.eldigitaldeasturias.com\/noticias\/urbiteco-galardonado-con-la-estrella-de-oro-a-la-excelencia-profesional\/#webpage","url":"https:\/\/www.eldigitaldeasturias.com\/noticias\/urbiteco-galardonado-con-la-estrella-de-oro-a-la-excelencia-profesional\/","name":"Urbiteco galardonado con la Estrella de Oro a la Excelencia Profesional - El Digital de Asturias","description":"Urbiteco, franquicia especializada en Administraci\u00f3n de Fincas, acaba de recibir el galard\u00f3n Estrella de Oro a la Excelencia Profesional. El galard\u00f3n, concedido por el Instituto para la Excelencia Profesional, valora \u201cempresas y profesionales capaces de innovar y fomentar un buen desarrollo econ\u00f3mico y social, con una filosof\u00eda orientada a la Calidad Total en todas sus","inLanguage":"es-ES","isPartOf":{"@id":"https:\/\/www.eldigitaldeasturias.com\/noticias\/#website"},"breadcrumb":{"@id":"https:\/\/www.eldigitaldeasturias.com\/noticias\/urbiteco-galardonado-con-la-estrella-de-oro-a-la-excelencia-profesional\/#breadcrumblist"},"author":{"@id":"https:\/\/www.eldigitaldeasturias.com\/noticias\/author\/admin\/#author"},"creator":{"@id":"https:\/\/www.eldigitaldeasturias.com\/noticias\/author\/admin\/#author"},"image":{"@type":"ImageObject","url":949805,"@id":"https:\/\/www.eldigitaldeasturias.com\/noticias\/urbiteco-galardonado-con-la-estrella-de-oro-a-la-excelencia-profesional\/#mainImage"},"primaryImageOfPage":{"@id":"https:\/\/www.eldigitaldeasturias.com\/noticias\/urbiteco-galardonado-con-la-estrella-de-oro-a-la-excelencia-profesional\/#mainImage"},"datePublished":"2017-08-14T15:38:03+02:00","dateModified":"2017-08-14T15:38:03+02:00"},{"@type":"WebSite","@id":"https:\/\/www.eldigitaldeasturias.com\/noticias\/#website","url":"https:\/\/www.eldigitaldeasturias.com\/noticias\/","name":"El Digital de Asturias - Diario de actualidad y noticias","alternateName":"El Digital de Asturias - Diario de actualidad y noticias","description":"Hemeroteca","inLanguage":"es-ES","publisher":{"@id":"https:\/\/www.eldigitaldeasturias.com\/noticias\/#organization"}}]},"og:locale":"es_ES","og:site_name":"El Digital de Asturias","og:type":"article","og:title":"Urbiteco galardonado con la Estrella de Oro a la Excelencia Profesional - El Digital de Asturias","og:description":"Urbiteco, franquicia especializada en Administraci\u00f3n de Fincas, acaba de recibir el galard\u00f3n Estrella de Oro a la Excelencia Profesional. El galard\u00f3n, concedido por el Instituto para la Excelencia Profesional, valora \u201cempresas y profesionales capaces de innovar y fomentar un buen desarrollo econ\u00f3mico y social, con una filosof\u00eda orientada a la Calidad Total en todas sus","og:url":"https:\/\/www.eldigitaldeasturias.com\/noticias\/urbiteco-galardonado-con-la-estrella-de-oro-a-la-excelencia-profesional\/","article:tag":["actualidad"],"article:published_time":"2017-08-14T15:38:03+00:00","article:modified_time":"2017-08-14T15:38:03+00:00","article:publisher":"https:\/\/facebook.com\/eldigitaldeasturias","twitter:card":"summary_large_image","twitter:title":"Urbiteco galardonado con la Estrella de Oro a la Excelencia Profesional - El Digital de Asturias","twitter:description":"Urbiteco, franquicia especializada en Administraci\u00f3n de Fincas, acaba de recibir el galard\u00f3n Estrella de Oro a la Excelencia Profesional. El galard\u00f3n, concedido por el Instituto para la Excelencia Profesional, valora \u201cempresas y profesionales capaces de innovar y fomentar un buen desarrollo econ\u00f3mico y social, con una filosof\u00eda orientada a la Calidad Total en todas sus","twitter:image":"https:\/\/www.eldigitaldeasturias.com\/noticias\/wp-content\/uploads\/2020\/12\/EDA-1.jpg","twitter:label1":"Escrito por","twitter:data1":"El Digital de Asturias","twitter:label2":"Tiempo de lectura estimado","twitter:data2":"1 minuto"},"aioseo_meta_data":{"post_id":"949804","title":null,"description":null,"keywords":null,"keyphrases":null,"primary_term":null,"canonical_url":null,"og_title":null,"og_description":null,"og_object_type":"default","og_image_type":"default","og_image_url":null,"og_image_width":null,"og_image_height":null,"og_image_custom_url":null,"og_image_custom_fields":null,"og_video":null,"og_custom_url":null,"og_article_section":null,"og_article_tags":null,"twitter_use_og":false,"twitter_card":"default","twitter_image_type":"default","twitter_image_url":null,"twitter_image_custom_url":null,"twitter_image_custom_fields":null,"twitter_title":null,"twitter_description":null,"schema":{"blockGraphs":[],"customGraphs":[],"default":{"data":{"Article":[],"Course":[],"Dataset":[],"FAQPage":[],"Movie":[],"Person":[],"Product":[],"ProductReview":[],"Car":[],"Recipe":[],"Service":[],"SoftwareApplication":[],"WebPage":[]},"graphName":"","isEnabled":true},"graphs":[],"defaultGraph":"","defaultPostTypeGraph":""},"schema_type":null,"schema_type_options":null,"pillar_content":false,"robots_default":true,"robots_noindex":false,"robots_noarchive":false,"robots_nosnippet":false,"robots_nofollow":false,"robots_noimageindex":false,"robots_noodp":false,"robots_notranslate":false,"robots_max_snippet":null,"robots_max_videopreview":null,"robots_max_imagepreview":"large","priority":null,"frequency":null,"local_seo":null,"seo_analyzer_scan_date":"2025-12-05 13:37:11","breadcrumb_settings":null,"limit_modified_date":false,"open_ai":null,"ai":null,"created":"2020-12-21 13:00:45","updated":"2025-12-05 13:37:11","focus_keyword":null,"additional_keywords":null,"truseo_locale":null},"aioseo_breadcrumb":"<div class=\"aioseo-breadcrumbs\"><span class=\"aioseo-breadcrumb\">\n\t<a href=\"https:\/\/www.eldigitaldeasturias.com\/noticias\" title=\"Home\">Home<\/a>\n<\/span><span class=\"aioseo-breadcrumb-separator\">\u2013<\/span><span class=\"aioseo-breadcrumb\">\n\t<a href=\"https:\/\/www.eldigitaldeasturias.com\/noticias\/category\/actualidad\/\" title=\"Actualidad\">Actualidad<\/a>\n<\/span><span class=\"aioseo-breadcrumb-separator\">\u2013<\/span><span class=\"aioseo-breadcrumb\">\n\t<a href=\"https:\/\/www.eldigitaldeasturias.com\/noticias\/urbiteco-galardonado-con-la-estrella-de-oro-a-la-excelencia-profesional\/\" title=\"Urbiteco galardonado con la Estrella de Oro a la Excelencia Profesional\">Urbiteco galardonado con la Estrella de Oro a la Excelencia Profesional<\/a>\n<\/span><\/div>","aioseo_breadcrumb_json":[{"label":"Home","link":"https:\/\/www.eldigitaldeasturias.com\/noticias"},{"label":"Actualidad","link":"https:\/\/www.eldigitaldeasturias.com\/noticias\/category\/actualidad\/"},{"label":"Urbiteco galardonado con la Estrella de Oro a la Excelencia Profesional","link":"https:\/\/www.eldigitaldeasturias.com\/noticias\/urbiteco-galardonado-con-la-estrella-de-oro-a-la-excelencia-profesional\/"}],"_links":{"self":[{"href":"https:\/\/www.eldigitaldeasturias.com\/noticias\/wp-json\/wp\/v2\/posts\/949804","targetHints":{"allow":["GET"]}}],"collection":[{"href":"https:\/\/www.eldigitaldeasturias.com\/noticias\/wp-json\/wp\/v2\/posts"}],"about":[{"href":"https:\/\/www.eldigitaldeasturias.com\/noticias\/wp-json\/wp\/v2\/types\/post"}],"author":[{"embeddable":true,"href":"https:\/\/www.eldigitaldeasturias.com\/noticias\/wp-json\/wp\/v2\/users\/1"}],"replies":[{"embeddable":true,"href":"https:\/\/www.eldigitaldeasturias.com\/noticias\/wp-json\/wp\/v2\/comments?post=949804"}],"version-history":[{"count":0,"href":"https:\/\/www.eldigitaldeasturias.com\/noticias\/wp-json\/wp\/v2\/posts\/949804\/revisions"}],"wp:attachment":[{"href":"https:\/\/www.eldigitaldeasturias.com\/noticias\/wp-json\/wp\/v2\/media?parent=949804"}],"wp:term":[{"taxonomy":"category","embeddable":true,"href":"https:\/\/www.eldigitaldeasturias.com\/noticias\/wp-json\/wp\/v2\/categories?post=949804"},{"taxonomy":"post_tag","embeddable":true,"href":"https:\/\/www.eldigitaldeasturias.com\/noticias\/wp-json\/wp\/v2\/tags?post=949804"}],"curies":[{"name":"wp","href":"https:\/\/api.w.org\/{rel}","templated":true}]}}