{"id":949798,"date":"2017-08-14T14:23:35","date_gmt":"2017-08-14T14:23:35","guid":{"rendered":"http:\/\/www.eldigitaldeasturias.com\/noticias\/?p=949798"},"modified":"2017-08-14T14:23:35","modified_gmt":"2017-08-14T14:23:35","slug":"publicadas-en-el-boa-las-subvenciones-del-programa-de-escuelas-taller-y-talleres-de-empleo","status":"publish","type":"post","link":"https:\/\/www.eldigitaldeasturias.com\/noticias\/publicadas-en-el-boa-las-subvenciones-del-programa-de-escuelas-taller-y-talleres-de-empleo\/","title":{"rendered":"Publicadas en el BOA las subvenciones del programa de Escuelas Taller y Talleres de Empleo"},"content":{"rendered":"<p><img loading=\"lazy\" decoding=\"async\" class=\"alignleft size-medium wp-image-949799\" src=\"https:\/\/www.eldigitaldeasturias.com\/noticias\/wp-content\/uploads\/2017\/08\/MG_6822-360x159.jpg\" alt=\"\" width=\"360\" height=\"159\" \/>El Departamento de Econom\u00eda, Industria y Empleo, a trav\u00e9s del Instituto Aragon\u00e9s de Empleo (INAEM), convoca el programa de Escuelas Taller y Talleres de Empleo, que este a\u00f1o cuenta con un presupuesto de 14.357.318,33 euros. El Bolet\u00edn Oficial de Arag\u00f3n (BOA) publica este lunes la convocatoria de estas subvenciones, que permiten financiar programas mixtos de formaci\u00f3n y empleo. El objetivo es mejorar las posibilidades de colocaci\u00f3n y facilitar la inserci\u00f3n laboral de los desempleados menores de 25 a\u00f1os, en el caso de las Escuelas Taller, y de los desempleados de m\u00e1s de 25 en los Talleres de Empleo.<\/p>\n<p>Los proyectos subvencionados deben, adem\u00e1s, desarrollar productos o servicios de utilidad p\u00fablica o de inter\u00e9s social. A trav\u00e9s del trabajo realizado y la formaci\u00f3n profesional recibida, permitir\u00e1n a los alumnos trabajadores cualificarse profesionalmente y acreditar esa cualificaci\u00f3n. El plazo para solicitar las ayudas es de 20 d\u00edas h\u00e1biles, por lo que finalizar\u00e1 el martes 12 de septiembre, excepto en las localidades en las que haya en este periodo alg\u00fan festivo local.<\/p>\n<p>Podr\u00e1n beneficiarse de las subvenciones publicadas este lunes las entidades locales de nuestra Comunidad Aut\u00f3noma, asociaciones, fundaciones y otras entidades e instituciones sin fines lucrativos. Los destinatarios finales de los programas ser\u00e1n trabajadores desempleados, inscritos como demandantes de empleo en las Oficinas del INAEM. Para garantizar el acceso a la formaci\u00f3n de trabajadores con mayores dificultades de inserci\u00f3n laboral, en los procesos de selecci\u00f3n del alumnado de los proyectos tendr\u00e1n prioridad las mujeres, personas con discapacidad, parados de larga duraci\u00f3n y los trabajadores de baja cualificaci\u00f3n, entre otros colectivos, siempre que cumplan con el nivel de acceso requerido para participar en el proyecto.<\/p>\n<p>El programa de Escuelas Taller se ha consolidado como una eficaz medida de inserci\u00f3n en el mercado de trabajo a trav\u00e9s de la cualificaci\u00f3n y profesionalizaci\u00f3n de j\u00f3venes desempleados menores de 25 a\u00f1os, mediante la formaci\u00f3n en alternancia con el trabajo y la pr\u00e1ctica profesional. Por su parte, los Talleres de Empleo permiten mejorar las posibilidades de colocaci\u00f3n de los desempleados de 25 o m\u00e1s a\u00f1os con especiales dificultades de inserci\u00f3n laboral, combinando acciones de formaci\u00f3n y empleo.<\/p>\n<p>&nbsp;<\/p>\n<p>&nbsp;<\/p>\n","protected":false},"excerpt":{"rendered":"<p>El Departamento de Econom\u00eda, Industria y Empleo, a trav\u00e9s del Instituto Aragon\u00e9s de Empleo (INAEM), convoca el programa de Escuelas Taller y Talleres de Empleo, que este a\u00f1o cuenta con un presupuesto de 14.357.318,33 euros. El Bolet\u00edn Oficial de Arag\u00f3n (BOA) publica este lunes la convocatoria de estas subvenciones, que permiten financiar programas mixtos de [&hellip;]<\/p>\n","protected":false},"author":1,"featured_media":949799,"comment_status":"closed","ping_status":"closed","sticky":false,"template":"","format":"standard","meta":{"footnotes":""},"categories":[1],"tags":[],"class_list":["post-949798","post","type-post","status-publish","format-standard","has-post-thumbnail","hentry","category-actualidad"],"aioseo_notices":[],"aioseo_head":"\n\t\t<!-- All in One SEO Pro 5.0.1 - aioseo.com -->\n\t<meta name=\"description\" content=\"El Departamento de Econom\u00eda, Industria y Empleo, a trav\u00e9s del Instituto Aragon\u00e9s de Empleo (INAEM), convoca el programa de Escuelas Taller y Talleres de Empleo, que este a\u00f1o cuenta con un presupuesto de 14.357.318,33 euros. El Bolet\u00edn Oficial de Arag\u00f3n (BOA) publica este lunes la convocatoria de estas subvenciones, que permiten financiar programas mixtos de\" \/>\n\t<meta name=\"robots\" content=\"max-image-preview:large\" \/>\n\t<meta name=\"author\" content=\"El Digital de Asturias\"\/>\n\t<meta name=\"google-site-verification\" content=\"UA-38556648-1\" \/>\n\t<meta name=\"msvalidate.01\" content=\"7dfe9f3f1b24437ab69f4f2559babe99\" \/>\n\t<meta name=\"keywords\" content=\"actualidad\" \/>\n\t<link rel=\"canonical\" href=\"https:\/\/www.eldigitaldeasturias.com\/noticias\/publicadas-en-el-boa-las-subvenciones-del-programa-de-escuelas-taller-y-talleres-de-empleo\/\" \/>\n\t<meta name=\"generator\" content=\"All in One SEO Pro (AIOSEO) 5.0.1\" \/>\n\t\t<meta property=\"og:locale\" content=\"es_ES\" \/>\n\t\t<meta property=\"og:site_name\" content=\"El Digital de Asturias\" \/>\n\t\t<meta property=\"og:type\" content=\"article\" \/>\n\t\t<meta property=\"og:title\" content=\"Publicadas en el BOA las subvenciones del programa de Escuelas Taller y Talleres de Empleo - El Digital de Asturias\" \/>\n\t\t<meta property=\"og:description\" content=\"El Departamento de Econom\u00eda, Industria y Empleo, a trav\u00e9s del Instituto Aragon\u00e9s de Empleo (INAEM), convoca el programa de Escuelas Taller y Talleres de Empleo, que este a\u00f1o cuenta con un presupuesto de 14.357.318,33 euros. El Bolet\u00edn Oficial de Arag\u00f3n (BOA) publica este lunes la convocatoria de estas subvenciones, que permiten financiar programas mixtos de\" \/>\n\t\t<meta property=\"og:url\" content=\"https:\/\/www.eldigitaldeasturias.com\/noticias\/publicadas-en-el-boa-las-subvenciones-del-programa-de-escuelas-taller-y-talleres-de-empleo\/\" \/>\n\t\t<meta property=\"article:tag\" content=\"actualidad\" \/>\n\t\t<meta property=\"article:published_time\" content=\"2017-08-14T14:23:35+00:00\" \/>\n\t\t<meta property=\"article:modified_time\" content=\"2017-08-14T14:23:35+00:00\" \/>\n\t\t<meta property=\"article:publisher\" content=\"https:\/\/facebook.com\/eldigitaldeasturias\" \/>\n\t\t<meta name=\"twitter:card\" content=\"summary_large_image\" \/>\n\t\t<meta name=\"twitter:title\" content=\"Publicadas en el BOA las subvenciones del programa de Escuelas Taller y Talleres de Empleo - El Digital de Asturias\" \/>\n\t\t<meta name=\"twitter:description\" content=\"El Departamento de Econom\u00eda, Industria y Empleo, a trav\u00e9s del Instituto Aragon\u00e9s de Empleo (INAEM), convoca el programa de Escuelas Taller y Talleres de Empleo, que este a\u00f1o cuenta con un presupuesto de 14.357.318,33 euros. El Bolet\u00edn Oficial de Arag\u00f3n (BOA) publica este lunes la convocatoria de estas subvenciones, que permiten financiar programas mixtos de\" \/>\n\t\t<meta name=\"twitter:image\" content=\"https:\/\/www.eldigitaldeasturias.com\/noticias\/wp-content\/uploads\/2020\/12\/EDA-1.jpg\" \/>\n\t\t<meta name=\"twitter:label1\" content=\"Escrito por\" \/>\n\t\t<meta name=\"twitter:data1\" content=\"El Digital de Asturias\" \/>\n\t\t<meta name=\"twitter:label2\" content=\"Tiempo de lectura estimado\" \/>\n\t\t<meta name=\"twitter:data2\" content=\"2 minutos\" \/>\n\t\t<script type=\"application\/ld+json\" class=\"aioseo-schema\">\n\t\t\t{\"@context\":\"https:\\\/\\\/schema.org\",\"@graph\":[{\"@type\":\"BlogPosting\",\"@id\":\"https:\\\/\\\/www.eldigitaldeasturias.com\\\/noticias\\\/publicadas-en-el-boa-las-subvenciones-del-programa-de-escuelas-taller-y-talleres-de-empleo\\\/#blogposting\",\"name\":\"Publicadas en el BOA las subvenciones del programa de Escuelas Taller y Talleres de Empleo - El Digital de Asturias\",\"headline\":\"Publicadas en el BOA las subvenciones del programa de Escuelas Taller y Talleres de Empleo\",\"author\":{\"@id\":\"https:\\\/\\\/www.eldigitaldeasturias.com\\\/noticias\\\/author\\\/admin\\\/#author\"},\"publisher\":{\"@id\":\"https:\\\/\\\/www.eldigitaldeasturias.com\\\/noticias\\\/#organization\"},\"image\":{\"@type\":\"ImageObject\",\"url\":949799},\"datePublished\":\"2017-08-14T14:23:35+02:00\",\"dateModified\":\"2017-08-14T14:23:35+02:00\",\"inLanguage\":\"es-ES\",\"mainEntityOfPage\":{\"@id\":\"https:\\\/\\\/www.eldigitaldeasturias.com\\\/noticias\\\/publicadas-en-el-boa-las-subvenciones-del-programa-de-escuelas-taller-y-talleres-de-empleo\\\/#webpage\"},\"isPartOf\":{\"@id\":\"https:\\\/\\\/www.eldigitaldeasturias.com\\\/noticias\\\/publicadas-en-el-boa-las-subvenciones-del-programa-de-escuelas-taller-y-talleres-de-empleo\\\/#webpage\"},\"articleSection\":\"Actualidad\"},{\"@type\":\"BreadcrumbList\",\"@id\":\"https:\\\/\\\/www.eldigitaldeasturias.com\\\/noticias\\\/publicadas-en-el-boa-las-subvenciones-del-programa-de-escuelas-taller-y-talleres-de-empleo\\\/#breadcrumblist\",\"itemListElement\":[{\"@type\":\"ListItem\",\"@id\":\"https:\\\/\\\/www.eldigitaldeasturias.com\\\/noticias#listItem\",\"position\":1,\"name\":\"Home\",\"item\":\"https:\\\/\\\/www.eldigitaldeasturias.com\\\/noticias\",\"nextItem\":{\"@type\":\"ListItem\",\"@id\":\"https:\\\/\\\/www.eldigitaldeasturias.com\\\/noticias\\\/category\\\/actualidad\\\/#listItem\",\"name\":\"Actualidad\"}},{\"@type\":\"ListItem\",\"@id\":\"https:\\\/\\\/www.eldigitaldeasturias.com\\\/noticias\\\/category\\\/actualidad\\\/#listItem\",\"position\":2,\"name\":\"Actualidad\",\"item\":\"https:\\\/\\\/www.eldigitaldeasturias.com\\\/noticias\\\/category\\\/actualidad\\\/\",\"nextItem\":{\"@type\":\"ListItem\",\"@id\":\"https:\\\/\\\/www.eldigitaldeasturias.com\\\/noticias\\\/publicadas-en-el-boa-las-subvenciones-del-programa-de-escuelas-taller-y-talleres-de-empleo\\\/#listItem\",\"name\":\"Publicadas en el BOA las subvenciones del programa de Escuelas Taller y Talleres de Empleo\"},\"previousItem\":{\"@type\":\"ListItem\",\"@id\":\"https:\\\/\\\/www.eldigitaldeasturias.com\\\/noticias#listItem\",\"name\":\"Home\"}},{\"@type\":\"ListItem\",\"@id\":\"https:\\\/\\\/www.eldigitaldeasturias.com\\\/noticias\\\/publicadas-en-el-boa-las-subvenciones-del-programa-de-escuelas-taller-y-talleres-de-empleo\\\/#listItem\",\"position\":3,\"name\":\"Publicadas en el BOA las subvenciones del programa de Escuelas Taller y Talleres de Empleo\",\"previousItem\":{\"@type\":\"ListItem\",\"@id\":\"https:\\\/\\\/www.eldigitaldeasturias.com\\\/noticias\\\/category\\\/actualidad\\\/#listItem\",\"name\":\"Actualidad\"}}]},{\"@type\":\"Organization\",\"@id\":\"https:\\\/\\\/www.eldigitaldeasturias.com\\\/noticias\\\/#organization\",\"name\":\"El Digital de Asturias\",\"description\":\"Hemeroteca\",\"url\":\"https:\\\/\\\/www.eldigitaldeasturias.com\\\/noticias\\\/\",\"email\":\"info@eldigitaldeasturias.com\",\"telephone\":\"+34652131393\",\"logo\":{\"@type\":\"ImageObject\",\"url\":\"https:\\\/\\\/www.eldigitaldeasturias.com\\\/noticias\\\/wp-content\\\/uploads\\\/2020\\\/12\\\/EDA.jpg\",\"@id\":\"https:\\\/\\\/www.eldigitaldeasturias.com\\\/noticias\\\/publicadas-en-el-boa-las-subvenciones-del-programa-de-escuelas-taller-y-talleres-de-empleo\\\/#organizationLogo\"},\"image\":{\"@id\":\"https:\\\/\\\/www.eldigitaldeasturias.com\\\/noticias\\\/publicadas-en-el-boa-las-subvenciones-del-programa-de-escuelas-taller-y-talleres-de-empleo\\\/#organizationLogo\"},\"sameAs\":[\"https:\\\/\\\/facebook.com\\\/eldigitaldeasturias\",\"https:\\\/\\\/www.youtube.com\\\/channel\\\/UCZP-2wLEB9Rv6erhFmqVnvg\"],\"address\":{\"@id\":\"https:\\\/\\\/www.eldigitaldeasturias.com\\\/noticias\\\/#postaladdress\",\"@type\":\"PostalAddress\",\"streetAddress\":\"san antonio 4\",\"postalCode\":\"33430\",\"addressLocality\":\"Cand\\u00e1s\",\"addressRegion\":\"Asturias\",\"addressCountry\":\"ES\"}},{\"@type\":\"Person\",\"@id\":\"https:\\\/\\\/www.eldigitaldeasturias.com\\\/noticias\\\/author\\\/admin\\\/#author\",\"url\":\"https:\\\/\\\/www.eldigitaldeasturias.com\\\/noticias\\\/author\\\/admin\\\/\",\"name\":\"El Digital de Asturias\",\"image\":{\"@type\":\"ImageObject\",\"@id\":\"https:\\\/\\\/www.eldigitaldeasturias.com\\\/noticias\\\/publicadas-en-el-boa-las-subvenciones-del-programa-de-escuelas-taller-y-talleres-de-empleo\\\/#authorImage\",\"url\":\"https:\\\/\\\/secure.gravatar.com\\\/avatar\\\/df2aeffc32bcd13f8d26072ef8a91b623d677766deac7f97ca815868cd41bf5e?s=96&d=mm&r=g\",\"width\":96,\"height\":96,\"caption\":\"El Digital de Asturias\"}},{\"@type\":\"WebPage\",\"@id\":\"https:\\\/\\\/www.eldigitaldeasturias.com\\\/noticias\\\/publicadas-en-el-boa-las-subvenciones-del-programa-de-escuelas-taller-y-talleres-de-empleo\\\/#webpage\",\"url\":\"https:\\\/\\\/www.eldigitaldeasturias.com\\\/noticias\\\/publicadas-en-el-boa-las-subvenciones-del-programa-de-escuelas-taller-y-talleres-de-empleo\\\/\",\"name\":\"Publicadas en el BOA las subvenciones del programa de Escuelas Taller y Talleres de Empleo - El Digital de Asturias\",\"description\":\"El Departamento de Econom\\u00eda, Industria y Empleo, a trav\\u00e9s del Instituto Aragon\\u00e9s de Empleo (INAEM), convoca el programa de Escuelas Taller y Talleres de Empleo, que este a\\u00f1o cuenta con un presupuesto de 14.357.318,33 euros. El Bolet\\u00edn Oficial de Arag\\u00f3n (BOA) publica este lunes la convocatoria de estas subvenciones, que permiten financiar programas mixtos de\",\"inLanguage\":\"es-ES\",\"isPartOf\":{\"@id\":\"https:\\\/\\\/www.eldigitaldeasturias.com\\\/noticias\\\/#website\"},\"breadcrumb\":{\"@id\":\"https:\\\/\\\/www.eldigitaldeasturias.com\\\/noticias\\\/publicadas-en-el-boa-las-subvenciones-del-programa-de-escuelas-taller-y-talleres-de-empleo\\\/#breadcrumblist\"},\"author\":{\"@id\":\"https:\\\/\\\/www.eldigitaldeasturias.com\\\/noticias\\\/author\\\/admin\\\/#author\"},\"creator\":{\"@id\":\"https:\\\/\\\/www.eldigitaldeasturias.com\\\/noticias\\\/author\\\/admin\\\/#author\"},\"image\":{\"@type\":\"ImageObject\",\"url\":949799,\"@id\":\"https:\\\/\\\/www.eldigitaldeasturias.com\\\/noticias\\\/publicadas-en-el-boa-las-subvenciones-del-programa-de-escuelas-taller-y-talleres-de-empleo\\\/#mainImage\"},\"primaryImageOfPage\":{\"@id\":\"https:\\\/\\\/www.eldigitaldeasturias.com\\\/noticias\\\/publicadas-en-el-boa-las-subvenciones-del-programa-de-escuelas-taller-y-talleres-de-empleo\\\/#mainImage\"},\"datePublished\":\"2017-08-14T14:23:35+02:00\",\"dateModified\":\"2017-08-14T14:23:35+02:00\"},{\"@type\":\"WebSite\",\"@id\":\"https:\\\/\\\/www.eldigitaldeasturias.com\\\/noticias\\\/#website\",\"url\":\"https:\\\/\\\/www.eldigitaldeasturias.com\\\/noticias\\\/\",\"name\":\"El Digital de Asturias - Diario de actualidad y noticias\",\"alternateName\":\"El Digital de Asturias - Diario de actualidad y noticias\",\"description\":\"Hemeroteca\",\"inLanguage\":\"es-ES\",\"publisher\":{\"@id\":\"https:\\\/\\\/www.eldigitaldeasturias.com\\\/noticias\\\/#organization\"}}]}\n\t\t<\/script>\n\t\t<!-- All in One SEO Pro -->\r\n\t\t<title>Publicadas en el BOA las subvenciones del programa de Escuelas Taller y Talleres de Empleo - El Digital de Asturias<\/title>\n\n","aioseo_head_json":{"title":"Publicadas en el BOA las subvenciones del programa de Escuelas Taller y Talleres de Empleo - El Digital de Asturias","description":"El Departamento de Econom\u00eda, Industria y Empleo, a trav\u00e9s del Instituto Aragon\u00e9s de Empleo (INAEM), convoca el programa de Escuelas Taller y Talleres de Empleo, que este a\u00f1o cuenta con un presupuesto de 14.357.318,33 euros. El Bolet\u00edn Oficial de Arag\u00f3n (BOA) publica este lunes la convocatoria de estas subvenciones, que permiten financiar programas mixtos de","canonical_url":"https:\/\/www.eldigitaldeasturias.com\/noticias\/publicadas-en-el-boa-las-subvenciones-del-programa-de-escuelas-taller-y-talleres-de-empleo\/","robots":"max-image-preview:large","keywords":"actualidad","webmasterTools":{"google-site-verification":"UA-38556648-1","msvalidate.01":"7dfe9f3f1b24437ab69f4f2559babe99","miscellaneous":""},"schema":{"@context":"https:\/\/schema.org","@graph":[{"@type":"BlogPosting","@id":"https:\/\/www.eldigitaldeasturias.com\/noticias\/publicadas-en-el-boa-las-subvenciones-del-programa-de-escuelas-taller-y-talleres-de-empleo\/#blogposting","name":"Publicadas en el BOA las subvenciones del programa de Escuelas Taller y Talleres de Empleo - El Digital de Asturias","headline":"Publicadas en el BOA las subvenciones del programa de Escuelas Taller y Talleres de Empleo","author":{"@id":"https:\/\/www.eldigitaldeasturias.com\/noticias\/author\/admin\/#author"},"publisher":{"@id":"https:\/\/www.eldigitaldeasturias.com\/noticias\/#organization"},"image":{"@type":"ImageObject","url":949799},"datePublished":"2017-08-14T14:23:35+02:00","dateModified":"2017-08-14T14:23:35+02:00","inLanguage":"es-ES","mainEntityOfPage":{"@id":"https:\/\/www.eldigitaldeasturias.com\/noticias\/publicadas-en-el-boa-las-subvenciones-del-programa-de-escuelas-taller-y-talleres-de-empleo\/#webpage"},"isPartOf":{"@id":"https:\/\/www.eldigitaldeasturias.com\/noticias\/publicadas-en-el-boa-las-subvenciones-del-programa-de-escuelas-taller-y-talleres-de-empleo\/#webpage"},"articleSection":"Actualidad"},{"@type":"BreadcrumbList","@id":"https:\/\/www.eldigitaldeasturias.com\/noticias\/publicadas-en-el-boa-las-subvenciones-del-programa-de-escuelas-taller-y-talleres-de-empleo\/#breadcrumblist","itemListElement":[{"@type":"ListItem","@id":"https:\/\/www.eldigitaldeasturias.com\/noticias#listItem","position":1,"name":"Home","item":"https:\/\/www.eldigitaldeasturias.com\/noticias","nextItem":{"@type":"ListItem","@id":"https:\/\/www.eldigitaldeasturias.com\/noticias\/category\/actualidad\/#listItem","name":"Actualidad"}},{"@type":"ListItem","@id":"https:\/\/www.eldigitaldeasturias.com\/noticias\/category\/actualidad\/#listItem","position":2,"name":"Actualidad","item":"https:\/\/www.eldigitaldeasturias.com\/noticias\/category\/actualidad\/","nextItem":{"@type":"ListItem","@id":"https:\/\/www.eldigitaldeasturias.com\/noticias\/publicadas-en-el-boa-las-subvenciones-del-programa-de-escuelas-taller-y-talleres-de-empleo\/#listItem","name":"Publicadas en el BOA las subvenciones del programa de Escuelas Taller y Talleres de Empleo"},"previousItem":{"@type":"ListItem","@id":"https:\/\/www.eldigitaldeasturias.com\/noticias#listItem","name":"Home"}},{"@type":"ListItem","@id":"https:\/\/www.eldigitaldeasturias.com\/noticias\/publicadas-en-el-boa-las-subvenciones-del-programa-de-escuelas-taller-y-talleres-de-empleo\/#listItem","position":3,"name":"Publicadas en el BOA las subvenciones del programa de Escuelas Taller y Talleres de Empleo","previousItem":{"@type":"ListItem","@id":"https:\/\/www.eldigitaldeasturias.com\/noticias\/category\/actualidad\/#listItem","name":"Actualidad"}}]},{"@type":"Organization","@id":"https:\/\/www.eldigitaldeasturias.com\/noticias\/#organization","name":"El Digital de Asturias","description":"Hemeroteca","url":"https:\/\/www.eldigitaldeasturias.com\/noticias\/","email":"info@eldigitaldeasturias.com","telephone":"+34652131393","logo":{"@type":"ImageObject","url":"https:\/\/www.eldigitaldeasturias.com\/noticias\/wp-content\/uploads\/2020\/12\/EDA.jpg","@id":"https:\/\/www.eldigitaldeasturias.com\/noticias\/publicadas-en-el-boa-las-subvenciones-del-programa-de-escuelas-taller-y-talleres-de-empleo\/#organizationLogo"},"image":{"@id":"https:\/\/www.eldigitaldeasturias.com\/noticias\/publicadas-en-el-boa-las-subvenciones-del-programa-de-escuelas-taller-y-talleres-de-empleo\/#organizationLogo"},"sameAs":["https:\/\/facebook.com\/eldigitaldeasturias","https:\/\/www.youtube.com\/channel\/UCZP-2wLEB9Rv6erhFmqVnvg"],"address":{"@id":"https:\/\/www.eldigitaldeasturias.com\/noticias\/#postaladdress","@type":"PostalAddress","streetAddress":"san antonio 4","postalCode":"33430","addressLocality":"Cand\u00e1s","addressRegion":"Asturias","addressCountry":"ES"}},{"@type":"Person","@id":"https:\/\/www.eldigitaldeasturias.com\/noticias\/author\/admin\/#author","url":"https:\/\/www.eldigitaldeasturias.com\/noticias\/author\/admin\/","name":"El Digital de Asturias","image":{"@type":"ImageObject","@id":"https:\/\/www.eldigitaldeasturias.com\/noticias\/publicadas-en-el-boa-las-subvenciones-del-programa-de-escuelas-taller-y-talleres-de-empleo\/#authorImage","url":"https:\/\/secure.gravatar.com\/avatar\/df2aeffc32bcd13f8d26072ef8a91b623d677766deac7f97ca815868cd41bf5e?s=96&d=mm&r=g","width":96,"height":96,"caption":"El Digital de Asturias"}},{"@type":"WebPage","@id":"https:\/\/www.eldigitaldeasturias.com\/noticias\/publicadas-en-el-boa-las-subvenciones-del-programa-de-escuelas-taller-y-talleres-de-empleo\/#webpage","url":"https:\/\/www.eldigitaldeasturias.com\/noticias\/publicadas-en-el-boa-las-subvenciones-del-programa-de-escuelas-taller-y-talleres-de-empleo\/","name":"Publicadas en el BOA las subvenciones del programa de Escuelas Taller y Talleres de Empleo - El Digital de Asturias","description":"El Departamento de Econom\u00eda, Industria y Empleo, a trav\u00e9s del Instituto Aragon\u00e9s de Empleo (INAEM), convoca el programa de Escuelas Taller y Talleres de Empleo, que este a\u00f1o cuenta con un presupuesto de 14.357.318,33 euros. El Bolet\u00edn Oficial de Arag\u00f3n (BOA) publica este lunes la convocatoria de estas subvenciones, que permiten financiar programas mixtos de","inLanguage":"es-ES","isPartOf":{"@id":"https:\/\/www.eldigitaldeasturias.com\/noticias\/#website"},"breadcrumb":{"@id":"https:\/\/www.eldigitaldeasturias.com\/noticias\/publicadas-en-el-boa-las-subvenciones-del-programa-de-escuelas-taller-y-talleres-de-empleo\/#breadcrumblist"},"author":{"@id":"https:\/\/www.eldigitaldeasturias.com\/noticias\/author\/admin\/#author"},"creator":{"@id":"https:\/\/www.eldigitaldeasturias.com\/noticias\/author\/admin\/#author"},"image":{"@type":"ImageObject","url":949799,"@id":"https:\/\/www.eldigitaldeasturias.com\/noticias\/publicadas-en-el-boa-las-subvenciones-del-programa-de-escuelas-taller-y-talleres-de-empleo\/#mainImage"},"primaryImageOfPage":{"@id":"https:\/\/www.eldigitaldeasturias.com\/noticias\/publicadas-en-el-boa-las-subvenciones-del-programa-de-escuelas-taller-y-talleres-de-empleo\/#mainImage"},"datePublished":"2017-08-14T14:23:35+02:00","dateModified":"2017-08-14T14:23:35+02:00"},{"@type":"WebSite","@id":"https:\/\/www.eldigitaldeasturias.com\/noticias\/#website","url":"https:\/\/www.eldigitaldeasturias.com\/noticias\/","name":"El Digital de Asturias - Diario de actualidad y noticias","alternateName":"El Digital de Asturias - Diario de actualidad y noticias","description":"Hemeroteca","inLanguage":"es-ES","publisher":{"@id":"https:\/\/www.eldigitaldeasturias.com\/noticias\/#organization"}}]},"og:locale":"es_ES","og:site_name":"El Digital de Asturias","og:type":"article","og:title":"Publicadas en el BOA las subvenciones del programa de Escuelas Taller y Talleres de Empleo - El Digital de Asturias","og:description":"El Departamento de Econom\u00eda, Industria y Empleo, a trav\u00e9s del Instituto Aragon\u00e9s de Empleo (INAEM), convoca el programa de Escuelas Taller y Talleres de Empleo, que este a\u00f1o cuenta con un presupuesto de 14.357.318,33 euros. El Bolet\u00edn Oficial de Arag\u00f3n (BOA) publica este lunes la convocatoria de estas subvenciones, que permiten financiar programas mixtos de","og:url":"https:\/\/www.eldigitaldeasturias.com\/noticias\/publicadas-en-el-boa-las-subvenciones-del-programa-de-escuelas-taller-y-talleres-de-empleo\/","article:tag":["actualidad"],"article:published_time":"2017-08-14T14:23:35+00:00","article:modified_time":"2017-08-14T14:23:35+00:00","article:publisher":"https:\/\/facebook.com\/eldigitaldeasturias","twitter:card":"summary_large_image","twitter:title":"Publicadas en el BOA las subvenciones del programa de Escuelas Taller y Talleres de Empleo - El Digital de Asturias","twitter:description":"El Departamento de Econom\u00eda, Industria y Empleo, a trav\u00e9s del Instituto Aragon\u00e9s de Empleo (INAEM), convoca el programa de Escuelas Taller y Talleres de Empleo, que este a\u00f1o cuenta con un presupuesto de 14.357.318,33 euros. El Bolet\u00edn Oficial de Arag\u00f3n (BOA) publica este lunes la convocatoria de estas subvenciones, que permiten financiar programas mixtos de","twitter:image":"https:\/\/www.eldigitaldeasturias.com\/noticias\/wp-content\/uploads\/2020\/12\/EDA-1.jpg","twitter:label1":"Escrito por","twitter:data1":"El Digital de Asturias","twitter:label2":"Tiempo de lectura estimado","twitter:data2":"2 minutos"},"aioseo_meta_data":{"post_id":"949798","title":null,"description":null,"keywords":null,"keyphrases":null,"primary_term":null,"canonical_url":null,"og_title":null,"og_description":null,"og_object_type":"default","og_image_type":"default","og_image_url":null,"og_image_width":null,"og_image_height":null,"og_image_custom_url":null,"og_image_custom_fields":null,"og_video":null,"og_custom_url":null,"og_article_section":null,"og_article_tags":null,"twitter_use_og":false,"twitter_card":"default","twitter_image_type":"default","twitter_image_url":null,"twitter_image_custom_url":null,"twitter_image_custom_fields":null,"twitter_title":null,"twitter_description":null,"schema":{"blockGraphs":[],"customGraphs":[],"default":{"data":{"Article":[],"Course":[],"Dataset":[],"FAQPage":[],"Movie":[],"Person":[],"Product":[],"ProductReview":[],"Car":[],"Recipe":[],"Service":[],"SoftwareApplication":[],"WebPage":[]},"graphName":"","isEnabled":true},"graphs":[],"defaultGraph":"","defaultPostTypeGraph":""},"schema_type":null,"schema_type_options":null,"pillar_content":false,"robots_default":true,"robots_noindex":false,"robots_noarchive":false,"robots_nosnippet":false,"robots_nofollow":false,"robots_noimageindex":false,"robots_noodp":false,"robots_notranslate":false,"robots_max_snippet":null,"robots_max_videopreview":null,"robots_max_imagepreview":"large","priority":null,"frequency":null,"local_seo":null,"seo_analyzer_scan_date":"2025-12-05 13:37:09","breadcrumb_settings":null,"limit_modified_date":false,"open_ai":null,"ai":null,"created":"2020-12-21 13:00:45","updated":"2025-12-05 13:37:09","focus_keyword":null,"additional_keywords":null,"truseo_locale":null},"aioseo_breadcrumb":"<div class=\"aioseo-breadcrumbs\"><span class=\"aioseo-breadcrumb\">\n\t<a href=\"https:\/\/www.eldigitaldeasturias.com\/noticias\" title=\"Home\">Home<\/a>\n<\/span><span class=\"aioseo-breadcrumb-separator\">\u2013<\/span><span class=\"aioseo-breadcrumb\">\n\t<a href=\"https:\/\/www.eldigitaldeasturias.com\/noticias\/category\/actualidad\/\" title=\"Actualidad\">Actualidad<\/a>\n<\/span><span class=\"aioseo-breadcrumb-separator\">\u2013<\/span><span class=\"aioseo-breadcrumb\">\n\t<a href=\"https:\/\/www.eldigitaldeasturias.com\/noticias\/publicadas-en-el-boa-las-subvenciones-del-programa-de-escuelas-taller-y-talleres-de-empleo\/\" title=\"Publicadas en el BOA las subvenciones del programa de Escuelas Taller y Talleres de Empleo\">Publicadas en el BOA las subvenciones del programa de Escuelas Taller y Talleres de Empleo<\/a>\n<\/span><\/div>","aioseo_breadcrumb_json":[{"label":"Home","link":"https:\/\/www.eldigitaldeasturias.com\/noticias"},{"label":"Actualidad","link":"https:\/\/www.eldigitaldeasturias.com\/noticias\/category\/actualidad\/"},{"label":"Publicadas en el BOA las subvenciones del programa de Escuelas Taller y Talleres de Empleo","link":"https:\/\/www.eldigitaldeasturias.com\/noticias\/publicadas-en-el-boa-las-subvenciones-del-programa-de-escuelas-taller-y-talleres-de-empleo\/"}],"_links":{"self":[{"href":"https:\/\/www.eldigitaldeasturias.com\/noticias\/wp-json\/wp\/v2\/posts\/949798","targetHints":{"allow":["GET"]}}],"collection":[{"href":"https:\/\/www.eldigitaldeasturias.com\/noticias\/wp-json\/wp\/v2\/posts"}],"about":[{"href":"https:\/\/www.eldigitaldeasturias.com\/noticias\/wp-json\/wp\/v2\/types\/post"}],"author":[{"embeddable":true,"href":"https:\/\/www.eldigitaldeasturias.com\/noticias\/wp-json\/wp\/v2\/users\/1"}],"replies":[{"embeddable":true,"href":"https:\/\/www.eldigitaldeasturias.com\/noticias\/wp-json\/wp\/v2\/comments?post=949798"}],"version-history":[{"count":0,"href":"https:\/\/www.eldigitaldeasturias.com\/noticias\/wp-json\/wp\/v2\/posts\/949798\/revisions"}],"wp:attachment":[{"href":"https:\/\/www.eldigitaldeasturias.com\/noticias\/wp-json\/wp\/v2\/media?parent=949798"}],"wp:term":[{"taxonomy":"category","embeddable":true,"href":"https:\/\/www.eldigitaldeasturias.com\/noticias\/wp-json\/wp\/v2\/categories?post=949798"},{"taxonomy":"post_tag","embeddable":true,"href":"https:\/\/www.eldigitaldeasturias.com\/noticias\/wp-json\/wp\/v2\/tags?post=949798"}],"curies":[{"name":"wp","href":"https:\/\/api.w.org\/{rel}","templated":true}]}}