{"id":949775,"date":"2017-08-14T12:37:46","date_gmt":"2017-08-14T12:37:46","guid":{"rendered":"http:\/\/www.eldigitaldeasturias.com\/noticias\/?p=949775"},"modified":"2017-08-14T12:37:46","modified_gmt":"2017-08-14T12:37:46","slug":"el-gobierno-de-aragon-licitara-la-reforma-del-palacio-de-los-luna","status":"publish","type":"post","link":"https:\/\/www.eldigitaldeasturias.com\/noticias\/el-gobierno-de-aragon-licitara-la-reforma-del-palacio-de-los-luna\/","title":{"rendered":"El Gobierno de Arag\u00f3n licitar\u00e1 la reforma del Palacio de los Luna"},"content":{"rendered":"<p><img loading=\"lazy\" decoding=\"async\" class=\"alignleft size-medium wp-image-949776\" src=\"https:\/\/www.eldigitaldeasturias.com\/noticias\/wp-content\/uploads\/2017\/08\/imagenes_IMG_4815_d35eb65c-360x159.jpg\" alt=\"\" width=\"360\" height=\"159\" \/>El Gobierno de Arag\u00f3n licitar\u00e1 a la vuelta del verano la Redacci\u00f3n del Proyecto B\u00e1sico y de Ejecuci\u00f3n, Estudio de Seguridad y Salud y Proyecto de Actividad de la reforma del Palacio de los Luna, sede del Tribunal Superior de Justicia de Arag\u00f3n (TSJA), Fiscal\u00eda Superior y Secretar\u00eda de Gobierno.<\/p>\n<p><strong>El importe de todos estos proyectos se eleva a casi 395.000 euros.<\/strong><\/p>\n<p>Seg\u00fan los t\u00e9cnicos, \u201cla intervenci\u00f3n conllevar\u00e1 una importante carga de restauraci\u00f3n por lo que solo cabe realizar intervenciones parciales que ralentizar\u00e1n de forma considerable la finalizaci\u00f3n de la obra\u201d. Las intervenciones deber\u00e1n quedar recogidas en un proyecto que contemple, al menos, cuatro fases de actuaci\u00f3n que se corresponden con cada una de las alas del inmueble.<\/p>\n<p>El detalle y los plazos de cada una de las fases es la siguiente:<\/p>\n<p>&#8211; Redacci\u00f3n del Proyecto B\u00e1sico: cuatro meses y 68.750 euros de precio inicial de licitaci\u00f3n.<\/p>\n<p>&#8211; Redacci\u00f3n de la I fase: 8 meses y 98.477 euros.<\/p>\n<p>&#8211; Redacci\u00f3n de la I,II,y III Fase: cuatro meses cada una de ellas por un importe, en cada caso, de 75.637 euros de precio inicial de salida en la licitaci\u00f3n.<\/p>\n<p>Los cuatro proyectos de ejecuci\u00f3n integran, a su vez, el proyecto de ejecuci\u00f3n, estudio de seguridad y salud, proyecto de actividad, proyectos espec\u00edficos de las instalaciones y estudio de la gesti\u00f3n de residuos.<\/p>\n<p>El Gobierno de Arag\u00f3n ya ha actuado en obras puntuales en el edificio. Quedaron restauradas las cubiertas de los dos torreones situados en la fachada principal, las del ala de la calle Coso en ambas vertientes, as\u00ed como todo el ala de la calle Galo Ponte hasta la calle Para\u00edso, con una superficie aproximada de actuaci\u00f3n de 900 metros. El importe de esta actuaci\u00f3n se acerc\u00f3 a los 210.000 euros.<\/p>\n<p>Los Presupuestos de este a\u00f1o recogen una segunda actuaci\u00f3n por un importe de 180.000 euros para realizar trabajos de saneamiento y consolidaci\u00f3n.<\/p>\n<p>El Palacio de los Condes de Morata es un edificio renacentista, magn\u00edfico ejemplo de la arquitectura civil aragonesa del XVI, construido hacia mediados de este siglo.<\/p>\n<p>Fue declarado Bien de Inter\u00e9s Cultural (BIC) por el entonces Ministerio de Instrucci\u00f3n P\u00fablica y Bellas Artes el 3 de junio de 1931 y completada por la Orden de 29 de abril de 2002. Por tanto, cuenta el grado m\u00e1ximo de protecci\u00f3n que figura en la Ley de Patrimonio Hist\u00f3rico. Para llevar a cabo cualquier actuaci\u00f3n sobre el inmueble y seg\u00fan la Ley de Patrimonio Cultural Aragon\u00e9s es preciso redactar un Plan Director.<\/p>\n<p>El Plan Director del Palacio de los Condes de Morata fue aprobado por la Comisi\u00f3n Provincial de Patrimonio Cultural de Zaragoza el 18 de junio de 2015.<br \/>\nUna vez realizadas las nuevas infraestructuras en la Ciudad de la Justicia, la Audiencia de Zaragoza, el Palacio de Justicia de Huesca y el Palacio de Justicia de Teruel (en ejecuci\u00f3n) queda pendiente de llevar a cabo la reforma integral de la sede del TSJ, Fiscal\u00eda Superior y Secretar\u00eda de Gobierno para concluir la modernizaci\u00f3n de la red principal de sedes judiciales en Arag\u00f3n.<\/p>\n<p>&nbsp;<\/p>\n<p>&nbsp;<\/p>\n","protected":false},"excerpt":{"rendered":"<p>El Gobierno de Arag\u00f3n licitar\u00e1 a la vuelta del verano la Redacci\u00f3n del Proyecto B\u00e1sico y de Ejecuci\u00f3n, Estudio de Seguridad y Salud y Proyecto de Actividad de la reforma del Palacio de los Luna, sede del Tribunal Superior de Justicia de Arag\u00f3n (TSJA), Fiscal\u00eda Superior y Secretar\u00eda de Gobierno. El importe de todos estos [&hellip;]<\/p>\n","protected":false},"author":1,"featured_media":949776,"comment_status":"closed","ping_status":"closed","sticky":false,"template":"","format":"standard","meta":{"footnotes":""},"categories":[1],"tags":[],"class_list":["post-949775","post","type-post","status-publish","format-standard","has-post-thumbnail","hentry","category-actualidad"],"aioseo_notices":[],"aioseo_head":"\n\t\t<!-- All in One SEO Pro 5.0.1 - aioseo.com -->\n\t<meta name=\"description\" content=\"El Gobierno de Arag\u00f3n licitar\u00e1 a la vuelta del verano la Redacci\u00f3n del Proyecto B\u00e1sico y de Ejecuci\u00f3n, Estudio de Seguridad y Salud y Proyecto de Actividad de la reforma del Palacio de los Luna, sede del Tribunal Superior de Justicia de Arag\u00f3n (TSJA), Fiscal\u00eda Superior y Secretar\u00eda de Gobierno. El importe de todos estos\" \/>\n\t<meta name=\"robots\" content=\"max-image-preview:large\" \/>\n\t<meta name=\"author\" content=\"El Digital de Asturias\"\/>\n\t<meta name=\"google-site-verification\" content=\"UA-38556648-1\" \/>\n\t<meta name=\"msvalidate.01\" content=\"7dfe9f3f1b24437ab69f4f2559babe99\" \/>\n\t<meta name=\"keywords\" content=\"actualidad\" \/>\n\t<link rel=\"canonical\" href=\"https:\/\/www.eldigitaldeasturias.com\/noticias\/el-gobierno-de-aragon-licitara-la-reforma-del-palacio-de-los-luna\/\" \/>\n\t<meta name=\"generator\" content=\"All in One SEO Pro (AIOSEO) 5.0.1\" \/>\n\t\t<meta property=\"og:locale\" content=\"es_ES\" \/>\n\t\t<meta property=\"og:site_name\" content=\"El Digital de Asturias\" \/>\n\t\t<meta property=\"og:type\" content=\"article\" \/>\n\t\t<meta property=\"og:title\" content=\"El Gobierno de Arag\u00f3n licitar\u00e1 la reforma del Palacio de los Luna - El Digital de Asturias\" \/>\n\t\t<meta property=\"og:description\" content=\"El Gobierno de Arag\u00f3n licitar\u00e1 a la vuelta del verano la Redacci\u00f3n del Proyecto B\u00e1sico y de Ejecuci\u00f3n, Estudio de Seguridad y Salud y Proyecto de Actividad de la reforma del Palacio de los Luna, sede del Tribunal Superior de Justicia de Arag\u00f3n (TSJA), Fiscal\u00eda Superior y Secretar\u00eda de Gobierno. El importe de todos estos\" \/>\n\t\t<meta property=\"og:url\" content=\"https:\/\/www.eldigitaldeasturias.com\/noticias\/el-gobierno-de-aragon-licitara-la-reforma-del-palacio-de-los-luna\/\" \/>\n\t\t<meta property=\"article:tag\" content=\"actualidad\" \/>\n\t\t<meta property=\"article:published_time\" content=\"2017-08-14T12:37:46+00:00\" \/>\n\t\t<meta property=\"article:modified_time\" content=\"2017-08-14T12:37:46+00:00\" \/>\n\t\t<meta property=\"article:publisher\" content=\"https:\/\/facebook.com\/eldigitaldeasturias\" \/>\n\t\t<meta name=\"twitter:card\" content=\"summary_large_image\" \/>\n\t\t<meta name=\"twitter:title\" content=\"El Gobierno de Arag\u00f3n licitar\u00e1 la reforma del Palacio de los Luna - El Digital de Asturias\" \/>\n\t\t<meta name=\"twitter:description\" content=\"El Gobierno de Arag\u00f3n licitar\u00e1 a la vuelta del verano la Redacci\u00f3n del Proyecto B\u00e1sico y de Ejecuci\u00f3n, Estudio de Seguridad y Salud y Proyecto de Actividad de la reforma del Palacio de los Luna, sede del Tribunal Superior de Justicia de Arag\u00f3n (TSJA), Fiscal\u00eda Superior y Secretar\u00eda de Gobierno. El importe de todos estos\" \/>\n\t\t<meta name=\"twitter:image\" content=\"https:\/\/www.eldigitaldeasturias.com\/noticias\/wp-content\/uploads\/2020\/12\/EDA-1.jpg\" \/>\n\t\t<meta name=\"twitter:label1\" content=\"Escrito por\" \/>\n\t\t<meta name=\"twitter:data1\" content=\"El Digital de Asturias\" \/>\n\t\t<meta name=\"twitter:label2\" content=\"Tiempo de lectura estimado\" \/>\n\t\t<meta name=\"twitter:data2\" content=\"3 minutos\" \/>\n\t\t<script type=\"application\/ld+json\" class=\"aioseo-schema\">\n\t\t\t{\"@context\":\"https:\\\/\\\/schema.org\",\"@graph\":[{\"@type\":\"BlogPosting\",\"@id\":\"https:\\\/\\\/www.eldigitaldeasturias.com\\\/noticias\\\/el-gobierno-de-aragon-licitara-la-reforma-del-palacio-de-los-luna\\\/#blogposting\",\"name\":\"El Gobierno de Arag\\u00f3n licitar\\u00e1 la reforma del Palacio de los Luna - El Digital de Asturias\",\"headline\":\"El Gobierno de Arag\\u00f3n licitar\\u00e1 la reforma del Palacio de los Luna\",\"author\":{\"@id\":\"https:\\\/\\\/www.eldigitaldeasturias.com\\\/noticias\\\/author\\\/admin\\\/#author\"},\"publisher\":{\"@id\":\"https:\\\/\\\/www.eldigitaldeasturias.com\\\/noticias\\\/#organization\"},\"image\":{\"@type\":\"ImageObject\",\"url\":949776},\"datePublished\":\"2017-08-14T12:37:46+02:00\",\"dateModified\":\"2017-08-14T12:37:46+02:00\",\"inLanguage\":\"es-ES\",\"mainEntityOfPage\":{\"@id\":\"https:\\\/\\\/www.eldigitaldeasturias.com\\\/noticias\\\/el-gobierno-de-aragon-licitara-la-reforma-del-palacio-de-los-luna\\\/#webpage\"},\"isPartOf\":{\"@id\":\"https:\\\/\\\/www.eldigitaldeasturias.com\\\/noticias\\\/el-gobierno-de-aragon-licitara-la-reforma-del-palacio-de-los-luna\\\/#webpage\"},\"articleSection\":\"Actualidad\"},{\"@type\":\"BreadcrumbList\",\"@id\":\"https:\\\/\\\/www.eldigitaldeasturias.com\\\/noticias\\\/el-gobierno-de-aragon-licitara-la-reforma-del-palacio-de-los-luna\\\/#breadcrumblist\",\"itemListElement\":[{\"@type\":\"ListItem\",\"@id\":\"https:\\\/\\\/www.eldigitaldeasturias.com\\\/noticias#listItem\",\"position\":1,\"name\":\"Home\",\"item\":\"https:\\\/\\\/www.eldigitaldeasturias.com\\\/noticias\",\"nextItem\":{\"@type\":\"ListItem\",\"@id\":\"https:\\\/\\\/www.eldigitaldeasturias.com\\\/noticias\\\/category\\\/actualidad\\\/#listItem\",\"name\":\"Actualidad\"}},{\"@type\":\"ListItem\",\"@id\":\"https:\\\/\\\/www.eldigitaldeasturias.com\\\/noticias\\\/category\\\/actualidad\\\/#listItem\",\"position\":2,\"name\":\"Actualidad\",\"item\":\"https:\\\/\\\/www.eldigitaldeasturias.com\\\/noticias\\\/category\\\/actualidad\\\/\",\"nextItem\":{\"@type\":\"ListItem\",\"@id\":\"https:\\\/\\\/www.eldigitaldeasturias.com\\\/noticias\\\/el-gobierno-de-aragon-licitara-la-reforma-del-palacio-de-los-luna\\\/#listItem\",\"name\":\"El Gobierno de Arag\\u00f3n licitar\\u00e1 la reforma del Palacio de los Luna\"},\"previousItem\":{\"@type\":\"ListItem\",\"@id\":\"https:\\\/\\\/www.eldigitaldeasturias.com\\\/noticias#listItem\",\"name\":\"Home\"}},{\"@type\":\"ListItem\",\"@id\":\"https:\\\/\\\/www.eldigitaldeasturias.com\\\/noticias\\\/el-gobierno-de-aragon-licitara-la-reforma-del-palacio-de-los-luna\\\/#listItem\",\"position\":3,\"name\":\"El Gobierno de Arag\\u00f3n licitar\\u00e1 la reforma del Palacio de los Luna\",\"previousItem\":{\"@type\":\"ListItem\",\"@id\":\"https:\\\/\\\/www.eldigitaldeasturias.com\\\/noticias\\\/category\\\/actualidad\\\/#listItem\",\"name\":\"Actualidad\"}}]},{\"@type\":\"Organization\",\"@id\":\"https:\\\/\\\/www.eldigitaldeasturias.com\\\/noticias\\\/#organization\",\"name\":\"El Digital de Asturias\",\"description\":\"Hemeroteca\",\"url\":\"https:\\\/\\\/www.eldigitaldeasturias.com\\\/noticias\\\/\",\"email\":\"info@eldigitaldeasturias.com\",\"telephone\":\"+34652131393\",\"logo\":{\"@type\":\"ImageObject\",\"url\":\"https:\\\/\\\/www.eldigitaldeasturias.com\\\/noticias\\\/wp-content\\\/uploads\\\/2020\\\/12\\\/EDA.jpg\",\"@id\":\"https:\\\/\\\/www.eldigitaldeasturias.com\\\/noticias\\\/el-gobierno-de-aragon-licitara-la-reforma-del-palacio-de-los-luna\\\/#organizationLogo\"},\"image\":{\"@id\":\"https:\\\/\\\/www.eldigitaldeasturias.com\\\/noticias\\\/el-gobierno-de-aragon-licitara-la-reforma-del-palacio-de-los-luna\\\/#organizationLogo\"},\"sameAs\":[\"https:\\\/\\\/facebook.com\\\/eldigitaldeasturias\",\"https:\\\/\\\/www.youtube.com\\\/channel\\\/UCZP-2wLEB9Rv6erhFmqVnvg\"],\"address\":{\"@id\":\"https:\\\/\\\/www.eldigitaldeasturias.com\\\/noticias\\\/#postaladdress\",\"@type\":\"PostalAddress\",\"streetAddress\":\"san antonio 4\",\"postalCode\":\"33430\",\"addressLocality\":\"Cand\\u00e1s\",\"addressRegion\":\"Asturias\",\"addressCountry\":\"ES\"}},{\"@type\":\"Person\",\"@id\":\"https:\\\/\\\/www.eldigitaldeasturias.com\\\/noticias\\\/author\\\/admin\\\/#author\",\"url\":\"https:\\\/\\\/www.eldigitaldeasturias.com\\\/noticias\\\/author\\\/admin\\\/\",\"name\":\"El Digital de Asturias\",\"image\":{\"@type\":\"ImageObject\",\"@id\":\"https:\\\/\\\/www.eldigitaldeasturias.com\\\/noticias\\\/el-gobierno-de-aragon-licitara-la-reforma-del-palacio-de-los-luna\\\/#authorImage\",\"url\":\"https:\\\/\\\/secure.gravatar.com\\\/avatar\\\/df2aeffc32bcd13f8d26072ef8a91b623d677766deac7f97ca815868cd41bf5e?s=96&d=mm&r=g\",\"width\":96,\"height\":96,\"caption\":\"El Digital de Asturias\"}},{\"@type\":\"WebPage\",\"@id\":\"https:\\\/\\\/www.eldigitaldeasturias.com\\\/noticias\\\/el-gobierno-de-aragon-licitara-la-reforma-del-palacio-de-los-luna\\\/#webpage\",\"url\":\"https:\\\/\\\/www.eldigitaldeasturias.com\\\/noticias\\\/el-gobierno-de-aragon-licitara-la-reforma-del-palacio-de-los-luna\\\/\",\"name\":\"El Gobierno de Arag\\u00f3n licitar\\u00e1 la reforma del Palacio de los Luna - El Digital de Asturias\",\"description\":\"El Gobierno de Arag\\u00f3n licitar\\u00e1 a la vuelta del verano la Redacci\\u00f3n del Proyecto B\\u00e1sico y de Ejecuci\\u00f3n, Estudio de Seguridad y Salud y Proyecto de Actividad de la reforma del Palacio de los Luna, sede del Tribunal Superior de Justicia de Arag\\u00f3n (TSJA), Fiscal\\u00eda Superior y Secretar\\u00eda de Gobierno. El importe de todos estos\",\"inLanguage\":\"es-ES\",\"isPartOf\":{\"@id\":\"https:\\\/\\\/www.eldigitaldeasturias.com\\\/noticias\\\/#website\"},\"breadcrumb\":{\"@id\":\"https:\\\/\\\/www.eldigitaldeasturias.com\\\/noticias\\\/el-gobierno-de-aragon-licitara-la-reforma-del-palacio-de-los-luna\\\/#breadcrumblist\"},\"author\":{\"@id\":\"https:\\\/\\\/www.eldigitaldeasturias.com\\\/noticias\\\/author\\\/admin\\\/#author\"},\"creator\":{\"@id\":\"https:\\\/\\\/www.eldigitaldeasturias.com\\\/noticias\\\/author\\\/admin\\\/#author\"},\"image\":{\"@type\":\"ImageObject\",\"url\":949776,\"@id\":\"https:\\\/\\\/www.eldigitaldeasturias.com\\\/noticias\\\/el-gobierno-de-aragon-licitara-la-reforma-del-palacio-de-los-luna\\\/#mainImage\"},\"primaryImageOfPage\":{\"@id\":\"https:\\\/\\\/www.eldigitaldeasturias.com\\\/noticias\\\/el-gobierno-de-aragon-licitara-la-reforma-del-palacio-de-los-luna\\\/#mainImage\"},\"datePublished\":\"2017-08-14T12:37:46+02:00\",\"dateModified\":\"2017-08-14T12:37:46+02:00\"},{\"@type\":\"WebSite\",\"@id\":\"https:\\\/\\\/www.eldigitaldeasturias.com\\\/noticias\\\/#website\",\"url\":\"https:\\\/\\\/www.eldigitaldeasturias.com\\\/noticias\\\/\",\"name\":\"El Digital de Asturias - Diario de actualidad y noticias\",\"alternateName\":\"El Digital de Asturias - Diario de actualidad y noticias\",\"description\":\"Hemeroteca\",\"inLanguage\":\"es-ES\",\"publisher\":{\"@id\":\"https:\\\/\\\/www.eldigitaldeasturias.com\\\/noticias\\\/#organization\"}}]}\n\t\t<\/script>\n\t\t<!-- All in One SEO Pro -->\r\n\t\t<title>El Gobierno de Arag\u00f3n licitar\u00e1 la reforma del Palacio de los Luna - El Digital de Asturias<\/title>\n\n","aioseo_head_json":{"title":"El Gobierno de Arag\u00f3n licitar\u00e1 la reforma del Palacio de los Luna - El Digital de Asturias","description":"El Gobierno de Arag\u00f3n licitar\u00e1 a la vuelta del verano la Redacci\u00f3n del Proyecto B\u00e1sico y de Ejecuci\u00f3n, Estudio de Seguridad y Salud y Proyecto de Actividad de la reforma del Palacio de los Luna, sede del Tribunal Superior de Justicia de Arag\u00f3n (TSJA), Fiscal\u00eda Superior y Secretar\u00eda de Gobierno. El importe de todos estos","canonical_url":"https:\/\/www.eldigitaldeasturias.com\/noticias\/el-gobierno-de-aragon-licitara-la-reforma-del-palacio-de-los-luna\/","robots":"max-image-preview:large","keywords":"actualidad","webmasterTools":{"google-site-verification":"UA-38556648-1","msvalidate.01":"7dfe9f3f1b24437ab69f4f2559babe99","miscellaneous":""},"schema":{"@context":"https:\/\/schema.org","@graph":[{"@type":"BlogPosting","@id":"https:\/\/www.eldigitaldeasturias.com\/noticias\/el-gobierno-de-aragon-licitara-la-reforma-del-palacio-de-los-luna\/#blogposting","name":"El Gobierno de Arag\u00f3n licitar\u00e1 la reforma del Palacio de los Luna - El Digital de Asturias","headline":"El Gobierno de Arag\u00f3n licitar\u00e1 la reforma del Palacio de los Luna","author":{"@id":"https:\/\/www.eldigitaldeasturias.com\/noticias\/author\/admin\/#author"},"publisher":{"@id":"https:\/\/www.eldigitaldeasturias.com\/noticias\/#organization"},"image":{"@type":"ImageObject","url":949776},"datePublished":"2017-08-14T12:37:46+02:00","dateModified":"2017-08-14T12:37:46+02:00","inLanguage":"es-ES","mainEntityOfPage":{"@id":"https:\/\/www.eldigitaldeasturias.com\/noticias\/el-gobierno-de-aragon-licitara-la-reforma-del-palacio-de-los-luna\/#webpage"},"isPartOf":{"@id":"https:\/\/www.eldigitaldeasturias.com\/noticias\/el-gobierno-de-aragon-licitara-la-reforma-del-palacio-de-los-luna\/#webpage"},"articleSection":"Actualidad"},{"@type":"BreadcrumbList","@id":"https:\/\/www.eldigitaldeasturias.com\/noticias\/el-gobierno-de-aragon-licitara-la-reforma-del-palacio-de-los-luna\/#breadcrumblist","itemListElement":[{"@type":"ListItem","@id":"https:\/\/www.eldigitaldeasturias.com\/noticias#listItem","position":1,"name":"Home","item":"https:\/\/www.eldigitaldeasturias.com\/noticias","nextItem":{"@type":"ListItem","@id":"https:\/\/www.eldigitaldeasturias.com\/noticias\/category\/actualidad\/#listItem","name":"Actualidad"}},{"@type":"ListItem","@id":"https:\/\/www.eldigitaldeasturias.com\/noticias\/category\/actualidad\/#listItem","position":2,"name":"Actualidad","item":"https:\/\/www.eldigitaldeasturias.com\/noticias\/category\/actualidad\/","nextItem":{"@type":"ListItem","@id":"https:\/\/www.eldigitaldeasturias.com\/noticias\/el-gobierno-de-aragon-licitara-la-reforma-del-palacio-de-los-luna\/#listItem","name":"El Gobierno de Arag\u00f3n licitar\u00e1 la reforma del Palacio de los Luna"},"previousItem":{"@type":"ListItem","@id":"https:\/\/www.eldigitaldeasturias.com\/noticias#listItem","name":"Home"}},{"@type":"ListItem","@id":"https:\/\/www.eldigitaldeasturias.com\/noticias\/el-gobierno-de-aragon-licitara-la-reforma-del-palacio-de-los-luna\/#listItem","position":3,"name":"El Gobierno de Arag\u00f3n licitar\u00e1 la reforma del Palacio de los Luna","previousItem":{"@type":"ListItem","@id":"https:\/\/www.eldigitaldeasturias.com\/noticias\/category\/actualidad\/#listItem","name":"Actualidad"}}]},{"@type":"Organization","@id":"https:\/\/www.eldigitaldeasturias.com\/noticias\/#organization","name":"El Digital de Asturias","description":"Hemeroteca","url":"https:\/\/www.eldigitaldeasturias.com\/noticias\/","email":"info@eldigitaldeasturias.com","telephone":"+34652131393","logo":{"@type":"ImageObject","url":"https:\/\/www.eldigitaldeasturias.com\/noticias\/wp-content\/uploads\/2020\/12\/EDA.jpg","@id":"https:\/\/www.eldigitaldeasturias.com\/noticias\/el-gobierno-de-aragon-licitara-la-reforma-del-palacio-de-los-luna\/#organizationLogo"},"image":{"@id":"https:\/\/www.eldigitaldeasturias.com\/noticias\/el-gobierno-de-aragon-licitara-la-reforma-del-palacio-de-los-luna\/#organizationLogo"},"sameAs":["https:\/\/facebook.com\/eldigitaldeasturias","https:\/\/www.youtube.com\/channel\/UCZP-2wLEB9Rv6erhFmqVnvg"],"address":{"@id":"https:\/\/www.eldigitaldeasturias.com\/noticias\/#postaladdress","@type":"PostalAddress","streetAddress":"san antonio 4","postalCode":"33430","addressLocality":"Cand\u00e1s","addressRegion":"Asturias","addressCountry":"ES"}},{"@type":"Person","@id":"https:\/\/www.eldigitaldeasturias.com\/noticias\/author\/admin\/#author","url":"https:\/\/www.eldigitaldeasturias.com\/noticias\/author\/admin\/","name":"El Digital de Asturias","image":{"@type":"ImageObject","@id":"https:\/\/www.eldigitaldeasturias.com\/noticias\/el-gobierno-de-aragon-licitara-la-reforma-del-palacio-de-los-luna\/#authorImage","url":"https:\/\/secure.gravatar.com\/avatar\/df2aeffc32bcd13f8d26072ef8a91b623d677766deac7f97ca815868cd41bf5e?s=96&d=mm&r=g","width":96,"height":96,"caption":"El Digital de Asturias"}},{"@type":"WebPage","@id":"https:\/\/www.eldigitaldeasturias.com\/noticias\/el-gobierno-de-aragon-licitara-la-reforma-del-palacio-de-los-luna\/#webpage","url":"https:\/\/www.eldigitaldeasturias.com\/noticias\/el-gobierno-de-aragon-licitara-la-reforma-del-palacio-de-los-luna\/","name":"El Gobierno de Arag\u00f3n licitar\u00e1 la reforma del Palacio de los Luna - El Digital de Asturias","description":"El Gobierno de Arag\u00f3n licitar\u00e1 a la vuelta del verano la Redacci\u00f3n del Proyecto B\u00e1sico y de Ejecuci\u00f3n, Estudio de Seguridad y Salud y Proyecto de Actividad de la reforma del Palacio de los Luna, sede del Tribunal Superior de Justicia de Arag\u00f3n (TSJA), Fiscal\u00eda Superior y Secretar\u00eda de Gobierno. El importe de todos estos","inLanguage":"es-ES","isPartOf":{"@id":"https:\/\/www.eldigitaldeasturias.com\/noticias\/#website"},"breadcrumb":{"@id":"https:\/\/www.eldigitaldeasturias.com\/noticias\/el-gobierno-de-aragon-licitara-la-reforma-del-palacio-de-los-luna\/#breadcrumblist"},"author":{"@id":"https:\/\/www.eldigitaldeasturias.com\/noticias\/author\/admin\/#author"},"creator":{"@id":"https:\/\/www.eldigitaldeasturias.com\/noticias\/author\/admin\/#author"},"image":{"@type":"ImageObject","url":949776,"@id":"https:\/\/www.eldigitaldeasturias.com\/noticias\/el-gobierno-de-aragon-licitara-la-reforma-del-palacio-de-los-luna\/#mainImage"},"primaryImageOfPage":{"@id":"https:\/\/www.eldigitaldeasturias.com\/noticias\/el-gobierno-de-aragon-licitara-la-reforma-del-palacio-de-los-luna\/#mainImage"},"datePublished":"2017-08-14T12:37:46+02:00","dateModified":"2017-08-14T12:37:46+02:00"},{"@type":"WebSite","@id":"https:\/\/www.eldigitaldeasturias.com\/noticias\/#website","url":"https:\/\/www.eldigitaldeasturias.com\/noticias\/","name":"El Digital de Asturias - Diario de actualidad y noticias","alternateName":"El Digital de Asturias - Diario de actualidad y noticias","description":"Hemeroteca","inLanguage":"es-ES","publisher":{"@id":"https:\/\/www.eldigitaldeasturias.com\/noticias\/#organization"}}]},"og:locale":"es_ES","og:site_name":"El Digital de Asturias","og:type":"article","og:title":"El Gobierno de Arag\u00f3n licitar\u00e1 la reforma del Palacio de los Luna - El Digital de Asturias","og:description":"El Gobierno de Arag\u00f3n licitar\u00e1 a la vuelta del verano la Redacci\u00f3n del Proyecto B\u00e1sico y de Ejecuci\u00f3n, Estudio de Seguridad y Salud y Proyecto de Actividad de la reforma del Palacio de los Luna, sede del Tribunal Superior de Justicia de Arag\u00f3n (TSJA), Fiscal\u00eda Superior y Secretar\u00eda de Gobierno. El importe de todos estos","og:url":"https:\/\/www.eldigitaldeasturias.com\/noticias\/el-gobierno-de-aragon-licitara-la-reforma-del-palacio-de-los-luna\/","article:tag":["actualidad"],"article:published_time":"2017-08-14T12:37:46+00:00","article:modified_time":"2017-08-14T12:37:46+00:00","article:publisher":"https:\/\/facebook.com\/eldigitaldeasturias","twitter:card":"summary_large_image","twitter:title":"El Gobierno de Arag\u00f3n licitar\u00e1 la reforma del Palacio de los Luna - El Digital de Asturias","twitter:description":"El Gobierno de Arag\u00f3n licitar\u00e1 a la vuelta del verano la Redacci\u00f3n del Proyecto B\u00e1sico y de Ejecuci\u00f3n, Estudio de Seguridad y Salud y Proyecto de Actividad de la reforma del Palacio de los Luna, sede del Tribunal Superior de Justicia de Arag\u00f3n (TSJA), Fiscal\u00eda Superior y Secretar\u00eda de Gobierno. El importe de todos estos","twitter:image":"https:\/\/www.eldigitaldeasturias.com\/noticias\/wp-content\/uploads\/2020\/12\/EDA-1.jpg","twitter:label1":"Escrito por","twitter:data1":"El Digital de Asturias","twitter:label2":"Tiempo de lectura estimado","twitter:data2":"3 minutos"},"aioseo_meta_data":{"post_id":"949775","title":null,"description":null,"keywords":null,"keyphrases":null,"primary_term":null,"canonical_url":null,"og_title":null,"og_description":null,"og_object_type":"default","og_image_type":"default","og_image_url":null,"og_image_width":null,"og_image_height":null,"og_image_custom_url":null,"og_image_custom_fields":null,"og_video":null,"og_custom_url":null,"og_article_section":null,"og_article_tags":null,"twitter_use_og":false,"twitter_card":"default","twitter_image_type":"default","twitter_image_url":null,"twitter_image_custom_url":null,"twitter_image_custom_fields":null,"twitter_title":null,"twitter_description":null,"schema":{"blockGraphs":[],"customGraphs":[],"default":{"data":{"Article":[],"Course":[],"Dataset":[],"FAQPage":[],"Movie":[],"Person":[],"Product":[],"ProductReview":[],"Car":[],"Recipe":[],"Service":[],"SoftwareApplication":[],"WebPage":[]},"graphName":"","isEnabled":true},"graphs":[],"defaultGraph":"","defaultPostTypeGraph":""},"schema_type":null,"schema_type_options":null,"pillar_content":false,"robots_default":true,"robots_noindex":false,"robots_noarchive":false,"robots_nosnippet":false,"robots_nofollow":false,"robots_noimageindex":false,"robots_noodp":false,"robots_notranslate":false,"robots_max_snippet":null,"robots_max_videopreview":null,"robots_max_imagepreview":"large","priority":null,"frequency":null,"local_seo":null,"seo_analyzer_scan_date":"2025-12-05 13:31:14","breadcrumb_settings":null,"limit_modified_date":false,"open_ai":null,"ai":null,"created":"2020-12-21 13:00:46","updated":"2025-12-05 13:31:14","focus_keyword":null,"additional_keywords":null,"truseo_locale":null},"aioseo_breadcrumb":"<div class=\"aioseo-breadcrumbs\"><span class=\"aioseo-breadcrumb\">\n\t<a href=\"https:\/\/www.eldigitaldeasturias.com\/noticias\" title=\"Home\">Home<\/a>\n<\/span><span class=\"aioseo-breadcrumb-separator\">\u2013<\/span><span class=\"aioseo-breadcrumb\">\n\t<a href=\"https:\/\/www.eldigitaldeasturias.com\/noticias\/category\/actualidad\/\" title=\"Actualidad\">Actualidad<\/a>\n<\/span><span class=\"aioseo-breadcrumb-separator\">\u2013<\/span><span class=\"aioseo-breadcrumb\">\n\t<a href=\"https:\/\/www.eldigitaldeasturias.com\/noticias\/el-gobierno-de-aragon-licitara-la-reforma-del-palacio-de-los-luna\/\" title=\"El Gobierno de Arag\u00f3n licitar\u00e1 la reforma del Palacio de los Luna\">El Gobierno de Arag\u00f3n licitar\u00e1 la reforma del Palacio de los Luna<\/a>\n<\/span><\/div>","aioseo_breadcrumb_json":[{"label":"Home","link":"https:\/\/www.eldigitaldeasturias.com\/noticias"},{"label":"Actualidad","link":"https:\/\/www.eldigitaldeasturias.com\/noticias\/category\/actualidad\/"},{"label":"El Gobierno de Arag\u00f3n licitar\u00e1 la reforma del Palacio de los Luna","link":"https:\/\/www.eldigitaldeasturias.com\/noticias\/el-gobierno-de-aragon-licitara-la-reforma-del-palacio-de-los-luna\/"}],"_links":{"self":[{"href":"https:\/\/www.eldigitaldeasturias.com\/noticias\/wp-json\/wp\/v2\/posts\/949775","targetHints":{"allow":["GET"]}}],"collection":[{"href":"https:\/\/www.eldigitaldeasturias.com\/noticias\/wp-json\/wp\/v2\/posts"}],"about":[{"href":"https:\/\/www.eldigitaldeasturias.com\/noticias\/wp-json\/wp\/v2\/types\/post"}],"author":[{"embeddable":true,"href":"https:\/\/www.eldigitaldeasturias.com\/noticias\/wp-json\/wp\/v2\/users\/1"}],"replies":[{"embeddable":true,"href":"https:\/\/www.eldigitaldeasturias.com\/noticias\/wp-json\/wp\/v2\/comments?post=949775"}],"version-history":[{"count":0,"href":"https:\/\/www.eldigitaldeasturias.com\/noticias\/wp-json\/wp\/v2\/posts\/949775\/revisions"}],"wp:attachment":[{"href":"https:\/\/www.eldigitaldeasturias.com\/noticias\/wp-json\/wp\/v2\/media?parent=949775"}],"wp:term":[{"taxonomy":"category","embeddable":true,"href":"https:\/\/www.eldigitaldeasturias.com\/noticias\/wp-json\/wp\/v2\/categories?post=949775"},{"taxonomy":"post_tag","embeddable":true,"href":"https:\/\/www.eldigitaldeasturias.com\/noticias\/wp-json\/wp\/v2\/tags?post=949775"}],"curies":[{"name":"wp","href":"https:\/\/api.w.org\/{rel}","templated":true}]}}