{"id":949761,"date":"2017-08-14T12:06:50","date_gmt":"2017-08-14T12:06:50","guid":{"rendered":"http:\/\/www.eldigitaldeasturias.com\/noticias\/?p=949761"},"modified":"2017-08-14T12:06:50","modified_gmt":"2017-08-14T12:06:50","slug":"aragon-en-altera-hoy-lunes-por-riesgos-de-incendios-forestales","status":"publish","type":"post","link":"https:\/\/www.eldigitaldeasturias.com\/noticias\/aragon-en-altera-hoy-lunes-por-riesgos-de-incendios-forestales\/","title":{"rendered":"Arag\u00f3n en altera, hoy lunes, por riesgos de incendios forestales"},"content":{"rendered":"<p><img loading=\"lazy\" decoding=\"async\" class=\"alignleft size-medium wp-image-947449\" src=\"https:\/\/www.eldigitaldeasturias.com\/noticias\/wp-content\/uploads\/2017\/07\/incendios-360x216.jpg\" alt=\"\" width=\"360\" height=\"216\" \/>La Direcci\u00f3n General de Gesti\u00f3n Forestal informa de que hay establecida para hoy situaci\u00f3n de prealerta roja+ por riesgo de incendios forestales en amplias zonas de Arag\u00f3n: Depresi\u00f3n del Jal\u00f3n, Moncayo y Aranda, Somontano Occidental, Prepirineo Occidental, Muela de Zuera, Muela de Valmadrid, Muela de Alcubierre, Sierras Ib\u00e9ricas Centrales, Somontano Sur, Bajo Ebro Forestal y Somontano Oriental.<\/p>\n<p>Adem\u00e1s, pr\u00e1cticamente el resto del territorio aragon\u00e9s se encuentra en situaci\u00f3n de prealerta roja.<\/p>\n<p>En las zonas de prealerta roja+ son posibles incendios activos de copas con lanzamientos de focos secundarios. En las zonas en rojo tambi\u00e9n son posibles incendios activos de copas con menor velocidad de propagaci\u00f3n. Los principales factores de propagaci\u00f3n ser\u00e1n el viento y la convecci\u00f3n. La mayor disponibilidad de los combustibles se localiza, principalmente, en algunas \u00e1reas del centro y norte de la Comunidad donde ya est\u00e1n totalmente disponibles los finos, medios y gruesos muertos, as\u00ed como los vivos de alguna especies.<\/p>\n<p>&nbsp;<\/p>\n","protected":false},"excerpt":{"rendered":"<p>La Direcci\u00f3n General de Gesti\u00f3n Forestal informa de que hay establecida para hoy situaci\u00f3n de prealerta roja+ por riesgo de incendios forestales en amplias zonas de Arag\u00f3n: Depresi\u00f3n del Jal\u00f3n, Moncayo y Aranda, Somontano Occidental, Prepirineo Occidental, Muela de Zuera, Muela de Valmadrid, Muela de Alcubierre, Sierras Ib\u00e9ricas Centrales, Somontano Sur, Bajo Ebro Forestal y [&hellip;]<\/p>\n","protected":false},"author":1,"featured_media":947449,"comment_status":"closed","ping_status":"closed","sticky":false,"template":"","format":"standard","meta":{"footnotes":""},"categories":[1],"tags":[],"class_list":["post-949761","post","type-post","status-publish","format-standard","has-post-thumbnail","hentry","category-actualidad"],"aioseo_notices":[],"aioseo_head":"\n\t\t<!-- All in One SEO Pro 5.0.1 - aioseo.com -->\n\t<meta name=\"description\" content=\"La Direcci\u00f3n General de Gesti\u00f3n Forestal informa de que hay establecida para hoy situaci\u00f3n de prealerta roja+ por riesgo de incendios forestales en amplias zonas de Arag\u00f3n: Depresi\u00f3n del Jal\u00f3n, Moncayo y Aranda, Somontano Occidental, Prepirineo Occidental, Muela de Zuera, Muela de Valmadrid, Muela de Alcubierre, Sierras Ib\u00e9ricas Centrales, Somontano Sur, Bajo Ebro Forestal y\" \/>\n\t<meta name=\"robots\" content=\"max-image-preview:large\" \/>\n\t<meta name=\"author\" content=\"El Digital de Asturias\"\/>\n\t<meta name=\"google-site-verification\" content=\"UA-38556648-1\" \/>\n\t<meta name=\"msvalidate.01\" content=\"7dfe9f3f1b24437ab69f4f2559babe99\" \/>\n\t<meta name=\"keywords\" content=\"actualidad\" \/>\n\t<link rel=\"canonical\" href=\"https:\/\/www.eldigitaldeasturias.com\/noticias\/aragon-en-altera-hoy-lunes-por-riesgos-de-incendios-forestales\/\" \/>\n\t<meta name=\"generator\" content=\"All in One SEO Pro (AIOSEO) 5.0.1\" \/>\n\t\t<meta property=\"og:locale\" content=\"es_ES\" \/>\n\t\t<meta property=\"og:site_name\" content=\"El Digital de Asturias\" \/>\n\t\t<meta property=\"og:type\" content=\"article\" \/>\n\t\t<meta property=\"og:title\" content=\"Arag\u00f3n en altera, hoy lunes, por riesgos de incendios forestales - El Digital de Asturias\" \/>\n\t\t<meta property=\"og:description\" content=\"La Direcci\u00f3n General de Gesti\u00f3n Forestal informa de que hay establecida para hoy situaci\u00f3n de prealerta roja+ por riesgo de incendios forestales en amplias zonas de Arag\u00f3n: Depresi\u00f3n del Jal\u00f3n, Moncayo y Aranda, Somontano Occidental, Prepirineo Occidental, Muela de Zuera, Muela de Valmadrid, Muela de Alcubierre, Sierras Ib\u00e9ricas Centrales, Somontano Sur, Bajo Ebro Forestal y\" \/>\n\t\t<meta property=\"og:url\" content=\"https:\/\/www.eldigitaldeasturias.com\/noticias\/aragon-en-altera-hoy-lunes-por-riesgos-de-incendios-forestales\/\" \/>\n\t\t<meta property=\"article:tag\" content=\"actualidad\" \/>\n\t\t<meta property=\"article:published_time\" content=\"2017-08-14T12:06:50+00:00\" \/>\n\t\t<meta property=\"article:modified_time\" content=\"2017-08-14T12:06:50+00:00\" \/>\n\t\t<meta property=\"article:publisher\" content=\"https:\/\/facebook.com\/eldigitaldeasturias\" \/>\n\t\t<meta name=\"twitter:card\" content=\"summary_large_image\" \/>\n\t\t<meta name=\"twitter:title\" content=\"Arag\u00f3n en altera, hoy lunes, por riesgos de incendios forestales - El Digital de Asturias\" \/>\n\t\t<meta name=\"twitter:description\" content=\"La Direcci\u00f3n General de Gesti\u00f3n Forestal informa de que hay establecida para hoy situaci\u00f3n de prealerta roja+ por riesgo de incendios forestales en amplias zonas de Arag\u00f3n: Depresi\u00f3n del Jal\u00f3n, Moncayo y Aranda, Somontano Occidental, Prepirineo Occidental, Muela de Zuera, Muela de Valmadrid, Muela de Alcubierre, Sierras Ib\u00e9ricas Centrales, Somontano Sur, Bajo Ebro Forestal y\" \/>\n\t\t<meta name=\"twitter:image\" content=\"https:\/\/www.eldigitaldeasturias.com\/noticias\/wp-content\/uploads\/2020\/12\/EDA-1.jpg\" \/>\n\t\t<meta name=\"twitter:label1\" content=\"Escrito por\" \/>\n\t\t<meta name=\"twitter:data1\" content=\"El Digital de Asturias\" \/>\n\t\t<meta name=\"twitter:label2\" content=\"Tiempo de lectura estimado\" \/>\n\t\t<meta name=\"twitter:data2\" content=\"1 minuto\" \/>\n\t\t<script type=\"application\/ld+json\" class=\"aioseo-schema\">\n\t\t\t{\"@context\":\"https:\\\/\\\/schema.org\",\"@graph\":[{\"@type\":\"BlogPosting\",\"@id\":\"https:\\\/\\\/www.eldigitaldeasturias.com\\\/noticias\\\/aragon-en-altera-hoy-lunes-por-riesgos-de-incendios-forestales\\\/#blogposting\",\"name\":\"Arag\\u00f3n en altera, hoy lunes, por riesgos de incendios forestales - El Digital de Asturias\",\"headline\":\"Arag\\u00f3n en altera, hoy lunes, por riesgos de incendios forestales\",\"author\":{\"@id\":\"https:\\\/\\\/www.eldigitaldeasturias.com\\\/noticias\\\/author\\\/admin\\\/#author\"},\"publisher\":{\"@id\":\"https:\\\/\\\/www.eldigitaldeasturias.com\\\/noticias\\\/#organization\"},\"image\":{\"@type\":\"ImageObject\",\"url\":947449},\"datePublished\":\"2017-08-14T12:06:50+02:00\",\"dateModified\":\"2017-08-14T12:06:50+02:00\",\"inLanguage\":\"es-ES\",\"mainEntityOfPage\":{\"@id\":\"https:\\\/\\\/www.eldigitaldeasturias.com\\\/noticias\\\/aragon-en-altera-hoy-lunes-por-riesgos-de-incendios-forestales\\\/#webpage\"},\"isPartOf\":{\"@id\":\"https:\\\/\\\/www.eldigitaldeasturias.com\\\/noticias\\\/aragon-en-altera-hoy-lunes-por-riesgos-de-incendios-forestales\\\/#webpage\"},\"articleSection\":\"Actualidad\"},{\"@type\":\"BreadcrumbList\",\"@id\":\"https:\\\/\\\/www.eldigitaldeasturias.com\\\/noticias\\\/aragon-en-altera-hoy-lunes-por-riesgos-de-incendios-forestales\\\/#breadcrumblist\",\"itemListElement\":[{\"@type\":\"ListItem\",\"@id\":\"https:\\\/\\\/www.eldigitaldeasturias.com\\\/noticias#listItem\",\"position\":1,\"name\":\"Home\",\"item\":\"https:\\\/\\\/www.eldigitaldeasturias.com\\\/noticias\",\"nextItem\":{\"@type\":\"ListItem\",\"@id\":\"https:\\\/\\\/www.eldigitaldeasturias.com\\\/noticias\\\/category\\\/actualidad\\\/#listItem\",\"name\":\"Actualidad\"}},{\"@type\":\"ListItem\",\"@id\":\"https:\\\/\\\/www.eldigitaldeasturias.com\\\/noticias\\\/category\\\/actualidad\\\/#listItem\",\"position\":2,\"name\":\"Actualidad\",\"item\":\"https:\\\/\\\/www.eldigitaldeasturias.com\\\/noticias\\\/category\\\/actualidad\\\/\",\"nextItem\":{\"@type\":\"ListItem\",\"@id\":\"https:\\\/\\\/www.eldigitaldeasturias.com\\\/noticias\\\/aragon-en-altera-hoy-lunes-por-riesgos-de-incendios-forestales\\\/#listItem\",\"name\":\"Arag\\u00f3n en altera, hoy lunes, por riesgos de incendios forestales\"},\"previousItem\":{\"@type\":\"ListItem\",\"@id\":\"https:\\\/\\\/www.eldigitaldeasturias.com\\\/noticias#listItem\",\"name\":\"Home\"}},{\"@type\":\"ListItem\",\"@id\":\"https:\\\/\\\/www.eldigitaldeasturias.com\\\/noticias\\\/aragon-en-altera-hoy-lunes-por-riesgos-de-incendios-forestales\\\/#listItem\",\"position\":3,\"name\":\"Arag\\u00f3n en altera, hoy lunes, por riesgos de incendios forestales\",\"previousItem\":{\"@type\":\"ListItem\",\"@id\":\"https:\\\/\\\/www.eldigitaldeasturias.com\\\/noticias\\\/category\\\/actualidad\\\/#listItem\",\"name\":\"Actualidad\"}}]},{\"@type\":\"Organization\",\"@id\":\"https:\\\/\\\/www.eldigitaldeasturias.com\\\/noticias\\\/#organization\",\"name\":\"El Digital de Asturias\",\"description\":\"Hemeroteca\",\"url\":\"https:\\\/\\\/www.eldigitaldeasturias.com\\\/noticias\\\/\",\"email\":\"info@eldigitaldeasturias.com\",\"telephone\":\"+34652131393\",\"logo\":{\"@type\":\"ImageObject\",\"url\":\"https:\\\/\\\/www.eldigitaldeasturias.com\\\/noticias\\\/wp-content\\\/uploads\\\/2020\\\/12\\\/EDA.jpg\",\"@id\":\"https:\\\/\\\/www.eldigitaldeasturias.com\\\/noticias\\\/aragon-en-altera-hoy-lunes-por-riesgos-de-incendios-forestales\\\/#organizationLogo\"},\"image\":{\"@id\":\"https:\\\/\\\/www.eldigitaldeasturias.com\\\/noticias\\\/aragon-en-altera-hoy-lunes-por-riesgos-de-incendios-forestales\\\/#organizationLogo\"},\"sameAs\":[\"https:\\\/\\\/facebook.com\\\/eldigitaldeasturias\",\"https:\\\/\\\/www.youtube.com\\\/channel\\\/UCZP-2wLEB9Rv6erhFmqVnvg\"],\"address\":{\"@id\":\"https:\\\/\\\/www.eldigitaldeasturias.com\\\/noticias\\\/#postaladdress\",\"@type\":\"PostalAddress\",\"streetAddress\":\"san antonio 4\",\"postalCode\":\"33430\",\"addressLocality\":\"Cand\\u00e1s\",\"addressRegion\":\"Asturias\",\"addressCountry\":\"ES\"}},{\"@type\":\"Person\",\"@id\":\"https:\\\/\\\/www.eldigitaldeasturias.com\\\/noticias\\\/author\\\/admin\\\/#author\",\"url\":\"https:\\\/\\\/www.eldigitaldeasturias.com\\\/noticias\\\/author\\\/admin\\\/\",\"name\":\"El Digital de Asturias\",\"image\":{\"@type\":\"ImageObject\",\"@id\":\"https:\\\/\\\/www.eldigitaldeasturias.com\\\/noticias\\\/aragon-en-altera-hoy-lunes-por-riesgos-de-incendios-forestales\\\/#authorImage\",\"url\":\"https:\\\/\\\/secure.gravatar.com\\\/avatar\\\/df2aeffc32bcd13f8d26072ef8a91b623d677766deac7f97ca815868cd41bf5e?s=96&d=mm&r=g\",\"width\":96,\"height\":96,\"caption\":\"El Digital de Asturias\"}},{\"@type\":\"WebPage\",\"@id\":\"https:\\\/\\\/www.eldigitaldeasturias.com\\\/noticias\\\/aragon-en-altera-hoy-lunes-por-riesgos-de-incendios-forestales\\\/#webpage\",\"url\":\"https:\\\/\\\/www.eldigitaldeasturias.com\\\/noticias\\\/aragon-en-altera-hoy-lunes-por-riesgos-de-incendios-forestales\\\/\",\"name\":\"Arag\\u00f3n en altera, hoy lunes, por riesgos de incendios forestales - El Digital de Asturias\",\"description\":\"La Direcci\\u00f3n General de Gesti\\u00f3n Forestal informa de que hay establecida para hoy situaci\\u00f3n de prealerta roja+ por riesgo de incendios forestales en amplias zonas de Arag\\u00f3n: Depresi\\u00f3n del Jal\\u00f3n, Moncayo y Aranda, Somontano Occidental, Prepirineo Occidental, Muela de Zuera, Muela de Valmadrid, Muela de Alcubierre, Sierras Ib\\u00e9ricas Centrales, Somontano Sur, Bajo Ebro Forestal y\",\"inLanguage\":\"es-ES\",\"isPartOf\":{\"@id\":\"https:\\\/\\\/www.eldigitaldeasturias.com\\\/noticias\\\/#website\"},\"breadcrumb\":{\"@id\":\"https:\\\/\\\/www.eldigitaldeasturias.com\\\/noticias\\\/aragon-en-altera-hoy-lunes-por-riesgos-de-incendios-forestales\\\/#breadcrumblist\"},\"author\":{\"@id\":\"https:\\\/\\\/www.eldigitaldeasturias.com\\\/noticias\\\/author\\\/admin\\\/#author\"},\"creator\":{\"@id\":\"https:\\\/\\\/www.eldigitaldeasturias.com\\\/noticias\\\/author\\\/admin\\\/#author\"},\"image\":{\"@type\":\"ImageObject\",\"url\":947449,\"@id\":\"https:\\\/\\\/www.eldigitaldeasturias.com\\\/noticias\\\/aragon-en-altera-hoy-lunes-por-riesgos-de-incendios-forestales\\\/#mainImage\"},\"primaryImageOfPage\":{\"@id\":\"https:\\\/\\\/www.eldigitaldeasturias.com\\\/noticias\\\/aragon-en-altera-hoy-lunes-por-riesgos-de-incendios-forestales\\\/#mainImage\"},\"datePublished\":\"2017-08-14T12:06:50+02:00\",\"dateModified\":\"2017-08-14T12:06:50+02:00\"},{\"@type\":\"WebSite\",\"@id\":\"https:\\\/\\\/www.eldigitaldeasturias.com\\\/noticias\\\/#website\",\"url\":\"https:\\\/\\\/www.eldigitaldeasturias.com\\\/noticias\\\/\",\"name\":\"El Digital de Asturias - Diario de actualidad y noticias\",\"alternateName\":\"El Digital de Asturias - Diario de actualidad y noticias\",\"description\":\"Hemeroteca\",\"inLanguage\":\"es-ES\",\"publisher\":{\"@id\":\"https:\\\/\\\/www.eldigitaldeasturias.com\\\/noticias\\\/#organization\"}}]}\n\t\t<\/script>\n\t\t<!-- All in One SEO Pro -->\r\n\t\t<title>Arag\u00f3n en altera, hoy lunes, por riesgos de incendios forestales - El Digital de Asturias<\/title>\n\n","aioseo_head_json":{"title":"Arag\u00f3n en altera, hoy lunes, por riesgos de incendios forestales - El Digital de Asturias","description":"La Direcci\u00f3n General de Gesti\u00f3n Forestal informa de que hay establecida para hoy situaci\u00f3n de prealerta roja+ por riesgo de incendios forestales en amplias zonas de Arag\u00f3n: Depresi\u00f3n del Jal\u00f3n, Moncayo y Aranda, Somontano Occidental, Prepirineo Occidental, Muela de Zuera, Muela de Valmadrid, Muela de Alcubierre, Sierras Ib\u00e9ricas Centrales, Somontano Sur, Bajo Ebro Forestal y","canonical_url":"https:\/\/www.eldigitaldeasturias.com\/noticias\/aragon-en-altera-hoy-lunes-por-riesgos-de-incendios-forestales\/","robots":"max-image-preview:large","keywords":"actualidad","webmasterTools":{"google-site-verification":"UA-38556648-1","msvalidate.01":"7dfe9f3f1b24437ab69f4f2559babe99","miscellaneous":""},"schema":{"@context":"https:\/\/schema.org","@graph":[{"@type":"BlogPosting","@id":"https:\/\/www.eldigitaldeasturias.com\/noticias\/aragon-en-altera-hoy-lunes-por-riesgos-de-incendios-forestales\/#blogposting","name":"Arag\u00f3n en altera, hoy lunes, por riesgos de incendios forestales - El Digital de Asturias","headline":"Arag\u00f3n en altera, hoy lunes, por riesgos de incendios forestales","author":{"@id":"https:\/\/www.eldigitaldeasturias.com\/noticias\/author\/admin\/#author"},"publisher":{"@id":"https:\/\/www.eldigitaldeasturias.com\/noticias\/#organization"},"image":{"@type":"ImageObject","url":947449},"datePublished":"2017-08-14T12:06:50+02:00","dateModified":"2017-08-14T12:06:50+02:00","inLanguage":"es-ES","mainEntityOfPage":{"@id":"https:\/\/www.eldigitaldeasturias.com\/noticias\/aragon-en-altera-hoy-lunes-por-riesgos-de-incendios-forestales\/#webpage"},"isPartOf":{"@id":"https:\/\/www.eldigitaldeasturias.com\/noticias\/aragon-en-altera-hoy-lunes-por-riesgos-de-incendios-forestales\/#webpage"},"articleSection":"Actualidad"},{"@type":"BreadcrumbList","@id":"https:\/\/www.eldigitaldeasturias.com\/noticias\/aragon-en-altera-hoy-lunes-por-riesgos-de-incendios-forestales\/#breadcrumblist","itemListElement":[{"@type":"ListItem","@id":"https:\/\/www.eldigitaldeasturias.com\/noticias#listItem","position":1,"name":"Home","item":"https:\/\/www.eldigitaldeasturias.com\/noticias","nextItem":{"@type":"ListItem","@id":"https:\/\/www.eldigitaldeasturias.com\/noticias\/category\/actualidad\/#listItem","name":"Actualidad"}},{"@type":"ListItem","@id":"https:\/\/www.eldigitaldeasturias.com\/noticias\/category\/actualidad\/#listItem","position":2,"name":"Actualidad","item":"https:\/\/www.eldigitaldeasturias.com\/noticias\/category\/actualidad\/","nextItem":{"@type":"ListItem","@id":"https:\/\/www.eldigitaldeasturias.com\/noticias\/aragon-en-altera-hoy-lunes-por-riesgos-de-incendios-forestales\/#listItem","name":"Arag\u00f3n en altera, hoy lunes, por riesgos de incendios forestales"},"previousItem":{"@type":"ListItem","@id":"https:\/\/www.eldigitaldeasturias.com\/noticias#listItem","name":"Home"}},{"@type":"ListItem","@id":"https:\/\/www.eldigitaldeasturias.com\/noticias\/aragon-en-altera-hoy-lunes-por-riesgos-de-incendios-forestales\/#listItem","position":3,"name":"Arag\u00f3n en altera, hoy lunes, por riesgos de incendios forestales","previousItem":{"@type":"ListItem","@id":"https:\/\/www.eldigitaldeasturias.com\/noticias\/category\/actualidad\/#listItem","name":"Actualidad"}}]},{"@type":"Organization","@id":"https:\/\/www.eldigitaldeasturias.com\/noticias\/#organization","name":"El Digital de Asturias","description":"Hemeroteca","url":"https:\/\/www.eldigitaldeasturias.com\/noticias\/","email":"info@eldigitaldeasturias.com","telephone":"+34652131393","logo":{"@type":"ImageObject","url":"https:\/\/www.eldigitaldeasturias.com\/noticias\/wp-content\/uploads\/2020\/12\/EDA.jpg","@id":"https:\/\/www.eldigitaldeasturias.com\/noticias\/aragon-en-altera-hoy-lunes-por-riesgos-de-incendios-forestales\/#organizationLogo"},"image":{"@id":"https:\/\/www.eldigitaldeasturias.com\/noticias\/aragon-en-altera-hoy-lunes-por-riesgos-de-incendios-forestales\/#organizationLogo"},"sameAs":["https:\/\/facebook.com\/eldigitaldeasturias","https:\/\/www.youtube.com\/channel\/UCZP-2wLEB9Rv6erhFmqVnvg"],"address":{"@id":"https:\/\/www.eldigitaldeasturias.com\/noticias\/#postaladdress","@type":"PostalAddress","streetAddress":"san antonio 4","postalCode":"33430","addressLocality":"Cand\u00e1s","addressRegion":"Asturias","addressCountry":"ES"}},{"@type":"Person","@id":"https:\/\/www.eldigitaldeasturias.com\/noticias\/author\/admin\/#author","url":"https:\/\/www.eldigitaldeasturias.com\/noticias\/author\/admin\/","name":"El Digital de Asturias","image":{"@type":"ImageObject","@id":"https:\/\/www.eldigitaldeasturias.com\/noticias\/aragon-en-altera-hoy-lunes-por-riesgos-de-incendios-forestales\/#authorImage","url":"https:\/\/secure.gravatar.com\/avatar\/df2aeffc32bcd13f8d26072ef8a91b623d677766deac7f97ca815868cd41bf5e?s=96&d=mm&r=g","width":96,"height":96,"caption":"El Digital de Asturias"}},{"@type":"WebPage","@id":"https:\/\/www.eldigitaldeasturias.com\/noticias\/aragon-en-altera-hoy-lunes-por-riesgos-de-incendios-forestales\/#webpage","url":"https:\/\/www.eldigitaldeasturias.com\/noticias\/aragon-en-altera-hoy-lunes-por-riesgos-de-incendios-forestales\/","name":"Arag\u00f3n en altera, hoy lunes, por riesgos de incendios forestales - El Digital de Asturias","description":"La Direcci\u00f3n General de Gesti\u00f3n Forestal informa de que hay establecida para hoy situaci\u00f3n de prealerta roja+ por riesgo de incendios forestales en amplias zonas de Arag\u00f3n: Depresi\u00f3n del Jal\u00f3n, Moncayo y Aranda, Somontano Occidental, Prepirineo Occidental, Muela de Zuera, Muela de Valmadrid, Muela de Alcubierre, Sierras Ib\u00e9ricas Centrales, Somontano Sur, Bajo Ebro Forestal y","inLanguage":"es-ES","isPartOf":{"@id":"https:\/\/www.eldigitaldeasturias.com\/noticias\/#website"},"breadcrumb":{"@id":"https:\/\/www.eldigitaldeasturias.com\/noticias\/aragon-en-altera-hoy-lunes-por-riesgos-de-incendios-forestales\/#breadcrumblist"},"author":{"@id":"https:\/\/www.eldigitaldeasturias.com\/noticias\/author\/admin\/#author"},"creator":{"@id":"https:\/\/www.eldigitaldeasturias.com\/noticias\/author\/admin\/#author"},"image":{"@type":"ImageObject","url":947449,"@id":"https:\/\/www.eldigitaldeasturias.com\/noticias\/aragon-en-altera-hoy-lunes-por-riesgos-de-incendios-forestales\/#mainImage"},"primaryImageOfPage":{"@id":"https:\/\/www.eldigitaldeasturias.com\/noticias\/aragon-en-altera-hoy-lunes-por-riesgos-de-incendios-forestales\/#mainImage"},"datePublished":"2017-08-14T12:06:50+02:00","dateModified":"2017-08-14T12:06:50+02:00"},{"@type":"WebSite","@id":"https:\/\/www.eldigitaldeasturias.com\/noticias\/#website","url":"https:\/\/www.eldigitaldeasturias.com\/noticias\/","name":"El Digital de Asturias - Diario de actualidad y noticias","alternateName":"El Digital de Asturias - Diario de actualidad y noticias","description":"Hemeroteca","inLanguage":"es-ES","publisher":{"@id":"https:\/\/www.eldigitaldeasturias.com\/noticias\/#organization"}}]},"og:locale":"es_ES","og:site_name":"El Digital de Asturias","og:type":"article","og:title":"Arag\u00f3n en altera, hoy lunes, por riesgos de incendios forestales - El Digital de Asturias","og:description":"La Direcci\u00f3n General de Gesti\u00f3n Forestal informa de que hay establecida para hoy situaci\u00f3n de prealerta roja+ por riesgo de incendios forestales en amplias zonas de Arag\u00f3n: Depresi\u00f3n del Jal\u00f3n, Moncayo y Aranda, Somontano Occidental, Prepirineo Occidental, Muela de Zuera, Muela de Valmadrid, Muela de Alcubierre, Sierras Ib\u00e9ricas Centrales, Somontano Sur, Bajo Ebro Forestal y","og:url":"https:\/\/www.eldigitaldeasturias.com\/noticias\/aragon-en-altera-hoy-lunes-por-riesgos-de-incendios-forestales\/","article:tag":["actualidad"],"article:published_time":"2017-08-14T12:06:50+00:00","article:modified_time":"2017-08-14T12:06:50+00:00","article:publisher":"https:\/\/facebook.com\/eldigitaldeasturias","twitter:card":"summary_large_image","twitter:title":"Arag\u00f3n en altera, hoy lunes, por riesgos de incendios forestales - El Digital de Asturias","twitter:description":"La Direcci\u00f3n General de Gesti\u00f3n Forestal informa de que hay establecida para hoy situaci\u00f3n de prealerta roja+ por riesgo de incendios forestales en amplias zonas de Arag\u00f3n: Depresi\u00f3n del Jal\u00f3n, Moncayo y Aranda, Somontano Occidental, Prepirineo Occidental, Muela de Zuera, Muela de Valmadrid, Muela de Alcubierre, Sierras Ib\u00e9ricas Centrales, Somontano Sur, Bajo Ebro Forestal y","twitter:image":"https:\/\/www.eldigitaldeasturias.com\/noticias\/wp-content\/uploads\/2020\/12\/EDA-1.jpg","twitter:label1":"Escrito por","twitter:data1":"El Digital de Asturias","twitter:label2":"Tiempo de lectura estimado","twitter:data2":"1 minuto"},"aioseo_meta_data":{"post_id":"949761","title":null,"description":null,"keywords":null,"keyphrases":null,"primary_term":null,"canonical_url":null,"og_title":null,"og_description":null,"og_object_type":"default","og_image_type":"default","og_image_url":null,"og_image_width":null,"og_image_height":null,"og_image_custom_url":null,"og_image_custom_fields":null,"og_video":null,"og_custom_url":null,"og_article_section":null,"og_article_tags":null,"twitter_use_og":false,"twitter_card":"default","twitter_image_type":"default","twitter_image_url":null,"twitter_image_custom_url":null,"twitter_image_custom_fields":null,"twitter_title":null,"twitter_description":null,"schema":{"blockGraphs":[],"customGraphs":[],"default":{"data":{"Article":[],"Course":[],"Dataset":[],"FAQPage":[],"Movie":[],"Person":[],"Product":[],"ProductReview":[],"Car":[],"Recipe":[],"Service":[],"SoftwareApplication":[],"WebPage":[]},"graphName":"","isEnabled":true},"graphs":[],"defaultGraph":"","defaultPostTypeGraph":""},"schema_type":null,"schema_type_options":null,"pillar_content":false,"robots_default":true,"robots_noindex":false,"robots_noarchive":false,"robots_nosnippet":false,"robots_nofollow":false,"robots_noimageindex":false,"robots_noodp":false,"robots_notranslate":false,"robots_max_snippet":null,"robots_max_videopreview":null,"robots_max_imagepreview":"large","priority":null,"frequency":null,"local_seo":null,"seo_analyzer_scan_date":"2025-12-05 13:31:11","breadcrumb_settings":null,"limit_modified_date":false,"open_ai":null,"ai":null,"created":"2020-12-21 13:01:37","updated":"2025-12-05 13:31:11","focus_keyword":null,"additional_keywords":null,"truseo_locale":null},"aioseo_breadcrumb":"<div class=\"aioseo-breadcrumbs\"><span class=\"aioseo-breadcrumb\">\n\t<a href=\"https:\/\/www.eldigitaldeasturias.com\/noticias\" title=\"Home\">Home<\/a>\n<\/span><span class=\"aioseo-breadcrumb-separator\">\u2013<\/span><span class=\"aioseo-breadcrumb\">\n\t<a href=\"https:\/\/www.eldigitaldeasturias.com\/noticias\/category\/actualidad\/\" title=\"Actualidad\">Actualidad<\/a>\n<\/span><span class=\"aioseo-breadcrumb-separator\">\u2013<\/span><span class=\"aioseo-breadcrumb\">\n\t<a href=\"https:\/\/www.eldigitaldeasturias.com\/noticias\/aragon-en-altera-hoy-lunes-por-riesgos-de-incendios-forestales\/\" title=\"Arag\u00f3n en altera, hoy lunes, por riesgos de incendios forestales\">Arag\u00f3n en altera, hoy lunes, por riesgos de incendios forestales<\/a>\n<\/span><\/div>","aioseo_breadcrumb_json":[{"label":"Home","link":"https:\/\/www.eldigitaldeasturias.com\/noticias"},{"label":"Actualidad","link":"https:\/\/www.eldigitaldeasturias.com\/noticias\/category\/actualidad\/"},{"label":"Arag\u00f3n en altera, hoy lunes, por riesgos de incendios forestales","link":"https:\/\/www.eldigitaldeasturias.com\/noticias\/aragon-en-altera-hoy-lunes-por-riesgos-de-incendios-forestales\/"}],"_links":{"self":[{"href":"https:\/\/www.eldigitaldeasturias.com\/noticias\/wp-json\/wp\/v2\/posts\/949761","targetHints":{"allow":["GET"]}}],"collection":[{"href":"https:\/\/www.eldigitaldeasturias.com\/noticias\/wp-json\/wp\/v2\/posts"}],"about":[{"href":"https:\/\/www.eldigitaldeasturias.com\/noticias\/wp-json\/wp\/v2\/types\/post"}],"author":[{"embeddable":true,"href":"https:\/\/www.eldigitaldeasturias.com\/noticias\/wp-json\/wp\/v2\/users\/1"}],"replies":[{"embeddable":true,"href":"https:\/\/www.eldigitaldeasturias.com\/noticias\/wp-json\/wp\/v2\/comments?post=949761"}],"version-history":[{"count":0,"href":"https:\/\/www.eldigitaldeasturias.com\/noticias\/wp-json\/wp\/v2\/posts\/949761\/revisions"}],"wp:attachment":[{"href":"https:\/\/www.eldigitaldeasturias.com\/noticias\/wp-json\/wp\/v2\/media?parent=949761"}],"wp:term":[{"taxonomy":"category","embeddable":true,"href":"https:\/\/www.eldigitaldeasturias.com\/noticias\/wp-json\/wp\/v2\/categories?post=949761"},{"taxonomy":"post_tag","embeddable":true,"href":"https:\/\/www.eldigitaldeasturias.com\/noticias\/wp-json\/wp\/v2\/tags?post=949761"}],"curies":[{"name":"wp","href":"https:\/\/api.w.org\/{rel}","templated":true}]}}