{"id":949736,"date":"2017-08-13T21:55:02","date_gmt":"2017-08-13T21:55:02","guid":{"rendered":"http:\/\/www.eldigitaldeasturias.com\/noticias\/?p=949736"},"modified":"2017-08-13T21:55:02","modified_gmt":"2017-08-13T21:55:02","slug":"aragon-celebra-el-dia-internacional-de-la-juventud","status":"publish","type":"post","link":"https:\/\/www.eldigitaldeasturias.com\/noticias\/aragon-celebra-el-dia-internacional-de-la-juventud\/","title":{"rendered":"Arag\u00f3n celebra el D\u00eda Internacional de la Juventud"},"content":{"rendered":"<p><img loading=\"lazy\" decoding=\"async\" class=\"alignleft size-medium wp-image-949737\" src=\"https:\/\/www.eldigitaldeasturias.com\/noticias\/wp-content\/uploads\/2017\/08\/535551b2-360x243.jpg\" alt=\"\" width=\"360\" height=\"243\" \/>El 16% de la poblaci\u00f3n aragonesa -213.764 personas- tiene entre 14 y 30 a\u00f1os, porcentaje que sube al 23% si incluimos a las personas de hasta 35 a\u00f1os -299.979-. Las mujeres representan el 51%. Hoy se celebra el D\u00eda Internacional de la Juventud, que tiene como objetivo poner el \u00e9nfasis en esta parte de la poblaci\u00f3n como motor de futuro. Este a\u00f1o, Naciones Unidas centra el mensaje en su capacidad para participar en la configuraci\u00f3n de una paz verdadera y contribuir a la prevenci\u00f3n y la transformaci\u00f3n de los conflictos, la inclusi\u00f3n, la justicia social, la reconciliaci\u00f3n y la paz sostenible.<\/p>\n<p>El director gerente del Instituto Aragon\u00e9s de la Juventud, Adri\u00e1n Gimeno, ha explicado que en este d\u00eda se pone de relieve \u201ccomo los j\u00f3venes son agentes de cambio para mejorar nuestro mundo. Est\u00e1n inmersos en la sociedad, quieren dar un paso adelante y quieren ser los protagonistas\u201d.<\/p>\n<p>En este sentido, Gimeno ha resaltado la implicaci\u00f3n de este colectivo en iniciativas sociales y de voluntariado, como los campos de trabajo. En Arag\u00f3n, el IAJ ha ofertado este verano 240 plazas en 12 campos, de los cuales 4 son internacionales. Seis de estos campos se localizan en la provincia de Huesca -Aineto, Canfranc, Gri\u00e9bal, Huesca, Is\u00edn y San Esteban de Litera-, tres en Teruel -Alcorisa, Andorra y Peracense- y otros tantos en Zaragoza \u2013Cerveruela, Torrellas y Mun\u00e9brega.<\/p>\n<p><strong>Radiograf\u00eda de los j\u00f3venes aragoneses<\/strong><\/p>\n<p>Seg\u00fan los datos de la encuesta de poblaci\u00f3n activa en menores de 30 a\u00f1os correspondiente al primer trimestre de 2017, en Arag\u00f3n la tasa de emancipaci\u00f3n de este colectivo est\u00e1 en el 21\u00b493%, la de actividad en el 56\u00b452%, la de empleo en el 42\u00b421%, la de temporalidad en el 46\u00b480% y la de inactividad en el 43\u00b448%. En cuanto a los datos de paro, a julio de 2017 hab\u00eda 11.871 j\u00f3venes parados de hasta 30 a\u00f1os.<\/p>\n<p>Por otro lado, se aprecia ya un cambio en las tendencias si se habla de emprendedores aragoneses. Frente a edades m\u00e1s adultas, donde mayoritariamente los emprendedores son varones, en la poblaci\u00f3n joven sucede lo contrario: un 60\u00b47% son mujeres frente al 39\u00b43% de hombres. La edad media de estas personas es de 30\u00b49 a\u00f1os con un nivel de estudios de Formaci\u00f3n Profesional. Solamente el 17\u00b49% dispone de formaci\u00f3n espec\u00edfica para emprender y el nivel de renta media oscila entre los 30.000 y 40.000 euros anuales.<\/p>\n<p>Po \u00faltimo, en el \u00e1mbito de las actividades deportivas, un 64% de los j\u00f3venes practica deporte regularmente. Generalmente se realiza al aire libre en los parques, en casa o en el camino entre casa\/escuela o casa\/trabajo. La principal motivaci\u00f3n es estar en forma, seguido de diversi\u00f3n o entretenimiento y de relajaci\u00f3n o motivos de salud.<\/p>\n<p>&nbsp;<\/p>\n<p>&nbsp;<\/p>\n<p>&nbsp;<\/p>\n","protected":false},"excerpt":{"rendered":"<p>El 16% de la poblaci\u00f3n aragonesa -213.764 personas- tiene entre 14 y 30 a\u00f1os, porcentaje que sube al 23% si incluimos a las personas de hasta 35 a\u00f1os -299.979-. Las mujeres representan el 51%. Hoy se celebra el D\u00eda Internacional de la Juventud, que tiene como objetivo poner el \u00e9nfasis en esta parte de la [&hellip;]<\/p>\n","protected":false},"author":1,"featured_media":949737,"comment_status":"closed","ping_status":"closed","sticky":false,"template":"","format":"standard","meta":{"footnotes":""},"categories":[1],"tags":[],"class_list":["post-949736","post","type-post","status-publish","format-standard","has-post-thumbnail","hentry","category-actualidad"],"aioseo_notices":[],"aioseo_head":"\n\t\t<!-- All in One SEO Pro 5.0.1 - aioseo.com -->\n\t<meta name=\"description\" content=\"El 16% de la poblaci\u00f3n aragonesa -213.764 personas- tiene entre 14 y 30 a\u00f1os, porcentaje que sube al 23% si incluimos a las personas de hasta 35 a\u00f1os -299.979-. Las mujeres representan el 51%. Hoy se celebra el D\u00eda Internacional de la Juventud, que tiene como objetivo poner el \u00e9nfasis en esta parte de la\" \/>\n\t<meta name=\"robots\" content=\"max-image-preview:large\" \/>\n\t<meta name=\"author\" content=\"El Digital de Asturias\"\/>\n\t<meta name=\"google-site-verification\" content=\"UA-38556648-1\" \/>\n\t<meta name=\"msvalidate.01\" content=\"7dfe9f3f1b24437ab69f4f2559babe99\" \/>\n\t<meta name=\"keywords\" content=\"actualidad\" \/>\n\t<link rel=\"canonical\" href=\"https:\/\/www.eldigitaldeasturias.com\/noticias\/aragon-celebra-el-dia-internacional-de-la-juventud\/\" \/>\n\t<meta name=\"generator\" content=\"All in One SEO Pro (AIOSEO) 5.0.1\" \/>\n\t\t<meta property=\"og:locale\" content=\"es_ES\" \/>\n\t\t<meta property=\"og:site_name\" content=\"El Digital de Asturias\" \/>\n\t\t<meta property=\"og:type\" content=\"article\" \/>\n\t\t<meta property=\"og:title\" content=\"Arag\u00f3n celebra el D\u00eda Internacional de la Juventud - El Digital de Asturias\" \/>\n\t\t<meta property=\"og:description\" content=\"El 16% de la poblaci\u00f3n aragonesa -213.764 personas- tiene entre 14 y 30 a\u00f1os, porcentaje que sube al 23% si incluimos a las personas de hasta 35 a\u00f1os -299.979-. Las mujeres representan el 51%. Hoy se celebra el D\u00eda Internacional de la Juventud, que tiene como objetivo poner el \u00e9nfasis en esta parte de la\" \/>\n\t\t<meta property=\"og:url\" content=\"https:\/\/www.eldigitaldeasturias.com\/noticias\/aragon-celebra-el-dia-internacional-de-la-juventud\/\" \/>\n\t\t<meta property=\"article:tag\" content=\"actualidad\" \/>\n\t\t<meta property=\"article:published_time\" content=\"2017-08-13T21:55:02+00:00\" \/>\n\t\t<meta property=\"article:modified_time\" content=\"2017-08-13T21:55:02+00:00\" \/>\n\t\t<meta property=\"article:publisher\" content=\"https:\/\/facebook.com\/eldigitaldeasturias\" \/>\n\t\t<meta name=\"twitter:card\" content=\"summary_large_image\" \/>\n\t\t<meta name=\"twitter:title\" content=\"Arag\u00f3n celebra el D\u00eda Internacional de la Juventud - El Digital de Asturias\" \/>\n\t\t<meta name=\"twitter:description\" content=\"El 16% de la poblaci\u00f3n aragonesa -213.764 personas- tiene entre 14 y 30 a\u00f1os, porcentaje que sube al 23% si incluimos a las personas de hasta 35 a\u00f1os -299.979-. Las mujeres representan el 51%. Hoy se celebra el D\u00eda Internacional de la Juventud, que tiene como objetivo poner el \u00e9nfasis en esta parte de la\" \/>\n\t\t<meta name=\"twitter:image\" content=\"https:\/\/www.eldigitaldeasturias.com\/noticias\/wp-content\/uploads\/2020\/12\/EDA-1.jpg\" \/>\n\t\t<meta name=\"twitter:label1\" content=\"Escrito por\" \/>\n\t\t<meta name=\"twitter:data1\" content=\"El Digital de Asturias\" \/>\n\t\t<meta name=\"twitter:label2\" content=\"Tiempo de lectura estimado\" \/>\n\t\t<meta name=\"twitter:data2\" content=\"2 minutos\" \/>\n\t\t<script type=\"application\/ld+json\" class=\"aioseo-schema\">\n\t\t\t{\"@context\":\"https:\\\/\\\/schema.org\",\"@graph\":[{\"@type\":\"BlogPosting\",\"@id\":\"https:\\\/\\\/www.eldigitaldeasturias.com\\\/noticias\\\/aragon-celebra-el-dia-internacional-de-la-juventud\\\/#blogposting\",\"name\":\"Arag\\u00f3n celebra el D\\u00eda Internacional de la Juventud - El Digital de Asturias\",\"headline\":\"Arag\\u00f3n celebra el D\\u00eda Internacional de la Juventud\",\"author\":{\"@id\":\"https:\\\/\\\/www.eldigitaldeasturias.com\\\/noticias\\\/author\\\/admin\\\/#author\"},\"publisher\":{\"@id\":\"https:\\\/\\\/www.eldigitaldeasturias.com\\\/noticias\\\/#organization\"},\"image\":{\"@type\":\"ImageObject\",\"url\":949737},\"datePublished\":\"2017-08-13T21:55:02+02:00\",\"dateModified\":\"2017-08-13T21:55:02+02:00\",\"inLanguage\":\"es-ES\",\"mainEntityOfPage\":{\"@id\":\"https:\\\/\\\/www.eldigitaldeasturias.com\\\/noticias\\\/aragon-celebra-el-dia-internacional-de-la-juventud\\\/#webpage\"},\"isPartOf\":{\"@id\":\"https:\\\/\\\/www.eldigitaldeasturias.com\\\/noticias\\\/aragon-celebra-el-dia-internacional-de-la-juventud\\\/#webpage\"},\"articleSection\":\"Actualidad\"},{\"@type\":\"BreadcrumbList\",\"@id\":\"https:\\\/\\\/www.eldigitaldeasturias.com\\\/noticias\\\/aragon-celebra-el-dia-internacional-de-la-juventud\\\/#breadcrumblist\",\"itemListElement\":[{\"@type\":\"ListItem\",\"@id\":\"https:\\\/\\\/www.eldigitaldeasturias.com\\\/noticias#listItem\",\"position\":1,\"name\":\"Home\",\"item\":\"https:\\\/\\\/www.eldigitaldeasturias.com\\\/noticias\",\"nextItem\":{\"@type\":\"ListItem\",\"@id\":\"https:\\\/\\\/www.eldigitaldeasturias.com\\\/noticias\\\/category\\\/actualidad\\\/#listItem\",\"name\":\"Actualidad\"}},{\"@type\":\"ListItem\",\"@id\":\"https:\\\/\\\/www.eldigitaldeasturias.com\\\/noticias\\\/category\\\/actualidad\\\/#listItem\",\"position\":2,\"name\":\"Actualidad\",\"item\":\"https:\\\/\\\/www.eldigitaldeasturias.com\\\/noticias\\\/category\\\/actualidad\\\/\",\"nextItem\":{\"@type\":\"ListItem\",\"@id\":\"https:\\\/\\\/www.eldigitaldeasturias.com\\\/noticias\\\/aragon-celebra-el-dia-internacional-de-la-juventud\\\/#listItem\",\"name\":\"Arag\\u00f3n celebra el D\\u00eda Internacional de la Juventud\"},\"previousItem\":{\"@type\":\"ListItem\",\"@id\":\"https:\\\/\\\/www.eldigitaldeasturias.com\\\/noticias#listItem\",\"name\":\"Home\"}},{\"@type\":\"ListItem\",\"@id\":\"https:\\\/\\\/www.eldigitaldeasturias.com\\\/noticias\\\/aragon-celebra-el-dia-internacional-de-la-juventud\\\/#listItem\",\"position\":3,\"name\":\"Arag\\u00f3n celebra el D\\u00eda Internacional de la Juventud\",\"previousItem\":{\"@type\":\"ListItem\",\"@id\":\"https:\\\/\\\/www.eldigitaldeasturias.com\\\/noticias\\\/category\\\/actualidad\\\/#listItem\",\"name\":\"Actualidad\"}}]},{\"@type\":\"Organization\",\"@id\":\"https:\\\/\\\/www.eldigitaldeasturias.com\\\/noticias\\\/#organization\",\"name\":\"El Digital de Asturias\",\"description\":\"Hemeroteca\",\"url\":\"https:\\\/\\\/www.eldigitaldeasturias.com\\\/noticias\\\/\",\"email\":\"info@eldigitaldeasturias.com\",\"telephone\":\"+34652131393\",\"logo\":{\"@type\":\"ImageObject\",\"url\":\"https:\\\/\\\/www.eldigitaldeasturias.com\\\/noticias\\\/wp-content\\\/uploads\\\/2020\\\/12\\\/EDA.jpg\",\"@id\":\"https:\\\/\\\/www.eldigitaldeasturias.com\\\/noticias\\\/aragon-celebra-el-dia-internacional-de-la-juventud\\\/#organizationLogo\"},\"image\":{\"@id\":\"https:\\\/\\\/www.eldigitaldeasturias.com\\\/noticias\\\/aragon-celebra-el-dia-internacional-de-la-juventud\\\/#organizationLogo\"},\"sameAs\":[\"https:\\\/\\\/facebook.com\\\/eldigitaldeasturias\",\"https:\\\/\\\/www.youtube.com\\\/channel\\\/UCZP-2wLEB9Rv6erhFmqVnvg\"],\"address\":{\"@id\":\"https:\\\/\\\/www.eldigitaldeasturias.com\\\/noticias\\\/#postaladdress\",\"@type\":\"PostalAddress\",\"streetAddress\":\"san antonio 4\",\"postalCode\":\"33430\",\"addressLocality\":\"Cand\\u00e1s\",\"addressRegion\":\"Asturias\",\"addressCountry\":\"ES\"}},{\"@type\":\"Person\",\"@id\":\"https:\\\/\\\/www.eldigitaldeasturias.com\\\/noticias\\\/author\\\/admin\\\/#author\",\"url\":\"https:\\\/\\\/www.eldigitaldeasturias.com\\\/noticias\\\/author\\\/admin\\\/\",\"name\":\"El Digital de Asturias\",\"image\":{\"@type\":\"ImageObject\",\"@id\":\"https:\\\/\\\/www.eldigitaldeasturias.com\\\/noticias\\\/aragon-celebra-el-dia-internacional-de-la-juventud\\\/#authorImage\",\"url\":\"https:\\\/\\\/secure.gravatar.com\\\/avatar\\\/df2aeffc32bcd13f8d26072ef8a91b623d677766deac7f97ca815868cd41bf5e?s=96&d=mm&r=g\",\"width\":96,\"height\":96,\"caption\":\"El Digital de Asturias\"}},{\"@type\":\"WebPage\",\"@id\":\"https:\\\/\\\/www.eldigitaldeasturias.com\\\/noticias\\\/aragon-celebra-el-dia-internacional-de-la-juventud\\\/#webpage\",\"url\":\"https:\\\/\\\/www.eldigitaldeasturias.com\\\/noticias\\\/aragon-celebra-el-dia-internacional-de-la-juventud\\\/\",\"name\":\"Arag\\u00f3n celebra el D\\u00eda Internacional de la Juventud - El Digital de Asturias\",\"description\":\"El 16% de la poblaci\\u00f3n aragonesa -213.764 personas- tiene entre 14 y 30 a\\u00f1os, porcentaje que sube al 23% si incluimos a las personas de hasta 35 a\\u00f1os -299.979-. Las mujeres representan el 51%. Hoy se celebra el D\\u00eda Internacional de la Juventud, que tiene como objetivo poner el \\u00e9nfasis en esta parte de la\",\"inLanguage\":\"es-ES\",\"isPartOf\":{\"@id\":\"https:\\\/\\\/www.eldigitaldeasturias.com\\\/noticias\\\/#website\"},\"breadcrumb\":{\"@id\":\"https:\\\/\\\/www.eldigitaldeasturias.com\\\/noticias\\\/aragon-celebra-el-dia-internacional-de-la-juventud\\\/#breadcrumblist\"},\"author\":{\"@id\":\"https:\\\/\\\/www.eldigitaldeasturias.com\\\/noticias\\\/author\\\/admin\\\/#author\"},\"creator\":{\"@id\":\"https:\\\/\\\/www.eldigitaldeasturias.com\\\/noticias\\\/author\\\/admin\\\/#author\"},\"image\":{\"@type\":\"ImageObject\",\"url\":949737,\"@id\":\"https:\\\/\\\/www.eldigitaldeasturias.com\\\/noticias\\\/aragon-celebra-el-dia-internacional-de-la-juventud\\\/#mainImage\"},\"primaryImageOfPage\":{\"@id\":\"https:\\\/\\\/www.eldigitaldeasturias.com\\\/noticias\\\/aragon-celebra-el-dia-internacional-de-la-juventud\\\/#mainImage\"},\"datePublished\":\"2017-08-13T21:55:02+02:00\",\"dateModified\":\"2017-08-13T21:55:02+02:00\"},{\"@type\":\"WebSite\",\"@id\":\"https:\\\/\\\/www.eldigitaldeasturias.com\\\/noticias\\\/#website\",\"url\":\"https:\\\/\\\/www.eldigitaldeasturias.com\\\/noticias\\\/\",\"name\":\"El Digital de Asturias - Diario de actualidad y noticias\",\"alternateName\":\"El Digital de Asturias - Diario de actualidad y noticias\",\"description\":\"Hemeroteca\",\"inLanguage\":\"es-ES\",\"publisher\":{\"@id\":\"https:\\\/\\\/www.eldigitaldeasturias.com\\\/noticias\\\/#organization\"}}]}\n\t\t<\/script>\n\t\t<!-- All in One SEO Pro -->\r\n\t\t<title>Arag\u00f3n celebra el D\u00eda Internacional de la Juventud - El Digital de Asturias<\/title>\n\n","aioseo_head_json":{"title":"Arag\u00f3n celebra el D\u00eda Internacional de la Juventud - El Digital de Asturias","description":"El 16% de la poblaci\u00f3n aragonesa -213.764 personas- tiene entre 14 y 30 a\u00f1os, porcentaje que sube al 23% si incluimos a las personas de hasta 35 a\u00f1os -299.979-. Las mujeres representan el 51%. Hoy se celebra el D\u00eda Internacional de la Juventud, que tiene como objetivo poner el \u00e9nfasis en esta parte de la","canonical_url":"https:\/\/www.eldigitaldeasturias.com\/noticias\/aragon-celebra-el-dia-internacional-de-la-juventud\/","robots":"max-image-preview:large","keywords":"actualidad","webmasterTools":{"google-site-verification":"UA-38556648-1","msvalidate.01":"7dfe9f3f1b24437ab69f4f2559babe99","miscellaneous":""},"schema":{"@context":"https:\/\/schema.org","@graph":[{"@type":"BlogPosting","@id":"https:\/\/www.eldigitaldeasturias.com\/noticias\/aragon-celebra-el-dia-internacional-de-la-juventud\/#blogposting","name":"Arag\u00f3n celebra el D\u00eda Internacional de la Juventud - El Digital de Asturias","headline":"Arag\u00f3n celebra el D\u00eda Internacional de la Juventud","author":{"@id":"https:\/\/www.eldigitaldeasturias.com\/noticias\/author\/admin\/#author"},"publisher":{"@id":"https:\/\/www.eldigitaldeasturias.com\/noticias\/#organization"},"image":{"@type":"ImageObject","url":949737},"datePublished":"2017-08-13T21:55:02+02:00","dateModified":"2017-08-13T21:55:02+02:00","inLanguage":"es-ES","mainEntityOfPage":{"@id":"https:\/\/www.eldigitaldeasturias.com\/noticias\/aragon-celebra-el-dia-internacional-de-la-juventud\/#webpage"},"isPartOf":{"@id":"https:\/\/www.eldigitaldeasturias.com\/noticias\/aragon-celebra-el-dia-internacional-de-la-juventud\/#webpage"},"articleSection":"Actualidad"},{"@type":"BreadcrumbList","@id":"https:\/\/www.eldigitaldeasturias.com\/noticias\/aragon-celebra-el-dia-internacional-de-la-juventud\/#breadcrumblist","itemListElement":[{"@type":"ListItem","@id":"https:\/\/www.eldigitaldeasturias.com\/noticias#listItem","position":1,"name":"Home","item":"https:\/\/www.eldigitaldeasturias.com\/noticias","nextItem":{"@type":"ListItem","@id":"https:\/\/www.eldigitaldeasturias.com\/noticias\/category\/actualidad\/#listItem","name":"Actualidad"}},{"@type":"ListItem","@id":"https:\/\/www.eldigitaldeasturias.com\/noticias\/category\/actualidad\/#listItem","position":2,"name":"Actualidad","item":"https:\/\/www.eldigitaldeasturias.com\/noticias\/category\/actualidad\/","nextItem":{"@type":"ListItem","@id":"https:\/\/www.eldigitaldeasturias.com\/noticias\/aragon-celebra-el-dia-internacional-de-la-juventud\/#listItem","name":"Arag\u00f3n celebra el D\u00eda Internacional de la Juventud"},"previousItem":{"@type":"ListItem","@id":"https:\/\/www.eldigitaldeasturias.com\/noticias#listItem","name":"Home"}},{"@type":"ListItem","@id":"https:\/\/www.eldigitaldeasturias.com\/noticias\/aragon-celebra-el-dia-internacional-de-la-juventud\/#listItem","position":3,"name":"Arag\u00f3n celebra el D\u00eda Internacional de la Juventud","previousItem":{"@type":"ListItem","@id":"https:\/\/www.eldigitaldeasturias.com\/noticias\/category\/actualidad\/#listItem","name":"Actualidad"}}]},{"@type":"Organization","@id":"https:\/\/www.eldigitaldeasturias.com\/noticias\/#organization","name":"El Digital de Asturias","description":"Hemeroteca","url":"https:\/\/www.eldigitaldeasturias.com\/noticias\/","email":"info@eldigitaldeasturias.com","telephone":"+34652131393","logo":{"@type":"ImageObject","url":"https:\/\/www.eldigitaldeasturias.com\/noticias\/wp-content\/uploads\/2020\/12\/EDA.jpg","@id":"https:\/\/www.eldigitaldeasturias.com\/noticias\/aragon-celebra-el-dia-internacional-de-la-juventud\/#organizationLogo"},"image":{"@id":"https:\/\/www.eldigitaldeasturias.com\/noticias\/aragon-celebra-el-dia-internacional-de-la-juventud\/#organizationLogo"},"sameAs":["https:\/\/facebook.com\/eldigitaldeasturias","https:\/\/www.youtube.com\/channel\/UCZP-2wLEB9Rv6erhFmqVnvg"],"address":{"@id":"https:\/\/www.eldigitaldeasturias.com\/noticias\/#postaladdress","@type":"PostalAddress","streetAddress":"san antonio 4","postalCode":"33430","addressLocality":"Cand\u00e1s","addressRegion":"Asturias","addressCountry":"ES"}},{"@type":"Person","@id":"https:\/\/www.eldigitaldeasturias.com\/noticias\/author\/admin\/#author","url":"https:\/\/www.eldigitaldeasturias.com\/noticias\/author\/admin\/","name":"El Digital de Asturias","image":{"@type":"ImageObject","@id":"https:\/\/www.eldigitaldeasturias.com\/noticias\/aragon-celebra-el-dia-internacional-de-la-juventud\/#authorImage","url":"https:\/\/secure.gravatar.com\/avatar\/df2aeffc32bcd13f8d26072ef8a91b623d677766deac7f97ca815868cd41bf5e?s=96&d=mm&r=g","width":96,"height":96,"caption":"El Digital de Asturias"}},{"@type":"WebPage","@id":"https:\/\/www.eldigitaldeasturias.com\/noticias\/aragon-celebra-el-dia-internacional-de-la-juventud\/#webpage","url":"https:\/\/www.eldigitaldeasturias.com\/noticias\/aragon-celebra-el-dia-internacional-de-la-juventud\/","name":"Arag\u00f3n celebra el D\u00eda Internacional de la Juventud - El Digital de Asturias","description":"El 16% de la poblaci\u00f3n aragonesa -213.764 personas- tiene entre 14 y 30 a\u00f1os, porcentaje que sube al 23% si incluimos a las personas de hasta 35 a\u00f1os -299.979-. Las mujeres representan el 51%. Hoy se celebra el D\u00eda Internacional de la Juventud, que tiene como objetivo poner el \u00e9nfasis en esta parte de la","inLanguage":"es-ES","isPartOf":{"@id":"https:\/\/www.eldigitaldeasturias.com\/noticias\/#website"},"breadcrumb":{"@id":"https:\/\/www.eldigitaldeasturias.com\/noticias\/aragon-celebra-el-dia-internacional-de-la-juventud\/#breadcrumblist"},"author":{"@id":"https:\/\/www.eldigitaldeasturias.com\/noticias\/author\/admin\/#author"},"creator":{"@id":"https:\/\/www.eldigitaldeasturias.com\/noticias\/author\/admin\/#author"},"image":{"@type":"ImageObject","url":949737,"@id":"https:\/\/www.eldigitaldeasturias.com\/noticias\/aragon-celebra-el-dia-internacional-de-la-juventud\/#mainImage"},"primaryImageOfPage":{"@id":"https:\/\/www.eldigitaldeasturias.com\/noticias\/aragon-celebra-el-dia-internacional-de-la-juventud\/#mainImage"},"datePublished":"2017-08-13T21:55:02+02:00","dateModified":"2017-08-13T21:55:02+02:00"},{"@type":"WebSite","@id":"https:\/\/www.eldigitaldeasturias.com\/noticias\/#website","url":"https:\/\/www.eldigitaldeasturias.com\/noticias\/","name":"El Digital de Asturias - Diario de actualidad y noticias","alternateName":"El Digital de Asturias - Diario de actualidad y noticias","description":"Hemeroteca","inLanguage":"es-ES","publisher":{"@id":"https:\/\/www.eldigitaldeasturias.com\/noticias\/#organization"}}]},"og:locale":"es_ES","og:site_name":"El Digital de Asturias","og:type":"article","og:title":"Arag\u00f3n celebra el D\u00eda Internacional de la Juventud - El Digital de Asturias","og:description":"El 16% de la poblaci\u00f3n aragonesa -213.764 personas- tiene entre 14 y 30 a\u00f1os, porcentaje que sube al 23% si incluimos a las personas de hasta 35 a\u00f1os -299.979-. Las mujeres representan el 51%. Hoy se celebra el D\u00eda Internacional de la Juventud, que tiene como objetivo poner el \u00e9nfasis en esta parte de la","og:url":"https:\/\/www.eldigitaldeasturias.com\/noticias\/aragon-celebra-el-dia-internacional-de-la-juventud\/","article:tag":["actualidad"],"article:published_time":"2017-08-13T21:55:02+00:00","article:modified_time":"2017-08-13T21:55:02+00:00","article:publisher":"https:\/\/facebook.com\/eldigitaldeasturias","twitter:card":"summary_large_image","twitter:title":"Arag\u00f3n celebra el D\u00eda Internacional de la Juventud - El Digital de Asturias","twitter:description":"El 16% de la poblaci\u00f3n aragonesa -213.764 personas- tiene entre 14 y 30 a\u00f1os, porcentaje que sube al 23% si incluimos a las personas de hasta 35 a\u00f1os -299.979-. Las mujeres representan el 51%. Hoy se celebra el D\u00eda Internacional de la Juventud, que tiene como objetivo poner el \u00e9nfasis en esta parte de la","twitter:image":"https:\/\/www.eldigitaldeasturias.com\/noticias\/wp-content\/uploads\/2020\/12\/EDA-1.jpg","twitter:label1":"Escrito por","twitter:data1":"El Digital de Asturias","twitter:label2":"Tiempo de lectura estimado","twitter:data2":"2 minutos"},"aioseo_meta_data":{"post_id":"949736","title":null,"description":null,"keywords":null,"keyphrases":null,"primary_term":null,"canonical_url":null,"og_title":null,"og_description":null,"og_object_type":"default","og_image_type":"default","og_image_url":null,"og_image_width":null,"og_image_height":null,"og_image_custom_url":null,"og_image_custom_fields":null,"og_video":null,"og_custom_url":null,"og_article_section":null,"og_article_tags":null,"twitter_use_og":false,"twitter_card":"default","twitter_image_type":"default","twitter_image_url":null,"twitter_image_custom_url":null,"twitter_image_custom_fields":null,"twitter_title":null,"twitter_description":null,"schema":{"blockGraphs":[],"customGraphs":[],"default":{"data":{"Article":[],"Course":[],"Dataset":[],"FAQPage":[],"Movie":[],"Person":[],"Product":[],"ProductReview":[],"Car":[],"Recipe":[],"Service":[],"SoftwareApplication":[],"WebPage":[]},"graphName":"","isEnabled":true},"graphs":[],"defaultGraph":"","defaultPostTypeGraph":""},"schema_type":null,"schema_type_options":null,"pillar_content":false,"robots_default":true,"robots_noindex":false,"robots_noarchive":false,"robots_nosnippet":false,"robots_nofollow":false,"robots_noimageindex":false,"robots_noodp":false,"robots_notranslate":false,"robots_max_snippet":null,"robots_max_videopreview":null,"robots_max_imagepreview":"large","priority":null,"frequency":null,"local_seo":null,"seo_analyzer_scan_date":"2025-12-05 13:25:12","breadcrumb_settings":null,"limit_modified_date":false,"open_ai":null,"ai":null,"created":"2020-12-21 13:01:37","updated":"2025-12-05 13:25:12","focus_keyword":null,"additional_keywords":null,"truseo_locale":null},"aioseo_breadcrumb":"<div class=\"aioseo-breadcrumbs\"><span class=\"aioseo-breadcrumb\">\n\t<a href=\"https:\/\/www.eldigitaldeasturias.com\/noticias\" title=\"Home\">Home<\/a>\n<\/span><span class=\"aioseo-breadcrumb-separator\">\u2013<\/span><span class=\"aioseo-breadcrumb\">\n\t<a href=\"https:\/\/www.eldigitaldeasturias.com\/noticias\/category\/actualidad\/\" title=\"Actualidad\">Actualidad<\/a>\n<\/span><span class=\"aioseo-breadcrumb-separator\">\u2013<\/span><span class=\"aioseo-breadcrumb\">\n\t<a href=\"https:\/\/www.eldigitaldeasturias.com\/noticias\/aragon-celebra-el-dia-internacional-de-la-juventud\/\" title=\"Arag\u00f3n celebra el D\u00eda Internacional de la Juventud\">Arag\u00f3n celebra el D\u00eda Internacional de la Juventud<\/a>\n<\/span><\/div>","aioseo_breadcrumb_json":[{"label":"Home","link":"https:\/\/www.eldigitaldeasturias.com\/noticias"},{"label":"Actualidad","link":"https:\/\/www.eldigitaldeasturias.com\/noticias\/category\/actualidad\/"},{"label":"Arag\u00f3n celebra el D\u00eda Internacional de la Juventud","link":"https:\/\/www.eldigitaldeasturias.com\/noticias\/aragon-celebra-el-dia-internacional-de-la-juventud\/"}],"_links":{"self":[{"href":"https:\/\/www.eldigitaldeasturias.com\/noticias\/wp-json\/wp\/v2\/posts\/949736","targetHints":{"allow":["GET"]}}],"collection":[{"href":"https:\/\/www.eldigitaldeasturias.com\/noticias\/wp-json\/wp\/v2\/posts"}],"about":[{"href":"https:\/\/www.eldigitaldeasturias.com\/noticias\/wp-json\/wp\/v2\/types\/post"}],"author":[{"embeddable":true,"href":"https:\/\/www.eldigitaldeasturias.com\/noticias\/wp-json\/wp\/v2\/users\/1"}],"replies":[{"embeddable":true,"href":"https:\/\/www.eldigitaldeasturias.com\/noticias\/wp-json\/wp\/v2\/comments?post=949736"}],"version-history":[{"count":0,"href":"https:\/\/www.eldigitaldeasturias.com\/noticias\/wp-json\/wp\/v2\/posts\/949736\/revisions"}],"wp:attachment":[{"href":"https:\/\/www.eldigitaldeasturias.com\/noticias\/wp-json\/wp\/v2\/media?parent=949736"}],"wp:term":[{"taxonomy":"category","embeddable":true,"href":"https:\/\/www.eldigitaldeasturias.com\/noticias\/wp-json\/wp\/v2\/categories?post=949736"},{"taxonomy":"post_tag","embeddable":true,"href":"https:\/\/www.eldigitaldeasturias.com\/noticias\/wp-json\/wp\/v2\/tags?post=949736"}],"curies":[{"name":"wp","href":"https:\/\/api.w.org\/{rel}","templated":true}]}}