{"id":949633,"date":"2017-08-12T06:57:03","date_gmt":"2017-08-12T06:57:03","guid":{"rendered":"http:\/\/www.eldigitaldeasturias.com\/noticias\/?p=949633"},"modified":"2017-08-12T06:57:03","modified_gmt":"2017-08-12T06:57:03","slug":"t2o-media-cumple-7-anos-en-mexico","status":"publish","type":"post","link":"https:\/\/www.eldigitaldeasturias.com\/noticias\/t2o-media-cumple-7-anos-en-mexico\/","title":{"rendered":"T2O media cumple 7 a\u00f1os en M\u00e9xico"},"content":{"rendered":"<p><img loading=\"lazy\" decoding=\"async\" class=\"alignleft size-medium wp-image-949634\" src=\"https:\/\/www.eldigitaldeasturias.com\/noticias\/wp-content\/uploads\/2017\/08\/1501858347_fotot-360x191.jpg\" alt=\"\" width=\"360\" height=\"191\" \/>Lo que inici\u00f3 de la mano de \u00d3scar Alonso y Tom\u00e1s Hern\u00e1ndez en un cibercaf\u00e9 por las calles del centro de Madrid, ahora tiene 14 a\u00f1os, m\u00e1s de 200 profesionales apasionados por el mundo digital y 6 sedes alrededor del mundo: Mil\u00e1n, Trento, Madrid, Barcelona, Houston y M\u00e9xico.<\/p>\n<p>Pero es momento de hablar de una de las sedes m\u00e1s emblem\u00e1ticas: M\u00e9xico y su s\u00e9ptimo aniversario. Abri\u00f3 sus puertas el 4 de agosto de 2010, con solo tres integrantes en el equipo, mismos que siguen hasta hoy. Esta sede est\u00e1 situada en el coraz\u00f3n de la capital mexicana, en un octavo piso lleno de conocimiento, profesionales y diversi\u00f3n.<\/p>\n<p>Convertirse en especialistas en marketing digital lleva tiempo y capacitaci\u00f3n constante, misma que se convierte en el d\u00eda a d\u00eda de T2O media M\u00e9xico. Uno de sus logros en el a\u00f1o fue T2O Trends &amp; Innovation 2017, evento dirigido a sus clientes y amigos, en \u00e9l se tocaron temas de gran importancia relacionados al marketing digital, entre los expositores estuvieron Google, Facebook e IAB M\u00e9xico.<\/p>\n<p>Actualmente, ofrecen soluciones de marketing digital divididas en tres departamentos: Paid Media, Organic Media y Technology.<\/p>\n<p>Paid Media desempe\u00f1a servicios espec\u00edficos como programmatic, social Ads, SEM, display, mobil marketing, app marketing y video ads. La parte de activos digitales y alcance cae en el \u00e1rea de Organic Media con servicios como SEO, App Store Optimization (ASO), Online Reputation Management (ORM), Social media, Conversion Rate Optimization y m\u00e1s. Otra de las \u00e1reas que actualmente es imprescindible en el mundo digital es Technology, pieza que debe formar parte de una estrategia digital exitosa, este departamento ofrece modelos de atribuci\u00f3n &amp; web, business intelligence, end to end Technology, big data, ecosistemas full stack y los famosos y \u00fatiles chatbots.<\/p>\n<p>Sin duda, el recorrido en estos 7 a\u00f1os ha estado lleno de oportunidades, mismas que la directora de las oficinas en M\u00e9xico, Karla L\u00f3pez, ha sabido aprovechar al m\u00e1ximo. Se vienen muchos retos y crecimiento para este nuevo a\u00f1o que comienza.<\/p>\n","protected":false},"excerpt":{"rendered":"<p>Lo que inici\u00f3 de la mano de \u00d3scar Alonso y Tom\u00e1s Hern\u00e1ndez en un cibercaf\u00e9 por las calles del centro de Madrid, ahora tiene 14 a\u00f1os, m\u00e1s de 200 profesionales apasionados por el mundo digital y 6 sedes alrededor del mundo: Mil\u00e1n, Trento, Madrid, Barcelona, Houston y M\u00e9xico. Pero es momento de hablar de una [&hellip;]<\/p>\n","protected":false},"author":1,"featured_media":949634,"comment_status":"closed","ping_status":"closed","sticky":false,"template":"","format":"standard","meta":{"footnotes":""},"categories":[1],"tags":[],"class_list":["post-949633","post","type-post","status-publish","format-standard","has-post-thumbnail","hentry","category-actualidad"],"aioseo_notices":[],"aioseo_head":"\n\t\t<!-- All in One SEO Pro 5.0.1 - aioseo.com -->\n\t<meta name=\"description\" content=\"Lo que inici\u00f3 de la mano de \u00d3scar Alonso y Tom\u00e1s Hern\u00e1ndez en un cibercaf\u00e9 por las calles del centro de Madrid, ahora tiene 14 a\u00f1os, m\u00e1s de 200 profesionales apasionados por el mundo digital y 6 sedes alrededor del mundo: Mil\u00e1n, Trento, Madrid, Barcelona, Houston y M\u00e9xico. Pero es momento de hablar de una\" \/>\n\t<meta name=\"robots\" content=\"max-image-preview:large\" \/>\n\t<meta name=\"author\" content=\"El Digital de Asturias\"\/>\n\t<meta name=\"google-site-verification\" content=\"UA-38556648-1\" \/>\n\t<meta name=\"msvalidate.01\" content=\"7dfe9f3f1b24437ab69f4f2559babe99\" \/>\n\t<meta name=\"keywords\" content=\"actualidad\" \/>\n\t<link rel=\"canonical\" href=\"https:\/\/www.eldigitaldeasturias.com\/noticias\/t2o-media-cumple-7-anos-en-mexico\/\" \/>\n\t<meta name=\"generator\" content=\"All in One SEO Pro (AIOSEO) 5.0.1\" \/>\n\t\t<meta property=\"og:locale\" content=\"es_ES\" \/>\n\t\t<meta property=\"og:site_name\" content=\"El Digital de Asturias\" \/>\n\t\t<meta property=\"og:type\" content=\"article\" \/>\n\t\t<meta property=\"og:title\" content=\"T2O media cumple 7 a\u00f1os en M\u00e9xico - El Digital de Asturias\" \/>\n\t\t<meta property=\"og:description\" content=\"Lo que inici\u00f3 de la mano de \u00d3scar Alonso y Tom\u00e1s Hern\u00e1ndez en un cibercaf\u00e9 por las calles del centro de Madrid, ahora tiene 14 a\u00f1os, m\u00e1s de 200 profesionales apasionados por el mundo digital y 6 sedes alrededor del mundo: Mil\u00e1n, Trento, Madrid, Barcelona, Houston y M\u00e9xico. Pero es momento de hablar de una\" \/>\n\t\t<meta property=\"og:url\" content=\"https:\/\/www.eldigitaldeasturias.com\/noticias\/t2o-media-cumple-7-anos-en-mexico\/\" \/>\n\t\t<meta property=\"article:tag\" content=\"actualidad\" \/>\n\t\t<meta property=\"article:published_time\" content=\"2017-08-12T06:57:03+00:00\" \/>\n\t\t<meta property=\"article:modified_time\" content=\"2017-08-12T06:57:03+00:00\" \/>\n\t\t<meta property=\"article:publisher\" content=\"https:\/\/facebook.com\/eldigitaldeasturias\" \/>\n\t\t<meta name=\"twitter:card\" content=\"summary_large_image\" \/>\n\t\t<meta name=\"twitter:title\" content=\"T2O media cumple 7 a\u00f1os en M\u00e9xico - El Digital de Asturias\" \/>\n\t\t<meta name=\"twitter:description\" content=\"Lo que inici\u00f3 de la mano de \u00d3scar Alonso y Tom\u00e1s Hern\u00e1ndez en un cibercaf\u00e9 por las calles del centro de Madrid, ahora tiene 14 a\u00f1os, m\u00e1s de 200 profesionales apasionados por el mundo digital y 6 sedes alrededor del mundo: Mil\u00e1n, Trento, Madrid, Barcelona, Houston y M\u00e9xico. Pero es momento de hablar de una\" \/>\n\t\t<meta name=\"twitter:image\" content=\"https:\/\/www.eldigitaldeasturias.com\/noticias\/wp-content\/uploads\/2020\/12\/EDA-1.jpg\" \/>\n\t\t<meta name=\"twitter:label1\" content=\"Escrito por\" \/>\n\t\t<meta name=\"twitter:data1\" content=\"El Digital de Asturias\" \/>\n\t\t<meta name=\"twitter:label2\" content=\"Tiempo de lectura estimado\" \/>\n\t\t<meta name=\"twitter:data2\" content=\"2 minutos\" \/>\n\t\t<script type=\"application\/ld+json\" class=\"aioseo-schema\">\n\t\t\t{\"@context\":\"https:\\\/\\\/schema.org\",\"@graph\":[{\"@type\":\"BlogPosting\",\"@id\":\"https:\\\/\\\/www.eldigitaldeasturias.com\\\/noticias\\\/t2o-media-cumple-7-anos-en-mexico\\\/#blogposting\",\"name\":\"T2O media cumple 7 a\\u00f1os en M\\u00e9xico - El Digital de Asturias\",\"headline\":\"T2O media cumple 7 a\\u00f1os en M\\u00e9xico\",\"author\":{\"@id\":\"https:\\\/\\\/www.eldigitaldeasturias.com\\\/noticias\\\/author\\\/admin\\\/#author\"},\"publisher\":{\"@id\":\"https:\\\/\\\/www.eldigitaldeasturias.com\\\/noticias\\\/#organization\"},\"image\":{\"@type\":\"ImageObject\",\"url\":949634},\"datePublished\":\"2017-08-12T06:57:03+02:00\",\"dateModified\":\"2017-08-12T06:57:03+02:00\",\"inLanguage\":\"es-ES\",\"mainEntityOfPage\":{\"@id\":\"https:\\\/\\\/www.eldigitaldeasturias.com\\\/noticias\\\/t2o-media-cumple-7-anos-en-mexico\\\/#webpage\"},\"isPartOf\":{\"@id\":\"https:\\\/\\\/www.eldigitaldeasturias.com\\\/noticias\\\/t2o-media-cumple-7-anos-en-mexico\\\/#webpage\"},\"articleSection\":\"Actualidad\"},{\"@type\":\"BreadcrumbList\",\"@id\":\"https:\\\/\\\/www.eldigitaldeasturias.com\\\/noticias\\\/t2o-media-cumple-7-anos-en-mexico\\\/#breadcrumblist\",\"itemListElement\":[{\"@type\":\"ListItem\",\"@id\":\"https:\\\/\\\/www.eldigitaldeasturias.com\\\/noticias#listItem\",\"position\":1,\"name\":\"Home\",\"item\":\"https:\\\/\\\/www.eldigitaldeasturias.com\\\/noticias\",\"nextItem\":{\"@type\":\"ListItem\",\"@id\":\"https:\\\/\\\/www.eldigitaldeasturias.com\\\/noticias\\\/category\\\/actualidad\\\/#listItem\",\"name\":\"Actualidad\"}},{\"@type\":\"ListItem\",\"@id\":\"https:\\\/\\\/www.eldigitaldeasturias.com\\\/noticias\\\/category\\\/actualidad\\\/#listItem\",\"position\":2,\"name\":\"Actualidad\",\"item\":\"https:\\\/\\\/www.eldigitaldeasturias.com\\\/noticias\\\/category\\\/actualidad\\\/\",\"nextItem\":{\"@type\":\"ListItem\",\"@id\":\"https:\\\/\\\/www.eldigitaldeasturias.com\\\/noticias\\\/t2o-media-cumple-7-anos-en-mexico\\\/#listItem\",\"name\":\"T2O media cumple 7 a\\u00f1os en M\\u00e9xico\"},\"previousItem\":{\"@type\":\"ListItem\",\"@id\":\"https:\\\/\\\/www.eldigitaldeasturias.com\\\/noticias#listItem\",\"name\":\"Home\"}},{\"@type\":\"ListItem\",\"@id\":\"https:\\\/\\\/www.eldigitaldeasturias.com\\\/noticias\\\/t2o-media-cumple-7-anos-en-mexico\\\/#listItem\",\"position\":3,\"name\":\"T2O media cumple 7 a\\u00f1os en M\\u00e9xico\",\"previousItem\":{\"@type\":\"ListItem\",\"@id\":\"https:\\\/\\\/www.eldigitaldeasturias.com\\\/noticias\\\/category\\\/actualidad\\\/#listItem\",\"name\":\"Actualidad\"}}]},{\"@type\":\"Organization\",\"@id\":\"https:\\\/\\\/www.eldigitaldeasturias.com\\\/noticias\\\/#organization\",\"name\":\"El Digital de Asturias\",\"description\":\"Hemeroteca\",\"url\":\"https:\\\/\\\/www.eldigitaldeasturias.com\\\/noticias\\\/\",\"email\":\"info@eldigitaldeasturias.com\",\"telephone\":\"+34652131393\",\"logo\":{\"@type\":\"ImageObject\",\"url\":\"https:\\\/\\\/www.eldigitaldeasturias.com\\\/noticias\\\/wp-content\\\/uploads\\\/2020\\\/12\\\/EDA.jpg\",\"@id\":\"https:\\\/\\\/www.eldigitaldeasturias.com\\\/noticias\\\/t2o-media-cumple-7-anos-en-mexico\\\/#organizationLogo\"},\"image\":{\"@id\":\"https:\\\/\\\/www.eldigitaldeasturias.com\\\/noticias\\\/t2o-media-cumple-7-anos-en-mexico\\\/#organizationLogo\"},\"sameAs\":[\"https:\\\/\\\/facebook.com\\\/eldigitaldeasturias\",\"https:\\\/\\\/www.youtube.com\\\/channel\\\/UCZP-2wLEB9Rv6erhFmqVnvg\"],\"address\":{\"@id\":\"https:\\\/\\\/www.eldigitaldeasturias.com\\\/noticias\\\/#postaladdress\",\"@type\":\"PostalAddress\",\"streetAddress\":\"san antonio 4\",\"postalCode\":\"33430\",\"addressLocality\":\"Cand\\u00e1s\",\"addressRegion\":\"Asturias\",\"addressCountry\":\"ES\"}},{\"@type\":\"Person\",\"@id\":\"https:\\\/\\\/www.eldigitaldeasturias.com\\\/noticias\\\/author\\\/admin\\\/#author\",\"url\":\"https:\\\/\\\/www.eldigitaldeasturias.com\\\/noticias\\\/author\\\/admin\\\/\",\"name\":\"El Digital de Asturias\",\"image\":{\"@type\":\"ImageObject\",\"@id\":\"https:\\\/\\\/www.eldigitaldeasturias.com\\\/noticias\\\/t2o-media-cumple-7-anos-en-mexico\\\/#authorImage\",\"url\":\"https:\\\/\\\/secure.gravatar.com\\\/avatar\\\/df2aeffc32bcd13f8d26072ef8a91b623d677766deac7f97ca815868cd41bf5e?s=96&d=mm&r=g\",\"width\":96,\"height\":96,\"caption\":\"El Digital de Asturias\"}},{\"@type\":\"WebPage\",\"@id\":\"https:\\\/\\\/www.eldigitaldeasturias.com\\\/noticias\\\/t2o-media-cumple-7-anos-en-mexico\\\/#webpage\",\"url\":\"https:\\\/\\\/www.eldigitaldeasturias.com\\\/noticias\\\/t2o-media-cumple-7-anos-en-mexico\\\/\",\"name\":\"T2O media cumple 7 a\\u00f1os en M\\u00e9xico - El Digital de Asturias\",\"description\":\"Lo que inici\\u00f3 de la mano de \\u00d3scar Alonso y Tom\\u00e1s Hern\\u00e1ndez en un cibercaf\\u00e9 por las calles del centro de Madrid, ahora tiene 14 a\\u00f1os, m\\u00e1s de 200 profesionales apasionados por el mundo digital y 6 sedes alrededor del mundo: Mil\\u00e1n, Trento, Madrid, Barcelona, Houston y M\\u00e9xico. Pero es momento de hablar de una\",\"inLanguage\":\"es-ES\",\"isPartOf\":{\"@id\":\"https:\\\/\\\/www.eldigitaldeasturias.com\\\/noticias\\\/#website\"},\"breadcrumb\":{\"@id\":\"https:\\\/\\\/www.eldigitaldeasturias.com\\\/noticias\\\/t2o-media-cumple-7-anos-en-mexico\\\/#breadcrumblist\"},\"author\":{\"@id\":\"https:\\\/\\\/www.eldigitaldeasturias.com\\\/noticias\\\/author\\\/admin\\\/#author\"},\"creator\":{\"@id\":\"https:\\\/\\\/www.eldigitaldeasturias.com\\\/noticias\\\/author\\\/admin\\\/#author\"},\"image\":{\"@type\":\"ImageObject\",\"url\":949634,\"@id\":\"https:\\\/\\\/www.eldigitaldeasturias.com\\\/noticias\\\/t2o-media-cumple-7-anos-en-mexico\\\/#mainImage\"},\"primaryImageOfPage\":{\"@id\":\"https:\\\/\\\/www.eldigitaldeasturias.com\\\/noticias\\\/t2o-media-cumple-7-anos-en-mexico\\\/#mainImage\"},\"datePublished\":\"2017-08-12T06:57:03+02:00\",\"dateModified\":\"2017-08-12T06:57:03+02:00\"},{\"@type\":\"WebSite\",\"@id\":\"https:\\\/\\\/www.eldigitaldeasturias.com\\\/noticias\\\/#website\",\"url\":\"https:\\\/\\\/www.eldigitaldeasturias.com\\\/noticias\\\/\",\"name\":\"El Digital de Asturias - Diario de actualidad y noticias\",\"alternateName\":\"El Digital de Asturias - Diario de actualidad y noticias\",\"description\":\"Hemeroteca\",\"inLanguage\":\"es-ES\",\"publisher\":{\"@id\":\"https:\\\/\\\/www.eldigitaldeasturias.com\\\/noticias\\\/#organization\"}}]}\n\t\t<\/script>\n\t\t<!-- All in One SEO Pro -->\r\n\t\t<title>T2O media cumple 7 a\u00f1os en M\u00e9xico - El Digital de Asturias<\/title>\n\n","aioseo_head_json":{"title":"T2O media cumple 7 a\u00f1os en M\u00e9xico - El Digital de Asturias","description":"Lo que inici\u00f3 de la mano de \u00d3scar Alonso y Tom\u00e1s Hern\u00e1ndez en un cibercaf\u00e9 por las calles del centro de Madrid, ahora tiene 14 a\u00f1os, m\u00e1s de 200 profesionales apasionados por el mundo digital y 6 sedes alrededor del mundo: Mil\u00e1n, Trento, Madrid, Barcelona, Houston y M\u00e9xico. Pero es momento de hablar de una","canonical_url":"https:\/\/www.eldigitaldeasturias.com\/noticias\/t2o-media-cumple-7-anos-en-mexico\/","robots":"max-image-preview:large","keywords":"actualidad","webmasterTools":{"google-site-verification":"UA-38556648-1","msvalidate.01":"7dfe9f3f1b24437ab69f4f2559babe99","miscellaneous":""},"schema":{"@context":"https:\/\/schema.org","@graph":[{"@type":"BlogPosting","@id":"https:\/\/www.eldigitaldeasturias.com\/noticias\/t2o-media-cumple-7-anos-en-mexico\/#blogposting","name":"T2O media cumple 7 a\u00f1os en M\u00e9xico - El Digital de Asturias","headline":"T2O media cumple 7 a\u00f1os en M\u00e9xico","author":{"@id":"https:\/\/www.eldigitaldeasturias.com\/noticias\/author\/admin\/#author"},"publisher":{"@id":"https:\/\/www.eldigitaldeasturias.com\/noticias\/#organization"},"image":{"@type":"ImageObject","url":949634},"datePublished":"2017-08-12T06:57:03+02:00","dateModified":"2017-08-12T06:57:03+02:00","inLanguage":"es-ES","mainEntityOfPage":{"@id":"https:\/\/www.eldigitaldeasturias.com\/noticias\/t2o-media-cumple-7-anos-en-mexico\/#webpage"},"isPartOf":{"@id":"https:\/\/www.eldigitaldeasturias.com\/noticias\/t2o-media-cumple-7-anos-en-mexico\/#webpage"},"articleSection":"Actualidad"},{"@type":"BreadcrumbList","@id":"https:\/\/www.eldigitaldeasturias.com\/noticias\/t2o-media-cumple-7-anos-en-mexico\/#breadcrumblist","itemListElement":[{"@type":"ListItem","@id":"https:\/\/www.eldigitaldeasturias.com\/noticias#listItem","position":1,"name":"Home","item":"https:\/\/www.eldigitaldeasturias.com\/noticias","nextItem":{"@type":"ListItem","@id":"https:\/\/www.eldigitaldeasturias.com\/noticias\/category\/actualidad\/#listItem","name":"Actualidad"}},{"@type":"ListItem","@id":"https:\/\/www.eldigitaldeasturias.com\/noticias\/category\/actualidad\/#listItem","position":2,"name":"Actualidad","item":"https:\/\/www.eldigitaldeasturias.com\/noticias\/category\/actualidad\/","nextItem":{"@type":"ListItem","@id":"https:\/\/www.eldigitaldeasturias.com\/noticias\/t2o-media-cumple-7-anos-en-mexico\/#listItem","name":"T2O media cumple 7 a\u00f1os en M\u00e9xico"},"previousItem":{"@type":"ListItem","@id":"https:\/\/www.eldigitaldeasturias.com\/noticias#listItem","name":"Home"}},{"@type":"ListItem","@id":"https:\/\/www.eldigitaldeasturias.com\/noticias\/t2o-media-cumple-7-anos-en-mexico\/#listItem","position":3,"name":"T2O media cumple 7 a\u00f1os en M\u00e9xico","previousItem":{"@type":"ListItem","@id":"https:\/\/www.eldigitaldeasturias.com\/noticias\/category\/actualidad\/#listItem","name":"Actualidad"}}]},{"@type":"Organization","@id":"https:\/\/www.eldigitaldeasturias.com\/noticias\/#organization","name":"El Digital de Asturias","description":"Hemeroteca","url":"https:\/\/www.eldigitaldeasturias.com\/noticias\/","email":"info@eldigitaldeasturias.com","telephone":"+34652131393","logo":{"@type":"ImageObject","url":"https:\/\/www.eldigitaldeasturias.com\/noticias\/wp-content\/uploads\/2020\/12\/EDA.jpg","@id":"https:\/\/www.eldigitaldeasturias.com\/noticias\/t2o-media-cumple-7-anos-en-mexico\/#organizationLogo"},"image":{"@id":"https:\/\/www.eldigitaldeasturias.com\/noticias\/t2o-media-cumple-7-anos-en-mexico\/#organizationLogo"},"sameAs":["https:\/\/facebook.com\/eldigitaldeasturias","https:\/\/www.youtube.com\/channel\/UCZP-2wLEB9Rv6erhFmqVnvg"],"address":{"@id":"https:\/\/www.eldigitaldeasturias.com\/noticias\/#postaladdress","@type":"PostalAddress","streetAddress":"san antonio 4","postalCode":"33430","addressLocality":"Cand\u00e1s","addressRegion":"Asturias","addressCountry":"ES"}},{"@type":"Person","@id":"https:\/\/www.eldigitaldeasturias.com\/noticias\/author\/admin\/#author","url":"https:\/\/www.eldigitaldeasturias.com\/noticias\/author\/admin\/","name":"El Digital de Asturias","image":{"@type":"ImageObject","@id":"https:\/\/www.eldigitaldeasturias.com\/noticias\/t2o-media-cumple-7-anos-en-mexico\/#authorImage","url":"https:\/\/secure.gravatar.com\/avatar\/df2aeffc32bcd13f8d26072ef8a91b623d677766deac7f97ca815868cd41bf5e?s=96&d=mm&r=g","width":96,"height":96,"caption":"El Digital de Asturias"}},{"@type":"WebPage","@id":"https:\/\/www.eldigitaldeasturias.com\/noticias\/t2o-media-cumple-7-anos-en-mexico\/#webpage","url":"https:\/\/www.eldigitaldeasturias.com\/noticias\/t2o-media-cumple-7-anos-en-mexico\/","name":"T2O media cumple 7 a\u00f1os en M\u00e9xico - El Digital de Asturias","description":"Lo que inici\u00f3 de la mano de \u00d3scar Alonso y Tom\u00e1s Hern\u00e1ndez en un cibercaf\u00e9 por las calles del centro de Madrid, ahora tiene 14 a\u00f1os, m\u00e1s de 200 profesionales apasionados por el mundo digital y 6 sedes alrededor del mundo: Mil\u00e1n, Trento, Madrid, Barcelona, Houston y M\u00e9xico. Pero es momento de hablar de una","inLanguage":"es-ES","isPartOf":{"@id":"https:\/\/www.eldigitaldeasturias.com\/noticias\/#website"},"breadcrumb":{"@id":"https:\/\/www.eldigitaldeasturias.com\/noticias\/t2o-media-cumple-7-anos-en-mexico\/#breadcrumblist"},"author":{"@id":"https:\/\/www.eldigitaldeasturias.com\/noticias\/author\/admin\/#author"},"creator":{"@id":"https:\/\/www.eldigitaldeasturias.com\/noticias\/author\/admin\/#author"},"image":{"@type":"ImageObject","url":949634,"@id":"https:\/\/www.eldigitaldeasturias.com\/noticias\/t2o-media-cumple-7-anos-en-mexico\/#mainImage"},"primaryImageOfPage":{"@id":"https:\/\/www.eldigitaldeasturias.com\/noticias\/t2o-media-cumple-7-anos-en-mexico\/#mainImage"},"datePublished":"2017-08-12T06:57:03+02:00","dateModified":"2017-08-12T06:57:03+02:00"},{"@type":"WebSite","@id":"https:\/\/www.eldigitaldeasturias.com\/noticias\/#website","url":"https:\/\/www.eldigitaldeasturias.com\/noticias\/","name":"El Digital de Asturias - Diario de actualidad y noticias","alternateName":"El Digital de Asturias - Diario de actualidad y noticias","description":"Hemeroteca","inLanguage":"es-ES","publisher":{"@id":"https:\/\/www.eldigitaldeasturias.com\/noticias\/#organization"}}]},"og:locale":"es_ES","og:site_name":"El Digital de Asturias","og:type":"article","og:title":"T2O media cumple 7 a\u00f1os en M\u00e9xico - El Digital de Asturias","og:description":"Lo que inici\u00f3 de la mano de \u00d3scar Alonso y Tom\u00e1s Hern\u00e1ndez en un cibercaf\u00e9 por las calles del centro de Madrid, ahora tiene 14 a\u00f1os, m\u00e1s de 200 profesionales apasionados por el mundo digital y 6 sedes alrededor del mundo: Mil\u00e1n, Trento, Madrid, Barcelona, Houston y M\u00e9xico. Pero es momento de hablar de una","og:url":"https:\/\/www.eldigitaldeasturias.com\/noticias\/t2o-media-cumple-7-anos-en-mexico\/","article:tag":["actualidad"],"article:published_time":"2017-08-12T06:57:03+00:00","article:modified_time":"2017-08-12T06:57:03+00:00","article:publisher":"https:\/\/facebook.com\/eldigitaldeasturias","twitter:card":"summary_large_image","twitter:title":"T2O media cumple 7 a\u00f1os en M\u00e9xico - El Digital de Asturias","twitter:description":"Lo que inici\u00f3 de la mano de \u00d3scar Alonso y Tom\u00e1s Hern\u00e1ndez en un cibercaf\u00e9 por las calles del centro de Madrid, ahora tiene 14 a\u00f1os, m\u00e1s de 200 profesionales apasionados por el mundo digital y 6 sedes alrededor del mundo: Mil\u00e1n, Trento, Madrid, Barcelona, Houston y M\u00e9xico. Pero es momento de hablar de una","twitter:image":"https:\/\/www.eldigitaldeasturias.com\/noticias\/wp-content\/uploads\/2020\/12\/EDA-1.jpg","twitter:label1":"Escrito por","twitter:data1":"El Digital de Asturias","twitter:label2":"Tiempo de lectura estimado","twitter:data2":"2 minutos"},"aioseo_meta_data":{"post_id":"949633","title":null,"description":null,"keywords":null,"keyphrases":null,"primary_term":null,"canonical_url":null,"og_title":null,"og_description":null,"og_object_type":"default","og_image_type":"default","og_image_url":null,"og_image_width":null,"og_image_height":null,"og_image_custom_url":null,"og_image_custom_fields":null,"og_video":null,"og_custom_url":null,"og_article_section":null,"og_article_tags":null,"twitter_use_og":false,"twitter_card":"default","twitter_image_type":"default","twitter_image_url":null,"twitter_image_custom_url":null,"twitter_image_custom_fields":null,"twitter_title":null,"twitter_description":null,"schema":{"blockGraphs":[],"customGraphs":[],"default":{"data":{"Article":[],"Course":[],"Dataset":[],"FAQPage":[],"Movie":[],"Person":[],"Product":[],"ProductReview":[],"Car":[],"Recipe":[],"Service":[],"SoftwareApplication":[],"WebPage":[]},"graphName":"","isEnabled":true},"graphs":[],"defaultGraph":"","defaultPostTypeGraph":""},"schema_type":null,"schema_type_options":null,"pillar_content":false,"robots_default":true,"robots_noindex":false,"robots_noarchive":false,"robots_nosnippet":false,"robots_nofollow":false,"robots_noimageindex":false,"robots_noodp":false,"robots_notranslate":false,"robots_max_snippet":null,"robots_max_videopreview":null,"robots_max_imagepreview":"large","priority":null,"frequency":null,"local_seo":null,"seo_analyzer_scan_date":"2025-12-05 13:05:13","breadcrumb_settings":null,"limit_modified_date":false,"open_ai":null,"ai":null,"created":"2020-12-21 13:01:37","updated":"2025-12-05 13:05:13","focus_keyword":null,"additional_keywords":null,"truseo_locale":null},"aioseo_breadcrumb":"<div class=\"aioseo-breadcrumbs\"><span class=\"aioseo-breadcrumb\">\n\t<a href=\"https:\/\/www.eldigitaldeasturias.com\/noticias\" title=\"Home\">Home<\/a>\n<\/span><span class=\"aioseo-breadcrumb-separator\">\u2013<\/span><span class=\"aioseo-breadcrumb\">\n\t<a href=\"https:\/\/www.eldigitaldeasturias.com\/noticias\/category\/actualidad\/\" title=\"Actualidad\">Actualidad<\/a>\n<\/span><span class=\"aioseo-breadcrumb-separator\">\u2013<\/span><span class=\"aioseo-breadcrumb\">\n\t<a href=\"https:\/\/www.eldigitaldeasturias.com\/noticias\/t2o-media-cumple-7-anos-en-mexico\/\" title=\"T2O media cumple 7 a\u00f1os en M\u00e9xico\">T2O media cumple 7 a\u00f1os en M\u00e9xico<\/a>\n<\/span><\/div>","aioseo_breadcrumb_json":[{"label":"Home","link":"https:\/\/www.eldigitaldeasturias.com\/noticias"},{"label":"Actualidad","link":"https:\/\/www.eldigitaldeasturias.com\/noticias\/category\/actualidad\/"},{"label":"T2O media cumple 7 a\u00f1os en M\u00e9xico","link":"https:\/\/www.eldigitaldeasturias.com\/noticias\/t2o-media-cumple-7-anos-en-mexico\/"}],"_links":{"self":[{"href":"https:\/\/www.eldigitaldeasturias.com\/noticias\/wp-json\/wp\/v2\/posts\/949633","targetHints":{"allow":["GET"]}}],"collection":[{"href":"https:\/\/www.eldigitaldeasturias.com\/noticias\/wp-json\/wp\/v2\/posts"}],"about":[{"href":"https:\/\/www.eldigitaldeasturias.com\/noticias\/wp-json\/wp\/v2\/types\/post"}],"author":[{"embeddable":true,"href":"https:\/\/www.eldigitaldeasturias.com\/noticias\/wp-json\/wp\/v2\/users\/1"}],"replies":[{"embeddable":true,"href":"https:\/\/www.eldigitaldeasturias.com\/noticias\/wp-json\/wp\/v2\/comments?post=949633"}],"version-history":[{"count":0,"href":"https:\/\/www.eldigitaldeasturias.com\/noticias\/wp-json\/wp\/v2\/posts\/949633\/revisions"}],"wp:attachment":[{"href":"https:\/\/www.eldigitaldeasturias.com\/noticias\/wp-json\/wp\/v2\/media?parent=949633"}],"wp:term":[{"taxonomy":"category","embeddable":true,"href":"https:\/\/www.eldigitaldeasturias.com\/noticias\/wp-json\/wp\/v2\/categories?post=949633"},{"taxonomy":"post_tag","embeddable":true,"href":"https:\/\/www.eldigitaldeasturias.com\/noticias\/wp-json\/wp\/v2\/tags?post=949633"}],"curies":[{"name":"wp","href":"https:\/\/api.w.org\/{rel}","templated":true}]}}