{"id":949600,"date":"2017-08-12T06:12:46","date_gmt":"2017-08-12T06:12:46","guid":{"rendered":"http:\/\/www.eldigitaldeasturias.com\/noticias\/?p=949600"},"modified":"2017-08-12T06:13:40","modified_gmt":"2017-08-12T06:13:40","slug":"la-inflacion-se-mantiene-en-el-15-en-julio-de-2017","status":"publish","type":"post","link":"https:\/\/www.eldigitaldeasturias.com\/noticias\/la-inflacion-se-mantiene-en-el-15-en-julio-de-2017\/","title":{"rendered":"La inflaci\u00f3n se mantiene en el 1,5% en julio de 2017"},"content":{"rendered":"<p><img loading=\"lazy\" decoding=\"async\" class=\"alignleft size-medium wp-image-949602\" src=\"https:\/\/www.eldigitaldeasturias.com\/noticias\/wp-content\/uploads\/2017\/08\/tienda-360x248.jpg\" alt=\"\" width=\"360\" height=\"248\" \/>El \u00cdndice de Precios de Consumo (IPC) aument\u00f3 en julio de 2017 un 1,5% interanual, al igual que en el mes de junio, seg\u00fan las cifras publicadas por el Instituto Nacional de Estad\u00edstica (INE), tasa coincidente con la adelantada por el INE a finales del pasado mes.<\/p>\n<p>Esta evoluci\u00f3n se explica porque el comportamiento de los precios de la alimentaci\u00f3n no elaborada, que pasaron de crecer en junio a caer en julio, se ha visto compensado por la aceleraci\u00f3n de los precios de los productos energ\u00e9ticos, los bienes industriales no energ\u00e9ticos (BINE) y la alimentaci\u00f3n elaborada. En t\u00e9rminos intermensuales, el IPC ha registrado una bajada del 0,7% en julio de 2017, la misma que en julio de 2016.<\/p>\n<p>Los precios de los productos energ\u00e9ticos aumentaron un 4,1% interanual, cuatro d\u00e9cimas m\u00e1s que en junio. Esta evoluci\u00f3n se explica principalmente por la aceleraci\u00f3n de los precios de los carburantes y lubricantes, que pasaron del 0,4% interanual en junio al 1,9% en julio, parcialmente compensada por el menor ritmo de crecimiento de los precios de la electricidad, que se desaceleraron 2,2 puntos, hasta el 6,2% interanual en julio. Por su parte, los precios del gas se aceleraron siete d\u00e9cimas, hasta el 10,7%.<\/p>\n<p>La inflaci\u00f3n de la alimentaci\u00f3n se situ\u00f3 en el 0,3% en julio, seis d\u00e9cimas por debajo de la del mes precedente. Los precios de la alimentaci\u00f3n no elaborada pasaron de crecer el 1,4% en junio a caer el 1% en julio, destacando el comportamiento de los de las frutas frescas, que intensificaron 9,4 puntos su ritmo de descenso (pasaron de caer el 2,6% en junio al 12% en julio). Los precios de la alimentaci\u00f3n elaborada, bebidas y tabaco aumentaron el 1% en julio, tres d\u00e9cimas m\u00e1s que en junio; cabe se\u00f1alar la aceleraci\u00f3n de dos puntos de aceites y grasas, hasta el 6,1%.<\/p>\n<p>La inflaci\u00f3n subyacente (que excluye la alimentaci\u00f3n no elaborada y la energ\u00eda, que son los elementos m\u00e1s vol\u00e1tiles del IPC) aument\u00f3 dos d\u00e9cimas en julio, hasta el 1,4%, debido a la aceleraci\u00f3n de los BINE y de la alimentaci\u00f3n elaborada. Los BINE crecieron el 0,3% interanual en julio, una d\u00e9cima m\u00e1s que en junio, destacando la evoluci\u00f3n de los precios de vestido y calzado, que incrementaron dos d\u00e9cimas su ritmo de aumento, hasta el 0,4%. La alimentaci\u00f3n elaborada creci\u00f3 el 1%, tres d\u00e9cimas m\u00e1s que en el mes anterior. Por su parte, los precios de los servicios mantuvieron su tasa interanual en el 1,9%.<\/p>\n<p>En t\u00e9rminos intermensuales, el IPC ha registrado una bajada del 0,7% en julio de 2017, al igual que en el mismo mes de 2016. Por componentes, los precios de los servicios aumentaron un 0,7%, misma variaci\u00f3n que un a\u00f1o antes; los de los BINE disminuyeron un 3,7%, dos d\u00e9cimas menos que en julio de 2016 (-3,9%); los de la alimentaci\u00f3n registraron una variaci\u00f3n nula, frente al aumento del 0,6% de un a\u00f1o antes; y los precios de los productos energ\u00e9ticos retrocedieron un 0,6%, tras la ca\u00edda del 1% de julio del a\u00f1o pasado.<\/p>\n<p>Dentro del grupo de alimentaci\u00f3n, los precios de los alimentos no elaborados registraron en julio de 2017 una tasa intermensual del -0,4% (2,1% en el mismo mes de 2016), y los de los alimentos elaborados del 0,1% (-0,1% un a\u00f1o antes).<\/p>\n<p>La tasa interanual del IPC aument\u00f3 en julio en nueve comunidades aut\u00f3nomas, se mantuvo en tres y disminuy\u00f3 en las cinco restantes. Los mayores repuntes se produjeron en las tasas de inflaci\u00f3n de Catalu\u00f1a, Pa\u00eds Vasco y Principado de Asturias (dos d\u00e9cimas todas ellas, hasta el 1,9%, 1,7% y 1,3%, respectivamente), y las mayores bajadas en Regi\u00f3n de Murcia y Canarias (dos d\u00e9cimas ambas, hasta el 0,9% y el 1,5%, respectivamente).<\/p>\n<p>La tasa interanual del IPC a impuestos constantes se situ\u00f3 en julio en el 1,5%, al igual que la del IPC general.<\/p>\n<p>El INE ha publicado asimismo el IPC armonizado (IPCA) correspondiente al mes de julio de 2017, cuya tasa de variaci\u00f3n interanual se sit\u00faa en el 1,7%, una d\u00e9cima superior a la de junio. Por su parte, la tasa adelantada por Eurostat para el conjunto de la zona euro fue del 1,3% en julio, igual a la del mes anterior, resultando un diferencial de inflaci\u00f3n para Espa\u00f1a respecto a la zona euro de 0,4 puntos, una d\u00e9cima superior al de junio.<\/p>\n","protected":false},"excerpt":{"rendered":"<p>El \u00cdndice de Precios de Consumo (IPC) aument\u00f3 en julio de 2017 un 1,5% interanual, al igual que en el mes de junio, seg\u00fan las cifras publicadas por el Instituto Nacional de Estad\u00edstica (INE), tasa coincidente con la adelantada por el INE a finales del pasado mes. Esta evoluci\u00f3n se explica porque el comportamiento de [&hellip;]<\/p>\n","protected":false},"author":1,"featured_media":949602,"comment_status":"closed","ping_status":"closed","sticky":false,"template":"","format":"standard","meta":{"footnotes":""},"categories":[1],"tags":[],"class_list":["post-949600","post","type-post","status-publish","format-standard","has-post-thumbnail","hentry","category-actualidad"],"aioseo_notices":[],"aioseo_head":"\n\t\t<!-- All in One SEO Pro 5.0.1 - aioseo.com -->\n\t<meta name=\"description\" content=\"El \u00cdndice de Precios de Consumo (IPC) aument\u00f3 en julio de 2017 un 1,5% interanual, al igual que en el mes de junio, seg\u00fan las cifras publicadas por el Instituto Nacional de Estad\u00edstica (INE), tasa coincidente con la adelantada por el INE a finales del pasado mes. Esta evoluci\u00f3n se explica porque el comportamiento de\" \/>\n\t<meta name=\"robots\" content=\"max-image-preview:large\" \/>\n\t<meta name=\"author\" content=\"El Digital de Asturias\"\/>\n\t<meta name=\"google-site-verification\" content=\"UA-38556648-1\" \/>\n\t<meta name=\"msvalidate.01\" content=\"7dfe9f3f1b24437ab69f4f2559babe99\" \/>\n\t<meta name=\"keywords\" content=\"actualidad\" \/>\n\t<link rel=\"canonical\" href=\"https:\/\/www.eldigitaldeasturias.com\/noticias\/la-inflacion-se-mantiene-en-el-15-en-julio-de-2017\/\" \/>\n\t<meta name=\"generator\" content=\"All in One SEO Pro (AIOSEO) 5.0.1\" \/>\n\t\t<meta property=\"og:locale\" content=\"es_ES\" \/>\n\t\t<meta property=\"og:site_name\" content=\"El Digital de Asturias\" \/>\n\t\t<meta property=\"og:type\" content=\"article\" \/>\n\t\t<meta property=\"og:title\" content=\"La inflaci\u00f3n se mantiene en el 1,5% en julio de 2017 - El Digital de Asturias\" \/>\n\t\t<meta property=\"og:description\" content=\"El \u00cdndice de Precios de Consumo (IPC) aument\u00f3 en julio de 2017 un 1,5% interanual, al igual que en el mes de junio, seg\u00fan las cifras publicadas por el Instituto Nacional de Estad\u00edstica (INE), tasa coincidente con la adelantada por el INE a finales del pasado mes. Esta evoluci\u00f3n se explica porque el comportamiento de\" \/>\n\t\t<meta property=\"og:url\" content=\"https:\/\/www.eldigitaldeasturias.com\/noticias\/la-inflacion-se-mantiene-en-el-15-en-julio-de-2017\/\" \/>\n\t\t<meta property=\"article:tag\" content=\"actualidad\" \/>\n\t\t<meta property=\"article:published_time\" content=\"2017-08-12T06:12:46+00:00\" \/>\n\t\t<meta property=\"article:modified_time\" content=\"2017-08-12T06:13:40+00:00\" \/>\n\t\t<meta property=\"article:publisher\" content=\"https:\/\/facebook.com\/eldigitaldeasturias\" \/>\n\t\t<meta name=\"twitter:card\" content=\"summary_large_image\" \/>\n\t\t<meta name=\"twitter:title\" content=\"La inflaci\u00f3n se mantiene en el 1,5% en julio de 2017 - El Digital de Asturias\" \/>\n\t\t<meta name=\"twitter:description\" content=\"El \u00cdndice de Precios de Consumo (IPC) aument\u00f3 en julio de 2017 un 1,5% interanual, al igual que en el mes de junio, seg\u00fan las cifras publicadas por el Instituto Nacional de Estad\u00edstica (INE), tasa coincidente con la adelantada por el INE a finales del pasado mes. Esta evoluci\u00f3n se explica porque el comportamiento de\" \/>\n\t\t<meta name=\"twitter:image\" content=\"https:\/\/www.eldigitaldeasturias.com\/noticias\/wp-content\/uploads\/2020\/12\/EDA-1.jpg\" \/>\n\t\t<meta name=\"twitter:label1\" content=\"Escrito por\" \/>\n\t\t<meta name=\"twitter:data1\" content=\"El Digital de Asturias\" \/>\n\t\t<meta name=\"twitter:label2\" content=\"Tiempo de lectura estimado\" \/>\n\t\t<meta name=\"twitter:data2\" content=\"4 minutos\" \/>\n\t\t<script type=\"application\/ld+json\" class=\"aioseo-schema\">\n\t\t\t{\"@context\":\"https:\\\/\\\/schema.org\",\"@graph\":[{\"@type\":\"BlogPosting\",\"@id\":\"https:\\\/\\\/www.eldigitaldeasturias.com\\\/noticias\\\/la-inflacion-se-mantiene-en-el-15-en-julio-de-2017\\\/#blogposting\",\"name\":\"La inflaci\\u00f3n se mantiene en el 1,5% en julio de 2017 - El Digital de Asturias\",\"headline\":\"La inflaci\\u00f3n se mantiene en el 1,5% en julio de 2017\",\"author\":{\"@id\":\"https:\\\/\\\/www.eldigitaldeasturias.com\\\/noticias\\\/author\\\/admin\\\/#author\"},\"publisher\":{\"@id\":\"https:\\\/\\\/www.eldigitaldeasturias.com\\\/noticias\\\/#organization\"},\"image\":{\"@type\":\"ImageObject\",\"url\":949602},\"datePublished\":\"2017-08-12T06:12:46+02:00\",\"dateModified\":\"2017-08-12T06:13:40+02:00\",\"inLanguage\":\"es-ES\",\"mainEntityOfPage\":{\"@id\":\"https:\\\/\\\/www.eldigitaldeasturias.com\\\/noticias\\\/la-inflacion-se-mantiene-en-el-15-en-julio-de-2017\\\/#webpage\"},\"isPartOf\":{\"@id\":\"https:\\\/\\\/www.eldigitaldeasturias.com\\\/noticias\\\/la-inflacion-se-mantiene-en-el-15-en-julio-de-2017\\\/#webpage\"},\"articleSection\":\"Actualidad\"},{\"@type\":\"BreadcrumbList\",\"@id\":\"https:\\\/\\\/www.eldigitaldeasturias.com\\\/noticias\\\/la-inflacion-se-mantiene-en-el-15-en-julio-de-2017\\\/#breadcrumblist\",\"itemListElement\":[{\"@type\":\"ListItem\",\"@id\":\"https:\\\/\\\/www.eldigitaldeasturias.com\\\/noticias#listItem\",\"position\":1,\"name\":\"Home\",\"item\":\"https:\\\/\\\/www.eldigitaldeasturias.com\\\/noticias\",\"nextItem\":{\"@type\":\"ListItem\",\"@id\":\"https:\\\/\\\/www.eldigitaldeasturias.com\\\/noticias\\\/category\\\/actualidad\\\/#listItem\",\"name\":\"Actualidad\"}},{\"@type\":\"ListItem\",\"@id\":\"https:\\\/\\\/www.eldigitaldeasturias.com\\\/noticias\\\/category\\\/actualidad\\\/#listItem\",\"position\":2,\"name\":\"Actualidad\",\"item\":\"https:\\\/\\\/www.eldigitaldeasturias.com\\\/noticias\\\/category\\\/actualidad\\\/\",\"nextItem\":{\"@type\":\"ListItem\",\"@id\":\"https:\\\/\\\/www.eldigitaldeasturias.com\\\/noticias\\\/la-inflacion-se-mantiene-en-el-15-en-julio-de-2017\\\/#listItem\",\"name\":\"La inflaci\\u00f3n se mantiene en el 1,5% en julio de 2017\"},\"previousItem\":{\"@type\":\"ListItem\",\"@id\":\"https:\\\/\\\/www.eldigitaldeasturias.com\\\/noticias#listItem\",\"name\":\"Home\"}},{\"@type\":\"ListItem\",\"@id\":\"https:\\\/\\\/www.eldigitaldeasturias.com\\\/noticias\\\/la-inflacion-se-mantiene-en-el-15-en-julio-de-2017\\\/#listItem\",\"position\":3,\"name\":\"La inflaci\\u00f3n se mantiene en el 1,5% en julio de 2017\",\"previousItem\":{\"@type\":\"ListItem\",\"@id\":\"https:\\\/\\\/www.eldigitaldeasturias.com\\\/noticias\\\/category\\\/actualidad\\\/#listItem\",\"name\":\"Actualidad\"}}]},{\"@type\":\"Organization\",\"@id\":\"https:\\\/\\\/www.eldigitaldeasturias.com\\\/noticias\\\/#organization\",\"name\":\"El Digital de Asturias\",\"description\":\"Hemeroteca\",\"url\":\"https:\\\/\\\/www.eldigitaldeasturias.com\\\/noticias\\\/\",\"email\":\"info@eldigitaldeasturias.com\",\"telephone\":\"+34652131393\",\"logo\":{\"@type\":\"ImageObject\",\"url\":\"https:\\\/\\\/www.eldigitaldeasturias.com\\\/noticias\\\/wp-content\\\/uploads\\\/2020\\\/12\\\/EDA.jpg\",\"@id\":\"https:\\\/\\\/www.eldigitaldeasturias.com\\\/noticias\\\/la-inflacion-se-mantiene-en-el-15-en-julio-de-2017\\\/#organizationLogo\"},\"image\":{\"@id\":\"https:\\\/\\\/www.eldigitaldeasturias.com\\\/noticias\\\/la-inflacion-se-mantiene-en-el-15-en-julio-de-2017\\\/#organizationLogo\"},\"sameAs\":[\"https:\\\/\\\/facebook.com\\\/eldigitaldeasturias\",\"https:\\\/\\\/www.youtube.com\\\/channel\\\/UCZP-2wLEB9Rv6erhFmqVnvg\"],\"address\":{\"@id\":\"https:\\\/\\\/www.eldigitaldeasturias.com\\\/noticias\\\/#postaladdress\",\"@type\":\"PostalAddress\",\"streetAddress\":\"san antonio 4\",\"postalCode\":\"33430\",\"addressLocality\":\"Cand\\u00e1s\",\"addressRegion\":\"Asturias\",\"addressCountry\":\"ES\"}},{\"@type\":\"Person\",\"@id\":\"https:\\\/\\\/www.eldigitaldeasturias.com\\\/noticias\\\/author\\\/admin\\\/#author\",\"url\":\"https:\\\/\\\/www.eldigitaldeasturias.com\\\/noticias\\\/author\\\/admin\\\/\",\"name\":\"El Digital de Asturias\",\"image\":{\"@type\":\"ImageObject\",\"@id\":\"https:\\\/\\\/www.eldigitaldeasturias.com\\\/noticias\\\/la-inflacion-se-mantiene-en-el-15-en-julio-de-2017\\\/#authorImage\",\"url\":\"https:\\\/\\\/secure.gravatar.com\\\/avatar\\\/df2aeffc32bcd13f8d26072ef8a91b623d677766deac7f97ca815868cd41bf5e?s=96&d=mm&r=g\",\"width\":96,\"height\":96,\"caption\":\"El Digital de Asturias\"}},{\"@type\":\"WebPage\",\"@id\":\"https:\\\/\\\/www.eldigitaldeasturias.com\\\/noticias\\\/la-inflacion-se-mantiene-en-el-15-en-julio-de-2017\\\/#webpage\",\"url\":\"https:\\\/\\\/www.eldigitaldeasturias.com\\\/noticias\\\/la-inflacion-se-mantiene-en-el-15-en-julio-de-2017\\\/\",\"name\":\"La inflaci\\u00f3n se mantiene en el 1,5% en julio de 2017 - El Digital de Asturias\",\"description\":\"El \\u00cdndice de Precios de Consumo (IPC) aument\\u00f3 en julio de 2017 un 1,5% interanual, al igual que en el mes de junio, seg\\u00fan las cifras publicadas por el Instituto Nacional de Estad\\u00edstica (INE), tasa coincidente con la adelantada por el INE a finales del pasado mes. Esta evoluci\\u00f3n se explica porque el comportamiento de\",\"inLanguage\":\"es-ES\",\"isPartOf\":{\"@id\":\"https:\\\/\\\/www.eldigitaldeasturias.com\\\/noticias\\\/#website\"},\"breadcrumb\":{\"@id\":\"https:\\\/\\\/www.eldigitaldeasturias.com\\\/noticias\\\/la-inflacion-se-mantiene-en-el-15-en-julio-de-2017\\\/#breadcrumblist\"},\"author\":{\"@id\":\"https:\\\/\\\/www.eldigitaldeasturias.com\\\/noticias\\\/author\\\/admin\\\/#author\"},\"creator\":{\"@id\":\"https:\\\/\\\/www.eldigitaldeasturias.com\\\/noticias\\\/author\\\/admin\\\/#author\"},\"image\":{\"@type\":\"ImageObject\",\"url\":949602,\"@id\":\"https:\\\/\\\/www.eldigitaldeasturias.com\\\/noticias\\\/la-inflacion-se-mantiene-en-el-15-en-julio-de-2017\\\/#mainImage\"},\"primaryImageOfPage\":{\"@id\":\"https:\\\/\\\/www.eldigitaldeasturias.com\\\/noticias\\\/la-inflacion-se-mantiene-en-el-15-en-julio-de-2017\\\/#mainImage\"},\"datePublished\":\"2017-08-12T06:12:46+02:00\",\"dateModified\":\"2017-08-12T06:13:40+02:00\"},{\"@type\":\"WebSite\",\"@id\":\"https:\\\/\\\/www.eldigitaldeasturias.com\\\/noticias\\\/#website\",\"url\":\"https:\\\/\\\/www.eldigitaldeasturias.com\\\/noticias\\\/\",\"name\":\"El Digital de Asturias - Diario de actualidad y noticias\",\"alternateName\":\"El Digital de Asturias - Diario de actualidad y noticias\",\"description\":\"Hemeroteca\",\"inLanguage\":\"es-ES\",\"publisher\":{\"@id\":\"https:\\\/\\\/www.eldigitaldeasturias.com\\\/noticias\\\/#organization\"}}]}\n\t\t<\/script>\n\t\t<!-- All in One SEO Pro -->\r\n\t\t<title>La inflaci\u00f3n se mantiene en el 1,5% en julio de 2017 - El Digital de Asturias<\/title>\n\n","aioseo_head_json":{"title":"La inflaci\u00f3n se mantiene en el 1,5% en julio de 2017 - El Digital de Asturias","description":"El \u00cdndice de Precios de Consumo (IPC) aument\u00f3 en julio de 2017 un 1,5% interanual, al igual que en el mes de junio, seg\u00fan las cifras publicadas por el Instituto Nacional de Estad\u00edstica (INE), tasa coincidente con la adelantada por el INE a finales del pasado mes. Esta evoluci\u00f3n se explica porque el comportamiento de","canonical_url":"https:\/\/www.eldigitaldeasturias.com\/noticias\/la-inflacion-se-mantiene-en-el-15-en-julio-de-2017\/","robots":"max-image-preview:large","keywords":"actualidad","webmasterTools":{"google-site-verification":"UA-38556648-1","msvalidate.01":"7dfe9f3f1b24437ab69f4f2559babe99","miscellaneous":""},"schema":{"@context":"https:\/\/schema.org","@graph":[{"@type":"BlogPosting","@id":"https:\/\/www.eldigitaldeasturias.com\/noticias\/la-inflacion-se-mantiene-en-el-15-en-julio-de-2017\/#blogposting","name":"La inflaci\u00f3n se mantiene en el 1,5% en julio de 2017 - El Digital de Asturias","headline":"La inflaci\u00f3n se mantiene en el 1,5% en julio de 2017","author":{"@id":"https:\/\/www.eldigitaldeasturias.com\/noticias\/author\/admin\/#author"},"publisher":{"@id":"https:\/\/www.eldigitaldeasturias.com\/noticias\/#organization"},"image":{"@type":"ImageObject","url":949602},"datePublished":"2017-08-12T06:12:46+02:00","dateModified":"2017-08-12T06:13:40+02:00","inLanguage":"es-ES","mainEntityOfPage":{"@id":"https:\/\/www.eldigitaldeasturias.com\/noticias\/la-inflacion-se-mantiene-en-el-15-en-julio-de-2017\/#webpage"},"isPartOf":{"@id":"https:\/\/www.eldigitaldeasturias.com\/noticias\/la-inflacion-se-mantiene-en-el-15-en-julio-de-2017\/#webpage"},"articleSection":"Actualidad"},{"@type":"BreadcrumbList","@id":"https:\/\/www.eldigitaldeasturias.com\/noticias\/la-inflacion-se-mantiene-en-el-15-en-julio-de-2017\/#breadcrumblist","itemListElement":[{"@type":"ListItem","@id":"https:\/\/www.eldigitaldeasturias.com\/noticias#listItem","position":1,"name":"Home","item":"https:\/\/www.eldigitaldeasturias.com\/noticias","nextItem":{"@type":"ListItem","@id":"https:\/\/www.eldigitaldeasturias.com\/noticias\/category\/actualidad\/#listItem","name":"Actualidad"}},{"@type":"ListItem","@id":"https:\/\/www.eldigitaldeasturias.com\/noticias\/category\/actualidad\/#listItem","position":2,"name":"Actualidad","item":"https:\/\/www.eldigitaldeasturias.com\/noticias\/category\/actualidad\/","nextItem":{"@type":"ListItem","@id":"https:\/\/www.eldigitaldeasturias.com\/noticias\/la-inflacion-se-mantiene-en-el-15-en-julio-de-2017\/#listItem","name":"La inflaci\u00f3n se mantiene en el 1,5% en julio de 2017"},"previousItem":{"@type":"ListItem","@id":"https:\/\/www.eldigitaldeasturias.com\/noticias#listItem","name":"Home"}},{"@type":"ListItem","@id":"https:\/\/www.eldigitaldeasturias.com\/noticias\/la-inflacion-se-mantiene-en-el-15-en-julio-de-2017\/#listItem","position":3,"name":"La inflaci\u00f3n se mantiene en el 1,5% en julio de 2017","previousItem":{"@type":"ListItem","@id":"https:\/\/www.eldigitaldeasturias.com\/noticias\/category\/actualidad\/#listItem","name":"Actualidad"}}]},{"@type":"Organization","@id":"https:\/\/www.eldigitaldeasturias.com\/noticias\/#organization","name":"El Digital de Asturias","description":"Hemeroteca","url":"https:\/\/www.eldigitaldeasturias.com\/noticias\/","email":"info@eldigitaldeasturias.com","telephone":"+34652131393","logo":{"@type":"ImageObject","url":"https:\/\/www.eldigitaldeasturias.com\/noticias\/wp-content\/uploads\/2020\/12\/EDA.jpg","@id":"https:\/\/www.eldigitaldeasturias.com\/noticias\/la-inflacion-se-mantiene-en-el-15-en-julio-de-2017\/#organizationLogo"},"image":{"@id":"https:\/\/www.eldigitaldeasturias.com\/noticias\/la-inflacion-se-mantiene-en-el-15-en-julio-de-2017\/#organizationLogo"},"sameAs":["https:\/\/facebook.com\/eldigitaldeasturias","https:\/\/www.youtube.com\/channel\/UCZP-2wLEB9Rv6erhFmqVnvg"],"address":{"@id":"https:\/\/www.eldigitaldeasturias.com\/noticias\/#postaladdress","@type":"PostalAddress","streetAddress":"san antonio 4","postalCode":"33430","addressLocality":"Cand\u00e1s","addressRegion":"Asturias","addressCountry":"ES"}},{"@type":"Person","@id":"https:\/\/www.eldigitaldeasturias.com\/noticias\/author\/admin\/#author","url":"https:\/\/www.eldigitaldeasturias.com\/noticias\/author\/admin\/","name":"El Digital de Asturias","image":{"@type":"ImageObject","@id":"https:\/\/www.eldigitaldeasturias.com\/noticias\/la-inflacion-se-mantiene-en-el-15-en-julio-de-2017\/#authorImage","url":"https:\/\/secure.gravatar.com\/avatar\/df2aeffc32bcd13f8d26072ef8a91b623d677766deac7f97ca815868cd41bf5e?s=96&d=mm&r=g","width":96,"height":96,"caption":"El Digital de Asturias"}},{"@type":"WebPage","@id":"https:\/\/www.eldigitaldeasturias.com\/noticias\/la-inflacion-se-mantiene-en-el-15-en-julio-de-2017\/#webpage","url":"https:\/\/www.eldigitaldeasturias.com\/noticias\/la-inflacion-se-mantiene-en-el-15-en-julio-de-2017\/","name":"La inflaci\u00f3n se mantiene en el 1,5% en julio de 2017 - El Digital de Asturias","description":"El \u00cdndice de Precios de Consumo (IPC) aument\u00f3 en julio de 2017 un 1,5% interanual, al igual que en el mes de junio, seg\u00fan las cifras publicadas por el Instituto Nacional de Estad\u00edstica (INE), tasa coincidente con la adelantada por el INE a finales del pasado mes. Esta evoluci\u00f3n se explica porque el comportamiento de","inLanguage":"es-ES","isPartOf":{"@id":"https:\/\/www.eldigitaldeasturias.com\/noticias\/#website"},"breadcrumb":{"@id":"https:\/\/www.eldigitaldeasturias.com\/noticias\/la-inflacion-se-mantiene-en-el-15-en-julio-de-2017\/#breadcrumblist"},"author":{"@id":"https:\/\/www.eldigitaldeasturias.com\/noticias\/author\/admin\/#author"},"creator":{"@id":"https:\/\/www.eldigitaldeasturias.com\/noticias\/author\/admin\/#author"},"image":{"@type":"ImageObject","url":949602,"@id":"https:\/\/www.eldigitaldeasturias.com\/noticias\/la-inflacion-se-mantiene-en-el-15-en-julio-de-2017\/#mainImage"},"primaryImageOfPage":{"@id":"https:\/\/www.eldigitaldeasturias.com\/noticias\/la-inflacion-se-mantiene-en-el-15-en-julio-de-2017\/#mainImage"},"datePublished":"2017-08-12T06:12:46+02:00","dateModified":"2017-08-12T06:13:40+02:00"},{"@type":"WebSite","@id":"https:\/\/www.eldigitaldeasturias.com\/noticias\/#website","url":"https:\/\/www.eldigitaldeasturias.com\/noticias\/","name":"El Digital de Asturias - Diario de actualidad y noticias","alternateName":"El Digital de Asturias - Diario de actualidad y noticias","description":"Hemeroteca","inLanguage":"es-ES","publisher":{"@id":"https:\/\/www.eldigitaldeasturias.com\/noticias\/#organization"}}]},"og:locale":"es_ES","og:site_name":"El Digital de Asturias","og:type":"article","og:title":"La inflaci\u00f3n se mantiene en el 1,5% en julio de 2017 - El Digital de Asturias","og:description":"El \u00cdndice de Precios de Consumo (IPC) aument\u00f3 en julio de 2017 un 1,5% interanual, al igual que en el mes de junio, seg\u00fan las cifras publicadas por el Instituto Nacional de Estad\u00edstica (INE), tasa coincidente con la adelantada por el INE a finales del pasado mes. Esta evoluci\u00f3n se explica porque el comportamiento de","og:url":"https:\/\/www.eldigitaldeasturias.com\/noticias\/la-inflacion-se-mantiene-en-el-15-en-julio-de-2017\/","article:tag":["actualidad"],"article:published_time":"2017-08-12T06:12:46+00:00","article:modified_time":"2017-08-12T06:13:40+00:00","article:publisher":"https:\/\/facebook.com\/eldigitaldeasturias","twitter:card":"summary_large_image","twitter:title":"La inflaci\u00f3n se mantiene en el 1,5% en julio de 2017 - El Digital de Asturias","twitter:description":"El \u00cdndice de Precios de Consumo (IPC) aument\u00f3 en julio de 2017 un 1,5% interanual, al igual que en el mes de junio, seg\u00fan las cifras publicadas por el Instituto Nacional de Estad\u00edstica (INE), tasa coincidente con la adelantada por el INE a finales del pasado mes. Esta evoluci\u00f3n se explica porque el comportamiento de","twitter:image":"https:\/\/www.eldigitaldeasturias.com\/noticias\/wp-content\/uploads\/2020\/12\/EDA-1.jpg","twitter:label1":"Escrito por","twitter:data1":"El Digital de Asturias","twitter:label2":"Tiempo de lectura estimado","twitter:data2":"4 minutos"},"aioseo_meta_data":{"post_id":"949600","title":null,"description":null,"keywords":null,"keyphrases":null,"primary_term":null,"canonical_url":null,"og_title":null,"og_description":null,"og_object_type":"default","og_image_type":"default","og_image_url":null,"og_image_width":null,"og_image_height":null,"og_image_custom_url":null,"og_image_custom_fields":null,"og_video":null,"og_custom_url":null,"og_article_section":null,"og_article_tags":null,"twitter_use_og":false,"twitter_card":"default","twitter_image_type":"default","twitter_image_url":null,"twitter_image_custom_url":null,"twitter_image_custom_fields":null,"twitter_title":null,"twitter_description":null,"schema":{"blockGraphs":[],"customGraphs":[],"default":{"data":{"Article":[],"Course":[],"Dataset":[],"FAQPage":[],"Movie":[],"Person":[],"Product":[],"ProductReview":[],"Car":[],"Recipe":[],"Service":[],"SoftwareApplication":[],"WebPage":[]},"graphName":"","isEnabled":true},"graphs":[]},"schema_type":null,"schema_type_options":null,"pillar_content":false,"robots_default":true,"robots_noindex":false,"robots_noarchive":false,"robots_nosnippet":false,"robots_nofollow":false,"robots_noimageindex":false,"robots_noodp":false,"robots_notranslate":false,"robots_max_snippet":null,"robots_max_videopreview":null,"robots_max_imagepreview":"large","priority":null,"frequency":null,"local_seo":null,"seo_analyzer_scan_date":"2025-12-05 12:59:17","breadcrumb_settings":null,"limit_modified_date":false,"open_ai":null,"ai":null,"created":"2020-12-21 13:01:37","updated":"2025-12-05 12:59:17","focus_keyword":null,"additional_keywords":null,"truseo_locale":null},"aioseo_breadcrumb":"<div class=\"aioseo-breadcrumbs\"><span class=\"aioseo-breadcrumb\">\n\t<a href=\"https:\/\/www.eldigitaldeasturias.com\/noticias\" title=\"Home\">Home<\/a>\n<\/span><span class=\"aioseo-breadcrumb-separator\">\u2013<\/span><span class=\"aioseo-breadcrumb\">\n\t<a href=\"https:\/\/www.eldigitaldeasturias.com\/noticias\/category\/actualidad\/\" title=\"Actualidad\">Actualidad<\/a>\n<\/span><span class=\"aioseo-breadcrumb-separator\">\u2013<\/span><span class=\"aioseo-breadcrumb\">\n\t<a href=\"https:\/\/www.eldigitaldeasturias.com\/noticias\/la-inflacion-se-mantiene-en-el-15-en-julio-de-2017\/\" title=\"La inflaci\u00f3n se mantiene en el 1,5% en julio de 2017\">La inflaci\u00f3n se mantiene en el 1,5% en julio de 2017<\/a>\n<\/span><\/div>","aioseo_breadcrumb_json":[{"label":"Home","link":"https:\/\/www.eldigitaldeasturias.com\/noticias"},{"label":"Actualidad","link":"https:\/\/www.eldigitaldeasturias.com\/noticias\/category\/actualidad\/"},{"label":"La inflaci\u00f3n se mantiene en el 1,5% en julio de 2017","link":"https:\/\/www.eldigitaldeasturias.com\/noticias\/la-inflacion-se-mantiene-en-el-15-en-julio-de-2017\/"}],"_links":{"self":[{"href":"https:\/\/www.eldigitaldeasturias.com\/noticias\/wp-json\/wp\/v2\/posts\/949600","targetHints":{"allow":["GET"]}}],"collection":[{"href":"https:\/\/www.eldigitaldeasturias.com\/noticias\/wp-json\/wp\/v2\/posts"}],"about":[{"href":"https:\/\/www.eldigitaldeasturias.com\/noticias\/wp-json\/wp\/v2\/types\/post"}],"author":[{"embeddable":true,"href":"https:\/\/www.eldigitaldeasturias.com\/noticias\/wp-json\/wp\/v2\/users\/1"}],"replies":[{"embeddable":true,"href":"https:\/\/www.eldigitaldeasturias.com\/noticias\/wp-json\/wp\/v2\/comments?post=949600"}],"version-history":[{"count":0,"href":"https:\/\/www.eldigitaldeasturias.com\/noticias\/wp-json\/wp\/v2\/posts\/949600\/revisions"}],"wp:attachment":[{"href":"https:\/\/www.eldigitaldeasturias.com\/noticias\/wp-json\/wp\/v2\/media?parent=949600"}],"wp:term":[{"taxonomy":"category","embeddable":true,"href":"https:\/\/www.eldigitaldeasturias.com\/noticias\/wp-json\/wp\/v2\/categories?post=949600"},{"taxonomy":"post_tag","embeddable":true,"href":"https:\/\/www.eldigitaldeasturias.com\/noticias\/wp-json\/wp\/v2\/tags?post=949600"}],"curies":[{"name":"wp","href":"https:\/\/api.w.org\/{rel}","templated":true}]}}