{"id":949598,"date":"2017-08-12T06:10:56","date_gmt":"2017-08-12T06:10:56","guid":{"rendered":"http:\/\/www.eldigitaldeasturias.com\/noticias\/?p=949598"},"modified":"2017-08-12T06:10:56","modified_gmt":"2017-08-12T06:10:56","slug":"mas-de-2-174-000-jovenes-se-han-beneficiado-de-las-medidas-impulsadas-por-el-gobierno-para-favorecer-al-empleo-joven","status":"publish","type":"post","link":"https:\/\/www.eldigitaldeasturias.com\/noticias\/mas-de-2-174-000-jovenes-se-han-beneficiado-de-las-medidas-impulsadas-por-el-gobierno-para-favorecer-al-empleo-joven\/","title":{"rendered":"M\u00e1s de 2.174.000 j\u00f3venes se han beneficiado de las medidas impulsadas por el Gobierno para favorecer al empleo joven"},"content":{"rendered":"<p><img loading=\"lazy\" decoding=\"async\" class=\"alignleft size-medium wp-image-948412\" src=\"https:\/\/www.eldigitaldeasturias.com\/noticias\/wp-content\/uploads\/2017\/08\/020817Datosparo-360x239.jpg\" alt=\"\" width=\"360\" height=\"239\" \/>Desde que en el a\u00f1o 2013 el Gobierno puso en marcha la Estrategia de Emprendimiento y Empleo Joven (EEEJ), en la que posteriormente se integr\u00f3 la Garant\u00eda Juvenil, se han generado oportunidades de trabajo para 2.174.536 j\u00f3venes.<\/p>\n<p>\u200bEn concreto, se han beneficiado de la EEEJ 1.423.799 j\u00f3venes, mientras que el n\u00famero de inscritos en la Garant\u00eda Juvenil es de 750.737 j\u00f3venes.<\/p>\n<p>El D\u00eda Internacional de la Juventud, que se conmemora ma\u00f1ana, recuerda que el empleo juvenil es una prioridad de las pol\u00edticas de todos y la necesidad de seguir trabajando para lograrlo.<\/p>\n<p>Por ello, se han puesto en marcha medidas como la Estrategia de Emprendimiento y Empleo Joven, fruto del di\u00e1logo con los interlocutores sociales y las CCAA, y la Garant\u00eda Juvenil, que est\u00e1n logrando resultados favorables para este colectivo.<\/p>\n<p>El empleo entre los j\u00f3venes menores de 25 a\u00f1os crece a un ritmo del 9,56%, m\u00e1s del doble que la media nacional, seg\u00fan los \u00faltimos datos de afiliaci\u00f3n a la Seguridad Social. As\u00ed, se ha vuelto a superar el umbral del mill\u00f3n de j\u00f3venes menores de 25 a\u00f1os trabajando en nuestro pa\u00eds, algo que no suced\u00eda desde hace 6 a\u00f1os.<\/p>\n<p>Por su parte, los datos de la EPA del segundo trimestre indican que la tasa de paro entre los menores de 25 a\u00f1os se ha reducido 17,4 puntos porcentuales desde su nivel m\u00e1ximo, hasta el 39,53%, bajando del 40% por primera vez desde finales de 2009 y se ha reducido. S\u00f3lo en el \u00faltimo a\u00f1o, la tasa de paro se ha reducido casi 7 puntos.<\/p>\n<p>Los datos publicados en julio por Eurostat ponen de relieve que Espa\u00f1a lidera la creaci\u00f3n de empleo entre los j\u00f3venes en la Zona Euro y en toda la UE. De hecho, en Espa\u00f1a se ha creado un 20% m\u00e1s empleo que en Italia, un 50% m\u00e1s que en Francia y el doble que en Alemania.<\/p>\n<p>Pese a esta evoluci\u00f3n, el Gobierno recuerda que a\u00fan queda mucho por hacer y por eso sigue trabajando en las mesas de di\u00e1logo con los interlocutores sociales y tambi\u00e9n con las comunidades aut\u00f3nomas y los grupos parlamentarios para que la suma de los esfuerzos traiga cada d\u00eda m\u00e1s y mejores oportunidades de empleo a nuestros j\u00f3venes.<\/p>\n<p><strong>Mejorar la empleabilidad de los j\u00f3venes y facilitar su inserci\u00f3n<\/strong><\/p>\n<p>La Estrategia de Emprendimiento y Empleo Joven contempla actuaciones para mejorar la empleabilidad de los j\u00f3venes, facilitar la inserci\u00f3n en el \u00e1mbito laboral, promover el emprendimiento y mejorar su situaci\u00f3n dentro del mercado de trabajo; y contiene 100 medidas encaminadas a favorecer su inserci\u00f3n laboral, ya sea por cuenta ajena o a trav\u00e9s del emprendimiento.<\/p>\n<p>La Garant\u00eda Juvenil se enmarca en la Estrategia de Emprendimiento y Empleo Joven y contempla un cat\u00e1logo de medidas ajustadas a los distintos perfiles de j\u00f3venes. Las medidas se vertebran en torno a cuatro ejes principales: mejora de la intermediaci\u00f3n, mejora de la empleabilidad, est\u00edmulos a la contrataci\u00f3n y fomento del emprendimiento.<\/p>\n","protected":false},"excerpt":{"rendered":"<p>Desde que en el a\u00f1o 2013 el Gobierno puso en marcha la Estrategia de Emprendimiento y Empleo Joven (EEEJ), en la que posteriormente se integr\u00f3 la Garant\u00eda Juvenil, se han generado oportunidades de trabajo para 2.174.536 j\u00f3venes. \u200bEn concreto, se han beneficiado de la EEEJ 1.423.799 j\u00f3venes, mientras que el n\u00famero de inscritos en la [&hellip;]<\/p>\n","protected":false},"author":1,"featured_media":948412,"comment_status":"closed","ping_status":"closed","sticky":false,"template":"","format":"standard","meta":{"footnotes":""},"categories":[1],"tags":[],"class_list":["post-949598","post","type-post","status-publish","format-standard","has-post-thumbnail","hentry","category-actualidad"],"aioseo_notices":[],"aioseo_head":"\n\t\t<!-- All in One SEO Pro 5.0.1 - aioseo.com -->\n\t<meta name=\"description\" content=\"Desde que en el a\u00f1o 2013 el Gobierno puso en marcha la Estrategia de Emprendimiento y Empleo Joven (EEEJ), en la que posteriormente se integr\u00f3 la Garant\u00eda Juvenil, se han generado oportunidades de trabajo para 2.174.536 j\u00f3venes. \u200bEn concreto, se han beneficiado de la EEEJ 1.423.799 j\u00f3venes, mientras que el n\u00famero de inscritos en la\" \/>\n\t<meta name=\"robots\" content=\"max-image-preview:large\" \/>\n\t<meta name=\"author\" content=\"El Digital de Asturias\"\/>\n\t<meta name=\"google-site-verification\" content=\"UA-38556648-1\" \/>\n\t<meta name=\"msvalidate.01\" content=\"7dfe9f3f1b24437ab69f4f2559babe99\" \/>\n\t<meta name=\"keywords\" content=\"actualidad\" \/>\n\t<link rel=\"canonical\" href=\"https:\/\/www.eldigitaldeasturias.com\/noticias\/mas-de-2-174-000-jovenes-se-han-beneficiado-de-las-medidas-impulsadas-por-el-gobierno-para-favorecer-al-empleo-joven\/\" \/>\n\t<meta name=\"generator\" content=\"All in One SEO Pro (AIOSEO) 5.0.1\" \/>\n\t\t<meta property=\"og:locale\" content=\"es_ES\" \/>\n\t\t<meta property=\"og:site_name\" content=\"El Digital de Asturias\" \/>\n\t\t<meta property=\"og:type\" content=\"article\" \/>\n\t\t<meta property=\"og:title\" content=\"M\u00e1s de 2.174.000 j\u00f3venes se han beneficiado de las medidas impulsadas por el Gobierno para favorecer al empleo joven - El Digital de Asturias\" \/>\n\t\t<meta property=\"og:description\" content=\"Desde que en el a\u00f1o 2013 el Gobierno puso en marcha la Estrategia de Emprendimiento y Empleo Joven (EEEJ), en la que posteriormente se integr\u00f3 la Garant\u00eda Juvenil, se han generado oportunidades de trabajo para 2.174.536 j\u00f3venes. \u200bEn concreto, se han beneficiado de la EEEJ 1.423.799 j\u00f3venes, mientras que el n\u00famero de inscritos en la\" \/>\n\t\t<meta property=\"og:url\" content=\"https:\/\/www.eldigitaldeasturias.com\/noticias\/mas-de-2-174-000-jovenes-se-han-beneficiado-de-las-medidas-impulsadas-por-el-gobierno-para-favorecer-al-empleo-joven\/\" \/>\n\t\t<meta property=\"article:tag\" content=\"actualidad\" \/>\n\t\t<meta property=\"article:published_time\" content=\"2017-08-12T06:10:56+00:00\" \/>\n\t\t<meta property=\"article:modified_time\" content=\"2017-08-12T06:10:56+00:00\" \/>\n\t\t<meta property=\"article:publisher\" content=\"https:\/\/facebook.com\/eldigitaldeasturias\" \/>\n\t\t<meta name=\"twitter:card\" content=\"summary_large_image\" \/>\n\t\t<meta name=\"twitter:title\" content=\"M\u00e1s de 2.174.000 j\u00f3venes se han beneficiado de las medidas impulsadas por el Gobierno para favorecer al empleo joven - El Digital de Asturias\" \/>\n\t\t<meta name=\"twitter:description\" content=\"Desde que en el a\u00f1o 2013 el Gobierno puso en marcha la Estrategia de Emprendimiento y Empleo Joven (EEEJ), en la que posteriormente se integr\u00f3 la Garant\u00eda Juvenil, se han generado oportunidades de trabajo para 2.174.536 j\u00f3venes. \u200bEn concreto, se han beneficiado de la EEEJ 1.423.799 j\u00f3venes, mientras que el n\u00famero de inscritos en la\" \/>\n\t\t<meta name=\"twitter:image\" content=\"https:\/\/www.eldigitaldeasturias.com\/noticias\/wp-content\/uploads\/2020\/12\/EDA-1.jpg\" \/>\n\t\t<meta name=\"twitter:label1\" content=\"Escrito por\" \/>\n\t\t<meta name=\"twitter:data1\" content=\"El Digital de Asturias\" \/>\n\t\t<meta name=\"twitter:label2\" content=\"Tiempo de lectura estimado\" \/>\n\t\t<meta name=\"twitter:data2\" content=\"3 minutos\" \/>\n\t\t<script type=\"application\/ld+json\" class=\"aioseo-schema\">\n\t\t\t{\"@context\":\"https:\\\/\\\/schema.org\",\"@graph\":[{\"@type\":\"BlogPosting\",\"@id\":\"https:\\\/\\\/www.eldigitaldeasturias.com\\\/noticias\\\/mas-de-2-174-000-jovenes-se-han-beneficiado-de-las-medidas-impulsadas-por-el-gobierno-para-favorecer-al-empleo-joven\\\/#blogposting\",\"name\":\"M\\u00e1s de 2.174.000 j\\u00f3venes se han beneficiado de las medidas impulsadas por el Gobierno para favorecer al empleo joven - El Digital de Asturias\",\"headline\":\"M\\u00e1s de 2.174.000 j\\u00f3venes se han beneficiado de las medidas impulsadas por el Gobierno para favorecer al empleo joven\",\"author\":{\"@id\":\"https:\\\/\\\/www.eldigitaldeasturias.com\\\/noticias\\\/author\\\/admin\\\/#author\"},\"publisher\":{\"@id\":\"https:\\\/\\\/www.eldigitaldeasturias.com\\\/noticias\\\/#organization\"},\"image\":{\"@type\":\"ImageObject\",\"url\":948412},\"datePublished\":\"2017-08-12T06:10:56+02:00\",\"dateModified\":\"2017-08-12T06:10:56+02:00\",\"inLanguage\":\"es-ES\",\"mainEntityOfPage\":{\"@id\":\"https:\\\/\\\/www.eldigitaldeasturias.com\\\/noticias\\\/mas-de-2-174-000-jovenes-se-han-beneficiado-de-las-medidas-impulsadas-por-el-gobierno-para-favorecer-al-empleo-joven\\\/#webpage\"},\"isPartOf\":{\"@id\":\"https:\\\/\\\/www.eldigitaldeasturias.com\\\/noticias\\\/mas-de-2-174-000-jovenes-se-han-beneficiado-de-las-medidas-impulsadas-por-el-gobierno-para-favorecer-al-empleo-joven\\\/#webpage\"},\"articleSection\":\"Actualidad\"},{\"@type\":\"BreadcrumbList\",\"@id\":\"https:\\\/\\\/www.eldigitaldeasturias.com\\\/noticias\\\/mas-de-2-174-000-jovenes-se-han-beneficiado-de-las-medidas-impulsadas-por-el-gobierno-para-favorecer-al-empleo-joven\\\/#breadcrumblist\",\"itemListElement\":[{\"@type\":\"ListItem\",\"@id\":\"https:\\\/\\\/www.eldigitaldeasturias.com\\\/noticias#listItem\",\"position\":1,\"name\":\"Home\",\"item\":\"https:\\\/\\\/www.eldigitaldeasturias.com\\\/noticias\",\"nextItem\":{\"@type\":\"ListItem\",\"@id\":\"https:\\\/\\\/www.eldigitaldeasturias.com\\\/noticias\\\/category\\\/actualidad\\\/#listItem\",\"name\":\"Actualidad\"}},{\"@type\":\"ListItem\",\"@id\":\"https:\\\/\\\/www.eldigitaldeasturias.com\\\/noticias\\\/category\\\/actualidad\\\/#listItem\",\"position\":2,\"name\":\"Actualidad\",\"item\":\"https:\\\/\\\/www.eldigitaldeasturias.com\\\/noticias\\\/category\\\/actualidad\\\/\",\"nextItem\":{\"@type\":\"ListItem\",\"@id\":\"https:\\\/\\\/www.eldigitaldeasturias.com\\\/noticias\\\/mas-de-2-174-000-jovenes-se-han-beneficiado-de-las-medidas-impulsadas-por-el-gobierno-para-favorecer-al-empleo-joven\\\/#listItem\",\"name\":\"M\\u00e1s de 2.174.000 j\\u00f3venes se han beneficiado de las medidas impulsadas por el Gobierno para favorecer al empleo joven\"},\"previousItem\":{\"@type\":\"ListItem\",\"@id\":\"https:\\\/\\\/www.eldigitaldeasturias.com\\\/noticias#listItem\",\"name\":\"Home\"}},{\"@type\":\"ListItem\",\"@id\":\"https:\\\/\\\/www.eldigitaldeasturias.com\\\/noticias\\\/mas-de-2-174-000-jovenes-se-han-beneficiado-de-las-medidas-impulsadas-por-el-gobierno-para-favorecer-al-empleo-joven\\\/#listItem\",\"position\":3,\"name\":\"M\\u00e1s de 2.174.000 j\\u00f3venes se han beneficiado de las medidas impulsadas por el Gobierno para favorecer al empleo joven\",\"previousItem\":{\"@type\":\"ListItem\",\"@id\":\"https:\\\/\\\/www.eldigitaldeasturias.com\\\/noticias\\\/category\\\/actualidad\\\/#listItem\",\"name\":\"Actualidad\"}}]},{\"@type\":\"Organization\",\"@id\":\"https:\\\/\\\/www.eldigitaldeasturias.com\\\/noticias\\\/#organization\",\"name\":\"El Digital de Asturias\",\"description\":\"Hemeroteca\",\"url\":\"https:\\\/\\\/www.eldigitaldeasturias.com\\\/noticias\\\/\",\"email\":\"info@eldigitaldeasturias.com\",\"telephone\":\"+34652131393\",\"logo\":{\"@type\":\"ImageObject\",\"url\":\"https:\\\/\\\/www.eldigitaldeasturias.com\\\/noticias\\\/wp-content\\\/uploads\\\/2020\\\/12\\\/EDA.jpg\",\"@id\":\"https:\\\/\\\/www.eldigitaldeasturias.com\\\/noticias\\\/mas-de-2-174-000-jovenes-se-han-beneficiado-de-las-medidas-impulsadas-por-el-gobierno-para-favorecer-al-empleo-joven\\\/#organizationLogo\"},\"image\":{\"@id\":\"https:\\\/\\\/www.eldigitaldeasturias.com\\\/noticias\\\/mas-de-2-174-000-jovenes-se-han-beneficiado-de-las-medidas-impulsadas-por-el-gobierno-para-favorecer-al-empleo-joven\\\/#organizationLogo\"},\"sameAs\":[\"https:\\\/\\\/facebook.com\\\/eldigitaldeasturias\",\"https:\\\/\\\/www.youtube.com\\\/channel\\\/UCZP-2wLEB9Rv6erhFmqVnvg\"],\"address\":{\"@id\":\"https:\\\/\\\/www.eldigitaldeasturias.com\\\/noticias\\\/#postaladdress\",\"@type\":\"PostalAddress\",\"streetAddress\":\"san antonio 4\",\"postalCode\":\"33430\",\"addressLocality\":\"Cand\\u00e1s\",\"addressRegion\":\"Asturias\",\"addressCountry\":\"ES\"}},{\"@type\":\"Person\",\"@id\":\"https:\\\/\\\/www.eldigitaldeasturias.com\\\/noticias\\\/author\\\/admin\\\/#author\",\"url\":\"https:\\\/\\\/www.eldigitaldeasturias.com\\\/noticias\\\/author\\\/admin\\\/\",\"name\":\"El Digital de Asturias\",\"image\":{\"@type\":\"ImageObject\",\"@id\":\"https:\\\/\\\/www.eldigitaldeasturias.com\\\/noticias\\\/mas-de-2-174-000-jovenes-se-han-beneficiado-de-las-medidas-impulsadas-por-el-gobierno-para-favorecer-al-empleo-joven\\\/#authorImage\",\"url\":\"https:\\\/\\\/secure.gravatar.com\\\/avatar\\\/df2aeffc32bcd13f8d26072ef8a91b623d677766deac7f97ca815868cd41bf5e?s=96&d=mm&r=g\",\"width\":96,\"height\":96,\"caption\":\"El Digital de Asturias\"}},{\"@type\":\"WebPage\",\"@id\":\"https:\\\/\\\/www.eldigitaldeasturias.com\\\/noticias\\\/mas-de-2-174-000-jovenes-se-han-beneficiado-de-las-medidas-impulsadas-por-el-gobierno-para-favorecer-al-empleo-joven\\\/#webpage\",\"url\":\"https:\\\/\\\/www.eldigitaldeasturias.com\\\/noticias\\\/mas-de-2-174-000-jovenes-se-han-beneficiado-de-las-medidas-impulsadas-por-el-gobierno-para-favorecer-al-empleo-joven\\\/\",\"name\":\"M\\u00e1s de 2.174.000 j\\u00f3venes se han beneficiado de las medidas impulsadas por el Gobierno para favorecer al empleo joven - El Digital de Asturias\",\"description\":\"Desde que en el a\\u00f1o 2013 el Gobierno puso en marcha la Estrategia de Emprendimiento y Empleo Joven (EEEJ), en la que posteriormente se integr\\u00f3 la Garant\\u00eda Juvenil, se han generado oportunidades de trabajo para 2.174.536 j\\u00f3venes. \\u200bEn concreto, se han beneficiado de la EEEJ 1.423.799 j\\u00f3venes, mientras que el n\\u00famero de inscritos en la\",\"inLanguage\":\"es-ES\",\"isPartOf\":{\"@id\":\"https:\\\/\\\/www.eldigitaldeasturias.com\\\/noticias\\\/#website\"},\"breadcrumb\":{\"@id\":\"https:\\\/\\\/www.eldigitaldeasturias.com\\\/noticias\\\/mas-de-2-174-000-jovenes-se-han-beneficiado-de-las-medidas-impulsadas-por-el-gobierno-para-favorecer-al-empleo-joven\\\/#breadcrumblist\"},\"author\":{\"@id\":\"https:\\\/\\\/www.eldigitaldeasturias.com\\\/noticias\\\/author\\\/admin\\\/#author\"},\"creator\":{\"@id\":\"https:\\\/\\\/www.eldigitaldeasturias.com\\\/noticias\\\/author\\\/admin\\\/#author\"},\"image\":{\"@type\":\"ImageObject\",\"url\":948412,\"@id\":\"https:\\\/\\\/www.eldigitaldeasturias.com\\\/noticias\\\/mas-de-2-174-000-jovenes-se-han-beneficiado-de-las-medidas-impulsadas-por-el-gobierno-para-favorecer-al-empleo-joven\\\/#mainImage\"},\"primaryImageOfPage\":{\"@id\":\"https:\\\/\\\/www.eldigitaldeasturias.com\\\/noticias\\\/mas-de-2-174-000-jovenes-se-han-beneficiado-de-las-medidas-impulsadas-por-el-gobierno-para-favorecer-al-empleo-joven\\\/#mainImage\"},\"datePublished\":\"2017-08-12T06:10:56+02:00\",\"dateModified\":\"2017-08-12T06:10:56+02:00\"},{\"@type\":\"WebSite\",\"@id\":\"https:\\\/\\\/www.eldigitaldeasturias.com\\\/noticias\\\/#website\",\"url\":\"https:\\\/\\\/www.eldigitaldeasturias.com\\\/noticias\\\/\",\"name\":\"El Digital de Asturias - Diario de actualidad y noticias\",\"alternateName\":\"El Digital de Asturias - Diario de actualidad y noticias\",\"description\":\"Hemeroteca\",\"inLanguage\":\"es-ES\",\"publisher\":{\"@id\":\"https:\\\/\\\/www.eldigitaldeasturias.com\\\/noticias\\\/#organization\"}}]}\n\t\t<\/script>\n\t\t<!-- All in One SEO Pro -->\r\n\t\t<title>M\u00e1s de 2.174.000 j\u00f3venes se han beneficiado de las medidas impulsadas por el Gobierno para favorecer al empleo joven - El Digital de Asturias<\/title>\n\n","aioseo_head_json":{"title":"M\u00e1s de 2.174.000 j\u00f3venes se han beneficiado de las medidas impulsadas por el Gobierno para favorecer al empleo joven - El Digital de Asturias","description":"Desde que en el a\u00f1o 2013 el Gobierno puso en marcha la Estrategia de Emprendimiento y Empleo Joven (EEEJ), en la que posteriormente se integr\u00f3 la Garant\u00eda Juvenil, se han generado oportunidades de trabajo para 2.174.536 j\u00f3venes. \u200bEn concreto, se han beneficiado de la EEEJ 1.423.799 j\u00f3venes, mientras que el n\u00famero de inscritos en la","canonical_url":"https:\/\/www.eldigitaldeasturias.com\/noticias\/mas-de-2-174-000-jovenes-se-han-beneficiado-de-las-medidas-impulsadas-por-el-gobierno-para-favorecer-al-empleo-joven\/","robots":"max-image-preview:large","keywords":"actualidad","webmasterTools":{"google-site-verification":"UA-38556648-1","msvalidate.01":"7dfe9f3f1b24437ab69f4f2559babe99","miscellaneous":""},"schema":{"@context":"https:\/\/schema.org","@graph":[{"@type":"BlogPosting","@id":"https:\/\/www.eldigitaldeasturias.com\/noticias\/mas-de-2-174-000-jovenes-se-han-beneficiado-de-las-medidas-impulsadas-por-el-gobierno-para-favorecer-al-empleo-joven\/#blogposting","name":"M\u00e1s de 2.174.000 j\u00f3venes se han beneficiado de las medidas impulsadas por el Gobierno para favorecer al empleo joven - El Digital de Asturias","headline":"M\u00e1s de 2.174.000 j\u00f3venes se han beneficiado de las medidas impulsadas por el Gobierno para favorecer al empleo joven","author":{"@id":"https:\/\/www.eldigitaldeasturias.com\/noticias\/author\/admin\/#author"},"publisher":{"@id":"https:\/\/www.eldigitaldeasturias.com\/noticias\/#organization"},"image":{"@type":"ImageObject","url":948412},"datePublished":"2017-08-12T06:10:56+02:00","dateModified":"2017-08-12T06:10:56+02:00","inLanguage":"es-ES","mainEntityOfPage":{"@id":"https:\/\/www.eldigitaldeasturias.com\/noticias\/mas-de-2-174-000-jovenes-se-han-beneficiado-de-las-medidas-impulsadas-por-el-gobierno-para-favorecer-al-empleo-joven\/#webpage"},"isPartOf":{"@id":"https:\/\/www.eldigitaldeasturias.com\/noticias\/mas-de-2-174-000-jovenes-se-han-beneficiado-de-las-medidas-impulsadas-por-el-gobierno-para-favorecer-al-empleo-joven\/#webpage"},"articleSection":"Actualidad"},{"@type":"BreadcrumbList","@id":"https:\/\/www.eldigitaldeasturias.com\/noticias\/mas-de-2-174-000-jovenes-se-han-beneficiado-de-las-medidas-impulsadas-por-el-gobierno-para-favorecer-al-empleo-joven\/#breadcrumblist","itemListElement":[{"@type":"ListItem","@id":"https:\/\/www.eldigitaldeasturias.com\/noticias#listItem","position":1,"name":"Home","item":"https:\/\/www.eldigitaldeasturias.com\/noticias","nextItem":{"@type":"ListItem","@id":"https:\/\/www.eldigitaldeasturias.com\/noticias\/category\/actualidad\/#listItem","name":"Actualidad"}},{"@type":"ListItem","@id":"https:\/\/www.eldigitaldeasturias.com\/noticias\/category\/actualidad\/#listItem","position":2,"name":"Actualidad","item":"https:\/\/www.eldigitaldeasturias.com\/noticias\/category\/actualidad\/","nextItem":{"@type":"ListItem","@id":"https:\/\/www.eldigitaldeasturias.com\/noticias\/mas-de-2-174-000-jovenes-se-han-beneficiado-de-las-medidas-impulsadas-por-el-gobierno-para-favorecer-al-empleo-joven\/#listItem","name":"M\u00e1s de 2.174.000 j\u00f3venes se han beneficiado de las medidas impulsadas por el Gobierno para favorecer al empleo joven"},"previousItem":{"@type":"ListItem","@id":"https:\/\/www.eldigitaldeasturias.com\/noticias#listItem","name":"Home"}},{"@type":"ListItem","@id":"https:\/\/www.eldigitaldeasturias.com\/noticias\/mas-de-2-174-000-jovenes-se-han-beneficiado-de-las-medidas-impulsadas-por-el-gobierno-para-favorecer-al-empleo-joven\/#listItem","position":3,"name":"M\u00e1s de 2.174.000 j\u00f3venes se han beneficiado de las medidas impulsadas por el Gobierno para favorecer al empleo joven","previousItem":{"@type":"ListItem","@id":"https:\/\/www.eldigitaldeasturias.com\/noticias\/category\/actualidad\/#listItem","name":"Actualidad"}}]},{"@type":"Organization","@id":"https:\/\/www.eldigitaldeasturias.com\/noticias\/#organization","name":"El Digital de Asturias","description":"Hemeroteca","url":"https:\/\/www.eldigitaldeasturias.com\/noticias\/","email":"info@eldigitaldeasturias.com","telephone":"+34652131393","logo":{"@type":"ImageObject","url":"https:\/\/www.eldigitaldeasturias.com\/noticias\/wp-content\/uploads\/2020\/12\/EDA.jpg","@id":"https:\/\/www.eldigitaldeasturias.com\/noticias\/mas-de-2-174-000-jovenes-se-han-beneficiado-de-las-medidas-impulsadas-por-el-gobierno-para-favorecer-al-empleo-joven\/#organizationLogo"},"image":{"@id":"https:\/\/www.eldigitaldeasturias.com\/noticias\/mas-de-2-174-000-jovenes-se-han-beneficiado-de-las-medidas-impulsadas-por-el-gobierno-para-favorecer-al-empleo-joven\/#organizationLogo"},"sameAs":["https:\/\/facebook.com\/eldigitaldeasturias","https:\/\/www.youtube.com\/channel\/UCZP-2wLEB9Rv6erhFmqVnvg"],"address":{"@id":"https:\/\/www.eldigitaldeasturias.com\/noticias\/#postaladdress","@type":"PostalAddress","streetAddress":"san antonio 4","postalCode":"33430","addressLocality":"Cand\u00e1s","addressRegion":"Asturias","addressCountry":"ES"}},{"@type":"Person","@id":"https:\/\/www.eldigitaldeasturias.com\/noticias\/author\/admin\/#author","url":"https:\/\/www.eldigitaldeasturias.com\/noticias\/author\/admin\/","name":"El Digital de Asturias","image":{"@type":"ImageObject","@id":"https:\/\/www.eldigitaldeasturias.com\/noticias\/mas-de-2-174-000-jovenes-se-han-beneficiado-de-las-medidas-impulsadas-por-el-gobierno-para-favorecer-al-empleo-joven\/#authorImage","url":"https:\/\/secure.gravatar.com\/avatar\/df2aeffc32bcd13f8d26072ef8a91b623d677766deac7f97ca815868cd41bf5e?s=96&d=mm&r=g","width":96,"height":96,"caption":"El Digital de Asturias"}},{"@type":"WebPage","@id":"https:\/\/www.eldigitaldeasturias.com\/noticias\/mas-de-2-174-000-jovenes-se-han-beneficiado-de-las-medidas-impulsadas-por-el-gobierno-para-favorecer-al-empleo-joven\/#webpage","url":"https:\/\/www.eldigitaldeasturias.com\/noticias\/mas-de-2-174-000-jovenes-se-han-beneficiado-de-las-medidas-impulsadas-por-el-gobierno-para-favorecer-al-empleo-joven\/","name":"M\u00e1s de 2.174.000 j\u00f3venes se han beneficiado de las medidas impulsadas por el Gobierno para favorecer al empleo joven - El Digital de Asturias","description":"Desde que en el a\u00f1o 2013 el Gobierno puso en marcha la Estrategia de Emprendimiento y Empleo Joven (EEEJ), en la que posteriormente se integr\u00f3 la Garant\u00eda Juvenil, se han generado oportunidades de trabajo para 2.174.536 j\u00f3venes. \u200bEn concreto, se han beneficiado de la EEEJ 1.423.799 j\u00f3venes, mientras que el n\u00famero de inscritos en la","inLanguage":"es-ES","isPartOf":{"@id":"https:\/\/www.eldigitaldeasturias.com\/noticias\/#website"},"breadcrumb":{"@id":"https:\/\/www.eldigitaldeasturias.com\/noticias\/mas-de-2-174-000-jovenes-se-han-beneficiado-de-las-medidas-impulsadas-por-el-gobierno-para-favorecer-al-empleo-joven\/#breadcrumblist"},"author":{"@id":"https:\/\/www.eldigitaldeasturias.com\/noticias\/author\/admin\/#author"},"creator":{"@id":"https:\/\/www.eldigitaldeasturias.com\/noticias\/author\/admin\/#author"},"image":{"@type":"ImageObject","url":948412,"@id":"https:\/\/www.eldigitaldeasturias.com\/noticias\/mas-de-2-174-000-jovenes-se-han-beneficiado-de-las-medidas-impulsadas-por-el-gobierno-para-favorecer-al-empleo-joven\/#mainImage"},"primaryImageOfPage":{"@id":"https:\/\/www.eldigitaldeasturias.com\/noticias\/mas-de-2-174-000-jovenes-se-han-beneficiado-de-las-medidas-impulsadas-por-el-gobierno-para-favorecer-al-empleo-joven\/#mainImage"},"datePublished":"2017-08-12T06:10:56+02:00","dateModified":"2017-08-12T06:10:56+02:00"},{"@type":"WebSite","@id":"https:\/\/www.eldigitaldeasturias.com\/noticias\/#website","url":"https:\/\/www.eldigitaldeasturias.com\/noticias\/","name":"El Digital de Asturias - Diario de actualidad y noticias","alternateName":"El Digital de Asturias - Diario de actualidad y noticias","description":"Hemeroteca","inLanguage":"es-ES","publisher":{"@id":"https:\/\/www.eldigitaldeasturias.com\/noticias\/#organization"}}]},"og:locale":"es_ES","og:site_name":"El Digital de Asturias","og:type":"article","og:title":"M\u00e1s de 2.174.000 j\u00f3venes se han beneficiado de las medidas impulsadas por el Gobierno para favorecer al empleo joven - El Digital de Asturias","og:description":"Desde que en el a\u00f1o 2013 el Gobierno puso en marcha la Estrategia de Emprendimiento y Empleo Joven (EEEJ), en la que posteriormente se integr\u00f3 la Garant\u00eda Juvenil, se han generado oportunidades de trabajo para 2.174.536 j\u00f3venes. \u200bEn concreto, se han beneficiado de la EEEJ 1.423.799 j\u00f3venes, mientras que el n\u00famero de inscritos en la","og:url":"https:\/\/www.eldigitaldeasturias.com\/noticias\/mas-de-2-174-000-jovenes-se-han-beneficiado-de-las-medidas-impulsadas-por-el-gobierno-para-favorecer-al-empleo-joven\/","article:tag":["actualidad"],"article:published_time":"2017-08-12T06:10:56+00:00","article:modified_time":"2017-08-12T06:10:56+00:00","article:publisher":"https:\/\/facebook.com\/eldigitaldeasturias","twitter:card":"summary_large_image","twitter:title":"M\u00e1s de 2.174.000 j\u00f3venes se han beneficiado de las medidas impulsadas por el Gobierno para favorecer al empleo joven - El Digital de Asturias","twitter:description":"Desde que en el a\u00f1o 2013 el Gobierno puso en marcha la Estrategia de Emprendimiento y Empleo Joven (EEEJ), en la que posteriormente se integr\u00f3 la Garant\u00eda Juvenil, se han generado oportunidades de trabajo para 2.174.536 j\u00f3venes. \u200bEn concreto, se han beneficiado de la EEEJ 1.423.799 j\u00f3venes, mientras que el n\u00famero de inscritos en la","twitter:image":"https:\/\/www.eldigitaldeasturias.com\/noticias\/wp-content\/uploads\/2020\/12\/EDA-1.jpg","twitter:label1":"Escrito por","twitter:data1":"El Digital de Asturias","twitter:label2":"Tiempo de lectura estimado","twitter:data2":"3 minutos"},"aioseo_meta_data":{"post_id":"949598","title":null,"description":null,"keywords":null,"keyphrases":null,"primary_term":null,"canonical_url":null,"og_title":null,"og_description":null,"og_object_type":"default","og_image_type":"default","og_image_url":null,"og_image_width":null,"og_image_height":null,"og_image_custom_url":null,"og_image_custom_fields":null,"og_video":null,"og_custom_url":null,"og_article_section":null,"og_article_tags":null,"twitter_use_og":false,"twitter_card":"default","twitter_image_type":"default","twitter_image_url":null,"twitter_image_custom_url":null,"twitter_image_custom_fields":null,"twitter_title":null,"twitter_description":null,"schema":{"blockGraphs":[],"customGraphs":[],"default":{"data":{"Article":[],"Course":[],"Dataset":[],"FAQPage":[],"Movie":[],"Person":[],"Product":[],"ProductReview":[],"Car":[],"Recipe":[],"Service":[],"SoftwareApplication":[],"WebPage":[]},"graphName":"","isEnabled":true},"graphs":[],"defaultGraph":"","defaultPostTypeGraph":""},"schema_type":null,"schema_type_options":null,"pillar_content":false,"robots_default":true,"robots_noindex":false,"robots_noarchive":false,"robots_nosnippet":false,"robots_nofollow":false,"robots_noimageindex":false,"robots_noodp":false,"robots_notranslate":false,"robots_max_snippet":null,"robots_max_videopreview":null,"robots_max_imagepreview":"large","priority":null,"frequency":null,"local_seo":null,"seo_analyzer_scan_date":"2025-12-05 12:59:16","breadcrumb_settings":null,"limit_modified_date":false,"open_ai":null,"ai":null,"created":"2020-12-21 13:01:37","updated":"2025-12-05 12:59:16","focus_keyword":null,"additional_keywords":null,"truseo_locale":null},"aioseo_breadcrumb":"<div class=\"aioseo-breadcrumbs\"><span class=\"aioseo-breadcrumb\">\n\t<a href=\"https:\/\/www.eldigitaldeasturias.com\/noticias\" title=\"Home\">Home<\/a>\n<\/span><span class=\"aioseo-breadcrumb-separator\">\u2013<\/span><span class=\"aioseo-breadcrumb\">\n\t<a href=\"https:\/\/www.eldigitaldeasturias.com\/noticias\/category\/actualidad\/\" title=\"Actualidad\">Actualidad<\/a>\n<\/span><span class=\"aioseo-breadcrumb-separator\">\u2013<\/span><span class=\"aioseo-breadcrumb\">\n\t<a href=\"https:\/\/www.eldigitaldeasturias.com\/noticias\/mas-de-2-174-000-jovenes-se-han-beneficiado-de-las-medidas-impulsadas-por-el-gobierno-para-favorecer-al-empleo-joven\/\" title=\"M\u00e1s de 2.174.000 j\u00f3venes se han beneficiado de las medidas impulsadas por el Gobierno para favorecer al empleo joven\">M\u00e1s de 2.174.000 j\u00f3venes se han beneficiado de las medidas impulsadas por el Gobierno para favorecer al empleo joven<\/a>\n<\/span><\/div>","aioseo_breadcrumb_json":[{"label":"Home","link":"https:\/\/www.eldigitaldeasturias.com\/noticias"},{"label":"Actualidad","link":"https:\/\/www.eldigitaldeasturias.com\/noticias\/category\/actualidad\/"},{"label":"M\u00e1s de 2.174.000 j\u00f3venes se han beneficiado de las medidas impulsadas por el Gobierno para favorecer al empleo joven","link":"https:\/\/www.eldigitaldeasturias.com\/noticias\/mas-de-2-174-000-jovenes-se-han-beneficiado-de-las-medidas-impulsadas-por-el-gobierno-para-favorecer-al-empleo-joven\/"}],"_links":{"self":[{"href":"https:\/\/www.eldigitaldeasturias.com\/noticias\/wp-json\/wp\/v2\/posts\/949598","targetHints":{"allow":["GET"]}}],"collection":[{"href":"https:\/\/www.eldigitaldeasturias.com\/noticias\/wp-json\/wp\/v2\/posts"}],"about":[{"href":"https:\/\/www.eldigitaldeasturias.com\/noticias\/wp-json\/wp\/v2\/types\/post"}],"author":[{"embeddable":true,"href":"https:\/\/www.eldigitaldeasturias.com\/noticias\/wp-json\/wp\/v2\/users\/1"}],"replies":[{"embeddable":true,"href":"https:\/\/www.eldigitaldeasturias.com\/noticias\/wp-json\/wp\/v2\/comments?post=949598"}],"version-history":[{"count":0,"href":"https:\/\/www.eldigitaldeasturias.com\/noticias\/wp-json\/wp\/v2\/posts\/949598\/revisions"}],"wp:attachment":[{"href":"https:\/\/www.eldigitaldeasturias.com\/noticias\/wp-json\/wp\/v2\/media?parent=949598"}],"wp:term":[{"taxonomy":"category","embeddable":true,"href":"https:\/\/www.eldigitaldeasturias.com\/noticias\/wp-json\/wp\/v2\/categories?post=949598"},{"taxonomy":"post_tag","embeddable":true,"href":"https:\/\/www.eldigitaldeasturias.com\/noticias\/wp-json\/wp\/v2\/tags?post=949598"}],"curies":[{"name":"wp","href":"https:\/\/api.w.org\/{rel}","templated":true}]}}