{"id":949557,"date":"2017-08-12T04:38:02","date_gmt":"2017-08-12T04:38:02","guid":{"rendered":"http:\/\/www.eldigitaldeasturias.com\/noticias\/?p=949557"},"modified":"2017-08-12T04:38:02","modified_gmt":"2017-08-12T04:38:02","slug":"proteccion-civil-y-emergencias-pide-precaucion-en-las-celebraciones-del-puente-del-15-de-agosto","status":"publish","type":"post","link":"https:\/\/www.eldigitaldeasturias.com\/noticias\/proteccion-civil-y-emergencias-pide-precaucion-en-las-celebraciones-del-puente-del-15-de-agosto\/","title":{"rendered":"Protecci\u00f3n Civil y Emergencias pide precauci\u00f3n en las celebraciones del Puente del 15 de Agosto"},"content":{"rendered":"<p><img loading=\"lazy\" decoding=\"async\" class=\"alignleft size-medium wp-image-947449\" src=\"https:\/\/www.eldigitaldeasturias.com\/noticias\/wp-content\/uploads\/2017\/07\/incendios-360x216.jpg\" alt=\"\" width=\"360\" height=\"216\" \/>Coincidiendo con el inicio del puente de agosto, que se prolongar\u00e1 hasta el pr\u00f3ximo martes 15, la Direcci\u00f3n General de Protecci\u00f3n Civil y Emergencias recomienda a los ciudadanos que extremen las precauciones por el elevado riesgo de incendios forestales previsto en nuestro pa\u00eds durante estos d\u00edas.<\/p>\n<p>De acuerdo con la Agencia Estatal de Meteorolog\u00eda, las temperaturas van a experimentar una gradual subida en las pr\u00f3ximas jornadas, hasta alcanzar los registros propios del mes de agosto, hecho que, potencialmente, aumenta el riesgo de incendios.<\/p>\n<p>Adem\u00e1s, durante estos d\u00edas, se prev\u00e9 que millones de ciudadanos se desplacen por carretera para disfrutar de este largo fin de semana, iniciar o regresar del per\u00edodo vacacional, y, todo ello, en medio de la celebraci\u00f3n de las festividades locales en numerosos municipios, en la mayor\u00eda de las ocasiones acompa\u00f1adas del uso de material pirot\u00e9cnico.<\/p>\n<p>Evitar conductas negligentes como arrojar cigarrillos por la ventanilla del coche, dejar abandonada basura en el campo, especialmente botellas de vidrio que pueden hacer efecto lupa, as\u00ed como respetar las prohibiciones que cada Comunidad Aut\u00f3noma establece sobre la realizaci\u00f3n de actividades potencialmente peligrosas, pueden ayudar a minimizar el riesgo de incendios forestales.<\/p>\n<p>La Direcci\u00f3n General de Protecci\u00f3n Civil y Emergencias quiere recordar que es tarea de todos evitar y colaborar en la lucha contra los incendios forestales.<\/p>\n<p>&nbsp;<\/p>\n<p>&nbsp;<\/p>\n","protected":false},"excerpt":{"rendered":"<p>Coincidiendo con el inicio del puente de agosto, que se prolongar\u00e1 hasta el pr\u00f3ximo martes 15, la Direcci\u00f3n General de Protecci\u00f3n Civil y Emergencias recomienda a los ciudadanos que extremen las precauciones por el elevado riesgo de incendios forestales previsto en nuestro pa\u00eds durante estos d\u00edas. De acuerdo con la Agencia Estatal de Meteorolog\u00eda, las [&hellip;]<\/p>\n","protected":false},"author":1,"featured_media":947449,"comment_status":"closed","ping_status":"closed","sticky":false,"template":"","format":"standard","meta":{"footnotes":""},"categories":[1],"tags":[],"class_list":["post-949557","post","type-post","status-publish","format-standard","has-post-thumbnail","hentry","category-actualidad"],"aioseo_notices":[],"aioseo_head":"\n\t\t<!-- All in One SEO Pro 5.0.1 - aioseo.com -->\n\t<meta name=\"description\" content=\"Coincidiendo con el inicio del puente de agosto, que se prolongar\u00e1 hasta el pr\u00f3ximo martes 15, la Direcci\u00f3n General de Protecci\u00f3n Civil y Emergencias recomienda a los ciudadanos que extremen las precauciones por el elevado riesgo de incendios forestales previsto en nuestro pa\u00eds durante estos d\u00edas. De acuerdo con la Agencia Estatal de Meteorolog\u00eda, las\" \/>\n\t<meta name=\"robots\" content=\"max-image-preview:large\" \/>\n\t<meta name=\"author\" content=\"El Digital de Asturias\"\/>\n\t<meta name=\"google-site-verification\" content=\"UA-38556648-1\" \/>\n\t<meta name=\"msvalidate.01\" content=\"7dfe9f3f1b24437ab69f4f2559babe99\" \/>\n\t<meta name=\"keywords\" content=\"actualidad\" \/>\n\t<link rel=\"canonical\" href=\"https:\/\/www.eldigitaldeasturias.com\/noticias\/proteccion-civil-y-emergencias-pide-precaucion-en-las-celebraciones-del-puente-del-15-de-agosto\/\" \/>\n\t<meta name=\"generator\" content=\"All in One SEO Pro (AIOSEO) 5.0.1\" \/>\n\t\t<meta property=\"og:locale\" content=\"es_ES\" \/>\n\t\t<meta property=\"og:site_name\" content=\"El Digital de Asturias\" \/>\n\t\t<meta property=\"og:type\" content=\"article\" \/>\n\t\t<meta property=\"og:title\" content=\"Protecci\u00f3n Civil y Emergencias pide precauci\u00f3n en las celebraciones del Puente del 15 de Agosto - El Digital de Asturias\" \/>\n\t\t<meta property=\"og:description\" content=\"Coincidiendo con el inicio del puente de agosto, que se prolongar\u00e1 hasta el pr\u00f3ximo martes 15, la Direcci\u00f3n General de Protecci\u00f3n Civil y Emergencias recomienda a los ciudadanos que extremen las precauciones por el elevado riesgo de incendios forestales previsto en nuestro pa\u00eds durante estos d\u00edas. De acuerdo con la Agencia Estatal de Meteorolog\u00eda, las\" \/>\n\t\t<meta property=\"og:url\" content=\"https:\/\/www.eldigitaldeasturias.com\/noticias\/proteccion-civil-y-emergencias-pide-precaucion-en-las-celebraciones-del-puente-del-15-de-agosto\/\" \/>\n\t\t<meta property=\"article:tag\" content=\"actualidad\" \/>\n\t\t<meta property=\"article:published_time\" content=\"2017-08-12T04:38:02+00:00\" \/>\n\t\t<meta property=\"article:modified_time\" content=\"2017-08-12T04:38:02+00:00\" \/>\n\t\t<meta property=\"article:publisher\" content=\"https:\/\/facebook.com\/eldigitaldeasturias\" \/>\n\t\t<meta name=\"twitter:card\" content=\"summary_large_image\" \/>\n\t\t<meta name=\"twitter:title\" content=\"Protecci\u00f3n Civil y Emergencias pide precauci\u00f3n en las celebraciones del Puente del 15 de Agosto - El Digital de Asturias\" \/>\n\t\t<meta name=\"twitter:description\" content=\"Coincidiendo con el inicio del puente de agosto, que se prolongar\u00e1 hasta el pr\u00f3ximo martes 15, la Direcci\u00f3n General de Protecci\u00f3n Civil y Emergencias recomienda a los ciudadanos que extremen las precauciones por el elevado riesgo de incendios forestales previsto en nuestro pa\u00eds durante estos d\u00edas. De acuerdo con la Agencia Estatal de Meteorolog\u00eda, las\" \/>\n\t\t<meta name=\"twitter:image\" content=\"https:\/\/www.eldigitaldeasturias.com\/noticias\/wp-content\/uploads\/2020\/12\/EDA-1.jpg\" \/>\n\t\t<meta name=\"twitter:label1\" content=\"Escrito por\" \/>\n\t\t<meta name=\"twitter:data1\" content=\"El Digital de Asturias\" \/>\n\t\t<meta name=\"twitter:label2\" content=\"Tiempo de lectura estimado\" \/>\n\t\t<meta name=\"twitter:data2\" content=\"1 minuto\" \/>\n\t\t<script type=\"application\/ld+json\" class=\"aioseo-schema\">\n\t\t\t{\"@context\":\"https:\\\/\\\/schema.org\",\"@graph\":[{\"@type\":\"BlogPosting\",\"@id\":\"https:\\\/\\\/www.eldigitaldeasturias.com\\\/noticias\\\/proteccion-civil-y-emergencias-pide-precaucion-en-las-celebraciones-del-puente-del-15-de-agosto\\\/#blogposting\",\"name\":\"Protecci\\u00f3n Civil y Emergencias pide precauci\\u00f3n en las celebraciones del Puente del 15 de Agosto - El Digital de Asturias\",\"headline\":\"Protecci\\u00f3n Civil y Emergencias pide precauci\\u00f3n en las celebraciones del Puente del 15 de Agosto\",\"author\":{\"@id\":\"https:\\\/\\\/www.eldigitaldeasturias.com\\\/noticias\\\/author\\\/admin\\\/#author\"},\"publisher\":{\"@id\":\"https:\\\/\\\/www.eldigitaldeasturias.com\\\/noticias\\\/#organization\"},\"image\":{\"@type\":\"ImageObject\",\"url\":947449},\"datePublished\":\"2017-08-12T04:38:02+02:00\",\"dateModified\":\"2017-08-12T04:38:02+02:00\",\"inLanguage\":\"es-ES\",\"mainEntityOfPage\":{\"@id\":\"https:\\\/\\\/www.eldigitaldeasturias.com\\\/noticias\\\/proteccion-civil-y-emergencias-pide-precaucion-en-las-celebraciones-del-puente-del-15-de-agosto\\\/#webpage\"},\"isPartOf\":{\"@id\":\"https:\\\/\\\/www.eldigitaldeasturias.com\\\/noticias\\\/proteccion-civil-y-emergencias-pide-precaucion-en-las-celebraciones-del-puente-del-15-de-agosto\\\/#webpage\"},\"articleSection\":\"Actualidad\"},{\"@type\":\"BreadcrumbList\",\"@id\":\"https:\\\/\\\/www.eldigitaldeasturias.com\\\/noticias\\\/proteccion-civil-y-emergencias-pide-precaucion-en-las-celebraciones-del-puente-del-15-de-agosto\\\/#breadcrumblist\",\"itemListElement\":[{\"@type\":\"ListItem\",\"@id\":\"https:\\\/\\\/www.eldigitaldeasturias.com\\\/noticias#listItem\",\"position\":1,\"name\":\"Home\",\"item\":\"https:\\\/\\\/www.eldigitaldeasturias.com\\\/noticias\",\"nextItem\":{\"@type\":\"ListItem\",\"@id\":\"https:\\\/\\\/www.eldigitaldeasturias.com\\\/noticias\\\/category\\\/actualidad\\\/#listItem\",\"name\":\"Actualidad\"}},{\"@type\":\"ListItem\",\"@id\":\"https:\\\/\\\/www.eldigitaldeasturias.com\\\/noticias\\\/category\\\/actualidad\\\/#listItem\",\"position\":2,\"name\":\"Actualidad\",\"item\":\"https:\\\/\\\/www.eldigitaldeasturias.com\\\/noticias\\\/category\\\/actualidad\\\/\",\"nextItem\":{\"@type\":\"ListItem\",\"@id\":\"https:\\\/\\\/www.eldigitaldeasturias.com\\\/noticias\\\/proteccion-civil-y-emergencias-pide-precaucion-en-las-celebraciones-del-puente-del-15-de-agosto\\\/#listItem\",\"name\":\"Protecci\\u00f3n Civil y Emergencias pide precauci\\u00f3n en las celebraciones del Puente del 15 de Agosto\"},\"previousItem\":{\"@type\":\"ListItem\",\"@id\":\"https:\\\/\\\/www.eldigitaldeasturias.com\\\/noticias#listItem\",\"name\":\"Home\"}},{\"@type\":\"ListItem\",\"@id\":\"https:\\\/\\\/www.eldigitaldeasturias.com\\\/noticias\\\/proteccion-civil-y-emergencias-pide-precaucion-en-las-celebraciones-del-puente-del-15-de-agosto\\\/#listItem\",\"position\":3,\"name\":\"Protecci\\u00f3n Civil y Emergencias pide precauci\\u00f3n en las celebraciones del Puente del 15 de Agosto\",\"previousItem\":{\"@type\":\"ListItem\",\"@id\":\"https:\\\/\\\/www.eldigitaldeasturias.com\\\/noticias\\\/category\\\/actualidad\\\/#listItem\",\"name\":\"Actualidad\"}}]},{\"@type\":\"Organization\",\"@id\":\"https:\\\/\\\/www.eldigitaldeasturias.com\\\/noticias\\\/#organization\",\"name\":\"El Digital de Asturias\",\"description\":\"Hemeroteca\",\"url\":\"https:\\\/\\\/www.eldigitaldeasturias.com\\\/noticias\\\/\",\"email\":\"info@eldigitaldeasturias.com\",\"telephone\":\"+34652131393\",\"logo\":{\"@type\":\"ImageObject\",\"url\":\"https:\\\/\\\/www.eldigitaldeasturias.com\\\/noticias\\\/wp-content\\\/uploads\\\/2020\\\/12\\\/EDA.jpg\",\"@id\":\"https:\\\/\\\/www.eldigitaldeasturias.com\\\/noticias\\\/proteccion-civil-y-emergencias-pide-precaucion-en-las-celebraciones-del-puente-del-15-de-agosto\\\/#organizationLogo\"},\"image\":{\"@id\":\"https:\\\/\\\/www.eldigitaldeasturias.com\\\/noticias\\\/proteccion-civil-y-emergencias-pide-precaucion-en-las-celebraciones-del-puente-del-15-de-agosto\\\/#organizationLogo\"},\"sameAs\":[\"https:\\\/\\\/facebook.com\\\/eldigitaldeasturias\",\"https:\\\/\\\/www.youtube.com\\\/channel\\\/UCZP-2wLEB9Rv6erhFmqVnvg\"],\"address\":{\"@id\":\"https:\\\/\\\/www.eldigitaldeasturias.com\\\/noticias\\\/#postaladdress\",\"@type\":\"PostalAddress\",\"streetAddress\":\"san antonio 4\",\"postalCode\":\"33430\",\"addressLocality\":\"Cand\\u00e1s\",\"addressRegion\":\"Asturias\",\"addressCountry\":\"ES\"}},{\"@type\":\"Person\",\"@id\":\"https:\\\/\\\/www.eldigitaldeasturias.com\\\/noticias\\\/author\\\/admin\\\/#author\",\"url\":\"https:\\\/\\\/www.eldigitaldeasturias.com\\\/noticias\\\/author\\\/admin\\\/\",\"name\":\"El Digital de Asturias\",\"image\":{\"@type\":\"ImageObject\",\"@id\":\"https:\\\/\\\/www.eldigitaldeasturias.com\\\/noticias\\\/proteccion-civil-y-emergencias-pide-precaucion-en-las-celebraciones-del-puente-del-15-de-agosto\\\/#authorImage\",\"url\":\"https:\\\/\\\/secure.gravatar.com\\\/avatar\\\/df2aeffc32bcd13f8d26072ef8a91b623d677766deac7f97ca815868cd41bf5e?s=96&d=mm&r=g\",\"width\":96,\"height\":96,\"caption\":\"El Digital de Asturias\"}},{\"@type\":\"WebPage\",\"@id\":\"https:\\\/\\\/www.eldigitaldeasturias.com\\\/noticias\\\/proteccion-civil-y-emergencias-pide-precaucion-en-las-celebraciones-del-puente-del-15-de-agosto\\\/#webpage\",\"url\":\"https:\\\/\\\/www.eldigitaldeasturias.com\\\/noticias\\\/proteccion-civil-y-emergencias-pide-precaucion-en-las-celebraciones-del-puente-del-15-de-agosto\\\/\",\"name\":\"Protecci\\u00f3n Civil y Emergencias pide precauci\\u00f3n en las celebraciones del Puente del 15 de Agosto - El Digital de Asturias\",\"description\":\"Coincidiendo con el inicio del puente de agosto, que se prolongar\\u00e1 hasta el pr\\u00f3ximo martes 15, la Direcci\\u00f3n General de Protecci\\u00f3n Civil y Emergencias recomienda a los ciudadanos que extremen las precauciones por el elevado riesgo de incendios forestales previsto en nuestro pa\\u00eds durante estos d\\u00edas. De acuerdo con la Agencia Estatal de Meteorolog\\u00eda, las\",\"inLanguage\":\"es-ES\",\"isPartOf\":{\"@id\":\"https:\\\/\\\/www.eldigitaldeasturias.com\\\/noticias\\\/#website\"},\"breadcrumb\":{\"@id\":\"https:\\\/\\\/www.eldigitaldeasturias.com\\\/noticias\\\/proteccion-civil-y-emergencias-pide-precaucion-en-las-celebraciones-del-puente-del-15-de-agosto\\\/#breadcrumblist\"},\"author\":{\"@id\":\"https:\\\/\\\/www.eldigitaldeasturias.com\\\/noticias\\\/author\\\/admin\\\/#author\"},\"creator\":{\"@id\":\"https:\\\/\\\/www.eldigitaldeasturias.com\\\/noticias\\\/author\\\/admin\\\/#author\"},\"image\":{\"@type\":\"ImageObject\",\"url\":947449,\"@id\":\"https:\\\/\\\/www.eldigitaldeasturias.com\\\/noticias\\\/proteccion-civil-y-emergencias-pide-precaucion-en-las-celebraciones-del-puente-del-15-de-agosto\\\/#mainImage\"},\"primaryImageOfPage\":{\"@id\":\"https:\\\/\\\/www.eldigitaldeasturias.com\\\/noticias\\\/proteccion-civil-y-emergencias-pide-precaucion-en-las-celebraciones-del-puente-del-15-de-agosto\\\/#mainImage\"},\"datePublished\":\"2017-08-12T04:38:02+02:00\",\"dateModified\":\"2017-08-12T04:38:02+02:00\"},{\"@type\":\"WebSite\",\"@id\":\"https:\\\/\\\/www.eldigitaldeasturias.com\\\/noticias\\\/#website\",\"url\":\"https:\\\/\\\/www.eldigitaldeasturias.com\\\/noticias\\\/\",\"name\":\"El Digital de Asturias - Diario de actualidad y noticias\",\"alternateName\":\"El Digital de Asturias - Diario de actualidad y noticias\",\"description\":\"Hemeroteca\",\"inLanguage\":\"es-ES\",\"publisher\":{\"@id\":\"https:\\\/\\\/www.eldigitaldeasturias.com\\\/noticias\\\/#organization\"}}]}\n\t\t<\/script>\n\t\t<!-- All in One SEO Pro -->\r\n\t\t<title>Protecci\u00f3n Civil y Emergencias pide precauci\u00f3n en las celebraciones del Puente del 15 de Agosto - El Digital de Asturias<\/title>\n\n","aioseo_head_json":{"title":"Protecci\u00f3n Civil y Emergencias pide precauci\u00f3n en las celebraciones del Puente del 15 de Agosto - El Digital de Asturias","description":"Coincidiendo con el inicio del puente de agosto, que se prolongar\u00e1 hasta el pr\u00f3ximo martes 15, la Direcci\u00f3n General de Protecci\u00f3n Civil y Emergencias recomienda a los ciudadanos que extremen las precauciones por el elevado riesgo de incendios forestales previsto en nuestro pa\u00eds durante estos d\u00edas. De acuerdo con la Agencia Estatal de Meteorolog\u00eda, las","canonical_url":"https:\/\/www.eldigitaldeasturias.com\/noticias\/proteccion-civil-y-emergencias-pide-precaucion-en-las-celebraciones-del-puente-del-15-de-agosto\/","robots":"max-image-preview:large","keywords":"actualidad","webmasterTools":{"google-site-verification":"UA-38556648-1","msvalidate.01":"7dfe9f3f1b24437ab69f4f2559babe99","miscellaneous":""},"schema":{"@context":"https:\/\/schema.org","@graph":[{"@type":"BlogPosting","@id":"https:\/\/www.eldigitaldeasturias.com\/noticias\/proteccion-civil-y-emergencias-pide-precaucion-en-las-celebraciones-del-puente-del-15-de-agosto\/#blogposting","name":"Protecci\u00f3n Civil y Emergencias pide precauci\u00f3n en las celebraciones del Puente del 15 de Agosto - El Digital de Asturias","headline":"Protecci\u00f3n Civil y Emergencias pide precauci\u00f3n en las celebraciones del Puente del 15 de Agosto","author":{"@id":"https:\/\/www.eldigitaldeasturias.com\/noticias\/author\/admin\/#author"},"publisher":{"@id":"https:\/\/www.eldigitaldeasturias.com\/noticias\/#organization"},"image":{"@type":"ImageObject","url":947449},"datePublished":"2017-08-12T04:38:02+02:00","dateModified":"2017-08-12T04:38:02+02:00","inLanguage":"es-ES","mainEntityOfPage":{"@id":"https:\/\/www.eldigitaldeasturias.com\/noticias\/proteccion-civil-y-emergencias-pide-precaucion-en-las-celebraciones-del-puente-del-15-de-agosto\/#webpage"},"isPartOf":{"@id":"https:\/\/www.eldigitaldeasturias.com\/noticias\/proteccion-civil-y-emergencias-pide-precaucion-en-las-celebraciones-del-puente-del-15-de-agosto\/#webpage"},"articleSection":"Actualidad"},{"@type":"BreadcrumbList","@id":"https:\/\/www.eldigitaldeasturias.com\/noticias\/proteccion-civil-y-emergencias-pide-precaucion-en-las-celebraciones-del-puente-del-15-de-agosto\/#breadcrumblist","itemListElement":[{"@type":"ListItem","@id":"https:\/\/www.eldigitaldeasturias.com\/noticias#listItem","position":1,"name":"Home","item":"https:\/\/www.eldigitaldeasturias.com\/noticias","nextItem":{"@type":"ListItem","@id":"https:\/\/www.eldigitaldeasturias.com\/noticias\/category\/actualidad\/#listItem","name":"Actualidad"}},{"@type":"ListItem","@id":"https:\/\/www.eldigitaldeasturias.com\/noticias\/category\/actualidad\/#listItem","position":2,"name":"Actualidad","item":"https:\/\/www.eldigitaldeasturias.com\/noticias\/category\/actualidad\/","nextItem":{"@type":"ListItem","@id":"https:\/\/www.eldigitaldeasturias.com\/noticias\/proteccion-civil-y-emergencias-pide-precaucion-en-las-celebraciones-del-puente-del-15-de-agosto\/#listItem","name":"Protecci\u00f3n Civil y Emergencias pide precauci\u00f3n en las celebraciones del Puente del 15 de Agosto"},"previousItem":{"@type":"ListItem","@id":"https:\/\/www.eldigitaldeasturias.com\/noticias#listItem","name":"Home"}},{"@type":"ListItem","@id":"https:\/\/www.eldigitaldeasturias.com\/noticias\/proteccion-civil-y-emergencias-pide-precaucion-en-las-celebraciones-del-puente-del-15-de-agosto\/#listItem","position":3,"name":"Protecci\u00f3n Civil y Emergencias pide precauci\u00f3n en las celebraciones del Puente del 15 de Agosto","previousItem":{"@type":"ListItem","@id":"https:\/\/www.eldigitaldeasturias.com\/noticias\/category\/actualidad\/#listItem","name":"Actualidad"}}]},{"@type":"Organization","@id":"https:\/\/www.eldigitaldeasturias.com\/noticias\/#organization","name":"El Digital de Asturias","description":"Hemeroteca","url":"https:\/\/www.eldigitaldeasturias.com\/noticias\/","email":"info@eldigitaldeasturias.com","telephone":"+34652131393","logo":{"@type":"ImageObject","url":"https:\/\/www.eldigitaldeasturias.com\/noticias\/wp-content\/uploads\/2020\/12\/EDA.jpg","@id":"https:\/\/www.eldigitaldeasturias.com\/noticias\/proteccion-civil-y-emergencias-pide-precaucion-en-las-celebraciones-del-puente-del-15-de-agosto\/#organizationLogo"},"image":{"@id":"https:\/\/www.eldigitaldeasturias.com\/noticias\/proteccion-civil-y-emergencias-pide-precaucion-en-las-celebraciones-del-puente-del-15-de-agosto\/#organizationLogo"},"sameAs":["https:\/\/facebook.com\/eldigitaldeasturias","https:\/\/www.youtube.com\/channel\/UCZP-2wLEB9Rv6erhFmqVnvg"],"address":{"@id":"https:\/\/www.eldigitaldeasturias.com\/noticias\/#postaladdress","@type":"PostalAddress","streetAddress":"san antonio 4","postalCode":"33430","addressLocality":"Cand\u00e1s","addressRegion":"Asturias","addressCountry":"ES"}},{"@type":"Person","@id":"https:\/\/www.eldigitaldeasturias.com\/noticias\/author\/admin\/#author","url":"https:\/\/www.eldigitaldeasturias.com\/noticias\/author\/admin\/","name":"El Digital de Asturias","image":{"@type":"ImageObject","@id":"https:\/\/www.eldigitaldeasturias.com\/noticias\/proteccion-civil-y-emergencias-pide-precaucion-en-las-celebraciones-del-puente-del-15-de-agosto\/#authorImage","url":"https:\/\/secure.gravatar.com\/avatar\/df2aeffc32bcd13f8d26072ef8a91b623d677766deac7f97ca815868cd41bf5e?s=96&d=mm&r=g","width":96,"height":96,"caption":"El Digital de Asturias"}},{"@type":"WebPage","@id":"https:\/\/www.eldigitaldeasturias.com\/noticias\/proteccion-civil-y-emergencias-pide-precaucion-en-las-celebraciones-del-puente-del-15-de-agosto\/#webpage","url":"https:\/\/www.eldigitaldeasturias.com\/noticias\/proteccion-civil-y-emergencias-pide-precaucion-en-las-celebraciones-del-puente-del-15-de-agosto\/","name":"Protecci\u00f3n Civil y Emergencias pide precauci\u00f3n en las celebraciones del Puente del 15 de Agosto - El Digital de Asturias","description":"Coincidiendo con el inicio del puente de agosto, que se prolongar\u00e1 hasta el pr\u00f3ximo martes 15, la Direcci\u00f3n General de Protecci\u00f3n Civil y Emergencias recomienda a los ciudadanos que extremen las precauciones por el elevado riesgo de incendios forestales previsto en nuestro pa\u00eds durante estos d\u00edas. De acuerdo con la Agencia Estatal de Meteorolog\u00eda, las","inLanguage":"es-ES","isPartOf":{"@id":"https:\/\/www.eldigitaldeasturias.com\/noticias\/#website"},"breadcrumb":{"@id":"https:\/\/www.eldigitaldeasturias.com\/noticias\/proteccion-civil-y-emergencias-pide-precaucion-en-las-celebraciones-del-puente-del-15-de-agosto\/#breadcrumblist"},"author":{"@id":"https:\/\/www.eldigitaldeasturias.com\/noticias\/author\/admin\/#author"},"creator":{"@id":"https:\/\/www.eldigitaldeasturias.com\/noticias\/author\/admin\/#author"},"image":{"@type":"ImageObject","url":947449,"@id":"https:\/\/www.eldigitaldeasturias.com\/noticias\/proteccion-civil-y-emergencias-pide-precaucion-en-las-celebraciones-del-puente-del-15-de-agosto\/#mainImage"},"primaryImageOfPage":{"@id":"https:\/\/www.eldigitaldeasturias.com\/noticias\/proteccion-civil-y-emergencias-pide-precaucion-en-las-celebraciones-del-puente-del-15-de-agosto\/#mainImage"},"datePublished":"2017-08-12T04:38:02+02:00","dateModified":"2017-08-12T04:38:02+02:00"},{"@type":"WebSite","@id":"https:\/\/www.eldigitaldeasturias.com\/noticias\/#website","url":"https:\/\/www.eldigitaldeasturias.com\/noticias\/","name":"El Digital de Asturias - Diario de actualidad y noticias","alternateName":"El Digital de Asturias - Diario de actualidad y noticias","description":"Hemeroteca","inLanguage":"es-ES","publisher":{"@id":"https:\/\/www.eldigitaldeasturias.com\/noticias\/#organization"}}]},"og:locale":"es_ES","og:site_name":"El Digital de Asturias","og:type":"article","og:title":"Protecci\u00f3n Civil y Emergencias pide precauci\u00f3n en las celebraciones del Puente del 15 de Agosto - El Digital de Asturias","og:description":"Coincidiendo con el inicio del puente de agosto, que se prolongar\u00e1 hasta el pr\u00f3ximo martes 15, la Direcci\u00f3n General de Protecci\u00f3n Civil y Emergencias recomienda a los ciudadanos que extremen las precauciones por el elevado riesgo de incendios forestales previsto en nuestro pa\u00eds durante estos d\u00edas. De acuerdo con la Agencia Estatal de Meteorolog\u00eda, las","og:url":"https:\/\/www.eldigitaldeasturias.com\/noticias\/proteccion-civil-y-emergencias-pide-precaucion-en-las-celebraciones-del-puente-del-15-de-agosto\/","article:tag":["actualidad"],"article:published_time":"2017-08-12T04:38:02+00:00","article:modified_time":"2017-08-12T04:38:02+00:00","article:publisher":"https:\/\/facebook.com\/eldigitaldeasturias","twitter:card":"summary_large_image","twitter:title":"Protecci\u00f3n Civil y Emergencias pide precauci\u00f3n en las celebraciones del Puente del 15 de Agosto - El Digital de Asturias","twitter:description":"Coincidiendo con el inicio del puente de agosto, que se prolongar\u00e1 hasta el pr\u00f3ximo martes 15, la Direcci\u00f3n General de Protecci\u00f3n Civil y Emergencias recomienda a los ciudadanos que extremen las precauciones por el elevado riesgo de incendios forestales previsto en nuestro pa\u00eds durante estos d\u00edas. De acuerdo con la Agencia Estatal de Meteorolog\u00eda, las","twitter:image":"https:\/\/www.eldigitaldeasturias.com\/noticias\/wp-content\/uploads\/2020\/12\/EDA-1.jpg","twitter:label1":"Escrito por","twitter:data1":"El Digital de Asturias","twitter:label2":"Tiempo de lectura estimado","twitter:data2":"1 minuto"},"aioseo_meta_data":{"post_id":"949557","title":null,"description":null,"keywords":null,"keyphrases":null,"primary_term":null,"canonical_url":null,"og_title":null,"og_description":null,"og_object_type":"default","og_image_type":"default","og_image_url":null,"og_image_width":null,"og_image_height":null,"og_image_custom_url":null,"og_image_custom_fields":null,"og_video":null,"og_custom_url":null,"og_article_section":null,"og_article_tags":null,"twitter_use_og":false,"twitter_card":"default","twitter_image_type":"default","twitter_image_url":null,"twitter_image_custom_url":null,"twitter_image_custom_fields":null,"twitter_title":null,"twitter_description":null,"schema":{"blockGraphs":[],"customGraphs":[],"default":{"data":{"Article":[],"Course":[],"Dataset":[],"FAQPage":[],"Movie":[],"Person":[],"Product":[],"ProductReview":[],"Car":[],"Recipe":[],"Service":[],"SoftwareApplication":[],"WebPage":[]},"graphName":"","isEnabled":true},"graphs":[],"defaultGraph":"","defaultPostTypeGraph":""},"schema_type":null,"schema_type_options":null,"pillar_content":false,"robots_default":true,"robots_noindex":false,"robots_noarchive":false,"robots_nosnippet":false,"robots_nofollow":false,"robots_noimageindex":false,"robots_noodp":false,"robots_notranslate":false,"robots_max_snippet":null,"robots_max_videopreview":null,"robots_max_imagepreview":"large","priority":null,"frequency":null,"local_seo":null,"seo_analyzer_scan_date":"2025-12-05 12:49:43","breadcrumb_settings":null,"limit_modified_date":false,"open_ai":null,"ai":null,"created":"2020-12-21 13:01:41","updated":"2025-12-05 12:49:43","focus_keyword":null,"additional_keywords":null,"truseo_locale":null},"aioseo_breadcrumb":"<div class=\"aioseo-breadcrumbs\"><span class=\"aioseo-breadcrumb\">\n\t<a href=\"https:\/\/www.eldigitaldeasturias.com\/noticias\" title=\"Home\">Home<\/a>\n<\/span><span class=\"aioseo-breadcrumb-separator\">\u2013<\/span><span class=\"aioseo-breadcrumb\">\n\t<a href=\"https:\/\/www.eldigitaldeasturias.com\/noticias\/category\/actualidad\/\" title=\"Actualidad\">Actualidad<\/a>\n<\/span><span class=\"aioseo-breadcrumb-separator\">\u2013<\/span><span class=\"aioseo-breadcrumb\">\n\t<a href=\"https:\/\/www.eldigitaldeasturias.com\/noticias\/proteccion-civil-y-emergencias-pide-precaucion-en-las-celebraciones-del-puente-del-15-de-agosto\/\" title=\"Protecci\u00f3n Civil y Emergencias pide precauci\u00f3n en las celebraciones del Puente del 15 de Agosto\">Protecci\u00f3n Civil y Emergencias pide precauci\u00f3n en las celebraciones del Puente del 15 de Agosto<\/a>\n<\/span><\/div>","aioseo_breadcrumb_json":[{"label":"Home","link":"https:\/\/www.eldigitaldeasturias.com\/noticias"},{"label":"Actualidad","link":"https:\/\/www.eldigitaldeasturias.com\/noticias\/category\/actualidad\/"},{"label":"Protecci\u00f3n Civil y Emergencias pide precauci\u00f3n en las celebraciones del Puente del 15 de Agosto","link":"https:\/\/www.eldigitaldeasturias.com\/noticias\/proteccion-civil-y-emergencias-pide-precaucion-en-las-celebraciones-del-puente-del-15-de-agosto\/"}],"_links":{"self":[{"href":"https:\/\/www.eldigitaldeasturias.com\/noticias\/wp-json\/wp\/v2\/posts\/949557","targetHints":{"allow":["GET"]}}],"collection":[{"href":"https:\/\/www.eldigitaldeasturias.com\/noticias\/wp-json\/wp\/v2\/posts"}],"about":[{"href":"https:\/\/www.eldigitaldeasturias.com\/noticias\/wp-json\/wp\/v2\/types\/post"}],"author":[{"embeddable":true,"href":"https:\/\/www.eldigitaldeasturias.com\/noticias\/wp-json\/wp\/v2\/users\/1"}],"replies":[{"embeddable":true,"href":"https:\/\/www.eldigitaldeasturias.com\/noticias\/wp-json\/wp\/v2\/comments?post=949557"}],"version-history":[{"count":0,"href":"https:\/\/www.eldigitaldeasturias.com\/noticias\/wp-json\/wp\/v2\/posts\/949557\/revisions"}],"wp:attachment":[{"href":"https:\/\/www.eldigitaldeasturias.com\/noticias\/wp-json\/wp\/v2\/media?parent=949557"}],"wp:term":[{"taxonomy":"category","embeddable":true,"href":"https:\/\/www.eldigitaldeasturias.com\/noticias\/wp-json\/wp\/v2\/categories?post=949557"},{"taxonomy":"post_tag","embeddable":true,"href":"https:\/\/www.eldigitaldeasturias.com\/noticias\/wp-json\/wp\/v2\/tags?post=949557"}],"curies":[{"name":"wp","href":"https:\/\/api.w.org\/{rel}","templated":true}]}}