{"id":949553,"date":"2017-08-12T04:31:32","date_gmt":"2017-08-12T04:31:32","guid":{"rendered":"http:\/\/www.eldigitaldeasturias.com\/noticias\/?p=949553"},"modified":"2017-08-12T04:31:32","modified_gmt":"2017-08-12T04:31:32","slug":"la-dgt-espera-unos-ocho-millones-de-desplazamientos-hasta-el-15-de-agosto","status":"publish","type":"post","link":"https:\/\/www.eldigitaldeasturias.com\/noticias\/la-dgt-espera-unos-ocho-millones-de-desplazamientos-hasta-el-15-de-agosto\/","title":{"rendered":"La DGT espera unos ocho millones de desplazamientos hasta el 15 de agosto"},"content":{"rendered":"<p><img loading=\"lazy\" decoding=\"async\" class=\"alignleft size-medium wp-image-773873\" src=\"https:\/\/www.eldigitaldeasturias.com\/noticias\/wp-content\/uploads\/2015\/03\/carretera-360x239.jpg\" alt=\"\" width=\"360\" height=\"239\" \/>Con motivo de las festividades del 15 de agosto y el incremento de desplazamientos de veh\u00edculos que tiene lugar por estas fechas en las carreteras espa\u00f1olas, la Direcci\u00f3n General de Tr\u00e1fico pone en marcha un operativo especial que finalizar\u00e1 el martes 15 de agosto.<\/p>\n<p>Durante este periodo festivo, Tr\u00e1fico ha establecido una serie de medidas de regulaci\u00f3n, ordenaci\u00f3n y vigilancia del tr\u00e1fico para dar cobertura de seguridad a los 8,1 millones de desplazamientos por carretera previstos para estos d\u00edas.<\/p>\n<p>Respecto a la circulaci\u00f3n, el mayor incremento de veh\u00edculos se prev\u00e9 para hoy s\u00e1bado por la ma\u00f1ana en las salidas de las grandes ciudades hacia las zonas tur\u00edsticas del litoral y poblaciones con celebraci\u00f3n de fiestas, afectando principalmente a carreteras de Madrid, Barcelona, Castilla-La Mancha, Comunidad Valenciana, Murcia y Andaluc\u00eda.<br \/>\nSe instalar\u00e1n carriles reversibles y adicionales con conos en las horas de mayor afluencia circulatoria. Asimismo, se paralizar\u00e1n las obras en las carreteras, se limitar\u00e1 la celebraci\u00f3n de pruebas deportivas y otros eventos que supongan la ocupaci\u00f3n de la calzada y se restringir\u00e1 la circulaci\u00f3n de camiones en general y a los que transportan determinadas mercanc\u00edas en ciertos tramos, fechas y horas.<\/p>\n<p>Los d\u00edas intermedios, los desplazamientos ser\u00e1n de corto recorrido principalmente en carreteras con destino a las playas y a las localidades donde se celebren fiestas.<br \/>\nAdem\u00e1s para la intensificaci\u00f3n de controles de alcohol y otras drogas durante el puente, la DGT hizo entrega a la Agrupaci\u00f3n de Tr\u00e1fico de 40 nuevas furgonetas habilitadas para la realizaci\u00f3n de dichas pruebas en carretera. Dichas furgonetas han sido enviadas a las provincias con mayores niveles de accidentes cuyas causas principales han sido el alcohol y otras drogas.<\/p>\n<p>Para llevar a cabo este dispositivo, Tr\u00e1fico cuenta con aproximadamente 6.600 personas, entre agentes de la Agrupaci\u00f3n de Tr\u00e1fico de la Guardia Civil y personal de la DGT, a las que se suman m\u00e1s de 13.000 empleados de empresas de conservaci\u00f3n y personal de los servicios de emergencias. Todos ellos estar\u00e1n trabajando para que los conductores puedan realizar un viaje seguro.<\/p>\n<p>&nbsp;<\/p>\n","protected":false},"excerpt":{"rendered":"<p>Con motivo de las festividades del 15 de agosto y el incremento de desplazamientos de veh\u00edculos que tiene lugar por estas fechas en las carreteras espa\u00f1olas, la Direcci\u00f3n General de Tr\u00e1fico pone en marcha un operativo especial que finalizar\u00e1 el martes 15 de agosto. Durante este periodo festivo, Tr\u00e1fico ha establecido una serie de medidas [&hellip;]<\/p>\n","protected":false},"author":1,"featured_media":788398,"comment_status":"closed","ping_status":"closed","sticky":false,"template":"","format":"standard","meta":{"footnotes":""},"categories":[1],"tags":[],"class_list":["post-949553","post","type-post","status-publish","format-standard","has-post-thumbnail","hentry","category-actualidad"],"aioseo_notices":[],"aioseo_head":"\n\t\t<!-- All in One SEO Pro 5.0.1 - aioseo.com -->\n\t<meta name=\"description\" content=\"Con motivo de las festividades del 15 de agosto y el incremento de desplazamientos de veh\u00edculos que tiene lugar por estas fechas en las carreteras espa\u00f1olas, la Direcci\u00f3n General de Tr\u00e1fico pone en marcha un operativo especial que finalizar\u00e1 el martes 15 de agosto. Durante este periodo festivo, Tr\u00e1fico ha establecido una serie de medidas\" \/>\n\t<meta name=\"robots\" content=\"max-image-preview:large\" \/>\n\t<meta name=\"author\" content=\"El Digital de Asturias\"\/>\n\t<meta name=\"google-site-verification\" content=\"UA-38556648-1\" \/>\n\t<meta name=\"msvalidate.01\" content=\"7dfe9f3f1b24437ab69f4f2559babe99\" \/>\n\t<meta name=\"keywords\" content=\"actualidad\" \/>\n\t<link rel=\"canonical\" href=\"https:\/\/www.eldigitaldeasturias.com\/noticias\/la-dgt-espera-unos-ocho-millones-de-desplazamientos-hasta-el-15-de-agosto\/\" \/>\n\t<meta name=\"generator\" content=\"All in One SEO Pro (AIOSEO) 5.0.1\" \/>\n\t\t<meta property=\"og:locale\" content=\"es_ES\" \/>\n\t\t<meta property=\"og:site_name\" content=\"El Digital de Asturias\" \/>\n\t\t<meta property=\"og:type\" content=\"article\" \/>\n\t\t<meta property=\"og:title\" content=\"La DGT espera unos ocho millones de desplazamientos hasta el 15 de agosto - El Digital de Asturias\" \/>\n\t\t<meta property=\"og:description\" content=\"Con motivo de las festividades del 15 de agosto y el incremento de desplazamientos de veh\u00edculos que tiene lugar por estas fechas en las carreteras espa\u00f1olas, la Direcci\u00f3n General de Tr\u00e1fico pone en marcha un operativo especial que finalizar\u00e1 el martes 15 de agosto. Durante este periodo festivo, Tr\u00e1fico ha establecido una serie de medidas\" \/>\n\t\t<meta property=\"og:url\" content=\"https:\/\/www.eldigitaldeasturias.com\/noticias\/la-dgt-espera-unos-ocho-millones-de-desplazamientos-hasta-el-15-de-agosto\/\" \/>\n\t\t<meta property=\"article:tag\" content=\"actualidad\" \/>\n\t\t<meta property=\"article:published_time\" content=\"2017-08-12T04:31:32+00:00\" \/>\n\t\t<meta property=\"article:modified_time\" content=\"2017-08-12T04:31:32+00:00\" \/>\n\t\t<meta property=\"article:publisher\" content=\"https:\/\/facebook.com\/eldigitaldeasturias\" \/>\n\t\t<meta name=\"twitter:card\" content=\"summary_large_image\" \/>\n\t\t<meta name=\"twitter:title\" content=\"La DGT espera unos ocho millones de desplazamientos hasta el 15 de agosto - El Digital de Asturias\" \/>\n\t\t<meta name=\"twitter:description\" content=\"Con motivo de las festividades del 15 de agosto y el incremento de desplazamientos de veh\u00edculos que tiene lugar por estas fechas en las carreteras espa\u00f1olas, la Direcci\u00f3n General de Tr\u00e1fico pone en marcha un operativo especial que finalizar\u00e1 el martes 15 de agosto. Durante este periodo festivo, Tr\u00e1fico ha establecido una serie de medidas\" \/>\n\t\t<meta name=\"twitter:image\" content=\"https:\/\/www.eldigitaldeasturias.com\/noticias\/wp-content\/uploads\/2020\/12\/EDA-1.jpg\" \/>\n\t\t<meta name=\"twitter:label1\" content=\"Escrito por\" \/>\n\t\t<meta name=\"twitter:data1\" content=\"El Digital de Asturias\" \/>\n\t\t<meta name=\"twitter:label2\" content=\"Tiempo de lectura estimado\" \/>\n\t\t<meta name=\"twitter:data2\" content=\"2 minutos\" \/>\n\t\t<script type=\"application\/ld+json\" class=\"aioseo-schema\">\n\t\t\t{\"@context\":\"https:\\\/\\\/schema.org\",\"@graph\":[{\"@type\":\"BlogPosting\",\"@id\":\"https:\\\/\\\/www.eldigitaldeasturias.com\\\/noticias\\\/la-dgt-espera-unos-ocho-millones-de-desplazamientos-hasta-el-15-de-agosto\\\/#blogposting\",\"name\":\"La DGT espera unos ocho millones de desplazamientos hasta el 15 de agosto - El Digital de Asturias\",\"headline\":\"La DGT espera unos ocho millones de desplazamientos hasta el 15 de agosto\",\"author\":{\"@id\":\"https:\\\/\\\/www.eldigitaldeasturias.com\\\/noticias\\\/author\\\/admin\\\/#author\"},\"publisher\":{\"@id\":\"https:\\\/\\\/www.eldigitaldeasturias.com\\\/noticias\\\/#organization\"},\"image\":{\"@type\":\"ImageObject\",\"url\":788398},\"datePublished\":\"2017-08-12T04:31:32+02:00\",\"dateModified\":\"2017-08-12T04:31:32+02:00\",\"inLanguage\":\"es-ES\",\"mainEntityOfPage\":{\"@id\":\"https:\\\/\\\/www.eldigitaldeasturias.com\\\/noticias\\\/la-dgt-espera-unos-ocho-millones-de-desplazamientos-hasta-el-15-de-agosto\\\/#webpage\"},\"isPartOf\":{\"@id\":\"https:\\\/\\\/www.eldigitaldeasturias.com\\\/noticias\\\/la-dgt-espera-unos-ocho-millones-de-desplazamientos-hasta-el-15-de-agosto\\\/#webpage\"},\"articleSection\":\"Actualidad\"},{\"@type\":\"BreadcrumbList\",\"@id\":\"https:\\\/\\\/www.eldigitaldeasturias.com\\\/noticias\\\/la-dgt-espera-unos-ocho-millones-de-desplazamientos-hasta-el-15-de-agosto\\\/#breadcrumblist\",\"itemListElement\":[{\"@type\":\"ListItem\",\"@id\":\"https:\\\/\\\/www.eldigitaldeasturias.com\\\/noticias#listItem\",\"position\":1,\"name\":\"Home\",\"item\":\"https:\\\/\\\/www.eldigitaldeasturias.com\\\/noticias\",\"nextItem\":{\"@type\":\"ListItem\",\"@id\":\"https:\\\/\\\/www.eldigitaldeasturias.com\\\/noticias\\\/category\\\/actualidad\\\/#listItem\",\"name\":\"Actualidad\"}},{\"@type\":\"ListItem\",\"@id\":\"https:\\\/\\\/www.eldigitaldeasturias.com\\\/noticias\\\/category\\\/actualidad\\\/#listItem\",\"position\":2,\"name\":\"Actualidad\",\"item\":\"https:\\\/\\\/www.eldigitaldeasturias.com\\\/noticias\\\/category\\\/actualidad\\\/\",\"nextItem\":{\"@type\":\"ListItem\",\"@id\":\"https:\\\/\\\/www.eldigitaldeasturias.com\\\/noticias\\\/la-dgt-espera-unos-ocho-millones-de-desplazamientos-hasta-el-15-de-agosto\\\/#listItem\",\"name\":\"La DGT espera unos ocho millones de desplazamientos hasta el 15 de agosto\"},\"previousItem\":{\"@type\":\"ListItem\",\"@id\":\"https:\\\/\\\/www.eldigitaldeasturias.com\\\/noticias#listItem\",\"name\":\"Home\"}},{\"@type\":\"ListItem\",\"@id\":\"https:\\\/\\\/www.eldigitaldeasturias.com\\\/noticias\\\/la-dgt-espera-unos-ocho-millones-de-desplazamientos-hasta-el-15-de-agosto\\\/#listItem\",\"position\":3,\"name\":\"La DGT espera unos ocho millones de desplazamientos hasta el 15 de agosto\",\"previousItem\":{\"@type\":\"ListItem\",\"@id\":\"https:\\\/\\\/www.eldigitaldeasturias.com\\\/noticias\\\/category\\\/actualidad\\\/#listItem\",\"name\":\"Actualidad\"}}]},{\"@type\":\"Organization\",\"@id\":\"https:\\\/\\\/www.eldigitaldeasturias.com\\\/noticias\\\/#organization\",\"name\":\"El Digital de Asturias\",\"description\":\"Hemeroteca\",\"url\":\"https:\\\/\\\/www.eldigitaldeasturias.com\\\/noticias\\\/\",\"email\":\"info@eldigitaldeasturias.com\",\"telephone\":\"+34652131393\",\"logo\":{\"@type\":\"ImageObject\",\"url\":\"https:\\\/\\\/www.eldigitaldeasturias.com\\\/noticias\\\/wp-content\\\/uploads\\\/2020\\\/12\\\/EDA.jpg\",\"@id\":\"https:\\\/\\\/www.eldigitaldeasturias.com\\\/noticias\\\/la-dgt-espera-unos-ocho-millones-de-desplazamientos-hasta-el-15-de-agosto\\\/#organizationLogo\"},\"image\":{\"@id\":\"https:\\\/\\\/www.eldigitaldeasturias.com\\\/noticias\\\/la-dgt-espera-unos-ocho-millones-de-desplazamientos-hasta-el-15-de-agosto\\\/#organizationLogo\"},\"sameAs\":[\"https:\\\/\\\/facebook.com\\\/eldigitaldeasturias\",\"https:\\\/\\\/www.youtube.com\\\/channel\\\/UCZP-2wLEB9Rv6erhFmqVnvg\"],\"address\":{\"@id\":\"https:\\\/\\\/www.eldigitaldeasturias.com\\\/noticias\\\/#postaladdress\",\"@type\":\"PostalAddress\",\"streetAddress\":\"san antonio 4\",\"postalCode\":\"33430\",\"addressLocality\":\"Cand\\u00e1s\",\"addressRegion\":\"Asturias\",\"addressCountry\":\"ES\"}},{\"@type\":\"Person\",\"@id\":\"https:\\\/\\\/www.eldigitaldeasturias.com\\\/noticias\\\/author\\\/admin\\\/#author\",\"url\":\"https:\\\/\\\/www.eldigitaldeasturias.com\\\/noticias\\\/author\\\/admin\\\/\",\"name\":\"El Digital de Asturias\",\"image\":{\"@type\":\"ImageObject\",\"@id\":\"https:\\\/\\\/www.eldigitaldeasturias.com\\\/noticias\\\/la-dgt-espera-unos-ocho-millones-de-desplazamientos-hasta-el-15-de-agosto\\\/#authorImage\",\"url\":\"https:\\\/\\\/secure.gravatar.com\\\/avatar\\\/df2aeffc32bcd13f8d26072ef8a91b623d677766deac7f97ca815868cd41bf5e?s=96&d=mm&r=g\",\"width\":96,\"height\":96,\"caption\":\"El Digital de Asturias\"}},{\"@type\":\"WebPage\",\"@id\":\"https:\\\/\\\/www.eldigitaldeasturias.com\\\/noticias\\\/la-dgt-espera-unos-ocho-millones-de-desplazamientos-hasta-el-15-de-agosto\\\/#webpage\",\"url\":\"https:\\\/\\\/www.eldigitaldeasturias.com\\\/noticias\\\/la-dgt-espera-unos-ocho-millones-de-desplazamientos-hasta-el-15-de-agosto\\\/\",\"name\":\"La DGT espera unos ocho millones de desplazamientos hasta el 15 de agosto - El Digital de Asturias\",\"description\":\"Con motivo de las festividades del 15 de agosto y el incremento de desplazamientos de veh\\u00edculos que tiene lugar por estas fechas en las carreteras espa\\u00f1olas, la Direcci\\u00f3n General de Tr\\u00e1fico pone en marcha un operativo especial que finalizar\\u00e1 el martes 15 de agosto. Durante este periodo festivo, Tr\\u00e1fico ha establecido una serie de medidas\",\"inLanguage\":\"es-ES\",\"isPartOf\":{\"@id\":\"https:\\\/\\\/www.eldigitaldeasturias.com\\\/noticias\\\/#website\"},\"breadcrumb\":{\"@id\":\"https:\\\/\\\/www.eldigitaldeasturias.com\\\/noticias\\\/la-dgt-espera-unos-ocho-millones-de-desplazamientos-hasta-el-15-de-agosto\\\/#breadcrumblist\"},\"author\":{\"@id\":\"https:\\\/\\\/www.eldigitaldeasturias.com\\\/noticias\\\/author\\\/admin\\\/#author\"},\"creator\":{\"@id\":\"https:\\\/\\\/www.eldigitaldeasturias.com\\\/noticias\\\/author\\\/admin\\\/#author\"},\"image\":{\"@type\":\"ImageObject\",\"url\":788398,\"@id\":\"https:\\\/\\\/www.eldigitaldeasturias.com\\\/noticias\\\/la-dgt-espera-unos-ocho-millones-de-desplazamientos-hasta-el-15-de-agosto\\\/#mainImage\"},\"primaryImageOfPage\":{\"@id\":\"https:\\\/\\\/www.eldigitaldeasturias.com\\\/noticias\\\/la-dgt-espera-unos-ocho-millones-de-desplazamientos-hasta-el-15-de-agosto\\\/#mainImage\"},\"datePublished\":\"2017-08-12T04:31:32+02:00\",\"dateModified\":\"2017-08-12T04:31:32+02:00\"},{\"@type\":\"WebSite\",\"@id\":\"https:\\\/\\\/www.eldigitaldeasturias.com\\\/noticias\\\/#website\",\"url\":\"https:\\\/\\\/www.eldigitaldeasturias.com\\\/noticias\\\/\",\"name\":\"El Digital de Asturias - Diario de actualidad y noticias\",\"alternateName\":\"El Digital de Asturias - Diario de actualidad y noticias\",\"description\":\"Hemeroteca\",\"inLanguage\":\"es-ES\",\"publisher\":{\"@id\":\"https:\\\/\\\/www.eldigitaldeasturias.com\\\/noticias\\\/#organization\"}}]}\n\t\t<\/script>\n\t\t<!-- All in One SEO Pro -->\r\n\t\t<title>La DGT espera unos ocho millones de desplazamientos hasta el 15 de agosto - El Digital de Asturias<\/title>\n\n","aioseo_head_json":{"title":"La DGT espera unos ocho millones de desplazamientos hasta el 15 de agosto - El Digital de Asturias","description":"Con motivo de las festividades del 15 de agosto y el incremento de desplazamientos de veh\u00edculos que tiene lugar por estas fechas en las carreteras espa\u00f1olas, la Direcci\u00f3n General de Tr\u00e1fico pone en marcha un operativo especial que finalizar\u00e1 el martes 15 de agosto. Durante este periodo festivo, Tr\u00e1fico ha establecido una serie de medidas","canonical_url":"https:\/\/www.eldigitaldeasturias.com\/noticias\/la-dgt-espera-unos-ocho-millones-de-desplazamientos-hasta-el-15-de-agosto\/","robots":"max-image-preview:large","keywords":"actualidad","webmasterTools":{"google-site-verification":"UA-38556648-1","msvalidate.01":"7dfe9f3f1b24437ab69f4f2559babe99","miscellaneous":""},"schema":{"@context":"https:\/\/schema.org","@graph":[{"@type":"BlogPosting","@id":"https:\/\/www.eldigitaldeasturias.com\/noticias\/la-dgt-espera-unos-ocho-millones-de-desplazamientos-hasta-el-15-de-agosto\/#blogposting","name":"La DGT espera unos ocho millones de desplazamientos hasta el 15 de agosto - El Digital de Asturias","headline":"La DGT espera unos ocho millones de desplazamientos hasta el 15 de agosto","author":{"@id":"https:\/\/www.eldigitaldeasturias.com\/noticias\/author\/admin\/#author"},"publisher":{"@id":"https:\/\/www.eldigitaldeasturias.com\/noticias\/#organization"},"image":{"@type":"ImageObject","url":788398},"datePublished":"2017-08-12T04:31:32+02:00","dateModified":"2017-08-12T04:31:32+02:00","inLanguage":"es-ES","mainEntityOfPage":{"@id":"https:\/\/www.eldigitaldeasturias.com\/noticias\/la-dgt-espera-unos-ocho-millones-de-desplazamientos-hasta-el-15-de-agosto\/#webpage"},"isPartOf":{"@id":"https:\/\/www.eldigitaldeasturias.com\/noticias\/la-dgt-espera-unos-ocho-millones-de-desplazamientos-hasta-el-15-de-agosto\/#webpage"},"articleSection":"Actualidad"},{"@type":"BreadcrumbList","@id":"https:\/\/www.eldigitaldeasturias.com\/noticias\/la-dgt-espera-unos-ocho-millones-de-desplazamientos-hasta-el-15-de-agosto\/#breadcrumblist","itemListElement":[{"@type":"ListItem","@id":"https:\/\/www.eldigitaldeasturias.com\/noticias#listItem","position":1,"name":"Home","item":"https:\/\/www.eldigitaldeasturias.com\/noticias","nextItem":{"@type":"ListItem","@id":"https:\/\/www.eldigitaldeasturias.com\/noticias\/category\/actualidad\/#listItem","name":"Actualidad"}},{"@type":"ListItem","@id":"https:\/\/www.eldigitaldeasturias.com\/noticias\/category\/actualidad\/#listItem","position":2,"name":"Actualidad","item":"https:\/\/www.eldigitaldeasturias.com\/noticias\/category\/actualidad\/","nextItem":{"@type":"ListItem","@id":"https:\/\/www.eldigitaldeasturias.com\/noticias\/la-dgt-espera-unos-ocho-millones-de-desplazamientos-hasta-el-15-de-agosto\/#listItem","name":"La DGT espera unos ocho millones de desplazamientos hasta el 15 de agosto"},"previousItem":{"@type":"ListItem","@id":"https:\/\/www.eldigitaldeasturias.com\/noticias#listItem","name":"Home"}},{"@type":"ListItem","@id":"https:\/\/www.eldigitaldeasturias.com\/noticias\/la-dgt-espera-unos-ocho-millones-de-desplazamientos-hasta-el-15-de-agosto\/#listItem","position":3,"name":"La DGT espera unos ocho millones de desplazamientos hasta el 15 de agosto","previousItem":{"@type":"ListItem","@id":"https:\/\/www.eldigitaldeasturias.com\/noticias\/category\/actualidad\/#listItem","name":"Actualidad"}}]},{"@type":"Organization","@id":"https:\/\/www.eldigitaldeasturias.com\/noticias\/#organization","name":"El Digital de Asturias","description":"Hemeroteca","url":"https:\/\/www.eldigitaldeasturias.com\/noticias\/","email":"info@eldigitaldeasturias.com","telephone":"+34652131393","logo":{"@type":"ImageObject","url":"https:\/\/www.eldigitaldeasturias.com\/noticias\/wp-content\/uploads\/2020\/12\/EDA.jpg","@id":"https:\/\/www.eldigitaldeasturias.com\/noticias\/la-dgt-espera-unos-ocho-millones-de-desplazamientos-hasta-el-15-de-agosto\/#organizationLogo"},"image":{"@id":"https:\/\/www.eldigitaldeasturias.com\/noticias\/la-dgt-espera-unos-ocho-millones-de-desplazamientos-hasta-el-15-de-agosto\/#organizationLogo"},"sameAs":["https:\/\/facebook.com\/eldigitaldeasturias","https:\/\/www.youtube.com\/channel\/UCZP-2wLEB9Rv6erhFmqVnvg"],"address":{"@id":"https:\/\/www.eldigitaldeasturias.com\/noticias\/#postaladdress","@type":"PostalAddress","streetAddress":"san antonio 4","postalCode":"33430","addressLocality":"Cand\u00e1s","addressRegion":"Asturias","addressCountry":"ES"}},{"@type":"Person","@id":"https:\/\/www.eldigitaldeasturias.com\/noticias\/author\/admin\/#author","url":"https:\/\/www.eldigitaldeasturias.com\/noticias\/author\/admin\/","name":"El Digital de Asturias","image":{"@type":"ImageObject","@id":"https:\/\/www.eldigitaldeasturias.com\/noticias\/la-dgt-espera-unos-ocho-millones-de-desplazamientos-hasta-el-15-de-agosto\/#authorImage","url":"https:\/\/secure.gravatar.com\/avatar\/df2aeffc32bcd13f8d26072ef8a91b623d677766deac7f97ca815868cd41bf5e?s=96&d=mm&r=g","width":96,"height":96,"caption":"El Digital de Asturias"}},{"@type":"WebPage","@id":"https:\/\/www.eldigitaldeasturias.com\/noticias\/la-dgt-espera-unos-ocho-millones-de-desplazamientos-hasta-el-15-de-agosto\/#webpage","url":"https:\/\/www.eldigitaldeasturias.com\/noticias\/la-dgt-espera-unos-ocho-millones-de-desplazamientos-hasta-el-15-de-agosto\/","name":"La DGT espera unos ocho millones de desplazamientos hasta el 15 de agosto - El Digital de Asturias","description":"Con motivo de las festividades del 15 de agosto y el incremento de desplazamientos de veh\u00edculos que tiene lugar por estas fechas en las carreteras espa\u00f1olas, la Direcci\u00f3n General de Tr\u00e1fico pone en marcha un operativo especial que finalizar\u00e1 el martes 15 de agosto. Durante este periodo festivo, Tr\u00e1fico ha establecido una serie de medidas","inLanguage":"es-ES","isPartOf":{"@id":"https:\/\/www.eldigitaldeasturias.com\/noticias\/#website"},"breadcrumb":{"@id":"https:\/\/www.eldigitaldeasturias.com\/noticias\/la-dgt-espera-unos-ocho-millones-de-desplazamientos-hasta-el-15-de-agosto\/#breadcrumblist"},"author":{"@id":"https:\/\/www.eldigitaldeasturias.com\/noticias\/author\/admin\/#author"},"creator":{"@id":"https:\/\/www.eldigitaldeasturias.com\/noticias\/author\/admin\/#author"},"image":{"@type":"ImageObject","url":788398,"@id":"https:\/\/www.eldigitaldeasturias.com\/noticias\/la-dgt-espera-unos-ocho-millones-de-desplazamientos-hasta-el-15-de-agosto\/#mainImage"},"primaryImageOfPage":{"@id":"https:\/\/www.eldigitaldeasturias.com\/noticias\/la-dgt-espera-unos-ocho-millones-de-desplazamientos-hasta-el-15-de-agosto\/#mainImage"},"datePublished":"2017-08-12T04:31:32+02:00","dateModified":"2017-08-12T04:31:32+02:00"},{"@type":"WebSite","@id":"https:\/\/www.eldigitaldeasturias.com\/noticias\/#website","url":"https:\/\/www.eldigitaldeasturias.com\/noticias\/","name":"El Digital de Asturias - Diario de actualidad y noticias","alternateName":"El Digital de Asturias - Diario de actualidad y noticias","description":"Hemeroteca","inLanguage":"es-ES","publisher":{"@id":"https:\/\/www.eldigitaldeasturias.com\/noticias\/#organization"}}]},"og:locale":"es_ES","og:site_name":"El Digital de Asturias","og:type":"article","og:title":"La DGT espera unos ocho millones de desplazamientos hasta el 15 de agosto - El Digital de Asturias","og:description":"Con motivo de las festividades del 15 de agosto y el incremento de desplazamientos de veh\u00edculos que tiene lugar por estas fechas en las carreteras espa\u00f1olas, la Direcci\u00f3n General de Tr\u00e1fico pone en marcha un operativo especial que finalizar\u00e1 el martes 15 de agosto. Durante este periodo festivo, Tr\u00e1fico ha establecido una serie de medidas","og:url":"https:\/\/www.eldigitaldeasturias.com\/noticias\/la-dgt-espera-unos-ocho-millones-de-desplazamientos-hasta-el-15-de-agosto\/","article:tag":["actualidad"],"article:published_time":"2017-08-12T04:31:32+00:00","article:modified_time":"2017-08-12T04:31:32+00:00","article:publisher":"https:\/\/facebook.com\/eldigitaldeasturias","twitter:card":"summary_large_image","twitter:title":"La DGT espera unos ocho millones de desplazamientos hasta el 15 de agosto - El Digital de Asturias","twitter:description":"Con motivo de las festividades del 15 de agosto y el incremento de desplazamientos de veh\u00edculos que tiene lugar por estas fechas en las carreteras espa\u00f1olas, la Direcci\u00f3n General de Tr\u00e1fico pone en marcha un operativo especial que finalizar\u00e1 el martes 15 de agosto. Durante este periodo festivo, Tr\u00e1fico ha establecido una serie de medidas","twitter:image":"https:\/\/www.eldigitaldeasturias.com\/noticias\/wp-content\/uploads\/2020\/12\/EDA-1.jpg","twitter:label1":"Escrito por","twitter:data1":"El Digital de Asturias","twitter:label2":"Tiempo de lectura estimado","twitter:data2":"2 minutos"},"aioseo_meta_data":{"post_id":"949553","title":null,"description":null,"keywords":null,"keyphrases":null,"primary_term":null,"canonical_url":null,"og_title":null,"og_description":null,"og_object_type":"default","og_image_type":"default","og_image_url":null,"og_image_width":null,"og_image_height":null,"og_image_custom_url":null,"og_image_custom_fields":null,"og_video":null,"og_custom_url":null,"og_article_section":null,"og_article_tags":null,"twitter_use_og":false,"twitter_card":"default","twitter_image_type":"default","twitter_image_url":null,"twitter_image_custom_url":null,"twitter_image_custom_fields":null,"twitter_title":null,"twitter_description":null,"schema":{"blockGraphs":[],"customGraphs":[],"default":{"data":{"Article":[],"Course":[],"Dataset":[],"FAQPage":[],"Movie":[],"Person":[],"Product":[],"ProductReview":[],"Car":[],"Recipe":[],"Service":[],"SoftwareApplication":[],"WebPage":[]},"graphName":"","isEnabled":true},"graphs":[]},"schema_type":null,"schema_type_options":null,"pillar_content":false,"robots_default":true,"robots_noindex":false,"robots_noarchive":false,"robots_nosnippet":false,"robots_nofollow":false,"robots_noimageindex":false,"robots_noodp":false,"robots_notranslate":false,"robots_max_snippet":null,"robots_max_videopreview":null,"robots_max_imagepreview":"large","priority":null,"frequency":null,"local_seo":null,"seo_analyzer_scan_date":"2025-12-05 12:46:10","breadcrumb_settings":null,"limit_modified_date":false,"open_ai":null,"ai":null,"created":"2020-12-21 13:01:41","updated":"2025-12-05 12:46:10","focus_keyword":null,"additional_keywords":null,"truseo_locale":null},"aioseo_breadcrumb":"<div class=\"aioseo-breadcrumbs\"><span class=\"aioseo-breadcrumb\">\n\t<a href=\"https:\/\/www.eldigitaldeasturias.com\/noticias\" title=\"Home\">Home<\/a>\n<\/span><span class=\"aioseo-breadcrumb-separator\">\u2013<\/span><span class=\"aioseo-breadcrumb\">\n\t<a href=\"https:\/\/www.eldigitaldeasturias.com\/noticias\/category\/actualidad\/\" title=\"Actualidad\">Actualidad<\/a>\n<\/span><span class=\"aioseo-breadcrumb-separator\">\u2013<\/span><span class=\"aioseo-breadcrumb\">\n\t<a href=\"https:\/\/www.eldigitaldeasturias.com\/noticias\/la-dgt-espera-unos-ocho-millones-de-desplazamientos-hasta-el-15-de-agosto\/\" title=\"La DGT espera unos ocho millones de desplazamientos hasta el 15 de agosto\">La DGT espera unos ocho millones de desplazamientos hasta el 15 de agosto<\/a>\n<\/span><\/div>","aioseo_breadcrumb_json":[{"label":"Home","link":"https:\/\/www.eldigitaldeasturias.com\/noticias"},{"label":"Actualidad","link":"https:\/\/www.eldigitaldeasturias.com\/noticias\/category\/actualidad\/"},{"label":"La DGT espera unos ocho millones de desplazamientos hasta el 15 de agosto","link":"https:\/\/www.eldigitaldeasturias.com\/noticias\/la-dgt-espera-unos-ocho-millones-de-desplazamientos-hasta-el-15-de-agosto\/"}],"_links":{"self":[{"href":"https:\/\/www.eldigitaldeasturias.com\/noticias\/wp-json\/wp\/v2\/posts\/949553","targetHints":{"allow":["GET"]}}],"collection":[{"href":"https:\/\/www.eldigitaldeasturias.com\/noticias\/wp-json\/wp\/v2\/posts"}],"about":[{"href":"https:\/\/www.eldigitaldeasturias.com\/noticias\/wp-json\/wp\/v2\/types\/post"}],"author":[{"embeddable":true,"href":"https:\/\/www.eldigitaldeasturias.com\/noticias\/wp-json\/wp\/v2\/users\/1"}],"replies":[{"embeddable":true,"href":"https:\/\/www.eldigitaldeasturias.com\/noticias\/wp-json\/wp\/v2\/comments?post=949553"}],"version-history":[{"count":0,"href":"https:\/\/www.eldigitaldeasturias.com\/noticias\/wp-json\/wp\/v2\/posts\/949553\/revisions"}],"wp:attachment":[{"href":"https:\/\/www.eldigitaldeasturias.com\/noticias\/wp-json\/wp\/v2\/media?parent=949553"}],"wp:term":[{"taxonomy":"category","embeddable":true,"href":"https:\/\/www.eldigitaldeasturias.com\/noticias\/wp-json\/wp\/v2\/categories?post=949553"},{"taxonomy":"post_tag","embeddable":true,"href":"https:\/\/www.eldigitaldeasturias.com\/noticias\/wp-json\/wp\/v2\/tags?post=949553"}],"curies":[{"name":"wp","href":"https:\/\/api.w.org\/{rel}","templated":true}]}}