{"id":949528,"date":"2017-08-11T21:37:30","date_gmt":"2017-08-11T21:37:30","guid":{"rendered":"http:\/\/www.eldigitaldeasturias.com\/noticias\/?p=949528"},"modified":"2017-08-11T21:37:30","modified_gmt":"2017-08-11T21:37:30","slug":"destinados-665-500-euros-para-la-ampliacion-del-ies-federico-garcia-lorca-de-churriana-de-la-vega","status":"publish","type":"post","link":"https:\/\/www.eldigitaldeasturias.com\/noticias\/destinados-665-500-euros-para-la-ampliacion-del-ies-federico-garcia-lorca-de-churriana-de-la-vega\/","title":{"rendered":"Destinados 665.500 euros para la ampliaci\u00f3n del IES Federico Garc\u00eda Lorca de Churriana de la Vega"},"content":{"rendered":"<p><img loading=\"lazy\" decoding=\"async\" class=\"alignleft size-medium wp-image-949529\" src=\"https:\/\/www.eldigitaldeasturias.com\/noticias\/wp-content\/uploads\/2017\/08\/1502453165362-360x240.jpg\" alt=\"\" width=\"360\" height=\"240\" \/>La Consejer\u00eda de Educaci\u00f3n destinar\u00e1 un total de 665.640,64 euros a la ampliaci\u00f3n del Instituto de Educaci\u00f3n Secundaria Federico Garc\u00eda Lorca de Churriana de la Vega (Granada). Las obras, que ya han sido licitadas, permitir\u00e1n la retirada de dos m\u00f3dulos prefabricados de cuatro aulas instalados provisionalmente en el centro por necesidades de escolarizaci\u00f3n.<\/p>\n<p>Los trabajos abordar\u00e1n la construcci\u00f3n de un nuevo m\u00f3dulo docente con capacidad para 180 puestos escolares conectado al edificio principal existente. El nuevo aulario, que contar\u00e1 con tres plantas de altura y una superficie construida de alrededor de 600 metros cuadrados, albergar\u00e1 seis aulas polivalentes, porche cubierto en planta baja y n\u00facleo de escaleras para comunicaci\u00f3n vertical adaptado a la normativa contra incendios.<\/p>\n<p>Esta intervenci\u00f3n, de la que se beneficiar\u00e1n los m\u00e1s de 700 alumnos y alumnas matriculados en el instituto, est\u00e1 incluida dentro de la programaci\u00f3n de obras de retirada de aulas prefabricadas aprobada en el marco del Plan de Inversiones en Infraestructuras Educativas 2017-2018 de la Consejer\u00eda de Educaci\u00f3n, que se ejecuta a trav\u00e9s de la Agencia P\u00fablica Andaluza de Educaci\u00f3n. Este Plan est\u00e1 dotado con 155,6 millones de euros e incluye actuaciones de construcci\u00f3n, ampliaci\u00f3n y mejora de centros en las ocho provincias andaluzas.<\/p>\n<p>&nbsp;<\/p>\n","protected":false},"excerpt":{"rendered":"<p>La Consejer\u00eda de Educaci\u00f3n destinar\u00e1 un total de 665.640,64 euros a la ampliaci\u00f3n del Instituto de Educaci\u00f3n Secundaria Federico Garc\u00eda Lorca de Churriana de la Vega (Granada). Las obras, que ya han sido licitadas, permitir\u00e1n la retirada de dos m\u00f3dulos prefabricados de cuatro aulas instalados provisionalmente en el centro por necesidades de escolarizaci\u00f3n. Los trabajos [&hellip;]<\/p>\n","protected":false},"author":1,"featured_media":949529,"comment_status":"closed","ping_status":"closed","sticky":false,"template":"","format":"standard","meta":{"footnotes":""},"categories":[1],"tags":[],"class_list":["post-949528","post","type-post","status-publish","format-standard","has-post-thumbnail","hentry","category-actualidad"],"aioseo_notices":[],"aioseo_head":"\n\t\t<!-- All in One SEO Pro 5.0.1 - aioseo.com -->\n\t<meta name=\"description\" content=\"La Consejer\u00eda de Educaci\u00f3n destinar\u00e1 un total de 665.640,64 euros a la ampliaci\u00f3n del Instituto de Educaci\u00f3n Secundaria Federico Garc\u00eda Lorca de Churriana de la Vega (Granada). Las obras, que ya han sido licitadas, permitir\u00e1n la retirada de dos m\u00f3dulos prefabricados de cuatro aulas instalados provisionalmente en el centro por necesidades de escolarizaci\u00f3n. Los trabajos\" \/>\n\t<meta name=\"robots\" content=\"max-image-preview:large\" \/>\n\t<meta name=\"author\" content=\"El Digital de Asturias\"\/>\n\t<meta name=\"google-site-verification\" content=\"UA-38556648-1\" \/>\n\t<meta name=\"msvalidate.01\" content=\"7dfe9f3f1b24437ab69f4f2559babe99\" \/>\n\t<meta name=\"keywords\" content=\"actualidad\" \/>\n\t<link rel=\"canonical\" href=\"https:\/\/www.eldigitaldeasturias.com\/noticias\/destinados-665-500-euros-para-la-ampliacion-del-ies-federico-garcia-lorca-de-churriana-de-la-vega\/\" \/>\n\t<meta name=\"generator\" content=\"All in One SEO Pro (AIOSEO) 5.0.1\" \/>\n\t\t<meta property=\"og:locale\" content=\"es_ES\" \/>\n\t\t<meta property=\"og:site_name\" content=\"El Digital de Asturias\" \/>\n\t\t<meta property=\"og:type\" content=\"article\" \/>\n\t\t<meta property=\"og:title\" content=\"Destinados 665.500 euros para la ampliaci\u00f3n del IES Federico Garc\u00eda Lorca de Churriana de la Vega - El Digital de Asturias\" \/>\n\t\t<meta property=\"og:description\" content=\"La Consejer\u00eda de Educaci\u00f3n destinar\u00e1 un total de 665.640,64 euros a la ampliaci\u00f3n del Instituto de Educaci\u00f3n Secundaria Federico Garc\u00eda Lorca de Churriana de la Vega (Granada). Las obras, que ya han sido licitadas, permitir\u00e1n la retirada de dos m\u00f3dulos prefabricados de cuatro aulas instalados provisionalmente en el centro por necesidades de escolarizaci\u00f3n. Los trabajos\" \/>\n\t\t<meta property=\"og:url\" content=\"https:\/\/www.eldigitaldeasturias.com\/noticias\/destinados-665-500-euros-para-la-ampliacion-del-ies-federico-garcia-lorca-de-churriana-de-la-vega\/\" \/>\n\t\t<meta property=\"article:tag\" content=\"actualidad\" \/>\n\t\t<meta property=\"article:published_time\" content=\"2017-08-11T21:37:30+00:00\" \/>\n\t\t<meta property=\"article:modified_time\" content=\"2017-08-11T21:37:30+00:00\" \/>\n\t\t<meta property=\"article:publisher\" content=\"https:\/\/facebook.com\/eldigitaldeasturias\" \/>\n\t\t<meta name=\"twitter:card\" content=\"summary_large_image\" \/>\n\t\t<meta name=\"twitter:title\" content=\"Destinados 665.500 euros para la ampliaci\u00f3n del IES Federico Garc\u00eda Lorca de Churriana de la Vega - El Digital de Asturias\" \/>\n\t\t<meta name=\"twitter:description\" content=\"La Consejer\u00eda de Educaci\u00f3n destinar\u00e1 un total de 665.640,64 euros a la ampliaci\u00f3n del Instituto de Educaci\u00f3n Secundaria Federico Garc\u00eda Lorca de Churriana de la Vega (Granada). Las obras, que ya han sido licitadas, permitir\u00e1n la retirada de dos m\u00f3dulos prefabricados de cuatro aulas instalados provisionalmente en el centro por necesidades de escolarizaci\u00f3n. Los trabajos\" \/>\n\t\t<meta name=\"twitter:image\" content=\"https:\/\/www.eldigitaldeasturias.com\/noticias\/wp-content\/uploads\/2020\/12\/EDA-1.jpg\" \/>\n\t\t<meta name=\"twitter:label1\" content=\"Escrito por\" \/>\n\t\t<meta name=\"twitter:data1\" content=\"El Digital de Asturias\" \/>\n\t\t<meta name=\"twitter:label2\" content=\"Tiempo de lectura estimado\" \/>\n\t\t<meta name=\"twitter:data2\" content=\"1 minuto\" \/>\n\t\t<script type=\"application\/ld+json\" class=\"aioseo-schema\">\n\t\t\t{\"@context\":\"https:\\\/\\\/schema.org\",\"@graph\":[{\"@type\":\"BlogPosting\",\"@id\":\"https:\\\/\\\/www.eldigitaldeasturias.com\\\/noticias\\\/destinados-665-500-euros-para-la-ampliacion-del-ies-federico-garcia-lorca-de-churriana-de-la-vega\\\/#blogposting\",\"name\":\"Destinados 665.500 euros para la ampliaci\\u00f3n del IES Federico Garc\\u00eda Lorca de Churriana de la Vega - El Digital de Asturias\",\"headline\":\"Destinados 665.500 euros para la ampliaci\\u00f3n del IES Federico Garc\\u00eda Lorca de Churriana de la Vega\",\"author\":{\"@id\":\"https:\\\/\\\/www.eldigitaldeasturias.com\\\/noticias\\\/author\\\/admin\\\/#author\"},\"publisher\":{\"@id\":\"https:\\\/\\\/www.eldigitaldeasturias.com\\\/noticias\\\/#organization\"},\"image\":{\"@type\":\"ImageObject\",\"url\":949529},\"datePublished\":\"2017-08-11T21:37:30+02:00\",\"dateModified\":\"2017-08-11T21:37:30+02:00\",\"inLanguage\":\"es-ES\",\"mainEntityOfPage\":{\"@id\":\"https:\\\/\\\/www.eldigitaldeasturias.com\\\/noticias\\\/destinados-665-500-euros-para-la-ampliacion-del-ies-federico-garcia-lorca-de-churriana-de-la-vega\\\/#webpage\"},\"isPartOf\":{\"@id\":\"https:\\\/\\\/www.eldigitaldeasturias.com\\\/noticias\\\/destinados-665-500-euros-para-la-ampliacion-del-ies-federico-garcia-lorca-de-churriana-de-la-vega\\\/#webpage\"},\"articleSection\":\"Actualidad\"},{\"@type\":\"BreadcrumbList\",\"@id\":\"https:\\\/\\\/www.eldigitaldeasturias.com\\\/noticias\\\/destinados-665-500-euros-para-la-ampliacion-del-ies-federico-garcia-lorca-de-churriana-de-la-vega\\\/#breadcrumblist\",\"itemListElement\":[{\"@type\":\"ListItem\",\"@id\":\"https:\\\/\\\/www.eldigitaldeasturias.com\\\/noticias#listItem\",\"position\":1,\"name\":\"Home\",\"item\":\"https:\\\/\\\/www.eldigitaldeasturias.com\\\/noticias\",\"nextItem\":{\"@type\":\"ListItem\",\"@id\":\"https:\\\/\\\/www.eldigitaldeasturias.com\\\/noticias\\\/category\\\/actualidad\\\/#listItem\",\"name\":\"Actualidad\"}},{\"@type\":\"ListItem\",\"@id\":\"https:\\\/\\\/www.eldigitaldeasturias.com\\\/noticias\\\/category\\\/actualidad\\\/#listItem\",\"position\":2,\"name\":\"Actualidad\",\"item\":\"https:\\\/\\\/www.eldigitaldeasturias.com\\\/noticias\\\/category\\\/actualidad\\\/\",\"nextItem\":{\"@type\":\"ListItem\",\"@id\":\"https:\\\/\\\/www.eldigitaldeasturias.com\\\/noticias\\\/destinados-665-500-euros-para-la-ampliacion-del-ies-federico-garcia-lorca-de-churriana-de-la-vega\\\/#listItem\",\"name\":\"Destinados 665.500 euros para la ampliaci\\u00f3n del IES Federico Garc\\u00eda Lorca de Churriana de la Vega\"},\"previousItem\":{\"@type\":\"ListItem\",\"@id\":\"https:\\\/\\\/www.eldigitaldeasturias.com\\\/noticias#listItem\",\"name\":\"Home\"}},{\"@type\":\"ListItem\",\"@id\":\"https:\\\/\\\/www.eldigitaldeasturias.com\\\/noticias\\\/destinados-665-500-euros-para-la-ampliacion-del-ies-federico-garcia-lorca-de-churriana-de-la-vega\\\/#listItem\",\"position\":3,\"name\":\"Destinados 665.500 euros para la ampliaci\\u00f3n del IES Federico Garc\\u00eda Lorca de Churriana de la Vega\",\"previousItem\":{\"@type\":\"ListItem\",\"@id\":\"https:\\\/\\\/www.eldigitaldeasturias.com\\\/noticias\\\/category\\\/actualidad\\\/#listItem\",\"name\":\"Actualidad\"}}]},{\"@type\":\"Organization\",\"@id\":\"https:\\\/\\\/www.eldigitaldeasturias.com\\\/noticias\\\/#organization\",\"name\":\"El Digital de Asturias\",\"description\":\"Hemeroteca\",\"url\":\"https:\\\/\\\/www.eldigitaldeasturias.com\\\/noticias\\\/\",\"email\":\"info@eldigitaldeasturias.com\",\"telephone\":\"+34652131393\",\"logo\":{\"@type\":\"ImageObject\",\"url\":\"https:\\\/\\\/www.eldigitaldeasturias.com\\\/noticias\\\/wp-content\\\/uploads\\\/2020\\\/12\\\/EDA.jpg\",\"@id\":\"https:\\\/\\\/www.eldigitaldeasturias.com\\\/noticias\\\/destinados-665-500-euros-para-la-ampliacion-del-ies-federico-garcia-lorca-de-churriana-de-la-vega\\\/#organizationLogo\"},\"image\":{\"@id\":\"https:\\\/\\\/www.eldigitaldeasturias.com\\\/noticias\\\/destinados-665-500-euros-para-la-ampliacion-del-ies-federico-garcia-lorca-de-churriana-de-la-vega\\\/#organizationLogo\"},\"sameAs\":[\"https:\\\/\\\/facebook.com\\\/eldigitaldeasturias\",\"https:\\\/\\\/www.youtube.com\\\/channel\\\/UCZP-2wLEB9Rv6erhFmqVnvg\"],\"address\":{\"@id\":\"https:\\\/\\\/www.eldigitaldeasturias.com\\\/noticias\\\/#postaladdress\",\"@type\":\"PostalAddress\",\"streetAddress\":\"san antonio 4\",\"postalCode\":\"33430\",\"addressLocality\":\"Cand\\u00e1s\",\"addressRegion\":\"Asturias\",\"addressCountry\":\"ES\"}},{\"@type\":\"Person\",\"@id\":\"https:\\\/\\\/www.eldigitaldeasturias.com\\\/noticias\\\/author\\\/admin\\\/#author\",\"url\":\"https:\\\/\\\/www.eldigitaldeasturias.com\\\/noticias\\\/author\\\/admin\\\/\",\"name\":\"El Digital de Asturias\",\"image\":{\"@type\":\"ImageObject\",\"@id\":\"https:\\\/\\\/www.eldigitaldeasturias.com\\\/noticias\\\/destinados-665-500-euros-para-la-ampliacion-del-ies-federico-garcia-lorca-de-churriana-de-la-vega\\\/#authorImage\",\"url\":\"https:\\\/\\\/secure.gravatar.com\\\/avatar\\\/df2aeffc32bcd13f8d26072ef8a91b623d677766deac7f97ca815868cd41bf5e?s=96&d=mm&r=g\",\"width\":96,\"height\":96,\"caption\":\"El Digital de Asturias\"}},{\"@type\":\"WebPage\",\"@id\":\"https:\\\/\\\/www.eldigitaldeasturias.com\\\/noticias\\\/destinados-665-500-euros-para-la-ampliacion-del-ies-federico-garcia-lorca-de-churriana-de-la-vega\\\/#webpage\",\"url\":\"https:\\\/\\\/www.eldigitaldeasturias.com\\\/noticias\\\/destinados-665-500-euros-para-la-ampliacion-del-ies-federico-garcia-lorca-de-churriana-de-la-vega\\\/\",\"name\":\"Destinados 665.500 euros para la ampliaci\\u00f3n del IES Federico Garc\\u00eda Lorca de Churriana de la Vega - El Digital de Asturias\",\"description\":\"La Consejer\\u00eda de Educaci\\u00f3n destinar\\u00e1 un total de 665.640,64 euros a la ampliaci\\u00f3n del Instituto de Educaci\\u00f3n Secundaria Federico Garc\\u00eda Lorca de Churriana de la Vega (Granada). Las obras, que ya han sido licitadas, permitir\\u00e1n la retirada de dos m\\u00f3dulos prefabricados de cuatro aulas instalados provisionalmente en el centro por necesidades de escolarizaci\\u00f3n. Los trabajos\",\"inLanguage\":\"es-ES\",\"isPartOf\":{\"@id\":\"https:\\\/\\\/www.eldigitaldeasturias.com\\\/noticias\\\/#website\"},\"breadcrumb\":{\"@id\":\"https:\\\/\\\/www.eldigitaldeasturias.com\\\/noticias\\\/destinados-665-500-euros-para-la-ampliacion-del-ies-federico-garcia-lorca-de-churriana-de-la-vega\\\/#breadcrumblist\"},\"author\":{\"@id\":\"https:\\\/\\\/www.eldigitaldeasturias.com\\\/noticias\\\/author\\\/admin\\\/#author\"},\"creator\":{\"@id\":\"https:\\\/\\\/www.eldigitaldeasturias.com\\\/noticias\\\/author\\\/admin\\\/#author\"},\"image\":{\"@type\":\"ImageObject\",\"url\":949529,\"@id\":\"https:\\\/\\\/www.eldigitaldeasturias.com\\\/noticias\\\/destinados-665-500-euros-para-la-ampliacion-del-ies-federico-garcia-lorca-de-churriana-de-la-vega\\\/#mainImage\"},\"primaryImageOfPage\":{\"@id\":\"https:\\\/\\\/www.eldigitaldeasturias.com\\\/noticias\\\/destinados-665-500-euros-para-la-ampliacion-del-ies-federico-garcia-lorca-de-churriana-de-la-vega\\\/#mainImage\"},\"datePublished\":\"2017-08-11T21:37:30+02:00\",\"dateModified\":\"2017-08-11T21:37:30+02:00\"},{\"@type\":\"WebSite\",\"@id\":\"https:\\\/\\\/www.eldigitaldeasturias.com\\\/noticias\\\/#website\",\"url\":\"https:\\\/\\\/www.eldigitaldeasturias.com\\\/noticias\\\/\",\"name\":\"El Digital de Asturias - Diario de actualidad y noticias\",\"alternateName\":\"El Digital de Asturias - Diario de actualidad y noticias\",\"description\":\"Hemeroteca\",\"inLanguage\":\"es-ES\",\"publisher\":{\"@id\":\"https:\\\/\\\/www.eldigitaldeasturias.com\\\/noticias\\\/#organization\"}}]}\n\t\t<\/script>\n\t\t<!-- All in One SEO Pro -->\r\n\t\t<title>Destinados 665.500 euros para la ampliaci\u00f3n del IES Federico Garc\u00eda Lorca de Churriana de la Vega - El Digital de Asturias<\/title>\n\n","aioseo_head_json":{"title":"Destinados 665.500 euros para la ampliaci\u00f3n del IES Federico Garc\u00eda Lorca de Churriana de la Vega - El Digital de Asturias","description":"La Consejer\u00eda de Educaci\u00f3n destinar\u00e1 un total de 665.640,64 euros a la ampliaci\u00f3n del Instituto de Educaci\u00f3n Secundaria Federico Garc\u00eda Lorca de Churriana de la Vega (Granada). Las obras, que ya han sido licitadas, permitir\u00e1n la retirada de dos m\u00f3dulos prefabricados de cuatro aulas instalados provisionalmente en el centro por necesidades de escolarizaci\u00f3n. Los trabajos","canonical_url":"https:\/\/www.eldigitaldeasturias.com\/noticias\/destinados-665-500-euros-para-la-ampliacion-del-ies-federico-garcia-lorca-de-churriana-de-la-vega\/","robots":"max-image-preview:large","keywords":"actualidad","webmasterTools":{"google-site-verification":"UA-38556648-1","msvalidate.01":"7dfe9f3f1b24437ab69f4f2559babe99","miscellaneous":""},"schema":{"@context":"https:\/\/schema.org","@graph":[{"@type":"BlogPosting","@id":"https:\/\/www.eldigitaldeasturias.com\/noticias\/destinados-665-500-euros-para-la-ampliacion-del-ies-federico-garcia-lorca-de-churriana-de-la-vega\/#blogposting","name":"Destinados 665.500 euros para la ampliaci\u00f3n del IES Federico Garc\u00eda Lorca de Churriana de la Vega - El Digital de Asturias","headline":"Destinados 665.500 euros para la ampliaci\u00f3n del IES Federico Garc\u00eda Lorca de Churriana de la Vega","author":{"@id":"https:\/\/www.eldigitaldeasturias.com\/noticias\/author\/admin\/#author"},"publisher":{"@id":"https:\/\/www.eldigitaldeasturias.com\/noticias\/#organization"},"image":{"@type":"ImageObject","url":949529},"datePublished":"2017-08-11T21:37:30+02:00","dateModified":"2017-08-11T21:37:30+02:00","inLanguage":"es-ES","mainEntityOfPage":{"@id":"https:\/\/www.eldigitaldeasturias.com\/noticias\/destinados-665-500-euros-para-la-ampliacion-del-ies-federico-garcia-lorca-de-churriana-de-la-vega\/#webpage"},"isPartOf":{"@id":"https:\/\/www.eldigitaldeasturias.com\/noticias\/destinados-665-500-euros-para-la-ampliacion-del-ies-federico-garcia-lorca-de-churriana-de-la-vega\/#webpage"},"articleSection":"Actualidad"},{"@type":"BreadcrumbList","@id":"https:\/\/www.eldigitaldeasturias.com\/noticias\/destinados-665-500-euros-para-la-ampliacion-del-ies-federico-garcia-lorca-de-churriana-de-la-vega\/#breadcrumblist","itemListElement":[{"@type":"ListItem","@id":"https:\/\/www.eldigitaldeasturias.com\/noticias#listItem","position":1,"name":"Home","item":"https:\/\/www.eldigitaldeasturias.com\/noticias","nextItem":{"@type":"ListItem","@id":"https:\/\/www.eldigitaldeasturias.com\/noticias\/category\/actualidad\/#listItem","name":"Actualidad"}},{"@type":"ListItem","@id":"https:\/\/www.eldigitaldeasturias.com\/noticias\/category\/actualidad\/#listItem","position":2,"name":"Actualidad","item":"https:\/\/www.eldigitaldeasturias.com\/noticias\/category\/actualidad\/","nextItem":{"@type":"ListItem","@id":"https:\/\/www.eldigitaldeasturias.com\/noticias\/destinados-665-500-euros-para-la-ampliacion-del-ies-federico-garcia-lorca-de-churriana-de-la-vega\/#listItem","name":"Destinados 665.500 euros para la ampliaci\u00f3n del IES Federico Garc\u00eda Lorca de Churriana de la Vega"},"previousItem":{"@type":"ListItem","@id":"https:\/\/www.eldigitaldeasturias.com\/noticias#listItem","name":"Home"}},{"@type":"ListItem","@id":"https:\/\/www.eldigitaldeasturias.com\/noticias\/destinados-665-500-euros-para-la-ampliacion-del-ies-federico-garcia-lorca-de-churriana-de-la-vega\/#listItem","position":3,"name":"Destinados 665.500 euros para la ampliaci\u00f3n del IES Federico Garc\u00eda Lorca de Churriana de la Vega","previousItem":{"@type":"ListItem","@id":"https:\/\/www.eldigitaldeasturias.com\/noticias\/category\/actualidad\/#listItem","name":"Actualidad"}}]},{"@type":"Organization","@id":"https:\/\/www.eldigitaldeasturias.com\/noticias\/#organization","name":"El Digital de Asturias","description":"Hemeroteca","url":"https:\/\/www.eldigitaldeasturias.com\/noticias\/","email":"info@eldigitaldeasturias.com","telephone":"+34652131393","logo":{"@type":"ImageObject","url":"https:\/\/www.eldigitaldeasturias.com\/noticias\/wp-content\/uploads\/2020\/12\/EDA.jpg","@id":"https:\/\/www.eldigitaldeasturias.com\/noticias\/destinados-665-500-euros-para-la-ampliacion-del-ies-federico-garcia-lorca-de-churriana-de-la-vega\/#organizationLogo"},"image":{"@id":"https:\/\/www.eldigitaldeasturias.com\/noticias\/destinados-665-500-euros-para-la-ampliacion-del-ies-federico-garcia-lorca-de-churriana-de-la-vega\/#organizationLogo"},"sameAs":["https:\/\/facebook.com\/eldigitaldeasturias","https:\/\/www.youtube.com\/channel\/UCZP-2wLEB9Rv6erhFmqVnvg"],"address":{"@id":"https:\/\/www.eldigitaldeasturias.com\/noticias\/#postaladdress","@type":"PostalAddress","streetAddress":"san antonio 4","postalCode":"33430","addressLocality":"Cand\u00e1s","addressRegion":"Asturias","addressCountry":"ES"}},{"@type":"Person","@id":"https:\/\/www.eldigitaldeasturias.com\/noticias\/author\/admin\/#author","url":"https:\/\/www.eldigitaldeasturias.com\/noticias\/author\/admin\/","name":"El Digital de Asturias","image":{"@type":"ImageObject","@id":"https:\/\/www.eldigitaldeasturias.com\/noticias\/destinados-665-500-euros-para-la-ampliacion-del-ies-federico-garcia-lorca-de-churriana-de-la-vega\/#authorImage","url":"https:\/\/secure.gravatar.com\/avatar\/df2aeffc32bcd13f8d26072ef8a91b623d677766deac7f97ca815868cd41bf5e?s=96&d=mm&r=g","width":96,"height":96,"caption":"El Digital de Asturias"}},{"@type":"WebPage","@id":"https:\/\/www.eldigitaldeasturias.com\/noticias\/destinados-665-500-euros-para-la-ampliacion-del-ies-federico-garcia-lorca-de-churriana-de-la-vega\/#webpage","url":"https:\/\/www.eldigitaldeasturias.com\/noticias\/destinados-665-500-euros-para-la-ampliacion-del-ies-federico-garcia-lorca-de-churriana-de-la-vega\/","name":"Destinados 665.500 euros para la ampliaci\u00f3n del IES Federico Garc\u00eda Lorca de Churriana de la Vega - El Digital de Asturias","description":"La Consejer\u00eda de Educaci\u00f3n destinar\u00e1 un total de 665.640,64 euros a la ampliaci\u00f3n del Instituto de Educaci\u00f3n Secundaria Federico Garc\u00eda Lorca de Churriana de la Vega (Granada). Las obras, que ya han sido licitadas, permitir\u00e1n la retirada de dos m\u00f3dulos prefabricados de cuatro aulas instalados provisionalmente en el centro por necesidades de escolarizaci\u00f3n. Los trabajos","inLanguage":"es-ES","isPartOf":{"@id":"https:\/\/www.eldigitaldeasturias.com\/noticias\/#website"},"breadcrumb":{"@id":"https:\/\/www.eldigitaldeasturias.com\/noticias\/destinados-665-500-euros-para-la-ampliacion-del-ies-federico-garcia-lorca-de-churriana-de-la-vega\/#breadcrumblist"},"author":{"@id":"https:\/\/www.eldigitaldeasturias.com\/noticias\/author\/admin\/#author"},"creator":{"@id":"https:\/\/www.eldigitaldeasturias.com\/noticias\/author\/admin\/#author"},"image":{"@type":"ImageObject","url":949529,"@id":"https:\/\/www.eldigitaldeasturias.com\/noticias\/destinados-665-500-euros-para-la-ampliacion-del-ies-federico-garcia-lorca-de-churriana-de-la-vega\/#mainImage"},"primaryImageOfPage":{"@id":"https:\/\/www.eldigitaldeasturias.com\/noticias\/destinados-665-500-euros-para-la-ampliacion-del-ies-federico-garcia-lorca-de-churriana-de-la-vega\/#mainImage"},"datePublished":"2017-08-11T21:37:30+02:00","dateModified":"2017-08-11T21:37:30+02:00"},{"@type":"WebSite","@id":"https:\/\/www.eldigitaldeasturias.com\/noticias\/#website","url":"https:\/\/www.eldigitaldeasturias.com\/noticias\/","name":"El Digital de Asturias - Diario de actualidad y noticias","alternateName":"El Digital de Asturias - Diario de actualidad y noticias","description":"Hemeroteca","inLanguage":"es-ES","publisher":{"@id":"https:\/\/www.eldigitaldeasturias.com\/noticias\/#organization"}}]},"og:locale":"es_ES","og:site_name":"El Digital de Asturias","og:type":"article","og:title":"Destinados 665.500 euros para la ampliaci\u00f3n del IES Federico Garc\u00eda Lorca de Churriana de la Vega - El Digital de Asturias","og:description":"La Consejer\u00eda de Educaci\u00f3n destinar\u00e1 un total de 665.640,64 euros a la ampliaci\u00f3n del Instituto de Educaci\u00f3n Secundaria Federico Garc\u00eda Lorca de Churriana de la Vega (Granada). Las obras, que ya han sido licitadas, permitir\u00e1n la retirada de dos m\u00f3dulos prefabricados de cuatro aulas instalados provisionalmente en el centro por necesidades de escolarizaci\u00f3n. Los trabajos","og:url":"https:\/\/www.eldigitaldeasturias.com\/noticias\/destinados-665-500-euros-para-la-ampliacion-del-ies-federico-garcia-lorca-de-churriana-de-la-vega\/","article:tag":["actualidad"],"article:published_time":"2017-08-11T21:37:30+00:00","article:modified_time":"2017-08-11T21:37:30+00:00","article:publisher":"https:\/\/facebook.com\/eldigitaldeasturias","twitter:card":"summary_large_image","twitter:title":"Destinados 665.500 euros para la ampliaci\u00f3n del IES Federico Garc\u00eda Lorca de Churriana de la Vega - El Digital de Asturias","twitter:description":"La Consejer\u00eda de Educaci\u00f3n destinar\u00e1 un total de 665.640,64 euros a la ampliaci\u00f3n del Instituto de Educaci\u00f3n Secundaria Federico Garc\u00eda Lorca de Churriana de la Vega (Granada). Las obras, que ya han sido licitadas, permitir\u00e1n la retirada de dos m\u00f3dulos prefabricados de cuatro aulas instalados provisionalmente en el centro por necesidades de escolarizaci\u00f3n. Los trabajos","twitter:image":"https:\/\/www.eldigitaldeasturias.com\/noticias\/wp-content\/uploads\/2020\/12\/EDA-1.jpg","twitter:label1":"Escrito por","twitter:data1":"El Digital de Asturias","twitter:label2":"Tiempo de lectura estimado","twitter:data2":"1 minuto"},"aioseo_meta_data":{"post_id":"949528","title":null,"description":null,"keywords":null,"keyphrases":null,"primary_term":null,"canonical_url":null,"og_title":null,"og_description":null,"og_object_type":"default","og_image_type":"default","og_image_url":null,"og_image_width":null,"og_image_height":null,"og_image_custom_url":null,"og_image_custom_fields":null,"og_video":null,"og_custom_url":null,"og_article_section":null,"og_article_tags":null,"twitter_use_og":false,"twitter_card":"default","twitter_image_type":"default","twitter_image_url":null,"twitter_image_custom_url":null,"twitter_image_custom_fields":null,"twitter_title":null,"twitter_description":null,"schema":{"blockGraphs":[],"customGraphs":[],"default":{"data":{"Article":[],"Course":[],"Dataset":[],"FAQPage":[],"Movie":[],"Person":[],"Product":[],"ProductReview":[],"Car":[],"Recipe":[],"Service":[],"SoftwareApplication":[],"WebPage":[]},"graphName":"","isEnabled":true},"graphs":[],"defaultGraph":"","defaultPostTypeGraph":""},"schema_type":null,"schema_type_options":null,"pillar_content":false,"robots_default":true,"robots_noindex":false,"robots_noarchive":false,"robots_nosnippet":false,"robots_nofollow":false,"robots_noimageindex":false,"robots_noodp":false,"robots_notranslate":false,"robots_max_snippet":null,"robots_max_videopreview":null,"robots_max_imagepreview":"large","priority":null,"frequency":null,"local_seo":null,"seo_analyzer_scan_date":"2025-12-05 12:42:09","breadcrumb_settings":null,"limit_modified_date":false,"open_ai":null,"ai":null,"created":"2020-12-21 13:01:41","updated":"2025-12-05 12:42:09","focus_keyword":null,"additional_keywords":null,"truseo_locale":null},"aioseo_breadcrumb":"<div class=\"aioseo-breadcrumbs\"><span class=\"aioseo-breadcrumb\">\n\t<a href=\"https:\/\/www.eldigitaldeasturias.com\/noticias\" title=\"Home\">Home<\/a>\n<\/span><span class=\"aioseo-breadcrumb-separator\">\u2013<\/span><span class=\"aioseo-breadcrumb\">\n\t<a href=\"https:\/\/www.eldigitaldeasturias.com\/noticias\/category\/actualidad\/\" title=\"Actualidad\">Actualidad<\/a>\n<\/span><span class=\"aioseo-breadcrumb-separator\">\u2013<\/span><span class=\"aioseo-breadcrumb\">\n\t<a href=\"https:\/\/www.eldigitaldeasturias.com\/noticias\/destinados-665-500-euros-para-la-ampliacion-del-ies-federico-garcia-lorca-de-churriana-de-la-vega\/\" title=\"Destinados 665.500 euros para la ampliaci\u00f3n del IES Federico Garc\u00eda Lorca de Churriana de la Vega\">Destinados 665.500 euros para la ampliaci\u00f3n del IES Federico Garc\u00eda Lorca de Churriana de la Vega<\/a>\n<\/span><\/div>","aioseo_breadcrumb_json":[{"label":"Home","link":"https:\/\/www.eldigitaldeasturias.com\/noticias"},{"label":"Actualidad","link":"https:\/\/www.eldigitaldeasturias.com\/noticias\/category\/actualidad\/"},{"label":"Destinados 665.500 euros para la ampliaci\u00f3n del IES Federico Garc\u00eda Lorca de Churriana de la Vega","link":"https:\/\/www.eldigitaldeasturias.com\/noticias\/destinados-665-500-euros-para-la-ampliacion-del-ies-federico-garcia-lorca-de-churriana-de-la-vega\/"}],"_links":{"self":[{"href":"https:\/\/www.eldigitaldeasturias.com\/noticias\/wp-json\/wp\/v2\/posts\/949528","targetHints":{"allow":["GET"]}}],"collection":[{"href":"https:\/\/www.eldigitaldeasturias.com\/noticias\/wp-json\/wp\/v2\/posts"}],"about":[{"href":"https:\/\/www.eldigitaldeasturias.com\/noticias\/wp-json\/wp\/v2\/types\/post"}],"author":[{"embeddable":true,"href":"https:\/\/www.eldigitaldeasturias.com\/noticias\/wp-json\/wp\/v2\/users\/1"}],"replies":[{"embeddable":true,"href":"https:\/\/www.eldigitaldeasturias.com\/noticias\/wp-json\/wp\/v2\/comments?post=949528"}],"version-history":[{"count":0,"href":"https:\/\/www.eldigitaldeasturias.com\/noticias\/wp-json\/wp\/v2\/posts\/949528\/revisions"}],"wp:attachment":[{"href":"https:\/\/www.eldigitaldeasturias.com\/noticias\/wp-json\/wp\/v2\/media?parent=949528"}],"wp:term":[{"taxonomy":"category","embeddable":true,"href":"https:\/\/www.eldigitaldeasturias.com\/noticias\/wp-json\/wp\/v2\/categories?post=949528"},{"taxonomy":"post_tag","embeddable":true,"href":"https:\/\/www.eldigitaldeasturias.com\/noticias\/wp-json\/wp\/v2\/tags?post=949528"}],"curies":[{"name":"wp","href":"https:\/\/api.w.org\/{rel}","templated":true}]}}