{"id":949520,"date":"2017-08-11T21:32:01","date_gmt":"2017-08-11T21:32:01","guid":{"rendered":"http:\/\/www.eldigitaldeasturias.com\/noticias\/?p=949520"},"modified":"2017-08-11T21:32:01","modified_gmt":"2017-08-11T21:32:01","slug":"francisco-javier-fernandez-los-turistas-son-bienvenidos-en-andalucia","status":"publish","type":"post","link":"https:\/\/www.eldigitaldeasturias.com\/noticias\/francisco-javier-fernandez-los-turistas-son-bienvenidos-en-andalucia\/","title":{"rendered":"Francisco Javier Fern\u00e1ndez: \u201cLos turistas son bienvenidos en Andaluc\u00eda\u201d"},"content":{"rendered":"<p><img loading=\"lazy\" decoding=\"async\" class=\"alignleft size-medium wp-image-949521\" src=\"https:\/\/www.eldigitaldeasturias.com\/noticias\/wp-content\/uploads\/2017\/08\/1502455310251-360x228.jpg\" alt=\"\" width=\"360\" height=\"228\" \/>El consejero de Turismo y Deporte, Francisco Javier Fern\u00e1ndez, ha visitado en las playas de Almu\u00f1\u00e9car (Granada) una acci\u00f3n promocional directa al consumidor que recorrer\u00e1 todas las provincias del litoral andaluz a lo largo del mes de agosto y que incluye un amplio programa de actividades l\u00fadicas y de ocio con el objetivo de fidelizar a los turistas de cara a la pr\u00f3xima temporada de oto\u00f1o-invierno.<\/p>\n<p>El consejero ha subrayado la buena evoluci\u00f3n del destino andaluz durante la actual campa\u00f1a estival, en la que se prev\u00e9n crecimientos de las pernoctaciones en los establecimientos hoteleros de en torno al 4% para los meses de agosto y septiembre, y ha valorado la oportunidad de esta acci\u00f3n promocional en el momento de m\u00e1xima afluencia de viajeros en el litoral, el producto estrella de la oferta andaluza.<\/p>\n<p>En este sentido, ha precisado que se pretende trasladar a los turistas el mensaje de que son bienvenidos en Andaluc\u00eda y mostrarles una imagen del destino que se basa en la diversidad de segmentos y en el concepto de verticalidad entre el interior y la costa, con el fin de captar su visita con vistas tambi\u00e9n al oto\u00f1o-invierno y lograr as\u00ed una mejor distribuci\u00f3n de los flujos tanto en el tiempo como en el territorio.<\/p>\n<p>Adem\u00e1s, Francisco Javier Fern\u00e1ndez ha incidido en el compromiso continuado de la Consejer\u00eda con la promoci\u00f3n, tanto en los mercados nacionales como internacionales, orientada de una manera significativa a la desestacionalizacaci\u00f3n tur\u00edstica, y record\u00f3 que este enfoque responde al objetivo de extender la generaci\u00f3n de riqueza y de empleo de calidad, y los beneficios sociales de esta actividad al conjunto de la comunidad.<\/p>\n<p>La acci\u00f3n, que arranc\u00f3 el pasado lunes 7 de agosto en Mazag\u00f3n, en Moguer (Huelva), se desarrolla bajo la nueva campa\u00f1a promocional de Andaluc\u00eda que tiene como lema &#8216;Intensamente&#8217; y permanecer\u00e1 en la jornada del 11 de agosto en Almu\u00f1\u00e9car (Granada) para continuar en las playas de Vera (Almer\u00eda) el 17 de agosto; en Valdelagrana, en El Puerto de Santa Mar\u00eda (C\u00e1diz) el pr\u00f3ximo d\u00eda 18; y en Benalm\u00e1dena (M\u00e1laga) el 25 de este mes.<\/p>\n<p><strong>Presentaci\u00f3n del destino<\/strong><\/p>\n<p>Para el desarrollo de esta promoci\u00f3n en las playas, Andaluc\u00eda se presenta a trav\u00e9s de varios expositores donde se realiza un amplio abanico de actividades l\u00fadicas y de ocio dirigidas a los ba\u00f1istas a lo largo de la jornada en horario de 12.00 a 15.00 y de 17.00 a 23.00, con las que se pretende agradecer su presencia en el destino, al tiempo que se les invita a volver a visitarlo en la temporada de oto\u00f1o-invierno.<\/p>\n<p>As\u00ed, se han instalado una serie de carpas en las que se ofrece informaci\u00f3n tur\u00edstica, la Ruleta de Andaluc\u00eda con material promocional, actividades 3D, ludoteca infantil, escenario y pantallas de gran formato para animaci\u00f3n y actuaciones musicales, una piscina para practicar &#8216;paddle surf&#8217;, un campo de voley\/badmington playa, y diversos soportes gr\u00e1ficos como lonas, photacall y banderolas.<\/p>\n<p>&nbsp;<\/p>\n","protected":false},"excerpt":{"rendered":"<p>El consejero de Turismo y Deporte, Francisco Javier Fern\u00e1ndez, ha visitado en las playas de Almu\u00f1\u00e9car (Granada) una acci\u00f3n promocional directa al consumidor que recorrer\u00e1 todas las provincias del litoral andaluz a lo largo del mes de agosto y que incluye un amplio programa de actividades l\u00fadicas y de ocio con el objetivo de fidelizar [&hellip;]<\/p>\n","protected":false},"author":1,"featured_media":949521,"comment_status":"closed","ping_status":"closed","sticky":false,"template":"","format":"standard","meta":{"footnotes":""},"categories":[1],"tags":[],"class_list":["post-949520","post","type-post","status-publish","format-standard","has-post-thumbnail","hentry","category-actualidad"],"aioseo_notices":[],"aioseo_head":"\n\t\t<!-- All in One SEO Pro 5.0.1 - aioseo.com -->\n\t<meta name=\"description\" content=\"El consejero de Turismo y Deporte, Francisco Javier Fern\u00e1ndez, ha visitado en las playas de Almu\u00f1\u00e9car (Granada) una acci\u00f3n promocional directa al consumidor que recorrer\u00e1 todas las provincias del litoral andaluz a lo largo del mes de agosto y que incluye un amplio programa de actividades l\u00fadicas y de ocio con el objetivo de fidelizar\" \/>\n\t<meta name=\"robots\" content=\"max-image-preview:large\" \/>\n\t<meta name=\"author\" content=\"El Digital de Asturias\"\/>\n\t<meta name=\"google-site-verification\" content=\"UA-38556648-1\" \/>\n\t<meta name=\"msvalidate.01\" content=\"7dfe9f3f1b24437ab69f4f2559babe99\" \/>\n\t<meta name=\"keywords\" content=\"actualidad\" \/>\n\t<link rel=\"canonical\" href=\"https:\/\/www.eldigitaldeasturias.com\/noticias\/francisco-javier-fernandez-los-turistas-son-bienvenidos-en-andalucia\/\" \/>\n\t<meta name=\"generator\" content=\"All in One SEO Pro (AIOSEO) 5.0.1\" \/>\n\t\t<meta property=\"og:locale\" content=\"es_ES\" \/>\n\t\t<meta property=\"og:site_name\" content=\"El Digital de Asturias\" \/>\n\t\t<meta property=\"og:type\" content=\"article\" \/>\n\t\t<meta property=\"og:title\" content=\"Francisco Javier Fern\u00e1ndez: \u201cLos turistas son bienvenidos en Andaluc\u00eda\u201d - El Digital de Asturias\" \/>\n\t\t<meta property=\"og:description\" content=\"El consejero de Turismo y Deporte, Francisco Javier Fern\u00e1ndez, ha visitado en las playas de Almu\u00f1\u00e9car (Granada) una acci\u00f3n promocional directa al consumidor que recorrer\u00e1 todas las provincias del litoral andaluz a lo largo del mes de agosto y que incluye un amplio programa de actividades l\u00fadicas y de ocio con el objetivo de fidelizar\" \/>\n\t\t<meta property=\"og:url\" content=\"https:\/\/www.eldigitaldeasturias.com\/noticias\/francisco-javier-fernandez-los-turistas-son-bienvenidos-en-andalucia\/\" \/>\n\t\t<meta property=\"article:tag\" content=\"actualidad\" \/>\n\t\t<meta property=\"article:published_time\" content=\"2017-08-11T21:32:01+00:00\" \/>\n\t\t<meta property=\"article:modified_time\" content=\"2017-08-11T21:32:01+00:00\" \/>\n\t\t<meta property=\"article:publisher\" content=\"https:\/\/facebook.com\/eldigitaldeasturias\" \/>\n\t\t<meta name=\"twitter:card\" content=\"summary_large_image\" \/>\n\t\t<meta name=\"twitter:title\" content=\"Francisco Javier Fern\u00e1ndez: \u201cLos turistas son bienvenidos en Andaluc\u00eda\u201d - El Digital de Asturias\" \/>\n\t\t<meta name=\"twitter:description\" content=\"El consejero de Turismo y Deporte, Francisco Javier Fern\u00e1ndez, ha visitado en las playas de Almu\u00f1\u00e9car (Granada) una acci\u00f3n promocional directa al consumidor que recorrer\u00e1 todas las provincias del litoral andaluz a lo largo del mes de agosto y que incluye un amplio programa de actividades l\u00fadicas y de ocio con el objetivo de fidelizar\" \/>\n\t\t<meta name=\"twitter:image\" content=\"https:\/\/www.eldigitaldeasturias.com\/noticias\/wp-content\/uploads\/2020\/12\/EDA-1.jpg\" \/>\n\t\t<meta name=\"twitter:label1\" content=\"Escrito por\" \/>\n\t\t<meta name=\"twitter:data1\" content=\"El Digital de Asturias\" \/>\n\t\t<meta name=\"twitter:label2\" content=\"Tiempo de lectura estimado\" \/>\n\t\t<meta name=\"twitter:data2\" content=\"3 minutos\" \/>\n\t\t<script type=\"application\/ld+json\" class=\"aioseo-schema\">\n\t\t\t{\"@context\":\"https:\\\/\\\/schema.org\",\"@graph\":[{\"@type\":\"BlogPosting\",\"@id\":\"https:\\\/\\\/www.eldigitaldeasturias.com\\\/noticias\\\/francisco-javier-fernandez-los-turistas-son-bienvenidos-en-andalucia\\\/#blogposting\",\"name\":\"Francisco Javier Fern\\u00e1ndez: \\u201cLos turistas son bienvenidos en Andaluc\\u00eda\\u201d - El Digital de Asturias\",\"headline\":\"Francisco Javier Fern\\u00e1ndez: \\u201cLos turistas son bienvenidos en Andaluc\\u00eda\\u201d\",\"author\":{\"@id\":\"https:\\\/\\\/www.eldigitaldeasturias.com\\\/noticias\\\/author\\\/admin\\\/#author\"},\"publisher\":{\"@id\":\"https:\\\/\\\/www.eldigitaldeasturias.com\\\/noticias\\\/#organization\"},\"image\":{\"@type\":\"ImageObject\",\"url\":949521},\"datePublished\":\"2017-08-11T21:32:01+02:00\",\"dateModified\":\"2017-08-11T21:32:01+02:00\",\"inLanguage\":\"es-ES\",\"mainEntityOfPage\":{\"@id\":\"https:\\\/\\\/www.eldigitaldeasturias.com\\\/noticias\\\/francisco-javier-fernandez-los-turistas-son-bienvenidos-en-andalucia\\\/#webpage\"},\"isPartOf\":{\"@id\":\"https:\\\/\\\/www.eldigitaldeasturias.com\\\/noticias\\\/francisco-javier-fernandez-los-turistas-son-bienvenidos-en-andalucia\\\/#webpage\"},\"articleSection\":\"Actualidad\"},{\"@type\":\"BreadcrumbList\",\"@id\":\"https:\\\/\\\/www.eldigitaldeasturias.com\\\/noticias\\\/francisco-javier-fernandez-los-turistas-son-bienvenidos-en-andalucia\\\/#breadcrumblist\",\"itemListElement\":[{\"@type\":\"ListItem\",\"@id\":\"https:\\\/\\\/www.eldigitaldeasturias.com\\\/noticias#listItem\",\"position\":1,\"name\":\"Home\",\"item\":\"https:\\\/\\\/www.eldigitaldeasturias.com\\\/noticias\",\"nextItem\":{\"@type\":\"ListItem\",\"@id\":\"https:\\\/\\\/www.eldigitaldeasturias.com\\\/noticias\\\/category\\\/actualidad\\\/#listItem\",\"name\":\"Actualidad\"}},{\"@type\":\"ListItem\",\"@id\":\"https:\\\/\\\/www.eldigitaldeasturias.com\\\/noticias\\\/category\\\/actualidad\\\/#listItem\",\"position\":2,\"name\":\"Actualidad\",\"item\":\"https:\\\/\\\/www.eldigitaldeasturias.com\\\/noticias\\\/category\\\/actualidad\\\/\",\"nextItem\":{\"@type\":\"ListItem\",\"@id\":\"https:\\\/\\\/www.eldigitaldeasturias.com\\\/noticias\\\/francisco-javier-fernandez-los-turistas-son-bienvenidos-en-andalucia\\\/#listItem\",\"name\":\"Francisco Javier Fern\\u00e1ndez: \\u201cLos turistas son bienvenidos en Andaluc\\u00eda\\u201d\"},\"previousItem\":{\"@type\":\"ListItem\",\"@id\":\"https:\\\/\\\/www.eldigitaldeasturias.com\\\/noticias#listItem\",\"name\":\"Home\"}},{\"@type\":\"ListItem\",\"@id\":\"https:\\\/\\\/www.eldigitaldeasturias.com\\\/noticias\\\/francisco-javier-fernandez-los-turistas-son-bienvenidos-en-andalucia\\\/#listItem\",\"position\":3,\"name\":\"Francisco Javier Fern\\u00e1ndez: \\u201cLos turistas son bienvenidos en Andaluc\\u00eda\\u201d\",\"previousItem\":{\"@type\":\"ListItem\",\"@id\":\"https:\\\/\\\/www.eldigitaldeasturias.com\\\/noticias\\\/category\\\/actualidad\\\/#listItem\",\"name\":\"Actualidad\"}}]},{\"@type\":\"Organization\",\"@id\":\"https:\\\/\\\/www.eldigitaldeasturias.com\\\/noticias\\\/#organization\",\"name\":\"El Digital de Asturias\",\"description\":\"Hemeroteca\",\"url\":\"https:\\\/\\\/www.eldigitaldeasturias.com\\\/noticias\\\/\",\"email\":\"info@eldigitaldeasturias.com\",\"telephone\":\"+34652131393\",\"logo\":{\"@type\":\"ImageObject\",\"url\":\"https:\\\/\\\/www.eldigitaldeasturias.com\\\/noticias\\\/wp-content\\\/uploads\\\/2020\\\/12\\\/EDA.jpg\",\"@id\":\"https:\\\/\\\/www.eldigitaldeasturias.com\\\/noticias\\\/francisco-javier-fernandez-los-turistas-son-bienvenidos-en-andalucia\\\/#organizationLogo\"},\"image\":{\"@id\":\"https:\\\/\\\/www.eldigitaldeasturias.com\\\/noticias\\\/francisco-javier-fernandez-los-turistas-son-bienvenidos-en-andalucia\\\/#organizationLogo\"},\"sameAs\":[\"https:\\\/\\\/facebook.com\\\/eldigitaldeasturias\",\"https:\\\/\\\/www.youtube.com\\\/channel\\\/UCZP-2wLEB9Rv6erhFmqVnvg\"],\"address\":{\"@id\":\"https:\\\/\\\/www.eldigitaldeasturias.com\\\/noticias\\\/#postaladdress\",\"@type\":\"PostalAddress\",\"streetAddress\":\"san antonio 4\",\"postalCode\":\"33430\",\"addressLocality\":\"Cand\\u00e1s\",\"addressRegion\":\"Asturias\",\"addressCountry\":\"ES\"}},{\"@type\":\"Person\",\"@id\":\"https:\\\/\\\/www.eldigitaldeasturias.com\\\/noticias\\\/author\\\/admin\\\/#author\",\"url\":\"https:\\\/\\\/www.eldigitaldeasturias.com\\\/noticias\\\/author\\\/admin\\\/\",\"name\":\"El Digital de Asturias\",\"image\":{\"@type\":\"ImageObject\",\"@id\":\"https:\\\/\\\/www.eldigitaldeasturias.com\\\/noticias\\\/francisco-javier-fernandez-los-turistas-son-bienvenidos-en-andalucia\\\/#authorImage\",\"url\":\"https:\\\/\\\/secure.gravatar.com\\\/avatar\\\/df2aeffc32bcd13f8d26072ef8a91b623d677766deac7f97ca815868cd41bf5e?s=96&d=mm&r=g\",\"width\":96,\"height\":96,\"caption\":\"El Digital de Asturias\"}},{\"@type\":\"WebPage\",\"@id\":\"https:\\\/\\\/www.eldigitaldeasturias.com\\\/noticias\\\/francisco-javier-fernandez-los-turistas-son-bienvenidos-en-andalucia\\\/#webpage\",\"url\":\"https:\\\/\\\/www.eldigitaldeasturias.com\\\/noticias\\\/francisco-javier-fernandez-los-turistas-son-bienvenidos-en-andalucia\\\/\",\"name\":\"Francisco Javier Fern\\u00e1ndez: \\u201cLos turistas son bienvenidos en Andaluc\\u00eda\\u201d - El Digital de Asturias\",\"description\":\"El consejero de Turismo y Deporte, Francisco Javier Fern\\u00e1ndez, ha visitado en las playas de Almu\\u00f1\\u00e9car (Granada) una acci\\u00f3n promocional directa al consumidor que recorrer\\u00e1 todas las provincias del litoral andaluz a lo largo del mes de agosto y que incluye un amplio programa de actividades l\\u00fadicas y de ocio con el objetivo de fidelizar\",\"inLanguage\":\"es-ES\",\"isPartOf\":{\"@id\":\"https:\\\/\\\/www.eldigitaldeasturias.com\\\/noticias\\\/#website\"},\"breadcrumb\":{\"@id\":\"https:\\\/\\\/www.eldigitaldeasturias.com\\\/noticias\\\/francisco-javier-fernandez-los-turistas-son-bienvenidos-en-andalucia\\\/#breadcrumblist\"},\"author\":{\"@id\":\"https:\\\/\\\/www.eldigitaldeasturias.com\\\/noticias\\\/author\\\/admin\\\/#author\"},\"creator\":{\"@id\":\"https:\\\/\\\/www.eldigitaldeasturias.com\\\/noticias\\\/author\\\/admin\\\/#author\"},\"image\":{\"@type\":\"ImageObject\",\"url\":949521,\"@id\":\"https:\\\/\\\/www.eldigitaldeasturias.com\\\/noticias\\\/francisco-javier-fernandez-los-turistas-son-bienvenidos-en-andalucia\\\/#mainImage\"},\"primaryImageOfPage\":{\"@id\":\"https:\\\/\\\/www.eldigitaldeasturias.com\\\/noticias\\\/francisco-javier-fernandez-los-turistas-son-bienvenidos-en-andalucia\\\/#mainImage\"},\"datePublished\":\"2017-08-11T21:32:01+02:00\",\"dateModified\":\"2017-08-11T21:32:01+02:00\"},{\"@type\":\"WebSite\",\"@id\":\"https:\\\/\\\/www.eldigitaldeasturias.com\\\/noticias\\\/#website\",\"url\":\"https:\\\/\\\/www.eldigitaldeasturias.com\\\/noticias\\\/\",\"name\":\"El Digital de Asturias - Diario de actualidad y noticias\",\"alternateName\":\"El Digital de Asturias - Diario de actualidad y noticias\",\"description\":\"Hemeroteca\",\"inLanguage\":\"es-ES\",\"publisher\":{\"@id\":\"https:\\\/\\\/www.eldigitaldeasturias.com\\\/noticias\\\/#organization\"}}]}\n\t\t<\/script>\n\t\t<!-- All in One SEO Pro -->\r\n\t\t<title>Francisco Javier Fern\u00e1ndez: \u201cLos turistas son bienvenidos en Andaluc\u00eda\u201d - El Digital de Asturias<\/title>\n\n","aioseo_head_json":{"title":"Francisco Javier Fern\u00e1ndez: \u201cLos turistas son bienvenidos en Andaluc\u00eda\u201d - El Digital de Asturias","description":"El consejero de Turismo y Deporte, Francisco Javier Fern\u00e1ndez, ha visitado en las playas de Almu\u00f1\u00e9car (Granada) una acci\u00f3n promocional directa al consumidor que recorrer\u00e1 todas las provincias del litoral andaluz a lo largo del mes de agosto y que incluye un amplio programa de actividades l\u00fadicas y de ocio con el objetivo de fidelizar","canonical_url":"https:\/\/www.eldigitaldeasturias.com\/noticias\/francisco-javier-fernandez-los-turistas-son-bienvenidos-en-andalucia\/","robots":"max-image-preview:large","keywords":"actualidad","webmasterTools":{"google-site-verification":"UA-38556648-1","msvalidate.01":"7dfe9f3f1b24437ab69f4f2559babe99","miscellaneous":""},"schema":{"@context":"https:\/\/schema.org","@graph":[{"@type":"BlogPosting","@id":"https:\/\/www.eldigitaldeasturias.com\/noticias\/francisco-javier-fernandez-los-turistas-son-bienvenidos-en-andalucia\/#blogposting","name":"Francisco Javier Fern\u00e1ndez: \u201cLos turistas son bienvenidos en Andaluc\u00eda\u201d - El Digital de Asturias","headline":"Francisco Javier Fern\u00e1ndez: \u201cLos turistas son bienvenidos en Andaluc\u00eda\u201d","author":{"@id":"https:\/\/www.eldigitaldeasturias.com\/noticias\/author\/admin\/#author"},"publisher":{"@id":"https:\/\/www.eldigitaldeasturias.com\/noticias\/#organization"},"image":{"@type":"ImageObject","url":949521},"datePublished":"2017-08-11T21:32:01+02:00","dateModified":"2017-08-11T21:32:01+02:00","inLanguage":"es-ES","mainEntityOfPage":{"@id":"https:\/\/www.eldigitaldeasturias.com\/noticias\/francisco-javier-fernandez-los-turistas-son-bienvenidos-en-andalucia\/#webpage"},"isPartOf":{"@id":"https:\/\/www.eldigitaldeasturias.com\/noticias\/francisco-javier-fernandez-los-turistas-son-bienvenidos-en-andalucia\/#webpage"},"articleSection":"Actualidad"},{"@type":"BreadcrumbList","@id":"https:\/\/www.eldigitaldeasturias.com\/noticias\/francisco-javier-fernandez-los-turistas-son-bienvenidos-en-andalucia\/#breadcrumblist","itemListElement":[{"@type":"ListItem","@id":"https:\/\/www.eldigitaldeasturias.com\/noticias#listItem","position":1,"name":"Home","item":"https:\/\/www.eldigitaldeasturias.com\/noticias","nextItem":{"@type":"ListItem","@id":"https:\/\/www.eldigitaldeasturias.com\/noticias\/category\/actualidad\/#listItem","name":"Actualidad"}},{"@type":"ListItem","@id":"https:\/\/www.eldigitaldeasturias.com\/noticias\/category\/actualidad\/#listItem","position":2,"name":"Actualidad","item":"https:\/\/www.eldigitaldeasturias.com\/noticias\/category\/actualidad\/","nextItem":{"@type":"ListItem","@id":"https:\/\/www.eldigitaldeasturias.com\/noticias\/francisco-javier-fernandez-los-turistas-son-bienvenidos-en-andalucia\/#listItem","name":"Francisco Javier Fern\u00e1ndez: \u201cLos turistas son bienvenidos en Andaluc\u00eda\u201d"},"previousItem":{"@type":"ListItem","@id":"https:\/\/www.eldigitaldeasturias.com\/noticias#listItem","name":"Home"}},{"@type":"ListItem","@id":"https:\/\/www.eldigitaldeasturias.com\/noticias\/francisco-javier-fernandez-los-turistas-son-bienvenidos-en-andalucia\/#listItem","position":3,"name":"Francisco Javier Fern\u00e1ndez: \u201cLos turistas son bienvenidos en Andaluc\u00eda\u201d","previousItem":{"@type":"ListItem","@id":"https:\/\/www.eldigitaldeasturias.com\/noticias\/category\/actualidad\/#listItem","name":"Actualidad"}}]},{"@type":"Organization","@id":"https:\/\/www.eldigitaldeasturias.com\/noticias\/#organization","name":"El Digital de Asturias","description":"Hemeroteca","url":"https:\/\/www.eldigitaldeasturias.com\/noticias\/","email":"info@eldigitaldeasturias.com","telephone":"+34652131393","logo":{"@type":"ImageObject","url":"https:\/\/www.eldigitaldeasturias.com\/noticias\/wp-content\/uploads\/2020\/12\/EDA.jpg","@id":"https:\/\/www.eldigitaldeasturias.com\/noticias\/francisco-javier-fernandez-los-turistas-son-bienvenidos-en-andalucia\/#organizationLogo"},"image":{"@id":"https:\/\/www.eldigitaldeasturias.com\/noticias\/francisco-javier-fernandez-los-turistas-son-bienvenidos-en-andalucia\/#organizationLogo"},"sameAs":["https:\/\/facebook.com\/eldigitaldeasturias","https:\/\/www.youtube.com\/channel\/UCZP-2wLEB9Rv6erhFmqVnvg"],"address":{"@id":"https:\/\/www.eldigitaldeasturias.com\/noticias\/#postaladdress","@type":"PostalAddress","streetAddress":"san antonio 4","postalCode":"33430","addressLocality":"Cand\u00e1s","addressRegion":"Asturias","addressCountry":"ES"}},{"@type":"Person","@id":"https:\/\/www.eldigitaldeasturias.com\/noticias\/author\/admin\/#author","url":"https:\/\/www.eldigitaldeasturias.com\/noticias\/author\/admin\/","name":"El Digital de Asturias","image":{"@type":"ImageObject","@id":"https:\/\/www.eldigitaldeasturias.com\/noticias\/francisco-javier-fernandez-los-turistas-son-bienvenidos-en-andalucia\/#authorImage","url":"https:\/\/secure.gravatar.com\/avatar\/df2aeffc32bcd13f8d26072ef8a91b623d677766deac7f97ca815868cd41bf5e?s=96&d=mm&r=g","width":96,"height":96,"caption":"El Digital de Asturias"}},{"@type":"WebPage","@id":"https:\/\/www.eldigitaldeasturias.com\/noticias\/francisco-javier-fernandez-los-turistas-son-bienvenidos-en-andalucia\/#webpage","url":"https:\/\/www.eldigitaldeasturias.com\/noticias\/francisco-javier-fernandez-los-turistas-son-bienvenidos-en-andalucia\/","name":"Francisco Javier Fern\u00e1ndez: \u201cLos turistas son bienvenidos en Andaluc\u00eda\u201d - El Digital de Asturias","description":"El consejero de Turismo y Deporte, Francisco Javier Fern\u00e1ndez, ha visitado en las playas de Almu\u00f1\u00e9car (Granada) una acci\u00f3n promocional directa al consumidor que recorrer\u00e1 todas las provincias del litoral andaluz a lo largo del mes de agosto y que incluye un amplio programa de actividades l\u00fadicas y de ocio con el objetivo de fidelizar","inLanguage":"es-ES","isPartOf":{"@id":"https:\/\/www.eldigitaldeasturias.com\/noticias\/#website"},"breadcrumb":{"@id":"https:\/\/www.eldigitaldeasturias.com\/noticias\/francisco-javier-fernandez-los-turistas-son-bienvenidos-en-andalucia\/#breadcrumblist"},"author":{"@id":"https:\/\/www.eldigitaldeasturias.com\/noticias\/author\/admin\/#author"},"creator":{"@id":"https:\/\/www.eldigitaldeasturias.com\/noticias\/author\/admin\/#author"},"image":{"@type":"ImageObject","url":949521,"@id":"https:\/\/www.eldigitaldeasturias.com\/noticias\/francisco-javier-fernandez-los-turistas-son-bienvenidos-en-andalucia\/#mainImage"},"primaryImageOfPage":{"@id":"https:\/\/www.eldigitaldeasturias.com\/noticias\/francisco-javier-fernandez-los-turistas-son-bienvenidos-en-andalucia\/#mainImage"},"datePublished":"2017-08-11T21:32:01+02:00","dateModified":"2017-08-11T21:32:01+02:00"},{"@type":"WebSite","@id":"https:\/\/www.eldigitaldeasturias.com\/noticias\/#website","url":"https:\/\/www.eldigitaldeasturias.com\/noticias\/","name":"El Digital de Asturias - Diario de actualidad y noticias","alternateName":"El Digital de Asturias - Diario de actualidad y noticias","description":"Hemeroteca","inLanguage":"es-ES","publisher":{"@id":"https:\/\/www.eldigitaldeasturias.com\/noticias\/#organization"}}]},"og:locale":"es_ES","og:site_name":"El Digital de Asturias","og:type":"article","og:title":"Francisco Javier Fern\u00e1ndez: \u201cLos turistas son bienvenidos en Andaluc\u00eda\u201d - El Digital de Asturias","og:description":"El consejero de Turismo y Deporte, Francisco Javier Fern\u00e1ndez, ha visitado en las playas de Almu\u00f1\u00e9car (Granada) una acci\u00f3n promocional directa al consumidor que recorrer\u00e1 todas las provincias del litoral andaluz a lo largo del mes de agosto y que incluye un amplio programa de actividades l\u00fadicas y de ocio con el objetivo de fidelizar","og:url":"https:\/\/www.eldigitaldeasturias.com\/noticias\/francisco-javier-fernandez-los-turistas-son-bienvenidos-en-andalucia\/","article:tag":["actualidad"],"article:published_time":"2017-08-11T21:32:01+00:00","article:modified_time":"2017-08-11T21:32:01+00:00","article:publisher":"https:\/\/facebook.com\/eldigitaldeasturias","twitter:card":"summary_large_image","twitter:title":"Francisco Javier Fern\u00e1ndez: \u201cLos turistas son bienvenidos en Andaluc\u00eda\u201d - El Digital de Asturias","twitter:description":"El consejero de Turismo y Deporte, Francisco Javier Fern\u00e1ndez, ha visitado en las playas de Almu\u00f1\u00e9car (Granada) una acci\u00f3n promocional directa al consumidor que recorrer\u00e1 todas las provincias del litoral andaluz a lo largo del mes de agosto y que incluye un amplio programa de actividades l\u00fadicas y de ocio con el objetivo de fidelizar","twitter:image":"https:\/\/www.eldigitaldeasturias.com\/noticias\/wp-content\/uploads\/2020\/12\/EDA-1.jpg","twitter:label1":"Escrito por","twitter:data1":"El Digital de Asturias","twitter:label2":"Tiempo de lectura estimado","twitter:data2":"3 minutos"},"aioseo_meta_data":{"post_id":"949520","title":null,"description":null,"keywords":null,"keyphrases":null,"primary_term":null,"canonical_url":null,"og_title":null,"og_description":null,"og_object_type":"default","og_image_type":"default","og_image_url":null,"og_image_width":null,"og_image_height":null,"og_image_custom_url":null,"og_image_custom_fields":null,"og_video":null,"og_custom_url":null,"og_article_section":null,"og_article_tags":null,"twitter_use_og":false,"twitter_card":"default","twitter_image_type":"default","twitter_image_url":null,"twitter_image_custom_url":null,"twitter_image_custom_fields":null,"twitter_title":null,"twitter_description":null,"schema":{"blockGraphs":[],"customGraphs":[],"default":{"data":{"Article":[],"Course":[],"Dataset":[],"FAQPage":[],"Movie":[],"Person":[],"Product":[],"ProductReview":[],"Car":[],"Recipe":[],"Service":[],"SoftwareApplication":[],"WebPage":[]},"graphName":"","isEnabled":true},"graphs":[],"defaultGraph":"","defaultPostTypeGraph":""},"schema_type":null,"schema_type_options":null,"pillar_content":false,"robots_default":true,"robots_noindex":false,"robots_noarchive":false,"robots_nosnippet":false,"robots_nofollow":false,"robots_noimageindex":false,"robots_noodp":false,"robots_notranslate":false,"robots_max_snippet":null,"robots_max_videopreview":null,"robots_max_imagepreview":"large","priority":null,"frequency":null,"local_seo":null,"seo_analyzer_scan_date":"2025-12-05 12:39:24","breadcrumb_settings":null,"limit_modified_date":false,"open_ai":null,"ai":null,"created":"2020-12-21 13:01:41","updated":"2025-12-05 12:39:24","focus_keyword":null,"additional_keywords":null,"truseo_locale":null},"aioseo_breadcrumb":"<div class=\"aioseo-breadcrumbs\"><span class=\"aioseo-breadcrumb\">\n\t<a href=\"https:\/\/www.eldigitaldeasturias.com\/noticias\" title=\"Home\">Home<\/a>\n<\/span><span class=\"aioseo-breadcrumb-separator\">\u2013<\/span><span class=\"aioseo-breadcrumb\">\n\t<a href=\"https:\/\/www.eldigitaldeasturias.com\/noticias\/category\/actualidad\/\" title=\"Actualidad\">Actualidad<\/a>\n<\/span><span class=\"aioseo-breadcrumb-separator\">\u2013<\/span><span class=\"aioseo-breadcrumb\">\n\t<a href=\"https:\/\/www.eldigitaldeasturias.com\/noticias\/francisco-javier-fernandez-los-turistas-son-bienvenidos-en-andalucia\/\" title=\"Francisco Javier Fern\u00e1ndez: \u201cLos turistas son bienvenidos en Andaluc\u00eda\u201d\">Francisco Javier Fern\u00e1ndez: \u201cLos turistas son bienvenidos en Andaluc\u00eda\u201d<\/a>\n<\/span><\/div>","aioseo_breadcrumb_json":[{"label":"Home","link":"https:\/\/www.eldigitaldeasturias.com\/noticias"},{"label":"Actualidad","link":"https:\/\/www.eldigitaldeasturias.com\/noticias\/category\/actualidad\/"},{"label":"Francisco Javier Fern\u00e1ndez: \u201cLos turistas son bienvenidos en Andaluc\u00eda\u201d","link":"https:\/\/www.eldigitaldeasturias.com\/noticias\/francisco-javier-fernandez-los-turistas-son-bienvenidos-en-andalucia\/"}],"_links":{"self":[{"href":"https:\/\/www.eldigitaldeasturias.com\/noticias\/wp-json\/wp\/v2\/posts\/949520","targetHints":{"allow":["GET"]}}],"collection":[{"href":"https:\/\/www.eldigitaldeasturias.com\/noticias\/wp-json\/wp\/v2\/posts"}],"about":[{"href":"https:\/\/www.eldigitaldeasturias.com\/noticias\/wp-json\/wp\/v2\/types\/post"}],"author":[{"embeddable":true,"href":"https:\/\/www.eldigitaldeasturias.com\/noticias\/wp-json\/wp\/v2\/users\/1"}],"replies":[{"embeddable":true,"href":"https:\/\/www.eldigitaldeasturias.com\/noticias\/wp-json\/wp\/v2\/comments?post=949520"}],"version-history":[{"count":0,"href":"https:\/\/www.eldigitaldeasturias.com\/noticias\/wp-json\/wp\/v2\/posts\/949520\/revisions"}],"wp:attachment":[{"href":"https:\/\/www.eldigitaldeasturias.com\/noticias\/wp-json\/wp\/v2\/media?parent=949520"}],"wp:term":[{"taxonomy":"category","embeddable":true,"href":"https:\/\/www.eldigitaldeasturias.com\/noticias\/wp-json\/wp\/v2\/categories?post=949520"},{"taxonomy":"post_tag","embeddable":true,"href":"https:\/\/www.eldigitaldeasturias.com\/noticias\/wp-json\/wp\/v2\/tags?post=949520"}],"curies":[{"name":"wp","href":"https:\/\/api.w.org\/{rel}","templated":true}]}}