{"id":949517,"date":"2017-08-11T21:28:55","date_gmt":"2017-08-11T21:28:55","guid":{"rendered":"http:\/\/www.eldigitaldeasturias.com\/noticias\/?p=949517"},"modified":"2017-08-11T21:28:55","modified_gmt":"2017-08-11T21:28:55","slug":"andalucia-promociona-la-costa-tropical-granadina","status":"publish","type":"post","link":"https:\/\/www.eldigitaldeasturias.com\/noticias\/andalucia-promociona-la-costa-tropical-granadina\/","title":{"rendered":"Andaluc\u00eda promociona la Costa Tropical granadina"},"content":{"rendered":"<p><img loading=\"lazy\" decoding=\"async\" class=\"alignleft size-medium wp-image-949518\" src=\"https:\/\/www.eldigitaldeasturias.com\/noticias\/wp-content\/uploads\/2017\/08\/1502453264338-360x239.jpg\" alt=\"\" width=\"360\" height=\"239\" \/>El consejero de Turismo y Deporte, Francisco Javier Fern\u00e1ndez, ha subrayado en la localidad de Motril que el Plan Especial de Acci\u00f3n de la Costa Tropical de Granada, orientado a reforzar la comercializaci\u00f3n de este destino en una decena de mercados emisores, alcanza un nivel de ejecuci\u00f3n del 63%, con 12 de las 19 acciones previstas ya realizadas, desde su puesta en marcha en enero de 2017.<\/p>\n<p>Fern\u00e1ndez se ha reunido con responsables de la Mancomunidad de Municipios de la Costa Tropical, as\u00ed como con representantes locales de Motril, Salobre\u00f1a y Almu\u00f1\u00e9car y de la Diputaci\u00f3n provincial de Granada para realizar un balance del plan y ha subrayado la importancia de la colaboraci\u00f3n institucional en el desarrollo de esta iniciativa, que cuenta con una inversi\u00f3n auton\u00f3mica de 150.000 euros.<\/p>\n<p>El consejero ha explicado que este plan se enmarca en la estrategia de refuerzo de la promoci\u00f3n de determinados destinos que tambi\u00e9n se ha aplicado en otras zonas como el Levante Almeriense, unas medidas que no se agotan en estas iniciativas sino que tienen vocaci\u00f3n de continuidad, para aprovechar el conjunto de atractivos de comarcas que tienen una singularidad especial, con una oferta basada en multitud de segmentos.<\/p>\n<p>En este sentido, Francisco Javier Fern\u00e1ndez ha avanzado que para el pr\u00f3ximo ejercicio de 2018 se seguir\u00e1 realizando este refuerzo promocional de la Costa Tropical granadina y ha anunciado que este destino, junto con otros que tambi\u00e9n cuentan con acciones de impulso a su comercializaci\u00f3n, ser\u00e1n los siguientes en incorporarse a la iniciativa del Big Data del sector tur\u00edstico andaluz.<\/p>\n<p>Como objetivos concretos del Plan Especial de Acci\u00f3n, destacan posicionar el destino de Costa Tropical como una marca de calidad y de diversidad, redistribuir los flujos a lo largo del tiempo para combatir la estacionalidad en la zona, mejorar las cifras de turistas, los viajeros alojados, las pernoctaciones y los ingresos, as\u00ed como aumentar la competitividad en mercados emisores internacionales.<\/p>\n<p>Con este fin, se ha programado una bater\u00eda de medidas en una decena de mercados que incluye la ejecuci\u00f3n de un plan de medios para aumentar la difusi\u00f3n de su oferta, la realizaci\u00f3n de acuerdos con intermediarios, la celebraci\u00f3n de misiones inversas y viajes de familiarizaci\u00f3n para dar a conocer in situ los productos del territorio, acciones de marketing digital, as\u00ed como el desarrollo de varios talleres de trabajo formativos.<\/p>\n<p><strong>Acciones realizadas<\/strong><\/p>\n<p>Entre las medidas que ya se han ejecutado dentro de esta programaci\u00f3n, se encuentra un plan de medios para reforzar la repercusi\u00f3n de la oferta de la Costa Tropical que se ha desarrollado principalmente en los mes de mayo y junio. Esta campa\u00f1a se ha dirigido a medios regionales y nacionales, fundamentalmente en emisores prioritarios y con un enfoque orientado a \u00e9pocas que fomentan la desestacionalizaci\u00f3n.<\/p>\n<p>Para el desarrollo de esta acci\u00f3n se ha creado una l\u00ednea creativa espec\u00edfica dedicada a la Costa Tropical, con adaptaciones a los diversos soportes seleccionados (prensa, radio, televisi\u00f3n y revistas especializadas) para mostrar la mejor imagen del destino. Tambi\u00e9n se ha llevado a cabo un plan de comunicaci\u00f3n digital, a trav\u00e9s de una presencia destacada en el portal www.andalucia.org y una promoci\u00f3n en redes sociales y canales online.<\/p>\n<p>La colaboraci\u00f3n con intermediarios se ha concretado en una acci\u00f3n con Marsol, con 48 agentes de viajes nacionales; mientras que hasta final de a\u00f1o se desarrollar\u00e1n con Nautalia y con el operador sueco Grand Tours, que ya comercializa estancias en la Costa Tropical. Adem\u00e1s, el destino ha estado ya presente en la ITB de Berl\u00edn y Ferie for Alle en Dinamarca; y en oto\u00f1o acudir\u00e1 a la WTM de Londres y a Top Resa en Francia.<\/p>\n<p>Las misiones inversas incluyen el viaje de familiarizaci\u00f3n que ya realizaron al destino el pasado mes de marzo blogueros de China y la acci\u00f3n celebrada en junio &#8216;Andaluc\u00eda On Line&#8217;, con nueve blogueros y twitteros de cinco segmentos y con la que se han alcanzado tres millones de impacto en redes. Tambi\u00e9n se est\u00e1 preparando actualmente una destinada a una decena de expertos en la tipolog\u00eda de reuniones y congresos.<\/p>\n<p>En lo que se refiere a la formaci\u00f3n, se ha desarrollado ya en la Costa Tropical un taller del Centro de Innovaci\u00f3n Tur\u00edstica Andaluc\u00eda Lab, centrado en estrategias digitales y con la asistencia de 50 empresas locales; mientras que en octubre se celebrar\u00e1 otro sobre gesti\u00f3n de redes sociales y en septiembre unas jornadas de networking. Finalmente, tambi\u00e9n se ha realizado el patrocinio del XII Festival A\u00e9reo de Motril.<\/p>\n<p>&nbsp;<\/p>\n","protected":false},"excerpt":{"rendered":"<p>El consejero de Turismo y Deporte, Francisco Javier Fern\u00e1ndez, ha subrayado en la localidad de Motril que el Plan Especial de Acci\u00f3n de la Costa Tropical de Granada, orientado a reforzar la comercializaci\u00f3n de este destino en una decena de mercados emisores, alcanza un nivel de ejecuci\u00f3n del 63%, con 12 de las 19 acciones [&hellip;]<\/p>\n","protected":false},"author":1,"featured_media":949518,"comment_status":"closed","ping_status":"closed","sticky":false,"template":"","format":"standard","meta":{"footnotes":""},"categories":[1],"tags":[],"class_list":["post-949517","post","type-post","status-publish","format-standard","has-post-thumbnail","hentry","category-actualidad"],"aioseo_notices":[],"aioseo_head":"\n\t\t<!-- All in One SEO Pro 5.0.1 - aioseo.com -->\n\t<meta name=\"description\" content=\"El consejero de Turismo y Deporte, Francisco Javier Fern\u00e1ndez, ha subrayado en la localidad de Motril que el Plan Especial de Acci\u00f3n de la Costa Tropical de Granada, orientado a reforzar la comercializaci\u00f3n de este destino en una decena de mercados emisores, alcanza un nivel de ejecuci\u00f3n del 63%, con 12 de las 19 acciones\" \/>\n\t<meta name=\"robots\" content=\"max-image-preview:large\" \/>\n\t<meta name=\"author\" content=\"El Digital de Asturias\"\/>\n\t<meta name=\"google-site-verification\" content=\"UA-38556648-1\" \/>\n\t<meta name=\"msvalidate.01\" content=\"7dfe9f3f1b24437ab69f4f2559babe99\" \/>\n\t<meta name=\"keywords\" content=\"actualidad\" \/>\n\t<link rel=\"canonical\" href=\"https:\/\/www.eldigitaldeasturias.com\/noticias\/andalucia-promociona-la-costa-tropical-granadina\/\" \/>\n\t<meta name=\"generator\" content=\"All in One SEO Pro (AIOSEO) 5.0.1\" \/>\n\t\t<meta property=\"og:locale\" content=\"es_ES\" \/>\n\t\t<meta property=\"og:site_name\" content=\"El Digital de Asturias\" \/>\n\t\t<meta property=\"og:type\" content=\"article\" \/>\n\t\t<meta property=\"og:title\" content=\"Andaluc\u00eda promociona la Costa Tropical granadina - El Digital de Asturias\" \/>\n\t\t<meta property=\"og:description\" content=\"El consejero de Turismo y Deporte, Francisco Javier Fern\u00e1ndez, ha subrayado en la localidad de Motril que el Plan Especial de Acci\u00f3n de la Costa Tropical de Granada, orientado a reforzar la comercializaci\u00f3n de este destino en una decena de mercados emisores, alcanza un nivel de ejecuci\u00f3n del 63%, con 12 de las 19 acciones\" \/>\n\t\t<meta property=\"og:url\" content=\"https:\/\/www.eldigitaldeasturias.com\/noticias\/andalucia-promociona-la-costa-tropical-granadina\/\" \/>\n\t\t<meta property=\"article:tag\" content=\"actualidad\" \/>\n\t\t<meta property=\"article:published_time\" content=\"2017-08-11T21:28:55+00:00\" \/>\n\t\t<meta property=\"article:modified_time\" content=\"2017-08-11T21:28:55+00:00\" \/>\n\t\t<meta property=\"article:publisher\" content=\"https:\/\/facebook.com\/eldigitaldeasturias\" \/>\n\t\t<meta name=\"twitter:card\" content=\"summary_large_image\" \/>\n\t\t<meta name=\"twitter:title\" content=\"Andaluc\u00eda promociona la Costa Tropical granadina - El Digital de Asturias\" \/>\n\t\t<meta name=\"twitter:description\" content=\"El consejero de Turismo y Deporte, Francisco Javier Fern\u00e1ndez, ha subrayado en la localidad de Motril que el Plan Especial de Acci\u00f3n de la Costa Tropical de Granada, orientado a reforzar la comercializaci\u00f3n de este destino en una decena de mercados emisores, alcanza un nivel de ejecuci\u00f3n del 63%, con 12 de las 19 acciones\" \/>\n\t\t<meta name=\"twitter:image\" content=\"https:\/\/www.eldigitaldeasturias.com\/noticias\/wp-content\/uploads\/2020\/12\/EDA-1.jpg\" \/>\n\t\t<meta name=\"twitter:label1\" content=\"Escrito por\" \/>\n\t\t<meta name=\"twitter:data1\" content=\"El Digital de Asturias\" \/>\n\t\t<meta name=\"twitter:label2\" content=\"Tiempo de lectura estimado\" \/>\n\t\t<meta name=\"twitter:data2\" content=\"4 minutos\" \/>\n\t\t<script type=\"application\/ld+json\" class=\"aioseo-schema\">\n\t\t\t{\"@context\":\"https:\\\/\\\/schema.org\",\"@graph\":[{\"@type\":\"BlogPosting\",\"@id\":\"https:\\\/\\\/www.eldigitaldeasturias.com\\\/noticias\\\/andalucia-promociona-la-costa-tropical-granadina\\\/#blogposting\",\"name\":\"Andaluc\\u00eda promociona la Costa Tropical granadina - El Digital de Asturias\",\"headline\":\"Andaluc\\u00eda promociona la Costa Tropical granadina\",\"author\":{\"@id\":\"https:\\\/\\\/www.eldigitaldeasturias.com\\\/noticias\\\/author\\\/admin\\\/#author\"},\"publisher\":{\"@id\":\"https:\\\/\\\/www.eldigitaldeasturias.com\\\/noticias\\\/#organization\"},\"image\":{\"@type\":\"ImageObject\",\"url\":949518},\"datePublished\":\"2017-08-11T21:28:55+02:00\",\"dateModified\":\"2017-08-11T21:28:55+02:00\",\"inLanguage\":\"es-ES\",\"mainEntityOfPage\":{\"@id\":\"https:\\\/\\\/www.eldigitaldeasturias.com\\\/noticias\\\/andalucia-promociona-la-costa-tropical-granadina\\\/#webpage\"},\"isPartOf\":{\"@id\":\"https:\\\/\\\/www.eldigitaldeasturias.com\\\/noticias\\\/andalucia-promociona-la-costa-tropical-granadina\\\/#webpage\"},\"articleSection\":\"Actualidad\"},{\"@type\":\"BreadcrumbList\",\"@id\":\"https:\\\/\\\/www.eldigitaldeasturias.com\\\/noticias\\\/andalucia-promociona-la-costa-tropical-granadina\\\/#breadcrumblist\",\"itemListElement\":[{\"@type\":\"ListItem\",\"@id\":\"https:\\\/\\\/www.eldigitaldeasturias.com\\\/noticias#listItem\",\"position\":1,\"name\":\"Home\",\"item\":\"https:\\\/\\\/www.eldigitaldeasturias.com\\\/noticias\",\"nextItem\":{\"@type\":\"ListItem\",\"@id\":\"https:\\\/\\\/www.eldigitaldeasturias.com\\\/noticias\\\/category\\\/actualidad\\\/#listItem\",\"name\":\"Actualidad\"}},{\"@type\":\"ListItem\",\"@id\":\"https:\\\/\\\/www.eldigitaldeasturias.com\\\/noticias\\\/category\\\/actualidad\\\/#listItem\",\"position\":2,\"name\":\"Actualidad\",\"item\":\"https:\\\/\\\/www.eldigitaldeasturias.com\\\/noticias\\\/category\\\/actualidad\\\/\",\"nextItem\":{\"@type\":\"ListItem\",\"@id\":\"https:\\\/\\\/www.eldigitaldeasturias.com\\\/noticias\\\/andalucia-promociona-la-costa-tropical-granadina\\\/#listItem\",\"name\":\"Andaluc\\u00eda promociona la Costa Tropical granadina\"},\"previousItem\":{\"@type\":\"ListItem\",\"@id\":\"https:\\\/\\\/www.eldigitaldeasturias.com\\\/noticias#listItem\",\"name\":\"Home\"}},{\"@type\":\"ListItem\",\"@id\":\"https:\\\/\\\/www.eldigitaldeasturias.com\\\/noticias\\\/andalucia-promociona-la-costa-tropical-granadina\\\/#listItem\",\"position\":3,\"name\":\"Andaluc\\u00eda promociona la Costa Tropical granadina\",\"previousItem\":{\"@type\":\"ListItem\",\"@id\":\"https:\\\/\\\/www.eldigitaldeasturias.com\\\/noticias\\\/category\\\/actualidad\\\/#listItem\",\"name\":\"Actualidad\"}}]},{\"@type\":\"Organization\",\"@id\":\"https:\\\/\\\/www.eldigitaldeasturias.com\\\/noticias\\\/#organization\",\"name\":\"El Digital de Asturias\",\"description\":\"Hemeroteca\",\"url\":\"https:\\\/\\\/www.eldigitaldeasturias.com\\\/noticias\\\/\",\"email\":\"info@eldigitaldeasturias.com\",\"telephone\":\"+34652131393\",\"logo\":{\"@type\":\"ImageObject\",\"url\":\"https:\\\/\\\/www.eldigitaldeasturias.com\\\/noticias\\\/wp-content\\\/uploads\\\/2020\\\/12\\\/EDA.jpg\",\"@id\":\"https:\\\/\\\/www.eldigitaldeasturias.com\\\/noticias\\\/andalucia-promociona-la-costa-tropical-granadina\\\/#organizationLogo\"},\"image\":{\"@id\":\"https:\\\/\\\/www.eldigitaldeasturias.com\\\/noticias\\\/andalucia-promociona-la-costa-tropical-granadina\\\/#organizationLogo\"},\"sameAs\":[\"https:\\\/\\\/facebook.com\\\/eldigitaldeasturias\",\"https:\\\/\\\/www.youtube.com\\\/channel\\\/UCZP-2wLEB9Rv6erhFmqVnvg\"],\"address\":{\"@id\":\"https:\\\/\\\/www.eldigitaldeasturias.com\\\/noticias\\\/#postaladdress\",\"@type\":\"PostalAddress\",\"streetAddress\":\"san antonio 4\",\"postalCode\":\"33430\",\"addressLocality\":\"Cand\\u00e1s\",\"addressRegion\":\"Asturias\",\"addressCountry\":\"ES\"}},{\"@type\":\"Person\",\"@id\":\"https:\\\/\\\/www.eldigitaldeasturias.com\\\/noticias\\\/author\\\/admin\\\/#author\",\"url\":\"https:\\\/\\\/www.eldigitaldeasturias.com\\\/noticias\\\/author\\\/admin\\\/\",\"name\":\"El Digital de Asturias\",\"image\":{\"@type\":\"ImageObject\",\"@id\":\"https:\\\/\\\/www.eldigitaldeasturias.com\\\/noticias\\\/andalucia-promociona-la-costa-tropical-granadina\\\/#authorImage\",\"url\":\"https:\\\/\\\/secure.gravatar.com\\\/avatar\\\/df2aeffc32bcd13f8d26072ef8a91b623d677766deac7f97ca815868cd41bf5e?s=96&d=mm&r=g\",\"width\":96,\"height\":96,\"caption\":\"El Digital de Asturias\"}},{\"@type\":\"WebPage\",\"@id\":\"https:\\\/\\\/www.eldigitaldeasturias.com\\\/noticias\\\/andalucia-promociona-la-costa-tropical-granadina\\\/#webpage\",\"url\":\"https:\\\/\\\/www.eldigitaldeasturias.com\\\/noticias\\\/andalucia-promociona-la-costa-tropical-granadina\\\/\",\"name\":\"Andaluc\\u00eda promociona la Costa Tropical granadina - El Digital de Asturias\",\"description\":\"El consejero de Turismo y Deporte, Francisco Javier Fern\\u00e1ndez, ha subrayado en la localidad de Motril que el Plan Especial de Acci\\u00f3n de la Costa Tropical de Granada, orientado a reforzar la comercializaci\\u00f3n de este destino en una decena de mercados emisores, alcanza un nivel de ejecuci\\u00f3n del 63%, con 12 de las 19 acciones\",\"inLanguage\":\"es-ES\",\"isPartOf\":{\"@id\":\"https:\\\/\\\/www.eldigitaldeasturias.com\\\/noticias\\\/#website\"},\"breadcrumb\":{\"@id\":\"https:\\\/\\\/www.eldigitaldeasturias.com\\\/noticias\\\/andalucia-promociona-la-costa-tropical-granadina\\\/#breadcrumblist\"},\"author\":{\"@id\":\"https:\\\/\\\/www.eldigitaldeasturias.com\\\/noticias\\\/author\\\/admin\\\/#author\"},\"creator\":{\"@id\":\"https:\\\/\\\/www.eldigitaldeasturias.com\\\/noticias\\\/author\\\/admin\\\/#author\"},\"image\":{\"@type\":\"ImageObject\",\"url\":949518,\"@id\":\"https:\\\/\\\/www.eldigitaldeasturias.com\\\/noticias\\\/andalucia-promociona-la-costa-tropical-granadina\\\/#mainImage\"},\"primaryImageOfPage\":{\"@id\":\"https:\\\/\\\/www.eldigitaldeasturias.com\\\/noticias\\\/andalucia-promociona-la-costa-tropical-granadina\\\/#mainImage\"},\"datePublished\":\"2017-08-11T21:28:55+02:00\",\"dateModified\":\"2017-08-11T21:28:55+02:00\"},{\"@type\":\"WebSite\",\"@id\":\"https:\\\/\\\/www.eldigitaldeasturias.com\\\/noticias\\\/#website\",\"url\":\"https:\\\/\\\/www.eldigitaldeasturias.com\\\/noticias\\\/\",\"name\":\"El Digital de Asturias - Diario de actualidad y noticias\",\"alternateName\":\"El Digital de Asturias - Diario de actualidad y noticias\",\"description\":\"Hemeroteca\",\"inLanguage\":\"es-ES\",\"publisher\":{\"@id\":\"https:\\\/\\\/www.eldigitaldeasturias.com\\\/noticias\\\/#organization\"}}]}\n\t\t<\/script>\n\t\t<!-- All in One SEO Pro -->\r\n\t\t<title>Andaluc\u00eda promociona la Costa Tropical granadina - El Digital de Asturias<\/title>\n\n","aioseo_head_json":{"title":"Andaluc\u00eda promociona la Costa Tropical granadina - El Digital de Asturias","description":"El consejero de Turismo y Deporte, Francisco Javier Fern\u00e1ndez, ha subrayado en la localidad de Motril que el Plan Especial de Acci\u00f3n de la Costa Tropical de Granada, orientado a reforzar la comercializaci\u00f3n de este destino en una decena de mercados emisores, alcanza un nivel de ejecuci\u00f3n del 63%, con 12 de las 19 acciones","canonical_url":"https:\/\/www.eldigitaldeasturias.com\/noticias\/andalucia-promociona-la-costa-tropical-granadina\/","robots":"max-image-preview:large","keywords":"actualidad","webmasterTools":{"google-site-verification":"UA-38556648-1","msvalidate.01":"7dfe9f3f1b24437ab69f4f2559babe99","miscellaneous":""},"schema":{"@context":"https:\/\/schema.org","@graph":[{"@type":"BlogPosting","@id":"https:\/\/www.eldigitaldeasturias.com\/noticias\/andalucia-promociona-la-costa-tropical-granadina\/#blogposting","name":"Andaluc\u00eda promociona la Costa Tropical granadina - El Digital de Asturias","headline":"Andaluc\u00eda promociona la Costa Tropical granadina","author":{"@id":"https:\/\/www.eldigitaldeasturias.com\/noticias\/author\/admin\/#author"},"publisher":{"@id":"https:\/\/www.eldigitaldeasturias.com\/noticias\/#organization"},"image":{"@type":"ImageObject","url":949518},"datePublished":"2017-08-11T21:28:55+02:00","dateModified":"2017-08-11T21:28:55+02:00","inLanguage":"es-ES","mainEntityOfPage":{"@id":"https:\/\/www.eldigitaldeasturias.com\/noticias\/andalucia-promociona-la-costa-tropical-granadina\/#webpage"},"isPartOf":{"@id":"https:\/\/www.eldigitaldeasturias.com\/noticias\/andalucia-promociona-la-costa-tropical-granadina\/#webpage"},"articleSection":"Actualidad"},{"@type":"BreadcrumbList","@id":"https:\/\/www.eldigitaldeasturias.com\/noticias\/andalucia-promociona-la-costa-tropical-granadina\/#breadcrumblist","itemListElement":[{"@type":"ListItem","@id":"https:\/\/www.eldigitaldeasturias.com\/noticias#listItem","position":1,"name":"Home","item":"https:\/\/www.eldigitaldeasturias.com\/noticias","nextItem":{"@type":"ListItem","@id":"https:\/\/www.eldigitaldeasturias.com\/noticias\/category\/actualidad\/#listItem","name":"Actualidad"}},{"@type":"ListItem","@id":"https:\/\/www.eldigitaldeasturias.com\/noticias\/category\/actualidad\/#listItem","position":2,"name":"Actualidad","item":"https:\/\/www.eldigitaldeasturias.com\/noticias\/category\/actualidad\/","nextItem":{"@type":"ListItem","@id":"https:\/\/www.eldigitaldeasturias.com\/noticias\/andalucia-promociona-la-costa-tropical-granadina\/#listItem","name":"Andaluc\u00eda promociona la Costa Tropical granadina"},"previousItem":{"@type":"ListItem","@id":"https:\/\/www.eldigitaldeasturias.com\/noticias#listItem","name":"Home"}},{"@type":"ListItem","@id":"https:\/\/www.eldigitaldeasturias.com\/noticias\/andalucia-promociona-la-costa-tropical-granadina\/#listItem","position":3,"name":"Andaluc\u00eda promociona la Costa Tropical granadina","previousItem":{"@type":"ListItem","@id":"https:\/\/www.eldigitaldeasturias.com\/noticias\/category\/actualidad\/#listItem","name":"Actualidad"}}]},{"@type":"Organization","@id":"https:\/\/www.eldigitaldeasturias.com\/noticias\/#organization","name":"El Digital de Asturias","description":"Hemeroteca","url":"https:\/\/www.eldigitaldeasturias.com\/noticias\/","email":"info@eldigitaldeasturias.com","telephone":"+34652131393","logo":{"@type":"ImageObject","url":"https:\/\/www.eldigitaldeasturias.com\/noticias\/wp-content\/uploads\/2020\/12\/EDA.jpg","@id":"https:\/\/www.eldigitaldeasturias.com\/noticias\/andalucia-promociona-la-costa-tropical-granadina\/#organizationLogo"},"image":{"@id":"https:\/\/www.eldigitaldeasturias.com\/noticias\/andalucia-promociona-la-costa-tropical-granadina\/#organizationLogo"},"sameAs":["https:\/\/facebook.com\/eldigitaldeasturias","https:\/\/www.youtube.com\/channel\/UCZP-2wLEB9Rv6erhFmqVnvg"],"address":{"@id":"https:\/\/www.eldigitaldeasturias.com\/noticias\/#postaladdress","@type":"PostalAddress","streetAddress":"san antonio 4","postalCode":"33430","addressLocality":"Cand\u00e1s","addressRegion":"Asturias","addressCountry":"ES"}},{"@type":"Person","@id":"https:\/\/www.eldigitaldeasturias.com\/noticias\/author\/admin\/#author","url":"https:\/\/www.eldigitaldeasturias.com\/noticias\/author\/admin\/","name":"El Digital de Asturias","image":{"@type":"ImageObject","@id":"https:\/\/www.eldigitaldeasturias.com\/noticias\/andalucia-promociona-la-costa-tropical-granadina\/#authorImage","url":"https:\/\/secure.gravatar.com\/avatar\/df2aeffc32bcd13f8d26072ef8a91b623d677766deac7f97ca815868cd41bf5e?s=96&d=mm&r=g","width":96,"height":96,"caption":"El Digital de Asturias"}},{"@type":"WebPage","@id":"https:\/\/www.eldigitaldeasturias.com\/noticias\/andalucia-promociona-la-costa-tropical-granadina\/#webpage","url":"https:\/\/www.eldigitaldeasturias.com\/noticias\/andalucia-promociona-la-costa-tropical-granadina\/","name":"Andaluc\u00eda promociona la Costa Tropical granadina - El Digital de Asturias","description":"El consejero de Turismo y Deporte, Francisco Javier Fern\u00e1ndez, ha subrayado en la localidad de Motril que el Plan Especial de Acci\u00f3n de la Costa Tropical de Granada, orientado a reforzar la comercializaci\u00f3n de este destino en una decena de mercados emisores, alcanza un nivel de ejecuci\u00f3n del 63%, con 12 de las 19 acciones","inLanguage":"es-ES","isPartOf":{"@id":"https:\/\/www.eldigitaldeasturias.com\/noticias\/#website"},"breadcrumb":{"@id":"https:\/\/www.eldigitaldeasturias.com\/noticias\/andalucia-promociona-la-costa-tropical-granadina\/#breadcrumblist"},"author":{"@id":"https:\/\/www.eldigitaldeasturias.com\/noticias\/author\/admin\/#author"},"creator":{"@id":"https:\/\/www.eldigitaldeasturias.com\/noticias\/author\/admin\/#author"},"image":{"@type":"ImageObject","url":949518,"@id":"https:\/\/www.eldigitaldeasturias.com\/noticias\/andalucia-promociona-la-costa-tropical-granadina\/#mainImage"},"primaryImageOfPage":{"@id":"https:\/\/www.eldigitaldeasturias.com\/noticias\/andalucia-promociona-la-costa-tropical-granadina\/#mainImage"},"datePublished":"2017-08-11T21:28:55+02:00","dateModified":"2017-08-11T21:28:55+02:00"},{"@type":"WebSite","@id":"https:\/\/www.eldigitaldeasturias.com\/noticias\/#website","url":"https:\/\/www.eldigitaldeasturias.com\/noticias\/","name":"El Digital de Asturias - Diario de actualidad y noticias","alternateName":"El Digital de Asturias - Diario de actualidad y noticias","description":"Hemeroteca","inLanguage":"es-ES","publisher":{"@id":"https:\/\/www.eldigitaldeasturias.com\/noticias\/#organization"}}]},"og:locale":"es_ES","og:site_name":"El Digital de Asturias","og:type":"article","og:title":"Andaluc\u00eda promociona la Costa Tropical granadina - El Digital de Asturias","og:description":"El consejero de Turismo y Deporte, Francisco Javier Fern\u00e1ndez, ha subrayado en la localidad de Motril que el Plan Especial de Acci\u00f3n de la Costa Tropical de Granada, orientado a reforzar la comercializaci\u00f3n de este destino en una decena de mercados emisores, alcanza un nivel de ejecuci\u00f3n del 63%, con 12 de las 19 acciones","og:url":"https:\/\/www.eldigitaldeasturias.com\/noticias\/andalucia-promociona-la-costa-tropical-granadina\/","article:tag":["actualidad"],"article:published_time":"2017-08-11T21:28:55+00:00","article:modified_time":"2017-08-11T21:28:55+00:00","article:publisher":"https:\/\/facebook.com\/eldigitaldeasturias","twitter:card":"summary_large_image","twitter:title":"Andaluc\u00eda promociona la Costa Tropical granadina - El Digital de Asturias","twitter:description":"El consejero de Turismo y Deporte, Francisco Javier Fern\u00e1ndez, ha subrayado en la localidad de Motril que el Plan Especial de Acci\u00f3n de la Costa Tropical de Granada, orientado a reforzar la comercializaci\u00f3n de este destino en una decena de mercados emisores, alcanza un nivel de ejecuci\u00f3n del 63%, con 12 de las 19 acciones","twitter:image":"https:\/\/www.eldigitaldeasturias.com\/noticias\/wp-content\/uploads\/2020\/12\/EDA-1.jpg","twitter:label1":"Escrito por","twitter:data1":"El Digital de Asturias","twitter:label2":"Tiempo de lectura estimado","twitter:data2":"4 minutos"},"aioseo_meta_data":{"post_id":"949517","title":null,"description":null,"keywords":null,"keyphrases":null,"primary_term":null,"canonical_url":null,"og_title":null,"og_description":null,"og_object_type":"default","og_image_type":"default","og_image_url":null,"og_image_width":null,"og_image_height":null,"og_image_custom_url":null,"og_image_custom_fields":null,"og_video":null,"og_custom_url":null,"og_article_section":null,"og_article_tags":null,"twitter_use_og":false,"twitter_card":"default","twitter_image_type":"default","twitter_image_url":null,"twitter_image_custom_url":null,"twitter_image_custom_fields":null,"twitter_title":null,"twitter_description":null,"schema":{"blockGraphs":[],"customGraphs":[],"default":{"data":{"Article":[],"Course":[],"Dataset":[],"FAQPage":[],"Movie":[],"Person":[],"Product":[],"ProductReview":[],"Car":[],"Recipe":[],"Service":[],"SoftwareApplication":[],"WebPage":[]},"graphName":"","isEnabled":true},"graphs":[],"defaultGraph":"","defaultPostTypeGraph":""},"schema_type":null,"schema_type_options":null,"pillar_content":false,"robots_default":true,"robots_noindex":false,"robots_noarchive":false,"robots_nosnippet":false,"robots_nofollow":false,"robots_noimageindex":false,"robots_noodp":false,"robots_notranslate":false,"robots_max_snippet":null,"robots_max_videopreview":null,"robots_max_imagepreview":"large","priority":null,"frequency":null,"local_seo":null,"seo_analyzer_scan_date":"2025-12-05 12:39:23","breadcrumb_settings":null,"limit_modified_date":false,"open_ai":null,"ai":null,"created":"2020-12-21 13:01:41","updated":"2025-12-05 12:39:23","focus_keyword":null,"additional_keywords":null,"truseo_locale":null},"aioseo_breadcrumb":"<div class=\"aioseo-breadcrumbs\"><span class=\"aioseo-breadcrumb\">\n\t<a href=\"https:\/\/www.eldigitaldeasturias.com\/noticias\" title=\"Home\">Home<\/a>\n<\/span><span class=\"aioseo-breadcrumb-separator\">\u2013<\/span><span class=\"aioseo-breadcrumb\">\n\t<a href=\"https:\/\/www.eldigitaldeasturias.com\/noticias\/category\/actualidad\/\" title=\"Actualidad\">Actualidad<\/a>\n<\/span><span class=\"aioseo-breadcrumb-separator\">\u2013<\/span><span class=\"aioseo-breadcrumb\">\n\t<a href=\"https:\/\/www.eldigitaldeasturias.com\/noticias\/andalucia-promociona-la-costa-tropical-granadina\/\" title=\"Andaluc\u00eda promociona la Costa Tropical granadina\">Andaluc\u00eda promociona la Costa Tropical granadina<\/a>\n<\/span><\/div>","aioseo_breadcrumb_json":[{"label":"Home","link":"https:\/\/www.eldigitaldeasturias.com\/noticias"},{"label":"Actualidad","link":"https:\/\/www.eldigitaldeasturias.com\/noticias\/category\/actualidad\/"},{"label":"Andaluc\u00eda promociona la Costa Tropical granadina","link":"https:\/\/www.eldigitaldeasturias.com\/noticias\/andalucia-promociona-la-costa-tropical-granadina\/"}],"_links":{"self":[{"href":"https:\/\/www.eldigitaldeasturias.com\/noticias\/wp-json\/wp\/v2\/posts\/949517","targetHints":{"allow":["GET"]}}],"collection":[{"href":"https:\/\/www.eldigitaldeasturias.com\/noticias\/wp-json\/wp\/v2\/posts"}],"about":[{"href":"https:\/\/www.eldigitaldeasturias.com\/noticias\/wp-json\/wp\/v2\/types\/post"}],"author":[{"embeddable":true,"href":"https:\/\/www.eldigitaldeasturias.com\/noticias\/wp-json\/wp\/v2\/users\/1"}],"replies":[{"embeddable":true,"href":"https:\/\/www.eldigitaldeasturias.com\/noticias\/wp-json\/wp\/v2\/comments?post=949517"}],"version-history":[{"count":0,"href":"https:\/\/www.eldigitaldeasturias.com\/noticias\/wp-json\/wp\/v2\/posts\/949517\/revisions"}],"wp:attachment":[{"href":"https:\/\/www.eldigitaldeasturias.com\/noticias\/wp-json\/wp\/v2\/media?parent=949517"}],"wp:term":[{"taxonomy":"category","embeddable":true,"href":"https:\/\/www.eldigitaldeasturias.com\/noticias\/wp-json\/wp\/v2\/categories?post=949517"},{"taxonomy":"post_tag","embeddable":true,"href":"https:\/\/www.eldigitaldeasturias.com\/noticias\/wp-json\/wp\/v2\/tags?post=949517"}],"curies":[{"name":"wp","href":"https:\/\/api.w.org\/{rel}","templated":true}]}}