{"id":949510,"date":"2017-08-11T21:01:42","date_gmt":"2017-08-11T21:01:42","guid":{"rendered":"http:\/\/www.eldigitaldeasturias.com\/noticias\/?p=949510"},"modified":"2017-08-11T21:01:42","modified_gmt":"2017-08-11T21:01:42","slug":"convocadas-en-andalucia-subvenciones-para-entidades-sin-animo-de-lucro","status":"publish","type":"post","link":"https:\/\/www.eldigitaldeasturias.com\/noticias\/convocadas-en-andalucia-subvenciones-para-entidades-sin-animo-de-lucro\/","title":{"rendered":"Convocadas en Andaluc\u00eda subvenciones para entidades sin \u00e1nimo de lucro"},"content":{"rendered":"<p>La Junta de Andaluc\u00eda, a trav\u00e9s de la Consejer\u00eda de Igualdad y Pol\u00edticas Sociales, ha convocado las subvenciones a entidades del Tercer Sector con cargo a la asignaci\u00f3n tributaria del 0,7% del IRPF, a las que se destinan algo m\u00e1s de 39,2 millones de euros para atender a personas en situaciones de necesidad. El Bolet\u00edn Oficial de la Junta de Andaluc\u00eda (BOJA) publica la convocatoria de estas ayudas de inter\u00e9s social, destinadas a impulsar programas para atender situaciones de emergencia y en general de atenci\u00f3n social.<\/p>\n<p>Esta es la primera vez que Andaluc\u00eda regula estos apoyos p\u00fablicos puesto que hasta 2016 las ayudas las gestionaba la Administraci\u00f3n General del Estado. Este cambio es consecuencia de la jurisprudencia constitucional que ha establecido que la gesti\u00f3n del tramo auton\u00f3mico es competencia de las comunidades aut\u00f3nomas. Los beneficiarios \u00faltimos de estas ayudas son colectivos vulnerables y en riesgo de exclusi\u00f3n como la infancia, los mayores, las personas con discapacidad y con problemas de adicciones, la poblaci\u00f3n que ha estado privada de libertad, la comunidad gitana y otros.<\/p>\n<p>Las subvenciones van dirigidas a entidades privadas sin \u00e1nimo de lucro cuyo \u00e1mbito de actuaci\u00f3n supere al de la provincia y siempre que tengan como objetivo la atenci\u00f3n social a aquellas personas y colectivos que se encuentre en situaci\u00f3n de pobreza o riesgo de exclusi\u00f3n social. Para acceder a las ayudas las entidades deben estar inscritas en el Registro de entidades, servicios y centros de servicios sociales o en el Registro Andaluz de Voluntariado, seg\u00fan corresponda.<\/p>\n<p>&nbsp;<\/p>\n","protected":false},"excerpt":{"rendered":"<p>La Junta de Andaluc\u00eda, a trav\u00e9s de la Consejer\u00eda de Igualdad y Pol\u00edticas Sociales, ha convocado las subvenciones a entidades del Tercer Sector con cargo a la asignaci\u00f3n tributaria del 0,7% del IRPF, a las que se destinan algo m\u00e1s de 39,2 millones de euros para atender a personas en situaciones de necesidad. El Bolet\u00edn [&hellip;]<\/p>\n","protected":false},"author":1,"featured_media":780683,"comment_status":"closed","ping_status":"closed","sticky":false,"template":"","format":"standard","meta":{"footnotes":""},"categories":[1],"tags":[],"class_list":["post-949510","post","type-post","status-publish","format-standard","has-post-thumbnail","hentry","category-actualidad"],"aioseo_notices":[],"aioseo_head":"\n\t\t<!-- All in One SEO Pro 5.0.1 - aioseo.com -->\n\t<meta name=\"description\" content=\"La Junta de Andaluc\u00eda, a trav\u00e9s de la Consejer\u00eda de Igualdad y Pol\u00edticas Sociales, ha convocado las subvenciones a entidades del Tercer Sector con cargo a la asignaci\u00f3n tributaria del 0,7% del IRPF, a las que se destinan algo m\u00e1s de 39,2 millones de euros para atender a personas en situaciones de necesidad. El Bolet\u00edn\" \/>\n\t<meta name=\"robots\" content=\"max-image-preview:large\" \/>\n\t<meta name=\"author\" content=\"El Digital de Asturias\"\/>\n\t<meta name=\"google-site-verification\" content=\"UA-38556648-1\" \/>\n\t<meta name=\"msvalidate.01\" content=\"7dfe9f3f1b24437ab69f4f2559babe99\" \/>\n\t<meta name=\"keywords\" content=\"actualidad\" \/>\n\t<link rel=\"canonical\" href=\"https:\/\/www.eldigitaldeasturias.com\/noticias\/convocadas-en-andalucia-subvenciones-para-entidades-sin-animo-de-lucro\/\" \/>\n\t<meta name=\"generator\" content=\"All in One SEO Pro (AIOSEO) 5.0.1\" \/>\n\t\t<meta property=\"og:locale\" content=\"es_ES\" \/>\n\t\t<meta property=\"og:site_name\" content=\"El Digital de Asturias\" \/>\n\t\t<meta property=\"og:type\" content=\"article\" \/>\n\t\t<meta property=\"og:title\" content=\"Convocadas en Andaluc\u00eda subvenciones para entidades sin \u00e1nimo de lucro - El Digital de Asturias\" \/>\n\t\t<meta property=\"og:description\" content=\"La Junta de Andaluc\u00eda, a trav\u00e9s de la Consejer\u00eda de Igualdad y Pol\u00edticas Sociales, ha convocado las subvenciones a entidades del Tercer Sector con cargo a la asignaci\u00f3n tributaria del 0,7% del IRPF, a las que se destinan algo m\u00e1s de 39,2 millones de euros para atender a personas en situaciones de necesidad. El Bolet\u00edn\" \/>\n\t\t<meta property=\"og:url\" content=\"https:\/\/www.eldigitaldeasturias.com\/noticias\/convocadas-en-andalucia-subvenciones-para-entidades-sin-animo-de-lucro\/\" \/>\n\t\t<meta property=\"article:tag\" content=\"actualidad\" \/>\n\t\t<meta property=\"article:published_time\" content=\"2017-08-11T21:01:42+00:00\" \/>\n\t\t<meta property=\"article:modified_time\" content=\"2017-08-11T21:01:42+00:00\" \/>\n\t\t<meta property=\"article:publisher\" content=\"https:\/\/facebook.com\/eldigitaldeasturias\" \/>\n\t\t<meta name=\"twitter:card\" content=\"summary_large_image\" \/>\n\t\t<meta name=\"twitter:title\" content=\"Convocadas en Andaluc\u00eda subvenciones para entidades sin \u00e1nimo de lucro - El Digital de Asturias\" \/>\n\t\t<meta name=\"twitter:description\" content=\"La Junta de Andaluc\u00eda, a trav\u00e9s de la Consejer\u00eda de Igualdad y Pol\u00edticas Sociales, ha convocado las subvenciones a entidades del Tercer Sector con cargo a la asignaci\u00f3n tributaria del 0,7% del IRPF, a las que se destinan algo m\u00e1s de 39,2 millones de euros para atender a personas en situaciones de necesidad. El Bolet\u00edn\" \/>\n\t\t<meta name=\"twitter:image\" content=\"https:\/\/www.eldigitaldeasturias.com\/noticias\/wp-content\/uploads\/2020\/12\/EDA-1.jpg\" \/>\n\t\t<meta name=\"twitter:label1\" content=\"Escrito por\" \/>\n\t\t<meta name=\"twitter:data1\" content=\"El Digital de Asturias\" \/>\n\t\t<meta name=\"twitter:label2\" content=\"Tiempo de lectura estimado\" \/>\n\t\t<meta name=\"twitter:data2\" content=\"1 minuto\" \/>\n\t\t<script type=\"application\/ld+json\" class=\"aioseo-schema\">\n\t\t\t{\"@context\":\"https:\\\/\\\/schema.org\",\"@graph\":[{\"@type\":\"BlogPosting\",\"@id\":\"https:\\\/\\\/www.eldigitaldeasturias.com\\\/noticias\\\/convocadas-en-andalucia-subvenciones-para-entidades-sin-animo-de-lucro\\\/#blogposting\",\"name\":\"Convocadas en Andaluc\\u00eda subvenciones para entidades sin \\u00e1nimo de lucro - El Digital de Asturias\",\"headline\":\"Convocadas en Andaluc\\u00eda subvenciones para entidades sin \\u00e1nimo de lucro\",\"author\":{\"@id\":\"https:\\\/\\\/www.eldigitaldeasturias.com\\\/noticias\\\/author\\\/admin\\\/#author\"},\"publisher\":{\"@id\":\"https:\\\/\\\/www.eldigitaldeasturias.com\\\/noticias\\\/#organization\"},\"image\":{\"@type\":\"ImageObject\",\"url\":780683},\"datePublished\":\"2017-08-11T21:01:42+02:00\",\"dateModified\":\"2017-08-11T21:01:42+02:00\",\"inLanguage\":\"es-ES\",\"mainEntityOfPage\":{\"@id\":\"https:\\\/\\\/www.eldigitaldeasturias.com\\\/noticias\\\/convocadas-en-andalucia-subvenciones-para-entidades-sin-animo-de-lucro\\\/#webpage\"},\"isPartOf\":{\"@id\":\"https:\\\/\\\/www.eldigitaldeasturias.com\\\/noticias\\\/convocadas-en-andalucia-subvenciones-para-entidades-sin-animo-de-lucro\\\/#webpage\"},\"articleSection\":\"Actualidad\"},{\"@type\":\"BreadcrumbList\",\"@id\":\"https:\\\/\\\/www.eldigitaldeasturias.com\\\/noticias\\\/convocadas-en-andalucia-subvenciones-para-entidades-sin-animo-de-lucro\\\/#breadcrumblist\",\"itemListElement\":[{\"@type\":\"ListItem\",\"@id\":\"https:\\\/\\\/www.eldigitaldeasturias.com\\\/noticias#listItem\",\"position\":1,\"name\":\"Home\",\"item\":\"https:\\\/\\\/www.eldigitaldeasturias.com\\\/noticias\",\"nextItem\":{\"@type\":\"ListItem\",\"@id\":\"https:\\\/\\\/www.eldigitaldeasturias.com\\\/noticias\\\/category\\\/actualidad\\\/#listItem\",\"name\":\"Actualidad\"}},{\"@type\":\"ListItem\",\"@id\":\"https:\\\/\\\/www.eldigitaldeasturias.com\\\/noticias\\\/category\\\/actualidad\\\/#listItem\",\"position\":2,\"name\":\"Actualidad\",\"item\":\"https:\\\/\\\/www.eldigitaldeasturias.com\\\/noticias\\\/category\\\/actualidad\\\/\",\"nextItem\":{\"@type\":\"ListItem\",\"@id\":\"https:\\\/\\\/www.eldigitaldeasturias.com\\\/noticias\\\/convocadas-en-andalucia-subvenciones-para-entidades-sin-animo-de-lucro\\\/#listItem\",\"name\":\"Convocadas en Andaluc\\u00eda subvenciones para entidades sin \\u00e1nimo de lucro\"},\"previousItem\":{\"@type\":\"ListItem\",\"@id\":\"https:\\\/\\\/www.eldigitaldeasturias.com\\\/noticias#listItem\",\"name\":\"Home\"}},{\"@type\":\"ListItem\",\"@id\":\"https:\\\/\\\/www.eldigitaldeasturias.com\\\/noticias\\\/convocadas-en-andalucia-subvenciones-para-entidades-sin-animo-de-lucro\\\/#listItem\",\"position\":3,\"name\":\"Convocadas en Andaluc\\u00eda subvenciones para entidades sin \\u00e1nimo de lucro\",\"previousItem\":{\"@type\":\"ListItem\",\"@id\":\"https:\\\/\\\/www.eldigitaldeasturias.com\\\/noticias\\\/category\\\/actualidad\\\/#listItem\",\"name\":\"Actualidad\"}}]},{\"@type\":\"Organization\",\"@id\":\"https:\\\/\\\/www.eldigitaldeasturias.com\\\/noticias\\\/#organization\",\"name\":\"El Digital de Asturias\",\"description\":\"Hemeroteca\",\"url\":\"https:\\\/\\\/www.eldigitaldeasturias.com\\\/noticias\\\/\",\"email\":\"info@eldigitaldeasturias.com\",\"telephone\":\"+34652131393\",\"logo\":{\"@type\":\"ImageObject\",\"url\":\"https:\\\/\\\/www.eldigitaldeasturias.com\\\/noticias\\\/wp-content\\\/uploads\\\/2020\\\/12\\\/EDA.jpg\",\"@id\":\"https:\\\/\\\/www.eldigitaldeasturias.com\\\/noticias\\\/convocadas-en-andalucia-subvenciones-para-entidades-sin-animo-de-lucro\\\/#organizationLogo\"},\"image\":{\"@id\":\"https:\\\/\\\/www.eldigitaldeasturias.com\\\/noticias\\\/convocadas-en-andalucia-subvenciones-para-entidades-sin-animo-de-lucro\\\/#organizationLogo\"},\"sameAs\":[\"https:\\\/\\\/facebook.com\\\/eldigitaldeasturias\",\"https:\\\/\\\/www.youtube.com\\\/channel\\\/UCZP-2wLEB9Rv6erhFmqVnvg\"],\"address\":{\"@id\":\"https:\\\/\\\/www.eldigitaldeasturias.com\\\/noticias\\\/#postaladdress\",\"@type\":\"PostalAddress\",\"streetAddress\":\"san antonio 4\",\"postalCode\":\"33430\",\"addressLocality\":\"Cand\\u00e1s\",\"addressRegion\":\"Asturias\",\"addressCountry\":\"ES\"}},{\"@type\":\"Person\",\"@id\":\"https:\\\/\\\/www.eldigitaldeasturias.com\\\/noticias\\\/author\\\/admin\\\/#author\",\"url\":\"https:\\\/\\\/www.eldigitaldeasturias.com\\\/noticias\\\/author\\\/admin\\\/\",\"name\":\"El Digital de Asturias\",\"image\":{\"@type\":\"ImageObject\",\"@id\":\"https:\\\/\\\/www.eldigitaldeasturias.com\\\/noticias\\\/convocadas-en-andalucia-subvenciones-para-entidades-sin-animo-de-lucro\\\/#authorImage\",\"url\":\"https:\\\/\\\/secure.gravatar.com\\\/avatar\\\/df2aeffc32bcd13f8d26072ef8a91b623d677766deac7f97ca815868cd41bf5e?s=96&d=mm&r=g\",\"width\":96,\"height\":96,\"caption\":\"El Digital de Asturias\"}},{\"@type\":\"WebPage\",\"@id\":\"https:\\\/\\\/www.eldigitaldeasturias.com\\\/noticias\\\/convocadas-en-andalucia-subvenciones-para-entidades-sin-animo-de-lucro\\\/#webpage\",\"url\":\"https:\\\/\\\/www.eldigitaldeasturias.com\\\/noticias\\\/convocadas-en-andalucia-subvenciones-para-entidades-sin-animo-de-lucro\\\/\",\"name\":\"Convocadas en Andaluc\\u00eda subvenciones para entidades sin \\u00e1nimo de lucro - El Digital de Asturias\",\"description\":\"La Junta de Andaluc\\u00eda, a trav\\u00e9s de la Consejer\\u00eda de Igualdad y Pol\\u00edticas Sociales, ha convocado las subvenciones a entidades del Tercer Sector con cargo a la asignaci\\u00f3n tributaria del 0,7% del IRPF, a las que se destinan algo m\\u00e1s de 39,2 millones de euros para atender a personas en situaciones de necesidad. El Bolet\\u00edn\",\"inLanguage\":\"es-ES\",\"isPartOf\":{\"@id\":\"https:\\\/\\\/www.eldigitaldeasturias.com\\\/noticias\\\/#website\"},\"breadcrumb\":{\"@id\":\"https:\\\/\\\/www.eldigitaldeasturias.com\\\/noticias\\\/convocadas-en-andalucia-subvenciones-para-entidades-sin-animo-de-lucro\\\/#breadcrumblist\"},\"author\":{\"@id\":\"https:\\\/\\\/www.eldigitaldeasturias.com\\\/noticias\\\/author\\\/admin\\\/#author\"},\"creator\":{\"@id\":\"https:\\\/\\\/www.eldigitaldeasturias.com\\\/noticias\\\/author\\\/admin\\\/#author\"},\"image\":{\"@type\":\"ImageObject\",\"url\":780683,\"@id\":\"https:\\\/\\\/www.eldigitaldeasturias.com\\\/noticias\\\/convocadas-en-andalucia-subvenciones-para-entidades-sin-animo-de-lucro\\\/#mainImage\"},\"primaryImageOfPage\":{\"@id\":\"https:\\\/\\\/www.eldigitaldeasturias.com\\\/noticias\\\/convocadas-en-andalucia-subvenciones-para-entidades-sin-animo-de-lucro\\\/#mainImage\"},\"datePublished\":\"2017-08-11T21:01:42+02:00\",\"dateModified\":\"2017-08-11T21:01:42+02:00\"},{\"@type\":\"WebSite\",\"@id\":\"https:\\\/\\\/www.eldigitaldeasturias.com\\\/noticias\\\/#website\",\"url\":\"https:\\\/\\\/www.eldigitaldeasturias.com\\\/noticias\\\/\",\"name\":\"El Digital de Asturias - Diario de actualidad y noticias\",\"alternateName\":\"El Digital de Asturias - Diario de actualidad y noticias\",\"description\":\"Hemeroteca\",\"inLanguage\":\"es-ES\",\"publisher\":{\"@id\":\"https:\\\/\\\/www.eldigitaldeasturias.com\\\/noticias\\\/#organization\"}}]}\n\t\t<\/script>\n\t\t<!-- All in One SEO Pro -->\r\n\t\t<title>Convocadas en Andaluc\u00eda subvenciones para entidades sin \u00e1nimo de lucro - El Digital de Asturias<\/title>\n\n","aioseo_head_json":{"title":"Convocadas en Andaluc\u00eda subvenciones para entidades sin \u00e1nimo de lucro - El Digital de Asturias","description":"La Junta de Andaluc\u00eda, a trav\u00e9s de la Consejer\u00eda de Igualdad y Pol\u00edticas Sociales, ha convocado las subvenciones a entidades del Tercer Sector con cargo a la asignaci\u00f3n tributaria del 0,7% del IRPF, a las que se destinan algo m\u00e1s de 39,2 millones de euros para atender a personas en situaciones de necesidad. El Bolet\u00edn","canonical_url":"https:\/\/www.eldigitaldeasturias.com\/noticias\/convocadas-en-andalucia-subvenciones-para-entidades-sin-animo-de-lucro\/","robots":"max-image-preview:large","keywords":"actualidad","webmasterTools":{"google-site-verification":"UA-38556648-1","msvalidate.01":"7dfe9f3f1b24437ab69f4f2559babe99","miscellaneous":""},"schema":{"@context":"https:\/\/schema.org","@graph":[{"@type":"BlogPosting","@id":"https:\/\/www.eldigitaldeasturias.com\/noticias\/convocadas-en-andalucia-subvenciones-para-entidades-sin-animo-de-lucro\/#blogposting","name":"Convocadas en Andaluc\u00eda subvenciones para entidades sin \u00e1nimo de lucro - El Digital de Asturias","headline":"Convocadas en Andaluc\u00eda subvenciones para entidades sin \u00e1nimo de lucro","author":{"@id":"https:\/\/www.eldigitaldeasturias.com\/noticias\/author\/admin\/#author"},"publisher":{"@id":"https:\/\/www.eldigitaldeasturias.com\/noticias\/#organization"},"image":{"@type":"ImageObject","url":780683},"datePublished":"2017-08-11T21:01:42+02:00","dateModified":"2017-08-11T21:01:42+02:00","inLanguage":"es-ES","mainEntityOfPage":{"@id":"https:\/\/www.eldigitaldeasturias.com\/noticias\/convocadas-en-andalucia-subvenciones-para-entidades-sin-animo-de-lucro\/#webpage"},"isPartOf":{"@id":"https:\/\/www.eldigitaldeasturias.com\/noticias\/convocadas-en-andalucia-subvenciones-para-entidades-sin-animo-de-lucro\/#webpage"},"articleSection":"Actualidad"},{"@type":"BreadcrumbList","@id":"https:\/\/www.eldigitaldeasturias.com\/noticias\/convocadas-en-andalucia-subvenciones-para-entidades-sin-animo-de-lucro\/#breadcrumblist","itemListElement":[{"@type":"ListItem","@id":"https:\/\/www.eldigitaldeasturias.com\/noticias#listItem","position":1,"name":"Home","item":"https:\/\/www.eldigitaldeasturias.com\/noticias","nextItem":{"@type":"ListItem","@id":"https:\/\/www.eldigitaldeasturias.com\/noticias\/category\/actualidad\/#listItem","name":"Actualidad"}},{"@type":"ListItem","@id":"https:\/\/www.eldigitaldeasturias.com\/noticias\/category\/actualidad\/#listItem","position":2,"name":"Actualidad","item":"https:\/\/www.eldigitaldeasturias.com\/noticias\/category\/actualidad\/","nextItem":{"@type":"ListItem","@id":"https:\/\/www.eldigitaldeasturias.com\/noticias\/convocadas-en-andalucia-subvenciones-para-entidades-sin-animo-de-lucro\/#listItem","name":"Convocadas en Andaluc\u00eda subvenciones para entidades sin \u00e1nimo de lucro"},"previousItem":{"@type":"ListItem","@id":"https:\/\/www.eldigitaldeasturias.com\/noticias#listItem","name":"Home"}},{"@type":"ListItem","@id":"https:\/\/www.eldigitaldeasturias.com\/noticias\/convocadas-en-andalucia-subvenciones-para-entidades-sin-animo-de-lucro\/#listItem","position":3,"name":"Convocadas en Andaluc\u00eda subvenciones para entidades sin \u00e1nimo de lucro","previousItem":{"@type":"ListItem","@id":"https:\/\/www.eldigitaldeasturias.com\/noticias\/category\/actualidad\/#listItem","name":"Actualidad"}}]},{"@type":"Organization","@id":"https:\/\/www.eldigitaldeasturias.com\/noticias\/#organization","name":"El Digital de Asturias","description":"Hemeroteca","url":"https:\/\/www.eldigitaldeasturias.com\/noticias\/","email":"info@eldigitaldeasturias.com","telephone":"+34652131393","logo":{"@type":"ImageObject","url":"https:\/\/www.eldigitaldeasturias.com\/noticias\/wp-content\/uploads\/2020\/12\/EDA.jpg","@id":"https:\/\/www.eldigitaldeasturias.com\/noticias\/convocadas-en-andalucia-subvenciones-para-entidades-sin-animo-de-lucro\/#organizationLogo"},"image":{"@id":"https:\/\/www.eldigitaldeasturias.com\/noticias\/convocadas-en-andalucia-subvenciones-para-entidades-sin-animo-de-lucro\/#organizationLogo"},"sameAs":["https:\/\/facebook.com\/eldigitaldeasturias","https:\/\/www.youtube.com\/channel\/UCZP-2wLEB9Rv6erhFmqVnvg"],"address":{"@id":"https:\/\/www.eldigitaldeasturias.com\/noticias\/#postaladdress","@type":"PostalAddress","streetAddress":"san antonio 4","postalCode":"33430","addressLocality":"Cand\u00e1s","addressRegion":"Asturias","addressCountry":"ES"}},{"@type":"Person","@id":"https:\/\/www.eldigitaldeasturias.com\/noticias\/author\/admin\/#author","url":"https:\/\/www.eldigitaldeasturias.com\/noticias\/author\/admin\/","name":"El Digital de Asturias","image":{"@type":"ImageObject","@id":"https:\/\/www.eldigitaldeasturias.com\/noticias\/convocadas-en-andalucia-subvenciones-para-entidades-sin-animo-de-lucro\/#authorImage","url":"https:\/\/secure.gravatar.com\/avatar\/df2aeffc32bcd13f8d26072ef8a91b623d677766deac7f97ca815868cd41bf5e?s=96&d=mm&r=g","width":96,"height":96,"caption":"El Digital de Asturias"}},{"@type":"WebPage","@id":"https:\/\/www.eldigitaldeasturias.com\/noticias\/convocadas-en-andalucia-subvenciones-para-entidades-sin-animo-de-lucro\/#webpage","url":"https:\/\/www.eldigitaldeasturias.com\/noticias\/convocadas-en-andalucia-subvenciones-para-entidades-sin-animo-de-lucro\/","name":"Convocadas en Andaluc\u00eda subvenciones para entidades sin \u00e1nimo de lucro - El Digital de Asturias","description":"La Junta de Andaluc\u00eda, a trav\u00e9s de la Consejer\u00eda de Igualdad y Pol\u00edticas Sociales, ha convocado las subvenciones a entidades del Tercer Sector con cargo a la asignaci\u00f3n tributaria del 0,7% del IRPF, a las que se destinan algo m\u00e1s de 39,2 millones de euros para atender a personas en situaciones de necesidad. El Bolet\u00edn","inLanguage":"es-ES","isPartOf":{"@id":"https:\/\/www.eldigitaldeasturias.com\/noticias\/#website"},"breadcrumb":{"@id":"https:\/\/www.eldigitaldeasturias.com\/noticias\/convocadas-en-andalucia-subvenciones-para-entidades-sin-animo-de-lucro\/#breadcrumblist"},"author":{"@id":"https:\/\/www.eldigitaldeasturias.com\/noticias\/author\/admin\/#author"},"creator":{"@id":"https:\/\/www.eldigitaldeasturias.com\/noticias\/author\/admin\/#author"},"image":{"@type":"ImageObject","url":780683,"@id":"https:\/\/www.eldigitaldeasturias.com\/noticias\/convocadas-en-andalucia-subvenciones-para-entidades-sin-animo-de-lucro\/#mainImage"},"primaryImageOfPage":{"@id":"https:\/\/www.eldigitaldeasturias.com\/noticias\/convocadas-en-andalucia-subvenciones-para-entidades-sin-animo-de-lucro\/#mainImage"},"datePublished":"2017-08-11T21:01:42+02:00","dateModified":"2017-08-11T21:01:42+02:00"},{"@type":"WebSite","@id":"https:\/\/www.eldigitaldeasturias.com\/noticias\/#website","url":"https:\/\/www.eldigitaldeasturias.com\/noticias\/","name":"El Digital de Asturias - Diario de actualidad y noticias","alternateName":"El Digital de Asturias - Diario de actualidad y noticias","description":"Hemeroteca","inLanguage":"es-ES","publisher":{"@id":"https:\/\/www.eldigitaldeasturias.com\/noticias\/#organization"}}]},"og:locale":"es_ES","og:site_name":"El Digital de Asturias","og:type":"article","og:title":"Convocadas en Andaluc\u00eda subvenciones para entidades sin \u00e1nimo de lucro - El Digital de Asturias","og:description":"La Junta de Andaluc\u00eda, a trav\u00e9s de la Consejer\u00eda de Igualdad y Pol\u00edticas Sociales, ha convocado las subvenciones a entidades del Tercer Sector con cargo a la asignaci\u00f3n tributaria del 0,7% del IRPF, a las que se destinan algo m\u00e1s de 39,2 millones de euros para atender a personas en situaciones de necesidad. El Bolet\u00edn","og:url":"https:\/\/www.eldigitaldeasturias.com\/noticias\/convocadas-en-andalucia-subvenciones-para-entidades-sin-animo-de-lucro\/","article:tag":["actualidad"],"article:published_time":"2017-08-11T21:01:42+00:00","article:modified_time":"2017-08-11T21:01:42+00:00","article:publisher":"https:\/\/facebook.com\/eldigitaldeasturias","twitter:card":"summary_large_image","twitter:title":"Convocadas en Andaluc\u00eda subvenciones para entidades sin \u00e1nimo de lucro - El Digital de Asturias","twitter:description":"La Junta de Andaluc\u00eda, a trav\u00e9s de la Consejer\u00eda de Igualdad y Pol\u00edticas Sociales, ha convocado las subvenciones a entidades del Tercer Sector con cargo a la asignaci\u00f3n tributaria del 0,7% del IRPF, a las que se destinan algo m\u00e1s de 39,2 millones de euros para atender a personas en situaciones de necesidad. El Bolet\u00edn","twitter:image":"https:\/\/www.eldigitaldeasturias.com\/noticias\/wp-content\/uploads\/2020\/12\/EDA-1.jpg","twitter:label1":"Escrito por","twitter:data1":"El Digital de Asturias","twitter:label2":"Tiempo de lectura estimado","twitter:data2":"1 minuto"},"aioseo_meta_data":{"post_id":"949510","title":null,"description":null,"keywords":null,"keyphrases":null,"primary_term":null,"canonical_url":null,"og_title":null,"og_description":null,"og_object_type":"default","og_image_type":"default","og_image_url":null,"og_image_width":null,"og_image_height":null,"og_image_custom_url":null,"og_image_custom_fields":null,"og_video":null,"og_custom_url":null,"og_article_section":null,"og_article_tags":null,"twitter_use_og":false,"twitter_card":"default","twitter_image_type":"default","twitter_image_url":null,"twitter_image_custom_url":null,"twitter_image_custom_fields":null,"twitter_title":null,"twitter_description":null,"schema":{"blockGraphs":[],"customGraphs":[],"default":{"data":{"Article":[],"Course":[],"Dataset":[],"FAQPage":[],"Movie":[],"Person":[],"Product":[],"ProductReview":[],"Car":[],"Recipe":[],"Service":[],"SoftwareApplication":[],"WebPage":[]},"graphName":"","isEnabled":true},"graphs":[],"defaultGraph":"","defaultPostTypeGraph":""},"schema_type":null,"schema_type_options":null,"pillar_content":false,"robots_default":true,"robots_noindex":false,"robots_noarchive":false,"robots_nosnippet":false,"robots_nofollow":false,"robots_noimageindex":false,"robots_noodp":false,"robots_notranslate":false,"robots_max_snippet":null,"robots_max_videopreview":null,"robots_max_imagepreview":"large","priority":null,"frequency":null,"local_seo":null,"seo_analyzer_scan_date":"2025-12-05 12:37:49","breadcrumb_settings":null,"limit_modified_date":false,"open_ai":null,"ai":null,"created":"2020-12-21 11:51:05","updated":"2025-12-05 12:37:49","focus_keyword":null,"additional_keywords":null,"truseo_locale":null},"aioseo_breadcrumb":"<div class=\"aioseo-breadcrumbs\"><span class=\"aioseo-breadcrumb\">\n\t<a href=\"https:\/\/www.eldigitaldeasturias.com\/noticias\" title=\"Home\">Home<\/a>\n<\/span><span class=\"aioseo-breadcrumb-separator\">\u2013<\/span><span class=\"aioseo-breadcrumb\">\n\t<a href=\"https:\/\/www.eldigitaldeasturias.com\/noticias\/category\/actualidad\/\" title=\"Actualidad\">Actualidad<\/a>\n<\/span><span class=\"aioseo-breadcrumb-separator\">\u2013<\/span><span class=\"aioseo-breadcrumb\">\n\t<a href=\"https:\/\/www.eldigitaldeasturias.com\/noticias\/convocadas-en-andalucia-subvenciones-para-entidades-sin-animo-de-lucro\/\" title=\"Convocadas en Andaluc\u00eda subvenciones para entidades sin \u00e1nimo de lucro\">Convocadas en Andaluc\u00eda subvenciones para entidades sin \u00e1nimo de lucro<\/a>\n<\/span><\/div>","aioseo_breadcrumb_json":[{"label":"Home","link":"https:\/\/www.eldigitaldeasturias.com\/noticias"},{"label":"Actualidad","link":"https:\/\/www.eldigitaldeasturias.com\/noticias\/category\/actualidad\/"},{"label":"Convocadas en Andaluc\u00eda subvenciones para entidades sin \u00e1nimo de lucro","link":"https:\/\/www.eldigitaldeasturias.com\/noticias\/convocadas-en-andalucia-subvenciones-para-entidades-sin-animo-de-lucro\/"}],"_links":{"self":[{"href":"https:\/\/www.eldigitaldeasturias.com\/noticias\/wp-json\/wp\/v2\/posts\/949510","targetHints":{"allow":["GET"]}}],"collection":[{"href":"https:\/\/www.eldigitaldeasturias.com\/noticias\/wp-json\/wp\/v2\/posts"}],"about":[{"href":"https:\/\/www.eldigitaldeasturias.com\/noticias\/wp-json\/wp\/v2\/types\/post"}],"author":[{"embeddable":true,"href":"https:\/\/www.eldigitaldeasturias.com\/noticias\/wp-json\/wp\/v2\/users\/1"}],"replies":[{"embeddable":true,"href":"https:\/\/www.eldigitaldeasturias.com\/noticias\/wp-json\/wp\/v2\/comments?post=949510"}],"version-history":[{"count":0,"href":"https:\/\/www.eldigitaldeasturias.com\/noticias\/wp-json\/wp\/v2\/posts\/949510\/revisions"}],"wp:attachment":[{"href":"https:\/\/www.eldigitaldeasturias.com\/noticias\/wp-json\/wp\/v2\/media?parent=949510"}],"wp:term":[{"taxonomy":"category","embeddable":true,"href":"https:\/\/www.eldigitaldeasturias.com\/noticias\/wp-json\/wp\/v2\/categories?post=949510"},{"taxonomy":"post_tag","embeddable":true,"href":"https:\/\/www.eldigitaldeasturias.com\/noticias\/wp-json\/wp\/v2\/tags?post=949510"}],"curies":[{"name":"wp","href":"https:\/\/api.w.org\/{rel}","templated":true}]}}