{"id":949452,"date":"2017-08-11T16:29:13","date_gmt":"2017-08-11T16:29:13","guid":{"rendered":"http:\/\/www.eldigitaldeasturias.com\/noticias\/?p=949452"},"modified":"2017-08-11T16:29:13","modified_gmt":"2017-08-11T16:29:13","slug":"publicadas-en-el-boa-las-ayudas-para-la-mejora-y-equipamiento-de-las-policias-locales","status":"publish","type":"post","link":"https:\/\/www.eldigitaldeasturias.com\/noticias\/publicadas-en-el-boa-las-ayudas-para-la-mejora-y-equipamiento-de-las-policias-locales\/","title":{"rendered":"Publicadas en el BOA las ayudas para la mejora y equipamiento de las polic\u00edas locales"},"content":{"rendered":"<p><img loading=\"lazy\" decoding=\"async\" class=\"alignleft size-medium wp-image-949453\" src=\"https:\/\/www.eldigitaldeasturias.com\/noticias\/wp-content\/uploads\/2017\/08\/IMG_4540_2552b947-360x159.jpg\" alt=\"\" width=\"360\" height=\"159\" \/>El consejero de Presidencia del Gobierno de Arag\u00f3n, Vicente Guill\u00e9n, firma una orden, publicada hoy en el Bolet\u00edn Oficial de Arag\u00f3n (BOA) por la que se convocan ayudas para la mejora y equipamiento de las polic\u00edas locales de la Comunidad Aut\u00f3noma con cargo al Fondo Local de Arag\u00f3n.<\/p>\n<p>El importe de la cuant\u00eda a distribuir entre las polic\u00edas locales es de 210.000 euros.<br \/>\nLa orden tiene por objeto otorgar subvenciones destinadas a la mejora de los medios personales y materiales de los ayuntamientos que cuente con un cuerpo de Polic\u00eda Local o est\u00e9n en v\u00edas de crearlo. En concreto, las subvenciones atienden a la adquisici\u00f3n de material t\u00e9cnico (alcohol\u00edmetros, son\u00f3metros, armas, equipos de transmisiones, chalecos antibalas o equipos inform\u00e1ticos o fotogr\u00e1ficos), obras de mejora en instalaciones de polic\u00eda local, gestos derivados de la uniformidad.<\/p>\n<p>Las entidades locales que quieren beneficiarse de esta l\u00ednea de subvenci\u00f3n deber\u00e1n participar con al menos el 25% de las financiaci\u00f3n de las actuaciones objeto de la subvenci\u00f3n por lo que la cuant\u00eda de la propia subvenci\u00f3n no podr\u00e1 superar en ning\u00fan caso el 75% del coste total de las actuaciones subvencionadas.<\/p>\n<p>El plazo de presentaci\u00f3n finaliza transcurridos 15 d\u00edas h\u00e1biles desde el d\u00eda siguiente a la fecha de publicaci\u00f3n de esta orden.<\/p>\n<p>En la Comunidad Aut\u00f3noma a de Arag\u00f3n hay 40 poblaciones, incluidas las tres capitales de provincia, que cuentan con polic\u00eda local.<\/p>\n<p>&nbsp;<\/p>\n","protected":false},"excerpt":{"rendered":"<p>El consejero de Presidencia del Gobierno de Arag\u00f3n, Vicente Guill\u00e9n, firma una orden, publicada hoy en el Bolet\u00edn Oficial de Arag\u00f3n (BOA) por la que se convocan ayudas para la mejora y equipamiento de las polic\u00edas locales de la Comunidad Aut\u00f3noma con cargo al Fondo Local de Arag\u00f3n. El importe de la cuant\u00eda a distribuir [&hellip;]<\/p>\n","protected":false},"author":1,"featured_media":949453,"comment_status":"closed","ping_status":"closed","sticky":false,"template":"","format":"standard","meta":{"footnotes":""},"categories":[1],"tags":[],"class_list":["post-949452","post","type-post","status-publish","format-standard","has-post-thumbnail","hentry","category-actualidad"],"aioseo_notices":[],"aioseo_head":"\n\t\t<!-- All in One SEO Pro 5.0.1 - aioseo.com -->\n\t<meta name=\"description\" content=\"El consejero de Presidencia del Gobierno de Arag\u00f3n, Vicente Guill\u00e9n, firma una orden, publicada hoy en el Bolet\u00edn Oficial de Arag\u00f3n (BOA) por la que se convocan ayudas para la mejora y equipamiento de las polic\u00edas locales de la Comunidad Aut\u00f3noma con cargo al Fondo Local de Arag\u00f3n. El importe de la cuant\u00eda a distribuir\" \/>\n\t<meta name=\"robots\" content=\"max-image-preview:large\" \/>\n\t<meta name=\"author\" content=\"El Digital de Asturias\"\/>\n\t<meta name=\"google-site-verification\" content=\"UA-38556648-1\" \/>\n\t<meta name=\"msvalidate.01\" content=\"7dfe9f3f1b24437ab69f4f2559babe99\" \/>\n\t<meta name=\"keywords\" content=\"actualidad\" \/>\n\t<link rel=\"canonical\" href=\"https:\/\/www.eldigitaldeasturias.com\/noticias\/publicadas-en-el-boa-las-ayudas-para-la-mejora-y-equipamiento-de-las-policias-locales\/\" \/>\n\t<meta name=\"generator\" content=\"All in One SEO Pro (AIOSEO) 5.0.1\" \/>\n\t\t<meta property=\"og:locale\" content=\"es_ES\" \/>\n\t\t<meta property=\"og:site_name\" content=\"El Digital de Asturias\" \/>\n\t\t<meta property=\"og:type\" content=\"article\" \/>\n\t\t<meta property=\"og:title\" content=\"Publicadas en el BOA las ayudas para la mejora y equipamiento de las polic\u00edas locales - El Digital de Asturias\" \/>\n\t\t<meta property=\"og:description\" content=\"El consejero de Presidencia del Gobierno de Arag\u00f3n, Vicente Guill\u00e9n, firma una orden, publicada hoy en el Bolet\u00edn Oficial de Arag\u00f3n (BOA) por la que se convocan ayudas para la mejora y equipamiento de las polic\u00edas locales de la Comunidad Aut\u00f3noma con cargo al Fondo Local de Arag\u00f3n. El importe de la cuant\u00eda a distribuir\" \/>\n\t\t<meta property=\"og:url\" content=\"https:\/\/www.eldigitaldeasturias.com\/noticias\/publicadas-en-el-boa-las-ayudas-para-la-mejora-y-equipamiento-de-las-policias-locales\/\" \/>\n\t\t<meta property=\"article:tag\" content=\"actualidad\" \/>\n\t\t<meta property=\"article:published_time\" content=\"2017-08-11T16:29:13+00:00\" \/>\n\t\t<meta property=\"article:modified_time\" content=\"2017-08-11T16:29:13+00:00\" \/>\n\t\t<meta property=\"article:publisher\" content=\"https:\/\/facebook.com\/eldigitaldeasturias\" \/>\n\t\t<meta name=\"twitter:card\" content=\"summary_large_image\" \/>\n\t\t<meta name=\"twitter:title\" content=\"Publicadas en el BOA las ayudas para la mejora y equipamiento de las polic\u00edas locales - El Digital de Asturias\" \/>\n\t\t<meta name=\"twitter:description\" content=\"El consejero de Presidencia del Gobierno de Arag\u00f3n, Vicente Guill\u00e9n, firma una orden, publicada hoy en el Bolet\u00edn Oficial de Arag\u00f3n (BOA) por la que se convocan ayudas para la mejora y equipamiento de las polic\u00edas locales de la Comunidad Aut\u00f3noma con cargo al Fondo Local de Arag\u00f3n. El importe de la cuant\u00eda a distribuir\" \/>\n\t\t<meta name=\"twitter:image\" content=\"https:\/\/www.eldigitaldeasturias.com\/noticias\/wp-content\/uploads\/2020\/12\/EDA-1.jpg\" \/>\n\t\t<meta name=\"twitter:label1\" content=\"Escrito por\" \/>\n\t\t<meta name=\"twitter:data1\" content=\"El Digital de Asturias\" \/>\n\t\t<meta name=\"twitter:label2\" content=\"Tiempo de lectura estimado\" \/>\n\t\t<meta name=\"twitter:data2\" content=\"1 minuto\" \/>\n\t\t<script type=\"application\/ld+json\" class=\"aioseo-schema\">\n\t\t\t{\"@context\":\"https:\\\/\\\/schema.org\",\"@graph\":[{\"@type\":\"BlogPosting\",\"@id\":\"https:\\\/\\\/www.eldigitaldeasturias.com\\\/noticias\\\/publicadas-en-el-boa-las-ayudas-para-la-mejora-y-equipamiento-de-las-policias-locales\\\/#blogposting\",\"name\":\"Publicadas en el BOA las ayudas para la mejora y equipamiento de las polic\\u00edas locales - El Digital de Asturias\",\"headline\":\"Publicadas en el BOA las ayudas para la mejora y equipamiento de las polic\\u00edas locales\",\"author\":{\"@id\":\"https:\\\/\\\/www.eldigitaldeasturias.com\\\/noticias\\\/author\\\/admin\\\/#author\"},\"publisher\":{\"@id\":\"https:\\\/\\\/www.eldigitaldeasturias.com\\\/noticias\\\/#organization\"},\"image\":{\"@type\":\"ImageObject\",\"url\":949453},\"datePublished\":\"2017-08-11T16:29:13+02:00\",\"dateModified\":\"2017-08-11T16:29:13+02:00\",\"inLanguage\":\"es-ES\",\"mainEntityOfPage\":{\"@id\":\"https:\\\/\\\/www.eldigitaldeasturias.com\\\/noticias\\\/publicadas-en-el-boa-las-ayudas-para-la-mejora-y-equipamiento-de-las-policias-locales\\\/#webpage\"},\"isPartOf\":{\"@id\":\"https:\\\/\\\/www.eldigitaldeasturias.com\\\/noticias\\\/publicadas-en-el-boa-las-ayudas-para-la-mejora-y-equipamiento-de-las-policias-locales\\\/#webpage\"},\"articleSection\":\"Actualidad\"},{\"@type\":\"BreadcrumbList\",\"@id\":\"https:\\\/\\\/www.eldigitaldeasturias.com\\\/noticias\\\/publicadas-en-el-boa-las-ayudas-para-la-mejora-y-equipamiento-de-las-policias-locales\\\/#breadcrumblist\",\"itemListElement\":[{\"@type\":\"ListItem\",\"@id\":\"https:\\\/\\\/www.eldigitaldeasturias.com\\\/noticias#listItem\",\"position\":1,\"name\":\"Home\",\"item\":\"https:\\\/\\\/www.eldigitaldeasturias.com\\\/noticias\",\"nextItem\":{\"@type\":\"ListItem\",\"@id\":\"https:\\\/\\\/www.eldigitaldeasturias.com\\\/noticias\\\/category\\\/actualidad\\\/#listItem\",\"name\":\"Actualidad\"}},{\"@type\":\"ListItem\",\"@id\":\"https:\\\/\\\/www.eldigitaldeasturias.com\\\/noticias\\\/category\\\/actualidad\\\/#listItem\",\"position\":2,\"name\":\"Actualidad\",\"item\":\"https:\\\/\\\/www.eldigitaldeasturias.com\\\/noticias\\\/category\\\/actualidad\\\/\",\"nextItem\":{\"@type\":\"ListItem\",\"@id\":\"https:\\\/\\\/www.eldigitaldeasturias.com\\\/noticias\\\/publicadas-en-el-boa-las-ayudas-para-la-mejora-y-equipamiento-de-las-policias-locales\\\/#listItem\",\"name\":\"Publicadas en el BOA las ayudas para la mejora y equipamiento de las polic\\u00edas locales\"},\"previousItem\":{\"@type\":\"ListItem\",\"@id\":\"https:\\\/\\\/www.eldigitaldeasturias.com\\\/noticias#listItem\",\"name\":\"Home\"}},{\"@type\":\"ListItem\",\"@id\":\"https:\\\/\\\/www.eldigitaldeasturias.com\\\/noticias\\\/publicadas-en-el-boa-las-ayudas-para-la-mejora-y-equipamiento-de-las-policias-locales\\\/#listItem\",\"position\":3,\"name\":\"Publicadas en el BOA las ayudas para la mejora y equipamiento de las polic\\u00edas locales\",\"previousItem\":{\"@type\":\"ListItem\",\"@id\":\"https:\\\/\\\/www.eldigitaldeasturias.com\\\/noticias\\\/category\\\/actualidad\\\/#listItem\",\"name\":\"Actualidad\"}}]},{\"@type\":\"Organization\",\"@id\":\"https:\\\/\\\/www.eldigitaldeasturias.com\\\/noticias\\\/#organization\",\"name\":\"El Digital de Asturias\",\"description\":\"Hemeroteca\",\"url\":\"https:\\\/\\\/www.eldigitaldeasturias.com\\\/noticias\\\/\",\"email\":\"info@eldigitaldeasturias.com\",\"telephone\":\"+34652131393\",\"logo\":{\"@type\":\"ImageObject\",\"url\":\"https:\\\/\\\/www.eldigitaldeasturias.com\\\/noticias\\\/wp-content\\\/uploads\\\/2020\\\/12\\\/EDA.jpg\",\"@id\":\"https:\\\/\\\/www.eldigitaldeasturias.com\\\/noticias\\\/publicadas-en-el-boa-las-ayudas-para-la-mejora-y-equipamiento-de-las-policias-locales\\\/#organizationLogo\"},\"image\":{\"@id\":\"https:\\\/\\\/www.eldigitaldeasturias.com\\\/noticias\\\/publicadas-en-el-boa-las-ayudas-para-la-mejora-y-equipamiento-de-las-policias-locales\\\/#organizationLogo\"},\"sameAs\":[\"https:\\\/\\\/facebook.com\\\/eldigitaldeasturias\",\"https:\\\/\\\/www.youtube.com\\\/channel\\\/UCZP-2wLEB9Rv6erhFmqVnvg\"],\"address\":{\"@id\":\"https:\\\/\\\/www.eldigitaldeasturias.com\\\/noticias\\\/#postaladdress\",\"@type\":\"PostalAddress\",\"streetAddress\":\"san antonio 4\",\"postalCode\":\"33430\",\"addressLocality\":\"Cand\\u00e1s\",\"addressRegion\":\"Asturias\",\"addressCountry\":\"ES\"}},{\"@type\":\"Person\",\"@id\":\"https:\\\/\\\/www.eldigitaldeasturias.com\\\/noticias\\\/author\\\/admin\\\/#author\",\"url\":\"https:\\\/\\\/www.eldigitaldeasturias.com\\\/noticias\\\/author\\\/admin\\\/\",\"name\":\"El Digital de Asturias\",\"image\":{\"@type\":\"ImageObject\",\"@id\":\"https:\\\/\\\/www.eldigitaldeasturias.com\\\/noticias\\\/publicadas-en-el-boa-las-ayudas-para-la-mejora-y-equipamiento-de-las-policias-locales\\\/#authorImage\",\"url\":\"https:\\\/\\\/secure.gravatar.com\\\/avatar\\\/df2aeffc32bcd13f8d26072ef8a91b623d677766deac7f97ca815868cd41bf5e?s=96&d=mm&r=g\",\"width\":96,\"height\":96,\"caption\":\"El Digital de Asturias\"}},{\"@type\":\"WebPage\",\"@id\":\"https:\\\/\\\/www.eldigitaldeasturias.com\\\/noticias\\\/publicadas-en-el-boa-las-ayudas-para-la-mejora-y-equipamiento-de-las-policias-locales\\\/#webpage\",\"url\":\"https:\\\/\\\/www.eldigitaldeasturias.com\\\/noticias\\\/publicadas-en-el-boa-las-ayudas-para-la-mejora-y-equipamiento-de-las-policias-locales\\\/\",\"name\":\"Publicadas en el BOA las ayudas para la mejora y equipamiento de las polic\\u00edas locales - El Digital de Asturias\",\"description\":\"El consejero de Presidencia del Gobierno de Arag\\u00f3n, Vicente Guill\\u00e9n, firma una orden, publicada hoy en el Bolet\\u00edn Oficial de Arag\\u00f3n (BOA) por la que se convocan ayudas para la mejora y equipamiento de las polic\\u00edas locales de la Comunidad Aut\\u00f3noma con cargo al Fondo Local de Arag\\u00f3n. El importe de la cuant\\u00eda a distribuir\",\"inLanguage\":\"es-ES\",\"isPartOf\":{\"@id\":\"https:\\\/\\\/www.eldigitaldeasturias.com\\\/noticias\\\/#website\"},\"breadcrumb\":{\"@id\":\"https:\\\/\\\/www.eldigitaldeasturias.com\\\/noticias\\\/publicadas-en-el-boa-las-ayudas-para-la-mejora-y-equipamiento-de-las-policias-locales\\\/#breadcrumblist\"},\"author\":{\"@id\":\"https:\\\/\\\/www.eldigitaldeasturias.com\\\/noticias\\\/author\\\/admin\\\/#author\"},\"creator\":{\"@id\":\"https:\\\/\\\/www.eldigitaldeasturias.com\\\/noticias\\\/author\\\/admin\\\/#author\"},\"image\":{\"@type\":\"ImageObject\",\"url\":949453,\"@id\":\"https:\\\/\\\/www.eldigitaldeasturias.com\\\/noticias\\\/publicadas-en-el-boa-las-ayudas-para-la-mejora-y-equipamiento-de-las-policias-locales\\\/#mainImage\"},\"primaryImageOfPage\":{\"@id\":\"https:\\\/\\\/www.eldigitaldeasturias.com\\\/noticias\\\/publicadas-en-el-boa-las-ayudas-para-la-mejora-y-equipamiento-de-las-policias-locales\\\/#mainImage\"},\"datePublished\":\"2017-08-11T16:29:13+02:00\",\"dateModified\":\"2017-08-11T16:29:13+02:00\"},{\"@type\":\"WebSite\",\"@id\":\"https:\\\/\\\/www.eldigitaldeasturias.com\\\/noticias\\\/#website\",\"url\":\"https:\\\/\\\/www.eldigitaldeasturias.com\\\/noticias\\\/\",\"name\":\"El Digital de Asturias - Diario de actualidad y noticias\",\"alternateName\":\"El Digital de Asturias - Diario de actualidad y noticias\",\"description\":\"Hemeroteca\",\"inLanguage\":\"es-ES\",\"publisher\":{\"@id\":\"https:\\\/\\\/www.eldigitaldeasturias.com\\\/noticias\\\/#organization\"}}]}\n\t\t<\/script>\n\t\t<!-- All in One SEO Pro -->\r\n\t\t<title>Publicadas en el BOA las ayudas para la mejora y equipamiento de las polic\u00edas locales - El Digital de Asturias<\/title>\n\n","aioseo_head_json":{"title":"Publicadas en el BOA las ayudas para la mejora y equipamiento de las polic\u00edas locales - El Digital de Asturias","description":"El consejero de Presidencia del Gobierno de Arag\u00f3n, Vicente Guill\u00e9n, firma una orden, publicada hoy en el Bolet\u00edn Oficial de Arag\u00f3n (BOA) por la que se convocan ayudas para la mejora y equipamiento de las polic\u00edas locales de la Comunidad Aut\u00f3noma con cargo al Fondo Local de Arag\u00f3n. El importe de la cuant\u00eda a distribuir","canonical_url":"https:\/\/www.eldigitaldeasturias.com\/noticias\/publicadas-en-el-boa-las-ayudas-para-la-mejora-y-equipamiento-de-las-policias-locales\/","robots":"max-image-preview:large","keywords":"actualidad","webmasterTools":{"google-site-verification":"UA-38556648-1","msvalidate.01":"7dfe9f3f1b24437ab69f4f2559babe99","miscellaneous":""},"schema":{"@context":"https:\/\/schema.org","@graph":[{"@type":"BlogPosting","@id":"https:\/\/www.eldigitaldeasturias.com\/noticias\/publicadas-en-el-boa-las-ayudas-para-la-mejora-y-equipamiento-de-las-policias-locales\/#blogposting","name":"Publicadas en el BOA las ayudas para la mejora y equipamiento de las polic\u00edas locales - El Digital de Asturias","headline":"Publicadas en el BOA las ayudas para la mejora y equipamiento de las polic\u00edas locales","author":{"@id":"https:\/\/www.eldigitaldeasturias.com\/noticias\/author\/admin\/#author"},"publisher":{"@id":"https:\/\/www.eldigitaldeasturias.com\/noticias\/#organization"},"image":{"@type":"ImageObject","url":949453},"datePublished":"2017-08-11T16:29:13+02:00","dateModified":"2017-08-11T16:29:13+02:00","inLanguage":"es-ES","mainEntityOfPage":{"@id":"https:\/\/www.eldigitaldeasturias.com\/noticias\/publicadas-en-el-boa-las-ayudas-para-la-mejora-y-equipamiento-de-las-policias-locales\/#webpage"},"isPartOf":{"@id":"https:\/\/www.eldigitaldeasturias.com\/noticias\/publicadas-en-el-boa-las-ayudas-para-la-mejora-y-equipamiento-de-las-policias-locales\/#webpage"},"articleSection":"Actualidad"},{"@type":"BreadcrumbList","@id":"https:\/\/www.eldigitaldeasturias.com\/noticias\/publicadas-en-el-boa-las-ayudas-para-la-mejora-y-equipamiento-de-las-policias-locales\/#breadcrumblist","itemListElement":[{"@type":"ListItem","@id":"https:\/\/www.eldigitaldeasturias.com\/noticias#listItem","position":1,"name":"Home","item":"https:\/\/www.eldigitaldeasturias.com\/noticias","nextItem":{"@type":"ListItem","@id":"https:\/\/www.eldigitaldeasturias.com\/noticias\/category\/actualidad\/#listItem","name":"Actualidad"}},{"@type":"ListItem","@id":"https:\/\/www.eldigitaldeasturias.com\/noticias\/category\/actualidad\/#listItem","position":2,"name":"Actualidad","item":"https:\/\/www.eldigitaldeasturias.com\/noticias\/category\/actualidad\/","nextItem":{"@type":"ListItem","@id":"https:\/\/www.eldigitaldeasturias.com\/noticias\/publicadas-en-el-boa-las-ayudas-para-la-mejora-y-equipamiento-de-las-policias-locales\/#listItem","name":"Publicadas en el BOA las ayudas para la mejora y equipamiento de las polic\u00edas locales"},"previousItem":{"@type":"ListItem","@id":"https:\/\/www.eldigitaldeasturias.com\/noticias#listItem","name":"Home"}},{"@type":"ListItem","@id":"https:\/\/www.eldigitaldeasturias.com\/noticias\/publicadas-en-el-boa-las-ayudas-para-la-mejora-y-equipamiento-de-las-policias-locales\/#listItem","position":3,"name":"Publicadas en el BOA las ayudas para la mejora y equipamiento de las polic\u00edas locales","previousItem":{"@type":"ListItem","@id":"https:\/\/www.eldigitaldeasturias.com\/noticias\/category\/actualidad\/#listItem","name":"Actualidad"}}]},{"@type":"Organization","@id":"https:\/\/www.eldigitaldeasturias.com\/noticias\/#organization","name":"El Digital de Asturias","description":"Hemeroteca","url":"https:\/\/www.eldigitaldeasturias.com\/noticias\/","email":"info@eldigitaldeasturias.com","telephone":"+34652131393","logo":{"@type":"ImageObject","url":"https:\/\/www.eldigitaldeasturias.com\/noticias\/wp-content\/uploads\/2020\/12\/EDA.jpg","@id":"https:\/\/www.eldigitaldeasturias.com\/noticias\/publicadas-en-el-boa-las-ayudas-para-la-mejora-y-equipamiento-de-las-policias-locales\/#organizationLogo"},"image":{"@id":"https:\/\/www.eldigitaldeasturias.com\/noticias\/publicadas-en-el-boa-las-ayudas-para-la-mejora-y-equipamiento-de-las-policias-locales\/#organizationLogo"},"sameAs":["https:\/\/facebook.com\/eldigitaldeasturias","https:\/\/www.youtube.com\/channel\/UCZP-2wLEB9Rv6erhFmqVnvg"],"address":{"@id":"https:\/\/www.eldigitaldeasturias.com\/noticias\/#postaladdress","@type":"PostalAddress","streetAddress":"san antonio 4","postalCode":"33430","addressLocality":"Cand\u00e1s","addressRegion":"Asturias","addressCountry":"ES"}},{"@type":"Person","@id":"https:\/\/www.eldigitaldeasturias.com\/noticias\/author\/admin\/#author","url":"https:\/\/www.eldigitaldeasturias.com\/noticias\/author\/admin\/","name":"El Digital de Asturias","image":{"@type":"ImageObject","@id":"https:\/\/www.eldigitaldeasturias.com\/noticias\/publicadas-en-el-boa-las-ayudas-para-la-mejora-y-equipamiento-de-las-policias-locales\/#authorImage","url":"https:\/\/secure.gravatar.com\/avatar\/df2aeffc32bcd13f8d26072ef8a91b623d677766deac7f97ca815868cd41bf5e?s=96&d=mm&r=g","width":96,"height":96,"caption":"El Digital de Asturias"}},{"@type":"WebPage","@id":"https:\/\/www.eldigitaldeasturias.com\/noticias\/publicadas-en-el-boa-las-ayudas-para-la-mejora-y-equipamiento-de-las-policias-locales\/#webpage","url":"https:\/\/www.eldigitaldeasturias.com\/noticias\/publicadas-en-el-boa-las-ayudas-para-la-mejora-y-equipamiento-de-las-policias-locales\/","name":"Publicadas en el BOA las ayudas para la mejora y equipamiento de las polic\u00edas locales - El Digital de Asturias","description":"El consejero de Presidencia del Gobierno de Arag\u00f3n, Vicente Guill\u00e9n, firma una orden, publicada hoy en el Bolet\u00edn Oficial de Arag\u00f3n (BOA) por la que se convocan ayudas para la mejora y equipamiento de las polic\u00edas locales de la Comunidad Aut\u00f3noma con cargo al Fondo Local de Arag\u00f3n. El importe de la cuant\u00eda a distribuir","inLanguage":"es-ES","isPartOf":{"@id":"https:\/\/www.eldigitaldeasturias.com\/noticias\/#website"},"breadcrumb":{"@id":"https:\/\/www.eldigitaldeasturias.com\/noticias\/publicadas-en-el-boa-las-ayudas-para-la-mejora-y-equipamiento-de-las-policias-locales\/#breadcrumblist"},"author":{"@id":"https:\/\/www.eldigitaldeasturias.com\/noticias\/author\/admin\/#author"},"creator":{"@id":"https:\/\/www.eldigitaldeasturias.com\/noticias\/author\/admin\/#author"},"image":{"@type":"ImageObject","url":949453,"@id":"https:\/\/www.eldigitaldeasturias.com\/noticias\/publicadas-en-el-boa-las-ayudas-para-la-mejora-y-equipamiento-de-las-policias-locales\/#mainImage"},"primaryImageOfPage":{"@id":"https:\/\/www.eldigitaldeasturias.com\/noticias\/publicadas-en-el-boa-las-ayudas-para-la-mejora-y-equipamiento-de-las-policias-locales\/#mainImage"},"datePublished":"2017-08-11T16:29:13+02:00","dateModified":"2017-08-11T16:29:13+02:00"},{"@type":"WebSite","@id":"https:\/\/www.eldigitaldeasturias.com\/noticias\/#website","url":"https:\/\/www.eldigitaldeasturias.com\/noticias\/","name":"El Digital de Asturias - Diario de actualidad y noticias","alternateName":"El Digital de Asturias - Diario de actualidad y noticias","description":"Hemeroteca","inLanguage":"es-ES","publisher":{"@id":"https:\/\/www.eldigitaldeasturias.com\/noticias\/#organization"}}]},"og:locale":"es_ES","og:site_name":"El Digital de Asturias","og:type":"article","og:title":"Publicadas en el BOA las ayudas para la mejora y equipamiento de las polic\u00edas locales - El Digital de Asturias","og:description":"El consejero de Presidencia del Gobierno de Arag\u00f3n, Vicente Guill\u00e9n, firma una orden, publicada hoy en el Bolet\u00edn Oficial de Arag\u00f3n (BOA) por la que se convocan ayudas para la mejora y equipamiento de las polic\u00edas locales de la Comunidad Aut\u00f3noma con cargo al Fondo Local de Arag\u00f3n. El importe de la cuant\u00eda a distribuir","og:url":"https:\/\/www.eldigitaldeasturias.com\/noticias\/publicadas-en-el-boa-las-ayudas-para-la-mejora-y-equipamiento-de-las-policias-locales\/","article:tag":["actualidad"],"article:published_time":"2017-08-11T16:29:13+00:00","article:modified_time":"2017-08-11T16:29:13+00:00","article:publisher":"https:\/\/facebook.com\/eldigitaldeasturias","twitter:card":"summary_large_image","twitter:title":"Publicadas en el BOA las ayudas para la mejora y equipamiento de las polic\u00edas locales - El Digital de Asturias","twitter:description":"El consejero de Presidencia del Gobierno de Arag\u00f3n, Vicente Guill\u00e9n, firma una orden, publicada hoy en el Bolet\u00edn Oficial de Arag\u00f3n (BOA) por la que se convocan ayudas para la mejora y equipamiento de las polic\u00edas locales de la Comunidad Aut\u00f3noma con cargo al Fondo Local de Arag\u00f3n. El importe de la cuant\u00eda a distribuir","twitter:image":"https:\/\/www.eldigitaldeasturias.com\/noticias\/wp-content\/uploads\/2020\/12\/EDA-1.jpg","twitter:label1":"Escrito por","twitter:data1":"El Digital de Asturias","twitter:label2":"Tiempo de lectura estimado","twitter:data2":"1 minuto"},"aioseo_meta_data":{"post_id":"949452","title":null,"description":null,"keywords":null,"keyphrases":null,"primary_term":null,"canonical_url":null,"og_title":null,"og_description":null,"og_object_type":"default","og_image_type":"default","og_image_url":null,"og_image_width":null,"og_image_height":null,"og_image_custom_url":null,"og_image_custom_fields":null,"og_video":null,"og_custom_url":null,"og_article_section":null,"og_article_tags":null,"twitter_use_og":false,"twitter_card":"default","twitter_image_type":"default","twitter_image_url":null,"twitter_image_custom_url":null,"twitter_image_custom_fields":null,"twitter_title":null,"twitter_description":null,"schema":{"blockGraphs":[],"customGraphs":[],"default":{"data":{"Article":[],"Course":[],"Dataset":[],"FAQPage":[],"Movie":[],"Person":[],"Product":[],"ProductReview":[],"Car":[],"Recipe":[],"Service":[],"SoftwareApplication":[],"WebPage":[]},"graphName":"","isEnabled":true},"graphs":[],"defaultGraph":"","defaultPostTypeGraph":""},"schema_type":null,"schema_type_options":null,"pillar_content":false,"robots_default":true,"robots_noindex":false,"robots_noarchive":false,"robots_nosnippet":false,"robots_nofollow":false,"robots_noimageindex":false,"robots_noodp":false,"robots_notranslate":false,"robots_max_snippet":null,"robots_max_videopreview":null,"robots_max_imagepreview":"large","priority":null,"frequency":null,"local_seo":null,"seo_analyzer_scan_date":"2025-12-05 12:25:15","breadcrumb_settings":null,"limit_modified_date":false,"open_ai":null,"ai":null,"created":"2020-12-21 13:01:41","updated":"2025-12-05 12:25:15","focus_keyword":null,"additional_keywords":null,"truseo_locale":null},"aioseo_breadcrumb":"<div class=\"aioseo-breadcrumbs\"><span class=\"aioseo-breadcrumb\">\n\t<a href=\"https:\/\/www.eldigitaldeasturias.com\/noticias\" title=\"Home\">Home<\/a>\n<\/span><span class=\"aioseo-breadcrumb-separator\">\u2013<\/span><span class=\"aioseo-breadcrumb\">\n\t<a href=\"https:\/\/www.eldigitaldeasturias.com\/noticias\/category\/actualidad\/\" title=\"Actualidad\">Actualidad<\/a>\n<\/span><span class=\"aioseo-breadcrumb-separator\">\u2013<\/span><span class=\"aioseo-breadcrumb\">\n\t<a href=\"https:\/\/www.eldigitaldeasturias.com\/noticias\/publicadas-en-el-boa-las-ayudas-para-la-mejora-y-equipamiento-de-las-policias-locales\/\" title=\"Publicadas en el BOA las ayudas para la mejora y equipamiento de las polic\u00edas locales\">Publicadas en el BOA las ayudas para la mejora y equipamiento de las polic\u00edas locales<\/a>\n<\/span><\/div>","aioseo_breadcrumb_json":[{"label":"Home","link":"https:\/\/www.eldigitaldeasturias.com\/noticias"},{"label":"Actualidad","link":"https:\/\/www.eldigitaldeasturias.com\/noticias\/category\/actualidad\/"},{"label":"Publicadas en el BOA las ayudas para la mejora y equipamiento de las polic\u00edas locales","link":"https:\/\/www.eldigitaldeasturias.com\/noticias\/publicadas-en-el-boa-las-ayudas-para-la-mejora-y-equipamiento-de-las-policias-locales\/"}],"_links":{"self":[{"href":"https:\/\/www.eldigitaldeasturias.com\/noticias\/wp-json\/wp\/v2\/posts\/949452","targetHints":{"allow":["GET"]}}],"collection":[{"href":"https:\/\/www.eldigitaldeasturias.com\/noticias\/wp-json\/wp\/v2\/posts"}],"about":[{"href":"https:\/\/www.eldigitaldeasturias.com\/noticias\/wp-json\/wp\/v2\/types\/post"}],"author":[{"embeddable":true,"href":"https:\/\/www.eldigitaldeasturias.com\/noticias\/wp-json\/wp\/v2\/users\/1"}],"replies":[{"embeddable":true,"href":"https:\/\/www.eldigitaldeasturias.com\/noticias\/wp-json\/wp\/v2\/comments?post=949452"}],"version-history":[{"count":0,"href":"https:\/\/www.eldigitaldeasturias.com\/noticias\/wp-json\/wp\/v2\/posts\/949452\/revisions"}],"wp:attachment":[{"href":"https:\/\/www.eldigitaldeasturias.com\/noticias\/wp-json\/wp\/v2\/media?parent=949452"}],"wp:term":[{"taxonomy":"category","embeddable":true,"href":"https:\/\/www.eldigitaldeasturias.com\/noticias\/wp-json\/wp\/v2\/categories?post=949452"},{"taxonomy":"post_tag","embeddable":true,"href":"https:\/\/www.eldigitaldeasturias.com\/noticias\/wp-json\/wp\/v2\/tags?post=949452"}],"curies":[{"name":"wp","href":"https:\/\/api.w.org\/{rel}","templated":true}]}}